{"id":28273,"date":"2024-11-28T11:51:23","date_gmt":"2024-11-28T10:51:23","guid":{"rendered":"https:\/\/blog.olimar.de\/?p=28273"},"modified":"2024-12-05T17:08:19","modified_gmt":"2024-12-05T16:08:19","slug":"olivenoel-tourismus-katalonien","status":"publish","type":"post","link":"https:\/\/blog.olimar.de\/olivenoel-tourismus-katalonien\/","title":{"rendered":"Oliven\u00f6l &amp; Tourismus in Katalonien: Eine goldene Verbindung"},"content":{"rendered":"\n<p><strong>Zusammen mit besten Weinen und hervorragenden Getreideprodukten bildet das exzellente Oliven\u00f6l Kataloniens die Trias der mediterranen Gastronomie \u2013 und ist eine wesentliche Grundlage der katalanischen K\u00fcche. Wer mehr \u00fcber die Produktion des fl\u00fcssigen Goldes erfahren m\u00f6chte, sollte sich unbedingt einmal auf eine Reise in die wundersch\u00f6nen, l\u00e4ndlichen Ecken Kataloniens begeben und auf den Spuren des Oliven\u00f6ls wandeln.<\/strong><\/p>\n\n\n\n<div class=\"wp-block-buttons is-layout-flex wp-block-buttons-is-layout-flex\">\n<div class=\"wp-block-button\"><a class=\"wp-block-button__link wp-element-button\" href=\"https:\/\/www.olimar.de\/spanien\/katalonien\/\" target=\"_blank\" rel=\"noreferrer noopener\">Angebote und Ideen f\u00fcr den Katalonien Urlaub<\/a><\/div>\n<\/div>\n\n\n\n<div style=\"height:13px\" aria-hidden=\"true\" class=\"wp-block-spacer\"><\/div>\n\n\n\n<p>Olivenb\u00e4ume pr\u00e4gen das Landschaftsbild Kataloniens seit Jahrhunderten. Die Region verf\u00fcgt \u00fcber ein ideales Klima und B\u00f6den, die den Anbau von Oliven und die Produktion von hochwertigem Oliven\u00f6l beg\u00fcnstigen. Wer die Gro\u00dfstadt Barcelona hinter sich l\u00e4sst und in die landschaftliche Vielfalt der katalanischen Regionen eintaucht, wird reich belohnt: Es geht vorbei an sanften H\u00fcgeln, fruchtbaren Landschaften und malerischen D\u00f6rfern, an Weinbergen und wundersch\u00f6nen Mandelb\u00e4umen bis hin zu den majest\u00e4tischen Pyren\u00e4en im Norden des Landes \u2013 und dazwischen immer wieder der Bick auf Meere von Olivenb\u00e4umen, die sich wie ein gr\u00fcner Mantel in die Umgebung schmiegen und die Landschaft mit ihren Brunnen und Trockenmauerb\u00e4nken fotoreif abrunden.<\/p>\n\n\n\n<p>Bei einer F\u00fchrung durch eine der zahlreichen historischen \u00d6lm\u00fchlen oder im Rahmen einer gastronomischen Verkostung k\u00f6nnen ganz im Zeichen des immer beliebter werdenden Oliven\u00f6l-Tourismus&#8217; in Katalonien f\u00fcnf gesch\u00fctzte Herkunftsbezeichnungen (<span data-olk-copy-source=\"MessageBody\">Denominaci\u00f3 d&#8217;Origen Protegit <\/span>(DOP)) f\u00fcr Oliven\u00f6l entdeckt werden:<\/p>\n<ul>\n<li>Les Garrigues<\/li>\n<li>Siurana<\/li>\n<li>Terra Alta<\/li>\n<li>Baix Ebre-Montsi\u00e0<\/li>\n<li>Empord\u00e0<\/li>\n<\/ul>\n<p>Jede dieser Regionen produziert Oliven\u00f6le mit gut unterscheidbaren Aromen. Diese Vielfalt wird durch das Klima, die Bodenarten und die verwendeten Olivensorten wie Arbequina, Argudell, Farga und Morruda bestimmt.<\/p>\n\n\n\n<p>Hier ein \u00dcberblick \u00fcber den Geschmack, die Besonderheiten und die m\u00f6glichen Einsatzgebiete der f\u00fcnf katalanischen Oliven\u00f6le mit gesch\u00fctzter Herkunftsbezeichnung:<\/p>\n<ul>\n<li data-sourcepos=\"3:1-3:323\"><strong>Les Garrigues (DOP): <\/strong>DOP Les Garrigues ist die \u00e4lteste Herkunftsbezeichnung f\u00fcr Oliven\u00f6l in Spanien. Die Arbequina-Olive verleiht dem \u00d6l seinen charakteristischen Geschmack. Zu Beginn der Ernte sind die \u00d6le fruchtig, gr\u00fcnlich in der Farbe und haben einen bitteren, mandelartigen Geschmack, der an gr\u00fcne Tomaten erinnert. Im Laufe der Erntezeit entstehen dann \u00d6le, die gelber sind, fl\u00fcssiger und einen s\u00fc\u00dferen Geschmack haben. Die \u00d6le aus Les Garrigues sind vielseitig einsetzbar und eignen sich sowohl f\u00fcr rohe als auch f\u00fcr gekochte Gerichte.<\/li>\n<li data-sourcepos=\"4:1-4:285\"><strong>Siurana (DOP): <\/strong>Auch diesem Oliven\u00f6l verleiht die Arbequina-Olive (aber auch die Sorten Rojal und Gorgojo k\u00f6nnen vertreten sein) seinen besonderen Geschmack. Produziert wird es in den Regionen Alt Camp, Baix Camp, Baix Pened\u00e8s, Priorat, Tarragon\u00e8s und in einem gro\u00dfen Teil der Ribera d&#8217;Ebre: Gebiete, die aufgrund ihres Klimas mit milden Wintern und warmen, trockenen Sommern bestens f\u00fcr den Anbau geeignet sind. Die \u00d6le aus Siurana sind bekannt f\u00fcr ihre Intensit\u00e4t und Komplexit\u00e4t. Sie bieten oft eine Kombination aus fruchtigen Aromen (gr\u00fcner Apfel, Banane) und einer leichten Sch\u00e4rfe. Aufgrund ihres kr\u00e4ftigen Geschmacks eignen sie sich sehr gut f\u00fcr Fleischgerichte und Gem\u00fcse.<\/li>\n<li data-sourcepos=\"5:1-5:286\"><strong>Terra Alta (DOP): <\/strong>Hier handelt es sich um ein extra natives Oliven\u00f6l, das aus den Sorten Empeltre, Hocicuda, Fragua und Arbequina gewonnen wird \u2013 wobei die Empeltre-Olive die wichtigste ist und dem \u00d6l seinen charakteristischen Geschmack verleiht. Zu Beginn der Ernte sind die \u00d6le gr\u00fcn oder gr\u00fcnlich-gelb mit fruchtigem Geschmack. Im Laufe der Ernte verwandeln sie sich in gelbe \u00d6le mit einem leicht s\u00fc\u00dfen Geschmack. Sie erinnern geschmacklich an Mandeln, Kr\u00e4uter oder N\u00fcsse und haben zum Teil eine leichte Sch\u00e4rfe. Diese \u00d6le eignen sich hervorragend f\u00fcr Salate, Gem\u00fcse und Fisch.<\/li>\n<li data-sourcepos=\"6:1-6:290\"><strong>Baix Ebre-Montsi\u00e0 (DOP): <\/strong>Baix Ebre und Montsi\u00e0 geh\u00f6ren zu den Regionen mit der \u00e4ltesten Oliven\u00f6ltradition in Katalonien, in denen sich auch die \u00e4ltesten Olivenplantagen der Region befinden \u2013 mit jahrhundertealten B\u00e4umen an vielen Orten. Es handelt sich um extra natives Oliven\u00f6l aus drei einheimischen Sorten: Gorgojo, Sevillana und Fragua. Es sind geschmackvolle, sehr aromatische \u00d6le, die zu Beginn der Ernte fruchtig und am Ende leicht s\u00fc\u00df sind und dabei Aromen von Apfel, gr\u00fcner Mandel und Banane aufweisen. Sie harmonieren sehr gut mit Gerichten mit leicht bitteren und scharfen Noten.<\/li>\n<li data-sourcepos=\"7:1-8:0\"><strong>Empord\u00e0 (DOP): <\/strong>Ein extra natives Oliven\u00f6l, das aus drei einheimischen Sorten (Argudell, Curivell und Ley de Cadaqu\u00e9s) sowie einer traditionellen Sorte (Arbequina) hergestellt wird. Geschmacklich verf\u00fcgt es \u00fcber eine mittlere Bitterkeit und Sch\u00e4rfe und erinnert an frisch geschnittenes Gras, Kr\u00e4uter und Mandeln. Das \u00d6l passt perfekt zu wei\u00dfem Fleisch, Salalten, vegetarischen Gerichten und Fisch.<\/li>\n<\/ul>\n\n\n\n<p>Durch den Oliven\u00f6l-Tourismus entdecken Interessierte auf sch\u00f6nste Weise auch die besten Gerichte der katalanischen K\u00fcche zwischen Tradition und Avantgarde: Von \u201epa amb tom\u00e0quet&#8221; (Brot mit Tomaten) \u00fcber \u201eallioli&#8221; (Knoblauchmayonnaise) und Stockfisch bis hin zu den Gerichten der Sterne-gekr\u00f6nten Michelin-Restaurants des Landes darf das hervorragende Oliven\u00f6l der verschiedenen Regionen Kataloniens nirgendwo fehlen!<\/p>\n\n\n\n<p><strong>OLIMAR-Tipp: <\/strong>Die Farga de l&#8217;Arion ist ein historischer Olivenhain in der N\u00e4he von Ulldecona, in der Provinz Tarragona. Dieser Olivenhain ist bekannt f\u00fcr seine jahrtausendealten Olivenb\u00e4ume, darunter auch der \u00e4lteste Olivenbaum der Welt, der \u00fcber 1.700 Jahre alt sein soll. Besucher der Farga de l&#8217;Arion k\u00f6nnen nicht nur diese alten B\u00e4ume und deren beeindruckende Geschichte entdecken, sondern auch mehr \u00fcber die verschiedenen Olivensorten und den Produktionsprozess des Oliven\u00f6ls erfahren. Ein unvergessliches landwirtschaftliches, gastronomisches und kulturelles Erlebnis und ein ganzes Freiluftmuseum, das es zu besuchen gilt. Wer mag, verkn\u00fcpft einen Besuch der Farga de l&#8217;Arion mit einem Aufenthalt im <a href=\"https:\/\/www.olimar.de\/BCNP05\/\" target=\"_blank\" rel=\"noopener\">Parador de Tortosa<\/a>, von dem auf der Olivenhain in rund 30 Minuten mit dem Auto bequem zu erreichen ist!<\/p>\n\n\n\n<figure class=\"wp-block-gallery has-nested-images columns-default is-cropped wp-block-gallery-1 is-layout-flex wp-block-gallery-is-layout-flex\">\n<figure class=\"wp-block-image size-large\"><a href=\"https:\/\/www.olimar.de\/BCNP05\/\" target=\"_blank\" rel=\"noreferrer noopener\"><img loading=\"lazy\" decoding=\"async\" width=\"1024\" height=\"683\" data-id=\"28288\" src=\"https:\/\/blog.olimar.de\/wp-content\/uploads\/2024\/11\/BCNP05-z-Room2023C-1024x683.jpg\" alt=\"Parador de Tortosa Wohnbeispiel\" class=\"wp-image-28288\" srcset=\"https:\/\/blog.olimar.de\/wp-content\/uploads\/2024\/11\/BCNP05-z-Room2023C-1024x683.jpg 1024w, https:\/\/blog.olimar.de\/wp-content\/uploads\/2024\/11\/BCNP05-z-Room2023C-300x200.jpg 300w, https:\/\/blog.olimar.de\/wp-content\/uploads\/2024\/11\/BCNP05-z-Room2023C-768x512.jpg 768w, https:\/\/blog.olimar.de\/wp-content\/uploads\/2024\/11\/BCNP05-z-Room2023C-1536x1024.jpg 1536w, https:\/\/blog.olimar.de\/wp-content\/uploads\/2024\/11\/BCNP05-z-Room2023C-840x560.jpg 840w, https:\/\/blog.olimar.de\/wp-content\/uploads\/2024\/11\/BCNP05-z-Room2023C-1200x800.jpg 1200w, https:\/\/blog.olimar.de\/wp-content\/uploads\/2024\/11\/BCNP05-z-Room2023C.jpg 1620w\" sizes=\"auto, (max-width: 1024px) 100vw, 1024px\" \/><\/a><figcaption class=\"wp-element-caption\">Parador de Tortosa<\/figcaption><\/figure>\n\n\n\n<figure class=\"wp-block-image size-large\"><a href=\"https:\/\/www.olimar.de\/BCNP05\/\" target=\"_blank\" rel=\"noreferrer noopener\"><img loading=\"lazy\" decoding=\"async\" width=\"1024\" height=\"731\" data-id=\"28290\" src=\"https:\/\/blog.olimar.de\/wp-content\/uploads\/2024\/11\/BCNP05-a-GeneralView2023E-1024x731.jpg\" alt=\"Parador de Tortosa  Au\u00dfenansicht\" class=\"wp-image-28290\" srcset=\"https:\/\/blog.olimar.de\/wp-content\/uploads\/2024\/11\/BCNP05-a-GeneralView2023E-1024x731.jpg 1024w, https:\/\/blog.olimar.de\/wp-content\/uploads\/2024\/11\/BCNP05-a-GeneralView2023E-300x214.jpg 300w, https:\/\/blog.olimar.de\/wp-content\/uploads\/2024\/11\/BCNP05-a-GeneralView2023E-768x549.jpg 768w, https:\/\/blog.olimar.de\/wp-content\/uploads\/2024\/11\/BCNP05-a-GeneralView2023E.jpg 1512w\" sizes=\"auto, (max-width: 1024px) 100vw, 1024px\" \/><\/a><figcaption class=\"wp-element-caption\">Parador de Tortosa<\/figcaption><\/figure>\n\n\n\n<figure class=\"wp-block-image size-large\"><a href=\"https:\/\/www.olimar.de\/BCNP05\/\" target=\"_blank\" rel=\"noreferrer noopener\"><img loading=\"lazy\" decoding=\"async\" width=\"1024\" height=\"683\" data-id=\"28289\" src=\"https:\/\/blog.olimar.de\/wp-content\/uploads\/2024\/11\/BCNP05-r-Restaurant2023A-1024x683.jpg\" alt=\"Parador de Tortosa  Restaurant\" class=\"wp-image-28289\" srcset=\"https:\/\/blog.olimar.de\/wp-content\/uploads\/2024\/11\/BCNP05-r-Restaurant2023A-1024x683.jpg 1024w, https:\/\/blog.olimar.de\/wp-content\/uploads\/2024\/11\/BCNP05-r-Restaurant2023A-300x200.jpg 300w, https:\/\/blog.olimar.de\/wp-content\/uploads\/2024\/11\/BCNP05-r-Restaurant2023A-768x512.jpg 768w, https:\/\/blog.olimar.de\/wp-content\/uploads\/2024\/11\/BCNP05-r-Restaurant2023A-1536x1024.jpg 1536w, https:\/\/blog.olimar.de\/wp-content\/uploads\/2024\/11\/BCNP05-r-Restaurant2023A-840x560.jpg 840w, https:\/\/blog.olimar.de\/wp-content\/uploads\/2024\/11\/BCNP05-r-Restaurant2023A-1200x800.jpg 1200w, https:\/\/blog.olimar.de\/wp-content\/uploads\/2024\/11\/BCNP05-r-Restaurant2023A.jpg 1620w\" sizes=\"auto, (max-width: 1024px) 100vw, 1024px\" \/><\/a><figcaption class=\"wp-element-caption\">Parador de Tortosa<\/figcaption><\/figure>\n\n\n\n<figure class=\"wp-block-image size-large\"><a href=\"https:\/\/www.olimar.de\/BCNP05\/\" target=\"_blank\" rel=\"noreferrer noopener\"><img loading=\"lazy\" decoding=\"async\" width=\"1024\" height=\"683\" data-id=\"28291\" src=\"https:\/\/blog.olimar.de\/wp-content\/uploads\/2024\/11\/BCNP05-a-Poolview2023A-1024x683.jpg\" alt=\"Parador de Tortosa  Au\u00dfenansicht mit Pool\" class=\"wp-image-28291\" srcset=\"https:\/\/blog.olimar.de\/wp-content\/uploads\/2024\/11\/BCNP05-a-Poolview2023A-1024x683.jpg 1024w, https:\/\/blog.olimar.de\/wp-content\/uploads\/2024\/11\/BCNP05-a-Poolview2023A-300x200.jpg 300w, https:\/\/blog.olimar.de\/wp-content\/uploads\/2024\/11\/BCNP05-a-Poolview2023A-768x512.jpg 768w, https:\/\/blog.olimar.de\/wp-content\/uploads\/2024\/11\/BCNP05-a-Poolview2023A-1536x1025.jpg 1536w, https:\/\/blog.olimar.de\/wp-content\/uploads\/2024\/11\/BCNP05-a-Poolview2023A-840x560.jpg 840w, https:\/\/blog.olimar.de\/wp-content\/uploads\/2024\/11\/BCNP05-a-Poolview2023A-1200x800.jpg 1200w, https:\/\/blog.olimar.de\/wp-content\/uploads\/2024\/11\/BCNP05-a-Poolview2023A.jpg 1619w\" sizes=\"auto, (max-width: 1024px) 100vw, 1024px\" \/><\/a><figcaption class=\"wp-element-caption\">Parador de Tortosa<\/figcaption><\/figure>\n<\/figure>\n\n\n\n<div style=\"height:13px\" aria-hidden=\"true\" class=\"wp-block-spacer\"><\/div>\n\n\n\n<div class=\"wp-block-buttons is-layout-flex wp-block-buttons-is-layout-flex\">\n<div class=\"wp-block-button\"><a class=\"wp-block-button__link wp-element-button\" href=\"https:\/\/www.olimar.de\/hotellistung\/\" target=\"_blank\" rel=\"noreferrer noopener\">Weitere Urlaubsangebote finden und buchen<\/a><\/div>\n<\/div>\n","protected":false},"excerpt":{"rendered":"<p>Die katalanische K\u00fcche hat Gro\u00dfartiges zu bieten. Das exzellente Oliven\u00f6l, dessen Produktion und seine Verwendung k\u00f6nnen Interessierte im Rahmen des so genannten Oliven\u00f6l-Tourismus&#8217; erleben.<\/p>\n","protected":false},"author":87,"featured_media":28297,"comment_status":"open","ping_status":"open","sticky":false,"template":"","format":"standard","meta":{"_crdt_document":"","_lmt_disableupdate":"","_lmt_disable":"","footnotes":""},"categories":[1,30],"tags":[64,20,62],"class_list":["post-28273","post","type-post","status-publish","format-standard","has-post-thumbnail","hentry","category-allgemein","category-kulinarik-genuss","tag-katalonien","tag-slider","tag-spanien"],"yoast_head":"<!-- This site is optimized with the Yoast SEO plugin v26.9 - https:\/\/yoast.com\/product\/yoast-seo-wordpress\/ -->\n<title>Oliven\u00f6l-Tourismus: In Katalonien Gro\u00dfartiges entdecken!<\/title>\n<meta name=\"description\" content=\"Der so genannte Oliven\u00f6l-Tourismus in Katalonien boomt. Und das zurecht! Wer Barcelona hinter sich l\u00e4sst, wird Gro\u00dfartiges entdecken!\" \/>\n<meta name=\"robots\" content=\"index, follow, max-snippet:-1, max-image-preview:large, max-video-preview:-1\" \/>\n<link rel=\"canonical\" href=\"https:\/\/blog.olimar.de\/olivenoel-tourismus-katalonien\/\" \/>\n<meta property=\"og:locale\" content=\"de_DE\" \/>\n<meta property=\"og:type\" content=\"article\" \/>\n<meta property=\"og:title\" content=\"Oliven\u00f6l-Tourismus: In Katalonien Gro\u00dfartiges entdecken!\" \/>\n<meta property=\"og:description\" content=\"Der so genannte Oliven\u00f6l-Tourismus in Katalonien boomt. Und das zurecht! Wer Barcelona hinter sich l\u00e4sst, wird Gro\u00dfartiges entdecken!\" \/>\n<meta property=\"og:url\" content=\"https:\/\/blog.olimar.de\/olivenoel-tourismus-katalonien\/\" \/>\n<meta property=\"article:publisher\" content=\"https:\/\/www.facebook.com\/OlimarReisen\" \/>\n<meta property=\"article:published_time\" content=\"2024-11-28T10:51:23+00:00\" \/>\n<meta property=\"article:modified_time\" content=\"2024-12-05T16:08:19+00:00\" \/>\n<meta property=\"og:image\" content=\"https:\/\/blog.olimar.de\/wp-content\/uploads\/2024\/11\/oliveoel_katalonien.jpg\" \/>\n\t<meta property=\"og:image:width\" content=\"1920\" \/>\n\t<meta property=\"og:image:height\" content=\"1200\" \/>\n\t<meta property=\"og:image:type\" content=\"image\/jpeg\" \/>\n<meta name=\"author\" content=\"Julia Windh\u00f6vel\" \/>\n<meta name=\"twitter:label1\" content=\"Verfasst von\" \/>\n\t<meta name=\"twitter:data1\" content=\"Julia Windh\u00f6vel\" \/>\n\t<meta name=\"twitter:label2\" content=\"Gesch\u00e4tzte Lesezeit\" \/>\n\t<meta name=\"twitter:data2\" content=\"6\u00a0Minuten\" \/>\n<script type=\"application\/ld+json\" class=\"yoast-schema-graph\">{\"@context\":\"https:\/\/schema.org\",\"@graph\":[{\"@type\":\"WebPage\",\"@id\":\"https:\/\/blog.olimar.de\/olivenoel-tourismus-katalonien\/\",\"url\":\"https:\/\/blog.olimar.de\/olivenoel-tourismus-katalonien\/\",\"name\":\"Oliven\u00f6l-Tourismus: In Katalonien Gro\u00dfartiges entdecken!\",\"isPartOf\":{\"@id\":\"https:\/\/blog.olimar.de\/#website\"},\"primaryImageOfPage\":{\"@id\":\"https:\/\/blog.olimar.de\/olivenoel-tourismus-katalonien\/#primaryimage\"},\"image\":{\"@id\":\"https:\/\/blog.olimar.de\/olivenoel-tourismus-katalonien\/#primaryimage\"},\"thumbnailUrl\":\"https:\/\/blog.olimar.de\/wp-content\/uploads\/2024\/11\/oliveoel_katalonien.jpg\",\"datePublished\":\"2024-11-28T10:51:23+00:00\",\"dateModified\":\"2024-12-05T16:08:19+00:00\",\"description\":\"Der so genannte Oliven\u00f6l-Tourismus in Katalonien boomt. Und das zurecht! Wer Barcelona hinter sich l\u00e4sst, wird Gro\u00dfartiges entdecken!\",\"breadcrumb\":{\"@id\":\"https:\/\/blog.olimar.de\/olivenoel-tourismus-katalonien\/#breadcrumb\"},\"inLanguage\":\"de\",\"potentialAction\":[{\"@type\":\"ReadAction\",\"target\":[\"https:\/\/blog.olimar.de\/olivenoel-tourismus-katalonien\/\"]}]},{\"@type\":\"ImageObject\",\"inLanguage\":\"de\",\"@id\":\"https:\/\/blog.olimar.de\/olivenoel-tourismus-katalonien\/#primaryimage\",\"url\":\"https:\/\/blog.olimar.de\/wp-content\/uploads\/2024\/11\/oliveoel_katalonien.jpg\",\"contentUrl\":\"https:\/\/blog.olimar.de\/wp-content\/uploads\/2024\/11\/oliveoel_katalonien.jpg\",\"width\":1920,\"height\":1200,\"caption\":\"Olivenbaum Spanien\"},{\"@type\":\"BreadcrumbList\",\"@id\":\"https:\/\/blog.olimar.de\/olivenoel-tourismus-katalonien\/#breadcrumb\",\"itemListElement\":[{\"@type\":\"ListItem\",\"position\":1,\"name\":\"Home\",\"item\":\"https:\/\/blog.olimar.de\/\"},{\"@type\":\"ListItem\",\"position\":2,\"name\":\"Katalonien\",\"item\":\"https:\/\/blog.olimar.de\/tag\/katalonien\/\"},{\"@type\":\"ListItem\",\"position\":3,\"name\":\"Oliven\u00f6l &amp; Tourismus in Katalonien: Eine goldene Verbindung\"}]},{\"@type\":\"WebSite\",\"@id\":\"https:\/\/blog.olimar.de\/#website\",\"url\":\"https:\/\/blog.olimar.de\/\",\"name\":\"OLIMAR.com\",\"description\":\"\",\"publisher\":{\"@id\":\"https:\/\/blog.olimar.de\/#organization\"},\"potentialAction\":[{\"@type\":\"SearchAction\",\"target\":{\"@type\":\"EntryPoint\",\"urlTemplate\":\"https:\/\/blog.olimar.de\/?s={search_term_string}\"},\"query-input\":{\"@type\":\"PropertyValueSpecification\",\"valueRequired\":true,\"valueName\":\"search_term_string\"}}],\"inLanguage\":\"de\"},{\"@type\":\"Organization\",\"@id\":\"https:\/\/blog.olimar.de\/#organization\",\"name\":\"OLIMAR Reisen\",\"url\":\"https:\/\/blog.olimar.de\/\",\"logo\":{\"@type\":\"ImageObject\",\"inLanguage\":\"de\",\"@id\":\"https:\/\/blog.olimar.de\/#\/schema\/logo\/image\/\",\"url\":\"https:\/\/blog.olimar.de\/wp-content\/uploads\/2021\/01\/OLIMAR_Logo_COLOR.png\",\"contentUrl\":\"https:\/\/blog.olimar.de\/wp-content\/uploads\/2021\/01\/OLIMAR_Logo_COLOR.png\",\"width\":2000,\"height\":986,\"caption\":\"OLIMAR Reisen\"},\"image\":{\"@id\":\"https:\/\/blog.olimar.de\/#\/schema\/logo\/image\/\"},\"sameAs\":[\"https:\/\/www.facebook.com\/OlimarReisen\",\"https:\/\/x.com\/olimarrreisen\",\"https:\/\/www.instagram.com\/olimarreisen\",\"https:\/\/www.youtube.com\/user\/olimarreisen\"]}]}<\/script>\n<!-- \/ Yoast SEO plugin. -->","yoast_head_json":{"title":"Oliven\u00f6l-Tourismus: In Katalonien Gro\u00dfartiges entdecken!","description":"Der so genannte Oliven\u00f6l-Tourismus in Katalonien boomt. Und das zurecht! Wer Barcelona hinter sich l\u00e4sst, wird Gro\u00dfartiges entdecken!","robots":{"index":"index","follow":"follow","max-snippet":"max-snippet:-1","max-image-preview":"max-image-preview:large","max-video-preview":"max-video-preview:-1"},"canonical":"https:\/\/blog.olimar.de\/olivenoel-tourismus-katalonien\/","og_locale":"de_DE","og_type":"article","og_title":"Oliven\u00f6l-Tourismus: In Katalonien Gro\u00dfartiges entdecken!","og_description":"Der so genannte Oliven\u00f6l-Tourismus in Katalonien boomt. Und das zurecht! Wer Barcelona hinter sich l\u00e4sst, wird Gro\u00dfartiges entdecken!","og_url":"https:\/\/blog.olimar.de\/olivenoel-tourismus-katalonien\/","article_publisher":"https:\/\/www.facebook.com\/OlimarReisen","article_published_time":"2024-11-28T10:51:23+00:00","article_modified_time":"2024-12-05T16:08:19+00:00","og_image":[{"width":1920,"height":1200,"url":"https:\/\/blog.olimar.de\/wp-content\/uploads\/2024\/11\/oliveoel_katalonien.jpg","type":"image\/jpeg"}],"author":"Julia Windh\u00f6vel","twitter_misc":{"Verfasst von":"Julia Windh\u00f6vel","Gesch\u00e4tzte Lesezeit":"6\u00a0Minuten"},"schema":{"@context":"https:\/\/schema.org","@graph":[{"@type":"WebPage","@id":"https:\/\/blog.olimar.de\/olivenoel-tourismus-katalonien\/","url":"https:\/\/blog.olimar.de\/olivenoel-tourismus-katalonien\/","name":"Oliven\u00f6l-Tourismus: In Katalonien Gro\u00dfartiges entdecken!","isPartOf":{"@id":"https:\/\/blog.olimar.de\/#website"},"primaryImageOfPage":{"@id":"https:\/\/blog.olimar.de\/olivenoel-tourismus-katalonien\/#primaryimage"},"image":{"@id":"https:\/\/blog.olimar.de\/olivenoel-tourismus-katalonien\/#primaryimage"},"thumbnailUrl":"https:\/\/blog.olimar.de\/wp-content\/uploads\/2024\/11\/oliveoel_katalonien.jpg","datePublished":"2024-11-28T10:51:23+00:00","dateModified":"2024-12-05T16:08:19+00:00","description":"Der so genannte Oliven\u00f6l-Tourismus in Katalonien boomt. Und das zurecht! Wer Barcelona hinter sich l\u00e4sst, wird Gro\u00dfartiges entdecken!","breadcrumb":{"@id":"https:\/\/blog.olimar.de\/olivenoel-tourismus-katalonien\/#breadcrumb"},"inLanguage":"de","potentialAction":[{"@type":"ReadAction","target":["https:\/\/blog.olimar.de\/olivenoel-tourismus-katalonien\/"]}]},{"@type":"ImageObject","inLanguage":"de","@id":"https:\/\/blog.olimar.de\/olivenoel-tourismus-katalonien\/#primaryimage","url":"https:\/\/blog.olimar.de\/wp-content\/uploads\/2024\/11\/oliveoel_katalonien.jpg","contentUrl":"https:\/\/blog.olimar.de\/wp-content\/uploads\/2024\/11\/oliveoel_katalonien.jpg","width":1920,"height":1200,"caption":"Olivenbaum Spanien"},{"@type":"BreadcrumbList","@id":"https:\/\/blog.olimar.de\/olivenoel-tourismus-katalonien\/#breadcrumb","itemListElement":[{"@type":"ListItem","position":1,"name":"Home","item":"https:\/\/blog.olimar.de\/"},{"@type":"ListItem","position":2,"name":"Katalonien","item":"https:\/\/blog.olimar.de\/tag\/katalonien\/"},{"@type":"ListItem","position":3,"name":"Oliven\u00f6l &amp; Tourismus in Katalonien: Eine goldene Verbindung"}]},{"@type":"WebSite","@id":"https:\/\/blog.olimar.de\/#website","url":"https:\/\/blog.olimar.de\/","name":"OLIMAR.com","description":"","publisher":{"@id":"https:\/\/blog.olimar.de\/#organization"},"potentialAction":[{"@type":"SearchAction","target":{"@type":"EntryPoint","urlTemplate":"https:\/\/blog.olimar.de\/?s={search_term_string}"},"query-input":{"@type":"PropertyValueSpecification","valueRequired":true,"valueName":"search_term_string"}}],"inLanguage":"de"},{"@type":"Organization","@id":"https:\/\/blog.olimar.de\/#organization","name":"OLIMAR Reisen","url":"https:\/\/blog.olimar.de\/","logo":{"@type":"ImageObject","inLanguage":"de","@id":"https:\/\/blog.olimar.de\/#\/schema\/logo\/image\/","url":"https:\/\/blog.olimar.de\/wp-content\/uploads\/2021\/01\/OLIMAR_Logo_COLOR.png","contentUrl":"https:\/\/blog.olimar.de\/wp-content\/uploads\/2021\/01\/OLIMAR_Logo_COLOR.png","width":2000,"height":986,"caption":"OLIMAR Reisen"},"image":{"@id":"https:\/\/blog.olimar.de\/#\/schema\/logo\/image\/"},"sameAs":["https:\/\/www.facebook.com\/OlimarReisen","https:\/\/x.com\/olimarrreisen","https:\/\/www.instagram.com\/olimarreisen","https:\/\/www.youtube.com\/user\/olimarreisen"]}]}},"modified_by":"Wiebke Fix","jetpack_featured_media_url":"https:\/\/blog.olimar.de\/wp-content\/uploads\/2024\/11\/oliveoel_katalonien.jpg","_links":{"self":[{"href":"https:\/\/blog.olimar.de\/wp-json\/wp\/v2\/posts\/28273","targetHints":{"allow":["GET"]}}],"collection":[{"href":"https:\/\/blog.olimar.de\/wp-json\/wp\/v2\/posts"}],"about":[{"href":"https:\/\/blog.olimar.de\/wp-json\/wp\/v2\/types\/post"}],"author":[{"embeddable":true,"href":"https:\/\/blog.olimar.de\/wp-json\/wp\/v2\/users\/87"}],"replies":[{"embeddable":true,"href":"https:\/\/blog.olimar.de\/wp-json\/wp\/v2\/comments?post=28273"}],"version-history":[{"count":22,"href":"https:\/\/blog.olimar.de\/wp-json\/wp\/v2\/posts\/28273\/revisions"}],"predecessor-version":[{"id":28300,"href":"https:\/\/blog.olimar.de\/wp-json\/wp\/v2\/posts\/28273\/revisions\/28300"}],"wp:featuredmedia":[{"embeddable":true,"href":"https:\/\/blog.olimar.de\/wp-json\/wp\/v2\/media\/28297"}],"wp:attachment":[{"href":"https:\/\/blog.olimar.de\/wp-json\/wp\/v2\/media?parent=28273"}],"wp:term":[{"taxonomy":"category","embeddable":true,"href":"https:\/\/blog.olimar.de\/wp-json\/wp\/v2\/categories?post=28273"},{"taxonomy":"post_tag","embeddable":true,"href":"https:\/\/blog.olimar.de\/wp-json\/wp\/v2\/tags?post=28273"}],"curies":[{"name":"wp","href":"https:\/\/api.w.org\/{rel}","templated":true}]}}