{"id":28933,"date":"2025-06-12T09:57:16","date_gmt":"2025-06-12T08:57:16","guid":{"rendered":"https:\/\/blog.olimar.de\/?p=28933"},"modified":"2026-01-08T11:52:56","modified_gmt":"2026-01-08T10:52:56","slug":"besondere-hotels-mallorca-menorca","status":"publish","type":"post","link":"https:\/\/blog.olimar.de\/besondere-hotels-mallorca-menorca\/","title":{"rendered":"Orte, die die Seele ber\u00fchren: Geheimtipp-Unterk\u00fcnfte auf Mallorca &amp; Menorca"},"content":{"rendered":"\n<p data-start=\"5575\" data-end=\"5919\">Es gibt sie wirklich: Unterk\u00fcnfte, die nicht nur einfach ein Ort zum \u00dcbernachten sind, sondern sich anf\u00fchlen wie ein Tor zu einer anderen Welt. Eine Welt voller Ruhe, Authentizit\u00e4t und magischer Momente. Umgeben von Landschaften, die zum Tr\u00e4umen einladen und mit Gastgebern, die ihr Herzblut in jedes Detail legen. Diese Unterk\u00fcnfte lassen dich ankommen, Urlaub von der ersten Sekunde an f\u00fchlen und haben die besten Chancen, zu deinem neuen, pers\u00f6nlichen Lieblingsr\u00fcckzugsort zu werden.<\/p>\n<p data-start=\"5921\" data-end=\"6151\">F\u00fcnf von diesen ganz besonderen Unterk\u00fcnften aus dem OLIMAR Programm m\u00f6chten wir dir hier vorstellen. Entdecke dar\u00fcber hinaus nahegelegene Traumstr\u00e4nde, Restaurants, die nach echter Inselk\u00fcche schmecken und Sightseeing-Highlights zum Entdecken und Verlieben. <\/p>\n\n\n\n<h2>1. Finca Can Canals &amp; Spa (Mallorca)<\/h2>\n\n\n\n<figure class=\"wp-block-gallery has-nested-images columns-default is-cropped wp-block-gallery-1 is-layout-flex wp-block-gallery-is-layout-flex\">\n<figure class=\"wp-block-image size-large\"><a href=\"https:\/\/www.olimar.de\/PMI321\/\" target=\"_blank\" rel=\" noreferrer noopener\"><img loading=\"lazy\" decoding=\"async\" width=\"1024\" height=\"684\" data-id=\"28945\" src=\"https:\/\/blog.olimar.de\/wp-content\/uploads\/2025\/06\/PMI321-p-Pool2025A-1024x684.jpg\" alt=\"Finca Can Canals &amp; Spa Poolbereich\" class=\"wp-image-28945\" srcset=\"https:\/\/blog.olimar.de\/wp-content\/uploads\/2025\/06\/PMI321-p-Pool2025A-1024x684.jpg 1024w, https:\/\/blog.olimar.de\/wp-content\/uploads\/2025\/06\/PMI321-p-Pool2025A-300x200.jpg 300w, https:\/\/blog.olimar.de\/wp-content\/uploads\/2025\/06\/PMI321-p-Pool2025A-768x513.jpg 768w, https:\/\/blog.olimar.de\/wp-content\/uploads\/2025\/06\/PMI321-p-Pool2025A-1536x1026.jpg 1536w, https:\/\/blog.olimar.de\/wp-content\/uploads\/2025\/06\/PMI321-p-Pool2025A-840x560.jpg 840w, https:\/\/blog.olimar.de\/wp-content\/uploads\/2025\/06\/PMI321-p-Pool2025A-1200x800.jpg 1200w, https:\/\/blog.olimar.de\/wp-content\/uploads\/2025\/06\/PMI321-p-Pool2025A.jpg 1617w\" sizes=\"auto, (max-width: 1024px) 100vw, 1024px\" \/><\/a><\/figure>\n\n\n\n<figure class=\"wp-block-image size-large\"><a href=\"https:\/\/www.olimar.de\/PMI321\/\" target=\"_blank\" rel=\" noreferrer noopener\"><img loading=\"lazy\" decoding=\"async\" width=\"1024\" height=\"684\" data-id=\"28944\" src=\"https:\/\/blog.olimar.de\/wp-content\/uploads\/2025\/06\/PMI321-z-JuniorSuite2025D-1024x684.jpg\" alt=\"Finca Can Canals &amp; Spa Zimmerbeispiel\" class=\"wp-image-28944\" srcset=\"https:\/\/blog.olimar.de\/wp-content\/uploads\/2025\/06\/PMI321-z-JuniorSuite2025D-1024x684.jpg 1024w, https:\/\/blog.olimar.de\/wp-content\/uploads\/2025\/06\/PMI321-z-JuniorSuite2025D-300x200.jpg 300w, https:\/\/blog.olimar.de\/wp-content\/uploads\/2025\/06\/PMI321-z-JuniorSuite2025D-768x513.jpg 768w, https:\/\/blog.olimar.de\/wp-content\/uploads\/2025\/06\/PMI321-z-JuniorSuite2025D-1536x1026.jpg 1536w, https:\/\/blog.olimar.de\/wp-content\/uploads\/2025\/06\/PMI321-z-JuniorSuite2025D-840x560.jpg 840w, https:\/\/blog.olimar.de\/wp-content\/uploads\/2025\/06\/PMI321-z-JuniorSuite2025D-1200x800.jpg 1200w, https:\/\/blog.olimar.de\/wp-content\/uploads\/2025\/06\/PMI321-z-JuniorSuite2025D.jpg 1617w\" sizes=\"auto, (max-width: 1024px) 100vw, 1024px\" \/><\/a><\/figure>\n<\/figure>\n\n\n\n<p>Eingebettet in die ruhige, mediterrane Landschaft im S\u00fcden Mallorcas liegt die charmante&nbsp;<strong><a href=\"https:\/\/www.olimar.de\/PMI321\/\" target=\"_blank\" rel=\"noopener\">Finca Can Canals &amp; Spa<\/a><\/strong>. Zwischen Orangen- und Olivenb\u00e4umen entfaltet sich hier ein Ort voller Ruhe und Urspr\u00fcnglichkeit, der den Charakter eines traditionellen Bauernhofs mit stilvoller Moderne verbindet. <\/p>\n<p data-start=\"248\" data-end=\"616\">Zwei Au\u00dfenpools mit S\u00fc\u00df- und Salzwasser sowie ein eleganter Spa-Bereich mit Hallenbad, Whirlpool, Dampfbad und Sauna laden zum Durchatmen ein. Im hauseigenen Restaurant erwartet dich eine authentische, mallorquinische K\u00fcche, zubereitet mit frischen, regionalen Zutaten, teils aus eigenem Anbau. Wer Lust auf Bewegung hat, erkundet mit dem Leihfahrrad oder zu Fu\u00df das nahegelegene Naturschutzgebiet, eine faszinierende Landschaft aus Salinen, D\u00fcnen und Lagunen, in der sich sogar Flamingos beobachten lassen. Ein R\u00fcckzugsort f\u00fcr alle, die Stille, Natur und stilvolle Erholung lieben.<\/p>\n\n\n\n<h3>Strand-Tipp<\/h3>\n\n\n\n<p>Der <a href=\"https:\/\/maps.app.goo.gl\/4qixPRFfPdbKAWFr9\" target=\"_blank\" rel=\"noopener\">Strand Es Trenc<\/a> z\u00e4hlt zu den sch\u00f6nsten Naturstr\u00e4nden Mallorcas \u2013 mit feinem, wei\u00dfem Sand und t\u00fcrkisblauem Wasser. Umgeben von D\u00fcnen und Salzwiesen liegt er in einem Naturschutzgebiet und begeistert mit seiner unber\u00fchrten, urspr\u00fcnglichen Atmosph\u00e4re.<\/p>\n\n\n\n<h3>Restaurant-Tipp<\/h3>\n\n\n\n<p>Wenn ihr mal ausw\u00e4rts essen m\u00f6chtet, solltet ihr dem <a href=\"https:\/\/maps.app.goo.gl\/kxFTqAaumYyb3zw57\" target=\"_blank\" rel=\"noopener\">Restaurant Can Senae<\/a> einen Besuch abstatten. Ihr erreicht es in rund 20 Minuten zu Fu\u00df oder in drei Minuten mit dem Auto. Hier gibt es neben besten gegrillten Fleisch- und Fischgerichten auch wunderbare Tapas-Variationen zu probieren!<\/p>\n\n\n\n<h3>Sightseeing-Tipp<\/h3>\n\n\n\n<p>Ein Spaziergang bzw. eine gef\u00fchrte Tour durch die nahegelegenen <a href=\"https:\/\/maps.app.goo.gl\/5fcXowPpMkWpnTtu9\" target=\"_blank\" rel=\"noopener\">Salines des Trenc<\/a> sind absolut empfehlenswert. Die Salinen sind bekannt f\u00fcr ihre hochwertige Salzproduktion. Ein besonderes Highlight ist die Verkostung der Flor de Sal, die mit mediterranen Kr\u00e4utern oder anderen Zutaten verfeinert wird.<\/p>\n\n\n\n<h2>2. Finca Predi Son Jaumell (Mallorca)<\/h2>\n\n\n\n<figure class=\"wp-block-gallery has-nested-images columns-default is-cropped wp-block-gallery-2 is-layout-flex wp-block-gallery-is-layout-flex\">\n<figure class=\"wp-block-image size-large\"><a href=\"https:\/\/www.olimar.de\/PMI430\/\" target=\"_blank\" rel=\" noreferrer noopener\"><img loading=\"lazy\" decoding=\"async\" width=\"935\" height=\"621\" data-id=\"28951\" src=\"https:\/\/blog.olimar.de\/wp-content\/uploads\/2025\/06\/PMI430-p-PoolGeneralView.jpg\" alt=\"Finca Predi Son Jaumell Poolbereich\" class=\"wp-image-28951\" srcset=\"https:\/\/blog.olimar.de\/wp-content\/uploads\/2025\/06\/PMI430-p-PoolGeneralView.jpg 935w, https:\/\/blog.olimar.de\/wp-content\/uploads\/2025\/06\/PMI430-p-PoolGeneralView-300x199.jpg 300w, https:\/\/blog.olimar.de\/wp-content\/uploads\/2025\/06\/PMI430-p-PoolGeneralView-768x510.jpg 768w\" sizes=\"auto, (max-width: 935px) 100vw, 935px\" \/><\/a><\/figure>\n\n\n\n<figure class=\"wp-block-image size-large\"><a href=\"https:\/\/www.olimar.de\/PMI430\/\" target=\"_blank\" rel=\" noreferrer noopener\"><img loading=\"lazy\" decoding=\"async\" width=\"1024\" height=\"685\" data-id=\"28952\" src=\"https:\/\/blog.olimar.de\/wp-content\/uploads\/2025\/06\/PMI430-z-JuniorSuiteDeluxe2021-1024x685.jpg\" alt=\"Finca Predi Son Jaumell Zimmerbeispiel\" class=\"wp-image-28952\" srcset=\"https:\/\/blog.olimar.de\/wp-content\/uploads\/2025\/06\/PMI430-z-JuniorSuiteDeluxe2021-1024x685.jpg 1024w, https:\/\/blog.olimar.de\/wp-content\/uploads\/2025\/06\/PMI430-z-JuniorSuiteDeluxe2021-300x201.jpg 300w, https:\/\/blog.olimar.de\/wp-content\/uploads\/2025\/06\/PMI430-z-JuniorSuiteDeluxe2021-768x514.jpg 768w, https:\/\/blog.olimar.de\/wp-content\/uploads\/2025\/06\/PMI430-z-JuniorSuiteDeluxe2021-1536x1027.jpg 1536w, https:\/\/blog.olimar.de\/wp-content\/uploads\/2025\/06\/PMI430-z-JuniorSuiteDeluxe2021.jpg 1615w\" sizes=\"auto, (max-width: 1024px) 100vw, 1024px\" \/><\/a><\/figure>\n<\/figure>\n\n\n\n<p>Das liebevoll und aufwendig restaurierte Landgut <a href=\"https:\/\/www.olimar.de\/PMI430\/\" target=\"_blank\" rel=\"noopener\">Finca Predi Son Jaumell<\/a> aus dem 17. Jahrhundert ist ein echtes Hideaway, das dich mit seinem ganz besonderen Charme begeistern wird. Nur wenige Autominuten n\u00f6rdlich des mittelalterlichen St\u00e4dtchens Capdepera liegt das Anwesen umgeben von sanften H\u00fcgeln, Eichenhainen sowie Mandel- und Johannisbrotb\u00e4umen. Ein gepflegter Garten und der einladende Poolbereich sorgen f\u00fcr Erholung pur.<\/p>\n\n\n\n<h3>Strand-Tipp<\/h3>\n\n\n\n<p>Die traumhafte Bucht <a href=\"https:\/\/maps.app.goo.gl\/keUYqQLQ8ajjtXnL9\" target=\"_blank\" rel=\"noopener\">Cala Agulla<\/a> erreichst du \u00fcber einen rund zwei Kilometer langen Privatweg zu Fu\u00df oder bequem mit dem kostenlosen Leihfahrrad.<\/p>\n\n\n\n<h3>Restaurant-Tipp<\/h3>\n\n\n\n<p>Wenn du nicht im empfehlenswerten hauseigenen Restaurant essen m\u00f6chtest, in dem mit frischen Zutaten aus eigenem Anbau gekocht wird, lohnt sich ein Abstecher zum <a href=\"https:\/\/maps.app.goo.gl\/mP9Kpzamhcqedbtu9\" target=\"_blank\" rel=\"noopener\">Restaurante Beni Axir<\/a> (ab 14 Jahren\/ adults only). Hier wird dir auf hohem Niveau feinste mediterrane K\u00fcche serviert, auch Vegetarier werden hier f\u00fcndig. Das Ambiente ist wirklich einmalig.&nbsp;<\/p>\n\n\n\n<h3>Sightsseing-Tipp<\/h3>\n\n\n\n<p>Das Dorf <a href=\"https:\/\/maps.app.goo.gl\/eKwh6fezP1Uype7r8\" target=\"_blank\" rel=\"noopener\">Art\u00e0<\/a> ist immer einen Besuch wert! Hier kannst du durch die engen Gassen schlendern und von der alten Festungsmauer sowie vom Aussichtspunkt einen herrlichen Blick \u00fcber die Landschaft genie\u00dfen. Vergiss auch nicht, im Kloster Santuario de Sant Salvador vorbeizuschauen. Der Weg nach oben ist zwar steil, du kannst dich aber oben angekommen in einem kleinen mallorquinischen Restaurant wieder st\u00e4rken. In der Kirche wird&nbsp; die Heilige Maria von Sant Salvador aufbewahrt. Sie ist die Schutzpatronin von Art\u00e0.<\/p>\n\n\n\n<h2>3. Aumallia Hotel &amp; Spa (Mallorca)<\/h2>\n\n\n\n<figure class=\"wp-block-gallery has-nested-images columns-default is-cropped wp-block-gallery-3 is-layout-flex wp-block-gallery-is-layout-flex\">\n<figure class=\"wp-block-image size-large\"><a href=\"https:\/\/www.olimar.de\/PMI464\/\" target=\"_blank\" rel=\" noreferrer noopener\"><img loading=\"lazy\" decoding=\"async\" width=\"1024\" height=\"689\" data-id=\"28957\" src=\"https:\/\/blog.olimar.de\/wp-content\/uploads\/2025\/06\/PMI464-a-Garten2024C-1024x689.jpg\" alt=\"\" class=\"wp-image-28957\" srcset=\"https:\/\/blog.olimar.de\/wp-content\/uploads\/2025\/06\/PMI464-a-Garten2024C-1024x689.jpg 1024w, https:\/\/blog.olimar.de\/wp-content\/uploads\/2025\/06\/PMI464-a-Garten2024C-300x202.jpg 300w, https:\/\/blog.olimar.de\/wp-content\/uploads\/2025\/06\/PMI464-a-Garten2024C-768x517.jpg 768w, https:\/\/blog.olimar.de\/wp-content\/uploads\/2025\/06\/PMI464-a-Garten2024C-1536x1034.jpg 1536w, https:\/\/blog.olimar.de\/wp-content\/uploads\/2025\/06\/PMI464-a-Garten2024C.jpg 1604w\" sizes=\"auto, (max-width: 1024px) 100vw, 1024px\" \/><\/a><\/figure>\n\n\n\n<figure class=\"wp-block-image size-large\"><a href=\"https:\/\/www.olimar.de\/PMI464\/\" target=\"_blank\" rel=\" noreferrer noopener\"><img loading=\"lazy\" decoding=\"async\" width=\"1024\" height=\"667\" data-id=\"28956\" src=\"https:\/\/blog.olimar.de\/wp-content\/uploads\/2025\/06\/PMI464-z-JuniorSuite2024B-1024x667.jpg\" alt=\"\" class=\"wp-image-28956\" srcset=\"https:\/\/blog.olimar.de\/wp-content\/uploads\/2025\/06\/PMI464-z-JuniorSuite2024B-1024x667.jpg 1024w, https:\/\/blog.olimar.de\/wp-content\/uploads\/2025\/06\/PMI464-z-JuniorSuite2024B-300x195.jpg 300w, https:\/\/blog.olimar.de\/wp-content\/uploads\/2025\/06\/PMI464-z-JuniorSuite2024B-768x500.jpg 768w, https:\/\/blog.olimar.de\/wp-content\/uploads\/2025\/06\/PMI464-z-JuniorSuite2024B-1536x1001.jpg 1536w, https:\/\/blog.olimar.de\/wp-content\/uploads\/2025\/06\/PMI464-z-JuniorSuite2024B.jpg 1658w\" sizes=\"auto, (max-width: 1024px) 100vw, 1024px\" \/><\/a><\/figure>\n<\/figure>\n\n\n\n<p data-start=\"75\" data-end=\"486\">Ein echter Geheimtipp f\u00fcr entspannte Finca-Ferien auf Mallorca ist das charmante Landhotel <a href=\"https:\/\/www.olimar.de\/PMI464\/\" target=\"_blank\" rel=\"noopener\">Aumalia Hotel &amp; Spa<\/a> im S\u00fcdosten der Insel. Inmitten der sanften H\u00fcgellandschaft nahe der kleinen Stadt Felanitx, umgeben von Weinreben und Obstg\u00e4rten, genie\u00dft du hier mediterrane Ruhe und authentisches Inselflair. Ein moderner Spa- und Fitnessbereich (kostenfrei nutzbar), ein Pool und ein Indoor-Pool sowie eine hervorragende K\u00fcche mit frischen, regionalen Produkten sorgen daf\u00fcr, dass du dich vom ersten Moment an wohl f\u00fchlst. Ob du die Umgebung auf einer Wanderung oder Radtour erkundest oder einfach die Seele baumeln l\u00e4sst: hier kannst du Mallorca ganz individuell erleben.<\/p>\n\n\n\n<h3>Strand-Tipp<\/h3>\n\n\n\n<p>Die idyllischen Badebuchten zwischen Porto Colom und Cala d\u2019Or erreichst du mit dem <a href=\"https:\/\/www.olimar.de\/mietwagen\/\" target=\"_blank\" rel=\"noopener\">Mietwagen<\/a> in nur rund 15 Minuten.<\/p>\n\n\n\n<h3>Restaurant-Tipp<\/h3>\n\n\n\n<p>Es liegt zwar rund 30 Minuten mit dem Auto entfernt, ein Besuch lohnt sich aber allemal: Im <a href=\"https:\/\/maps.app.goo.gl\/xgZHhLMSGpAKMcQWA\" target=\"_blank\" rel=\"noopener\">Restaurant Es Figueral<\/a> wird in einmalig sch\u00f6ner Atmosph\u00e4re k\u00f6stliche mediterrane K\u00fcche serviert, die nicht nur optisch ein Highlight ist!<\/p>\n\n\n\n<h3>Sightseeing-Tipp<\/h3>\n\n\n\n<p>Sch\u00f6n f\u00fcr einen kleinen Ausflug ist die <a href=\"https:\/\/maps.app.goo.gl\/XteHFwfnBzptyW2t8\" target=\"_blank\" rel=\"noopener\">Festung Es Forti<\/a> bei Cala d&#8217;Or. Von hier hast du eine tolle Aussicht auf das Meer und erf\u00e4hrst mehr \u00fcber das bewegte historische Leben Mallorcas. Die Verteidigungsanlage wurde im Jahr 1730 vom Milit\u00e4ringenieur Jos\u00e9 Mu\u00f1oz erbaut \u2013 mit Mauerwerk und Steinen aus Santany\u00ed.<\/p>\n\n\n\n<h2>4. Vestige Son Vell (Menorca)<\/h2>\n\n\n\n<figure class=\"wp-block-gallery has-nested-images columns-default is-cropped wp-block-gallery-4 is-layout-flex wp-block-gallery-is-layout-flex\">\n<figure class=\"wp-block-image size-large\"><a href=\"https:\/\/www.olimar.de\/MAH111\/\" target=\"_blank\" rel=\" noreferrer noopener\"><img loading=\"lazy\" decoding=\"async\" width=\"1024\" height=\"683\" data-id=\"28960\" src=\"https:\/\/blog.olimar.de\/wp-content\/uploads\/2025\/06\/MAH111-a-Allgemein2024C-1024x683.jpg\" alt=\"Vestige Son Vell Blick auf das Anwesen\" class=\"wp-image-28960\" srcset=\"https:\/\/blog.olimar.de\/wp-content\/uploads\/2025\/06\/MAH111-a-Allgemein2024C-1024x683.jpg 1024w, https:\/\/blog.olimar.de\/wp-content\/uploads\/2025\/06\/MAH111-a-Allgemein2024C-300x200.jpg 300w, https:\/\/blog.olimar.de\/wp-content\/uploads\/2025\/06\/MAH111-a-Allgemein2024C-768x512.jpg 768w, https:\/\/blog.olimar.de\/wp-content\/uploads\/2025\/06\/MAH111-a-Allgemein2024C-1536x1024.jpg 1536w, https:\/\/blog.olimar.de\/wp-content\/uploads\/2025\/06\/MAH111-a-Allgemein2024C-840x560.jpg 840w, https:\/\/blog.olimar.de\/wp-content\/uploads\/2025\/06\/MAH111-a-Allgemein2024C-1200x800.jpg 1200w, https:\/\/blog.olimar.de\/wp-content\/uploads\/2025\/06\/MAH111-a-Allgemein2024C.jpg 1620w\" sizes=\"auto, (max-width: 1024px) 100vw, 1024px\" \/><\/a><\/figure>\n\n\n\n<figure class=\"wp-block-image size-large\"><a href=\"https:\/\/www.olimar.de\/MAH111\/\" target=\"_blank\" rel=\" noreferrer noopener\"><img loading=\"lazy\" decoding=\"async\" width=\"1024\" height=\"671\" data-id=\"28959\" src=\"https:\/\/blog.olimar.de\/wp-content\/uploads\/2025\/06\/MAH111-z-GardenDeluxeSuperior2024-1024x671.jpg\" alt=\"Vestige Son Vell Zimmerbeispiel\" class=\"wp-image-28959\" srcset=\"https:\/\/blog.olimar.de\/wp-content\/uploads\/2025\/06\/MAH111-z-GardenDeluxeSuperior2024-1024x671.jpg 1024w, https:\/\/blog.olimar.de\/wp-content\/uploads\/2025\/06\/MAH111-z-GardenDeluxeSuperior2024-300x197.jpg 300w, https:\/\/blog.olimar.de\/wp-content\/uploads\/2025\/06\/MAH111-z-GardenDeluxeSuperior2024-768x504.jpg 768w, https:\/\/blog.olimar.de\/wp-content\/uploads\/2025\/06\/MAH111-z-GardenDeluxeSuperior2024-1536x1007.jpg 1536w, https:\/\/blog.olimar.de\/wp-content\/uploads\/2025\/06\/MAH111-z-GardenDeluxeSuperior2024.jpg 1647w\" sizes=\"auto, (max-width: 1024px) 100vw, 1024px\" \/><\/a><\/figure>\n<\/figure>\n\n\n\n<p>&nbsp;Exklusivit\u00e4t, Ruhe und ganz viel Raum f\u00fcr dich: Genau das erwartet dich im luxuri\u00f6sen <strong data-start=\"257\" data-end=\"277\"><a href=\"https:\/\/www.olimar.de\/MAH111\/\" target=\"_blank\" rel=\"noopener\">Vestige Son Vell<\/a><\/strong>, das im Sommer 2023 auf <a href=\"https:\/\/www.olimar.de\/spanien\/balearen\/menorca\/\" target=\"_blank\" rel=\"noopener\">Menorca<\/a> er\u00f6ffnet hat. Das sorgf\u00e4ltig restaurierte Herrenhaus aus dem 18. Jahrhundert liegt auf einem sieben Hektar gro\u00dfen Anwesen s\u00fcdlich von Ciutadella. Hier bist du umgeben von Zitrus- und Olivenb\u00e4umen, weiten Feldern, mediterranen G\u00e4rten und hast einen atemberaubenden Blick bis zur naturbelassenen K\u00fcste, die nur knapp zwei Kilometer entfernt liegt. Perfekt f\u00fcr Spazierg\u00e4nge, Fahrradtouren oder ein erfrischendes Bad an einem der versteckten Str\u00e4nde.<\/p>\n<p data-start=\"1260\" data-end=\"1639\">Ob beim Yoga, bei einer Massage, am Natursteinpool in Form eines antiken Stadions oder beim s\u00fc\u00dfen Nichtstun: Hier findest du den perfekten Ort, um zur Ruhe zu kommen. Wenn du die Insel aktiv entdecken willst, wartet der ber\u00fchmte Cam\u00ed de Cavalls direkt in der N\u00e4he, ein historischer K\u00fcstenpfad, der Menorca umrundet und f\u00fcr Wanderer, Biker und Reiter ein echtes Erlebnis ist.<\/p>\n\n\n\n<h3>Strand-Tipp<\/h3>\n\n\n\n<p>Der <a href=\"https:\/\/maps.app.goo.gl\/jof3JKVacFD8qeCZ8\" target=\"_blank\" rel=\"noopener\">Platja de Son Saura<\/a> ist ein relativ gro\u00dfer, ruhiger Strand am t\u00fcrkisblauen Meer mit feinem, wei\u00dfen Sand. In der N\u00e4he gibt es einen kleinen Parkplatz, der in der Hochsaison aber schnell voll ist. Fr\u00fches Kommen lohnt sich also.<\/p>\n\n\n\n<h3>Restaurant-Tipp<\/h3>\n\n\n\n<p>Im Hotel selbst verw\u00f6hnen dich zwei exzellente Restaurants mit feiner mediterraner K\u00fcche aus frischen, lokalen Zutaten, die Tradition und Innovation gekonnt verbindet. <br>Wenn es mal ein bisschen teurer und wirklich etwas ganz Besonderes sein darf, verbringe einen Abend im <a href=\"https:\/\/maps.app.goo.gl\/j8XSCAUSu6B2i3vC9\" target=\"_blank\" rel=\"noopener\">Restaurant Morvedra Nou<\/a>. Hier spiegelt jedes Gericht die Essenz der menorquinischen K\u00fcche wider, in der nur lokale, frische Zutaten zum Einsatz kommen. Eine nicht ganz g\u00fcnstige, aber wirklich gelungene Mischung aus Tradition und Innovation, die dich begeistern wird!<\/p>\n\n\n\n<h3>Sightseeing-Tipp<\/h3>\n\n\n\n<p><a href=\"https:\/\/maps.app.goo.gl\/dASnmiGdYTKTavSL6\" target=\"_blank\" rel=\"noopener\">Mahon<\/a>, die charmante Hauptstadt Menorcas, wird dich mit ihrem tief eingeschnittenen Naturhafen \u2013 einem der gr\u00f6\u00dften Europas \u2013 und einer lebendigen Mischung aus britischem Kolonialerbe und mediterranem Flair begeistern. In den engen Gassen der Altstadt erwarten dich historische Geb\u00e4ude, kleine Boutiquen und gem\u00fctliche Tapasbars mit Blick aufs Wasser.<\/p>\n\n\n\n<div class=\"wp-block-buttons is-layout-flex wp-block-buttons-is-layout-flex\">\n<div class=\"wp-block-button\"><a class=\"wp-block-button__link wp-element-button\" href=\"https:\/\/www.olimar.de\/spanien\/balearen\/mallorca\/\" target=\"_blank\" rel=\"noreferrer noopener\">Noch mehr Angebote f\u00fcr deinen Mallorca Urlaub<\/a><\/div>\n<\/div>\n\n\n\n<div style=\"height:15px\" aria-hidden=\"true\" class=\"wp-block-spacer\"><\/div>\n\n\n\n<div class=\"wp-block-buttons is-layout-flex wp-block-buttons-is-layout-flex\">\n<div class=\"wp-block-button\"><a class=\"wp-block-button__link wp-element-button\" href=\"https:\/\/www.olimar.de\/hotellistung\/\" target=\"_blank\" rel=\"noreferrer noopener\">Urlaubsangebote bei OLIMAR finden und buchen<\/a><\/div>\n<\/div>\n","protected":false},"excerpt":{"rendered":"<p>Es gibt sie wirklich: Unterk\u00fcnfte, die nicht nur einfach ein Ort zum \u00dcbernachten sind, sondern sich anf\u00fchlen wie ein Tor zu einer anderen Welt. <\/p>\n","protected":false},"author":87,"featured_media":28971,"comment_status":"open","ping_status":"open","sticky":false,"template":"","format":"standard","meta":{"_crdt_document":"","_lmt_disableupdate":"","_lmt_disable":"","footnotes":""},"categories":[1,32,165],"tags":[329,26,328,20,62],"class_list":["post-28933","post","type-post","status-publish","format-standard","has-post-thumbnail","hentry","category-allgemein","category-hoteltipps","category-reisethemen","tag-balearen","tag-mallorca","tag-menorca","tag-slider","tag-spanien"],"yoast_head":"<!-- This site is optimized with the Yoast SEO plugin v26.9 - https:\/\/yoast.com\/product\/yoast-seo-wordpress\/ -->\n<title>Besondere Hotels Mallorca &amp; Menorca: 5 echte Geheimtipps<\/title>\n<meta name=\"description\" content=\"Hier kommen 5 ganz besondere Hotels auf Mallorca und Menorca, die dich mit ihrer Einzigartigkeit verzaubern werden!\" \/>\n<meta name=\"robots\" content=\"index, follow, max-snippet:-1, max-image-preview:large, max-video-preview:-1\" \/>\n<link rel=\"canonical\" href=\"https:\/\/blog.olimar.de\/besondere-hotels-mallorca-menorca\/\" \/>\n<meta property=\"og:locale\" content=\"de_DE\" \/>\n<meta property=\"og:type\" content=\"article\" \/>\n<meta property=\"og:title\" content=\"Besondere Hotels Mallorca &amp; Menorca: 5 echte Geheimtipps\" \/>\n<meta property=\"og:description\" content=\"Hier kommen 5 ganz besondere Hotels auf Mallorca und Menorca, die dich mit ihrer Einzigartigkeit verzaubern werden!\" \/>\n<meta property=\"og:url\" content=\"https:\/\/blog.olimar.de\/besondere-hotels-mallorca-menorca\/\" \/>\n<meta property=\"article:publisher\" content=\"https:\/\/www.facebook.com\/OlimarReisen\" \/>\n<meta property=\"article:published_time\" content=\"2025-06-12T08:57:16+00:00\" \/>\n<meta property=\"article:modified_time\" content=\"2026-01-08T10:52:56+00:00\" \/>\n<meta property=\"og:image\" content=\"https:\/\/blog.olimar.de\/wp-content\/uploads\/2025\/06\/PMI401-a-Aussenansicht2024C.jpg\" \/>\n\t<meta property=\"og:image:width\" content=\"1620\" \/>\n\t<meta property=\"og:image:height\" content=\"1080\" \/>\n\t<meta property=\"og:image:type\" content=\"image\/jpeg\" \/>\n<meta name=\"author\" content=\"Julia Windh\u00f6vel\" \/>\n<meta name=\"twitter:label1\" content=\"Verfasst von\" \/>\n\t<meta name=\"twitter:data1\" content=\"Julia Windh\u00f6vel\" \/>\n\t<meta name=\"twitter:label2\" content=\"Gesch\u00e4tzte Lesezeit\" \/>\n\t<meta name=\"twitter:data2\" content=\"8\u00a0Minuten\" \/>\n<script type=\"application\/ld+json\" class=\"yoast-schema-graph\">{\"@context\":\"https:\/\/schema.org\",\"@graph\":[{\"@type\":\"WebPage\",\"@id\":\"https:\/\/blog.olimar.de\/besondere-hotels-mallorca-menorca\/\",\"url\":\"https:\/\/blog.olimar.de\/besondere-hotels-mallorca-menorca\/\",\"name\":\"Besondere Hotels Mallorca & Menorca: 5 echte Geheimtipps\",\"isPartOf\":{\"@id\":\"https:\/\/blog.olimar.de\/#website\"},\"primaryImageOfPage\":{\"@id\":\"https:\/\/blog.olimar.de\/besondere-hotels-mallorca-menorca\/#primaryimage\"},\"image\":{\"@id\":\"https:\/\/blog.olimar.de\/besondere-hotels-mallorca-menorca\/#primaryimage\"},\"thumbnailUrl\":\"https:\/\/blog.olimar.de\/wp-content\/uploads\/2025\/06\/PMI401-a-Aussenansicht2024C.jpg\",\"datePublished\":\"2025-06-12T08:57:16+00:00\",\"dateModified\":\"2026-01-08T10:52:56+00:00\",\"description\":\"Hier kommen 5 ganz besondere Hotels auf Mallorca und Menorca, die dich mit ihrer Einzigartigkeit verzaubern werden!\",\"breadcrumb\":{\"@id\":\"https:\/\/blog.olimar.de\/besondere-hotels-mallorca-menorca\/#breadcrumb\"},\"inLanguage\":\"de\",\"potentialAction\":[{\"@type\":\"ReadAction\",\"target\":[\"https:\/\/blog.olimar.de\/besondere-hotels-mallorca-menorca\/\"]}]},{\"@type\":\"ImageObject\",\"inLanguage\":\"de\",\"@id\":\"https:\/\/blog.olimar.de\/besondere-hotels-mallorca-menorca\/#primaryimage\",\"url\":\"https:\/\/blog.olimar.de\/wp-content\/uploads\/2025\/06\/PMI401-a-Aussenansicht2024C.jpg\",\"contentUrl\":\"https:\/\/blog.olimar.de\/wp-content\/uploads\/2025\/06\/PMI401-a-Aussenansicht2024C.jpg\",\"width\":1620,\"height\":1080},{\"@type\":\"BreadcrumbList\",\"@id\":\"https:\/\/blog.olimar.de\/besondere-hotels-mallorca-menorca\/#breadcrumb\",\"itemListElement\":[{\"@type\":\"ListItem\",\"position\":1,\"name\":\"Home\",\"item\":\"https:\/\/blog.olimar.de\/\"},{\"@type\":\"ListItem\",\"position\":2,\"name\":\"Balearen\",\"item\":\"https:\/\/blog.olimar.de\/tag\/balearen\/\"},{\"@type\":\"ListItem\",\"position\":3,\"name\":\"Orte, die die Seele ber\u00fchren: Geheimtipp-Unterk\u00fcnfte auf Mallorca &amp; Menorca\"}]},{\"@type\":\"WebSite\",\"@id\":\"https:\/\/blog.olimar.de\/#website\",\"url\":\"https:\/\/blog.olimar.de\/\",\"name\":\"OLIMAR.com\",\"description\":\"\",\"publisher\":{\"@id\":\"https:\/\/blog.olimar.de\/#organization\"},\"potentialAction\":[{\"@type\":\"SearchAction\",\"target\":{\"@type\":\"EntryPoint\",\"urlTemplate\":\"https:\/\/blog.olimar.de\/?s={search_term_string}\"},\"query-input\":{\"@type\":\"PropertyValueSpecification\",\"valueRequired\":true,\"valueName\":\"search_term_string\"}}],\"inLanguage\":\"de\"},{\"@type\":\"Organization\",\"@id\":\"https:\/\/blog.olimar.de\/#organization\",\"name\":\"OLIMAR Reisen\",\"url\":\"https:\/\/blog.olimar.de\/\",\"logo\":{\"@type\":\"ImageObject\",\"inLanguage\":\"de\",\"@id\":\"https:\/\/blog.olimar.de\/#\/schema\/logo\/image\/\",\"url\":\"https:\/\/blog.olimar.de\/wp-content\/uploads\/2021\/01\/OLIMAR_Logo_COLOR.png\",\"contentUrl\":\"https:\/\/blog.olimar.de\/wp-content\/uploads\/2021\/01\/OLIMAR_Logo_COLOR.png\",\"width\":2000,\"height\":986,\"caption\":\"OLIMAR Reisen\"},\"image\":{\"@id\":\"https:\/\/blog.olimar.de\/#\/schema\/logo\/image\/\"},\"sameAs\":[\"https:\/\/www.facebook.com\/OlimarReisen\",\"https:\/\/x.com\/olimarrreisen\",\"https:\/\/www.instagram.com\/olimarreisen\",\"https:\/\/www.youtube.com\/user\/olimarreisen\"]}]}<\/script>\n<!-- \/ Yoast SEO plugin. -->","yoast_head_json":{"title":"Besondere Hotels Mallorca & Menorca: 5 echte Geheimtipps","description":"Hier kommen 5 ganz besondere Hotels auf Mallorca und Menorca, die dich mit ihrer Einzigartigkeit verzaubern werden!","robots":{"index":"index","follow":"follow","max-snippet":"max-snippet:-1","max-image-preview":"max-image-preview:large","max-video-preview":"max-video-preview:-1"},"canonical":"https:\/\/blog.olimar.de\/besondere-hotels-mallorca-menorca\/","og_locale":"de_DE","og_type":"article","og_title":"Besondere Hotels Mallorca & Menorca: 5 echte Geheimtipps","og_description":"Hier kommen 5 ganz besondere Hotels auf Mallorca und Menorca, die dich mit ihrer Einzigartigkeit verzaubern werden!","og_url":"https:\/\/blog.olimar.de\/besondere-hotels-mallorca-menorca\/","article_publisher":"https:\/\/www.facebook.com\/OlimarReisen","article_published_time":"2025-06-12T08:57:16+00:00","article_modified_time":"2026-01-08T10:52:56+00:00","og_image":[{"width":1620,"height":1080,"url":"https:\/\/blog.olimar.de\/wp-content\/uploads\/2025\/06\/PMI401-a-Aussenansicht2024C.jpg","type":"image\/jpeg"}],"author":"Julia Windh\u00f6vel","twitter_misc":{"Verfasst von":"Julia Windh\u00f6vel","Gesch\u00e4tzte Lesezeit":"8\u00a0Minuten"},"schema":{"@context":"https:\/\/schema.org","@graph":[{"@type":"WebPage","@id":"https:\/\/blog.olimar.de\/besondere-hotels-mallorca-menorca\/","url":"https:\/\/blog.olimar.de\/besondere-hotels-mallorca-menorca\/","name":"Besondere Hotels Mallorca & Menorca: 5 echte Geheimtipps","isPartOf":{"@id":"https:\/\/blog.olimar.de\/#website"},"primaryImageOfPage":{"@id":"https:\/\/blog.olimar.de\/besondere-hotels-mallorca-menorca\/#primaryimage"},"image":{"@id":"https:\/\/blog.olimar.de\/besondere-hotels-mallorca-menorca\/#primaryimage"},"thumbnailUrl":"https:\/\/blog.olimar.de\/wp-content\/uploads\/2025\/06\/PMI401-a-Aussenansicht2024C.jpg","datePublished":"2025-06-12T08:57:16+00:00","dateModified":"2026-01-08T10:52:56+00:00","description":"Hier kommen 5 ganz besondere Hotels auf Mallorca und Menorca, die dich mit ihrer Einzigartigkeit verzaubern werden!","breadcrumb":{"@id":"https:\/\/blog.olimar.de\/besondere-hotels-mallorca-menorca\/#breadcrumb"},"inLanguage":"de","potentialAction":[{"@type":"ReadAction","target":["https:\/\/blog.olimar.de\/besondere-hotels-mallorca-menorca\/"]}]},{"@type":"ImageObject","inLanguage":"de","@id":"https:\/\/blog.olimar.de\/besondere-hotels-mallorca-menorca\/#primaryimage","url":"https:\/\/blog.olimar.de\/wp-content\/uploads\/2025\/06\/PMI401-a-Aussenansicht2024C.jpg","contentUrl":"https:\/\/blog.olimar.de\/wp-content\/uploads\/2025\/06\/PMI401-a-Aussenansicht2024C.jpg","width":1620,"height":1080},{"@type":"BreadcrumbList","@id":"https:\/\/blog.olimar.de\/besondere-hotels-mallorca-menorca\/#breadcrumb","itemListElement":[{"@type":"ListItem","position":1,"name":"Home","item":"https:\/\/blog.olimar.de\/"},{"@type":"ListItem","position":2,"name":"Balearen","item":"https:\/\/blog.olimar.de\/tag\/balearen\/"},{"@type":"ListItem","position":3,"name":"Orte, die die Seele ber\u00fchren: Geheimtipp-Unterk\u00fcnfte auf Mallorca &amp; Menorca"}]},{"@type":"WebSite","@id":"https:\/\/blog.olimar.de\/#website","url":"https:\/\/blog.olimar.de\/","name":"OLIMAR.com","description":"","publisher":{"@id":"https:\/\/blog.olimar.de\/#organization"},"potentialAction":[{"@type":"SearchAction","target":{"@type":"EntryPoint","urlTemplate":"https:\/\/blog.olimar.de\/?s={search_term_string}"},"query-input":{"@type":"PropertyValueSpecification","valueRequired":true,"valueName":"search_term_string"}}],"inLanguage":"de"},{"@type":"Organization","@id":"https:\/\/blog.olimar.de\/#organization","name":"OLIMAR Reisen","url":"https:\/\/blog.olimar.de\/","logo":{"@type":"ImageObject","inLanguage":"de","@id":"https:\/\/blog.olimar.de\/#\/schema\/logo\/image\/","url":"https:\/\/blog.olimar.de\/wp-content\/uploads\/2021\/01\/OLIMAR_Logo_COLOR.png","contentUrl":"https:\/\/blog.olimar.de\/wp-content\/uploads\/2021\/01\/OLIMAR_Logo_COLOR.png","width":2000,"height":986,"caption":"OLIMAR Reisen"},"image":{"@id":"https:\/\/blog.olimar.de\/#\/schema\/logo\/image\/"},"sameAs":["https:\/\/www.facebook.com\/OlimarReisen","https:\/\/x.com\/olimarrreisen","https:\/\/www.instagram.com\/olimarreisen","https:\/\/www.youtube.com\/user\/olimarreisen"]}]}},"modified_by":"Julia Windh\u00f6vel","jetpack_featured_media_url":"https:\/\/blog.olimar.de\/wp-content\/uploads\/2025\/06\/PMI401-a-Aussenansicht2024C.jpg","_links":{"self":[{"href":"https:\/\/blog.olimar.de\/wp-json\/wp\/v2\/posts\/28933","targetHints":{"allow":["GET"]}}],"collection":[{"href":"https:\/\/blog.olimar.de\/wp-json\/wp\/v2\/posts"}],"about":[{"href":"https:\/\/blog.olimar.de\/wp-json\/wp\/v2\/types\/post"}],"author":[{"embeddable":true,"href":"https:\/\/blog.olimar.de\/wp-json\/wp\/v2\/users\/87"}],"replies":[{"embeddable":true,"href":"https:\/\/blog.olimar.de\/wp-json\/wp\/v2\/comments?post=28933"}],"version-history":[{"count":29,"href":"https:\/\/blog.olimar.de\/wp-json\/wp\/v2\/posts\/28933\/revisions"}],"predecessor-version":[{"id":29521,"href":"https:\/\/blog.olimar.de\/wp-json\/wp\/v2\/posts\/28933\/revisions\/29521"}],"wp:featuredmedia":[{"embeddable":true,"href":"https:\/\/blog.olimar.de\/wp-json\/wp\/v2\/media\/28971"}],"wp:attachment":[{"href":"https:\/\/blog.olimar.de\/wp-json\/wp\/v2\/media?parent=28933"}],"wp:term":[{"taxonomy":"category","embeddable":true,"href":"https:\/\/blog.olimar.de\/wp-json\/wp\/v2\/categories?post=28933"},{"taxonomy":"post_tag","embeddable":true,"href":"https:\/\/blog.olimar.de\/wp-json\/wp\/v2\/tags?post=28933"}],"curies":[{"name":"wp","href":"https:\/\/api.w.org\/{rel}","templated":true}]}}