{"id":2919,"date":"2015-09-18T12:00:22","date_gmt":"2015-09-18T10:00:22","guid":{"rendered":"https:\/\/blog.olimar.de\/?p=2919"},"modified":"2021-04-06T15:32:23","modified_gmt":"2021-04-06T14:32:23","slug":"ausbildungsinitiative-olimar-kooperiert-mit-der-hochschule-fresenius","status":"publish","type":"post","link":"https:\/\/blog.olimar.de\/ausbildungsinitiative-olimar-kooperiert-mit-der-hochschule-fresenius\/","title":{"rendered":"Ausbildungsinitiative: OLIMAR kooperiert mit der Hochschule Fresenius"},"content":{"rendered":"<p><span class=\"dropcap\">O<\/span>LIMAR engagiert sich seit Anfang des Jahres als Premiumpartner der Hochschule Fresenius. Durch die Kooperation mit der staatlich anerkannten Privathochschule mit Standorten in K\u00f6ln, D\u00fcsseldorf, Hamburg, M\u00fcnchen, Idstein und Berlin erm\u00f6glichen wir Studierenden des Bachelor-Studiengangs Tourismus-, Hotel- und Eventmanagement zahlreiche Einblicke in die Praxis. So hie\u00df unser OLIMAR-Team beispielsweise eine Gruppe von Studierenden w\u00e4hrend der Erstellung des neuen Kataloges willkommen und pr\u00e4sentierte sich mit Fresenius bei Bildungs- und Karrieremessen.<br \/>\nPhilipp Daldrup, Studierender der Hochschule, absolviert derzeit ein Praktikum bei OLIMAR. \u201eIch wollte bereits w\u00e4hrend des Studiums praktische Erfahrungen sammeln, die sich auf studienspezifische Inhalte beziehen\u201c, sagt der 21-J\u00e4hrige. \u201eDurch mein Praktikum habe ich viele Einblicke in die verschiedenen Bereiche eines mittelst\u00e4ndischen Reisespezialisten gewonnen. OLIMAR hat genau die perfekte Gr\u00f6\u00dfe, um m\u00f6glichst gut nachvollziehen zu k\u00f6nnen, wie ein Reiseanbieter funktioniert\u201c, so Daldrup, der bei OLIMAR im Online-Marketing arbeitet und neben der Website auch die Online-Ausgabe der \u201eSonnenseiten\u201c betreut.<br \/>\nNeben Praktika- und Jobm\u00f6glichkeiten bietet OLIMAR mit dem hochschuleigenen Travel Center, dem Reiseb\u00fcro von Fresenius, auch Sonderkonditionen f\u00fcr Studierende und Hochschulmitarbeiter, die Land und Leute in S\u00fcdeuropa, insbesondere in Portugal kennenlernen m\u00f6chten.<\/p>\n<div id='gallery-1' class='gallery galleryid-2919 gallery-columns-3 gallery-size-medium'><dl class='gallery-item'>\n\t\t\t<dt class='gallery-icon landscape'>\n\t\t\t\t<img loading=\"lazy\" decoding=\"async\" width=\"300\" height=\"194\" src=\"https:\/\/blog.olimar.de\/wp-content\/uploads\/2015\/09\/olimar-300x194.jpg\" class=\"attachment-medium size-medium\" alt=\"Stefanie Moormann hei\u00dft Studenten der HS Fresenius willkommen\" aria-describedby=\"gallery-1-2923\" srcset=\"https:\/\/blog.olimar.de\/wp-content\/uploads\/2015\/09\/olimar-300x194.jpg 300w, https:\/\/blog.olimar.de\/wp-content\/uploads\/2015\/09\/olimar-1024x664.jpg 1024w\" sizes=\"auto, (max-width: 300px) 100vw, 300px\" \/>\n\t\t\t<\/dt>\n\t\t\t\t<dd class='wp-caption-text gallery-caption' id='gallery-1-2923'>\n\t\t\t\tMitarbeiterin Stefanie Moormann hie\u00df die Studenten herzlich wilkommen\n\t\t\t\t<\/dd><\/dl><dl class='gallery-item'>\n\t\t\t<dt class='gallery-icon portrait'>\n\t\t\t\t<img loading=\"lazy\" decoding=\"async\" width=\"200\" height=\"300\" src=\"https:\/\/blog.olimar.de\/wp-content\/uploads\/2015\/09\/FTR1115-200x300.jpg\" class=\"attachment-medium size-medium\" alt=\"Studenten der Hochschule Fresenius\" srcset=\"https:\/\/blog.olimar.de\/wp-content\/uploads\/2015\/09\/FTR1115-200x300.jpg 200w, https:\/\/blog.olimar.de\/wp-content\/uploads\/2015\/09\/FTR1115-683x1024.jpg 683w, https:\/\/blog.olimar.de\/wp-content\/uploads\/2015\/09\/FTR1115.jpg 1328w\" sizes=\"auto, (max-width: 200px) 100vw, 200px\" \/>\n\t\t\t<\/dt><\/dl>\n\t\t\t<br style='clear: both' \/>\n\t\t<\/div>\n\n","protected":false},"excerpt":{"rendered":"<p>OLIMAR engagiert sich seit Anfang des Jahres als Premiumpartner der Hochschule Fresenius. Durch die Kooperation mit der staatlich anerkannten Privathochschule mit Standorten in K\u00f6ln, D\u00fcsseldorf, Hamburg, M\u00fcnchen, Idstein und Berlin erm\u00f6glichen wir Studierenden des Bachelor-Studiengangs Tourismus-, Hotel- und Eventmanagement zahlreiche Einblicke in die Praxis. So hie\u00df unser OLIMAR-Team beispielsweise eine Gruppe von Studierenden w\u00e4hrend der Erstellung des neuen Kataloges willkommen und pr\u00e4sentierte sich mit Fresenius bei Bildungs- und Karrieremessen. Philipp Daldrup, Studierender der Hochschule, absolviert derzeit ein Praktikum bei OLIMAR. \u201eIch wollte bereits w\u00e4hrend des Studiums praktische Erfahrungen sammeln, die sich auf studienspezifische Inhalte beziehen\u201c, sagt der 21-J\u00e4hrige. \u201eDurch mein Praktikum &hellip;<\/p>\n","protected":false},"author":9,"featured_media":2922,"comment_status":"open","ping_status":"open","sticky":false,"template":"","format":"standard","meta":{"_crdt_document":"","_lmt_disableupdate":"","_lmt_disable":"","footnotes":""},"categories":[49],"tags":[],"class_list":["post-2919","post","type-post","status-publish","format-standard","has-post-thumbnail","hentry","category-olimar-inside"],"yoast_head":"<!-- This site is optimized with the Yoast SEO plugin v26.9 - https:\/\/yoast.com\/product\/yoast-seo-wordpress\/ -->\n<title>Ausbildungsinitiative: OLIMAR kooperiert mit der HS Fresenius<\/title>\n<meta name=\"description\" content=\"Die Kooperation zwischen OLIMAR und der Privathochschule Fresenius bietet f\u00fcr beide Seiten zahlreiche Chancen. Hier lesen Sie mehr.\" \/>\n<meta name=\"robots\" content=\"index, follow, max-snippet:-1, max-image-preview:large, max-video-preview:-1\" \/>\n<link rel=\"canonical\" href=\"https:\/\/blog.olimar.de\/ausbildungsinitiative-olimar-kooperiert-mit-der-hochschule-fresenius\/\" \/>\n<meta property=\"og:locale\" content=\"de_DE\" \/>\n<meta property=\"og:type\" content=\"article\" \/>\n<meta property=\"og:title\" content=\"Ausbildungsinitiative: OLIMAR kooperiert mit der HS Fresenius\" \/>\n<meta property=\"og:description\" content=\"Die Kooperation zwischen OLIMAR und der Privathochschule Fresenius bietet f\u00fcr beide Seiten zahlreiche Chancen. Hier lesen Sie mehr.\" \/>\n<meta property=\"og:url\" content=\"https:\/\/blog.olimar.de\/ausbildungsinitiative-olimar-kooperiert-mit-der-hochschule-fresenius\/\" \/>\n<meta property=\"article:publisher\" content=\"https:\/\/www.facebook.com\/OlimarReisen\" \/>\n<meta property=\"article:published_time\" content=\"2015-09-18T10:00:22+00:00\" \/>\n<meta property=\"article:modified_time\" content=\"2021-04-06T14:32:23+00:00\" \/>\n<meta property=\"og:image\" content=\"https:\/\/i2.wp.com\/blog.olimar.de\/wp-content\/uploads\/2015\/09\/k\u00f6ln_front_300dpi.jpg?fit=738%2C492&ssl=1\" \/>\n\t<meta property=\"og:image:width\" content=\"738\" \/>\n\t<meta property=\"og:image:height\" content=\"492\" \/>\n\t<meta property=\"og:image:type\" content=\"image\/jpeg\" \/>\n<meta name=\"author\" content=\"OLIMAR Redaktionsteam\" \/>\n<meta name=\"twitter:label1\" content=\"Verfasst von\" \/>\n\t<meta name=\"twitter:data1\" content=\"OLIMAR Redaktionsteam\" \/>\n\t<meta name=\"twitter:label2\" content=\"Gesch\u00e4tzte Lesezeit\" \/>\n\t<meta name=\"twitter:data2\" content=\"1\u00a0Minute\" \/>\n<script type=\"application\/ld+json\" class=\"yoast-schema-graph\">{\"@context\":\"https:\/\/schema.org\",\"@graph\":[{\"@type\":\"WebPage\",\"@id\":\"https:\/\/blog.olimar.de\/ausbildungsinitiative-olimar-kooperiert-mit-der-hochschule-fresenius\/\",\"url\":\"https:\/\/blog.olimar.de\/ausbildungsinitiative-olimar-kooperiert-mit-der-hochschule-fresenius\/\",\"name\":\"Ausbildungsinitiative: OLIMAR kooperiert mit der HS Fresenius\",\"isPartOf\":{\"@id\":\"https:\/\/blog.olimar.de\/#website\"},\"primaryImageOfPage\":{\"@id\":\"https:\/\/blog.olimar.de\/ausbildungsinitiative-olimar-kooperiert-mit-der-hochschule-fresenius\/#primaryimage\"},\"image\":{\"@id\":\"https:\/\/blog.olimar.de\/ausbildungsinitiative-olimar-kooperiert-mit-der-hochschule-fresenius\/#primaryimage\"},\"thumbnailUrl\":\"https:\/\/blog.olimar.de\/wp-content\/uploads\/2015\/09\/k\u00f6ln_front_300dpi.jpg\",\"datePublished\":\"2015-09-18T10:00:22+00:00\",\"dateModified\":\"2021-04-06T14:32:23+00:00\",\"description\":\"Die Kooperation zwischen OLIMAR und der Privathochschule Fresenius bietet f\u00fcr beide Seiten zahlreiche Chancen. Hier lesen Sie mehr.\",\"breadcrumb\":{\"@id\":\"https:\/\/blog.olimar.de\/ausbildungsinitiative-olimar-kooperiert-mit-der-hochschule-fresenius\/#breadcrumb\"},\"inLanguage\":\"de\",\"potentialAction\":[{\"@type\":\"ReadAction\",\"target\":[\"https:\/\/blog.olimar.de\/ausbildungsinitiative-olimar-kooperiert-mit-der-hochschule-fresenius\/\"]}]},{\"@type\":\"ImageObject\",\"inLanguage\":\"de\",\"@id\":\"https:\/\/blog.olimar.de\/ausbildungsinitiative-olimar-kooperiert-mit-der-hochschule-fresenius\/#primaryimage\",\"url\":\"https:\/\/blog.olimar.de\/wp-content\/uploads\/2015\/09\/k\u00f6ln_front_300dpi.jpg\",\"contentUrl\":\"https:\/\/blog.olimar.de\/wp-content\/uploads\/2015\/09\/k\u00f6ln_front_300dpi.jpg\",\"width\":738,\"height\":492,\"caption\":\"Geb\u00e4ude der Hochschule Fresenius in K\u00f6ln\"},{\"@type\":\"BreadcrumbList\",\"@id\":\"https:\/\/blog.olimar.de\/ausbildungsinitiative-olimar-kooperiert-mit-der-hochschule-fresenius\/#breadcrumb\",\"itemListElement\":[{\"@type\":\"ListItem\",\"position\":1,\"name\":\"Home\",\"item\":\"https:\/\/blog.olimar.de\/\"},{\"@type\":\"ListItem\",\"position\":2,\"name\":\"Ausbildungsinitiative: OLIMAR kooperiert mit der Hochschule Fresenius\"}]},{\"@type\":\"WebSite\",\"@id\":\"https:\/\/blog.olimar.de\/#website\",\"url\":\"https:\/\/blog.olimar.de\/\",\"name\":\"OLIMAR.com\",\"description\":\"\",\"publisher\":{\"@id\":\"https:\/\/blog.olimar.de\/#organization\"},\"potentialAction\":[{\"@type\":\"SearchAction\",\"target\":{\"@type\":\"EntryPoint\",\"urlTemplate\":\"https:\/\/blog.olimar.de\/?s={search_term_string}\"},\"query-input\":{\"@type\":\"PropertyValueSpecification\",\"valueRequired\":true,\"valueName\":\"search_term_string\"}}],\"inLanguage\":\"de\"},{\"@type\":\"Organization\",\"@id\":\"https:\/\/blog.olimar.de\/#organization\",\"name\":\"OLIMAR Reisen\",\"url\":\"https:\/\/blog.olimar.de\/\",\"logo\":{\"@type\":\"ImageObject\",\"inLanguage\":\"de\",\"@id\":\"https:\/\/blog.olimar.de\/#\/schema\/logo\/image\/\",\"url\":\"https:\/\/blog.olimar.de\/wp-content\/uploads\/2021\/01\/OLIMAR_Logo_COLOR.png\",\"contentUrl\":\"https:\/\/blog.olimar.de\/wp-content\/uploads\/2021\/01\/OLIMAR_Logo_COLOR.png\",\"width\":2000,\"height\":986,\"caption\":\"OLIMAR Reisen\"},\"image\":{\"@id\":\"https:\/\/blog.olimar.de\/#\/schema\/logo\/image\/\"},\"sameAs\":[\"https:\/\/www.facebook.com\/OlimarReisen\",\"https:\/\/x.com\/olimarrreisen\",\"https:\/\/www.instagram.com\/olimarreisen\",\"https:\/\/www.youtube.com\/user\/olimarreisen\"]}]}<\/script>\n<!-- \/ Yoast SEO plugin. -->","yoast_head_json":{"title":"Ausbildungsinitiative: OLIMAR kooperiert mit der HS Fresenius","description":"Die Kooperation zwischen OLIMAR und der Privathochschule Fresenius bietet f\u00fcr beide Seiten zahlreiche Chancen. Hier lesen Sie mehr.","robots":{"index":"index","follow":"follow","max-snippet":"max-snippet:-1","max-image-preview":"max-image-preview:large","max-video-preview":"max-video-preview:-1"},"canonical":"https:\/\/blog.olimar.de\/ausbildungsinitiative-olimar-kooperiert-mit-der-hochschule-fresenius\/","og_locale":"de_DE","og_type":"article","og_title":"Ausbildungsinitiative: OLIMAR kooperiert mit der HS Fresenius","og_description":"Die Kooperation zwischen OLIMAR und der Privathochschule Fresenius bietet f\u00fcr beide Seiten zahlreiche Chancen. Hier lesen Sie mehr.","og_url":"https:\/\/blog.olimar.de\/ausbildungsinitiative-olimar-kooperiert-mit-der-hochschule-fresenius\/","article_publisher":"https:\/\/www.facebook.com\/OlimarReisen","article_published_time":"2015-09-18T10:00:22+00:00","article_modified_time":"2021-04-06T14:32:23+00:00","og_image":[{"width":738,"height":492,"url":"https:\/\/i2.wp.com\/blog.olimar.de\/wp-content\/uploads\/2015\/09\/k\u00f6ln_front_300dpi.jpg?fit=738%2C492&ssl=1","type":"image\/jpeg"}],"author":"OLIMAR Redaktionsteam","twitter_misc":{"Verfasst von":"OLIMAR Redaktionsteam","Gesch\u00e4tzte Lesezeit":"1\u00a0Minute"},"schema":{"@context":"https:\/\/schema.org","@graph":[{"@type":"WebPage","@id":"https:\/\/blog.olimar.de\/ausbildungsinitiative-olimar-kooperiert-mit-der-hochschule-fresenius\/","url":"https:\/\/blog.olimar.de\/ausbildungsinitiative-olimar-kooperiert-mit-der-hochschule-fresenius\/","name":"Ausbildungsinitiative: OLIMAR kooperiert mit der HS Fresenius","isPartOf":{"@id":"https:\/\/blog.olimar.de\/#website"},"primaryImageOfPage":{"@id":"https:\/\/blog.olimar.de\/ausbildungsinitiative-olimar-kooperiert-mit-der-hochschule-fresenius\/#primaryimage"},"image":{"@id":"https:\/\/blog.olimar.de\/ausbildungsinitiative-olimar-kooperiert-mit-der-hochschule-fresenius\/#primaryimage"},"thumbnailUrl":"https:\/\/blog.olimar.de\/wp-content\/uploads\/2015\/09\/k\u00f6ln_front_300dpi.jpg","datePublished":"2015-09-18T10:00:22+00:00","dateModified":"2021-04-06T14:32:23+00:00","description":"Die Kooperation zwischen OLIMAR und der Privathochschule Fresenius bietet f\u00fcr beide Seiten zahlreiche Chancen. Hier lesen Sie mehr.","breadcrumb":{"@id":"https:\/\/blog.olimar.de\/ausbildungsinitiative-olimar-kooperiert-mit-der-hochschule-fresenius\/#breadcrumb"},"inLanguage":"de","potentialAction":[{"@type":"ReadAction","target":["https:\/\/blog.olimar.de\/ausbildungsinitiative-olimar-kooperiert-mit-der-hochschule-fresenius\/"]}]},{"@type":"ImageObject","inLanguage":"de","@id":"https:\/\/blog.olimar.de\/ausbildungsinitiative-olimar-kooperiert-mit-der-hochschule-fresenius\/#primaryimage","url":"https:\/\/blog.olimar.de\/wp-content\/uploads\/2015\/09\/k\u00f6ln_front_300dpi.jpg","contentUrl":"https:\/\/blog.olimar.de\/wp-content\/uploads\/2015\/09\/k\u00f6ln_front_300dpi.jpg","width":738,"height":492,"caption":"Geb\u00e4ude der Hochschule Fresenius in K\u00f6ln"},{"@type":"BreadcrumbList","@id":"https:\/\/blog.olimar.de\/ausbildungsinitiative-olimar-kooperiert-mit-der-hochschule-fresenius\/#breadcrumb","itemListElement":[{"@type":"ListItem","position":1,"name":"Home","item":"https:\/\/blog.olimar.de\/"},{"@type":"ListItem","position":2,"name":"Ausbildungsinitiative: OLIMAR kooperiert mit der Hochschule Fresenius"}]},{"@type":"WebSite","@id":"https:\/\/blog.olimar.de\/#website","url":"https:\/\/blog.olimar.de\/","name":"OLIMAR.com","description":"","publisher":{"@id":"https:\/\/blog.olimar.de\/#organization"},"potentialAction":[{"@type":"SearchAction","target":{"@type":"EntryPoint","urlTemplate":"https:\/\/blog.olimar.de\/?s={search_term_string}"},"query-input":{"@type":"PropertyValueSpecification","valueRequired":true,"valueName":"search_term_string"}}],"inLanguage":"de"},{"@type":"Organization","@id":"https:\/\/blog.olimar.de\/#organization","name":"OLIMAR Reisen","url":"https:\/\/blog.olimar.de\/","logo":{"@type":"ImageObject","inLanguage":"de","@id":"https:\/\/blog.olimar.de\/#\/schema\/logo\/image\/","url":"https:\/\/blog.olimar.de\/wp-content\/uploads\/2021\/01\/OLIMAR_Logo_COLOR.png","contentUrl":"https:\/\/blog.olimar.de\/wp-content\/uploads\/2021\/01\/OLIMAR_Logo_COLOR.png","width":2000,"height":986,"caption":"OLIMAR Reisen"},"image":{"@id":"https:\/\/blog.olimar.de\/#\/schema\/logo\/image\/"},"sameAs":["https:\/\/www.facebook.com\/OlimarReisen","https:\/\/x.com\/olimarrreisen","https:\/\/www.instagram.com\/olimarreisen","https:\/\/www.youtube.com\/user\/olimarreisen"]}]}},"modified_by":"Sabine Wonner","jetpack_featured_media_url":"https:\/\/blog.olimar.de\/wp-content\/uploads\/2015\/09\/k\u00f6ln_front_300dpi.jpg","_links":{"self":[{"href":"https:\/\/blog.olimar.de\/wp-json\/wp\/v2\/posts\/2919","targetHints":{"allow":["GET"]}}],"collection":[{"href":"https:\/\/blog.olimar.de\/wp-json\/wp\/v2\/posts"}],"about":[{"href":"https:\/\/blog.olimar.de\/wp-json\/wp\/v2\/types\/post"}],"author":[{"embeddable":true,"href":"https:\/\/blog.olimar.de\/wp-json\/wp\/v2\/users\/9"}],"replies":[{"embeddable":true,"href":"https:\/\/blog.olimar.de\/wp-json\/wp\/v2\/comments?post=2919"}],"version-history":[{"count":6,"href":"https:\/\/blog.olimar.de\/wp-json\/wp\/v2\/posts\/2919\/revisions"}],"predecessor-version":[{"id":3198,"href":"https:\/\/blog.olimar.de\/wp-json\/wp\/v2\/posts\/2919\/revisions\/3198"}],"wp:featuredmedia":[{"embeddable":true,"href":"https:\/\/blog.olimar.de\/wp-json\/wp\/v2\/media\/2922"}],"wp:attachment":[{"href":"https:\/\/blog.olimar.de\/wp-json\/wp\/v2\/media?parent=2919"}],"wp:term":[{"taxonomy":"category","embeddable":true,"href":"https:\/\/blog.olimar.de\/wp-json\/wp\/v2\/categories?post=2919"},{"taxonomy":"post_tag","embeddable":true,"href":"https:\/\/blog.olimar.de\/wp-json\/wp\/v2\/tags?post=2919"}],"curies":[{"name":"wp","href":"https:\/\/api.w.org\/{rel}","templated":true}]}}