{"id":3081,"date":"2015-09-18T14:38:32","date_gmt":"2015-09-18T12:38:32","guid":{"rendered":"https:\/\/blog.olimar.de\/?p=3081"},"modified":"2017-05-18T16:38:35","modified_gmt":"2017-05-18T14:38:35","slug":"roque-nublo","status":"publish","type":"post","link":"https:\/\/blog.olimar.de\/roque-nublo\/","title":{"rendered":"Gran Canaria Tipp: Wandern zum Roque Nublo"},"content":{"rendered":"<p class=\"intro\">Eine der beliebtesten Wanderungen auf Gran Canaria ist der Aufstieg zum Roque Nublo, dem Wahrzeichen der Insel. Der &#8220;Wolkenfels&#8221; geh\u00f6rt mit einer H\u00f6he von 1803 Metern zu einer der h\u00f6chsten Erhebungen der Insel und befindet sich inmitten des Naturschutzgebietes Monumento natural del roque nublo.<\/p>\n<p>Startpunkt der Wanderung ist der Parkplatz in La Goleta (Aparcamiento de la Degollada de La Goleta). Diesen erreichen Sie von San Fernando de Maspalomas mit dem Auto \u00fcber Fataga und San Bartolom\u00e9 entlang der GC-60. Bereits die Fahrt durch das Fataga-Tal gibt Ihnen einen ersten Einblick in die vielf\u00e4ltige Vegetation der Insel. Schon weit vor Ayacata, wo Sie rechts auf die GC-600 Richtung Roque Nublo abbiegen, ist Ihr Ziel zu erkennen. Nach einigen Kilometern erreichen Sie den Parkplatz in La Goleta.<\/p>\n<p><img loading=\"lazy\" decoding=\"async\" class=\"alignleft size-full wp-image-3084\" src=\"https:\/\/blog.olimar.de\/wp-content\/uploads\/2015\/09\/Wegweiser_Roque_Nublo.jpg\" alt=\"Wegweiser_Roque_Nublo\" width=\"1000\" height=\"750\" srcset=\"https:\/\/blog.olimar.de\/wp-content\/uploads\/2015\/09\/Wegweiser_Roque_Nublo.jpg 1000w, https:\/\/blog.olimar.de\/wp-content\/uploads\/2015\/09\/Wegweiser_Roque_Nublo-300x225.jpg 300w\" sizes=\"auto, (max-width: 1000px) 100vw, 1000px\" \/><\/p>\n<p>Hier angekommen folgen Sie dem gut ausgebauten Pfad, der auch mit der Beschilderung \u201eRoque Nublo\u201c gekennzeichnet ist. An Kiefernw\u00e4ldern entlang spaziert, erhalten Sie immer wieder einen sch\u00f6nen Fernblick \u00fcber die Insel. Je nach Geschwindigkeit erreichen Sie das Hochplateau am Roque Nublo, dem Kultplatz der Altkanarier, nach ca. 45 Minuten. Hier werden Sie mit einem<br \/>\n<strong>atemberaubenden Blick \u00fcber die Insel und das Meer<\/strong> belohnt, bei gutem Wetter und klarer Sicht k\u00f6nnen Sie auch die Nachbarinsel Teneriffa erkennen. F\u00fcr kletterfreudige Besucher gibt es auch die M\u00f6glichkeit, den Roque Nublo zu besteigen. Mehrere Kletterrouten f\u00fchren auf die Spitze.<\/p>\n<p>F\u00fcr die Wanderung zum Roque Nublo ist festes Schuhwerk zu empfehlen.<\/p>\n","protected":false},"excerpt":{"rendered":"<p>Eine der beliebtesten Wanderungen auf Gran Canaria ist der Aufstieg zum Roque Nublo, dem Wahrzeichen der Insel. Der &#8220;Wolkenfels&#8221; geh\u00f6rt mit einer H\u00f6he von 1803 Metern zu einer der h\u00f6chsten Erhebungen der Insel und befindet sich inmitten des Naturschutzgebietes Monumento natural del roque nublo. Startpunkt der Wanderung ist der Parkplatz in La Goleta (Aparcamiento de la Degollada de La Goleta). Diesen erreichen Sie von San Fernando de Maspalomas mit dem Auto \u00fcber Fataga und San Bartolom\u00e9 entlang der GC-60. Bereits die Fahrt durch das Fataga-Tal gibt Ihnen einen ersten Einblick in die vielf\u00e4ltige Vegetation der Insel. Schon weit vor Ayacata, wo &hellip;<\/p>\n","protected":false},"author":45,"featured_media":3083,"comment_status":"open","ping_status":"open","sticky":false,"template":"","format":"standard","meta":{"_crdt_document":"","_lmt_disableupdate":"","_lmt_disable":"","footnotes":""},"categories":[29],"tags":[133,115,62],"class_list":["post-3081","post","type-post","status-publish","format-standard","has-post-thumbnail","hentry","category-aktiv-natur","tag-gran-canaria","tag-kanaren","tag-spanien"],"yoast_head":"<!-- This site is optimized with the Yoast SEO plugin v26.9 - https:\/\/yoast.com\/product\/yoast-seo-wordpress\/ -->\n<title>Gran Canaria Tipp: Wandern zum Roque Nublo -<\/title>\n<meta name=\"description\" content=\"Die Wanderung zum Roque Nublo, dem Wolkenfels, geh\u00f6rt zu den klassischen Wanderungen auf Gran Canaria.\" \/>\n<meta name=\"robots\" content=\"index, follow, max-snippet:-1, max-image-preview:large, max-video-preview:-1\" \/>\n<link rel=\"canonical\" href=\"https:\/\/blog.olimar.de\/roque-nublo\/\" \/>\n<meta property=\"og:locale\" content=\"de_DE\" \/>\n<meta property=\"og:type\" content=\"article\" \/>\n<meta property=\"og:title\" content=\"Gran Canaria Tipp: Wandern zum Roque Nublo -\" \/>\n<meta property=\"og:description\" content=\"Die Wanderung zum Roque Nublo, dem Wolkenfels, geh\u00f6rt zu den klassischen Wanderungen auf Gran Canaria.\" \/>\n<meta property=\"og:url\" content=\"https:\/\/blog.olimar.de\/roque-nublo\/\" \/>\n<meta property=\"article:publisher\" content=\"https:\/\/www.facebook.com\/OlimarReisen\" \/>\n<meta property=\"article:published_time\" content=\"2015-09-18T12:38:32+00:00\" \/>\n<meta property=\"article:modified_time\" content=\"2017-05-18T14:38:35+00:00\" \/>\n<meta property=\"og:image\" content=\"https:\/\/i2.wp.com\/blog.olimar.de\/wp-content\/uploads\/2015\/09\/Roque_Nublo.jpg?fit=726%2C440&ssl=1\" \/>\n\t<meta property=\"og:image:width\" content=\"726\" \/>\n\t<meta property=\"og:image:height\" content=\"440\" \/>\n\t<meta property=\"og:image:type\" content=\"image\/jpeg\" \/>\n<meta name=\"author\" content=\"Julia Theis\" \/>\n<meta name=\"twitter:label1\" content=\"Verfasst von\" \/>\n\t<meta name=\"twitter:data1\" content=\"Julia Theis\" \/>\n\t<meta name=\"twitter:label2\" content=\"Gesch\u00e4tzte Lesezeit\" \/>\n\t<meta name=\"twitter:data2\" content=\"1\u00a0Minute\" \/>\n<script type=\"application\/ld+json\" class=\"yoast-schema-graph\">{\"@context\":\"https:\/\/schema.org\",\"@graph\":[{\"@type\":\"WebPage\",\"@id\":\"https:\/\/blog.olimar.de\/roque-nublo\/\",\"url\":\"https:\/\/blog.olimar.de\/roque-nublo\/\",\"name\":\"Gran Canaria Tipp: Wandern zum Roque Nublo -\",\"isPartOf\":{\"@id\":\"https:\/\/blog.olimar.de\/#website\"},\"primaryImageOfPage\":{\"@id\":\"https:\/\/blog.olimar.de\/roque-nublo\/#primaryimage\"},\"image\":{\"@id\":\"https:\/\/blog.olimar.de\/roque-nublo\/#primaryimage\"},\"thumbnailUrl\":\"https:\/\/blog.olimar.de\/wp-content\/uploads\/2015\/09\/Roque_Nublo.jpg\",\"datePublished\":\"2015-09-18T12:38:32+00:00\",\"dateModified\":\"2017-05-18T14:38:35+00:00\",\"description\":\"Die Wanderung zum Roque Nublo, dem Wolkenfels, geh\u00f6rt zu den klassischen Wanderungen auf Gran Canaria.\",\"breadcrumb\":{\"@id\":\"https:\/\/blog.olimar.de\/roque-nublo\/#breadcrumb\"},\"inLanguage\":\"de\",\"potentialAction\":[{\"@type\":\"ReadAction\",\"target\":[\"https:\/\/blog.olimar.de\/roque-nublo\/\"]}]},{\"@type\":\"ImageObject\",\"inLanguage\":\"de\",\"@id\":\"https:\/\/blog.olimar.de\/roque-nublo\/#primaryimage\",\"url\":\"https:\/\/blog.olimar.de\/wp-content\/uploads\/2015\/09\/Roque_Nublo.jpg\",\"contentUrl\":\"https:\/\/blog.olimar.de\/wp-content\/uploads\/2015\/09\/Roque_Nublo.jpg\",\"width\":726,\"height\":440,\"caption\":\"Aussicht vom Roque Nublo ins Tal\"},{\"@type\":\"BreadcrumbList\",\"@id\":\"https:\/\/blog.olimar.de\/roque-nublo\/#breadcrumb\",\"itemListElement\":[{\"@type\":\"ListItem\",\"position\":1,\"name\":\"Home\",\"item\":\"https:\/\/blog.olimar.de\/\"},{\"@type\":\"ListItem\",\"position\":2,\"name\":\"Gran Canaria\",\"item\":\"https:\/\/blog.olimar.de\/tag\/gran-canaria\/\"},{\"@type\":\"ListItem\",\"position\":3,\"name\":\"Gran Canaria Tipp: Wandern zum Roque Nublo\"}]},{\"@type\":\"WebSite\",\"@id\":\"https:\/\/blog.olimar.de\/#website\",\"url\":\"https:\/\/blog.olimar.de\/\",\"name\":\"OLIMAR.com\",\"description\":\"\",\"publisher\":{\"@id\":\"https:\/\/blog.olimar.de\/#organization\"},\"potentialAction\":[{\"@type\":\"SearchAction\",\"target\":{\"@type\":\"EntryPoint\",\"urlTemplate\":\"https:\/\/blog.olimar.de\/?s={search_term_string}\"},\"query-input\":{\"@type\":\"PropertyValueSpecification\",\"valueRequired\":true,\"valueName\":\"search_term_string\"}}],\"inLanguage\":\"de\"},{\"@type\":\"Organization\",\"@id\":\"https:\/\/blog.olimar.de\/#organization\",\"name\":\"OLIMAR Reisen\",\"url\":\"https:\/\/blog.olimar.de\/\",\"logo\":{\"@type\":\"ImageObject\",\"inLanguage\":\"de\",\"@id\":\"https:\/\/blog.olimar.de\/#\/schema\/logo\/image\/\",\"url\":\"https:\/\/blog.olimar.de\/wp-content\/uploads\/2021\/01\/OLIMAR_Logo_COLOR.png\",\"contentUrl\":\"https:\/\/blog.olimar.de\/wp-content\/uploads\/2021\/01\/OLIMAR_Logo_COLOR.png\",\"width\":2000,\"height\":986,\"caption\":\"OLIMAR Reisen\"},\"image\":{\"@id\":\"https:\/\/blog.olimar.de\/#\/schema\/logo\/image\/\"},\"sameAs\":[\"https:\/\/www.facebook.com\/OlimarReisen\",\"https:\/\/x.com\/olimarrreisen\",\"https:\/\/www.instagram.com\/olimarreisen\",\"https:\/\/www.youtube.com\/user\/olimarreisen\"]}]}<\/script>\n<!-- \/ Yoast SEO plugin. -->","yoast_head_json":{"title":"Gran Canaria Tipp: Wandern zum Roque Nublo -","description":"Die Wanderung zum Roque Nublo, dem Wolkenfels, geh\u00f6rt zu den klassischen Wanderungen auf Gran Canaria.","robots":{"index":"index","follow":"follow","max-snippet":"max-snippet:-1","max-image-preview":"max-image-preview:large","max-video-preview":"max-video-preview:-1"},"canonical":"https:\/\/blog.olimar.de\/roque-nublo\/","og_locale":"de_DE","og_type":"article","og_title":"Gran Canaria Tipp: Wandern zum Roque Nublo -","og_description":"Die Wanderung zum Roque Nublo, dem Wolkenfels, geh\u00f6rt zu den klassischen Wanderungen auf Gran Canaria.","og_url":"https:\/\/blog.olimar.de\/roque-nublo\/","article_publisher":"https:\/\/www.facebook.com\/OlimarReisen","article_published_time":"2015-09-18T12:38:32+00:00","article_modified_time":"2017-05-18T14:38:35+00:00","og_image":[{"width":726,"height":440,"url":"https:\/\/i2.wp.com\/blog.olimar.de\/wp-content\/uploads\/2015\/09\/Roque_Nublo.jpg?fit=726%2C440&ssl=1","type":"image\/jpeg"}],"author":"Julia Theis","twitter_misc":{"Verfasst von":"Julia Theis","Gesch\u00e4tzte Lesezeit":"1\u00a0Minute"},"schema":{"@context":"https:\/\/schema.org","@graph":[{"@type":"WebPage","@id":"https:\/\/blog.olimar.de\/roque-nublo\/","url":"https:\/\/blog.olimar.de\/roque-nublo\/","name":"Gran Canaria Tipp: Wandern zum Roque Nublo -","isPartOf":{"@id":"https:\/\/blog.olimar.de\/#website"},"primaryImageOfPage":{"@id":"https:\/\/blog.olimar.de\/roque-nublo\/#primaryimage"},"image":{"@id":"https:\/\/blog.olimar.de\/roque-nublo\/#primaryimage"},"thumbnailUrl":"https:\/\/blog.olimar.de\/wp-content\/uploads\/2015\/09\/Roque_Nublo.jpg","datePublished":"2015-09-18T12:38:32+00:00","dateModified":"2017-05-18T14:38:35+00:00","description":"Die Wanderung zum Roque Nublo, dem Wolkenfels, geh\u00f6rt zu den klassischen Wanderungen auf Gran Canaria.","breadcrumb":{"@id":"https:\/\/blog.olimar.de\/roque-nublo\/#breadcrumb"},"inLanguage":"de","potentialAction":[{"@type":"ReadAction","target":["https:\/\/blog.olimar.de\/roque-nublo\/"]}]},{"@type":"ImageObject","inLanguage":"de","@id":"https:\/\/blog.olimar.de\/roque-nublo\/#primaryimage","url":"https:\/\/blog.olimar.de\/wp-content\/uploads\/2015\/09\/Roque_Nublo.jpg","contentUrl":"https:\/\/blog.olimar.de\/wp-content\/uploads\/2015\/09\/Roque_Nublo.jpg","width":726,"height":440,"caption":"Aussicht vom Roque Nublo ins Tal"},{"@type":"BreadcrumbList","@id":"https:\/\/blog.olimar.de\/roque-nublo\/#breadcrumb","itemListElement":[{"@type":"ListItem","position":1,"name":"Home","item":"https:\/\/blog.olimar.de\/"},{"@type":"ListItem","position":2,"name":"Gran Canaria","item":"https:\/\/blog.olimar.de\/tag\/gran-canaria\/"},{"@type":"ListItem","position":3,"name":"Gran Canaria Tipp: Wandern zum Roque Nublo"}]},{"@type":"WebSite","@id":"https:\/\/blog.olimar.de\/#website","url":"https:\/\/blog.olimar.de\/","name":"OLIMAR.com","description":"","publisher":{"@id":"https:\/\/blog.olimar.de\/#organization"},"potentialAction":[{"@type":"SearchAction","target":{"@type":"EntryPoint","urlTemplate":"https:\/\/blog.olimar.de\/?s={search_term_string}"},"query-input":{"@type":"PropertyValueSpecification","valueRequired":true,"valueName":"search_term_string"}}],"inLanguage":"de"},{"@type":"Organization","@id":"https:\/\/blog.olimar.de\/#organization","name":"OLIMAR Reisen","url":"https:\/\/blog.olimar.de\/","logo":{"@type":"ImageObject","inLanguage":"de","@id":"https:\/\/blog.olimar.de\/#\/schema\/logo\/image\/","url":"https:\/\/blog.olimar.de\/wp-content\/uploads\/2021\/01\/OLIMAR_Logo_COLOR.png","contentUrl":"https:\/\/blog.olimar.de\/wp-content\/uploads\/2021\/01\/OLIMAR_Logo_COLOR.png","width":2000,"height":986,"caption":"OLIMAR Reisen"},"image":{"@id":"https:\/\/blog.olimar.de\/#\/schema\/logo\/image\/"},"sameAs":["https:\/\/www.facebook.com\/OlimarReisen","https:\/\/x.com\/olimarrreisen","https:\/\/www.instagram.com\/olimarreisen","https:\/\/www.youtube.com\/user\/olimarreisen"]}]}},"modified_by":"Katharina","jetpack_featured_media_url":"https:\/\/blog.olimar.de\/wp-content\/uploads\/2015\/09\/Roque_Nublo.jpg","_links":{"self":[{"href":"https:\/\/blog.olimar.de\/wp-json\/wp\/v2\/posts\/3081","targetHints":{"allow":["GET"]}}],"collection":[{"href":"https:\/\/blog.olimar.de\/wp-json\/wp\/v2\/posts"}],"about":[{"href":"https:\/\/blog.olimar.de\/wp-json\/wp\/v2\/types\/post"}],"author":[{"embeddable":true,"href":"https:\/\/blog.olimar.de\/wp-json\/wp\/v2\/users\/45"}],"replies":[{"embeddable":true,"href":"https:\/\/blog.olimar.de\/wp-json\/wp\/v2\/comments?post=3081"}],"version-history":[{"count":4,"href":"https:\/\/blog.olimar.de\/wp-json\/wp\/v2\/posts\/3081\/revisions"}],"predecessor-version":[{"id":3087,"href":"https:\/\/blog.olimar.de\/wp-json\/wp\/v2\/posts\/3081\/revisions\/3087"}],"wp:featuredmedia":[{"embeddable":true,"href":"https:\/\/blog.olimar.de\/wp-json\/wp\/v2\/media\/3083"}],"wp:attachment":[{"href":"https:\/\/blog.olimar.de\/wp-json\/wp\/v2\/media?parent=3081"}],"wp:term":[{"taxonomy":"category","embeddable":true,"href":"https:\/\/blog.olimar.de\/wp-json\/wp\/v2\/categories?post=3081"},{"taxonomy":"post_tag","embeddable":true,"href":"https:\/\/blog.olimar.de\/wp-json\/wp\/v2\/tags?post=3081"}],"curies":[{"name":"wp","href":"https:\/\/api.w.org\/{rel}","templated":true}]}}