{"id":3202,"date":"2015-10-30T16:50:24","date_gmt":"2015-10-30T14:50:24","guid":{"rendered":"https:\/\/blog.olimar.de\/?p=3202"},"modified":"2023-11-30T14:24:22","modified_gmt":"2023-11-30T13:24:22","slug":"olimar-kataloge-2016","status":"publish","type":"post","link":"https:\/\/blog.olimar.de\/olimar-kataloge-2016\/","title":{"rendered":"Die OLIMAR Jahreskataloge 2016 sind da!"},"content":{"rendered":"<p class=\"intro\">Endlich ist es wieder so weit: In dieser Woche haben wir unsere drei neuen Reisekataloge f\u00fcr das Jahr 2016 ver\u00f6ffentlicht. Damit ist bei uns der offizielle Startschuss f\u00fcr die kommende Reisesaison gefallen.<\/p>\n<p>Und wie fast in jedem Jahr gibt&#8217;s auch in 2016 einige sch\u00f6ne Neuheiten. Allen voran freuen wir uns \u00fcber die Ausweitung unseres Reiseziels <a href=\"https:\/\/www.olimar.de\/suedeuropa\/\" target=\"_blank\" rel=\"noopener\">Frankreich<\/a>: Die Insel <a href=\"https:\/\/www.olimar.de\/suedeuropa\/\" target=\"_blank\" rel=\"noopener\"><strong>Korsika<\/strong><\/a> wird mit einigen ausgew\u00e4hlt sch\u00f6nen Unterk\u00fcnften sowie einer abwechslungsreichen Mietwagen-Rundreise erstmals bei OLIMAR buchbar sein. Aufgrund der gro\u00dfen Beliebtheit unseres <a href=\"https:\/\/www.olimar.de\/italien\/sardinien\/\" target=\"_blank\" rel=\"noopener\">Sardinien<\/a>-Angebots war der &#8220;Sprung&#8221; auf die kontrastreiche Nachbarinsel eine naheliegende Entscheidung, bei der wir sicher sind, dass sie auf gro\u00dfes Interesse bei unseren Kunden sto\u00dfen wird.<\/p>\n<p>Die Reiseangebote f\u00fcr Korsika sind &#8211; wie auch die f\u00fcr die <strong>C\u00f4te d&#8217;Azur<\/strong> und die <strong>Provence<\/strong> &#8211; im <a href=\"https:\/\/www.olimar.de\/kataloge\/\">Italienkatalog ab Seite 232<\/a> zu finden oder auf unserer Themenseite.<\/p>\n<h3><strong>Impressionen aus dem neuen OLIMAR Programm f\u00fcr Korsika:<\/strong><\/h3>\n<p>Wir freuen uns au\u00dferdem \u00fcber einen ordentlichen <strong>Zuwachs an neuen und besonderen Reiseangeboten<\/strong> auch in anderen Reiseregionen. Nicht nur mehr qualitativ hochwertige Unterk\u00fcnfte, sondern auch deutlich mehr <strong>Rund- und Themenreisen<\/strong> sind in unseren neuen Katalogen zu finden. Dies wird besonders <strong>Kulturinteressierte<\/strong>, <strong>Naturabenteurer<\/strong>, <strong>Kulinariker<\/strong> oder <strong>sportlich Aktive<\/strong> freuen, denn viele der Rundreisen stehen genau unter diesem Fokus. Zum Beispiel die neue &#8220;Natur- und Gartenreise&#8221; auf der Azoren-Insel S\u00e3o Miguel oder die Reise \u201eSiziliens zauberhafter Westen\u201c mit Theaterauff\u00fchrung, Stadtf\u00fchrung in Palermo und einer Kellerei-Besichtigung.<\/p>\n<p>Dies sind nur zwei ausgew\u00e4hlte Beispiele &#8211; viele mehr sind jeweils auf den ersten Seiten der Kataloge bzw. auf den ersten Seiten der einzelnen Urlaubsregionen zu finden. Alle Rundreisen mit detaillierten Beschreibungen und Fotos sind au\u00dferdem wie gewohnt auf unserer Webseite abrufbar (die vollst\u00e4ndige Darstellung der neuen Rundreisen wird voraussichtlich noch ein paar Tage dauern).<\/p>\n<p><strong>Alle drei Kataloge sind ab sofort in jedem guten Partnerreiseb\u00fcro erh\u00e4ltlich<\/strong>. Zudem sind sie wie immer <strong>gratis <a href=\"https:\/\/www.olimar.de\/kataloge\/\">per Post bestellbar, online durchbl\u00e4tterbar sowie downloadbar<\/a><\/strong>. Ganz neu ist in diesem Jahr unsere <strong>OLIMAR App<\/strong>, \u00fcber die die Kataloge immer griffbereit auf dem Smartphone oder Tablet zur Verf\u00fcgung stehen.<\/p>\n<h3><strong>Mit Klick auf die einzelnen Katalogtitel geht&#8217;s zur durchbl\u00e4tterbaren Online-Version:<\/strong><\/h3>\n<div id='gallery-1' class='gallery galleryid-3202 gallery-columns-3 gallery-size-medium'><dl class='gallery-item'>\n\t\t\t<dt class='gallery-icon landscape'>\n\t\t\t\t<img loading=\"lazy\" decoding=\"async\" width=\"300\" height=\"200\" src=\"https:\/\/blog.olimar.de\/wp-content\/uploads\/2015\/10\/BIA101-a-AussenansichtA-300x200.jpg\" class=\"attachment-medium size-medium\" alt=\"Au\u00dfenansicht Hotel La Lagune auf Korsika\" aria-describedby=\"gallery-1-3211\" srcset=\"https:\/\/blog.olimar.de\/wp-content\/uploads\/2015\/10\/BIA101-a-AussenansichtA-300x200.jpg 300w, https:\/\/blog.olimar.de\/wp-content\/uploads\/2015\/10\/BIA101-a-AussenansichtA-840x560.jpg 840w, https:\/\/blog.olimar.de\/wp-content\/uploads\/2015\/10\/BIA101-a-AussenansichtA.jpg 1000w\" sizes=\"auto, (max-width: 300px) 100vw, 300px\" \/>\n\t\t\t<\/dt>\n\t\t\t\t<dd class='wp-caption-text gallery-caption' id='gallery-1-3211'>\n\t\t\t\tHotel La Lagune auf Korsika, NEU bei OLIMAR Reisen\n\t\t\t\t<\/dd><\/dl><dl class='gallery-item'>\n\t\t\t<dt class='gallery-icon landscape'>\n\t\t\t\t<img loading=\"lazy\" decoding=\"async\" width=\"300\" height=\"200\" src=\"https:\/\/blog.olimar.de\/wp-content\/uploads\/2015\/10\/BIA102-g-HotelterrasseA-300x200.jpg\" class=\"attachment-medium size-medium\" alt=\"Terrasse Hotel Dominique Colonna\" aria-describedby=\"gallery-1-3212\" srcset=\"https:\/\/blog.olimar.de\/wp-content\/uploads\/2015\/10\/BIA102-g-HotelterrasseA-300x200.jpg 300w, https:\/\/blog.olimar.de\/wp-content\/uploads\/2015\/10\/BIA102-g-HotelterrasseA-840x560.jpg 840w, https:\/\/blog.olimar.de\/wp-content\/uploads\/2015\/10\/BIA102-g-HotelterrasseA.jpg 1000w\" sizes=\"auto, (max-width: 300px) 100vw, 300px\" \/>\n\t\t\t<\/dt>\n\t\t\t\t<dd class='wp-caption-text gallery-caption' id='gallery-1-3212'>\n\t\t\t\tHerrliche Terrasse des Hotel Dominique Colonna, NEU bei OLIMAR Reisen\n\t\t\t\t<\/dd><\/dl><dl class='gallery-item'>\n\t\t\t<dt class='gallery-icon landscape'>\n\t\t\t\t<img loading=\"lazy\" decoding=\"async\" width=\"300\" height=\"200\" src=\"https:\/\/blog.olimar.de\/wp-content\/uploads\/2015\/10\/BIA103-p-PoolB-300x200.jpg\" class=\"attachment-medium size-medium\" alt=\"Pool H\u00f4tel Le Roi Th\u00e9odore\" aria-describedby=\"gallery-1-3213\" srcset=\"https:\/\/blog.olimar.de\/wp-content\/uploads\/2015\/10\/BIA103-p-PoolB-300x200.jpg 300w, https:\/\/blog.olimar.de\/wp-content\/uploads\/2015\/10\/BIA103-p-PoolB-840x560.jpg 840w, https:\/\/blog.olimar.de\/wp-content\/uploads\/2015\/10\/BIA103-p-PoolB.jpg 1000w\" sizes=\"auto, (max-width: 300px) 100vw, 300px\" \/>\n\t\t\t<\/dt>\n\t\t\t\t<dd class='wp-caption-text gallery-caption' id='gallery-1-3213'>\n\t\t\t\tH\u00f4tel Le Roi Th\u00e9odore NEU bei OLIMAR Reisen\n\t\t\t\t<\/dd><\/dl><br style=\"clear: both\" \/><dl class='gallery-item'>\n\t\t\t<dt class='gallery-icon landscape'>\n\t\t\t\t<img loading=\"lazy\" decoding=\"async\" width=\"300\" height=\"225\" src=\"https:\/\/blog.olimar.de\/wp-content\/uploads\/2015\/10\/BIA105-z-Zimmeraussicht-300x225.jpg\" class=\"attachment-medium size-medium\" alt=\"Aussicht vom Hotel Alivi di Santa Giulia auf Korsika\" aria-describedby=\"gallery-1-3214\" srcset=\"https:\/\/blog.olimar.de\/wp-content\/uploads\/2015\/10\/BIA105-z-Zimmeraussicht-300x225.jpg 300w, https:\/\/blog.olimar.de\/wp-content\/uploads\/2015\/10\/BIA105-z-Zimmeraussicht.jpg 1000w\" sizes=\"auto, (max-width: 300px) 100vw, 300px\" \/>\n\t\t\t<\/dt>\n\t\t\t\t<dd class='wp-caption-text gallery-caption' id='gallery-1-3214'>\n\t\t\t\tAussicht vom Hotel Alivi di Santa Giulia auf Korsika\n\t\t\t\t<\/dd><\/dl><dl class='gallery-item'>\n\t\t\t<dt class='gallery-icon landscape'>\n\t\t\t\t<img loading=\"lazy\" decoding=\"async\" width=\"300\" height=\"199\" src=\"https:\/\/blog.olimar.de\/wp-content\/uploads\/2015\/10\/CLY100-z-Aussicht-300x199.jpg\" class=\"attachment-medium size-medium\" alt=\"Aussicht vom Hotel Capo Rosso auf die K\u00fcste Korsikas\" aria-describedby=\"gallery-1-3215\" srcset=\"https:\/\/blog.olimar.de\/wp-content\/uploads\/2015\/10\/CLY100-z-Aussicht-300x199.jpg 300w, https:\/\/blog.olimar.de\/wp-content\/uploads\/2015\/10\/CLY100-z-Aussicht-840x560.jpg 840w, https:\/\/blog.olimar.de\/wp-content\/uploads\/2015\/10\/CLY100-z-Aussicht.jpg 1000w\" sizes=\"auto, (max-width: 300px) 100vw, 300px\" \/>\n\t\t\t<\/dt>\n\t\t\t\t<dd class='wp-caption-text gallery-caption' id='gallery-1-3215'>\n\t\t\t\tAussicht vom Hotel Capo Rosso auf die K\u00fcste Korsikas\n\t\t\t\t<\/dd><\/dl><dl class='gallery-item'>\n\t\t\t<dt class='gallery-icon landscape'>\n\t\t\t\t<img loading=\"lazy\" decoding=\"async\" width=\"300\" height=\"199\" src=\"https:\/\/blog.olimar.de\/wp-content\/uploads\/2015\/10\/CLY102-p-PoolareaA-300x199.jpg\" class=\"attachment-medium size-medium\" alt=\"Hotel Pascal Paoli Pool\" aria-describedby=\"gallery-1-3216\" srcset=\"https:\/\/blog.olimar.de\/wp-content\/uploads\/2015\/10\/CLY102-p-PoolareaA-300x199.jpg 300w, https:\/\/blog.olimar.de\/wp-content\/uploads\/2015\/10\/CLY102-p-PoolareaA-840x560.jpg 840w, https:\/\/blog.olimar.de\/wp-content\/uploads\/2015\/10\/CLY102-p-PoolareaA.jpg 1000w\" sizes=\"auto, (max-width: 300px) 100vw, 300px\" \/>\n\t\t\t<\/dt>\n\t\t\t\t<dd class='wp-caption-text gallery-caption' id='gallery-1-3216'>\n\t\t\t\tHotel Pascal Paoli NEU bei OLIMAR Reisen\n\t\t\t\t<\/dd><\/dl><br style=\"clear: both\" \/>\n\t\t<\/div>\n\n<p><a href=\"https:\/\/www.olimar.de\/kataloge\/\" target=\"_blank\" rel=\"noopener\"><img loading=\"lazy\" decoding=\"async\" class=\"alignleft wp-image-3219\" src=\"https:\/\/blog.olimar.de\/wp-content\/uploads\/2015\/10\/Portugal_2016_200x267-e1446215883488.jpg\" alt=\"OLIMAR Katalog f\u00fcr Portugal mit Madeira, Azoren und Kapverden\" width=\"160\" height=\"217\" \/><\/a> <a href=\"https:\/\/www.olimar.de\/kataloge\/\" target=\"_blank\" rel=\"noopener\"><img loading=\"lazy\" decoding=\"async\" class=\"alignleft wp-image-3220\" src=\"https:\/\/blog.olimar.de\/wp-content\/uploads\/2015\/10\/Spanien_2016_200x267-e1446215849727.jpg\" alt=\"OLIMAR Katalog f\u00fcr Spanien\" width=\"160\" height=\"224\" \/><\/a> <a href=\"https:\/\/www.olimar.de\/kataloge\/\" target=\"_blank\" rel=\"noopener\"><img loading=\"lazy\" decoding=\"async\" class=\"alignleft wp-image-3218\" src=\"https:\/\/blog.olimar.de\/wp-content\/uploads\/2015\/10\/Italien_2016_200x267-e1446215899409.jpg\" alt=\"OLIMAR Katalog f\u00fcr Italien + Kroatien mit S\u00fcdfrankreich, Korsika, Montenegro\" width=\"160\" height=\"223\" \/><\/a><\/p>\n<p>F\u00fcr die detaillierte, individuelle Beratung zu den neuen Reiseangeboten stehen unsere <strong>Experten aus dem OLIMAR Service-Team<\/strong> gratis per Telefon (Tel. 0800 20590 490), per <a href=\"mailto:service.center@olimar.com\" target=\"_blank\" rel=\"noopener\">E-Mail<\/a> oder per Live-Chat (<a href=\"https:\/\/www.olimar.de\/\" target=\"_blank\" rel=\"noopener\">www.olimar.de<\/a>) zur Verf\u00fcgung.<\/p>\n<p>Wir freuen uns auf ein reisefreudiges Jahr 2016 und sind gespannt, wie Ihnen die neuen Kataloge und Reiseangebote gefallen. Schreiben Sie uns dazu doch gern einen Kommentar unter diesen Artikel!<\/p>\n","protected":false},"excerpt":{"rendered":"<p>Endlich ist es wieder so weit: In dieser Woche haben wir unsere drei neuen Reisekataloge f\u00fcr das Jahr 2016 ver\u00f6ffentlicht. Damit ist bei uns der offizielle Startschuss f\u00fcr die kommende Reisesaison gefallen. Und wie fast in jedem Jahr gibt&#8217;s auch in 2016 einige sch\u00f6ne Neuheiten. Allen voran freuen wir uns \u00fcber die Ausweitung unseres Reiseziels Frankreich: Die Insel Korsika wird mit einigen ausgew\u00e4hlt sch\u00f6nen Unterk\u00fcnften sowie einer abwechslungsreichen Mietwagen-Rundreise erstmals bei OLIMAR buchbar sein. Aufgrund der gro\u00dfen Beliebtheit unseres Sardinien-Angebots war der &#8220;Sprung&#8221; auf die kontrastreiche Nachbarinsel eine naheliegende Entscheidung, bei der wir sicher sind, dass sie auf gro\u00dfes Interesse bei &hellip;<\/p>\n","protected":false},"author":9,"featured_media":3206,"comment_status":"open","ping_status":"open","sticky":false,"template":"","format":"standard","meta":{"_crdt_document":"","_lmt_disableupdate":"","_lmt_disable":"","footnotes":""},"categories":[48],"tags":[],"class_list":["post-3202","post","type-post","status-publish","format-standard","has-post-thumbnail","hentry","category-neues-bei-olimar"],"yoast_head":"<!-- This site is optimized with the Yoast SEO plugin v26.9 - https:\/\/yoast.com\/product\/yoast-seo-wordpress\/ -->\n<title>Die OLIMAR Jahreskataloge 2016 sind da! -<\/title>\n<meta name=\"description\" content=\"Ab sofort sind die OLIMAR Kataloge 2016 f\u00fcr einen besonderen Urlaub in S\u00fcdeuropa gratis per Post bestellbar, online durchbl\u00e4tterbar oder downloadbar.\" \/>\n<meta name=\"robots\" content=\"index, follow, max-snippet:-1, max-image-preview:large, max-video-preview:-1\" \/>\n<link rel=\"canonical\" href=\"https:\/\/blog.olimar.de\/olimar-kataloge-2016\/\" \/>\n<meta property=\"og:locale\" content=\"de_DE\" \/>\n<meta property=\"og:type\" content=\"article\" \/>\n<meta property=\"og:title\" content=\"Die OLIMAR Jahreskataloge 2016 sind da! -\" \/>\n<meta property=\"og:description\" content=\"Ab sofort sind die OLIMAR Kataloge 2016 f\u00fcr einen besonderen Urlaub in S\u00fcdeuropa gratis per Post bestellbar, online durchbl\u00e4tterbar oder downloadbar.\" \/>\n<meta property=\"og:url\" content=\"https:\/\/blog.olimar.de\/olimar-kataloge-2016\/\" \/>\n<meta property=\"article:publisher\" content=\"https:\/\/www.facebook.com\/OlimarReisen\" \/>\n<meta property=\"article:published_time\" content=\"2015-10-30T14:50:24+00:00\" \/>\n<meta property=\"article:modified_time\" content=\"2023-11-30T13:24:22+00:00\" \/>\n<meta property=\"og:image\" content=\"https:\/\/blog.olimar.de\/wp-content\/uploads\/2015\/10\/Kataloge-im-Umfeld-2016-1.jpg\" \/>\n\t<meta property=\"og:image:width\" content=\"1754\" \/>\n\t<meta property=\"og:image:height\" content=\"1240\" \/>\n\t<meta property=\"og:image:type\" content=\"image\/jpeg\" \/>\n<meta name=\"author\" content=\"OLIMAR Redaktionsteam\" \/>\n<meta name=\"twitter:label1\" content=\"Verfasst von\" \/>\n\t<meta name=\"twitter:data1\" content=\"OLIMAR Redaktionsteam\" \/>\n\t<meta name=\"twitter:label2\" content=\"Gesch\u00e4tzte Lesezeit\" \/>\n\t<meta name=\"twitter:data2\" content=\"3\u00a0Minuten\" \/>\n<script type=\"application\/ld+json\" class=\"yoast-schema-graph\">{\"@context\":\"https:\/\/schema.org\",\"@graph\":[{\"@type\":\"WebPage\",\"@id\":\"https:\/\/blog.olimar.de\/olimar-kataloge-2016\/\",\"url\":\"https:\/\/blog.olimar.de\/olimar-kataloge-2016\/\",\"name\":\"Die OLIMAR Jahreskataloge 2016 sind da! -\",\"isPartOf\":{\"@id\":\"https:\/\/blog.olimar.de\/#website\"},\"primaryImageOfPage\":{\"@id\":\"https:\/\/blog.olimar.de\/olimar-kataloge-2016\/#primaryimage\"},\"image\":{\"@id\":\"https:\/\/blog.olimar.de\/olimar-kataloge-2016\/#primaryimage\"},\"thumbnailUrl\":\"https:\/\/blog.olimar.de\/wp-content\/uploads\/2015\/10\/Kataloge-im-Umfeld-2016-1.jpg\",\"datePublished\":\"2015-10-30T14:50:24+00:00\",\"dateModified\":\"2023-11-30T13:24:22+00:00\",\"description\":\"Ab sofort sind die OLIMAR Kataloge 2016 f\u00fcr einen besonderen Urlaub in S\u00fcdeuropa gratis per Post bestellbar, online durchbl\u00e4tterbar oder downloadbar.\",\"breadcrumb\":{\"@id\":\"https:\/\/blog.olimar.de\/olimar-kataloge-2016\/#breadcrumb\"},\"inLanguage\":\"de\",\"potentialAction\":[{\"@type\":\"ReadAction\",\"target\":[\"https:\/\/blog.olimar.de\/olimar-kataloge-2016\/\"]}]},{\"@type\":\"ImageObject\",\"inLanguage\":\"de\",\"@id\":\"https:\/\/blog.olimar.de\/olimar-kataloge-2016\/#primaryimage\",\"url\":\"https:\/\/blog.olimar.de\/wp-content\/uploads\/2015\/10\/Kataloge-im-Umfeld-2016-1.jpg\",\"contentUrl\":\"https:\/\/blog.olimar.de\/wp-content\/uploads\/2015\/10\/Kataloge-im-Umfeld-2016-1.jpg\",\"width\":1754,\"height\":1240,\"caption\":\"Die neuen OLIMAR Kataloge 2016\"},{\"@type\":\"BreadcrumbList\",\"@id\":\"https:\/\/blog.olimar.de\/olimar-kataloge-2016\/#breadcrumb\",\"itemListElement\":[{\"@type\":\"ListItem\",\"position\":1,\"name\":\"Home\",\"item\":\"https:\/\/blog.olimar.de\/\"},{\"@type\":\"ListItem\",\"position\":2,\"name\":\"Die OLIMAR Jahreskataloge 2016 sind da!\"}]},{\"@type\":\"WebSite\",\"@id\":\"https:\/\/blog.olimar.de\/#website\",\"url\":\"https:\/\/blog.olimar.de\/\",\"name\":\"OLIMAR.com\",\"description\":\"\",\"publisher\":{\"@id\":\"https:\/\/blog.olimar.de\/#organization\"},\"potentialAction\":[{\"@type\":\"SearchAction\",\"target\":{\"@type\":\"EntryPoint\",\"urlTemplate\":\"https:\/\/blog.olimar.de\/?s={search_term_string}\"},\"query-input\":{\"@type\":\"PropertyValueSpecification\",\"valueRequired\":true,\"valueName\":\"search_term_string\"}}],\"inLanguage\":\"de\"},{\"@type\":\"Organization\",\"@id\":\"https:\/\/blog.olimar.de\/#organization\",\"name\":\"OLIMAR Reisen\",\"url\":\"https:\/\/blog.olimar.de\/\",\"logo\":{\"@type\":\"ImageObject\",\"inLanguage\":\"de\",\"@id\":\"https:\/\/blog.olimar.de\/#\/schema\/logo\/image\/\",\"url\":\"https:\/\/blog.olimar.de\/wp-content\/uploads\/2021\/01\/OLIMAR_Logo_COLOR.png\",\"contentUrl\":\"https:\/\/blog.olimar.de\/wp-content\/uploads\/2021\/01\/OLIMAR_Logo_COLOR.png\",\"width\":2000,\"height\":986,\"caption\":\"OLIMAR Reisen\"},\"image\":{\"@id\":\"https:\/\/blog.olimar.de\/#\/schema\/logo\/image\/\"},\"sameAs\":[\"https:\/\/www.facebook.com\/OlimarReisen\",\"https:\/\/x.com\/olimarrreisen\",\"https:\/\/www.instagram.com\/olimarreisen\",\"https:\/\/www.youtube.com\/user\/olimarreisen\"]}]}<\/script>\n<!-- \/ Yoast SEO plugin. -->","yoast_head_json":{"title":"Die OLIMAR Jahreskataloge 2016 sind da! -","description":"Ab sofort sind die OLIMAR Kataloge 2016 f\u00fcr einen besonderen Urlaub in S\u00fcdeuropa gratis per Post bestellbar, online durchbl\u00e4tterbar oder downloadbar.","robots":{"index":"index","follow":"follow","max-snippet":"max-snippet:-1","max-image-preview":"max-image-preview:large","max-video-preview":"max-video-preview:-1"},"canonical":"https:\/\/blog.olimar.de\/olimar-kataloge-2016\/","og_locale":"de_DE","og_type":"article","og_title":"Die OLIMAR Jahreskataloge 2016 sind da! -","og_description":"Ab sofort sind die OLIMAR Kataloge 2016 f\u00fcr einen besonderen Urlaub in S\u00fcdeuropa gratis per Post bestellbar, online durchbl\u00e4tterbar oder downloadbar.","og_url":"https:\/\/blog.olimar.de\/olimar-kataloge-2016\/","article_publisher":"https:\/\/www.facebook.com\/OlimarReisen","article_published_time":"2015-10-30T14:50:24+00:00","article_modified_time":"2023-11-30T13:24:22+00:00","og_image":[{"width":1754,"height":1240,"url":"https:\/\/blog.olimar.de\/wp-content\/uploads\/2015\/10\/Kataloge-im-Umfeld-2016-1.jpg","type":"image\/jpeg"}],"author":"OLIMAR Redaktionsteam","twitter_misc":{"Verfasst von":"OLIMAR Redaktionsteam","Gesch\u00e4tzte Lesezeit":"3\u00a0Minuten"},"schema":{"@context":"https:\/\/schema.org","@graph":[{"@type":"WebPage","@id":"https:\/\/blog.olimar.de\/olimar-kataloge-2016\/","url":"https:\/\/blog.olimar.de\/olimar-kataloge-2016\/","name":"Die OLIMAR Jahreskataloge 2016 sind da! -","isPartOf":{"@id":"https:\/\/blog.olimar.de\/#website"},"primaryImageOfPage":{"@id":"https:\/\/blog.olimar.de\/olimar-kataloge-2016\/#primaryimage"},"image":{"@id":"https:\/\/blog.olimar.de\/olimar-kataloge-2016\/#primaryimage"},"thumbnailUrl":"https:\/\/blog.olimar.de\/wp-content\/uploads\/2015\/10\/Kataloge-im-Umfeld-2016-1.jpg","datePublished":"2015-10-30T14:50:24+00:00","dateModified":"2023-11-30T13:24:22+00:00","description":"Ab sofort sind die OLIMAR Kataloge 2016 f\u00fcr einen besonderen Urlaub in S\u00fcdeuropa gratis per Post bestellbar, online durchbl\u00e4tterbar oder downloadbar.","breadcrumb":{"@id":"https:\/\/blog.olimar.de\/olimar-kataloge-2016\/#breadcrumb"},"inLanguage":"de","potentialAction":[{"@type":"ReadAction","target":["https:\/\/blog.olimar.de\/olimar-kataloge-2016\/"]}]},{"@type":"ImageObject","inLanguage":"de","@id":"https:\/\/blog.olimar.de\/olimar-kataloge-2016\/#primaryimage","url":"https:\/\/blog.olimar.de\/wp-content\/uploads\/2015\/10\/Kataloge-im-Umfeld-2016-1.jpg","contentUrl":"https:\/\/blog.olimar.de\/wp-content\/uploads\/2015\/10\/Kataloge-im-Umfeld-2016-1.jpg","width":1754,"height":1240,"caption":"Die neuen OLIMAR Kataloge 2016"},{"@type":"BreadcrumbList","@id":"https:\/\/blog.olimar.de\/olimar-kataloge-2016\/#breadcrumb","itemListElement":[{"@type":"ListItem","position":1,"name":"Home","item":"https:\/\/blog.olimar.de\/"},{"@type":"ListItem","position":2,"name":"Die OLIMAR Jahreskataloge 2016 sind da!"}]},{"@type":"WebSite","@id":"https:\/\/blog.olimar.de\/#website","url":"https:\/\/blog.olimar.de\/","name":"OLIMAR.com","description":"","publisher":{"@id":"https:\/\/blog.olimar.de\/#organization"},"potentialAction":[{"@type":"SearchAction","target":{"@type":"EntryPoint","urlTemplate":"https:\/\/blog.olimar.de\/?s={search_term_string}"},"query-input":{"@type":"PropertyValueSpecification","valueRequired":true,"valueName":"search_term_string"}}],"inLanguage":"de"},{"@type":"Organization","@id":"https:\/\/blog.olimar.de\/#organization","name":"OLIMAR Reisen","url":"https:\/\/blog.olimar.de\/","logo":{"@type":"ImageObject","inLanguage":"de","@id":"https:\/\/blog.olimar.de\/#\/schema\/logo\/image\/","url":"https:\/\/blog.olimar.de\/wp-content\/uploads\/2021\/01\/OLIMAR_Logo_COLOR.png","contentUrl":"https:\/\/blog.olimar.de\/wp-content\/uploads\/2021\/01\/OLIMAR_Logo_COLOR.png","width":2000,"height":986,"caption":"OLIMAR Reisen"},"image":{"@id":"https:\/\/blog.olimar.de\/#\/schema\/logo\/image\/"},"sameAs":["https:\/\/www.facebook.com\/OlimarReisen","https:\/\/x.com\/olimarrreisen","https:\/\/www.instagram.com\/olimarreisen","https:\/\/www.youtube.com\/user\/olimarreisen"]}]}},"modified_by":"Julia Windh\u00f6vel","jetpack_featured_media_url":"https:\/\/blog.olimar.de\/wp-content\/uploads\/2015\/10\/Kataloge-im-Umfeld-2016-1.jpg","_links":{"self":[{"href":"https:\/\/blog.olimar.de\/wp-json\/wp\/v2\/posts\/3202","targetHints":{"allow":["GET"]}}],"collection":[{"href":"https:\/\/blog.olimar.de\/wp-json\/wp\/v2\/posts"}],"about":[{"href":"https:\/\/blog.olimar.de\/wp-json\/wp\/v2\/types\/post"}],"author":[{"embeddable":true,"href":"https:\/\/blog.olimar.de\/wp-json\/wp\/v2\/users\/9"}],"replies":[{"embeddable":true,"href":"https:\/\/blog.olimar.de\/wp-json\/wp\/v2\/comments?post=3202"}],"version-history":[{"count":24,"href":"https:\/\/blog.olimar.de\/wp-json\/wp\/v2\/posts\/3202\/revisions"}],"predecessor-version":[{"id":27029,"href":"https:\/\/blog.olimar.de\/wp-json\/wp\/v2\/posts\/3202\/revisions\/27029"}],"wp:featuredmedia":[{"embeddable":true,"href":"https:\/\/blog.olimar.de\/wp-json\/wp\/v2\/media\/3206"}],"wp:attachment":[{"href":"https:\/\/blog.olimar.de\/wp-json\/wp\/v2\/media?parent=3202"}],"wp:term":[{"taxonomy":"category","embeddable":true,"href":"https:\/\/blog.olimar.de\/wp-json\/wp\/v2\/categories?post=3202"},{"taxonomy":"post_tag","embeddable":true,"href":"https:\/\/blog.olimar.de\/wp-json\/wp\/v2\/tags?post=3202"}],"curies":[{"name":"wp","href":"https:\/\/api.w.org\/{rel}","templated":true}]}}