{"id":3253,"date":"2015-11-09T16:56:03","date_gmt":"2015-11-09T14:56:03","guid":{"rendered":"https:\/\/blog.olimar.de\/?p=3253"},"modified":"2022-12-21T12:48:47","modified_gmt":"2022-12-21T11:48:47","slug":"rundreise-durch-mittelportugal","status":"publish","type":"post","link":"https:\/\/blog.olimar.de\/rundreise-durch-mittelportugal\/","title":{"rendered":"Vier OLIMAR Kollegen auf Rundreise durch Mittelportugal"},"content":{"rendered":"\n<p><strong>Vier Kolleginnen aus dem OLIMAR Verkaufs- und Produktteam in K\u00f6ln haben sich auf eine 4-t\u00e4gige Reise durch Portugal begeben. Entlang der Route der OLIMAR Rundreise &#8220;Einmalige Erlebnisse im unbekannten Mittelportugal&#8221; haben sie nicht nur kleine Hotelperlen sondern auch zauberhafte Landschaften und gastfreundliche Menschen kennen gelernt&#8230;<\/strong><\/p>\n\n\n\n<div class=\"wp-block-buttons is-layout-flex wp-block-buttons-is-layout-flex\">\n<div class=\"wp-block-button\"><a class=\"wp-block-button__link wp-element-button\" href=\"https:\/\/www.olimar.de\/portugal\/die-mitte\/\">Mittelportugal Reiseangebote und Hoteltipps entdecken<\/a><\/div>\n<\/div>\n\n\n\n<div style=\"height:25px\" aria-hidden=\"true\" class=\"wp-block-spacer\"><\/div>\n\n\n<p class=\"intro\">Lesen Sie selbst:<\/p>\n<p><span class=\"dropcap\">D<\/span>ie meisten unserer Freunde glauben, dass sich das Leben von uns OLIMAR Mitarbeitern \u00fcberwiegend zwischen Lissabon, den Golfpl\u00e4tzen an der Algarve und dem five o clock tea im Reid\u2019s Palace Hotel auf Madeira abspielt \ud83d\ude09 Auch wenn es sich hier um ein Klischee handelt und unser beruflicher Alltag nat\u00fcrlich \u00fcberwiegend im B\u00fcro stattfindet, haben wir vier Kolleginnen aus der OLIMAR\u00a0 Zentrale in K\u00f6ln die Gelegenheit genutzt und sind vom 23.10.15 \u2013 26.10.15 mit dem zust\u00e4ndigen Portugal Produktmanager aus Lissabon durch <a href=\"https:\/\/www.olimar.de\/portugal\/die-mitte\/\" rel=\"noopener noreferrer\">Mittel-<\/a>und <a href=\"https:\/\/www.olimar.de\/portugal\/der-norden\/\" rel=\"noopener noreferrer\">Nordportugal<\/a> gereist.<br \/>Wir wollten auf dieser Reise einmal mehr erleben, dass Portugal mehr ist als die sch\u00f6nen Sandstr\u00e4nde der Algarve.. mehr ist, als die faszinierende Bergwelt Madeiras oder auch mehr ist als das pulsierende Leben in Lissabon.<\/p>\n<h3><strong>Wir haben f\u00fcr Sie unsere Mietwagen-Rundreise \u201eEinmalige Erlebnisse im unbekannten Mittelportugal\u201c getestet.<\/strong><\/h3>\n<p>\u00a0<\/p>\n<div id=\"attachment_3268\" style=\"width: 1010px\" class=\"wp-caption alignleft\"><img loading=\"lazy\" decoding=\"async\" aria-describedby=\"caption-attachment-3268\" class=\"size-full wp-image-3268\" src=\"https:\/\/blog.olimar.de\/wp-content\/uploads\/2015\/11\/OPOR38-k-Karte2015.jpg\" alt=\"Route der OLIMAR Rundreise &quot;Einmalige Erlebnisse im unbekannten Mittelportugal&quot;\" width=\"1000\" height=\"745\" srcset=\"https:\/\/blog.olimar.de\/wp-content\/uploads\/2015\/11\/OPOR38-k-Karte2015.jpg 1000w, https:\/\/blog.olimar.de\/wp-content\/uploads\/2015\/11\/OPOR38-k-Karte2015-300x224.jpg 300w\" sizes=\"auto, (max-width: 1000px) 100vw, 1000px\" \/><p id=\"caption-attachment-3268\" class=\"wp-caption-text\">Route der OLIMAR Rundreise &#8220;Einmalige Erlebnisse im unbekannten Mittelportugal&#8221;<\/p><\/div>\n<p>Von Lissabon (&#8220;regul\u00e4r&#8221; startet die Rundreise in Porto) ging es zuerst ca. 120 km nord\u00f6stlich in das <a href=\"https:\/\/rms.olimar.de\/code\/LIS754\" rel=\"noopener noreferrer\">Cooking and Nature Emotional Hotel bei OLIMAR Reisen<\/a> nach Alvados. Ein Designhotel, ganz ruhig mitten in der Natur gelegen und mit der M\u00f6glichkeit, abends das Dinner selbst zuzubereiten. Hier stehen K\u00f6che zur Seite und es macht wirklich Spa\u00df, beispielsweise den Teig f\u00fcr die Nudeln selbst zu kneten. Und das gemeinsame Essen wird so zu einem Event. Es war f\u00fcr uns alle ein wirkliches Erlebnis sich hinterher an den h\u00fcbsch gedeckten Tisch zu setzen und die selbst zubereiteten Speisen zu verzehren. Und dank des guten Weins hat das Essen sogar noch besser geschmeckt!<\/p>\n<div id='gallery-1' class='gallery galleryid-3253 gallery-columns-3 gallery-size-medium'><dl class='gallery-item'>\n\t\t\t<dt class='gallery-icon landscape'>\n\t\t\t\t<img loading=\"lazy\" decoding=\"async\" width=\"300\" height=\"200\" src=\"https:\/\/blog.olimar.de\/wp-content\/uploads\/2015\/11\/LIS754-z-ZimmerE-300x200.jpg\" class=\"attachment-medium size-medium\" alt=\"Zimmer Cooking &amp; Nature Emotional Hotel Alvados\" aria-describedby=\"gallery-1-3263\" srcset=\"https:\/\/blog.olimar.de\/wp-content\/uploads\/2015\/11\/LIS754-z-ZimmerE-300x200.jpg 300w, https:\/\/blog.olimar.de\/wp-content\/uploads\/2015\/11\/LIS754-z-ZimmerE-840x560.jpg 840w, https:\/\/blog.olimar.de\/wp-content\/uploads\/2015\/11\/LIS754-z-ZimmerE.jpg 1000w\" sizes=\"auto, (max-width: 300px) 100vw, 300px\" \/>\n\t\t\t<\/dt>\n\t\t\t\t<dd class='wp-caption-text gallery-caption' id='gallery-1-3263'>\n\t\t\t\tIndividuell gestaltete Zimmer im Cooking &#038; Nature Emotional Hotel\n\t\t\t\t<\/dd><\/dl><dl class='gallery-item'>\n\t\t\t<dt class='gallery-icon landscape'>\n\t\t\t\t<img loading=\"lazy\" decoding=\"async\" width=\"300\" height=\"200\" src=\"https:\/\/blog.olimar.de\/wp-content\/uploads\/2015\/11\/LIS754-r-BarB-300x200.jpg\" class=\"attachment-medium size-medium\" alt=\"Details Cooking &amp; Nature Emotional Hotel Alvados\" aria-describedby=\"gallery-1-3264\" srcset=\"https:\/\/blog.olimar.de\/wp-content\/uploads\/2015\/11\/LIS754-r-BarB-300x200.jpg 300w, https:\/\/blog.olimar.de\/wp-content\/uploads\/2015\/11\/LIS754-r-BarB-840x560.jpg 840w, https:\/\/blog.olimar.de\/wp-content\/uploads\/2015\/11\/LIS754-r-BarB.jpg 1000w\" sizes=\"auto, (max-width: 300px) 100vw, 300px\" \/>\n\t\t\t<\/dt>\n\t\t\t\t<dd class='wp-caption-text gallery-caption' id='gallery-1-3264'>\n\t\t\t\tLiebevolle Einrichtung und Details\n\t\t\t\t<\/dd><\/dl><dl class='gallery-item'>\n\t\t\t<dt class='gallery-icon portrait'>\n\t\t\t\t<img loading=\"lazy\" decoding=\"async\" width=\"199\" height=\"300\" src=\"https:\/\/blog.olimar.de\/wp-content\/uploads\/2015\/11\/LIS754-p-PoolA-199x300.jpg\" class=\"attachment-medium size-medium\" alt=\"Au\u00dfenpool Cooking &amp; Nature Emotional Hotel\" aria-describedby=\"gallery-1-3265\" srcset=\"https:\/\/blog.olimar.de\/wp-content\/uploads\/2015\/11\/LIS754-p-PoolA-199x300.jpg 199w, https:\/\/blog.olimar.de\/wp-content\/uploads\/2015\/11\/LIS754-p-PoolA-678x1024.jpg 678w, https:\/\/blog.olimar.de\/wp-content\/uploads\/2015\/11\/LIS754-p-PoolA.jpg 1000w\" sizes=\"auto, (max-width: 199px) 100vw, 199px\" \/>\n\t\t\t<\/dt>\n\t\t\t\t<dd class='wp-caption-text gallery-caption' id='gallery-1-3265'>\n\t\t\t\tHerrlicher Au\u00dfenbereich des Cooking &#038; Nature Emotional Hotel\n\t\t\t\t<\/dd><\/dl><br style=\"clear: both\" \/><dl class='gallery-item'>\n\t\t\t<dt class='gallery-icon landscape'>\n\t\t\t\t<img loading=\"lazy\" decoding=\"async\" width=\"300\" height=\"200\" src=\"https:\/\/blog.olimar.de\/wp-content\/uploads\/2015\/11\/LIS754-a-Front-300x200.jpg\" class=\"attachment-medium size-medium\" alt=\"Cooking and Nature Emotional Hotel Au\u00dfenansicht\" srcset=\"https:\/\/blog.olimar.de\/wp-content\/uploads\/2015\/11\/LIS754-a-Front-300x200.jpg 300w, https:\/\/blog.olimar.de\/wp-content\/uploads\/2015\/11\/LIS754-a-Front-840x560.jpg 840w, https:\/\/blog.olimar.de\/wp-content\/uploads\/2015\/11\/LIS754-a-Front.jpg 1000w\" sizes=\"auto, (max-width: 300px) 100vw, 300px\" \/>\n\t\t\t<\/dt><\/dl><dl class='gallery-item'>\n\t\t\t<dt class='gallery-icon landscape'>\n\t\t\t\t<img loading=\"lazy\" decoding=\"async\" width=\"300\" height=\"169\" src=\"https:\/\/blog.olimar.de\/wp-content\/uploads\/2015\/11\/Kochstunde-300x169.jpg\" class=\"attachment-medium size-medium\" alt=\"Olimar Produktteam beim Kochen\" aria-describedby=\"gallery-1-3285\" srcset=\"https:\/\/blog.olimar.de\/wp-content\/uploads\/2015\/11\/Kochstunde-300x169.jpg 300w, https:\/\/blog.olimar.de\/wp-content\/uploads\/2015\/11\/Kochstunde-1024x576.jpg 1024w, https:\/\/blog.olimar.de\/wp-content\/uploads\/2015\/11\/Kochstunde.jpg 1600w\" sizes=\"auto, (max-width: 300px) 100vw, 300px\" \/>\n\t\t\t<\/dt>\n\t\t\t\t<dd class='wp-caption-text gallery-caption' id='gallery-1-3285'>\n\t\t\t\tWir hatten Spa\u00df beim gemeinsamen Kochen!\n\t\t\t\t<\/dd><\/dl>\n\t\t\t<br style='clear: both' \/>\n\t\t<\/div>\n\n<p>\u00a0<\/p>\n<p>Am n\u00e4chsten Tag ging es weiter Ritchung <a href=\"https:\/\/www.olimar.de\/portugal\/die-mitte\/\">Viseu<\/a>. Wir fuhren durch gem\u00fctliche und noch sehr urspr\u00fcngliche D\u00f6rfer bis zum Parador Casa da \u00cdnsua, \u00f6stlich von Viseu in Mittelportugal. Der Parador ist ein barocker Adelssitz, der in ein modernes Hotel mit antiken Elementen verwandelt wurde. Man sp\u00fcrt noch den Atem der Vergangenheit und taucht in die zur\u00fcckliegende Geschichte Portugals ein, ohne auf zeitgem\u00e4\u00dfen Komfort verzichten zu m\u00fcssen. Das Hotel bietet den G\u00e4sten neben einem Museum u.a Kurse zur K\u00e4seproduktion an. Ein Besuch durch den hoteleigenen Garten ist dar\u00fcber hinaus zu jeder Jahreszeit ein Vergn\u00fcgen.<\/p>\n<div id='gallery-2' class='gallery galleryid-3253 gallery-columns-3 gallery-size-medium'><dl class='gallery-item'>\n\t\t\t<dt class='gallery-icon landscape'>\n\t\t\t\t<img loading=\"lazy\" decoding=\"async\" width=\"300\" height=\"200\" src=\"https:\/\/blog.olimar.de\/wp-content\/uploads\/2015\/11\/OPO644-i-Stairs-2004-300x200.jpg\" class=\"attachment-medium size-medium\" alt=\"Treppenhaus Parador Casa da \u00cdnsua\" aria-describedby=\"gallery-2-3273\" srcset=\"https:\/\/blog.olimar.de\/wp-content\/uploads\/2015\/11\/OPO644-i-Stairs-2004-300x200.jpg 300w, https:\/\/blog.olimar.de\/wp-content\/uploads\/2015\/11\/OPO644-i-Stairs-2004-840x560.jpg 840w, https:\/\/blog.olimar.de\/wp-content\/uploads\/2015\/11\/OPO644-i-Stairs-2004.jpg 1000w\" sizes=\"auto, (max-width: 300px) 100vw, 300px\" \/>\n\t\t\t<\/dt>\n\t\t\t\t<dd class='wp-caption-text gallery-caption' id='gallery-2-3273'>\n\t\t\t\tHistorisches Ambiente selbst im &#8220;Treppenhaus&#8221;\n\t\t\t\t<\/dd><\/dl><dl class='gallery-item'>\n\t\t\t<dt class='gallery-icon landscape'>\n\t\t\t\t<img loading=\"lazy\" decoding=\"async\" width=\"300\" height=\"200\" src=\"https:\/\/blog.olimar.de\/wp-content\/uploads\/2015\/11\/OPO644-a-Geral-2005-300x200.jpg\" class=\"attachment-medium size-medium\" alt=\"Blick auf den Parador Casa da \u00cdnsua\" aria-describedby=\"gallery-2-3272\" srcset=\"https:\/\/blog.olimar.de\/wp-content\/uploads\/2015\/11\/OPO644-a-Geral-2005-300x200.jpg 300w, https:\/\/blog.olimar.de\/wp-content\/uploads\/2015\/11\/OPO644-a-Geral-2005-840x560.jpg 840w, https:\/\/blog.olimar.de\/wp-content\/uploads\/2015\/11\/OPO644-a-Geral-2005.jpg 1000w\" sizes=\"auto, (max-width: 300px) 100vw, 300px\" \/>\n\t\t\t<\/dt>\n\t\t\t\t<dd class='wp-caption-text gallery-caption' id='gallery-2-3272'>\n\t\t\t\tBlick auf den Parador Casa da \u00cdnsua\n\t\t\t\t<\/dd><\/dl><dl class='gallery-item'>\n\t\t\t<dt class='gallery-icon landscape'>\n\t\t\t\t<img loading=\"lazy\" decoding=\"async\" width=\"300\" height=\"200\" src=\"https:\/\/blog.olimar.de\/wp-content\/uploads\/2015\/11\/OPO644-z-QuartoDuploPalacio-300x200.jpg\" class=\"attachment-medium size-medium\" alt=\"Zimmer im Parador Casa da \u00cdnsua\" aria-describedby=\"gallery-2-3271\" srcset=\"https:\/\/blog.olimar.de\/wp-content\/uploads\/2015\/11\/OPO644-z-QuartoDuploPalacio-300x200.jpg 300w, https:\/\/blog.olimar.de\/wp-content\/uploads\/2015\/11\/OPO644-z-QuartoDuploPalacio-840x560.jpg 840w, https:\/\/blog.olimar.de\/wp-content\/uploads\/2015\/11\/OPO644-z-QuartoDuploPalacio.jpg 1000w\" sizes=\"auto, (max-width: 300px) 100vw, 300px\" \/>\n\t\t\t<\/dt>\n\t\t\t\t<dd class='wp-caption-text gallery-caption' id='gallery-2-3271'>\n\t\t\t\tZimmerbeispiel\n\t\t\t\t<\/dd><\/dl><br style=\"clear: both\" \/><dl class='gallery-item'>\n\t\t\t<dt class='gallery-icon portrait'>\n\t\t\t\t<img loading=\"lazy\" decoding=\"async\" width=\"200\" height=\"300\" src=\"https:\/\/blog.olimar.de\/wp-content\/uploads\/2015\/11\/OPO644-a-FassadeB-200x300.jpg\" class=\"attachment-medium size-medium\" alt=\"Garten im Parador Casa da \u00cdnsua\" aria-describedby=\"gallery-2-3270\" srcset=\"https:\/\/blog.olimar.de\/wp-content\/uploads\/2015\/11\/OPO644-a-FassadeB-200x300.jpg 200w, https:\/\/blog.olimar.de\/wp-content\/uploads\/2015\/11\/OPO644-a-FassadeB-683x1024.jpg 683w, https:\/\/blog.olimar.de\/wp-content\/uploads\/2015\/11\/OPO644-a-FassadeB.jpg 1000w\" sizes=\"auto, (max-width: 200px) 100vw, 200px\" \/>\n\t\t\t<\/dt>\n\t\t\t\t<dd class='wp-caption-text gallery-caption' id='gallery-2-3270'>\n\t\t\t\tWundersch\u00f6n und aufwendig angelegter Garten\n\t\t\t\t<\/dd><\/dl>\n\t\t\t<br style='clear: both' \/>\n\t\t<\/div>\n\n<p>\u00a0<\/p>\n<p>Auch in Viseu empfiehlt sich unbedingt ein Stopp. Im Zentrum der Stadt gibt es \u00fcbrigens ein neues Shopping Center, was die Herzen der anwesenden Damen h\u00f6her hat schlagen lassen&#8230;<\/p>\n<p>Auf dem Weg von Viseu zu unserer dritten \u00dcbernachtung haben wir einen kurzen Abstecher an den Douro gemacht. Der Weg war auch hier das Ziel.<br \/>Die herbstliche Atmosph\u00e4re und der Sonnenschein haben Lust gemacht auf einen Besuch einer Weinkellerei am Douro. Hier gibt es zahlreiche M\u00f6glichkeiten zu ausgedehnten Weinproben mit herrlichem Blick auf den Fluss. \u00dcber die gekauften Flaschen haben sich die Bekannten und Freunde daheim sehr gefreut.<\/p>\n<p>Die letzte Nacht auf unserer Reise haben wir im Hotel <a href=\"https:\/\/rms.olimar.de\/code\/OPO646\" rel=\"noopener noreferrer\">Casas do C\u00f4ro<\/a> in Marialva verbracht. Hier hat der Hotelier ein wirkliches Meisterwerk vollbracht.<br \/>Innerhalb eines historischen Dorfes, auf einem Berg gelegen, hat er einige Granith\u00e4user sehr stilvoll in ein Hotel verwandelt.\u00a0 Der Blick von dort in die Ebene und die Ruhe und Beschaulichkeit lassen den gestressten Gro\u00dfst\u00e4dter an diesem einmaligen Platz zur Ruhe kommen. Das Hotel lebt wirklich durch seine pers\u00f6nliche Atmosph\u00e4re. Der neu gestaltete Spa Bereich l\u00e4dt zu entspannten Stunden ein.<\/p>\n<div id='gallery-3' class='gallery galleryid-3253 gallery-columns-3 gallery-size-medium'><dl class='gallery-item'>\n\t\t\t<dt class='gallery-icon landscape'>\n\t\t\t\t<img loading=\"lazy\" decoding=\"async\" width=\"300\" height=\"200\" src=\"https:\/\/blog.olimar.de\/wp-content\/uploads\/2015\/11\/OPO646-z-RoomB-300x200.jpg\" class=\"attachment-medium size-medium\" alt=\"Doppelzimmer Casas do C\u00f4ro\" aria-describedby=\"gallery-3-3276\" srcset=\"https:\/\/blog.olimar.de\/wp-content\/uploads\/2015\/11\/OPO646-z-RoomB-300x200.jpg 300w, https:\/\/blog.olimar.de\/wp-content\/uploads\/2015\/11\/OPO646-z-RoomB-840x560.jpg 840w, https:\/\/blog.olimar.de\/wp-content\/uploads\/2015\/11\/OPO646-z-RoomB.jpg 1000w\" sizes=\"auto, (max-width: 300px) 100vw, 300px\" \/>\n\t\t\t<\/dt>\n\t\t\t\t<dd class='wp-caption-text gallery-caption' id='gallery-3-3276'>\n\t\t\t\tJedes Zimmer ist individuell und besonders stilvoll eingerichtet\n\t\t\t\t<\/dd><\/dl><dl class='gallery-item'>\n\t\t\t<dt class='gallery-icon landscape'>\n\t\t\t\t<img loading=\"lazy\" decoding=\"async\" width=\"300\" height=\"200\" src=\"https:\/\/blog.olimar.de\/wp-content\/uploads\/2015\/11\/OPO646-a-CasasDoCoro-300x200.jpg\" class=\"attachment-medium size-medium\" alt=\"Au\u00dfenansicht Casas do C\u00f4ro\" aria-describedby=\"gallery-3-3277\" srcset=\"https:\/\/blog.olimar.de\/wp-content\/uploads\/2015\/11\/OPO646-a-CasasDoCoro-300x200.jpg 300w, https:\/\/blog.olimar.de\/wp-content\/uploads\/2015\/11\/OPO646-a-CasasDoCoro-840x560.jpg 840w, https:\/\/blog.olimar.de\/wp-content\/uploads\/2015\/11\/OPO646-a-CasasDoCoro.jpg 1000w\" sizes=\"auto, (max-width: 300px) 100vw, 300px\" \/>\n\t\t\t<\/dt>\n\t\t\t\t<dd class='wp-caption-text gallery-caption' id='gallery-3-3277'>\n\t\t\t\tDie Casas do C\u00f4ro f\u00fcgen sich sehr harmonisch in die Landschaft ein\n\t\t\t\t<\/dd><\/dl><dl class='gallery-item'>\n\t\t\t<dt class='gallery-icon landscape'>\n\t\t\t\t<img loading=\"lazy\" decoding=\"async\" width=\"300\" height=\"200\" src=\"https:\/\/blog.olimar.de\/wp-content\/uploads\/2015\/11\/OPO646-p-Pool-300x200.jpg\" class=\"attachment-medium size-medium\" alt=\"Sonnenterrasse Garten Casas do C\u00f4ro Marialva\" aria-describedby=\"gallery-3-3278\" srcset=\"https:\/\/blog.olimar.de\/wp-content\/uploads\/2015\/11\/OPO646-p-Pool-300x200.jpg 300w, https:\/\/blog.olimar.de\/wp-content\/uploads\/2015\/11\/OPO646-p-Pool-840x560.jpg 840w, https:\/\/blog.olimar.de\/wp-content\/uploads\/2015\/11\/OPO646-p-Pool.jpg 1000w\" sizes=\"auto, (max-width: 300px) 100vw, 300px\" \/>\n\t\t\t<\/dt>\n\t\t\t\t<dd class='wp-caption-text gallery-caption' id='gallery-3-3278'>\n\t\t\t\tGarten und Sonnenterrasse mit Blick auf die Festungst\u00fcrme des historischen Ortes Marialva\n\t\t\t\t<\/dd><\/dl><br style=\"clear: both\" \/><dl class='gallery-item'>\n\t\t\t<dt class='gallery-icon portrait'>\n\t\t\t\t<img loading=\"lazy\" decoding=\"async\" width=\"239\" height=\"300\" src=\"https:\/\/blog.olimar.de\/wp-content\/uploads\/2015\/11\/Marialva-e1446830877144-239x300.jpg\" class=\"attachment-medium size-medium\" alt=\"Historische Burganlage von Marialva\" aria-describedby=\"gallery-3-3286\" srcset=\"https:\/\/blog.olimar.de\/wp-content\/uploads\/2015\/11\/Marialva-e1446830877144-239x300.jpg 239w, https:\/\/blog.olimar.de\/wp-content\/uploads\/2015\/11\/Marialva-e1446830877144-816x1024.jpg 816w, https:\/\/blog.olimar.de\/wp-content\/uploads\/2015\/11\/Marialva-e1446830877144.jpg 892w\" sizes=\"auto, (max-width: 239px) 100vw, 239px\" \/>\n\t\t\t<\/dt>\n\t\t\t\t<dd class='wp-caption-text gallery-caption' id='gallery-3-3286'>\n\t\t\t\tHistorische Burganlage von Marialva\n\t\t\t\t<\/dd><\/dl>\n\t\t\t<br style='clear: both' \/>\n\t\t<\/div>\n\n<p>\u00a0<\/p>\n<p>Die 6-t\u00e4gige Mietwagen-Rundreise (die wir hier auf 4 Tage gek\u00fcrzt hatten) &#8220;Einmalige Erlebnisse im unbekannten Mittelportugal&#8221; eignet sich hervorragend, um die in Deutschland doch recht unbekannte Region Mittelportugal intensiv und haupts\u00e4chlich abseits touristischer Pfade kennen zu lernen. Die in der Reise vorreservierten <strong>Charme- und Design-Hotels<\/strong> k\u00f6nnten abwechslungsreicher kaum sein. Das inkludierte Ausflugs- und Erlebnisprogramm bietet sch\u00f6ne Highlights wie u.a. <strong>Show-Cooking<\/strong>, einen <strong>gef\u00fchrten Nachtspaziergang<\/strong>, eine gef\u00fchrte <strong>Wanderung<\/strong> sowie eine <strong>Tour zur K\u00e4se- oder Marmeladenproduktion<\/strong>. \u00dcberall wird man freundlich und sehr offen empfangen &#8211; die Gastfreundschaft der Menschen ist beispiellos.<\/p>\n<p>Und so freuen wir uns schon auf unsere n\u00e4chste Reise nach <a href=\"https:\/\/www.olimar.de\/portugal\/\" rel=\"noopener noreferrer\">Portugal<\/a> &#8211; denn wir kommen ganz bestimmt wieder.<\/p>\n\n\n<div style=\"height:25px\" aria-hidden=\"true\" class=\"wp-block-spacer\"><\/div>\n\n\n\n<div class=\"wp-block-buttons is-layout-flex wp-block-buttons-is-layout-flex\">\n<div class=\"wp-block-button\"><a class=\"wp-block-button__link wp-element-button\" href=\"https:\/\/www.olimar.de\/hotellistung\/\">Jetzt Urlaubsangebote finden und buchen<\/a><\/div>\n<\/div>\n\n\n\n<div style=\"height:100px\" aria-hidden=\"true\" class=\"wp-block-spacer\"><\/div>\n","protected":false},"excerpt":{"rendered":"<p>Vier Kolleginnen aus dem OLIMAR Verkaufs- und Produktteam in K\u00f6ln haben sich auf eine 4-t\u00e4gige Reise durch Portugal begeben. Entlang der Route der OLIMAR Rundreise &#8220;Einmalige Erlebnisse im unbekannten Mittelportugal&#8221; haben sie nicht nur kleine Hotelperlen sondern auch zauberhafte Landschaften und gastfreundliche Menschen kennen gelernt&#8230; Lesen Sie selbst: Die meisten unserer Freunde glauben, dass sich das Leben von uns OLIMAR Mitarbeitern \u00fcberwiegend zwischen Lissabon, den Golfpl\u00e4tzen an der Algarve und dem five o clock tea im Reid\u2019s Palace Hotel auf Madeira abspielt \ud83d\ude09 Auch wenn es sich hier um ein Klischee handelt und unser beruflicher Alltag nat\u00fcrlich \u00fcberwiegend im B\u00fcro stattfindet, &hellip;<\/p>\n","protected":false},"author":9,"featured_media":3290,"comment_status":"open","ping_status":"open","sticky":false,"template":"","format":"standard","meta":{"_crdt_document":"","_lmt_disableupdate":"","_lmt_disable":"","footnotes":""},"categories":[33],"tags":[135,34],"class_list":["post-3253","post","type-post","status-publish","format-standard","has-post-thumbnail","hentry","category-hinter-den-kulissen","tag-mittelportugal","tag-portugal"],"yoast_head":"<!-- This site is optimized with the Yoast SEO plugin v26.9 - https:\/\/yoast.com\/product\/yoast-seo-wordpress\/ -->\n<title>OLIMAR Kolleginnen testen Rundreise durch Mittelportugal<\/title>\n<meta name=\"description\" content=\"Vier OLIMAR Kolleginnen haben die Mietwagen Rundreise durch Mittelportugal &quot;Einmalige Erlebnisse im unbekannten Mittelportugal&quot; getestet.\" \/>\n<meta name=\"robots\" content=\"index, follow, max-snippet:-1, max-image-preview:large, max-video-preview:-1\" \/>\n<link rel=\"canonical\" href=\"https:\/\/blog.olimar.de\/rundreise-durch-mittelportugal\/\" \/>\n<meta property=\"og:locale\" content=\"de_DE\" \/>\n<meta property=\"og:type\" content=\"article\" \/>\n<meta property=\"og:title\" content=\"OLIMAR Kolleginnen testen Rundreise durch Mittelportugal\" \/>\n<meta property=\"og:description\" content=\"Vier OLIMAR Kolleginnen haben die Mietwagen Rundreise durch Mittelportugal &quot;Einmalige Erlebnisse im unbekannten Mittelportugal&quot; getestet.\" \/>\n<meta property=\"og:url\" content=\"https:\/\/blog.olimar.de\/rundreise-durch-mittelportugal\/\" \/>\n<meta property=\"article:publisher\" content=\"https:\/\/www.facebook.com\/OlimarReisen\" \/>\n<meta property=\"article:published_time\" content=\"2015-11-09T14:56:03+00:00\" \/>\n<meta property=\"article:modified_time\" content=\"2022-12-21T11:48:47+00:00\" \/>\n<meta property=\"og:image\" content=\"https:\/\/blog.olimar.de\/wp-content\/uploads\/2015\/11\/Douroblick_Olimar_1200x800-e1459349116682.jpg\" \/>\n\t<meta property=\"og:image:width\" content=\"1100\" \/>\n\t<meta property=\"og:image:height\" content=\"733\" \/>\n\t<meta property=\"og:image:type\" content=\"image\/jpeg\" \/>\n<meta name=\"author\" content=\"OLIMAR Redaktionsteam\" \/>\n<meta name=\"twitter:label1\" content=\"Verfasst von\" \/>\n\t<meta name=\"twitter:data1\" content=\"OLIMAR Redaktionsteam\" \/>\n\t<meta name=\"twitter:label2\" content=\"Gesch\u00e4tzte Lesezeit\" \/>\n\t<meta name=\"twitter:data2\" content=\"5\u00a0Minuten\" \/>\n<script type=\"application\/ld+json\" class=\"yoast-schema-graph\">{\"@context\":\"https:\/\/schema.org\",\"@graph\":[{\"@type\":\"WebPage\",\"@id\":\"https:\/\/blog.olimar.de\/rundreise-durch-mittelportugal\/\",\"url\":\"https:\/\/blog.olimar.de\/rundreise-durch-mittelportugal\/\",\"name\":\"OLIMAR Kolleginnen testen Rundreise durch Mittelportugal\",\"isPartOf\":{\"@id\":\"https:\/\/blog.olimar.de\/#website\"},\"primaryImageOfPage\":{\"@id\":\"https:\/\/blog.olimar.de\/rundreise-durch-mittelportugal\/#primaryimage\"},\"image\":{\"@id\":\"https:\/\/blog.olimar.de\/rundreise-durch-mittelportugal\/#primaryimage\"},\"thumbnailUrl\":\"https:\/\/blog.olimar.de\/wp-content\/uploads\/2015\/11\/Douroblick_Olimar_1200x800-e1459349116682.jpg\",\"datePublished\":\"2015-11-09T14:56:03+00:00\",\"dateModified\":\"2022-12-21T11:48:47+00:00\",\"description\":\"Vier OLIMAR Kolleginnen haben die Mietwagen Rundreise durch Mittelportugal \\\"Einmalige Erlebnisse im unbekannten Mittelportugal\\\" getestet.\",\"breadcrumb\":{\"@id\":\"https:\/\/blog.olimar.de\/rundreise-durch-mittelportugal\/#breadcrumb\"},\"inLanguage\":\"de\",\"potentialAction\":[{\"@type\":\"ReadAction\",\"target\":[\"https:\/\/blog.olimar.de\/rundreise-durch-mittelportugal\/\"]}]},{\"@type\":\"ImageObject\",\"inLanguage\":\"de\",\"@id\":\"https:\/\/blog.olimar.de\/rundreise-durch-mittelportugal\/#primaryimage\",\"url\":\"https:\/\/blog.olimar.de\/wp-content\/uploads\/2015\/11\/Douroblick_Olimar_1200x800-e1459349116682.jpg\",\"contentUrl\":\"https:\/\/blog.olimar.de\/wp-content\/uploads\/2015\/11\/Douroblick_Olimar_1200x800-e1459349116682.jpg\",\"width\":1100,\"height\":733,\"caption\":\"Douroblick Weinberge Mittelportugal\"},{\"@type\":\"BreadcrumbList\",\"@id\":\"https:\/\/blog.olimar.de\/rundreise-durch-mittelportugal\/#breadcrumb\",\"itemListElement\":[{\"@type\":\"ListItem\",\"position\":1,\"name\":\"Home\",\"item\":\"https:\/\/blog.olimar.de\/\"},{\"@type\":\"ListItem\",\"position\":2,\"name\":\"Mittelportugal\",\"item\":\"https:\/\/blog.olimar.de\/tag\/mittelportugal\/\"},{\"@type\":\"ListItem\",\"position\":3,\"name\":\"Vier OLIMAR Kollegen auf Rundreise durch Mittelportugal\"}]},{\"@type\":\"WebSite\",\"@id\":\"https:\/\/blog.olimar.de\/#website\",\"url\":\"https:\/\/blog.olimar.de\/\",\"name\":\"OLIMAR.com\",\"description\":\"\",\"publisher\":{\"@id\":\"https:\/\/blog.olimar.de\/#organization\"},\"potentialAction\":[{\"@type\":\"SearchAction\",\"target\":{\"@type\":\"EntryPoint\",\"urlTemplate\":\"https:\/\/blog.olimar.de\/?s={search_term_string}\"},\"query-input\":{\"@type\":\"PropertyValueSpecification\",\"valueRequired\":true,\"valueName\":\"search_term_string\"}}],\"inLanguage\":\"de\"},{\"@type\":\"Organization\",\"@id\":\"https:\/\/blog.olimar.de\/#organization\",\"name\":\"OLIMAR Reisen\",\"url\":\"https:\/\/blog.olimar.de\/\",\"logo\":{\"@type\":\"ImageObject\",\"inLanguage\":\"de\",\"@id\":\"https:\/\/blog.olimar.de\/#\/schema\/logo\/image\/\",\"url\":\"https:\/\/blog.olimar.de\/wp-content\/uploads\/2021\/01\/OLIMAR_Logo_COLOR.png\",\"contentUrl\":\"https:\/\/blog.olimar.de\/wp-content\/uploads\/2021\/01\/OLIMAR_Logo_COLOR.png\",\"width\":2000,\"height\":986,\"caption\":\"OLIMAR Reisen\"},\"image\":{\"@id\":\"https:\/\/blog.olimar.de\/#\/schema\/logo\/image\/\"},\"sameAs\":[\"https:\/\/www.facebook.com\/OlimarReisen\",\"https:\/\/x.com\/olimarrreisen\",\"https:\/\/www.instagram.com\/olimarreisen\",\"https:\/\/www.youtube.com\/user\/olimarreisen\"]}]}<\/script>\n<!-- \/ Yoast SEO plugin. -->","yoast_head_json":{"title":"OLIMAR Kolleginnen testen Rundreise durch Mittelportugal","description":"Vier OLIMAR Kolleginnen haben die Mietwagen Rundreise durch Mittelportugal \"Einmalige Erlebnisse im unbekannten Mittelportugal\" getestet.","robots":{"index":"index","follow":"follow","max-snippet":"max-snippet:-1","max-image-preview":"max-image-preview:large","max-video-preview":"max-video-preview:-1"},"canonical":"https:\/\/blog.olimar.de\/rundreise-durch-mittelportugal\/","og_locale":"de_DE","og_type":"article","og_title":"OLIMAR Kolleginnen testen Rundreise durch Mittelportugal","og_description":"Vier OLIMAR Kolleginnen haben die Mietwagen Rundreise durch Mittelportugal \"Einmalige Erlebnisse im unbekannten Mittelportugal\" getestet.","og_url":"https:\/\/blog.olimar.de\/rundreise-durch-mittelportugal\/","article_publisher":"https:\/\/www.facebook.com\/OlimarReisen","article_published_time":"2015-11-09T14:56:03+00:00","article_modified_time":"2022-12-21T11:48:47+00:00","og_image":[{"width":1100,"height":733,"url":"https:\/\/blog.olimar.de\/wp-content\/uploads\/2015\/11\/Douroblick_Olimar_1200x800-e1459349116682.jpg","type":"image\/jpeg"}],"author":"OLIMAR Redaktionsteam","twitter_misc":{"Verfasst von":"OLIMAR Redaktionsteam","Gesch\u00e4tzte Lesezeit":"5\u00a0Minuten"},"schema":{"@context":"https:\/\/schema.org","@graph":[{"@type":"WebPage","@id":"https:\/\/blog.olimar.de\/rundreise-durch-mittelportugal\/","url":"https:\/\/blog.olimar.de\/rundreise-durch-mittelportugal\/","name":"OLIMAR Kolleginnen testen Rundreise durch Mittelportugal","isPartOf":{"@id":"https:\/\/blog.olimar.de\/#website"},"primaryImageOfPage":{"@id":"https:\/\/blog.olimar.de\/rundreise-durch-mittelportugal\/#primaryimage"},"image":{"@id":"https:\/\/blog.olimar.de\/rundreise-durch-mittelportugal\/#primaryimage"},"thumbnailUrl":"https:\/\/blog.olimar.de\/wp-content\/uploads\/2015\/11\/Douroblick_Olimar_1200x800-e1459349116682.jpg","datePublished":"2015-11-09T14:56:03+00:00","dateModified":"2022-12-21T11:48:47+00:00","description":"Vier OLIMAR Kolleginnen haben die Mietwagen Rundreise durch Mittelportugal \"Einmalige Erlebnisse im unbekannten Mittelportugal\" getestet.","breadcrumb":{"@id":"https:\/\/blog.olimar.de\/rundreise-durch-mittelportugal\/#breadcrumb"},"inLanguage":"de","potentialAction":[{"@type":"ReadAction","target":["https:\/\/blog.olimar.de\/rundreise-durch-mittelportugal\/"]}]},{"@type":"ImageObject","inLanguage":"de","@id":"https:\/\/blog.olimar.de\/rundreise-durch-mittelportugal\/#primaryimage","url":"https:\/\/blog.olimar.de\/wp-content\/uploads\/2015\/11\/Douroblick_Olimar_1200x800-e1459349116682.jpg","contentUrl":"https:\/\/blog.olimar.de\/wp-content\/uploads\/2015\/11\/Douroblick_Olimar_1200x800-e1459349116682.jpg","width":1100,"height":733,"caption":"Douroblick Weinberge Mittelportugal"},{"@type":"BreadcrumbList","@id":"https:\/\/blog.olimar.de\/rundreise-durch-mittelportugal\/#breadcrumb","itemListElement":[{"@type":"ListItem","position":1,"name":"Home","item":"https:\/\/blog.olimar.de\/"},{"@type":"ListItem","position":2,"name":"Mittelportugal","item":"https:\/\/blog.olimar.de\/tag\/mittelportugal\/"},{"@type":"ListItem","position":3,"name":"Vier OLIMAR Kollegen auf Rundreise durch Mittelportugal"}]},{"@type":"WebSite","@id":"https:\/\/blog.olimar.de\/#website","url":"https:\/\/blog.olimar.de\/","name":"OLIMAR.com","description":"","publisher":{"@id":"https:\/\/blog.olimar.de\/#organization"},"potentialAction":[{"@type":"SearchAction","target":{"@type":"EntryPoint","urlTemplate":"https:\/\/blog.olimar.de\/?s={search_term_string}"},"query-input":{"@type":"PropertyValueSpecification","valueRequired":true,"valueName":"search_term_string"}}],"inLanguage":"de"},{"@type":"Organization","@id":"https:\/\/blog.olimar.de\/#organization","name":"OLIMAR Reisen","url":"https:\/\/blog.olimar.de\/","logo":{"@type":"ImageObject","inLanguage":"de","@id":"https:\/\/blog.olimar.de\/#\/schema\/logo\/image\/","url":"https:\/\/blog.olimar.de\/wp-content\/uploads\/2021\/01\/OLIMAR_Logo_COLOR.png","contentUrl":"https:\/\/blog.olimar.de\/wp-content\/uploads\/2021\/01\/OLIMAR_Logo_COLOR.png","width":2000,"height":986,"caption":"OLIMAR Reisen"},"image":{"@id":"https:\/\/blog.olimar.de\/#\/schema\/logo\/image\/"},"sameAs":["https:\/\/www.facebook.com\/OlimarReisen","https:\/\/x.com\/olimarrreisen","https:\/\/www.instagram.com\/olimarreisen","https:\/\/www.youtube.com\/user\/olimarreisen"]}]}},"modified_by":"Lena Radermacher","jetpack_featured_media_url":"https:\/\/blog.olimar.de\/wp-content\/uploads\/2015\/11\/Douroblick_Olimar_1200x800-e1459349116682.jpg","_links":{"self":[{"href":"https:\/\/blog.olimar.de\/wp-json\/wp\/v2\/posts\/3253","targetHints":{"allow":["GET"]}}],"collection":[{"href":"https:\/\/blog.olimar.de\/wp-json\/wp\/v2\/posts"}],"about":[{"href":"https:\/\/blog.olimar.de\/wp-json\/wp\/v2\/types\/post"}],"author":[{"embeddable":true,"href":"https:\/\/blog.olimar.de\/wp-json\/wp\/v2\/users\/9"}],"replies":[{"embeddable":true,"href":"https:\/\/blog.olimar.de\/wp-json\/wp\/v2\/comments?post=3253"}],"version-history":[{"count":32,"href":"https:\/\/blog.olimar.de\/wp-json\/wp\/v2\/posts\/3253\/revisions"}],"predecessor-version":[{"id":22676,"href":"https:\/\/blog.olimar.de\/wp-json\/wp\/v2\/posts\/3253\/revisions\/22676"}],"wp:featuredmedia":[{"embeddable":true,"href":"https:\/\/blog.olimar.de\/wp-json\/wp\/v2\/media\/3290"}],"wp:attachment":[{"href":"https:\/\/blog.olimar.de\/wp-json\/wp\/v2\/media?parent=3253"}],"wp:term":[{"taxonomy":"category","embeddable":true,"href":"https:\/\/blog.olimar.de\/wp-json\/wp\/v2\/categories?post=3253"},{"taxonomy":"post_tag","embeddable":true,"href":"https:\/\/blog.olimar.de\/wp-json\/wp\/v2\/tags?post=3253"}],"curies":[{"name":"wp","href":"https:\/\/api.w.org\/{rel}","templated":true}]}}