{"id":3291,"date":"2015-11-23T19:02:40","date_gmt":"2015-11-23T17:02:40","guid":{"rendered":"https:\/\/blog.olimar.de\/?p=3291"},"modified":"2022-12-22T13:35:08","modified_gmt":"2022-12-22T12:35:08","slug":"katalogvorstellung-2016","status":"publish","type":"post","link":"https:\/\/blog.olimar.de\/katalogvorstellung-2016\/","title":{"rendered":"Das war die OLIMAR Katalogvorstellung auf Porto Santo und Madeira"},"content":{"rendered":"\n<p><strong>Im Oktober lud OLIMAR rund 130 Reiseb\u00fcro-Kolleginnen und -Kollegen und einige Reisejournalisten zur allj\u00e4hrlichen Katalogvorstellung ein. Gemeinsam ging es auf die zwei Atlantikinseln\u00a0<a href=\"https:\/\/www.olimar.de\/portugal\/porto-santo\/\" rel=\"noopener\">Porto Santo<\/a>\u00a0und\u00a0<a href=\"https:\/\/www.olimar.de\/portugal\/madeira\/\" rel=\"noopener\">Madeira<\/a>. Neben der Vorstellung der Highlights des OLIMAR Reiseprogramms 2016 lernten die Partner in einem abwechslungsreichen Begleitprogramm ausgew\u00e4hlte Hotels und landschaftliche H\u00f6hepunkte der zwei Inseln kennen.<\/strong><\/p>\n\n\n\n<div class=\"wp-block-buttons is-layout-flex wp-block-buttons-is-layout-flex\">\n<div class=\"wp-block-button\"><a class=\"wp-block-button__link wp-element-button\" href=\"https:\/\/www.olimar.de\/portugal\/\">Portugal Reiseangebote und Hoteltipps entdecken<\/a><\/div>\n<\/div>\n\n\n\n<div style=\"height:25px\" aria-hidden=\"true\" class=\"wp-block-spacer\"><\/div>\n\n\n<p><em>\u201eEs war eine sehr sch\u00f6ne und informative Inforeise\u201c<\/em>, sagt Tatiana M. aus M\u00fcnster.<br \/><em>\u201eWie immer bei Olimar eine gelungene und informative Reise, gut organisiert, man f\u00fchlt sich geborgen, danke f\u00fcr alles\u201c<\/em>, lobt Gudrun R. aus Wetter. <em>\u201eIch finde, dass es vom Aufwand her die beste Inforeise war, an der ich bisher teilnahm\u201c<\/em>, meint Barbara P. aus Graz. <em>\u201eViel Land und Leute gesehen. Tolle Ausfl\u00fcge, guter Mix aus Hotels, Pr\u00e4sentation und Ausfl\u00fcge, tolle Reisegruppe und Leiter. Alles Rundum TOP! Weiter so! Freue mich schon auf die n\u00e4chsten Vorstellungen\u201c<\/em>, ist das Fazit von Steffen S. aus Erlangen.<\/p>\n<p>Dies sind nur einige Stimmen der durchweg <strong>positiven Bilanz der Reiseb\u00fcro-Partner zur OLIMAR Katalogvorstellung 2016 auf Porto Santo und Madeira<\/strong>. Dabei war der Start recht feucht. Entgegen der normalen Wetterverh\u00e4ltnisse (Sonne satt) regnete es bei der Ankunft der aus Deutschland, \u00d6sterreich und der Schweiz angereisten Teilnehmer auf Porto Santo. Sonne in die Herzen der Reiseb\u00fcro-Kollegen brachte dann aber schnell die <strong>Herzlichkeit der Inselbewohner<\/strong>, die durch eine Folkloregruppe vertreten wurde, welche einen phantastischen Empfang am Flughafen darbot.<\/p>\n<div id=\"attachment_3331\" style=\"width: 5080px\" class=\"wp-caption alignleft\"><img loading=\"lazy\" decoding=\"async\" aria-describedby=\"caption-attachment-3331\" class=\"wp-image-3331 size-full\" src=\"https:\/\/blog.olimar.de\/wp-content\/uploads\/2015\/11\/PVST_Germania_Flugzeug_PXO.jpg\" alt=\"PVST_Germania_Flugzeug_PXO\" width=\"5070\" height=\"3380\" srcset=\"https:\/\/blog.olimar.de\/wp-content\/uploads\/2015\/11\/PVST_Germania_Flugzeug_PXO.jpg 5070w, https:\/\/blog.olimar.de\/wp-content\/uploads\/2015\/11\/PVST_Germania_Flugzeug_PXO-300x200.jpg 300w, https:\/\/blog.olimar.de\/wp-content\/uploads\/2015\/11\/PVST_Germania_Flugzeug_PXO-1024x683.jpg 1024w, https:\/\/blog.olimar.de\/wp-content\/uploads\/2015\/11\/PVST_Germania_Flugzeug_PXO-840x560.jpg 840w, https:\/\/blog.olimar.de\/wp-content\/uploads\/2015\/11\/PVST_Germania_Flugzeug_PXO-1200x800.jpg 1200w\" sizes=\"auto, (max-width: 5070px) 100vw, 5070px\" \/><p id=\"caption-attachment-3331\" class=\"wp-caption-text\">Ankunft der Reiseb\u00fcro-Profis am Flughafen von Porto Santo<\/p><\/div>\n<div id=\"attachment_3330\" style=\"width: 4712px\" class=\"wp-caption alignleft\"><img loading=\"lazy\" decoding=\"async\" aria-describedby=\"caption-attachment-3330\" class=\"wp-image-3330 size-full\" src=\"https:\/\/blog.olimar.de\/wp-content\/uploads\/2015\/11\/PVST_Empfang_Flughafen.jpg\" alt=\"PVST_Empfang_Flughafen\" width=\"4702\" height=\"3135\" srcset=\"https:\/\/blog.olimar.de\/wp-content\/uploads\/2015\/11\/PVST_Empfang_Flughafen.jpg 4702w, https:\/\/blog.olimar.de\/wp-content\/uploads\/2015\/11\/PVST_Empfang_Flughafen-300x200.jpg 300w, https:\/\/blog.olimar.de\/wp-content\/uploads\/2015\/11\/PVST_Empfang_Flughafen-1024x683.jpg 1024w, https:\/\/blog.olimar.de\/wp-content\/uploads\/2015\/11\/PVST_Empfang_Flughafen-840x560.jpg 840w, https:\/\/blog.olimar.de\/wp-content\/uploads\/2015\/11\/PVST_Empfang_Flughafen-1200x800.jpg 1200w\" sizes=\"auto, (max-width: 4702px) 100vw, 4702px\" \/><p id=\"caption-attachment-3330\" class=\"wp-caption-text\">Die Folkloregruppe bot einen herzlichen und fr\u00f6hlichen Empfang am Flughafen<\/p><\/div>\n<p>Reibungslos und schnell wurde eingecheckt und die ersten Eindr\u00fccke des kleinen Inselparadieses konnten gesammelt werden: <strong>Neun Kilometer Strand, herrliche D\u00fcnen und der kleine bezaubernde Ort Villa Baleira haben die Reiseb\u00fcrofachleute sofort begeistert.<\/strong> Eindr\u00fccke \u00fcber die beschauliche Anzahl an Hotels wurden am Nachmittag gesammelt.<\/p>\n<div id=\"attachment_3318\" style=\"width: 5770px\" class=\"wp-caption alignleft\"><img loading=\"lazy\" decoding=\"async\" aria-describedby=\"caption-attachment-3318\" class=\"wp-image-3318 size-full\" src=\"https:\/\/blog.olimar.de\/wp-content\/uploads\/2015\/11\/Olimar_FT_MAD_PXO-23.jpg\" alt=\"Olimar_FT_MAD_PXO-23\" width=\"5760\" height=\"3840\" srcset=\"https:\/\/blog.olimar.de\/wp-content\/uploads\/2015\/11\/Olimar_FT_MAD_PXO-23.jpg 5760w, https:\/\/blog.olimar.de\/wp-content\/uploads\/2015\/11\/Olimar_FT_MAD_PXO-23-300x200.jpg 300w, https:\/\/blog.olimar.de\/wp-content\/uploads\/2015\/11\/Olimar_FT_MAD_PXO-23-1024x683.jpg 1024w, https:\/\/blog.olimar.de\/wp-content\/uploads\/2015\/11\/Olimar_FT_MAD_PXO-23-840x560.jpg 840w, https:\/\/blog.olimar.de\/wp-content\/uploads\/2015\/11\/Olimar_FT_MAD_PXO-23-1200x800.jpg 1200w\" sizes=\"auto, (max-width: 5760px) 100vw, 5760px\" \/><p id=\"caption-attachment-3318\" class=\"wp-caption-text\">Trotz dunkler Wolken und Wind spektakul\u00e4r: der Strand von Porto Santo<\/p><\/div>\n<p><img loading=\"lazy\" decoding=\"async\" class=\"alignnone wp-image-3316\" src=\"https:\/\/blog.olimar.de\/wp-content\/uploads\/2015\/11\/Olimar_FT_MAD_PXO-15-300x200.jpg\" alt=\"Raues Meer und Terrasse auf Porto Santo\" width=\"3883\" height=\"2589\" \/> <img loading=\"lazy\" decoding=\"async\" class=\"alignleft size-full wp-image-3315\" src=\"https:\/\/blog.olimar.de\/wp-content\/uploads\/2015\/11\/Olimar_FT_MAD_PXO-13.jpg\" alt=\"Olimar_FT_MAD_PXO-13\" width=\"3883\" height=\"2589\" srcset=\"https:\/\/blog.olimar.de\/wp-content\/uploads\/2015\/11\/Olimar_FT_MAD_PXO-13.jpg 3883w, https:\/\/blog.olimar.de\/wp-content\/uploads\/2015\/11\/Olimar_FT_MAD_PXO-13-300x200.jpg 300w, https:\/\/blog.olimar.de\/wp-content\/uploads\/2015\/11\/Olimar_FT_MAD_PXO-13-1024x683.jpg 1024w, https:\/\/blog.olimar.de\/wp-content\/uploads\/2015\/11\/Olimar_FT_MAD_PXO-13-840x560.jpg 840w, https:\/\/blog.olimar.de\/wp-content\/uploads\/2015\/11\/Olimar_FT_MAD_PXO-13-1200x800.jpg 1200w\" sizes=\"auto, (max-width: 3883px) 100vw, 3883px\" \/><\/p>\n<p><img loading=\"lazy\" decoding=\"async\" class=\"alignnone wp-image-5513 \" src=\"https:\/\/blog.olimar.de\/wp-content\/uploads\/2015\/11\/PVST_Hotelbesichtigungen_PXO_kompri-300x200.jpg\" alt=\"Hotelbesichtigungen Katalogvorstellung Olimar Reisen\" width=\"623\" height=\"415\" srcset=\"https:\/\/blog.olimar.de\/wp-content\/uploads\/2015\/11\/PVST_Hotelbesichtigungen_PXO_kompri-300x200.jpg 300w, https:\/\/blog.olimar.de\/wp-content\/uploads\/2015\/11\/PVST_Hotelbesichtigungen_PXO_kompri-768x512.jpg 768w, https:\/\/blog.olimar.de\/wp-content\/uploads\/2015\/11\/PVST_Hotelbesichtigungen_PXO_kompri-1024x683.jpg 1024w, https:\/\/blog.olimar.de\/wp-content\/uploads\/2015\/11\/PVST_Hotelbesichtigungen_PXO_kompri-840x560.jpg 840w, https:\/\/blog.olimar.de\/wp-content\/uploads\/2015\/11\/PVST_Hotelbesichtigungen_PXO_kompri-1200x800.jpg 1200w\" sizes=\"auto, (max-width: 623px) 100vw, 623px\" \/>Die offizielle Begr\u00fc\u00dfung fand abends auf Einladung des <a href=\"https:\/\/rms.olimar.de\/code\/PXO501\">\u201eHotels Torre Praia\u201c<\/a> statt. Die anschlie\u00dfend geplante Beachparty wurde wegen des Wetters kurzerhand in den Sportclub verlagert. Bei handgemachten \u201ePoncha\u201c, wurde bis sp\u00e4t in die Nacht gemeinsam gefeiert.<\/p>\n<div id=\"attachment_3317\" style=\"width: 5252px\" class=\"wp-caption alignleft\"><img loading=\"lazy\" decoding=\"async\" aria-describedby=\"caption-attachment-3317\" class=\"wp-image-3317 size-full\" src=\"https:\/\/blog.olimar.de\/wp-content\/uploads\/2015\/11\/Olimar_FT_MAD_PXO-16.jpg\" alt=\"Olimar_FT_MAD_PXO-16\" width=\"5242\" height=\"3495\" srcset=\"https:\/\/blog.olimar.de\/wp-content\/uploads\/2015\/11\/Olimar_FT_MAD_PXO-16.jpg 5242w, https:\/\/blog.olimar.de\/wp-content\/uploads\/2015\/11\/Olimar_FT_MAD_PXO-16-300x200.jpg 300w, https:\/\/blog.olimar.de\/wp-content\/uploads\/2015\/11\/Olimar_FT_MAD_PXO-16-1024x683.jpg 1024w, https:\/\/blog.olimar.de\/wp-content\/uploads\/2015\/11\/Olimar_FT_MAD_PXO-16-840x560.jpg 840w, https:\/\/blog.olimar.de\/wp-content\/uploads\/2015\/11\/Olimar_FT_MAD_PXO-16-1200x800.jpg 1200w\" sizes=\"auto, (max-width: 5242px) 100vw, 5242px\" \/><p id=\"caption-attachment-3317\" class=\"wp-caption-text\">Das Team von OLIMAR begr\u00fc\u00dft die Reiseb\u00fcro-Partner<\/p><\/div>\n<p>Am zweiten Tag standen diverse Ausfl\u00fcge auf dem Programm. Neben <strong>Fahrradtouren<\/strong>, <strong>Jeepsafari<\/strong> und <strong>Inselrundfahrt<\/strong> war auch der Besuch des <strong>wundersch\u00f6nen Golfplatzes<\/strong> Teil des Programms. Dort traf man sich dann mit den Teilnehmern der Touren, die aufgrund des Wetters leider nicht stattfinden konnten. Einen Kaffee sp\u00e4ter waren bereits Alternativprogramme ausgearbeitet &#8211; und die Teilnehmer wieder gl\u00fccklich. Den Nachmittag nutzten die Reiseexperten f\u00fcr Strandspazierg\u00e4nge, Thalasso-Anwendungen oder einfach entspannt in einem der Caf\u00e9s in Villa Baleira. Bevor es dann abends auf die F\u00e4hre nach Madeira ging, traf man sich zum Sundowner an der Beachbar.<\/p>\n<p>Eine Erfahrung f\u00fcr sich war dann die \u00dcberfahrt: Die etwas <strong>raue See<\/strong> forderte doch bei einigen ihren Tribut auf der 2 \u00bd st\u00fcndigen \u00dcberfahrt. Nichtsdestotrotz: Weder das Wetter noch die aufregende \u00dcberfahrt konnten den Reiseprofis ihrer guten Laune berauben. Angekommen auf Madeira warteten bereits die Transferbusse am Hafen und es ging schnurstracks in die n\u00e4chsten Unterk\u00fcnfte: das \u201ePestana Casino Park\u201c und das <a href=\"https:\/\/rms.olimar.de\/code\/FNC136\" rel=\"noopener\">Pestana Carlton Madeira<\/a> in der Inselhauptstadt Funchal.<\/p>\n<p>Am n\u00e4chsten Tag spielte dann auch endlich das Wetter mit. <strong>Perfekt f\u00fcr die Stadtf\u00fchrung in <a href=\"https:\/\/www.olimar.de\/portugal\/madeira\/funchal\/\" rel=\"noopener\">Funchal<\/a>!<\/strong> Neben einem Marktbesuch f\u00fchrte der Weg auch auf den Berg von Monte, mit herrlichem Ausblick \u00fcber Funchal gelegen.<\/p>\n<p><img loading=\"lazy\" decoding=\"async\" class=\"alignnone wp-image-5543 size-full\" src=\"https:\/\/blog.olimar.de\/wp-content\/uploads\/2015\/11\/Olimar_FT_MAD_PXO-33_kompri.jpg\" alt=\"Markthalle von Funchal, Obst und Gem\u00fcse H\u00e4ndler\" width=\"4735\" height=\"3157\" srcset=\"https:\/\/blog.olimar.de\/wp-content\/uploads\/2015\/11\/Olimar_FT_MAD_PXO-33_kompri.jpg 4735w, https:\/\/blog.olimar.de\/wp-content\/uploads\/2015\/11\/Olimar_FT_MAD_PXO-33_kompri-300x200.jpg 300w, https:\/\/blog.olimar.de\/wp-content\/uploads\/2015\/11\/Olimar_FT_MAD_PXO-33_kompri-768x512.jpg 768w, https:\/\/blog.olimar.de\/wp-content\/uploads\/2015\/11\/Olimar_FT_MAD_PXO-33_kompri-1024x683.jpg 1024w, https:\/\/blog.olimar.de\/wp-content\/uploads\/2015\/11\/Olimar_FT_MAD_PXO-33_kompri-840x560.jpg 840w, https:\/\/blog.olimar.de\/wp-content\/uploads\/2015\/11\/Olimar_FT_MAD_PXO-33_kompri-1200x800.jpg 1200w\" sizes=\"auto, (max-width: 4735px) 100vw, 4735px\" \/><\/p>\n<div id=\"attachment_3320\" style=\"width: 3094px\" class=\"wp-caption alignleft\"><img loading=\"lazy\" decoding=\"async\" aria-describedby=\"caption-attachment-3320\" class=\"wp-image-3320 size-full\" src=\"https:\/\/blog.olimar.de\/wp-content\/uploads\/2015\/11\/Olimar_FT_MAD_PXO-42.jpg\" alt=\"Olimar_FT_MAD_PXO-42\" width=\"3084\" height=\"4626\" srcset=\"https:\/\/blog.olimar.de\/wp-content\/uploads\/2015\/11\/Olimar_FT_MAD_PXO-42.jpg 3084w, https:\/\/blog.olimar.de\/wp-content\/uploads\/2015\/11\/Olimar_FT_MAD_PXO-42-200x300.jpg 200w, https:\/\/blog.olimar.de\/wp-content\/uploads\/2015\/11\/Olimar_FT_MAD_PXO-42-683x1024.jpg 683w\" sizes=\"auto, (max-width: 3084px) 100vw, 3084px\" \/><p id=\"caption-attachment-3320\" class=\"wp-caption-text\">Abstieg von der Wallfahrtskirche von Monte<\/p><\/div>\n<p>Mit der Seilbahn ging es wieder zur\u00fcck in die Stadt, von wo die Teilnehmer nach einer mitt\u00e4glichen St\u00e4rkung in verschiedenen Gruppen zu einem weiteren Aktiv- und Sightseeing-Programm starteten. Besonders begeistert waren die Teilnehmer der <strong>Jeepsafari<\/strong> und der <strong>Levada- Wanderungen<\/strong>. Keiner, der Madeira noch nicht kannte, hatte eine solche <strong>Artenvielfalt<\/strong> und derart <strong>beeindruckende Landschaften<\/strong> erwartet.<\/p>\n<p>Sehr geehrt f\u00fchlte sich das ganze Team von OLIMAR von der <strong>Einladung des Regierungspr\u00e4sidenten Madeiras in seine Residenz<\/strong>. Ein einmaliger Vorgang und eine sch\u00f6ne Geste, welche die Wichtigkeit OLIMAR&#8217;s f\u00fcr Madeira unterstreicht.<\/p>\n<div id=\"attachment_3324\" style=\"width: 5138px\" class=\"wp-caption alignleft\"><img loading=\"lazy\" decoding=\"async\" aria-describedby=\"caption-attachment-3324\" class=\"wp-image-3324 size-full\" src=\"https:\/\/blog.olimar.de\/wp-content\/uploads\/2015\/11\/Olimar_FT_MAD_PXO-77.jpg\" alt=\"Olimar_FT_MAD_PXO-77\" width=\"5128\" height=\"3419\" srcset=\"https:\/\/blog.olimar.de\/wp-content\/uploads\/2015\/11\/Olimar_FT_MAD_PXO-77.jpg 5128w, https:\/\/blog.olimar.de\/wp-content\/uploads\/2015\/11\/Olimar_FT_MAD_PXO-77-300x200.jpg 300w, https:\/\/blog.olimar.de\/wp-content\/uploads\/2015\/11\/Olimar_FT_MAD_PXO-77-1024x683.jpg 1024w, https:\/\/blog.olimar.de\/wp-content\/uploads\/2015\/11\/Olimar_FT_MAD_PXO-77-840x560.jpg 840w, https:\/\/blog.olimar.de\/wp-content\/uploads\/2015\/11\/Olimar_FT_MAD_PXO-77-1200x800.jpg 1200w\" sizes=\"auto, (max-width: 5128px) 100vw, 5128px\" \/><p id=\"caption-attachment-3324\" class=\"wp-caption-text\">OLIMAR Gesch\u00e4ftsf\u00fchrer Markus Zahn im Gespr\u00e4ch mit den offiziellen Tourismus-Vertretern Madeiras<\/p><\/div>\n<p><img loading=\"lazy\" decoding=\"async\" class=\"alignleft size-full wp-image-3325\" src=\"https:\/\/blog.olimar.de\/wp-content\/uploads\/2015\/11\/Olimar_FT_MAD_PXO-78.jpg\" alt=\"Olimar_FT_MAD_PXO-78\" width=\"5760\" height=\"3840\" srcset=\"https:\/\/blog.olimar.de\/wp-content\/uploads\/2015\/11\/Olimar_FT_MAD_PXO-78.jpg 5760w, https:\/\/blog.olimar.de\/wp-content\/uploads\/2015\/11\/Olimar_FT_MAD_PXO-78-300x200.jpg 300w, https:\/\/blog.olimar.de\/wp-content\/uploads\/2015\/11\/Olimar_FT_MAD_PXO-78-1024x683.jpg 1024w, https:\/\/blog.olimar.de\/wp-content\/uploads\/2015\/11\/Olimar_FT_MAD_PXO-78-840x560.jpg 840w, https:\/\/blog.olimar.de\/wp-content\/uploads\/2015\/11\/Olimar_FT_MAD_PXO-78-1200x800.jpg 1200w\" sizes=\"auto, (max-width: 5760px) 100vw, 5760px\" \/><\/p>\n<p>\u00a0<\/p>\n<p><img loading=\"lazy\" decoding=\"async\" class=\"alignleft size-full wp-image-3329\" src=\"https:\/\/blog.olimar.de\/wp-content\/uploads\/2015\/11\/Olimar_FT_MAD_PXO-91.jpg\" alt=\"Olimar_FT_MAD_PXO-91\" width=\"5402\" height=\"3601\" srcset=\"https:\/\/blog.olimar.de\/wp-content\/uploads\/2015\/11\/Olimar_FT_MAD_PXO-91.jpg 5402w, https:\/\/blog.olimar.de\/wp-content\/uploads\/2015\/11\/Olimar_FT_MAD_PXO-91-300x200.jpg 300w, https:\/\/blog.olimar.de\/wp-content\/uploads\/2015\/11\/Olimar_FT_MAD_PXO-91-1024x683.jpg 1024w, https:\/\/blog.olimar.de\/wp-content\/uploads\/2015\/11\/Olimar_FT_MAD_PXO-91-840x560.jpg 840w, https:\/\/blog.olimar.de\/wp-content\/uploads\/2015\/11\/Olimar_FT_MAD_PXO-91-1200x800.jpg 1200w\" sizes=\"auto, (max-width: 5402px) 100vw, 5402px\" \/> <img loading=\"lazy\" decoding=\"async\" class=\"alignnone wp-image-5519\" src=\"https:\/\/blog.olimar.de\/wp-content\/uploads\/2015\/11\/Olimar_FT_MAD_PXO-85_kompri-300x200.jpg\" alt=\"Adega da Quinta Terrasse \u00fcber dem Meer Madeira\" width=\"5760\" height=\"3840\" srcset=\"https:\/\/blog.olimar.de\/wp-content\/uploads\/2015\/11\/Olimar_FT_MAD_PXO-85_kompri-300x200.jpg 300w, https:\/\/blog.olimar.de\/wp-content\/uploads\/2015\/11\/Olimar_FT_MAD_PXO-85_kompri-768x512.jpg 768w, https:\/\/blog.olimar.de\/wp-content\/uploads\/2015\/11\/Olimar_FT_MAD_PXO-85_kompri-1024x683.jpg 1024w, https:\/\/blog.olimar.de\/wp-content\/uploads\/2015\/11\/Olimar_FT_MAD_PXO-85_kompri-840x560.jpg 840w, https:\/\/blog.olimar.de\/wp-content\/uploads\/2015\/11\/Olimar_FT_MAD_PXO-85_kompri-1200x800.jpg 1200w\" sizes=\"auto, (max-width: 5760px) 100vw, 5760px\" \/>Den kr\u00f6nenden Abschluss fand die diesj\u00e4hrige Katalogvorstellung am letzten Abend in der wunderbaren <strong>\u201eAdega da Quinta\u201c<\/strong>. Hoch \u00fcber dem Meer wurden den Teilnehmern die inseltypischen <strong>&#8220;Espetada\u201c<\/strong>, die bekannten Fleischspie\u00dfe, gereicht. F\u00fcr Stimmung sorgte eine einheimische Tanzgruppe, welche mit ihren traditionellen T\u00e4nzen alle Teilnehmer mitriss. In einer langen Polonaise tanzten S\u00e4nger und Reiseb\u00fcro-Profis durch das gesamte Lokal. <strong>Was f\u00fcr ein stimmungsvoller Abschluss der diesj\u00e4hrigen Katalogvorstellung!<\/strong><\/p>\n<p><img loading=\"lazy\" decoding=\"async\" class=\"alignleft size-full wp-image-3326\" src=\"https:\/\/blog.olimar.de\/wp-content\/uploads\/2015\/11\/Olimar_FT_MAD_PXO-82.jpg\" alt=\"Olimar_FT_MAD_PXO-82\" width=\"5760\" height=\"3840\" srcset=\"https:\/\/blog.olimar.de\/wp-content\/uploads\/2015\/11\/Olimar_FT_MAD_PXO-82.jpg 5760w, https:\/\/blog.olimar.de\/wp-content\/uploads\/2015\/11\/Olimar_FT_MAD_PXO-82-300x200.jpg 300w, https:\/\/blog.olimar.de\/wp-content\/uploads\/2015\/11\/Olimar_FT_MAD_PXO-82-1024x683.jpg 1024w, https:\/\/blog.olimar.de\/wp-content\/uploads\/2015\/11\/Olimar_FT_MAD_PXO-82-840x560.jpg 840w, https:\/\/blog.olimar.de\/wp-content\/uploads\/2015\/11\/Olimar_FT_MAD_PXO-82-1200x800.jpg 1200w\" sizes=\"auto, (max-width: 5760px) 100vw, 5760px\" \/><\/p>\n\n\n<div style=\"height:50px\" aria-hidden=\"true\" class=\"wp-block-spacer\"><\/div>\n\n\n\n<div class=\"wp-block-buttons is-layout-flex wp-block-buttons-is-layout-flex\">\n<div class=\"wp-block-button\"><a class=\"wp-block-button__link wp-element-button\" href=\"https:\/\/www.olimar.de\/hotellistung\/\">Jetzt Urlaubsangebote finden und buchen<\/a><\/div>\n<\/div>\n\n\n\n<div style=\"height:100px\" aria-hidden=\"true\" class=\"wp-block-spacer\"><\/div>\n","protected":false},"excerpt":{"rendered":"<p>Im Oktober lud OLIMAR rund 130 Reiseb\u00fcro-Kolleginnen und -Kollegen und einige Reisejournalisten zur allj\u00e4hrlichen Katalogvorstellung ein. Gemeinsam ging es auf die zwei Atlantikinseln\u00a0Porto Santo\u00a0und\u00a0Madeira. Neben der Vorstellung der Highlights des OLIMAR Reiseprogramms 2016 lernten die Partner in einem abwechslungsreichen Begleitprogramm ausgew\u00e4hlte Hotels und landschaftliche H\u00f6hepunkte der zwei Inseln kennen. \u201eEs war eine sehr sch\u00f6ne und informative Inforeise\u201c, sagt Tatiana M. aus M\u00fcnster.\u201eWie immer bei Olimar eine gelungene und informative Reise, gut organisiert, man f\u00fchlt sich geborgen, danke f\u00fcr alles\u201c, lobt Gudrun R. aus Wetter. \u201eIch finde, dass es vom Aufwand her die beste Inforeise war, an der ich bisher teilnahm\u201c, meint &hellip;<\/p>\n","protected":false},"author":9,"featured_media":3323,"comment_status":"open","ping_status":"open","sticky":false,"template":"","format":"standard","meta":{"_crdt_document":"","_lmt_disableupdate":"","_lmt_disable":"","footnotes":""},"categories":[33,49],"tags":[21,58,34],"class_list":["post-3291","post","type-post","status-publish","format-standard","has-post-thumbnail","hentry","category-hinter-den-kulissen","category-olimar-inside","tag-madeira","tag-porto-santo","tag-portugal"],"yoast_head":"<!-- This site is optimized with the Yoast SEO plugin v26.9 - https:\/\/yoast.com\/product\/yoast-seo-wordpress\/ -->\n<title>OLIMAR Katalogvorstellung 2016 auf Porto Santo &amp; Madeira<\/title>\n<meta name=\"description\" content=\"Im Rahmen der Katalogvorstellung 2016 des Portugal-Spezialisten OLIMAR lernten Reiseb\u00fcro-Profis die Inseln Porto Santo und Madeira kennen.\" \/>\n<meta name=\"robots\" content=\"index, follow, max-snippet:-1, max-image-preview:large, max-video-preview:-1\" \/>\n<link rel=\"canonical\" href=\"https:\/\/blog.olimar.de\/katalogvorstellung-2016\/\" \/>\n<meta property=\"og:locale\" content=\"de_DE\" \/>\n<meta property=\"og:type\" content=\"article\" \/>\n<meta property=\"og:title\" content=\"OLIMAR Katalogvorstellung 2016 auf Porto Santo &amp; Madeira\" \/>\n<meta property=\"og:description\" content=\"Im Rahmen der Katalogvorstellung 2016 des Portugal-Spezialisten OLIMAR lernten Reiseb\u00fcro-Profis die Inseln Porto Santo und Madeira kennen.\" \/>\n<meta property=\"og:url\" content=\"https:\/\/blog.olimar.de\/katalogvorstellung-2016\/\" \/>\n<meta property=\"article:publisher\" content=\"https:\/\/www.facebook.com\/OlimarReisen\" \/>\n<meta property=\"article:published_time\" content=\"2015-11-23T17:02:40+00:00\" \/>\n<meta property=\"article:modified_time\" content=\"2022-12-22T12:35:08+00:00\" \/>\n<meta property=\"og:image\" content=\"https:\/\/blog.olimar.de\/wp-content\/uploads\/2015\/11\/Olimar_FT_MAD_PXO-60.jpg\" \/>\n\t<meta property=\"og:image:width\" content=\"5760\" \/>\n\t<meta property=\"og:image:height\" content=\"3840\" \/>\n\t<meta property=\"og:image:type\" content=\"image\/jpeg\" \/>\n<meta name=\"author\" content=\"OLIMAR Redaktionsteam\" \/>\n<meta name=\"twitter:label1\" content=\"Verfasst von\" \/>\n\t<meta name=\"twitter:data1\" content=\"OLIMAR Redaktionsteam\" \/>\n\t<meta name=\"twitter:label2\" content=\"Gesch\u00e4tzte Lesezeit\" \/>\n\t<meta name=\"twitter:data2\" content=\"7\u00a0Minuten\" \/>\n<script type=\"application\/ld+json\" class=\"yoast-schema-graph\">{\"@context\":\"https:\/\/schema.org\",\"@graph\":[{\"@type\":\"WebPage\",\"@id\":\"https:\/\/blog.olimar.de\/katalogvorstellung-2016\/\",\"url\":\"https:\/\/blog.olimar.de\/katalogvorstellung-2016\/\",\"name\":\"OLIMAR Katalogvorstellung 2016 auf Porto Santo & Madeira\",\"isPartOf\":{\"@id\":\"https:\/\/blog.olimar.de\/#website\"},\"primaryImageOfPage\":{\"@id\":\"https:\/\/blog.olimar.de\/katalogvorstellung-2016\/#primaryimage\"},\"image\":{\"@id\":\"https:\/\/blog.olimar.de\/katalogvorstellung-2016\/#primaryimage\"},\"thumbnailUrl\":\"https:\/\/blog.olimar.de\/wp-content\/uploads\/2015\/11\/Olimar_FT_MAD_PXO-60.jpg\",\"datePublished\":\"2015-11-23T17:02:40+00:00\",\"dateModified\":\"2022-12-22T12:35:08+00:00\",\"description\":\"Im Rahmen der Katalogvorstellung 2016 des Portugal-Spezialisten OLIMAR lernten Reiseb\u00fcro-Profis die Inseln Porto Santo und Madeira kennen.\",\"breadcrumb\":{\"@id\":\"https:\/\/blog.olimar.de\/katalogvorstellung-2016\/#breadcrumb\"},\"inLanguage\":\"de\",\"potentialAction\":[{\"@type\":\"ReadAction\",\"target\":[\"https:\/\/blog.olimar.de\/katalogvorstellung-2016\/\"]}]},{\"@type\":\"ImageObject\",\"inLanguage\":\"de\",\"@id\":\"https:\/\/blog.olimar.de\/katalogvorstellung-2016\/#primaryimage\",\"url\":\"https:\/\/blog.olimar.de\/wp-content\/uploads\/2015\/11\/Olimar_FT_MAD_PXO-60.jpg\",\"contentUrl\":\"https:\/\/blog.olimar.de\/wp-content\/uploads\/2015\/11\/Olimar_FT_MAD_PXO-60.jpg\",\"width\":5760,\"height\":3840,\"caption\":\"Empfang auf Terrasse \u00fcber dem Meer Porto Santo\"},{\"@type\":\"BreadcrumbList\",\"@id\":\"https:\/\/blog.olimar.de\/katalogvorstellung-2016\/#breadcrumb\",\"itemListElement\":[{\"@type\":\"ListItem\",\"position\":1,\"name\":\"Home\",\"item\":\"https:\/\/blog.olimar.de\/\"},{\"@type\":\"ListItem\",\"position\":2,\"name\":\"Madeira\",\"item\":\"https:\/\/blog.olimar.de\/tag\/madeira\/\"},{\"@type\":\"ListItem\",\"position\":3,\"name\":\"Das war die OLIMAR Katalogvorstellung auf Porto Santo und Madeira\"}]},{\"@type\":\"WebSite\",\"@id\":\"https:\/\/blog.olimar.de\/#website\",\"url\":\"https:\/\/blog.olimar.de\/\",\"name\":\"OLIMAR.com\",\"description\":\"\",\"publisher\":{\"@id\":\"https:\/\/blog.olimar.de\/#organization\"},\"potentialAction\":[{\"@type\":\"SearchAction\",\"target\":{\"@type\":\"EntryPoint\",\"urlTemplate\":\"https:\/\/blog.olimar.de\/?s={search_term_string}\"},\"query-input\":{\"@type\":\"PropertyValueSpecification\",\"valueRequired\":true,\"valueName\":\"search_term_string\"}}],\"inLanguage\":\"de\"},{\"@type\":\"Organization\",\"@id\":\"https:\/\/blog.olimar.de\/#organization\",\"name\":\"OLIMAR Reisen\",\"url\":\"https:\/\/blog.olimar.de\/\",\"logo\":{\"@type\":\"ImageObject\",\"inLanguage\":\"de\",\"@id\":\"https:\/\/blog.olimar.de\/#\/schema\/logo\/image\/\",\"url\":\"https:\/\/blog.olimar.de\/wp-content\/uploads\/2021\/01\/OLIMAR_Logo_COLOR.png\",\"contentUrl\":\"https:\/\/blog.olimar.de\/wp-content\/uploads\/2021\/01\/OLIMAR_Logo_COLOR.png\",\"width\":2000,\"height\":986,\"caption\":\"OLIMAR Reisen\"},\"image\":{\"@id\":\"https:\/\/blog.olimar.de\/#\/schema\/logo\/image\/\"},\"sameAs\":[\"https:\/\/www.facebook.com\/OlimarReisen\",\"https:\/\/x.com\/olimarrreisen\",\"https:\/\/www.instagram.com\/olimarreisen\",\"https:\/\/www.youtube.com\/user\/olimarreisen\"]}]}<\/script>\n<!-- \/ Yoast SEO plugin. -->","yoast_head_json":{"title":"OLIMAR Katalogvorstellung 2016 auf Porto Santo & Madeira","description":"Im Rahmen der Katalogvorstellung 2016 des Portugal-Spezialisten OLIMAR lernten Reiseb\u00fcro-Profis die Inseln Porto Santo und Madeira kennen.","robots":{"index":"index","follow":"follow","max-snippet":"max-snippet:-1","max-image-preview":"max-image-preview:large","max-video-preview":"max-video-preview:-1"},"canonical":"https:\/\/blog.olimar.de\/katalogvorstellung-2016\/","og_locale":"de_DE","og_type":"article","og_title":"OLIMAR Katalogvorstellung 2016 auf Porto Santo & Madeira","og_description":"Im Rahmen der Katalogvorstellung 2016 des Portugal-Spezialisten OLIMAR lernten Reiseb\u00fcro-Profis die Inseln Porto Santo und Madeira kennen.","og_url":"https:\/\/blog.olimar.de\/katalogvorstellung-2016\/","article_publisher":"https:\/\/www.facebook.com\/OlimarReisen","article_published_time":"2015-11-23T17:02:40+00:00","article_modified_time":"2022-12-22T12:35:08+00:00","og_image":[{"width":5760,"height":3840,"url":"https:\/\/blog.olimar.de\/wp-content\/uploads\/2015\/11\/Olimar_FT_MAD_PXO-60.jpg","type":"image\/jpeg"}],"author":"OLIMAR Redaktionsteam","twitter_misc":{"Verfasst von":"OLIMAR Redaktionsteam","Gesch\u00e4tzte Lesezeit":"7\u00a0Minuten"},"schema":{"@context":"https:\/\/schema.org","@graph":[{"@type":"WebPage","@id":"https:\/\/blog.olimar.de\/katalogvorstellung-2016\/","url":"https:\/\/blog.olimar.de\/katalogvorstellung-2016\/","name":"OLIMAR Katalogvorstellung 2016 auf Porto Santo & Madeira","isPartOf":{"@id":"https:\/\/blog.olimar.de\/#website"},"primaryImageOfPage":{"@id":"https:\/\/blog.olimar.de\/katalogvorstellung-2016\/#primaryimage"},"image":{"@id":"https:\/\/blog.olimar.de\/katalogvorstellung-2016\/#primaryimage"},"thumbnailUrl":"https:\/\/blog.olimar.de\/wp-content\/uploads\/2015\/11\/Olimar_FT_MAD_PXO-60.jpg","datePublished":"2015-11-23T17:02:40+00:00","dateModified":"2022-12-22T12:35:08+00:00","description":"Im Rahmen der Katalogvorstellung 2016 des Portugal-Spezialisten OLIMAR lernten Reiseb\u00fcro-Profis die Inseln Porto Santo und Madeira kennen.","breadcrumb":{"@id":"https:\/\/blog.olimar.de\/katalogvorstellung-2016\/#breadcrumb"},"inLanguage":"de","potentialAction":[{"@type":"ReadAction","target":["https:\/\/blog.olimar.de\/katalogvorstellung-2016\/"]}]},{"@type":"ImageObject","inLanguage":"de","@id":"https:\/\/blog.olimar.de\/katalogvorstellung-2016\/#primaryimage","url":"https:\/\/blog.olimar.de\/wp-content\/uploads\/2015\/11\/Olimar_FT_MAD_PXO-60.jpg","contentUrl":"https:\/\/blog.olimar.de\/wp-content\/uploads\/2015\/11\/Olimar_FT_MAD_PXO-60.jpg","width":5760,"height":3840,"caption":"Empfang auf Terrasse \u00fcber dem Meer Porto Santo"},{"@type":"BreadcrumbList","@id":"https:\/\/blog.olimar.de\/katalogvorstellung-2016\/#breadcrumb","itemListElement":[{"@type":"ListItem","position":1,"name":"Home","item":"https:\/\/blog.olimar.de\/"},{"@type":"ListItem","position":2,"name":"Madeira","item":"https:\/\/blog.olimar.de\/tag\/madeira\/"},{"@type":"ListItem","position":3,"name":"Das war die OLIMAR Katalogvorstellung auf Porto Santo und Madeira"}]},{"@type":"WebSite","@id":"https:\/\/blog.olimar.de\/#website","url":"https:\/\/blog.olimar.de\/","name":"OLIMAR.com","description":"","publisher":{"@id":"https:\/\/blog.olimar.de\/#organization"},"potentialAction":[{"@type":"SearchAction","target":{"@type":"EntryPoint","urlTemplate":"https:\/\/blog.olimar.de\/?s={search_term_string}"},"query-input":{"@type":"PropertyValueSpecification","valueRequired":true,"valueName":"search_term_string"}}],"inLanguage":"de"},{"@type":"Organization","@id":"https:\/\/blog.olimar.de\/#organization","name":"OLIMAR Reisen","url":"https:\/\/blog.olimar.de\/","logo":{"@type":"ImageObject","inLanguage":"de","@id":"https:\/\/blog.olimar.de\/#\/schema\/logo\/image\/","url":"https:\/\/blog.olimar.de\/wp-content\/uploads\/2021\/01\/OLIMAR_Logo_COLOR.png","contentUrl":"https:\/\/blog.olimar.de\/wp-content\/uploads\/2021\/01\/OLIMAR_Logo_COLOR.png","width":2000,"height":986,"caption":"OLIMAR Reisen"},"image":{"@id":"https:\/\/blog.olimar.de\/#\/schema\/logo\/image\/"},"sameAs":["https:\/\/www.facebook.com\/OlimarReisen","https:\/\/x.com\/olimarrreisen","https:\/\/www.instagram.com\/olimarreisen","https:\/\/www.youtube.com\/user\/olimarreisen"]}]}},"modified_by":"Lena Radermacher","jetpack_featured_media_url":"https:\/\/blog.olimar.de\/wp-content\/uploads\/2015\/11\/Olimar_FT_MAD_PXO-60.jpg","_links":{"self":[{"href":"https:\/\/blog.olimar.de\/wp-json\/wp\/v2\/posts\/3291","targetHints":{"allow":["GET"]}}],"collection":[{"href":"https:\/\/blog.olimar.de\/wp-json\/wp\/v2\/posts"}],"about":[{"href":"https:\/\/blog.olimar.de\/wp-json\/wp\/v2\/types\/post"}],"author":[{"embeddable":true,"href":"https:\/\/blog.olimar.de\/wp-json\/wp\/v2\/users\/9"}],"replies":[{"embeddable":true,"href":"https:\/\/blog.olimar.de\/wp-json\/wp\/v2\/comments?post=3291"}],"version-history":[{"count":25,"href":"https:\/\/blog.olimar.de\/wp-json\/wp\/v2\/posts\/3291\/revisions"}],"predecessor-version":[{"id":23002,"href":"https:\/\/blog.olimar.de\/wp-json\/wp\/v2\/posts\/3291\/revisions\/23002"}],"wp:featuredmedia":[{"embeddable":true,"href":"https:\/\/blog.olimar.de\/wp-json\/wp\/v2\/media\/3323"}],"wp:attachment":[{"href":"https:\/\/blog.olimar.de\/wp-json\/wp\/v2\/media?parent=3291"}],"wp:term":[{"taxonomy":"category","embeddable":true,"href":"https:\/\/blog.olimar.de\/wp-json\/wp\/v2\/categories?post=3291"},{"taxonomy":"post_tag","embeddable":true,"href":"https:\/\/blog.olimar.de\/wp-json\/wp\/v2\/tags?post=3291"}],"curies":[{"name":"wp","href":"https:\/\/api.w.org\/{rel}","templated":true}]}}