{"id":3294,"date":"2015-11-11T16:59:40","date_gmt":"2015-11-11T14:59:40","guid":{"rendered":"https:\/\/blog.olimar.de\/?p=3294"},"modified":"2024-05-17T10:03:33","modified_gmt":"2024-05-17T09:03:33","slug":"karneval-in-venedig","status":"publish","type":"post","link":"https:\/\/blog.olimar.de\/karneval-in-venedig\/","title":{"rendered":"Tipps f\u00fcr den legend\u00e4ren Karneval in Venedig"},"content":{"rendered":"\n<p><strong>Der ber\u00fchmte Karneval in Venedig ist unbedingt eine Reise wert! \u00dcber zwei Wochen lang ist die Lagunenstadt im Ausnahmezustand. Es gibt k\u00fcnstlerische und artistische Darbietungen, besonders stimmungsvolle Maskenb\u00e4lle, und nat\u00fcrlich phantastisch kost\u00fcmierte Gestalten, wohin man auch blickt.<\/strong><\/p>\n\n\n\n<div class=\"wp-block-buttons is-layout-flex wp-block-buttons-is-layout-flex\">\n<div class=\"wp-block-button\"><a class=\"wp-block-button__link wp-element-button\" href=\"https:\/\/www.olimar.de\/italien\/venetien\/venedig\/\">Venedig Reiseangebote und Hoteltipps entdecken<\/a><\/div>\n<\/div>\n\n\n\n<div style=\"height:25px\" aria-hidden=\"true\" class=\"wp-block-spacer\"><\/div>\n\n\n<p>In 2016 findet das bunte Treiben vom <strong>23.01 \u2013 09.02.<\/strong> statt. Auf der offiziellen Internetseite <a href=\"http:\/\/www.carnevale.venezia.it\" rel=\"noopener\">www.carnevale.venezia.it<\/a>\u00a0 kann\u00a0 man sich bereits durch das umfangreiche Programm bl\u00e4ttern. Und ein Wenig Vorbereitung lohnt sich, denn der Karneval findet schlie\u00dflich nicht nur auf der meist \u00fcberf\u00fcllten Piazza San Marco und seiner Umgebung statt, sondern wirklich in allen Stadtteilen!<\/p>\n<p>Vor allem die <strong>Karnevalser\u00f6ffnung<\/strong> auf dem Wasser am ersten Abend in Rio di Cannaregio\u00a0 ist ein atemberaubendes Spektakel. Auch in Arsenale werden die alten Industrieanlagen mit speziellen Lichteffekten angestrahlt und die gro\u00dfen Geb\u00e4ude f\u00fcllen sich mit Musik, Theater und Street Food. Es gibt Wettbewerbe f\u00fcr die sch\u00f6nste Venezianerin und f\u00fcr die sch\u00f6nste Maske. Das Spektakel endet mit dem traditionellen <strong>\u201esvolo del Leon\u201c<\/strong>, dem Schwingen der Fahne mit dem venezianischen L\u00f6wen \u00fcber dem Markusplatz.<\/p>\n<p>Wer sich etwas ganz Besonderes g\u00f6nnen will, der sucht sich bereits im Voraus einen Maskenball in historischen Mauern mit Kost\u00fcmverleih, Galadinner, Tanz und Musik aus. Unter <a href=\"http:\/\/www.veneziasegreta.com\" rel=\"noopener\">www.veneziasegreta.com<\/a> gibt es eine gro\u00dfe Auswahl an sch\u00f6nen Events, einschlie\u00dflich einem Katalog mit Kost\u00fcmen. Vom <strong>Ball der Gondelfahrer<\/strong> \u00fcber den <strong>Ball der Dogin<\/strong> bis zum <strong>Belle \u00c9poque Ball<\/strong> &#8211; ein einziger gro\u00dfer Augen- und Gaumenschmaus und ein sicherlich unvergessliches Erlebnis, welches allerdings auch seinen Preis hat.<\/p>\n<p>Wer sich daf\u00fcr interessiert, sollte unbedingt so fr\u00fch wie m\u00f6glich eine passende Unterkunft reservieren. Denn zur Karnevalszeit ist Venedig nat\u00fcrlich noch voller als sonst und freie, zentral gelegene Hotelzimmer sind noch schwieriger zu buchen.<br \/><strong>Daher unser Tipp:<\/strong> W\u00e4hlen Sie ein Hotel am <strong>Lido<\/strong>, der gr\u00f6\u00dften Insel der venezianischen Lagune. Sie ist bequem mit Auto und Autof\u00e4hre erreichbar und perfekt ans \u00f6ffentliche Verkehrsnetz angebunden (die Autof\u00e4hre Nr. 17 startet alle 50 Minuten an der Station Tronchetto und erreicht in 35 Minuten den Lido. Das Ticket kann im Voraus \u00fcber <a href=\"http:\/\/www.veneziaunica.it\" rel=\"noopener\">www.veneziaunica.it<\/a>\u00a0 mit Kreditkarte gekauft werden.).<\/p>\n<p>Das <a href=\"https:\/\/rms.olimar.de\/code\/VCE100\">Hotel Villa Mabapa<\/a> beispielsweise eignet sich perfekt f\u00fcr einen mehrt\u00e4gigen Besuch der Lagunenstadt. Der hoteleigene Parkplatz ist kostenlos und per Motorboot ist Venedig in nur 10 Minuten erreichbar. 2 \u00dcbernachtungen mit Fr\u00fchst\u00fcck w\u00e4hrend der Karnevalszeit Anfang Februar 2016 sind \u00fcber OLIMAR buchbar ab 185 \u20ac p.P.<\/p>\n<div id='gallery-1' class='gallery galleryid-3294 gallery-columns-3 gallery-size-medium'><dl class='gallery-item'>\n\t\t\t<dt class='gallery-icon landscape'>\n\t\t\t\t<img loading=\"lazy\" decoding=\"async\" width=\"300\" height=\"201\" src=\"https:\/\/blog.olimar.de\/wp-content\/uploads\/2015\/11\/VCE100-a-05-300x201.jpg\" class=\"attachment-medium size-medium\" alt=\"Terrasse mit B\u00e4umen Best Western Hotel Villa Mabapa\" srcset=\"https:\/\/blog.olimar.de\/wp-content\/uploads\/2015\/11\/VCE100-a-05-300x201.jpg 300w, https:\/\/blog.olimar.de\/wp-content\/uploads\/2015\/11\/VCE100-a-05-840x560.jpg 840w, https:\/\/blog.olimar.de\/wp-content\/uploads\/2015\/11\/VCE100-a-05.jpg 1000w\" sizes=\"auto, (max-width: 300px) 100vw, 300px\" \/>\n\t\t\t<\/dt><\/dl><dl class='gallery-item'>\n\t\t\t<dt class='gallery-icon landscape'>\n\t\t\t\t<img loading=\"lazy\" decoding=\"async\" width=\"300\" height=\"201\" src=\"https:\/\/blog.olimar.de\/wp-content\/uploads\/2015\/11\/VCE100-a-04-300x201.jpg\" class=\"attachment-medium size-medium\" alt=\"Best Western Hotel Villa Mabapa Eingang\" srcset=\"https:\/\/blog.olimar.de\/wp-content\/uploads\/2015\/11\/VCE100-a-04-300x201.jpg 300w, https:\/\/blog.olimar.de\/wp-content\/uploads\/2015\/11\/VCE100-a-04-840x560.jpg 840w, https:\/\/blog.olimar.de\/wp-content\/uploads\/2015\/11\/VCE100-a-04.jpg 1000w\" sizes=\"auto, (max-width: 300px) 100vw, 300px\" \/>\n\t\t\t<\/dt><\/dl><dl class='gallery-item'>\n\t\t\t<dt class='gallery-icon landscape'>\n\t\t\t\t<img loading=\"lazy\" decoding=\"async\" width=\"300\" height=\"201\" src=\"https:\/\/blog.olimar.de\/wp-content\/uploads\/2015\/11\/VCE100-z-06-StandardzimmerMoreaGebaeude-300x201.jpg\" class=\"attachment-medium size-medium\" alt=\"Zimmerbeispiel Best Western Hotel Villa Mabapa\" srcset=\"https:\/\/blog.olimar.de\/wp-content\/uploads\/2015\/11\/VCE100-z-06-StandardzimmerMoreaGebaeude-300x201.jpg 300w, https:\/\/blog.olimar.de\/wp-content\/uploads\/2015\/11\/VCE100-z-06-StandardzimmerMoreaGebaeude-840x560.jpg 840w, https:\/\/blog.olimar.de\/wp-content\/uploads\/2015\/11\/VCE100-z-06-StandardzimmerMoreaGebaeude.jpg 1000w\" sizes=\"auto, (max-width: 300px) 100vw, 300px\" \/>\n\t\t\t<\/dt><\/dl><br style=\"clear: both\" \/>\n\t\t<\/div>\n\n<p>Wer die Stadt also mit dem Auto \u00fcber ein Wochenende oder f\u00fcr nur ein paar Tage besuchen m\u00f6chte, erspart sich zum einen l\u00e4stige Wartezeiten am Flughafen und den Transfer zwischen Flughafen und Hotel. Zum anderen spart er durch g\u00fcnstigere Hotelpreise beim Reisebudget.<\/p>\n\n\n<div style=\"height:25px\" aria-hidden=\"true\" class=\"wp-block-spacer\"><\/div>\n\n\n\n<div class=\"wp-block-buttons is-layout-flex wp-block-buttons-is-layout-flex\">\n<div class=\"wp-block-button\"><a class=\"wp-block-button__link wp-element-button\" href=\"https:\/\/www.olimar.de\/hotellistung\/\">Jetzt Urlaubsangebote finden und buchen<\/a><\/div>\n<\/div>\n\n\n\n<div style=\"height:100px\" aria-hidden=\"true\" class=\"wp-block-spacer\"><\/div>\n","protected":false},"excerpt":{"rendered":"<p>Der ber\u00fchmte Karneval in Venedig ist unbedingt eine Reise wert! \u00dcber zwei Wochen lang ist die Lagunenstadt im Ausnahmezustand. Es gibt k\u00fcnstlerische und artistische Darbietungen, besonders stimmungsvolle Maskenb\u00e4lle, und nat\u00fcrlich phantastisch kost\u00fcmierte Gestalten, wohin man auch blickt.<\/p>\n","protected":false},"author":18,"featured_media":3311,"comment_status":"open","ping_status":"open","sticky":false,"template":"","format":"standard","meta":{"_crdt_document":"","_lmt_disableupdate":"","_lmt_disable":"","footnotes":""},"categories":[28],"tags":[35,109,159],"class_list":["post-3294","post","type-post","status-publish","format-standard","has-post-thumbnail","hentry","category-kunst-kultur","tag-italien","tag-venedig","tag-venetien"],"yoast_head":"<!-- This site is optimized with the Yoast SEO plugin v26.9 - https:\/\/yoast.com\/product\/yoast-seo-wordpress\/ -->\n<title>Karneval in Venedig | Insider-Tipps und Erfahrungen<\/title>\n<meta name=\"description\" content=\"Ein Besuch Venedigs zur Karnevalszeit ist etwas ganz besonderes, sollte aber gut vorbereitet sein. Lesen Sie hier wertvolle Hotel- und Veranstaltungstipps.\" \/>\n<meta name=\"robots\" content=\"index, follow, max-snippet:-1, max-image-preview:large, max-video-preview:-1\" \/>\n<link rel=\"canonical\" href=\"https:\/\/blog.olimar.de\/karneval-in-venedig\/\" \/>\n<meta property=\"og:locale\" content=\"de_DE\" \/>\n<meta property=\"og:type\" content=\"article\" \/>\n<meta property=\"og:title\" content=\"Karneval in Venedig | Insider-Tipps und Erfahrungen\" \/>\n<meta property=\"og:description\" content=\"Ein Besuch Venedigs zur Karnevalszeit ist etwas ganz besonderes, sollte aber gut vorbereitet sein. Lesen Sie hier wertvolle Hotel- und Veranstaltungstipps.\" \/>\n<meta property=\"og:url\" content=\"https:\/\/blog.olimar.de\/karneval-in-venedig\/\" \/>\n<meta property=\"article:publisher\" content=\"https:\/\/www.facebook.com\/OlimarReisen\" \/>\n<meta property=\"article:published_time\" content=\"2015-11-11T14:59:40+00:00\" \/>\n<meta property=\"article:modified_time\" content=\"2024-05-17T09:03:33+00:00\" \/>\n<meta property=\"og:image\" content=\"https:\/\/blog.olimar.de\/wp-content\/uploads\/2015\/11\/IT-Venetien-Venedig-KarnevalMarkusplatz.jpg\" \/>\n\t<meta property=\"og:image:width\" content=\"1200\" \/>\n\t<meta property=\"og:image:height\" content=\"799\" \/>\n\t<meta property=\"og:image:type\" content=\"image\/jpeg\" \/>\n<meta name=\"author\" content=\"Viorica Schmidinger\" \/>\n<meta name=\"twitter:label1\" content=\"Verfasst von\" \/>\n\t<meta name=\"twitter:data1\" content=\"Viorica Schmidinger\" \/>\n\t<meta name=\"twitter:label2\" content=\"Gesch\u00e4tzte Lesezeit\" \/>\n\t<meta name=\"twitter:data2\" content=\"3\u00a0Minuten\" \/>\n<script type=\"application\/ld+json\" class=\"yoast-schema-graph\">{\"@context\":\"https:\/\/schema.org\",\"@graph\":[{\"@type\":\"WebPage\",\"@id\":\"https:\/\/blog.olimar.de\/karneval-in-venedig\/\",\"url\":\"https:\/\/blog.olimar.de\/karneval-in-venedig\/\",\"name\":\"Karneval in Venedig | Insider-Tipps und Erfahrungen\",\"isPartOf\":{\"@id\":\"https:\/\/blog.olimar.de\/#website\"},\"primaryImageOfPage\":{\"@id\":\"https:\/\/blog.olimar.de\/karneval-in-venedig\/#primaryimage\"},\"image\":{\"@id\":\"https:\/\/blog.olimar.de\/karneval-in-venedig\/#primaryimage\"},\"thumbnailUrl\":\"https:\/\/blog.olimar.de\/wp-content\/uploads\/2015\/11\/IT-Venetien-Venedig-KarnevalMarkusplatz.jpg\",\"datePublished\":\"2015-11-11T14:59:40+00:00\",\"dateModified\":\"2024-05-17T09:03:33+00:00\",\"description\":\"Ein Besuch Venedigs zur Karnevalszeit ist etwas ganz besonderes, sollte aber gut vorbereitet sein. Lesen Sie hier wertvolle Hotel- und Veranstaltungstipps.\",\"breadcrumb\":{\"@id\":\"https:\/\/blog.olimar.de\/karneval-in-venedig\/#breadcrumb\"},\"inLanguage\":\"de\",\"potentialAction\":[{\"@type\":\"ReadAction\",\"target\":[\"https:\/\/blog.olimar.de\/karneval-in-venedig\/\"]}]},{\"@type\":\"ImageObject\",\"inLanguage\":\"de\",\"@id\":\"https:\/\/blog.olimar.de\/karneval-in-venedig\/#primaryimage\",\"url\":\"https:\/\/blog.olimar.de\/wp-content\/uploads\/2015\/11\/IT-Venetien-Venedig-KarnevalMarkusplatz.jpg\",\"contentUrl\":\"https:\/\/blog.olimar.de\/wp-content\/uploads\/2015\/11\/IT-Venetien-Venedig-KarnevalMarkusplatz.jpg\",\"width\":1200,\"height\":799,\"caption\":\"Karneval in Venedig, Kost\u00fcmierte\"},{\"@type\":\"BreadcrumbList\",\"@id\":\"https:\/\/blog.olimar.de\/karneval-in-venedig\/#breadcrumb\",\"itemListElement\":[{\"@type\":\"ListItem\",\"position\":1,\"name\":\"Home\",\"item\":\"https:\/\/blog.olimar.de\/\"},{\"@type\":\"ListItem\",\"position\":2,\"name\":\"Italien\",\"item\":\"https:\/\/blog.olimar.de\/tag\/italien\/\"},{\"@type\":\"ListItem\",\"position\":3,\"name\":\"Tipps f\u00fcr den legend\u00e4ren Karneval in Venedig\"}]},{\"@type\":\"WebSite\",\"@id\":\"https:\/\/blog.olimar.de\/#website\",\"url\":\"https:\/\/blog.olimar.de\/\",\"name\":\"OLIMAR.com\",\"description\":\"\",\"publisher\":{\"@id\":\"https:\/\/blog.olimar.de\/#organization\"},\"potentialAction\":[{\"@type\":\"SearchAction\",\"target\":{\"@type\":\"EntryPoint\",\"urlTemplate\":\"https:\/\/blog.olimar.de\/?s={search_term_string}\"},\"query-input\":{\"@type\":\"PropertyValueSpecification\",\"valueRequired\":true,\"valueName\":\"search_term_string\"}}],\"inLanguage\":\"de\"},{\"@type\":\"Organization\",\"@id\":\"https:\/\/blog.olimar.de\/#organization\",\"name\":\"OLIMAR Reisen\",\"url\":\"https:\/\/blog.olimar.de\/\",\"logo\":{\"@type\":\"ImageObject\",\"inLanguage\":\"de\",\"@id\":\"https:\/\/blog.olimar.de\/#\/schema\/logo\/image\/\",\"url\":\"https:\/\/blog.olimar.de\/wp-content\/uploads\/2021\/01\/OLIMAR_Logo_COLOR.png\",\"contentUrl\":\"https:\/\/blog.olimar.de\/wp-content\/uploads\/2021\/01\/OLIMAR_Logo_COLOR.png\",\"width\":2000,\"height\":986,\"caption\":\"OLIMAR Reisen\"},\"image\":{\"@id\":\"https:\/\/blog.olimar.de\/#\/schema\/logo\/image\/\"},\"sameAs\":[\"https:\/\/www.facebook.com\/OlimarReisen\",\"https:\/\/x.com\/olimarrreisen\",\"https:\/\/www.instagram.com\/olimarreisen\",\"https:\/\/www.youtube.com\/user\/olimarreisen\"]}]}<\/script>\n<!-- \/ Yoast SEO plugin. -->","yoast_head_json":{"title":"Karneval in Venedig | Insider-Tipps und Erfahrungen","description":"Ein Besuch Venedigs zur Karnevalszeit ist etwas ganz besonderes, sollte aber gut vorbereitet sein. Lesen Sie hier wertvolle Hotel- und Veranstaltungstipps.","robots":{"index":"index","follow":"follow","max-snippet":"max-snippet:-1","max-image-preview":"max-image-preview:large","max-video-preview":"max-video-preview:-1"},"canonical":"https:\/\/blog.olimar.de\/karneval-in-venedig\/","og_locale":"de_DE","og_type":"article","og_title":"Karneval in Venedig | Insider-Tipps und Erfahrungen","og_description":"Ein Besuch Venedigs zur Karnevalszeit ist etwas ganz besonderes, sollte aber gut vorbereitet sein. Lesen Sie hier wertvolle Hotel- und Veranstaltungstipps.","og_url":"https:\/\/blog.olimar.de\/karneval-in-venedig\/","article_publisher":"https:\/\/www.facebook.com\/OlimarReisen","article_published_time":"2015-11-11T14:59:40+00:00","article_modified_time":"2024-05-17T09:03:33+00:00","og_image":[{"width":1200,"height":799,"url":"https:\/\/blog.olimar.de\/wp-content\/uploads\/2015\/11\/IT-Venetien-Venedig-KarnevalMarkusplatz.jpg","type":"image\/jpeg"}],"author":"Viorica Schmidinger","twitter_misc":{"Verfasst von":"Viorica Schmidinger","Gesch\u00e4tzte Lesezeit":"3\u00a0Minuten"},"schema":{"@context":"https:\/\/schema.org","@graph":[{"@type":"WebPage","@id":"https:\/\/blog.olimar.de\/karneval-in-venedig\/","url":"https:\/\/blog.olimar.de\/karneval-in-venedig\/","name":"Karneval in Venedig | Insider-Tipps und Erfahrungen","isPartOf":{"@id":"https:\/\/blog.olimar.de\/#website"},"primaryImageOfPage":{"@id":"https:\/\/blog.olimar.de\/karneval-in-venedig\/#primaryimage"},"image":{"@id":"https:\/\/blog.olimar.de\/karneval-in-venedig\/#primaryimage"},"thumbnailUrl":"https:\/\/blog.olimar.de\/wp-content\/uploads\/2015\/11\/IT-Venetien-Venedig-KarnevalMarkusplatz.jpg","datePublished":"2015-11-11T14:59:40+00:00","dateModified":"2024-05-17T09:03:33+00:00","description":"Ein Besuch Venedigs zur Karnevalszeit ist etwas ganz besonderes, sollte aber gut vorbereitet sein. Lesen Sie hier wertvolle Hotel- und Veranstaltungstipps.","breadcrumb":{"@id":"https:\/\/blog.olimar.de\/karneval-in-venedig\/#breadcrumb"},"inLanguage":"de","potentialAction":[{"@type":"ReadAction","target":["https:\/\/blog.olimar.de\/karneval-in-venedig\/"]}]},{"@type":"ImageObject","inLanguage":"de","@id":"https:\/\/blog.olimar.de\/karneval-in-venedig\/#primaryimage","url":"https:\/\/blog.olimar.de\/wp-content\/uploads\/2015\/11\/IT-Venetien-Venedig-KarnevalMarkusplatz.jpg","contentUrl":"https:\/\/blog.olimar.de\/wp-content\/uploads\/2015\/11\/IT-Venetien-Venedig-KarnevalMarkusplatz.jpg","width":1200,"height":799,"caption":"Karneval in Venedig, Kost\u00fcmierte"},{"@type":"BreadcrumbList","@id":"https:\/\/blog.olimar.de\/karneval-in-venedig\/#breadcrumb","itemListElement":[{"@type":"ListItem","position":1,"name":"Home","item":"https:\/\/blog.olimar.de\/"},{"@type":"ListItem","position":2,"name":"Italien","item":"https:\/\/blog.olimar.de\/tag\/italien\/"},{"@type":"ListItem","position":3,"name":"Tipps f\u00fcr den legend\u00e4ren Karneval in Venedig"}]},{"@type":"WebSite","@id":"https:\/\/blog.olimar.de\/#website","url":"https:\/\/blog.olimar.de\/","name":"OLIMAR.com","description":"","publisher":{"@id":"https:\/\/blog.olimar.de\/#organization"},"potentialAction":[{"@type":"SearchAction","target":{"@type":"EntryPoint","urlTemplate":"https:\/\/blog.olimar.de\/?s={search_term_string}"},"query-input":{"@type":"PropertyValueSpecification","valueRequired":true,"valueName":"search_term_string"}}],"inLanguage":"de"},{"@type":"Organization","@id":"https:\/\/blog.olimar.de\/#organization","name":"OLIMAR Reisen","url":"https:\/\/blog.olimar.de\/","logo":{"@type":"ImageObject","inLanguage":"de","@id":"https:\/\/blog.olimar.de\/#\/schema\/logo\/image\/","url":"https:\/\/blog.olimar.de\/wp-content\/uploads\/2021\/01\/OLIMAR_Logo_COLOR.png","contentUrl":"https:\/\/blog.olimar.de\/wp-content\/uploads\/2021\/01\/OLIMAR_Logo_COLOR.png","width":2000,"height":986,"caption":"OLIMAR Reisen"},"image":{"@id":"https:\/\/blog.olimar.de\/#\/schema\/logo\/image\/"},"sameAs":["https:\/\/www.facebook.com\/OlimarReisen","https:\/\/x.com\/olimarrreisen","https:\/\/www.instagram.com\/olimarreisen","https:\/\/www.youtube.com\/user\/olimarreisen"]}]}},"modified_by":"Wiebke Fix","jetpack_featured_media_url":"https:\/\/blog.olimar.de\/wp-content\/uploads\/2015\/11\/IT-Venetien-Venedig-KarnevalMarkusplatz.jpg","_links":{"self":[{"href":"https:\/\/blog.olimar.de\/wp-json\/wp\/v2\/posts\/3294","targetHints":{"allow":["GET"]}}],"collection":[{"href":"https:\/\/blog.olimar.de\/wp-json\/wp\/v2\/posts"}],"about":[{"href":"https:\/\/blog.olimar.de\/wp-json\/wp\/v2\/types\/post"}],"author":[{"embeddable":true,"href":"https:\/\/blog.olimar.de\/wp-json\/wp\/v2\/users\/18"}],"replies":[{"embeddable":true,"href":"https:\/\/blog.olimar.de\/wp-json\/wp\/v2\/comments?post=3294"}],"version-history":[{"count":20,"href":"https:\/\/blog.olimar.de\/wp-json\/wp\/v2\/posts\/3294\/revisions"}],"predecessor-version":[{"id":27716,"href":"https:\/\/blog.olimar.de\/wp-json\/wp\/v2\/posts\/3294\/revisions\/27716"}],"wp:featuredmedia":[{"embeddable":true,"href":"https:\/\/blog.olimar.de\/wp-json\/wp\/v2\/media\/3311"}],"wp:attachment":[{"href":"https:\/\/blog.olimar.de\/wp-json\/wp\/v2\/media?parent=3294"}],"wp:term":[{"taxonomy":"category","embeddable":true,"href":"https:\/\/blog.olimar.de\/wp-json\/wp\/v2\/categories?post=3294"},{"taxonomy":"post_tag","embeddable":true,"href":"https:\/\/blog.olimar.de\/wp-json\/wp\/v2\/tags?post=3294"}],"curies":[{"name":"wp","href":"https:\/\/api.w.org\/{rel}","templated":true}]}}