{"id":331,"date":"2015-01-11T18:36:01","date_gmt":"2015-01-11T16:36:01","guid":{"rendered":"https:\/\/blog.olimar.de\/?p=331"},"modified":"2023-01-02T18:18:20","modified_gmt":"2023-01-02T17:18:20","slug":"suedtirol-zwischen-mediterranem-flair-und-alpiner-bergwelt","status":"publish","type":"post","link":"https:\/\/blog.olimar.de\/suedtirol-zwischen-mediterranem-flair-und-alpiner-bergwelt\/","title":{"rendered":"S\u00fcdtirol: Zwischen mediterranem Flair und alpiner Bergwelt"},"content":{"rendered":"\n<p><strong>Sanft, fruchtbar und mehr als nur ein bisschen mediterran. So pr\u00e4sentiert sich <a href=\"https:\/\/www.olimar.de\/italien\/norden\/suedtirol\/\" rel=\"noopener\">S\u00fcdtirol<\/a> an seiner Westflanke. Palmen und Zypressen pr\u00e4gen die Landschaft rund um Meran. Im Hintergrund t\u00fcrmen sich die m\u00e4chtigen Alpen auf.<\/strong><\/p>\n\n\n\n<div class=\"wp-block-buttons is-layout-flex wp-block-buttons-is-layout-flex\">\n<div class=\"wp-block-button\"><a class=\"wp-block-button__link wp-element-button\" href=\"https:\/\/www.olimar.de\/italien\/norden\/suedtirol\/\">S\u00fcdtirol Reiseangebote und Hoteltipps entdecken<\/a><\/div>\n<\/div>\n\n\n\n<div style=\"height:25px\" aria-hidden=\"true\" class=\"wp-block-spacer\"><\/div>\n\n\n<div class=\"wide-content\">\n<p>Besonders dramatisch wirkt die Kombination dieser Elemente in den G\u00e4rten von Schloss Trauttmansdorff, einer Art botanischem Garten, der die speziellen klimatischen Gegebenheiten der Region zu seinem Vorteil ausnutzt. Hier gedeihen sogar Agaven und tropische Frangipani-B\u00e4ume.<\/p>\n<div id=\"attachment_1055\" style=\"width: 850px\" class=\"wp-caption alignleft\"><img loading=\"lazy\" decoding=\"async\" aria-describedby=\"caption-attachment-1055\" class=\"wp-image-1055 size-large\" src=\"https:\/\/blog.olimar.de\/wp-content\/uploads\/2015\/01\/Ga\u0308rten-Schloss-Trauttmansdorff-1024x681.jpg\" alt=\"Ga\u0308rten von Schloss Trauttmansdorff\" width=\"840\" height=\"559\" srcset=\"https:\/\/blog.olimar.de\/wp-content\/uploads\/2015\/01\/Ga\u0308rten-Schloss-Trauttmansdorff-1024x681.jpg 1024w, https:\/\/blog.olimar.de\/wp-content\/uploads\/2015\/01\/Ga\u0308rten-Schloss-Trauttmansdorff-300x199.jpg 300w, https:\/\/blog.olimar.de\/wp-content\/uploads\/2015\/01\/Ga\u0308rten-Schloss-Trauttmansdorff-840x560.jpg 840w, https:\/\/blog.olimar.de\/wp-content\/uploads\/2015\/01\/Ga\u0308rten-Schloss-Trauttmansdorff-1200x800.jpg 1200w\" sizes=\"auto, (max-width: 840px) 100vw, 840px\" \/><p id=\"caption-attachment-1055\" class=\"wp-caption-text\">Ga\u0308rten von Schloss Trauttmansdorff<\/p><\/div>\n<p>Meran selbst sonnt sich in seinem Ruf als Kurort: Das angenehme Klima und die mond\u00e4nen Hotelbauten ziehen schon seit Generationen Genie\u00dfer und Lebensk\u00fcnstler an \u2013 darunter auch ruhmreiche G\u00e4ste wie Kaiserin Sissi von \u00d6sterreich. Doch der Ort ruht sich nicht allein auf seiner beg\u00fcnstigten Lage und seiner glorreichen Vergangenheit aus: Die noch keine zehn Jahre alte Therme befindet sich in einem avantgardistischen Glaskubus, der von Matteo Thun entworfen wurde. Der Stararchitekt stammt aus der Provinzhauptstadt Bozen.<\/p>\n<p>Nicht weit ist der Weg in die Berge. Keine zwei Kilometer au\u00dferhalb des Stadtzentrums f\u00fchren die Seilbahnen von Meran 2000 in eine hochalpine Welt. Hier oben etwa lockt ein wenig beschwerlicher Rundwanderweg, der von einer H\u00fctte zur n\u00e4chsten f\u00fchrt.<\/p>\n<div id=\"attachment_1056\" style=\"width: 850px\" class=\"wp-caption alignleft\"><img loading=\"lazy\" decoding=\"async\" aria-describedby=\"caption-attachment-1056\" class=\"size-large wp-image-1056\" src=\"https:\/\/blog.olimar.de\/wp-content\/uploads\/2015\/01\/Wanderweg-bei-Meran-1024x681.jpg\" alt=\"Herrlicher Wanderweg bei Meran\" width=\"840\" height=\"559\" srcset=\"https:\/\/blog.olimar.de\/wp-content\/uploads\/2015\/01\/Wanderweg-bei-Meran-1024x681.jpg 1024w, https:\/\/blog.olimar.de\/wp-content\/uploads\/2015\/01\/Wanderweg-bei-Meran-300x199.jpg 300w, https:\/\/blog.olimar.de\/wp-content\/uploads\/2015\/01\/Wanderweg-bei-Meran-840x560.jpg 840w, https:\/\/blog.olimar.de\/wp-content\/uploads\/2015\/01\/Wanderweg-bei-Meran-1200x800.jpg 1200w\" sizes=\"auto, (max-width: 840px) 100vw, 840px\" \/><p id=\"caption-attachment-1056\" class=\"wp-caption-text\">Herrlicher Wanderweg bei Meran<\/p><\/div>\n<p>Dabei gilt es neun Kilometer und 400 H\u00f6henmeter zur\u00fcckzulegen. Zur Belohnung wartet in den guten Stuben s\u00fcdtiroler Speisen auf hohem Niveau. Zu Schinkenspeck, Bergk\u00e4se und Sch\u00fcttelbrot kommen Holundersaft oder Weine aus den lokalen Rebsorten Vernatsch und Lagrein auf den Tisch. Doch auch ein aromatischer Traminer darf nicht fehlen.<\/p>\n<p>Als kulinarische Hochburg versteht sich auch Bozen, die mit knapp \u00fcber 100 000 Einwohnern gr\u00f6\u00dfte Stadt der autonomen Provinz S\u00fcdtirol\/Trentino. Kurios: Fast alle Restaurants des mittelalterlichen Stadtkerns f\u00fchren sowohl Spaghetti als auch Semmelkn\u00f6del \u2013 und zollen somit den beiden Kulturen Tribut, die hier aufeinandertreffen.<\/p>\n<p>Hauptattraktion sind die Bozener Lauben, eine pr\u00e4chtig gestaltete Einkaufsstra\u00dfe mit alten H\u00e4usern, deren Zugang durch Rundb\u00f6gen f\u00fchrt. Ein Augenschmaus \u2013 und zugleich ein effektiver Ganzjahreswetterschutz.<\/p>\n<p>Das milde Bozen markiert zugleich den \u00dcbergang ins \u00f6stliche S\u00fcdtirol, wo es nicht lange dauert, ehe die Stra\u00dfe steil ansteigt. Es geht hinauf \u2013 und zwar kontinuierlich. Das ist auch der Grund f\u00fcr ein ungleich raueres Klima und eine eher alpine als mediterrane Vegetation. Bald hinter Brixen befindet sich mit dem Kronplatz ein bekanntes Wintersportgebiet. Richtig spektakul\u00e4r aber wird es erst ganz in der N\u00e4he zur Grenze nach \u00d6sterreich.<\/p>\n<p>Innichen etwa ist ein intaktes Bergdorf im Hochpustertal. Ein historischer Dorfplatz und das dramatische Alpenpanorama steigern die Lust auf das ultimative s\u00fcdtiroler Wahrzeichen. Dieses erreichen Wanderer am besten vom Nachbarort Sexten. Von hier aus n\u00e4mlich f\u00fchrt ein konditionell anspruchsvoller Weg hinauf zur Dreizinnenh\u00fctte, die einen einmaligen Blick auf die gleichnamigen Dolomitengipfel bietet.<\/p>\n<div id=\"attachment_1057\" style=\"width: 850px\" class=\"wp-caption alignleft\"><img loading=\"lazy\" decoding=\"async\" aria-describedby=\"caption-attachment-1057\" class=\"wp-image-1057 size-large\" src=\"https:\/\/blog.olimar.de\/wp-content\/uploads\/2015\/01\/Bergwelt-der-Dolomiten-bei-Sexten-1024x681.jpg\" alt=\"Bergwelt der Dolomiten bei Sexten\" width=\"840\" height=\"559\" srcset=\"https:\/\/blog.olimar.de\/wp-content\/uploads\/2015\/01\/Bergwelt-der-Dolomiten-bei-Sexten-1024x681.jpg 1024w, https:\/\/blog.olimar.de\/wp-content\/uploads\/2015\/01\/Bergwelt-der-Dolomiten-bei-Sexten-300x199.jpg 300w, https:\/\/blog.olimar.de\/wp-content\/uploads\/2015\/01\/Bergwelt-der-Dolomiten-bei-Sexten-840x560.jpg 840w, https:\/\/blog.olimar.de\/wp-content\/uploads\/2015\/01\/Bergwelt-der-Dolomiten-bei-Sexten-1200x800.jpg 1200w\" sizes=\"auto, (max-width: 840px) 100vw, 840px\" \/><p id=\"caption-attachment-1057\" class=\"wp-caption-text\">Bergwelt der Dolomiten bei Sexten<\/p><\/div>\n<div id=\"attachment_1058\" style=\"width: 850px\" class=\"wp-caption alignleft\"><img loading=\"lazy\" decoding=\"async\" aria-describedby=\"caption-attachment-1058\" class=\"wp-image-1058 size-large\" src=\"https:\/\/blog.olimar.de\/wp-content\/uploads\/2015\/01\/Blick-auf-die-drei-Zinnen-1024x681.jpg\" alt=\"Blick auf die drei Zinnen\" width=\"840\" height=\"559\" srcset=\"https:\/\/blog.olimar.de\/wp-content\/uploads\/2015\/01\/Blick-auf-die-drei-Zinnen-1024x681.jpg 1024w, https:\/\/blog.olimar.de\/wp-content\/uploads\/2015\/01\/Blick-auf-die-drei-Zinnen-300x199.jpg 300w, https:\/\/blog.olimar.de\/wp-content\/uploads\/2015\/01\/Blick-auf-die-drei-Zinnen-840x560.jpg 840w, https:\/\/blog.olimar.de\/wp-content\/uploads\/2015\/01\/Blick-auf-die-drei-Zinnen-1200x800.jpg 1200w\" sizes=\"auto, (max-width: 840px) 100vw, 840px\" \/><p id=\"caption-attachment-1058\" class=\"wp-caption-text\">Blick auf die drei Zinnen<\/p><\/div>\n<p>Wer sich den Aufstieg allein nicht zutraut, kann eine entsprechende Tour in der Bergschule von Sexten buchen. Das hat gleich mehrere Vorteile: Die Begleitung durch einen Bergf\u00fchrer b\u00fcrgt f\u00fcr anekdotenreiche Erz\u00e4hlungen. Au\u00dferdem f\u00fchrt der Parcours noch weiter in die ruppige Bergwelt hinein. Zu Sch\u00e4chten aus dem Ersten Weltkrieg etwa, oder zum \u201eB\u00fcllele Joch\u201c, wo auf 2528 Metern H\u00f6he k\u00f6stlicher Apfelkuchen serviert wird. Und zu steil emporragenden Gipfeln wie dem Einser und dem Zehner, wo Lokalmatador Reinhold Messner seine Kletterk\u00fcnste perfektionieren konnte. Und das alles in der Gewissheit, dass die Palmen und Zypressen Merans nicht mehr als zwei Autostunden entfernt sind.<\/p>\n<div class=\"green-box\"><strong>OLIMAR Tipps<\/strong><\/p>\n<table>\n<tbody>\n<tr>\n<td><strong>Anreisen:<\/strong><\/td>\n<td>Mit dem Pkw via Innsbruck und den Brenner-Pass oder mit Flug nach Bozen<\/td>\n<\/tr>\n<tr>\n<td><strong>\u00dcbernachten:<\/strong><\/td>\n<td>\n<ul>\n<li><span style=\"text-decoration: underline;\">Hotel Villa Stefania<\/span> in Innichen: familiengef\u00fchrtes Haus mit modernem Interieur und Blick auf die Berge. Ab 89\u20ac p.P\/Nacht im Doppelzimmer.<\/li>\n<li><span style=\"text-decoration: underline;\">Hotel Post Weisses R\u00f6ssl<\/span> in Welschnofen: idyllisches, auf 1182 Metern H\u00f6he gelegenes, Haus inmitten eines gro\u00dfen Naturparks unweit des Kratersees und Rosengartens.<\/li>\n<\/ul>\n<\/td>\n<\/tr>\n<tr>\n<td><strong>Essen:<\/strong><\/td>\n<td><span style=\"text-decoration: underline;\"><a title=\"Wirtshaus Thurnerhof\" href=\"https:\/\/www.thurnerhof.it\/\" rel=\"noopener\">Wirtshaus Thurnerhof<\/a><\/span>, Verdinserstra\u00dfe 26 in Schenna: Zeitgem\u00e4\u00dfe lokale K\u00fcche in einem Restaurant, dessen Geschichte ins 15. Jahrhundert zur\u00fcckreicht \u2013 mit einem herrlichen Garten voller alter Nussb\u00e4ume und Kastanien.<\/td>\n<\/tr>\n<tr>\n<td><strong>Ausgehen:<\/strong><\/td>\n<td><span style=\"text-decoration: underline;\"><a title=\"Uhrmachers Weinstube\" href=\"http:\/\/www.enoro.it\/dt\/wir-ueber-uns.html\" rel=\"noopener\">Uhrmachers Weinstube<\/a><\/span>, F\u00e4rberstra\u00dfe 1 in Innichen: Herrlich gem\u00fctliches Lokal im Ortskern, in dem die s\u00fcdtiroler Weinkultur gepflegt wird.<\/td>\n<\/tr>\n<tr>\n<td><strong>Besichtigen:<\/strong><\/td>\n<td>Die Bergwelt der Dolomiten sowie die G\u00e4rten von Schloss Trauttmansdorff in Meran, St.-Valentin-Stra\u00dfe 51a, Eintritt 12 \u20ac<\/td>\n<\/tr>\n<tr>\n<td><strong>Beste Reisezeit:<\/strong><\/td>\n<td>Meran: Mai bis Oktober; Innichen: Juni bis September<\/td>\n<\/tr>\n<tr>\n<td><strong>Weitere Informationen:<br \/><\/strong><\/td>\n<td>\n<ul>\n<li><span style=\"text-decoration: underline;\"><a title=\"S\u00fcdtirol Themenseite bei OLIMAR Reisen\" href=\"https:\/\/www.olimar.de\/italien\/norden\/suedtirol\/\" rel=\"noopener\">www.olimar.de\/italien\/norden\/suedtirol\/<\/a><\/span><\/li>\n<li><span style=\"text-decoration: underline;\"><a title=\"Webseite vom Hochpustertal\" href=\"http:\/\/www.hochpustertal.info\" rel=\"noopener\">www.hochpustertal.info<\/a><\/span><\/li>\n<li><span style=\"text-decoration: underline;\">www.suedtirol.info<\/span><\/li>\n<\/ul>\n<\/td>\n<\/tr>\n<\/tbody>\n<\/table>\n<\/div>\n<h2>Karte von S\u00fcdtirol<\/h2>\n\n<\/div>\n\n\n<div style=\"height:25px\" aria-hidden=\"true\" class=\"wp-block-spacer\"><\/div>\n\n\n\n<div class=\"wp-block-buttons is-layout-flex wp-block-buttons-is-layout-flex\">\n<div class=\"wp-block-button\"><a class=\"wp-block-button__link wp-element-button\" href=\"https:\/\/www.olimar.de\/hotellistung\/\">Jetzt Urlaubsangebote finden und buchen<\/a><\/div>\n<\/div>\n\n\n\n<div style=\"height:100px\" aria-hidden=\"true\" class=\"wp-block-spacer\"><\/div>\n","protected":false},"excerpt":{"rendered":"<p>Sanft, fruchtbar und mehr als nur ein bisschen mediterran. So pr\u00e4sentiert sich S\u00fcdtirol an seiner Westflanke. Palmen und Zypressen pr\u00e4gen die Landschaft rund um Meran. Im Hintergrund t\u00fcrmen sich die m\u00e4chtigen Alpen auf. Besonders dramatisch wirkt die Kombination dieser Elemente in den G\u00e4rten von Schloss Trauttmansdorff, einer Art botanischem Garten, der die speziellen klimatischen Gegebenheiten der Region zu seinem Vorteil ausnutzt. Hier gedeihen sogar Agaven und tropische Frangipani-B\u00e4ume. Meran selbst sonnt sich in seinem Ruf als Kurort: Das angenehme Klima und die mond\u00e4nen Hotelbauten ziehen schon seit Generationen Genie\u00dfer und Lebensk\u00fcnstler an \u2013 darunter auch ruhmreiche G\u00e4ste wie Kaiserin Sissi von &hellip;<\/p>\n","protected":false},"author":5,"featured_media":576,"comment_status":"open","ping_status":"open","sticky":false,"template":"","format":"standard","meta":{"_crdt_document":"","_lmt_disableupdate":"","_lmt_disable":"","footnotes":""},"categories":[29],"tags":[35,43],"class_list":["post-331","post","type-post","status-publish","format-standard","has-post-thumbnail","hentry","category-aktiv-natur","tag-italien","tag-suedtirol"],"yoast_head":"<!-- This site is optimized with the Yoast SEO plugin v26.9 - https:\/\/yoast.com\/product\/yoast-seo-wordpress\/ -->\n<title>S\u00fcdtirol - zwischen mediterranem Flair und alpiner Bergwelt<\/title>\n<meta name=\"description\" content=\"S\u00fcdtirol ist vielseitig: Von einer Bergwelt, mediterrane Landschaften um Meran und mittendrin botanische G\u00e4rten in Schloss Trauttmansdorff.\" \/>\n<meta name=\"robots\" content=\"index, follow, max-snippet:-1, max-image-preview:large, max-video-preview:-1\" \/>\n<link rel=\"canonical\" href=\"https:\/\/blog.olimar.de\/suedtirol-zwischen-mediterranem-flair-und-alpiner-bergwelt\/\" \/>\n<meta property=\"og:locale\" content=\"de_DE\" \/>\n<meta property=\"og:type\" content=\"article\" \/>\n<meta property=\"og:title\" content=\"S\u00fcdtirol - zwischen mediterranem Flair und alpiner Bergwelt\" \/>\n<meta property=\"og:description\" content=\"S\u00fcdtirol ist vielseitig: Von einer Bergwelt, mediterrane Landschaften um Meran und mittendrin botanische G\u00e4rten in Schloss Trauttmansdorff.\" \/>\n<meta property=\"og:url\" content=\"https:\/\/blog.olimar.de\/suedtirol-zwischen-mediterranem-flair-und-alpiner-bergwelt\/\" \/>\n<meta property=\"article:publisher\" content=\"https:\/\/www.facebook.com\/OlimarReisen\" \/>\n<meta property=\"article:published_time\" content=\"2015-01-11T16:36:01+00:00\" \/>\n<meta property=\"article:modified_time\" content=\"2023-01-02T17:18:20+00:00\" \/>\n<meta property=\"og:image\" content=\"https:\/\/blog.olimar.de\/wp-content\/uploads\/2015\/02\/S\u00fcdtirol_Dolomiten_Olimar_1200x800.jpg\" \/>\n\t<meta property=\"og:image:width\" content=\"1200\" \/>\n\t<meta property=\"og:image:height\" content=\"800\" \/>\n\t<meta property=\"og:image:type\" content=\"image\/jpeg\" \/>\n<meta name=\"author\" content=\"Ralf\" \/>\n<meta name=\"twitter:label1\" content=\"Verfasst von\" \/>\n\t<meta name=\"twitter:data1\" content=\"Ralf\" \/>\n\t<meta name=\"twitter:label2\" content=\"Gesch\u00e4tzte Lesezeit\" \/>\n\t<meta name=\"twitter:data2\" content=\"5\u00a0Minuten\" \/>\n<script type=\"application\/ld+json\" class=\"yoast-schema-graph\">{\"@context\":\"https:\/\/schema.org\",\"@graph\":[{\"@type\":\"WebPage\",\"@id\":\"https:\/\/blog.olimar.de\/suedtirol-zwischen-mediterranem-flair-und-alpiner-bergwelt\/\",\"url\":\"https:\/\/blog.olimar.de\/suedtirol-zwischen-mediterranem-flair-und-alpiner-bergwelt\/\",\"name\":\"S\u00fcdtirol - zwischen mediterranem Flair und alpiner Bergwelt\",\"isPartOf\":{\"@id\":\"https:\/\/blog.olimar.de\/#website\"},\"primaryImageOfPage\":{\"@id\":\"https:\/\/blog.olimar.de\/suedtirol-zwischen-mediterranem-flair-und-alpiner-bergwelt\/#primaryimage\"},\"image\":{\"@id\":\"https:\/\/blog.olimar.de\/suedtirol-zwischen-mediterranem-flair-und-alpiner-bergwelt\/#primaryimage\"},\"thumbnailUrl\":\"https:\/\/blog.olimar.de\/wp-content\/uploads\/2015\/02\/S\u00fcdtirol_Dolomiten_Olimar_1200x800.jpg\",\"datePublished\":\"2015-01-11T16:36:01+00:00\",\"dateModified\":\"2023-01-02T17:18:20+00:00\",\"description\":\"S\u00fcdtirol ist vielseitig: Von einer Bergwelt, mediterrane Landschaften um Meran und mittendrin botanische G\u00e4rten in Schloss Trauttmansdorff.\",\"breadcrumb\":{\"@id\":\"https:\/\/blog.olimar.de\/suedtirol-zwischen-mediterranem-flair-und-alpiner-bergwelt\/#breadcrumb\"},\"inLanguage\":\"de\",\"potentialAction\":[{\"@type\":\"ReadAction\",\"target\":[\"https:\/\/blog.olimar.de\/suedtirol-zwischen-mediterranem-flair-und-alpiner-bergwelt\/\"]}]},{\"@type\":\"ImageObject\",\"inLanguage\":\"de\",\"@id\":\"https:\/\/blog.olimar.de\/suedtirol-zwischen-mediterranem-flair-und-alpiner-bergwelt\/#primaryimage\",\"url\":\"https:\/\/blog.olimar.de\/wp-content\/uploads\/2015\/02\/S\u00fcdtirol_Dolomiten_Olimar_1200x800.jpg\",\"contentUrl\":\"https:\/\/blog.olimar.de\/wp-content\/uploads\/2015\/02\/S\u00fcdtirol_Dolomiten_Olimar_1200x800.jpg\",\"width\":1200,\"height\":800,\"caption\":\"S\u00fcdtirol Dolomiten Berge Urlaub\"},{\"@type\":\"BreadcrumbList\",\"@id\":\"https:\/\/blog.olimar.de\/suedtirol-zwischen-mediterranem-flair-und-alpiner-bergwelt\/#breadcrumb\",\"itemListElement\":[{\"@type\":\"ListItem\",\"position\":1,\"name\":\"Home\",\"item\":\"https:\/\/blog.olimar.de\/\"},{\"@type\":\"ListItem\",\"position\":2,\"name\":\"Italien\",\"item\":\"https:\/\/blog.olimar.de\/tag\/italien\/\"},{\"@type\":\"ListItem\",\"position\":3,\"name\":\"S\u00fcdtirol: Zwischen mediterranem Flair und alpiner Bergwelt\"}]},{\"@type\":\"WebSite\",\"@id\":\"https:\/\/blog.olimar.de\/#website\",\"url\":\"https:\/\/blog.olimar.de\/\",\"name\":\"OLIMAR.com\",\"description\":\"\",\"publisher\":{\"@id\":\"https:\/\/blog.olimar.de\/#organization\"},\"potentialAction\":[{\"@type\":\"SearchAction\",\"target\":{\"@type\":\"EntryPoint\",\"urlTemplate\":\"https:\/\/blog.olimar.de\/?s={search_term_string}\"},\"query-input\":{\"@type\":\"PropertyValueSpecification\",\"valueRequired\":true,\"valueName\":\"search_term_string\"}}],\"inLanguage\":\"de\"},{\"@type\":\"Organization\",\"@id\":\"https:\/\/blog.olimar.de\/#organization\",\"name\":\"OLIMAR Reisen\",\"url\":\"https:\/\/blog.olimar.de\/\",\"logo\":{\"@type\":\"ImageObject\",\"inLanguage\":\"de\",\"@id\":\"https:\/\/blog.olimar.de\/#\/schema\/logo\/image\/\",\"url\":\"https:\/\/blog.olimar.de\/wp-content\/uploads\/2021\/01\/OLIMAR_Logo_COLOR.png\",\"contentUrl\":\"https:\/\/blog.olimar.de\/wp-content\/uploads\/2021\/01\/OLIMAR_Logo_COLOR.png\",\"width\":2000,\"height\":986,\"caption\":\"OLIMAR Reisen\"},\"image\":{\"@id\":\"https:\/\/blog.olimar.de\/#\/schema\/logo\/image\/\"},\"sameAs\":[\"https:\/\/www.facebook.com\/OlimarReisen\",\"https:\/\/x.com\/olimarrreisen\",\"https:\/\/www.instagram.com\/olimarreisen\",\"https:\/\/www.youtube.com\/user\/olimarreisen\"]}]}<\/script>\n<!-- \/ Yoast SEO plugin. -->","yoast_head_json":{"title":"S\u00fcdtirol - zwischen mediterranem Flair und alpiner Bergwelt","description":"S\u00fcdtirol ist vielseitig: Von einer Bergwelt, mediterrane Landschaften um Meran und mittendrin botanische G\u00e4rten in Schloss Trauttmansdorff.","robots":{"index":"index","follow":"follow","max-snippet":"max-snippet:-1","max-image-preview":"max-image-preview:large","max-video-preview":"max-video-preview:-1"},"canonical":"https:\/\/blog.olimar.de\/suedtirol-zwischen-mediterranem-flair-und-alpiner-bergwelt\/","og_locale":"de_DE","og_type":"article","og_title":"S\u00fcdtirol - zwischen mediterranem Flair und alpiner Bergwelt","og_description":"S\u00fcdtirol ist vielseitig: Von einer Bergwelt, mediterrane Landschaften um Meran und mittendrin botanische G\u00e4rten in Schloss Trauttmansdorff.","og_url":"https:\/\/blog.olimar.de\/suedtirol-zwischen-mediterranem-flair-und-alpiner-bergwelt\/","article_publisher":"https:\/\/www.facebook.com\/OlimarReisen","article_published_time":"2015-01-11T16:36:01+00:00","article_modified_time":"2023-01-02T17:18:20+00:00","og_image":[{"width":1200,"height":800,"url":"https:\/\/blog.olimar.de\/wp-content\/uploads\/2015\/02\/S\u00fcdtirol_Dolomiten_Olimar_1200x800.jpg","type":"image\/jpeg"}],"author":"Ralf","twitter_misc":{"Verfasst von":"Ralf","Gesch\u00e4tzte Lesezeit":"5\u00a0Minuten"},"schema":{"@context":"https:\/\/schema.org","@graph":[{"@type":"WebPage","@id":"https:\/\/blog.olimar.de\/suedtirol-zwischen-mediterranem-flair-und-alpiner-bergwelt\/","url":"https:\/\/blog.olimar.de\/suedtirol-zwischen-mediterranem-flair-und-alpiner-bergwelt\/","name":"S\u00fcdtirol - zwischen mediterranem Flair und alpiner Bergwelt","isPartOf":{"@id":"https:\/\/blog.olimar.de\/#website"},"primaryImageOfPage":{"@id":"https:\/\/blog.olimar.de\/suedtirol-zwischen-mediterranem-flair-und-alpiner-bergwelt\/#primaryimage"},"image":{"@id":"https:\/\/blog.olimar.de\/suedtirol-zwischen-mediterranem-flair-und-alpiner-bergwelt\/#primaryimage"},"thumbnailUrl":"https:\/\/blog.olimar.de\/wp-content\/uploads\/2015\/02\/S\u00fcdtirol_Dolomiten_Olimar_1200x800.jpg","datePublished":"2015-01-11T16:36:01+00:00","dateModified":"2023-01-02T17:18:20+00:00","description":"S\u00fcdtirol ist vielseitig: Von einer Bergwelt, mediterrane Landschaften um Meran und mittendrin botanische G\u00e4rten in Schloss Trauttmansdorff.","breadcrumb":{"@id":"https:\/\/blog.olimar.de\/suedtirol-zwischen-mediterranem-flair-und-alpiner-bergwelt\/#breadcrumb"},"inLanguage":"de","potentialAction":[{"@type":"ReadAction","target":["https:\/\/blog.olimar.de\/suedtirol-zwischen-mediterranem-flair-und-alpiner-bergwelt\/"]}]},{"@type":"ImageObject","inLanguage":"de","@id":"https:\/\/blog.olimar.de\/suedtirol-zwischen-mediterranem-flair-und-alpiner-bergwelt\/#primaryimage","url":"https:\/\/blog.olimar.de\/wp-content\/uploads\/2015\/02\/S\u00fcdtirol_Dolomiten_Olimar_1200x800.jpg","contentUrl":"https:\/\/blog.olimar.de\/wp-content\/uploads\/2015\/02\/S\u00fcdtirol_Dolomiten_Olimar_1200x800.jpg","width":1200,"height":800,"caption":"S\u00fcdtirol Dolomiten Berge Urlaub"},{"@type":"BreadcrumbList","@id":"https:\/\/blog.olimar.de\/suedtirol-zwischen-mediterranem-flair-und-alpiner-bergwelt\/#breadcrumb","itemListElement":[{"@type":"ListItem","position":1,"name":"Home","item":"https:\/\/blog.olimar.de\/"},{"@type":"ListItem","position":2,"name":"Italien","item":"https:\/\/blog.olimar.de\/tag\/italien\/"},{"@type":"ListItem","position":3,"name":"S\u00fcdtirol: Zwischen mediterranem Flair und alpiner Bergwelt"}]},{"@type":"WebSite","@id":"https:\/\/blog.olimar.de\/#website","url":"https:\/\/blog.olimar.de\/","name":"OLIMAR.com","description":"","publisher":{"@id":"https:\/\/blog.olimar.de\/#organization"},"potentialAction":[{"@type":"SearchAction","target":{"@type":"EntryPoint","urlTemplate":"https:\/\/blog.olimar.de\/?s={search_term_string}"},"query-input":{"@type":"PropertyValueSpecification","valueRequired":true,"valueName":"search_term_string"}}],"inLanguage":"de"},{"@type":"Organization","@id":"https:\/\/blog.olimar.de\/#organization","name":"OLIMAR Reisen","url":"https:\/\/blog.olimar.de\/","logo":{"@type":"ImageObject","inLanguage":"de","@id":"https:\/\/blog.olimar.de\/#\/schema\/logo\/image\/","url":"https:\/\/blog.olimar.de\/wp-content\/uploads\/2021\/01\/OLIMAR_Logo_COLOR.png","contentUrl":"https:\/\/blog.olimar.de\/wp-content\/uploads\/2021\/01\/OLIMAR_Logo_COLOR.png","width":2000,"height":986,"caption":"OLIMAR Reisen"},"image":{"@id":"https:\/\/blog.olimar.de\/#\/schema\/logo\/image\/"},"sameAs":["https:\/\/www.facebook.com\/OlimarReisen","https:\/\/x.com\/olimarrreisen","https:\/\/www.instagram.com\/olimarreisen","https:\/\/www.youtube.com\/user\/olimarreisen"]}]}},"modified_by":"Lena Radermacher","jetpack_featured_media_url":"https:\/\/blog.olimar.de\/wp-content\/uploads\/2015\/02\/S\u00fcdtirol_Dolomiten_Olimar_1200x800.jpg","_links":{"self":[{"href":"https:\/\/blog.olimar.de\/wp-json\/wp\/v2\/posts\/331","targetHints":{"allow":["GET"]}}],"collection":[{"href":"https:\/\/blog.olimar.de\/wp-json\/wp\/v2\/posts"}],"about":[{"href":"https:\/\/blog.olimar.de\/wp-json\/wp\/v2\/types\/post"}],"author":[{"embeddable":true,"href":"https:\/\/blog.olimar.de\/wp-json\/wp\/v2\/users\/5"}],"replies":[{"embeddable":true,"href":"https:\/\/blog.olimar.de\/wp-json\/wp\/v2\/comments?post=331"}],"version-history":[{"count":22,"href":"https:\/\/blog.olimar.de\/wp-json\/wp\/v2\/posts\/331\/revisions"}],"predecessor-version":[{"id":23276,"href":"https:\/\/blog.olimar.de\/wp-json\/wp\/v2\/posts\/331\/revisions\/23276"}],"wp:featuredmedia":[{"embeddable":true,"href":"https:\/\/blog.olimar.de\/wp-json\/wp\/v2\/media\/576"}],"wp:attachment":[{"href":"https:\/\/blog.olimar.de\/wp-json\/wp\/v2\/media?parent=331"}],"wp:term":[{"taxonomy":"category","embeddable":true,"href":"https:\/\/blog.olimar.de\/wp-json\/wp\/v2\/categories?post=331"},{"taxonomy":"post_tag","embeddable":true,"href":"https:\/\/blog.olimar.de\/wp-json\/wp\/v2\/tags?post=331"}],"curies":[{"name":"wp","href":"https:\/\/api.w.org\/{rel}","templated":true}]}}