{"id":345,"date":"2015-02-03T19:25:46","date_gmt":"2015-02-03T17:25:46","guid":{"rendered":"https:\/\/blog.olimar.de\/?p=345"},"modified":"2022-12-22T13:45:36","modified_gmt":"2022-12-22T12:45:36","slug":"kuenstler-auf-den-kapverden","status":"publish","type":"post","link":"https:\/\/blog.olimar.de\/kuenstler-auf-den-kapverden\/","title":{"rendered":"K\u00fcnstler auf den Kapverden, Teil 1"},"content":{"rendered":"\n<p><strong>Auf den Kapverden gibt es viele unterschiedliche Arten, sich mit der Kunst auszudr\u00fccken. Hier liest findest du Informationen und Orte, wo Du der Kunst und den k\u00fcnstlerisch t\u00e4tigen Personen ganz Nahe sein kannst!\u00a0<\/strong><\/p>\n\n\n\n<div class=\"wp-block-buttons is-layout-flex wp-block-buttons-is-layout-flex\">\n<div class=\"wp-block-button\"><a class=\"wp-block-button__link wp-element-button\" href=\"https:\/\/www.olimar.de\/kapverden\/\">Kapverden Reiseangebote und Hoteltipps entdecken<\/a><\/div>\n<\/div>\n\n\n\n<div style=\"height:25px\" aria-hidden=\"true\" class=\"wp-block-spacer\"><\/div>\n\n\n<div class=\"wide-content\">\n<h2 class=\"intro\">Mindelo ist die Kulturhauptstadt der Kapverden<\/h2>\n<p>Dort, aber l\u00e4ngst nicht nur dort, begegnet man interessanten Musikern und Kunsthandwerkern. Dass Kunst und Kultur auf der Insel S\u00e3o Vicente hohen Stellenwert haben, merkt man schon bei der Anreise. Der internationale Flughafen ist klein und recht \u00fcbersichtlich \u2013 er ist nach einer Frau benannt, die auf den <a href=\"https:\/\/www.olimar.de\/kapverden\/\" rel=\"noopener noreferrer\">Kapverden<\/a> jeder kennt: Ces\u00e1ria \u00c9vora. Die legend\u00e4re Morna-S\u00e4ngerin verstarb 2011 \u2013 doch ihre Musik lebt bis heute.<br \/>Direkt vor dem Flughafen auf S\u00e3o Vicente erinnert eine Statue an sie, die sie barfu\u00df und mit Mikrophon in der Hand zeigt.<\/p>\n<div id=\"attachment_1091\" style=\"width: 693px\" class=\"wp-caption alignnone\"><img loading=\"lazy\" decoding=\"async\" aria-describedby=\"caption-attachment-1091\" class=\"size-large wp-image-1091\" src=\"https:\/\/blog.olimar.de\/wp-content\/uploads\/2015\/01\/Ces\u00e1ria-\u00c9vora-683x1024.jpg\" alt=\"Statue von Ces\u00e1ria \u00c9vora, am Flughafen von S\u00e3o Vicente, Kapverden\" width=\"683\" height=\"1024\" srcset=\"https:\/\/blog.olimar.de\/wp-content\/uploads\/2015\/01\/Ces\u00e1ria-\u00c9vora-683x1024.jpg 683w, https:\/\/blog.olimar.de\/wp-content\/uploads\/2015\/01\/Ces\u00e1ria-\u00c9vora-200x300.jpg 200w, https:\/\/blog.olimar.de\/wp-content\/uploads\/2015\/01\/Ces\u00e1ria-\u00c9vora.jpg 1260w\" sizes=\"auto, (max-width: 683px) 100vw, 683px\" \/><p id=\"caption-attachment-1091\" class=\"wp-caption-text\">Statue von Ces\u00e1ria \u00c9vora, am Flughafen von S\u00e3o Vicente, Kapverden<\/p><\/div>\n<p>Das Lied, das wohl die meisten von ihr kennen, hei\u00dft \u201eSodade\u201c. Es stammt von einem Komponisten der Nachbarinsel namens Armando Zeferino Soares und beschreibt das Gef\u00fchl des Fremdseins und die Sehnsucht nach Heimat. Ein Thema, das man in der kapverdischen Kunst immer wieder antrifft, denn die Inseln waren immer eine Art Durchgangsstation: Heute leben auf den neun bewohnten Inseln rund 500.000 Menschen. Weitere 700.000 Kapverdier befinden sich im Ausland, auf der Suche nach einem gl\u00fccklichen Leben.<\/p>\n<p>\u201eCes\u00e1ria \u00c9vora ist 1941 in Mindelo im Stadtteil Ribeira Bote geboren, so wie viele bekannte K\u00fcnstler der Kapverden\u201c,\u00a0 berichtet Mirian Lopes, eine junge Psychologin, die in Mindelo in einem Gemeindetourismusprojekt mitarbeitet \u2013 und Besuchern auf Rundg\u00e4ngen durch Ribeira Bote zeigt, dass kapverdische Kultur ihre Urspr\u00fcnge h\u00e4ufig in den Armenvierteln hat. So stammte auch der Saxophonist Luis Morais, der Ces\u00e1ria \u00c9vora h\u00e4ufig mit seinem geschmeidigen Spiel begleitete, urspr\u00fcnglich aus Ribeira Bote.<\/p>\n<p><span class=\"dropcap\">I<\/span>m Gemeindezentrum arbeitet der T\u00f6pfer Djoy Soares in einer kleinen Werkstatt. Er formt Gesichter und Figuren aus Ton, die zum Teil an die Mandingas erinnern, jene Furcht einfl\u00f6\u00dfende Gestalten, die urspr\u00fcnglich vom afrikanischen Festland stammen. Schwarz angemalt, mit dunklen Bastr\u00f6cken, Knochen in den H\u00e4nden und martialischen Amuletten um den Hals bringen sie jedes Jahr einen Hauch von Voodoo-Zauber in den lebendigen Karneval Mindelos.<\/p>\n<div id=\"attachment_1093\" style=\"width: 850px\" class=\"wp-caption alignleft\"><img loading=\"lazy\" decoding=\"async\" aria-describedby=\"caption-attachment-1093\" class=\"size-large wp-image-1093\" src=\"https:\/\/blog.olimar.de\/wp-content\/uploads\/2015\/01\/T\u00f6pfer-Djoy-Soares-1024x682.jpg\" alt=\"T\u00f6pfer Djoy Soares in Mindelo, Kapverden\" width=\"840\" height=\"559\" srcset=\"https:\/\/blog.olimar.de\/wp-content\/uploads\/2015\/01\/T\u00f6pfer-Djoy-Soares-1024x682.jpg 1024w, https:\/\/blog.olimar.de\/wp-content\/uploads\/2015\/01\/T\u00f6pfer-Djoy-Soares-300x200.jpg 300w, https:\/\/blog.olimar.de\/wp-content\/uploads\/2015\/01\/T\u00f6pfer-Djoy-Soares-840x560.jpg 840w, https:\/\/blog.olimar.de\/wp-content\/uploads\/2015\/01\/T\u00f6pfer-Djoy-Soares-1200x800.jpg 1200w, https:\/\/blog.olimar.de\/wp-content\/uploads\/2015\/01\/T\u00f6pfer-Djoy-Soares.jpg 1718w\" sizes=\"auto, (max-width: 840px) 100vw, 840px\" \/><p id=\"caption-attachment-1093\" class=\"wp-caption-text\">T\u00f6pfer Djoy Soares in Mindelo, Kapverden<\/p><\/div>\n<div id=\"attachment_1094\" style=\"width: 850px\" class=\"wp-caption alignleft\"><img loading=\"lazy\" decoding=\"async\" aria-describedby=\"caption-attachment-1094\" class=\"size-large wp-image-1094\" src=\"https:\/\/blog.olimar.de\/wp-content\/uploads\/2015\/01\/Figur-T\u00f6pfer-Djoy-Soares-1024x682.jpg\" alt=\"Get\u00f6pferte Kunst von Djoy Soares auf den Kapverden\" width=\"840\" height=\"559\" srcset=\"https:\/\/blog.olimar.de\/wp-content\/uploads\/2015\/01\/Figur-T\u00f6pfer-Djoy-Soares-1024x682.jpg 1024w, https:\/\/blog.olimar.de\/wp-content\/uploads\/2015\/01\/Figur-T\u00f6pfer-Djoy-Soares-300x200.jpg 300w, https:\/\/blog.olimar.de\/wp-content\/uploads\/2015\/01\/Figur-T\u00f6pfer-Djoy-Soares-840x560.jpg 840w, https:\/\/blog.olimar.de\/wp-content\/uploads\/2015\/01\/Figur-T\u00f6pfer-Djoy-Soares-1200x800.jpg 1200w, https:\/\/blog.olimar.de\/wp-content\/uploads\/2015\/01\/Figur-T\u00f6pfer-Djoy-Soares.jpg 1718w\" sizes=\"auto, (max-width: 840px) 100vw, 840px\" \/><p id=\"caption-attachment-1094\" class=\"wp-caption-text\">Get\u00f6pferte Kunst von Djoy Soares auf den Kapverden<\/p><\/div>\n<blockquote>\n<p>\u201eAn Karneval kommen viele Kapverdier aus den anderen Stadtteilen zu uns nach Ribeira Bote\u201c,<\/p>\n<\/blockquote>\n<p>berichtet der K\u00fcnstler Albertino Silva. Der gelernte Mechaniker, der sein Atelier ebenfalls in Ribeira Bote hat, ist spezialisiert auf Steinmetzarbeiten. Meist formt er aus den Steinen Fische oder kleine Schalen.<\/p>\n<p>Eine weitere Passion Albertino Silvas ist es, Flipflops mit den unterschiedlichsten Designs umzugestalten und zu verzieren. Der K\u00fcnstler gibt seinen farbenpr\u00e4chtigen Schuhen Gesichter. Sogar Gummisandalen verwandelt Silva in Lach-Gesichter. \u201eMeine bunten Schuhe sind von der Farbenpracht des Karnevals inspiriert\u201c, erkl\u00e4rt der Autodidakt, der stolz darauf ist, schon auf verschiedenen Nachbarinseln sowie in Portugal und Spanien ausgestellt zu haben.<\/p>\n<div id=\"attachment_1095\" style=\"width: 693px\" class=\"wp-caption alignnone\"><img loading=\"lazy\" decoding=\"async\" aria-describedby=\"caption-attachment-1095\" class=\"size-large wp-image-1095\" src=\"https:\/\/blog.olimar.de\/wp-content\/uploads\/2015\/01\/Albertino-Silva-683x1024.jpg\" alt=\"K\u00fcnstler Albertino Silva zeigt seine k\u00fcnstlerisch gestalteten Schuhe\" width=\"683\" height=\"1024\" srcset=\"https:\/\/blog.olimar.de\/wp-content\/uploads\/2015\/01\/Albertino-Silva-683x1024.jpg 683w, https:\/\/blog.olimar.de\/wp-content\/uploads\/2015\/01\/Albertino-Silva-200x300.jpg 200w, https:\/\/blog.olimar.de\/wp-content\/uploads\/2015\/01\/Albertino-Silva.jpg 1156w\" sizes=\"auto, (max-width: 683px) 100vw, 683px\" \/><p id=\"caption-attachment-1095\" class=\"wp-caption-text\">K\u00fcnstler Albertino Silva zeigt seine k\u00fcnstlerisch gestalteten Schuhe<\/p><\/div>\n<p>Neben einer Reihe von Kunsthandwerksl\u00e4den finden sich hier einige gute Musik-Caf\u00e9s und Bars. Im Caf\u00e9 Lisboa in der Rua Libertadores &#8216;d Africa wird h\u00e4ufig spontan musiziert, das Casa da Morna im der Rua de Praia hat regelm\u00e4\u00dfig Profi-Musiker zu Gast, wobei die Livekonzerte dort meist erst nach 23 Uhr beginnen.<\/p>\n<div id=\"attachment_1097\" style=\"width: 850px\" class=\"wp-caption alignleft\"><img loading=\"lazy\" decoding=\"async\" aria-describedby=\"caption-attachment-1097\" class=\"size-large wp-image-1097\" src=\"https:\/\/blog.olimar.de\/wp-content\/uploads\/2015\/01\/Musiker-Cafe-Lisboa-1024x683.jpg\" alt=\"Spontanes Konzert im Caf\u00e9 Lisboa in Mindelo, Kapverden\" width=\"840\" height=\"560\" srcset=\"https:\/\/blog.olimar.de\/wp-content\/uploads\/2015\/01\/Musiker-Cafe-Lisboa-1024x683.jpg 1024w, https:\/\/blog.olimar.de\/wp-content\/uploads\/2015\/01\/Musiker-Cafe-Lisboa-300x200.jpg 300w, https:\/\/blog.olimar.de\/wp-content\/uploads\/2015\/01\/Musiker-Cafe-Lisboa-840x560.jpg 840w, https:\/\/blog.olimar.de\/wp-content\/uploads\/2015\/01\/Musiker-Cafe-Lisboa-1200x800.jpg 1200w, https:\/\/blog.olimar.de\/wp-content\/uploads\/2015\/01\/Musiker-Cafe-Lisboa.jpg 1906w\" sizes=\"auto, (max-width: 840px) 100vw, 840px\" \/><p id=\"caption-attachment-1097\" class=\"wp-caption-text\">Spontanes Konzert im Caf\u00e9 Lisboa in Mindelo, Kapverden<\/p><\/div>\n<p>Wer S\u00e3o Vicente im August besucht, erlebt dort allj\u00e4hrlich das gr\u00f6\u00dfte Musikfestival der Kapverden \u2013 das Festival Baia das Gatas. Bei dem meist dreit\u00e4gigen Musik-Highlight treten zahlreiche Gruppen von den verschiedenen Inseln der Kapverden auf sowie Musiker vom afrikanischen Festland, aus Portugal und Brasilien.<\/p>\n<p>Zur Fortsetzung des Artikels: <a title=\"K\u00fcnstler auf den Kapverden, Teil 2\" href=\"https:\/\/blog.olimar.de\/kuenstler-auf-den-kapverden-teil-2\/\">K\u00fcnstler auf den<\/a><a title=\"K\u00fcnstler auf den Kapverden, Teil 1\" href=\"https:\/\/blog.olimar.de\/kuenstler-auf-den-kapverden\/\"> Kapverde<\/a><a title=\"K\u00fcnstler auf den Kapverden, Teil 1\" href=\"https:\/\/blog.olimar.de\/kuenstler-auf-den-kapverden\/\">n,<\/a><a title=\"K\u00fcnstler auf den Kapverden, Teil 1\" href=\"https:\/\/blog.olimar.de\/kuenstler-auf-den-kapverden\/\"> Teil 2<\/a><\/p>\n<div class=\"green-box\"><strong>OLIMAR Tipps<\/strong><\/p>\n<table>\n<tbody>\n<tr>\n<td><strong>Anreisen:<\/strong><\/td>\n<td>Flug z. B. ab Hamburg, Frankfurt, M\u00fcnchen mit TAP Portugal \u00fcber Lissabon nach S\u00e3o Vicente<\/td>\n<\/tr>\n<tr>\n<td><strong>\u00dcbernachten:<\/strong><\/td>\n<td><strong><a href=\"https:\/\/rms.olimar.de\/code\/vxe102\">Hotel O\u00e1sis Porto Grande<\/a><\/strong> in Mindelo. An einem Park mitten im historischen Zentrum erwartet Sie dieses im Kolonialstil gebaute und liebevoll renovierte Hotel. Ab 46 Euro p.P\/Nacht inkl. Fr\u00fchst\u00fcck im DZ.<\/td>\n<\/tr>\n<tr>\n<td><strong>Besichtigen:<\/strong><\/td>\n<td>Kunsthandwerk wie z.B Flipflops mit Gesichtern: Atelier Pik\u00e1 Pedra, Albertino Silva<\/td>\n<\/tr>\n<tr>\n<td><strong>Ausgehen:<\/strong><\/td>\n<td>\n<ul>\n<li>Caf\u00e9 Lisboa, (Rua Libertadores &#8216;d Africa &#8211; ehemals Rua Lisboa, Mindelo): kleines Caf\u00e9 im Stadtzentrum, Treffpunkt f\u00fcr lokale Musiker, ideal f\u00fcr Besuche am Sp\u00e4tnachmittag oder am fr\u00fchen Abend<\/li>\n<\/ul>\n<\/td>\n<\/tr>\n<tr>\n<td><strong>Rundreisen:<\/strong><\/td>\n<td>\n<ul>\n<li><span style=\"text-decoration: underline;\"><a title=\"Wander-, Strand- und Kultur-Eldorado Kapverden mit OLIMAR Reisen\" href=\"https:\/\/www.olimar.de\/kapverden\/\" rel=\"noopener noreferrer\">Wander-, Strand- und Kultur-Eldorado<\/a><\/span><br \/>Neunt\u00e4gige individuelle Urlaubs- und Erlebnisreise auf Santo Ant\u00e3o und S\u00e3o Vicente, Unterkunft in Vier-Sterne-Hotels, Halbpension, Transfers und F\u00e4hr\u00fcberfahrten, Stadtf\u00fchrung in Mindelo, hochwertige Reiseunterlagen ab 565 \u20ac p.P\u00a0\u00a0im Doppelzimmer. Anreise jeden Samstag m\u00f6glich.<\/li>\n<li><span style=\"text-decoration: underline;\"><a title=\"Berge, Traumstr\u00e4nde und Lebensfreude Rundreise mit OLIMAR Reisen\" href=\"https:\/\/www.olimar.de\/kapverden\/\" rel=\"noopener noreferrer\">Berge, Traumstr\u00e4nde und Lebensfreude<\/a><\/span><br \/>Gef\u00fchrte Rund- und Wanderreise auf Santo Ant\u00e3o und S\u00e3o Vicente, Logie in Vier-Sterne-Hotels, 11 \u00dcbernachtungen inkl. Halbpension, Flug, Transfer, F\u00e4hr\u00fcberfahrt und Ausflugsprogramm mit Wandern, Strandtagen und Begegnungen mit der Musik- und Kunstszene. Ab 1634,- Euro p. P. im DZ<\/li>\n<\/ul>\n<\/td>\n<\/tr>\n<\/tbody>\n<\/table>\n<\/div>\n<\/div>\n\n\n<div style=\"height:50px\" aria-hidden=\"true\" class=\"wp-block-spacer\"><\/div>\n\n\n\n<div class=\"wp-block-buttons is-layout-flex wp-block-buttons-is-layout-flex\">\n<div class=\"wp-block-button\"><a class=\"wp-block-button__link wp-element-button\" href=\"https:\/\/www.olimar.de\/hotellistung\/\">Jetzt Urlaubsangebote finden und buchen<\/a><\/div>\n<\/div>\n\n\n\n<div style=\"height:100px\" aria-hidden=\"true\" class=\"wp-block-spacer\"><\/div>\n","protected":false},"excerpt":{"rendered":"<p>Auf den Kapverden gibt es viele unterschiedliche Arten, sich mit der Kunst auszudr\u00fccken. Hier liest findest du Informationen und Orte, wo Du der Kunst und den k\u00fcnstlerisch t\u00e4tigen Personen ganz Nahe sein kannst!\u00a0 Mindelo ist die Kulturhauptstadt der Kapverden Dort, aber l\u00e4ngst nicht nur dort, begegnet man interessanten Musikern und Kunsthandwerkern. Dass Kunst und Kultur auf der Insel S\u00e3o Vicente hohen Stellenwert haben, merkt man schon bei der Anreise. Der internationale Flughafen ist klein und recht \u00fcbersichtlich \u2013 er ist nach einer Frau benannt, die auf den Kapverden jeder kennt: Ces\u00e1ria \u00c9vora. Die legend\u00e4re Morna-S\u00e4ngerin verstarb 2011 \u2013 doch ihre Musik &hellip;<\/p>\n","protected":false},"author":6,"featured_media":1107,"comment_status":"open","ping_status":"open","sticky":false,"template":"","format":"standard","meta":{"_crdt_document":"","_lmt_disableupdate":"","_lmt_disable":"","footnotes":""},"categories":[28],"tags":[47],"class_list":["post-345","post","type-post","status-publish","format-standard","has-post-thumbnail","hentry","category-kunst-kultur","tag-kapverden"],"yoast_head":"<!-- This site is optimized with the Yoast SEO plugin v26.9 - https:\/\/yoast.com\/product\/yoast-seo-wordpress\/ -->\n<title>K\u00fcnstler auf den Kapverden, Teil 1 -<\/title>\n<meta name=\"description\" content=\"Kunst und Kultur auf der Insel S\u00e3o Vicente hat einen hohen Stellenwert. Auf der Insel der Kapverden trifft man interessante Musiker und Kunsthandwerker.\" \/>\n<meta name=\"robots\" content=\"index, follow, max-snippet:-1, max-image-preview:large, max-video-preview:-1\" \/>\n<link rel=\"canonical\" href=\"https:\/\/blog.olimar.de\/kuenstler-auf-den-kapverden\/\" \/>\n<meta property=\"og:locale\" content=\"de_DE\" \/>\n<meta property=\"og:type\" content=\"article\" \/>\n<meta property=\"og:title\" content=\"K\u00fcnstler auf den Kapverden, Teil 1 -\" \/>\n<meta property=\"og:description\" content=\"Kunst und Kultur auf der Insel S\u00e3o Vicente hat einen hohen Stellenwert. Auf der Insel der Kapverden trifft man interessante Musiker und Kunsthandwerker.\" \/>\n<meta property=\"og:url\" content=\"https:\/\/blog.olimar.de\/kuenstler-auf-den-kapverden\/\" \/>\n<meta property=\"article:publisher\" content=\"https:\/\/www.facebook.com\/OlimarReisen\" \/>\n<meta property=\"article:published_time\" content=\"2015-02-03T17:25:46+00:00\" \/>\n<meta property=\"article:modified_time\" content=\"2022-12-22T12:45:36+00:00\" \/>\n<meta property=\"og:image\" content=\"https:\/\/blog.olimar.de\/wp-content\/uploads\/2015\/01\/Flipflop_Kapverden_1200x800.jpg\" \/>\n\t<meta property=\"og:image:width\" content=\"1200\" \/>\n\t<meta property=\"og:image:height\" content=\"800\" \/>\n\t<meta property=\"og:image:type\" content=\"image\/jpeg\" \/>\n<meta name=\"author\" content=\"Rainer\" \/>\n<meta name=\"twitter:label1\" content=\"Verfasst von\" \/>\n\t<meta name=\"twitter:data1\" content=\"Rainer\" \/>\n\t<meta name=\"twitter:label2\" content=\"Gesch\u00e4tzte Lesezeit\" \/>\n\t<meta name=\"twitter:data2\" content=\"6\u00a0Minuten\" \/>\n<script type=\"application\/ld+json\" class=\"yoast-schema-graph\">{\"@context\":\"https:\/\/schema.org\",\"@graph\":[{\"@type\":\"WebPage\",\"@id\":\"https:\/\/blog.olimar.de\/kuenstler-auf-den-kapverden\/\",\"url\":\"https:\/\/blog.olimar.de\/kuenstler-auf-den-kapverden\/\",\"name\":\"K\u00fcnstler auf den Kapverden, Teil 1 -\",\"isPartOf\":{\"@id\":\"https:\/\/blog.olimar.de\/#website\"},\"primaryImageOfPage\":{\"@id\":\"https:\/\/blog.olimar.de\/kuenstler-auf-den-kapverden\/#primaryimage\"},\"image\":{\"@id\":\"https:\/\/blog.olimar.de\/kuenstler-auf-den-kapverden\/#primaryimage\"},\"thumbnailUrl\":\"https:\/\/blog.olimar.de\/wp-content\/uploads\/2015\/01\/Flipflop_Kapverden_1200x800.jpg\",\"datePublished\":\"2015-02-03T17:25:46+00:00\",\"dateModified\":\"2022-12-22T12:45:36+00:00\",\"description\":\"Kunst und Kultur auf der Insel S\u00e3o Vicente hat einen hohen Stellenwert. Auf der Insel der Kapverden trifft man interessante Musiker und Kunsthandwerker.\",\"breadcrumb\":{\"@id\":\"https:\/\/blog.olimar.de\/kuenstler-auf-den-kapverden\/#breadcrumb\"},\"inLanguage\":\"de\",\"potentialAction\":[{\"@type\":\"ReadAction\",\"target\":[\"https:\/\/blog.olimar.de\/kuenstler-auf-den-kapverden\/\"]}]},{\"@type\":\"ImageObject\",\"inLanguage\":\"de\",\"@id\":\"https:\/\/blog.olimar.de\/kuenstler-auf-den-kapverden\/#primaryimage\",\"url\":\"https:\/\/blog.olimar.de\/wp-content\/uploads\/2015\/01\/Flipflop_Kapverden_1200x800.jpg\",\"contentUrl\":\"https:\/\/blog.olimar.de\/wp-content\/uploads\/2015\/01\/Flipflop_Kapverden_1200x800.jpg\",\"width\":1200,\"height\":800,\"caption\":\"Flipflop-Kunst von Albertino Silver, Kapverden\"},{\"@type\":\"BreadcrumbList\",\"@id\":\"https:\/\/blog.olimar.de\/kuenstler-auf-den-kapverden\/#breadcrumb\",\"itemListElement\":[{\"@type\":\"ListItem\",\"position\":1,\"name\":\"Home\",\"item\":\"https:\/\/blog.olimar.de\/\"},{\"@type\":\"ListItem\",\"position\":2,\"name\":\"Kapverden\",\"item\":\"https:\/\/blog.olimar.de\/tag\/kapverden\/\"},{\"@type\":\"ListItem\",\"position\":3,\"name\":\"K\u00fcnstler auf den Kapverden, Teil 1\"}]},{\"@type\":\"WebSite\",\"@id\":\"https:\/\/blog.olimar.de\/#website\",\"url\":\"https:\/\/blog.olimar.de\/\",\"name\":\"OLIMAR.com\",\"description\":\"\",\"publisher\":{\"@id\":\"https:\/\/blog.olimar.de\/#organization\"},\"potentialAction\":[{\"@type\":\"SearchAction\",\"target\":{\"@type\":\"EntryPoint\",\"urlTemplate\":\"https:\/\/blog.olimar.de\/?s={search_term_string}\"},\"query-input\":{\"@type\":\"PropertyValueSpecification\",\"valueRequired\":true,\"valueName\":\"search_term_string\"}}],\"inLanguage\":\"de\"},{\"@type\":\"Organization\",\"@id\":\"https:\/\/blog.olimar.de\/#organization\",\"name\":\"OLIMAR Reisen\",\"url\":\"https:\/\/blog.olimar.de\/\",\"logo\":{\"@type\":\"ImageObject\",\"inLanguage\":\"de\",\"@id\":\"https:\/\/blog.olimar.de\/#\/schema\/logo\/image\/\",\"url\":\"https:\/\/blog.olimar.de\/wp-content\/uploads\/2021\/01\/OLIMAR_Logo_COLOR.png\",\"contentUrl\":\"https:\/\/blog.olimar.de\/wp-content\/uploads\/2021\/01\/OLIMAR_Logo_COLOR.png\",\"width\":2000,\"height\":986,\"caption\":\"OLIMAR Reisen\"},\"image\":{\"@id\":\"https:\/\/blog.olimar.de\/#\/schema\/logo\/image\/\"},\"sameAs\":[\"https:\/\/www.facebook.com\/OlimarReisen\",\"https:\/\/x.com\/olimarrreisen\",\"https:\/\/www.instagram.com\/olimarreisen\",\"https:\/\/www.youtube.com\/user\/olimarreisen\"]}]}<\/script>\n<!-- \/ Yoast SEO plugin. -->","yoast_head_json":{"title":"K\u00fcnstler auf den Kapverden, Teil 1 -","description":"Kunst und Kultur auf der Insel S\u00e3o Vicente hat einen hohen Stellenwert. Auf der Insel der Kapverden trifft man interessante Musiker und Kunsthandwerker.","robots":{"index":"index","follow":"follow","max-snippet":"max-snippet:-1","max-image-preview":"max-image-preview:large","max-video-preview":"max-video-preview:-1"},"canonical":"https:\/\/blog.olimar.de\/kuenstler-auf-den-kapverden\/","og_locale":"de_DE","og_type":"article","og_title":"K\u00fcnstler auf den Kapverden, Teil 1 -","og_description":"Kunst und Kultur auf der Insel S\u00e3o Vicente hat einen hohen Stellenwert. Auf der Insel der Kapverden trifft man interessante Musiker und Kunsthandwerker.","og_url":"https:\/\/blog.olimar.de\/kuenstler-auf-den-kapverden\/","article_publisher":"https:\/\/www.facebook.com\/OlimarReisen","article_published_time":"2015-02-03T17:25:46+00:00","article_modified_time":"2022-12-22T12:45:36+00:00","og_image":[{"width":1200,"height":800,"url":"https:\/\/blog.olimar.de\/wp-content\/uploads\/2015\/01\/Flipflop_Kapverden_1200x800.jpg","type":"image\/jpeg"}],"author":"Rainer","twitter_misc":{"Verfasst von":"Rainer","Gesch\u00e4tzte Lesezeit":"6\u00a0Minuten"},"schema":{"@context":"https:\/\/schema.org","@graph":[{"@type":"WebPage","@id":"https:\/\/blog.olimar.de\/kuenstler-auf-den-kapverden\/","url":"https:\/\/blog.olimar.de\/kuenstler-auf-den-kapverden\/","name":"K\u00fcnstler auf den Kapverden, Teil 1 -","isPartOf":{"@id":"https:\/\/blog.olimar.de\/#website"},"primaryImageOfPage":{"@id":"https:\/\/blog.olimar.de\/kuenstler-auf-den-kapverden\/#primaryimage"},"image":{"@id":"https:\/\/blog.olimar.de\/kuenstler-auf-den-kapverden\/#primaryimage"},"thumbnailUrl":"https:\/\/blog.olimar.de\/wp-content\/uploads\/2015\/01\/Flipflop_Kapverden_1200x800.jpg","datePublished":"2015-02-03T17:25:46+00:00","dateModified":"2022-12-22T12:45:36+00:00","description":"Kunst und Kultur auf der Insel S\u00e3o Vicente hat einen hohen Stellenwert. Auf der Insel der Kapverden trifft man interessante Musiker und Kunsthandwerker.","breadcrumb":{"@id":"https:\/\/blog.olimar.de\/kuenstler-auf-den-kapverden\/#breadcrumb"},"inLanguage":"de","potentialAction":[{"@type":"ReadAction","target":["https:\/\/blog.olimar.de\/kuenstler-auf-den-kapverden\/"]}]},{"@type":"ImageObject","inLanguage":"de","@id":"https:\/\/blog.olimar.de\/kuenstler-auf-den-kapverden\/#primaryimage","url":"https:\/\/blog.olimar.de\/wp-content\/uploads\/2015\/01\/Flipflop_Kapverden_1200x800.jpg","contentUrl":"https:\/\/blog.olimar.de\/wp-content\/uploads\/2015\/01\/Flipflop_Kapverden_1200x800.jpg","width":1200,"height":800,"caption":"Flipflop-Kunst von Albertino Silver, Kapverden"},{"@type":"BreadcrumbList","@id":"https:\/\/blog.olimar.de\/kuenstler-auf-den-kapverden\/#breadcrumb","itemListElement":[{"@type":"ListItem","position":1,"name":"Home","item":"https:\/\/blog.olimar.de\/"},{"@type":"ListItem","position":2,"name":"Kapverden","item":"https:\/\/blog.olimar.de\/tag\/kapverden\/"},{"@type":"ListItem","position":3,"name":"K\u00fcnstler auf den Kapverden, Teil 1"}]},{"@type":"WebSite","@id":"https:\/\/blog.olimar.de\/#website","url":"https:\/\/blog.olimar.de\/","name":"OLIMAR.com","description":"","publisher":{"@id":"https:\/\/blog.olimar.de\/#organization"},"potentialAction":[{"@type":"SearchAction","target":{"@type":"EntryPoint","urlTemplate":"https:\/\/blog.olimar.de\/?s={search_term_string}"},"query-input":{"@type":"PropertyValueSpecification","valueRequired":true,"valueName":"search_term_string"}}],"inLanguage":"de"},{"@type":"Organization","@id":"https:\/\/blog.olimar.de\/#organization","name":"OLIMAR Reisen","url":"https:\/\/blog.olimar.de\/","logo":{"@type":"ImageObject","inLanguage":"de","@id":"https:\/\/blog.olimar.de\/#\/schema\/logo\/image\/","url":"https:\/\/blog.olimar.de\/wp-content\/uploads\/2021\/01\/OLIMAR_Logo_COLOR.png","contentUrl":"https:\/\/blog.olimar.de\/wp-content\/uploads\/2021\/01\/OLIMAR_Logo_COLOR.png","width":2000,"height":986,"caption":"OLIMAR Reisen"},"image":{"@id":"https:\/\/blog.olimar.de\/#\/schema\/logo\/image\/"},"sameAs":["https:\/\/www.facebook.com\/OlimarReisen","https:\/\/x.com\/olimarrreisen","https:\/\/www.instagram.com\/olimarreisen","https:\/\/www.youtube.com\/user\/olimarreisen"]}]}},"modified_by":"Lena Radermacher","jetpack_featured_media_url":"https:\/\/blog.olimar.de\/wp-content\/uploads\/2015\/01\/Flipflop_Kapverden_1200x800.jpg","_links":{"self":[{"href":"https:\/\/blog.olimar.de\/wp-json\/wp\/v2\/posts\/345","targetHints":{"allow":["GET"]}}],"collection":[{"href":"https:\/\/blog.olimar.de\/wp-json\/wp\/v2\/posts"}],"about":[{"href":"https:\/\/blog.olimar.de\/wp-json\/wp\/v2\/types\/post"}],"author":[{"embeddable":true,"href":"https:\/\/blog.olimar.de\/wp-json\/wp\/v2\/users\/6"}],"replies":[{"embeddable":true,"href":"https:\/\/blog.olimar.de\/wp-json\/wp\/v2\/comments?post=345"}],"version-history":[{"count":39,"href":"https:\/\/blog.olimar.de\/wp-json\/wp\/v2\/posts\/345\/revisions"}],"predecessor-version":[{"id":23010,"href":"https:\/\/blog.olimar.de\/wp-json\/wp\/v2\/posts\/345\/revisions\/23010"}],"wp:featuredmedia":[{"embeddable":true,"href":"https:\/\/blog.olimar.de\/wp-json\/wp\/v2\/media\/1107"}],"wp:attachment":[{"href":"https:\/\/blog.olimar.de\/wp-json\/wp\/v2\/media?parent=345"}],"wp:term":[{"taxonomy":"category","embeddable":true,"href":"https:\/\/blog.olimar.de\/wp-json\/wp\/v2\/categories?post=345"},{"taxonomy":"post_tag","embeddable":true,"href":"https:\/\/blog.olimar.de\/wp-json\/wp\/v2\/tags?post=345"}],"curies":[{"name":"wp","href":"https:\/\/api.w.org\/{rel}","templated":true}]}}