{"id":3616,"date":"2016-02-14T13:06:58","date_gmt":"2016-02-14T11:06:58","guid":{"rendered":"https:\/\/blog.olimar.de\/?p=3616"},"modified":"2016-07-29T17:40:20","modified_gmt":"2016-07-29T15:40:20","slug":"wanderung-algarve","status":"publish","type":"post","link":"https:\/\/blog.olimar.de\/wanderung-algarve\/","title":{"rendered":"Cabo Pontal: Eine Winterwanderung entlang der Westk\u00fcste der Algarve"},"content":{"rendered":"<p class=\"intro\">Die <a href=\"https:\/\/www.olimar.de\/portugal\/algarve\/\" target=\"_blank\">Algarve<\/a> wird zumeist mit Badeurlaub und sommerlichen Temperaturen in Verbindung gebracht. Dass sich Portugals s\u00fcdwestlichster Landzipfel auch herrlich f\u00fcr eine Auszeit in den Wintermonaten eignet, erlebe ich seit einigen Jahren bei meinen regelm\u00e4\u00dfigen Aufenthalten dort. Insbesondere Spazierg\u00e4nge an den dann fast menschenleeren Str\u00e4nden der Algarve sind herrlich! Eine besonders sch\u00f6ne K\u00fcstenwanderung ist die Folgende:<\/p>\n<p>Zwischen Sagres und Aljezur liegt der kleine Ort <strong>Carrapateira<\/strong>. Von hier aus starte ich meine Winterwanderung \u00fcber die Landzunge <strong>Cabo Pontal<\/strong> an der Westk\u00fcste der Algarve.<br \/>\nMeinen Wagen parke ich auf einem Strandparkplatz in der N\u00e4he des Restaurants O Sitio do Rio in Carrapateira. Hier stehen bereits einige andere Autos und auch ein paar Wohnmobile.<br \/>\nEs ist herrlich! Ich befinde mich mitten in einer weitl\u00e4ufigen D\u00fcnenlandschaft und gleich um die Ecke soll einer der sch\u00f6nsten Str\u00e4nde der Algarve liegen.<\/p>\n<p><img loading=\"lazy\" decoding=\"async\" class=\"alignleft wp-image-3666 size-large\" src=\"https:\/\/blog.olimar.de\/wp-content\/uploads\/2016\/02\/Sandd\u00fcne-bei-Carrapateira-1024x769.jpg\" alt=\"Sandd\u00fcne bei Carrapateira\" width=\"840\" height=\"631\" srcset=\"https:\/\/blog.olimar.de\/wp-content\/uploads\/2016\/02\/Sandd\u00fcne-bei-Carrapateira.jpg 1024w, https:\/\/blog.olimar.de\/wp-content\/uploads\/2016\/02\/Sandd\u00fcne-bei-Carrapateira-300x225.jpg 300w, https:\/\/blog.olimar.de\/wp-content\/uploads\/2016\/02\/Sandd\u00fcne-bei-Carrapateira-768x577.jpg 768w\" sizes=\"auto, (max-width: 840px) 100vw, 840px\" \/><\/p>\n<div id=\"attachment_3663\" style=\"width: 850px\" class=\"wp-caption alignleft\"><img loading=\"lazy\" decoding=\"async\" aria-describedby=\"caption-attachment-3663\" class=\"wp-image-3663 size-large\" src=\"https:\/\/blog.olimar.de\/wp-content\/uploads\/2016\/02\/Brandung-am-Cabo-Pontal-1024x456.jpg\" alt=\"Brandung am Cabo Pontal\" width=\"840\" height=\"374\" srcset=\"https:\/\/blog.olimar.de\/wp-content\/uploads\/2016\/02\/Brandung-am-Cabo-Pontal.jpg 1024w, https:\/\/blog.olimar.de\/wp-content\/uploads\/2016\/02\/Brandung-am-Cabo-Pontal-300x134.jpg 300w, https:\/\/blog.olimar.de\/wp-content\/uploads\/2016\/02\/Brandung-am-Cabo-Pontal-768x342.jpg 768w\" sizes=\"auto, (max-width: 840px) 100vw, 840px\" \/><p id=\"caption-attachment-3663\" class=\"wp-caption-text\">Brandung am Cabo Pontal<\/p><\/div>\n<p>Die Luft schmeckt nach Meer und nach einem tiefen Atemzug, folge ich einem der vielen Trampelpfade eine Sandd\u00fcne hinauf.<br \/>\nImmer wieder muss ich stehen bleiben und die wundersch\u00f6ne Aussicht genie\u00dfen: Das dunkelblaue Wasser der Lagune, die am Fu\u00dfe der D\u00fcne liegt, der hellblaue Himmel und der wei\u00dfe Sand &#8211; ich kann gar nicht genug davon bekommen.<\/p>\n<h3><strong>Praia da Bordeira<\/strong><\/h3>\n<p>Und es kommt noch besser. Denn oben angekommen haut mich der Ausblick auf den Strand fast um. <strong>Der Praia da Bordeira ist eine wilde Sch\u00f6nheit!<\/strong> So unendlich viel Sand, dazu die heranrollende Brandung des Atlantiks und die ruhige Lagune im Hintergrund.<br \/>\n\u00dcber einen Holzsteg gelange ich zu einem Aussichtspunkt oberhalb des Strandes. Hier k\u00f6nnte ich stundenlang stehen und den Wellen zusehen, wie sie gegen die Felsen branden und auf den Strand rollen.<\/p>\n<div id=\"attachment_3665\" style=\"width: 850px\" class=\"wp-caption alignleft\"><img loading=\"lazy\" decoding=\"async\" aria-describedby=\"caption-attachment-3665\" class=\"wp-image-3665 size-large\" src=\"https:\/\/blog.olimar.de\/wp-content\/uploads\/2016\/02\/Praia-da-Bordeira-1024x768.jpg\" alt=\"Praia da Bordeira\" width=\"840\" height=\"630\" srcset=\"https:\/\/blog.olimar.de\/wp-content\/uploads\/2016\/02\/Praia-da-Bordeira.jpg 1024w, https:\/\/blog.olimar.de\/wp-content\/uploads\/2016\/02\/Praia-da-Bordeira-300x225.jpg 300w, https:\/\/blog.olimar.de\/wp-content\/uploads\/2016\/02\/Praia-da-Bordeira-768x576.jpg 768w\" sizes=\"auto, (max-width: 840px) 100vw, 840px\" \/><p id=\"caption-attachment-3665\" class=\"wp-caption-text\">Im Vordergrund die ruhige Lagune des Praia da Bordeira<\/p><\/div>\n<p>Ich kann mich kaum losrei\u00dfen und folge dann doch weiter meinem Wanderweg. Die Stra\u00dfe biegt gen S\u00fcden ab und ich folge ihr. Immer wieder zweigen Holzstege ab in Richtung Klippenrand &#8211; zu immer neuen Aussichtsplattformen.<br \/>\nDie Steilklippen sind hier bis zu 90 Meter hoch. An ihren F\u00fc\u00dfen nagt der blaue Atlantik und die Felsen schimmern gelb und rot im Sonnenlicht.<br \/>\nWie gut, dass jetzt Winter ist. Im Sommer w\u00e4re es f\u00fcr diese Wanderung wohl viel zu hei\u00df. Nirgends gibt es Schatten. Kein Baum weit und breit, nur niedrige B\u00fcsche, Felsen und D\u00fcnen.<br \/>\nNachdem ich ungef\u00e4hr die H\u00e4lfte der Strecke \u00fcber die Landzunge gelaufen bin, treffe ich auf ein Restaurant. Ich trinke eine Bica, den portugiesischen Espresso. Dann geht\u00b4s weiter.<\/p>\n<h3><strong>Praia do Amado<\/strong><\/h3>\n<p>Der Praia do Amado befindet sich am s\u00fcdlichen Ende der Landzunge Cabo Pontal. Der Strand ist lang und umgeben von gr\u00fcnen H\u00fcgeln. Bevor ich hinunter gehe beobachte ich eine Weile die Surfer, wie sie meist elegant die Wellen abreiten, oder aber unerm\u00fcdlich immer wieder hinauspaddeln, aufsteigen und fallen.<\/p>\n<p><img loading=\"lazy\" decoding=\"async\" class=\"alignleft wp-image-3453 size-large\" src=\"https:\/\/blog.olimar.de\/wp-content\/uploads\/2015\/12\/Der-Praia-do-Amado-1024x769.jpg\" alt=\"Der Praia do Amado\" width=\"840\" height=\"631\" srcset=\"https:\/\/blog.olimar.de\/wp-content\/uploads\/2015\/12\/Der-Praia-do-Amado.jpg 1024w, https:\/\/blog.olimar.de\/wp-content\/uploads\/2015\/12\/Der-Praia-do-Amado-300x225.jpg 300w, https:\/\/blog.olimar.de\/wp-content\/uploads\/2015\/12\/Der-Praia-do-Amado-768x577.jpg 768w\" sizes=\"auto, (max-width: 840px) 100vw, 840px\" \/><br \/>\nAm Strand angekommen freue ich mich \u00fcber eine Portion Pommes Frites, die ich bei der mobilen Strandbar bekomme. Eine willkommene St\u00e4rkung f\u00fcr meinen Weg zur\u00fcck nach Carrapateira.<br \/>\nIch folge der Stra\u00dfe ins Inland durch eine gr\u00fcne, h\u00fcgelige Landschaft.<br \/>\nDas letzte St\u00fcck laufe ich entlang der wenig befahrenen Hauptstra\u00dfe unter Pinien zur\u00fcck nach Carrapateira.<br \/>\nZur\u00fcck beim Wagen bin ich gl\u00fccklich &#8211; und ziemlich kaputt. F\u00fcr die <strong>13 km<\/strong> war ich ca. 4 Stunden unterwegs. Auch, weil ich so viele Pausen gemacht und hier und da die Aussicht genossen habe.<br \/>\nEin tolle Wanderung, die ich Ihnen ans Herz legen m\u00f6chte. Sie k\u00f6nnen die Strecke auch mit dem Auto fahren und an den Aussichtspunkten parken &#8211; falls Sie nicht so gut zu Fu\u00df sind, oder es im Sommer zu hei\u00df ist.<\/p>\n\n","protected":false},"excerpt":{"rendered":"<p>Die Algarve wird zumeist mit Badeurlaub und sommerlichen Temperaturen in Verbindung gebracht. Dass sich Portugals s\u00fcdwestlichster Landzipfel auch herrlich f\u00fcr eine Auszeit in den Wintermonaten eignet, erlebe ich seit einigen Jahren bei meinen regelm\u00e4\u00dfigen Aufenthalten dort. Insbesondere Spazierg\u00e4nge an den dann fast menschenleeren Str\u00e4nden der Algarve sind herrlich! Eine besonders sch\u00f6ne K\u00fcstenwanderung ist die Folgende: Zwischen Sagres und Aljezur liegt der kleine Ort Carrapateira. Von hier aus starte ich meine Winterwanderung \u00fcber die Landzunge Cabo Pontal an der Westk\u00fcste der Algarve. Meinen Wagen parke ich auf einem Strandparkplatz in der N\u00e4he des Restaurants O Sitio do Rio in Carrapateira. Hier stehen &hellip;<\/p>\n","protected":false},"author":28,"featured_media":3664,"comment_status":"open","ping_status":"open","sticky":false,"template":"","format":"standard","meta":{"_crdt_document":"","_lmt_disableupdate":"","_lmt_disable":"","footnotes":""},"categories":[29],"tags":[24,34],"class_list":["post-3616","post","type-post","status-publish","format-standard","has-post-thumbnail","hentry","category-aktiv-natur","tag-algarve","tag-portugal"],"yoast_head":"<!-- This site is optimized with the Yoast SEO plugin v26.9 - https:\/\/yoast.com\/product\/yoast-seo-wordpress\/ -->\n<title>Cabo Pontal: Winterwanderung an der Algarve<\/title>\n<meta name=\"description\" content=\"Zwischen Sagres und Aljezur liegt der kleine Ort Carrapateira. Von hier aus starte ich meine Wanderung an der Westk\u00fcste der Algarve.\" \/>\n<meta name=\"robots\" content=\"index, follow, max-snippet:-1, max-image-preview:large, max-video-preview:-1\" \/>\n<link rel=\"canonical\" href=\"https:\/\/blog.olimar.de\/wanderung-algarve\/\" \/>\n<meta property=\"og:locale\" content=\"de_DE\" \/>\n<meta property=\"og:type\" content=\"article\" \/>\n<meta property=\"og:title\" content=\"Cabo Pontal: Winterwanderung an der Algarve\" \/>\n<meta property=\"og:description\" content=\"Zwischen Sagres und Aljezur liegt der kleine Ort Carrapateira. Von hier aus starte ich meine Wanderung an der Westk\u00fcste der Algarve.\" \/>\n<meta property=\"og:url\" content=\"https:\/\/blog.olimar.de\/wanderung-algarve\/\" \/>\n<meta property=\"article:publisher\" content=\"https:\/\/www.facebook.com\/OlimarReisen\" \/>\n<meta property=\"article:published_time\" content=\"2016-02-14T11:06:58+00:00\" \/>\n<meta property=\"article:modified_time\" content=\"2016-07-29T15:40:20+00:00\" \/>\n<meta property=\"og:image\" content=\"https:\/\/i2.wp.com\/blog.olimar.de\/wp-content\/uploads\/2016\/02\/Cabo-Pontal.jpg?fit=1024%2C771&ssl=1\" \/>\n\t<meta property=\"og:image:width\" content=\"1024\" \/>\n\t<meta property=\"og:image:height\" content=\"771\" \/>\n\t<meta property=\"og:image:type\" content=\"image\/jpeg\" \/>\n<meta name=\"author\" content=\"Steffi\" \/>\n<meta name=\"twitter:label1\" content=\"Verfasst von\" \/>\n\t<meta name=\"twitter:data1\" content=\"Steffi\" \/>\n\t<meta name=\"twitter:label2\" content=\"Gesch\u00e4tzte Lesezeit\" \/>\n\t<meta name=\"twitter:data2\" content=\"3\u00a0Minuten\" \/>\n<script type=\"application\/ld+json\" class=\"yoast-schema-graph\">{\"@context\":\"https:\/\/schema.org\",\"@graph\":[{\"@type\":\"WebPage\",\"@id\":\"https:\/\/blog.olimar.de\/wanderung-algarve\/\",\"url\":\"https:\/\/blog.olimar.de\/wanderung-algarve\/\",\"name\":\"Cabo Pontal: Winterwanderung an der Algarve\",\"isPartOf\":{\"@id\":\"https:\/\/blog.olimar.de\/#website\"},\"primaryImageOfPage\":{\"@id\":\"https:\/\/blog.olimar.de\/wanderung-algarve\/#primaryimage\"},\"image\":{\"@id\":\"https:\/\/blog.olimar.de\/wanderung-algarve\/#primaryimage\"},\"thumbnailUrl\":\"https:\/\/blog.olimar.de\/wp-content\/uploads\/2016\/02\/Cabo-Pontal.jpg\",\"datePublished\":\"2016-02-14T11:06:58+00:00\",\"dateModified\":\"2016-07-29T15:40:20+00:00\",\"description\":\"Zwischen Sagres und Aljezur liegt der kleine Ort Carrapateira. Von hier aus starte ich meine Wanderung an der Westk\u00fcste der Algarve.\",\"breadcrumb\":{\"@id\":\"https:\/\/blog.olimar.de\/wanderung-algarve\/#breadcrumb\"},\"inLanguage\":\"de\",\"potentialAction\":[{\"@type\":\"ReadAction\",\"target\":[\"https:\/\/blog.olimar.de\/wanderung-algarve\/\"]}]},{\"@type\":\"ImageObject\",\"inLanguage\":\"de\",\"@id\":\"https:\/\/blog.olimar.de\/wanderung-algarve\/#primaryimage\",\"url\":\"https:\/\/blog.olimar.de\/wp-content\/uploads\/2016\/02\/Cabo-Pontal.jpg\",\"contentUrl\":\"https:\/\/blog.olimar.de\/wp-content\/uploads\/2016\/02\/Cabo-Pontal.jpg\",\"width\":1024,\"height\":771,\"caption\":\"Das Cabo Pontal\"},{\"@type\":\"BreadcrumbList\",\"@id\":\"https:\/\/blog.olimar.de\/wanderung-algarve\/#breadcrumb\",\"itemListElement\":[{\"@type\":\"ListItem\",\"position\":1,\"name\":\"Home\",\"item\":\"https:\/\/blog.olimar.de\/\"},{\"@type\":\"ListItem\",\"position\":2,\"name\":\"Algarve\",\"item\":\"https:\/\/blog.olimar.de\/tag\/algarve\/\"},{\"@type\":\"ListItem\",\"position\":3,\"name\":\"Cabo Pontal: Eine Winterwanderung entlang der Westk\u00fcste der Algarve\"}]},{\"@type\":\"WebSite\",\"@id\":\"https:\/\/blog.olimar.de\/#website\",\"url\":\"https:\/\/blog.olimar.de\/\",\"name\":\"OLIMAR.com\",\"description\":\"\",\"publisher\":{\"@id\":\"https:\/\/blog.olimar.de\/#organization\"},\"potentialAction\":[{\"@type\":\"SearchAction\",\"target\":{\"@type\":\"EntryPoint\",\"urlTemplate\":\"https:\/\/blog.olimar.de\/?s={search_term_string}\"},\"query-input\":{\"@type\":\"PropertyValueSpecification\",\"valueRequired\":true,\"valueName\":\"search_term_string\"}}],\"inLanguage\":\"de\"},{\"@type\":\"Organization\",\"@id\":\"https:\/\/blog.olimar.de\/#organization\",\"name\":\"OLIMAR Reisen\",\"url\":\"https:\/\/blog.olimar.de\/\",\"logo\":{\"@type\":\"ImageObject\",\"inLanguage\":\"de\",\"@id\":\"https:\/\/blog.olimar.de\/#\/schema\/logo\/image\/\",\"url\":\"https:\/\/blog.olimar.de\/wp-content\/uploads\/2021\/01\/OLIMAR_Logo_COLOR.png\",\"contentUrl\":\"https:\/\/blog.olimar.de\/wp-content\/uploads\/2021\/01\/OLIMAR_Logo_COLOR.png\",\"width\":2000,\"height\":986,\"caption\":\"OLIMAR Reisen\"},\"image\":{\"@id\":\"https:\/\/blog.olimar.de\/#\/schema\/logo\/image\/\"},\"sameAs\":[\"https:\/\/www.facebook.com\/OlimarReisen\",\"https:\/\/x.com\/olimarrreisen\",\"https:\/\/www.instagram.com\/olimarreisen\",\"https:\/\/www.youtube.com\/user\/olimarreisen\"]}]}<\/script>\n<!-- \/ Yoast SEO plugin. -->","yoast_head_json":{"title":"Cabo Pontal: Winterwanderung an der Algarve","description":"Zwischen Sagres und Aljezur liegt der kleine Ort Carrapateira. Von hier aus starte ich meine Wanderung an der Westk\u00fcste der Algarve.","robots":{"index":"index","follow":"follow","max-snippet":"max-snippet:-1","max-image-preview":"max-image-preview:large","max-video-preview":"max-video-preview:-1"},"canonical":"https:\/\/blog.olimar.de\/wanderung-algarve\/","og_locale":"de_DE","og_type":"article","og_title":"Cabo Pontal: Winterwanderung an der Algarve","og_description":"Zwischen Sagres und Aljezur liegt der kleine Ort Carrapateira. Von hier aus starte ich meine Wanderung an der Westk\u00fcste der Algarve.","og_url":"https:\/\/blog.olimar.de\/wanderung-algarve\/","article_publisher":"https:\/\/www.facebook.com\/OlimarReisen","article_published_time":"2016-02-14T11:06:58+00:00","article_modified_time":"2016-07-29T15:40:20+00:00","og_image":[{"width":1024,"height":771,"url":"https:\/\/i2.wp.com\/blog.olimar.de\/wp-content\/uploads\/2016\/02\/Cabo-Pontal.jpg?fit=1024%2C771&ssl=1","type":"image\/jpeg"}],"author":"Steffi","twitter_misc":{"Verfasst von":"Steffi","Gesch\u00e4tzte Lesezeit":"3\u00a0Minuten"},"schema":{"@context":"https:\/\/schema.org","@graph":[{"@type":"WebPage","@id":"https:\/\/blog.olimar.de\/wanderung-algarve\/","url":"https:\/\/blog.olimar.de\/wanderung-algarve\/","name":"Cabo Pontal: Winterwanderung an der Algarve","isPartOf":{"@id":"https:\/\/blog.olimar.de\/#website"},"primaryImageOfPage":{"@id":"https:\/\/blog.olimar.de\/wanderung-algarve\/#primaryimage"},"image":{"@id":"https:\/\/blog.olimar.de\/wanderung-algarve\/#primaryimage"},"thumbnailUrl":"https:\/\/blog.olimar.de\/wp-content\/uploads\/2016\/02\/Cabo-Pontal.jpg","datePublished":"2016-02-14T11:06:58+00:00","dateModified":"2016-07-29T15:40:20+00:00","description":"Zwischen Sagres und Aljezur liegt der kleine Ort Carrapateira. Von hier aus starte ich meine Wanderung an der Westk\u00fcste der Algarve.","breadcrumb":{"@id":"https:\/\/blog.olimar.de\/wanderung-algarve\/#breadcrumb"},"inLanguage":"de","potentialAction":[{"@type":"ReadAction","target":["https:\/\/blog.olimar.de\/wanderung-algarve\/"]}]},{"@type":"ImageObject","inLanguage":"de","@id":"https:\/\/blog.olimar.de\/wanderung-algarve\/#primaryimage","url":"https:\/\/blog.olimar.de\/wp-content\/uploads\/2016\/02\/Cabo-Pontal.jpg","contentUrl":"https:\/\/blog.olimar.de\/wp-content\/uploads\/2016\/02\/Cabo-Pontal.jpg","width":1024,"height":771,"caption":"Das Cabo Pontal"},{"@type":"BreadcrumbList","@id":"https:\/\/blog.olimar.de\/wanderung-algarve\/#breadcrumb","itemListElement":[{"@type":"ListItem","position":1,"name":"Home","item":"https:\/\/blog.olimar.de\/"},{"@type":"ListItem","position":2,"name":"Algarve","item":"https:\/\/blog.olimar.de\/tag\/algarve\/"},{"@type":"ListItem","position":3,"name":"Cabo Pontal: Eine Winterwanderung entlang der Westk\u00fcste der Algarve"}]},{"@type":"WebSite","@id":"https:\/\/blog.olimar.de\/#website","url":"https:\/\/blog.olimar.de\/","name":"OLIMAR.com","description":"","publisher":{"@id":"https:\/\/blog.olimar.de\/#organization"},"potentialAction":[{"@type":"SearchAction","target":{"@type":"EntryPoint","urlTemplate":"https:\/\/blog.olimar.de\/?s={search_term_string}"},"query-input":{"@type":"PropertyValueSpecification","valueRequired":true,"valueName":"search_term_string"}}],"inLanguage":"de"},{"@type":"Organization","@id":"https:\/\/blog.olimar.de\/#organization","name":"OLIMAR Reisen","url":"https:\/\/blog.olimar.de\/","logo":{"@type":"ImageObject","inLanguage":"de","@id":"https:\/\/blog.olimar.de\/#\/schema\/logo\/image\/","url":"https:\/\/blog.olimar.de\/wp-content\/uploads\/2021\/01\/OLIMAR_Logo_COLOR.png","contentUrl":"https:\/\/blog.olimar.de\/wp-content\/uploads\/2021\/01\/OLIMAR_Logo_COLOR.png","width":2000,"height":986,"caption":"OLIMAR Reisen"},"image":{"@id":"https:\/\/blog.olimar.de\/#\/schema\/logo\/image\/"},"sameAs":["https:\/\/www.facebook.com\/OlimarReisen","https:\/\/x.com\/olimarrreisen","https:\/\/www.instagram.com\/olimarreisen","https:\/\/www.youtube.com\/user\/olimarreisen"]}]}},"modified_by":"Katharina","jetpack_featured_media_url":"https:\/\/blog.olimar.de\/wp-content\/uploads\/2016\/02\/Cabo-Pontal.jpg","_links":{"self":[{"href":"https:\/\/blog.olimar.de\/wp-json\/wp\/v2\/posts\/3616","targetHints":{"allow":["GET"]}}],"collection":[{"href":"https:\/\/blog.olimar.de\/wp-json\/wp\/v2\/posts"}],"about":[{"href":"https:\/\/blog.olimar.de\/wp-json\/wp\/v2\/types\/post"}],"author":[{"embeddable":true,"href":"https:\/\/blog.olimar.de\/wp-json\/wp\/v2\/users\/28"}],"replies":[{"embeddable":true,"href":"https:\/\/blog.olimar.de\/wp-json\/wp\/v2\/comments?post=3616"}],"version-history":[{"count":15,"href":"https:\/\/blog.olimar.de\/wp-json\/wp\/v2\/posts\/3616\/revisions"}],"predecessor-version":[{"id":4538,"href":"https:\/\/blog.olimar.de\/wp-json\/wp\/v2\/posts\/3616\/revisions\/4538"}],"wp:featuredmedia":[{"embeddable":true,"href":"https:\/\/blog.olimar.de\/wp-json\/wp\/v2\/media\/3664"}],"wp:attachment":[{"href":"https:\/\/blog.olimar.de\/wp-json\/wp\/v2\/media?parent=3616"}],"wp:term":[{"taxonomy":"category","embeddable":true,"href":"https:\/\/blog.olimar.de\/wp-json\/wp\/v2\/categories?post=3616"},{"taxonomy":"post_tag","embeddable":true,"href":"https:\/\/blog.olimar.de\/wp-json\/wp\/v2\/tags?post=3616"}],"curies":[{"name":"wp","href":"https:\/\/api.w.org\/{rel}","templated":true}]}}