{"id":3621,"date":"2016-02-12T12:03:52","date_gmt":"2016-02-12T10:03:52","guid":{"rendered":"https:\/\/blog.olimar.de\/?p=3621"},"modified":"2023-03-06T13:26:15","modified_gmt":"2023-03-06T12:26:15","slug":"quinta-das-lavandas","status":"publish","type":"post","link":"https:\/\/blog.olimar.de\/quinta-das-lavandas\/","title":{"rendered":"Quinta das Lavandas: Urlaub inmitten von Lavendelfeldern"},"content":{"rendered":"\n<p><strong>Es gibt Lavendelfelder in Portugal? Und was f\u00fcr welche! Und zwar im n\u00f6rdlichen&nbsp;<a href=\"https:\/\/www.olimar.de\/portugal\/alentejo\/\" rel=\"noopener\">Alentejo<\/a>, also dort, wo man sie eigentlich gar nicht erwarten w\u00fcrde. Umgeben von bl\u00fchenden und duftenden Feldern, am Fu\u00dfe des malerischen \u00d6rtchens Castelo de Vide, liegt die zauberhafte Quinta das Lavandas. OLIMAR Alentejo-Expertin Heike hat ihr einen Besuch abgestattet\u2026:<\/strong><\/p>\n\n\n\n<div class=\"wp-block-buttons is-layout-flex wp-block-buttons-is-layout-flex\">\n<div class=\"wp-block-button\"><a class=\"wp-block-button__link wp-element-button\" href=\"https:\/\/www.olimar.de\/portugal\/alentejo\/\">Alentejo Reiseangebote und Hoteltipps entdecken<\/a><\/div>\n<\/div>\n\n\n\n<div style=\"height:25px\" aria-hidden=\"true\" class=\"wp-block-spacer\"><\/div>\n\n\n<p>Alle Nachbarn im Ort hielten Teresa und Est\u00eav\u00e3o vor Jahren f\u00fcr verr\u00fcckt mit ihrer eigensinnigen Idee, eine Lavendelplantage unterhalb des kleinen Burgdorfes aufzubauen. Doch mit Ausdauer und Willenskraft haben die beiden es geschafft, die umliegenden, kargen und felsigen Felder in ein wahres Lavendelparadies zu verwandeln. Seither verarbeiten sie in der eigenen Destillerie die Lavendelbl\u00fcten der mehr als 40 Lavendel-Sorten schonend zu kostbaren \u00d6len und Kosmetika.<\/p>\n<p><img loading=\"lazy\" decoding=\"async\" class=\"wp-image-3630 size-full aligncenter\" src=\"https:\/\/blog.olimar.de\/wp-content\/uploads\/2016\/02\/LISS40-x-SurroundingsB.jpg\" alt=\"Quinta das Lavandas Umgebung\" width=\"1000\" height=\"499\" srcset=\"https:\/\/blog.olimar.de\/wp-content\/uploads\/2016\/02\/LISS40-x-SurroundingsB.jpg 1000w, https:\/\/blog.olimar.de\/wp-content\/uploads\/2016\/02\/LISS40-x-SurroundingsB-300x150.jpg 300w, https:\/\/blog.olimar.de\/wp-content\/uploads\/2016\/02\/LISS40-x-SurroundingsB-768x383.jpg 768w\" sizes=\"auto, (max-width: 1000px) 100vw, 1000px\" \/><\/p>\n<p><img loading=\"lazy\" decoding=\"async\" class=\"wp-image-3633 size-large aligncenter\" src=\"https:\/\/blog.olimar.de\/wp-content\/uploads\/2016\/02\/QdL_Lavendelb\u00fcndel-1024x689.jpg\" alt=\"Quinta das Lavandas Lavendelb\u00fcndel\" width=\"840\" height=\"565\" srcset=\"https:\/\/blog.olimar.de\/wp-content\/uploads\/2016\/02\/QdL_Lavendelb\u00fcndel-1024x689.jpg 1024w, https:\/\/blog.olimar.de\/wp-content\/uploads\/2016\/02\/QdL_Lavendelb\u00fcndel-300x202.jpg 300w, https:\/\/blog.olimar.de\/wp-content\/uploads\/2016\/02\/QdL_Lavendelb\u00fcndel-768x517.jpg 768w, https:\/\/blog.olimar.de\/wp-content\/uploads\/2016\/02\/QdL_Lavendelb\u00fcndel.jpg 1183w\" sizes=\"auto, (max-width: 840px) 100vw, 840px\" \/><img loading=\"lazy\" decoding=\"async\" class=\"wp-image-3632 aligncenter\" src=\"https:\/\/blog.olimar.de\/wp-content\/uploads\/2016\/02\/QdL_Destillerie-203x300.jpg\" alt=\"Quinta das Lavadas Destillerie\" width=\"360\" height=\"532\" srcset=\"https:\/\/blog.olimar.de\/wp-content\/uploads\/2016\/02\/QdL_Destillerie-203x300.jpg 203w, https:\/\/blog.olimar.de\/wp-content\/uploads\/2016\/02\/QdL_Destillerie.jpg 540w\" sizes=\"auto, (max-width: 360px) 100vw, 360px\" \/><\/p>\n<p>Doch damit nicht genug: Aus dem angrenzenden, heruntergekommenen Bauernhof schufen die beiden ein Hideaway par excellence: die gem\u00fctlich-moderne <a href=\"https:\/\/rms.olimar.de\/code\/LISS40\" rel=\"noopener\">Quinta das Lavandas****<\/a>. Wer absolute Ruhe sucht, ist hier genau richtig. Es herrscht eine entspannte, famili\u00e4re Atmosph\u00e4re. Als Gast wird man \u00e4u\u00dferst liebevoll und herzlich willkommen gehei\u00dfen. Die Besitzer\u00a0 haben immer Zeit f\u00fcr einen kleinen Plausch und geben gern hilfreiche Tipps f\u00fcr Ausfl\u00fcge in das nahegelegene, mittelalterliche St\u00e4dtchen <strong>Castelo de Vide<\/strong> oder f\u00fcr Wanderungen im angrenzenden Nationalpark <strong>Serra de S\u00e3o Mamede<\/strong>.<\/p>\n<div id='gallery-1' class='gallery galleryid-3621 gallery-columns-3 gallery-size-large'><dl class='gallery-item'>\n\t\t\t<dt class='gallery-icon landscape'>\n\t\t\t\t<img loading=\"lazy\" decoding=\"async\" width=\"840\" height=\"561\" src=\"https:\/\/blog.olimar.de\/wp-content\/uploads\/2016\/02\/QdL_Room-1024x684.jpg\" class=\"attachment-large size-large\" alt=\"Quinta das Lavandas Doppelzimmer\" srcset=\"https:\/\/blog.olimar.de\/wp-content\/uploads\/2016\/02\/QdL_Room-1024x684.jpg 1024w, https:\/\/blog.olimar.de\/wp-content\/uploads\/2016\/02\/QdL_Room-300x201.jpg 300w, https:\/\/blog.olimar.de\/wp-content\/uploads\/2016\/02\/QdL_Room-768x513.jpg 768w, https:\/\/blog.olimar.de\/wp-content\/uploads\/2016\/02\/QdL_Room-840x560.jpg 840w, https:\/\/blog.olimar.de\/wp-content\/uploads\/2016\/02\/QdL_Room.jpg 1194w\" sizes=\"auto, (max-width: 840px) 100vw, 840px\" \/>\n\t\t\t<\/dt><\/dl><dl class='gallery-item'>\n\t\t\t<dt class='gallery-icon landscape'>\n\t\t\t\t<img loading=\"lazy\" decoding=\"async\" width=\"840\" height=\"635\" src=\"https:\/\/blog.olimar.de\/wp-content\/uploads\/2016\/02\/QdL_Lounge-1024x774.jpg\" class=\"attachment-large size-large\" alt=\"Quinta das Lavandas Lounge\" srcset=\"https:\/\/blog.olimar.de\/wp-content\/uploads\/2016\/02\/QdL_Lounge-1024x774.jpg 1024w, https:\/\/blog.olimar.de\/wp-content\/uploads\/2016\/02\/QdL_Lounge-300x227.jpg 300w, https:\/\/blog.olimar.de\/wp-content\/uploads\/2016\/02\/QdL_Lounge-768x581.jpg 768w, https:\/\/blog.olimar.de\/wp-content\/uploads\/2016\/02\/QdL_Lounge.jpg 1054w\" sizes=\"auto, (max-width: 840px) 100vw, 840px\" \/>\n\t\t\t<\/dt><\/dl><dl class='gallery-item'>\n\t\t\t<dt class='gallery-icon landscape'>\n\t\t\t\t<img loading=\"lazy\" decoding=\"async\" width=\"840\" height=\"629\" src=\"https:\/\/blog.olimar.de\/wp-content\/uploads\/2016\/02\/QdL_Pool-1024x767.jpg\" class=\"attachment-large size-large\" alt=\"Quinta das Lavandas Pool\" srcset=\"https:\/\/blog.olimar.de\/wp-content\/uploads\/2016\/02\/QdL_Pool-1024x767.jpg 1024w, https:\/\/blog.olimar.de\/wp-content\/uploads\/2016\/02\/QdL_Pool-300x225.jpg 300w, https:\/\/blog.olimar.de\/wp-content\/uploads\/2016\/02\/QdL_Pool-768x575.jpg 768w, https:\/\/blog.olimar.de\/wp-content\/uploads\/2016\/02\/QdL_Pool.jpg 1210w\" sizes=\"auto, (max-width: 840px) 100vw, 840px\" \/>\n\t\t\t<\/dt><\/dl><br style=\"clear: both\" \/><dl class='gallery-item'>\n\t\t\t<dt class='gallery-icon landscape'>\n\t\t\t\t<img loading=\"lazy\" decoding=\"async\" width=\"840\" height=\"560\" src=\"https:\/\/blog.olimar.de\/wp-content\/uploads\/2016\/02\/LISS40-r-BreakfastA.jpg\" class=\"attachment-large size-large\" alt=\"Quinta das Lavandas Fr\u00fchst\u00fccksbuffet\" srcset=\"https:\/\/blog.olimar.de\/wp-content\/uploads\/2016\/02\/LISS40-r-BreakfastA.jpg 1000w, https:\/\/blog.olimar.de\/wp-content\/uploads\/2016\/02\/LISS40-r-BreakfastA-300x200.jpg 300w, https:\/\/blog.olimar.de\/wp-content\/uploads\/2016\/02\/LISS40-r-BreakfastA-768x512.jpg 768w, https:\/\/blog.olimar.de\/wp-content\/uploads\/2016\/02\/LISS40-r-BreakfastA-840x560.jpg 840w\" sizes=\"auto, (max-width: 840px) 100vw, 840px\" \/>\n\t\t\t<\/dt><\/dl><dl class='gallery-item'>\n\t\t\t<dt class='gallery-icon landscape'>\n\t\t\t\t<img loading=\"lazy\" decoding=\"async\" width=\"840\" height=\"567\" src=\"https:\/\/blog.olimar.de\/wp-content\/uploads\/2016\/02\/QdL_Lavendelfelder-1024x691.jpg\" class=\"attachment-large size-large\" alt=\"Quinta das Lavandas Lavendelfelder\" srcset=\"https:\/\/blog.olimar.de\/wp-content\/uploads\/2016\/02\/QdL_Lavendelfelder-1024x691.jpg 1024w, https:\/\/blog.olimar.de\/wp-content\/uploads\/2016\/02\/QdL_Lavendelfelder-300x202.jpg 300w, https:\/\/blog.olimar.de\/wp-content\/uploads\/2016\/02\/QdL_Lavendelfelder-768x518.jpg 768w, https:\/\/blog.olimar.de\/wp-content\/uploads\/2016\/02\/QdL_Lavendelfelder.jpg 1183w\" sizes=\"auto, (max-width: 840px) 100vw, 840px\" \/>\n\t\t\t<\/dt><\/dl>\n\t\t\t<br style='clear: both' \/>\n\t\t<\/div>\n\n<p>Sie sollten unbedingt auch den nahegelegenen Ort <strong>Marv\u00e3o<\/strong> besuchen. Einfach den Wagen unten an der Burgmauer stehen lassen und durch den Ort bis hoch zur Burg schlendern. Von dort ist eine phantastische Aussicht garantiert!<\/p>\n<p><strong>Mein Tipp f\u00fcr Romantiker:<\/strong> Den Sonnenuntergang von der Burgmauer aus zu betrachten ist ein unvergessliches Erlebnis!<\/p>\n<div id='gallery-2' class='gallery galleryid-3621 gallery-columns-3 gallery-size-large'><dl class='gallery-item'>\n\t\t\t<dt class='gallery-icon landscape'>\n\t\t\t\t<img loading=\"lazy\" decoding=\"async\" width=\"840\" height=\"630\" src=\"https:\/\/blog.olimar.de\/wp-content\/uploads\/2016\/02\/Marvao-1024x768.jpg\" class=\"attachment-large size-large\" alt=\"Marvao Kirche\" srcset=\"https:\/\/blog.olimar.de\/wp-content\/uploads\/2016\/02\/Marvao-1024x768.jpg 1024w, https:\/\/blog.olimar.de\/wp-content\/uploads\/2016\/02\/Marvao-300x225.jpg 300w, https:\/\/blog.olimar.de\/wp-content\/uploads\/2016\/02\/Marvao-768x576.jpg 768w\" sizes=\"auto, (max-width: 840px) 100vw, 840px\" \/>\n\t\t\t<\/dt><\/dl><dl class='gallery-item'>\n\t\t\t<dt class='gallery-icon landscape'>\n\t\t\t\t<img loading=\"lazy\" decoding=\"async\" width=\"840\" height=\"630\" src=\"https:\/\/blog.olimar.de\/wp-content\/uploads\/2016\/02\/Marvao-Stadtmauer-1024x768.jpg\" class=\"attachment-large size-large\" alt=\"Marvao Stadtmauer\" srcset=\"https:\/\/blog.olimar.de\/wp-content\/uploads\/2016\/02\/Marvao-Stadtmauer-1024x768.jpg 1024w, https:\/\/blog.olimar.de\/wp-content\/uploads\/2016\/02\/Marvao-Stadtmauer-300x225.jpg 300w, https:\/\/blog.olimar.de\/wp-content\/uploads\/2016\/02\/Marvao-Stadtmauer-768x576.jpg 768w\" sizes=\"auto, (max-width: 840px) 100vw, 840px\" \/>\n\t\t\t<\/dt><\/dl><dl class='gallery-item'>\n\t\t\t<dt class='gallery-icon landscape'>\n\t\t\t\t<img loading=\"lazy\" decoding=\"async\" width=\"840\" height=\"630\" src=\"https:\/\/blog.olimar.de\/wp-content\/uploads\/2016\/02\/Marvao-Burg-1024x768.jpg\" class=\"attachment-large size-large\" alt=\"Marvao Burg\" srcset=\"https:\/\/blog.olimar.de\/wp-content\/uploads\/2016\/02\/Marvao-Burg-1024x768.jpg 1024w, https:\/\/blog.olimar.de\/wp-content\/uploads\/2016\/02\/Marvao-Burg-300x225.jpg 300w, https:\/\/blog.olimar.de\/wp-content\/uploads\/2016\/02\/Marvao-Burg-768x576.jpg 768w\" sizes=\"auto, (max-width: 840px) 100vw, 840px\" \/>\n\t\t\t<\/dt><\/dl><br style=\"clear: both\" \/>\n\t\t<\/div>\n\n<h3><strong>Quinta das Lavandas bei OLIMAR Reisen<\/strong><\/h3>\n<p>Die 7 G\u00e4stezimmer der liebevoll restaurierten Quinta das Lavandas verteilen sich auf einen alten und einen neuen Geb\u00e4udeteil. Sie sind elegant-modern eingerichtet und verf\u00fcgen alle \u00fcber freies WLAN. Den G\u00e4sten steht ein Swimmingpool mit Sonnenterrasse sowie eine gem\u00fctliche Lounge zur Verf\u00fcgung. Zwischen Mai und September (ansonsten nach Anfrage) werden regelm\u00e4\u00dfig F\u00fchrungen durch die Lavendelfelder und -g\u00e4rten angeboten. <a href=\"https:\/\/www.olimar.de\/LISS40\">Hier<\/a> geht&#8217;s zu weiteren Details und aktuellen Angeboten f\u00fcr Urlaub in der Quinta das Lavandas.<\/p>\n\n\n<div style=\"height:25px\" aria-hidden=\"true\" class=\"wp-block-spacer\"><\/div>\n\n\n\n<div class=\"wp-block-buttons is-layout-flex wp-block-buttons-is-layout-flex\">\n<div class=\"wp-block-button\"><a class=\"wp-block-button__link wp-element-button\" href=\"https:\/\/www.olimar.de\/hotellistung\/\">Jetzt Urlaubsangebote finden und buchen<\/a><\/div>\n<\/div>\n\n\n\n<div style=\"height:100px\" aria-hidden=\"true\" class=\"wp-block-spacer\"><\/div>\n","protected":false},"excerpt":{"rendered":"<p>Es gibt Lavendelfelder in Portugal? Und was f\u00fcr welche! Und zwar im n\u00f6rdlichen&nbsp;Alentejo, also dort, wo man sie eigentlich gar nicht erwarten w\u00fcrde. Umgeben von bl\u00fchenden und duftenden Feldern, am Fu\u00dfe des malerischen \u00d6rtchens Castelo de Vide, liegt die zauberhafte Quinta das Lavandas. OLIMAR Alentejo-Expertin Heike hat ihr einen Besuch abgestattet\u2026: Alle Nachbarn im Ort hielten Teresa und Est\u00eav\u00e3o vor Jahren f\u00fcr verr\u00fcckt mit ihrer eigensinnigen Idee, eine Lavendelplantage unterhalb des kleinen Burgdorfes aufzubauen. Doch mit Ausdauer und Willenskraft haben die beiden es geschafft, die umliegenden, kargen und felsigen Felder in ein wahres Lavendelparadies zu verwandeln. Seither verarbeiten sie in der &hellip;<\/p>\n","protected":false},"author":9,"featured_media":3638,"comment_status":"open","ping_status":"open","sticky":false,"template":"","format":"standard","meta":{"_crdt_document":"","_lmt_disableupdate":"","_lmt_disable":"","footnotes":""},"categories":[32],"tags":[22,34],"class_list":["post-3621","post","type-post","status-publish","format-standard","has-post-thumbnail","hentry","category-hoteltipps","tag-alentejo","tag-portugal"],"yoast_head":"<!-- This site is optimized with the Yoast SEO plugin v26.9 - https:\/\/yoast.com\/product\/yoast-seo-wordpress\/ -->\n<title>Quinta das Lavandas: Urlaub inmitten von Lavendelfeldern<\/title>\n<meta name=\"description\" content=\"Umgeben von Lavendelfeldern am Fu\u00dfe von Castelo de Vide liegt die zauberhafte Quinta das Lavandas. Mehr erfahren Sie in diesem Reisebericht.\" \/>\n<meta name=\"robots\" content=\"index, follow, max-snippet:-1, max-image-preview:large, max-video-preview:-1\" \/>\n<link rel=\"canonical\" href=\"https:\/\/blog.olimar.de\/quinta-das-lavandas\/\" \/>\n<meta property=\"og:locale\" content=\"de_DE\" \/>\n<meta property=\"og:type\" content=\"article\" \/>\n<meta property=\"og:title\" content=\"Quinta das Lavandas: Urlaub inmitten von Lavendelfeldern\" \/>\n<meta property=\"og:description\" content=\"Umgeben von Lavendelfeldern am Fu\u00dfe von Castelo de Vide liegt die zauberhafte Quinta das Lavandas. Mehr erfahren Sie in diesem Reisebericht.\" \/>\n<meta property=\"og:url\" content=\"https:\/\/blog.olimar.de\/quinta-das-lavandas\/\" \/>\n<meta property=\"article:publisher\" content=\"https:\/\/www.facebook.com\/OlimarReisen\" \/>\n<meta property=\"article:published_time\" content=\"2016-02-12T10:03:52+00:00\" \/>\n<meta property=\"article:modified_time\" content=\"2023-03-06T12:26:15+00:00\" \/>\n<meta property=\"og:image\" content=\"https:\/\/blog.olimar.de\/wp-content\/uploads\/2016\/02\/Quinta-das-Lavandas.jpg\" \/>\n\t<meta property=\"og:image:width\" content=\"1182\" \/>\n\t<meta property=\"og:image:height\" content=\"798\" \/>\n\t<meta property=\"og:image:type\" content=\"image\/jpeg\" \/>\n<meta name=\"author\" content=\"OLIMAR Redaktionsteam\" \/>\n<meta name=\"twitter:label1\" content=\"Verfasst von\" \/>\n\t<meta name=\"twitter:data1\" content=\"OLIMAR Redaktionsteam\" \/>\n\t<meta name=\"twitter:label2\" content=\"Gesch\u00e4tzte Lesezeit\" \/>\n\t<meta name=\"twitter:data2\" content=\"3\u00a0Minuten\" \/>\n<script type=\"application\/ld+json\" class=\"yoast-schema-graph\">{\"@context\":\"https:\/\/schema.org\",\"@graph\":[{\"@type\":\"WebPage\",\"@id\":\"https:\/\/blog.olimar.de\/quinta-das-lavandas\/\",\"url\":\"https:\/\/blog.olimar.de\/quinta-das-lavandas\/\",\"name\":\"Quinta das Lavandas: Urlaub inmitten von Lavendelfeldern\",\"isPartOf\":{\"@id\":\"https:\/\/blog.olimar.de\/#website\"},\"primaryImageOfPage\":{\"@id\":\"https:\/\/blog.olimar.de\/quinta-das-lavandas\/#primaryimage\"},\"image\":{\"@id\":\"https:\/\/blog.olimar.de\/quinta-das-lavandas\/#primaryimage\"},\"thumbnailUrl\":\"https:\/\/blog.olimar.de\/wp-content\/uploads\/2016\/02\/Quinta-das-Lavandas.jpg\",\"datePublished\":\"2016-02-12T10:03:52+00:00\",\"dateModified\":\"2023-03-06T12:26:15+00:00\",\"description\":\"Umgeben von Lavendelfeldern am Fu\u00dfe von Castelo de Vide liegt die zauberhafte Quinta das Lavandas. Mehr erfahren Sie in diesem Reisebericht.\",\"breadcrumb\":{\"@id\":\"https:\/\/blog.olimar.de\/quinta-das-lavandas\/#breadcrumb\"},\"inLanguage\":\"de\",\"potentialAction\":[{\"@type\":\"ReadAction\",\"target\":[\"https:\/\/blog.olimar.de\/quinta-das-lavandas\/\"]}]},{\"@type\":\"ImageObject\",\"inLanguage\":\"de\",\"@id\":\"https:\/\/blog.olimar.de\/quinta-das-lavandas\/#primaryimage\",\"url\":\"https:\/\/blog.olimar.de\/wp-content\/uploads\/2016\/02\/Quinta-das-Lavandas.jpg\",\"contentUrl\":\"https:\/\/blog.olimar.de\/wp-content\/uploads\/2016\/02\/Quinta-das-Lavandas.jpg\",\"width\":1182,\"height\":798,\"caption\":\"Lavendelfelder Quinta das Lavandas\"},{\"@type\":\"BreadcrumbList\",\"@id\":\"https:\/\/blog.olimar.de\/quinta-das-lavandas\/#breadcrumb\",\"itemListElement\":[{\"@type\":\"ListItem\",\"position\":1,\"name\":\"Home\",\"item\":\"https:\/\/blog.olimar.de\/\"},{\"@type\":\"ListItem\",\"position\":2,\"name\":\"Alentejo\",\"item\":\"https:\/\/blog.olimar.de\/tag\/alentejo\/\"},{\"@type\":\"ListItem\",\"position\":3,\"name\":\"Quinta das Lavandas: Urlaub inmitten von Lavendelfeldern\"}]},{\"@type\":\"WebSite\",\"@id\":\"https:\/\/blog.olimar.de\/#website\",\"url\":\"https:\/\/blog.olimar.de\/\",\"name\":\"OLIMAR.com\",\"description\":\"\",\"publisher\":{\"@id\":\"https:\/\/blog.olimar.de\/#organization\"},\"potentialAction\":[{\"@type\":\"SearchAction\",\"target\":{\"@type\":\"EntryPoint\",\"urlTemplate\":\"https:\/\/blog.olimar.de\/?s={search_term_string}\"},\"query-input\":{\"@type\":\"PropertyValueSpecification\",\"valueRequired\":true,\"valueName\":\"search_term_string\"}}],\"inLanguage\":\"de\"},{\"@type\":\"Organization\",\"@id\":\"https:\/\/blog.olimar.de\/#organization\",\"name\":\"OLIMAR Reisen\",\"url\":\"https:\/\/blog.olimar.de\/\",\"logo\":{\"@type\":\"ImageObject\",\"inLanguage\":\"de\",\"@id\":\"https:\/\/blog.olimar.de\/#\/schema\/logo\/image\/\",\"url\":\"https:\/\/blog.olimar.de\/wp-content\/uploads\/2021\/01\/OLIMAR_Logo_COLOR.png\",\"contentUrl\":\"https:\/\/blog.olimar.de\/wp-content\/uploads\/2021\/01\/OLIMAR_Logo_COLOR.png\",\"width\":2000,\"height\":986,\"caption\":\"OLIMAR Reisen\"},\"image\":{\"@id\":\"https:\/\/blog.olimar.de\/#\/schema\/logo\/image\/\"},\"sameAs\":[\"https:\/\/www.facebook.com\/OlimarReisen\",\"https:\/\/x.com\/olimarrreisen\",\"https:\/\/www.instagram.com\/olimarreisen\",\"https:\/\/www.youtube.com\/user\/olimarreisen\"]}]}<\/script>\n<!-- \/ Yoast SEO plugin. -->","yoast_head_json":{"title":"Quinta das Lavandas: Urlaub inmitten von Lavendelfeldern","description":"Umgeben von Lavendelfeldern am Fu\u00dfe von Castelo de Vide liegt die zauberhafte Quinta das Lavandas. Mehr erfahren Sie in diesem Reisebericht.","robots":{"index":"index","follow":"follow","max-snippet":"max-snippet:-1","max-image-preview":"max-image-preview:large","max-video-preview":"max-video-preview:-1"},"canonical":"https:\/\/blog.olimar.de\/quinta-das-lavandas\/","og_locale":"de_DE","og_type":"article","og_title":"Quinta das Lavandas: Urlaub inmitten von Lavendelfeldern","og_description":"Umgeben von Lavendelfeldern am Fu\u00dfe von Castelo de Vide liegt die zauberhafte Quinta das Lavandas. Mehr erfahren Sie in diesem Reisebericht.","og_url":"https:\/\/blog.olimar.de\/quinta-das-lavandas\/","article_publisher":"https:\/\/www.facebook.com\/OlimarReisen","article_published_time":"2016-02-12T10:03:52+00:00","article_modified_time":"2023-03-06T12:26:15+00:00","og_image":[{"width":1182,"height":798,"url":"https:\/\/blog.olimar.de\/wp-content\/uploads\/2016\/02\/Quinta-das-Lavandas.jpg","type":"image\/jpeg"}],"author":"OLIMAR Redaktionsteam","twitter_misc":{"Verfasst von":"OLIMAR Redaktionsteam","Gesch\u00e4tzte Lesezeit":"3\u00a0Minuten"},"schema":{"@context":"https:\/\/schema.org","@graph":[{"@type":"WebPage","@id":"https:\/\/blog.olimar.de\/quinta-das-lavandas\/","url":"https:\/\/blog.olimar.de\/quinta-das-lavandas\/","name":"Quinta das Lavandas: Urlaub inmitten von Lavendelfeldern","isPartOf":{"@id":"https:\/\/blog.olimar.de\/#website"},"primaryImageOfPage":{"@id":"https:\/\/blog.olimar.de\/quinta-das-lavandas\/#primaryimage"},"image":{"@id":"https:\/\/blog.olimar.de\/quinta-das-lavandas\/#primaryimage"},"thumbnailUrl":"https:\/\/blog.olimar.de\/wp-content\/uploads\/2016\/02\/Quinta-das-Lavandas.jpg","datePublished":"2016-02-12T10:03:52+00:00","dateModified":"2023-03-06T12:26:15+00:00","description":"Umgeben von Lavendelfeldern am Fu\u00dfe von Castelo de Vide liegt die zauberhafte Quinta das Lavandas. Mehr erfahren Sie in diesem Reisebericht.","breadcrumb":{"@id":"https:\/\/blog.olimar.de\/quinta-das-lavandas\/#breadcrumb"},"inLanguage":"de","potentialAction":[{"@type":"ReadAction","target":["https:\/\/blog.olimar.de\/quinta-das-lavandas\/"]}]},{"@type":"ImageObject","inLanguage":"de","@id":"https:\/\/blog.olimar.de\/quinta-das-lavandas\/#primaryimage","url":"https:\/\/blog.olimar.de\/wp-content\/uploads\/2016\/02\/Quinta-das-Lavandas.jpg","contentUrl":"https:\/\/blog.olimar.de\/wp-content\/uploads\/2016\/02\/Quinta-das-Lavandas.jpg","width":1182,"height":798,"caption":"Lavendelfelder Quinta das Lavandas"},{"@type":"BreadcrumbList","@id":"https:\/\/blog.olimar.de\/quinta-das-lavandas\/#breadcrumb","itemListElement":[{"@type":"ListItem","position":1,"name":"Home","item":"https:\/\/blog.olimar.de\/"},{"@type":"ListItem","position":2,"name":"Alentejo","item":"https:\/\/blog.olimar.de\/tag\/alentejo\/"},{"@type":"ListItem","position":3,"name":"Quinta das Lavandas: Urlaub inmitten von Lavendelfeldern"}]},{"@type":"WebSite","@id":"https:\/\/blog.olimar.de\/#website","url":"https:\/\/blog.olimar.de\/","name":"OLIMAR.com","description":"","publisher":{"@id":"https:\/\/blog.olimar.de\/#organization"},"potentialAction":[{"@type":"SearchAction","target":{"@type":"EntryPoint","urlTemplate":"https:\/\/blog.olimar.de\/?s={search_term_string}"},"query-input":{"@type":"PropertyValueSpecification","valueRequired":true,"valueName":"search_term_string"}}],"inLanguage":"de"},{"@type":"Organization","@id":"https:\/\/blog.olimar.de\/#organization","name":"OLIMAR Reisen","url":"https:\/\/blog.olimar.de\/","logo":{"@type":"ImageObject","inLanguage":"de","@id":"https:\/\/blog.olimar.de\/#\/schema\/logo\/image\/","url":"https:\/\/blog.olimar.de\/wp-content\/uploads\/2021\/01\/OLIMAR_Logo_COLOR.png","contentUrl":"https:\/\/blog.olimar.de\/wp-content\/uploads\/2021\/01\/OLIMAR_Logo_COLOR.png","width":2000,"height":986,"caption":"OLIMAR Reisen"},"image":{"@id":"https:\/\/blog.olimar.de\/#\/schema\/logo\/image\/"},"sameAs":["https:\/\/www.facebook.com\/OlimarReisen","https:\/\/x.com\/olimarrreisen","https:\/\/www.instagram.com\/olimarreisen","https:\/\/www.youtube.com\/user\/olimarreisen"]}]}},"modified_by":"Lena Radermacher","jetpack_featured_media_url":"https:\/\/blog.olimar.de\/wp-content\/uploads\/2016\/02\/Quinta-das-Lavandas.jpg","_links":{"self":[{"href":"https:\/\/blog.olimar.de\/wp-json\/wp\/v2\/posts\/3621","targetHints":{"allow":["GET"]}}],"collection":[{"href":"https:\/\/blog.olimar.de\/wp-json\/wp\/v2\/posts"}],"about":[{"href":"https:\/\/blog.olimar.de\/wp-json\/wp\/v2\/types\/post"}],"author":[{"embeddable":true,"href":"https:\/\/blog.olimar.de\/wp-json\/wp\/v2\/users\/9"}],"replies":[{"embeddable":true,"href":"https:\/\/blog.olimar.de\/wp-json\/wp\/v2\/comments?post=3621"}],"version-history":[{"count":32,"href":"https:\/\/blog.olimar.de\/wp-json\/wp\/v2\/posts\/3621\/revisions"}],"predecessor-version":[{"id":24817,"href":"https:\/\/blog.olimar.de\/wp-json\/wp\/v2\/posts\/3621\/revisions\/24817"}],"wp:featuredmedia":[{"embeddable":true,"href":"https:\/\/blog.olimar.de\/wp-json\/wp\/v2\/media\/3638"}],"wp:attachment":[{"href":"https:\/\/blog.olimar.de\/wp-json\/wp\/v2\/media?parent=3621"}],"wp:term":[{"taxonomy":"category","embeddable":true,"href":"https:\/\/blog.olimar.de\/wp-json\/wp\/v2\/categories?post=3621"},{"taxonomy":"post_tag","embeddable":true,"href":"https:\/\/blog.olimar.de\/wp-json\/wp\/v2\/tags?post=3621"}],"curies":[{"name":"wp","href":"https:\/\/api.w.org\/{rel}","templated":true}]}}