{"id":3803,"date":"2016-03-24T13:51:04","date_gmt":"2016-03-24T11:51:04","guid":{"rendered":"https:\/\/blog.olimar.de\/?p=3803"},"modified":"2022-12-21T21:18:39","modified_gmt":"2022-12-21T20:18:39","slug":"ein-tag-in-palma","status":"publish","type":"post","link":"https:\/\/blog.olimar.de\/ein-tag-in-palma\/","title":{"rendered":"Ein Tag in &#8230; Palma!"},"content":{"rendered":"\n<p><strong><a href=\"https:\/\/www.olimar.de\/spanien\/balearen\/mallorca\/\" rel=\"noopener\">Mallorcas<\/a> Inselhauptstadt hat sich in den vergangenen Jahren zu einem echten St\u00e4dtereisen-Ziel entwickelt. Kein Wunder \u2013 Palma ist so attraktiv wie nie und wird daher der liebevollen Bezeichnung \u201eBarcelona in klein\u201c durchaus gerecht. Wussten Sie beispielsweise, dass Palma \u00fcber den gr\u00f6\u00dften zusammenh\u00e4ngenden Altstadtkern Europas verf\u00fcgt? Ob als Tagesausflug w\u00e4hrend des Badeurlaubes oder als Wochenendtrip: Bereits an einem Tag l\u00e4sst sich in Palma so viel entdecken!<\/strong><\/p>\n\n\n\n<div class=\"wp-block-buttons is-layout-flex wp-block-buttons-is-layout-flex\">\n<div class=\"wp-block-button\"><a class=\"wp-block-button__link wp-element-button\" href=\"https:\/\/www.olimar.de\/spanien\/balearen\/mallorca\/\">Mallorca Reiseangebote und Hoteltipps entdecken<\/a><\/div>\n<\/div>\n\n\n\n<div style=\"height:25px\" aria-hidden=\"true\" class=\"wp-block-spacer\"><\/div>\n\n\n<h3 style=\"text-align: justify;\"><strong>09.00 Uhr<\/strong><\/h3>\n<p style=\"text-align: justify;\">Ein guter Startpunkt f\u00fcr die Stadt-Erkundung ist die <strong>Pla\u00e7a Espanya<\/strong>. Mit dem Auto, Zug oder Bus l\u00e4sst sich dieser Verkehrsknotenpunkt der Stadt prima erreichen. Bereits morgens herrscht in der nahegelegenen, gr\u00f6\u00dften Markthalle Palmas \u2013 dem <strong>Mercat\u00a0 d\u2018Olivar<\/strong> \u2013 ein gesch\u00e4ftiges Treiben. Ein idealer Ort, um bei einem guten Caf\u00e9 con Leche ein zweites Fr\u00fchst\u00fcck \u2013 beispielsweise eine typisch mallorquinische Ensaimada (Schmalzgeb\u00e4ck) \u2013 zu sich zu nehmen oder an den Marktst\u00e4nden entlangzuschlendern (\u00d6ffnungszeiten Mercat d&#8217;Olivar: Mo-Do, Sa bis ca. 13 Uhr, Fr bis 18 Uhr).<\/p>\n<p style=\"text-align: justify;\">Die Fu\u00dfg\u00e4ngerzone <strong>Carrer de Sant Miquel<\/strong> f\u00fchrt weiter bis zur bekannten, rechteckigen und von Arkadenh\u00e4usern umrahmten <strong>Pla\u00e7a Major<\/strong>.<\/p>\n<p style=\"text-align: justify;\"><img loading=\"lazy\" decoding=\"async\" class=\"alignleft wp-image-3819 size-large\" src=\"https:\/\/blog.olimar.de\/wp-content\/uploads\/2016\/03\/Plaza-Major-Palma-1024x693.jpg\" alt=\"Plaza Major in Palma\" width=\"840\" height=\"568\" srcset=\"https:\/\/blog.olimar.de\/wp-content\/uploads\/2016\/03\/Plaza-Major-Palma-1024x693.jpg 1024w, https:\/\/blog.olimar.de\/wp-content\/uploads\/2016\/03\/Plaza-Major-Palma-300x203.jpg 300w, https:\/\/blog.olimar.de\/wp-content\/uploads\/2016\/03\/Plaza-Major-Palma-768x520.jpg 768w\" sizes=\"auto, (max-width: 840px) 100vw, 840px\" \/><\/p>\n<p style=\"text-align: justify;\">Ab hier lohnt sich ein Abstecher ostw\u00e4rts in die kleinen Gassen des In-Viertels <strong>La Gerrer\u00eda<\/strong>. Im ehemals als kriminell geltenden Rotlichtviertel sind heute bei einem Spaziergang moderne Ateliers, angesagte Bars und auch viele alteingesessene Handwerksbetriebe wie beispielsweise M\u00f6bel- und Schmuckwerkst\u00e4tten mit urigen Verkaufsr\u00e4umen zu entdecken.<\/p>\n<p style=\"text-align: justify;\"><img loading=\"lazy\" decoding=\"async\" class=\"alignleft size-large wp-image-3814\" src=\"https:\/\/blog.olimar.de\/wp-content\/uploads\/2016\/03\/Laden-Gerrer\u00eda-1024x768.jpg\" alt=\"Urige und trendige L\u00e4den in Sa Gerreria in Palma\" width=\"840\" height=\"630\" srcset=\"https:\/\/blog.olimar.de\/wp-content\/uploads\/2016\/03\/Laden-Gerrer\u00eda-1024x768.jpg 1024w, https:\/\/blog.olimar.de\/wp-content\/uploads\/2016\/03\/Laden-Gerrer\u00eda-300x225.jpg 300w, https:\/\/blog.olimar.de\/wp-content\/uploads\/2016\/03\/Laden-Gerrer\u00eda-768x576.jpg 768w\" sizes=\"auto, (max-width: 840px) 100vw, 840px\" \/><\/p>\n<h3 style=\"text-align: justify;\">\u00a0<\/h3>\n<h3 style=\"text-align: justify;\"><strong>11.00 Uhr<\/strong><\/h3>\n<p style=\"text-align: justify;\">Weiter geht\u2019s durch die verwinkelten Altstadtgassen nahe der <strong>Kathedrale La Seu<\/strong>. Lassen Sie sich am besten treiben und achten Sie auf die vielen von au\u00dfen eher unscheinbaren Stadtpal\u00e4ste und Herrenh\u00e4user. Bei vielen lohnt ein Blick durch das schmiedeeiserne Tor in den Patio hinein. Sie k\u00f6nnen darin historische Gew\u00f6lbeb\u00f6gen, Brunnen und sogar alte Kutschen entdecken.<\/p>\n<h3 style=\"text-align: justify;\"><img loading=\"lazy\" decoding=\"async\" class=\"alignleft size-large wp-image-3812\" src=\"https:\/\/blog.olimar.de\/wp-content\/uploads\/2016\/03\/Innenhof-1024x987.jpg\" alt=\"Einer der zahlreichen Innenh\u00f6fe Palmas\" width=\"840\" height=\"810\" srcset=\"https:\/\/blog.olimar.de\/wp-content\/uploads\/2016\/03\/Innenhof-1024x987.jpg 1024w, https:\/\/blog.olimar.de\/wp-content\/uploads\/2016\/03\/Innenhof-300x289.jpg 300w, https:\/\/blog.olimar.de\/wp-content\/uploads\/2016\/03\/Innenhof-768x740.jpg 768w, https:\/\/blog.olimar.de\/wp-content\/uploads\/2016\/03\/Innenhof.jpg 1536w\" sizes=\"auto, (max-width: 840px) 100vw, 840px\" \/><br \/><img loading=\"lazy\" decoding=\"async\" class=\"alignleft size-large wp-image-3811\" src=\"https:\/\/blog.olimar.de\/wp-content\/uploads\/2016\/03\/Innenhof-Kutsche-1024x852.jpg\" alt=\"Alte Kutsche im Innenhof in Palmas Altstadt\" width=\"840\" height=\"699\" srcset=\"https:\/\/blog.olimar.de\/wp-content\/uploads\/2016\/03\/Innenhof-Kutsche-1024x852.jpg 1024w, https:\/\/blog.olimar.de\/wp-content\/uploads\/2016\/03\/Innenhof-Kutsche-300x250.jpg 300w, https:\/\/blog.olimar.de\/wp-content\/uploads\/2016\/03\/Innenhof-Kutsche-768x639.jpg 768w, https:\/\/blog.olimar.de\/wp-content\/uploads\/2016\/03\/Innenhof-Kutsche.jpg 1616w\" sizes=\"auto, (max-width: 840px) 100vw, 840px\" \/><\/h3>\n<h3 style=\"text-align: justify;\">\u00a0<\/h3>\n<h3 style=\"text-align: justify;\"><strong>12.00 Uhr<\/strong><\/h3>\n<p style=\"text-align: justify;\">Sie n\u00e4hern sich nun dem Wahrzeichen Palmas: der Kathedrale La Seu. Sie wird auch \u201eKathedrale des Lichts\u201c genannt, denn die Sonne f\u00e4llt durch das gro\u00dfe Rosettenfenster und wirft farbenfrohe Muster an die W\u00e4nde. Eine individuelle Audioguide-F\u00fchrung (7 \u20ac p.P.) ist sehr lohnenswert. Sie werden unter anderem zur Kapelle des mallorquinischen K\u00fcnstlers Miquel Barcel\u00f3 geleitet und erfahren beispielsweise, welchen Einfluss Antonio Gaud\u00ed auf die heutige Architektur des ber\u00fchmten Gotteshauses hatte.<\/p>\n<div id='gallery-1' class='gallery galleryid-3803 gallery-columns-3 gallery-size-medium'><dl class='gallery-item'>\n\t\t\t<dt class='gallery-icon landscape'>\n\t\t\t\t<img loading=\"lazy\" decoding=\"async\" width=\"300\" height=\"225\" src=\"https:\/\/blog.olimar.de\/wp-content\/uploads\/2016\/03\/Blauer-Himmel-Kathedrale-300x225.jpg\" class=\"attachment-medium size-medium\" alt=\"Kathedrale von Palma de Mallorca\" srcset=\"https:\/\/blog.olimar.de\/wp-content\/uploads\/2016\/03\/Blauer-Himmel-Kathedrale-300x225.jpg 300w, https:\/\/blog.olimar.de\/wp-content\/uploads\/2016\/03\/Blauer-Himmel-Kathedrale-768x576.jpg 768w, https:\/\/blog.olimar.de\/wp-content\/uploads\/2016\/03\/Blauer-Himmel-Kathedrale-1024x768.jpg 1024w\" sizes=\"auto, (max-width: 300px) 100vw, 300px\" \/>\n\t\t\t<\/dt><\/dl><dl class='gallery-item'>\n\t\t\t<dt class='gallery-icon portrait'>\n\t\t\t\t<img loading=\"lazy\" decoding=\"async\" width=\"257\" height=\"300\" src=\"https:\/\/blog.olimar.de\/wp-content\/uploads\/2016\/03\/Kathedrale-La-Seu-257x300.jpg\" class=\"attachment-medium size-medium\" alt=\"Kathedrale La Seu Palma de Mallorca\" srcset=\"https:\/\/blog.olimar.de\/wp-content\/uploads\/2016\/03\/Kathedrale-La-Seu-257x300.jpg 257w, https:\/\/blog.olimar.de\/wp-content\/uploads\/2016\/03\/Kathedrale-La-Seu-768x898.jpg 768w, https:\/\/blog.olimar.de\/wp-content\/uploads\/2016\/03\/Kathedrale-La-Seu-876x1024.jpg 876w\" sizes=\"auto, (max-width: 257px) 100vw, 257px\" \/>\n\t\t\t<\/dt><\/dl><dl class='gallery-item'>\n\t\t\t<dt class='gallery-icon portrait'>\n\t\t\t\t<img loading=\"lazy\" decoding=\"async\" width=\"225\" height=\"300\" src=\"https:\/\/blog.olimar.de\/wp-content\/uploads\/2016\/03\/La-Seu-Barcelo-Palma-225x300.jpg\" class=\"attachment-medium size-medium\" alt=\"Seitenkapelle in der Kathedrale, gestaltet vom K\u00fcnstler Miquel Barcel\u00f3\" aria-describedby=\"gallery-1-3841\" srcset=\"https:\/\/blog.olimar.de\/wp-content\/uploads\/2016\/03\/La-Seu-Barcelo-Palma-225x300.jpg 225w, https:\/\/blog.olimar.de\/wp-content\/uploads\/2016\/03\/La-Seu-Barcelo-Palma-768x1024.jpg 768w, https:\/\/blog.olimar.de\/wp-content\/uploads\/2016\/03\/La-Seu-Barcelo-Palma-420x560.jpg 420w, https:\/\/blog.olimar.de\/wp-content\/uploads\/2016\/03\/La-Seu-Barcelo-Palma.jpg 1536w\" sizes=\"auto, (max-width: 225px) 100vw, 225px\" \/>\n\t\t\t<\/dt>\n\t\t\t\t<dd class='wp-caption-text gallery-caption' id='gallery-1-3841'>\n\t\t\t\tSeitenkapelle in der Kathedrale, gestaltet vom K\u00fcnstler Miquel Barcel\u00f3\n\t\t\t\t<\/dd><\/dl><br style=\"clear: both\" \/>\n\t\t<\/div>\n\n<h3 style=\"text-align: justify;\">\u00a0<\/h3>\n<h3 style=\"text-align: justify;\"><strong>13.30 Uhr<\/strong><\/h3>\n<p style=\"text-align: justify;\">F\u00fcr ein st\u00e4rkendes Mittagessen bietet sich eines der Restaurants auf der <strong>Pla\u00e7a Sa Llotja<\/strong>, dem B\u00f6rsenplatz unweit des Hafens, an. Oder Sie gehen direkt weiter zum Restaurant des <strong>Es Baluard<\/strong>:<\/p>\n<h3 style=\"text-align: justify;\">\u00a0<\/h3>\n<h3 style=\"text-align: justify;\"><strong>14.30 Uhr<\/strong><\/h3>\n<p style=\"text-align: justify;\">In die ehemalige Festungsanlage am Westrand der Altstadt wurde auf sehr gelungene Art und Weise das Museum f\u00fcr Zeitgen\u00f6ssische Kunst \u201eEs Baluard\u201c integriert. Darin zu sehen sind beispielsweise Werke von Joan Mir\u00f3, Pablo Picasso oder Miquel Barcel\u00f3. Auch wenn Sie kein Kunstliebhaber sind: Die frei zug\u00e4ngliche Dachterrasse des Museums und das herrliche Caf\u00e9 bieten einen phantastischen Blick auf die Stadt und den Hafen.<\/p>\n<p style=\"text-align: justify;\"><strong>Mein Tipp:<\/strong> Freitags kann jeder Besucher den Eintrittspreis selber bestimmen. Zahlen Sie also f\u00fcr den Besuch des Museums nur so viel, wie Sie m\u00f6chten. An anderen Wochentagen betr\u00e4gt der Eintritt 6 \u20ac p.P. (\u00d6ffnungszeiten Museum Es Baluard: Di \u2013 Sa 10 \u2013 20 Uhr, So 10 \u2013 15 Uhr)<\/p>\n<div id='gallery-2' class='gallery galleryid-3803 gallery-columns-3 gallery-size-large'><dl class='gallery-item'>\n\t\t\t<dt class='gallery-icon landscape'>\n\t\t\t\t<img loading=\"lazy\" decoding=\"async\" width=\"840\" height=\"554\" src=\"https:\/\/blog.olimar.de\/wp-content\/uploads\/2016\/03\/Museum-Baluard-Palma-1-1024x675.jpg\" class=\"attachment-large size-large\" alt=\"Im Museum Baluard Palma\" srcset=\"https:\/\/blog.olimar.de\/wp-content\/uploads\/2016\/03\/Museum-Baluard-Palma-1-1024x675.jpg 1024w, https:\/\/blog.olimar.de\/wp-content\/uploads\/2016\/03\/Museum-Baluard-Palma-1-300x198.jpg 300w, https:\/\/blog.olimar.de\/wp-content\/uploads\/2016\/03\/Museum-Baluard-Palma-1-768x506.jpg 768w, https:\/\/blog.olimar.de\/wp-content\/uploads\/2016\/03\/Museum-Baluard-Palma-1.jpg 1876w\" sizes=\"auto, (max-width: 840px) 100vw, 840px\" \/>\n\t\t\t<\/dt><\/dl><dl class='gallery-item'>\n\t\t\t<dt class='gallery-icon portrait'>\n\t\t\t\t<img loading=\"lazy\" decoding=\"async\" width=\"768\" height=\"1024\" src=\"https:\/\/blog.olimar.de\/wp-content\/uploads\/2016\/03\/Cafeterrasse-Museum-EsBaluard-768x1024.jpg\" class=\"attachment-large size-large\" alt=\"Sessel und Sonnenschirme Cafeterrasse Museum EsBaluard\" srcset=\"https:\/\/blog.olimar.de\/wp-content\/uploads\/2016\/03\/Cafeterrasse-Museum-EsBaluard-768x1024.jpg 768w, https:\/\/blog.olimar.de\/wp-content\/uploads\/2016\/03\/Cafeterrasse-Museum-EsBaluard-225x300.jpg 225w, https:\/\/blog.olimar.de\/wp-content\/uploads\/2016\/03\/Cafeterrasse-Museum-EsBaluard-420x560.jpg 420w\" sizes=\"auto, (max-width: 768px) 100vw, 768px\" \/>\n\t\t\t<\/dt><\/dl><dl class='gallery-item'>\n\t\t\t<dt class='gallery-icon landscape'>\n\t\t\t\t<img loading=\"lazy\" decoding=\"async\" width=\"840\" height=\"630\" src=\"https:\/\/blog.olimar.de\/wp-content\/uploads\/2016\/03\/Ausblick-Baluard-1-1024x768.jpg\" class=\"attachment-large size-large\" alt=\"Ausblick Baluard Palma\" srcset=\"https:\/\/blog.olimar.de\/wp-content\/uploads\/2016\/03\/Ausblick-Baluard-1-1024x768.jpg 1024w, https:\/\/blog.olimar.de\/wp-content\/uploads\/2016\/03\/Ausblick-Baluard-1-300x225.jpg 300w, https:\/\/blog.olimar.de\/wp-content\/uploads\/2016\/03\/Ausblick-Baluard-1-768x576.jpg 768w\" sizes=\"auto, (max-width: 840px) 100vw, 840px\" \/>\n\t\t\t<\/dt><\/dl><br style=\"clear: both\" \/>\n\t\t<\/div>\n\n<p style=\"text-align: justify;\"><img loading=\"lazy\" decoding=\"async\" class=\"alignleft size-large wp-image-3847\" src=\"https:\/\/blog.olimar.de\/wp-content\/uploads\/2016\/03\/Ausblick-Palma-Panorama-1-1024x332.jpg\" alt=\"Ausblick Palma Panorama\" width=\"840\" height=\"272\" srcset=\"https:\/\/blog.olimar.de\/wp-content\/uploads\/2016\/03\/Ausblick-Palma-Panorama-1-1024x332.jpg 1024w, https:\/\/blog.olimar.de\/wp-content\/uploads\/2016\/03\/Ausblick-Palma-Panorama-1-300x97.jpg 300w, https:\/\/blog.olimar.de\/wp-content\/uploads\/2016\/03\/Ausblick-Palma-Panorama-1-768x249.jpg 768w\" sizes=\"auto, (max-width: 840px) 100vw, 840px\" \/><\/p>\n<h3 style=\"text-align: justify;\">\u00a0<\/h3>\n<h3 style=\"text-align: justify;\"><strong>16.00 Uhr<\/strong><\/h3>\n<p style=\"text-align: justify;\">Der Weg f\u00fchrt Sie weiter zur <strong>Pla\u00e7a Vapor<\/strong> im gem\u00fctlichen, d\u00f6rflich anmutenden <strong>M\u00fchlenviertel<\/strong> Palmas. H\u00e4tten Sie gedacht, dass Sie inmitten der Innenstadt Palmas solch gem\u00fctliche Stra\u00dfenz\u00fcge und sogar alte Windm\u00fchlen finden?<\/p>\n<div id='gallery-3' class='gallery galleryid-3803 gallery-columns-3 gallery-size-medium'><dl class='gallery-item'>\n\t\t\t<dt class='gallery-icon landscape'>\n\t\t\t\t<img loading=\"lazy\" decoding=\"async\" width=\"300\" height=\"222\" src=\"https:\/\/blog.olimar.de\/wp-content\/uploads\/2016\/03\/Hafen-Palma-M\u00fchlenviertel-300x222.jpg\" class=\"attachment-medium size-medium\" alt=\"M\u00fchlrad Blick auf Hafen Palma\" srcset=\"https:\/\/blog.olimar.de\/wp-content\/uploads\/2016\/03\/Hafen-Palma-M\u00fchlenviertel-300x222.jpg 300w, https:\/\/blog.olimar.de\/wp-content\/uploads\/2016\/03\/Hafen-Palma-M\u00fchlenviertel-768x569.jpg 768w, https:\/\/blog.olimar.de\/wp-content\/uploads\/2016\/03\/Hafen-Palma-M\u00fchlenviertel-1024x759.jpg 1024w\" sizes=\"auto, (max-width: 300px) 100vw, 300px\" \/>\n\t\t\t<\/dt><\/dl><dl class='gallery-item'>\n\t\t\t<dt class='gallery-icon landscape'>\n\t\t\t\t<img loading=\"lazy\" decoding=\"async\" width=\"300\" height=\"225\" src=\"https:\/\/blog.olimar.de\/wp-content\/uploads\/2016\/03\/Muehlen-Palma-300x225.jpg\" class=\"attachment-medium size-medium\" alt=\"M\u00fchlen Palma\" srcset=\"https:\/\/blog.olimar.de\/wp-content\/uploads\/2016\/03\/Muehlen-Palma-300x225.jpg 300w, https:\/\/blog.olimar.de\/wp-content\/uploads\/2016\/03\/Muehlen-Palma-768x576.jpg 768w, https:\/\/blog.olimar.de\/wp-content\/uploads\/2016\/03\/Muehlen-Palma-1024x768.jpg 1024w\" sizes=\"auto, (max-width: 300px) 100vw, 300px\" \/>\n\t\t\t<\/dt><\/dl><dl class='gallery-item'>\n\t\t\t<dt class='gallery-icon portrait'>\n\t\t\t\t<img loading=\"lazy\" decoding=\"async\" width=\"225\" height=\"300\" src=\"https:\/\/blog.olimar.de\/wp-content\/uploads\/2016\/03\/Muehlenviertel-Palma-225x300.jpg\" class=\"attachment-medium size-medium\" alt=\"Im M\u00fchlenviertel in Palma\" srcset=\"https:\/\/blog.olimar.de\/wp-content\/uploads\/2016\/03\/Muehlenviertel-Palma-225x300.jpg 225w, https:\/\/blog.olimar.de\/wp-content\/uploads\/2016\/03\/Muehlenviertel-Palma-768x1024.jpg 768w, https:\/\/blog.olimar.de\/wp-content\/uploads\/2016\/03\/Muehlenviertel-Palma-420x560.jpg 420w\" sizes=\"auto, (max-width: 225px) 100vw, 225px\" \/>\n\t\t\t<\/dt><\/dl><br style=\"clear: both\" \/>\n\t\t<\/div>\n\n<p style=\"text-align: justify;\"><img loading=\"lazy\" decoding=\"async\" class=\"alignleft size-large wp-image-3820\" src=\"https:\/\/blog.olimar.de\/wp-content\/uploads\/2016\/03\/Plaza-Vapor-Palma-1024x732.jpg\" alt=\"Plaza Vapor in Palma\" width=\"840\" height=\"600\" srcset=\"https:\/\/blog.olimar.de\/wp-content\/uploads\/2016\/03\/Plaza-Vapor-Palma-1024x732.jpg 1024w, https:\/\/blog.olimar.de\/wp-content\/uploads\/2016\/03\/Plaza-Vapor-Palma-300x214.jpg 300w, https:\/\/blog.olimar.de\/wp-content\/uploads\/2016\/03\/Plaza-Vapor-Palma-768x549.jpg 768w\" sizes=\"auto, (max-width: 840px) 100vw, 840px\" \/><\/p>\n<p style=\"text-align: justify;\">Wenige Schritte weiter n\u00f6rdlich sollten Sie das Szene-Viertel <strong>Santa Catalina<\/strong> erkunden. Niedrige H\u00e4uschen, viele Souterrain-Restaurants und Caf\u00e9s und individuelle L\u00e4den \u2013 der Vergleich des ehemaligen Arbeiter- und Fischerviertels mit Soho oder Greenwich Village in New York liegt nahe. Auch die Markthalle von Santa Catalina ist sehenswert!<\/p>\n<p style=\"text-align: justify;\"><img loading=\"lazy\" decoding=\"async\" class=\"alignleft size-large wp-image-3821\" src=\"https:\/\/blog.olimar.de\/wp-content\/uploads\/2016\/03\/Santa-Catalina-Palma-1024x685.jpg\" alt=\"Santa Catalina in Palma\" width=\"840\" height=\"562\" srcset=\"https:\/\/blog.olimar.de\/wp-content\/uploads\/2016\/03\/Santa-Catalina-Palma-1024x685.jpg 1024w, https:\/\/blog.olimar.de\/wp-content\/uploads\/2016\/03\/Santa-Catalina-Palma-300x201.jpg 300w, https:\/\/blog.olimar.de\/wp-content\/uploads\/2016\/03\/Santa-Catalina-Palma-768x514.jpg 768w\" sizes=\"auto, (max-width: 840px) 100vw, 840px\" \/><\/p>\n<p style=\"text-align: justify;\"><img loading=\"lazy\" decoding=\"async\" class=\"alignleft size-large wp-image-3822\" src=\"https:\/\/blog.olimar.de\/wp-content\/uploads\/2016\/03\/Santa-Catalina-Restaurant-1024x880.jpg\" alt=\"Restaurants in Santa Catalina in Palma\" width=\"840\" height=\"722\" srcset=\"https:\/\/blog.olimar.de\/wp-content\/uploads\/2016\/03\/Santa-Catalina-Restaurant-1024x880.jpg 1024w, https:\/\/blog.olimar.de\/wp-content\/uploads\/2016\/03\/Santa-Catalina-Restaurant-300x258.jpg 300w, https:\/\/blog.olimar.de\/wp-content\/uploads\/2016\/03\/Santa-Catalina-Restaurant-768x660.jpg 768w\" sizes=\"auto, (max-width: 840px) 100vw, 840px\" \/><\/p>\n<p style=\"text-align: justify;\"><img loading=\"lazy\" decoding=\"async\" class=\"alignleft size-large wp-image-3857\" src=\"https:\/\/blog.olimar.de\/wp-content\/uploads\/2016\/03\/Hauseingang-SantaCatalina-768x1024.jpg\" alt=\"Hauseingang SantaCatalina\" width=\"768\" height=\"1024\" srcset=\"https:\/\/blog.olimar.de\/wp-content\/uploads\/2016\/03\/Hauseingang-SantaCatalina-768x1024.jpg 768w, https:\/\/blog.olimar.de\/wp-content\/uploads\/2016\/03\/Hauseingang-SantaCatalina-225x300.jpg 225w, https:\/\/blog.olimar.de\/wp-content\/uploads\/2016\/03\/Hauseingang-SantaCatalina-420x560.jpg 420w\" sizes=\"auto, (max-width: 768px) 100vw, 768px\" \/><\/p>\n<h3 style=\"text-align: justify;\">\u00a0<\/h3>\n<h3 style=\"text-align: justify;\"><strong>18.00 Uhr<\/strong><\/h3>\n<p style=\"text-align: justify;\">In der Dachterrassen-SkyBar des Hostal Cuba k\u00f6nnen Sie bei einem beeindruckenden Ausblick auf die Kathedrale und die Bucht von Palma einen k\u00f6stlichen Sundowner zu sich nehmen.<\/p>\n<h3 style=\"text-align: justify;\">\u00a0<\/h3>\n<h3 style=\"text-align: justify;\"><strong>20.00 Uhr<\/strong><\/h3>\n<p style=\"text-align: justify;\">In Santa Catalina finden Sie eine gro\u00dfe Zahl toller Restaurants. Insbesondere auf der <strong>Carrer F\u00e1brica<\/strong> und in den Stra\u00dfen drumherum reiht sich ein vielversprechendes, trendiges Souterrainlokal an das andere. Ob peruanische, skandinavische, orientalische,\u2026 bis hin zu veganer crossover K\u00fcche und nat\u00fcrlich Tapas: Kulinarisch ist Santa Catalina ein absoluter Hotspot Palmas.<\/p>\n<h3 style=\"text-align: justify;\"><strong>Hoteltipps im Herzen Palmas<\/strong><\/h3>\n<p style=\"text-align: justify;\">F\u00fcr einen St\u00e4dtetrip empfehle ich die \u00dcbernachtung in einem der Hotels in Palmas Innenstadt. So sind alle interessanten Orte, Restaurants, Caf\u00e9s und Museen bequem zu Fu\u00df erreichbar. In der Altstadt &#8211; in einer Stichstra\u00dfe zur Fu\u00dfg\u00e4ngerzone gelegen &#8211; befindet sich beispielsweise das sehr empfehlenswerte Hotel UR Misi\u00f3n de San Miguel ****. Die tolle Lage, der h\u00fcbsche Innenhof, das stilvolle Ambiente und insbesondere das angeschlossene Restaurant des Sternekochs Marc Fosh sind die Vorz\u00fcge dieser Unterk\u00fcnft.<\/p>\n<div id='gallery-4' class='gallery galleryid-3803 gallery-columns-3 gallery-size-medium'><dl class='gallery-item'>\n\t\t\t<dt class='gallery-icon landscape'>\n\t\t\t\t<img loading=\"lazy\" decoding=\"async\" width=\"300\" height=\"193\" src=\"https:\/\/blog.olimar.de\/wp-content\/uploads\/2016\/03\/PMI109-z-Room-300x193.jpg\" class=\"attachment-medium size-medium\" alt=\"UR Misi\u00f3n de San Miguel Zimmer\" aria-describedby=\"gallery-4-3835\" srcset=\"https:\/\/blog.olimar.de\/wp-content\/uploads\/2016\/03\/PMI109-z-Room-300x193.jpg 300w, https:\/\/blog.olimar.de\/wp-content\/uploads\/2016\/03\/PMI109-z-Room-768x493.jpg 768w, https:\/\/blog.olimar.de\/wp-content\/uploads\/2016\/03\/PMI109-z-Room-1024x657.jpg 1024w, https:\/\/blog.olimar.de\/wp-content\/uploads\/2016\/03\/PMI109-z-Room.jpg 1200w\" sizes=\"auto, (max-width: 300px) 100vw, 300px\" \/>\n\t\t\t<\/dt>\n\t\t\t\t<dd class='wp-caption-text gallery-caption' id='gallery-4-3835'>\n\t\t\t\tStandardzimmer des Hotels\n\t\t\t\t<\/dd><\/dl><dl class='gallery-item'>\n\t\t\t<dt class='gallery-icon landscape'>\n\t\t\t\t<img loading=\"lazy\" decoding=\"async\" width=\"300\" height=\"200\" src=\"https:\/\/blog.olimar.de\/wp-content\/uploads\/2016\/03\/PMI109-a-Desayuno-300x200.jpg\" class=\"attachment-medium size-medium\" alt=\"UR Misi\u00f3n de San Miguel Innenhof\" aria-describedby=\"gallery-4-3836\" srcset=\"https:\/\/blog.olimar.de\/wp-content\/uploads\/2016\/03\/PMI109-a-Desayuno-300x200.jpg 300w, https:\/\/blog.olimar.de\/wp-content\/uploads\/2016\/03\/PMI109-a-Desayuno-768x511.jpg 768w, https:\/\/blog.olimar.de\/wp-content\/uploads\/2016\/03\/PMI109-a-Desayuno-1024x681.jpg 1024w, https:\/\/blog.olimar.de\/wp-content\/uploads\/2016\/03\/PMI109-a-Desayuno-840x560.jpg 840w, https:\/\/blog.olimar.de\/wp-content\/uploads\/2016\/03\/PMI109-a-Desayuno.jpg 1200w\" sizes=\"auto, (max-width: 300px) 100vw, 300px\" \/>\n\t\t\t<\/dt>\n\t\t\t\t<dd class='wp-caption-text gallery-caption' id='gallery-4-3836'>\n\t\t\t\tIm Innenhof des UR Misi\u00f3n de San Miguel\n\t\t\t\t<\/dd><\/dl><dl class='gallery-item'>\n\t\t\t<dt class='gallery-icon landscape'>\n\t\t\t\t<img loading=\"lazy\" decoding=\"async\" width=\"300\" height=\"225\" src=\"https:\/\/blog.olimar.de\/wp-content\/uploads\/2016\/03\/PMI109_Hauptgericht-300x225.jpg\" class=\"attachment-medium size-medium\" alt=\"UR Misi\u00f3n de San Miguel Dinner\" aria-describedby=\"gallery-4-3837\" srcset=\"https:\/\/blog.olimar.de\/wp-content\/uploads\/2016\/03\/PMI109_Hauptgericht-300x225.jpg 300w, https:\/\/blog.olimar.de\/wp-content\/uploads\/2016\/03\/PMI109_Hauptgericht-768x576.jpg 768w, https:\/\/blog.olimar.de\/wp-content\/uploads\/2016\/03\/PMI109_Hauptgericht-1024x768.jpg 1024w\" sizes=\"auto, (max-width: 300px) 100vw, 300px\" \/>\n\t\t\t<\/dt>\n\t\t\t\t<dd class='wp-caption-text gallery-caption' id='gallery-4-3837'>\n\t\t\t\tPhantastisches Abendessen im angeschlossenen Restaurant &#8220;La Misa&#8221; vom Sternekoch Marc Fosh\n\t\t\t\t<\/dd><\/dl><br style=\"clear: both\" \/>\n\t\t<\/div>\n\n<p style=\"text-align: justify;\">Etwas preisg\u00fcnstiger aber ebenfalls sehr empfehlenswert und in direkter N\u00e4he zum In-Viertel Santa Catalina: Das Hotel AC Ciutat de Palma ****. Mit etwas Gl\u00fcck erwischen Sie eines der Zimmer, von denen aus Sie einen herrlichen Blick bis zum Hafen Palmas haben.<\/p>\n<div id='gallery-5' class='gallery galleryid-3803 gallery-columns-3 gallery-size-medium'><dl class='gallery-item'>\n\t\t\t<dt class='gallery-icon landscape'>\n\t\t\t\t<img loading=\"lazy\" decoding=\"async\" width=\"300\" height=\"247\" src=\"https:\/\/blog.olimar.de\/wp-content\/uploads\/2016\/03\/PMI106-a-1-300x247.jpg\" class=\"attachment-medium size-medium\" alt=\"Hotel AC Ciutat de Palma\" aria-describedby=\"gallery-5-3839\" srcset=\"https:\/\/blog.olimar.de\/wp-content\/uploads\/2016\/03\/PMI106-a-1-300x247.jpg 300w, https:\/\/blog.olimar.de\/wp-content\/uploads\/2016\/03\/PMI106-a-1-768x633.jpg 768w, https:\/\/blog.olimar.de\/wp-content\/uploads\/2016\/03\/PMI106-a-1.jpg 1000w\" sizes=\"auto, (max-width: 300px) 100vw, 300px\" \/>\n\t\t\t<\/dt>\n\t\t\t\t<dd class='wp-caption-text gallery-caption' id='gallery-5-3839'>\n\t\t\t\tSehr empfehlenswert f\u00fcr einen St\u00e4dtetrip und mit einem tollen Preis-Leistungs-Verh\u00e4ltnis: das Hotel AC Ciutat de Palma\n\t\t\t\t<\/dd><\/dl>\n\t\t\t<br style='clear: both' \/>\n\t\t<\/div>\n\n<p style=\"text-align: justify;\">Ganz besonders stylische Unterk\u00fcnfte &#8211; im Herzen von Palmas Altstadt &#8211; sind au\u00dferdem das Convent de la Missi\u00f3 ****+ mit dem Top-Restaurant &#8220;Simply Fosh&#8221; und das <a href=\"https:\/\/rms.olimar.de\/code\/PMI115\" rel=\"noopener\">Santa Clara Urban Hotel &amp; Spa<\/a> ****+ mit einer traumhaften Dachterrasse.<\/p>\n\n\n<h3 style=\"text-align: justify;\"><strong>Die einzelnen Etappen im Stadtplan von Palma:<\/strong><\/h3>\n<p style=\"text-align: justify;\"><\/p>\n<h3 style=\"text-align: justify;\">\u00a0<\/h3>\n\n\n\n<div class=\"wp-block-buttons is-layout-flex wp-block-buttons-is-layout-flex\">\n<div class=\"wp-block-button\"><a class=\"wp-block-button__link wp-element-button\" href=\"https:\/\/www.olimar.de\/hotellistung\/\">Jetzt Urlaubsangebote finden und buchen<\/a><\/div>\n<\/div>\n\n\n\n<div style=\"height:100px\" aria-hidden=\"true\" class=\"wp-block-spacer\"><\/div>\n","protected":false},"excerpt":{"rendered":"<p>Mallorcas Inselhauptstadt hat sich in den vergangenen Jahren zu einem echten St\u00e4dtereisen-Ziel entwickelt. Kein Wunder \u2013 Palma ist so attraktiv wie nie und wird daher der liebevollen Bezeichnung \u201eBarcelona in klein\u201c durchaus gerecht. Wussten Sie beispielsweise, dass Palma \u00fcber den gr\u00f6\u00dften zusammenh\u00e4ngenden Altstadtkern Europas verf\u00fcgt? Ob als Tagesausflug w\u00e4hrend des Badeurlaubes oder als Wochenendtrip: Bereits an einem Tag l\u00e4sst sich in Palma so viel entdecken! 09.00 Uhr Ein guter Startpunkt f\u00fcr die Stadt-Erkundung ist die Pla\u00e7a Espanya. Mit dem Auto, Zug oder Bus l\u00e4sst sich dieser Verkehrsknotenpunkt der Stadt prima erreichen. Bereits morgens herrscht in der nahegelegenen, gr\u00f6\u00dften Markthalle Palmas \u2013 &hellip;<\/p>\n","protected":false},"author":1,"featured_media":3809,"comment_status":"open","ping_status":"open","sticky":false,"template":"","format":"standard","meta":{"_crdt_document":"","_lmt_disableupdate":"","_lmt_disable":"","footnotes":""},"categories":[61],"tags":[26,62],"class_list":["post-3803","post","type-post","status-publish","format-standard","has-post-thumbnail","hentry","category-ein-tag-in","tag-mallorca","tag-spanien"],"yoast_head":"<!-- This site is optimized with the Yoast SEO plugin v26.9 - https:\/\/yoast.com\/product\/yoast-seo-wordpress\/ -->\n<title>Ein Tag in Palma, Mallorcas Hauptstadt<\/title>\n<meta name=\"description\" content=\"Palma ist so attraktiv wie nie! Lesen Sie hier, warum Mallorcas Hauptstadt sich in den vergangenen Jahren zu einem echten St\u00e4dtereisen-Ziel entwickelt hat.\" \/>\n<meta name=\"robots\" content=\"index, follow, max-snippet:-1, max-image-preview:large, max-video-preview:-1\" \/>\n<link rel=\"canonical\" href=\"https:\/\/blog.olimar.de\/ein-tag-in-palma\/\" \/>\n<meta property=\"og:locale\" content=\"de_DE\" \/>\n<meta property=\"og:type\" content=\"article\" \/>\n<meta property=\"og:title\" content=\"Ein Tag in Palma, Mallorcas Hauptstadt\" \/>\n<meta property=\"og:description\" content=\"Palma ist so attraktiv wie nie! Lesen Sie hier, warum Mallorcas Hauptstadt sich in den vergangenen Jahren zu einem echten St\u00e4dtereisen-Ziel entwickelt hat.\" \/>\n<meta property=\"og:url\" content=\"https:\/\/blog.olimar.de\/ein-tag-in-palma\/\" \/>\n<meta property=\"article:publisher\" content=\"https:\/\/www.facebook.com\/OlimarReisen\" \/>\n<meta property=\"article:published_time\" content=\"2016-03-24T11:51:04+00:00\" \/>\n<meta property=\"article:modified_time\" content=\"2022-12-21T20:18:39+00:00\" \/>\n<meta property=\"og:image\" content=\"https:\/\/blog.olimar.de\/wp-content\/uploads\/2016\/03\/Ausblick-Baluard_2.jpg\" \/>\n\t<meta property=\"og:image:width\" content=\"2017\" \/>\n\t<meta property=\"og:image:height\" content=\"1496\" \/>\n\t<meta property=\"og:image:type\" content=\"image\/jpeg\" \/>\n<meta name=\"author\" content=\"Katharina\" \/>\n<meta name=\"twitter:label1\" content=\"Verfasst von\" \/>\n\t<meta name=\"twitter:data1\" content=\"Katharina\" \/>\n\t<meta name=\"twitter:label2\" content=\"Gesch\u00e4tzte Lesezeit\" \/>\n\t<meta name=\"twitter:data2\" content=\"7\u00a0Minuten\" \/>\n<script type=\"application\/ld+json\" class=\"yoast-schema-graph\">{\"@context\":\"https:\/\/schema.org\",\"@graph\":[{\"@type\":\"WebPage\",\"@id\":\"https:\/\/blog.olimar.de\/ein-tag-in-palma\/\",\"url\":\"https:\/\/blog.olimar.de\/ein-tag-in-palma\/\",\"name\":\"Ein Tag in Palma, Mallorcas Hauptstadt\",\"isPartOf\":{\"@id\":\"https:\/\/blog.olimar.de\/#website\"},\"primaryImageOfPage\":{\"@id\":\"https:\/\/blog.olimar.de\/ein-tag-in-palma\/#primaryimage\"},\"image\":{\"@id\":\"https:\/\/blog.olimar.de\/ein-tag-in-palma\/#primaryimage\"},\"thumbnailUrl\":\"https:\/\/blog.olimar.de\/wp-content\/uploads\/2016\/03\/Ausblick-Baluard_2.jpg\",\"datePublished\":\"2016-03-24T11:51:04+00:00\",\"dateModified\":\"2022-12-21T20:18:39+00:00\",\"description\":\"Palma ist so attraktiv wie nie! Lesen Sie hier, warum Mallorcas Hauptstadt sich in den vergangenen Jahren zu einem echten St\u00e4dtereisen-Ziel entwickelt hat.\",\"breadcrumb\":{\"@id\":\"https:\/\/blog.olimar.de\/ein-tag-in-palma\/#breadcrumb\"},\"inLanguage\":\"de\",\"potentialAction\":[{\"@type\":\"ReadAction\",\"target\":[\"https:\/\/blog.olimar.de\/ein-tag-in-palma\/\"]}]},{\"@type\":\"ImageObject\",\"inLanguage\":\"de\",\"@id\":\"https:\/\/blog.olimar.de\/ein-tag-in-palma\/#primaryimage\",\"url\":\"https:\/\/blog.olimar.de\/wp-content\/uploads\/2016\/03\/Ausblick-Baluard_2.jpg\",\"contentUrl\":\"https:\/\/blog.olimar.de\/wp-content\/uploads\/2016\/03\/Ausblick-Baluard_2.jpg\",\"width\":2017,\"height\":1496,\"caption\":\"Ausblick Baluard in Palma\"},{\"@type\":\"BreadcrumbList\",\"@id\":\"https:\/\/blog.olimar.de\/ein-tag-in-palma\/#breadcrumb\",\"itemListElement\":[{\"@type\":\"ListItem\",\"position\":1,\"name\":\"Home\",\"item\":\"https:\/\/blog.olimar.de\/\"},{\"@type\":\"ListItem\",\"position\":2,\"name\":\"Mallorca\",\"item\":\"https:\/\/blog.olimar.de\/tag\/mallorca\/\"},{\"@type\":\"ListItem\",\"position\":3,\"name\":\"Ein Tag in &#8230; Palma!\"}]},{\"@type\":\"WebSite\",\"@id\":\"https:\/\/blog.olimar.de\/#website\",\"url\":\"https:\/\/blog.olimar.de\/\",\"name\":\"OLIMAR.com\",\"description\":\"\",\"publisher\":{\"@id\":\"https:\/\/blog.olimar.de\/#organization\"},\"potentialAction\":[{\"@type\":\"SearchAction\",\"target\":{\"@type\":\"EntryPoint\",\"urlTemplate\":\"https:\/\/blog.olimar.de\/?s={search_term_string}\"},\"query-input\":{\"@type\":\"PropertyValueSpecification\",\"valueRequired\":true,\"valueName\":\"search_term_string\"}}],\"inLanguage\":\"de\"},{\"@type\":\"Organization\",\"@id\":\"https:\/\/blog.olimar.de\/#organization\",\"name\":\"OLIMAR Reisen\",\"url\":\"https:\/\/blog.olimar.de\/\",\"logo\":{\"@type\":\"ImageObject\",\"inLanguage\":\"de\",\"@id\":\"https:\/\/blog.olimar.de\/#\/schema\/logo\/image\/\",\"url\":\"https:\/\/blog.olimar.de\/wp-content\/uploads\/2021\/01\/OLIMAR_Logo_COLOR.png\",\"contentUrl\":\"https:\/\/blog.olimar.de\/wp-content\/uploads\/2021\/01\/OLIMAR_Logo_COLOR.png\",\"width\":2000,\"height\":986,\"caption\":\"OLIMAR Reisen\"},\"image\":{\"@id\":\"https:\/\/blog.olimar.de\/#\/schema\/logo\/image\/\"},\"sameAs\":[\"https:\/\/www.facebook.com\/OlimarReisen\",\"https:\/\/x.com\/olimarrreisen\",\"https:\/\/www.instagram.com\/olimarreisen\",\"https:\/\/www.youtube.com\/user\/olimarreisen\"]}]}<\/script>\n<!-- \/ Yoast SEO plugin. -->","yoast_head_json":{"title":"Ein Tag in Palma, Mallorcas Hauptstadt","description":"Palma ist so attraktiv wie nie! Lesen Sie hier, warum Mallorcas Hauptstadt sich in den vergangenen Jahren zu einem echten St\u00e4dtereisen-Ziel entwickelt hat.","robots":{"index":"index","follow":"follow","max-snippet":"max-snippet:-1","max-image-preview":"max-image-preview:large","max-video-preview":"max-video-preview:-1"},"canonical":"https:\/\/blog.olimar.de\/ein-tag-in-palma\/","og_locale":"de_DE","og_type":"article","og_title":"Ein Tag in Palma, Mallorcas Hauptstadt","og_description":"Palma ist so attraktiv wie nie! Lesen Sie hier, warum Mallorcas Hauptstadt sich in den vergangenen Jahren zu einem echten St\u00e4dtereisen-Ziel entwickelt hat.","og_url":"https:\/\/blog.olimar.de\/ein-tag-in-palma\/","article_publisher":"https:\/\/www.facebook.com\/OlimarReisen","article_published_time":"2016-03-24T11:51:04+00:00","article_modified_time":"2022-12-21T20:18:39+00:00","og_image":[{"width":2017,"height":1496,"url":"https:\/\/blog.olimar.de\/wp-content\/uploads\/2016\/03\/Ausblick-Baluard_2.jpg","type":"image\/jpeg"}],"author":"Katharina","twitter_misc":{"Verfasst von":"Katharina","Gesch\u00e4tzte Lesezeit":"7\u00a0Minuten"},"schema":{"@context":"https:\/\/schema.org","@graph":[{"@type":"WebPage","@id":"https:\/\/blog.olimar.de\/ein-tag-in-palma\/","url":"https:\/\/blog.olimar.de\/ein-tag-in-palma\/","name":"Ein Tag in Palma, Mallorcas Hauptstadt","isPartOf":{"@id":"https:\/\/blog.olimar.de\/#website"},"primaryImageOfPage":{"@id":"https:\/\/blog.olimar.de\/ein-tag-in-palma\/#primaryimage"},"image":{"@id":"https:\/\/blog.olimar.de\/ein-tag-in-palma\/#primaryimage"},"thumbnailUrl":"https:\/\/blog.olimar.de\/wp-content\/uploads\/2016\/03\/Ausblick-Baluard_2.jpg","datePublished":"2016-03-24T11:51:04+00:00","dateModified":"2022-12-21T20:18:39+00:00","description":"Palma ist so attraktiv wie nie! Lesen Sie hier, warum Mallorcas Hauptstadt sich in den vergangenen Jahren zu einem echten St\u00e4dtereisen-Ziel entwickelt hat.","breadcrumb":{"@id":"https:\/\/blog.olimar.de\/ein-tag-in-palma\/#breadcrumb"},"inLanguage":"de","potentialAction":[{"@type":"ReadAction","target":["https:\/\/blog.olimar.de\/ein-tag-in-palma\/"]}]},{"@type":"ImageObject","inLanguage":"de","@id":"https:\/\/blog.olimar.de\/ein-tag-in-palma\/#primaryimage","url":"https:\/\/blog.olimar.de\/wp-content\/uploads\/2016\/03\/Ausblick-Baluard_2.jpg","contentUrl":"https:\/\/blog.olimar.de\/wp-content\/uploads\/2016\/03\/Ausblick-Baluard_2.jpg","width":2017,"height":1496,"caption":"Ausblick Baluard in Palma"},{"@type":"BreadcrumbList","@id":"https:\/\/blog.olimar.de\/ein-tag-in-palma\/#breadcrumb","itemListElement":[{"@type":"ListItem","position":1,"name":"Home","item":"https:\/\/blog.olimar.de\/"},{"@type":"ListItem","position":2,"name":"Mallorca","item":"https:\/\/blog.olimar.de\/tag\/mallorca\/"},{"@type":"ListItem","position":3,"name":"Ein Tag in &#8230; Palma!"}]},{"@type":"WebSite","@id":"https:\/\/blog.olimar.de\/#website","url":"https:\/\/blog.olimar.de\/","name":"OLIMAR.com","description":"","publisher":{"@id":"https:\/\/blog.olimar.de\/#organization"},"potentialAction":[{"@type":"SearchAction","target":{"@type":"EntryPoint","urlTemplate":"https:\/\/blog.olimar.de\/?s={search_term_string}"},"query-input":{"@type":"PropertyValueSpecification","valueRequired":true,"valueName":"search_term_string"}}],"inLanguage":"de"},{"@type":"Organization","@id":"https:\/\/blog.olimar.de\/#organization","name":"OLIMAR Reisen","url":"https:\/\/blog.olimar.de\/","logo":{"@type":"ImageObject","inLanguage":"de","@id":"https:\/\/blog.olimar.de\/#\/schema\/logo\/image\/","url":"https:\/\/blog.olimar.de\/wp-content\/uploads\/2021\/01\/OLIMAR_Logo_COLOR.png","contentUrl":"https:\/\/blog.olimar.de\/wp-content\/uploads\/2021\/01\/OLIMAR_Logo_COLOR.png","width":2000,"height":986,"caption":"OLIMAR Reisen"},"image":{"@id":"https:\/\/blog.olimar.de\/#\/schema\/logo\/image\/"},"sameAs":["https:\/\/www.facebook.com\/OlimarReisen","https:\/\/x.com\/olimarrreisen","https:\/\/www.instagram.com\/olimarreisen","https:\/\/www.youtube.com\/user\/olimarreisen"]}]}},"modified_by":"Lena Radermacher","jetpack_featured_media_url":"https:\/\/blog.olimar.de\/wp-content\/uploads\/2016\/03\/Ausblick-Baluard_2.jpg","_links":{"self":[{"href":"https:\/\/blog.olimar.de\/wp-json\/wp\/v2\/posts\/3803","targetHints":{"allow":["GET"]}}],"collection":[{"href":"https:\/\/blog.olimar.de\/wp-json\/wp\/v2\/posts"}],"about":[{"href":"https:\/\/blog.olimar.de\/wp-json\/wp\/v2\/types\/post"}],"author":[{"embeddable":true,"href":"https:\/\/blog.olimar.de\/wp-json\/wp\/v2\/users\/1"}],"replies":[{"embeddable":true,"href":"https:\/\/blog.olimar.de\/wp-json\/wp\/v2\/comments?post=3803"}],"version-history":[{"count":41,"href":"https:\/\/blog.olimar.de\/wp-json\/wp\/v2\/posts\/3803\/revisions"}],"predecessor-version":[{"id":22875,"href":"https:\/\/blog.olimar.de\/wp-json\/wp\/v2\/posts\/3803\/revisions\/22875"}],"wp:featuredmedia":[{"embeddable":true,"href":"https:\/\/blog.olimar.de\/wp-json\/wp\/v2\/media\/3809"}],"wp:attachment":[{"href":"https:\/\/blog.olimar.de\/wp-json\/wp\/v2\/media?parent=3803"}],"wp:term":[{"taxonomy":"category","embeddable":true,"href":"https:\/\/blog.olimar.de\/wp-json\/wp\/v2\/categories?post=3803"},{"taxonomy":"post_tag","embeddable":true,"href":"https:\/\/blog.olimar.de\/wp-json\/wp\/v2\/tags?post=3803"}],"curies":[{"name":"wp","href":"https:\/\/api.w.org\/{rel}","templated":true}]}}