{"id":3873,"date":"2016-03-24T13:54:18","date_gmt":"2016-03-24T11:54:18","guid":{"rendered":"https:\/\/blog.olimar.de\/?p=3873"},"modified":"2022-11-23T22:55:25","modified_gmt":"2022-11-23T21:55:25","slug":"algarve-mal-anders-erleben","status":"publish","type":"post","link":"https:\/\/blog.olimar.de\/algarve-mal-anders-erleben\/","title":{"rendered":"Stille Pfade und viel Kultur: Algarve mal anders erleben"},"content":{"rendered":"<p class=\"intro\" style=\"text-align: justify;\">Schroffe Klippen umschlie\u00dfen idyllische Buchten, Atlantikwellen laufen auf den feinsandigen Str\u00e4nden der <a href=\"https:\/\/www.olimar.de\/portugal\/algarve\/\" target=\"_blank\" rel=\"noopener\">Algarve<\/a> aus: Die ber\u00fchmte Ferienregion im S\u00fcden Portugals gilt als Traumziel f\u00fcr Sonnenhungrige aus ganz Europa. Die Region bietet aber noch mehr als Sonne, Strand und\u00a0 Meer.<\/p>\n<p class=\"intro\" style=\"text-align: justify;\">Wir haben einige Tipps f\u00fcr <a href=\"https:\/\/www.olimar.de\/aktivurlaub\/\" target=\"_blank\" rel=\"noopener\">Aktivurlauber<\/a> und Kulturinteressierte zusammengestellt.<\/p>\n<h3 style=\"text-align: justify;\"><strong>Tageswanderungen an der Algarve<\/strong><\/h3>\n<p style=\"text-align: justify;\">Erst sanft, dann aber bis zu 1000 Meter hoch steigen die H\u00fcgel und Berge im Hinterland der Algarve auf. Wer die Natursch\u00f6nheiten ganz in Ruhe erkunden will, macht sich am besten zu Fu\u00df auf.<br \/>\nVor allem im Fr\u00fchjahr, lange bevor in Deutschland die ersten B\u00e4ume knospen, beeindruckt die Region mit \u00fcppiger Bl\u00fctenpracht, zum Beispiel auf dem Picota im Gebirge von Monchique. Bis vor wenigen Jahren mussten sich Wanderer auf einheimische F\u00fchrer und gute Literatur verlassen. Mittlerweile wurden Wanderwege markiert. Per Wanderf\u00fchrer oder\u00a0 Streckenbeschreibung lassen sich hier viele sch\u00f6ne Routen an und hinter der K\u00fcste begehen. Eine sch\u00f6ne Tour-Beschreibung entlang des Cabo Pontal an der Algarve finden Sie <a href=\"https:\/\/blog.olimar.de\/wanderung-algarve\/\">hier<\/a> in unserem Online-Magazin.<\/p>\n<h3 style=\"text-align: justify;\"><strong>Fernwanderwege und Fernradwege an der Algarve<\/strong><\/h3>\n<p style=\"text-align: justify;\">Eine Woche oder noch l\u00e4nger unterwegs sein, t\u00e4glich eine Etappe zu Fu\u00df oder mit dem Fahrrad bew\u00e4ltigen \u2013 das ist eine Herausforderung. Trotzdem wird diese Art des Reisens in ganz Europa immer beliebter. Der Grund: Man lernt die Vielfalt der Landschaft kennen, ist sportlich aktiv und schaltet nach ein bis zwei Tagen vollkommen vom Alltag ab.<br \/>\nAn der Algarve locken gleich mehrere Wege: Auf rund 330 Kilometern f\u00fchrt zum Beispiel die Via Algarviana auf einem alten Pilgerweg von der portugiesisch-spanischen Grenze bis ans\u00a0 S\u00fcdwestkap Europas. Wer diesen Weg komplett zu Fu\u00df gehen m\u00f6chte, braucht aber mindestens zwei Wochen Zeit. Schneller geht es mit dem Rad, allerdings ist die Strecke anspruchsvoll und nur f\u00fcr ge\u00fcbte Mountainbiker geeignet. Wer kr\u00e4ftig in die Pedale tritt, schafft es in f\u00fcnf Tagen ans Cabo de S\u00e3o Vicente, das Kap des heiligen Vinzenz. Von hier aus f\u00fchrt ein weiterer Fernwanderweg, die <a href=\"https:\/\/blog.olimar.de\/rota-vicentina\/\">Rota Vicentina<\/a> \u00fcber 100 Kilometer entlang der wilden Westk\u00fcste nach Norden bis Santiago do Cac\u00e9m.<\/p>\n<p style=\"text-align: justify;\"><img loading=\"lazy\" decoding=\"async\" class=\"alignleft wp-image-3881 size-large\" src=\"https:\/\/blog.olimar.de\/wp-content\/uploads\/2016\/03\/Wegweiser-Algarve-1024x683.jpg\" alt=\"Schild Wandern an der Algarve Santiago do Cac\u00e9m\" width=\"840\" height=\"560\" srcset=\"https:\/\/blog.olimar.de\/wp-content\/uploads\/2016\/03\/Wegweiser-Algarve-1024x683.jpg 1024w, https:\/\/blog.olimar.de\/wp-content\/uploads\/2016\/03\/Wegweiser-Algarve-300x200.jpg 300w, https:\/\/blog.olimar.de\/wp-content\/uploads\/2016\/03\/Wegweiser-Algarve-768x512.jpg 768w, https:\/\/blog.olimar.de\/wp-content\/uploads\/2016\/03\/Wegweiser-Algarve-840x560.jpg 840w, https:\/\/blog.olimar.de\/wp-content\/uploads\/2016\/03\/Wegweiser-Algarve-1200x800.jpg 1200w\" sizes=\"auto, (max-width: 840px) 100vw, 840px\" \/><\/p>\n<p style=\"text-align: justify;\"><img loading=\"lazy\" decoding=\"async\" class=\"alignleft wp-image-3883 size-full\" src=\"https:\/\/blog.olimar.de\/wp-content\/uploads\/2016\/03\/FAOX08-x-BikerFerragudo.jpg\" alt=\"Radfahren an der Algarve\" width=\"1000\" height=\"719\" srcset=\"https:\/\/blog.olimar.de\/wp-content\/uploads\/2016\/03\/FAOX08-x-BikerFerragudo.jpg 1000w, https:\/\/blog.olimar.de\/wp-content\/uploads\/2016\/03\/FAOX08-x-BikerFerragudo-300x216.jpg 300w, https:\/\/blog.olimar.de\/wp-content\/uploads\/2016\/03\/FAOX08-x-BikerFerragudo-768x552.jpg 768w\" sizes=\"auto, (max-width: 1000px) 100vw, 1000px\" \/><\/p>\n<h3 style=\"text-align: justify;\"><strong>Golf spielen an der Algarve<\/strong><\/h3>\n<p style=\"text-align: justify;\">Wenn es in Deutschland kalt und ungem\u00fctlich wird, zieht es viele passionierte Golfspieler an die Algarve. Entlang der K\u00fcste gibt es zahlreiche Pl\u00e4tze, teilweise spektakul\u00e4re Anlagen. Der 27-Loch-Platz Onyria Palmares ist zum Beispiel so angelegt, dass man sowohl sch\u00f6ne Ausblicke auf die Atlantikk\u00fcste als auch auf die Monchique-Berge hat. Das OLIMAR Golf-Angebot f\u00fcr Portugal und die Algarve finden Sie <a href=\"https:\/\/www.olimar.de\/golf\/\" target=\"_blank\" rel=\"noopener\">hier<\/a> sowie im aktuellen <a href=\"https:\/\/www.olimar.de\/kataloge\/\" target=\"_blank\" rel=\"noopener\">OLIMAR Golfreisen-Katalog<\/a>.<\/p>\n<p style=\"text-align: justify;\"><img loading=\"lazy\" decoding=\"async\" class=\"alignleft wp-image-3882 size-large\" src=\"https:\/\/blog.olimar.de\/wp-content\/uploads\/2016\/03\/PT-Golf-ValeDoLobo-1024x826.jpg\" alt=\"Golfspielen an der Algarve\" width=\"840\" height=\"678\" srcset=\"https:\/\/blog.olimar.de\/wp-content\/uploads\/2016\/03\/PT-Golf-ValeDoLobo-1024x826.jpg 1024w, https:\/\/blog.olimar.de\/wp-content\/uploads\/2016\/03\/PT-Golf-ValeDoLobo-300x242.jpg 300w, https:\/\/blog.olimar.de\/wp-content\/uploads\/2016\/03\/PT-Golf-ValeDoLobo-768x620.jpg 768w, https:\/\/blog.olimar.de\/wp-content\/uploads\/2016\/03\/PT-Golf-ValeDoLobo.jpg 1200w\" sizes=\"auto, (max-width: 840px) 100vw, 840px\" \/><\/p>\n<h3 style=\"text-align: justify;\"><strong>Surfen an der Algarve<\/strong><\/h3>\n<p style=\"text-align: justify;\">Unaufh\u00f6rlich rollen die Wellen des Atlantiks an die K\u00fcste. Da am s\u00fcdwestlichsten Zipfel Europas die Lufttemperaturen auch im Winter mild sind, treffen sich hier Wellenreiter aus allen Ecken des Kontinents. Gesurft wird fast immer im Neoprenanzug. Selbst im Sommer sind die Fluten des Ozeans ziemlich frisch. Besonders beliebt in der Szene sind die Str\u00e4nde an der S\u00fcdwestk\u00fcste rund um die kleine Stadt Sagres und an der wilden und einsamen Westk\u00fcste.<\/p>\n<p style=\"text-align: justify;\">OLIMAR Kollege Tobias hat an der Atlantikk\u00fcste Portugals seine ersten Versuche auf dem Surfboard unternommen. Seinen Bericht inklusive Video finden Sie <a href=\"https:\/\/blog.olimar.de\/surfen-an-portugals-westkueste\/\">hier<\/a> im Sonnenseiten-Magazin.<\/p>\n<p style=\"text-align: justify;\"><img loading=\"lazy\" decoding=\"async\" class=\"alignleft wp-image-3104 size-large\" src=\"https:\/\/blog.olimar.de\/wp-content\/uploads\/2015\/10\/Surfen_Portugal_1-1024x683.jpg\" alt=\"Surfer Strand und Wellen an Portugals Westk\u00fcste\" width=\"840\" height=\"560\" srcset=\"https:\/\/blog.olimar.de\/wp-content\/uploads\/2015\/10\/Surfen_Portugal_1-1024x683.jpg 1024w, https:\/\/blog.olimar.de\/wp-content\/uploads\/2015\/10\/Surfen_Portugal_1-300x200.jpg 300w, https:\/\/blog.olimar.de\/wp-content\/uploads\/2015\/10\/Surfen_Portugal_1-840x560.jpg 840w, https:\/\/blog.olimar.de\/wp-content\/uploads\/2015\/10\/Surfen_Portugal_1-1200x800.jpg 1200w\" sizes=\"auto, (max-width: 840px) 100vw, 840px\" \/><\/p>\n<h3 style=\"text-align: justify;\"><strong>Auf den Spuren der Seefahrer wandeln<\/strong><\/h3>\n<p style=\"text-align: justify;\">Von den hohen Klippen des Cabo de S\u00e3o Vicente sieht man nichts als Wasser. Auf dem tiefblauen Ozean zieht h\u00f6chstens am Horizont mal ein Frachter entlang. Ein Leuchtturm markiert den s\u00fcdwestlichsten Zipfel Kontinentaleuropas. Hinter dem scheinbar endlosen Meer liegen Afrika und Amerika. Zu den damals noch reichlich unentdeckten K\u00fcsten machten sich im 15. Jahrhundert mutige Seefahrer auf. Von der nahe gelegenen Stadt Sagres stachen viele von ihnen in See, denn die exponierte Lage war ideal f\u00fcr die Entdeckerfahrten. Unter Historikern umstritten ist, ob Heinrich der Seefahrer (1394-1460), der hier starb, Mitte des 15. Jahrhunderts eine nautische Akademie gr\u00fcndete.<br \/>\nBelege gibt es daf\u00fcr nicht. Aber trotzdem ist das h\u00fcbsche St\u00e4dtchen einen Besuch wert. Rundherum stehen zahlreiche Befestigungsanlagen, die man besichtigen kann. 1960, zum 500. Todestag Heinrichs des Seefahrers, wiederaufgebaut wurde zum Beispiel die Fortaleza de Beliche. Das Fort wurde 1587 von Francis Drake und seinen Soldaten zerst\u00f6rt.<\/p>\n<h3 style=\"text-align: justify;\"><strong>In historischen Gem\u00e4uern wohnen<\/strong><\/h3>\n<p style=\"text-align: justify;\">Wer ein Faible f\u00fcr denkmalgesch\u00fctzte Gem\u00e4uer hat, kann in Portugal und nat\u00fcrlich auch an der Algarve in geschichtstr\u00e4chtigen Schl\u00f6ssern, Kl\u00f6stern, Burgen und Pal\u00e4sten wohnen. Rund 50 dieser Objekte wurden seit den 1990er Jahren in kleine Hotels umgewandelt. Manche H\u00e4user der Gruppe \u201ePousadas de Portugal\u201c sind sehr luxuri\u00f6s ausgestattet, andere bestechen durch ihre tolle Lage. <a href=\"https:\/\/www.olimar.de\/pousadas\/\" target=\"_blank\" rel=\"noopener\">Hier<\/a> geht&#8217;s zu weiteren Informationen und Angeboten der Pousadas de Portugal bei OLIMAR Reisen.<\/p>\n<p style=\"text-align: justify;\"><img loading=\"lazy\" decoding=\"async\" class=\"alignleft wp-image-3884 size-full\" src=\"https:\/\/blog.olimar.de\/wp-content\/uploads\/2016\/03\/FAOP62-p-Sagres-PoolA.jpg\" alt=\" Pousadas de Portugal Algarve Sagres Pool in einer Ferienanlage\" width=\"1000\" height=\"666\" srcset=\"https:\/\/blog.olimar.de\/wp-content\/uploads\/2016\/03\/FAOP62-p-Sagres-PoolA.jpg 1000w, https:\/\/blog.olimar.de\/wp-content\/uploads\/2016\/03\/FAOP62-p-Sagres-PoolA-300x200.jpg 300w, https:\/\/blog.olimar.de\/wp-content\/uploads\/2016\/03\/FAOP62-p-Sagres-PoolA-768x511.jpg 768w, https:\/\/blog.olimar.de\/wp-content\/uploads\/2016\/03\/FAOP62-p-Sagres-PoolA-840x560.jpg 840w\" sizes=\"auto, (max-width: 1000px) 100vw, 1000px\" \/><\/p>\n<h3 style=\"text-align: justify;\"><strong>3 Fragen an\u2026 Carlos Gon\u00e7alves Luis, Pr\u00e4sident des Algarve Tourismusverbands<\/strong><\/h3>\n<p style=\"text-align: justify;\">OLIMAR: Ein Gro\u00dfteil deutscher Urlauber k\u00f6nnte sich dieses Jahr erstmalig f\u00fcr Portugal entscheiden. Reichen die Kapazit\u00e4ten an der Algarve?<\/p>\n<p style=\"text-align: justify;\">Luis: Die Algarve hat genug Kapazit\u00e4ten um diese Urlauber willkommen zu hei\u00dfen. Besonders au\u00dferhalb der bekanntesten Urlaubsorte freuen sich unsere Hoteliers auf die deutschen G\u00e4ste.<\/p>\n<p style=\"text-align: justify;\">OLIMAR: Welche Region ist aus Ihrer Sicht f\u00fcr deutsche Urlauber noch ein Geheimtipp?<\/p>\n<p style=\"text-align: justify;\">Luis: Die sogenannte \u201eSandalgarve\u201c im Osten der Region mit ihren kilometerlangen Sandstr\u00e4nden, die teilweise auf vorgelagerten Inseln liegen, ist noch bei vielen Urlaubern unbekannt. Ebenso der Naturpark \u201eCosta Vicentina\u201c im \u00e4u\u00dfersten Westen der Region und ihr Hinterland k\u00f6nnen als Geheimtipps bezeichnet werden.<\/p>\n<p style=\"text-align: justify;\">OLIMAR: Was ist dieses Jahr neu an der Algarve?<\/p>\n<p style=\"text-align: justify;\">Luis: Unser Fernwanderweg \u201eVia Algarviana\u201c wird sich dieses Jahr neu herausputzen, u. a. mit einer neuen Beschilderung. Der rund 330 Kilometer lange Wanderweg kann in verschiedene Tagesetappen aufgeteilt werden. Radfreunde k\u00f6nnen sich auf tolle Radwege entlang der K\u00fcste freuen. Einer von ihnen ist z. B. der Ecovia do Litoral beginnend im Westen nahe des Kaps S\u00e3o Vincente bis nach Osten zu Vila Real de Santo Ant\u00f3nio f\u00fchrend.<\/p>\n<p style=\"text-align: justify;\"><div class=\"grey-box\"> <strong>OLIMAR Tipps:<\/strong><\/p>\n<table>\n<tbody>\n<tr>\n<td><strong>Anreisen:<\/strong><\/td>\n<td>z. B. mit Air Berlin, Tuifly, Eurowings und TAP Portugal von vielen deutschen Flugh\u00e4fen nach Faro. Niki und TAP Portugal fliegen ab Wien. Ein umfangreiches Angebot an Fl\u00fcgen, Pauschalreisen und Hotel-Only finden Sie auf der <a href=\"https:\/\/www.olimar.de\/portugal\/algarve\/\" rel=\"noopener\">OLIMAR Reisen Webseite<\/a>.<\/td>\n<\/tr>\n<tr>\n<td><strong>Ausfl\u00fcge:<\/strong><\/td>\n<td>Katamaran-Tour von Portim\u00e3o bis Carvoeiro mit Barbecue am Strand zum Preis von 51 \u20ac p. P. oder Jeep-Safari durch das Hinterland f\u00fcr 55 \u20ac p. P. (Kinder 5-11 Jahre 50% Erm\u00e4\u00dfigung) bei OLIMAR direkt dazu buchbar. Gef\u00fchrte Wandertouren auf Anfrage.<\/td>\n<\/tr>\n<tr>\n<td><strong>\u00dcbernachten:<\/strong><\/td>\n<td><a href=\"https:\/\/rms.olimar.de\/code\/FAOP62\" rel=\"noopener\">Pousada de Sagres \u2013 Charming Hotel<\/a>: In spektakul\u00e4rer Lage auf einem Felsvorsprung direkt \u00fcber dem Meer thront diese komfortabel und modern eingerichtete Pousada. Bis zum Strand sind es nur wenige Gehminuten. Ab 43 \u20ac p. P. \/Nacht im Doppelzimmer mit Fr\u00fchst\u00fcck. 20% Erm\u00e4\u00dfigung bei mindestens vier N\u00e4chten, 10% Fr\u00fchbucherrabatt bei Buchung bis 60 Tage vor Anreise.<\/p>\n<p><strong>Neu bei OLIMAR:<\/strong><br \/>\n<a href=\"https:\/\/rms.olimar.de\/code\/FAO271\" rel=\"noopener\">Romantik Hotel Vivenda Miranda:<\/a> In diesem kleinen und sehr feinen Refugium kommen Romantiker voll und ganz auf ihre Kosten. Die ehemalige Prachtvilla eines englischen Adeligen<br \/>\nliegt 2 km s\u00fcdwestlich der Altstadt von Lagos auf der Felsk\u00fcste direkt \u00fcber dem Porto de M\u00f3s-Strand. Ab 158 \u20ac p. P. im Doppelzimmer inkl. Halbpension bei einem Mindestaufenthalt von zwei N\u00e4chten.<\/td>\n<\/tr>\n<tr>\n<td><strong>Beste Reisezeit:<\/strong><\/td>\n<td>Die Algarve ist ein ganzj\u00e4hriges Reiseziel. W\u00e4hrend im Sommer das Thermometer schon mal \u00fcber 30 Grad klettert, genie\u00dft man im Winter oft milde 15 bis 20 Grad.<\/td>\n<\/tr>\n<tr>\n<td><\/td>\n<td><\/td>\n<\/tr>\n<\/tbody>\n<\/table>\n<p style=\"text-align: justify;\"><\/div><\/p>\n","protected":false},"excerpt":{"rendered":"<p>Schroffe Klippen umschlie\u00dfen idyllische Buchten, Atlantikwellen laufen auf den feinsandigen Str\u00e4nden der Algarve aus: Die ber\u00fchmte Ferienregion im S\u00fcden Portugals gilt als Traumziel f\u00fcr Sonnenhungrige aus ganz Europa. Die Region bietet aber noch mehr als Sonne, Strand und\u00a0 Meer. Wir haben einige Tipps f\u00fcr Aktivurlauber und Kulturinteressierte zusammengestellt. Tageswanderungen an der Algarve Erst sanft, dann aber bis zu 1000 Meter hoch steigen die H\u00fcgel und Berge im Hinterland der Algarve auf. Wer die Natursch\u00f6nheiten ganz in Ruhe erkunden will, macht sich am besten zu Fu\u00df auf. Vor allem im Fr\u00fchjahr, lange bevor in Deutschland die ersten B\u00e4ume knospen, beeindruckt die Region &hellip;<\/p>\n","protected":false},"author":9,"featured_media":3880,"comment_status":"open","ping_status":"open","sticky":false,"template":"","format":"standard","meta":{"_crdt_document":"","_lmt_disableupdate":"","_lmt_disable":"","footnotes":""},"categories":[29,28],"tags":[24,34],"class_list":["post-3873","post","type-post","status-publish","format-standard","has-post-thumbnail","hentry","category-aktiv-natur","category-kunst-kultur","tag-algarve","tag-portugal"],"yoast_head":"<!-- This site is optimized with the Yoast SEO plugin v26.9 - https:\/\/yoast.com\/product\/yoast-seo-wordpress\/ -->\n<title>Stille Pfade und viel Kultur: Algarve mal anders erleben<\/title>\n<meta name=\"description\" content=\"Die Algarve im S\u00fcden Portugals gilt als Traumziel f\u00fcr Sonnenhungrige aus ganz Europa. Wir haben einige Tipps und Highlights zusammengestellt.\" \/>\n<meta name=\"robots\" content=\"index, follow, max-snippet:-1, max-image-preview:large, max-video-preview:-1\" \/>\n<link rel=\"canonical\" href=\"https:\/\/blog.olimar.de\/algarve-mal-anders-erleben\/\" \/>\n<meta property=\"og:locale\" content=\"de_DE\" \/>\n<meta property=\"og:type\" content=\"article\" \/>\n<meta property=\"og:title\" content=\"Stille Pfade und viel Kultur: Algarve mal anders erleben\" \/>\n<meta property=\"og:description\" content=\"Die Algarve im S\u00fcden Portugals gilt als Traumziel f\u00fcr Sonnenhungrige aus ganz Europa. Wir haben einige Tipps und Highlights zusammengestellt.\" \/>\n<meta property=\"og:url\" content=\"https:\/\/blog.olimar.de\/algarve-mal-anders-erleben\/\" \/>\n<meta property=\"article:publisher\" content=\"https:\/\/www.facebook.com\/OlimarReisen\" \/>\n<meta property=\"article:published_time\" content=\"2016-03-24T11:54:18+00:00\" \/>\n<meta property=\"article:modified_time\" content=\"2022-11-23T21:55:25+00:00\" \/>\n<meta property=\"og:image\" content=\"https:\/\/blog.olimar.de\/wp-content\/uploads\/2016\/03\/PT-Algarve-Sagres-Leuchtturm-PIXABAY-667283.jpg\" \/>\n\t<meta property=\"og:image:width\" content=\"1000\" \/>\n\t<meta property=\"og:image:height\" content=\"616\" \/>\n\t<meta property=\"og:image:type\" content=\"image\/jpeg\" \/>\n<meta name=\"author\" content=\"OLIMAR Redaktionsteam\" \/>\n<meta name=\"twitter:label1\" content=\"Verfasst von\" \/>\n\t<meta name=\"twitter:data1\" content=\"OLIMAR Redaktionsteam\" \/>\n\t<meta name=\"twitter:label2\" content=\"Gesch\u00e4tzte Lesezeit\" \/>\n\t<meta name=\"twitter:data2\" content=\"8\u00a0Minuten\" \/>\n<script type=\"application\/ld+json\" class=\"yoast-schema-graph\">{\"@context\":\"https:\/\/schema.org\",\"@graph\":[{\"@type\":\"WebPage\",\"@id\":\"https:\/\/blog.olimar.de\/algarve-mal-anders-erleben\/\",\"url\":\"https:\/\/blog.olimar.de\/algarve-mal-anders-erleben\/\",\"name\":\"Stille Pfade und viel Kultur: Algarve mal anders erleben\",\"isPartOf\":{\"@id\":\"https:\/\/blog.olimar.de\/#website\"},\"primaryImageOfPage\":{\"@id\":\"https:\/\/blog.olimar.de\/algarve-mal-anders-erleben\/#primaryimage\"},\"image\":{\"@id\":\"https:\/\/blog.olimar.de\/algarve-mal-anders-erleben\/#primaryimage\"},\"thumbnailUrl\":\"https:\/\/blog.olimar.de\/wp-content\/uploads\/2016\/03\/PT-Algarve-Sagres-Leuchtturm-PIXABAY-667283.jpg\",\"datePublished\":\"2016-03-24T11:54:18+00:00\",\"dateModified\":\"2022-11-23T21:55:25+00:00\",\"description\":\"Die Algarve im S\u00fcden Portugals gilt als Traumziel f\u00fcr Sonnenhungrige aus ganz Europa. Wir haben einige Tipps und Highlights zusammengestellt.\",\"breadcrumb\":{\"@id\":\"https:\/\/blog.olimar.de\/algarve-mal-anders-erleben\/#breadcrumb\"},\"inLanguage\":\"de\",\"potentialAction\":[{\"@type\":\"ReadAction\",\"target\":[\"https:\/\/blog.olimar.de\/algarve-mal-anders-erleben\/\"]}]},{\"@type\":\"ImageObject\",\"inLanguage\":\"de\",\"@id\":\"https:\/\/blog.olimar.de\/algarve-mal-anders-erleben\/#primaryimage\",\"url\":\"https:\/\/blog.olimar.de\/wp-content\/uploads\/2016\/03\/PT-Algarve-Sagres-Leuchtturm-PIXABAY-667283.jpg\",\"contentUrl\":\"https:\/\/blog.olimar.de\/wp-content\/uploads\/2016\/03\/PT-Algarve-Sagres-Leuchtturm-PIXABAY-667283.jpg\",\"width\":1000,\"height\":616,\"caption\":\"Portugal Algarve Sagres Leuchtturm auf Klippe\"},{\"@type\":\"BreadcrumbList\",\"@id\":\"https:\/\/blog.olimar.de\/algarve-mal-anders-erleben\/#breadcrumb\",\"itemListElement\":[{\"@type\":\"ListItem\",\"position\":1,\"name\":\"Home\",\"item\":\"https:\/\/blog.olimar.de\/\"},{\"@type\":\"ListItem\",\"position\":2,\"name\":\"Algarve\",\"item\":\"https:\/\/blog.olimar.de\/tag\/algarve\/\"},{\"@type\":\"ListItem\",\"position\":3,\"name\":\"Stille Pfade und viel Kultur: Algarve mal anders erleben\"}]},{\"@type\":\"WebSite\",\"@id\":\"https:\/\/blog.olimar.de\/#website\",\"url\":\"https:\/\/blog.olimar.de\/\",\"name\":\"OLIMAR.com\",\"description\":\"\",\"publisher\":{\"@id\":\"https:\/\/blog.olimar.de\/#organization\"},\"potentialAction\":[{\"@type\":\"SearchAction\",\"target\":{\"@type\":\"EntryPoint\",\"urlTemplate\":\"https:\/\/blog.olimar.de\/?s={search_term_string}\"},\"query-input\":{\"@type\":\"PropertyValueSpecification\",\"valueRequired\":true,\"valueName\":\"search_term_string\"}}],\"inLanguage\":\"de\"},{\"@type\":\"Organization\",\"@id\":\"https:\/\/blog.olimar.de\/#organization\",\"name\":\"OLIMAR Reisen\",\"url\":\"https:\/\/blog.olimar.de\/\",\"logo\":{\"@type\":\"ImageObject\",\"inLanguage\":\"de\",\"@id\":\"https:\/\/blog.olimar.de\/#\/schema\/logo\/image\/\",\"url\":\"https:\/\/blog.olimar.de\/wp-content\/uploads\/2021\/01\/OLIMAR_Logo_COLOR.png\",\"contentUrl\":\"https:\/\/blog.olimar.de\/wp-content\/uploads\/2021\/01\/OLIMAR_Logo_COLOR.png\",\"width\":2000,\"height\":986,\"caption\":\"OLIMAR Reisen\"},\"image\":{\"@id\":\"https:\/\/blog.olimar.de\/#\/schema\/logo\/image\/\"},\"sameAs\":[\"https:\/\/www.facebook.com\/OlimarReisen\",\"https:\/\/x.com\/olimarrreisen\",\"https:\/\/www.instagram.com\/olimarreisen\",\"https:\/\/www.youtube.com\/user\/olimarreisen\"]}]}<\/script>\n<!-- \/ Yoast SEO plugin. -->","yoast_head_json":{"title":"Stille Pfade und viel Kultur: Algarve mal anders erleben","description":"Die Algarve im S\u00fcden Portugals gilt als Traumziel f\u00fcr Sonnenhungrige aus ganz Europa. Wir haben einige Tipps und Highlights zusammengestellt.","robots":{"index":"index","follow":"follow","max-snippet":"max-snippet:-1","max-image-preview":"max-image-preview:large","max-video-preview":"max-video-preview:-1"},"canonical":"https:\/\/blog.olimar.de\/algarve-mal-anders-erleben\/","og_locale":"de_DE","og_type":"article","og_title":"Stille Pfade und viel Kultur: Algarve mal anders erleben","og_description":"Die Algarve im S\u00fcden Portugals gilt als Traumziel f\u00fcr Sonnenhungrige aus ganz Europa. Wir haben einige Tipps und Highlights zusammengestellt.","og_url":"https:\/\/blog.olimar.de\/algarve-mal-anders-erleben\/","article_publisher":"https:\/\/www.facebook.com\/OlimarReisen","article_published_time":"2016-03-24T11:54:18+00:00","article_modified_time":"2022-11-23T21:55:25+00:00","og_image":[{"width":1000,"height":616,"url":"https:\/\/blog.olimar.de\/wp-content\/uploads\/2016\/03\/PT-Algarve-Sagres-Leuchtturm-PIXABAY-667283.jpg","type":"image\/jpeg"}],"author":"OLIMAR Redaktionsteam","twitter_misc":{"Verfasst von":"OLIMAR Redaktionsteam","Gesch\u00e4tzte Lesezeit":"8\u00a0Minuten"},"schema":{"@context":"https:\/\/schema.org","@graph":[{"@type":"WebPage","@id":"https:\/\/blog.olimar.de\/algarve-mal-anders-erleben\/","url":"https:\/\/blog.olimar.de\/algarve-mal-anders-erleben\/","name":"Stille Pfade und viel Kultur: Algarve mal anders erleben","isPartOf":{"@id":"https:\/\/blog.olimar.de\/#website"},"primaryImageOfPage":{"@id":"https:\/\/blog.olimar.de\/algarve-mal-anders-erleben\/#primaryimage"},"image":{"@id":"https:\/\/blog.olimar.de\/algarve-mal-anders-erleben\/#primaryimage"},"thumbnailUrl":"https:\/\/blog.olimar.de\/wp-content\/uploads\/2016\/03\/PT-Algarve-Sagres-Leuchtturm-PIXABAY-667283.jpg","datePublished":"2016-03-24T11:54:18+00:00","dateModified":"2022-11-23T21:55:25+00:00","description":"Die Algarve im S\u00fcden Portugals gilt als Traumziel f\u00fcr Sonnenhungrige aus ganz Europa. Wir haben einige Tipps und Highlights zusammengestellt.","breadcrumb":{"@id":"https:\/\/blog.olimar.de\/algarve-mal-anders-erleben\/#breadcrumb"},"inLanguage":"de","potentialAction":[{"@type":"ReadAction","target":["https:\/\/blog.olimar.de\/algarve-mal-anders-erleben\/"]}]},{"@type":"ImageObject","inLanguage":"de","@id":"https:\/\/blog.olimar.de\/algarve-mal-anders-erleben\/#primaryimage","url":"https:\/\/blog.olimar.de\/wp-content\/uploads\/2016\/03\/PT-Algarve-Sagres-Leuchtturm-PIXABAY-667283.jpg","contentUrl":"https:\/\/blog.olimar.de\/wp-content\/uploads\/2016\/03\/PT-Algarve-Sagres-Leuchtturm-PIXABAY-667283.jpg","width":1000,"height":616,"caption":"Portugal Algarve Sagres Leuchtturm auf Klippe"},{"@type":"BreadcrumbList","@id":"https:\/\/blog.olimar.de\/algarve-mal-anders-erleben\/#breadcrumb","itemListElement":[{"@type":"ListItem","position":1,"name":"Home","item":"https:\/\/blog.olimar.de\/"},{"@type":"ListItem","position":2,"name":"Algarve","item":"https:\/\/blog.olimar.de\/tag\/algarve\/"},{"@type":"ListItem","position":3,"name":"Stille Pfade und viel Kultur: Algarve mal anders erleben"}]},{"@type":"WebSite","@id":"https:\/\/blog.olimar.de\/#website","url":"https:\/\/blog.olimar.de\/","name":"OLIMAR.com","description":"","publisher":{"@id":"https:\/\/blog.olimar.de\/#organization"},"potentialAction":[{"@type":"SearchAction","target":{"@type":"EntryPoint","urlTemplate":"https:\/\/blog.olimar.de\/?s={search_term_string}"},"query-input":{"@type":"PropertyValueSpecification","valueRequired":true,"valueName":"search_term_string"}}],"inLanguage":"de"},{"@type":"Organization","@id":"https:\/\/blog.olimar.de\/#organization","name":"OLIMAR Reisen","url":"https:\/\/blog.olimar.de\/","logo":{"@type":"ImageObject","inLanguage":"de","@id":"https:\/\/blog.olimar.de\/#\/schema\/logo\/image\/","url":"https:\/\/blog.olimar.de\/wp-content\/uploads\/2021\/01\/OLIMAR_Logo_COLOR.png","contentUrl":"https:\/\/blog.olimar.de\/wp-content\/uploads\/2021\/01\/OLIMAR_Logo_COLOR.png","width":2000,"height":986,"caption":"OLIMAR Reisen"},"image":{"@id":"https:\/\/blog.olimar.de\/#\/schema\/logo\/image\/"},"sameAs":["https:\/\/www.facebook.com\/OlimarReisen","https:\/\/x.com\/olimarrreisen","https:\/\/www.instagram.com\/olimarreisen","https:\/\/www.youtube.com\/user\/olimarreisen"]}]}},"modified_by":"Lena Radermacher","jetpack_featured_media_url":"https:\/\/blog.olimar.de\/wp-content\/uploads\/2016\/03\/PT-Algarve-Sagres-Leuchtturm-PIXABAY-667283.jpg","_links":{"self":[{"href":"https:\/\/blog.olimar.de\/wp-json\/wp\/v2\/posts\/3873","targetHints":{"allow":["GET"]}}],"collection":[{"href":"https:\/\/blog.olimar.de\/wp-json\/wp\/v2\/posts"}],"about":[{"href":"https:\/\/blog.olimar.de\/wp-json\/wp\/v2\/types\/post"}],"author":[{"embeddable":true,"href":"https:\/\/blog.olimar.de\/wp-json\/wp\/v2\/users\/9"}],"replies":[{"embeddable":true,"href":"https:\/\/blog.olimar.de\/wp-json\/wp\/v2\/comments?post=3873"}],"version-history":[{"count":16,"href":"https:\/\/blog.olimar.de\/wp-json\/wp\/v2\/posts\/3873\/revisions"}],"predecessor-version":[{"id":21185,"href":"https:\/\/blog.olimar.de\/wp-json\/wp\/v2\/posts\/3873\/revisions\/21185"}],"wp:featuredmedia":[{"embeddable":true,"href":"https:\/\/blog.olimar.de\/wp-json\/wp\/v2\/media\/3880"}],"wp:attachment":[{"href":"https:\/\/blog.olimar.de\/wp-json\/wp\/v2\/media?parent=3873"}],"wp:term":[{"taxonomy":"category","embeddable":true,"href":"https:\/\/blog.olimar.de\/wp-json\/wp\/v2\/categories?post=3873"},{"taxonomy":"post_tag","embeddable":true,"href":"https:\/\/blog.olimar.de\/wp-json\/wp\/v2\/tags?post=3873"}],"curies":[{"name":"wp","href":"https:\/\/api.w.org\/{rel}","templated":true}]}}