{"id":3893,"date":"2016-03-24T13:47:35","date_gmt":"2016-03-24T11:47:35","guid":{"rendered":"https:\/\/blog.olimar.de\/?p=3893"},"modified":"2022-07-13T11:38:32","modified_gmt":"2022-07-13T10:38:32","slug":"wie-portugiesen-urlaub-machen","status":"publish","type":"post","link":"https:\/\/blog.olimar.de\/wie-portugiesen-urlaub-machen\/","title":{"rendered":"Wie Portugiesen Urlaub machen"},"content":{"rendered":"\n<p><strong>Unsere Autorin Christina Zacker lebt seit einigen Jahren im Hinterland der Algarve, im Monchique-Gebirge. Von dort schickt sie uns regelm\u00e4\u00dfig Geschichten, die uns zum Schmunzeln bringen und uns einen kurzweiligen Einblick in das portugiesische Leben und den Alltag dort geben. Diesmal verr\u00e4t sie uns, wie Portugiesen Urlaub machen.<\/strong><\/p>\n\n\n\n<div class=\"wp-block-buttons is-layout-flex wp-block-buttons-is-layout-flex\">\n<div class=\"wp-block-button\"><a class=\"wp-block-button__link\" href=\"https:\/\/www.olimar.de\/portugal\/algarve\/\" target=\"_blank\" rel=\"noreferrer noopener\">Algarve Reiseangebote und Hoteltipps entdecken<\/a><\/div>\n<\/div>\n\n\n<p style=\"text-align: justify;\">Die Zeitungsfrau am <em>Quiosque<\/em> gibt zwei Wochen vorher Bescheid: \u201eSenhora, wir haben bald geschlossen \u2013 Urlaub!\u201c Der Postbote teilt ebenfalls mit: \u201eAb n\u00e4chste Woche kommt dann ein Kollege \u2013 ich habe Urlaub!\u201c Genauso ist\u2018s beim <em>Talho<\/em> und im Caf\u00e9 um die Ecke, wo ich meinen morgendlichen <em>M<\/em>eia de leite trinke. Nat\u00fcrlich frage ich freundlich nach: \u201eUnd wohin geht es denn?\u201c Die Antwort: \u201eAn die Algarve!\u201c Zumindest war das immer so, als ich noch im Gro\u00dfraum Lissabon wohnte.<\/p>\n<p style=\"text-align: justify;\">Jetzt an der Algarve ist es allerdings nicht anders. Ich frage grinsend: \u201eUnd wo geht\u2019s hin \u2013 an die Algarve?\u201c Zeitungsfrau und Postbote grinsen zur\u00fcck und murmeln irgendetwas von Strand und K\u00fcste und nat\u00fcrlich Familie. Denn jeder wei\u00df: Wenn der Portugiese urlaubt, dann tut er das in zwei Etappen. Eine davon an der S\u00fcdk\u00fcste, die andere \u201edaheim\u201c. Wobei \u201edaheim\u201c auf dem eigenen Balkon bzw. am n\u00e4chstgelegenen Strandabschnitt sein kann. Oder aber \u2013 wenn man von \u201eausw\u00e4rts\u201c zugezogen ist \u2013 eben das Heimatdorf, wo noch der Gro\u00dfteil der Familie und weitl\u00e4ufigen Verwandtschaft lebt, und deren Besuch jeden Sommer heilige Pflicht ist.<\/p>\n<h2>Portugiesen im Ausland kommen im Sommer zur\u00fcck<\/h2>\n<p style=\"text-align: justify;\">Portugiesen im Ausland halten es ebenso: Die Ferien werden \u201edaheim\u201c verbracht, und das ist selbstverst\u00e4ndlich: Portugal. Deshalb machen sich Jahr f\u00fcr Jahr, Sommer f\u00fcr Sommer, hundertausende Portugiesen ab Ende Juli, sp\u00e4testens aber im August auf den Weg \u2013 von Nord nach S\u00fcd, von S\u00fcd nach Nord. Als \u201eschlimmste Zeit\u201c gilt die dritte Augustwoche: Da werden n\u00e4mlich Standort und Quartier gewechselt; die erste portugiesische Urlaubswelle ist auf der R\u00fcckfahrt, die zweite kommt eben an der <a href=\"https:\/\/www.olimar.de\/blog\/das-hinterland-der-algarve\/\" target=\"_blank\" rel=\"noopener\">Algarve<\/a> an. Kein Wunder also, dass im August in Portugal alles \u00fcberf\u00fcllt ist. An den Str\u00e4nden des S\u00fcdens ebenso wie rings an um die gro\u00dfen St\u00e4dte Lissabon und Porto.<\/p>\n<p style=\"text-align: justify;\">Vor allem aus Frankreich reisen die Emigrantes an, denen man nachsagt, sie seien nicht nur arrogant gegen\u00fcber den \u201eechten\u201c Einheimischen, sondern sie w\u00fcrden sich angeblich sogar extra f\u00fcr den Urlaub in der Heimat ein besonders tolles Auto mieten. Damit sie zeigen k\u00f6nnen, dass sie es in der Fremde zu etwas gebracht haben.<\/p>\n<h2>Portugiesen reisen nur selten ins Ausland<\/h2>\n<p style=\"text-align: justify;\">\u00dcbrigens leisten sich auch die einheimischen Portugiesen nur selten den Urlaub im Ausland, sondern sie bleiben in der Mehrzahl im Lande. Wenn man mal in die Fremde f\u00e4hrt, dann vielleicht nach Spanien, Gro\u00dfbritannien, Frankreich oder Italien. Tja, die Portugiesen wissen eben ganz genau: Ihr Land ist einfach das sch\u00f6nste der Welt. Es gibt einfach keinen Grund, woandershin zu fahren.<\/p>\n<p style=\"text-align: justify;\">Und genau das best\u00e4tigen auch die Millionen Besucher, die jedes Jahr nach Portugal kommen.<\/p>\n\n\n<div class=\"wp-block-buttons is-layout-flex wp-block-buttons-is-layout-flex\">\n<div class=\"wp-block-button\"><a class=\"wp-block-button__link\" href=\"https:\/\/www.olimar.de\/hotellistung\/\" target=\"_blank\" rel=\"noreferrer noopener\">Jetzt Urlaubsangebote finden und buchen<\/a><\/div>\n<\/div>\n\n\n","protected":false},"excerpt":{"rendered":"<p>Wie Portugiesen Urlaub machen, wei\u00df Christina Zacker. Sie lebt im Hinterland der Algarve und gew\u00e4hrt Einblicke in das portugiesische Leben.<\/p>\n","protected":false},"author":11,"featured_media":3898,"comment_status":"open","ping_status":"open","sticky":false,"template":"","format":"standard","meta":{"_crdt_document":"","_lmt_disableupdate":"","_lmt_disable":"","footnotes":""},"categories":[31],"tags":[24,34,20,287],"class_list":["post-3893","post","type-post","status-publish","format-standard","has-post-thumbnail","hentry","category-land-leute","tag-algarve","tag-portugal","tag-slider","tag-urlaub"],"yoast_head":"<!-- This site is optimized with the Yoast SEO plugin v26.9 - https:\/\/yoast.com\/product\/yoast-seo-wordpress\/ -->\n<title>Wie Portugiesen Urlaub machen<\/title>\n<meta name=\"description\" content=\"Wie Portugiesen Urlaub machen, wei\u00df Christina Zacker. Sie lebt im Hinterland der Algarve und gew\u00e4hrt Einblicke in das portugiesische Leben.\" \/>\n<meta name=\"robots\" content=\"index, follow, max-snippet:-1, max-image-preview:large, max-video-preview:-1\" \/>\n<link rel=\"canonical\" href=\"https:\/\/blog.olimar.de\/wie-portugiesen-urlaub-machen\/\" \/>\n<meta property=\"og:locale\" content=\"de_DE\" \/>\n<meta property=\"og:type\" content=\"article\" \/>\n<meta property=\"og:title\" content=\"Wie Portugiesen Urlaub machen\" \/>\n<meta property=\"og:description\" content=\"Wie Portugiesen Urlaub machen, wei\u00df Christina Zacker. Sie lebt im Hinterland der Algarve und gew\u00e4hrt Einblicke in das portugiesische Leben.\" \/>\n<meta property=\"og:url\" content=\"https:\/\/blog.olimar.de\/wie-portugiesen-urlaub-machen\/\" \/>\n<meta property=\"article:publisher\" content=\"https:\/\/www.facebook.com\/OlimarReisen\" \/>\n<meta property=\"article:published_time\" content=\"2016-03-24T11:47:35+00:00\" \/>\n<meta property=\"article:modified_time\" content=\"2022-07-13T10:38:32+00:00\" \/>\n<meta property=\"og:image\" content=\"https:\/\/blog.olimar.de\/wp-content\/uploads\/2016\/03\/Carvoeiro.jpg\" \/>\n\t<meta property=\"og:image:width\" content=\"3072\" \/>\n\t<meta property=\"og:image:height\" content=\"2304\" \/>\n\t<meta property=\"og:image:type\" content=\"image\/jpeg\" \/>\n<meta name=\"author\" content=\"Christina Zacker\" \/>\n<meta name=\"twitter:label1\" content=\"Verfasst von\" \/>\n\t<meta name=\"twitter:data1\" content=\"Christina Zacker\" \/>\n\t<meta name=\"twitter:label2\" content=\"Gesch\u00e4tzte Lesezeit\" \/>\n\t<meta name=\"twitter:data2\" content=\"3\u00a0Minuten\" \/>\n<script type=\"application\/ld+json\" class=\"yoast-schema-graph\">{\"@context\":\"https:\/\/schema.org\",\"@graph\":[{\"@type\":\"WebPage\",\"@id\":\"https:\/\/blog.olimar.de\/wie-portugiesen-urlaub-machen\/\",\"url\":\"https:\/\/blog.olimar.de\/wie-portugiesen-urlaub-machen\/\",\"name\":\"Wie Portugiesen Urlaub machen\",\"isPartOf\":{\"@id\":\"https:\/\/blog.olimar.de\/#website\"},\"primaryImageOfPage\":{\"@id\":\"https:\/\/blog.olimar.de\/wie-portugiesen-urlaub-machen\/#primaryimage\"},\"image\":{\"@id\":\"https:\/\/blog.olimar.de\/wie-portugiesen-urlaub-machen\/#primaryimage\"},\"thumbnailUrl\":\"https:\/\/blog.olimar.de\/wp-content\/uploads\/2016\/03\/Carvoeiro.jpg\",\"datePublished\":\"2016-03-24T11:47:35+00:00\",\"dateModified\":\"2022-07-13T10:38:32+00:00\",\"description\":\"Wie Portugiesen Urlaub machen, wei\u00df Christina Zacker. Sie lebt im Hinterland der Algarve und gew\u00e4hrt Einblicke in das portugiesische Leben.\",\"breadcrumb\":{\"@id\":\"https:\/\/blog.olimar.de\/wie-portugiesen-urlaub-machen\/#breadcrumb\"},\"inLanguage\":\"de\",\"potentialAction\":[{\"@type\":\"ReadAction\",\"target\":[\"https:\/\/blog.olimar.de\/wie-portugiesen-urlaub-machen\/\"]}]},{\"@type\":\"ImageObject\",\"inLanguage\":\"de\",\"@id\":\"https:\/\/blog.olimar.de\/wie-portugiesen-urlaub-machen\/#primaryimage\",\"url\":\"https:\/\/blog.olimar.de\/wp-content\/uploads\/2016\/03\/Carvoeiro.jpg\",\"contentUrl\":\"https:\/\/blog.olimar.de\/wp-content\/uploads\/2016\/03\/Carvoeiro.jpg\",\"width\":3072,\"height\":2304,\"caption\":\"Urlaub in Carvoeiro an der Algarve\"},{\"@type\":\"BreadcrumbList\",\"@id\":\"https:\/\/blog.olimar.de\/wie-portugiesen-urlaub-machen\/#breadcrumb\",\"itemListElement\":[{\"@type\":\"ListItem\",\"position\":1,\"name\":\"Home\",\"item\":\"https:\/\/blog.olimar.de\/\"},{\"@type\":\"ListItem\",\"position\":2,\"name\":\"Algarve\",\"item\":\"https:\/\/blog.olimar.de\/tag\/algarve\/\"},{\"@type\":\"ListItem\",\"position\":3,\"name\":\"Wie Portugiesen Urlaub machen\"}]},{\"@type\":\"WebSite\",\"@id\":\"https:\/\/blog.olimar.de\/#website\",\"url\":\"https:\/\/blog.olimar.de\/\",\"name\":\"OLIMAR.com\",\"description\":\"\",\"publisher\":{\"@id\":\"https:\/\/blog.olimar.de\/#organization\"},\"potentialAction\":[{\"@type\":\"SearchAction\",\"target\":{\"@type\":\"EntryPoint\",\"urlTemplate\":\"https:\/\/blog.olimar.de\/?s={search_term_string}\"},\"query-input\":{\"@type\":\"PropertyValueSpecification\",\"valueRequired\":true,\"valueName\":\"search_term_string\"}}],\"inLanguage\":\"de\"},{\"@type\":\"Organization\",\"@id\":\"https:\/\/blog.olimar.de\/#organization\",\"name\":\"OLIMAR Reisen\",\"url\":\"https:\/\/blog.olimar.de\/\",\"logo\":{\"@type\":\"ImageObject\",\"inLanguage\":\"de\",\"@id\":\"https:\/\/blog.olimar.de\/#\/schema\/logo\/image\/\",\"url\":\"https:\/\/blog.olimar.de\/wp-content\/uploads\/2021\/01\/OLIMAR_Logo_COLOR.png\",\"contentUrl\":\"https:\/\/blog.olimar.de\/wp-content\/uploads\/2021\/01\/OLIMAR_Logo_COLOR.png\",\"width\":2000,\"height\":986,\"caption\":\"OLIMAR Reisen\"},\"image\":{\"@id\":\"https:\/\/blog.olimar.de\/#\/schema\/logo\/image\/\"},\"sameAs\":[\"https:\/\/www.facebook.com\/OlimarReisen\",\"https:\/\/x.com\/olimarrreisen\",\"https:\/\/www.instagram.com\/olimarreisen\",\"https:\/\/www.youtube.com\/user\/olimarreisen\"]}]}<\/script>\n<!-- \/ Yoast SEO plugin. -->","yoast_head_json":{"title":"Wie Portugiesen Urlaub machen","description":"Wie Portugiesen Urlaub machen, wei\u00df Christina Zacker. Sie lebt im Hinterland der Algarve und gew\u00e4hrt Einblicke in das portugiesische Leben.","robots":{"index":"index","follow":"follow","max-snippet":"max-snippet:-1","max-image-preview":"max-image-preview:large","max-video-preview":"max-video-preview:-1"},"canonical":"https:\/\/blog.olimar.de\/wie-portugiesen-urlaub-machen\/","og_locale":"de_DE","og_type":"article","og_title":"Wie Portugiesen Urlaub machen","og_description":"Wie Portugiesen Urlaub machen, wei\u00df Christina Zacker. Sie lebt im Hinterland der Algarve und gew\u00e4hrt Einblicke in das portugiesische Leben.","og_url":"https:\/\/blog.olimar.de\/wie-portugiesen-urlaub-machen\/","article_publisher":"https:\/\/www.facebook.com\/OlimarReisen","article_published_time":"2016-03-24T11:47:35+00:00","article_modified_time":"2022-07-13T10:38:32+00:00","og_image":[{"width":3072,"height":2304,"url":"https:\/\/blog.olimar.de\/wp-content\/uploads\/2016\/03\/Carvoeiro.jpg","type":"image\/jpeg"}],"author":"Christina Zacker","twitter_misc":{"Verfasst von":"Christina Zacker","Gesch\u00e4tzte Lesezeit":"3\u00a0Minuten"},"schema":{"@context":"https:\/\/schema.org","@graph":[{"@type":"WebPage","@id":"https:\/\/blog.olimar.de\/wie-portugiesen-urlaub-machen\/","url":"https:\/\/blog.olimar.de\/wie-portugiesen-urlaub-machen\/","name":"Wie Portugiesen Urlaub machen","isPartOf":{"@id":"https:\/\/blog.olimar.de\/#website"},"primaryImageOfPage":{"@id":"https:\/\/blog.olimar.de\/wie-portugiesen-urlaub-machen\/#primaryimage"},"image":{"@id":"https:\/\/blog.olimar.de\/wie-portugiesen-urlaub-machen\/#primaryimage"},"thumbnailUrl":"https:\/\/blog.olimar.de\/wp-content\/uploads\/2016\/03\/Carvoeiro.jpg","datePublished":"2016-03-24T11:47:35+00:00","dateModified":"2022-07-13T10:38:32+00:00","description":"Wie Portugiesen Urlaub machen, wei\u00df Christina Zacker. Sie lebt im Hinterland der Algarve und gew\u00e4hrt Einblicke in das portugiesische Leben.","breadcrumb":{"@id":"https:\/\/blog.olimar.de\/wie-portugiesen-urlaub-machen\/#breadcrumb"},"inLanguage":"de","potentialAction":[{"@type":"ReadAction","target":["https:\/\/blog.olimar.de\/wie-portugiesen-urlaub-machen\/"]}]},{"@type":"ImageObject","inLanguage":"de","@id":"https:\/\/blog.olimar.de\/wie-portugiesen-urlaub-machen\/#primaryimage","url":"https:\/\/blog.olimar.de\/wp-content\/uploads\/2016\/03\/Carvoeiro.jpg","contentUrl":"https:\/\/blog.olimar.de\/wp-content\/uploads\/2016\/03\/Carvoeiro.jpg","width":3072,"height":2304,"caption":"Urlaub in Carvoeiro an der Algarve"},{"@type":"BreadcrumbList","@id":"https:\/\/blog.olimar.de\/wie-portugiesen-urlaub-machen\/#breadcrumb","itemListElement":[{"@type":"ListItem","position":1,"name":"Home","item":"https:\/\/blog.olimar.de\/"},{"@type":"ListItem","position":2,"name":"Algarve","item":"https:\/\/blog.olimar.de\/tag\/algarve\/"},{"@type":"ListItem","position":3,"name":"Wie Portugiesen Urlaub machen"}]},{"@type":"WebSite","@id":"https:\/\/blog.olimar.de\/#website","url":"https:\/\/blog.olimar.de\/","name":"OLIMAR.com","description":"","publisher":{"@id":"https:\/\/blog.olimar.de\/#organization"},"potentialAction":[{"@type":"SearchAction","target":{"@type":"EntryPoint","urlTemplate":"https:\/\/blog.olimar.de\/?s={search_term_string}"},"query-input":{"@type":"PropertyValueSpecification","valueRequired":true,"valueName":"search_term_string"}}],"inLanguage":"de"},{"@type":"Organization","@id":"https:\/\/blog.olimar.de\/#organization","name":"OLIMAR Reisen","url":"https:\/\/blog.olimar.de\/","logo":{"@type":"ImageObject","inLanguage":"de","@id":"https:\/\/blog.olimar.de\/#\/schema\/logo\/image\/","url":"https:\/\/blog.olimar.de\/wp-content\/uploads\/2021\/01\/OLIMAR_Logo_COLOR.png","contentUrl":"https:\/\/blog.olimar.de\/wp-content\/uploads\/2021\/01\/OLIMAR_Logo_COLOR.png","width":2000,"height":986,"caption":"OLIMAR Reisen"},"image":{"@id":"https:\/\/blog.olimar.de\/#\/schema\/logo\/image\/"},"sameAs":["https:\/\/www.facebook.com\/OlimarReisen","https:\/\/x.com\/olimarrreisen","https:\/\/www.instagram.com\/olimarreisen","https:\/\/www.youtube.com\/user\/olimarreisen"]}]}},"modified_by":"Julia Windh\u00f6vel","jetpack_featured_media_url":"https:\/\/blog.olimar.de\/wp-content\/uploads\/2016\/03\/Carvoeiro.jpg","_links":{"self":[{"href":"https:\/\/blog.olimar.de\/wp-json\/wp\/v2\/posts\/3893","targetHints":{"allow":["GET"]}}],"collection":[{"href":"https:\/\/blog.olimar.de\/wp-json\/wp\/v2\/posts"}],"about":[{"href":"https:\/\/blog.olimar.de\/wp-json\/wp\/v2\/types\/post"}],"author":[{"embeddable":true,"href":"https:\/\/blog.olimar.de\/wp-json\/wp\/v2\/users\/11"}],"replies":[{"embeddable":true,"href":"https:\/\/blog.olimar.de\/wp-json\/wp\/v2\/comments?post=3893"}],"version-history":[{"count":11,"href":"https:\/\/blog.olimar.de\/wp-json\/wp\/v2\/posts\/3893\/revisions"}],"predecessor-version":[{"id":19181,"href":"https:\/\/blog.olimar.de\/wp-json\/wp\/v2\/posts\/3893\/revisions\/19181"}],"wp:featuredmedia":[{"embeddable":true,"href":"https:\/\/blog.olimar.de\/wp-json\/wp\/v2\/media\/3898"}],"wp:attachment":[{"href":"https:\/\/blog.olimar.de\/wp-json\/wp\/v2\/media?parent=3893"}],"wp:term":[{"taxonomy":"category","embeddable":true,"href":"https:\/\/blog.olimar.de\/wp-json\/wp\/v2\/categories?post=3893"},{"taxonomy":"post_tag","embeddable":true,"href":"https:\/\/blog.olimar.de\/wp-json\/wp\/v2\/tags?post=3893"}],"curies":[{"name":"wp","href":"https:\/\/api.w.org\/{rel}","templated":true}]}}