{"id":3900,"date":"2016-03-11T17:06:16","date_gmt":"2016-03-11T15:06:16","guid":{"rendered":"https:\/\/blog.olimar.de\/?p=3900"},"modified":"2016-09-02T17:25:09","modified_gmt":"2016-09-02T15:25:09","slug":"portugal-urlaubslektuere","status":"publish","type":"post","link":"https:\/\/blog.olimar.de\/portugal-urlaubslektuere\/","title":{"rendered":"Portugal Urlaubslekt\u00fcre &#8211; Neu und f\u00fcr Sie entdeckt!"},"content":{"rendered":"<h3><strong><img loading=\"lazy\" decoding=\"async\" class=\"alignleft wp-image-5570\" src=\"https:\/\/blog.olimar.de\/wp-content\/uploads\/2016\/08\/GanymedKorkeselCover350x500.jpg\" alt=\"Korksessel &amp; Sardinenbl\u00fcte - Reisen Portugal -  Buch - Tipp Olimar Reisen\" width=\"211\" height=\"300\" srcset=\"https:\/\/blog.olimar.de\/wp-content\/uploads\/2016\/08\/GanymedKorkeselCover350x500.jpg 351w, https:\/\/blog.olimar.de\/wp-content\/uploads\/2016\/08\/GanymedKorkeselCover350x500-211x300.jpg 211w\" sizes=\"auto, (max-width: 211px) 100vw, 211px\" \/>&#8220;Korkesel und Sardinenbl\u00fcte &#8211; Das Handbuch f\u00fcr den Urlaub in Portugal&#8221;<\/strong><\/h3>\n<p>Portugiesen benehmen sich \u00f6fters anders als man denkt, das stellt die deutsche Auswanderin Christina Zacker in ihrer neuen Heimat immer wieder gern fest. In ihrem j\u00fcngsten Werk erz\u00e4hlt sie uns aus ihrem Anekdoten reichen Leben an der Algarve. Empfehlenswert f\u00fcr diejenigen Urlauber, die sich nicht nur f\u00fcr die herrlichen Str\u00e4nde und Attraktionen in den Touristenzentren interessieren, sondern Land und Leute kennen lernen und vor allem verstehen wollen.<\/p>\n<p>Schon entdeckt? Die Autorin Christina Zacker ist auch regelm\u00e4\u00dfige Verfasserin <a href=\"https:\/\/blog.olimar.de\/author\/christina-z\/\">interessanter und am\u00fcsanter Beitr\u00e4ge in unserem Sonnenseiten-Magazin<\/a>.<\/p>\n<p>Taschenbuch, 292 Seiten<br \/>\nErstausgabe September 2015<br \/>\nISBN 978-3-946223-02-3<br \/>\n12 \u20ac<\/p>\n<p>&nbsp;<\/p>\n<h3><strong><img loading=\"lazy\" decoding=\"async\" class=\"alignleft wp-image-3907\" src=\"https:\/\/blog.olimar.de\/wp-content\/uploads\/2016\/03\/Douro_Magazin-221x300.jpg\" alt=\"Douro_Magazin\" width=\"189\" height=\"256\" srcset=\"https:\/\/blog.olimar.de\/wp-content\/uploads\/2016\/03\/Douro_Magazin-221x300.jpg 221w, https:\/\/blog.olimar.de\/wp-content\/uploads\/2016\/03\/Douro_Magazin-768x1041.jpg 768w, https:\/\/blog.olimar.de\/wp-content\/uploads\/2016\/03\/Douro_Magazin-755x1024.jpg 755w\" sizes=\"auto, (max-width: 189px) 100vw, 189px\" \/>&#8220;Porto und Douro Magazin&#8221;<\/strong><\/h3>\n<p>Aus Liebe und Leidenschaft zur nordportugiesischen Douro-Region ist jetzt das erste deutschsprachige Reise- und Genussmagazin f\u00fcr diesen Teil Portugals entstanden. Die Ausgabe eins pr\u00e4sentiert<br \/>\nInsider-Tipps f\u00fcr das Douro-Tal und wartet mit jeder Menge Wissenswertem rund um Wein, Portwein und die einfache, aber ehrliche K\u00fcche Nordportugals auf. Wein- und Reise-Interessierte erhalten auf der Seite <a href=\"http:\/\/porto-und-douro.de\" target=\"_blank\">porto-und-douro.de<\/a> einen ersten Eindruck der sch\u00f6nen Douro-Region. Das 60 Seiten starke Heft ist im Zeitschriften- und Online-Handel sowie bei zahlreichen Weinh\u00e4ndlern erh\u00e4ltlich.<\/p>\n<p>Erstausgabe M\u00e4rz 2016<br \/>\n7,90 \u20ac<\/p>\n<p>&nbsp;<\/p>\n<h3><strong><img loading=\"lazy\" decoding=\"async\" class=\"alignleft wp-image-3908\" src=\"https:\/\/blog.olimar.de\/wp-content\/uploads\/2016\/03\/Cover-PW-Portugal-210x300.jpg\" alt=\"Cover PW Portugal\" width=\"198\" height=\"283\" srcset=\"https:\/\/blog.olimar.de\/wp-content\/uploads\/2016\/03\/Cover-PW-Portugal-210x300.jpg 210w, https:\/\/blog.olimar.de\/wp-content\/uploads\/2016\/03\/Cover-PW-Portugal-768x1098.jpg 768w, https:\/\/blog.olimar.de\/wp-content\/uploads\/2016\/03\/Cover-PW-Portugal-716x1024.jpg 716w, https:\/\/blog.olimar.de\/wp-content\/uploads\/2016\/03\/Cover-PW-Portugal.jpg 1794w\" sizes=\"auto, (max-width: 198px) 100vw, 198px\" \/>&#8220;Eine perfekte Woche in Portugal&#8221;<\/strong><\/h3>\n<p>Traumhafte Str\u00e4nde, pr\u00e4mierte Restaurants, einmalige Hotels und zahlreiche Ausfl\u00fcge zu historischen Schaupl\u00e4tzen: Aus der Edition der S\u00fcddeutschen Zeitung geht nun auch ein Reisehandbuch f\u00fcr Portugal hervor. Gro\u00dfz\u00fcgig bebildert und mit einigen Tipps gespickt, entdeckt man so manch neue Empfehlung f\u00fcr den Urlaub in Portugal.<\/p>\n<p>Klappenbrosch\u00fcre, 240 Seiten<br \/>\nErstausgabe November 2015<br \/>\nISBN 978-3-86497-292-8<br \/>\n16,90 \u20ac (D), 17,40 \u20ac (A)<\/p>\n<p>&nbsp;<\/p>\n","protected":false},"excerpt":{"rendered":"<p>&#8220;Korkesel und Sardinenbl\u00fcte &#8211; Das Handbuch f\u00fcr den Urlaub in Portugal&#8221; Portugiesen benehmen sich \u00f6fters anders als man denkt, das stellt die deutsche Auswanderin Christina Zacker in ihrer neuen Heimat immer wieder gern fest. In ihrem j\u00fcngsten Werk erz\u00e4hlt sie uns aus ihrem Anekdoten reichen Leben an der Algarve. Empfehlenswert f\u00fcr diejenigen Urlauber, die sich nicht nur f\u00fcr die herrlichen Str\u00e4nde und Attraktionen in den Touristenzentren interessieren, sondern Land und Leute kennen lernen und vor allem verstehen wollen. Schon entdeckt? Die Autorin Christina Zacker ist auch regelm\u00e4\u00dfige Verfasserin interessanter und am\u00fcsanter Beitr\u00e4ge in unserem Sonnenseiten-Magazin. Taschenbuch, 292 Seiten Erstausgabe September 2015 &hellip;<\/p>\n","protected":false},"author":9,"featured_media":3910,"comment_status":"open","ping_status":"open","sticky":false,"template":"","format":"standard","meta":{"_crdt_document":"","_lmt_disableupdate":"","_lmt_disable":"","footnotes":""},"categories":[28,31],"tags":[34],"class_list":["post-3900","post","type-post","status-publish","format-standard","has-post-thumbnail","hentry","category-kunst-kultur","category-land-leute","tag-portugal"],"yoast_head":"<!-- This site is optimized with the Yoast SEO plugin v26.9 - https:\/\/yoast.com\/product\/yoast-seo-wordpress\/ -->\n<title>3 Tipps f\u00fcr Ihre Portugal-Urlaubslekt\u00fcre! Sonnenseiten Blog<\/title>\n<meta name=\"description\" content=\"Wir haben f\u00fcr Sie drei tolle Tipps f\u00fcr Ihre Urlaubslekt\u00fcre im Portugal-Urlaub zusammengestellt. \u2600 Hier klicken und mehr lesen. \u2708\" \/>\n<meta name=\"robots\" content=\"index, follow, max-snippet:-1, max-image-preview:large, max-video-preview:-1\" \/>\n<link rel=\"canonical\" href=\"https:\/\/blog.olimar.de\/portugal-urlaubslektuere\/\" \/>\n<meta property=\"og:locale\" content=\"de_DE\" \/>\n<meta property=\"og:type\" content=\"article\" \/>\n<meta property=\"og:title\" content=\"3 Tipps f\u00fcr Ihre Portugal-Urlaubslekt\u00fcre! Sonnenseiten Blog\" \/>\n<meta property=\"og:description\" content=\"Wir haben f\u00fcr Sie drei tolle Tipps f\u00fcr Ihre Urlaubslekt\u00fcre im Portugal-Urlaub zusammengestellt. \u2600 Hier klicken und mehr lesen. \u2708\" \/>\n<meta property=\"og:url\" content=\"https:\/\/blog.olimar.de\/portugal-urlaubslektuere\/\" \/>\n<meta property=\"article:publisher\" content=\"https:\/\/www.facebook.com\/OlimarReisen\" \/>\n<meta property=\"article:published_time\" content=\"2016-03-11T15:06:16+00:00\" \/>\n<meta property=\"article:modified_time\" content=\"2016-09-02T15:25:09+00:00\" \/>\n<meta property=\"og:image\" content=\"https:\/\/i0.wp.com\/blog.olimar.de\/wp-content\/uploads\/2016\/03\/bag-801703_1280.jpg?fit=1280%2C853&ssl=1\" \/>\n\t<meta property=\"og:image:width\" content=\"1280\" \/>\n\t<meta property=\"og:image:height\" content=\"853\" \/>\n\t<meta property=\"og:image:type\" content=\"image\/jpeg\" \/>\n<meta name=\"author\" content=\"OLIMAR Redaktionsteam\" \/>\n<meta name=\"twitter:label1\" content=\"Verfasst von\" \/>\n\t<meta name=\"twitter:data1\" content=\"OLIMAR Redaktionsteam\" \/>\n\t<meta name=\"twitter:label2\" content=\"Gesch\u00e4tzte Lesezeit\" \/>\n\t<meta name=\"twitter:data2\" content=\"1\u00a0Minute\" \/>\n<script type=\"application\/ld+json\" class=\"yoast-schema-graph\">{\"@context\":\"https:\/\/schema.org\",\"@graph\":[{\"@type\":\"WebPage\",\"@id\":\"https:\/\/blog.olimar.de\/portugal-urlaubslektuere\/\",\"url\":\"https:\/\/blog.olimar.de\/portugal-urlaubslektuere\/\",\"name\":\"3 Tipps f\u00fcr Ihre Portugal-Urlaubslekt\u00fcre! Sonnenseiten Blog\",\"isPartOf\":{\"@id\":\"https:\/\/blog.olimar.de\/#website\"},\"primaryImageOfPage\":{\"@id\":\"https:\/\/blog.olimar.de\/portugal-urlaubslektuere\/#primaryimage\"},\"image\":{\"@id\":\"https:\/\/blog.olimar.de\/portugal-urlaubslektuere\/#primaryimage\"},\"thumbnailUrl\":\"https:\/\/blog.olimar.de\/wp-content\/uploads\/2016\/03\/bag-801703_1280.jpg\",\"datePublished\":\"2016-03-11T15:06:16+00:00\",\"dateModified\":\"2016-09-02T15:25:09+00:00\",\"description\":\"Wir haben f\u00fcr Sie drei tolle Tipps f\u00fcr Ihre Urlaubslekt\u00fcre im Portugal-Urlaub zusammengestellt. \u2600 Hier klicken und mehr lesen. \u2708\",\"breadcrumb\":{\"@id\":\"https:\/\/blog.olimar.de\/portugal-urlaubslektuere\/#breadcrumb\"},\"inLanguage\":\"de\",\"potentialAction\":[{\"@type\":\"ReadAction\",\"target\":[\"https:\/\/blog.olimar.de\/portugal-urlaubslektuere\/\"]}]},{\"@type\":\"ImageObject\",\"inLanguage\":\"de\",\"@id\":\"https:\/\/blog.olimar.de\/portugal-urlaubslektuere\/#primaryimage\",\"url\":\"https:\/\/blog.olimar.de\/wp-content\/uploads\/2016\/03\/bag-801703_1280.jpg\",\"contentUrl\":\"https:\/\/blog.olimar.de\/wp-content\/uploads\/2016\/03\/bag-801703_1280.jpg\",\"width\":1280,\"height\":853,\"caption\":\"Tasche Buch Urlaubslekt\u00fcre Tipps Sonnenbrille\"},{\"@type\":\"BreadcrumbList\",\"@id\":\"https:\/\/blog.olimar.de\/portugal-urlaubslektuere\/#breadcrumb\",\"itemListElement\":[{\"@type\":\"ListItem\",\"position\":1,\"name\":\"Home\",\"item\":\"https:\/\/blog.olimar.de\/\"},{\"@type\":\"ListItem\",\"position\":2,\"name\":\"Portugal\",\"item\":\"https:\/\/blog.olimar.de\/tag\/portugal\/\"},{\"@type\":\"ListItem\",\"position\":3,\"name\":\"Portugal Urlaubslekt\u00fcre &#8211; Neu und f\u00fcr Sie entdeckt!\"}]},{\"@type\":\"WebSite\",\"@id\":\"https:\/\/blog.olimar.de\/#website\",\"url\":\"https:\/\/blog.olimar.de\/\",\"name\":\"OLIMAR.com\",\"description\":\"\",\"publisher\":{\"@id\":\"https:\/\/blog.olimar.de\/#organization\"},\"potentialAction\":[{\"@type\":\"SearchAction\",\"target\":{\"@type\":\"EntryPoint\",\"urlTemplate\":\"https:\/\/blog.olimar.de\/?s={search_term_string}\"},\"query-input\":{\"@type\":\"PropertyValueSpecification\",\"valueRequired\":true,\"valueName\":\"search_term_string\"}}],\"inLanguage\":\"de\"},{\"@type\":\"Organization\",\"@id\":\"https:\/\/blog.olimar.de\/#organization\",\"name\":\"OLIMAR Reisen\",\"url\":\"https:\/\/blog.olimar.de\/\",\"logo\":{\"@type\":\"ImageObject\",\"inLanguage\":\"de\",\"@id\":\"https:\/\/blog.olimar.de\/#\/schema\/logo\/image\/\",\"url\":\"https:\/\/blog.olimar.de\/wp-content\/uploads\/2021\/01\/OLIMAR_Logo_COLOR.png\",\"contentUrl\":\"https:\/\/blog.olimar.de\/wp-content\/uploads\/2021\/01\/OLIMAR_Logo_COLOR.png\",\"width\":2000,\"height\":986,\"caption\":\"OLIMAR Reisen\"},\"image\":{\"@id\":\"https:\/\/blog.olimar.de\/#\/schema\/logo\/image\/\"},\"sameAs\":[\"https:\/\/www.facebook.com\/OlimarReisen\",\"https:\/\/x.com\/olimarrreisen\",\"https:\/\/www.instagram.com\/olimarreisen\",\"https:\/\/www.youtube.com\/user\/olimarreisen\"]}]}<\/script>\n<!-- \/ Yoast SEO plugin. -->","yoast_head_json":{"title":"3 Tipps f\u00fcr Ihre Portugal-Urlaubslekt\u00fcre! Sonnenseiten Blog","description":"Wir haben f\u00fcr Sie drei tolle Tipps f\u00fcr Ihre Urlaubslekt\u00fcre im Portugal-Urlaub zusammengestellt. \u2600 Hier klicken und mehr lesen. \u2708","robots":{"index":"index","follow":"follow","max-snippet":"max-snippet:-1","max-image-preview":"max-image-preview:large","max-video-preview":"max-video-preview:-1"},"canonical":"https:\/\/blog.olimar.de\/portugal-urlaubslektuere\/","og_locale":"de_DE","og_type":"article","og_title":"3 Tipps f\u00fcr Ihre Portugal-Urlaubslekt\u00fcre! Sonnenseiten Blog","og_description":"Wir haben f\u00fcr Sie drei tolle Tipps f\u00fcr Ihre Urlaubslekt\u00fcre im Portugal-Urlaub zusammengestellt. \u2600 Hier klicken und mehr lesen. \u2708","og_url":"https:\/\/blog.olimar.de\/portugal-urlaubslektuere\/","article_publisher":"https:\/\/www.facebook.com\/OlimarReisen","article_published_time":"2016-03-11T15:06:16+00:00","article_modified_time":"2016-09-02T15:25:09+00:00","og_image":[{"width":1280,"height":853,"url":"https:\/\/i0.wp.com\/blog.olimar.de\/wp-content\/uploads\/2016\/03\/bag-801703_1280.jpg?fit=1280%2C853&ssl=1","type":"image\/jpeg"}],"author":"OLIMAR Redaktionsteam","twitter_misc":{"Verfasst von":"OLIMAR Redaktionsteam","Gesch\u00e4tzte Lesezeit":"1\u00a0Minute"},"schema":{"@context":"https:\/\/schema.org","@graph":[{"@type":"WebPage","@id":"https:\/\/blog.olimar.de\/portugal-urlaubslektuere\/","url":"https:\/\/blog.olimar.de\/portugal-urlaubslektuere\/","name":"3 Tipps f\u00fcr Ihre Portugal-Urlaubslekt\u00fcre! Sonnenseiten Blog","isPartOf":{"@id":"https:\/\/blog.olimar.de\/#website"},"primaryImageOfPage":{"@id":"https:\/\/blog.olimar.de\/portugal-urlaubslektuere\/#primaryimage"},"image":{"@id":"https:\/\/blog.olimar.de\/portugal-urlaubslektuere\/#primaryimage"},"thumbnailUrl":"https:\/\/blog.olimar.de\/wp-content\/uploads\/2016\/03\/bag-801703_1280.jpg","datePublished":"2016-03-11T15:06:16+00:00","dateModified":"2016-09-02T15:25:09+00:00","description":"Wir haben f\u00fcr Sie drei tolle Tipps f\u00fcr Ihre Urlaubslekt\u00fcre im Portugal-Urlaub zusammengestellt. \u2600 Hier klicken und mehr lesen. \u2708","breadcrumb":{"@id":"https:\/\/blog.olimar.de\/portugal-urlaubslektuere\/#breadcrumb"},"inLanguage":"de","potentialAction":[{"@type":"ReadAction","target":["https:\/\/blog.olimar.de\/portugal-urlaubslektuere\/"]}]},{"@type":"ImageObject","inLanguage":"de","@id":"https:\/\/blog.olimar.de\/portugal-urlaubslektuere\/#primaryimage","url":"https:\/\/blog.olimar.de\/wp-content\/uploads\/2016\/03\/bag-801703_1280.jpg","contentUrl":"https:\/\/blog.olimar.de\/wp-content\/uploads\/2016\/03\/bag-801703_1280.jpg","width":1280,"height":853,"caption":"Tasche Buch Urlaubslekt\u00fcre Tipps Sonnenbrille"},{"@type":"BreadcrumbList","@id":"https:\/\/blog.olimar.de\/portugal-urlaubslektuere\/#breadcrumb","itemListElement":[{"@type":"ListItem","position":1,"name":"Home","item":"https:\/\/blog.olimar.de\/"},{"@type":"ListItem","position":2,"name":"Portugal","item":"https:\/\/blog.olimar.de\/tag\/portugal\/"},{"@type":"ListItem","position":3,"name":"Portugal Urlaubslekt\u00fcre &#8211; Neu und f\u00fcr Sie entdeckt!"}]},{"@type":"WebSite","@id":"https:\/\/blog.olimar.de\/#website","url":"https:\/\/blog.olimar.de\/","name":"OLIMAR.com","description":"","publisher":{"@id":"https:\/\/blog.olimar.de\/#organization"},"potentialAction":[{"@type":"SearchAction","target":{"@type":"EntryPoint","urlTemplate":"https:\/\/blog.olimar.de\/?s={search_term_string}"},"query-input":{"@type":"PropertyValueSpecification","valueRequired":true,"valueName":"search_term_string"}}],"inLanguage":"de"},{"@type":"Organization","@id":"https:\/\/blog.olimar.de\/#organization","name":"OLIMAR Reisen","url":"https:\/\/blog.olimar.de\/","logo":{"@type":"ImageObject","inLanguage":"de","@id":"https:\/\/blog.olimar.de\/#\/schema\/logo\/image\/","url":"https:\/\/blog.olimar.de\/wp-content\/uploads\/2021\/01\/OLIMAR_Logo_COLOR.png","contentUrl":"https:\/\/blog.olimar.de\/wp-content\/uploads\/2021\/01\/OLIMAR_Logo_COLOR.png","width":2000,"height":986,"caption":"OLIMAR Reisen"},"image":{"@id":"https:\/\/blog.olimar.de\/#\/schema\/logo\/image\/"},"sameAs":["https:\/\/www.facebook.com\/OlimarReisen","https:\/\/x.com\/olimarrreisen","https:\/\/www.instagram.com\/olimarreisen","https:\/\/www.youtube.com\/user\/olimarreisen"]}]}},"modified_by":"Katharina","jetpack_featured_media_url":"https:\/\/blog.olimar.de\/wp-content\/uploads\/2016\/03\/bag-801703_1280.jpg","_links":{"self":[{"href":"https:\/\/blog.olimar.de\/wp-json\/wp\/v2\/posts\/3900","targetHints":{"allow":["GET"]}}],"collection":[{"href":"https:\/\/blog.olimar.de\/wp-json\/wp\/v2\/posts"}],"about":[{"href":"https:\/\/blog.olimar.de\/wp-json\/wp\/v2\/types\/post"}],"author":[{"embeddable":true,"href":"https:\/\/blog.olimar.de\/wp-json\/wp\/v2\/users\/9"}],"replies":[{"embeddable":true,"href":"https:\/\/blog.olimar.de\/wp-json\/wp\/v2\/comments?post=3900"}],"version-history":[{"count":10,"href":"https:\/\/blog.olimar.de\/wp-json\/wp\/v2\/posts\/3900\/revisions"}],"predecessor-version":[{"id":5700,"href":"https:\/\/blog.olimar.de\/wp-json\/wp\/v2\/posts\/3900\/revisions\/5700"}],"wp:featuredmedia":[{"embeddable":true,"href":"https:\/\/blog.olimar.de\/wp-json\/wp\/v2\/media\/3910"}],"wp:attachment":[{"href":"https:\/\/blog.olimar.de\/wp-json\/wp\/v2\/media?parent=3900"}],"wp:term":[{"taxonomy":"category","embeddable":true,"href":"https:\/\/blog.olimar.de\/wp-json\/wp\/v2\/categories?post=3900"},{"taxonomy":"post_tag","embeddable":true,"href":"https:\/\/blog.olimar.de\/wp-json\/wp\/v2\/tags?post=3900"}],"curies":[{"name":"wp","href":"https:\/\/api.w.org\/{rel}","templated":true}]}}