{"id":3913,"date":"2016-03-15T10:28:42","date_gmt":"2016-03-15T08:28:42","guid":{"rendered":"https:\/\/blog.olimar.de\/?p=3913"},"modified":"2023-01-01T15:21:44","modified_gmt":"2023-01-01T14:21:44","slug":"pueblos-blancos","status":"publish","type":"post","link":"https:\/\/blog.olimar.de\/pueblos-blancos\/","title":{"rendered":"Pueblos Blancos &#8211; die wei\u00dfen D\u00f6rfer Andalusiens"},"content":{"rendered":"\n<p><strong>Die wei\u00dfen D\u00f6rfer \u2013\u00a0<em>pueblos blancos\u00a0<\/em>auf spanisch \u2013 z\u00e4hlen zu den bekanntesten Sehensw\u00fcrdigkeiten\u00a0<a href=\"https:\/\/www.olimar.de\/spanien\/andalusien\/\" rel=\"noopener noreferrer\">Andalusiens<\/a>. Was sie auszeichnet, ist nicht nur ihr malerischer Anblick, sondern auch die Landschaft, in der sie sich befinden. Jedes einzelne Dorf hat seinen ganz eigenen Charme, mal durch einer Wasserm\u00fchle, mal durch eine Burg oder durch eine pr\u00e4chtige Gartenanlage gepr\u00e4gt.<\/strong><\/p>\n\n\n\n<div class=\"wp-block-buttons is-layout-flex wp-block-buttons-is-layout-flex\">\n<div class=\"wp-block-button\"><a class=\"wp-block-button__link wp-element-button\" href=\"https:\/\/www.olimar.de\/spanien\/andalusien\/\">Andalusien Reiseangebote und Hoteltipps entdecken<\/a><\/div>\n<\/div>\n\n\n\n<div style=\"height:25px\" aria-hidden=\"true\" class=\"wp-block-spacer\"><\/div>\n\n\n<p>Ich habe zwei D\u00f6rfer besucht, die trotz ihrer \u00f6rtlichen N\u00e4he sehr verschieden sind. Sie liegen nur 30 Kilometer von Ronda entfernt und sollten bei einer Rundreise unbedingt auf der Reiseroute stehen:<\/p>\n<h3><strong>Grazalema \u2013 ein Dorf wie gemalt<\/strong><\/h3>\n<p>Grazalema liegt eingebettet in die Sierra de Grazalama, einem faszinierenden Naturpark mit vielen Tier-und Pflanzenarten. Die strahlend wei\u00dfen H\u00e4user des Dorfes bilden einen wundersch\u00f6nen Kontrast zu den umliegenden Bergen. Bei meinem Rundgang durch den alten Ortskern ziehen die verwinkelten Gassen meine Aufmerksamkeit auf sich. Mal sto\u00dfe ich auf ein altes Waschhaus, mal entdecke ich einen h\u00fcbschen Brunnen oder eine imposante Statue.<\/p>\n<p><img loading=\"lazy\" decoding=\"async\" class=\"alignleft wp-image-3919 size-full\" src=\"https:\/\/blog.olimar.de\/wp-content\/uploads\/2016\/03\/Ausblick-auf-Grazalema.jpg\" alt=\"Ausblick auf Grazalema\" width=\"1000\" height=\"750\" srcset=\"https:\/\/blog.olimar.de\/wp-content\/uploads\/2016\/03\/Ausblick-auf-Grazalema.jpg 1000w, https:\/\/blog.olimar.de\/wp-content\/uploads\/2016\/03\/Ausblick-auf-Grazalema-300x225.jpg 300w, https:\/\/blog.olimar.de\/wp-content\/uploads\/2016\/03\/Ausblick-auf-Grazalema-768x576.jpg 768w\" sizes=\"auto, (max-width: 1000px) 100vw, 1000px\" \/><\/p>\n<p><img loading=\"lazy\" decoding=\"async\" class=\"alignleft wp-image-3920 size-full\" src=\"https:\/\/blog.olimar.de\/wp-content\/uploads\/2016\/03\/Brunnen-Grazalema.jpg\" alt=\"Brunnen Grazalema\" width=\"1000\" height=\"750\" srcset=\"https:\/\/blog.olimar.de\/wp-content\/uploads\/2016\/03\/Brunnen-Grazalema.jpg 1000w, https:\/\/blog.olimar.de\/wp-content\/uploads\/2016\/03\/Brunnen-Grazalema-300x225.jpg 300w, https:\/\/blog.olimar.de\/wp-content\/uploads\/2016\/03\/Brunnen-Grazalema-768x576.jpg 768w\" sizes=\"auto, (max-width: 1000px) 100vw, 1000px\" \/><\/p>\n<p>Au\u00dfer seinen sch\u00f6nen, alten Bauwerken hat Grazalema aber noch mehr zu bieten. Viele kleine Spezialit\u00e4tengesch\u00e4fte passen sich harmonisch und einladen in den Ort ein. Bio-Honig mit Pinienkernen, bestes Oliven\u00f6l, originelle Marmeladen aus Tomaten, Paprika, Feigen oder Orangen: Hier gibt es typische K\u00f6stlichkeiten aus der Region. Am Ortseingang von Grazalema befindet sich au\u00dferdem eine kleine K\u00e4serei, in der es leckeren Ziegen- und Schafk\u00e4se zu kaufen gibt.<\/p>\n<p><img loading=\"lazy\" decoding=\"async\" class=\"alignleft size-full wp-image-3921\" src=\"https:\/\/blog.olimar.de\/wp-content\/uploads\/2016\/03\/Gesch\u00e4fte-in-Grazalema.jpg\" alt=\"Gesch\u00e4fte in Grazalema\" width=\"1000\" height=\"750\" srcset=\"https:\/\/blog.olimar.de\/wp-content\/uploads\/2016\/03\/Gesch\u00e4fte-in-Grazalema.jpg 1000w, https:\/\/blog.olimar.de\/wp-content\/uploads\/2016\/03\/Gesch\u00e4fte-in-Grazalema-300x225.jpg 300w, https:\/\/blog.olimar.de\/wp-content\/uploads\/2016\/03\/Gesch\u00e4fte-in-Grazalema-768x576.jpg 768w\" sizes=\"auto, (max-width: 1000px) 100vw, 1000px\" \/><\/p>\n<p>Bei einer Tasse Kaffee in einer B\u00e4ckerei am Dorfplatz lasse ich meinen Rundgang gem\u00fctlich ausklingen, bevor es weiter in das n\u00e4chste wei\u00dfe Dorf geht.<\/p>\n<div id=\"attachment_3923\" style=\"width: 1010px\" class=\"wp-caption alignleft\"><img loading=\"lazy\" decoding=\"async\" aria-describedby=\"caption-attachment-3923\" class=\"size-full wp-image-3923\" src=\"https:\/\/blog.olimar.de\/wp-content\/uploads\/2016\/03\/Ausblick-von-Grazalema.jpg\" alt=\"Die herrliche Landschaft bei Grazalema\" width=\"1000\" height=\"750\" srcset=\"https:\/\/blog.olimar.de\/wp-content\/uploads\/2016\/03\/Ausblick-von-Grazalema.jpg 1000w, https:\/\/blog.olimar.de\/wp-content\/uploads\/2016\/03\/Ausblick-von-Grazalema-300x225.jpg 300w, https:\/\/blog.olimar.de\/wp-content\/uploads\/2016\/03\/Ausblick-von-Grazalema-768x576.jpg 768w\" sizes=\"auto, (max-width: 1000px) 100vw, 1000px\" \/><p id=\"caption-attachment-3923\" class=\"wp-caption-text\">Die herrliche Landschaft bei Grazalema<\/p><\/div>\n<h3>\u00a0<\/h3>\n<h3><strong>Zahara de la Sierra \u2013 ein Dorf am Hang<\/strong><\/h3>\n<p>Nur 14 Kilometer entfernt sieht die Landschaft vollkommen anders aus als noch kurz zuvor. Von diesem Bergdorf bietet sich ein weiter Ausblick \u00fcber den Stausee auf die umliegende Landschaft.<br \/>In Zahara de la Sierra, das an einen Hang gebaut ist, geht es h\u00fcgelig zu. Bei meinem Spaziergang zur maurischen Burg, die \u00fcber dem Ort thront, komme ich daher ins Schwitzen.<\/p>\n<p><img loading=\"lazy\" decoding=\"async\" class=\"alignleft size-full wp-image-3924\" src=\"https:\/\/blog.olimar.de\/wp-content\/uploads\/2016\/03\/Aufgang-zur-Burg.jpg\" alt=\"Aufgang zur Burg\" width=\"750\" height=\"1000\" srcset=\"https:\/\/blog.olimar.de\/wp-content\/uploads\/2016\/03\/Aufgang-zur-Burg.jpg 750w, https:\/\/blog.olimar.de\/wp-content\/uploads\/2016\/03\/Aufgang-zur-Burg-225x300.jpg 225w, https:\/\/blog.olimar.de\/wp-content\/uploads\/2016\/03\/Aufgang-zur-Burg-420x560.jpg 420w\" sizes=\"auto, (max-width: 750px) 100vw, 750px\" \/><br \/>Die f\u00fcnfzehnmin\u00fctige Anstrengung lohnt sich, denn der Weg f\u00fchrt durch eine Gartenanlage mit wei\u00dfbl\u00fchenden B\u00e4umen, gelben Blumen und gr\u00fcnen Kakteen.<\/p>\n<p>Fr\u00fchlingsgef\u00fchle im Winter, auch das ist Andalusien.<\/p>\n<p>Vom Dach der frei zug\u00e4nglichen Burg offenbart sich ein wundervoller Rundumblick. Heute tr\u00e4gt die Luft Sahara-Sand mit sich und ist diesig. Das verleiht der Landschaft jedoch etwas Besonderes und l\u00e4sst sie fast ein bisschen unwirklich erscheinen.<\/p>\n<p><img loading=\"lazy\" decoding=\"async\" class=\"alignleft size-full wp-image-3925\" src=\"https:\/\/blog.olimar.de\/wp-content\/uploads\/2016\/03\/Ausblick-aus-der-Burg.jpg\" alt=\"Ausblick aus der Burg\" width=\"750\" height=\"1000\" srcset=\"https:\/\/blog.olimar.de\/wp-content\/uploads\/2016\/03\/Ausblick-aus-der-Burg.jpg 750w, https:\/\/blog.olimar.de\/wp-content\/uploads\/2016\/03\/Ausblick-aus-der-Burg-225x300.jpg 225w, https:\/\/blog.olimar.de\/wp-content\/uploads\/2016\/03\/Ausblick-aus-der-Burg-420x560.jpg 420w\" sizes=\"auto, (max-width: 750px) 100vw, 750px\" \/><\/p>\n<p>Nach meinem Abstecher zum h\u00f6chsten Punkt des Dorfes schlendere ich nun durch die Gassen. Zu dieser Jahreszeit geht es andalusisch entspannt zu und man trifft nur wenige Besucher an. Genau richtig, um sich die wei\u00dfen D\u00f6rfer in aller Ruhe anzusehen und in das spanische Leben einzutauchen. Die herzliche Verk\u00e4uferin in der Panaderia, der B\u00e4ckerei, freut sich \u00fcber unseren Einkauf und erz\u00e4hlt begeistert von ihrer Nichte, die in Deutschland studiert.<\/p>\n<p><img loading=\"lazy\" decoding=\"async\" class=\"alignleft size-full wp-image-3927\" src=\"https:\/\/blog.olimar.de\/wp-content\/uploads\/2016\/03\/Gassen-Zahara-de-la-Sierra.jpg\" alt=\"Gassen Zahara de la Sierra\" width=\"750\" height=\"1000\" srcset=\"https:\/\/blog.olimar.de\/wp-content\/uploads\/2016\/03\/Gassen-Zahara-de-la-Sierra.jpg 750w, https:\/\/blog.olimar.de\/wp-content\/uploads\/2016\/03\/Gassen-Zahara-de-la-Sierra-225x300.jpg 225w, https:\/\/blog.olimar.de\/wp-content\/uploads\/2016\/03\/Gassen-Zahara-de-la-Sierra-420x560.jpg 420w\" sizes=\"auto, (max-width: 750px) 100vw, 750px\" \/> <img loading=\"lazy\" decoding=\"async\" class=\"alignleft size-full wp-image-3928\" src=\"https:\/\/blog.olimar.de\/wp-content\/uploads\/2016\/03\/Kirche-Zahara.jpg\" alt=\"Kirche Zahara\" width=\"750\" height=\"1000\" srcset=\"https:\/\/blog.olimar.de\/wp-content\/uploads\/2016\/03\/Kirche-Zahara.jpg 750w, https:\/\/blog.olimar.de\/wp-content\/uploads\/2016\/03\/Kirche-Zahara-225x300.jpg 225w, https:\/\/blog.olimar.de\/wp-content\/uploads\/2016\/03\/Kirche-Zahara-420x560.jpg 420w\" sizes=\"auto, (max-width: 750px) 100vw, 750px\" \/><\/p>\n<p><img loading=\"lazy\" decoding=\"async\" class=\"alignleft size-full wp-image-3926\" src=\"https:\/\/blog.olimar.de\/wp-content\/uploads\/2016\/03\/Dorfplatz-in-Zahara.jpg\" alt=\"Dorfplatz in Zahara\" width=\"1000\" height=\"750\" srcset=\"https:\/\/blog.olimar.de\/wp-content\/uploads\/2016\/03\/Dorfplatz-in-Zahara.jpg 1000w, https:\/\/blog.olimar.de\/wp-content\/uploads\/2016\/03\/Dorfplatz-in-Zahara-300x225.jpg 300w, https:\/\/blog.olimar.de\/wp-content\/uploads\/2016\/03\/Dorfplatz-in-Zahara-768x576.jpg 768w\" sizes=\"auto, (max-width: 1000px) 100vw, 1000px\" \/><\/p>\n<h3><strong>Die Route der Pueblos Blancos<\/strong><\/h3>\n<p>Die Route der Pueblos Blancos, der wei\u00dfen D\u00f6rfer, umfasst insgesamt 19 Orte. Grazalema und Zahara de la Sierra lassen sich zusammen ideal an einem Tag erkunden. F\u00fcr Wanderfreunde empfiehlt es sich jedoch, etwas mehr Zeit einzuplanen, um einen Abstecher in den Naturpark zu machen und sich zum Beispiel die Garganta Verde \u2013 die gr\u00fcne Schlucht \u2013 anzusehen.<br \/>Hinweis:<br \/>F\u00fcr den Besuch der Schlucht ist eine Genehmigung der Naturparkverwaltung notwendig. Diese erh\u00e4lt man im Informationszentrum von El Bosque (20 km von Grazalema).<\/p>\n<p>Andalusiens wei\u00dfe D\u00f6rfer sind mehr als nur idyllische Orte. Sie stehen f\u00fcr Tradition, Handwerk, Geschichte und Kultur. Und die abwechslungsreiche Landschaft gibt es gratis obendrauf.<\/p>\n<h3><strong>Rundreisen entlang der Pueblos Blancos von Andalusien<\/strong><\/h3>\n<p>Spanien-Spezialist OLIMAR Reisen hat einige individuelle und auch gef\u00fchrte Rund- und Erlebnisreisen im Programm, die teilweise an den Pueblos Blancos entlangf\u00fchren. Beispielsweise:<\/p>\n<p><a href=\"https:\/\/rms.olimar.de\/code\/AGPR30\" rel=\"noopener noreferrer\">Andalusisches Mosaik:<\/a> Auf dieser 14-t\u00e4gigen, individuellen Mietwagen-Rundreise lernen Sie Andalusiens Highlights besonders intensiv kennen. Sie haben die Wahl zwischen vier unterschiedlichen Produkt- und Preiskategorien. Die Economy-Variante beginnt bereits ab 669 \u20ac p.P.<\/p>\n<p>Andalusien mit allen Sinnen: Eine Woche lang erkunden Sie mit dem Mietwagen Rondas Bergwelt, Sevilla und die Costa del Sol mit M\u00e1laga. Ein attraktives, inkludiertes Erlebnispaket bietet Kultur, Kulinarik &amp; Wellness vom Feinsten. Ab 692 \u20ac p.P.<\/p>\n<p>Tradition und Leidenschaft: Abseits der Hauptrouten entdecken Sie auf der 7-t\u00e4gigen Rundreise im Mietwagen die Seele Andalusiens! Machen Sie kulturelle und kulinarische Entdeckungen und \u00fcbernachten Sie in ausgew\u00e4hlten Hotels mit Flair. Ab 458 \u20ac p.P.<\/p>\n<div id='gallery-1' class='gallery galleryid-3913 gallery-columns-3 gallery-size-thumbnail'><dl class='gallery-item'>\n\t\t\t<dt class='gallery-icon landscape'>\n\t\t\t\t<img loading=\"lazy\" decoding=\"async\" width=\"150\" height=\"150\" src=\"https:\/\/blog.olimar.de\/wp-content\/uploads\/2016\/03\/AGPR90-x-VistaZuherosB-150x150.jpg\" class=\"attachment-thumbnail size-thumbnail\" alt=\"Pueblo Blanco in Andalusiens\" srcset=\"https:\/\/blog.olimar.de\/wp-content\/uploads\/2016\/03\/AGPR90-x-VistaZuherosB-150x150.jpg 150w, https:\/\/blog.olimar.de\/wp-content\/uploads\/2016\/03\/AGPR90-x-VistaZuherosB-120x120.jpg 120w\" sizes=\"auto, (max-width: 150px) 100vw, 150px\" \/>\n\t\t\t<\/dt><\/dl><dl class='gallery-item'>\n\t\t\t<dt class='gallery-icon landscape'>\n\t\t\t\t<img loading=\"lazy\" decoding=\"async\" width=\"150\" height=\"150\" src=\"https:\/\/blog.olimar.de\/wp-content\/uploads\/2016\/03\/AGPR90-x-Montefrio-150x150.jpg\" class=\"attachment-thumbnail size-thumbnail\" alt=\"Wei\u00dfes Dorf in Andalusien\" srcset=\"https:\/\/blog.olimar.de\/wp-content\/uploads\/2016\/03\/AGPR90-x-Montefrio-150x150.jpg 150w, https:\/\/blog.olimar.de\/wp-content\/uploads\/2016\/03\/AGPR90-x-Montefrio-120x120.jpg 120w\" sizes=\"auto, (max-width: 150px) 100vw, 150px\" \/>\n\t\t\t<\/dt><\/dl><dl class='gallery-item'>\n\t\t\t<dt class='gallery-icon landscape'>\n\t\t\t\t<img loading=\"lazy\" decoding=\"async\" width=\"150\" height=\"150\" src=\"https:\/\/blog.olimar.de\/wp-content\/uploads\/2016\/03\/AGPR90-x-CaserioDeIznajar-150x150.jpg\" class=\"attachment-thumbnail size-thumbnail\" alt=\"Caserio de Izn\u00e1jar Au\u00dfenansicht\" srcset=\"https:\/\/blog.olimar.de\/wp-content\/uploads\/2016\/03\/AGPR90-x-CaserioDeIznajar-150x150.jpg 150w, https:\/\/blog.olimar.de\/wp-content\/uploads\/2016\/03\/AGPR90-x-CaserioDeIznajar-120x120.jpg 120w\" sizes=\"auto, (max-width: 150px) 100vw, 150px\" \/>\n\t\t\t<\/dt><\/dl><br style=\"clear: both\" \/><dl class='gallery-item'>\n\t\t\t<dt class='gallery-icon landscape'>\n\t\t\t\t<img loading=\"lazy\" decoding=\"async\" width=\"150\" height=\"150\" src=\"https:\/\/blog.olimar.de\/wp-content\/uploads\/2016\/03\/AGPR90-x-BikeD-150x150.jpg\" class=\"attachment-thumbnail size-thumbnail\" alt=\"Fahrradtour durch Andalusien mehrere Radfahrer\" srcset=\"https:\/\/blog.olimar.de\/wp-content\/uploads\/2016\/03\/AGPR90-x-BikeD-150x150.jpg 150w, https:\/\/blog.olimar.de\/wp-content\/uploads\/2016\/03\/AGPR90-x-BikeD-120x120.jpg 120w\" sizes=\"auto, (max-width: 150px) 100vw, 150px\" \/>\n\t\t\t<\/dt><\/dl><dl class='gallery-item'>\n\t\t\t<dt class='gallery-icon landscape'>\n\t\t\t\t<img loading=\"lazy\" decoding=\"async\" width=\"150\" height=\"150\" src=\"https:\/\/blog.olimar.de\/wp-content\/uploads\/2016\/03\/AGPR90-x-BikeB-150x150.jpg\" class=\"attachment-thumbnail size-thumbnail\" alt=\"Drei Radfahrer in Andalusien\" srcset=\"https:\/\/blog.olimar.de\/wp-content\/uploads\/2016\/03\/AGPR90-x-BikeB-150x150.jpg 150w, https:\/\/blog.olimar.de\/wp-content\/uploads\/2016\/03\/AGPR90-x-BikeB-120x120.jpg 120w\" sizes=\"auto, (max-width: 150px) 100vw, 150px\" \/>\n\t\t\t<\/dt><\/dl><dl class='gallery-item'>\n\t\t\t<dt class='gallery-icon landscape'>\n\t\t\t\t<img loading=\"lazy\" decoding=\"async\" width=\"150\" height=\"150\" src=\"https:\/\/blog.olimar.de\/wp-content\/uploads\/2016\/03\/AGPX61-x-TabernaOutside-150x150.jpg\" class=\"attachment-thumbnail size-thumbnail\" alt=\"Taberna au\u00dfen Andalusien\" srcset=\"https:\/\/blog.olimar.de\/wp-content\/uploads\/2016\/03\/AGPX61-x-TabernaOutside-150x150.jpg 150w, https:\/\/blog.olimar.de\/wp-content\/uploads\/2016\/03\/AGPX61-x-TabernaOutside-120x120.jpg 120w\" sizes=\"auto, (max-width: 150px) 100vw, 150px\" \/>\n\t\t\t<\/dt><\/dl><br style=\"clear: both\" \/>\n\t\t<\/div>\n\n\n\n<div style=\"height:50px\" aria-hidden=\"true\" class=\"wp-block-spacer\"><\/div>\n\n\n\n<div class=\"wp-block-buttons is-layout-flex wp-block-buttons-is-layout-flex\">\n<div class=\"wp-block-button\"><a class=\"wp-block-button__link wp-element-button\" href=\"https:\/\/www.olimar.de\/hotellistung\/\">Jetzt Urlaubsangebote finden und buchen<\/a><\/div>\n<\/div>\n\n\n\n<div style=\"height:100px\" aria-hidden=\"true\" class=\"wp-block-spacer\"><\/div>\n","protected":false},"excerpt":{"rendered":"<p>Die wei\u00dfen D\u00f6rfer \u2013\u00a0pueblos blancos\u00a0auf spanisch \u2013 z\u00e4hlen zu den bekanntesten Sehensw\u00fcrdigkeiten\u00a0Andalusiens. Was sie auszeichnet, ist nicht nur ihr malerischer Anblick, sondern auch die Landschaft, in der sie sich befinden. Jedes einzelne Dorf hat seinen ganz eigenen Charme, mal durch einer Wasserm\u00fchle, mal durch eine Burg oder durch eine pr\u00e4chtige Gartenanlage gepr\u00e4gt. Ich habe zwei D\u00f6rfer besucht, die trotz ihrer \u00f6rtlichen N\u00e4he sehr verschieden sind. Sie liegen nur 30 Kilometer von Ronda entfernt und sollten bei einer Rundreise unbedingt auf der Reiseroute stehen: Grazalema \u2013 ein Dorf wie gemalt Grazalema liegt eingebettet in die Sierra de Grazalama, einem faszinierenden Naturpark mit &hellip;<\/p>\n","protected":false},"author":15,"featured_media":3918,"comment_status":"open","ping_status":"open","sticky":false,"template":"","format":"standard","meta":{"_crdt_document":"","_lmt_disableupdate":"","_lmt_disable":"","footnotes":""},"categories":[29,31],"tags":[63,62],"class_list":["post-3913","post","type-post","status-publish","format-standard","has-post-thumbnail","hentry","category-aktiv-natur","category-land-leute","tag-andalusien","tag-spanien"],"yoast_head":"<!-- This site is optimized with the Yoast SEO plugin v26.9 - https:\/\/yoast.com\/product\/yoast-seo-wordpress\/ -->\n<title>Pueblos Blancos - die wei\u00dfen D\u00f6rfer Andalusiens<\/title>\n<meta name=\"description\" content=\"Die wei\u00dfen D\u00f6rfer &quot;Pueblos Blancos&quot; z\u00e4hlen zu den sch\u00f6nsten Sehensw\u00fcrdigkeiten Andalusiens. Was sie auszeichnet erfahren Sie in diesem Reisebericht.\" \/>\n<meta name=\"robots\" content=\"index, follow, max-snippet:-1, max-image-preview:large, max-video-preview:-1\" \/>\n<link rel=\"canonical\" href=\"https:\/\/blog.olimar.de\/pueblos-blancos\/\" \/>\n<meta property=\"og:locale\" content=\"de_DE\" \/>\n<meta property=\"og:type\" content=\"article\" \/>\n<meta property=\"og:title\" content=\"Pueblos Blancos - die wei\u00dfen D\u00f6rfer Andalusiens\" \/>\n<meta property=\"og:description\" content=\"Die wei\u00dfen D\u00f6rfer &quot;Pueblos Blancos&quot; z\u00e4hlen zu den sch\u00f6nsten Sehensw\u00fcrdigkeiten Andalusiens. Was sie auszeichnet erfahren Sie in diesem Reisebericht.\" \/>\n<meta property=\"og:url\" content=\"https:\/\/blog.olimar.de\/pueblos-blancos\/\" \/>\n<meta property=\"article:publisher\" content=\"https:\/\/www.facebook.com\/OlimarReisen\" \/>\n<meta property=\"article:published_time\" content=\"2016-03-15T08:28:42+00:00\" \/>\n<meta property=\"article:modified_time\" content=\"2023-01-01T14:21:44+00:00\" \/>\n<meta property=\"og:image\" content=\"https:\/\/blog.olimar.de\/wp-content\/uploads\/2016\/03\/Grazalema.jpg\" \/>\n\t<meta property=\"og:image:width\" content=\"1961\" \/>\n\t<meta property=\"og:image:height\" content=\"1323\" \/>\n\t<meta property=\"og:image:type\" content=\"image\/jpeg\" \/>\n<meta name=\"author\" content=\"Nima\" \/>\n<meta name=\"twitter:label1\" content=\"Verfasst von\" \/>\n\t<meta name=\"twitter:data1\" content=\"Nima\" \/>\n\t<meta name=\"twitter:label2\" content=\"Gesch\u00e4tzte Lesezeit\" \/>\n\t<meta name=\"twitter:data2\" content=\"6\u00a0Minuten\" \/>\n<script type=\"application\/ld+json\" class=\"yoast-schema-graph\">{\"@context\":\"https:\/\/schema.org\",\"@graph\":[{\"@type\":\"WebPage\",\"@id\":\"https:\/\/blog.olimar.de\/pueblos-blancos\/\",\"url\":\"https:\/\/blog.olimar.de\/pueblos-blancos\/\",\"name\":\"Pueblos Blancos - die wei\u00dfen D\u00f6rfer Andalusiens\",\"isPartOf\":{\"@id\":\"https:\/\/blog.olimar.de\/#website\"},\"primaryImageOfPage\":{\"@id\":\"https:\/\/blog.olimar.de\/pueblos-blancos\/#primaryimage\"},\"image\":{\"@id\":\"https:\/\/blog.olimar.de\/pueblos-blancos\/#primaryimage\"},\"thumbnailUrl\":\"https:\/\/blog.olimar.de\/wp-content\/uploads\/2016\/03\/Grazalema.jpg\",\"datePublished\":\"2016-03-15T08:28:42+00:00\",\"dateModified\":\"2023-01-01T14:21:44+00:00\",\"description\":\"Die wei\u00dfen D\u00f6rfer \\\"Pueblos Blancos\\\" z\u00e4hlen zu den sch\u00f6nsten Sehensw\u00fcrdigkeiten Andalusiens. Was sie auszeichnet erfahren Sie in diesem Reisebericht.\",\"breadcrumb\":{\"@id\":\"https:\/\/blog.olimar.de\/pueblos-blancos\/#breadcrumb\"},\"inLanguage\":\"de\",\"potentialAction\":[{\"@type\":\"ReadAction\",\"target\":[\"https:\/\/blog.olimar.de\/pueblos-blancos\/\"]}]},{\"@type\":\"ImageObject\",\"inLanguage\":\"de\",\"@id\":\"https:\/\/blog.olimar.de\/pueblos-blancos\/#primaryimage\",\"url\":\"https:\/\/blog.olimar.de\/wp-content\/uploads\/2016\/03\/Grazalema.jpg\",\"contentUrl\":\"https:\/\/blog.olimar.de\/wp-content\/uploads\/2016\/03\/Grazalema.jpg\",\"width\":1961,\"height\":1323,\"caption\":\"Wei\u00dfe D\u00f6rfer Andalusiens - Grazalema\"},{\"@type\":\"BreadcrumbList\",\"@id\":\"https:\/\/blog.olimar.de\/pueblos-blancos\/#breadcrumb\",\"itemListElement\":[{\"@type\":\"ListItem\",\"position\":1,\"name\":\"Home\",\"item\":\"https:\/\/blog.olimar.de\/\"},{\"@type\":\"ListItem\",\"position\":2,\"name\":\"Andalusien\",\"item\":\"https:\/\/blog.olimar.de\/tag\/andalusien\/\"},{\"@type\":\"ListItem\",\"position\":3,\"name\":\"Pueblos Blancos &#8211; die wei\u00dfen D\u00f6rfer Andalusiens\"}]},{\"@type\":\"WebSite\",\"@id\":\"https:\/\/blog.olimar.de\/#website\",\"url\":\"https:\/\/blog.olimar.de\/\",\"name\":\"OLIMAR.com\",\"description\":\"\",\"publisher\":{\"@id\":\"https:\/\/blog.olimar.de\/#organization\"},\"potentialAction\":[{\"@type\":\"SearchAction\",\"target\":{\"@type\":\"EntryPoint\",\"urlTemplate\":\"https:\/\/blog.olimar.de\/?s={search_term_string}\"},\"query-input\":{\"@type\":\"PropertyValueSpecification\",\"valueRequired\":true,\"valueName\":\"search_term_string\"}}],\"inLanguage\":\"de\"},{\"@type\":\"Organization\",\"@id\":\"https:\/\/blog.olimar.de\/#organization\",\"name\":\"OLIMAR Reisen\",\"url\":\"https:\/\/blog.olimar.de\/\",\"logo\":{\"@type\":\"ImageObject\",\"inLanguage\":\"de\",\"@id\":\"https:\/\/blog.olimar.de\/#\/schema\/logo\/image\/\",\"url\":\"https:\/\/blog.olimar.de\/wp-content\/uploads\/2021\/01\/OLIMAR_Logo_COLOR.png\",\"contentUrl\":\"https:\/\/blog.olimar.de\/wp-content\/uploads\/2021\/01\/OLIMAR_Logo_COLOR.png\",\"width\":2000,\"height\":986,\"caption\":\"OLIMAR Reisen\"},\"image\":{\"@id\":\"https:\/\/blog.olimar.de\/#\/schema\/logo\/image\/\"},\"sameAs\":[\"https:\/\/www.facebook.com\/OlimarReisen\",\"https:\/\/x.com\/olimarrreisen\",\"https:\/\/www.instagram.com\/olimarreisen\",\"https:\/\/www.youtube.com\/user\/olimarreisen\"]}]}<\/script>\n<!-- \/ Yoast SEO plugin. -->","yoast_head_json":{"title":"Pueblos Blancos - die wei\u00dfen D\u00f6rfer Andalusiens","description":"Die wei\u00dfen D\u00f6rfer \"Pueblos Blancos\" z\u00e4hlen zu den sch\u00f6nsten Sehensw\u00fcrdigkeiten Andalusiens. Was sie auszeichnet erfahren Sie in diesem Reisebericht.","robots":{"index":"index","follow":"follow","max-snippet":"max-snippet:-1","max-image-preview":"max-image-preview:large","max-video-preview":"max-video-preview:-1"},"canonical":"https:\/\/blog.olimar.de\/pueblos-blancos\/","og_locale":"de_DE","og_type":"article","og_title":"Pueblos Blancos - die wei\u00dfen D\u00f6rfer Andalusiens","og_description":"Die wei\u00dfen D\u00f6rfer \"Pueblos Blancos\" z\u00e4hlen zu den sch\u00f6nsten Sehensw\u00fcrdigkeiten Andalusiens. Was sie auszeichnet erfahren Sie in diesem Reisebericht.","og_url":"https:\/\/blog.olimar.de\/pueblos-blancos\/","article_publisher":"https:\/\/www.facebook.com\/OlimarReisen","article_published_time":"2016-03-15T08:28:42+00:00","article_modified_time":"2023-01-01T14:21:44+00:00","og_image":[{"width":1961,"height":1323,"url":"https:\/\/blog.olimar.de\/wp-content\/uploads\/2016\/03\/Grazalema.jpg","type":"image\/jpeg"}],"author":"Nima","twitter_misc":{"Verfasst von":"Nima","Gesch\u00e4tzte Lesezeit":"6\u00a0Minuten"},"schema":{"@context":"https:\/\/schema.org","@graph":[{"@type":"WebPage","@id":"https:\/\/blog.olimar.de\/pueblos-blancos\/","url":"https:\/\/blog.olimar.de\/pueblos-blancos\/","name":"Pueblos Blancos - die wei\u00dfen D\u00f6rfer Andalusiens","isPartOf":{"@id":"https:\/\/blog.olimar.de\/#website"},"primaryImageOfPage":{"@id":"https:\/\/blog.olimar.de\/pueblos-blancos\/#primaryimage"},"image":{"@id":"https:\/\/blog.olimar.de\/pueblos-blancos\/#primaryimage"},"thumbnailUrl":"https:\/\/blog.olimar.de\/wp-content\/uploads\/2016\/03\/Grazalema.jpg","datePublished":"2016-03-15T08:28:42+00:00","dateModified":"2023-01-01T14:21:44+00:00","description":"Die wei\u00dfen D\u00f6rfer \"Pueblos Blancos\" z\u00e4hlen zu den sch\u00f6nsten Sehensw\u00fcrdigkeiten Andalusiens. Was sie auszeichnet erfahren Sie in diesem Reisebericht.","breadcrumb":{"@id":"https:\/\/blog.olimar.de\/pueblos-blancos\/#breadcrumb"},"inLanguage":"de","potentialAction":[{"@type":"ReadAction","target":["https:\/\/blog.olimar.de\/pueblos-blancos\/"]}]},{"@type":"ImageObject","inLanguage":"de","@id":"https:\/\/blog.olimar.de\/pueblos-blancos\/#primaryimage","url":"https:\/\/blog.olimar.de\/wp-content\/uploads\/2016\/03\/Grazalema.jpg","contentUrl":"https:\/\/blog.olimar.de\/wp-content\/uploads\/2016\/03\/Grazalema.jpg","width":1961,"height":1323,"caption":"Wei\u00dfe D\u00f6rfer Andalusiens - Grazalema"},{"@type":"BreadcrumbList","@id":"https:\/\/blog.olimar.de\/pueblos-blancos\/#breadcrumb","itemListElement":[{"@type":"ListItem","position":1,"name":"Home","item":"https:\/\/blog.olimar.de\/"},{"@type":"ListItem","position":2,"name":"Andalusien","item":"https:\/\/blog.olimar.de\/tag\/andalusien\/"},{"@type":"ListItem","position":3,"name":"Pueblos Blancos &#8211; die wei\u00dfen D\u00f6rfer Andalusiens"}]},{"@type":"WebSite","@id":"https:\/\/blog.olimar.de\/#website","url":"https:\/\/blog.olimar.de\/","name":"OLIMAR.com","description":"","publisher":{"@id":"https:\/\/blog.olimar.de\/#organization"},"potentialAction":[{"@type":"SearchAction","target":{"@type":"EntryPoint","urlTemplate":"https:\/\/blog.olimar.de\/?s={search_term_string}"},"query-input":{"@type":"PropertyValueSpecification","valueRequired":true,"valueName":"search_term_string"}}],"inLanguage":"de"},{"@type":"Organization","@id":"https:\/\/blog.olimar.de\/#organization","name":"OLIMAR Reisen","url":"https:\/\/blog.olimar.de\/","logo":{"@type":"ImageObject","inLanguage":"de","@id":"https:\/\/blog.olimar.de\/#\/schema\/logo\/image\/","url":"https:\/\/blog.olimar.de\/wp-content\/uploads\/2021\/01\/OLIMAR_Logo_COLOR.png","contentUrl":"https:\/\/blog.olimar.de\/wp-content\/uploads\/2021\/01\/OLIMAR_Logo_COLOR.png","width":2000,"height":986,"caption":"OLIMAR Reisen"},"image":{"@id":"https:\/\/blog.olimar.de\/#\/schema\/logo\/image\/"},"sameAs":["https:\/\/www.facebook.com\/OlimarReisen","https:\/\/x.com\/olimarrreisen","https:\/\/www.instagram.com\/olimarreisen","https:\/\/www.youtube.com\/user\/olimarreisen"]}]}},"modified_by":"Lena Radermacher","jetpack_featured_media_url":"https:\/\/blog.olimar.de\/wp-content\/uploads\/2016\/03\/Grazalema.jpg","_links":{"self":[{"href":"https:\/\/blog.olimar.de\/wp-json\/wp\/v2\/posts\/3913","targetHints":{"allow":["GET"]}}],"collection":[{"href":"https:\/\/blog.olimar.de\/wp-json\/wp\/v2\/posts"}],"about":[{"href":"https:\/\/blog.olimar.de\/wp-json\/wp\/v2\/types\/post"}],"author":[{"embeddable":true,"href":"https:\/\/blog.olimar.de\/wp-json\/wp\/v2\/users\/15"}],"replies":[{"embeddable":true,"href":"https:\/\/blog.olimar.de\/wp-json\/wp\/v2\/comments?post=3913"}],"version-history":[{"count":17,"href":"https:\/\/blog.olimar.de\/wp-json\/wp\/v2\/posts\/3913\/revisions"}],"predecessor-version":[{"id":23210,"href":"https:\/\/blog.olimar.de\/wp-json\/wp\/v2\/posts\/3913\/revisions\/23210"}],"wp:featuredmedia":[{"embeddable":true,"href":"https:\/\/blog.olimar.de\/wp-json\/wp\/v2\/media\/3918"}],"wp:attachment":[{"href":"https:\/\/blog.olimar.de\/wp-json\/wp\/v2\/media?parent=3913"}],"wp:term":[{"taxonomy":"category","embeddable":true,"href":"https:\/\/blog.olimar.de\/wp-json\/wp\/v2\/categories?post=3913"},{"taxonomy":"post_tag","embeddable":true,"href":"https:\/\/blog.olimar.de\/wp-json\/wp\/v2\/tags?post=3913"}],"curies":[{"name":"wp","href":"https:\/\/api.w.org\/{rel}","templated":true}]}}