{"id":4094,"date":"2016-03-24T13:33:30","date_gmt":"2016-03-24T11:33:30","guid":{"rendered":"https:\/\/blog.olimar.de\/?p=4094"},"modified":"2022-12-23T14:16:39","modified_gmt":"2022-12-23T13:16:39","slug":"palermo-santa-rosalia","status":"publish","type":"post","link":"https:\/\/blog.olimar.de\/palermo-santa-rosalia\/","title":{"rendered":"Mit Goethe zu Rosalia &#8211; Mitte Juli feiert Palermo"},"content":{"rendered":"\n<p><strong>Mit einem riesigen Volksfest feiert Palermo auf\u00a0<a href=\"https:\/\/www.olimar.de\/italien\/sizilien\/\" rel=\"noopener noreferrer\">Sizilien<\/a>\u00a0Jahr f\u00fcr Jahr seine Stadtpatronin, die Heilige Rosalia. Sie war die Nichte eines Normannenk\u00f6nigs, die als Einsiedlerin hoch oben auf dem Monte Pellegrino lebte, Palermos Hausberg. Anno 1624 entdeckte ein J\u00e4ger dort ihre Gebeine, brachte sie in die Stadt und besiegte so angeblich die Pest. Ein Grund zum Feiern also!<\/strong><\/p>\n\n\n\n<div class=\"wp-block-buttons is-layout-flex wp-block-buttons-is-layout-flex\">\n<div class=\"wp-block-button\"><a class=\"wp-block-button__link wp-element-button\" href=\"https:\/\/www.olimar.de\/italien\/sizilien\/\">Sizilien Reiseangebote und Hoteltipps entdecken<\/a><\/div>\n<\/div>\n\n\n\n<div style=\"height:25px\" aria-hidden=\"true\" class=\"wp-block-spacer\"><\/div>\n\n\n<p style=\"text-align: justify;\">Rosalias Festtag ist der 15. Juli, wenn \u00f6ffentliche Geb\u00e4ude, Schulen und Gesch\u00e4fte geschlossen bleiben. Morgens ist die Stadt wie ausgestorben, trifft man die Sizilianer beim Baden am Meer. Einige auch auf dem Monte Pellegrino, den schon Goethe w\u00e4hrend seiner italienischen Reise sprachlos machte. <em>\u201eSeine sch\u00f6ne Form\u201c<\/em>, notierte er 1787 in seinem Tagebuch, <em>\u201el\u00e4sst sich mit Worten nicht beschreiben&#8230;\u201c<\/em> Heute f\u00fchrt eine breite Stra\u00dfe auf den Gipfel. Vorbei am Santuario, der alten H\u00f6hle, in der Rosalia einst gelebt haben soll. Ein feucht-kalter Chorraum, von dessen felsigen W\u00e4nden Wasser tropft. Ein Hort der Stille, den auch Goethe beeindruckte:<\/p>\n<blockquote>\n<p><em>\u201eDer Andachtsort selbst ist der Demut der Heiligen, welche sich dahin fl\u00fcchteten, angemessener als die pr\u00e4chtigen Feste, welche man ihrer v\u00f6lligen Ent\u00e4u\u00dferung von der Welt zu Ehren anstellte. Und vielleicht hat die ganze Christenheit keinen heiligen Ort aufzuweisen, der auf eine so unschuldige und gef\u00fchlvolle Art verziert und verehrt w\u00e4re&#8230;\u201c<\/em><\/p>\n<\/blockquote>\n<p style=\"text-align: justify;\">Von des Dichters Loblied zehrt die H\u00f6hle bis heute.<br \/>Und noch immer dr\u00e4ngen sich die Wallfahrer um den gl\u00e4sernen Sarg in ihrer Mitte, in dem wie zu Goethes Zeiten ein \u201esch\u00f6nes Frauenzimmer\u201c liegt. So wie die Frau im Sarg stellen sich die meisten Sizilianer Palermos Schutzheilige auch heute noch vor. Als junge Sch\u00f6nheit mit einem Kranz voller Rosen auf dem Kopf, in den H\u00e4nden ein Kreuz und einen Totenkopf.<\/p>\n<p style=\"text-align: justify;\">In dieser Gestalt begegnet man ihr auch am sp\u00e4ten Nachmittag des 15.Juli, wenn die B\u00fcrger bei der gro\u00dfen Prozession zu Ehren Rosalias dem silbernen Schrein Geleit geben. Den Gebeinen der Santuzza,wie sie ihre Stadtpatronin liebevoll nennen. Viel wei\u00df man nicht \u00fcber sie. Wahrscheinlich war sie Basilianernonne, lebte nach den strengen Regeln des griechischen Kirchenlehrers Basilius. Popul\u00e4r aber wurde sie erst nach der \u00dcberf\u00fchrung ihrer Gebeine vom Monte Pellegrino in die Kathedrale Palermos. Jenem Akt, dem die Sizilianer auch die \u00dcberwindung der damals grassierenden Pest zuschrieben.<\/p>\n<p style=\"text-align: justify;\">Seit dem 15.Juli 1624 jedenfalls feiert Palermo seine Schutzherrin Jahr f\u00fcr Jahr mit gro\u00dfer Prozession. Und wie immer steht der 1631 gefertigte Silberschrein im Mittelpunkt. Ein barockes Prunkst\u00fcck, das zwei Dutzend M\u00e4nner im dunklen Anzug und dezenter Krawatte auf ihren Schultern durch die Stadt schaukeln. Begleitet vom Kardinal und vielen Klerikern, von vielen Tausend Sizilianern, die zum Teil auch am 3. September wieder dabei sind, wenn es im Fackelzug zu Rosalias Geburtstagsfeier auf den Monte Pellegrino geht. Zu ihrer H\u00f6hle, der Goethe literarischen Weltruhm verschaffte.<br \/><div class=\"green-box\">\n<p style=\"text-align: justify;\"><strong>OLIMAR Hoteltipps<\/strong><\/p>\n<p style=\"text-align: justify;\"><strong><a href=\"https:\/\/rms.olimar.de\/code\/pmo107\" rel=\"noopener noreferrer\">Grand Hotel Piazza Borsa<\/a><\/strong>: Im Herzen der historischen Altstadt empf\u00e4ngt Sie mit diesem pr\u00e4chtigen, vor wenigen Jahren er\u00f6ffneten Grandhotel ein weiteres Aush\u00e4ngeschild der Hotellerie Palermos. Aus drei miteinander verschmolzenen, aufw\u00e4ndig restaurierten Palazzi entstand ein erstklassiges Domizil in ebenso erstklassiger Lage: Hier, direkt an der Piazza San Francesco, finden Sie einen idealen Ausgangspunkt, um die Stadt mit ihrer Vielzahl an Sehensw\u00fcrdigkeiten zu Fu\u00df zu erkunden.<\/p>\n<p style=\"text-align: justify;\"><\/div><\/p>\n\n\n<div style=\"height:50px\" aria-hidden=\"true\" class=\"wp-block-spacer\"><\/div>\n\n\n\n<div class=\"wp-block-buttons is-layout-flex wp-block-buttons-is-layout-flex\">\n<div class=\"wp-block-button\"><a class=\"wp-block-button__link wp-element-button\" href=\"https:\/\/www.olimar.de\/hotellistung\/\">Jetzt Urlaubsangebote finden und buchen<\/a><\/div>\n<\/div>\n\n\n\n<div style=\"height:100px\" aria-hidden=\"true\" class=\"wp-block-spacer\"><\/div>\n","protected":false},"excerpt":{"rendered":"<p>Mit einem riesigen Volksfest feiert Palermo auf\u00a0Sizilien\u00a0Jahr f\u00fcr Jahr seine Stadtpatronin, die Heilige Rosalia. Sie war die Nichte eines Normannenk\u00f6nigs, die als Einsiedlerin hoch oben auf dem Monte Pellegrino lebte, Palermos Hausberg. Anno 1624 entdeckte ein J\u00e4ger dort ihre Gebeine, brachte sie in die Stadt und besiegte so angeblich die Pest. Ein Grund zum Feiern also! Rosalias Festtag ist der 15. Juli, wenn \u00f6ffentliche Geb\u00e4ude, Schulen und Gesch\u00e4fte geschlossen bleiben. Morgens ist die Stadt wie ausgestorben, trifft man die Sizilianer beim Baden am Meer. Einige auch auf dem Monte Pellegrino, den schon Goethe w\u00e4hrend seiner italienischen Reise sprachlos machte. \u201eSeine sch\u00f6ne &hellip;<\/p>\n","protected":false},"author":34,"featured_media":4101,"comment_status":"open","ping_status":"open","sticky":false,"template":"","format":"standard","meta":{"_crdt_document":"","_lmt_disableupdate":"","_lmt_disable":"","footnotes":""},"categories":[28],"tags":[35,117],"class_list":["post-4094","post","type-post","status-publish","format-standard","has-post-thumbnail","hentry","category-kunst-kultur","tag-italien","tag-sizilien"],"yoast_head":"<!-- This site is optimized with the Yoast SEO plugin v26.9 - https:\/\/yoast.com\/product\/yoast-seo-wordpress\/ -->\n<title>Mit Goethe zu Rosalia - Mitte Juli feiert Palermo<\/title>\n<meta name=\"description\" content=\"Mit einem riesigen Volksfest feiert Palermo Jahr f\u00fcr Jahr seine Stadtpatronin, die Heilige Rosalia. Erfahren Sie mehr \u00fcber diese wichtige Feierlichkeit.\" \/>\n<meta name=\"robots\" content=\"index, follow, max-snippet:-1, max-image-preview:large, max-video-preview:-1\" \/>\n<link rel=\"canonical\" href=\"https:\/\/blog.olimar.de\/palermo-santa-rosalia\/\" \/>\n<meta property=\"og:locale\" content=\"de_DE\" \/>\n<meta property=\"og:type\" content=\"article\" \/>\n<meta property=\"og:title\" content=\"Mit Goethe zu Rosalia - Mitte Juli feiert Palermo\" \/>\n<meta property=\"og:description\" content=\"Mit einem riesigen Volksfest feiert Palermo Jahr f\u00fcr Jahr seine Stadtpatronin, die Heilige Rosalia. Erfahren Sie mehr \u00fcber diese wichtige Feierlichkeit.\" \/>\n<meta property=\"og:url\" content=\"https:\/\/blog.olimar.de\/palermo-santa-rosalia\/\" \/>\n<meta property=\"article:publisher\" content=\"https:\/\/www.facebook.com\/OlimarReisen\" \/>\n<meta property=\"article:published_time\" content=\"2016-03-24T11:33:30+00:00\" \/>\n<meta property=\"article:modified_time\" content=\"2022-12-23T13:16:39+00:00\" \/>\n<meta property=\"og:image\" content=\"https:\/\/blog.olimar.de\/wp-content\/uploads\/2016\/03\/IT-Sizilien-Palermo-Kathedrale-PIXABAY-686207.jpg\" \/>\n\t<meta property=\"og:image:width\" content=\"1000\" \/>\n\t<meta property=\"og:image:height\" content=\"696\" \/>\n\t<meta property=\"og:image:type\" content=\"image\/jpeg\" \/>\n<meta name=\"author\" content=\"Wolfgang\" \/>\n<meta name=\"twitter:label1\" content=\"Verfasst von\" \/>\n\t<meta name=\"twitter:data1\" content=\"Wolfgang\" \/>\n\t<meta name=\"twitter:label2\" content=\"Gesch\u00e4tzte Lesezeit\" \/>\n\t<meta name=\"twitter:data2\" content=\"3\u00a0Minuten\" \/>\n<script type=\"application\/ld+json\" class=\"yoast-schema-graph\">{\"@context\":\"https:\/\/schema.org\",\"@graph\":[{\"@type\":\"WebPage\",\"@id\":\"https:\/\/blog.olimar.de\/palermo-santa-rosalia\/\",\"url\":\"https:\/\/blog.olimar.de\/palermo-santa-rosalia\/\",\"name\":\"Mit Goethe zu Rosalia - Mitte Juli feiert Palermo\",\"isPartOf\":{\"@id\":\"https:\/\/blog.olimar.de\/#website\"},\"primaryImageOfPage\":{\"@id\":\"https:\/\/blog.olimar.de\/palermo-santa-rosalia\/#primaryimage\"},\"image\":{\"@id\":\"https:\/\/blog.olimar.de\/palermo-santa-rosalia\/#primaryimage\"},\"thumbnailUrl\":\"https:\/\/blog.olimar.de\/wp-content\/uploads\/2016\/03\/IT-Sizilien-Palermo-Kathedrale-PIXABAY-686207.jpg\",\"datePublished\":\"2016-03-24T11:33:30+00:00\",\"dateModified\":\"2022-12-23T13:16:39+00:00\",\"description\":\"Mit einem riesigen Volksfest feiert Palermo Jahr f\u00fcr Jahr seine Stadtpatronin, die Heilige Rosalia. Erfahren Sie mehr \u00fcber diese wichtige Feierlichkeit.\",\"breadcrumb\":{\"@id\":\"https:\/\/blog.olimar.de\/palermo-santa-rosalia\/#breadcrumb\"},\"inLanguage\":\"de\",\"potentialAction\":[{\"@type\":\"ReadAction\",\"target\":[\"https:\/\/blog.olimar.de\/palermo-santa-rosalia\/\"]}]},{\"@type\":\"ImageObject\",\"inLanguage\":\"de\",\"@id\":\"https:\/\/blog.olimar.de\/palermo-santa-rosalia\/#primaryimage\",\"url\":\"https:\/\/blog.olimar.de\/wp-content\/uploads\/2016\/03\/IT-Sizilien-Palermo-Kathedrale-PIXABAY-686207.jpg\",\"contentUrl\":\"https:\/\/blog.olimar.de\/wp-content\/uploads\/2016\/03\/IT-Sizilien-Palermo-Kathedrale-PIXABAY-686207.jpg\",\"width\":1000,\"height\":696,\"caption\":\"Sizilien Palermo Kathedrale\"},{\"@type\":\"BreadcrumbList\",\"@id\":\"https:\/\/blog.olimar.de\/palermo-santa-rosalia\/#breadcrumb\",\"itemListElement\":[{\"@type\":\"ListItem\",\"position\":1,\"name\":\"Home\",\"item\":\"https:\/\/blog.olimar.de\/\"},{\"@type\":\"ListItem\",\"position\":2,\"name\":\"Italien\",\"item\":\"https:\/\/blog.olimar.de\/tag\/italien\/\"},{\"@type\":\"ListItem\",\"position\":3,\"name\":\"Mit Goethe zu Rosalia &#8211; Mitte Juli feiert Palermo\"}]},{\"@type\":\"WebSite\",\"@id\":\"https:\/\/blog.olimar.de\/#website\",\"url\":\"https:\/\/blog.olimar.de\/\",\"name\":\"OLIMAR.com\",\"description\":\"\",\"publisher\":{\"@id\":\"https:\/\/blog.olimar.de\/#organization\"},\"potentialAction\":[{\"@type\":\"SearchAction\",\"target\":{\"@type\":\"EntryPoint\",\"urlTemplate\":\"https:\/\/blog.olimar.de\/?s={search_term_string}\"},\"query-input\":{\"@type\":\"PropertyValueSpecification\",\"valueRequired\":true,\"valueName\":\"search_term_string\"}}],\"inLanguage\":\"de\"},{\"@type\":\"Organization\",\"@id\":\"https:\/\/blog.olimar.de\/#organization\",\"name\":\"OLIMAR Reisen\",\"url\":\"https:\/\/blog.olimar.de\/\",\"logo\":{\"@type\":\"ImageObject\",\"inLanguage\":\"de\",\"@id\":\"https:\/\/blog.olimar.de\/#\/schema\/logo\/image\/\",\"url\":\"https:\/\/blog.olimar.de\/wp-content\/uploads\/2021\/01\/OLIMAR_Logo_COLOR.png\",\"contentUrl\":\"https:\/\/blog.olimar.de\/wp-content\/uploads\/2021\/01\/OLIMAR_Logo_COLOR.png\",\"width\":2000,\"height\":986,\"caption\":\"OLIMAR Reisen\"},\"image\":{\"@id\":\"https:\/\/blog.olimar.de\/#\/schema\/logo\/image\/\"},\"sameAs\":[\"https:\/\/www.facebook.com\/OlimarReisen\",\"https:\/\/x.com\/olimarrreisen\",\"https:\/\/www.instagram.com\/olimarreisen\",\"https:\/\/www.youtube.com\/user\/olimarreisen\"]}]}<\/script>\n<!-- \/ Yoast SEO plugin. -->","yoast_head_json":{"title":"Mit Goethe zu Rosalia - Mitte Juli feiert Palermo","description":"Mit einem riesigen Volksfest feiert Palermo Jahr f\u00fcr Jahr seine Stadtpatronin, die Heilige Rosalia. Erfahren Sie mehr \u00fcber diese wichtige Feierlichkeit.","robots":{"index":"index","follow":"follow","max-snippet":"max-snippet:-1","max-image-preview":"max-image-preview:large","max-video-preview":"max-video-preview:-1"},"canonical":"https:\/\/blog.olimar.de\/palermo-santa-rosalia\/","og_locale":"de_DE","og_type":"article","og_title":"Mit Goethe zu Rosalia - Mitte Juli feiert Palermo","og_description":"Mit einem riesigen Volksfest feiert Palermo Jahr f\u00fcr Jahr seine Stadtpatronin, die Heilige Rosalia. Erfahren Sie mehr \u00fcber diese wichtige Feierlichkeit.","og_url":"https:\/\/blog.olimar.de\/palermo-santa-rosalia\/","article_publisher":"https:\/\/www.facebook.com\/OlimarReisen","article_published_time":"2016-03-24T11:33:30+00:00","article_modified_time":"2022-12-23T13:16:39+00:00","og_image":[{"width":1000,"height":696,"url":"https:\/\/blog.olimar.de\/wp-content\/uploads\/2016\/03\/IT-Sizilien-Palermo-Kathedrale-PIXABAY-686207.jpg","type":"image\/jpeg"}],"author":"Wolfgang","twitter_misc":{"Verfasst von":"Wolfgang","Gesch\u00e4tzte Lesezeit":"3\u00a0Minuten"},"schema":{"@context":"https:\/\/schema.org","@graph":[{"@type":"WebPage","@id":"https:\/\/blog.olimar.de\/palermo-santa-rosalia\/","url":"https:\/\/blog.olimar.de\/palermo-santa-rosalia\/","name":"Mit Goethe zu Rosalia - Mitte Juli feiert Palermo","isPartOf":{"@id":"https:\/\/blog.olimar.de\/#website"},"primaryImageOfPage":{"@id":"https:\/\/blog.olimar.de\/palermo-santa-rosalia\/#primaryimage"},"image":{"@id":"https:\/\/blog.olimar.de\/palermo-santa-rosalia\/#primaryimage"},"thumbnailUrl":"https:\/\/blog.olimar.de\/wp-content\/uploads\/2016\/03\/IT-Sizilien-Palermo-Kathedrale-PIXABAY-686207.jpg","datePublished":"2016-03-24T11:33:30+00:00","dateModified":"2022-12-23T13:16:39+00:00","description":"Mit einem riesigen Volksfest feiert Palermo Jahr f\u00fcr Jahr seine Stadtpatronin, die Heilige Rosalia. Erfahren Sie mehr \u00fcber diese wichtige Feierlichkeit.","breadcrumb":{"@id":"https:\/\/blog.olimar.de\/palermo-santa-rosalia\/#breadcrumb"},"inLanguage":"de","potentialAction":[{"@type":"ReadAction","target":["https:\/\/blog.olimar.de\/palermo-santa-rosalia\/"]}]},{"@type":"ImageObject","inLanguage":"de","@id":"https:\/\/blog.olimar.de\/palermo-santa-rosalia\/#primaryimage","url":"https:\/\/blog.olimar.de\/wp-content\/uploads\/2016\/03\/IT-Sizilien-Palermo-Kathedrale-PIXABAY-686207.jpg","contentUrl":"https:\/\/blog.olimar.de\/wp-content\/uploads\/2016\/03\/IT-Sizilien-Palermo-Kathedrale-PIXABAY-686207.jpg","width":1000,"height":696,"caption":"Sizilien Palermo Kathedrale"},{"@type":"BreadcrumbList","@id":"https:\/\/blog.olimar.de\/palermo-santa-rosalia\/#breadcrumb","itemListElement":[{"@type":"ListItem","position":1,"name":"Home","item":"https:\/\/blog.olimar.de\/"},{"@type":"ListItem","position":2,"name":"Italien","item":"https:\/\/blog.olimar.de\/tag\/italien\/"},{"@type":"ListItem","position":3,"name":"Mit Goethe zu Rosalia &#8211; Mitte Juli feiert Palermo"}]},{"@type":"WebSite","@id":"https:\/\/blog.olimar.de\/#website","url":"https:\/\/blog.olimar.de\/","name":"OLIMAR.com","description":"","publisher":{"@id":"https:\/\/blog.olimar.de\/#organization"},"potentialAction":[{"@type":"SearchAction","target":{"@type":"EntryPoint","urlTemplate":"https:\/\/blog.olimar.de\/?s={search_term_string}"},"query-input":{"@type":"PropertyValueSpecification","valueRequired":true,"valueName":"search_term_string"}}],"inLanguage":"de"},{"@type":"Organization","@id":"https:\/\/blog.olimar.de\/#organization","name":"OLIMAR Reisen","url":"https:\/\/blog.olimar.de\/","logo":{"@type":"ImageObject","inLanguage":"de","@id":"https:\/\/blog.olimar.de\/#\/schema\/logo\/image\/","url":"https:\/\/blog.olimar.de\/wp-content\/uploads\/2021\/01\/OLIMAR_Logo_COLOR.png","contentUrl":"https:\/\/blog.olimar.de\/wp-content\/uploads\/2021\/01\/OLIMAR_Logo_COLOR.png","width":2000,"height":986,"caption":"OLIMAR Reisen"},"image":{"@id":"https:\/\/blog.olimar.de\/#\/schema\/logo\/image\/"},"sameAs":["https:\/\/www.facebook.com\/OlimarReisen","https:\/\/x.com\/olimarrreisen","https:\/\/www.instagram.com\/olimarreisen","https:\/\/www.youtube.com\/user\/olimarreisen"]}]}},"modified_by":"Lena Radermacher","jetpack_featured_media_url":"https:\/\/blog.olimar.de\/wp-content\/uploads\/2016\/03\/IT-Sizilien-Palermo-Kathedrale-PIXABAY-686207.jpg","_links":{"self":[{"href":"https:\/\/blog.olimar.de\/wp-json\/wp\/v2\/posts\/4094","targetHints":{"allow":["GET"]}}],"collection":[{"href":"https:\/\/blog.olimar.de\/wp-json\/wp\/v2\/posts"}],"about":[{"href":"https:\/\/blog.olimar.de\/wp-json\/wp\/v2\/types\/post"}],"author":[{"embeddable":true,"href":"https:\/\/blog.olimar.de\/wp-json\/wp\/v2\/users\/34"}],"replies":[{"embeddable":true,"href":"https:\/\/blog.olimar.de\/wp-json\/wp\/v2\/comments?post=4094"}],"version-history":[{"count":12,"href":"https:\/\/blog.olimar.de\/wp-json\/wp\/v2\/posts\/4094\/revisions"}],"predecessor-version":[{"id":23110,"href":"https:\/\/blog.olimar.de\/wp-json\/wp\/v2\/posts\/4094\/revisions\/23110"}],"wp:featuredmedia":[{"embeddable":true,"href":"https:\/\/blog.olimar.de\/wp-json\/wp\/v2\/media\/4101"}],"wp:attachment":[{"href":"https:\/\/blog.olimar.de\/wp-json\/wp\/v2\/media?parent=4094"}],"wp:term":[{"taxonomy":"category","embeddable":true,"href":"https:\/\/blog.olimar.de\/wp-json\/wp\/v2\/categories?post=4094"},{"taxonomy":"post_tag","embeddable":true,"href":"https:\/\/blog.olimar.de\/wp-json\/wp\/v2\/tags?post=4094"}],"curies":[{"name":"wp","href":"https:\/\/api.w.org\/{rel}","templated":true}]}}