{"id":4135,"date":"2016-03-24T13:30:29","date_gmt":"2016-03-24T11:30:29","guid":{"rendered":"https:\/\/blog.olimar.de\/?p=4135"},"modified":"2022-11-27T09:38:10","modified_gmt":"2022-11-27T08:38:10","slug":"nachhaltige-hotels","status":"publish","type":"post","link":"https:\/\/blog.olimar.de\/nachhaltige-hotels\/","title":{"rendered":"Fragen an OLIMAR: Welche nachhaltigen Hotels gibt es im Programm von OLIMAR?"},"content":{"rendered":"<h2 class=\"intro\">Janina Vensky, Beauftragte f\u00fcr Nachhaltigkeit bei OLIMAR antwortet:<\/h2>\n<p>Als Kenner von Land und Leuten suchen wir jedes Hotel pers\u00f6nlich sowie nach \u00f6kologischen, wirtschaftlichen und sozialen Gesichtspunkten aus. Eines unserer nachhaltigen Hotels ist zum Beispiel das <a href=\"https:\/\/rms.olimar.de\/code\/LIS180\" target=\"_blank\" rel=\"noopener noreferrer\"><strong>Neya Lisboa Hotel<\/strong><\/a> in Lissabon. Das Haus spendet Lebensmittel an\u00a0 Wohlt\u00e4tigkeitsorganisationen und nutzt u. a. Energiesparlampen, Sparaufs\u00e4tze am Wasserhahn und Klimaanlagen, die weniger Energie verbrauchen.<\/p>\n<div id='gallery-1' class='gallery galleryid-4135 gallery-columns-3 gallery-size-medium'><dl class='gallery-item'>\n\t\t\t<dt class='gallery-icon landscape'>\n\t\t\t\t<img loading=\"lazy\" decoding=\"async\" width=\"300\" height=\"200\" src=\"https:\/\/blog.olimar.de\/wp-content\/uploads\/2016\/03\/LIS180-i-Terraco-300x200.jpg\" class=\"attachment-medium size-medium\" alt=\"Terrasse Hotel Neya Lisboa bei OLIMAR Reisen\" srcset=\"https:\/\/blog.olimar.de\/wp-content\/uploads\/2016\/03\/LIS180-i-Terraco-300x200.jpg 300w, https:\/\/blog.olimar.de\/wp-content\/uploads\/2016\/03\/LIS180-i-Terraco-768x512.jpg 768w, https:\/\/blog.olimar.de\/wp-content\/uploads\/2016\/03\/LIS180-i-Terraco-840x560.jpg 840w, https:\/\/blog.olimar.de\/wp-content\/uploads\/2016\/03\/LIS180-i-Terraco.jpg 1000w\" sizes=\"auto, (max-width: 300px) 100vw, 300px\" \/>\n\t\t\t<\/dt><\/dl><dl class='gallery-item'>\n\t\t\t<dt class='gallery-icon landscape'>\n\t\t\t\t<img loading=\"lazy\" decoding=\"async\" width=\"300\" height=\"200\" src=\"https:\/\/blog.olimar.de\/wp-content\/uploads\/2016\/03\/LIS180-a-Fachada-300x200.jpg\" class=\"attachment-medium size-medium\" alt=\"Au\u00dfenansicht Hotel Neya Lisboa bei OLIMAR Reisen\" srcset=\"https:\/\/blog.olimar.de\/wp-content\/uploads\/2016\/03\/LIS180-a-Fachada-300x200.jpg 300w, https:\/\/blog.olimar.de\/wp-content\/uploads\/2016\/03\/LIS180-a-Fachada-768x511.jpg 768w, https:\/\/blog.olimar.de\/wp-content\/uploads\/2016\/03\/LIS180-a-Fachada-840x560.jpg 840w, https:\/\/blog.olimar.de\/wp-content\/uploads\/2016\/03\/LIS180-a-Fachada.jpg 1000w\" sizes=\"auto, (max-width: 300px) 100vw, 300px\" \/>\n\t\t\t<\/dt><\/dl><dl class='gallery-item'>\n\t\t\t<dt class='gallery-icon landscape'>\n\t\t\t\t<img loading=\"lazy\" decoding=\"async\" width=\"300\" height=\"200\" src=\"https:\/\/blog.olimar.de\/wp-content\/uploads\/2016\/03\/LIS180-r-Bar-300x200.jpg\" class=\"attachment-medium size-medium\" alt=\"Bar des Hotel Neya Lisboa bei OLIMAR Reisen\" srcset=\"https:\/\/blog.olimar.de\/wp-content\/uploads\/2016\/03\/LIS180-r-Bar-300x200.jpg 300w, https:\/\/blog.olimar.de\/wp-content\/uploads\/2016\/03\/LIS180-r-Bar-768x512.jpg 768w, https:\/\/blog.olimar.de\/wp-content\/uploads\/2016\/03\/LIS180-r-Bar-840x560.jpg 840w, https:\/\/blog.olimar.de\/wp-content\/uploads\/2016\/03\/LIS180-r-Bar.jpg 1000w\" sizes=\"auto, (max-width: 300px) 100vw, 300px\" \/>\n\t\t\t<\/dt><\/dl><br style=\"clear: both\" \/><dl class='gallery-item'>\n\t\t\t<dt class='gallery-icon landscape'>\n\t\t\t\t<img loading=\"lazy\" decoding=\"async\" width=\"300\" height=\"200\" src=\"https:\/\/blog.olimar.de\/wp-content\/uploads\/2016\/03\/LIS180-z-RoomA-300x200.jpg\" class=\"attachment-medium size-medium\" alt=\"Doppelzimmer Hotel Neya Lisboa bei OLIMAR Reisen\" srcset=\"https:\/\/blog.olimar.de\/wp-content\/uploads\/2016\/03\/LIS180-z-RoomA-300x200.jpg 300w, https:\/\/blog.olimar.de\/wp-content\/uploads\/2016\/03\/LIS180-z-RoomA-768x512.jpg 768w, https:\/\/blog.olimar.de\/wp-content\/uploads\/2016\/03\/LIS180-z-RoomA-840x560.jpg 840w, https:\/\/blog.olimar.de\/wp-content\/uploads\/2016\/03\/LIS180-z-RoomA.jpg 1000w\" sizes=\"auto, (max-width: 300px) 100vw, 300px\" \/>\n\t\t\t<\/dt><\/dl>\n\t\t\t<br style='clear: both' \/>\n\t\t<\/div>\n\n<p>Ein weiterer Tipp ist das Agriturismo Montalto, ein renoviertes Bauernhaus aus dem 18. Jahrhundert, inmitten der naturbelassenen Toskana. Wie der Begriff Agriturismo schon verr\u00e4t, wartet auf die G\u00e4ste ein d\u00f6rflich-l\u00e4ndliches Umfeld mit Bezug zu den landwirtschaftlichen Betriebsabl\u00e4ufen. Das hoteleigene Restaurant bevorzugt Zutaten aus dem eigenen Gem\u00fcsegarten und bietet den G\u00e4sten Weine aus dem eigenen Anbau an.<\/p>\n<div id='gallery-2' class='gallery galleryid-4135 gallery-columns-3 gallery-size-large'><dl class='gallery-item'>\n\t\t\t<dt class='gallery-icon landscape'>\n\t\t\t\t<img loading=\"lazy\" decoding=\"async\" width=\"840\" height=\"630\" src=\"https:\/\/blog.olimar.de\/wp-content\/uploads\/2016\/03\/FLR126-x-PanoramaA.jpg\" class=\"attachment-large size-large\" alt=\"Panoramaaussicht Agriturismo Montalto bei OLIMAR Reisen\" srcset=\"https:\/\/blog.olimar.de\/wp-content\/uploads\/2016\/03\/FLR126-x-PanoramaA.jpg 1000w, https:\/\/blog.olimar.de\/wp-content\/uploads\/2016\/03\/FLR126-x-PanoramaA-300x225.jpg 300w, https:\/\/blog.olimar.de\/wp-content\/uploads\/2016\/03\/FLR126-x-PanoramaA-768x576.jpg 768w\" sizes=\"auto, (max-width: 840px) 100vw, 840px\" \/>\n\t\t\t<\/dt><\/dl><dl class='gallery-item'>\n\t\t\t<dt class='gallery-icon portrait'>\n\t\t\t\t<img loading=\"lazy\" decoding=\"async\" width=\"768\" height=\"1024\" src=\"https:\/\/blog.olimar.de\/wp-content\/uploads\/2016\/03\/FLR126-g-DetailGarten-768x1024.jpg\" class=\"attachment-large size-large\" alt=\"Im Garten des Agriturismo Montalto bei OLIMAR Reisen\" srcset=\"https:\/\/blog.olimar.de\/wp-content\/uploads\/2016\/03\/FLR126-g-DetailGarten-768x1024.jpg 768w, https:\/\/blog.olimar.de\/wp-content\/uploads\/2016\/03\/FLR126-g-DetailGarten-225x300.jpg 225w, https:\/\/blog.olimar.de\/wp-content\/uploads\/2016\/03\/FLR126-g-DetailGarten-420x560.jpg 420w, https:\/\/blog.olimar.de\/wp-content\/uploads\/2016\/03\/FLR126-g-DetailGarten.jpg 1000w\" sizes=\"auto, (max-width: 768px) 100vw, 768px\" \/>\n\t\t\t<\/dt><\/dl><dl class='gallery-item'>\n\t\t\t<dt class='gallery-icon landscape'>\n\t\t\t\t<img loading=\"lazy\" decoding=\"async\" width=\"840\" height=\"630\" src=\"https:\/\/blog.olimar.de\/wp-content\/uploads\/2016\/03\/FLR126-a-Aussenterrasse.jpg\" class=\"attachment-large size-large\" alt=\"Terrasse des Agriturismo Montalto bei OLIMAR Reisen\" srcset=\"https:\/\/blog.olimar.de\/wp-content\/uploads\/2016\/03\/FLR126-a-Aussenterrasse.jpg 1000w, https:\/\/blog.olimar.de\/wp-content\/uploads\/2016\/03\/FLR126-a-Aussenterrasse-300x225.jpg 300w, https:\/\/blog.olimar.de\/wp-content\/uploads\/2016\/03\/FLR126-a-Aussenterrasse-768x576.jpg 768w\" sizes=\"auto, (max-width: 840px) 100vw, 840px\" \/>\n\t\t\t<\/dt><\/dl><br style=\"clear: both\" \/><dl class='gallery-item'>\n\t\t\t<dt class='gallery-icon landscape'>\n\t\t\t\t<img loading=\"lazy\" decoding=\"async\" width=\"840\" height=\"626\" src=\"https:\/\/blog.olimar.de\/wp-content\/uploads\/2016\/03\/FLR126-a-Aussenaufnahme.jpg\" class=\"attachment-large size-large\" alt=\"Blick auf das Agriturismo Montalto bei OLIMAR Reisen\" srcset=\"https:\/\/blog.olimar.de\/wp-content\/uploads\/2016\/03\/FLR126-a-Aussenaufnahme.jpg 1000w, https:\/\/blog.olimar.de\/wp-content\/uploads\/2016\/03\/FLR126-a-Aussenaufnahme-300x224.jpg 300w, https:\/\/blog.olimar.de\/wp-content\/uploads\/2016\/03\/FLR126-a-Aussenaufnahme-768x572.jpg 768w\" sizes=\"auto, (max-width: 840px) 100vw, 840px\" \/>\n\t\t\t<\/dt><\/dl>\n\t\t\t<br style='clear: both' \/>\n\t\t<\/div>\n\n<p>Ein anderes, in puncto Nachhaltigkeit sehr vorbildlich gef\u00fchrtes Hotel, ist das beliebte Jardim Atl\u00e2ntico\u00a0auf Madeira. Es handelt sich um das erste nach European Ecolabel, ECOHOTEL (T\u00dcV Rheinland) und ISO-Norm zertifizierte bzw. pr\u00e4mierte Umwelthotel Portugals, das schon h\u00e4ufig f\u00fcr seine Umweltorientierung ausgezeichnet wurde.<\/p>\n<div id='gallery-3' class='gallery galleryid-4135 gallery-columns-3 gallery-size-medium'><dl class='gallery-item'>\n\t\t\t<dt class='gallery-icon landscape'>\n\t\t\t\t<img loading=\"lazy\" decoding=\"async\" width=\"300\" height=\"206\" src=\"https:\/\/blog.olimar.de\/wp-content\/uploads\/2016\/03\/FNC311-a-1-300x206.jpg\" class=\"attachment-medium size-medium\" alt=\"Blick auf das Hotel Jardim Atl\u00e2ntico bei OLIMAR Reisen\" srcset=\"https:\/\/blog.olimar.de\/wp-content\/uploads\/2016\/03\/FNC311-a-1-300x206.jpg 300w, https:\/\/blog.olimar.de\/wp-content\/uploads\/2016\/03\/FNC311-a-1-768x528.jpg 768w, https:\/\/blog.olimar.de\/wp-content\/uploads\/2016\/03\/FNC311-a-1.jpg 1000w\" sizes=\"auto, (max-width: 300px) 100vw, 300px\" \/>\n\t\t\t<\/dt><\/dl><dl class='gallery-item'>\n\t\t\t<dt class='gallery-icon landscape'>\n\t\t\t\t<img loading=\"lazy\" decoding=\"async\" width=\"300\" height=\"225\" src=\"https:\/\/blog.olimar.de\/wp-content\/uploads\/2016\/03\/FNC311-g-1-300x225.jpg\" class=\"attachment-medium size-medium\" alt=\"Garten des Hotel Jardim Atl\u00e2ntico bei OLIMAR Reisen\" srcset=\"https:\/\/blog.olimar.de\/wp-content\/uploads\/2016\/03\/FNC311-g-1-300x225.jpg 300w, https:\/\/blog.olimar.de\/wp-content\/uploads\/2016\/03\/FNC311-g-1-768x576.jpg 768w, https:\/\/blog.olimar.de\/wp-content\/uploads\/2016\/03\/FNC311-g-1.jpg 1000w\" sizes=\"auto, (max-width: 300px) 100vw, 300px\" \/>\n\t\t\t<\/dt><\/dl><dl class='gallery-item'>\n\t\t\t<dt class='gallery-icon landscape'>\n\t\t\t\t<img loading=\"lazy\" decoding=\"async\" width=\"300\" height=\"220\" src=\"https:\/\/blog.olimar.de\/wp-content\/uploads\/2016\/03\/FNC311-r-2-300x220.jpg\" class=\"attachment-medium size-medium\" alt=\"Restaurant des Hotel Jardim Atl\u00e2ntico bei OLIMAR Reisen\" srcset=\"https:\/\/blog.olimar.de\/wp-content\/uploads\/2016\/03\/FNC311-r-2-300x220.jpg 300w, https:\/\/blog.olimar.de\/wp-content\/uploads\/2016\/03\/FNC311-r-2-768x563.jpg 768w, https:\/\/blog.olimar.de\/wp-content\/uploads\/2016\/03\/FNC311-r-2.jpg 1000w\" sizes=\"auto, (max-width: 300px) 100vw, 300px\" \/>\n\t\t\t<\/dt><\/dl><br style=\"clear: both\" \/><dl class='gallery-item'>\n\t\t\t<dt class='gallery-icon landscape'>\n\t\t\t\t<img loading=\"lazy\" decoding=\"async\" width=\"300\" height=\"225\" src=\"https:\/\/blog.olimar.de\/wp-content\/uploads\/2016\/03\/FNC311-g-2-300x225.jpg\" class=\"attachment-medium size-medium\" alt=\"Au\u00dfenbereich des Hotel Jardim Atl\u00e2ntico bei OLIMAR Reisen\" srcset=\"https:\/\/blog.olimar.de\/wp-content\/uploads\/2016\/03\/FNC311-g-2-300x225.jpg 300w, https:\/\/blog.olimar.de\/wp-content\/uploads\/2016\/03\/FNC311-g-2-768x576.jpg 768w, https:\/\/blog.olimar.de\/wp-content\/uploads\/2016\/03\/FNC311-g-2.jpg 1000w\" sizes=\"auto, (max-width: 300px) 100vw, 300px\" \/>\n\t\t\t<\/dt><\/dl>\n\t\t\t<br style='clear: both' \/>\n\t\t<\/div>\n\n<p>Weitere Tipps erhalten Sie direkt von unseren Service-Mitarbeitern sowie <a href=\"https:\/\/www.olimar.de\/nachhaltigkeit\/\">hier<\/a>.<\/p>\n","protected":false},"excerpt":{"rendered":"<p>Janina Vensky, Beauftragte f\u00fcr Nachhaltigkeit bei OLIMAR antwortet: Als Kenner von Land und Leuten suchen wir jedes Hotel pers\u00f6nlich sowie nach \u00f6kologischen, wirtschaftlichen und sozialen Gesichtspunkten aus. Eines unserer nachhaltigen Hotels ist zum Beispiel das Neya Lisboa Hotel in Lissabon. Das Haus spendet Lebensmittel an\u00a0 Wohlt\u00e4tigkeitsorganisationen und nutzt u. a. Energiesparlampen, Sparaufs\u00e4tze am Wasserhahn und Klimaanlagen, die weniger Energie verbrauchen. Ein weiterer Tipp ist das Agriturismo Montalto, ein renoviertes Bauernhaus aus dem 18. Jahrhundert, inmitten der naturbelassenen Toskana. Wie der Begriff Agriturismo schon verr\u00e4t, wartet auf die G\u00e4ste ein d\u00f6rflich-l\u00e4ndliches Umfeld mit Bezug zu den landwirtschaftlichen Betriebsabl\u00e4ufen. Das hoteleigene Restaurant bevorzugt &hellip;<\/p>\n","protected":false},"author":9,"featured_media":4144,"comment_status":"open","ping_status":"open","sticky":false,"template":"","format":"standard","meta":{"_crdt_document":"","_lmt_disableupdate":"","_lmt_disable":"","footnotes":""},"categories":[33,166],"tags":[],"class_list":["post-4135","post","type-post","status-publish","format-standard","has-post-thumbnail","hentry","category-hinter-den-kulissen","category-nachhaltigkeit"],"yoast_head":"<!-- This site is optimized with the Yoast SEO plugin v26.9 - https:\/\/yoast.com\/product\/yoast-seo-wordpress\/ -->\n<title>Nachhaltigkeit: Gr\u00fcne Hotels im Programm von OLIMAR<\/title>\n<meta name=\"description\" content=\"Die Hotels werden nach \u00f6kologischen, wirtschaftlichen und sozialen Kriterien ausgesucht. Wir berichten, welche auf Nachhaltigkeit setzen.\" \/>\n<meta name=\"robots\" content=\"index, follow, max-snippet:-1, max-image-preview:large, max-video-preview:-1\" \/>\n<link rel=\"canonical\" href=\"https:\/\/blog.olimar.de\/nachhaltige-hotels\/\" \/>\n<meta property=\"og:locale\" content=\"de_DE\" \/>\n<meta property=\"og:type\" content=\"article\" \/>\n<meta property=\"og:title\" content=\"Nachhaltigkeit: Gr\u00fcne Hotels im Programm von OLIMAR\" \/>\n<meta property=\"og:description\" content=\"Die Hotels werden nach \u00f6kologischen, wirtschaftlichen und sozialen Kriterien ausgesucht. Wir berichten, welche auf Nachhaltigkeit setzen.\" \/>\n<meta property=\"og:url\" content=\"https:\/\/blog.olimar.de\/nachhaltige-hotels\/\" \/>\n<meta property=\"article:publisher\" content=\"https:\/\/www.facebook.com\/OlimarReisen\" \/>\n<meta property=\"article:published_time\" content=\"2016-03-24T11:30:29+00:00\" \/>\n<meta property=\"article:modified_time\" content=\"2022-11-27T08:38:10+00:00\" \/>\n<meta property=\"og:image\" content=\"https:\/\/blog.olimar.de\/wp-content\/uploads\/2016\/03\/FLR126-g-DetailGarten.jpg\" \/>\n\t<meta property=\"og:image:width\" content=\"1000\" \/>\n\t<meta property=\"og:image:height\" content=\"1333\" \/>\n\t<meta property=\"og:image:type\" content=\"image\/jpeg\" \/>\n<meta name=\"author\" content=\"OLIMAR Redaktionsteam\" \/>\n<meta name=\"twitter:label1\" content=\"Verfasst von\" \/>\n\t<meta name=\"twitter:data1\" content=\"OLIMAR Redaktionsteam\" \/>\n\t<meta name=\"twitter:label2\" content=\"Gesch\u00e4tzte Lesezeit\" \/>\n\t<meta name=\"twitter:data2\" content=\"2\u00a0Minuten\" \/>\n<script type=\"application\/ld+json\" class=\"yoast-schema-graph\">{\"@context\":\"https:\/\/schema.org\",\"@graph\":[{\"@type\":\"WebPage\",\"@id\":\"https:\/\/blog.olimar.de\/nachhaltige-hotels\/\",\"url\":\"https:\/\/blog.olimar.de\/nachhaltige-hotels\/\",\"name\":\"Nachhaltigkeit: Gr\u00fcne Hotels im Programm von OLIMAR\",\"isPartOf\":{\"@id\":\"https:\/\/blog.olimar.de\/#website\"},\"primaryImageOfPage\":{\"@id\":\"https:\/\/blog.olimar.de\/nachhaltige-hotels\/#primaryimage\"},\"image\":{\"@id\":\"https:\/\/blog.olimar.de\/nachhaltige-hotels\/#primaryimage\"},\"thumbnailUrl\":\"https:\/\/blog.olimar.de\/wp-content\/uploads\/2016\/03\/FLR126-g-DetailGarten.jpg\",\"datePublished\":\"2016-03-24T11:30:29+00:00\",\"dateModified\":\"2022-11-27T08:38:10+00:00\",\"description\":\"Die Hotels werden nach \u00f6kologischen, wirtschaftlichen und sozialen Kriterien ausgesucht. Wir berichten, welche auf Nachhaltigkeit setzen.\",\"breadcrumb\":{\"@id\":\"https:\/\/blog.olimar.de\/nachhaltige-hotels\/#breadcrumb\"},\"inLanguage\":\"de\",\"potentialAction\":[{\"@type\":\"ReadAction\",\"target\":[\"https:\/\/blog.olimar.de\/nachhaltige-hotels\/\"]}]},{\"@type\":\"ImageObject\",\"inLanguage\":\"de\",\"@id\":\"https:\/\/blog.olimar.de\/nachhaltige-hotels\/#primaryimage\",\"url\":\"https:\/\/blog.olimar.de\/wp-content\/uploads\/2016\/03\/FLR126-g-DetailGarten.jpg\",\"contentUrl\":\"https:\/\/blog.olimar.de\/wp-content\/uploads\/2016\/03\/FLR126-g-DetailGarten.jpg\",\"width\":1000,\"height\":1333,\"caption\":\"Im Garten des Agriturismo Montalto bei OLIMAR Reisen\"},{\"@type\":\"BreadcrumbList\",\"@id\":\"https:\/\/blog.olimar.de\/nachhaltige-hotels\/#breadcrumb\",\"itemListElement\":[{\"@type\":\"ListItem\",\"position\":1,\"name\":\"Home\",\"item\":\"https:\/\/blog.olimar.de\/\"},{\"@type\":\"ListItem\",\"position\":2,\"name\":\"Fragen an OLIMAR: Welche nachhaltigen Hotels gibt es im Programm von OLIMAR?\"}]},{\"@type\":\"WebSite\",\"@id\":\"https:\/\/blog.olimar.de\/#website\",\"url\":\"https:\/\/blog.olimar.de\/\",\"name\":\"OLIMAR.com\",\"description\":\"\",\"publisher\":{\"@id\":\"https:\/\/blog.olimar.de\/#organization\"},\"potentialAction\":[{\"@type\":\"SearchAction\",\"target\":{\"@type\":\"EntryPoint\",\"urlTemplate\":\"https:\/\/blog.olimar.de\/?s={search_term_string}\"},\"query-input\":{\"@type\":\"PropertyValueSpecification\",\"valueRequired\":true,\"valueName\":\"search_term_string\"}}],\"inLanguage\":\"de\"},{\"@type\":\"Organization\",\"@id\":\"https:\/\/blog.olimar.de\/#organization\",\"name\":\"OLIMAR Reisen\",\"url\":\"https:\/\/blog.olimar.de\/\",\"logo\":{\"@type\":\"ImageObject\",\"inLanguage\":\"de\",\"@id\":\"https:\/\/blog.olimar.de\/#\/schema\/logo\/image\/\",\"url\":\"https:\/\/blog.olimar.de\/wp-content\/uploads\/2021\/01\/OLIMAR_Logo_COLOR.png\",\"contentUrl\":\"https:\/\/blog.olimar.de\/wp-content\/uploads\/2021\/01\/OLIMAR_Logo_COLOR.png\",\"width\":2000,\"height\":986,\"caption\":\"OLIMAR Reisen\"},\"image\":{\"@id\":\"https:\/\/blog.olimar.de\/#\/schema\/logo\/image\/\"},\"sameAs\":[\"https:\/\/www.facebook.com\/OlimarReisen\",\"https:\/\/x.com\/olimarrreisen\",\"https:\/\/www.instagram.com\/olimarreisen\",\"https:\/\/www.youtube.com\/user\/olimarreisen\"]}]}<\/script>\n<!-- \/ Yoast SEO plugin. -->","yoast_head_json":{"title":"Nachhaltigkeit: Gr\u00fcne Hotels im Programm von OLIMAR","description":"Die Hotels werden nach \u00f6kologischen, wirtschaftlichen und sozialen Kriterien ausgesucht. Wir berichten, welche auf Nachhaltigkeit setzen.","robots":{"index":"index","follow":"follow","max-snippet":"max-snippet:-1","max-image-preview":"max-image-preview:large","max-video-preview":"max-video-preview:-1"},"canonical":"https:\/\/blog.olimar.de\/nachhaltige-hotels\/","og_locale":"de_DE","og_type":"article","og_title":"Nachhaltigkeit: Gr\u00fcne Hotels im Programm von OLIMAR","og_description":"Die Hotels werden nach \u00f6kologischen, wirtschaftlichen und sozialen Kriterien ausgesucht. Wir berichten, welche auf Nachhaltigkeit setzen.","og_url":"https:\/\/blog.olimar.de\/nachhaltige-hotels\/","article_publisher":"https:\/\/www.facebook.com\/OlimarReisen","article_published_time":"2016-03-24T11:30:29+00:00","article_modified_time":"2022-11-27T08:38:10+00:00","og_image":[{"width":1000,"height":1333,"url":"https:\/\/blog.olimar.de\/wp-content\/uploads\/2016\/03\/FLR126-g-DetailGarten.jpg","type":"image\/jpeg"}],"author":"OLIMAR Redaktionsteam","twitter_misc":{"Verfasst von":"OLIMAR Redaktionsteam","Gesch\u00e4tzte Lesezeit":"2\u00a0Minuten"},"schema":{"@context":"https:\/\/schema.org","@graph":[{"@type":"WebPage","@id":"https:\/\/blog.olimar.de\/nachhaltige-hotels\/","url":"https:\/\/blog.olimar.de\/nachhaltige-hotels\/","name":"Nachhaltigkeit: Gr\u00fcne Hotels im Programm von OLIMAR","isPartOf":{"@id":"https:\/\/blog.olimar.de\/#website"},"primaryImageOfPage":{"@id":"https:\/\/blog.olimar.de\/nachhaltige-hotels\/#primaryimage"},"image":{"@id":"https:\/\/blog.olimar.de\/nachhaltige-hotels\/#primaryimage"},"thumbnailUrl":"https:\/\/blog.olimar.de\/wp-content\/uploads\/2016\/03\/FLR126-g-DetailGarten.jpg","datePublished":"2016-03-24T11:30:29+00:00","dateModified":"2022-11-27T08:38:10+00:00","description":"Die Hotels werden nach \u00f6kologischen, wirtschaftlichen und sozialen Kriterien ausgesucht. Wir berichten, welche auf Nachhaltigkeit setzen.","breadcrumb":{"@id":"https:\/\/blog.olimar.de\/nachhaltige-hotels\/#breadcrumb"},"inLanguage":"de","potentialAction":[{"@type":"ReadAction","target":["https:\/\/blog.olimar.de\/nachhaltige-hotels\/"]}]},{"@type":"ImageObject","inLanguage":"de","@id":"https:\/\/blog.olimar.de\/nachhaltige-hotels\/#primaryimage","url":"https:\/\/blog.olimar.de\/wp-content\/uploads\/2016\/03\/FLR126-g-DetailGarten.jpg","contentUrl":"https:\/\/blog.olimar.de\/wp-content\/uploads\/2016\/03\/FLR126-g-DetailGarten.jpg","width":1000,"height":1333,"caption":"Im Garten des Agriturismo Montalto bei OLIMAR Reisen"},{"@type":"BreadcrumbList","@id":"https:\/\/blog.olimar.de\/nachhaltige-hotels\/#breadcrumb","itemListElement":[{"@type":"ListItem","position":1,"name":"Home","item":"https:\/\/blog.olimar.de\/"},{"@type":"ListItem","position":2,"name":"Fragen an OLIMAR: Welche nachhaltigen Hotels gibt es im Programm von OLIMAR?"}]},{"@type":"WebSite","@id":"https:\/\/blog.olimar.de\/#website","url":"https:\/\/blog.olimar.de\/","name":"OLIMAR.com","description":"","publisher":{"@id":"https:\/\/blog.olimar.de\/#organization"},"potentialAction":[{"@type":"SearchAction","target":{"@type":"EntryPoint","urlTemplate":"https:\/\/blog.olimar.de\/?s={search_term_string}"},"query-input":{"@type":"PropertyValueSpecification","valueRequired":true,"valueName":"search_term_string"}}],"inLanguage":"de"},{"@type":"Organization","@id":"https:\/\/blog.olimar.de\/#organization","name":"OLIMAR Reisen","url":"https:\/\/blog.olimar.de\/","logo":{"@type":"ImageObject","inLanguage":"de","@id":"https:\/\/blog.olimar.de\/#\/schema\/logo\/image\/","url":"https:\/\/blog.olimar.de\/wp-content\/uploads\/2021\/01\/OLIMAR_Logo_COLOR.png","contentUrl":"https:\/\/blog.olimar.de\/wp-content\/uploads\/2021\/01\/OLIMAR_Logo_COLOR.png","width":2000,"height":986,"caption":"OLIMAR Reisen"},"image":{"@id":"https:\/\/blog.olimar.de\/#\/schema\/logo\/image\/"},"sameAs":["https:\/\/www.facebook.com\/OlimarReisen","https:\/\/x.com\/olimarrreisen","https:\/\/www.instagram.com\/olimarreisen","https:\/\/www.youtube.com\/user\/olimarreisen"]}]}},"modified_by":"Lena Radermacher","jetpack_featured_media_url":"https:\/\/blog.olimar.de\/wp-content\/uploads\/2016\/03\/FLR126-g-DetailGarten.jpg","_links":{"self":[{"href":"https:\/\/blog.olimar.de\/wp-json\/wp\/v2\/posts\/4135","targetHints":{"allow":["GET"]}}],"collection":[{"href":"https:\/\/blog.olimar.de\/wp-json\/wp\/v2\/posts"}],"about":[{"href":"https:\/\/blog.olimar.de\/wp-json\/wp\/v2\/types\/post"}],"author":[{"embeddable":true,"href":"https:\/\/blog.olimar.de\/wp-json\/wp\/v2\/users\/9"}],"replies":[{"embeddable":true,"href":"https:\/\/blog.olimar.de\/wp-json\/wp\/v2\/comments?post=4135"}],"version-history":[{"count":12,"href":"https:\/\/blog.olimar.de\/wp-json\/wp\/v2\/posts\/4135\/revisions"}],"predecessor-version":[{"id":21246,"href":"https:\/\/blog.olimar.de\/wp-json\/wp\/v2\/posts\/4135\/revisions\/21246"}],"wp:featuredmedia":[{"embeddable":true,"href":"https:\/\/blog.olimar.de\/wp-json\/wp\/v2\/media\/4144"}],"wp:attachment":[{"href":"https:\/\/blog.olimar.de\/wp-json\/wp\/v2\/media?parent=4135"}],"wp:term":[{"taxonomy":"category","embeddable":true,"href":"https:\/\/blog.olimar.de\/wp-json\/wp\/v2\/categories?post=4135"},{"taxonomy":"post_tag","embeddable":true,"href":"https:\/\/blog.olimar.de\/wp-json\/wp\/v2\/tags?post=4135"}],"curies":[{"name":"wp","href":"https:\/\/api.w.org\/{rel}","templated":true}]}}