{"id":4155,"date":"2016-03-24T13:29:12","date_gmt":"2016-03-24T11:29:12","guid":{"rendered":"https:\/\/blog.olimar.de\/?p=4155"},"modified":"2022-07-07T12:36:47","modified_gmt":"2022-07-07T11:36:47","slug":"olimar-gruppenabteilung","status":"publish","type":"post","link":"https:\/\/blog.olimar.de\/olimar-gruppenabteilung\/","title":{"rendered":"\u00dcber die Schulter geschaut: die OLIMAR Gruppenabteilung"},"content":{"rendered":"<p class=\"intro\">Autorin dieses Beitrages ist Gonca Dag, Auszubildende zur Tourismuskauffrau bei OLIMAR. F\u00fcr das Sonnenseiten-Magazin begab sie sich selbst in die Gruppenabteilung und interviewte ihre Kolleginnen.<\/p>\n<p>Birgit Kumpfm\u00fcller und Sylvia Fr\u00f6hling sind zwei erfahrene Gruppen- und Incentive-Expertinnen bei OLIMAR. Sie planen f\u00fcr ihre Kunden Rundreisen mit mindestens zehn Teilnehmern durch S\u00fcdeuropa, insbesondere durch <a href=\"https:\/\/www.olimar.de\/portugal\/\" target=\"_blank\" rel=\"noopener\">Portugal<\/a>, <a href=\"https:\/\/www.olimar.de\/spanien\/\" target=\"_blank\" rel=\"noopener\">Spanien<\/a> und <a href=\"https:\/\/www.olimar.de\/italien\/\" target=\"_blank\" rel=\"noopener\">Italien<\/a>. Dabei organisieren sie f\u00fcr jede Gruppe individuelle Routen, egal ob Tennisverein, Arbeitsteam oder Gro\u00dffamilie.<\/p>\n<p>\u201eGruppenreisen werden aus verschiedenen Anl\u00e4ssen angefragt\u201c, erz\u00e4hlt Sylvia. Dies kann zum Beispiel eine Wandertour sein, ein Firmenincentive oder auch eine Reise zu gezielten Veranstaltungen in S\u00fcdeuropa, wie zum Beispiel das Blumenfest auf Madeira. \u201eDie au\u00dfergew\u00f6hnlichste Reise, die wir mal organisiert haben, war eine Sportfliegergruppenreise nach Portugal\u201c, sagt Birgit. Auf der Rundreise flogen die Teilnehmer von Ort zu Ort mit eigenen Privatfliegern.<\/p>\n<p>Zu einer gelungenen Gruppenreise geh\u00f6ren nach Angaben der beiden eine genaue Planung sowie informative und \u00fcbersichtliche Reiseunterlagen f\u00fcr den Tourverlauf. Ebenso wichtig sei die Betreuung durch die Reiseleiter vor Ort. Schlie\u00dflich geht es darum, gemeinsam Land und Leute auf unterhaltsame bis sportliche Weise kennenzulernen \u2013 und da ist man beim Spezialisten am besten aufgehoben.<\/p>\n","protected":false},"excerpt":{"rendered":"<p>Autorin dieses Beitrages ist Gonca Dag, Auszubildende zur Tourismuskauffrau bei OLIMAR. F\u00fcr das Sonnenseiten-Magazin begab sie sich selbst in die Gruppenabteilung und interviewte ihre Kolleginnen. Birgit Kumpfm\u00fcller und Sylvia Fr\u00f6hling sind zwei erfahrene Gruppen- und Incentive-Expertinnen bei OLIMAR. Sie planen f\u00fcr ihre Kunden Rundreisen mit mindestens zehn Teilnehmern durch S\u00fcdeuropa, insbesondere durch Portugal, Spanien und Italien. Dabei organisieren sie f\u00fcr jede Gruppe individuelle Routen, egal ob Tennisverein, Arbeitsteam oder Gro\u00dffamilie. \u201eGruppenreisen werden aus verschiedenen Anl\u00e4ssen angefragt\u201c, erz\u00e4hlt Sylvia. Dies kann zum Beispiel eine Wandertour sein, ein Firmenincentive oder auch eine Reise zu gezielten Veranstaltungen in S\u00fcdeuropa, wie zum Beispiel das Blumenfest &hellip;<\/p>\n","protected":false},"author":9,"featured_media":4160,"comment_status":"open","ping_status":"open","sticky":false,"template":"","format":"standard","meta":{"_crdt_document":"","_lmt_disableupdate":"","_lmt_disable":"","footnotes":""},"categories":[33],"tags":[],"class_list":["post-4155","post","type-post","status-publish","format-standard","has-post-thumbnail","hentry","category-hinter-den-kulissen"],"yoast_head":"<!-- This site is optimized with the Yoast SEO plugin v26.9 - https:\/\/yoast.com\/product\/yoast-seo-wordpress\/ -->\n<title>\u00dcber die Schulter geschaut: die OLIMAR Gruppenabteilung<\/title>\n<meta name=\"description\" content=\"Gonca Dag ist Auszubildende zur Tourismuskauffrau bei OLIMAR und interviewte f\u00fcr das Sonnenseiten-Magazin ihre Kolleginnen der Gruppenabteilung.\" \/>\n<meta name=\"robots\" content=\"index, follow, max-snippet:-1, max-image-preview:large, max-video-preview:-1\" \/>\n<link rel=\"canonical\" href=\"https:\/\/blog.olimar.de\/olimar-gruppenabteilung\/\" \/>\n<meta property=\"og:locale\" content=\"de_DE\" \/>\n<meta property=\"og:type\" content=\"article\" \/>\n<meta property=\"og:title\" content=\"\u00dcber die Schulter geschaut: die OLIMAR Gruppenabteilung\" \/>\n<meta property=\"og:description\" content=\"Gonca Dag ist Auszubildende zur Tourismuskauffrau bei OLIMAR und interviewte f\u00fcr das Sonnenseiten-Magazin ihre Kolleginnen der Gruppenabteilung.\" \/>\n<meta property=\"og:url\" content=\"https:\/\/blog.olimar.de\/olimar-gruppenabteilung\/\" \/>\n<meta property=\"article:publisher\" content=\"https:\/\/www.facebook.com\/OlimarReisen\" \/>\n<meta property=\"article:published_time\" content=\"2016-03-24T11:29:12+00:00\" \/>\n<meta property=\"article:modified_time\" content=\"2022-07-07T11:36:47+00:00\" \/>\n<meta property=\"og:image\" content=\"https:\/\/blog.olimar.de\/wp-content\/uploads\/2016\/03\/Gruppenabteilung.jpg\" \/>\n\t<meta property=\"og:image:width\" content=\"3496\" \/>\n\t<meta property=\"og:image:height\" content=\"3496\" \/>\n\t<meta property=\"og:image:type\" content=\"image\/jpeg\" \/>\n<meta name=\"author\" content=\"OLIMAR Redaktionsteam\" \/>\n<meta name=\"twitter:label1\" content=\"Verfasst von\" \/>\n\t<meta name=\"twitter:data1\" content=\"OLIMAR Redaktionsteam\" \/>\n\t<meta name=\"twitter:label2\" content=\"Gesch\u00e4tzte Lesezeit\" \/>\n\t<meta name=\"twitter:data2\" content=\"2\u00a0Minuten\" \/>\n<script type=\"application\/ld+json\" class=\"yoast-schema-graph\">{\"@context\":\"https:\/\/schema.org\",\"@graph\":[{\"@type\":\"WebPage\",\"@id\":\"https:\/\/blog.olimar.de\/olimar-gruppenabteilung\/\",\"url\":\"https:\/\/blog.olimar.de\/olimar-gruppenabteilung\/\",\"name\":\"\u00dcber die Schulter geschaut: die OLIMAR Gruppenabteilung\",\"isPartOf\":{\"@id\":\"https:\/\/blog.olimar.de\/#website\"},\"primaryImageOfPage\":{\"@id\":\"https:\/\/blog.olimar.de\/olimar-gruppenabteilung\/#primaryimage\"},\"image\":{\"@id\":\"https:\/\/blog.olimar.de\/olimar-gruppenabteilung\/#primaryimage\"},\"thumbnailUrl\":\"https:\/\/blog.olimar.de\/wp-content\/uploads\/2016\/03\/Gruppenabteilung.jpg\",\"datePublished\":\"2016-03-24T11:29:12+00:00\",\"dateModified\":\"2022-07-07T11:36:47+00:00\",\"description\":\"Gonca Dag ist Auszubildende zur Tourismuskauffrau bei OLIMAR und interviewte f\u00fcr das Sonnenseiten-Magazin ihre Kolleginnen der Gruppenabteilung.\",\"breadcrumb\":{\"@id\":\"https:\/\/blog.olimar.de\/olimar-gruppenabteilung\/#breadcrumb\"},\"inLanguage\":\"de\",\"potentialAction\":[{\"@type\":\"ReadAction\",\"target\":[\"https:\/\/blog.olimar.de\/olimar-gruppenabteilung\/\"]}]},{\"@type\":\"ImageObject\",\"inLanguage\":\"de\",\"@id\":\"https:\/\/blog.olimar.de\/olimar-gruppenabteilung\/#primaryimage\",\"url\":\"https:\/\/blog.olimar.de\/wp-content\/uploads\/2016\/03\/Gruppenabteilung.jpg\",\"contentUrl\":\"https:\/\/blog.olimar.de\/wp-content\/uploads\/2016\/03\/Gruppenabteilung.jpg\",\"width\":3496,\"height\":3496,\"caption\":\"OLIMAR Gruppenabteilung\"},{\"@type\":\"BreadcrumbList\",\"@id\":\"https:\/\/blog.olimar.de\/olimar-gruppenabteilung\/#breadcrumb\",\"itemListElement\":[{\"@type\":\"ListItem\",\"position\":1,\"name\":\"Home\",\"item\":\"https:\/\/blog.olimar.de\/\"},{\"@type\":\"ListItem\",\"position\":2,\"name\":\"\u00dcber die Schulter geschaut: die OLIMAR Gruppenabteilung\"}]},{\"@type\":\"WebSite\",\"@id\":\"https:\/\/blog.olimar.de\/#website\",\"url\":\"https:\/\/blog.olimar.de\/\",\"name\":\"OLIMAR.com\",\"description\":\"\",\"publisher\":{\"@id\":\"https:\/\/blog.olimar.de\/#organization\"},\"potentialAction\":[{\"@type\":\"SearchAction\",\"target\":{\"@type\":\"EntryPoint\",\"urlTemplate\":\"https:\/\/blog.olimar.de\/?s={search_term_string}\"},\"query-input\":{\"@type\":\"PropertyValueSpecification\",\"valueRequired\":true,\"valueName\":\"search_term_string\"}}],\"inLanguage\":\"de\"},{\"@type\":\"Organization\",\"@id\":\"https:\/\/blog.olimar.de\/#organization\",\"name\":\"OLIMAR Reisen\",\"url\":\"https:\/\/blog.olimar.de\/\",\"logo\":{\"@type\":\"ImageObject\",\"inLanguage\":\"de\",\"@id\":\"https:\/\/blog.olimar.de\/#\/schema\/logo\/image\/\",\"url\":\"https:\/\/blog.olimar.de\/wp-content\/uploads\/2021\/01\/OLIMAR_Logo_COLOR.png\",\"contentUrl\":\"https:\/\/blog.olimar.de\/wp-content\/uploads\/2021\/01\/OLIMAR_Logo_COLOR.png\",\"width\":2000,\"height\":986,\"caption\":\"OLIMAR Reisen\"},\"image\":{\"@id\":\"https:\/\/blog.olimar.de\/#\/schema\/logo\/image\/\"},\"sameAs\":[\"https:\/\/www.facebook.com\/OlimarReisen\",\"https:\/\/x.com\/olimarrreisen\",\"https:\/\/www.instagram.com\/olimarreisen\",\"https:\/\/www.youtube.com\/user\/olimarreisen\"]}]}<\/script>\n<!-- \/ Yoast SEO plugin. -->","yoast_head_json":{"title":"\u00dcber die Schulter geschaut: die OLIMAR Gruppenabteilung","description":"Gonca Dag ist Auszubildende zur Tourismuskauffrau bei OLIMAR und interviewte f\u00fcr das Sonnenseiten-Magazin ihre Kolleginnen der Gruppenabteilung.","robots":{"index":"index","follow":"follow","max-snippet":"max-snippet:-1","max-image-preview":"max-image-preview:large","max-video-preview":"max-video-preview:-1"},"canonical":"https:\/\/blog.olimar.de\/olimar-gruppenabteilung\/","og_locale":"de_DE","og_type":"article","og_title":"\u00dcber die Schulter geschaut: die OLIMAR Gruppenabteilung","og_description":"Gonca Dag ist Auszubildende zur Tourismuskauffrau bei OLIMAR und interviewte f\u00fcr das Sonnenseiten-Magazin ihre Kolleginnen der Gruppenabteilung.","og_url":"https:\/\/blog.olimar.de\/olimar-gruppenabteilung\/","article_publisher":"https:\/\/www.facebook.com\/OlimarReisen","article_published_time":"2016-03-24T11:29:12+00:00","article_modified_time":"2022-07-07T11:36:47+00:00","og_image":[{"width":3496,"height":3496,"url":"https:\/\/blog.olimar.de\/wp-content\/uploads\/2016\/03\/Gruppenabteilung.jpg","type":"image\/jpeg"}],"author":"OLIMAR Redaktionsteam","twitter_misc":{"Verfasst von":"OLIMAR Redaktionsteam","Gesch\u00e4tzte Lesezeit":"2\u00a0Minuten"},"schema":{"@context":"https:\/\/schema.org","@graph":[{"@type":"WebPage","@id":"https:\/\/blog.olimar.de\/olimar-gruppenabteilung\/","url":"https:\/\/blog.olimar.de\/olimar-gruppenabteilung\/","name":"\u00dcber die Schulter geschaut: die OLIMAR Gruppenabteilung","isPartOf":{"@id":"https:\/\/blog.olimar.de\/#website"},"primaryImageOfPage":{"@id":"https:\/\/blog.olimar.de\/olimar-gruppenabteilung\/#primaryimage"},"image":{"@id":"https:\/\/blog.olimar.de\/olimar-gruppenabteilung\/#primaryimage"},"thumbnailUrl":"https:\/\/blog.olimar.de\/wp-content\/uploads\/2016\/03\/Gruppenabteilung.jpg","datePublished":"2016-03-24T11:29:12+00:00","dateModified":"2022-07-07T11:36:47+00:00","description":"Gonca Dag ist Auszubildende zur Tourismuskauffrau bei OLIMAR und interviewte f\u00fcr das Sonnenseiten-Magazin ihre Kolleginnen der Gruppenabteilung.","breadcrumb":{"@id":"https:\/\/blog.olimar.de\/olimar-gruppenabteilung\/#breadcrumb"},"inLanguage":"de","potentialAction":[{"@type":"ReadAction","target":["https:\/\/blog.olimar.de\/olimar-gruppenabteilung\/"]}]},{"@type":"ImageObject","inLanguage":"de","@id":"https:\/\/blog.olimar.de\/olimar-gruppenabteilung\/#primaryimage","url":"https:\/\/blog.olimar.de\/wp-content\/uploads\/2016\/03\/Gruppenabteilung.jpg","contentUrl":"https:\/\/blog.olimar.de\/wp-content\/uploads\/2016\/03\/Gruppenabteilung.jpg","width":3496,"height":3496,"caption":"OLIMAR Gruppenabteilung"},{"@type":"BreadcrumbList","@id":"https:\/\/blog.olimar.de\/olimar-gruppenabteilung\/#breadcrumb","itemListElement":[{"@type":"ListItem","position":1,"name":"Home","item":"https:\/\/blog.olimar.de\/"},{"@type":"ListItem","position":2,"name":"\u00dcber die Schulter geschaut: die OLIMAR Gruppenabteilung"}]},{"@type":"WebSite","@id":"https:\/\/blog.olimar.de\/#website","url":"https:\/\/blog.olimar.de\/","name":"OLIMAR.com","description":"","publisher":{"@id":"https:\/\/blog.olimar.de\/#organization"},"potentialAction":[{"@type":"SearchAction","target":{"@type":"EntryPoint","urlTemplate":"https:\/\/blog.olimar.de\/?s={search_term_string}"},"query-input":{"@type":"PropertyValueSpecification","valueRequired":true,"valueName":"search_term_string"}}],"inLanguage":"de"},{"@type":"Organization","@id":"https:\/\/blog.olimar.de\/#organization","name":"OLIMAR Reisen","url":"https:\/\/blog.olimar.de\/","logo":{"@type":"ImageObject","inLanguage":"de","@id":"https:\/\/blog.olimar.de\/#\/schema\/logo\/image\/","url":"https:\/\/blog.olimar.de\/wp-content\/uploads\/2021\/01\/OLIMAR_Logo_COLOR.png","contentUrl":"https:\/\/blog.olimar.de\/wp-content\/uploads\/2021\/01\/OLIMAR_Logo_COLOR.png","width":2000,"height":986,"caption":"OLIMAR Reisen"},"image":{"@id":"https:\/\/blog.olimar.de\/#\/schema\/logo\/image\/"},"sameAs":["https:\/\/www.facebook.com\/OlimarReisen","https:\/\/x.com\/olimarrreisen","https:\/\/www.instagram.com\/olimarreisen","https:\/\/www.youtube.com\/user\/olimarreisen"]}]}},"modified_by":"Julia Windh\u00f6vel","jetpack_featured_media_url":"https:\/\/blog.olimar.de\/wp-content\/uploads\/2016\/03\/Gruppenabteilung.jpg","_links":{"self":[{"href":"https:\/\/blog.olimar.de\/wp-json\/wp\/v2\/posts\/4155","targetHints":{"allow":["GET"]}}],"collection":[{"href":"https:\/\/blog.olimar.de\/wp-json\/wp\/v2\/posts"}],"about":[{"href":"https:\/\/blog.olimar.de\/wp-json\/wp\/v2\/types\/post"}],"author":[{"embeddable":true,"href":"https:\/\/blog.olimar.de\/wp-json\/wp\/v2\/users\/9"}],"replies":[{"embeddable":true,"href":"https:\/\/blog.olimar.de\/wp-json\/wp\/v2\/comments?post=4155"}],"version-history":[{"count":6,"href":"https:\/\/blog.olimar.de\/wp-json\/wp\/v2\/posts\/4155\/revisions"}],"predecessor-version":[{"id":19029,"href":"https:\/\/blog.olimar.de\/wp-json\/wp\/v2\/posts\/4155\/revisions\/19029"}],"wp:featuredmedia":[{"embeddable":true,"href":"https:\/\/blog.olimar.de\/wp-json\/wp\/v2\/media\/4160"}],"wp:attachment":[{"href":"https:\/\/blog.olimar.de\/wp-json\/wp\/v2\/media?parent=4155"}],"wp:term":[{"taxonomy":"category","embeddable":true,"href":"https:\/\/blog.olimar.de\/wp-json\/wp\/v2\/categories?post=4155"},{"taxonomy":"post_tag","embeddable":true,"href":"https:\/\/blog.olimar.de\/wp-json\/wp\/v2\/tags?post=4155"}],"curies":[{"name":"wp","href":"https:\/\/api.w.org\/{rel}","templated":true}]}}