{"id":4819,"date":"2016-04-18T16:23:48","date_gmt":"2016-04-18T14:23:48","guid":{"rendered":"https:\/\/blog.olimar.de\/?p=4819"},"modified":"2023-01-01T16:20:55","modified_gmt":"2023-01-01T15:20:55","slug":"sao-miguel-mit-dem-mietwagen","status":"publish","type":"post","link":"https:\/\/blog.olimar.de\/sao-miguel-mit-dem-mietwagen\/","title":{"rendered":"Mit dem Mietwagen S\u00e3o Miguel erkunden"},"content":{"rendered":"<p style=\"text-align: justify;\">Gleich am ersten Morgen auf der <a href=\"https:\/\/www.olimar.de\/portugal\/azoren\/sao-miguel\/\" rel=\"noopener\">Azoren-Insel S\u00e3o Miguel<\/a> begr\u00fc\u00dft uns die Natur in unserem Zimmer des <a href=\"https:\/\/rms.olimar.de\/code\/PDL241\" rel=\"noopener\">Caloura Resort Hotel<\/a> mit diesem phantastischen Schauspiel:<\/p>\n<p style=\"text-align: justify;\"><img loading=\"lazy\" decoding=\"async\" class=\"alignnone size-large wp-image-4821\" src=\"https:\/\/blog.olimar.de\/wp-content\/uploads\/2016\/04\/DSC_7185-1024x684.jpg\" alt=\"DSC_7185\" width=\"840\" height=\"561\" srcset=\"https:\/\/blog.olimar.de\/wp-content\/uploads\/2016\/04\/DSC_7185-1024x684.jpg 1024w, https:\/\/blog.olimar.de\/wp-content\/uploads\/2016\/04\/DSC_7185-300x200.jpg 300w, https:\/\/blog.olimar.de\/wp-content\/uploads\/2016\/04\/DSC_7185-768x513.jpg 768w, https:\/\/blog.olimar.de\/wp-content\/uploads\/2016\/04\/DSC_7185-840x560.jpg 840w, https:\/\/blog.olimar.de\/wp-content\/uploads\/2016\/04\/DSC_7185-1200x800.jpg 1200w, https:\/\/blog.olimar.de\/wp-content\/uploads\/2016\/04\/DSC_7185.jpg 2000w\" sizes=\"auto, (max-width: 840px) 100vw, 840px\" \/><\/p>\n<p style=\"text-align: justify;\">Das macht uns noch mehr Lust, die Sch\u00f6nheiten der gr\u00f6\u00dften Azoren-Insel m\u00f6glichst schnell und ausgiebig mit dem Mietwagen zu erkunden. Und so starten wir fr\u00fchzeitig mit dem Auto Richtung Westk\u00fcste.<\/p>\n<p style=\"text-align: justify;\">Nachdem wir Caloura verlassen haben, finden wir auch schon das erste Schild \u201e<strong>Miradouro<\/strong>\u201c. Nichts wie hin, denn das steht ja f\u00fcr \u201a<strong>Aussichtspunkt<\/strong>\u2018. Und tats\u00e4chlich gibt es hier einen sch\u00f6nen Rundblick und ein nettes Picknickpl\u00e4tzchen. Es ist alles so herrlich gr\u00fcn\u2026<\/p>\n<p style=\"text-align: justify;\">Wir nehmen die kleine K\u00fcstenstra\u00dfe Richtung <strong>Ponta Delgada<\/strong> und pl\u00f6tzlich sehen wir in <strong>Livramento<\/strong> links einen ungew\u00f6hnlichen <strong>Sandstrand:<\/strong> schwarzer Sand mit einem rosa Streifen. Die rosa Farbe kommt durch tausende winzig kleine Muschelschalen. Wir sind ganz alleine am Strand und er ist recht lang. Einfach wundersch\u00f6n!<\/p>\n<p style=\"text-align: justify;\"><a href=\"https:\/\/blog.olimar.de\/wp-content\/uploads\/2016\/04\/DSC_7193.jpg\"><img loading=\"lazy\" decoding=\"async\" class=\"alignnone size-large wp-image-4822\" src=\"https:\/\/blog.olimar.de\/wp-content\/uploads\/2016\/04\/DSC_7193-1024x684.jpg\" alt=\"DSC_7193\" width=\"840\" height=\"561\" srcset=\"https:\/\/blog.olimar.de\/wp-content\/uploads\/2016\/04\/DSC_7193-1024x684.jpg 1024w, https:\/\/blog.olimar.de\/wp-content\/uploads\/2016\/04\/DSC_7193-300x200.jpg 300w, https:\/\/blog.olimar.de\/wp-content\/uploads\/2016\/04\/DSC_7193-768x513.jpg 768w, https:\/\/blog.olimar.de\/wp-content\/uploads\/2016\/04\/DSC_7193-840x560.jpg 840w, https:\/\/blog.olimar.de\/wp-content\/uploads\/2016\/04\/DSC_7193-1200x800.jpg 1200w, https:\/\/blog.olimar.de\/wp-content\/uploads\/2016\/04\/DSC_7193.jpg 2000w\" sizes=\"auto, (max-width: 840px) 100vw, 840px\" \/><\/a> <a href=\"https:\/\/blog.olimar.de\/wp-content\/uploads\/2016\/04\/DSC_7202.jpg\"><img loading=\"lazy\" decoding=\"async\" class=\"alignnone size-large wp-image-4824\" src=\"https:\/\/blog.olimar.de\/wp-content\/uploads\/2016\/04\/DSC_7202-1024x684.jpg\" alt=\"DSC_7202\" width=\"840\" height=\"561\" srcset=\"https:\/\/blog.olimar.de\/wp-content\/uploads\/2016\/04\/DSC_7202-1024x684.jpg 1024w, https:\/\/blog.olimar.de\/wp-content\/uploads\/2016\/04\/DSC_7202-300x200.jpg 300w, https:\/\/blog.olimar.de\/wp-content\/uploads\/2016\/04\/DSC_7202-768x513.jpg 768w, https:\/\/blog.olimar.de\/wp-content\/uploads\/2016\/04\/DSC_7202-840x560.jpg 840w, https:\/\/blog.olimar.de\/wp-content\/uploads\/2016\/04\/DSC_7202-1200x800.jpg 1200w, https:\/\/blog.olimar.de\/wp-content\/uploads\/2016\/04\/DSC_7202.jpg 2000w\" sizes=\"auto, (max-width: 840px) 100vw, 840px\" \/><\/a><\/p>\n<p style=\"text-align: justify;\">Am Ende des Strandes sieht man schon die schmale Landzunge, unser n\u00e4chstes Etappenziel. Wir fahren ein paar hundert Meter bis Rosto Do C\u00e3o und klettern auf die Felsen. Das Meer schillert in allen Farben und hebt sich dadurch gegen die schwarzen Lava-Felsen ab. \u00dcberall gr\u00fcnt und bl\u00fcht es &#8211; auch zwischen den Steinsbrocken. Nachdem wir genug Wellen beobachtet haben, zieht es uns weiter in die Markthalle von Ponta Delgada.<\/p>\n<p style=\"text-align: justify;\"><a href=\"https:\/\/blog.olimar.de\/wp-content\/uploads\/2016\/04\/DSC_7230.jpg\"><img loading=\"lazy\" decoding=\"async\" class=\"alignnone size-large wp-image-4831\" src=\"https:\/\/blog.olimar.de\/wp-content\/uploads\/2016\/04\/DSC_7230-1024x684.jpg\" alt=\"DSC_7230\" width=\"840\" height=\"561\" srcset=\"https:\/\/blog.olimar.de\/wp-content\/uploads\/2016\/04\/DSC_7230-1024x684.jpg 1024w, https:\/\/blog.olimar.de\/wp-content\/uploads\/2016\/04\/DSC_7230-300x200.jpg 300w, https:\/\/blog.olimar.de\/wp-content\/uploads\/2016\/04\/DSC_7230-768x513.jpg 768w, https:\/\/blog.olimar.de\/wp-content\/uploads\/2016\/04\/DSC_7230-840x560.jpg 840w, https:\/\/blog.olimar.de\/wp-content\/uploads\/2016\/04\/DSC_7230-1200x800.jpg 1200w, https:\/\/blog.olimar.de\/wp-content\/uploads\/2016\/04\/DSC_7230.jpg 2000w\" sizes=\"auto, (max-width: 840px) 100vw, 840px\" \/><\/a><\/p>\n<p style=\"text-align: justify;\">Wir parken in der Tiefgarage und gehen die paar Meter zu Fu\u00df. Aber wir sind anscheinend zu sp\u00e4t. Es gibt nur noch wenige offene Marktst\u00e4nde. Alle anderen sind bereits mit Planen abgedeckt. Doch an der Seite der Markthalle gibt es einen K\u00e4seladen. Ge\u00f6ffnet! Die Laibe lagern bis unter die Decke. Wir bestellen zehn verschiedene K\u00e4se. Von allem etwas. Der Verk\u00e4ufer ist etwas gro\u00dfz\u00fcgig mit seinem Messer, aber egal. Wir nehmen noch ein regionales Brot dazu und das s\u00fc\u00dfe Nachtischbrot Bolo Levedo. Am Schluss zahlen wir gerade mal 13 Euro\u2026!<\/p>\n<p style=\"text-align: justify;\"><a href=\"https:\/\/blog.olimar.de\/wp-content\/uploads\/2016\/04\/DSC_7248.jpg\"><img loading=\"lazy\" decoding=\"async\" class=\"alignnone size-large wp-image-4836\" src=\"https:\/\/blog.olimar.de\/wp-content\/uploads\/2016\/04\/DSC_7248-1024x684.jpg\" alt=\"DSC_7248\" width=\"840\" height=\"561\" srcset=\"https:\/\/blog.olimar.de\/wp-content\/uploads\/2016\/04\/DSC_7248-1024x684.jpg 1024w, https:\/\/blog.olimar.de\/wp-content\/uploads\/2016\/04\/DSC_7248-300x200.jpg 300w, https:\/\/blog.olimar.de\/wp-content\/uploads\/2016\/04\/DSC_7248-768x513.jpg 768w, https:\/\/blog.olimar.de\/wp-content\/uploads\/2016\/04\/DSC_7248-840x560.jpg 840w, https:\/\/blog.olimar.de\/wp-content\/uploads\/2016\/04\/DSC_7248-1200x800.jpg 1200w, https:\/\/blog.olimar.de\/wp-content\/uploads\/2016\/04\/DSC_7248.jpg 2000w\" sizes=\"auto, (max-width: 840px) 100vw, 840px\" \/><\/a><\/p>\n<p style=\"text-align: justify;\">Wir fahren weiter Richtung Flughafen, und dort zu unserem Autovermieter. Denn wir haben am Vorabend bemerkt, dass ein Scheinwerfer vorne nicht funktioniert. Es gibt gerade kein Ersatzfahrzeug, aber ein Mitarbeiter kommt und holt uns ab. Wir fahren ihm hinterher durch super schmale kleine G\u00e4sschen Ponta Delgadas und sind in wenigen Minuten in der Werkstatt. Die Birne wird getauscht und kurz drauf sind wir schon wieder unterwegs. <strong>Toller Service<\/strong>!<\/p>\n<p style=\"text-align: justify;\"><a href=\"https:\/\/blog.olimar.de\/wp-content\/uploads\/2016\/04\/DSC_7252.jpg\"><img loading=\"lazy\" decoding=\"async\" class=\"alignnone size-large wp-image-4837\" src=\"https:\/\/blog.olimar.de\/wp-content\/uploads\/2016\/04\/DSC_7252-1024x684.jpg\" alt=\"DSC_7252\" width=\"840\" height=\"561\" srcset=\"https:\/\/blog.olimar.de\/wp-content\/uploads\/2016\/04\/DSC_7252-1024x684.jpg 1024w, https:\/\/blog.olimar.de\/wp-content\/uploads\/2016\/04\/DSC_7252-300x200.jpg 300w, https:\/\/blog.olimar.de\/wp-content\/uploads\/2016\/04\/DSC_7252-768x513.jpg 768w, https:\/\/blog.olimar.de\/wp-content\/uploads\/2016\/04\/DSC_7252-840x560.jpg 840w, https:\/\/blog.olimar.de\/wp-content\/uploads\/2016\/04\/DSC_7252-1200x800.jpg 1200w, https:\/\/blog.olimar.de\/wp-content\/uploads\/2016\/04\/DSC_7252.jpg 2000w\" sizes=\"auto, (max-width: 840px) 100vw, 840px\" \/><\/a><\/p>\n<p style=\"text-align: justify;\">Und weiter geht unsere Tour Richtung Westk\u00fcste von S\u00e3o Miguel mit dem Mietwagen. Wir fahren die K\u00fcste entlang Richtung Feteiras und halten an einem weiteren Aussichts- und Picknickpunkt. F\u00fcr unser Mittagessen ist es uns hier jedoch zu windig. Also geht&#8217;s weiter und kurz darauf werden wir in Feteiras mit einem tollen Platz f\u00fcr unser <strong>K\u00e4sebuffett <\/strong>f\u00fcndig. Er ist windgesch\u00fctzt und hat eine tolle Aussicht.<\/p>\n<p style=\"text-align: justify;\"><a href=\"https:\/\/blog.olimar.de\/wp-content\/uploads\/2016\/04\/DSC_7266_5_4_HDR.jpg\"><img loading=\"lazy\" decoding=\"async\" class=\"alignnone size-large wp-image-4841\" src=\"https:\/\/blog.olimar.de\/wp-content\/uploads\/2016\/04\/DSC_7266_5_4_HDR-1024x677.jpg\" alt=\"DSC_7266_5_4_HDR\" width=\"840\" height=\"555\" srcset=\"https:\/\/blog.olimar.de\/wp-content\/uploads\/2016\/04\/DSC_7266_5_4_HDR-1024x677.jpg 1024w, https:\/\/blog.olimar.de\/wp-content\/uploads\/2016\/04\/DSC_7266_5_4_HDR-300x198.jpg 300w, https:\/\/blog.olimar.de\/wp-content\/uploads\/2016\/04\/DSC_7266_5_4_HDR-768x508.jpg 768w, https:\/\/blog.olimar.de\/wp-content\/uploads\/2016\/04\/DSC_7266_5_4_HDR.jpg 2000w\" sizes=\"auto, (max-width: 840px) 100vw, 840px\" \/><\/a><\/p>\n<p style=\"text-align: justify;\">Wir probieren alle K\u00e4se durch. Einer ist leckerer als der n\u00e4chste. Zum Abschluss gibt es das s\u00fc\u00dfe Brot. Perfekt! Gut gest\u00e4rkt geht unsere Tour nun weiter.<\/p>\n<p style=\"text-align: justify;\"><img loading=\"lazy\" decoding=\"async\" class=\"alignnone size-large wp-image-4843\" src=\"https:\/\/blog.olimar.de\/wp-content\/uploads\/2016\/04\/DSC_7270-1024x684.jpg\" alt=\"DSC_7270\" width=\"840\" height=\"561\" srcset=\"https:\/\/blog.olimar.de\/wp-content\/uploads\/2016\/04\/DSC_7270-1024x684.jpg 1024w, https:\/\/blog.olimar.de\/wp-content\/uploads\/2016\/04\/DSC_7270-300x200.jpg 300w, https:\/\/blog.olimar.de\/wp-content\/uploads\/2016\/04\/DSC_7270-768x513.jpg 768w, https:\/\/blog.olimar.de\/wp-content\/uploads\/2016\/04\/DSC_7270-840x560.jpg 840w, https:\/\/blog.olimar.de\/wp-content\/uploads\/2016\/04\/DSC_7270-1200x800.jpg 1200w, https:\/\/blog.olimar.de\/wp-content\/uploads\/2016\/04\/DSC_7270.jpg 2000w\" sizes=\"auto, (max-width: 840px) 100vw, 840px\" \/><\/p>\n<p style=\"text-align: justify;\">Im kleinen \u00d6rtchen Ginetes treffen wir auf zwei Bauern auf einem Pferdewagen mit Milchkannen. Die K\u00fche sind hier eigentlich immer auf der Weide und die Bauern fahren zum Melken dorthin. Viele haben inzwischen einen Pickup, aber es gibt auch noch einige Bauern, die den Pferdewagen nutzen. Immer wieder sieht man auch alte Bauernh\u00e4user komplett aus Steinen aufgeschichtet.<\/p>\n<p style=\"text-align: justify;\"><a href=\"https:\/\/blog.olimar.de\/wp-content\/uploads\/2016\/04\/DSC_7271.jpg\"><img loading=\"lazy\" decoding=\"async\" class=\"alignnone size-large wp-image-4844\" src=\"https:\/\/blog.olimar.de\/wp-content\/uploads\/2016\/04\/DSC_7271-1024x684.jpg\" alt=\"DSC_7271\" width=\"840\" height=\"561\" srcset=\"https:\/\/blog.olimar.de\/wp-content\/uploads\/2016\/04\/DSC_7271-1024x684.jpg 1024w, https:\/\/blog.olimar.de\/wp-content\/uploads\/2016\/04\/DSC_7271-300x200.jpg 300w, https:\/\/blog.olimar.de\/wp-content\/uploads\/2016\/04\/DSC_7271-768x513.jpg 768w, https:\/\/blog.olimar.de\/wp-content\/uploads\/2016\/04\/DSC_7271-840x560.jpg 840w, https:\/\/blog.olimar.de\/wp-content\/uploads\/2016\/04\/DSC_7271-1200x800.jpg 1200w, https:\/\/blog.olimar.de\/wp-content\/uploads\/2016\/04\/DSC_7271.jpg 2000w\" sizes=\"auto, (max-width: 840px) 100vw, 840px\" \/><\/a><\/p>\n<p style=\"text-align: justify;\">Unser n\u00e4chstes Ziel sind die <strong>hei\u00dfen Lavabecken am Strand von Ferraria<\/strong>. Hier st\u00fcrmt es richtig. Die Wellen t\u00fcrmen sich meterhoch. Wir werden ziemlich nass von der Gischt, aber irgendwie ist es auch faszinierend. Auch das Lavabecken wird heute von Wellen \u00fcbersp\u00fclt. Aber auch in dem neuen Schwimmbecken ist niemand anzutreffen. Beeindruckend sind wieder die versteinerten Lavamassen und dieses tolle Schwarz. Endlich k\u00f6nnen wir uns von der Brandung losrei\u00dfen und fahren wieder den Berg hinauf.<\/p>\n<p style=\"text-align: justify;\"><a href=\"https:\/\/blog.olimar.de\/wp-content\/uploads\/2016\/04\/DSC_7275.jpg\"><img loading=\"lazy\" decoding=\"async\" class=\"alignnone size-large wp-image-4846\" src=\"https:\/\/blog.olimar.de\/wp-content\/uploads\/2016\/04\/DSC_7275-1024x684.jpg\" alt=\"DSC_7275\" width=\"840\" height=\"561\" srcset=\"https:\/\/blog.olimar.de\/wp-content\/uploads\/2016\/04\/DSC_7275-1024x684.jpg 1024w, https:\/\/blog.olimar.de\/wp-content\/uploads\/2016\/04\/DSC_7275-300x200.jpg 300w, https:\/\/blog.olimar.de\/wp-content\/uploads\/2016\/04\/DSC_7275-768x513.jpg 768w, https:\/\/blog.olimar.de\/wp-content\/uploads\/2016\/04\/DSC_7275-840x560.jpg 840w, https:\/\/blog.olimar.de\/wp-content\/uploads\/2016\/04\/DSC_7275-1200x800.jpg 1200w, https:\/\/blog.olimar.de\/wp-content\/uploads\/2016\/04\/DSC_7275.jpg 2000w\" sizes=\"auto, (max-width: 840px) 100vw, 840px\" \/><\/a> <a href=\"https:\/\/blog.olimar.de\/wp-content\/uploads\/2016\/04\/DSC_7283.jpg\"><img loading=\"lazy\" decoding=\"async\" class=\"alignnone size-large wp-image-4847\" src=\"https:\/\/blog.olimar.de\/wp-content\/uploads\/2016\/04\/DSC_7283-1024x684.jpg\" alt=\"DSC_7283\" width=\"840\" height=\"561\" srcset=\"https:\/\/blog.olimar.de\/wp-content\/uploads\/2016\/04\/DSC_7283-1024x684.jpg 1024w, https:\/\/blog.olimar.de\/wp-content\/uploads\/2016\/04\/DSC_7283-300x200.jpg 300w, https:\/\/blog.olimar.de\/wp-content\/uploads\/2016\/04\/DSC_7283-768x513.jpg 768w, https:\/\/blog.olimar.de\/wp-content\/uploads\/2016\/04\/DSC_7283-840x560.jpg 840w, https:\/\/blog.olimar.de\/wp-content\/uploads\/2016\/04\/DSC_7283-1200x800.jpg 1200w, https:\/\/blog.olimar.de\/wp-content\/uploads\/2016\/04\/DSC_7283.jpg 2000w\" sizes=\"auto, (max-width: 840px) 100vw, 840px\" \/><\/a> <a href=\"https:\/\/blog.olimar.de\/wp-content\/uploads\/2016\/04\/DSC_7307.jpg\"><img loading=\"lazy\" decoding=\"async\" class=\"alignnone size-large wp-image-4849\" src=\"https:\/\/blog.olimar.de\/wp-content\/uploads\/2016\/04\/DSC_7307-1024x684.jpg\" alt=\"DSC_7307\" width=\"840\" height=\"561\" srcset=\"https:\/\/blog.olimar.de\/wp-content\/uploads\/2016\/04\/DSC_7307-1024x684.jpg 1024w, https:\/\/blog.olimar.de\/wp-content\/uploads\/2016\/04\/DSC_7307-300x200.jpg 300w, https:\/\/blog.olimar.de\/wp-content\/uploads\/2016\/04\/DSC_7307-768x513.jpg 768w, https:\/\/blog.olimar.de\/wp-content\/uploads\/2016\/04\/DSC_7307-840x560.jpg 840w, https:\/\/blog.olimar.de\/wp-content\/uploads\/2016\/04\/DSC_7307-1200x800.jpg 1200w, https:\/\/blog.olimar.de\/wp-content\/uploads\/2016\/04\/DSC_7307.jpg 2000w\" sizes=\"auto, (max-width: 840px) 100vw, 840px\" \/><\/a> <a href=\"https:\/\/blog.olimar.de\/wp-content\/uploads\/2016\/04\/DSC_7318.jpg\"><img loading=\"lazy\" decoding=\"async\" class=\"alignnone size-large wp-image-4852\" src=\"https:\/\/blog.olimar.de\/wp-content\/uploads\/2016\/04\/DSC_7318-1024x684.jpg\" alt=\"DSC_7318\" width=\"840\" height=\"561\" srcset=\"https:\/\/blog.olimar.de\/wp-content\/uploads\/2016\/04\/DSC_7318-1024x684.jpg 1024w, https:\/\/blog.olimar.de\/wp-content\/uploads\/2016\/04\/DSC_7318-300x200.jpg 300w, https:\/\/blog.olimar.de\/wp-content\/uploads\/2016\/04\/DSC_7318-768x513.jpg 768w, https:\/\/blog.olimar.de\/wp-content\/uploads\/2016\/04\/DSC_7318-840x560.jpg 840w, https:\/\/blog.olimar.de\/wp-content\/uploads\/2016\/04\/DSC_7318-1200x800.jpg 1200w, https:\/\/blog.olimar.de\/wp-content\/uploads\/2016\/04\/DSC_7318.jpg 2000w\" sizes=\"auto, (max-width: 840px) 100vw, 840px\" \/><\/a><\/p>\n<p style=\"text-align: justify;\">Wir fahren weiter Richtung <strong>Mosteiros<\/strong> und halten immer wieder an sch\u00f6nen Aussichtspunkten und Picknickpl\u00e4tzen an. Diese Pl\u00e4tze sind zum Teil riesig. Alles ist gut gepflegt und im Sommer kann man dort sogar Grillholz bekommen.<\/p>\n<p style=\"text-align: justify;\">Auf dem R\u00fcckweg fahren wir \u00fcber <strong>Sete Cidades, <\/strong>dem Ort, der im Kraterkessel am Ufer des ber\u00fchmten Doppelsees liegt. Die Beschreibung einer sch\u00f6nen Wandertour rund um die Seen ist \u00fcbrigens <a href=\"https:\/\/blog.olimar.de\/sete-cidades-einmal-um-den-beruehmtesten-azoren-krater-wandern\/\">in diesem Artikel<\/a> nachzulesen. Am Wegesrand sehen wir noch die Reste der Azaleenbl\u00fcte in allen Farben: rot, orange, wei\u00df, rosa\u2026<\/p>\n<p style=\"text-align: justify;\"><a href=\"https:\/\/blog.olimar.de\/wp-content\/uploads\/2016\/04\/DSC_7322-Pano.jpg\"><img loading=\"lazy\" decoding=\"async\" class=\"alignnone size-large wp-image-4854\" src=\"https:\/\/blog.olimar.de\/wp-content\/uploads\/2016\/04\/DSC_7322-Pano-1024x447.jpg\" alt=\"DSC_7322-Pano\" width=\"840\" height=\"367\" srcset=\"https:\/\/blog.olimar.de\/wp-content\/uploads\/2016\/04\/DSC_7322-Pano-1024x447.jpg 1024w, https:\/\/blog.olimar.de\/wp-content\/uploads\/2016\/04\/DSC_7322-Pano-300x131.jpg 300w, https:\/\/blog.olimar.de\/wp-content\/uploads\/2016\/04\/DSC_7322-Pano-768x336.jpg 768w, https:\/\/blog.olimar.de\/wp-content\/uploads\/2016\/04\/DSC_7322-Pano.jpg 2000w\" sizes=\"auto, (max-width: 840px) 100vw, 840px\" \/><\/a><\/p>\n<p style=\"text-align: justify;\">Wir sind beeindruckt von den <strong>vielen verschiedenen Gr\u00fcnt\u00f6nen<\/strong>, den vielen K\u00fchen, die man \u00fcberall sieht. Uns gef\u00e4llt die tolle K\u00e4seauswahl an regionalen Sorten und das leckere Inselbrot. Eine wirklich faszinierende Naturvielfalt. Und es gibt viele gute und gut ausgebaute Aussichtspunkte.<\/p>\n<p style=\"text-align: justify;\">S\u00e3o Miguel mit dem Mietwagen zu erkunden sollte aus unserer Sicht unbedingt zu einem Azoren-Urlaub dazugeh\u00f6ren!<\/p>\n<div id='gallery-1' class='gallery galleryid-4819 gallery-columns-3 gallery-size-medium'><dl class='gallery-item'>\n\t\t\t<dt class='gallery-icon landscape'>\n\t\t\t\t<a href='https:\/\/blog.olimar.de\/wp-content\/uploads\/2016\/04\/DSC_7185.jpg'><img loading=\"lazy\" decoding=\"async\" width=\"300\" height=\"200\" src=\"https:\/\/blog.olimar.de\/wp-content\/uploads\/2016\/04\/DSC_7185-300x200.jpg\" class=\"attachment-medium size-medium\" alt=\"Regenbogen Azoren Sao Miguel\" srcset=\"https:\/\/blog.olimar.de\/wp-content\/uploads\/2016\/04\/DSC_7185-300x200.jpg 300w, https:\/\/blog.olimar.de\/wp-content\/uploads\/2016\/04\/DSC_7185-768x513.jpg 768w, https:\/\/blog.olimar.de\/wp-content\/uploads\/2016\/04\/DSC_7185-1024x684.jpg 1024w, https:\/\/blog.olimar.de\/wp-content\/uploads\/2016\/04\/DSC_7185-840x560.jpg 840w, https:\/\/blog.olimar.de\/wp-content\/uploads\/2016\/04\/DSC_7185-1200x800.jpg 1200w, https:\/\/blog.olimar.de\/wp-content\/uploads\/2016\/04\/DSC_7185.jpg 2000w\" sizes=\"auto, (max-width: 300px) 100vw, 300px\" \/><\/a>\n\t\t\t<\/dt><\/dl><dl class='gallery-item'>\n\t\t\t<dt class='gallery-icon landscape'>\n\t\t\t\t<a href='https:\/\/blog.olimar.de\/wp-content\/uploads\/2016\/04\/DSC_7202.jpg'><img loading=\"lazy\" decoding=\"async\" width=\"300\" height=\"200\" src=\"https:\/\/blog.olimar.de\/wp-content\/uploads\/2016\/04\/DSC_7202-300x200.jpg\" class=\"attachment-medium size-medium\" alt=\"Frau am Strand Azoren Sao Miguel\" srcset=\"https:\/\/blog.olimar.de\/wp-content\/uploads\/2016\/04\/DSC_7202-300x200.jpg 300w, https:\/\/blog.olimar.de\/wp-content\/uploads\/2016\/04\/DSC_7202-768x513.jpg 768w, https:\/\/blog.olimar.de\/wp-content\/uploads\/2016\/04\/DSC_7202-1024x684.jpg 1024w, https:\/\/blog.olimar.de\/wp-content\/uploads\/2016\/04\/DSC_7202-840x560.jpg 840w, https:\/\/blog.olimar.de\/wp-content\/uploads\/2016\/04\/DSC_7202-1200x800.jpg 1200w, https:\/\/blog.olimar.de\/wp-content\/uploads\/2016\/04\/DSC_7202.jpg 2000w\" sizes=\"auto, (max-width: 300px) 100vw, 300px\" \/><\/a>\n\t\t\t<\/dt><\/dl><dl class='gallery-item'>\n\t\t\t<dt class='gallery-icon landscape'>\n\t\t\t\t<a href='https:\/\/blog.olimar.de\/wp-content\/uploads\/2016\/04\/DSC_7193.jpg'><img loading=\"lazy\" decoding=\"async\" width=\"300\" height=\"200\" src=\"https:\/\/blog.olimar.de\/wp-content\/uploads\/2016\/04\/DSC_7193-300x200.jpg\" class=\"attachment-medium size-medium\" alt=\"Sandkorn in der Hand Sao Miguel K\u00fcste\" srcset=\"https:\/\/blog.olimar.de\/wp-content\/uploads\/2016\/04\/DSC_7193-300x200.jpg 300w, https:\/\/blog.olimar.de\/wp-content\/uploads\/2016\/04\/DSC_7193-768x513.jpg 768w, https:\/\/blog.olimar.de\/wp-content\/uploads\/2016\/04\/DSC_7193-1024x684.jpg 1024w, https:\/\/blog.olimar.de\/wp-content\/uploads\/2016\/04\/DSC_7193-840x560.jpg 840w, https:\/\/blog.olimar.de\/wp-content\/uploads\/2016\/04\/DSC_7193-1200x800.jpg 1200w, https:\/\/blog.olimar.de\/wp-content\/uploads\/2016\/04\/DSC_7193.jpg 2000w\" sizes=\"auto, (max-width: 300px) 100vw, 300px\" \/><\/a>\n\t\t\t<\/dt><\/dl><br style=\"clear: both\" \/><dl class='gallery-item'>\n\t\t\t<dt class='gallery-icon landscape'>\n\t\t\t\t<a href='https:\/\/blog.olimar.de\/wp-content\/uploads\/2016\/04\/DSC_7199.jpg'><img loading=\"lazy\" decoding=\"async\" width=\"300\" height=\"200\" src=\"https:\/\/blog.olimar.de\/wp-content\/uploads\/2016\/04\/DSC_7199-300x200.jpg\" class=\"attachment-medium size-medium\" alt=\"Frau am Strand Azoren Sao Miguel\" srcset=\"https:\/\/blog.olimar.de\/wp-content\/uploads\/2016\/04\/DSC_7199-300x200.jpg 300w, https:\/\/blog.olimar.de\/wp-content\/uploads\/2016\/04\/DSC_7199-768x513.jpg 768w, https:\/\/blog.olimar.de\/wp-content\/uploads\/2016\/04\/DSC_7199-1024x684.jpg 1024w, https:\/\/blog.olimar.de\/wp-content\/uploads\/2016\/04\/DSC_7199-840x560.jpg 840w, https:\/\/blog.olimar.de\/wp-content\/uploads\/2016\/04\/DSC_7199-1200x800.jpg 1200w, https:\/\/blog.olimar.de\/wp-content\/uploads\/2016\/04\/DSC_7199.jpg 2000w\" sizes=\"auto, (max-width: 300px) 100vw, 300px\" \/><\/a>\n\t\t\t<\/dt><\/dl><dl class='gallery-item'>\n\t\t\t<dt class='gallery-icon landscape'>\n\t\t\t\t<a href='https:\/\/blog.olimar.de\/wp-content\/uploads\/2016\/04\/DSC_7206.jpg'><img loading=\"lazy\" decoding=\"async\" width=\"300\" height=\"200\" src=\"https:\/\/blog.olimar.de\/wp-content\/uploads\/2016\/04\/DSC_7206-300x200.jpg\" class=\"attachment-medium size-medium\" alt=\"F\u00fc\u00dfe am Strand Sao Miguel Azoren\" srcset=\"https:\/\/blog.olimar.de\/wp-content\/uploads\/2016\/04\/DSC_7206-300x200.jpg 300w, https:\/\/blog.olimar.de\/wp-content\/uploads\/2016\/04\/DSC_7206-768x513.jpg 768w, https:\/\/blog.olimar.de\/wp-content\/uploads\/2016\/04\/DSC_7206-1024x684.jpg 1024w, https:\/\/blog.olimar.de\/wp-content\/uploads\/2016\/04\/DSC_7206-840x560.jpg 840w, https:\/\/blog.olimar.de\/wp-content\/uploads\/2016\/04\/DSC_7206-1200x800.jpg 1200w, https:\/\/blog.olimar.de\/wp-content\/uploads\/2016\/04\/DSC_7206.jpg 2000w\" sizes=\"auto, (max-width: 300px) 100vw, 300px\" \/><\/a>\n\t\t\t<\/dt><\/dl><dl class='gallery-item'>\n\t\t\t<dt class='gallery-icon landscape'>\n\t\t\t\t<a href='https:\/\/blog.olimar.de\/wp-content\/uploads\/2016\/04\/DSC_7210_09_08_HDR.jpg'><img loading=\"lazy\" decoding=\"async\" width=\"300\" height=\"199\" src=\"https:\/\/blog.olimar.de\/wp-content\/uploads\/2016\/04\/DSC_7210_09_08_HDR-300x199.jpg\" class=\"attachment-medium size-medium\" alt=\"Kirche und Strand K\u00fcste Sao Miguel\" srcset=\"https:\/\/blog.olimar.de\/wp-content\/uploads\/2016\/04\/DSC_7210_09_08_HDR-300x199.jpg 300w, https:\/\/blog.olimar.de\/wp-content\/uploads\/2016\/04\/DSC_7210_09_08_HDR-768x510.jpg 768w, https:\/\/blog.olimar.de\/wp-content\/uploads\/2016\/04\/DSC_7210_09_08_HDR-1024x679.jpg 1024w, https:\/\/blog.olimar.de\/wp-content\/uploads\/2016\/04\/DSC_7210_09_08_HDR-840x560.jpg 840w, https:\/\/blog.olimar.de\/wp-content\/uploads\/2016\/04\/DSC_7210_09_08_HDR-1200x800.jpg 1200w, https:\/\/blog.olimar.de\/wp-content\/uploads\/2016\/04\/DSC_7210_09_08_HDR.jpg 2000w\" sizes=\"auto, (max-width: 300px) 100vw, 300px\" \/><\/a>\n\t\t\t<\/dt><\/dl><br style=\"clear: both\" \/><dl class='gallery-item'>\n\t\t\t<dt class='gallery-icon landscape'>\n\t\t\t\t<a href='https:\/\/blog.olimar.de\/wp-content\/uploads\/2016\/04\/DSC_7219_8_7_HDR.jpg'><img loading=\"lazy\" decoding=\"async\" width=\"300\" height=\"201\" src=\"https:\/\/blog.olimar.de\/wp-content\/uploads\/2016\/04\/DSC_7219_8_7_HDR-300x201.jpg\" class=\"attachment-medium size-medium\" alt=\"Bunte H\u00e4user an K\u00fcste Sao Miguel Azoren\" srcset=\"https:\/\/blog.olimar.de\/wp-content\/uploads\/2016\/04\/DSC_7219_8_7_HDR-300x201.jpg 300w, https:\/\/blog.olimar.de\/wp-content\/uploads\/2016\/04\/DSC_7219_8_7_HDR-768x514.jpg 768w, https:\/\/blog.olimar.de\/wp-content\/uploads\/2016\/04\/DSC_7219_8_7_HDR-1024x686.jpg 1024w, https:\/\/blog.olimar.de\/wp-content\/uploads\/2016\/04\/DSC_7219_8_7_HDR-840x560.jpg 840w, https:\/\/blog.olimar.de\/wp-content\/uploads\/2016\/04\/DSC_7219_8_7_HDR-1200x800.jpg 1200w, https:\/\/blog.olimar.de\/wp-content\/uploads\/2016\/04\/DSC_7219_8_7_HDR.jpg 2000w\" sizes=\"auto, (max-width: 300px) 100vw, 300px\" \/><\/a>\n\t\t\t<\/dt><\/dl><dl class='gallery-item'>\n\t\t\t<dt class='gallery-icon landscape'>\n\t\t\t\t<a href='https:\/\/blog.olimar.de\/wp-content\/uploads\/2016\/04\/DSC_7221.jpg'><img loading=\"lazy\" decoding=\"async\" width=\"300\" height=\"200\" src=\"https:\/\/blog.olimar.de\/wp-content\/uploads\/2016\/04\/DSC_7221-300x200.jpg\" class=\"attachment-medium size-medium\" alt=\"Treppe zu Aussichtspunkt K\u00fcste Sao Miguel Azoren\" srcset=\"https:\/\/blog.olimar.de\/wp-content\/uploads\/2016\/04\/DSC_7221-300x200.jpg 300w, https:\/\/blog.olimar.de\/wp-content\/uploads\/2016\/04\/DSC_7221-768x513.jpg 768w, https:\/\/blog.olimar.de\/wp-content\/uploads\/2016\/04\/DSC_7221-1024x684.jpg 1024w, https:\/\/blog.olimar.de\/wp-content\/uploads\/2016\/04\/DSC_7221-840x560.jpg 840w, https:\/\/blog.olimar.de\/wp-content\/uploads\/2016\/04\/DSC_7221-1200x800.jpg 1200w, https:\/\/blog.olimar.de\/wp-content\/uploads\/2016\/04\/DSC_7221.jpg 2000w\" sizes=\"auto, (max-width: 300px) 100vw, 300px\" \/><\/a>\n\t\t\t<\/dt><\/dl><dl class='gallery-item'>\n\t\t\t<dt class='gallery-icon landscape'>\n\t\t\t\t<a href='https:\/\/blog.olimar.de\/wp-content\/uploads\/2016\/04\/DSC_7223.jpg'><img loading=\"lazy\" decoding=\"async\" width=\"300\" height=\"200\" src=\"https:\/\/blog.olimar.de\/wp-content\/uploads\/2016\/04\/DSC_7223-300x200.jpg\" class=\"attachment-medium size-medium\" alt=\"Pflanzen K\u00fcste Sao Miguel Azoren\" srcset=\"https:\/\/blog.olimar.de\/wp-content\/uploads\/2016\/04\/DSC_7223-300x200.jpg 300w, https:\/\/blog.olimar.de\/wp-content\/uploads\/2016\/04\/DSC_7223-768x513.jpg 768w, https:\/\/blog.olimar.de\/wp-content\/uploads\/2016\/04\/DSC_7223-1024x684.jpg 1024w, https:\/\/blog.olimar.de\/wp-content\/uploads\/2016\/04\/DSC_7223-840x560.jpg 840w, https:\/\/blog.olimar.de\/wp-content\/uploads\/2016\/04\/DSC_7223-1200x800.jpg 1200w, https:\/\/blog.olimar.de\/wp-content\/uploads\/2016\/04\/DSC_7223.jpg 2000w\" sizes=\"auto, (max-width: 300px) 100vw, 300px\" \/><\/a>\n\t\t\t<\/dt><\/dl><br style=\"clear: both\" \/><dl class='gallery-item'>\n\t\t\t<dt class='gallery-icon landscape'>\n\t\t\t\t<a href='https:\/\/blog.olimar.de\/wp-content\/uploads\/2016\/04\/DSC_7226.jpg'><img loading=\"lazy\" decoding=\"async\" width=\"300\" height=\"200\" src=\"https:\/\/blog.olimar.de\/wp-content\/uploads\/2016\/04\/DSC_7226-300x200.jpg\" class=\"attachment-medium size-medium\" alt=\"Felsen K\u00fcste Sao Miguel Azoren\" srcset=\"https:\/\/blog.olimar.de\/wp-content\/uploads\/2016\/04\/DSC_7226-300x200.jpg 300w, https:\/\/blog.olimar.de\/wp-content\/uploads\/2016\/04\/DSC_7226-768x513.jpg 768w, https:\/\/blog.olimar.de\/wp-content\/uploads\/2016\/04\/DSC_7226-1024x684.jpg 1024w, https:\/\/blog.olimar.de\/wp-content\/uploads\/2016\/04\/DSC_7226-840x560.jpg 840w, https:\/\/blog.olimar.de\/wp-content\/uploads\/2016\/04\/DSC_7226-1200x800.jpg 1200w, https:\/\/blog.olimar.de\/wp-content\/uploads\/2016\/04\/DSC_7226.jpg 2000w\" sizes=\"auto, (max-width: 300px) 100vw, 300px\" \/><\/a>\n\t\t\t<\/dt><\/dl><dl class='gallery-item'>\n\t\t\t<dt class='gallery-icon landscape'>\n\t\t\t\t<a href='https:\/\/blog.olimar.de\/wp-content\/uploads\/2016\/04\/DSC_7230.jpg'><img loading=\"lazy\" decoding=\"async\" width=\"300\" height=\"200\" src=\"https:\/\/blog.olimar.de\/wp-content\/uploads\/2016\/04\/DSC_7230-300x200.jpg\" class=\"attachment-medium size-medium\" alt=\"Felsen K\u00fcste Sao Miguel Azoren\" srcset=\"https:\/\/blog.olimar.de\/wp-content\/uploads\/2016\/04\/DSC_7230-300x200.jpg 300w, https:\/\/blog.olimar.de\/wp-content\/uploads\/2016\/04\/DSC_7230-768x513.jpg 768w, https:\/\/blog.olimar.de\/wp-content\/uploads\/2016\/04\/DSC_7230-1024x684.jpg 1024w, https:\/\/blog.olimar.de\/wp-content\/uploads\/2016\/04\/DSC_7230-840x560.jpg 840w, https:\/\/blog.olimar.de\/wp-content\/uploads\/2016\/04\/DSC_7230-1200x800.jpg 1200w, https:\/\/blog.olimar.de\/wp-content\/uploads\/2016\/04\/DSC_7230.jpg 2000w\" sizes=\"auto, (max-width: 300px) 100vw, 300px\" \/><\/a>\n\t\t\t<\/dt><\/dl><dl class='gallery-item'>\n\t\t\t<dt class='gallery-icon landscape'>\n\t\t\t\t<a href='https:\/\/blog.olimar.de\/wp-content\/uploads\/2016\/04\/DSC_7231.jpg'><img loading=\"lazy\" decoding=\"async\" width=\"300\" height=\"200\" src=\"https:\/\/blog.olimar.de\/wp-content\/uploads\/2016\/04\/DSC_7231-300x200.jpg\" class=\"attachment-medium size-medium\" alt=\"Frau fotografiert K\u00fcste Sao Miguel Azoren\" srcset=\"https:\/\/blog.olimar.de\/wp-content\/uploads\/2016\/04\/DSC_7231-300x200.jpg 300w, https:\/\/blog.olimar.de\/wp-content\/uploads\/2016\/04\/DSC_7231-768x513.jpg 768w, https:\/\/blog.olimar.de\/wp-content\/uploads\/2016\/04\/DSC_7231-1024x684.jpg 1024w, https:\/\/blog.olimar.de\/wp-content\/uploads\/2016\/04\/DSC_7231-840x560.jpg 840w, https:\/\/blog.olimar.de\/wp-content\/uploads\/2016\/04\/DSC_7231-1200x800.jpg 1200w, https:\/\/blog.olimar.de\/wp-content\/uploads\/2016\/04\/DSC_7231.jpg 2000w\" sizes=\"auto, (max-width: 300px) 100vw, 300px\" \/><\/a>\n\t\t\t<\/dt><\/dl><br style=\"clear: both\" \/><dl class='gallery-item'>\n\t\t\t<dt class='gallery-icon landscape'>\n\t\t\t\t<a href='https:\/\/blog.olimar.de\/wp-content\/uploads\/2016\/04\/DSC_7232.jpg'><img loading=\"lazy\" decoding=\"async\" width=\"300\" height=\"200\" src=\"https:\/\/blog.olimar.de\/wp-content\/uploads\/2016\/04\/DSC_7232-300x200.jpg\" class=\"attachment-medium size-medium\" alt=\"K\u00fcste Sao Miguel Azoren\" srcset=\"https:\/\/blog.olimar.de\/wp-content\/uploads\/2016\/04\/DSC_7232-300x200.jpg 300w, https:\/\/blog.olimar.de\/wp-content\/uploads\/2016\/04\/DSC_7232-768x513.jpg 768w, https:\/\/blog.olimar.de\/wp-content\/uploads\/2016\/04\/DSC_7232-1024x684.jpg 1024w, https:\/\/blog.olimar.de\/wp-content\/uploads\/2016\/04\/DSC_7232-840x560.jpg 840w, https:\/\/blog.olimar.de\/wp-content\/uploads\/2016\/04\/DSC_7232-1200x800.jpg 1200w, https:\/\/blog.olimar.de\/wp-content\/uploads\/2016\/04\/DSC_7232.jpg 2000w\" sizes=\"auto, (max-width: 300px) 100vw, 300px\" \/><\/a>\n\t\t\t<\/dt><\/dl><dl class='gallery-item'>\n\t\t\t<dt class='gallery-icon landscape'>\n\t\t\t\t<a href='https:\/\/blog.olimar.de\/wp-content\/uploads\/2016\/04\/DSC_7243.jpg'><img loading=\"lazy\" decoding=\"async\" width=\"300\" height=\"200\" src=\"https:\/\/blog.olimar.de\/wp-content\/uploads\/2016\/04\/DSC_7243-300x200.jpg\" class=\"attachment-medium size-medium\" alt=\"Ananas Laden Azoren Sao Miguel\" srcset=\"https:\/\/blog.olimar.de\/wp-content\/uploads\/2016\/04\/DSC_7243-300x200.jpg 300w, https:\/\/blog.olimar.de\/wp-content\/uploads\/2016\/04\/DSC_7243-768x513.jpg 768w, https:\/\/blog.olimar.de\/wp-content\/uploads\/2016\/04\/DSC_7243-1024x684.jpg 1024w, https:\/\/blog.olimar.de\/wp-content\/uploads\/2016\/04\/DSC_7243-840x560.jpg 840w, https:\/\/blog.olimar.de\/wp-content\/uploads\/2016\/04\/DSC_7243-1200x800.jpg 1200w, https:\/\/blog.olimar.de\/wp-content\/uploads\/2016\/04\/DSC_7243.jpg 2000w\" sizes=\"auto, (max-width: 300px) 100vw, 300px\" \/><\/a>\n\t\t\t<\/dt><\/dl><dl class='gallery-item'>\n\t\t\t<dt class='gallery-icon landscape'>\n\t\t\t\t<a href='https:\/\/blog.olimar.de\/wp-content\/uploads\/2016\/04\/DSC_7245.jpg'><img loading=\"lazy\" decoding=\"async\" width=\"300\" height=\"200\" src=\"https:\/\/blog.olimar.de\/wp-content\/uploads\/2016\/04\/DSC_7245-300x200.jpg\" class=\"attachment-medium size-medium\" alt=\"K\u00e4sespezialit\u00e4ten Theke Azoren\" srcset=\"https:\/\/blog.olimar.de\/wp-content\/uploads\/2016\/04\/DSC_7245-300x200.jpg 300w, https:\/\/blog.olimar.de\/wp-content\/uploads\/2016\/04\/DSC_7245-768x513.jpg 768w, https:\/\/blog.olimar.de\/wp-content\/uploads\/2016\/04\/DSC_7245-1024x684.jpg 1024w, https:\/\/blog.olimar.de\/wp-content\/uploads\/2016\/04\/DSC_7245-840x560.jpg 840w, https:\/\/blog.olimar.de\/wp-content\/uploads\/2016\/04\/DSC_7245-1200x800.jpg 1200w, https:\/\/blog.olimar.de\/wp-content\/uploads\/2016\/04\/DSC_7245.jpg 2000w\" sizes=\"auto, (max-width: 300px) 100vw, 300px\" \/><\/a>\n\t\t\t<\/dt><\/dl><br style=\"clear: both\" \/><dl class='gallery-item'>\n\t\t\t<dt class='gallery-icon landscape'>\n\t\t\t\t<a href='https:\/\/blog.olimar.de\/wp-content\/uploads\/2016\/04\/DSC_7248.jpg'><img loading=\"lazy\" decoding=\"async\" width=\"300\" height=\"200\" src=\"https:\/\/blog.olimar.de\/wp-content\/uploads\/2016\/04\/DSC_7248-300x200.jpg\" class=\"attachment-medium size-medium\" alt=\"K\u00fchltheke mit K\u00e4se Azoren Sao Miguel\" srcset=\"https:\/\/blog.olimar.de\/wp-content\/uploads\/2016\/04\/DSC_7248-300x200.jpg 300w, https:\/\/blog.olimar.de\/wp-content\/uploads\/2016\/04\/DSC_7248-768x513.jpg 768w, https:\/\/blog.olimar.de\/wp-content\/uploads\/2016\/04\/DSC_7248-1024x684.jpg 1024w, https:\/\/blog.olimar.de\/wp-content\/uploads\/2016\/04\/DSC_7248-840x560.jpg 840w, https:\/\/blog.olimar.de\/wp-content\/uploads\/2016\/04\/DSC_7248-1200x800.jpg 1200w, https:\/\/blog.olimar.de\/wp-content\/uploads\/2016\/04\/DSC_7248.jpg 2000w\" sizes=\"auto, (max-width: 300px) 100vw, 300px\" \/><\/a>\n\t\t\t<\/dt><\/dl><dl class='gallery-item'>\n\t\t\t<dt class='gallery-icon landscape'>\n\t\t\t\t<a href='https:\/\/blog.olimar.de\/wp-content\/uploads\/2016\/04\/DSC_7252.jpg'><img loading=\"lazy\" decoding=\"async\" width=\"300\" height=\"200\" src=\"https:\/\/blog.olimar.de\/wp-content\/uploads\/2016\/04\/DSC_7252-300x200.jpg\" class=\"attachment-medium size-medium\" alt=\"Parkplatz Autowerkstatt Azoren Sao Miguel\" srcset=\"https:\/\/blog.olimar.de\/wp-content\/uploads\/2016\/04\/DSC_7252-300x200.jpg 300w, https:\/\/blog.olimar.de\/wp-content\/uploads\/2016\/04\/DSC_7252-768x513.jpg 768w, https:\/\/blog.olimar.de\/wp-content\/uploads\/2016\/04\/DSC_7252-1024x684.jpg 1024w, https:\/\/blog.olimar.de\/wp-content\/uploads\/2016\/04\/DSC_7252-840x560.jpg 840w, https:\/\/blog.olimar.de\/wp-content\/uploads\/2016\/04\/DSC_7252-1200x800.jpg 1200w, https:\/\/blog.olimar.de\/wp-content\/uploads\/2016\/04\/DSC_7252.jpg 2000w\" sizes=\"auto, (max-width: 300px) 100vw, 300px\" \/><\/a>\n\t\t\t<\/dt><\/dl><dl class='gallery-item'>\n\t\t\t<dt class='gallery-icon landscape'>\n\t\t\t\t<a href='https:\/\/blog.olimar.de\/wp-content\/uploads\/2016\/04\/DSC_7253.jpg'><img loading=\"lazy\" decoding=\"async\" width=\"300\" height=\"200\" src=\"https:\/\/blog.olimar.de\/wp-content\/uploads\/2016\/04\/DSC_7253-300x200.jpg\" class=\"attachment-medium size-medium\" alt=\"Aussicht K\u00fcste Wiesen Sao Miguel Azoren\" srcset=\"https:\/\/blog.olimar.de\/wp-content\/uploads\/2016\/04\/DSC_7253-300x200.jpg 300w, https:\/\/blog.olimar.de\/wp-content\/uploads\/2016\/04\/DSC_7253-768x513.jpg 768w, https:\/\/blog.olimar.de\/wp-content\/uploads\/2016\/04\/DSC_7253-1024x684.jpg 1024w, https:\/\/blog.olimar.de\/wp-content\/uploads\/2016\/04\/DSC_7253-840x560.jpg 840w, https:\/\/blog.olimar.de\/wp-content\/uploads\/2016\/04\/DSC_7253-1200x800.jpg 1200w, https:\/\/blog.olimar.de\/wp-content\/uploads\/2016\/04\/DSC_7253.jpg 2000w\" sizes=\"auto, (max-width: 300px) 100vw, 300px\" \/><\/a>\n\t\t\t<\/dt><\/dl><br style=\"clear: both\" \/><dl class='gallery-item'>\n\t\t\t<dt class='gallery-icon landscape'>\n\t\t\t\t<a href='https:\/\/blog.olimar.de\/wp-content\/uploads\/2016\/04\/DSC_7256.jpg'><img loading=\"lazy\" decoding=\"async\" width=\"300\" height=\"200\" src=\"https:\/\/blog.olimar.de\/wp-content\/uploads\/2016\/04\/DSC_7256-300x200.jpg\" class=\"attachment-medium size-medium\" alt=\"Weg zum Picknickplatz Grillplatz Sao Miguel Azoren\" srcset=\"https:\/\/blog.olimar.de\/wp-content\/uploads\/2016\/04\/DSC_7256-300x200.jpg 300w, https:\/\/blog.olimar.de\/wp-content\/uploads\/2016\/04\/DSC_7256-768x513.jpg 768w, https:\/\/blog.olimar.de\/wp-content\/uploads\/2016\/04\/DSC_7256-1024x684.jpg 1024w, https:\/\/blog.olimar.de\/wp-content\/uploads\/2016\/04\/DSC_7256-840x560.jpg 840w, https:\/\/blog.olimar.de\/wp-content\/uploads\/2016\/04\/DSC_7256-1200x800.jpg 1200w, https:\/\/blog.olimar.de\/wp-content\/uploads\/2016\/04\/DSC_7256.jpg 2000w\" sizes=\"auto, (max-width: 300px) 100vw, 300px\" \/><\/a>\n\t\t\t<\/dt><\/dl><dl class='gallery-item'>\n\t\t\t<dt class='gallery-icon landscape'>\n\t\t\t\t<a href='https:\/\/blog.olimar.de\/wp-content\/uploads\/2016\/04\/DSC_7260_59_58_HDR.jpg'><img loading=\"lazy\" decoding=\"async\" width=\"300\" height=\"199\" src=\"https:\/\/blog.olimar.de\/wp-content\/uploads\/2016\/04\/DSC_7260_59_58_HDR-300x199.jpg\" class=\"attachment-medium size-medium\" alt=\"Picknickplatz Grillplatz Sao Miguel Azoren\" srcset=\"https:\/\/blog.olimar.de\/wp-content\/uploads\/2016\/04\/DSC_7260_59_58_HDR-300x199.jpg 300w, https:\/\/blog.olimar.de\/wp-content\/uploads\/2016\/04\/DSC_7260_59_58_HDR-768x509.jpg 768w, https:\/\/blog.olimar.de\/wp-content\/uploads\/2016\/04\/DSC_7260_59_58_HDR-1024x678.jpg 1024w, https:\/\/blog.olimar.de\/wp-content\/uploads\/2016\/04\/DSC_7260_59_58_HDR-840x560.jpg 840w, https:\/\/blog.olimar.de\/wp-content\/uploads\/2016\/04\/DSC_7260_59_58_HDR-1200x800.jpg 1200w, https:\/\/blog.olimar.de\/wp-content\/uploads\/2016\/04\/DSC_7260_59_58_HDR.jpg 2000w\" sizes=\"auto, (max-width: 300px) 100vw, 300px\" \/><\/a>\n\t\t\t<\/dt><\/dl><dl class='gallery-item'>\n\t\t\t<dt class='gallery-icon landscape'>\n\t\t\t\t<a href='https:\/\/blog.olimar.de\/wp-content\/uploads\/2016\/04\/DSC_7266_5_4_HDR.jpg'><img loading=\"lazy\" decoding=\"async\" width=\"300\" height=\"198\" src=\"https:\/\/blog.olimar.de\/wp-content\/uploads\/2016\/04\/DSC_7266_5_4_HDR-300x198.jpg\" class=\"attachment-medium size-medium\" alt=\"Picknickplatz Grillplatz Sao Miguel Azoren\" srcset=\"https:\/\/blog.olimar.de\/wp-content\/uploads\/2016\/04\/DSC_7266_5_4_HDR-300x198.jpg 300w, https:\/\/blog.olimar.de\/wp-content\/uploads\/2016\/04\/DSC_7266_5_4_HDR-768x508.jpg 768w, https:\/\/blog.olimar.de\/wp-content\/uploads\/2016\/04\/DSC_7266_5_4_HDR-1024x677.jpg 1024w, https:\/\/blog.olimar.de\/wp-content\/uploads\/2016\/04\/DSC_7266_5_4_HDR.jpg 2000w\" sizes=\"auto, (max-width: 300px) 100vw, 300px\" \/><\/a>\n\t\t\t<\/dt><\/dl><br style=\"clear: both\" \/><dl class='gallery-item'>\n\t\t\t<dt class='gallery-icon landscape'>\n\t\t\t\t<a href='https:\/\/blog.olimar.de\/wp-content\/uploads\/2016\/04\/DSC_7268.jpg'><img loading=\"lazy\" decoding=\"async\" width=\"300\" height=\"200\" src=\"https:\/\/blog.olimar.de\/wp-content\/uploads\/2016\/04\/DSC_7268-300x200.jpg\" class=\"attachment-medium size-medium\" alt=\"Verschiedene K\u00e4sesorten Sao Miguel Azoren\" srcset=\"https:\/\/blog.olimar.de\/wp-content\/uploads\/2016\/04\/DSC_7268-300x200.jpg 300w, https:\/\/blog.olimar.de\/wp-content\/uploads\/2016\/04\/DSC_7268-768x513.jpg 768w, https:\/\/blog.olimar.de\/wp-content\/uploads\/2016\/04\/DSC_7268-1024x684.jpg 1024w, https:\/\/blog.olimar.de\/wp-content\/uploads\/2016\/04\/DSC_7268-840x560.jpg 840w, https:\/\/blog.olimar.de\/wp-content\/uploads\/2016\/04\/DSC_7268-1200x800.jpg 1200w, https:\/\/blog.olimar.de\/wp-content\/uploads\/2016\/04\/DSC_7268.jpg 2000w\" sizes=\"auto, (max-width: 300px) 100vw, 300px\" \/><\/a>\n\t\t\t<\/dt><\/dl><dl class='gallery-item'>\n\t\t\t<dt class='gallery-icon landscape'>\n\t\t\t\t<a href='https:\/\/blog.olimar.de\/wp-content\/uploads\/2016\/04\/DSC_7270.jpg'><img loading=\"lazy\" decoding=\"async\" width=\"300\" height=\"200\" src=\"https:\/\/blog.olimar.de\/wp-content\/uploads\/2016\/04\/DSC_7270-300x200.jpg\" class=\"attachment-medium size-medium\" alt=\"K\u00e4sespezialit\u00e4ten auf den Azoren Sao Miguel\" srcset=\"https:\/\/blog.olimar.de\/wp-content\/uploads\/2016\/04\/DSC_7270-300x200.jpg 300w, https:\/\/blog.olimar.de\/wp-content\/uploads\/2016\/04\/DSC_7270-768x513.jpg 768w, https:\/\/blog.olimar.de\/wp-content\/uploads\/2016\/04\/DSC_7270-1024x684.jpg 1024w, https:\/\/blog.olimar.de\/wp-content\/uploads\/2016\/04\/DSC_7270-840x560.jpg 840w, https:\/\/blog.olimar.de\/wp-content\/uploads\/2016\/04\/DSC_7270-1200x800.jpg 1200w, https:\/\/blog.olimar.de\/wp-content\/uploads\/2016\/04\/DSC_7270.jpg 2000w\" sizes=\"auto, (max-width: 300px) 100vw, 300px\" \/><\/a>\n\t\t\t<\/dt><\/dl><dl class='gallery-item'>\n\t\t\t<dt class='gallery-icon landscape'>\n\t\t\t\t<a href='https:\/\/blog.olimar.de\/wp-content\/uploads\/2016\/04\/DSC_7271.jpg'><img loading=\"lazy\" decoding=\"async\" width=\"300\" height=\"200\" src=\"https:\/\/blog.olimar.de\/wp-content\/uploads\/2016\/04\/DSC_7271-300x200.jpg\" class=\"attachment-medium size-medium\" alt=\"Pferdewagen Sao Miguel Azoren\" srcset=\"https:\/\/blog.olimar.de\/wp-content\/uploads\/2016\/04\/DSC_7271-300x200.jpg 300w, https:\/\/blog.olimar.de\/wp-content\/uploads\/2016\/04\/DSC_7271-768x513.jpg 768w, https:\/\/blog.olimar.de\/wp-content\/uploads\/2016\/04\/DSC_7271-1024x684.jpg 1024w, https:\/\/blog.olimar.de\/wp-content\/uploads\/2016\/04\/DSC_7271-840x560.jpg 840w, https:\/\/blog.olimar.de\/wp-content\/uploads\/2016\/04\/DSC_7271-1200x800.jpg 1200w, https:\/\/blog.olimar.de\/wp-content\/uploads\/2016\/04\/DSC_7271.jpg 2000w\" sizes=\"auto, (max-width: 300px) 100vw, 300px\" \/><\/a>\n\t\t\t<\/dt><\/dl><br style=\"clear: both\" \/><dl class='gallery-item'>\n\t\t\t<dt class='gallery-icon landscape'>\n\t\t\t\t<a href='https:\/\/blog.olimar.de\/wp-content\/uploads\/2016\/04\/DSC_7273.jpg'><img loading=\"lazy\" decoding=\"async\" width=\"300\" height=\"200\" src=\"https:\/\/blog.olimar.de\/wp-content\/uploads\/2016\/04\/DSC_7273-300x200.jpg\" class=\"attachment-medium size-medium\" alt=\"Frau in Brandung Sao Miguel Azoren\" srcset=\"https:\/\/blog.olimar.de\/wp-content\/uploads\/2016\/04\/DSC_7273-300x200.jpg 300w, https:\/\/blog.olimar.de\/wp-content\/uploads\/2016\/04\/DSC_7273-768x513.jpg 768w, https:\/\/blog.olimar.de\/wp-content\/uploads\/2016\/04\/DSC_7273-1024x684.jpg 1024w, https:\/\/blog.olimar.de\/wp-content\/uploads\/2016\/04\/DSC_7273-840x560.jpg 840w, https:\/\/blog.olimar.de\/wp-content\/uploads\/2016\/04\/DSC_7273-1200x800.jpg 1200w, https:\/\/blog.olimar.de\/wp-content\/uploads\/2016\/04\/DSC_7273.jpg 2000w\" sizes=\"auto, (max-width: 300px) 100vw, 300px\" \/><\/a>\n\t\t\t<\/dt><\/dl><dl class='gallery-item'>\n\t\t\t<dt class='gallery-icon landscape'>\n\t\t\t\t<a href='https:\/\/blog.olimar.de\/wp-content\/uploads\/2016\/04\/DSC_7275.jpg'><img loading=\"lazy\" decoding=\"async\" width=\"300\" height=\"200\" src=\"https:\/\/blog.olimar.de\/wp-content\/uploads\/2016\/04\/DSC_7275-300x200.jpg\" class=\"attachment-medium size-medium\" alt=\"Frau in Brandung Sao Miguel Azoren\" srcset=\"https:\/\/blog.olimar.de\/wp-content\/uploads\/2016\/04\/DSC_7275-300x200.jpg 300w, https:\/\/blog.olimar.de\/wp-content\/uploads\/2016\/04\/DSC_7275-768x513.jpg 768w, https:\/\/blog.olimar.de\/wp-content\/uploads\/2016\/04\/DSC_7275-1024x684.jpg 1024w, https:\/\/blog.olimar.de\/wp-content\/uploads\/2016\/04\/DSC_7275-840x560.jpg 840w, https:\/\/blog.olimar.de\/wp-content\/uploads\/2016\/04\/DSC_7275-1200x800.jpg 1200w, https:\/\/blog.olimar.de\/wp-content\/uploads\/2016\/04\/DSC_7275.jpg 2000w\" sizes=\"auto, (max-width: 300px) 100vw, 300px\" \/><\/a>\n\t\t\t<\/dt><\/dl><dl class='gallery-item'>\n\t\t\t<dt class='gallery-icon landscape'>\n\t\t\t\t<a href='https:\/\/blog.olimar.de\/wp-content\/uploads\/2016\/04\/DSC_7283.jpg'><img loading=\"lazy\" decoding=\"async\" width=\"300\" height=\"200\" src=\"https:\/\/blog.olimar.de\/wp-content\/uploads\/2016\/04\/DSC_7283-300x200.jpg\" class=\"attachment-medium size-medium\" alt=\"Gischt und Brandung Atlantik Sao Miguel Azoren\" srcset=\"https:\/\/blog.olimar.de\/wp-content\/uploads\/2016\/04\/DSC_7283-300x200.jpg 300w, https:\/\/blog.olimar.de\/wp-content\/uploads\/2016\/04\/DSC_7283-768x513.jpg 768w, https:\/\/blog.olimar.de\/wp-content\/uploads\/2016\/04\/DSC_7283-1024x684.jpg 1024w, https:\/\/blog.olimar.de\/wp-content\/uploads\/2016\/04\/DSC_7283-840x560.jpg 840w, https:\/\/blog.olimar.de\/wp-content\/uploads\/2016\/04\/DSC_7283-1200x800.jpg 1200w, https:\/\/blog.olimar.de\/wp-content\/uploads\/2016\/04\/DSC_7283.jpg 2000w\" sizes=\"auto, (max-width: 300px) 100vw, 300px\" \/><\/a>\n\t\t\t<\/dt><\/dl><br style=\"clear: both\" \/><dl class='gallery-item'>\n\t\t\t<dt class='gallery-icon landscape'>\n\t\t\t\t<a href='https:\/\/blog.olimar.de\/wp-content\/uploads\/2016\/04\/DSC_7298.jpg'><img loading=\"lazy\" decoding=\"async\" width=\"300\" height=\"156\" src=\"https:\/\/blog.olimar.de\/wp-content\/uploads\/2016\/04\/DSC_7298-300x156.jpg\" class=\"attachment-medium size-medium\" alt=\"Brandung Atlantik Sao Miguel Azoren\" srcset=\"https:\/\/blog.olimar.de\/wp-content\/uploads\/2016\/04\/DSC_7298-300x156.jpg 300w, https:\/\/blog.olimar.de\/wp-content\/uploads\/2016\/04\/DSC_7298-768x399.jpg 768w, https:\/\/blog.olimar.de\/wp-content\/uploads\/2016\/04\/DSC_7298-1024x532.jpg 1024w, https:\/\/blog.olimar.de\/wp-content\/uploads\/2016\/04\/DSC_7298.jpg 2000w\" sizes=\"auto, (max-width: 300px) 100vw, 300px\" \/><\/a>\n\t\t\t<\/dt><\/dl><dl class='gallery-item'>\n\t\t\t<dt class='gallery-icon landscape'>\n\t\t\t\t<a href='https:\/\/blog.olimar.de\/wp-content\/uploads\/2016\/04\/DSC_7307.jpg'><img loading=\"lazy\" decoding=\"async\" width=\"300\" height=\"200\" src=\"https:\/\/blog.olimar.de\/wp-content\/uploads\/2016\/04\/DSC_7307-300x200.jpg\" class=\"attachment-medium size-medium\" alt=\"Brandung Atlantik Sao Miguel Azoren\" srcset=\"https:\/\/blog.olimar.de\/wp-content\/uploads\/2016\/04\/DSC_7307-300x200.jpg 300w, https:\/\/blog.olimar.de\/wp-content\/uploads\/2016\/04\/DSC_7307-768x513.jpg 768w, https:\/\/blog.olimar.de\/wp-content\/uploads\/2016\/04\/DSC_7307-1024x684.jpg 1024w, https:\/\/blog.olimar.de\/wp-content\/uploads\/2016\/04\/DSC_7307-840x560.jpg 840w, https:\/\/blog.olimar.de\/wp-content\/uploads\/2016\/04\/DSC_7307-1200x800.jpg 1200w, https:\/\/blog.olimar.de\/wp-content\/uploads\/2016\/04\/DSC_7307.jpg 2000w\" sizes=\"auto, (max-width: 300px) 100vw, 300px\" \/><\/a>\n\t\t\t<\/dt><\/dl><dl class='gallery-item'>\n\t\t\t<dt class='gallery-icon landscape'>\n\t\t\t\t<a href='https:\/\/blog.olimar.de\/wp-content\/uploads\/2016\/04\/DSC_7308.jpg'><img loading=\"lazy\" decoding=\"async\" width=\"300\" height=\"200\" src=\"https:\/\/blog.olimar.de\/wp-content\/uploads\/2016\/04\/DSC_7308-300x200.jpg\" class=\"attachment-medium size-medium\" alt=\"Brandung Atlantik Sao Miguel Azoren\" srcset=\"https:\/\/blog.olimar.de\/wp-content\/uploads\/2016\/04\/DSC_7308-300x200.jpg 300w, https:\/\/blog.olimar.de\/wp-content\/uploads\/2016\/04\/DSC_7308-768x513.jpg 768w, https:\/\/blog.olimar.de\/wp-content\/uploads\/2016\/04\/DSC_7308-1024x684.jpg 1024w, https:\/\/blog.olimar.de\/wp-content\/uploads\/2016\/04\/DSC_7308-840x560.jpg 840w, https:\/\/blog.olimar.de\/wp-content\/uploads\/2016\/04\/DSC_7308-1200x800.jpg 1200w, https:\/\/blog.olimar.de\/wp-content\/uploads\/2016\/04\/DSC_7308.jpg 2000w\" sizes=\"auto, (max-width: 300px) 100vw, 300px\" \/><\/a>\n\t\t\t<\/dt><\/dl><br style=\"clear: both\" \/><dl class='gallery-item'>\n\t\t\t<dt class='gallery-icon landscape'>\n\t\t\t\t<a href='https:\/\/blog.olimar.de\/wp-content\/uploads\/2016\/04\/DSC_7310.jpg'><img loading=\"lazy\" decoding=\"async\" width=\"300\" height=\"200\" src=\"https:\/\/blog.olimar.de\/wp-content\/uploads\/2016\/04\/DSC_7310-300x200.jpg\" class=\"attachment-medium size-medium\" alt=\"K\u00fcste Azoren Sao Miguel\" srcset=\"https:\/\/blog.olimar.de\/wp-content\/uploads\/2016\/04\/DSC_7310-300x200.jpg 300w, https:\/\/blog.olimar.de\/wp-content\/uploads\/2016\/04\/DSC_7310-768x513.jpg 768w, https:\/\/blog.olimar.de\/wp-content\/uploads\/2016\/04\/DSC_7310-1024x684.jpg 1024w, https:\/\/blog.olimar.de\/wp-content\/uploads\/2016\/04\/DSC_7310-840x560.jpg 840w, https:\/\/blog.olimar.de\/wp-content\/uploads\/2016\/04\/DSC_7310-1200x800.jpg 1200w, https:\/\/blog.olimar.de\/wp-content\/uploads\/2016\/04\/DSC_7310.jpg 2000w\" sizes=\"auto, (max-width: 300px) 100vw, 300px\" \/><\/a>\n\t\t\t<\/dt><\/dl><dl class='gallery-item'>\n\t\t\t<dt class='gallery-icon landscape'>\n\t\t\t\t<a href='https:\/\/blog.olimar.de\/wp-content\/uploads\/2016\/04\/DSC_7318.jpg'><img loading=\"lazy\" decoding=\"async\" width=\"300\" height=\"200\" src=\"https:\/\/blog.olimar.de\/wp-content\/uploads\/2016\/04\/DSC_7318-300x200.jpg\" class=\"attachment-medium size-medium\" alt=\"Serpentine steile Stra\u00dfe zum Meer Azoren\" srcset=\"https:\/\/blog.olimar.de\/wp-content\/uploads\/2016\/04\/DSC_7318-300x200.jpg 300w, https:\/\/blog.olimar.de\/wp-content\/uploads\/2016\/04\/DSC_7318-768x513.jpg 768w, https:\/\/blog.olimar.de\/wp-content\/uploads\/2016\/04\/DSC_7318-1024x684.jpg 1024w, https:\/\/blog.olimar.de\/wp-content\/uploads\/2016\/04\/DSC_7318-840x560.jpg 840w, https:\/\/blog.olimar.de\/wp-content\/uploads\/2016\/04\/DSC_7318-1200x800.jpg 1200w, https:\/\/blog.olimar.de\/wp-content\/uploads\/2016\/04\/DSC_7318.jpg 2000w\" sizes=\"auto, (max-width: 300px) 100vw, 300px\" \/><\/a>\n\t\t\t<\/dt><\/dl><dl class='gallery-item'>\n\t\t\t<dt class='gallery-icon landscape'>\n\t\t\t\t<a href='https:\/\/blog.olimar.de\/wp-content\/uploads\/2016\/04\/DSC_7322-Pano.jpg'><img loading=\"lazy\" decoding=\"async\" width=\"300\" height=\"131\" src=\"https:\/\/blog.olimar.de\/wp-content\/uploads\/2016\/04\/DSC_7322-Pano-300x131.jpg\" class=\"attachment-medium size-medium\" alt=\"Panorama Zwillingsseen Sete Cidades Azoren Sao Miguel\" srcset=\"https:\/\/blog.olimar.de\/wp-content\/uploads\/2016\/04\/DSC_7322-Pano-300x131.jpg 300w, https:\/\/blog.olimar.de\/wp-content\/uploads\/2016\/04\/DSC_7322-Pano-768x336.jpg 768w, https:\/\/blog.olimar.de\/wp-content\/uploads\/2016\/04\/DSC_7322-Pano-1024x447.jpg 1024w, https:\/\/blog.olimar.de\/wp-content\/uploads\/2016\/04\/DSC_7322-Pano.jpg 2000w\" sizes=\"auto, (max-width: 300px) 100vw, 300px\" \/><\/a>\n\t\t\t<\/dt><\/dl><br style=\"clear: both\" \/>\n\t\t<\/div>\n\n<p style=\"text-align: justify;\"><em><a href=\"http:\/\/achimmeurer.com\" target=\"_blank\" rel=\"noopener\">Fotos: Achim Meurer<\/a><\/em><\/p>\n\n\n<div style=\"height:50px\" aria-hidden=\"true\" class=\"wp-block-spacer\"><\/div>\n\n\n\n<div class=\"wp-block-buttons is-layout-flex wp-block-buttons-is-layout-flex\">\n<div class=\"wp-block-button\"><a class=\"wp-block-button__link wp-element-button\" href=\"https:\/\/www.olimar.de\/hotellistung\/\">Jetzt Urlaubsangebote finden und buchen<\/a><\/div>\n<\/div>\n\n\n\n<div style=\"height:100px\" aria-hidden=\"true\" class=\"wp-block-spacer\"><\/div>\n","protected":false},"excerpt":{"rendered":"<p>Gleich am ersten Morgen auf der Azoren-Insel S\u00e3o Miguel begr\u00fc\u00dft uns die Natur in unserem Zimmer des Caloura Resort Hotel mit diesem phantastischen Schauspiel: Das macht uns noch mehr Lust, die Sch\u00f6nheiten der gr\u00f6\u00dften Azoren-Insel m\u00f6glichst schnell und ausgiebig mit dem Mietwagen zu erkunden. Und so starten wir fr\u00fchzeitig mit dem Auto Richtung Westk\u00fcste. Nachdem wir Caloura verlassen haben, finden wir auch schon das erste Schild \u201eMiradouro\u201c. Nichts wie hin, denn das steht ja f\u00fcr \u201aAussichtspunkt\u2018. Und tats\u00e4chlich gibt es hier einen sch\u00f6nen Rundblick und ein nettes Picknickpl\u00e4tzchen. Es ist alles so herrlich gr\u00fcn\u2026 Wir nehmen die kleine K\u00fcstenstra\u00dfe Richtung Ponta &hellip;<\/p>\n","protected":false},"author":39,"featured_media":5512,"comment_status":"open","ping_status":"open","sticky":false,"template":"","format":"standard","meta":{"_crdt_document":"","_lmt_disableupdate":"","_lmt_disable":"","footnotes":""},"categories":[31,19],"tags":[23,34,42],"class_list":["post-4819","post","type-post","status-publish","format-standard","has-post-thumbnail","hentry","category-land-leute","category-on-tour","tag-azoren","tag-portugal","tag-sao-miguel"],"yoast_head":"<!-- This site is optimized with the Yoast SEO plugin v26.9 - https:\/\/yoast.com\/product\/yoast-seo-wordpress\/ -->\n<title>S\u00e3o Miguel mit dem Mietwagen erkunden<\/title>\n<meta name=\"description\" content=\"Gleich am ersten Tag wollten wir S\u00e3o Miguel mit dem Mietwagen erkunden. Wir starten Richtung Westen und entdecken viele sch\u00f6ne Aussichtspunkte.\" \/>\n<meta name=\"robots\" content=\"index, follow, max-snippet:-1, max-image-preview:large, max-video-preview:-1\" \/>\n<link rel=\"canonical\" href=\"https:\/\/blog.olimar.de\/sao-miguel-mit-dem-mietwagen\/\" \/>\n<meta property=\"og:locale\" content=\"de_DE\" \/>\n<meta property=\"og:type\" content=\"article\" \/>\n<meta property=\"og:title\" content=\"S\u00e3o Miguel mit dem Mietwagen erkunden\" \/>\n<meta property=\"og:description\" content=\"Gleich am ersten Tag wollten wir S\u00e3o Miguel mit dem Mietwagen erkunden. Wir starten Richtung Westen und entdecken viele sch\u00f6ne Aussichtspunkte.\" \/>\n<meta property=\"og:url\" content=\"https:\/\/blog.olimar.de\/sao-miguel-mit-dem-mietwagen\/\" \/>\n<meta property=\"article:publisher\" content=\"https:\/\/www.facebook.com\/OlimarReisen\" \/>\n<meta property=\"article:author\" content=\"http:\/\/facebook.com\/waltzingmeurers\" \/>\n<meta property=\"article:published_time\" content=\"2016-04-18T14:23:48+00:00\" \/>\n<meta property=\"article:modified_time\" content=\"2023-01-01T15:20:55+00:00\" \/>\n<meta property=\"og:image\" content=\"https:\/\/blog.olimar.de\/wp-content\/uploads\/2016\/04\/DSC_7320_kompri.jpg\" \/>\n\t<meta property=\"og:image:width\" content=\"2000\" \/>\n\t<meta property=\"og:image:height\" content=\"1335\" \/>\n\t<meta property=\"og:image:type\" content=\"image\/jpeg\" \/>\n<meta name=\"author\" content=\"Monika Meurer\" \/>\n<meta name=\"twitter:label1\" content=\"Verfasst von\" \/>\n\t<meta name=\"twitter:data1\" content=\"Monika Meurer\" \/>\n\t<meta name=\"twitter:label2\" content=\"Gesch\u00e4tzte Lesezeit\" \/>\n\t<meta name=\"twitter:data2\" content=\"7\u00a0Minuten\" \/>\n<script type=\"application\/ld+json\" class=\"yoast-schema-graph\">{\"@context\":\"https:\/\/schema.org\",\"@graph\":[{\"@type\":\"WebPage\",\"@id\":\"https:\/\/blog.olimar.de\/sao-miguel-mit-dem-mietwagen\/\",\"url\":\"https:\/\/blog.olimar.de\/sao-miguel-mit-dem-mietwagen\/\",\"name\":\"S\u00e3o Miguel mit dem Mietwagen erkunden\",\"isPartOf\":{\"@id\":\"https:\/\/blog.olimar.de\/#website\"},\"primaryImageOfPage\":{\"@id\":\"https:\/\/blog.olimar.de\/sao-miguel-mit-dem-mietwagen\/#primaryimage\"},\"image\":{\"@id\":\"https:\/\/blog.olimar.de\/sao-miguel-mit-dem-mietwagen\/#primaryimage\"},\"thumbnailUrl\":\"https:\/\/blog.olimar.de\/wp-content\/uploads\/2016\/04\/DSC_7320_kompri.jpg\",\"datePublished\":\"2016-04-18T14:23:48+00:00\",\"dateModified\":\"2023-01-01T15:20:55+00:00\",\"description\":\"Gleich am ersten Tag wollten wir S\u00e3o Miguel mit dem Mietwagen erkunden. Wir starten Richtung Westen und entdecken viele sch\u00f6ne Aussichtspunkte.\",\"breadcrumb\":{\"@id\":\"https:\/\/blog.olimar.de\/sao-miguel-mit-dem-mietwagen\/#breadcrumb\"},\"inLanguage\":\"de\",\"potentialAction\":[{\"@type\":\"ReadAction\",\"target\":[\"https:\/\/blog.olimar.de\/sao-miguel-mit-dem-mietwagen\/\"]}]},{\"@type\":\"ImageObject\",\"inLanguage\":\"de\",\"@id\":\"https:\/\/blog.olimar.de\/sao-miguel-mit-dem-mietwagen\/#primaryimage\",\"url\":\"https:\/\/blog.olimar.de\/wp-content\/uploads\/2016\/04\/DSC_7320_kompri.jpg\",\"contentUrl\":\"https:\/\/blog.olimar.de\/wp-content\/uploads\/2016\/04\/DSC_7320_kompri.jpg\",\"width\":2000,\"height\":1335,\"caption\":\"S\u00e3o Miguel mit dem Mietwagen erkunden\"},{\"@type\":\"BreadcrumbList\",\"@id\":\"https:\/\/blog.olimar.de\/sao-miguel-mit-dem-mietwagen\/#breadcrumb\",\"itemListElement\":[{\"@type\":\"ListItem\",\"position\":1,\"name\":\"Home\",\"item\":\"https:\/\/blog.olimar.de\/\"},{\"@type\":\"ListItem\",\"position\":2,\"name\":\"Azoren\",\"item\":\"https:\/\/blog.olimar.de\/tag\/azoren\/\"},{\"@type\":\"ListItem\",\"position\":3,\"name\":\"Mit dem Mietwagen S\u00e3o Miguel erkunden\"}]},{\"@type\":\"WebSite\",\"@id\":\"https:\/\/blog.olimar.de\/#website\",\"url\":\"https:\/\/blog.olimar.de\/\",\"name\":\"OLIMAR.com\",\"description\":\"\",\"publisher\":{\"@id\":\"https:\/\/blog.olimar.de\/#organization\"},\"potentialAction\":[{\"@type\":\"SearchAction\",\"target\":{\"@type\":\"EntryPoint\",\"urlTemplate\":\"https:\/\/blog.olimar.de\/?s={search_term_string}\"},\"query-input\":{\"@type\":\"PropertyValueSpecification\",\"valueRequired\":true,\"valueName\":\"search_term_string\"}}],\"inLanguage\":\"de\"},{\"@type\":\"Organization\",\"@id\":\"https:\/\/blog.olimar.de\/#organization\",\"name\":\"OLIMAR Reisen\",\"url\":\"https:\/\/blog.olimar.de\/\",\"logo\":{\"@type\":\"ImageObject\",\"inLanguage\":\"de\",\"@id\":\"https:\/\/blog.olimar.de\/#\/schema\/logo\/image\/\",\"url\":\"https:\/\/blog.olimar.de\/wp-content\/uploads\/2021\/01\/OLIMAR_Logo_COLOR.png\",\"contentUrl\":\"https:\/\/blog.olimar.de\/wp-content\/uploads\/2021\/01\/OLIMAR_Logo_COLOR.png\",\"width\":2000,\"height\":986,\"caption\":\"OLIMAR Reisen\"},\"image\":{\"@id\":\"https:\/\/blog.olimar.de\/#\/schema\/logo\/image\/\"},\"sameAs\":[\"https:\/\/www.facebook.com\/OlimarReisen\",\"https:\/\/x.com\/olimarrreisen\",\"https:\/\/www.instagram.com\/olimarreisen\",\"https:\/\/www.youtube.com\/user\/olimarreisen\"]}]}<\/script>\n<!-- \/ Yoast SEO plugin. -->","yoast_head_json":{"title":"S\u00e3o Miguel mit dem Mietwagen erkunden","description":"Gleich am ersten Tag wollten wir S\u00e3o Miguel mit dem Mietwagen erkunden. Wir starten Richtung Westen und entdecken viele sch\u00f6ne Aussichtspunkte.","robots":{"index":"index","follow":"follow","max-snippet":"max-snippet:-1","max-image-preview":"max-image-preview:large","max-video-preview":"max-video-preview:-1"},"canonical":"https:\/\/blog.olimar.de\/sao-miguel-mit-dem-mietwagen\/","og_locale":"de_DE","og_type":"article","og_title":"S\u00e3o Miguel mit dem Mietwagen erkunden","og_description":"Gleich am ersten Tag wollten wir S\u00e3o Miguel mit dem Mietwagen erkunden. Wir starten Richtung Westen und entdecken viele sch\u00f6ne Aussichtspunkte.","og_url":"https:\/\/blog.olimar.de\/sao-miguel-mit-dem-mietwagen\/","article_publisher":"https:\/\/www.facebook.com\/OlimarReisen","article_author":"http:\/\/facebook.com\/waltzingmeurers","article_published_time":"2016-04-18T14:23:48+00:00","article_modified_time":"2023-01-01T15:20:55+00:00","og_image":[{"width":2000,"height":1335,"url":"https:\/\/blog.olimar.de\/wp-content\/uploads\/2016\/04\/DSC_7320_kompri.jpg","type":"image\/jpeg"}],"author":"Monika Meurer","twitter_misc":{"Verfasst von":"Monika Meurer","Gesch\u00e4tzte Lesezeit":"7\u00a0Minuten"},"schema":{"@context":"https:\/\/schema.org","@graph":[{"@type":"WebPage","@id":"https:\/\/blog.olimar.de\/sao-miguel-mit-dem-mietwagen\/","url":"https:\/\/blog.olimar.de\/sao-miguel-mit-dem-mietwagen\/","name":"S\u00e3o Miguel mit dem Mietwagen erkunden","isPartOf":{"@id":"https:\/\/blog.olimar.de\/#website"},"primaryImageOfPage":{"@id":"https:\/\/blog.olimar.de\/sao-miguel-mit-dem-mietwagen\/#primaryimage"},"image":{"@id":"https:\/\/blog.olimar.de\/sao-miguel-mit-dem-mietwagen\/#primaryimage"},"thumbnailUrl":"https:\/\/blog.olimar.de\/wp-content\/uploads\/2016\/04\/DSC_7320_kompri.jpg","datePublished":"2016-04-18T14:23:48+00:00","dateModified":"2023-01-01T15:20:55+00:00","description":"Gleich am ersten Tag wollten wir S\u00e3o Miguel mit dem Mietwagen erkunden. Wir starten Richtung Westen und entdecken viele sch\u00f6ne Aussichtspunkte.","breadcrumb":{"@id":"https:\/\/blog.olimar.de\/sao-miguel-mit-dem-mietwagen\/#breadcrumb"},"inLanguage":"de","potentialAction":[{"@type":"ReadAction","target":["https:\/\/blog.olimar.de\/sao-miguel-mit-dem-mietwagen\/"]}]},{"@type":"ImageObject","inLanguage":"de","@id":"https:\/\/blog.olimar.de\/sao-miguel-mit-dem-mietwagen\/#primaryimage","url":"https:\/\/blog.olimar.de\/wp-content\/uploads\/2016\/04\/DSC_7320_kompri.jpg","contentUrl":"https:\/\/blog.olimar.de\/wp-content\/uploads\/2016\/04\/DSC_7320_kompri.jpg","width":2000,"height":1335,"caption":"S\u00e3o Miguel mit dem Mietwagen erkunden"},{"@type":"BreadcrumbList","@id":"https:\/\/blog.olimar.de\/sao-miguel-mit-dem-mietwagen\/#breadcrumb","itemListElement":[{"@type":"ListItem","position":1,"name":"Home","item":"https:\/\/blog.olimar.de\/"},{"@type":"ListItem","position":2,"name":"Azoren","item":"https:\/\/blog.olimar.de\/tag\/azoren\/"},{"@type":"ListItem","position":3,"name":"Mit dem Mietwagen S\u00e3o Miguel erkunden"}]},{"@type":"WebSite","@id":"https:\/\/blog.olimar.de\/#website","url":"https:\/\/blog.olimar.de\/","name":"OLIMAR.com","description":"","publisher":{"@id":"https:\/\/blog.olimar.de\/#organization"},"potentialAction":[{"@type":"SearchAction","target":{"@type":"EntryPoint","urlTemplate":"https:\/\/blog.olimar.de\/?s={search_term_string}"},"query-input":{"@type":"PropertyValueSpecification","valueRequired":true,"valueName":"search_term_string"}}],"inLanguage":"de"},{"@type":"Organization","@id":"https:\/\/blog.olimar.de\/#organization","name":"OLIMAR Reisen","url":"https:\/\/blog.olimar.de\/","logo":{"@type":"ImageObject","inLanguage":"de","@id":"https:\/\/blog.olimar.de\/#\/schema\/logo\/image\/","url":"https:\/\/blog.olimar.de\/wp-content\/uploads\/2021\/01\/OLIMAR_Logo_COLOR.png","contentUrl":"https:\/\/blog.olimar.de\/wp-content\/uploads\/2021\/01\/OLIMAR_Logo_COLOR.png","width":2000,"height":986,"caption":"OLIMAR Reisen"},"image":{"@id":"https:\/\/blog.olimar.de\/#\/schema\/logo\/image\/"},"sameAs":["https:\/\/www.facebook.com\/OlimarReisen","https:\/\/x.com\/olimarrreisen","https:\/\/www.instagram.com\/olimarreisen","https:\/\/www.youtube.com\/user\/olimarreisen"]}]}},"modified_by":"Lena Radermacher","jetpack_featured_media_url":"https:\/\/blog.olimar.de\/wp-content\/uploads\/2016\/04\/DSC_7320_kompri.jpg","_links":{"self":[{"href":"https:\/\/blog.olimar.de\/wp-json\/wp\/v2\/posts\/4819","targetHints":{"allow":["GET"]}}],"collection":[{"href":"https:\/\/blog.olimar.de\/wp-json\/wp\/v2\/posts"}],"about":[{"href":"https:\/\/blog.olimar.de\/wp-json\/wp\/v2\/types\/post"}],"author":[{"embeddable":true,"href":"https:\/\/blog.olimar.de\/wp-json\/wp\/v2\/users\/39"}],"replies":[{"embeddable":true,"href":"https:\/\/blog.olimar.de\/wp-json\/wp\/v2\/comments?post=4819"}],"version-history":[{"count":18,"href":"https:\/\/blog.olimar.de\/wp-json\/wp\/v2\/posts\/4819\/revisions"}],"predecessor-version":[{"id":23250,"href":"https:\/\/blog.olimar.de\/wp-json\/wp\/v2\/posts\/4819\/revisions\/23250"}],"wp:featuredmedia":[{"embeddable":true,"href":"https:\/\/blog.olimar.de\/wp-json\/wp\/v2\/media\/5512"}],"wp:attachment":[{"href":"https:\/\/blog.olimar.de\/wp-json\/wp\/v2\/media?parent=4819"}],"wp:term":[{"taxonomy":"category","embeddable":true,"href":"https:\/\/blog.olimar.de\/wp-json\/wp\/v2\/categories?post=4819"},{"taxonomy":"post_tag","embeddable":true,"href":"https:\/\/blog.olimar.de\/wp-json\/wp\/v2\/tags?post=4819"}],"curies":[{"name":"wp","href":"https:\/\/api.w.org\/{rel}","templated":true}]}}