{"id":5124,"date":"2016-06-02T11:32:30","date_gmt":"2016-06-02T09:32:30","guid":{"rendered":"https:\/\/blog.olimar.de\/?p=5124"},"modified":"2021-04-06T16:33:44","modified_gmt":"2021-04-06T15:33:44","slug":"port-adriano-auf-mallorca","status":"publish","type":"post","link":"https:\/\/blog.olimar.de\/port-adriano-auf-mallorca\/","title":{"rendered":"Mond\u00e4n, mond\u00e4ner, Port Adriano! Mallorcas Hafen-Highlight"},"content":{"rendered":"<p class=\"intro\" style=\"text-align: justify;\">Naturgem\u00e4\u00df gibt es auf gr\u00f6\u00dferen Inseln viele H\u00e4fen. Und auch auf Mallorca gibt es zahlreiche sehr sch\u00f6ne, sehenswerte H\u00e4fen. Doch einer davon sticht besonders hervor. Denn er ist nicht nur au\u00dferordentlich sch\u00f6n angelegt, sondern durch zahlreiche spektakul\u00e4re Events, L\u00e4den und Galerien mittlerweile ein absoluter Touristenmagnet und durchaus auch f\u00fcr Nicht-Segler oder Bootseigner einen Besuch wert: der Port Adriano.<\/p>\n<p style=\"text-align: justify;\">Nur rund 20 km s\u00fcdwestlich von Palma ist seit vier Jahren <a href=\"https:\/\/www.olimar.de\/spanien\/balearen\/mallorca\/\" target=\"_blank\" rel=\"noopener noreferrer\">Mallorca<\/a>s luxuri\u00f6sester Yachthafen, der Port Adriano, zu finden. Bevor der franz\u00f6sische Industrie-Designer Philippe Starck den Hafen in einer 6-j\u00e4hrigen Bauzeit aufwendig umgestaltet und deutlich vergr\u00f6\u00dfert hat, war der Port Adriano ein kleiner, gem\u00fctlicher und eher unbedeutender Fischerei- und Yachthafen am Fu\u00dfe der Steilk\u00fcste von El Toro.<\/p>\n<p style=\"text-align: justify;\">Seit seiner pomp\u00f6sen Neu-Er\u00f6ffnung im Jahr 2012 hat Mallorca einen mond\u00e4nen Hotspot f\u00fcr die Sch\u00f6nen und Reichen hinzugewonnen. Denn der Fokus liegt auf noblen Super-Yachten, also Boote mit beeindruckenden 23 bis 60 Metern L\u00e4nge.<\/p>\n<h3 style=\"text-align: justify;\"><strong>Ein Spaziergang durch den Port Adriano<\/strong><\/h3>\n<p style=\"text-align: justify;\">Und das erkennen Besucher auch schon von Weitem: beim Blick z.B. vom Gel\u00e4nde des etwas h\u00f6her gelegenen Hotel Port Adriano auf die beeindruckend gro\u00dfe Hafenfl\u00e4che stechen einige der riesigen Super-Yachten durch ihre Gr\u00f6\u00dfe deutlich hervor. Auszumachen ist ein inneres Hafenbecken, welches bereits fr\u00fcher als Hafen genutzt wurde, und ein \u00e4u\u00dferes Hafenbecken, zur Meerseite hin abgetrennt durch eine rund 15 Meter hohe Kaimauer. Zwischen den beiden weitl\u00e4ufigen Bereichen befindet sich das Herzst\u00fcck des Port Adriano: ein 250 Meter langes, 2-st\u00f6ckiges Hafengeb\u00e4ude in modernem, geradlinigen und reduzierten Design.<\/p>\n<p style=\"text-align: justify;\"><img loading=\"lazy\" decoding=\"async\" class=\"aligncenter size-large wp-image-5137\" src=\"https:\/\/blog.olimar.de\/wp-content\/uploads\/2016\/06\/Hafenblick-1024x768.jpg\" alt=\"Blick auf die Super-Yachten im Port Adriano\" width=\"840\" height=\"630\" srcset=\"https:\/\/blog.olimar.de\/wp-content\/uploads\/2016\/06\/Hafenblick-1024x768.jpg 1024w, https:\/\/blog.olimar.de\/wp-content\/uploads\/2016\/06\/Hafenblick-300x225.jpg 300w, https:\/\/blog.olimar.de\/wp-content\/uploads\/2016\/06\/Hafenblick-768x576.jpg 768w\" sizes=\"auto, (max-width: 840px) 100vw, 840px\" \/> <img loading=\"lazy\" decoding=\"async\" class=\"alignleft size-large wp-image-5138\" src=\"https:\/\/blog.olimar.de\/wp-content\/uploads\/2016\/06\/Hafengeb\u00e4ude-1024x768.jpg\" alt=\"Hafengeb\u00e4ude im Port Adriano\" width=\"840\" height=\"630\" srcset=\"https:\/\/blog.olimar.de\/wp-content\/uploads\/2016\/06\/Hafengeb\u00e4ude-1024x768.jpg 1024w, https:\/\/blog.olimar.de\/wp-content\/uploads\/2016\/06\/Hafengeb\u00e4ude-300x225.jpg 300w, https:\/\/blog.olimar.de\/wp-content\/uploads\/2016\/06\/Hafengeb\u00e4ude-768x576.jpg 768w\" sizes=\"auto, (max-width: 840px) 100vw, 840px\" \/><\/p>\n<p style=\"text-align: justify;\">Dort entlang lohnt sich ein gem\u00fctlicher Spaziergang oder besser: Schaufensterbummel. Denn auch wenn man nicht bereit ist, ein kleines Verm\u00f6gen w\u00e4hrend einer Shoppingtour durch Port Adriano zu verprassen: Beim Flanieren durch das offen gestaltete Geb\u00e4ude gibt es doch viel zu sehen und zu bestaunen. Die in der Marina ans\u00e4ssigen Restaurants, Boutiquen, Bars und Galerien sind allesamt sehr exquisit und sorgf\u00e4ltig passend zum gew\u00fcnschten Klientel ausgew\u00e4hlt: Eine g\u00fcnstige Fischbude oder kleine L\u00e4den mit Postkarten und touristischem Allerlei sucht man in Port Adriano vergebens. Stattdessen warten Champagner-Bars, Sushi-Restaurants und sogar eine Dependance der Sylter Sansibar auf zahlungskr\u00e4ftiges Publikum. In der kleinen, von einem deutschen Ehepaar betriebenen \u201eAhoy\u201c-Galerie k\u00f6nnen Besucher angesagte Werke von K\u00fcnstlern wie Udo Lindenberg, Gunter Sachs oder Alex Katz erwerben. In stylisch eingerichteten Boutiquen k\u00f6nnen sie sich mit Kleidung internationaler Luxusmarken ausstatten. Gleichzeitig lassen sich beim gem\u00fctlichen Bummel durch diese mond\u00e4ne, durchgestylte Luxuswelt die pomp\u00f6sen Yachten aus allern\u00e4chster N\u00e4he betrachten.<\/p>\n<p style=\"text-align: justify;\"><img loading=\"lazy\" decoding=\"async\" class=\"alignleft size-large wp-image-5140\" src=\"https:\/\/blog.olimar.de\/wp-content\/uploads\/2016\/06\/Lounge-1024x768.jpg\" alt=\"Loungem\u00f6bel im Port Adriano\" width=\"840\" height=\"630\" srcset=\"https:\/\/blog.olimar.de\/wp-content\/uploads\/2016\/06\/Lounge-1024x768.jpg 1024w, https:\/\/blog.olimar.de\/wp-content\/uploads\/2016\/06\/Lounge-300x225.jpg 300w, https:\/\/blog.olimar.de\/wp-content\/uploads\/2016\/06\/Lounge-768x576.jpg 768w\" sizes=\"auto, (max-width: 840px) 100vw, 840px\" \/>&nbsp;<img loading=\"lazy\" decoding=\"async\" class=\"alignleft size-large wp-image-5139\" src=\"https:\/\/blog.olimar.de\/wp-content\/uploads\/2016\/06\/Kunst-1024x768.jpg\" alt=\"Kunst-Galerie Ahoy im Port Adriano\" width=\"840\" height=\"630\" srcset=\"https:\/\/blog.olimar.de\/wp-content\/uploads\/2016\/06\/Kunst-1024x768.jpg 1024w, https:\/\/blog.olimar.de\/wp-content\/uploads\/2016\/06\/Kunst-300x225.jpg 300w, https:\/\/blog.olimar.de\/wp-content\/uploads\/2016\/06\/Kunst-768x576.jpg 768w\" sizes=\"auto, (max-width: 840px) 100vw, 840px\" \/> <img loading=\"lazy\" decoding=\"async\" class=\"alignleft size-large wp-image-5141\" src=\"https:\/\/blog.olimar.de\/wp-content\/uploads\/2016\/06\/Restaurant-1024x1024.jpg\" alt=\"Restaurant im Port Adriano\" width=\"840\" height=\"840\" srcset=\"https:\/\/blog.olimar.de\/wp-content\/uploads\/2016\/06\/Restaurant-1024x1024.jpg 1024w, https:\/\/blog.olimar.de\/wp-content\/uploads\/2016\/06\/Restaurant-150x150.jpg 150w, https:\/\/blog.olimar.de\/wp-content\/uploads\/2016\/06\/Restaurant-300x300.jpg 300w, https:\/\/blog.olimar.de\/wp-content\/uploads\/2016\/06\/Restaurant-768x768.jpg 768w, https:\/\/blog.olimar.de\/wp-content\/uploads\/2016\/06\/Restaurant-120x120.jpg 120w\" sizes=\"auto, (max-width: 840px) 100vw, 840px\" \/><img loading=\"lazy\" decoding=\"async\" class=\"alignleft size-large wp-image-5142\" src=\"https:\/\/blog.olimar.de\/wp-content\/uploads\/2016\/06\/Tisch-768x1024.jpg\" alt=\"Restaurant im Port Adriano\" width=\"768\" height=\"1024\" srcset=\"https:\/\/blog.olimar.de\/wp-content\/uploads\/2016\/06\/Tisch-768x1024.jpg 768w, https:\/\/blog.olimar.de\/wp-content\/uploads\/2016\/06\/Tisch-225x300.jpg 225w, https:\/\/blog.olimar.de\/wp-content\/uploads\/2016\/06\/Tisch-420x560.jpg 420w\" sizes=\"auto, (max-width: 768px) 100vw, 768px\" \/><\/p>\n<p style=\"text-align: justify;\">Bei einem k\u00fchlen Drink beispielsweise in der schicken Bar\/Restaurant \u201eCoast by East&#8221; am n\u00f6rdlichen Geb\u00e4ude-Rand, direkt unterhalb der Sansibar, l\u00e4sst sich herrlich beobachten, wie einzelne Schiffscrews akribisch genau jeden Zentimeter der ihr betrauten millionenschweren Luxusyacht auf Hochglanz polieren und sie auf die Ankunft des Bootseigent\u00fcmers vorbereiten. Ob und wann dieser tats\u00e4chlich seiner Yacht einen Besuch abstattet, ist h\u00e4ufig ungewiss oder entscheidet sich spontan. Und dann muss selbstverst\u00e4ndlich alles vorbereitet und startklar sein\u2026<\/p>\n<p style=\"text-align: justify;\">Wegen einer cleveren Bauweise, durch welche sich s\u00e4mtliche Autos zentral im unterirdischen Parkdeck des Hafengeb\u00e4udes befinden, ist das Hafenareal \u00fcbrigens weitestgehend autofrei. Der Werftbereich ist mit einem fast uneinsehbaren Zaun vom restlichen Areal abgetrennt (sicherlich auch, um die durchdesignte Optik nicht zu st\u00f6ren). Dadurch herrscht eine f\u00fcr betriebsame H\u00e4fen vergleichsweise entspannte und f\u00fcr Familienausfl\u00fcge sehr empfehlenswerte Atmosph\u00e4re.<\/p>\n<h3 style=\"text-align: justify;\"><strong>Veranstaltungen im Port Adriano<\/strong><\/h3>\n<p style=\"text-align: justify;\">Um Besucher anzulocken, den Hafen auch f\u00fcr Neugierige zu \u00f6ffnen und dadurch Leben in das weitl\u00e4ufige Areal zu bringen, werden \u00fcbrigens regelm\u00e4\u00dfig sehr attraktive Events im Port Adriano geboten. Im Sommer beispielsweise finden Open Air Konzerte und Darbietungen von internationalen Stars wie Gloria Gaynor (23. Juli 2016),&nbsp; dem Magier Jorge Blass (12. August 2016) oder dem Electric Light Orchestra (06. August 2016) statt. Am 03. Juni 2016 gibts innerhalb des Hafengel\u00e4ndes bereits zum vierten Mal ein gro\u00dfes Streetfood-Festival. Im Mai wurden im Port Adriano u.a.&nbsp; ein \u00f6ffentliches Yoga-Event und ein internationaler Stand-Up-Paddling-Wettbewerb ausgetragen. Diese und viele weitere Events sind im deutschsprachigen <a href=\"http:\/\/www.portadriano.com\/de\/veranstaltungen\/\" target=\"_blank\" rel=\"noopener noreferrer\">Online-Kalender des Port Adriano<\/a> vermerkt.<\/p>\n<div id=\"attachment_5135\" style=\"width: 1007px\" class=\"wp-caption alignleft\"><img loading=\"lazy\" decoding=\"async\" aria-describedby=\"caption-attachment-5135\" class=\"size-full wp-image-5135\" src=\"https:\/\/blog.olimar.de\/wp-content\/uploads\/2016\/06\/Adriano-Streetfood.jpg\" alt=\"\u00a9 Port Adriano Streetfood-Festival\" width=\"997\" height=\"524\" srcset=\"https:\/\/blog.olimar.de\/wp-content\/uploads\/2016\/06\/Adriano-Streetfood.jpg 997w, https:\/\/blog.olimar.de\/wp-content\/uploads\/2016\/06\/Adriano-Streetfood-300x158.jpg 300w, https:\/\/blog.olimar.de\/wp-content\/uploads\/2016\/06\/Adriano-Streetfood-768x404.jpg 768w\" sizes=\"auto, (max-width: 997px) 100vw, 997px\" \/><p id=\"caption-attachment-5135\" class=\"wp-caption-text\">\u00a9 Port Adriano Streetfood-Festival<\/p><\/div>\n<h3 style=\"text-align: justify;\"><strong>Hoteltipp bei Port Adriano<\/strong><\/h3>\n<p style=\"text-align: justify;\">Keine 10 km entfernt vom Port Adriano befindet sich das traditionsreiche Son Caliu Hotel &amp; Spa Oasis ****+. Es ist direkt an einer kleinen Badebucht gelegen, \u00fcberzeugt durch einen ausgesprochen zuvorkommenden Service und durch ein insgesamt hervorragendes Preis-Leistungs-Verh\u00e4ltnis. 1 \u00dcbernachtung im Doppelzimmer Economy ist \u00fcber OLIMAR Reisen bereits ab 47 \u20ac p.P. buchbar.<\/p>\n<div id='gallery-1' class='gallery galleryid-5124 gallery-columns-3 gallery-size-thumbnail'><dl class='gallery-item'>\n\t\t\t<dt class='gallery-icon landscape'>\n\t\t\t\t<img loading=\"lazy\" decoding=\"async\" width=\"150\" height=\"150\" src=\"https:\/\/blog.olimar.de\/wp-content\/uploads\/2016\/06\/PMI205-x-SeaviewB-150x150.jpg\" class=\"attachment-thumbnail size-thumbnail\" alt=\"Badesteg am Hotel Son Caliu Hotel &amp; Spa Oasis bei OLIMAR Reisen\" srcset=\"https:\/\/blog.olimar.de\/wp-content\/uploads\/2016\/06\/PMI205-x-SeaviewB-150x150.jpg 150w, https:\/\/blog.olimar.de\/wp-content\/uploads\/2016\/06\/PMI205-x-SeaviewB-120x120.jpg 120w\" sizes=\"auto, (max-width: 150px) 100vw, 150px\" \/>\n\t\t\t<\/dt><\/dl><dl class='gallery-item'>\n\t\t\t<dt class='gallery-icon landscape'>\n\t\t\t\t<img loading=\"lazy\" decoding=\"async\" width=\"150\" height=\"150\" src=\"https:\/\/blog.olimar.de\/wp-content\/uploads\/2016\/06\/PMI205-p-PoolareaB-150x150.jpg\" class=\"attachment-thumbnail size-thumbnail\" alt=\"Pool und Meerblick des Hotel Son Caliu Hotel &amp; Spa Oasis bei OLIMAR Reisen\" srcset=\"https:\/\/blog.olimar.de\/wp-content\/uploads\/2016\/06\/PMI205-p-PoolareaB-150x150.jpg 150w, https:\/\/blog.olimar.de\/wp-content\/uploads\/2016\/06\/PMI205-p-PoolareaB-120x120.jpg 120w\" sizes=\"auto, (max-width: 150px) 100vw, 150px\" \/>\n\t\t\t<\/dt><\/dl><dl class='gallery-item'>\n\t\t\t<dt class='gallery-icon landscape'>\n\t\t\t\t<img loading=\"lazy\" decoding=\"async\" width=\"150\" height=\"150\" src=\"https:\/\/blog.olimar.de\/wp-content\/uploads\/2016\/06\/PMI205-p-PoolareaA-150x150.jpg\" class=\"attachment-thumbnail size-thumbnail\" alt=\"Pool des Son Caliu Hotel &amp; Spa Oasis bei OLIMAR Reisen\" srcset=\"https:\/\/blog.olimar.de\/wp-content\/uploads\/2016\/06\/PMI205-p-PoolareaA-150x150.jpg 150w, https:\/\/blog.olimar.de\/wp-content\/uploads\/2016\/06\/PMI205-p-PoolareaA-120x120.jpg 120w\" sizes=\"auto, (max-width: 150px) 100vw, 150px\" \/>\n\t\t\t<\/dt><\/dl><br style=\"clear: both\" \/><dl class='gallery-item'>\n\t\t\t<dt class='gallery-icon landscape'>\n\t\t\t\t<img loading=\"lazy\" decoding=\"async\" width=\"150\" height=\"150\" src=\"https:\/\/blog.olimar.de\/wp-content\/uploads\/2016\/06\/PMI205-a-TerrasseA-150x150.jpg\" class=\"attachment-thumbnail size-thumbnail\" alt=\"Terrasse des Son Caliu Hotel &amp; Spa Oasis bei OLIMAR Reisen\" srcset=\"https:\/\/blog.olimar.de\/wp-content\/uploads\/2016\/06\/PMI205-a-TerrasseA-150x150.jpg 150w, https:\/\/blog.olimar.de\/wp-content\/uploads\/2016\/06\/PMI205-a-TerrasseA-120x120.jpg 120w\" sizes=\"auto, (max-width: 150px) 100vw, 150px\" \/>\n\t\t\t<\/dt><\/dl>\n\t\t\t<br style='clear: both' \/>\n\t\t<\/div>\n\n<h3 style=\"text-align: justify;\"><strong>Port Adriano auf Mallorca<\/strong><\/h3>\n<p style=\"text-align: justify;\"><\/p>\n<p>&nbsp;<\/p>\n","protected":false},"excerpt":{"rendered":"<p>Naturgem\u00e4\u00df gibt es auf gr\u00f6\u00dferen Inseln viele H\u00e4fen. Und auch auf Mallorca gibt es zahlreiche sehr sch\u00f6ne, sehenswerte H\u00e4fen. Doch einer davon sticht besonders hervor. Denn er ist nicht nur au\u00dferordentlich sch\u00f6n angelegt, sondern durch zahlreiche spektakul\u00e4re Events, L\u00e4den und Galerien mittlerweile ein absoluter Touristenmagnet und durchaus auch f\u00fcr Nicht-Segler oder Bootseigner einen Besuch wert: der Port Adriano. Nur rund 20 km s\u00fcdwestlich von Palma ist seit vier Jahren Mallorcas luxuri\u00f6sester Yachthafen, der Port Adriano, zu finden. Bevor der franz\u00f6sische Industrie-Designer Philippe Starck den Hafen in einer 6-j\u00e4hrigen Bauzeit aufwendig umgestaltet und deutlich vergr\u00f6\u00dfert hat, war der Port Adriano ein kleiner, &hellip;<\/p>\n","protected":false},"author":1,"featured_media":5145,"comment_status":"open","ping_status":"open","sticky":false,"template":"","format":"standard","meta":{"_crdt_document":"","_lmt_disableupdate":"","_lmt_disable":"","footnotes":""},"categories":[30,28],"tags":[26,62],"class_list":["post-5124","post","type-post","status-publish","format-standard","has-post-thumbnail","hentry","category-kulinarik-genuss","category-kunst-kultur","tag-mallorca","tag-spanien"],"yoast_head":"<!-- This site is optimized with the Yoast SEO plugin v26.9 - https:\/\/yoast.com\/product\/yoast-seo-wordpress\/ -->\n<title>Besuch im Port Adriano, Mallorcas Hafen-Highlight<\/title>\n<meta name=\"description\" content=\"Ein Besuch im mond\u00e4nen Hafen Port Adriano auf Mallorca ist wie ein Ausflug in eine Luxus-Welt. Zahlreiche Events im Hafen locken Besucher.\" \/>\n<meta name=\"robots\" content=\"index, follow, max-snippet:-1, max-image-preview:large, max-video-preview:-1\" \/>\n<link rel=\"canonical\" href=\"https:\/\/blog.olimar.de\/port-adriano-auf-mallorca\/\" \/>\n<meta property=\"og:locale\" content=\"de_DE\" \/>\n<meta property=\"og:type\" content=\"article\" \/>\n<meta property=\"og:title\" content=\"Besuch im Port Adriano, Mallorcas Hafen-Highlight\" \/>\n<meta property=\"og:description\" content=\"Ein Besuch im mond\u00e4nen Hafen Port Adriano auf Mallorca ist wie ein Ausflug in eine Luxus-Welt. Zahlreiche Events im Hafen locken Besucher.\" \/>\n<meta property=\"og:url\" content=\"https:\/\/blog.olimar.de\/port-adriano-auf-mallorca\/\" \/>\n<meta property=\"article:publisher\" content=\"https:\/\/www.facebook.com\/OlimarReisen\" \/>\n<meta property=\"article:published_time\" content=\"2016-06-02T09:32:30+00:00\" \/>\n<meta property=\"article:modified_time\" content=\"2021-04-06T15:33:44+00:00\" \/>\n<meta property=\"og:image\" content=\"https:\/\/i2.wp.com\/blog.olimar.de\/wp-content\/uploads\/2016\/06\/Super-Yachten.jpg?fit=2448%2C1608&ssl=1\" \/>\n\t<meta property=\"og:image:width\" content=\"2448\" \/>\n\t<meta property=\"og:image:height\" content=\"1608\" \/>\n\t<meta property=\"og:image:type\" content=\"image\/jpeg\" \/>\n<meta name=\"author\" content=\"Katharina\" \/>\n<meta name=\"twitter:label1\" content=\"Verfasst von\" \/>\n\t<meta name=\"twitter:data1\" content=\"Katharina\" \/>\n\t<meta name=\"twitter:label2\" content=\"Gesch\u00e4tzte Lesezeit\" \/>\n\t<meta name=\"twitter:data2\" content=\"4\u00a0Minuten\" \/>\n<script type=\"application\/ld+json\" class=\"yoast-schema-graph\">{\"@context\":\"https:\/\/schema.org\",\"@graph\":[{\"@type\":\"WebPage\",\"@id\":\"https:\/\/blog.olimar.de\/port-adriano-auf-mallorca\/\",\"url\":\"https:\/\/blog.olimar.de\/port-adriano-auf-mallorca\/\",\"name\":\"Besuch im Port Adriano, Mallorcas Hafen-Highlight\",\"isPartOf\":{\"@id\":\"https:\/\/blog.olimar.de\/#website\"},\"primaryImageOfPage\":{\"@id\":\"https:\/\/blog.olimar.de\/port-adriano-auf-mallorca\/#primaryimage\"},\"image\":{\"@id\":\"https:\/\/blog.olimar.de\/port-adriano-auf-mallorca\/#primaryimage\"},\"thumbnailUrl\":\"https:\/\/blog.olimar.de\/wp-content\/uploads\/2016\/06\/Super-Yachten.jpg\",\"datePublished\":\"2016-06-02T09:32:30+00:00\",\"dateModified\":\"2021-04-06T15:33:44+00:00\",\"description\":\"Ein Besuch im mond\u00e4nen Hafen Port Adriano auf Mallorca ist wie ein Ausflug in eine Luxus-Welt. Zahlreiche Events im Hafen locken Besucher.\",\"breadcrumb\":{\"@id\":\"https:\/\/blog.olimar.de\/port-adriano-auf-mallorca\/#breadcrumb\"},\"inLanguage\":\"de\",\"potentialAction\":[{\"@type\":\"ReadAction\",\"target\":[\"https:\/\/blog.olimar.de\/port-adriano-auf-mallorca\/\"]}]},{\"@type\":\"ImageObject\",\"inLanguage\":\"de\",\"@id\":\"https:\/\/blog.olimar.de\/port-adriano-auf-mallorca\/#primaryimage\",\"url\":\"https:\/\/blog.olimar.de\/wp-content\/uploads\/2016\/06\/Super-Yachten.jpg\",\"contentUrl\":\"https:\/\/blog.olimar.de\/wp-content\/uploads\/2016\/06\/Super-Yachten.jpg\",\"width\":2448,\"height\":1608,\"caption\":\"Super-Yachten im Port Adriano auf Mallorca\"},{\"@type\":\"BreadcrumbList\",\"@id\":\"https:\/\/blog.olimar.de\/port-adriano-auf-mallorca\/#breadcrumb\",\"itemListElement\":[{\"@type\":\"ListItem\",\"position\":1,\"name\":\"Home\",\"item\":\"https:\/\/blog.olimar.de\/\"},{\"@type\":\"ListItem\",\"position\":2,\"name\":\"Mallorca\",\"item\":\"https:\/\/blog.olimar.de\/tag\/mallorca\/\"},{\"@type\":\"ListItem\",\"position\":3,\"name\":\"Mond\u00e4n, mond\u00e4ner, Port Adriano! Mallorcas Hafen-Highlight\"}]},{\"@type\":\"WebSite\",\"@id\":\"https:\/\/blog.olimar.de\/#website\",\"url\":\"https:\/\/blog.olimar.de\/\",\"name\":\"OLIMAR.com\",\"description\":\"\",\"publisher\":{\"@id\":\"https:\/\/blog.olimar.de\/#organization\"},\"potentialAction\":[{\"@type\":\"SearchAction\",\"target\":{\"@type\":\"EntryPoint\",\"urlTemplate\":\"https:\/\/blog.olimar.de\/?s={search_term_string}\"},\"query-input\":{\"@type\":\"PropertyValueSpecification\",\"valueRequired\":true,\"valueName\":\"search_term_string\"}}],\"inLanguage\":\"de\"},{\"@type\":\"Organization\",\"@id\":\"https:\/\/blog.olimar.de\/#organization\",\"name\":\"OLIMAR Reisen\",\"url\":\"https:\/\/blog.olimar.de\/\",\"logo\":{\"@type\":\"ImageObject\",\"inLanguage\":\"de\",\"@id\":\"https:\/\/blog.olimar.de\/#\/schema\/logo\/image\/\",\"url\":\"https:\/\/blog.olimar.de\/wp-content\/uploads\/2021\/01\/OLIMAR_Logo_COLOR.png\",\"contentUrl\":\"https:\/\/blog.olimar.de\/wp-content\/uploads\/2021\/01\/OLIMAR_Logo_COLOR.png\",\"width\":2000,\"height\":986,\"caption\":\"OLIMAR Reisen\"},\"image\":{\"@id\":\"https:\/\/blog.olimar.de\/#\/schema\/logo\/image\/\"},\"sameAs\":[\"https:\/\/www.facebook.com\/OlimarReisen\",\"https:\/\/x.com\/olimarrreisen\",\"https:\/\/www.instagram.com\/olimarreisen\",\"https:\/\/www.youtube.com\/user\/olimarreisen\"]}]}<\/script>\n<!-- \/ Yoast SEO plugin. -->","yoast_head_json":{"title":"Besuch im Port Adriano, Mallorcas Hafen-Highlight","description":"Ein Besuch im mond\u00e4nen Hafen Port Adriano auf Mallorca ist wie ein Ausflug in eine Luxus-Welt. Zahlreiche Events im Hafen locken Besucher.","robots":{"index":"index","follow":"follow","max-snippet":"max-snippet:-1","max-image-preview":"max-image-preview:large","max-video-preview":"max-video-preview:-1"},"canonical":"https:\/\/blog.olimar.de\/port-adriano-auf-mallorca\/","og_locale":"de_DE","og_type":"article","og_title":"Besuch im Port Adriano, Mallorcas Hafen-Highlight","og_description":"Ein Besuch im mond\u00e4nen Hafen Port Adriano auf Mallorca ist wie ein Ausflug in eine Luxus-Welt. Zahlreiche Events im Hafen locken Besucher.","og_url":"https:\/\/blog.olimar.de\/port-adriano-auf-mallorca\/","article_publisher":"https:\/\/www.facebook.com\/OlimarReisen","article_published_time":"2016-06-02T09:32:30+00:00","article_modified_time":"2021-04-06T15:33:44+00:00","og_image":[{"width":2448,"height":1608,"url":"https:\/\/i2.wp.com\/blog.olimar.de\/wp-content\/uploads\/2016\/06\/Super-Yachten.jpg?fit=2448%2C1608&ssl=1","type":"image\/jpeg"}],"author":"Katharina","twitter_misc":{"Verfasst von":"Katharina","Gesch\u00e4tzte Lesezeit":"4\u00a0Minuten"},"schema":{"@context":"https:\/\/schema.org","@graph":[{"@type":"WebPage","@id":"https:\/\/blog.olimar.de\/port-adriano-auf-mallorca\/","url":"https:\/\/blog.olimar.de\/port-adriano-auf-mallorca\/","name":"Besuch im Port Adriano, Mallorcas Hafen-Highlight","isPartOf":{"@id":"https:\/\/blog.olimar.de\/#website"},"primaryImageOfPage":{"@id":"https:\/\/blog.olimar.de\/port-adriano-auf-mallorca\/#primaryimage"},"image":{"@id":"https:\/\/blog.olimar.de\/port-adriano-auf-mallorca\/#primaryimage"},"thumbnailUrl":"https:\/\/blog.olimar.de\/wp-content\/uploads\/2016\/06\/Super-Yachten.jpg","datePublished":"2016-06-02T09:32:30+00:00","dateModified":"2021-04-06T15:33:44+00:00","description":"Ein Besuch im mond\u00e4nen Hafen Port Adriano auf Mallorca ist wie ein Ausflug in eine Luxus-Welt. Zahlreiche Events im Hafen locken Besucher.","breadcrumb":{"@id":"https:\/\/blog.olimar.de\/port-adriano-auf-mallorca\/#breadcrumb"},"inLanguage":"de","potentialAction":[{"@type":"ReadAction","target":["https:\/\/blog.olimar.de\/port-adriano-auf-mallorca\/"]}]},{"@type":"ImageObject","inLanguage":"de","@id":"https:\/\/blog.olimar.de\/port-adriano-auf-mallorca\/#primaryimage","url":"https:\/\/blog.olimar.de\/wp-content\/uploads\/2016\/06\/Super-Yachten.jpg","contentUrl":"https:\/\/blog.olimar.de\/wp-content\/uploads\/2016\/06\/Super-Yachten.jpg","width":2448,"height":1608,"caption":"Super-Yachten im Port Adriano auf Mallorca"},{"@type":"BreadcrumbList","@id":"https:\/\/blog.olimar.de\/port-adriano-auf-mallorca\/#breadcrumb","itemListElement":[{"@type":"ListItem","position":1,"name":"Home","item":"https:\/\/blog.olimar.de\/"},{"@type":"ListItem","position":2,"name":"Mallorca","item":"https:\/\/blog.olimar.de\/tag\/mallorca\/"},{"@type":"ListItem","position":3,"name":"Mond\u00e4n, mond\u00e4ner, Port Adriano! Mallorcas Hafen-Highlight"}]},{"@type":"WebSite","@id":"https:\/\/blog.olimar.de\/#website","url":"https:\/\/blog.olimar.de\/","name":"OLIMAR.com","description":"","publisher":{"@id":"https:\/\/blog.olimar.de\/#organization"},"potentialAction":[{"@type":"SearchAction","target":{"@type":"EntryPoint","urlTemplate":"https:\/\/blog.olimar.de\/?s={search_term_string}"},"query-input":{"@type":"PropertyValueSpecification","valueRequired":true,"valueName":"search_term_string"}}],"inLanguage":"de"},{"@type":"Organization","@id":"https:\/\/blog.olimar.de\/#organization","name":"OLIMAR Reisen","url":"https:\/\/blog.olimar.de\/","logo":{"@type":"ImageObject","inLanguage":"de","@id":"https:\/\/blog.olimar.de\/#\/schema\/logo\/image\/","url":"https:\/\/blog.olimar.de\/wp-content\/uploads\/2021\/01\/OLIMAR_Logo_COLOR.png","contentUrl":"https:\/\/blog.olimar.de\/wp-content\/uploads\/2021\/01\/OLIMAR_Logo_COLOR.png","width":2000,"height":986,"caption":"OLIMAR Reisen"},"image":{"@id":"https:\/\/blog.olimar.de\/#\/schema\/logo\/image\/"},"sameAs":["https:\/\/www.facebook.com\/OlimarReisen","https:\/\/x.com\/olimarrreisen","https:\/\/www.instagram.com\/olimarreisen","https:\/\/www.youtube.com\/user\/olimarreisen"]}]}},"modified_by":"Sabine Wonner","jetpack_featured_media_url":"https:\/\/blog.olimar.de\/wp-content\/uploads\/2016\/06\/Super-Yachten.jpg","_links":{"self":[{"href":"https:\/\/blog.olimar.de\/wp-json\/wp\/v2\/posts\/5124","targetHints":{"allow":["GET"]}}],"collection":[{"href":"https:\/\/blog.olimar.de\/wp-json\/wp\/v2\/posts"}],"about":[{"href":"https:\/\/blog.olimar.de\/wp-json\/wp\/v2\/types\/post"}],"author":[{"embeddable":true,"href":"https:\/\/blog.olimar.de\/wp-json\/wp\/v2\/users\/1"}],"replies":[{"embeddable":true,"href":"https:\/\/blog.olimar.de\/wp-json\/wp\/v2\/comments?post=5124"}],"version-history":[{"count":25,"href":"https:\/\/blog.olimar.de\/wp-json\/wp\/v2\/posts\/5124\/revisions"}],"predecessor-version":[{"id":16317,"href":"https:\/\/blog.olimar.de\/wp-json\/wp\/v2\/posts\/5124\/revisions\/16317"}],"wp:featuredmedia":[{"embeddable":true,"href":"https:\/\/blog.olimar.de\/wp-json\/wp\/v2\/media\/5145"}],"wp:attachment":[{"href":"https:\/\/blog.olimar.de\/wp-json\/wp\/v2\/media?parent=5124"}],"wp:term":[{"taxonomy":"category","embeddable":true,"href":"https:\/\/blog.olimar.de\/wp-json\/wp\/v2\/categories?post=5124"},{"taxonomy":"post_tag","embeddable":true,"href":"https:\/\/blog.olimar.de\/wp-json\/wp\/v2\/tags?post=5124"}],"curies":[{"name":"wp","href":"https:\/\/api.w.org\/{rel}","templated":true}]}}