{"id":5204,"date":"2016-06-15T16:41:31","date_gmt":"2016-06-15T14:41:31","guid":{"rendered":"https:\/\/blog.olimar.de\/?p=5204"},"modified":"2024-03-12T13:38:39","modified_gmt":"2024-03-12T12:38:39","slug":"cuenca","status":"publish","type":"post","link":"https:\/\/blog.olimar.de\/cuenca\/","title":{"rendered":"Cuenca &#8211; Weltkulturerbe mit h\u00e4ngenden H\u00e4usern"},"content":{"rendered":"\n<p><strong>Denkt man an eine spanische Stadt, deren H\u00e4user an eine Schlucht gebaut sind, kommt einem zuerst <a href=\"https:\/\/blog.olimar.de\/ronda\/\">Ronda<\/a> in den Sinn. Cuenca h\u00e4lt mit seinen h\u00e4ngenden H\u00e4usern dagegen. Doch bei meinem Rundgang durch die Altstadt der Weltkulturerbe-Stadt merke ich, dass es hier weitaus mehr zu entdecken gibt. Zwei Stunden sp\u00e4ter steht f\u00fcr mich fest: Cuenca muss man gesehen haben!<\/strong><\/p>\n\n\n\n<div class=\"wp-block-buttons is-layout-flex wp-block-buttons-is-layout-flex\">\n<div class=\"wp-block-button\"><a class=\"wp-block-button__link wp-element-button\" href=\"https:\/\/www.olimar.de\/spanien\/zentralspanien\/\">Zentralspanien Reiseangebote und Hoteltipps entdecken<\/a><\/div>\n<\/div>\n\n\n<h3 style=\"text-align: justify;\"><strong>Natur, Kultur und k\u00f6stlicher K\u00e4se in Cuenca<\/strong><\/h3>\n<p style=\"text-align: justify;\">Auf unserem Weg von der Sierra de Albarrac\u00edn nach Madrid machen wir einen Stopp in Cuenca. Ich habe in der letzten Zeit viel von dieser Stadt in Zentralspanien (genauer: Kastilien-La Mancha) geh\u00f6rt und m\u00f6chte mir nun endlich ein eigenes Bild machen. Die Spanier, mit denen ich gesprochen habe, schw\u00e4rmen insbesondere von den &#8220;h\u00e4ngenden H\u00e4usern&#8221; und so bin ich gespannt, was mich erwartet.<\/p>\n<p style=\"text-align: justify;\">Mit dem Auto fahre ich in die Innenstadt und finde kurz vor der Altstadt eine kostenpflichtige Parkbucht in der Calle Sargal. Mit 0,65\u20ac pro Stunde ist das Parken g\u00fcnstig und das historische Stadtzentrum liegt nur f\u00fcnf Gehminuten entfernt. In Spanien haben \u00fcbrigens auch die Parkuhren Siesta und so fallen w\u00e4hrend der Mittagszeit keine Geb\u00fchren an.<\/p>\n<p style=\"text-align: justify;\">F\u00fcr den Hinweg w\u00e4hle ich die Stra\u00dfe \u201ePaseo del Jucar\u201c, die am Fluss entlang l\u00e4uft.<br \/>Von hier bekomme ich die ersten Eindr\u00fccke von der interessanten Bauweise und f\u00fchle mich gleichzeitig wie in einem Park. Am Ortsausgang f\u00fchrt eine Br\u00fccke \u00fcber den Fluss, danach geht es \u00fcber eine Steintreppe nach oben. Der Ausblick auf den Fluss und die H\u00e4user ist so sch\u00f6n, dass ich das Atemholen gerne mit dem Fotografieren verbinde.<\/p>\n<p style=\"text-align: justify;\"><img loading=\"lazy\" decoding=\"async\" class=\"alignleft size-full wp-image-5220\" src=\"https:\/\/blog.olimar.de\/wp-content\/uploads\/2016\/06\/Steintreppe.jpg\" alt=\"Steintreppe\" width=\"1000\" height=\"750\" srcset=\"https:\/\/blog.olimar.de\/wp-content\/uploads\/2016\/06\/Steintreppe.jpg 1000w, https:\/\/blog.olimar.de\/wp-content\/uploads\/2016\/06\/Steintreppe-300x225.jpg 300w, https:\/\/blog.olimar.de\/wp-content\/uploads\/2016\/06\/Steintreppe-768x576.jpg 768w\" sizes=\"auto, (max-width: 1000px) 100vw, 1000px\" \/> <img loading=\"lazy\" decoding=\"async\" class=\"alignleft size-full wp-image-5212\" src=\"https:\/\/blog.olimar.de\/wp-content\/uploads\/2016\/06\/Aussicht-von-der-Treppe.jpg\" alt=\"Aussicht von der Treppe\" width=\"1000\" height=\"750\" srcset=\"https:\/\/blog.olimar.de\/wp-content\/uploads\/2016\/06\/Aussicht-von-der-Treppe.jpg 1000w, https:\/\/blog.olimar.de\/wp-content\/uploads\/2016\/06\/Aussicht-von-der-Treppe-300x225.jpg 300w, https:\/\/blog.olimar.de\/wp-content\/uploads\/2016\/06\/Aussicht-von-der-Treppe-768x576.jpg 768w\" sizes=\"auto, (max-width: 1000px) 100vw, 1000px\" \/><\/p>\n<p style=\"text-align: justify;\"><img loading=\"lazy\" decoding=\"async\" class=\"alignleft size-full wp-image-5216\" src=\"https:\/\/blog.olimar.de\/wp-content\/uploads\/2016\/06\/Fluss-Cuenca.jpg\" alt=\"Fluss Cuenca\" width=\"1000\" height=\"750\" srcset=\"https:\/\/blog.olimar.de\/wp-content\/uploads\/2016\/06\/Fluss-Cuenca.jpg 1000w, https:\/\/blog.olimar.de\/wp-content\/uploads\/2016\/06\/Fluss-Cuenca-300x225.jpg 300w, https:\/\/blog.olimar.de\/wp-content\/uploads\/2016\/06\/Fluss-Cuenca-768x576.jpg 768w\" sizes=\"auto, (max-width: 1000px) 100vw, 1000px\" \/> <img loading=\"lazy\" decoding=\"async\" class=\"alignleft size-full wp-image-5217\" src=\"https:\/\/blog.olimar.de\/wp-content\/uploads\/2016\/06\/Hinweg.jpg\" alt=\"Hinweg\" width=\"1000\" height=\"747\" srcset=\"https:\/\/blog.olimar.de\/wp-content\/uploads\/2016\/06\/Hinweg.jpg 1000w, https:\/\/blog.olimar.de\/wp-content\/uploads\/2016\/06\/Hinweg-300x224.jpg 300w, https:\/\/blog.olimar.de\/wp-content\/uploads\/2016\/06\/Hinweg-768x574.jpg 768w\" sizes=\"auto, (max-width: 1000px) 100vw, 1000px\" \/><\/p>\n<p style=\"text-align: justify;\">Danach folge ich auf direktem Weg der Calle Andr\u00e9s de Cabrera in den alten Stadtkern.<br \/>Leider ist meine Zeit begrenzt, sodass ich keinen Abstecher in die vielen interessanten Museen machen kann. Ob es um abstrakte oder zeitgen\u00f6ssische Kunst geht, um Ostern, Wissenschaft, die biologische Vielfalt der Region oder um arch\u00e4ologische Funde, Cuencas Museen haben f\u00fcr jeden etwas zu bieten.<\/p>\n<h3 style=\"text-align: justify;\"><strong>Cuencas Altstadt z\u00e4hlt zum Weltkulturerbe<\/strong><\/h3>\n<p style=\"text-align: justify;\">Kurz hinter dem Plaza Mayor mit seiner Kathedrale biege ich rechts ab in die Calle Juli\u00e1n Romero. Von hier bieten sich hervorragende Aussichten auf die ber\u00fchmten H\u00e4user. Aber auch die Gasse selbst ist jeden Schritt wert und versetzt mich in eine andere Zeit.<\/p>\n<p style=\"text-align: justify;\"><img loading=\"lazy\" decoding=\"async\" class=\"alignleft wp-image-5219 size-full\" src=\"https:\/\/blog.olimar.de\/wp-content\/uploads\/2016\/06\/Plaza-Mayor.jpg\" alt=\"Plaza Mayor Weltkulturerbe Altstadt\" width=\"1000\" height=\"752\" srcset=\"https:\/\/blog.olimar.de\/wp-content\/uploads\/2016\/06\/Plaza-Mayor.jpg 1000w, https:\/\/blog.olimar.de\/wp-content\/uploads\/2016\/06\/Plaza-Mayor-300x226.jpg 300w, https:\/\/blog.olimar.de\/wp-content\/uploads\/2016\/06\/Plaza-Mayor-768x578.jpg 768w\" sizes=\"auto, (max-width: 1000px) 100vw, 1000px\" \/> <img loading=\"lazy\" decoding=\"async\" class=\"alignleft size-full wp-image-5218\" src=\"https:\/\/blog.olimar.de\/wp-content\/uploads\/2016\/06\/Kathedrale.jpg\" alt=\"Kathedrale\" width=\"1000\" height=\"839\" srcset=\"https:\/\/blog.olimar.de\/wp-content\/uploads\/2016\/06\/Kathedrale.jpg 1000w, https:\/\/blog.olimar.de\/wp-content\/uploads\/2016\/06\/Kathedrale-300x252.jpg 300w, https:\/\/blog.olimar.de\/wp-content\/uploads\/2016\/06\/Kathedrale-768x644.jpg 768w\" sizes=\"auto, (max-width: 1000px) 100vw, 1000px\" \/> <img loading=\"lazy\" decoding=\"async\" class=\"alignleft wp-image-5213 size-full\" src=\"https:\/\/blog.olimar.de\/wp-content\/uploads\/2016\/06\/bunte-alte-H\u00e4user.jpg\" alt=\"bunte alte H\u00e4user Cuencas\" width=\"1000\" height=\"750\" srcset=\"https:\/\/blog.olimar.de\/wp-content\/uploads\/2016\/06\/bunte-alte-H\u00e4user.jpg 1000w, https:\/\/blog.olimar.de\/wp-content\/uploads\/2016\/06\/bunte-alte-H\u00e4user-300x225.jpg 300w, https:\/\/blog.olimar.de\/wp-content\/uploads\/2016\/06\/bunte-alte-H\u00e4user-768x576.jpg 768w\" sizes=\"auto, (max-width: 1000px) 100vw, 1000px\" \/> <img loading=\"lazy\" decoding=\"async\" class=\"alignleft wp-image-5214 size-full\" src=\"https:\/\/blog.olimar.de\/wp-content\/uploads\/2016\/06\/Calle-Romero.jpg\" alt=\"Calle Romero Cuencas\" width=\"600\" height=\"800\" srcset=\"https:\/\/blog.olimar.de\/wp-content\/uploads\/2016\/06\/Calle-Romero.jpg 600w, https:\/\/blog.olimar.de\/wp-content\/uploads\/2016\/06\/Calle-Romero-225x300.jpg 225w, https:\/\/blog.olimar.de\/wp-content\/uploads\/2016\/06\/Calle-Romero-420x560.jpg 420w\" sizes=\"auto, (max-width: 600px) 100vw, 600px\" \/><\/p>\n<p style=\"text-align: justify;\"><img loading=\"lazy\" decoding=\"async\" class=\"alignleft wp-image-5221 size-full\" src=\"https:\/\/blog.olimar.de\/wp-content\/uploads\/2016\/06\/Teil-der-Altstadt.jpg\" alt=\"Weltkulturerbe Altstadt Cuencas\" width=\"1000\" height=\"750\" srcset=\"https:\/\/blog.olimar.de\/wp-content\/uploads\/2016\/06\/Teil-der-Altstadt.jpg 1000w, https:\/\/blog.olimar.de\/wp-content\/uploads\/2016\/06\/Teil-der-Altstadt-300x225.jpg 300w, https:\/\/blog.olimar.de\/wp-content\/uploads\/2016\/06\/Teil-der-Altstadt-768x576.jpg 768w\" sizes=\"auto, (max-width: 1000px) 100vw, 1000px\" \/><img loading=\"lazy\" decoding=\"async\" class=\"alignleft wp-image-5211 size-full\" src=\"https:\/\/blog.olimar.de\/wp-content\/uploads\/2016\/06\/Altbau.jpg\" alt=\"Mittelalterlicher Altbau Cuencas\" width=\"600\" height=\"807\" srcset=\"https:\/\/blog.olimar.de\/wp-content\/uploads\/2016\/06\/Altbau.jpg 600w, https:\/\/blog.olimar.de\/wp-content\/uploads\/2016\/06\/Altbau-223x300.jpg 223w\" sizes=\"auto, (max-width: 600px) 100vw, 600px\" \/>Was m\u00f6gen diese alten Gem\u00e4uer wohl schon erlebt haben?, frage ich mich. F\u00fcr den R\u00fcckweg w\u00e4hle ich auf der anderen Seite die Calle Trabuco, die zur\u00fcck zum Plaza Mayor f\u00fchrt.<br \/>Ein Aussichtspunkt ist sch\u00f6ner als der andere, daher g\u00f6nne ich mir auf einer Bank eine Pause.<\/p>\n<p style=\"text-align: justify;\">Jetzt, um 17.30 Uhr, haben auch die Gesch\u00e4fte wieder ge\u00f6ffnet, In der Calle Alfonso VIII mache ich im Laden \u201eLa Alacena\u201c Halt. Hier gibt es typische Produkte aus der Region Kastilien-La Mancha zu kaufen und mit denen kennt sich die Inhaberin bestens aus.<\/p>\n<p style=\"text-align: justify;\">Bei der Auswahl eines guten Manchego-K\u00e4ses trifft Frau Jes\u00fas genau meinen Geschmack. Auf meine Frage, wie man ihn am besten genie\u00dft, f\u00e4llt ihre Antwort<br \/>eindeutig aus: Nur mit Brot und Wein, mehr ist nicht n\u00f6tig. Sp\u00e4ter befolge ich ihren Rat und lasse meine Eindr\u00fccke bei Brot, Wein und Manchego noch einmal an mir vorbeiziehen.<\/p>\n<p style=\"text-align: justify;\">Cuencas Aush\u00e4ngeschild m\u00f6gen die h\u00e4ngenden H\u00e4user sein, aber hier gibt es weitaus mehr zu entdecken, landschaftlich und kulturell.<br \/>F\u00fcr mich steht nach dem heutigen Tag fest: Cuenca ist das Ronda von Kastilien-La Mancha.<\/p>\n<h3 style=\"text-align: justify;\"><strong>OLIMAR Hoteltipp f\u00fcr Cuenca<\/strong><\/h3>\n<p style=\"text-align: justify;\">In der Altstadt in einem ehemaligen Kloster aus dem 18. Jahrhundert befindet sich die charmante Hotel-Pension <a href=\"https:\/\/rms.olimar.de\/code\/MAD262\" rel=\"noopener\">Posada de San Jos\u00e9<\/a> ***. Die R\u00e4umlichkeiten sind mit Antiquit\u00e4ten und Kunstwerken dekoriert, einige Zimmer bieten einen atemberaubenden Blick \u00fcber die Schlucht. Eine \u00dcbernachtung bereits ab 47 \u20ac p. P.<\/p>\n\n<p style=\"text-align: justify;\">\u00a0<\/p>\n\n\n<div class=\"wp-block-buttons is-layout-flex wp-block-buttons-is-layout-flex\">\n<div class=\"wp-block-button\"><a class=\"wp-block-button__link wp-element-button\" href=\"https:\/\/www.olimar.de\/hotellistung\/\">Jetzt Urlaubsangebote finden und buchen<\/a><\/div>\n<\/div>\n\n\n\n<div style=\"height:100px\" aria-hidden=\"true\" class=\"wp-block-spacer\"><\/div>\n","protected":false},"excerpt":{"rendered":"<p>Denkt man an eine spanische Stadt, deren H\u00e4user an eine Schlucht gebaut sind, kommt einem zuerst Ronda in den Sinn. Cuenca h\u00e4lt mit seinen h\u00e4ngenden H\u00e4usern dagegen. Doch bei meinem Rundgang durch die Altstadt der Weltkulturerbe-Stadt merke ich, dass es hier weitaus mehr zu entdecken gibt.<\/p>\n","protected":false},"author":15,"featured_media":5461,"comment_status":"open","ping_status":"open","sticky":false,"template":"","format":"standard","meta":{"_crdt_document":"","_lmt_disableupdate":"","_lmt_disable":"","footnotes":""},"categories":[28,31],"tags":[151,62,150],"class_list":["post-5204","post","type-post","status-publish","format-standard","has-post-thumbnail","hentry","category-kunst-kultur","category-land-leute","tag-kastilien-la-mancha","tag-spanien","tag-zentralspanien"],"yoast_head":"<!-- This site is optimized with the Yoast SEO plugin v26.9 - https:\/\/yoast.com\/product\/yoast-seo-wordpress\/ -->\n<title>Cuenca - zu Besuch in der Weltkulturerbestadt<\/title>\n<meta name=\"description\" content=\"Cuenca ist wegen der h\u00e4ngenden H\u00e4user bekannt. Dass es noch viel mehr zu entdecken gibt, erlebte unsere Autorin bei ihrem Besuch in Cuenca.\" \/>\n<meta name=\"robots\" content=\"index, follow, max-snippet:-1, max-image-preview:large, max-video-preview:-1\" \/>\n<link rel=\"canonical\" href=\"https:\/\/blog.olimar.de\/cuenca\/\" \/>\n<meta property=\"og:locale\" content=\"de_DE\" \/>\n<meta property=\"og:type\" content=\"article\" \/>\n<meta property=\"og:title\" content=\"Cuenca - zu Besuch in der Weltkulturerbestadt\" \/>\n<meta property=\"og:description\" content=\"Cuenca ist wegen der h\u00e4ngenden H\u00e4user bekannt. Dass es noch viel mehr zu entdecken gibt, erlebte unsere Autorin bei ihrem Besuch in Cuenca.\" \/>\n<meta property=\"og:url\" content=\"https:\/\/blog.olimar.de\/cuenca\/\" \/>\n<meta property=\"article:publisher\" content=\"https:\/\/www.facebook.com\/OlimarReisen\" \/>\n<meta property=\"article:published_time\" content=\"2016-06-15T14:41:31+00:00\" \/>\n<meta property=\"article:modified_time\" content=\"2024-03-12T12:38:39+00:00\" \/>\n<meta property=\"og:image\" content=\"https:\/\/blog.olimar.de\/wp-content\/uploads\/2016\/06\/Cuenca.jpg\" \/>\n\t<meta property=\"og:image:width\" content=\"1000\" \/>\n\t<meta property=\"og:image:height\" content=\"750\" \/>\n\t<meta property=\"og:image:type\" content=\"image\/jpeg\" \/>\n<meta name=\"author\" content=\"Nima\" \/>\n<meta name=\"twitter:label1\" content=\"Verfasst von\" \/>\n\t<meta name=\"twitter:data1\" content=\"Nima\" \/>\n\t<meta name=\"twitter:label2\" content=\"Gesch\u00e4tzte Lesezeit\" \/>\n\t<meta name=\"twitter:data2\" content=\"6\u00a0Minuten\" \/>\n<script type=\"application\/ld+json\" class=\"yoast-schema-graph\">{\"@context\":\"https:\/\/schema.org\",\"@graph\":[{\"@type\":\"WebPage\",\"@id\":\"https:\/\/blog.olimar.de\/cuenca\/\",\"url\":\"https:\/\/blog.olimar.de\/cuenca\/\",\"name\":\"Cuenca - zu Besuch in der Weltkulturerbestadt\",\"isPartOf\":{\"@id\":\"https:\/\/blog.olimar.de\/#website\"},\"primaryImageOfPage\":{\"@id\":\"https:\/\/blog.olimar.de\/cuenca\/#primaryimage\"},\"image\":{\"@id\":\"https:\/\/blog.olimar.de\/cuenca\/#primaryimage\"},\"thumbnailUrl\":\"https:\/\/blog.olimar.de\/wp-content\/uploads\/2016\/06\/Cuenca.jpg\",\"datePublished\":\"2016-06-15T14:41:31+00:00\",\"dateModified\":\"2024-03-12T12:38:39+00:00\",\"description\":\"Cuenca ist wegen der h\u00e4ngenden H\u00e4user bekannt. Dass es noch viel mehr zu entdecken gibt, erlebte unsere Autorin bei ihrem Besuch in Cuenca.\",\"breadcrumb\":{\"@id\":\"https:\/\/blog.olimar.de\/cuenca\/#breadcrumb\"},\"inLanguage\":\"de\",\"potentialAction\":[{\"@type\":\"ReadAction\",\"target\":[\"https:\/\/blog.olimar.de\/cuenca\/\"]}]},{\"@type\":\"ImageObject\",\"inLanguage\":\"de\",\"@id\":\"https:\/\/blog.olimar.de\/cuenca\/#primaryimage\",\"url\":\"https:\/\/blog.olimar.de\/wp-content\/uploads\/2016\/06\/Cuenca.jpg\",\"contentUrl\":\"https:\/\/blog.olimar.de\/wp-content\/uploads\/2016\/06\/Cuenca.jpg\",\"width\":1000,\"height\":750,\"caption\":\"Tipps Cuenca Spanien\"},{\"@type\":\"BreadcrumbList\",\"@id\":\"https:\/\/blog.olimar.de\/cuenca\/#breadcrumb\",\"itemListElement\":[{\"@type\":\"ListItem\",\"position\":1,\"name\":\"Home\",\"item\":\"https:\/\/blog.olimar.de\/\"},{\"@type\":\"ListItem\",\"position\":2,\"name\":\"Kastilien-La Mancha\",\"item\":\"https:\/\/blog.olimar.de\/tag\/kastilien-la-mancha\/\"},{\"@type\":\"ListItem\",\"position\":3,\"name\":\"Cuenca &#8211; Weltkulturerbe mit h\u00e4ngenden H\u00e4usern\"}]},{\"@type\":\"WebSite\",\"@id\":\"https:\/\/blog.olimar.de\/#website\",\"url\":\"https:\/\/blog.olimar.de\/\",\"name\":\"OLIMAR.com\",\"description\":\"\",\"publisher\":{\"@id\":\"https:\/\/blog.olimar.de\/#organization\"},\"potentialAction\":[{\"@type\":\"SearchAction\",\"target\":{\"@type\":\"EntryPoint\",\"urlTemplate\":\"https:\/\/blog.olimar.de\/?s={search_term_string}\"},\"query-input\":{\"@type\":\"PropertyValueSpecification\",\"valueRequired\":true,\"valueName\":\"search_term_string\"}}],\"inLanguage\":\"de\"},{\"@type\":\"Organization\",\"@id\":\"https:\/\/blog.olimar.de\/#organization\",\"name\":\"OLIMAR Reisen\",\"url\":\"https:\/\/blog.olimar.de\/\",\"logo\":{\"@type\":\"ImageObject\",\"inLanguage\":\"de\",\"@id\":\"https:\/\/blog.olimar.de\/#\/schema\/logo\/image\/\",\"url\":\"https:\/\/blog.olimar.de\/wp-content\/uploads\/2021\/01\/OLIMAR_Logo_COLOR.png\",\"contentUrl\":\"https:\/\/blog.olimar.de\/wp-content\/uploads\/2021\/01\/OLIMAR_Logo_COLOR.png\",\"width\":2000,\"height\":986,\"caption\":\"OLIMAR Reisen\"},\"image\":{\"@id\":\"https:\/\/blog.olimar.de\/#\/schema\/logo\/image\/\"},\"sameAs\":[\"https:\/\/www.facebook.com\/OlimarReisen\",\"https:\/\/x.com\/olimarrreisen\",\"https:\/\/www.instagram.com\/olimarreisen\",\"https:\/\/www.youtube.com\/user\/olimarreisen\"]}]}<\/script>\n<!-- \/ Yoast SEO plugin. -->","yoast_head_json":{"title":"Cuenca - zu Besuch in der Weltkulturerbestadt","description":"Cuenca ist wegen der h\u00e4ngenden H\u00e4user bekannt. Dass es noch viel mehr zu entdecken gibt, erlebte unsere Autorin bei ihrem Besuch in Cuenca.","robots":{"index":"index","follow":"follow","max-snippet":"max-snippet:-1","max-image-preview":"max-image-preview:large","max-video-preview":"max-video-preview:-1"},"canonical":"https:\/\/blog.olimar.de\/cuenca\/","og_locale":"de_DE","og_type":"article","og_title":"Cuenca - zu Besuch in der Weltkulturerbestadt","og_description":"Cuenca ist wegen der h\u00e4ngenden H\u00e4user bekannt. Dass es noch viel mehr zu entdecken gibt, erlebte unsere Autorin bei ihrem Besuch in Cuenca.","og_url":"https:\/\/blog.olimar.de\/cuenca\/","article_publisher":"https:\/\/www.facebook.com\/OlimarReisen","article_published_time":"2016-06-15T14:41:31+00:00","article_modified_time":"2024-03-12T12:38:39+00:00","og_image":[{"width":1000,"height":750,"url":"https:\/\/blog.olimar.de\/wp-content\/uploads\/2016\/06\/Cuenca.jpg","type":"image\/jpeg"}],"author":"Nima","twitter_misc":{"Verfasst von":"Nima","Gesch\u00e4tzte Lesezeit":"6\u00a0Minuten"},"schema":{"@context":"https:\/\/schema.org","@graph":[{"@type":"WebPage","@id":"https:\/\/blog.olimar.de\/cuenca\/","url":"https:\/\/blog.olimar.de\/cuenca\/","name":"Cuenca - zu Besuch in der Weltkulturerbestadt","isPartOf":{"@id":"https:\/\/blog.olimar.de\/#website"},"primaryImageOfPage":{"@id":"https:\/\/blog.olimar.de\/cuenca\/#primaryimage"},"image":{"@id":"https:\/\/blog.olimar.de\/cuenca\/#primaryimage"},"thumbnailUrl":"https:\/\/blog.olimar.de\/wp-content\/uploads\/2016\/06\/Cuenca.jpg","datePublished":"2016-06-15T14:41:31+00:00","dateModified":"2024-03-12T12:38:39+00:00","description":"Cuenca ist wegen der h\u00e4ngenden H\u00e4user bekannt. Dass es noch viel mehr zu entdecken gibt, erlebte unsere Autorin bei ihrem Besuch in Cuenca.","breadcrumb":{"@id":"https:\/\/blog.olimar.de\/cuenca\/#breadcrumb"},"inLanguage":"de","potentialAction":[{"@type":"ReadAction","target":["https:\/\/blog.olimar.de\/cuenca\/"]}]},{"@type":"ImageObject","inLanguage":"de","@id":"https:\/\/blog.olimar.de\/cuenca\/#primaryimage","url":"https:\/\/blog.olimar.de\/wp-content\/uploads\/2016\/06\/Cuenca.jpg","contentUrl":"https:\/\/blog.olimar.de\/wp-content\/uploads\/2016\/06\/Cuenca.jpg","width":1000,"height":750,"caption":"Tipps Cuenca Spanien"},{"@type":"BreadcrumbList","@id":"https:\/\/blog.olimar.de\/cuenca\/#breadcrumb","itemListElement":[{"@type":"ListItem","position":1,"name":"Home","item":"https:\/\/blog.olimar.de\/"},{"@type":"ListItem","position":2,"name":"Kastilien-La Mancha","item":"https:\/\/blog.olimar.de\/tag\/kastilien-la-mancha\/"},{"@type":"ListItem","position":3,"name":"Cuenca &#8211; Weltkulturerbe mit h\u00e4ngenden H\u00e4usern"}]},{"@type":"WebSite","@id":"https:\/\/blog.olimar.de\/#website","url":"https:\/\/blog.olimar.de\/","name":"OLIMAR.com","description":"","publisher":{"@id":"https:\/\/blog.olimar.de\/#organization"},"potentialAction":[{"@type":"SearchAction","target":{"@type":"EntryPoint","urlTemplate":"https:\/\/blog.olimar.de\/?s={search_term_string}"},"query-input":{"@type":"PropertyValueSpecification","valueRequired":true,"valueName":"search_term_string"}}],"inLanguage":"de"},{"@type":"Organization","@id":"https:\/\/blog.olimar.de\/#organization","name":"OLIMAR Reisen","url":"https:\/\/blog.olimar.de\/","logo":{"@type":"ImageObject","inLanguage":"de","@id":"https:\/\/blog.olimar.de\/#\/schema\/logo\/image\/","url":"https:\/\/blog.olimar.de\/wp-content\/uploads\/2021\/01\/OLIMAR_Logo_COLOR.png","contentUrl":"https:\/\/blog.olimar.de\/wp-content\/uploads\/2021\/01\/OLIMAR_Logo_COLOR.png","width":2000,"height":986,"caption":"OLIMAR Reisen"},"image":{"@id":"https:\/\/blog.olimar.de\/#\/schema\/logo\/image\/"},"sameAs":["https:\/\/www.facebook.com\/OlimarReisen","https:\/\/x.com\/olimarrreisen","https:\/\/www.instagram.com\/olimarreisen","https:\/\/www.youtube.com\/user\/olimarreisen"]}]}},"modified_by":"Wiebke Fix","jetpack_featured_media_url":"https:\/\/blog.olimar.de\/wp-content\/uploads\/2016\/06\/Cuenca.jpg","_links":{"self":[{"href":"https:\/\/blog.olimar.de\/wp-json\/wp\/v2\/posts\/5204","targetHints":{"allow":["GET"]}}],"collection":[{"href":"https:\/\/blog.olimar.de\/wp-json\/wp\/v2\/posts"}],"about":[{"href":"https:\/\/blog.olimar.de\/wp-json\/wp\/v2\/types\/post"}],"author":[{"embeddable":true,"href":"https:\/\/blog.olimar.de\/wp-json\/wp\/v2\/users\/15"}],"replies":[{"embeddable":true,"href":"https:\/\/blog.olimar.de\/wp-json\/wp\/v2\/comments?post=5204"}],"version-history":[{"count":26,"href":"https:\/\/blog.olimar.de\/wp-json\/wp\/v2\/posts\/5204\/revisions"}],"predecessor-version":[{"id":27515,"href":"https:\/\/blog.olimar.de\/wp-json\/wp\/v2\/posts\/5204\/revisions\/27515"}],"wp:featuredmedia":[{"embeddable":true,"href":"https:\/\/blog.olimar.de\/wp-json\/wp\/v2\/media\/5461"}],"wp:attachment":[{"href":"https:\/\/blog.olimar.de\/wp-json\/wp\/v2\/media?parent=5204"}],"wp:term":[{"taxonomy":"category","embeddable":true,"href":"https:\/\/blog.olimar.de\/wp-json\/wp\/v2\/categories?post=5204"},{"taxonomy":"post_tag","embeddable":true,"href":"https:\/\/blog.olimar.de\/wp-json\/wp\/v2\/tags?post=5204"}],"curies":[{"name":"wp","href":"https:\/\/api.w.org\/{rel}","templated":true}]}}