{"id":526,"date":"2015-02-18T18:29:43","date_gmt":"2015-02-18T16:29:43","guid":{"rendered":"https:\/\/blog.olimar.de\/?p=526"},"modified":"2016-04-07T12:55:48","modified_gmt":"2016-04-07T10:55:48","slug":"lissabon-entdecken-teil-1","status":"publish","type":"post","link":"https:\/\/blog.olimar.de\/lissabon-entdecken-teil-1\/","title":{"rendered":"Lissabon Tipps zum Entdecken &#8211; Teil 1"},"content":{"rendered":"<div class=\"wide-content\">\n<p class=\"intro\">Dies ist der erste Teil einer Artikel-Reihe \u00fcber <a href=\"https:\/\/www.olimar.de\/portugal\/alentejo\/\" target=\"_blank\">Lissabon<\/a>. Darin m\u00f6chten wir Ihnen Portugals wunderbare Hauptstadt n\u00e4herbringen und Ihren Blick auf die kleinen Dinge lenken, die Lissabon so liebenswert machen.<\/p>\n<p><span class=\"dropcap\">E<\/span>s gibt viele Gr\u00fcnde Lissabon zu besuchen:<br \/>\ndas glitzernde Licht, die geographische Lage am Tejo, die N\u00e4he zum Meer, die vielen Kontraste, das Traditionelle und das Trendige, das Vergangene und die Zukunft, das Entspannte und das Aufregende am Rande Europas.<\/p>\n<p>Lissabon ist die zweit\u00e4lteste Stadt Europas, 4 Jahrhunderte \u00e4lter als Rom. Eine Stadt, die viel erlebt hat:<br \/>\nSeefahrer, die im 15 Jhr. von hier aus lossegelten, um die Welt zu entdecken; das Erdbeben von 1755, das die Stadt fast vollst\u00e4ndig zerst\u00f6rte und dem ein Drittel der Bev\u00f6lkerung zum Opfer fiel; und w\u00e4hrend des 2.Weltkrieges war Lissabon ein Zufluchtsort und das Tor zur Freiheit f\u00fcr viele Fl\u00fcchtlinge und politisch Verfolgte.<\/p>\n<p><strong>Entdecken sie diese historische Stadt. Entdecken sie Lissabon von oben!<\/strong><br \/>\nDa Lissabon auf 7 H\u00fcgeln erbaut ist, erschafft dies immer neue Perspektiven. Zu Fu\u00df erfordert dies eine gute Kondition. Aber die Portugiesen haben schon im 19 Jhr. Aufz\u00fcge, bzw. Drahtseilbahnen gebaut, die ein schnelles \u00dcberwinden der H\u00f6hen erm\u00f6glichen. Diese sollten Sie auf jeden Fall nutzen.<br \/>\nDie historischen Aufz\u00fcge werden von der Lissaboner Nahverkehrsgesellschaft \u201eCarris\u201c betrieben, sodass Sie diese mit einer Bahnfahrkarte nutzen k\u00f6nnen. Wenn Sie im Aufzug Tickets kaufen, sind diese unverh\u00e4ltnism\u00e4\u00dfig teurer (Beispiel im Aufzug Santa Justa 5,00 Euro 1x hoch und runter). Empfehlen kann man hier z.B. die <strong>Lisboa Card<\/strong>, die f\u00fcr 24, 48 und 72 Stunden erh\u00e4ltlich ist. Diese erm\u00f6glicht ein kostenloses Nutzen des kompletten \u00f6ffentlichen Nahverkehrs und freien oder erm\u00e4\u00dfigten Eintritt in allen Museen und Sehensw\u00fcrdigkeiten der Stadt. Dies spart Geld und Zeit!<\/p>\n<p><span class=\"dropcap\">D<\/span>ie \u00e4lteste Drahtseilbahn hei\u00dft \u201eAscensor do Lavra\u201c, ist 1884 er\u00f6ffnet worden und \u00fcberwindet eine L\u00e4nge von 182 m mit einer Steigung von 25%. Da lohnt sich ein Mitfahren!<br \/>\nEin Aufzug (Drahtseilbahn), der von Touristen eher \u00fcbersehen wird, Sie aber in einen Park bringt, der eine unerwartete, idyllische Ruhe ausstrahlt \u2013 Jardim de Torel. Genie\u00dfen Sie hier die Ruhe und den Blick auf das Avenida Tal und die Oberstadt, den Bairro Alto.<br \/>\n\u00dcbrigens nicht weit entfernt von hier befinden sich die Deutsche Botschaft und das Goethe Institut.<\/p>\n<div id=\"attachment_534\" style=\"width: 693px\" class=\"wp-caption aligncenter\"><img loading=\"lazy\" decoding=\"async\" aria-describedby=\"caption-attachment-534\" class=\"wp-image-534 size-large\" src=\"https:\/\/blog.olimar.de\/wp-content\/uploads\/2015\/01\/Ascensor-do-Lavra-683x1024.jpg\" alt=\"Ascensor do Lavra in Lissabon\" width=\"683\" height=\"1024\" srcset=\"https:\/\/blog.olimar.de\/wp-content\/uploads\/2015\/01\/Ascensor-do-Lavra-683x1024.jpg 683w, https:\/\/blog.olimar.de\/wp-content\/uploads\/2015\/01\/Ascensor-do-Lavra-200x300.jpg 200w, https:\/\/blog.olimar.de\/wp-content\/uploads\/2015\/01\/Ascensor-do-Lavra.jpg 1824w\" sizes=\"auto, (max-width: 683px) 100vw, 683px\" \/><p id=\"caption-attachment-534\" class=\"wp-caption-text\">Ascensor do Lavra in Lissabon<\/p><\/div>\n<div id=\"attachment_532\" style=\"width: 693px\" class=\"wp-caption aligncenter\"><img loading=\"lazy\" decoding=\"async\" aria-describedby=\"caption-attachment-532\" class=\"wp-image-532 size-large\" src=\"https:\/\/blog.olimar.de\/wp-content\/uploads\/2015\/01\/Ascensor-do-Lavra-2-683x1024.jpg\" alt=\"Ascensor do Lavra 2\" width=\"683\" height=\"1024\" srcset=\"https:\/\/blog.olimar.de\/wp-content\/uploads\/2015\/01\/Ascensor-do-Lavra-2-683x1024.jpg 683w, https:\/\/blog.olimar.de\/wp-content\/uploads\/2015\/01\/Ascensor-do-Lavra-2-200x300.jpg 200w, https:\/\/blog.olimar.de\/wp-content\/uploads\/2015\/01\/Ascensor-do-Lavra-2.jpg 1824w\" sizes=\"auto, (max-width: 683px) 100vw, 683px\" \/><p id=\"caption-attachment-532\" class=\"wp-caption-text\">Ascensor do Lavra 2<\/p><\/div>\n<div id=\"attachment_541\" style=\"width: 615px\" class=\"wp-caption aligncenter\"><img loading=\"lazy\" decoding=\"async\" aria-describedby=\"caption-attachment-541\" class=\"wp-image-541 size-full\" src=\"https:\/\/blog.olimar.de\/wp-content\/uploads\/2015\/01\/Jardim-de-Torel.jpg\" alt=\"Jardim de Torel in Lissabon\" width=\"605\" height=\"907\" srcset=\"https:\/\/blog.olimar.de\/wp-content\/uploads\/2015\/01\/Jardim-de-Torel.jpg 605w, https:\/\/blog.olimar.de\/wp-content\/uploads\/2015\/01\/Jardim-de-Torel-200x300.jpg 200w\" sizes=\"auto, (max-width: 605px) 100vw, 605px\" \/><p id=\"caption-attachment-541\" class=\"wp-caption-text\">Jardim de Torel in Lissabon<\/p><\/div>\n<div id=\"attachment_540\" style=\"width: 850px\" class=\"wp-caption aligncenter\"><img loading=\"lazy\" decoding=\"async\" aria-describedby=\"caption-attachment-540\" class=\"wp-image-540 size-large\" src=\"https:\/\/blog.olimar.de\/wp-content\/uploads\/2015\/01\/Jardim-de-Torel-Aussicht-1024x683.jpg\" alt=\"Jardim de Torel Aussicht\" width=\"840\" height=\"560\" srcset=\"https:\/\/blog.olimar.de\/wp-content\/uploads\/2015\/01\/Jardim-de-Torel-Aussicht-1024x683.jpg 1024w, https:\/\/blog.olimar.de\/wp-content\/uploads\/2015\/01\/Jardim-de-Torel-Aussicht-300x200.jpg 300w, https:\/\/blog.olimar.de\/wp-content\/uploads\/2015\/01\/Jardim-de-Torel-Aussicht-840x560.jpg 840w, https:\/\/blog.olimar.de\/wp-content\/uploads\/2015\/01\/Jardim-de-Torel-Aussicht.jpg 1066w\" sizes=\"auto, (max-width: 840px) 100vw, 840px\" \/><p id=\"caption-attachment-540\" class=\"wp-caption-text\">Jardim de Torel Aussicht<\/p><\/div>\n<div id=\"attachment_539\" style=\"width: 544px\" class=\"wp-caption aligncenter\"><a href=\"https:\/\/blog.olimar.de\/wp-content\/uploads\/2015\/01\/Jardim-de-Torel-2.jpg\"><img loading=\"lazy\" decoding=\"async\" aria-describedby=\"caption-attachment-539\" class=\"wp-image-539 size-full\" src=\"https:\/\/blog.olimar.de\/wp-content\/uploads\/2015\/01\/Jardim-de-Torel-2.jpg\" alt=\"Jardim de Torel 2\" width=\"534\" height=\"800\" srcset=\"https:\/\/blog.olimar.de\/wp-content\/uploads\/2015\/01\/Jardim-de-Torel-2.jpg 534w, https:\/\/blog.olimar.de\/wp-content\/uploads\/2015\/01\/Jardim-de-Torel-2-200x300.jpg 200w\" sizes=\"auto, (max-width: 534px) 100vw, 534px\" \/><\/a><p id=\"caption-attachment-539\" class=\"wp-caption-text\">Jardim de Torel 2<\/p><\/div>\n<p>Der allerneueste Aufzug wurde erst 2013 er\u00f6ffnet und verbindet die Unterstadt (Baixa) mit dem Stadtviertel der Burg \u201eCastelo de S\u00e3o Jorge\u201c \u2013 der \u201eElevador do Castelo\u201c.<br \/>\nDer Eingang des Aufzugs ist in der Rua dos Fanqueiros 170-178 (parallel zur Einkaufsstra\u00dfe Rua Augusta, die zur Pra\u00e7a do Com\u00e9rcio f\u00fchrt). Die erste Etappe f\u00fchrt zur Rua da Madalena. Hier \u00fcberquert man diagonal nach links die Stra\u00dfe und direkt am \u201ePingo Doce\u201c ist der Aufzug f\u00fcr die 2.Etappe. Oben angekommen k\u00f6nnen Sie direkt die sch\u00f6ne Aussicht auf einer Terrasse genie\u00dfen. Oder Sie gehen sofort weiter zur Burg, die von hier aus ausgeschildert ist.<\/p>\n<div id=\"attachment_531\" style=\"width: 693px\" class=\"wp-caption aligncenter\"><img loading=\"lazy\" decoding=\"async\" aria-describedby=\"caption-attachment-531\" class=\"wp-image-531 size-large\" src=\"https:\/\/blog.olimar.de\/wp-content\/uploads\/2015\/01\/Elevador-Castelo-Eingang-tags.-683x1024.jpg\" alt=\"Elevador Castelo - Eingang tags.\" width=\"683\" height=\"1024\" srcset=\"https:\/\/blog.olimar.de\/wp-content\/uploads\/2015\/01\/Elevador-Castelo-Eingang-tags.-683x1024.jpg 683w, https:\/\/blog.olimar.de\/wp-content\/uploads\/2015\/01\/Elevador-Castelo-Eingang-tags.-200x300.jpg 200w, https:\/\/blog.olimar.de\/wp-content\/uploads\/2015\/01\/Elevador-Castelo-Eingang-tags..jpg 1824w\" sizes=\"auto, (max-width: 683px) 100vw, 683px\" \/><p id=\"caption-attachment-531\" class=\"wp-caption-text\">Elevador Castelo &#8211; Eingang tags.<\/p><\/div>\n<div id=\"attachment_530\" style=\"width: 693px\" class=\"wp-caption aligncenter\"><img loading=\"lazy\" decoding=\"async\" aria-describedby=\"caption-attachment-530\" class=\"wp-image-530 size-large\" src=\"https:\/\/blog.olimar.de\/wp-content\/uploads\/2015\/01\/Elevador-Castelo-Eingang-nachts-683x1024.jpg\" alt=\"Elevador Castelo - Eingang nachts\" width=\"683\" height=\"1024\" srcset=\"https:\/\/blog.olimar.de\/wp-content\/uploads\/2015\/01\/Elevador-Castelo-Eingang-nachts-683x1024.jpg 683w, https:\/\/blog.olimar.de\/wp-content\/uploads\/2015\/01\/Elevador-Castelo-Eingang-nachts-200x300.jpg 200w, https:\/\/blog.olimar.de\/wp-content\/uploads\/2015\/01\/Elevador-Castelo-Eingang-nachts.jpg 1824w\" sizes=\"auto, (max-width: 683px) 100vw, 683px\" \/><p id=\"caption-attachment-530\" class=\"wp-caption-text\">Elevador Castelo &#8211; Eingang nachts<\/p><\/div>\n<div id=\"attachment_538\" style=\"width: 850px\" class=\"wp-caption aligncenter\"><img loading=\"lazy\" decoding=\"async\" aria-describedby=\"caption-attachment-538\" class=\"wp-image-538 size-large\" src=\"https:\/\/blog.olimar.de\/wp-content\/uploads\/2015\/01\/Elevador-Castelo-Aussicht-1024x683.jpg\" alt=\"Elevador Castelo Aussicht auf Lissabon\" width=\"840\" height=\"560\" srcset=\"https:\/\/blog.olimar.de\/wp-content\/uploads\/2015\/01\/Elevador-Castelo-Aussicht-1024x683.jpg 1024w, https:\/\/blog.olimar.de\/wp-content\/uploads\/2015\/01\/Elevador-Castelo-Aussicht-300x200.jpg 300w, https:\/\/blog.olimar.de\/wp-content\/uploads\/2015\/01\/Elevador-Castelo-Aussicht-840x560.jpg 840w, https:\/\/blog.olimar.de\/wp-content\/uploads\/2015\/01\/Elevador-Castelo-Aussicht.jpg 1174w\" sizes=\"auto, (max-width: 840px) 100vw, 840px\" \/><p id=\"caption-attachment-538\" class=\"wp-caption-text\">Elevador Castelo Aussicht auf Lissabon<\/p><\/div>\n<div id=\"attachment_537\" style=\"width: 850px\" class=\"wp-caption aligncenter\"><img loading=\"lazy\" decoding=\"async\" aria-describedby=\"caption-attachment-537\" class=\"wp-image-537 size-large\" src=\"https:\/\/blog.olimar.de\/wp-content\/uploads\/2015\/01\/Elevador-Castelo-Aussicht-2-1024x683.jpg\" alt=\"Aussicht vom Elevador Castelo auf Lissabon\" width=\"840\" height=\"560\" srcset=\"https:\/\/blog.olimar.de\/wp-content\/uploads\/2015\/01\/Elevador-Castelo-Aussicht-2-1024x683.jpg 1024w, https:\/\/blog.olimar.de\/wp-content\/uploads\/2015\/01\/Elevador-Castelo-Aussicht-2-300x200.jpg 300w, https:\/\/blog.olimar.de\/wp-content\/uploads\/2015\/01\/Elevador-Castelo-Aussicht-2-840x560.jpg 840w, https:\/\/blog.olimar.de\/wp-content\/uploads\/2015\/01\/Elevador-Castelo-Aussicht-2.jpg 1174w\" sizes=\"auto, (max-width: 840px) 100vw, 840px\" \/><p id=\"caption-attachment-537\" class=\"wp-caption-text\">Aussicht vom Elevador Castelo auf Lissabon<\/p><\/div>\n<p>Hier noch ein <strong>Restaurant\/Bar-Tipp<\/strong>:<br \/>\nWenn Sie oben angekommen wenige Meter rechts die \u201eCosta do Castelo\u201c entlanggehen, sollten Sie in das \u201eChapit\u00f4\u201c einkehren.<\/p>\n<p><img loading=\"lazy\" decoding=\"async\" class=\"wp-image-536 size-large\" src=\"https:\/\/blog.olimar.de\/wp-content\/uploads\/2015\/01\/Chapito-Eingang-1024x683.jpg\" alt=\"Chapito Eingang\" width=\"840\" height=\"560\" srcset=\"https:\/\/blog.olimar.de\/wp-content\/uploads\/2015\/01\/Chapito-Eingang-1024x683.jpg 1024w, https:\/\/blog.olimar.de\/wp-content\/uploads\/2015\/01\/Chapito-Eingang-300x200.jpg 300w, https:\/\/blog.olimar.de\/wp-content\/uploads\/2015\/01\/Chapito-Eingang-840x560.jpg 840w, https:\/\/blog.olimar.de\/wp-content\/uploads\/2015\/01\/Chapito-Eingang.jpg 1174w\" sizes=\"auto, (max-width: 840px) 100vw, 840px\" \/><\/p>\n<p>Eine Zirkusschule, die sich seit \u00fcber 30 Jahren vor allem um sozial benachteiligte Jugendliche k\u00fcmmert und sie f\u00f6rdert. Es finden hier regelm\u00e4\u00dfig Veranstaltungen, Zirkusvorf\u00fchrungen und Kurzfilmfestivals statt. Aber au\u00dferdem beherbergt es auch ein Restaurant und eine Bar auf verschiedenen Ebenen mit unglaublicher Aussicht auf Lissabon und den Tejo.<br \/>\nViel Spa\u00df dabei.<\/p>\n<p><strong>Zur Fortsetzung des Artikels: <a title=\"Lissabon Tipps zum Entdecken \u2013 Teil 2\" href=\"https:\/\/blog.olimar.de\/lissabon-tipps-zum-entdecken-teil-2\/\">Lissabon Tipps zum Entdecken &#8211; Teil 2<\/a><\/strong><\/p>\n<div class=\"green-box\">\n<p><strong>OLIMAR Tipps<\/strong><\/p>\n<table>\n<tbody>\n<tr>\n<td><strong>Ascensor do Lavra:<\/strong><\/td>\n<td>Zu finden am Ende der kleinen Stra\u00dfe \u201eLargo da Anunciada\u201c, die von der Avenida da Liberdade abgeht (in der N\u00e4he des Hard Rock Caf\u00e9s). Oben angekommen, geht man links und wieder links zum Jardim de Torel. \u00d6ffnungszeiten 09:00-20:00 Uhr<\/td>\n<\/tr>\n<tr>\n<td><strong>Elevador do Castelo:<\/strong><\/td>\n<td>Rua dos Fanqueiros 170-178, \u00d6ffnungszeiten 09:00-21:00 Uhr<\/td>\n<\/tr>\n<tr>\n<td><strong>Chapit\u00f4:<\/strong><\/td>\n<td>Costa do Castelo 1\/7, \u00d6ffnungszeiten 13:00-02:00 Uhr<\/td>\n<\/tr>\n<\/tbody>\n<\/table>\n<\/div>\n<h2>Karte von Lissabon<\/h2>\n\n<\/div>\n","protected":false},"excerpt":{"rendered":"<p>Dies ist der erste Teil einer Artikel-Reihe \u00fcber Lissabon. Darin m\u00f6chten wir Ihnen Portugals wunderbare Hauptstadt n\u00e4herbringen und Ihren Blick auf die kleinen Dinge lenken, die Lissabon so liebenswert machen. Es gibt viele Gr\u00fcnde Lissabon zu besuchen: das glitzernde Licht, die geographische Lage am Tejo, die N\u00e4he zum Meer, die vielen Kontraste, das Traditionelle und das Trendige, das Vergangene und die Zukunft, das Entspannte und das Aufregende am Rande Europas. Lissabon ist die zweit\u00e4lteste Stadt Europas, 4 Jahrhunderte \u00e4lter als Rom. Eine Stadt, die viel erlebt hat: Seefahrer, die im 15 Jhr. von hier aus lossegelten, um die Welt zu entdecken; &hellip;<\/p>\n","protected":false},"author":16,"featured_media":537,"comment_status":"open","ping_status":"open","sticky":false,"template":"","format":"standard","meta":{"_crdt_document":"","_lmt_disableupdate":"","_lmt_disable":"","footnotes":""},"categories":[31],"tags":[25,34],"class_list":["post-526","post","type-post","status-publish","format-standard","has-post-thumbnail","hentry","category-land-leute","tag-lissabon","tag-portugal"],"yoast_head":"<!-- This site is optimized with the Yoast SEO plugin v26.9 - https:\/\/yoast.com\/product\/yoast-seo-wordpress\/ -->\n<title>Lissabon Tipps zum Entdecken - Teil 1 -<\/title>\n<meta name=\"description\" content=\"Im ersten Teil einer Artikel-Reihe bietet Ihnen unsere OLIMAR-Expertin umfassende und informative Lissabon Tipps zur wunderbaren Hauptstadt Portugals.\" \/>\n<meta name=\"robots\" content=\"index, follow, max-snippet:-1, max-image-preview:large, max-video-preview:-1\" \/>\n<link rel=\"canonical\" href=\"https:\/\/blog.olimar.de\/lissabon-entdecken-teil-1\/\" \/>\n<meta property=\"og:locale\" content=\"de_DE\" \/>\n<meta property=\"og:type\" content=\"article\" \/>\n<meta property=\"og:title\" content=\"Lissabon Tipps zum Entdecken - Teil 1 -\" \/>\n<meta property=\"og:description\" content=\"Im ersten Teil einer Artikel-Reihe bietet Ihnen unsere OLIMAR-Expertin umfassende und informative Lissabon Tipps zur wunderbaren Hauptstadt Portugals.\" \/>\n<meta property=\"og:url\" content=\"https:\/\/blog.olimar.de\/lissabon-entdecken-teil-1\/\" \/>\n<meta property=\"article:publisher\" content=\"https:\/\/www.facebook.com\/OlimarReisen\" \/>\n<meta property=\"article:published_time\" content=\"2015-02-18T16:29:43+00:00\" \/>\n<meta property=\"article:modified_time\" content=\"2016-04-07T10:55:48+00:00\" \/>\n<meta property=\"og:image\" content=\"https:\/\/i0.wp.com\/blog.olimar.de\/wp-content\/uploads\/2015\/01\/Elevador-Castelo-Aussicht-2.jpg?fit=1174%2C783&ssl=1\" \/>\n\t<meta property=\"og:image:width\" content=\"1174\" \/>\n\t<meta property=\"og:image:height\" content=\"783\" \/>\n\t<meta property=\"og:image:type\" content=\"image\/jpeg\" \/>\n<meta name=\"author\" content=\"Margarete Rosa\" \/>\n<meta name=\"twitter:label1\" content=\"Verfasst von\" \/>\n\t<meta name=\"twitter:data1\" content=\"Margarete Rosa\" \/>\n\t<meta name=\"twitter:label2\" content=\"Gesch\u00e4tzte Lesezeit\" \/>\n\t<meta name=\"twitter:data2\" content=\"4\u00a0Minuten\" \/>\n<script type=\"application\/ld+json\" class=\"yoast-schema-graph\">{\"@context\":\"https:\/\/schema.org\",\"@graph\":[{\"@type\":\"WebPage\",\"@id\":\"https:\/\/blog.olimar.de\/lissabon-entdecken-teil-1\/\",\"url\":\"https:\/\/blog.olimar.de\/lissabon-entdecken-teil-1\/\",\"name\":\"Lissabon Tipps zum Entdecken - Teil 1 -\",\"isPartOf\":{\"@id\":\"https:\/\/blog.olimar.de\/#website\"},\"primaryImageOfPage\":{\"@id\":\"https:\/\/blog.olimar.de\/lissabon-entdecken-teil-1\/#primaryimage\"},\"image\":{\"@id\":\"https:\/\/blog.olimar.de\/lissabon-entdecken-teil-1\/#primaryimage\"},\"thumbnailUrl\":\"https:\/\/blog.olimar.de\/wp-content\/uploads\/2015\/01\/Elevador-Castelo-Aussicht-2.jpg\",\"datePublished\":\"2015-02-18T16:29:43+00:00\",\"dateModified\":\"2016-04-07T10:55:48+00:00\",\"description\":\"Im ersten Teil einer Artikel-Reihe bietet Ihnen unsere OLIMAR-Expertin umfassende und informative Lissabon Tipps zur wunderbaren Hauptstadt Portugals.\",\"breadcrumb\":{\"@id\":\"https:\/\/blog.olimar.de\/lissabon-entdecken-teil-1\/#breadcrumb\"},\"inLanguage\":\"de\",\"potentialAction\":[{\"@type\":\"ReadAction\",\"target\":[\"https:\/\/blog.olimar.de\/lissabon-entdecken-teil-1\/\"]}]},{\"@type\":\"ImageObject\",\"inLanguage\":\"de\",\"@id\":\"https:\/\/blog.olimar.de\/lissabon-entdecken-teil-1\/#primaryimage\",\"url\":\"https:\/\/blog.olimar.de\/wp-content\/uploads\/2015\/01\/Elevador-Castelo-Aussicht-2.jpg\",\"contentUrl\":\"https:\/\/blog.olimar.de\/wp-content\/uploads\/2015\/01\/Elevador-Castelo-Aussicht-2.jpg\",\"width\":1174,\"height\":783,\"caption\":\"Aussicht vom Elevador Castelo auf Lissabon\"},{\"@type\":\"BreadcrumbList\",\"@id\":\"https:\/\/blog.olimar.de\/lissabon-entdecken-teil-1\/#breadcrumb\",\"itemListElement\":[{\"@type\":\"ListItem\",\"position\":1,\"name\":\"Home\",\"item\":\"https:\/\/blog.olimar.de\/\"},{\"@type\":\"ListItem\",\"position\":2,\"name\":\"Lissabon\",\"item\":\"https:\/\/blog.olimar.de\/tag\/lissabon\/\"},{\"@type\":\"ListItem\",\"position\":3,\"name\":\"Lissabon Tipps zum Entdecken &#8211; Teil 1\"}]},{\"@type\":\"WebSite\",\"@id\":\"https:\/\/blog.olimar.de\/#website\",\"url\":\"https:\/\/blog.olimar.de\/\",\"name\":\"OLIMAR.com\",\"description\":\"\",\"publisher\":{\"@id\":\"https:\/\/blog.olimar.de\/#organization\"},\"potentialAction\":[{\"@type\":\"SearchAction\",\"target\":{\"@type\":\"EntryPoint\",\"urlTemplate\":\"https:\/\/blog.olimar.de\/?s={search_term_string}\"},\"query-input\":{\"@type\":\"PropertyValueSpecification\",\"valueRequired\":true,\"valueName\":\"search_term_string\"}}],\"inLanguage\":\"de\"},{\"@type\":\"Organization\",\"@id\":\"https:\/\/blog.olimar.de\/#organization\",\"name\":\"OLIMAR Reisen\",\"url\":\"https:\/\/blog.olimar.de\/\",\"logo\":{\"@type\":\"ImageObject\",\"inLanguage\":\"de\",\"@id\":\"https:\/\/blog.olimar.de\/#\/schema\/logo\/image\/\",\"url\":\"https:\/\/blog.olimar.de\/wp-content\/uploads\/2021\/01\/OLIMAR_Logo_COLOR.png\",\"contentUrl\":\"https:\/\/blog.olimar.de\/wp-content\/uploads\/2021\/01\/OLIMAR_Logo_COLOR.png\",\"width\":2000,\"height\":986,\"caption\":\"OLIMAR Reisen\"},\"image\":{\"@id\":\"https:\/\/blog.olimar.de\/#\/schema\/logo\/image\/\"},\"sameAs\":[\"https:\/\/www.facebook.com\/OlimarReisen\",\"https:\/\/x.com\/olimarrreisen\",\"https:\/\/www.instagram.com\/olimarreisen\",\"https:\/\/www.youtube.com\/user\/olimarreisen\"]}]}<\/script>\n<!-- \/ Yoast SEO plugin. -->","yoast_head_json":{"title":"Lissabon Tipps zum Entdecken - Teil 1 -","description":"Im ersten Teil einer Artikel-Reihe bietet Ihnen unsere OLIMAR-Expertin umfassende und informative Lissabon Tipps zur wunderbaren Hauptstadt Portugals.","robots":{"index":"index","follow":"follow","max-snippet":"max-snippet:-1","max-image-preview":"max-image-preview:large","max-video-preview":"max-video-preview:-1"},"canonical":"https:\/\/blog.olimar.de\/lissabon-entdecken-teil-1\/","og_locale":"de_DE","og_type":"article","og_title":"Lissabon Tipps zum Entdecken - Teil 1 -","og_description":"Im ersten Teil einer Artikel-Reihe bietet Ihnen unsere OLIMAR-Expertin umfassende und informative Lissabon Tipps zur wunderbaren Hauptstadt Portugals.","og_url":"https:\/\/blog.olimar.de\/lissabon-entdecken-teil-1\/","article_publisher":"https:\/\/www.facebook.com\/OlimarReisen","article_published_time":"2015-02-18T16:29:43+00:00","article_modified_time":"2016-04-07T10:55:48+00:00","og_image":[{"width":1174,"height":783,"url":"https:\/\/i0.wp.com\/blog.olimar.de\/wp-content\/uploads\/2015\/01\/Elevador-Castelo-Aussicht-2.jpg?fit=1174%2C783&ssl=1","type":"image\/jpeg"}],"author":"Margarete Rosa","twitter_misc":{"Verfasst von":"Margarete Rosa","Gesch\u00e4tzte Lesezeit":"4\u00a0Minuten"},"schema":{"@context":"https:\/\/schema.org","@graph":[{"@type":"WebPage","@id":"https:\/\/blog.olimar.de\/lissabon-entdecken-teil-1\/","url":"https:\/\/blog.olimar.de\/lissabon-entdecken-teil-1\/","name":"Lissabon Tipps zum Entdecken - Teil 1 -","isPartOf":{"@id":"https:\/\/blog.olimar.de\/#website"},"primaryImageOfPage":{"@id":"https:\/\/blog.olimar.de\/lissabon-entdecken-teil-1\/#primaryimage"},"image":{"@id":"https:\/\/blog.olimar.de\/lissabon-entdecken-teil-1\/#primaryimage"},"thumbnailUrl":"https:\/\/blog.olimar.de\/wp-content\/uploads\/2015\/01\/Elevador-Castelo-Aussicht-2.jpg","datePublished":"2015-02-18T16:29:43+00:00","dateModified":"2016-04-07T10:55:48+00:00","description":"Im ersten Teil einer Artikel-Reihe bietet Ihnen unsere OLIMAR-Expertin umfassende und informative Lissabon Tipps zur wunderbaren Hauptstadt Portugals.","breadcrumb":{"@id":"https:\/\/blog.olimar.de\/lissabon-entdecken-teil-1\/#breadcrumb"},"inLanguage":"de","potentialAction":[{"@type":"ReadAction","target":["https:\/\/blog.olimar.de\/lissabon-entdecken-teil-1\/"]}]},{"@type":"ImageObject","inLanguage":"de","@id":"https:\/\/blog.olimar.de\/lissabon-entdecken-teil-1\/#primaryimage","url":"https:\/\/blog.olimar.de\/wp-content\/uploads\/2015\/01\/Elevador-Castelo-Aussicht-2.jpg","contentUrl":"https:\/\/blog.olimar.de\/wp-content\/uploads\/2015\/01\/Elevador-Castelo-Aussicht-2.jpg","width":1174,"height":783,"caption":"Aussicht vom Elevador Castelo auf Lissabon"},{"@type":"BreadcrumbList","@id":"https:\/\/blog.olimar.de\/lissabon-entdecken-teil-1\/#breadcrumb","itemListElement":[{"@type":"ListItem","position":1,"name":"Home","item":"https:\/\/blog.olimar.de\/"},{"@type":"ListItem","position":2,"name":"Lissabon","item":"https:\/\/blog.olimar.de\/tag\/lissabon\/"},{"@type":"ListItem","position":3,"name":"Lissabon Tipps zum Entdecken &#8211; Teil 1"}]},{"@type":"WebSite","@id":"https:\/\/blog.olimar.de\/#website","url":"https:\/\/blog.olimar.de\/","name":"OLIMAR.com","description":"","publisher":{"@id":"https:\/\/blog.olimar.de\/#organization"},"potentialAction":[{"@type":"SearchAction","target":{"@type":"EntryPoint","urlTemplate":"https:\/\/blog.olimar.de\/?s={search_term_string}"},"query-input":{"@type":"PropertyValueSpecification","valueRequired":true,"valueName":"search_term_string"}}],"inLanguage":"de"},{"@type":"Organization","@id":"https:\/\/blog.olimar.de\/#organization","name":"OLIMAR Reisen","url":"https:\/\/blog.olimar.de\/","logo":{"@type":"ImageObject","inLanguage":"de","@id":"https:\/\/blog.olimar.de\/#\/schema\/logo\/image\/","url":"https:\/\/blog.olimar.de\/wp-content\/uploads\/2021\/01\/OLIMAR_Logo_COLOR.png","contentUrl":"https:\/\/blog.olimar.de\/wp-content\/uploads\/2021\/01\/OLIMAR_Logo_COLOR.png","width":2000,"height":986,"caption":"OLIMAR Reisen"},"image":{"@id":"https:\/\/blog.olimar.de\/#\/schema\/logo\/image\/"},"sameAs":["https:\/\/www.facebook.com\/OlimarReisen","https:\/\/x.com\/olimarrreisen","https:\/\/www.instagram.com\/olimarreisen","https:\/\/www.youtube.com\/user\/olimarreisen"]}]}},"modified_by":"Barbara Berger","jetpack_featured_media_url":"https:\/\/blog.olimar.de\/wp-content\/uploads\/2015\/01\/Elevador-Castelo-Aussicht-2.jpg","_links":{"self":[{"href":"https:\/\/blog.olimar.de\/wp-json\/wp\/v2\/posts\/526","targetHints":{"allow":["GET"]}}],"collection":[{"href":"https:\/\/blog.olimar.de\/wp-json\/wp\/v2\/posts"}],"about":[{"href":"https:\/\/blog.olimar.de\/wp-json\/wp\/v2\/types\/post"}],"author":[{"embeddable":true,"href":"https:\/\/blog.olimar.de\/wp-json\/wp\/v2\/users\/16"}],"replies":[{"embeddable":true,"href":"https:\/\/blog.olimar.de\/wp-json\/wp\/v2\/comments?post=526"}],"version-history":[{"count":21,"href":"https:\/\/blog.olimar.de\/wp-json\/wp\/v2\/posts\/526\/revisions"}],"predecessor-version":[{"id":4403,"href":"https:\/\/blog.olimar.de\/wp-json\/wp\/v2\/posts\/526\/revisions\/4403"}],"wp:featuredmedia":[{"embeddable":true,"href":"https:\/\/blog.olimar.de\/wp-json\/wp\/v2\/media\/537"}],"wp:attachment":[{"href":"https:\/\/blog.olimar.de\/wp-json\/wp\/v2\/media?parent=526"}],"wp:term":[{"taxonomy":"category","embeddable":true,"href":"https:\/\/blog.olimar.de\/wp-json\/wp\/v2\/categories?post=526"},{"taxonomy":"post_tag","embeddable":true,"href":"https:\/\/blog.olimar.de\/wp-json\/wp\/v2\/tags?post=526"}],"curies":[{"name":"wp","href":"https:\/\/api.w.org\/{rel}","templated":true}]}}