{"id":5367,"date":"2025-01-15T11:29:03","date_gmt":"2025-01-15T10:29:03","guid":{"rendered":"https:\/\/blog.olimar.de\/?p=5367"},"modified":"2025-01-15T15:54:09","modified_gmt":"2025-01-15T14:54:09","slug":"familienurlaub-auf-den-azoren","status":"publish","type":"post","link":"https:\/\/blog.olimar.de\/familienurlaub-auf-den-azoren\/","title":{"rendered":"Familienurlaub auf den Azoren: Vom Baden im Dschungel und Schwimmen mit Delfinen"},"content":{"rendered":"\n<p><strong>Was? Du f\u00e4hrst mit deiner Familie auf die Azoren? Was machst du denn da? Ein <a href=\"https:\/\/www.olimar.de\/portugal\/azoren\/\" rel=\"noopener\">Azoren Urlaub<\/a> ist doch nichts f\u00fcr Kinder\u2026! Ja, so verwundert reagierten Freunde auf unsere Urlaubswahl f\u00fcr den Sommer. Doch nun \u2013 nach einer Woche Familienurlaub auf den Azoren \u2013 k\u00f6nnen wir endlich voller \u00dcberzeugung schreiben: Dieses wunderbare Reiseziel ist sehr wohl bestens f\u00fcr einen Familienurlaub geeignet!<\/strong><\/p>\n\n\n\n<div class=\"wp-block-buttons is-layout-flex wp-block-buttons-is-layout-flex\">\n<div class=\"wp-block-button\"><a class=\"wp-block-button__link wp-element-button\" href=\"https:\/\/www.olimar.de\/portugal\/azoren\/\">Azoren Urlaubsangebote<\/a><\/div>\n<\/div>\n\n\n\n<div style=\"height:13px\" aria-hidden=\"true\" class=\"wp-block-spacer\"><\/div>\n\n\n\n<p>Die Idee, einen Familienurlaub auf den Azoren zu verbringen, entstand im November des Vorjahres. Gebucht haben wir unsere einw\u00f6chige Sommerferien-Reise dann im Januar \u2013 das ist der beste Monat, um die Azoren zu buchen, denn die besten Pl\u00e4tze auf dem immer beliebter werdenden Archipel sind rar und schnell ausgebucht!<\/p>\n<p>Wir entschieden uns f\u00fcr den Direktflug von D\u00fcsseldorf nach Ponta Delgada, die Hauptstadt der Azoren auf der gr\u00f6\u00dften Insel <a href=\"https:\/\/www.olimar.de\/portugal\/azoren\/sao-miguel\/\" rel=\"noopener\">S\u00e3o Miguel<\/a>. Hinzu kam noch ein Mietwagen und unser Lieblingshotel, das <a href=\"https:\/\/rms.olimar.de\/code\/PDL241\" rel=\"noopener\">Caloura Resort Hotel<\/a>. <\/p>\n\n\n\n<h3>Tag eins: Nonstop-Flug und Entspannung im pr\u00e4mierten Azoren-Hotel<\/h3>\n<p>Fr\u00fches Aufstehen \u2013 und das im Urlaub \u2013 schnell fertigmachen und los ging&#8217;s mit dem Auto zum Flughafen D\u00fcsseldorf. Nicht ganz p\u00fcnktlich (wir warteten noch auf G\u00e4ste mit Zubringerfl\u00fcgen) startete dann der Nonstop-Flug. Nach viereinhalb Stunden Flug landeten wir auf dem \u201ePapst Johannes Paul II Flughafen\u201c von Ponta Delgada. Dadurch, dass der Flughafen \u00fcberschaubar ist, hielten wir unsere Koffer schnell in den H\u00e4nden. Jetzt noch den Mietwagen entgegennehmen, den wir auch vorab gebucht hatten, und dann Richtung Hotel.<\/p>\n\n\n<div class=\"wp-block-image wp-image-5392 size-large\">\n<figure class=\"alignleft\"><img loading=\"lazy\" decoding=\"async\" width=\"1024\" height=\"576\" src=\"https:\/\/blog.olimar.de\/wp-content\/uploads\/2016\/07\/Hortensien-Azoren-1-1024x576.jpg\" alt=\"Hortensien-Azoren\" class=\"wp-image-5392\" srcset=\"https:\/\/blog.olimar.de\/wp-content\/uploads\/2016\/07\/Hortensien-Azoren-1-1024x576.jpg 1024w, https:\/\/blog.olimar.de\/wp-content\/uploads\/2016\/07\/Hortensien-Azoren-1-300x169.jpg 300w, https:\/\/blog.olimar.de\/wp-content\/uploads\/2016\/07\/Hortensien-Azoren-1-768x432.jpg 768w\" sizes=\"auto, (max-width: 1024px) 100vw, 1024px\" \/><figcaption class=\"wp-element-caption\">Hortensien-Bl\u00fctenpracht entlang der Stra\u00dfen auf S\u00e3o Miguel<\/figcaption><\/figure>\n<\/div>\n\n\n<p class=\"wp-block-paragraph\">Weil hier die Uhren anders ticken (n\u00e4mlich zwei Stunden zur\u00fcck), waren wir schon ein wenig m\u00fcde, wenngleich es erst Mittagszeit war. Daher entschieden wir uns, den Rest des Ankunftstages entspannt im Hotel zu bleiben und den Pool zu testen.<\/p>\n\n\n<div class=\"wp-block-image\">\n<figure class=\"alignleft\"><img loading=\"lazy\" decoding=\"async\" width=\"1024\" height=\"683\" src=\"https:\/\/blog.olimar.de\/wp-content\/uploads\/2016\/04\/PDL241-a-Hotel-View-2003-1024x683.jpg\" alt=\"Caloura Resort Hotel Au\u00dfenansicht und Meerblick\" class=\"wp-image-4799\" srcset=\"https:\/\/blog.olimar.de\/wp-content\/uploads\/2016\/04\/PDL241-a-Hotel-View-2003-1024x683.jpg 1024w, https:\/\/blog.olimar.de\/wp-content\/uploads\/2016\/04\/PDL241-a-Hotel-View-2003-300x200.jpg 300w, https:\/\/blog.olimar.de\/wp-content\/uploads\/2016\/04\/PDL241-a-Hotel-View-2003-768x512.jpg 768w, https:\/\/blog.olimar.de\/wp-content\/uploads\/2016\/04\/PDL241-a-Hotel-View-2003-840x560.jpg 840w, https:\/\/blog.olimar.de\/wp-content\/uploads\/2016\/04\/PDL241-a-Hotel-View-2003-1200x800.jpg 1200w\" sizes=\"auto, (max-width: 1024px) 100vw, 1024px\" \/><figcaption class=\"wp-element-caption\">Au\u00dfenansicht vom Hotel mit Meerblick<\/figcaption><\/figure>\n<\/div>\n\n\n<h3>Tag zwei: Endlich gibt&#8217;s das erste Dschungel-Bad<\/h3>\n<p>Ziel Nummer eins unseres siebenj\u00e4hrigen Sohnes im Azoren-Urlaub: \u201eich will im Dschungel schwimmen\u201c. Klar, vor dem Urlaub hatten wir ihm beeindruckende Fotos gezeigt, u.a. vom dschungel\u00e4hnlichen Naturschwimmbecken \u201eCaldeira Velha\u201c.<\/p>\n<p>Ersteinmal entschieden wir uns jedoch f\u00fcr einen Ausflug nach Furnas. Eindeutig ein \u201eMuss\u201c, wenn man auf S\u00e3o Miguel ist. Nach gut 20-min\u00fctiger Autofahrt kamen wir in \u201eCaldeiras da Lagoa das Furnas\u201c an. Der Ort, in dem der ber\u00fchmte Eintopf &#8220;Cozido&#8221; unter der Erde gekocht wird (s. auch hier: &#8220;<a href=\"https:\/\/blog.olimar.de\/ostkueste-von-sao-miguel-per-mietwagen\/\" rel=\"noopener\">Die Ostk\u00fcste von S\u00e3o Miguel per Mietwagen<\/a>&#8220;). Hier stinkt es dann erstmals nach Schwefel &#8211; der typische faule-Eier-Geruch. \u00dcber Holzstege geht man an den \u201ebrodelnden, stinkenden, qualmenden Quellen\u201c vorbei, die zudem noch merkw\u00fcrdige Ger\u00e4usche von sich geben. Genau das Richtige also f\u00fcr die zahlreichen Fragen eines Siebenj\u00e4hrigen. Direkt neben den Quellen, l\u00e4dt noch ein See zum Verweilen und Picknicken ein.<\/p>\n\n\n<div class=\"wp-block-image\">\n<figure class=\"alignleft\"><img loading=\"lazy\" decoding=\"async\" width=\"1024\" height=\"576\" src=\"https:\/\/blog.olimar.de\/wp-content\/uploads\/2016\/07\/Brodelnde-Quellen-Azoren-1024x576.jpg\" alt=\"Brodelnde-Quellen-Azoren\" class=\"wp-image-5374\" srcset=\"https:\/\/blog.olimar.de\/wp-content\/uploads\/2016\/07\/Brodelnde-Quellen-Azoren-1024x576.jpg 1024w, https:\/\/blog.olimar.de\/wp-content\/uploads\/2016\/07\/Brodelnde-Quellen-Azoren-300x169.jpg 300w, https:\/\/blog.olimar.de\/wp-content\/uploads\/2016\/07\/Brodelnde-Quellen-Azoren-768x432.jpg 768w\" sizes=\"auto, (max-width: 1024px) 100vw, 1024px\" \/><figcaption class=\"wp-element-caption\">Brodelnde Quellen<\/figcaption><\/figure>\n<\/div>\n\n<div class=\"wp-block-image\">\n<figure class=\"alignleft\"><img loading=\"lazy\" decoding=\"async\" width=\"1024\" height=\"576\" src=\"https:\/\/blog.olimar.de\/wp-content\/uploads\/2016\/07\/Furnas-Azoren-1024x576.jpg\" alt=\"Furnas-Azoren\" class=\"wp-image-5375\" srcset=\"https:\/\/blog.olimar.de\/wp-content\/uploads\/2016\/07\/Furnas-Azoren-1024x576.jpg 1024w, https:\/\/blog.olimar.de\/wp-content\/uploads\/2016\/07\/Furnas-Azoren-300x169.jpg 300w, https:\/\/blog.olimar.de\/wp-content\/uploads\/2016\/07\/Furnas-Azoren-768x432.jpg 768w\" sizes=\"auto, (max-width: 1024px) 100vw, 1024px\" \/><figcaption class=\"wp-element-caption\">Furnas bei den dampfenden Quellen<\/figcaption><\/figure>\n<\/div>\n\n<div class=\"wp-block-image\">\n<figure class=\"alignleft\"><img loading=\"lazy\" decoding=\"async\" width=\"1024\" height=\"576\" src=\"https:\/\/blog.olimar.de\/wp-content\/uploads\/2016\/07\/Lago-Furnas-Azoren-Ufer-1024x576.jpg\" alt=\"Lago-Furnas-Azoren-Ufer\" class=\"wp-image-5379\" srcset=\"https:\/\/blog.olimar.de\/wp-content\/uploads\/2016\/07\/Lago-Furnas-Azoren-Ufer-1024x576.jpg 1024w, https:\/\/blog.olimar.de\/wp-content\/uploads\/2016\/07\/Lago-Furnas-Azoren-Ufer-300x169.jpg 300w, https:\/\/blog.olimar.de\/wp-content\/uploads\/2016\/07\/Lago-Furnas-Azoren-Ufer-768x432.jpg 768w\" sizes=\"auto, (max-width: 1024px) 100vw, 1024px\" \/><figcaption class=\"wp-element-caption\">Lago Furnas<\/figcaption><\/figure>\n<\/div>\n\n\n<h4>Dschungel-Schwimmbad<\/h4>\n<p>Nach diesem kleinen Ausflug sind wir dann endlich in ein \u201eDschungel-Schwimmbad\u201c gefahren, in das \u201ePoca Da Dona Beija\u201c in Furnas (4\u20ac Eintritt pro Person, Kinder bis 6 J. zahlen 3,5\u20ac). Ein super gepflegtes, modernes Naturschwimmbad mit Umkleiden, Duschen etc. und f\u00fcnf verschiedenen Wasserbecken: vier davon sind 39 Grad warm, eines 28 Grad. Kurzum: ein Erlebnis!<\/p>\n\n\n<div class=\"wp-block-image\">\n<figure class=\"alignleft\"><img loading=\"lazy\" decoding=\"async\" width=\"1024\" height=\"576\" src=\"https:\/\/blog.olimar.de\/wp-content\/uploads\/2016\/07\/Hei\u00dfe-Quellen-Furnas-Azoren-1-1024x576.jpg\" alt=\"Hei\u00dfe-Quellen-Furnas-Azoren\" class=\"wp-image-5389\" srcset=\"https:\/\/blog.olimar.de\/wp-content\/uploads\/2016\/07\/Hei\u00dfe-Quellen-Furnas-Azoren-1-1024x576.jpg 1024w, https:\/\/blog.olimar.de\/wp-content\/uploads\/2016\/07\/Hei\u00dfe-Quellen-Furnas-Azoren-1-300x169.jpg 300w, https:\/\/blog.olimar.de\/wp-content\/uploads\/2016\/07\/Hei\u00dfe-Quellen-Furnas-Azoren-1-768x432.jpg 768w\" sizes=\"auto, (max-width: 1024px) 100vw, 1024px\" \/><figcaption class=\"wp-element-caption\">Hei\u00dfe Quellen mitten im Gr\u00fcnen<\/figcaption><\/figure>\n<\/div>\n\n<div class=\"wp-block-image\">\n<figure class=\"alignleft\"><img loading=\"lazy\" decoding=\"async\" width=\"1024\" height=\"576\" src=\"https:\/\/blog.olimar.de\/wp-content\/uploads\/2016\/07\/Thermalquelle-Azoren-1-1024x576.jpg\" alt=\"Thermalquelle-Azoren\" class=\"wp-image-5390\" srcset=\"https:\/\/blog.olimar.de\/wp-content\/uploads\/2016\/07\/Thermalquelle-Azoren-1-1024x576.jpg 1024w, https:\/\/blog.olimar.de\/wp-content\/uploads\/2016\/07\/Thermalquelle-Azoren-1-300x169.jpg 300w, https:\/\/blog.olimar.de\/wp-content\/uploads\/2016\/07\/Thermalquelle-Azoren-1-768x432.jpg 768w\" sizes=\"auto, (max-width: 1024px) 100vw, 1024px\" \/><figcaption class=\"wp-element-caption\">Thermalquellen <\/figcaption><\/figure>\n<\/div>\n\n\n<h4>Hei\u00dfe Quellen<\/h4>\n<p>Nach dem ausgiebigen Bad ging&#8217;s weiter zu den hei\u00dfen Quellen von Furnas. Auch hier begeistert das Blubbern und das sprudelnde Wasser. Und auch hier wieder der Gestank der faulen Eier \u2013 Schwefel halt. In diesen Quellen werden Maiskolben erw\u00e4rmt, die dann zum Verkauf angeboten werden. Einen Maiskolben gibt es f\u00fcr einen Euro. Ein Muss f\u00fcr unseren Sohn, der anfangs jedoch gar nicht wollte, denn er dachte, dass die Maiskolben auch nach Schwefel stinken. Tun sie aber gl\u00fccklicherweise nicht. Zwei Maiskolben sp\u00e4ter haben wir dann die R\u00fcckfahrt angetreten, die von hier eine halbe Stunde dauert. Nachmittags war dann wieder der Hotelpool angesagt.<\/p>\n\n\n\n<h3>Tag drei: Delfin,-Hai- und Whale-Watching auf den Azoren<\/h3>\n<p>Heute war Whale-Watching angesagt. Den Ausflug hatten wir bereits vorab \u00fcber OLIMAR Reisen gebucht, ein zeitiges Reservieren (sp\u00e4testens am Anreisetag) macht vor allem in der Hauptsaison Sinn.<br>Um 13h startete das Briefing durch den Anbieter. Hier wurde uns erz\u00e4hlt, welche Wale und andere Lebewesen in den letzten Monaten gesichtet wurden und wer am Whale-Watching \u00fcberhaupt teilnehmen darf (Schwangere, Herzkranke und Personen mit R\u00fcckenleiden n\u00e4mlich nicht!). Auch haben wir gelernt, wieviel Abstand das Boot zum Wal haben muss, damit es nicht gest\u00f6rt wird.<\/p>\n<h4>Los geht\u00b4s&#8230;<\/h4>\n<p>Dann ging es schon los. Schwimmwesten (Pflicht!) wurden verteilt und auch Regenm\u00e4ntel (die wir allerdings nicht angezogen haben, aber ok, daf\u00fcr wurden wir nass).<br>Ab ging es dann aufs Boot, raus aus dem Hafen und schon kurz danach wurden wir von einem Fischerboot auf einen Hai aufmerksam gemacht, dessen Flosse man sch\u00f6n sehen konnte. Was das f\u00fcr ein Hai war? Keine Ahnung. Weiter ging&#8217;s\u2026<\/p>\n<p>Nach ein paar Minuten wurden wir von einem Delfinschwarm begleitet. Wir hielten kurz an und beobachteten die Delfine. Machen wir uns nichts vor: f\u00fcr Kinder ist ein solches Erlebnis \u201edas Highlight\u201c schlechthin! Die Delfine schwammen quasi direkt an unserem Boot herum. Fuhr das Boot los, schwammen sie mit, fuhren wir schnell, schwammen sie schnell mit, zeigten uns ihre Kunstst\u00fccke und sprangen aus dem Wasser. Es schien so, dass sie mit uns spielen. Ein kleines Video \u2013 hier sind sie allerdings etwas weiter weg \u2013 gibt es im <a href=\"https:\/\/www.instagram.com\/p\/BILJOtoACd4\/\" rel=\"noopener\">Instagram-Account von OLIMAR<\/a> (auch ohne Login ansehbar) \u2013 dem Account kann man ruhig folgen \ud83d\ude09<\/p>\n\n\n<div class=\"wp-block-image wp-image-5386 size-full\">\n<figure class=\"alignleft\"><img loading=\"lazy\" decoding=\"async\" width=\"1000\" height=\"643\" src=\"https:\/\/blog.olimar.de\/wp-content\/uploads\/2016\/07\/PT-Azoren-WhaleWatchingA-c-Visitazores-1.jpg\" alt=\"Whale Watching auf den Azoren - Delfine schwimmen im Wasser \" class=\"wp-image-5386\" srcset=\"https:\/\/blog.olimar.de\/wp-content\/uploads\/2016\/07\/PT-Azoren-WhaleWatchingA-c-Visitazores-1.jpg 1000w, https:\/\/blog.olimar.de\/wp-content\/uploads\/2016\/07\/PT-Azoren-WhaleWatchingA-c-Visitazores-1-300x193.jpg 300w, https:\/\/blog.olimar.de\/wp-content\/uploads\/2016\/07\/PT-Azoren-WhaleWatchingA-c-Visitazores-1-768x494.jpg 768w\" sizes=\"auto, (max-width: 1000px) 100vw, 1000px\" \/><figcaption class=\"wp-element-caption\">\u00a9 Visit Azores Whale Watching<\/figcaption><\/figure>\n<\/div>\n\n\n<p>Weiter ging es mit dem Boot aufs Meer hinaus, heute Richtung Westen. Denn offenbar war ein Wal gesichtet worden. Und tats\u00e4chlich, nach langem Warten und Suchen sehen wir zwei Finnwale. Irgendwie fehlen mir hier aber die Worte das zu beschreiben: am besten ist es, man macht so einen Ausflug selbst einmal mit. Eine interessante \u00dcbersicht \u00fcber &#8220;Sanftes Whale Watching&#8221; auf den Azoren und dazu, welche Tiere wann wo gesehen wurden, findet man hier: <a href=\"http:\/\/www.monicet.net\/en\">http:\/\/www.monicet.net\/en<\/a><\/p>\n<p>Fazit des Tages: Der Ausflug hat sich mehr als gelohnt. Ein Hai, zwei Wale, jede Menge Delfine und eine sch\u00f6ne Bootstour! Einen Sonnenseiten-Artikel, der sich ausschlie\u00dflich dem Whale-Watching auf den Azoren widmet, lesen Sie <a href=\"https:\/\/blog.olimar.de\/whale-watching-azoren\/\" rel=\"noopener\">hier<\/a>.<\/p>\n\n\n\n<h3>Tag vier: Baden im 40\u00b0C warmen Atlantik<\/h3>\n<p>Heute war das Wetter in Caloura nicht so sch\u00f6n, von daher ging es in den Westen. Genauer: zu den beiden Kraterseen bei Sete Cidades und dann in das Naturschwimmbad \u201eTermas da Ferraria\u201c. Die Fahrt zu den beiden Kraterseen dauerte von uns aus ca. 40 Minuten. Dadurch, dass das Wetter nicht so mitspielte, hatte man keine so sch\u00f6nen Ausblicke. Hier l\u00e4sst sich bei sch\u00f6nem Wetter DAS Azoren-Fotomotiv schlechthin knipsen: die beiden Seen, die in sattem blau und gr\u00fcn schimmern (<a href=\"https:\/\/blog.olimar.de\/sete-cidades-einmal-um-den-beruehmtesten-azoren-krater-wandern\/\" rel=\"noopener\">hier<\/a> gibt&#8217;s einen Sonnenseiten-Artikel zur Umrundung der beiden Seen).<\/p>\n\n\n<div class=\"wp-block-image size-full wp-image-2823\">\n<figure class=\"alignleft\"><img loading=\"lazy\" decoding=\"async\" width=\"1000\" height=\"725\" src=\"https:\/\/blog.olimar.de\/wp-content\/uploads\/2015\/09\/PT-Azoren-SaoMiguel-SeteCidades-SeteCidades-VistaDoReiC.jpg\" alt=\"Sete Cidades auf den Azoren Blumen und See\" class=\"wp-image-2823\" srcset=\"https:\/\/blog.olimar.de\/wp-content\/uploads\/2015\/09\/PT-Azoren-SaoMiguel-SeteCidades-SeteCidades-VistaDoReiC.jpg 1000w, https:\/\/blog.olimar.de\/wp-content\/uploads\/2015\/09\/PT-Azoren-SaoMiguel-SeteCidades-SeteCidades-VistaDoReiC-300x218.jpg 300w\" sizes=\"auto, (max-width: 1000px) 100vw, 1000px\" \/><figcaption class=\"wp-element-caption\">So sehen die zwei ber\u00fchmten Seen bei sch\u00f6nem Wetter aus&#8230; der Anblick war uns leider nicht verg\u00f6nnt.<\/figcaption><\/figure>\n<\/div>\n\n\n<h4>Naturschwimmbad &#8211; Termas da Ferraria<\/h4>\n<p>Wir fuhren bald weiter Richtung Westen zum Naturschwimmbad \u201eTermas da Ferraria\u201c. Nochmal galt es, eine knappe halbe Stunde zu fahren. Wir wissen nicht, ob es am Samstag lag, aber der Parkplatz war voll, das Schwimmbad auch. Wir kamen uns daher hier erstmals wie richtige Touristen vor. Ein Gef\u00fchl, dass wir in den Tagen zuvor so nicht hatten. So viele Menschen h\u00e4tten wir hier nicht erwartet. Aber. Der Besuch lohnt! Wirklich. Man muss zwar ein wenig \u00fcber die Felsen klettern (was aber f\u00fcr jedermann machbar ist), um dann \u00fcber eine Leiter in das Wasser hinabzusteigen. Und ja: obwohl von hier nur der unendliche, schroffe Atlantik zu sehen ist: das Wasser war warm. Und wie! Je nachdem, wo man in diesem &#8220;Schwimmbad&#8221; hinschwimmt, wechselte es zwischen angenehmen und von uns getippten 20 bis 40 Grad.<\/p>\n<p>Wenn man aus dem durch die Felsen leicht abgeschirmten warmen Becken Richtung Ozean rausschwamm, merkte man schnell: ok, da drau\u00dfen sind es definitiv keine 20 Grad. Es gibt in den Termas da Ferraria Umkleiden, Duschen, Toiletten und eine kleine Bar. Der Eintritt in das Naturbecken ist frei. Die direkte R\u00fcckfahrt von hier zum Caloura Resort Hotel dauert gut 40 Minuten. Von jetzt an k\u00f6nnen wir sagen, dass wir im 40 Grad warmen Atlantik schwimmen waren!<\/p>\n\n\n\n<h3>Tag f\u00fcnf: Mit Delfinen schwimmen auf den Azoren<\/h3>\n<p>Es ging wieder nach Ponta Delgada an den Hafen. Zur Ausflugsagentur Pico das Aventuras. F\u00fcr heute hatten wir \u201eDelfinschwimmen\u201c gebucht. Auch diese Aktivit\u00e4t ist im Voraus \u00fcber OLIMAR Reisen hinzubuchbar.<\/p>\n<p>Delfinschwimmen??? Ja, bitte keine Vorurteile gegen Delfinschwimmen auf den Azoren. Die Azoren sind ein Naturparadies und die Azoreaner wissen sehr wohl, dass man im Einklang mit der Natur leben muss. So auch mit den Delfinen. Es handelt sich hier um \u201ewilde Delfine\u201c \u2013 also frei im Meer schwimmende Tiere. Sie werden nirgends festgehalten und auch nicht f\u00fcr dieses Schwimmen trainiert. Nein, wir fuhren mit dem Boot raus aufs offene Meer und warteten, bis ein Schwarm zum Boot kam. Schon oben habe ich geschrieben, dass sie wohl mit uns \u201espielen\u201c wollten. So schien das auch heute zu sein.<br>H\u00e4tten die Delfine nicht mit uns \u201eschwimmen\u201c wollen, so w\u00e4ren sie wohl nicht zu uns gekommen, sondern einfach weggeschwommen&#8230; Stattdessen blieben sie bei unserem Boot.<\/p>\n<h4>Was bedeutet das nun, &#8220;Delfinschwimmen&#8221;?<\/h4>\n<p>Ganz einfach: Wir bekamen einen d\u00fcnnen, kurz\u00e4rmligen Tauchanzug, Schnorchel und Tauchermaske. Schwammen die Delfine auf unser Boot zu, durften zwei Personen ins Wasser. Dies sollte m\u00f6glichst \u201eruhig\u201c geschehen, also nicht springen, sondern eher ein Hineingleiten. Und dann hie\u00df es: Kopf unter Wasser und die Delfine beobachten, die an einem vorbei schwammen. Ich selbst durfte heute 4x ins Wasser und die Delfine beobachten. Anfangs habe ich mich ein wenig schwer getan. Ins kalte Wasser.<\/p>\n<h4>Ein unbeschreibliches Erlebnis<\/h4>\n<p>Mit nur einer anderen Person. Echte, \u201ewilde\u201c Tiere um einen herum. Unter einem sind es 500 bis 1.000 Meter bis zum Meeresboden. Aber dieses \u201eNeue\u201c legte sich schnell, denn die Delfine waren derart faszinierend! Ich habe noch auf dem Boot \u00fcberlegt, wie man dieses Gef\u00fchl beschreiben k\u00f6nnte. Doch es geht nicht, man muss es einfach mal erlebt haben. Das Reingleiten ins Wasser, dann der kristallklare, blaue Ozean um einen herum. Und nat\u00fcrlich die Delfine. Auf Instagram hab ich kurzerhand nur \u201eIrre!\u201c geschrieben. Ja, und so ist es auch. Ein unglaublich faszinierendes Erlebnis!<\/p>\n<p><strong>Tipp:<\/strong> Kinder, die mit den Delfinen schwimmen m\u00f6chten, sollten vorher unbedingt schon mal geschnorchelt haben und im Meer geschwommen sein (nicht nur in der Brandung getobt).<\/p>\n\n\n\n<h3>Tag sechs: Missgl\u00fcckter Insel-Ausflug<\/h3>\n<p>Oh je, schon unser letzter Tag. Denn unsere Reise sollte uns noch auf eine weitere Insel f\u00fchren. Morgen w\u00fcrden wir S\u00e3o Miguel verlassen. Von daher hie\u00df es heute: ab auf die \u201eIlheu da Vila\u201c. Eine kleine, vorgelagerte Insel vor Vila Franca do Campo, nur ca. 5km vom Caloura Resort Hotel entfernt.<\/p>\n<p>Auf diese kleine Insel gelangt man 1x st\u00fcndlich mit einem kleinen B\u00f6tchen. Die Insel ist eigentlich nur ein Vulkanschlot, an einer kleinen Stelle mit dem Meer verbunden, so dass hier das Meerwasser rein (und raus) flie\u00dfen kann. So gesch\u00fctzt, dass das Wasser im Schlot sch\u00f6n warm ist. Ideal also um zu schnorcheln!<\/p>\n<p>Die Insel ist inzwischen auch bekannt durch das j\u00e4hrlich stattfindende <a href=\"http:\/\/www.redbullcliffdiving.com\/pt_PT\/event\/azores-2016\" rel=\"noopener\">Red Bull Cliff Diving.<\/a> OK, die Klippenspringer springen ausserhalb des Kraters ins Wasser. Nicht dort also, wo wir uns mit den Kindern aufhalten wollten\u2026<\/p>\n<h4>Achtung: Saison beachten<\/h4>\n<p>Als wir am Ticketstand kurz vor 12h mittags ankamen hie\u00df es, dass die F\u00e4hre um 12h (die zu jeder vollen Stunde geht \u2013 zur\u00fcck dann je um zehn nach) schon voll sei und wir erst um 13h mit auf die Insel k\u00e4men. Also: Tickets gekauft (Erwachsene 5\u20ac, Kinder bis 10 Jahren fahren gratis), einen kleinen Bummel durch den Hafen gemacht und dann um zehn vor eins wieder an die Ablegestelle. Doch was war da los? Eine elend lange Schlange. OK, Ende Juli ist Hochsaison&#8230;. Es schien, dass wir die F\u00e4hre erneut wegen \u201e\u00dcberf\u00fcllung\u201c nicht bekommen. So war es dann auch leider. Also: zur\u00fcck zum Ticketschalter, Geld zur\u00fcck, keine Insel.<\/p>\n<p>Schade, denn dieser Ausflug lohnt sich sehr (ich war vor 9 Jahren schon vor Ort). Tipp daher f\u00fcr alle: nicht mittags, sondern schon vormittags kommen! Wie gesagt, das gilt f\u00fcr die Hochsaison.<\/p>\n<h4>Also ab ins Dschungel-Schwimmbad Nr. 2<\/h4>\n<p>Kurzum entschlossen wir uns, zur \u201eCaldeira Velha\u201c zu fahren. Ein weiteres Naturschwimmbad. Oder wie mein Sohn es sagt: \u201edas Dschungel-Schwimmbad\u201c. Erwachsene zahlen hier 2\u20ac Eintritt, Kinder 1\u20ac. Und was bekommt man hier? Zwei Becken, eins mit einem kleinen Wasserfall und ca. 28 Grad warm, ein anderes wieder mit angenehmen 39 Grad\u2026 Und nat\u00fcrlich: jede Menge Natur! \u00dcbrigens auch bestens gepflegt. Sattes Gr\u00fcn wohin man schaut. Dazu kommt, dass die Caldeira Velha an einem Berghang liegt und es daher \u00f6fters regnet. So auch bei unserem Besuch. Ich wei\u00df nicht, ob ich es in diesem Artikel schon geschrieben habe, aber: ein Besuch ist absolut empfehlenswert!! Umkleiden und Duschen sind nat\u00fcrlich vorhanden.<\/p>\n<p>Da der Himmel zugezogen war, lohnte die Weiterfahrt hoch zum Lagoa do Fogo nicht. Wir haben es trotzdem versucht: und sahen &#8220;nichts&#8221;. Egal. Immer noch fasziniert vom Dschungel ging es nun zur\u00fcck ins Hotel. Koffer packen.<\/p>\n<p>Eins darf ich aber noch loswerden: Kinder sind in Portugal, so auch auf den Azoren, immer h\u00f6chst willkommen! Ein paar Hotelg\u00e4ste sahen das allerdings anders und monierten, dass man in den Pool springt und mit einem Wasserball spielt. Tja\u2026<\/p>\n\n\n\n<div style=\"height:15px\" aria-hidden=\"true\" class=\"wp-block-spacer\"><\/div>\n\n\n\n<div class=\"wp-block-buttons is-layout-flex wp-block-buttons-is-layout-flex\">\n<div class=\"wp-block-button\"><a class=\"wp-block-button__link wp-element-button\" href=\"https:\/\/www.olimar.de\/hotellistung\/\">Jetzt Urlaubsangebote finden und buchen<\/a><\/div>\n<\/div>\n\n\n\n<div style=\"height:100px\" aria-hidden=\"true\" class=\"wp-block-spacer\"><\/div>\n","protected":false},"excerpt":{"rendered":"<p>Mit Kindern auf den Azoren Urlaub machen? Auf jeden Fall! Was Familien dort alles Besonderes erleben k\u00f6nnen, erfahrt ihr hier.<\/p>\n","protected":false},"author":27,"featured_media":6174,"comment_status":"open","ping_status":"open","sticky":false,"template":"","format":"standard","meta":{"_crdt_document":"","_lmt_disableupdate":"","_lmt_disable":"","footnotes":""},"categories":[29,31],"tags":[23,34,42,20],"class_list":["post-5367","post","type-post","status-publish","format-standard","has-post-thumbnail","hentry","category-aktiv-natur","category-land-leute","tag-azoren","tag-portugal","tag-sao-miguel","tag-slider"],"yoast_head":"<!-- This site is optimized with the Yoast SEO plugin v26.9 - https:\/\/yoast.com\/product\/yoast-seo-wordpress\/ -->\n<title>Familienurlaub auf den Azoren<\/title>\n<meta name=\"description\" content=\"Auch mit Kindern ist ein Urlaub auf den Azoren bestens geeignet. Unser Autor erlebte einen perfekten Familienurlaub auf den Azoren!\" \/>\n<meta name=\"robots\" content=\"index, follow, max-snippet:-1, max-image-preview:large, max-video-preview:-1\" \/>\n<link rel=\"canonical\" href=\"https:\/\/blog.olimar.de\/familienurlaub-auf-den-azoren\/\" \/>\n<meta property=\"og:locale\" content=\"de_DE\" \/>\n<meta property=\"og:type\" content=\"article\" \/>\n<meta property=\"og:title\" content=\"Familienurlaub auf den Azoren\" \/>\n<meta property=\"og:description\" content=\"Auch mit Kindern ist ein Urlaub auf den Azoren bestens geeignet. Unser Autor erlebte einen perfekten Familienurlaub auf den Azoren!\" \/>\n<meta property=\"og:url\" content=\"https:\/\/blog.olimar.de\/familienurlaub-auf-den-azoren\/\" \/>\n<meta property=\"article:publisher\" content=\"https:\/\/www.facebook.com\/OlimarReisen\" \/>\n<meta property=\"article:published_time\" content=\"2025-01-15T10:29:03+00:00\" \/>\n<meta property=\"article:modified_time\" content=\"2025-01-15T14:54:09+00:00\" \/>\n<meta property=\"og:image\" content=\"https:\/\/blog.olimar.de\/wp-content\/uploads\/2016\/07\/Baden-im-Dschungel-Azoren_kompr-1.jpg\" \/>\n\t<meta property=\"og:image:width\" content=\"3709\" \/>\n\t<meta property=\"og:image:height\" content=\"2087\" \/>\n\t<meta property=\"og:image:type\" content=\"image\/jpeg\" \/>\n<meta name=\"author\" content=\"Pascal Zahn\" \/>\n<meta name=\"twitter:label1\" content=\"Verfasst von\" \/>\n\t<meta name=\"twitter:data1\" content=\"Pascal Zahn\" \/>\n\t<meta name=\"twitter:label2\" content=\"Gesch\u00e4tzte Lesezeit\" \/>\n\t<meta name=\"twitter:data2\" content=\"14\u00a0Minuten\" \/>\n<script type=\"application\/ld+json\" class=\"yoast-schema-graph\">{\"@context\":\"https:\/\/schema.org\",\"@graph\":[{\"@type\":\"WebPage\",\"@id\":\"https:\/\/blog.olimar.de\/familienurlaub-auf-den-azoren\/\",\"url\":\"https:\/\/blog.olimar.de\/familienurlaub-auf-den-azoren\/\",\"name\":\"Familienurlaub auf den Azoren\",\"isPartOf\":{\"@id\":\"https:\/\/blog.olimar.de\/#website\"},\"primaryImageOfPage\":{\"@id\":\"https:\/\/blog.olimar.de\/familienurlaub-auf-den-azoren\/#primaryimage\"},\"image\":{\"@id\":\"https:\/\/blog.olimar.de\/familienurlaub-auf-den-azoren\/#primaryimage\"},\"thumbnailUrl\":\"https:\/\/blog.olimar.de\/wp-content\/uploads\/2016\/07\/Baden-im-Dschungel-Azoren_kompr-1.jpg\",\"datePublished\":\"2025-01-15T10:29:03+00:00\",\"dateModified\":\"2025-01-15T14:54:09+00:00\",\"description\":\"Auch mit Kindern ist ein Urlaub auf den Azoren bestens geeignet. Unser Autor erlebte einen perfekten Familienurlaub auf den Azoren!\",\"breadcrumb\":{\"@id\":\"https:\/\/blog.olimar.de\/familienurlaub-auf-den-azoren\/#breadcrumb\"},\"inLanguage\":\"de\",\"potentialAction\":[{\"@type\":\"ReadAction\",\"target\":[\"https:\/\/blog.olimar.de\/familienurlaub-auf-den-azoren\/\"]}]},{\"@type\":\"ImageObject\",\"inLanguage\":\"de\",\"@id\":\"https:\/\/blog.olimar.de\/familienurlaub-auf-den-azoren\/#primaryimage\",\"url\":\"https:\/\/blog.olimar.de\/wp-content\/uploads\/2016\/07\/Baden-im-Dschungel-Azoren_kompr-1.jpg\",\"contentUrl\":\"https:\/\/blog.olimar.de\/wp-content\/uploads\/2016\/07\/Baden-im-Dschungel-Azoren_kompr-1.jpg\",\"width\":3709,\"height\":2087,\"caption\":\"Baden hei\u00dfe Quelle Azoren\"},{\"@type\":\"BreadcrumbList\",\"@id\":\"https:\/\/blog.olimar.de\/familienurlaub-auf-den-azoren\/#breadcrumb\",\"itemListElement\":[{\"@type\":\"ListItem\",\"position\":1,\"name\":\"Home\",\"item\":\"https:\/\/blog.olimar.de\/\"},{\"@type\":\"ListItem\",\"position\":2,\"name\":\"Azoren\",\"item\":\"https:\/\/blog.olimar.de\/tag\/azoren\/\"},{\"@type\":\"ListItem\",\"position\":3,\"name\":\"Familienurlaub auf den Azoren: Vom Baden im Dschungel und Schwimmen mit Delfinen\"}]},{\"@type\":\"WebSite\",\"@id\":\"https:\/\/blog.olimar.de\/#website\",\"url\":\"https:\/\/blog.olimar.de\/\",\"name\":\"OLIMAR.com\",\"description\":\"\",\"publisher\":{\"@id\":\"https:\/\/blog.olimar.de\/#organization\"},\"potentialAction\":[{\"@type\":\"SearchAction\",\"target\":{\"@type\":\"EntryPoint\",\"urlTemplate\":\"https:\/\/blog.olimar.de\/?s={search_term_string}\"},\"query-input\":{\"@type\":\"PropertyValueSpecification\",\"valueRequired\":true,\"valueName\":\"search_term_string\"}}],\"inLanguage\":\"de\"},{\"@type\":\"Organization\",\"@id\":\"https:\/\/blog.olimar.de\/#organization\",\"name\":\"OLIMAR Reisen\",\"url\":\"https:\/\/blog.olimar.de\/\",\"logo\":{\"@type\":\"ImageObject\",\"inLanguage\":\"de\",\"@id\":\"https:\/\/blog.olimar.de\/#\/schema\/logo\/image\/\",\"url\":\"https:\/\/blog.olimar.de\/wp-content\/uploads\/2021\/01\/OLIMAR_Logo_COLOR.png\",\"contentUrl\":\"https:\/\/blog.olimar.de\/wp-content\/uploads\/2021\/01\/OLIMAR_Logo_COLOR.png\",\"width\":2000,\"height\":986,\"caption\":\"OLIMAR Reisen\"},\"image\":{\"@id\":\"https:\/\/blog.olimar.de\/#\/schema\/logo\/image\/\"},\"sameAs\":[\"https:\/\/www.facebook.com\/OlimarReisen\",\"https:\/\/x.com\/olimarrreisen\",\"https:\/\/www.instagram.com\/olimarreisen\",\"https:\/\/www.youtube.com\/user\/olimarreisen\"]}]}<\/script>\n<!-- \/ Yoast SEO plugin. -->","yoast_head_json":{"title":"Familienurlaub auf den Azoren","description":"Auch mit Kindern ist ein Urlaub auf den Azoren bestens geeignet. Unser Autor erlebte einen perfekten Familienurlaub auf den Azoren!","robots":{"index":"index","follow":"follow","max-snippet":"max-snippet:-1","max-image-preview":"max-image-preview:large","max-video-preview":"max-video-preview:-1"},"canonical":"https:\/\/blog.olimar.de\/familienurlaub-auf-den-azoren\/","og_locale":"de_DE","og_type":"article","og_title":"Familienurlaub auf den Azoren","og_description":"Auch mit Kindern ist ein Urlaub auf den Azoren bestens geeignet. Unser Autor erlebte einen perfekten Familienurlaub auf den Azoren!","og_url":"https:\/\/blog.olimar.de\/familienurlaub-auf-den-azoren\/","article_publisher":"https:\/\/www.facebook.com\/OlimarReisen","article_published_time":"2025-01-15T10:29:03+00:00","article_modified_time":"2025-01-15T14:54:09+00:00","og_image":[{"width":3709,"height":2087,"url":"https:\/\/blog.olimar.de\/wp-content\/uploads\/2016\/07\/Baden-im-Dschungel-Azoren_kompr-1.jpg","type":"image\/jpeg"}],"author":"Pascal Zahn","twitter_misc":{"Verfasst von":"Pascal Zahn","Gesch\u00e4tzte Lesezeit":"14\u00a0Minuten"},"schema":{"@context":"https:\/\/schema.org","@graph":[{"@type":"WebPage","@id":"https:\/\/blog.olimar.de\/familienurlaub-auf-den-azoren\/","url":"https:\/\/blog.olimar.de\/familienurlaub-auf-den-azoren\/","name":"Familienurlaub auf den Azoren","isPartOf":{"@id":"https:\/\/blog.olimar.de\/#website"},"primaryImageOfPage":{"@id":"https:\/\/blog.olimar.de\/familienurlaub-auf-den-azoren\/#primaryimage"},"image":{"@id":"https:\/\/blog.olimar.de\/familienurlaub-auf-den-azoren\/#primaryimage"},"thumbnailUrl":"https:\/\/blog.olimar.de\/wp-content\/uploads\/2016\/07\/Baden-im-Dschungel-Azoren_kompr-1.jpg","datePublished":"2025-01-15T10:29:03+00:00","dateModified":"2025-01-15T14:54:09+00:00","description":"Auch mit Kindern ist ein Urlaub auf den Azoren bestens geeignet. Unser Autor erlebte einen perfekten Familienurlaub auf den Azoren!","breadcrumb":{"@id":"https:\/\/blog.olimar.de\/familienurlaub-auf-den-azoren\/#breadcrumb"},"inLanguage":"de","potentialAction":[{"@type":"ReadAction","target":["https:\/\/blog.olimar.de\/familienurlaub-auf-den-azoren\/"]}]},{"@type":"ImageObject","inLanguage":"de","@id":"https:\/\/blog.olimar.de\/familienurlaub-auf-den-azoren\/#primaryimage","url":"https:\/\/blog.olimar.de\/wp-content\/uploads\/2016\/07\/Baden-im-Dschungel-Azoren_kompr-1.jpg","contentUrl":"https:\/\/blog.olimar.de\/wp-content\/uploads\/2016\/07\/Baden-im-Dschungel-Azoren_kompr-1.jpg","width":3709,"height":2087,"caption":"Baden hei\u00dfe Quelle Azoren"},{"@type":"BreadcrumbList","@id":"https:\/\/blog.olimar.de\/familienurlaub-auf-den-azoren\/#breadcrumb","itemListElement":[{"@type":"ListItem","position":1,"name":"Home","item":"https:\/\/blog.olimar.de\/"},{"@type":"ListItem","position":2,"name":"Azoren","item":"https:\/\/blog.olimar.de\/tag\/azoren\/"},{"@type":"ListItem","position":3,"name":"Familienurlaub auf den Azoren: Vom Baden im Dschungel und Schwimmen mit Delfinen"}]},{"@type":"WebSite","@id":"https:\/\/blog.olimar.de\/#website","url":"https:\/\/blog.olimar.de\/","name":"OLIMAR.com","description":"","publisher":{"@id":"https:\/\/blog.olimar.de\/#organization"},"potentialAction":[{"@type":"SearchAction","target":{"@type":"EntryPoint","urlTemplate":"https:\/\/blog.olimar.de\/?s={search_term_string}"},"query-input":{"@type":"PropertyValueSpecification","valueRequired":true,"valueName":"search_term_string"}}],"inLanguage":"de"},{"@type":"Organization","@id":"https:\/\/blog.olimar.de\/#organization","name":"OLIMAR Reisen","url":"https:\/\/blog.olimar.de\/","logo":{"@type":"ImageObject","inLanguage":"de","@id":"https:\/\/blog.olimar.de\/#\/schema\/logo\/image\/","url":"https:\/\/blog.olimar.de\/wp-content\/uploads\/2021\/01\/OLIMAR_Logo_COLOR.png","contentUrl":"https:\/\/blog.olimar.de\/wp-content\/uploads\/2021\/01\/OLIMAR_Logo_COLOR.png","width":2000,"height":986,"caption":"OLIMAR Reisen"},"image":{"@id":"https:\/\/blog.olimar.de\/#\/schema\/logo\/image\/"},"sameAs":["https:\/\/www.facebook.com\/OlimarReisen","https:\/\/x.com\/olimarrreisen","https:\/\/www.instagram.com\/olimarreisen","https:\/\/www.youtube.com\/user\/olimarreisen"]}]}},"modified_by":"Julia Windh\u00f6vel","jetpack_featured_media_url":"https:\/\/blog.olimar.de\/wp-content\/uploads\/2016\/07\/Baden-im-Dschungel-Azoren_kompr-1.jpg","_links":{"self":[{"href":"https:\/\/blog.olimar.de\/wp-json\/wp\/v2\/posts\/5367","targetHints":{"allow":["GET"]}}],"collection":[{"href":"https:\/\/blog.olimar.de\/wp-json\/wp\/v2\/posts"}],"about":[{"href":"https:\/\/blog.olimar.de\/wp-json\/wp\/v2\/types\/post"}],"author":[{"embeddable":true,"href":"https:\/\/blog.olimar.de\/wp-json\/wp\/v2\/users\/27"}],"replies":[{"embeddable":true,"href":"https:\/\/blog.olimar.de\/wp-json\/wp\/v2\/comments?post=5367"}],"version-history":[{"count":30,"href":"https:\/\/blog.olimar.de\/wp-json\/wp\/v2\/posts\/5367\/revisions"}],"predecessor-version":[{"id":28491,"href":"https:\/\/blog.olimar.de\/wp-json\/wp\/v2\/posts\/5367\/revisions\/28491"}],"wp:featuredmedia":[{"embeddable":true,"href":"https:\/\/blog.olimar.de\/wp-json\/wp\/v2\/media\/6174"}],"wp:attachment":[{"href":"https:\/\/blog.olimar.de\/wp-json\/wp\/v2\/media?parent=5367"}],"wp:term":[{"taxonomy":"category","embeddable":true,"href":"https:\/\/blog.olimar.de\/wp-json\/wp\/v2\/categories?post=5367"},{"taxonomy":"post_tag","embeddable":true,"href":"https:\/\/blog.olimar.de\/wp-json\/wp\/v2\/tags?post=5367"}],"curies":[{"name":"wp","href":"https:\/\/api.w.org\/{rel}","templated":true}]}}