{"id":558,"date":"2015-02-04T18:32:11","date_gmt":"2015-02-04T16:32:11","guid":{"rendered":"https:\/\/blog.olimar.de\/?p=558"},"modified":"2022-11-30T10:35:16","modified_gmt":"2022-11-30T09:35:16","slug":"die-stoerche-von-rasmalho","status":"publish","type":"post","link":"https:\/\/blog.olimar.de\/die-stoerche-von-rasmalho\/","title":{"rendered":"Die St\u00f6rche von Rasmalho"},"content":{"rendered":"\n<p><strong>Ob es am M\u00e4rchen vom Kalif Storch liegt, das ich als Kind so liebte? Oder an den Familienferien im \u00f6sterreichischen Burgenland, wo ich als kleines M\u00e4dchen in der Storchenstadt Rust fasziniert die wagenradgro\u00dfen Nester auf Hausd\u00e4chern und Kaminen bestaunte? St\u00f6rche jedenfalls haben es mir angetan. Als ich vor elf Jahren nach <a href=\"https:\/\/www.olimar.de\/portugal\/\" rel=\"noopener\">Portugal<\/a> zog, dachte ich allerdings nicht an St\u00f6rche. In <a href=\"https:\/\/www.olimar.de\/portugal\/metropolen\/lissabon\/\" rel=\"noopener\">Lissabon<\/a> und Cascais gab\u2019s n\u00e4mlich keine zu sehen.<\/strong><\/p>\n\n\n\n<div class=\"wp-block-buttons is-layout-flex wp-block-buttons-is-layout-flex\">\n<div class=\"wp-block-button\"><a class=\"wp-block-button__link has-background wp-element-button\" href=\"https:\/\/www.olimar.de\/portugal\/\" style=\"background-color:#008c87\">Portugal Reiseangebote und Hoteltipps entdecken<\/a><\/div>\n<\/div>\n\n\n\n<div style=\"height:50px\" aria-hidden=\"true\" class=\"wp-block-spacer\"><\/div>\n\n\n\n<div class=\"wide-content\">\n<p>Eines sch\u00f6nen Tages aber fuhren wir an die <a href=\"https:\/\/www.olimar.de\/portugal\/algarve\/\" rel=\"noopener\">Algarve<\/a>. Wir w\u00e4hlten ganz bewusst nicht den schnellen Trip \u00fcber die Autobahn, sondern \u201ezockelten\u201c \u00fcber die Landstra\u00dfe. Ein kleiner Tipp f\u00fcr alle, die in Lissabon ankommen und ein wenig Zeit mitbringen: Fahre \u00fcber die Br\u00fccke Vasco da Gama auf der A 2 Richtung S\u00fcden. Und nimm dort die Ausfahrt Setubal und dann dort die F\u00e4hre nach Tr\u00f3ia\/Comporta. Fahre dann gem\u00fctlich \u00fcber die N 261 und die N 120 an die westliche Algarve. Das dauerte zwar l\u00e4nger, aber die <strong>wundersch\u00f6ne Strecke<\/strong> lohnte sich. Wir sahen \u201ePortugal von innen\u201c: kleine D\u00f6rfer und vertr\u00e4umte St\u00e4dtchen; Kiefernw\u00e4lder, Korkeichen und Reisfelder; fast menschenleere, traumhafte Sandstr\u00e4nde. Und St\u00f6rche. \u00dcberall St\u00f6rche! Sie begleiteten unseren Weg in den S\u00fcden \u2013 den <a href=\"https:\/\/www.olimar.de\/portugal\/alentejo\/\" rel=\"noopener\">Alentejo<\/a> hindurch, von der Costa Vicentina bis zur Algarve.<\/p>\n<h2>St\u00f6rche in den Klippen<\/h2>\n<p>In Comporta staksen sie in den Reisfeldern umher. Sie nisten auf verkr\u00fcppelten B\u00e4umen im Landesinnern, ja sogar direkt am Cabo Sard\u00e3o \u2013 der <strong>weltweit einzigen Stelle, an der St\u00f6rche in den Klippen<\/strong> am Meer leben. Die Nester sind echte Baukunstwerke, zwei Meter hoch und bis zu zwei Tonnen schwer. Meister Adebar schafft das locker, trotz des stetigen Atlantikwinds in St\u00e4rke sechs bis acht. Auch an der Algarve geh\u00f6ren St\u00f6rche einfach dazu: Ihre Nester finden sich auf alten Backsteinkaminen und Hausd\u00e4chern, auf Stra\u00dfenlampen und Kircht\u00fcrmen.<\/p>\n<h2>Das Storchendorf<\/h2>\n<p>Als ich dann vor gut drei Jahren in den portugiesischen S\u00fcden zog, fand ich endlich mein \u201eeigenes\u201c Storchendorf: <strong>Rasmalho<\/strong> liegt direkt an der Stra\u00dfe von Portim\u00e3o nach Monchique (N 266). Kurz vor dem Ortseingang sieht man rechts und links von der Stra\u00dfe unz\u00e4hlige Nester, bis weit ins Hinterland. Alle sind bewohnt, in allen klappert im Fr\u00fchjahr der Nachwuchs \u2013 mindestens eines, oft auch zwei Junge. Unerm\u00fcdlich werden sie von Papa und Mama Storch gef\u00fcttert.<\/p>\n<p>Ein paar Wochen sp\u00e4ter beginnen die ersten Flugstunden. Bei jeder Einkaufsfahrt nach Portim\u00e3o halte ich hier an und schaue einfach zu, wie sich die kleinen St\u00f6rche erst zaghaft, dann immer mutiger aus dem Nest trauen, unsicher zu Boden segeln, sorgsam bewacht von den Eltern. Wie sie langsam fl\u00fcgge werden, immer gr\u00f6\u00dfere Kreise ziehen und sich sogar ins M\u00fcndungsgebiet des Ria Arade trauen und gemeinsam im Brackwasser nach Fr\u00f6schen und anderen Leckereien stochern. Hunderte von Jungst\u00f6rchen kann man dort sehen und in Rasmalho beim Flugtraining beobachten. Irgendwann im Sp\u00e4therbst sind sie alle verschwunden. Die Eltern allerdings \u00fcberwintern hier in Portugal.<\/p>\n<\/div>\n\n\n\n<div class=\"wp-block-buttons is-layout-flex wp-block-buttons-is-layout-flex\">\n<div class=\"wp-block-button\"><a class=\"wp-block-button__link has-background wp-element-button\" href=\"https:\/\/www.olimar.de\/hotellistung\/\" style=\"background-color:#008c87\" target=\"_blank\" rel=\"noreferrer noopener\">Jetzt Urlaubsangebote finden und buchen<\/a><\/div>\n<\/div>\n\n\n\n<div style=\"height:100px\" aria-hidden=\"true\" class=\"wp-block-spacer\"><\/div>\n","protected":false},"excerpt":{"rendered":"<p>Ob es am M\u00e4rchen vom Kalif Storch liegt, das ich als Kind so liebte? Oder an den Familienferien im \u00f6sterreichischen Burgenland, wo ich als kleines M\u00e4dchen in der Storchenstadt Rust fasziniert die wagenradgro\u00dfen Nester auf Hausd\u00e4chern und Kaminen bestaunte? St\u00f6rche jedenfalls haben es mir angetan. Als ich vor elf Jahren nach Portugal zog, dachte ich allerdings nicht an St\u00f6rche. In Lissabon und Cascais gab\u2019s n\u00e4mlich keine zu sehen. Eines sch\u00f6nen Tages aber fuhren wir an die Algarve. Wir w\u00e4hlten ganz bewusst nicht den schnellen Trip \u00fcber die Autobahn, sondern \u201ezockelten\u201c \u00fcber die Landstra\u00dfe. Ein kleiner Tipp f\u00fcr alle, die in Lissabon &hellip;<\/p>\n","protected":false},"author":11,"featured_media":701,"comment_status":"open","ping_status":"open","sticky":false,"template":"","format":"standard","meta":{"_crdt_document":"","_lmt_disableupdate":"","_lmt_disable":"","footnotes":""},"categories":[31],"tags":[24,34],"class_list":["post-558","post","type-post","status-publish","format-standard","has-post-thumbnail","hentry","category-land-leute","tag-algarve","tag-portugal"],"yoast_head":"<!-- This site is optimized with the Yoast SEO plugin v26.9 - https:\/\/yoast.com\/product\/yoast-seo-wordpress\/ -->\n<title>Die St\u00f6rche an der Algarve sind beliebtes Fotomotiv<\/title>\n<meta name=\"description\" content=\"Bei einer Fahrt durchs Hinterland der Algarve geh\u00f6ren St\u00f6rche zum normalen Erscheinungsbild: Unsere Autorin \u00fcber ihre Storch-Beobachtungen.\" \/>\n<meta name=\"robots\" content=\"index, follow, max-snippet:-1, max-image-preview:large, max-video-preview:-1\" \/>\n<link rel=\"canonical\" href=\"https:\/\/blog.olimar.de\/die-stoerche-von-rasmalho\/\" \/>\n<meta property=\"og:locale\" content=\"de_DE\" \/>\n<meta property=\"og:type\" content=\"article\" \/>\n<meta property=\"og:title\" content=\"St\u00f6rche an der Algarve - schon mal gesehen?\" \/>\n<meta property=\"og:description\" content=\"Bei einer Fahrt durchs Hinterland der Algarve geh\u00f6ren St\u00f6rche zum normalen Erscheinungsbild: Unsere Autorin \u00fcber ihre Storch-Beobachtungen.\" \/>\n<meta property=\"og:url\" content=\"https:\/\/blog.olimar.de\/die-stoerche-von-rasmalho\/\" \/>\n<meta property=\"article:publisher\" content=\"https:\/\/www.facebook.com\/OlimarReisen\" \/>\n<meta property=\"article:published_time\" content=\"2015-02-04T16:32:11+00:00\" \/>\n<meta property=\"article:modified_time\" content=\"2022-11-30T09:35:16+00:00\" \/>\n<meta property=\"og:image\" content=\"https:\/\/blog.olimar.de\/wp-content\/uploads\/2015\/02\/IMG_4207.jpg\" \/>\n\t<meta property=\"og:image:width\" content=\"1942\" \/>\n\t<meta property=\"og:image:height\" content=\"1681\" \/>\n\t<meta property=\"og:image:type\" content=\"image\/jpeg\" \/>\n<meta name=\"author\" content=\"Christina Zacker\" \/>\n<meta name=\"twitter:label1\" content=\"Verfasst von\" \/>\n\t<meta name=\"twitter:data1\" content=\"Christina Zacker\" \/>\n\t<meta name=\"twitter:label2\" content=\"Gesch\u00e4tzte Lesezeit\" \/>\n\t<meta name=\"twitter:data2\" content=\"3\u00a0Minuten\" \/>\n<script type=\"application\/ld+json\" class=\"yoast-schema-graph\">{\"@context\":\"https:\/\/schema.org\",\"@graph\":[{\"@type\":\"WebPage\",\"@id\":\"https:\/\/blog.olimar.de\/die-stoerche-von-rasmalho\/\",\"url\":\"https:\/\/blog.olimar.de\/die-stoerche-von-rasmalho\/\",\"name\":\"Die St\u00f6rche an der Algarve sind beliebtes Fotomotiv\",\"isPartOf\":{\"@id\":\"https:\/\/blog.olimar.de\/#website\"},\"primaryImageOfPage\":{\"@id\":\"https:\/\/blog.olimar.de\/die-stoerche-von-rasmalho\/#primaryimage\"},\"image\":{\"@id\":\"https:\/\/blog.olimar.de\/die-stoerche-von-rasmalho\/#primaryimage\"},\"thumbnailUrl\":\"https:\/\/blog.olimar.de\/wp-content\/uploads\/2015\/02\/IMG_4207.jpg\",\"datePublished\":\"2015-02-04T16:32:11+00:00\",\"dateModified\":\"2022-11-30T09:35:16+00:00\",\"description\":\"Bei einer Fahrt durchs Hinterland der Algarve geh\u00f6ren St\u00f6rche zum normalen Erscheinungsbild: Unsere Autorin \u00fcber ihre Storch-Beobachtungen.\",\"breadcrumb\":{\"@id\":\"https:\/\/blog.olimar.de\/die-stoerche-von-rasmalho\/#breadcrumb\"},\"inLanguage\":\"de\",\"potentialAction\":[{\"@type\":\"ReadAction\",\"target\":[\"https:\/\/blog.olimar.de\/die-stoerche-von-rasmalho\/\"]}]},{\"@type\":\"ImageObject\",\"inLanguage\":\"de\",\"@id\":\"https:\/\/blog.olimar.de\/die-stoerche-von-rasmalho\/#primaryimage\",\"url\":\"https:\/\/blog.olimar.de\/wp-content\/uploads\/2015\/02\/IMG_4207.jpg\",\"contentUrl\":\"https:\/\/blog.olimar.de\/wp-content\/uploads\/2015\/02\/IMG_4207.jpg\",\"width\":1942,\"height\":1681,\"caption\":\"Storch Nest Rasmalho\"},{\"@type\":\"BreadcrumbList\",\"@id\":\"https:\/\/blog.olimar.de\/die-stoerche-von-rasmalho\/#breadcrumb\",\"itemListElement\":[{\"@type\":\"ListItem\",\"position\":1,\"name\":\"Home\",\"item\":\"https:\/\/blog.olimar.de\/\"},{\"@type\":\"ListItem\",\"position\":2,\"name\":\"Algarve\",\"item\":\"https:\/\/blog.olimar.de\/tag\/algarve\/\"},{\"@type\":\"ListItem\",\"position\":3,\"name\":\"Die St\u00f6rche von Rasmalho\"}]},{\"@type\":\"WebSite\",\"@id\":\"https:\/\/blog.olimar.de\/#website\",\"url\":\"https:\/\/blog.olimar.de\/\",\"name\":\"OLIMAR.com\",\"description\":\"\",\"publisher\":{\"@id\":\"https:\/\/blog.olimar.de\/#organization\"},\"potentialAction\":[{\"@type\":\"SearchAction\",\"target\":{\"@type\":\"EntryPoint\",\"urlTemplate\":\"https:\/\/blog.olimar.de\/?s={search_term_string}\"},\"query-input\":{\"@type\":\"PropertyValueSpecification\",\"valueRequired\":true,\"valueName\":\"search_term_string\"}}],\"inLanguage\":\"de\"},{\"@type\":\"Organization\",\"@id\":\"https:\/\/blog.olimar.de\/#organization\",\"name\":\"OLIMAR Reisen\",\"url\":\"https:\/\/blog.olimar.de\/\",\"logo\":{\"@type\":\"ImageObject\",\"inLanguage\":\"de\",\"@id\":\"https:\/\/blog.olimar.de\/#\/schema\/logo\/image\/\",\"url\":\"https:\/\/blog.olimar.de\/wp-content\/uploads\/2021\/01\/OLIMAR_Logo_COLOR.png\",\"contentUrl\":\"https:\/\/blog.olimar.de\/wp-content\/uploads\/2021\/01\/OLIMAR_Logo_COLOR.png\",\"width\":2000,\"height\":986,\"caption\":\"OLIMAR Reisen\"},\"image\":{\"@id\":\"https:\/\/blog.olimar.de\/#\/schema\/logo\/image\/\"},\"sameAs\":[\"https:\/\/www.facebook.com\/OlimarReisen\",\"https:\/\/x.com\/olimarrreisen\",\"https:\/\/www.instagram.com\/olimarreisen\",\"https:\/\/www.youtube.com\/user\/olimarreisen\"]}]}<\/script>\n<!-- \/ Yoast SEO plugin. -->","yoast_head_json":{"title":"Die St\u00f6rche an der Algarve sind beliebtes Fotomotiv","description":"Bei einer Fahrt durchs Hinterland der Algarve geh\u00f6ren St\u00f6rche zum normalen Erscheinungsbild: Unsere Autorin \u00fcber ihre Storch-Beobachtungen.","robots":{"index":"index","follow":"follow","max-snippet":"max-snippet:-1","max-image-preview":"max-image-preview:large","max-video-preview":"max-video-preview:-1"},"canonical":"https:\/\/blog.olimar.de\/die-stoerche-von-rasmalho\/","og_locale":"de_DE","og_type":"article","og_title":"St\u00f6rche an der Algarve - schon mal gesehen?","og_description":"Bei einer Fahrt durchs Hinterland der Algarve geh\u00f6ren St\u00f6rche zum normalen Erscheinungsbild: Unsere Autorin \u00fcber ihre Storch-Beobachtungen.","og_url":"https:\/\/blog.olimar.de\/die-stoerche-von-rasmalho\/","article_publisher":"https:\/\/www.facebook.com\/OlimarReisen","article_published_time":"2015-02-04T16:32:11+00:00","article_modified_time":"2022-11-30T09:35:16+00:00","og_image":[{"width":1942,"height":1681,"url":"https:\/\/blog.olimar.de\/wp-content\/uploads\/2015\/02\/IMG_4207.jpg","type":"image\/jpeg"}],"author":"Christina Zacker","twitter_misc":{"Verfasst von":"Christina Zacker","Gesch\u00e4tzte Lesezeit":"3\u00a0Minuten"},"schema":{"@context":"https:\/\/schema.org","@graph":[{"@type":"WebPage","@id":"https:\/\/blog.olimar.de\/die-stoerche-von-rasmalho\/","url":"https:\/\/blog.olimar.de\/die-stoerche-von-rasmalho\/","name":"Die St\u00f6rche an der Algarve sind beliebtes Fotomotiv","isPartOf":{"@id":"https:\/\/blog.olimar.de\/#website"},"primaryImageOfPage":{"@id":"https:\/\/blog.olimar.de\/die-stoerche-von-rasmalho\/#primaryimage"},"image":{"@id":"https:\/\/blog.olimar.de\/die-stoerche-von-rasmalho\/#primaryimage"},"thumbnailUrl":"https:\/\/blog.olimar.de\/wp-content\/uploads\/2015\/02\/IMG_4207.jpg","datePublished":"2015-02-04T16:32:11+00:00","dateModified":"2022-11-30T09:35:16+00:00","description":"Bei einer Fahrt durchs Hinterland der Algarve geh\u00f6ren St\u00f6rche zum normalen Erscheinungsbild: Unsere Autorin \u00fcber ihre Storch-Beobachtungen.","breadcrumb":{"@id":"https:\/\/blog.olimar.de\/die-stoerche-von-rasmalho\/#breadcrumb"},"inLanguage":"de","potentialAction":[{"@type":"ReadAction","target":["https:\/\/blog.olimar.de\/die-stoerche-von-rasmalho\/"]}]},{"@type":"ImageObject","inLanguage":"de","@id":"https:\/\/blog.olimar.de\/die-stoerche-von-rasmalho\/#primaryimage","url":"https:\/\/blog.olimar.de\/wp-content\/uploads\/2015\/02\/IMG_4207.jpg","contentUrl":"https:\/\/blog.olimar.de\/wp-content\/uploads\/2015\/02\/IMG_4207.jpg","width":1942,"height":1681,"caption":"Storch Nest Rasmalho"},{"@type":"BreadcrumbList","@id":"https:\/\/blog.olimar.de\/die-stoerche-von-rasmalho\/#breadcrumb","itemListElement":[{"@type":"ListItem","position":1,"name":"Home","item":"https:\/\/blog.olimar.de\/"},{"@type":"ListItem","position":2,"name":"Algarve","item":"https:\/\/blog.olimar.de\/tag\/algarve\/"},{"@type":"ListItem","position":3,"name":"Die St\u00f6rche von Rasmalho"}]},{"@type":"WebSite","@id":"https:\/\/blog.olimar.de\/#website","url":"https:\/\/blog.olimar.de\/","name":"OLIMAR.com","description":"","publisher":{"@id":"https:\/\/blog.olimar.de\/#organization"},"potentialAction":[{"@type":"SearchAction","target":{"@type":"EntryPoint","urlTemplate":"https:\/\/blog.olimar.de\/?s={search_term_string}"},"query-input":{"@type":"PropertyValueSpecification","valueRequired":true,"valueName":"search_term_string"}}],"inLanguage":"de"},{"@type":"Organization","@id":"https:\/\/blog.olimar.de\/#organization","name":"OLIMAR Reisen","url":"https:\/\/blog.olimar.de\/","logo":{"@type":"ImageObject","inLanguage":"de","@id":"https:\/\/blog.olimar.de\/#\/schema\/logo\/image\/","url":"https:\/\/blog.olimar.de\/wp-content\/uploads\/2021\/01\/OLIMAR_Logo_COLOR.png","contentUrl":"https:\/\/blog.olimar.de\/wp-content\/uploads\/2021\/01\/OLIMAR_Logo_COLOR.png","width":2000,"height":986,"caption":"OLIMAR Reisen"},"image":{"@id":"https:\/\/blog.olimar.de\/#\/schema\/logo\/image\/"},"sameAs":["https:\/\/www.facebook.com\/OlimarReisen","https:\/\/x.com\/olimarrreisen","https:\/\/www.instagram.com\/olimarreisen","https:\/\/www.youtube.com\/user\/olimarreisen"]}]}},"modified_by":"Lena Radermacher","jetpack_featured_media_url":"https:\/\/blog.olimar.de\/wp-content\/uploads\/2015\/02\/IMG_4207.jpg","_links":{"self":[{"href":"https:\/\/blog.olimar.de\/wp-json\/wp\/v2\/posts\/558","targetHints":{"allow":["GET"]}}],"collection":[{"href":"https:\/\/blog.olimar.de\/wp-json\/wp\/v2\/posts"}],"about":[{"href":"https:\/\/blog.olimar.de\/wp-json\/wp\/v2\/types\/post"}],"author":[{"embeddable":true,"href":"https:\/\/blog.olimar.de\/wp-json\/wp\/v2\/users\/11"}],"replies":[{"embeddable":true,"href":"https:\/\/blog.olimar.de\/wp-json\/wp\/v2\/comments?post=558"}],"version-history":[{"count":8,"href":"https:\/\/blog.olimar.de\/wp-json\/wp\/v2\/posts\/558\/revisions"}],"predecessor-version":[{"id":21360,"href":"https:\/\/blog.olimar.de\/wp-json\/wp\/v2\/posts\/558\/revisions\/21360"}],"wp:featuredmedia":[{"embeddable":true,"href":"https:\/\/blog.olimar.de\/wp-json\/wp\/v2\/media\/701"}],"wp:attachment":[{"href":"https:\/\/blog.olimar.de\/wp-json\/wp\/v2\/media?parent=558"}],"wp:term":[{"taxonomy":"category","embeddable":true,"href":"https:\/\/blog.olimar.de\/wp-json\/wp\/v2\/categories?post=558"},{"taxonomy":"post_tag","embeddable":true,"href":"https:\/\/blog.olimar.de\/wp-json\/wp\/v2\/tags?post=558"}],"curies":[{"name":"wp","href":"https:\/\/api.w.org\/{rel}","templated":true}]}}