{"id":5684,"date":"2016-08-22T16:56:48","date_gmt":"2016-08-22T14:56:48","guid":{"rendered":"https:\/\/blog.olimar.de\/?p=5684"},"modified":"2024-10-14T12:53:30","modified_gmt":"2024-10-14T11:53:30","slug":"waldbraende-auf-madeira","status":"publish","type":"post","link":"https:\/\/blog.olimar.de\/waldbraende-auf-madeira\/","title":{"rendered":"Waldbr\u00e4nde auf Madeira &#8211; kein Grund mehr zur Sorge"},"content":{"rendered":"<p class=\"intro\" style=\"text-align: justify;\">Im August haben Waldbr\u00e4nde auf <a href=\"https:\/\/www.olimar.de\/portugal\/madeira\/\" target=\"_blank\" rel=\"noopener\">Madeira<\/a> die gesamte Insel f\u00fcr einige Tage in Atem gehalten. Da die Situation in den deutschen Medien teils sehr verz\u00f6gert und teils viel zu dramatisch dargestellt wurde, gebe ich nachfolgend einen Eindruck davon, wie die Lage sich vor Ort tats\u00e4chlich dargestellt hat und ob es \u00fcberhaupt negative Folgen\/Auswirkungen gibt, mit denen Urlauber auf Madeira nun zu rechnen haben (um es vorweg zu nehmen: nein!).<\/p>\n<p style=\"text-align: justify;\">Bereits am 8. August wurde in den Nachrichten auf Madeira vom Ausbruch der ersten Feuer bei Funchal S\u00e3o Roque berichtet. Beim Joggen in Funchal am Abend sah man die ersten leichten Rauchwolken \u00fcber die Berge ziehen. Noch f\u00fchlte man sich aber hier im Zentrum nicht bedroht, war man doch kleinere Br\u00e4nde im Sommer in den Bergen \u201egewohnt\u201c. Es war schon seit Tagen unertr\u00e4glich hei\u00df &#8211; \u00fcber 30\u00b0 C &#8211; und zudem sehr windig. Man sagte mir, einmal im Jahr habe man hier diese \u201eSaharahitze\u201c, sodass dies nichts Ungew\u00f6hnliches zu sein schien.<\/p>\n<p style=\"text-align: justify;\">Im Laufe des 9. Augusts spitzte sich die Nachrichtenlage und damit das ungute Gef\u00fchl zu. Bereits in der Nacht waren einige Kollegen recht unruhig, da teilweise Familienangeh\u00f6rige in den betroffenen Regionen leben. Die Wandbr\u00e4nde wurden durch immer heftigere Winde weiter angefacht und Richtung Funchal Monte getragen. Die Luft wurde gef\u00fchlt hei\u00dfer, es roch nach Kaminfeuer und \u00fcber den Bergen konnte man immer st\u00e4rkere Rauchwolken erkennen. Auch das Atmen wurde etwas beschwerlicher.<\/p>\n<h3 style=\"text-align: justify;\"><strong>Eine f\u00fcr Funchal dramatische Nacht<\/strong><\/h3>\n<p style=\"text-align: justify;\">Abends in meinem Appartement stiegen meine Unruhe und Sorge. Inzwischen sah man immer bedrohlicher wirkende Rauchs\u00e4ulen, die sich \u00fcber die gesamte Stadt bis hin zum Meer zogen. Das Fenster musste ich geschlossen halten, denn die Luft war wie unmittelbar vor einem Kamin, man konnte schwer atmen, und das wo ich ca. 5 km vom Zentrum entfernt wohne. Meine Vermieterin versuchte mich zu beruhigen: wir seien hier direkt am Meer sicher! Doch auch ihr merkte man eine gewisse Unruhe an.<\/p>\n<p style=\"text-align: justify;\"><img loading=\"lazy\" decoding=\"async\" class=\"alignleft size-large wp-image-5730\" src=\"https:\/\/blog.olimar.de\/wp-content\/uploads\/2016\/08\/Funchal-1024x768.jpg\" alt=\"Funchal\" width=\"840\" height=\"630\" srcset=\"https:\/\/blog.olimar.de\/wp-content\/uploads\/2016\/08\/Funchal-1024x768.jpg 1024w, https:\/\/blog.olimar.de\/wp-content\/uploads\/2016\/08\/Funchal-300x225.jpg 300w, https:\/\/blog.olimar.de\/wp-content\/uploads\/2016\/08\/Funchal-768x576.jpg 768w, https:\/\/blog.olimar.de\/wp-content\/uploads\/2016\/08\/Funchal.jpg 1600w\" sizes=\"auto, (max-width: 840px) 100vw, 840px\" \/><br \/>Die News im Radio klangen dramatisch und das lokale Fernsehprogramm zeigte Bilder von lodernden Feuern und L\u00f6schtrupps im Dauereinsatz. Auch ohne tiefergehende Portugiesischkenntnisse war mir klar: Die Lage ist dramatisch. An Schlaf war in dieser Nacht f\u00fcr mich vor Aufregung kaum zu denken, so sa\u00df auch ich zum ersten Mal im Leben auf einem kleinen, gepackten Koffer mit dem N\u00f6tigsten. Die ganze Nacht verfolgte ich die Nachrichten und die ersten Anrufe von Portugiesischen Freunden trafen ein. Die Lage in Funchal schien die Nachrichten zu dominieren.<\/p>\n<p style=\"text-align: justify;\">Am n\u00e4chsten Morgen im B\u00fcro erhielt ich von den madeirensischen Kollegen ein umfassendes, sehr erschreckendes Update \u00fcber die Geschehnisse\u00a0 in der Nacht:<br \/>Das Feuer war bis auf wenige Kilometer an die Altstadt Funchals herangekommen. Viele H\u00e4user sind vom Feuer zerst\u00f6rt worden, 3 Madeirenser sind in ihren H\u00e4usern ums Leben gekommen, hunderte Menschen mussten in Notunterk\u00fcnfte evakuiert werden, darunter die Patienten gleich zweier Krankenh\u00e4user. Gute Nachricht jedoch: Mittlerweile konnten alle Brandherde gel\u00f6scht bzw. unter Kontrolle gebracht werden. Nicht zuletzt dank Unterst\u00fctzung von Feuerwehr-Gruppen vom Festland und von den Azoren.<\/p>\n<p style=\"text-align: justify;\">Die meisten Evakuierungen waren reine Vorsichtsma\u00dfnahmen, meist wegen der hohen Rauchentwicklung. Betroffene H\u00e4user aus dem OLIMAR Programm waren das Castanheiro Hotel im Zentrum, die Quinta Jardins do Lago sowie weitere Hotels in Calheta. Ein einziges Hotel ist bedauerlicherweise tats\u00e4chlich vollkommen dem Feuer zum Opfer gefallen: Das phantastische 5-Sterne-Hotel Choupana Resort &amp; Spa, nord\u00f6stlich Funchals in den Bergen gelegen, ist leider komplett zerst\u00f6rt worden.<\/p>\n<h3 style=\"text-align: justify;\"><strong>Krisenmanagement bei OLIMAR vor Ort und in K\u00f6ln<\/strong><\/h3>\n<p style=\"text-align: justify;\">Gl\u00fccklicherweise konnten s\u00e4mtliche OLIMAR G\u00e4ste, die in einem der betroffenen Hotels untergebracht waren, rechtzeitig bzw. vorsorglich in alternative Unterk\u00fcnfte umgebucht werden. G\u00e4ste, die von der Feuerwehr evakuiert wurden, wurden vor\u00fcbergehen in einer Sporthalle oder anderen Hotels untergebracht, konnten aber schnell wieder (meist nach nur wenigen Stunden) in die o.g. Hotels zur\u00fcckkehren. Die Kollegen der OLIMAR G\u00e4stebetreuung und auch die Hotel-Managements hatten in den vergangenen Stunden einen exzellenten Job gemacht und die Lage stets mit Ruhe und Umsicht versucht zu beurteilen und alles bestm\u00f6glich zu organisieren. Von betroffenen Kunden h\u00f6rten wir bereits Lob, dass man sich gut um sie gek\u00fcmmert habe.<\/p>\n<p style=\"text-align: justify;\">Wichtig war nun, die aktuelle Lage der Waldbr\u00e4nde auf Madeira weiter genau zu beobachten und die Kollegen in K\u00f6ln bestm\u00f6glich zu informieren. Denn nat\u00fcrlich liefen im dortigen Service Center und in der Reservierungsabteilung die Telefonleitungen hei\u00df, da auch in deutschen Medien inzwischen mit dramatischen Bildern von den Waldbr\u00e4nden auf Madeira berichtet wurde. Kein Wunder also, dass sich nun auch OLIMAR Kunden um ihren anstehenden Urlaub sorgten. Und das, w\u00e4hrend sich die Situation vor Ort bereits wieder deutlich beruhigt hatte: Funchal galt bereits ab dem Vormittag, also nur wenige Stunden nach dem Auflodern der Br\u00e4nde, wieder als &#8220;frei von jeglicher Brandgefahr&#8221;. Und auch in den Bergen war bereits Entwarnung angesagt. Einzig im Hinterland von Calheta und Prazeres &#8211; weit entfernt von den Hotels &#8211; hielten einige Feuer weiterhin an.<\/p>\n<p style=\"text-align: justify;\">Mein Job an diesem Tag bestand also fast ausschlie\u00dflich aus Recherche der neuesten Nachrichten (inkl. einer Erkundungstour in Funchal und Umgebung), Umbuchungen einiger Kunden und regelm\u00e4\u00dfiger Statusabfrage in den betroffenen Hotels. Damit konnte ich st\u00fcndlich einen detaillierten Bericht inklusive Fotos an das Krisenmanagement-Team bei OLIMAR in K\u00f6ln weiter leiten. Dort war in der Zwischenzeit auf der Website eine Informationsseite speziell zu den Br\u00e4nden auf Madeira und in S\u00fcdeuropa (denn gleichzeitig brannte es auch auf La Palma, im Norden Spaniens und in Nordportugal) eingerichtet worden, \u00fcber die sich Kunden und Reiseb\u00fcropartner auf den aktuellen Stand der Dinge bringen konnten.<\/p>\n<p style=\"text-align: justify;\"><img loading=\"lazy\" decoding=\"async\" class=\"alignleft size-large wp-image-5756\" src=\"https:\/\/blog.olimar.de\/wp-content\/uploads\/2016\/08\/Screenshot-1024x830.jpg\" alt=\"Screenshot\" width=\"840\" height=\"681\" srcset=\"https:\/\/blog.olimar.de\/wp-content\/uploads\/2016\/08\/Screenshot-1024x830.jpg 1024w, https:\/\/blog.olimar.de\/wp-content\/uploads\/2016\/08\/Screenshot-300x243.jpg 300w, https:\/\/blog.olimar.de\/wp-content\/uploads\/2016\/08\/Screenshot-768x623.jpg 768w, https:\/\/blog.olimar.de\/wp-content\/uploads\/2016\/08\/Screenshot.jpg 1077w\" sizes=\"auto, (max-width: 840px) 100vw, 840px\" \/><\/p>\n<p style=\"text-align: justify;\">Parallel dazu k\u00fcmmerten sich die Kollegen aus dem Serviceteam um die aktive Information der Kunden, die f\u00fcr die kommenden Tage eine Madeira-Reise gebucht hatten.<\/p>\n<h3 style=\"text-align: justify;\"><strong>Madeira nach den Waldbr\u00e4nden &#8211; der touristische Alltag ist wieder da<\/strong><\/h3>\n<p style=\"text-align: justify;\">Am n\u00e4chsten Tag unternahm ich weitere &#8220;Erkundungsfahrten&#8221; \u00fcber die Insel und stellte fest: Nicht nur in Funchal fand wieder ein weitgehend normaler, touristischer Alltag statt, sondern auch in Cani\u00e7o, westlich der Hauptstadt, traf ich bestens gelaunte OLIMAR G\u00e4ste beim entspannten Fr\u00fchst\u00fcck auf der Pool-Terrasse an. In Calheta vergn\u00fcgten sich die Urlauber bereits wieder mit Sonnenbaden und Schwimmen im Meer. Lediglich mit der Reinigung war man noch besch\u00e4ftigt, denn der Ascheregen oberhalb Calhetas war noch sehr deutlich zu sp\u00fcren.<\/p>\n<p style=\"text-align: justify;\">Um genau diese Situation zu verdeutlichen, dass n\u00e4mlich die Urlauber auf Madeira wieder eine herrliche Zeit auf der Insel verbringen, schoss ich erneut viele Fotos und konnte eine weitere deutliche Entwarnung an die Kollegen nach K\u00f6ln geben.<\/p>\n<div id='gallery-1' class='gallery galleryid-5684 gallery-columns-3 gallery-size-medium'><dl class='gallery-item'>\n\t\t\t<dt class='gallery-icon landscape'>\n\t\t\t\t<img loading=\"lazy\" decoding=\"async\" width=\"300\" height=\"225\" src=\"https:\/\/blog.olimar.de\/wp-content\/uploads\/2016\/08\/Galoresort-2016-08-11-at-10.46.03-1-300x225.jpeg\" class=\"attachment-medium size-medium\" alt=\"Fr\u00fchst\u00fccksterrasse Galo Resort\" srcset=\"https:\/\/blog.olimar.de\/wp-content\/uploads\/2016\/08\/Galoresort-2016-08-11-at-10.46.03-1-300x225.jpeg 300w, https:\/\/blog.olimar.de\/wp-content\/uploads\/2016\/08\/Galoresort-2016-08-11-at-10.46.03-1-768x576.jpeg 768w, https:\/\/blog.olimar.de\/wp-content\/uploads\/2016\/08\/Galoresort-2016-08-11-at-10.46.03-1-1024x768.jpeg 1024w, https:\/\/blog.olimar.de\/wp-content\/uploads\/2016\/08\/Galoresort-2016-08-11-at-10.46.03-1.jpeg 1600w\" sizes=\"auto, (max-width: 300px) 100vw, 300px\" \/>\n\t\t\t<\/dt><\/dl><dl class='gallery-item'>\n\t\t\t<dt class='gallery-icon landscape'>\n\t\t\t\t<img loading=\"lazy\" decoding=\"async\" width=\"300\" height=\"225\" src=\"https:\/\/blog.olimar.de\/wp-content\/uploads\/2016\/08\/Funchal-2016-08-11-at-11.23.24-1-300x225.jpeg\" class=\"attachment-medium size-medium\" alt=\"Funchal nach Waldbr\u00e4nden\" srcset=\"https:\/\/blog.olimar.de\/wp-content\/uploads\/2016\/08\/Funchal-2016-08-11-at-11.23.24-1-300x225.jpeg 300w, https:\/\/blog.olimar.de\/wp-content\/uploads\/2016\/08\/Funchal-2016-08-11-at-11.23.24-1-768x576.jpeg 768w, https:\/\/blog.olimar.de\/wp-content\/uploads\/2016\/08\/Funchal-2016-08-11-at-11.23.24-1-1024x768.jpeg 1024w, https:\/\/blog.olimar.de\/wp-content\/uploads\/2016\/08\/Funchal-2016-08-11-at-11.23.24-1.jpeg 1600w\" sizes=\"auto, (max-width: 300px) 100vw, 300px\" \/>\n\t\t\t<\/dt><\/dl><dl class='gallery-item'>\n\t\t\t<dt class='gallery-icon portrait'>\n\t\t\t\t<img loading=\"lazy\" decoding=\"async\" width=\"225\" height=\"300\" src=\"https:\/\/blog.olimar.de\/wp-content\/uploads\/2016\/08\/Markthalle-2016-08-11-at-11.36.08-1-225x300.jpeg\" class=\"attachment-medium size-medium\" alt=\"Markthalle Funchal\" srcset=\"https:\/\/blog.olimar.de\/wp-content\/uploads\/2016\/08\/Markthalle-2016-08-11-at-11.36.08-1-225x300.jpeg 225w, https:\/\/blog.olimar.de\/wp-content\/uploads\/2016\/08\/Markthalle-2016-08-11-at-11.36.08-1-768x1024.jpeg 768w, https:\/\/blog.olimar.de\/wp-content\/uploads\/2016\/08\/Markthalle-2016-08-11-at-11.36.08-1-420x560.jpeg 420w, https:\/\/blog.olimar.de\/wp-content\/uploads\/2016\/08\/Markthalle-2016-08-11-at-11.36.08-1.jpeg 1200w\" sizes=\"auto, (max-width: 225px) 100vw, 225px\" \/>\n\t\t\t<\/dt><\/dl><br style=\"clear: both\" \/><dl class='gallery-item'>\n\t\t\t<dt class='gallery-icon landscape'>\n\t\t\t\t<img loading=\"lazy\" decoding=\"async\" width=\"300\" height=\"200\" src=\"https:\/\/blog.olimar.de\/wp-content\/uploads\/2016\/08\/Camara-Lobos-300x200.jpg\" class=\"attachment-medium size-medium\" alt=\"Camara de Lobos Madeira\" srcset=\"https:\/\/blog.olimar.de\/wp-content\/uploads\/2016\/08\/Camara-Lobos-300x200.jpg 300w, https:\/\/blog.olimar.de\/wp-content\/uploads\/2016\/08\/Camara-Lobos-768x512.jpg 768w, https:\/\/blog.olimar.de\/wp-content\/uploads\/2016\/08\/Camara-Lobos-1024x683.jpg 1024w, https:\/\/blog.olimar.de\/wp-content\/uploads\/2016\/08\/Camara-Lobos-840x560.jpg 840w, https:\/\/blog.olimar.de\/wp-content\/uploads\/2016\/08\/Camara-Lobos-1200x800.jpg 1200w\" sizes=\"auto, (max-width: 300px) 100vw, 300px\" \/>\n\t\t\t<\/dt><\/dl><dl class='gallery-item'>\n\t\t\t<dt class='gallery-icon landscape'>\n\t\t\t\t<img loading=\"lazy\" decoding=\"async\" width=\"300\" height=\"200\" src=\"https:\/\/blog.olimar.de\/wp-content\/uploads\/2016\/08\/Calheta-Beach-300x200.jpg\" class=\"attachment-medium size-medium\" alt=\"Calheta-Beach\" srcset=\"https:\/\/blog.olimar.de\/wp-content\/uploads\/2016\/08\/Calheta-Beach-300x200.jpg 300w, https:\/\/blog.olimar.de\/wp-content\/uploads\/2016\/08\/Calheta-Beach-768x512.jpg 768w, https:\/\/blog.olimar.de\/wp-content\/uploads\/2016\/08\/Calheta-Beach-1024x683.jpg 1024w, https:\/\/blog.olimar.de\/wp-content\/uploads\/2016\/08\/Calheta-Beach-840x560.jpg 840w, https:\/\/blog.olimar.de\/wp-content\/uploads\/2016\/08\/Calheta-Beach-1200x800.jpg 1200w\" sizes=\"auto, (max-width: 300px) 100vw, 300px\" \/>\n\t\t\t<\/dt><\/dl><dl class='gallery-item'>\n\t\t\t<dt class='gallery-icon landscape'>\n\t\t\t\t<img loading=\"lazy\" decoding=\"async\" width=\"300\" height=\"200\" src=\"https:\/\/blog.olimar.de\/wp-content\/uploads\/2016\/08\/Cabo-Girao-300x200.jpg\" class=\"attachment-medium size-medium\" alt=\"Cabo Girao\" srcset=\"https:\/\/blog.olimar.de\/wp-content\/uploads\/2016\/08\/Cabo-Girao-300x200.jpg 300w, https:\/\/blog.olimar.de\/wp-content\/uploads\/2016\/08\/Cabo-Girao-768x512.jpg 768w, https:\/\/blog.olimar.de\/wp-content\/uploads\/2016\/08\/Cabo-Girao-1024x683.jpg 1024w, https:\/\/blog.olimar.de\/wp-content\/uploads\/2016\/08\/Cabo-Girao-840x560.jpg 840w, https:\/\/blog.olimar.de\/wp-content\/uploads\/2016\/08\/Cabo-Girao-1200x800.jpg 1200w\" sizes=\"auto, (max-width: 300px) 100vw, 300px\" \/>\n\t\t\t<\/dt><\/dl><br style=\"clear: both\" \/>\n\t\t<\/div>\n\n<p style=\"text-align: justify;\">Nichts desto trotz gab es jedoch weiterhin zwei Brandherde, die die Feuerwehr besch\u00e4ftigten und die f\u00fcr heftige Rauchs\u00e4ulen und die Sperrung einzelner Wanderwege und Stra\u00dfen in den Bergen Madeiras sorgten. Auch diese habe ich auf meinen Fotos festgehalten, um sie auf der Infoseite von OLIMAR ver\u00f6ffentlichen zu lassen und ein umfassendes, realistisches Bild der Lage auf Madeira wiederzugeben.<\/p>\n<p style=\"text-align: justify;\"><img loading=\"lazy\" decoding=\"async\" class=\"alignleft size-full wp-image-5755\" src=\"https:\/\/blog.olimar.de\/wp-content\/uploads\/2016\/08\/Karte-Madeira-Brandherde-160811-12.jpg\" alt=\"Karte-Madeira-Brandherde-160811-12\" width=\"937\" height=\"457\" srcset=\"https:\/\/blog.olimar.de\/wp-content\/uploads\/2016\/08\/Karte-Madeira-Brandherde-160811-12.jpg 937w, https:\/\/blog.olimar.de\/wp-content\/uploads\/2016\/08\/Karte-Madeira-Brandherde-160811-12-300x146.jpg 300w, https:\/\/blog.olimar.de\/wp-content\/uploads\/2016\/08\/Karte-Madeira-Brandherde-160811-12-768x375.jpg 768w\" sizes=\"auto, (max-width: 937px) 100vw, 937px\" \/><\/p>\n<p style=\"text-align: justify;\"><img loading=\"lazy\" decoding=\"async\" class=\"alignleft size-large wp-image-5722\" src=\"https:\/\/blog.olimar.de\/wp-content\/uploads\/2016\/08\/Prazeres-1024x683.jpg\" alt=\"Prazeres\" width=\"840\" height=\"560\" srcset=\"https:\/\/blog.olimar.de\/wp-content\/uploads\/2016\/08\/Prazeres-1024x683.jpg 1024w, https:\/\/blog.olimar.de\/wp-content\/uploads\/2016\/08\/Prazeres-300x200.jpg 300w, https:\/\/blog.olimar.de\/wp-content\/uploads\/2016\/08\/Prazeres-768x512.jpg 768w, https:\/\/blog.olimar.de\/wp-content\/uploads\/2016\/08\/Prazeres-840x560.jpg 840w, https:\/\/blog.olimar.de\/wp-content\/uploads\/2016\/08\/Prazeres-1200x800.jpg 1200w\" sizes=\"auto, (max-width: 840px) 100vw, 840px\" \/><br \/><img loading=\"lazy\" decoding=\"async\" class=\"alignleft size-large wp-image-5728\" src=\"https:\/\/blog.olimar.de\/wp-content\/uploads\/2016\/08\/Quinta-1024x683.jpg\" alt=\"Quinta\" width=\"840\" height=\"560\" srcset=\"https:\/\/blog.olimar.de\/wp-content\/uploads\/2016\/08\/Quinta-1024x683.jpg 1024w, https:\/\/blog.olimar.de\/wp-content\/uploads\/2016\/08\/Quinta-300x200.jpg 300w, https:\/\/blog.olimar.de\/wp-content\/uploads\/2016\/08\/Quinta-768x512.jpg 768w, https:\/\/blog.olimar.de\/wp-content\/uploads\/2016\/08\/Quinta-840x560.jpg 840w, https:\/\/blog.olimar.de\/wp-content\/uploads\/2016\/08\/Quinta-1200x800.jpg 1200w\" sizes=\"auto, (max-width: 840px) 100vw, 840px\" \/><img loading=\"lazy\" decoding=\"async\" class=\"alignleft size-large wp-image-5727\" src=\"https:\/\/blog.olimar.de\/wp-content\/uploads\/2016\/08\/Madalena-Mar-1024x683.jpg\" alt=\"Madalena-Mar\" width=\"840\" height=\"560\" srcset=\"https:\/\/blog.olimar.de\/wp-content\/uploads\/2016\/08\/Madalena-Mar-1024x683.jpg 1024w, https:\/\/blog.olimar.de\/wp-content\/uploads\/2016\/08\/Madalena-Mar-300x200.jpg 300w, https:\/\/blog.olimar.de\/wp-content\/uploads\/2016\/08\/Madalena-Mar-768x512.jpg 768w, https:\/\/blog.olimar.de\/wp-content\/uploads\/2016\/08\/Madalena-Mar-840x560.jpg 840w, https:\/\/blog.olimar.de\/wp-content\/uploads\/2016\/08\/Madalena-Mar-1200x800.jpg 1200w\" sizes=\"auto, (max-width: 840px) 100vw, 840px\" \/><\/p>\n<p style=\"text-align: justify;\">Denn leider wurde in den deutschen Medien ein v\u00f6llig falsches Bild dargestellt. Nach wie vor wurden dort &#8211; veraltete! &#8211; Bilder von brennenden H\u00e4usern und Menschen in Panik gezeigt. Die Verunsicherung der Kunden, die in den kommenden Wochen und sogar Monaten nach Madeira reisen wollten war daher weiterhin &#8211; v\u00f6llig zu Unrecht &#8211; gro\u00df.<\/p>\n<p style=\"text-align: justify;\"><span class=\"dropcap\">H<\/span>eute, rund 10 Tage nach der verheerenden und in der Tat bedrohlichen Brand-Nacht auf Madeira kann ich, die vor Ort lebt, sagen: Es gibt keinen Grund, von einem Urlaub auf dieser wunderbaren Insel Abstand zu nehmen oder sich wegen der Waldbr\u00e4nde auf Madeira um den anstehenden Urlaub zu sorgen. Bis auf 1-2 Wanderwege in den Bergen sind s\u00e4mtliche der typischen touristischen Aktivit\u00e4ten wieder uneingeschr\u00e4nkt ge\u00f6ffnet und nutzbar. In der Innenstadt Funchals ist von den Br\u00e4nden in den Bergh\u00e4ngen nichts zu bemerken. Den Tropischen Garten habe ich mir 2 Tage sp\u00e4ter selbst angesehen und er ist \u00fcppig gr\u00fcn wie eh und je. Auch der Botanische Garten blieb weitestgehend unversehrt, bis auf einen kleinen Teil am Rande.<\/p>\n<p style=\"text-align: justify;\">Einzig bei einer Fahrt mit der Seilbahn hoch nach Monte realisiert man, wie dramatisch die Situation f\u00fcr die Stadt Funchal in der Nacht auf den 10. August war: Man schwebt \u00fcber einige H\u00e4user, die deutliche Brandsch\u00e4den erlitten haben. Hier habe ich realisiert, wo viel Gl\u00fcck ich hatte und welch Leid andere Menschen ertragen m\u00fcssen.<\/p>\n<p style=\"text-align: justify;\">Eindr\u00fccke von meiner Seilbahnfahrt von Funchal hoch nach Monte (ein Klick auf die Bilder vergr\u00f6\u00dfert diese):<\/p>\n<div id='gallery-2' class='gallery galleryid-5684 gallery-columns-3 gallery-size-medium'><dl class='gallery-item'>\n\t\t\t<dt class='gallery-icon landscape'>\n\t\t\t\t<img loading=\"lazy\" decoding=\"async\" width=\"300\" height=\"200\" src=\"https:\/\/blog.olimar.de\/wp-content\/uploads\/2016\/08\/Seilbahn-Startpunkt-300x200.jpg\" class=\"attachment-medium size-medium\" alt=\"Seilbahn-Startpunkt\" srcset=\"https:\/\/blog.olimar.de\/wp-content\/uploads\/2016\/08\/Seilbahn-Startpunkt-300x200.jpg 300w, https:\/\/blog.olimar.de\/wp-content\/uploads\/2016\/08\/Seilbahn-Startpunkt-768x512.jpg 768w, https:\/\/blog.olimar.de\/wp-content\/uploads\/2016\/08\/Seilbahn-Startpunkt-1024x682.jpg 1024w, https:\/\/blog.olimar.de\/wp-content\/uploads\/2016\/08\/Seilbahn-Startpunkt-840x560.jpg 840w, https:\/\/blog.olimar.de\/wp-content\/uploads\/2016\/08\/Seilbahn-Startpunkt-1200x800.jpg 1200w, https:\/\/blog.olimar.de\/wp-content\/uploads\/2016\/08\/Seilbahn-Startpunkt.jpg 1600w\" sizes=\"auto, (max-width: 300px) 100vw, 300px\" \/>\n\t\t\t<\/dt><\/dl><dl class='gallery-item'>\n\t\t\t<dt class='gallery-icon landscape'>\n\t\t\t\t<img loading=\"lazy\" decoding=\"async\" width=\"300\" height=\"200\" src=\"https:\/\/blog.olimar.de\/wp-content\/uploads\/2016\/08\/Zerst\u00f6rte-H\u00e4user-300x200.jpg\" class=\"attachment-medium size-medium\" alt=\"Zerst\u00f6rte-H\u00e4user\" srcset=\"https:\/\/blog.olimar.de\/wp-content\/uploads\/2016\/08\/Zerst\u00f6rte-H\u00e4user-300x200.jpg 300w, https:\/\/blog.olimar.de\/wp-content\/uploads\/2016\/08\/Zerst\u00f6rte-H\u00e4user-768x512.jpg 768w, https:\/\/blog.olimar.de\/wp-content\/uploads\/2016\/08\/Zerst\u00f6rte-H\u00e4user-1024x682.jpg 1024w, https:\/\/blog.olimar.de\/wp-content\/uploads\/2016\/08\/Zerst\u00f6rte-H\u00e4user-840x560.jpg 840w, https:\/\/blog.olimar.de\/wp-content\/uploads\/2016\/08\/Zerst\u00f6rte-H\u00e4user-1200x800.jpg 1200w, https:\/\/blog.olimar.de\/wp-content\/uploads\/2016\/08\/Zerst\u00f6rte-H\u00e4user.jpg 1600w\" sizes=\"auto, (max-width: 300px) 100vw, 300px\" \/>\n\t\t\t<\/dt><\/dl><dl class='gallery-item'>\n\t\t\t<dt class='gallery-icon landscape'>\n\t\t\t\t<img loading=\"lazy\" decoding=\"async\" width=\"300\" height=\"200\" src=\"https:\/\/blog.olimar.de\/wp-content\/uploads\/2016\/08\/Zerst\u00f6rte-H\u00e4user-2-300x200.jpg\" class=\"attachment-medium size-medium\" alt=\"Zerst\u00f6rte H\u00e4user Madeira\" srcset=\"https:\/\/blog.olimar.de\/wp-content\/uploads\/2016\/08\/Zerst\u00f6rte-H\u00e4user-2-300x200.jpg 300w, https:\/\/blog.olimar.de\/wp-content\/uploads\/2016\/08\/Zerst\u00f6rte-H\u00e4user-2-768x512.jpg 768w, https:\/\/blog.olimar.de\/wp-content\/uploads\/2016\/08\/Zerst\u00f6rte-H\u00e4user-2-1024x682.jpg 1024w, https:\/\/blog.olimar.de\/wp-content\/uploads\/2016\/08\/Zerst\u00f6rte-H\u00e4user-2-840x560.jpg 840w, https:\/\/blog.olimar.de\/wp-content\/uploads\/2016\/08\/Zerst\u00f6rte-H\u00e4user-2-1200x800.jpg 1200w, https:\/\/blog.olimar.de\/wp-content\/uploads\/2016\/08\/Zerst\u00f6rte-H\u00e4user-2.jpg 1600w\" sizes=\"auto, (max-width: 300px) 100vw, 300px\" \/>\n\t\t\t<\/dt><\/dl><br style=\"clear: both\" \/><dl class='gallery-item'>\n\t\t\t<dt class='gallery-icon landscape'>\n\t\t\t\t<img loading=\"lazy\" decoding=\"async\" width=\"300\" height=\"200\" src=\"https:\/\/blog.olimar.de\/wp-content\/uploads\/2016\/08\/Br\u00e4nde-Hang-300x200.jpg\" class=\"attachment-medium size-medium\" alt=\"Br\u00e4nde-Hang\" srcset=\"https:\/\/blog.olimar.de\/wp-content\/uploads\/2016\/08\/Br\u00e4nde-Hang-300x200.jpg 300w, https:\/\/blog.olimar.de\/wp-content\/uploads\/2016\/08\/Br\u00e4nde-Hang-768x512.jpg 768w, https:\/\/blog.olimar.de\/wp-content\/uploads\/2016\/08\/Br\u00e4nde-Hang-1024x682.jpg 1024w, https:\/\/blog.olimar.de\/wp-content\/uploads\/2016\/08\/Br\u00e4nde-Hang-840x560.jpg 840w, https:\/\/blog.olimar.de\/wp-content\/uploads\/2016\/08\/Br\u00e4nde-Hang-1200x800.jpg 1200w, https:\/\/blog.olimar.de\/wp-content\/uploads\/2016\/08\/Br\u00e4nde-Hang.jpg 1600w\" sizes=\"auto, (max-width: 300px) 100vw, 300px\" \/>\n\t\t\t<\/dt><\/dl><dl class='gallery-item'>\n\t\t\t<dt class='gallery-icon landscape'>\n\t\t\t\t<img loading=\"lazy\" decoding=\"async\" width=\"300\" height=\"200\" src=\"https:\/\/blog.olimar.de\/wp-content\/uploads\/2016\/08\/Abgedeckte-H\u00e4user-300x200.jpg\" class=\"attachment-medium size-medium\" alt=\"Abgedeckte-H\u00e4user\" srcset=\"https:\/\/blog.olimar.de\/wp-content\/uploads\/2016\/08\/Abgedeckte-H\u00e4user-300x200.jpg 300w, https:\/\/blog.olimar.de\/wp-content\/uploads\/2016\/08\/Abgedeckte-H\u00e4user-768x512.jpg 768w, https:\/\/blog.olimar.de\/wp-content\/uploads\/2016\/08\/Abgedeckte-H\u00e4user-1024x682.jpg 1024w, https:\/\/blog.olimar.de\/wp-content\/uploads\/2016\/08\/Abgedeckte-H\u00e4user-840x560.jpg 840w, https:\/\/blog.olimar.de\/wp-content\/uploads\/2016\/08\/Abgedeckte-H\u00e4user-1200x800.jpg 1200w, https:\/\/blog.olimar.de\/wp-content\/uploads\/2016\/08\/Abgedeckte-H\u00e4user.jpg 1600w\" sizes=\"auto, (max-width: 300px) 100vw, 300px\" \/>\n\t\t\t<\/dt><\/dl><dl class='gallery-item'>\n\t\t\t<dt class='gallery-icon landscape'>\n\t\t\t\t<img loading=\"lazy\" decoding=\"async\" width=\"300\" height=\"200\" src=\"https:\/\/blog.olimar.de\/wp-content\/uploads\/2016\/08\/Tropischer-Garten-300x200.jpg\" class=\"attachment-medium size-medium\" alt=\"Tropischer-Garten\" srcset=\"https:\/\/blog.olimar.de\/wp-content\/uploads\/2016\/08\/Tropischer-Garten-300x200.jpg 300w, https:\/\/blog.olimar.de\/wp-content\/uploads\/2016\/08\/Tropischer-Garten-768x512.jpg 768w, https:\/\/blog.olimar.de\/wp-content\/uploads\/2016\/08\/Tropischer-Garten-1024x682.jpg 1024w, https:\/\/blog.olimar.de\/wp-content\/uploads\/2016\/08\/Tropischer-Garten-840x560.jpg 840w, https:\/\/blog.olimar.de\/wp-content\/uploads\/2016\/08\/Tropischer-Garten-1200x800.jpg 1200w, https:\/\/blog.olimar.de\/wp-content\/uploads\/2016\/08\/Tropischer-Garten.jpg 1600w\" sizes=\"auto, (max-width: 300px) 100vw, 300px\" \/>\n\t\t\t<\/dt><\/dl><br style=\"clear: both\" \/>\n\t\t<\/div>\n\n<p style=\"text-align: justify;\">Aber diese Erfahrung hat auch positive Seiten! Der Zusammenhalt auf dieser kleinen Insel ist unwahrscheinlich gro\u00df! Nahezu jeder hat irgendeine Unterst\u00fctzung geleistet, Geld, Kleidung, Lebensmittel zum Roten Kreuz gebracht. Einige Restaurants haben die Feuerwehr \u00fcber Tage mit kostenfreien Mahlzeiten versorgt und dazu \u00fcber die sozialen Medien Helfer erreicht, um die Mahlzeiten zuzubereiten. Am vergangenen Wochenende kamen tausende Einwohner im Zentrum zusammen, um den Feuerwehrleuten zu danken. Ein G\u00e4nsehautmoment! Madeira steht zusammen und alle sind sich einig: Die Insel ist genauso sch\u00f6n, blumenreich und liebens- sowie sehenswert wie zuvor!<\/p>\n\n\n<div class=\"wp-block-buttons is-layout-flex wp-block-buttons-is-layout-flex\">\n<div class=\"wp-block-button\"><a class=\"wp-block-button__link wp-element-button\" href=\"https:\/\/www.olimar.de\/portugal\/madeira\/\" target=\"_blank\" rel=\"noreferrer noopener\">Reisen nach Madeira<\/a><\/div>\n<\/div>\n","protected":false},"excerpt":{"rendered":"<p>Im August haben Waldbr\u00e4nde auf Madeira die gesamte Insel f\u00fcr einige Tage in Atem gehalten. Da die Situation in den deutschen Medien teils sehr verz\u00f6gert und teils viel zu dramatisch dargestellt wurde, gebe ich nachfolgend einen Eindruck davon, wie die Lage sich vor Ort tats\u00e4chlich dargestellt hat und ob es \u00fcberhaupt negative Folgen\/Auswirkungen gibt, mit denen Urlauber auf Madeira nun zu rechnen haben (um es vorweg zu nehmen: nein!). Bereits am 8. August wurde in den Nachrichten auf Madeira vom Ausbruch der ersten Feuer bei Funchal S\u00e3o Roque berichtet. Beim Joggen in Funchal am Abend sah man die ersten leichten Rauchwolken &hellip;<\/p>\n","protected":false},"author":41,"featured_media":5731,"comment_status":"open","ping_status":"open","sticky":false,"template":"","format":"standard","meta":{"_crdt_document":"","_lmt_disableupdate":"","_lmt_disable":"","footnotes":""},"categories":[33,31],"tags":[21,34],"class_list":["post-5684","post","type-post","status-publish","format-standard","has-post-thumbnail","hentry","category-hinter-den-kulissen","category-land-leute","tag-madeira","tag-portugal"],"yoast_head":"<!-- This site is optimized with the Yoast SEO plugin v26.9 - https:\/\/yoast.com\/product\/yoast-seo-wordpress\/ -->\n<title>Waldbr\u00e4nde auf Madeira - kein Grund mehr zur Sorge<\/title>\n<meta name=\"description\" content=\"Unsere Autorin berichtet \u00fcber die Waldbr\u00e4nde auf Madeira im August und davon, dass sich die Lage f\u00fcr Touristen sehr schnell wieder normalisiert hat.\" \/>\n<meta name=\"robots\" content=\"index, follow, max-snippet:-1, max-image-preview:large, max-video-preview:-1\" \/>\n<link rel=\"canonical\" href=\"https:\/\/blog.olimar.de\/waldbraende-auf-madeira\/\" \/>\n<meta property=\"og:locale\" content=\"de_DE\" \/>\n<meta property=\"og:type\" content=\"article\" \/>\n<meta property=\"og:title\" content=\"Waldbr\u00e4nde auf Madeira - kein Grund mehr zur Sorge\" \/>\n<meta property=\"og:description\" content=\"Unsere Autorin berichtet \u00fcber die Waldbr\u00e4nde auf Madeira im August und davon, dass sich die Lage f\u00fcr Touristen sehr schnell wieder normalisiert hat.\" \/>\n<meta property=\"og:url\" content=\"https:\/\/blog.olimar.de\/waldbraende-auf-madeira\/\" \/>\n<meta property=\"article:publisher\" content=\"https:\/\/www.facebook.com\/OlimarReisen\" \/>\n<meta property=\"article:published_time\" content=\"2016-08-22T14:56:48+00:00\" \/>\n<meta property=\"article:modified_time\" content=\"2024-10-14T11:53:30+00:00\" \/>\n<meta property=\"og:image\" content=\"https:\/\/blog.olimar.de\/wp-content\/uploads\/2016\/08\/Funchal-tags\u00fcber.jpg\" \/>\n\t<meta property=\"og:image:width\" content=\"1600\" \/>\n\t<meta property=\"og:image:height\" content=\"1200\" \/>\n\t<meta property=\"og:image:type\" content=\"image\/jpeg\" \/>\n<meta name=\"author\" content=\"Angela W.\" \/>\n<meta name=\"twitter:label1\" content=\"Verfasst von\" \/>\n\t<meta name=\"twitter:data1\" content=\"Angela W.\" \/>\n\t<meta name=\"twitter:label2\" content=\"Gesch\u00e4tzte Lesezeit\" \/>\n\t<meta name=\"twitter:data2\" content=\"10\u00a0Minuten\" \/>\n<script type=\"application\/ld+json\" class=\"yoast-schema-graph\">{\"@context\":\"https:\/\/schema.org\",\"@graph\":[{\"@type\":\"WebPage\",\"@id\":\"https:\/\/blog.olimar.de\/waldbraende-auf-madeira\/\",\"url\":\"https:\/\/blog.olimar.de\/waldbraende-auf-madeira\/\",\"name\":\"Waldbr\u00e4nde auf Madeira - kein Grund mehr zur Sorge\",\"isPartOf\":{\"@id\":\"https:\/\/blog.olimar.de\/#website\"},\"primaryImageOfPage\":{\"@id\":\"https:\/\/blog.olimar.de\/waldbraende-auf-madeira\/#primaryimage\"},\"image\":{\"@id\":\"https:\/\/blog.olimar.de\/waldbraende-auf-madeira\/#primaryimage\"},\"thumbnailUrl\":\"https:\/\/blog.olimar.de\/wp-content\/uploads\/2016\/08\/Funchal-tags\u00fcber.jpg\",\"datePublished\":\"2016-08-22T14:56:48+00:00\",\"dateModified\":\"2024-10-14T11:53:30+00:00\",\"description\":\"Unsere Autorin berichtet \u00fcber die Waldbr\u00e4nde auf Madeira im August und davon, dass sich die Lage f\u00fcr Touristen sehr schnell wieder normalisiert hat.\",\"breadcrumb\":{\"@id\":\"https:\/\/blog.olimar.de\/waldbraende-auf-madeira\/#breadcrumb\"},\"inLanguage\":\"de\",\"potentialAction\":[{\"@type\":\"ReadAction\",\"target\":[\"https:\/\/blog.olimar.de\/waldbraende-auf-madeira\/\"]}]},{\"@type\":\"ImageObject\",\"inLanguage\":\"de\",\"@id\":\"https:\/\/blog.olimar.de\/waldbraende-auf-madeira\/#primaryimage\",\"url\":\"https:\/\/blog.olimar.de\/wp-content\/uploads\/2016\/08\/Funchal-tags\u00fcber.jpg\",\"contentUrl\":\"https:\/\/blog.olimar.de\/wp-content\/uploads\/2016\/08\/Funchal-tags\u00fcber.jpg\",\"width\":1600,\"height\":1200,\"caption\":\"Wolkenwand Funchal\"},{\"@type\":\"BreadcrumbList\",\"@id\":\"https:\/\/blog.olimar.de\/waldbraende-auf-madeira\/#breadcrumb\",\"itemListElement\":[{\"@type\":\"ListItem\",\"position\":1,\"name\":\"Home\",\"item\":\"https:\/\/blog.olimar.de\/\"},{\"@type\":\"ListItem\",\"position\":2,\"name\":\"Madeira\",\"item\":\"https:\/\/blog.olimar.de\/tag\/madeira\/\"},{\"@type\":\"ListItem\",\"position\":3,\"name\":\"Waldbr\u00e4nde auf Madeira &#8211; kein Grund mehr zur Sorge\"}]},{\"@type\":\"WebSite\",\"@id\":\"https:\/\/blog.olimar.de\/#website\",\"url\":\"https:\/\/blog.olimar.de\/\",\"name\":\"OLIMAR.com\",\"description\":\"\",\"publisher\":{\"@id\":\"https:\/\/blog.olimar.de\/#organization\"},\"potentialAction\":[{\"@type\":\"SearchAction\",\"target\":{\"@type\":\"EntryPoint\",\"urlTemplate\":\"https:\/\/blog.olimar.de\/?s={search_term_string}\"},\"query-input\":{\"@type\":\"PropertyValueSpecification\",\"valueRequired\":true,\"valueName\":\"search_term_string\"}}],\"inLanguage\":\"de\"},{\"@type\":\"Organization\",\"@id\":\"https:\/\/blog.olimar.de\/#organization\",\"name\":\"OLIMAR Reisen\",\"url\":\"https:\/\/blog.olimar.de\/\",\"logo\":{\"@type\":\"ImageObject\",\"inLanguage\":\"de\",\"@id\":\"https:\/\/blog.olimar.de\/#\/schema\/logo\/image\/\",\"url\":\"https:\/\/blog.olimar.de\/wp-content\/uploads\/2021\/01\/OLIMAR_Logo_COLOR.png\",\"contentUrl\":\"https:\/\/blog.olimar.de\/wp-content\/uploads\/2021\/01\/OLIMAR_Logo_COLOR.png\",\"width\":2000,\"height\":986,\"caption\":\"OLIMAR Reisen\"},\"image\":{\"@id\":\"https:\/\/blog.olimar.de\/#\/schema\/logo\/image\/\"},\"sameAs\":[\"https:\/\/www.facebook.com\/OlimarReisen\",\"https:\/\/x.com\/olimarrreisen\",\"https:\/\/www.instagram.com\/olimarreisen\",\"https:\/\/www.youtube.com\/user\/olimarreisen\"]}]}<\/script>\n<!-- \/ Yoast SEO plugin. -->","yoast_head_json":{"title":"Waldbr\u00e4nde auf Madeira - kein Grund mehr zur Sorge","description":"Unsere Autorin berichtet \u00fcber die Waldbr\u00e4nde auf Madeira im August und davon, dass sich die Lage f\u00fcr Touristen sehr schnell wieder normalisiert hat.","robots":{"index":"index","follow":"follow","max-snippet":"max-snippet:-1","max-image-preview":"max-image-preview:large","max-video-preview":"max-video-preview:-1"},"canonical":"https:\/\/blog.olimar.de\/waldbraende-auf-madeira\/","og_locale":"de_DE","og_type":"article","og_title":"Waldbr\u00e4nde auf Madeira - kein Grund mehr zur Sorge","og_description":"Unsere Autorin berichtet \u00fcber die Waldbr\u00e4nde auf Madeira im August und davon, dass sich die Lage f\u00fcr Touristen sehr schnell wieder normalisiert hat.","og_url":"https:\/\/blog.olimar.de\/waldbraende-auf-madeira\/","article_publisher":"https:\/\/www.facebook.com\/OlimarReisen","article_published_time":"2016-08-22T14:56:48+00:00","article_modified_time":"2024-10-14T11:53:30+00:00","og_image":[{"width":1600,"height":1200,"url":"https:\/\/blog.olimar.de\/wp-content\/uploads\/2016\/08\/Funchal-tags\u00fcber.jpg","type":"image\/jpeg"}],"author":"Angela W.","twitter_misc":{"Verfasst von":"Angela W.","Gesch\u00e4tzte Lesezeit":"10\u00a0Minuten"},"schema":{"@context":"https:\/\/schema.org","@graph":[{"@type":"WebPage","@id":"https:\/\/blog.olimar.de\/waldbraende-auf-madeira\/","url":"https:\/\/blog.olimar.de\/waldbraende-auf-madeira\/","name":"Waldbr\u00e4nde auf Madeira - kein Grund mehr zur Sorge","isPartOf":{"@id":"https:\/\/blog.olimar.de\/#website"},"primaryImageOfPage":{"@id":"https:\/\/blog.olimar.de\/waldbraende-auf-madeira\/#primaryimage"},"image":{"@id":"https:\/\/blog.olimar.de\/waldbraende-auf-madeira\/#primaryimage"},"thumbnailUrl":"https:\/\/blog.olimar.de\/wp-content\/uploads\/2016\/08\/Funchal-tags\u00fcber.jpg","datePublished":"2016-08-22T14:56:48+00:00","dateModified":"2024-10-14T11:53:30+00:00","description":"Unsere Autorin berichtet \u00fcber die Waldbr\u00e4nde auf Madeira im August und davon, dass sich die Lage f\u00fcr Touristen sehr schnell wieder normalisiert hat.","breadcrumb":{"@id":"https:\/\/blog.olimar.de\/waldbraende-auf-madeira\/#breadcrumb"},"inLanguage":"de","potentialAction":[{"@type":"ReadAction","target":["https:\/\/blog.olimar.de\/waldbraende-auf-madeira\/"]}]},{"@type":"ImageObject","inLanguage":"de","@id":"https:\/\/blog.olimar.de\/waldbraende-auf-madeira\/#primaryimage","url":"https:\/\/blog.olimar.de\/wp-content\/uploads\/2016\/08\/Funchal-tags\u00fcber.jpg","contentUrl":"https:\/\/blog.olimar.de\/wp-content\/uploads\/2016\/08\/Funchal-tags\u00fcber.jpg","width":1600,"height":1200,"caption":"Wolkenwand Funchal"},{"@type":"BreadcrumbList","@id":"https:\/\/blog.olimar.de\/waldbraende-auf-madeira\/#breadcrumb","itemListElement":[{"@type":"ListItem","position":1,"name":"Home","item":"https:\/\/blog.olimar.de\/"},{"@type":"ListItem","position":2,"name":"Madeira","item":"https:\/\/blog.olimar.de\/tag\/madeira\/"},{"@type":"ListItem","position":3,"name":"Waldbr\u00e4nde auf Madeira &#8211; kein Grund mehr zur Sorge"}]},{"@type":"WebSite","@id":"https:\/\/blog.olimar.de\/#website","url":"https:\/\/blog.olimar.de\/","name":"OLIMAR.com","description":"","publisher":{"@id":"https:\/\/blog.olimar.de\/#organization"},"potentialAction":[{"@type":"SearchAction","target":{"@type":"EntryPoint","urlTemplate":"https:\/\/blog.olimar.de\/?s={search_term_string}"},"query-input":{"@type":"PropertyValueSpecification","valueRequired":true,"valueName":"search_term_string"}}],"inLanguage":"de"},{"@type":"Organization","@id":"https:\/\/blog.olimar.de\/#organization","name":"OLIMAR Reisen","url":"https:\/\/blog.olimar.de\/","logo":{"@type":"ImageObject","inLanguage":"de","@id":"https:\/\/blog.olimar.de\/#\/schema\/logo\/image\/","url":"https:\/\/blog.olimar.de\/wp-content\/uploads\/2021\/01\/OLIMAR_Logo_COLOR.png","contentUrl":"https:\/\/blog.olimar.de\/wp-content\/uploads\/2021\/01\/OLIMAR_Logo_COLOR.png","width":2000,"height":986,"caption":"OLIMAR Reisen"},"image":{"@id":"https:\/\/blog.olimar.de\/#\/schema\/logo\/image\/"},"sameAs":["https:\/\/www.facebook.com\/OlimarReisen","https:\/\/x.com\/olimarrreisen","https:\/\/www.instagram.com\/olimarreisen","https:\/\/www.youtube.com\/user\/olimarreisen"]}]}},"modified_by":"Julia Windh\u00f6vel","jetpack_featured_media_url":"https:\/\/blog.olimar.de\/wp-content\/uploads\/2016\/08\/Funchal-tags\u00fcber.jpg","_links":{"self":[{"href":"https:\/\/blog.olimar.de\/wp-json\/wp\/v2\/posts\/5684","targetHints":{"allow":["GET"]}}],"collection":[{"href":"https:\/\/blog.olimar.de\/wp-json\/wp\/v2\/posts"}],"about":[{"href":"https:\/\/blog.olimar.de\/wp-json\/wp\/v2\/types\/post"}],"author":[{"embeddable":true,"href":"https:\/\/blog.olimar.de\/wp-json\/wp\/v2\/users\/41"}],"replies":[{"embeddable":true,"href":"https:\/\/blog.olimar.de\/wp-json\/wp\/v2\/comments?post=5684"}],"version-history":[{"count":30,"href":"https:\/\/blog.olimar.de\/wp-json\/wp\/v2\/posts\/5684\/revisions"}],"predecessor-version":[{"id":27957,"href":"https:\/\/blog.olimar.de\/wp-json\/wp\/v2\/posts\/5684\/revisions\/27957"}],"wp:featuredmedia":[{"embeddable":true,"href":"https:\/\/blog.olimar.de\/wp-json\/wp\/v2\/media\/5731"}],"wp:attachment":[{"href":"https:\/\/blog.olimar.de\/wp-json\/wp\/v2\/media?parent=5684"}],"wp:term":[{"taxonomy":"category","embeddable":true,"href":"https:\/\/blog.olimar.de\/wp-json\/wp\/v2\/categories?post=5684"},{"taxonomy":"post_tag","embeddable":true,"href":"https:\/\/blog.olimar.de\/wp-json\/wp\/v2\/tags?post=5684"}],"curies":[{"name":"wp","href":"https:\/\/api.w.org\/{rel}","templated":true}]}}