{"id":5827,"date":"2016-09-02T17:15:46","date_gmt":"2016-09-02T15:15:46","guid":{"rendered":"https:\/\/blog.olimar.de\/?p=5827"},"modified":"2024-11-21T13:19:58","modified_gmt":"2024-11-21T12:19:58","slug":"wellness-urlaub-im-winter","status":"publish","type":"post","link":"https:\/\/blog.olimar.de\/wellness-urlaub-im-winter\/","title":{"rendered":"Die sch\u00f6nsten Hotels f\u00fcr einen Wellness-Urlaub im Winter"},"content":{"rendered":"<p class=\"intro\" style=\"text-align: justify;\"><strong>Baden, saunieren, entspannen und sich verw\u00f6hnen lassen: Wir zeigen, in welchen Hotels in S\u00fcdeuropa Wellness-Urlaub im Winter und Fr\u00fchjahr besonders gut funktioniert.<\/strong> <strong>Ein Kurz-Urlaub wirkt wie eine Kur f\u00fcr K\u00f6rper und Seele \u2013 vor allem, wenn man ihn in einem Wellness-Hotel verbringt. Verschiedene Pools, Saunen, Dampfb\u00e4der, Massagen, Beauty-Kuren, gesunde Ern\u00e4hrung: Das Verw\u00f6hn-Angebot ist meist vielf\u00e4ltig!<br \/>\n<\/strong><\/p>\n<h2 style=\"text-align: justify;\"><strong>Wellness-Urlaub an der Algarve: Fr\u00fchling im Winter<\/strong><\/h2>\n<p style=\"text-align: justify;\">Die <a href=\"https:\/\/www.olimar.de\/portugal\/algarve\/\" target=\"_blank\" rel=\"noopener noreferrer\">Algarve<\/a> ist bekannt f\u00fcr ihre milden Temperaturen, bei denen es sich herrlich entspannt an ihren vielen Str\u00e4nden und der K\u00fcstenwanderwege entlang spazieren l\u00e4sst. Zahlreiche Resorts an der K\u00fcstenlinie (z. B. das <a href=\"https:\/\/www.olimar.de\/FAO536\/\" rel=\"noopener noreferrer\">Vilalara Thalassa Resort in Arma\u00e7\u00e3o de P\u00eara<\/a>) sind auf Wellness-G\u00e4ste eingestellt und bieten neben gro\u00dfen, einladenden Spa-Bereichen auch ein breites Angebot an Massagen und Sch\u00f6nheitskuren. Manche halten neben einem Fitness-Raum auch sanfte Sportprogramme im Freien f\u00fcr ihre G\u00e4ste bereit.<\/p>\n<div id='gallery-1' class='gallery galleryid-5827 gallery-columns-3 gallery-size-medium'><dl class='gallery-item'>\n\t\t\t<dt class='gallery-icon landscape'>\n\t\t\t\t<img loading=\"lazy\" decoding=\"async\" width=\"300\" height=\"200\" src=\"https:\/\/blog.olimar.de\/wp-content\/uploads\/2016\/08\/FAO536-p-Pool2016C-300x200.jpg\" class=\"attachment-medium size-medium\" alt=\"Blue&amp;Green Vilalara Thalassa Resort\" srcset=\"https:\/\/blog.olimar.de\/wp-content\/uploads\/2016\/08\/FAO536-p-Pool2016C-300x200.jpg 300w, https:\/\/blog.olimar.de\/wp-content\/uploads\/2016\/08\/FAO536-p-Pool2016C-768x512.jpg 768w, https:\/\/blog.olimar.de\/wp-content\/uploads\/2016\/08\/FAO536-p-Pool2016C-840x560.jpg 840w, https:\/\/blog.olimar.de\/wp-content\/uploads\/2016\/08\/FAO536-p-Pool2016C.jpg 1000w\" sizes=\"auto, (max-width: 300px) 100vw, 300px\" \/>\n\t\t\t<\/dt><\/dl><dl class='gallery-item'>\n\t\t\t<dt class='gallery-icon landscape'>\n\t\t\t\t<img loading=\"lazy\" decoding=\"async\" width=\"300\" height=\"200\" src=\"https:\/\/blog.olimar.de\/wp-content\/uploads\/2016\/08\/FAO536-a-Seaview2016B-300x200.jpg\" class=\"attachment-medium size-medium\" alt=\"Blue&amp;Green Vilalara Thalassa Resort\" srcset=\"https:\/\/blog.olimar.de\/wp-content\/uploads\/2016\/08\/FAO536-a-Seaview2016B-300x200.jpg 300w, https:\/\/blog.olimar.de\/wp-content\/uploads\/2016\/08\/FAO536-a-Seaview2016B-768x512.jpg 768w, https:\/\/blog.olimar.de\/wp-content\/uploads\/2016\/08\/FAO536-a-Seaview2016B-840x560.jpg 840w, https:\/\/blog.olimar.de\/wp-content\/uploads\/2016\/08\/FAO536-a-Seaview2016B.jpg 1000w\" sizes=\"auto, (max-width: 300px) 100vw, 300px\" \/>\n\t\t\t<\/dt><\/dl>\n\t\t\t<br style='clear: both' \/>\n\t\t<\/div>\n\n<p style=\"text-align: justify;\"><span class=\"dropcap\">I<\/span>deal f\u00fcr Urlauber, die Wellness mit einer Kur verbinden wollen, ist das seit Juni ge\u00f6ffnete Macdonald Monchique Resort &amp; Spa im Monchique-Gebirge. Oben in den Bergen gelegen, umgeben von einem Korkeichen-Wald und deshalb absolut ruhig, finden Ruhesuchende hier nicht nur einen Ort der Entspannung, sondern auch einen guten Startpunkt f\u00fcr Fahrradtouren und Wanderungen. Im luxuri\u00f6sen Sensorial Spa des Resorts sind Anwendungen mit der hauseigenen Naturkosmetiklinie m\u00f6glich. Die Produkte basieren auf dem aus der Region stammenden Thermalwasser, das durch seinen hohen pH-Wert eine entgiftende Wirkung hat. Die Anlage verf\u00fcgt auch \u00fcber ein Gesundheitszentrum mit deutschsprachigen \u00c4rzten.<\/p>\n<div id='gallery-2' class='gallery galleryid-5827 gallery-columns-3 gallery-size-medium'><dl class='gallery-item'>\n\t\t\t<dt class='gallery-icon landscape'>\n\t\t\t\t<img loading=\"lazy\" decoding=\"async\" width=\"300\" height=\"181\" src=\"https:\/\/blog.olimar.de\/wp-content\/uploads\/2016\/08\/FAO227-p-IndoorPoolOutdoorPool-2010-300x181.jpg\" class=\"attachment-medium size-medium\" alt=\"Pool Hotel Macdonald Monchique Resort &amp; Spa\" srcset=\"https:\/\/blog.olimar.de\/wp-content\/uploads\/2016\/08\/FAO227-p-IndoorPoolOutdoorPool-2010-300x181.jpg 300w, https:\/\/blog.olimar.de\/wp-content\/uploads\/2016\/08\/FAO227-p-IndoorPoolOutdoorPool-2010-768x464.jpg 768w, https:\/\/blog.olimar.de\/wp-content\/uploads\/2016\/08\/FAO227-p-IndoorPoolOutdoorPool-2010.jpg 1000w\" sizes=\"auto, (max-width: 300px) 100vw, 300px\" \/>\n\t\t\t<\/dt><\/dl><dl class='gallery-item'>\n\t\t\t<dt class='gallery-icon landscape'>\n\t\t\t\t<img loading=\"lazy\" decoding=\"async\" width=\"300\" height=\"205\" src=\"https:\/\/blog.olimar.de\/wp-content\/uploads\/2016\/08\/FAO227-w-SPATeaLounge-2010-300x205.jpg\" class=\"attachment-medium size-medium\" alt=\"Macdonald Monchique Resort &amp; Spa\" srcset=\"https:\/\/blog.olimar.de\/wp-content\/uploads\/2016\/08\/FAO227-w-SPATeaLounge-2010-300x205.jpg 300w, https:\/\/blog.olimar.de\/wp-content\/uploads\/2016\/08\/FAO227-w-SPATeaLounge-2010-768x525.jpg 768w, https:\/\/blog.olimar.de\/wp-content\/uploads\/2016\/08\/FAO227-w-SPATeaLounge-2010.jpg 1000w\" sizes=\"auto, (max-width: 300px) 100vw, 300px\" \/>\n\t\t\t<\/dt><\/dl><dl class='gallery-item'>\n\t\t\t<dt class='gallery-icon portrait'>\n\t\t\t\t<img loading=\"lazy\" decoding=\"async\" width=\"200\" height=\"300\" src=\"https:\/\/blog.olimar.de\/wp-content\/uploads\/2016\/08\/FAO227-x-SeaSaltsCitrus-200x300.jpg\" class=\"attachment-medium size-medium\" alt=\"Limetten Salz Peeling Wellness Anwendung im Hotel\" srcset=\"https:\/\/blog.olimar.de\/wp-content\/uploads\/2016\/08\/FAO227-x-SeaSaltsCitrus-200x300.jpg 200w, https:\/\/blog.olimar.de\/wp-content\/uploads\/2016\/08\/FAO227-x-SeaSaltsCitrus-768x1152.jpg 768w, https:\/\/blog.olimar.de\/wp-content\/uploads\/2016\/08\/FAO227-x-SeaSaltsCitrus-683x1024.jpg 683w, https:\/\/blog.olimar.de\/wp-content\/uploads\/2016\/08\/FAO227-x-SeaSaltsCitrus.jpg 1000w\" sizes=\"auto, (max-width: 200px) 100vw, 200px\" \/>\n\t\t\t<\/dt><\/dl><br style=\"clear: both\" \/>\n\t\t<\/div>\n\n<h3 style=\"text-align: justify;\"><\/h3>\n<h3 style=\"text-align: justify;\"><strong>Wellness-Urlaub auf Madeira: Stilvoll urlauben<\/strong><\/h3>\n<p style=\"text-align: justify;\">Eine\u00a0<a href=\"https:\/\/www.olimar.de\/portugal\/madeira\/\">Urlaub auf Madeira<\/a> hat sich in den letzten Jahren zu einer schicken Adresse f\u00fcr Wellnessliebhaber entwickelt (s. Artikel <a href=\"https:\/\/blog.olimar.de\/wellnessurlaub-madeira\/\">Voll im Trend: Wellnessurlaub auf Madeira<\/a>). Insbesondere in der Hauptstadt Funchal: Tags\u00fcber ein Besuch im Botanischen Garten oder eine Wandertour entlang der begr\u00fcnten Wasserkan\u00e4le, gegen Abend eine Auszeit im Spa mit fantastischem Blick auf den Atlantik \u2013 anschlie\u00dfend geht es zum Dinner am Hafen oder zu einem Fado-Abend. Auch das ist auf der vielseitigen, und nicht mehr nur bei Rentnern beliebten, Insel m\u00f6glich. Ausgezeichnete Wellnessbereiche bieten vor allem <a href=\"https:\/\/www.olimar.de\/fnc145\/\" rel=\"noopener noreferrer\">The Cliff Bay<\/a> (mit gro\u00dfem Garten und direktem Zugang zum Meer), das <a href=\"https:\/\/www.olimar.de\/fnc102\/\" rel=\"noopener noreferrer\">VIDAMAR Resort<\/a> (u. a. mit Sonnenterrasse, Innen- und Au\u00dfenpools sowie Thalasso-Anwendungen) und <a href=\"https:\/\/www.olimar.de\/fnc126\/\" rel=\"noopener noreferrer\">The Vine<\/a> (u. a. mit speziellen Behandlungen der Vinotherapie).<\/p>\n<div id='gallery-3' class='gallery galleryid-5827 gallery-columns-3 gallery-size-medium'><dl class='gallery-item'>\n\t\t\t<dt class='gallery-icon landscape'>\n\t\t\t\t<img loading=\"lazy\" decoding=\"async\" width=\"300\" height=\"200\" src=\"https:\/\/blog.olimar.de\/wp-content\/uploads\/2016\/08\/FNC145-w-WellnessAreaA-300x200.jpg\" class=\"attachment-medium size-medium\" alt=\"The Cliff Bay Hotel Madeira\" srcset=\"https:\/\/blog.olimar.de\/wp-content\/uploads\/2016\/08\/FNC145-w-WellnessAreaA-300x200.jpg 300w, https:\/\/blog.olimar.de\/wp-content\/uploads\/2016\/08\/FNC145-w-WellnessAreaA-768x513.jpg 768w, https:\/\/blog.olimar.de\/wp-content\/uploads\/2016\/08\/FNC145-w-WellnessAreaA-840x560.jpg 840w, https:\/\/blog.olimar.de\/wp-content\/uploads\/2016\/08\/FNC145-w-WellnessAreaA.jpg 1000w\" sizes=\"auto, (max-width: 300px) 100vw, 300px\" \/>\n\t\t\t<\/dt><\/dl><dl class='gallery-item'>\n\t\t\t<dt class='gallery-icon portrait'>\n\t\t\t\t<img loading=\"lazy\" decoding=\"async\" width=\"199\" height=\"300\" src=\"https:\/\/blog.olimar.de\/wp-content\/uploads\/2016\/08\/FNC145-x-Lounge-199x300.jpg\" class=\"attachment-medium size-medium\" alt=\"Terrasse - The Cliff Bay\" srcset=\"https:\/\/blog.olimar.de\/wp-content\/uploads\/2016\/08\/FNC145-x-Lounge-199x300.jpg 199w, https:\/\/blog.olimar.de\/wp-content\/uploads\/2016\/08\/FNC145-x-Lounge-768x1156.jpg 768w, https:\/\/blog.olimar.de\/wp-content\/uploads\/2016\/08\/FNC145-x-Lounge-680x1024.jpg 680w, https:\/\/blog.olimar.de\/wp-content\/uploads\/2016\/08\/FNC145-x-Lounge.jpg 1000w\" sizes=\"auto, (max-width: 199px) 100vw, 199px\" \/>\n\t\t\t<\/dt><\/dl><dl class='gallery-item'>\n\t\t\t<dt class='gallery-icon landscape'>\n\t\t\t\t<img loading=\"lazy\" decoding=\"async\" width=\"300\" height=\"200\" src=\"https:\/\/blog.olimar.de\/wp-content\/uploads\/2016\/08\/FNC102-w-SpaB-300x200.jpg\" class=\"attachment-medium size-medium\" alt=\"Wellness-Liegen VIDAMAR Resorts Madeira\" srcset=\"https:\/\/blog.olimar.de\/wp-content\/uploads\/2016\/08\/FNC102-w-SpaB-300x200.jpg 300w, https:\/\/blog.olimar.de\/wp-content\/uploads\/2016\/08\/FNC102-w-SpaB-768x512.jpg 768w, https:\/\/blog.olimar.de\/wp-content\/uploads\/2016\/08\/FNC102-w-SpaB-840x560.jpg 840w, https:\/\/blog.olimar.de\/wp-content\/uploads\/2016\/08\/FNC102-w-SpaB.jpg 1000w\" sizes=\"auto, (max-width: 300px) 100vw, 300px\" \/>\n\t\t\t<\/dt><\/dl><br style=\"clear: both\" \/><dl class='gallery-item'>\n\t\t\t<dt class='gallery-icon landscape'>\n\t\t\t\t<img loading=\"lazy\" decoding=\"async\" width=\"300\" height=\"194\" src=\"https:\/\/blog.olimar.de\/wp-content\/uploads\/2016\/08\/FNC102-p-PoolSeaviewC-300x194.jpg\" class=\"attachment-medium size-medium\" alt=\"Terrasse Pools VIDAMAR Resorts Madeira\" srcset=\"https:\/\/blog.olimar.de\/wp-content\/uploads\/2016\/08\/FNC102-p-PoolSeaviewC-300x194.jpg 300w, https:\/\/blog.olimar.de\/wp-content\/uploads\/2016\/08\/FNC102-p-PoolSeaviewC-768x496.jpg 768w, https:\/\/blog.olimar.de\/wp-content\/uploads\/2016\/08\/FNC102-p-PoolSeaviewC.jpg 1000w\" sizes=\"auto, (max-width: 300px) 100vw, 300px\" \/>\n\t\t\t<\/dt><\/dl><dl class='gallery-item'>\n\t\t\t<dt class='gallery-icon landscape'>\n\t\t\t\t<img loading=\"lazy\" decoding=\"async\" width=\"300\" height=\"223\" src=\"https:\/\/blog.olimar.de\/wp-content\/uploads\/2016\/08\/FNC126-x-PoolDachterrasseC-300x223.jpg\" class=\"attachment-medium size-medium\" alt=\"Pool mit Jacuzzi im The Vine\" srcset=\"https:\/\/blog.olimar.de\/wp-content\/uploads\/2016\/08\/FNC126-x-PoolDachterrasseC-300x223.jpg 300w, https:\/\/blog.olimar.de\/wp-content\/uploads\/2016\/08\/FNC126-x-PoolDachterrasseC-768x571.jpg 768w, https:\/\/blog.olimar.de\/wp-content\/uploads\/2016\/08\/FNC126-x-PoolDachterrasseC.jpg 1000w\" sizes=\"auto, (max-width: 300px) 100vw, 300px\" \/>\n\t\t\t<\/dt><\/dl><dl class='gallery-item'>\n\t\t\t<dt class='gallery-icon landscape'>\n\t\t\t\t<img loading=\"lazy\" decoding=\"async\" width=\"300\" height=\"212\" src=\"https:\/\/blog.olimar.de\/wp-content\/uploads\/2016\/08\/FNC126-w-DivineSpa2-2009-300x212.jpg\" class=\"attachment-medium size-medium\" alt=\"Wellnesshotel Badewanne The Vine\" srcset=\"https:\/\/blog.olimar.de\/wp-content\/uploads\/2016\/08\/FNC126-w-DivineSpa2-2009-300x212.jpg 300w, https:\/\/blog.olimar.de\/wp-content\/uploads\/2016\/08\/FNC126-w-DivineSpa2-2009-768x541.jpg 768w, https:\/\/blog.olimar.de\/wp-content\/uploads\/2016\/08\/FNC126-w-DivineSpa2-2009.jpg 1000w\" sizes=\"auto, (max-width: 300px) 100vw, 300px\" \/>\n\t\t\t<\/dt><\/dl><br style=\"clear: both\" \/>\n\t\t<\/div>\n\n<p><span class=\"dropcap\">W<\/span>er zum Baden einen echten Traumstrand erleben will, unternimmt per Kurzflug oder F\u00e4hre einen Ausflug zur Nachbarinsel <a href=\"https:\/\/www.olimar.de\/portugal\/porto-santo\/\" rel=\"noopener noreferrer\">Porto Santo<\/a>. Dem dortigen, mineralhaltigen Sand wird eine heilende Wirkung zugesprochen, insbesondere bei Rheuma-, Muskel- oder Hauterkrankungen. Im Geomedicine Centre &amp; Spa des <a href=\"https:\/\/www.olimar.de\/pxo502\/\" rel=\"noopener noreferrer\">Porto Santo Hotel<\/a> sind verschiedene Therapiesitzungen mit hei\u00dfem Sand m\u00f6glich. Einen Transfer dorthin organisiert das <a href=\"https:\/\/www.olimar.de\/pxo504\/\" rel=\"noopener noreferrer\">Vila Baleira &#8211; Hotel Resort &amp; Thalasso Spa<\/a>, das \u00fcberdies selbst einen Thalasso-Zirkel im hauseigenen Wellnessbereich empfehlen kann.<\/p>\n<div id='gallery-4' class='gallery galleryid-5827 gallery-columns-3 gallery-size-medium'><dl class='gallery-item'>\n\t\t\t<dt class='gallery-icon landscape'>\n\t\t\t\t<img loading=\"lazy\" decoding=\"async\" width=\"300\" height=\"200\" src=\"https:\/\/blog.olimar.de\/wp-content\/uploads\/2016\/08\/PXO502-p-Indoorpool2016-300x200.jpg\" class=\"attachment-medium size-medium\" alt=\"Pool Porto Santo Hotel &amp; Spa\" srcset=\"https:\/\/blog.olimar.de\/wp-content\/uploads\/2016\/08\/PXO502-p-Indoorpool2016-300x200.jpg 300w, https:\/\/blog.olimar.de\/wp-content\/uploads\/2016\/08\/PXO502-p-Indoorpool2016-768x512.jpg 768w, https:\/\/blog.olimar.de\/wp-content\/uploads\/2016\/08\/PXO502-p-Indoorpool2016-840x560.jpg 840w, https:\/\/blog.olimar.de\/wp-content\/uploads\/2016\/08\/PXO502-p-Indoorpool2016.jpg 1000w\" sizes=\"auto, (max-width: 300px) 100vw, 300px\" \/>\n\t\t\t<\/dt><\/dl><dl class='gallery-item'>\n\t\t\t<dt class='gallery-icon landscape'>\n\t\t\t\t<img loading=\"lazy\" decoding=\"async\" width=\"300\" height=\"200\" src=\"https:\/\/blog.olimar.de\/wp-content\/uploads\/2016\/08\/PXO502-a-Beach2016-300x200.jpg\" class=\"attachment-medium size-medium\" alt=\"Porto Santo Hotel &amp; Spa Strand\" srcset=\"https:\/\/blog.olimar.de\/wp-content\/uploads\/2016\/08\/PXO502-a-Beach2016-300x200.jpg 300w, https:\/\/blog.olimar.de\/wp-content\/uploads\/2016\/08\/PXO502-a-Beach2016-768x512.jpg 768w, https:\/\/blog.olimar.de\/wp-content\/uploads\/2016\/08\/PXO502-a-Beach2016-840x560.jpg 840w, https:\/\/blog.olimar.de\/wp-content\/uploads\/2016\/08\/PXO502-a-Beach2016.jpg 1000w\" sizes=\"auto, (max-width: 300px) 100vw, 300px\" \/>\n\t\t\t<\/dt><\/dl><dl class='gallery-item'>\n\t\t\t<dt class='gallery-icon landscape'>\n\t\t\t\t<img loading=\"lazy\" decoding=\"async\" width=\"300\" height=\"200\" src=\"https:\/\/blog.olimar.de\/wp-content\/uploads\/2016\/08\/PXO504-w-ThalassoH-300x200.jpg\" class=\"attachment-medium size-medium\" alt=\"Wellness-Massage Raum Vila Baleira Thalasso Spa\" srcset=\"https:\/\/blog.olimar.de\/wp-content\/uploads\/2016\/08\/PXO504-w-ThalassoH-300x200.jpg 300w, https:\/\/blog.olimar.de\/wp-content\/uploads\/2016\/08\/PXO504-w-ThalassoH-768x511.jpg 768w, https:\/\/blog.olimar.de\/wp-content\/uploads\/2016\/08\/PXO504-w-ThalassoH-840x560.jpg 840w, https:\/\/blog.olimar.de\/wp-content\/uploads\/2016\/08\/PXO504-w-ThalassoH.jpg 1000w\" sizes=\"auto, (max-width: 300px) 100vw, 300px\" \/>\n\t\t\t<\/dt><\/dl><br style=\"clear: both\" \/>\n\t\t<\/div>\n\n<h3 style=\"text-align: justify;\"><\/h3>\n<h3 style=\"text-align: justify;\"><strong>Wellness-Urlaub auf den Azoren: SPAs in der Natur<\/strong><\/h3>\n<p style=\"text-align: justify;\">Ein <a href=\"https:\/\/www.olimar.de\/portugal\/azoren\/\" target=\"_blank\" rel=\"noopener noreferrer\">Azoren Urlaub<\/a> ist von Natur aus ein Erlebnis \u2013 daher finden Urlauber hier die meisten wohltuenden Zutaten auf Entdeckungstouren zu Fu\u00df oder mit dem Mietwagen. Auf der Hauptinsel <a href=\"https:\/\/www.olimar.de\/portugal\/azoren\/sao-miguel\/\" target=\"_blank\" rel=\"noopener noreferrer\">S\u00e3o Miguel<\/a> k\u00f6nnen sie z. B. in hei\u00dfen Quellen baden, die mal idyllisch mitten im Wald (Caldeira Velha), mal an der K\u00fcste zu finden sind (Ribeira Quente). Lesen Sie hierzu auch den Sonnenseiten-Artikel <a href=\"https:\/\/blog.olimar.de\/thermalbaeder-azoren\/\" target=\"_blank\" rel=\"noopener noreferrer\">Thermalb\u00e4der auf den Azoren: Baden in hei\u00dfen Quellen<\/a>.<\/p>\n<p style=\"text-align: justify;\">Ein Spa Hotel par excellence auf den Azoren ist das <a href=\"https:\/\/www.olimar.de\/pdl255\/\" rel=\"noopener noreferrer\">Terra Nostra Garden Hotel<\/a> in Furnas. Es ist eingebettet in eine fein gestaltete, 12,5 Hektar gro\u00dfe, Parkoase mit Botanischem Garten und Thermalbadesee mit 35 Grad hei\u00dfem und mineralreichem Wasser (Eintritt f\u00fcr Hotelg\u00e4ste inklusive).<\/p>\n<div id='gallery-5' class='gallery galleryid-5827 gallery-columns-3 gallery-size-medium'><dl class='gallery-item'>\n\t\t\t<dt class='gallery-icon landscape'>\n\t\t\t\t<img loading=\"lazy\" decoding=\"async\" width=\"300\" height=\"168\" src=\"https:\/\/blog.olimar.de\/wp-content\/uploads\/2016\/08\/PDL255-w-IndoorPoolA-300x168.jpg\" class=\"attachment-medium size-medium\" alt=\"Pool Terra Nostra Garden Hotel Azoren\" srcset=\"https:\/\/blog.olimar.de\/wp-content\/uploads\/2016\/08\/PDL255-w-IndoorPoolA-300x168.jpg 300w, https:\/\/blog.olimar.de\/wp-content\/uploads\/2016\/08\/PDL255-w-IndoorPoolA-768x430.jpg 768w, https:\/\/blog.olimar.de\/wp-content\/uploads\/2016\/08\/PDL255-w-IndoorPoolA.jpg 1000w\" sizes=\"auto, (max-width: 300px) 100vw, 300px\" \/>\n\t\t\t<\/dt><\/dl><dl class='gallery-item'>\n\t\t\t<dt class='gallery-icon landscape'>\n\t\t\t\t<img loading=\"lazy\" decoding=\"async\" width=\"300\" height=\"199\" src=\"https:\/\/blog.olimar.de\/wp-content\/uploads\/2016\/08\/PDL255-z-GardenViewRoomTerraceB-300x199.jpg\" class=\"attachment-medium size-medium\" alt=\"Zimmer Terra Nostra Garden Hotel\" srcset=\"https:\/\/blog.olimar.de\/wp-content\/uploads\/2016\/08\/PDL255-z-GardenViewRoomTerraceB-300x199.jpg 300w, https:\/\/blog.olimar.de\/wp-content\/uploads\/2016\/08\/PDL255-z-GardenViewRoomTerraceB-768x510.jpg 768w, https:\/\/blog.olimar.de\/wp-content\/uploads\/2016\/08\/PDL255-z-GardenViewRoomTerraceB-840x560.jpg 840w, https:\/\/blog.olimar.de\/wp-content\/uploads\/2016\/08\/PDL255-z-GardenViewRoomTerraceB.jpg 1000w\" sizes=\"auto, (max-width: 300px) 100vw, 300px\" \/>\n\t\t\t<\/dt><\/dl><dl class='gallery-item'>\n\t\t\t<dt class='gallery-icon landscape'>\n\t\t\t\t<img loading=\"lazy\" decoding=\"async\" width=\"300\" height=\"208\" src=\"https:\/\/blog.olimar.de\/wp-content\/uploads\/2016\/08\/PDL255-a-Thermalpool-300x208.jpg\" class=\"attachment-medium size-medium\" alt=\"Thermalpool Hotel Terra Nostra Garden Hotel\" srcset=\"https:\/\/blog.olimar.de\/wp-content\/uploads\/2016\/08\/PDL255-a-Thermalpool-300x208.jpg 300w, https:\/\/blog.olimar.de\/wp-content\/uploads\/2016\/08\/PDL255-a-Thermalpool-768x531.jpg 768w, https:\/\/blog.olimar.de\/wp-content\/uploads\/2016\/08\/PDL255-a-Thermalpool.jpg 1000w\" sizes=\"auto, (max-width: 300px) 100vw, 300px\" \/>\n\t\t\t<\/dt><\/dl><br style=\"clear: both\" \/>\n\t\t<\/div>\n\n<h3 style=\"text-align: justify;\"><strong>Wellness-Urlaub auf den Kapverden: 365 Tage Sommer<\/strong><\/h3>\n<p style=\"text-align: justify;\">Sonnenanbeter, Wassersportler und Wanderfreudige finden auf den <a href=\"https:\/\/www.olimar.de\/kapverden\/\" target=\"_blank\" rel=\"noopener noreferrer\">Kapverden<\/a> mittlerweile eine gute Auswahl an Resorts mit gro\u00dfen Spas, auf Wunsch mit All-inclusive-Option. All dies bietet auch das renommierte Hotel Meli\u00e1 Dunas Beach Resort und Spa. Es liegt an der S\u00fcdwestk\u00fcste der Insel Sal am Natursandstrand von Algodoeiro, nicht weit vom Ortszentrum Santa Maria entfernt. Die gesamte Anlage ist in puncto Ausstattung, Gastronomie und Freizeitgestaltung sehr gro\u00dfz\u00fcgig konzipiert. Dank einiger \u201eAdults only\u201c-Bereiche kommen hier besonders erholungssuchende Paare auf ihre Kosten.<\/p>\n<div id='gallery-6' class='gallery galleryid-5827 gallery-columns-3 gallery-size-medium'><dl class='gallery-item'>\n\t\t\t<dt class='gallery-icon landscape'>\n\t\t\t\t<img loading=\"lazy\" decoding=\"async\" width=\"300\" height=\"200\" src=\"https:\/\/blog.olimar.de\/wp-content\/uploads\/2016\/08\/SID130-x-Beach2016-300x200.jpg\" class=\"attachment-medium size-medium\" alt=\"Paar am Strand Kapverden Wellnessurlaub\" srcset=\"https:\/\/blog.olimar.de\/wp-content\/uploads\/2016\/08\/SID130-x-Beach2016-300x200.jpg 300w, https:\/\/blog.olimar.de\/wp-content\/uploads\/2016\/08\/SID130-x-Beach2016-768x511.jpg 768w, https:\/\/blog.olimar.de\/wp-content\/uploads\/2016\/08\/SID130-x-Beach2016-840x560.jpg 840w, https:\/\/blog.olimar.de\/wp-content\/uploads\/2016\/08\/SID130-x-Beach2016.jpg 1000w\" sizes=\"auto, (max-width: 300px) 100vw, 300px\" \/>\n\t\t\t<\/dt><\/dl><dl class='gallery-item'>\n\t\t\t<dt class='gallery-icon landscape'>\n\t\t\t\t<img loading=\"lazy\" decoding=\"async\" width=\"300\" height=\"200\" src=\"https:\/\/blog.olimar.de\/wp-content\/uploads\/2016\/08\/SID130-w-YhiSpa2016-300x200.jpg\" class=\"attachment-medium size-medium\" alt=\"Pool Meli\u00e1 Dunas Beach Resort &amp; Spa\" srcset=\"https:\/\/blog.olimar.de\/wp-content\/uploads\/2016\/08\/SID130-w-YhiSpa2016-300x200.jpg 300w, https:\/\/blog.olimar.de\/wp-content\/uploads\/2016\/08\/SID130-w-YhiSpa2016-768x512.jpg 768w, https:\/\/blog.olimar.de\/wp-content\/uploads\/2016\/08\/SID130-w-YhiSpa2016-840x560.jpg 840w, https:\/\/blog.olimar.de\/wp-content\/uploads\/2016\/08\/SID130-w-YhiSpa2016.jpg 1000w\" sizes=\"auto, (max-width: 300px) 100vw, 300px\" \/>\n\t\t\t<\/dt><\/dl><dl class='gallery-item'>\n\t\t\t<dt class='gallery-icon landscape'>\n\t\t\t\t<img loading=\"lazy\" decoding=\"async\" width=\"300\" height=\"200\" src=\"https:\/\/blog.olimar.de\/wp-content\/uploads\/2016\/08\/SID130-p-PoolBrava2016A-300x200.jpg\" class=\"attachment-medium size-medium\" alt=\"Pool Meli\u00e1 Dunas Beach Resort &amp; Spa\" srcset=\"https:\/\/blog.olimar.de\/wp-content\/uploads\/2016\/08\/SID130-p-PoolBrava2016A-300x200.jpg 300w, https:\/\/blog.olimar.de\/wp-content\/uploads\/2016\/08\/SID130-p-PoolBrava2016A-768x512.jpg 768w, https:\/\/blog.olimar.de\/wp-content\/uploads\/2016\/08\/SID130-p-PoolBrava2016A-840x560.jpg 840w, https:\/\/blog.olimar.de\/wp-content\/uploads\/2016\/08\/SID130-p-PoolBrava2016A.jpg 1000w\" sizes=\"auto, (max-width: 300px) 100vw, 300px\" \/>\n\t\t\t<\/dt><\/dl><br style=\"clear: both\" \/>\n\t\t<\/div>\n\n<h3 style=\"text-align: justify;\"><strong>Wellness-Urlaub auf Gran Canaria: Baden, Sonnen, Natur<\/strong><\/h3>\n<p style=\"text-align: justify;\">Die <a href=\"https:\/\/www.olimar.de\/spanien\/kanaren\/\" target=\"_blank\" rel=\"noopener noreferrer\">Kanaren<\/a> sind ein absoluter Klassiker im Winter. Kein Wunder, dass hier schon lange Wellness auf der Tagesordnung steht.Ein Beispiel ist das <a href=\"https:\/\/www.olimar.de\/lpa100\/\" rel=\"noopener noreferrer\">Lopesan Villa del Conde Resort &amp; Thalasso<\/a> auf Gran Canaria: Dieses imposante First-Class-Resort wurde im Stil eines kanarischen Dorfes erbaut und liegt inmitten eines \u00fcber 55.000 Quadratmeter gro\u00dfen Grundst\u00fccks am Meloneras-Strand. Subtropische G\u00e4rten und opulente Poolanlagen geh\u00f6ren hier ebenso zum Angebot wie ein gro\u00dfes Thalasso-Zentrum mit Meerwasserbecken, Entspannungs- und Sch\u00f6nheitsbehandlungen. Einige Einrichtungen befinden sich unter freiem Himmel.<\/p>\n<div id='gallery-7' class='gallery galleryid-5827 gallery-columns-3 gallery-size-medium'><dl class='gallery-item'>\n\t\t\t<dt class='gallery-icon landscape'>\n\t\t\t\t<img loading=\"lazy\" decoding=\"async\" width=\"300\" height=\"201\" src=\"https:\/\/blog.olimar.de\/wp-content\/uploads\/2016\/08\/LPA100-p-IndoorPool-2007-300x201.jpg\" class=\"attachment-medium size-medium\" alt=\"Pool Lopesan Villa del Conde Resort &amp; Thalasso\" srcset=\"https:\/\/blog.olimar.de\/wp-content\/uploads\/2016\/08\/LPA100-p-IndoorPool-2007-300x201.jpg 300w, https:\/\/blog.olimar.de\/wp-content\/uploads\/2016\/08\/LPA100-p-IndoorPool-2007-768x514.jpg 768w, https:\/\/blog.olimar.de\/wp-content\/uploads\/2016\/08\/LPA100-p-IndoorPool-2007-840x560.jpg 840w, https:\/\/blog.olimar.de\/wp-content\/uploads\/2016\/08\/LPA100-p-IndoorPool-2007.jpg 1000w\" sizes=\"auto, (max-width: 300px) 100vw, 300px\" \/>\n\t\t\t<\/dt><\/dl><dl class='gallery-item'>\n\t\t\t<dt class='gallery-icon landscape'>\n\t\t\t\t<img loading=\"lazy\" decoding=\"async\" width=\"300\" height=\"166\" src=\"https:\/\/blog.olimar.de\/wp-content\/uploads\/2016\/08\/LPA100-a-Panorama-2007-300x166.jpg\" class=\"attachment-medium size-medium\" alt=\"Lopesan Villa del Conde Resort &amp; Thalasso\" srcset=\"https:\/\/blog.olimar.de\/wp-content\/uploads\/2016\/08\/LPA100-a-Panorama-2007-300x166.jpg 300w, https:\/\/blog.olimar.de\/wp-content\/uploads\/2016\/08\/LPA100-a-Panorama-2007-768x425.jpg 768w, https:\/\/blog.olimar.de\/wp-content\/uploads\/2016\/08\/LPA100-a-Panorama-2007.jpg 1000w\" sizes=\"auto, (max-width: 300px) 100vw, 300px\" \/>\n\t\t\t<\/dt><\/dl>\n\t\t\t<br style='clear: both' \/>\n\t\t<\/div>\n\n<h3 style=\"text-align: justify;\"><strong>Wellness-Urlaub auf Mallorca: Lifestyle und Erholung<\/strong><\/h3>\n<p style=\"text-align: justify;\">Auf <a href=\"https:\/\/www.olimar.de\/spanien\/balearen\/mallorca\/\" target=\"_blank\" rel=\"noopener noreferrer\">Mallorca<\/a> empfehlen sich Winterurlaubern eine Reihe von ganzj\u00e4hrig ge\u00f6ffneten Hotels, je nach Geschmack und Urlaubsvorlieben:<\/p>\n<p style=\"text-align: justify;\"><span class=\"dropcap\">E<\/span>inen der gr\u00f6\u00dften Spas Mallorcas hat das urbane Urlaubsparadies Valparaiso Palace in Palmas Stadtteil Bonanova. Neben einem gro\u00dfen Park mit Palmen, Wasserf\u00e4llen und Pools, geh\u00f6ren auch eine gro\u00dfe Sauna-Landschaft sowie eine Hydrotherapie mit Meerwasser zur Wellnesslandschaft. Eine Vielzahl an Massagen und weiteren Anwendungen kann einzeln dazu gebucht werden. <a href=\"https:\/\/blog.olimar.de\/wellness-auf-mallorca\/\" target=\"_blank\" rel=\"noopener noreferrer\">Hier<\/a> geht&#8217;s zu einem Sonnenseiten-Artikel \u00fcber Wellness auf Mallorca im Hotel Valparaiso Palace.<\/p>\n<div id='gallery-8' class='gallery galleryid-5827 gallery-columns-3 gallery-size-medium'><dl class='gallery-item'>\n\t\t\t<dt class='gallery-icon landscape'>\n\t\t\t\t<img loading=\"lazy\" decoding=\"async\" width=\"300\" height=\"200\" src=\"https:\/\/blog.olimar.de\/wp-content\/uploads\/2016\/08\/PMI123-p-IndoorPoolA-300x200.jpg\" class=\"attachment-medium size-medium\" alt=\"Pool Hotel Valparaiso Palace Gran Canaria\" srcset=\"https:\/\/blog.olimar.de\/wp-content\/uploads\/2016\/08\/PMI123-p-IndoorPoolA-300x200.jpg 300w, https:\/\/blog.olimar.de\/wp-content\/uploads\/2016\/08\/PMI123-p-IndoorPoolA-768x511.jpg 768w, https:\/\/blog.olimar.de\/wp-content\/uploads\/2016\/08\/PMI123-p-IndoorPoolA-840x560.jpg 840w, https:\/\/blog.olimar.de\/wp-content\/uploads\/2016\/08\/PMI123-p-IndoorPoolA.jpg 1000w\" sizes=\"auto, (max-width: 300px) 100vw, 300px\" \/>\n\t\t\t<\/dt><\/dl><dl class='gallery-item'>\n\t\t\t<dt class='gallery-icon landscape'>\n\t\t\t\t<img loading=\"lazy\" decoding=\"async\" width=\"300\" height=\"200\" src=\"https:\/\/blog.olimar.de\/wp-content\/uploads\/2016\/08\/PMI123-a-Fassade-300x200.jpg\" class=\"attachment-medium size-medium\" alt=\"Wellness-Liege Garten Hotel Valparaiso Palace\" srcset=\"https:\/\/blog.olimar.de\/wp-content\/uploads\/2016\/08\/PMI123-a-Fassade-300x200.jpg 300w, https:\/\/blog.olimar.de\/wp-content\/uploads\/2016\/08\/PMI123-a-Fassade-768x511.jpg 768w, https:\/\/blog.olimar.de\/wp-content\/uploads\/2016\/08\/PMI123-a-Fassade-840x560.jpg 840w, https:\/\/blog.olimar.de\/wp-content\/uploads\/2016\/08\/PMI123-a-Fassade.jpg 1000w\" sizes=\"auto, (max-width: 300px) 100vw, 300px\" \/>\n\t\t\t<\/dt><\/dl>\n\t\t\t<br style='clear: both' \/>\n\t\t<\/div>\n\n<p style=\"text-align: justify;\">Unser Tipp: Planen Sie Ihren Wellness-Urlaub auf Mallorca doch zeitlich so, dass Sie gleichzeitig die herrliche Mandelbl\u00fcte miterleben k\u00f6nnen! Lesen Sie dazu unseren <a href=\"https:\/\/blog.olimar.de\/mallorca-mandelbluete\/\" target=\"_blank\" rel=\"noopener noreferrer\">Sonnenseiten-Artikel<\/a>.<\/p>\n<h2 style=\"text-align: justify;\"><\/h2>\n<h2 style=\"text-align: justify;\"><strong>Weitere Tipps f\u00fcr Wellness-Urlaub im Fr\u00fchjahr<\/strong><\/h2>\n<h3 style=\"text-align: justify;\"><strong>Toskana: Terme die Saturnia Spa &amp; Golf Resort<\/strong><\/h3>\n<p style=\"text-align: justify;\">Im Tal unterhalb des St\u00e4dtchens Saturnia liegt das wohl exklusivste Hotel der Region mit einzigartigen Thermalquellen.\u00a0 Das Terme di Saturnia Spa &amp; Golf Resort. Das mineralische Thermalwasser der Quelle von Saturnia sprudelt hier unbehandelt seit Jahrtausenden mit 500 Litern in der Sekunde und einer konstanten Temperatur von 37\u00b0C aus einem nat\u00fcrlichen Krater. Im gro\u00dfen Spa des Luxusresorts\u00a0 kommen die heilsame Wirkung des Quellwassers sowie der antioxidative Effekt des Sulfidschlamms zur Anwendung.<br \/>\nZahlreiche Spa- und Beautyprogramme werden geboten sowie eine eigene Kosmetiklinie mit regenerativen Extrakten aus dem Thermalplankton der Quelle. Das Areal umfasst zudem vier Thermalbecken im Freien, Unterwassermassagen und Kreislaufparcours.<\/p>\n<div id='gallery-9' class='gallery galleryid-5827 gallery-columns-3 gallery-size-medium'><dl class='gallery-item'>\n\t\t\t<dt class='gallery-icon landscape'>\n\t\t\t\t<img loading=\"lazy\" decoding=\"async\" width=\"300\" height=\"188\" src=\"https:\/\/blog.olimar.de\/wp-content\/uploads\/2016\/08\/PSA504-w-BeautyServicesA-300x188.jpg\" class=\"attachment-medium size-medium\" alt=\"Massage Terme die Saturnia Spa &amp; Golf Resort\" srcset=\"https:\/\/blog.olimar.de\/wp-content\/uploads\/2016\/08\/PSA504-w-BeautyServicesA-300x188.jpg 300w, https:\/\/blog.olimar.de\/wp-content\/uploads\/2016\/08\/PSA504-w-BeautyServicesA-768x480.jpg 768w, https:\/\/blog.olimar.de\/wp-content\/uploads\/2016\/08\/PSA504-w-BeautyServicesA.jpg 1000w\" sizes=\"auto, (max-width: 300px) 100vw, 300px\" \/>\n\t\t\t<\/dt><\/dl><dl class='gallery-item'>\n\t\t\t<dt class='gallery-icon landscape'>\n\t\t\t\t<img loading=\"lazy\" decoding=\"async\" width=\"300\" height=\"185\" src=\"https:\/\/blog.olimar.de\/wp-content\/uploads\/2016\/08\/PSA504-r-AqualuceRestaurantTerrace-300x185.jpg\" class=\"attachment-medium size-medium\" alt=\"Terme die Saturnia Spa &amp; Golf Resort\" srcset=\"https:\/\/blog.olimar.de\/wp-content\/uploads\/2016\/08\/PSA504-r-AqualuceRestaurantTerrace-300x185.jpg 300w, https:\/\/blog.olimar.de\/wp-content\/uploads\/2016\/08\/PSA504-r-AqualuceRestaurantTerrace-768x472.jpg 768w, https:\/\/blog.olimar.de\/wp-content\/uploads\/2016\/08\/PSA504-r-AqualuceRestaurantTerrace.jpg 1000w\" sizes=\"auto, (max-width: 300px) 100vw, 300px\" \/>\n\t\t\t<\/dt><\/dl>\n\t\t\t<br style='clear: both' \/>\n\t\t<\/div>\n\n<h3 style=\"text-align: justify;\"><strong>Gardasee: Aqualux Hotel Spa &amp; Suite<\/strong><\/h3>\n<p style=\"text-align: justify;\">Am Ortsausgang von Bardolino an einer gering befahrenen Nebenstra\u00dfe, wenige Gehminuten vom Ufer des Gardasees entfernt, wurde vor wenigen Jahren das moderne <a href=\"https:\/\/www.olimar.de\/vrn210\/\" rel=\"noopener noreferrer\">Aqualux Hotel Spa Suite &amp; Terme<\/a> er\u00f6ffnet. Sein Blickfang ist die Garten- und Poollandschaft mit mehreren Becken, Teichen und Wasserl\u00e4ufen \u2013 sowie die Oase der Erholung auf rund 1.000 Quadratmeter des \u201eAquaSpa\u201c.<\/p>\n<div id='gallery-10' class='gallery galleryid-5827 gallery-columns-3 gallery-size-medium'><dl class='gallery-item'>\n\t\t\t<dt class='gallery-icon portrait'>\n\t\t\t\t<img loading=\"lazy\" decoding=\"async\" width=\"216\" height=\"300\" src=\"https:\/\/blog.olimar.de\/wp-content\/uploads\/2016\/08\/VRN210-w-Sauna-216x300.jpg\" class=\"attachment-medium size-medium\" alt=\"Sauna Aqualux Hotel &amp; Therme Gardasee\" srcset=\"https:\/\/blog.olimar.de\/wp-content\/uploads\/2016\/08\/VRN210-w-Sauna-216x300.jpg 216w, https:\/\/blog.olimar.de\/wp-content\/uploads\/2016\/08\/VRN210-w-Sauna-768x1066.jpg 768w, https:\/\/blog.olimar.de\/wp-content\/uploads\/2016\/08\/VRN210-w-Sauna-738x1024.jpg 738w, https:\/\/blog.olimar.de\/wp-content\/uploads\/2016\/08\/VRN210-w-Sauna.jpg 1000w\" sizes=\"auto, (max-width: 216px) 100vw, 216px\" \/>\n\t\t\t<\/dt><\/dl><dl class='gallery-item'>\n\t\t\t<dt class='gallery-icon portrait'>\n\t\t\t\t<img loading=\"lazy\" decoding=\"async\" width=\"219\" height=\"300\" src=\"https:\/\/blog.olimar.de\/wp-content\/uploads\/2016\/08\/VRN210-w-PrivateSpa-219x300.jpg\" class=\"attachment-medium size-medium\" alt=\"Prvate Spa im Urlaub am Gardasee\" srcset=\"https:\/\/blog.olimar.de\/wp-content\/uploads\/2016\/08\/VRN210-w-PrivateSpa-219x300.jpg 219w, https:\/\/blog.olimar.de\/wp-content\/uploads\/2016\/08\/VRN210-w-PrivateSpa-768x1051.jpg 768w, https:\/\/blog.olimar.de\/wp-content\/uploads\/2016\/08\/VRN210-w-PrivateSpa-749x1024.jpg 749w, https:\/\/blog.olimar.de\/wp-content\/uploads\/2016\/08\/VRN210-w-PrivateSpa.jpg 1000w\" sizes=\"auto, (max-width: 219px) 100vw, 219px\" \/>\n\t\t\t<\/dt><\/dl><dl class='gallery-item'>\n\t\t\t<dt class='gallery-icon landscape'>\n\t\t\t\t<img loading=\"lazy\" decoding=\"async\" width=\"300\" height=\"200\" src=\"https:\/\/blog.olimar.de\/wp-content\/uploads\/2016\/08\/VRN210-p-Aussenpool-300x200.jpg\" class=\"attachment-medium size-medium\" alt=\"Pool Aqualux Hotel Spa Suite &amp; Terme\" srcset=\"https:\/\/blog.olimar.de\/wp-content\/uploads\/2016\/08\/VRN210-p-Aussenpool-300x200.jpg 300w, https:\/\/blog.olimar.de\/wp-content\/uploads\/2016\/08\/VRN210-p-Aussenpool-768x512.jpg 768w, https:\/\/blog.olimar.de\/wp-content\/uploads\/2016\/08\/VRN210-p-Aussenpool-840x560.jpg 840w, https:\/\/blog.olimar.de\/wp-content\/uploads\/2016\/08\/VRN210-p-Aussenpool.jpg 1000w\" sizes=\"auto, (max-width: 300px) 100vw, 300px\" \/>\n\t\t\t<\/dt><\/dl><br style=\"clear: both\" \/>\n\t\t<\/div>\n\n<h3 style=\"text-align: justify;\"><strong>\u0160ibenik: D Resort<\/strong><\/h3>\n<p style=\"text-align: justify;\">Das stylisch-moderne, 2015 er\u00f6ffnete D Resort liegt auf der schmalen Landzunge des Yachthafens von \u0160ibenik und bietet einen herrlichen Blick auf das Meer und die historische Altstadt. Das Hotel bietet einen gro\u00dfen Spa-Bereich mit Fitnessstudio, finnischen Saunen, Hamam, Vitalpool sowie diversen Massagen und Sch\u00f6nheitskuren.<\/p>\n<div id='gallery-11' class='gallery galleryid-5827 gallery-columns-3 gallery-size-medium'><dl class='gallery-item'>\n\t\t\t<dt class='gallery-icon landscape'>\n\t\t\t\t<img loading=\"lazy\" decoding=\"async\" width=\"300\" height=\"200\" src=\"https:\/\/blog.olimar.de\/wp-content\/uploads\/2016\/08\/SPU145-s-SpaB-300x200.jpg\" class=\"attachment-medium size-medium\" alt=\"D Resort\" srcset=\"https:\/\/blog.olimar.de\/wp-content\/uploads\/2016\/08\/SPU145-s-SpaB-300x200.jpg 300w, https:\/\/blog.olimar.de\/wp-content\/uploads\/2016\/08\/SPU145-s-SpaB-768x511.jpg 768w, https:\/\/blog.olimar.de\/wp-content\/uploads\/2016\/08\/SPU145-s-SpaB-840x560.jpg 840w, https:\/\/blog.olimar.de\/wp-content\/uploads\/2016\/08\/SPU145-s-SpaB.jpg 1000w\" sizes=\"auto, (max-width: 300px) 100vw, 300px\" \/>\n\t\t\t<\/dt><\/dl><dl class='gallery-item'>\n\t\t\t<dt class='gallery-icon landscape'>\n\t\t\t\t<img loading=\"lazy\" decoding=\"async\" width=\"300\" height=\"200\" src=\"https:\/\/blog.olimar.de\/wp-content\/uploads\/2016\/08\/SPU145-g-HotelterrasseC-300x200.jpg\" class=\"attachment-medium size-medium\" alt=\"Traumhafte Terrasse am Wasser\" srcset=\"https:\/\/blog.olimar.de\/wp-content\/uploads\/2016\/08\/SPU145-g-HotelterrasseC-300x200.jpg 300w, https:\/\/blog.olimar.de\/wp-content\/uploads\/2016\/08\/SPU145-g-HotelterrasseC-768x511.jpg 768w, https:\/\/blog.olimar.de\/wp-content\/uploads\/2016\/08\/SPU145-g-HotelterrasseC-840x560.jpg 840w, https:\/\/blog.olimar.de\/wp-content\/uploads\/2016\/08\/SPU145-g-HotelterrasseC.jpg 1000w\" sizes=\"auto, (max-width: 300px) 100vw, 300px\" \/>\n\t\t\t<\/dt><\/dl>\n\t\t\t<br style='clear: both' \/>\n\t\t<\/div>\n\n<h3 style=\"text-align: justify;\"><strong>Biograd na Moru: Crvena Luka Hotel &amp; Resort<\/strong><\/h3>\n<p style=\"text-align: justify;\">Das vor wenigen Jahren er\u00f6ffnete, autofreie <a href=\"https:\/\/www.olimar.de\/zad112\/\" rel=\"noopener noreferrer\">Crvena Luka Hotel &amp; Resort<\/a> liegt unter jahrhundertealten, schattenspendenden Pinien am Meer, direkt in der traumhaft sch\u00f6nen Bucht von Cvrena Luka mit mehreren flach abfallenden Sand- und Kiesstr\u00e4nden.<br \/>\nNeben ungetr\u00fcbtem Badevergn\u00fcgen im Meer erwartet die G\u00e4ste ein gro\u00dfer Swimmingpool und ein Hallenbad sowie ein Wellnessbereich mit Cardio-Fitness-Studio, finnischer Sauna und Dampfbad. Zum Beauty-Angebot geh\u00f6ren u. a. Pedik\u00fcre und Manik\u00fcre sowie verschiedene Massagen.<\/p>\n<div id='gallery-12' class='gallery galleryid-5827 gallery-columns-3 gallery-size-medium'><dl class='gallery-item'>\n\t\t\t<dt class='gallery-icon landscape'>\n\t\t\t\t<img loading=\"lazy\" decoding=\"async\" width=\"300\" height=\"200\" src=\"https:\/\/blog.olimar.de\/wp-content\/uploads\/2016\/08\/ZAD112-g-ResortstrandE-300x200.jpg\" class=\"attachment-medium size-medium\" alt=\"Steg Crvena Luka Hotel &amp; Resort\" srcset=\"https:\/\/blog.olimar.de\/wp-content\/uploads\/2016\/08\/ZAD112-g-ResortstrandE-300x200.jpg 300w, https:\/\/blog.olimar.de\/wp-content\/uploads\/2016\/08\/ZAD112-g-ResortstrandE-768x512.jpg 768w, https:\/\/blog.olimar.de\/wp-content\/uploads\/2016\/08\/ZAD112-g-ResortstrandE-840x560.jpg 840w, https:\/\/blog.olimar.de\/wp-content\/uploads\/2016\/08\/ZAD112-g-ResortstrandE.jpg 1000w\" sizes=\"auto, (max-width: 300px) 100vw, 300px\" \/>\n\t\t\t<\/dt><\/dl><dl class='gallery-item'>\n\t\t\t<dt class='gallery-icon landscape'>\n\t\t\t\t<img loading=\"lazy\" decoding=\"async\" width=\"300\" height=\"200\" src=\"https:\/\/blog.olimar.de\/wp-content\/uploads\/2016\/08\/ZAD112-a-AppartmentA-300x200.jpg\" class=\"attachment-medium size-medium\" alt=\"Crvena Luka Hotel &amp; Resort\" srcset=\"https:\/\/blog.olimar.de\/wp-content\/uploads\/2016\/08\/ZAD112-a-AppartmentA-300x200.jpg 300w, https:\/\/blog.olimar.de\/wp-content\/uploads\/2016\/08\/ZAD112-a-AppartmentA-768x512.jpg 768w, https:\/\/blog.olimar.de\/wp-content\/uploads\/2016\/08\/ZAD112-a-AppartmentA-840x560.jpg 840w, https:\/\/blog.olimar.de\/wp-content\/uploads\/2016\/08\/ZAD112-a-AppartmentA.jpg 1000w\" sizes=\"auto, (max-width: 300px) 100vw, 300px\" \/>\n\t\t\t<\/dt><\/dl>\n\t\t\t<br style='clear: both' \/>\n\t\t<\/div>\n\n<h3 style=\"text-align: justify;\"><strong>Provence: Hotel Dolce Fr\u00e9gate<\/strong><\/h3>\n<p style=\"text-align: justify;\">Dieses elegante, im Stil eines provenzalischen Dorfes gebaute Dolce Fr\u00e9gate Provence Hotel thront direkt an der Steilk\u00fcste. Es wird r\u00fcckseitig von den Bandol-Weinbergen umrahmt. Nach einem Spaziergang durch die fantastische Landschaft oder einem Besuch in einem der umliegenden Weinkeller, kann man im wundersch\u00f6nen Wellnessbereich mit u. a. Hallenbad und Sauna oder in der weitl\u00e4ufigen Gartenanlage mit drei Swimmingpools relaxen. Wohltuend f\u00fcr Gesicht und K\u00f6rper sind auch die verschiedenen Anwendungen, die das Hotel bietet, wie z. B. Vier-Hand-Massagen und Anti-Aging-Methoden f\u00fcrs Gesicht.<\/p>\n<div id='gallery-13' class='gallery galleryid-5827 gallery-columns-3 gallery-size-medium'><dl class='gallery-item'>\n\t\t\t<dt class='gallery-icon portrait'>\n\t\t\t\t<img loading=\"lazy\" decoding=\"async\" width=\"199\" height=\"300\" src=\"https:\/\/blog.olimar.de\/wp-content\/uploads\/2016\/08\/MRS108-z-TerraceBedroomA-199x300.jpg\" class=\"attachment-medium size-medium\" alt=\"Balkon Dolce Fr\u00e9gate Provence Hotel\" srcset=\"https:\/\/blog.olimar.de\/wp-content\/uploads\/2016\/08\/MRS108-z-TerraceBedroomA-199x300.jpg 199w, https:\/\/blog.olimar.de\/wp-content\/uploads\/2016\/08\/MRS108-z-TerraceBedroomA-768x1156.jpg 768w, https:\/\/blog.olimar.de\/wp-content\/uploads\/2016\/08\/MRS108-z-TerraceBedroomA-680x1024.jpg 680w, https:\/\/blog.olimar.de\/wp-content\/uploads\/2016\/08\/MRS108-z-TerraceBedroomA.jpg 1000w\" sizes=\"auto, (max-width: 199px) 100vw, 199px\" \/>\n\t\t\t<\/dt><\/dl><dl class='gallery-item'>\n\t\t\t<dt class='gallery-icon landscape'>\n\t\t\t\t<img loading=\"lazy\" decoding=\"async\" width=\"300\" height=\"200\" src=\"https:\/\/blog.olimar.de\/wp-content\/uploads\/2016\/08\/MRS108-p-PoolareaC-300x200.jpg\" class=\"attachment-medium size-medium\" alt=\"Dolce Fr\u00e9gate Provence Hotel\" srcset=\"https:\/\/blog.olimar.de\/wp-content\/uploads\/2016\/08\/MRS108-p-PoolareaC-300x200.jpg 300w, https:\/\/blog.olimar.de\/wp-content\/uploads\/2016\/08\/MRS108-p-PoolareaC-768x513.jpg 768w, https:\/\/blog.olimar.de\/wp-content\/uploads\/2016\/08\/MRS108-p-PoolareaC-840x560.jpg 840w, https:\/\/blog.olimar.de\/wp-content\/uploads\/2016\/08\/MRS108-p-PoolareaC.jpg 1000w\" sizes=\"auto, (max-width: 300px) 100vw, 300px\" \/>\n\t\t\t<\/dt><\/dl>\n\t\t\t<br style='clear: both' \/>\n\t\t<\/div>\n\n","protected":false},"excerpt":{"rendered":"<p>Baden, Saunieren, Entspannen und sich verw\u00f6hnen lassen: Wir zeigen, in welchen Hotels in S\u00fcdeuropa Wellness-Urlaub im Winter und Fr\u00fchjahr besonders gut funktioniert.<\/p>\n","protected":false},"author":3,"featured_media":6158,"comment_status":"open","ping_status":"open","sticky":false,"template":"","format":"standard","meta":{"_crdt_document":"","_lmt_disableupdate":"","_lmt_disable":"","footnotes":""},"categories":[29],"tags":[24,23,47,21],"class_list":["post-5827","post","type-post","status-publish","format-standard","has-post-thumbnail","hentry","category-aktiv-natur","tag-algarve","tag-azoren","tag-kapverden","tag-madeira"],"yoast_head":"<!-- This site is optimized with the Yoast SEO plugin v26.9 - https:\/\/yoast.com\/product\/yoast-seo-wordpress\/ -->\n<title>Wellness-Urlaub im Winter &amp; Fr\u00fchjahr: Hotel-Empfehlungen<\/title>\n<meta name=\"description\" content=\"Baden, Saunieren, Entspannen und sich verw\u00f6hnen lassen \u2600 Wir zeigen, in welchen 10 Hotels f\u00fcr Wellness-Urlaub in S\u00fcdeuropa dies am besten geht \u25ba\" \/>\n<meta name=\"robots\" content=\"index, follow, max-snippet:-1, max-image-preview:large, max-video-preview:-1\" \/>\n<link rel=\"canonical\" href=\"https:\/\/blog.olimar.de\/wellness-urlaub-im-winter\/\" \/>\n<meta property=\"og:locale\" content=\"de_DE\" \/>\n<meta property=\"og:type\" content=\"article\" \/>\n<meta property=\"og:title\" content=\"Wellness-Urlaub im Winter &amp; Fr\u00fchjahr: Hotel-Empfehlungen\" \/>\n<meta property=\"og:description\" content=\"Baden, Saunieren, Entspannen und sich verw\u00f6hnen lassen \u2600 Wir zeigen, in welchen 10 Hotels f\u00fcr Wellness-Urlaub in S\u00fcdeuropa dies am besten geht \u25ba\" \/>\n<meta property=\"og:url\" content=\"https:\/\/blog.olimar.de\/wellness-urlaub-im-winter\/\" \/>\n<meta property=\"article:publisher\" content=\"https:\/\/www.facebook.com\/OlimarReisen\" \/>\n<meta property=\"article:published_time\" content=\"2016-09-02T15:15:46+00:00\" \/>\n<meta property=\"article:modified_time\" content=\"2024-11-21T12:19:58+00:00\" \/>\n<meta property=\"og:image\" content=\"https:\/\/blog.olimar.de\/wp-content\/uploads\/2016\/08\/FNC102-p-IndoorPool.jpg\" \/>\n\t<meta property=\"og:image:width\" content=\"1000\" \/>\n\t<meta property=\"og:image:height\" content=\"672\" \/>\n\t<meta property=\"og:image:type\" content=\"image\/jpeg\" \/>\n<meta name=\"author\" content=\"Evelyn Steinbach\" \/>\n<meta name=\"twitter:label1\" content=\"Verfasst von\" \/>\n\t<meta name=\"twitter:data1\" content=\"Evelyn Steinbach\" \/>\n\t<meta name=\"twitter:label2\" content=\"Gesch\u00e4tzte Lesezeit\" \/>\n\t<meta name=\"twitter:data2\" content=\"8\u00a0Minuten\" \/>\n<script type=\"application\/ld+json\" class=\"yoast-schema-graph\">{\"@context\":\"https:\/\/schema.org\",\"@graph\":[{\"@type\":\"WebPage\",\"@id\":\"https:\/\/blog.olimar.de\/wellness-urlaub-im-winter\/\",\"url\":\"https:\/\/blog.olimar.de\/wellness-urlaub-im-winter\/\",\"name\":\"Wellness-Urlaub im Winter & Fr\u00fchjahr: Hotel-Empfehlungen\",\"isPartOf\":{\"@id\":\"https:\/\/blog.olimar.de\/#website\"},\"primaryImageOfPage\":{\"@id\":\"https:\/\/blog.olimar.de\/wellness-urlaub-im-winter\/#primaryimage\"},\"image\":{\"@id\":\"https:\/\/blog.olimar.de\/wellness-urlaub-im-winter\/#primaryimage\"},\"thumbnailUrl\":\"https:\/\/blog.olimar.de\/wp-content\/uploads\/2016\/08\/FNC102-p-IndoorPool.jpg\",\"datePublished\":\"2016-09-02T15:15:46+00:00\",\"dateModified\":\"2024-11-21T12:19:58+00:00\",\"description\":\"Baden, Saunieren, Entspannen und sich verw\u00f6hnen lassen \u2600 Wir zeigen, in welchen 10 Hotels f\u00fcr Wellness-Urlaub in S\u00fcdeuropa dies am besten geht \u25ba\",\"breadcrumb\":{\"@id\":\"https:\/\/blog.olimar.de\/wellness-urlaub-im-winter\/#breadcrumb\"},\"inLanguage\":\"de\",\"potentialAction\":[{\"@type\":\"ReadAction\",\"target\":[\"https:\/\/blog.olimar.de\/wellness-urlaub-im-winter\/\"]}]},{\"@type\":\"ImageObject\",\"inLanguage\":\"de\",\"@id\":\"https:\/\/blog.olimar.de\/wellness-urlaub-im-winter\/#primaryimage\",\"url\":\"https:\/\/blog.olimar.de\/wp-content\/uploads\/2016\/08\/FNC102-p-IndoorPool.jpg\",\"contentUrl\":\"https:\/\/blog.olimar.de\/wp-content\/uploads\/2016\/08\/FNC102-p-IndoorPool.jpg\",\"width\":1000,\"height\":672,\"caption\":\"Indoor Pool Wellness Urlaub\"},{\"@type\":\"BreadcrumbList\",\"@id\":\"https:\/\/blog.olimar.de\/wellness-urlaub-im-winter\/#breadcrumb\",\"itemListElement\":[{\"@type\":\"ListItem\",\"position\":1,\"name\":\"Home\",\"item\":\"https:\/\/blog.olimar.de\/\"},{\"@type\":\"ListItem\",\"position\":2,\"name\":\"Algarve\",\"item\":\"https:\/\/blog.olimar.de\/tag\/algarve\/\"},{\"@type\":\"ListItem\",\"position\":3,\"name\":\"Die sch\u00f6nsten Hotels f\u00fcr einen Wellness-Urlaub im Winter\"}]},{\"@type\":\"WebSite\",\"@id\":\"https:\/\/blog.olimar.de\/#website\",\"url\":\"https:\/\/blog.olimar.de\/\",\"name\":\"OLIMAR.com\",\"description\":\"\",\"publisher\":{\"@id\":\"https:\/\/blog.olimar.de\/#organization\"},\"potentialAction\":[{\"@type\":\"SearchAction\",\"target\":{\"@type\":\"EntryPoint\",\"urlTemplate\":\"https:\/\/blog.olimar.de\/?s={search_term_string}\"},\"query-input\":{\"@type\":\"PropertyValueSpecification\",\"valueRequired\":true,\"valueName\":\"search_term_string\"}}],\"inLanguage\":\"de\"},{\"@type\":\"Organization\",\"@id\":\"https:\/\/blog.olimar.de\/#organization\",\"name\":\"OLIMAR Reisen\",\"url\":\"https:\/\/blog.olimar.de\/\",\"logo\":{\"@type\":\"ImageObject\",\"inLanguage\":\"de\",\"@id\":\"https:\/\/blog.olimar.de\/#\/schema\/logo\/image\/\",\"url\":\"https:\/\/blog.olimar.de\/wp-content\/uploads\/2021\/01\/OLIMAR_Logo_COLOR.png\",\"contentUrl\":\"https:\/\/blog.olimar.de\/wp-content\/uploads\/2021\/01\/OLIMAR_Logo_COLOR.png\",\"width\":2000,\"height\":986,\"caption\":\"OLIMAR Reisen\"},\"image\":{\"@id\":\"https:\/\/blog.olimar.de\/#\/schema\/logo\/image\/\"},\"sameAs\":[\"https:\/\/www.facebook.com\/OlimarReisen\",\"https:\/\/x.com\/olimarrreisen\",\"https:\/\/www.instagram.com\/olimarreisen\",\"https:\/\/www.youtube.com\/user\/olimarreisen\"]}]}<\/script>\n<!-- \/ Yoast SEO plugin. -->","yoast_head_json":{"title":"Wellness-Urlaub im Winter & Fr\u00fchjahr: Hotel-Empfehlungen","description":"Baden, Saunieren, Entspannen und sich verw\u00f6hnen lassen \u2600 Wir zeigen, in welchen 10 Hotels f\u00fcr Wellness-Urlaub in S\u00fcdeuropa dies am besten geht \u25ba","robots":{"index":"index","follow":"follow","max-snippet":"max-snippet:-1","max-image-preview":"max-image-preview:large","max-video-preview":"max-video-preview:-1"},"canonical":"https:\/\/blog.olimar.de\/wellness-urlaub-im-winter\/","og_locale":"de_DE","og_type":"article","og_title":"Wellness-Urlaub im Winter & Fr\u00fchjahr: Hotel-Empfehlungen","og_description":"Baden, Saunieren, Entspannen und sich verw\u00f6hnen lassen \u2600 Wir zeigen, in welchen 10 Hotels f\u00fcr Wellness-Urlaub in S\u00fcdeuropa dies am besten geht \u25ba","og_url":"https:\/\/blog.olimar.de\/wellness-urlaub-im-winter\/","article_publisher":"https:\/\/www.facebook.com\/OlimarReisen","article_published_time":"2016-09-02T15:15:46+00:00","article_modified_time":"2024-11-21T12:19:58+00:00","og_image":[{"width":1000,"height":672,"url":"https:\/\/blog.olimar.de\/wp-content\/uploads\/2016\/08\/FNC102-p-IndoorPool.jpg","type":"image\/jpeg"}],"author":"Evelyn Steinbach","twitter_misc":{"Verfasst von":"Evelyn Steinbach","Gesch\u00e4tzte Lesezeit":"8\u00a0Minuten"},"schema":{"@context":"https:\/\/schema.org","@graph":[{"@type":"WebPage","@id":"https:\/\/blog.olimar.de\/wellness-urlaub-im-winter\/","url":"https:\/\/blog.olimar.de\/wellness-urlaub-im-winter\/","name":"Wellness-Urlaub im Winter & Fr\u00fchjahr: Hotel-Empfehlungen","isPartOf":{"@id":"https:\/\/blog.olimar.de\/#website"},"primaryImageOfPage":{"@id":"https:\/\/blog.olimar.de\/wellness-urlaub-im-winter\/#primaryimage"},"image":{"@id":"https:\/\/blog.olimar.de\/wellness-urlaub-im-winter\/#primaryimage"},"thumbnailUrl":"https:\/\/blog.olimar.de\/wp-content\/uploads\/2016\/08\/FNC102-p-IndoorPool.jpg","datePublished":"2016-09-02T15:15:46+00:00","dateModified":"2024-11-21T12:19:58+00:00","description":"Baden, Saunieren, Entspannen und sich verw\u00f6hnen lassen \u2600 Wir zeigen, in welchen 10 Hotels f\u00fcr Wellness-Urlaub in S\u00fcdeuropa dies am besten geht \u25ba","breadcrumb":{"@id":"https:\/\/blog.olimar.de\/wellness-urlaub-im-winter\/#breadcrumb"},"inLanguage":"de","potentialAction":[{"@type":"ReadAction","target":["https:\/\/blog.olimar.de\/wellness-urlaub-im-winter\/"]}]},{"@type":"ImageObject","inLanguage":"de","@id":"https:\/\/blog.olimar.de\/wellness-urlaub-im-winter\/#primaryimage","url":"https:\/\/blog.olimar.de\/wp-content\/uploads\/2016\/08\/FNC102-p-IndoorPool.jpg","contentUrl":"https:\/\/blog.olimar.de\/wp-content\/uploads\/2016\/08\/FNC102-p-IndoorPool.jpg","width":1000,"height":672,"caption":"Indoor Pool Wellness Urlaub"},{"@type":"BreadcrumbList","@id":"https:\/\/blog.olimar.de\/wellness-urlaub-im-winter\/#breadcrumb","itemListElement":[{"@type":"ListItem","position":1,"name":"Home","item":"https:\/\/blog.olimar.de\/"},{"@type":"ListItem","position":2,"name":"Algarve","item":"https:\/\/blog.olimar.de\/tag\/algarve\/"},{"@type":"ListItem","position":3,"name":"Die sch\u00f6nsten Hotels f\u00fcr einen Wellness-Urlaub im Winter"}]},{"@type":"WebSite","@id":"https:\/\/blog.olimar.de\/#website","url":"https:\/\/blog.olimar.de\/","name":"OLIMAR.com","description":"","publisher":{"@id":"https:\/\/blog.olimar.de\/#organization"},"potentialAction":[{"@type":"SearchAction","target":{"@type":"EntryPoint","urlTemplate":"https:\/\/blog.olimar.de\/?s={search_term_string}"},"query-input":{"@type":"PropertyValueSpecification","valueRequired":true,"valueName":"search_term_string"}}],"inLanguage":"de"},{"@type":"Organization","@id":"https:\/\/blog.olimar.de\/#organization","name":"OLIMAR Reisen","url":"https:\/\/blog.olimar.de\/","logo":{"@type":"ImageObject","inLanguage":"de","@id":"https:\/\/blog.olimar.de\/#\/schema\/logo\/image\/","url":"https:\/\/blog.olimar.de\/wp-content\/uploads\/2021\/01\/OLIMAR_Logo_COLOR.png","contentUrl":"https:\/\/blog.olimar.de\/wp-content\/uploads\/2021\/01\/OLIMAR_Logo_COLOR.png","width":2000,"height":986,"caption":"OLIMAR Reisen"},"image":{"@id":"https:\/\/blog.olimar.de\/#\/schema\/logo\/image\/"},"sameAs":["https:\/\/www.facebook.com\/OlimarReisen","https:\/\/x.com\/olimarrreisen","https:\/\/www.instagram.com\/olimarreisen","https:\/\/www.youtube.com\/user\/olimarreisen"]}]}},"modified_by":"Julia Windh\u00f6vel","jetpack_featured_media_url":"https:\/\/blog.olimar.de\/wp-content\/uploads\/2016\/08\/FNC102-p-IndoorPool.jpg","_links":{"self":[{"href":"https:\/\/blog.olimar.de\/wp-json\/wp\/v2\/posts\/5827","targetHints":{"allow":["GET"]}}],"collection":[{"href":"https:\/\/blog.olimar.de\/wp-json\/wp\/v2\/posts"}],"about":[{"href":"https:\/\/blog.olimar.de\/wp-json\/wp\/v2\/types\/post"}],"author":[{"embeddable":true,"href":"https:\/\/blog.olimar.de\/wp-json\/wp\/v2\/users\/3"}],"replies":[{"embeddable":true,"href":"https:\/\/blog.olimar.de\/wp-json\/wp\/v2\/comments?post=5827"}],"version-history":[{"count":40,"href":"https:\/\/blog.olimar.de\/wp-json\/wp\/v2\/posts\/5827\/revisions"}],"predecessor-version":[{"id":28257,"href":"https:\/\/blog.olimar.de\/wp-json\/wp\/v2\/posts\/5827\/revisions\/28257"}],"wp:featuredmedia":[{"embeddable":true,"href":"https:\/\/blog.olimar.de\/wp-json\/wp\/v2\/media\/6158"}],"wp:attachment":[{"href":"https:\/\/blog.olimar.de\/wp-json\/wp\/v2\/media?parent=5827"}],"wp:term":[{"taxonomy":"category","embeddable":true,"href":"https:\/\/blog.olimar.de\/wp-json\/wp\/v2\/categories?post=5827"},{"taxonomy":"post_tag","embeddable":true,"href":"https:\/\/blog.olimar.de\/wp-json\/wp\/v2\/tags?post=5827"}],"curies":[{"name":"wp","href":"https:\/\/api.w.org\/{rel}","templated":true}]}}