{"id":5896,"date":"2016-09-02T17:15:23","date_gmt":"2016-09-02T15:15:23","guid":{"rendered":"https:\/\/blog.olimar.de\/?p=5896"},"modified":"2022-12-11T21:18:32","modified_gmt":"2022-12-11T20:18:32","slug":"hinterland-der-algarve","status":"publish","type":"post","link":"https:\/\/blog.olimar.de\/hinterland-der-algarve\/","title":{"rendered":"Das Hinterland der Algarve entdecken"},"content":{"rendered":"\n<p><strong>Wer die Algarve bereits kennt, hat vielleicht schon von dem Gebirgszug Serra de Monchique geh\u00f6rt. Nur wenige Kilometer von der K\u00fcste entfernt zeigt die Region hier ihre l\u00e4ndliche, urspr\u00fcngliche Seite und bietet Wanderern mit den Gipfeln Foia und Picota zwei lohnenswerte Ziele.<\/strong><\/p>\n\n\n\n<div class=\"wp-block-buttons is-layout-flex wp-block-buttons-is-layout-flex\">\n<div class=\"wp-block-button\"><a class=\"wp-block-button__link wp-element-button\" href=\"https:\/\/www.olimar.de\/portugal\/algarve\/\">Algarve Reiseangebote und Hoteltipps entdecken<\/a><\/div>\n<\/div>\n\n\n<p style=\"text-align: justify;\">Besonders im Fr\u00fchjahr kleiden sich die sanften H\u00fcgel in den sch\u00f6nsten Farben: wei\u00dfe Zistrosen, gelbe Lupinen, violette Judasb\u00e4ume, Mispeln, Pfingstrosen und Zitronenb\u00e4ume, die sich unter der Last der Fr\u00fcchte biegen.<\/p>\n<p style=\"text-align: justify;\">Wir starten unsere Wanderung am Ortsausgang von Monchique und folgen dem Hinweisschild Richtung Picota. Mit 774 Metern ist er die zweith\u00f6chste Erhebung des Monchique-Gebirges. Von der geteerten Stra\u00dfe biegen wir rechts sogleich auf einen Waldweg ab. Die April-Sonne blinzelt verstohlen durch die Kronen der Korkeichen. Diese knorrigen B\u00e4ume, die au\u00dfer an der Algarve besonders im Alentejo wachsen, liefern den Rohstoff f\u00fcr Flaschenkorken, Bodenbelag und Schuhe aber auch f\u00fcr ausgefallenere Accessoires wie H\u00fcte, Handtaschen, Schmuck und sogar Regenschirme.<\/p>\n<p style=\"text-align: justify;\"><img loading=\"lazy\" decoding=\"async\" class=\"alignleft wp-image-6017 size-large\" src=\"https:\/\/blog.olimar.de\/wp-content\/uploads\/2016\/09\/Wegweiser_Algarve-1024x683.jpg\" alt=\"Wegweiser Algarve\" width=\"840\" height=\"560\" srcset=\"https:\/\/blog.olimar.de\/wp-content\/uploads\/2016\/09\/Wegweiser_Algarve-1024x683.jpg 1024w, https:\/\/blog.olimar.de\/wp-content\/uploads\/2016\/09\/Wegweiser_Algarve-300x200.jpg 300w, https:\/\/blog.olimar.de\/wp-content\/uploads\/2016\/09\/Wegweiser_Algarve-768x512.jpg 768w, https:\/\/blog.olimar.de\/wp-content\/uploads\/2016\/09\/Wegweiser_Algarve-840x560.jpg 840w, https:\/\/blog.olimar.de\/wp-content\/uploads\/2016\/09\/Wegweiser_Algarve-1200x800.jpg 1200w\" sizes=\"auto, (max-width: 840px) 100vw, 840px\" \/><\/p>\n<p style=\"text-align: justify;\"><span class=\"dropcap\">B<\/span>is eine Korkeiche \u201eerntereif\u201c ist braucht es allerdings Geduld: OLIMAR Reiseleiterin Sandra Cust\u00f3dio erkl\u00e4rt, dass die B\u00e4ume zun\u00e4chst 20 bis 25 Jahre wachsen m\u00fcssen, bevor man erstmals eine Korkschicht vom Stamm abtragen kann. Bis zum n\u00e4chsten Sch\u00e4len dauert es weitere neun bis zehn Jahre, da die Rinde pro Jahr nur wenige Millimeter w\u00e4chst. Damit die Korkeichen nicht aus Versehen zu fr\u00fch gesch\u00e4lt werden, wird jeder Baum mit dem letzten Sch\u00e4ldatum gekennzeichnet.<\/p>\n<p style=\"text-align: justify;\"><img loading=\"lazy\" decoding=\"async\" class=\"alignleft wp-image-6013 size-large\" src=\"https:\/\/blog.olimar.de\/wp-content\/uploads\/2016\/09\/Korkeichen-Alentejo-1024x683.jpg\" alt=\"Korkeichen im Alentejo\" width=\"840\" height=\"560\" srcset=\"https:\/\/blog.olimar.de\/wp-content\/uploads\/2016\/09\/Korkeichen-Alentejo-1024x683.jpg 1024w, https:\/\/blog.olimar.de\/wp-content\/uploads\/2016\/09\/Korkeichen-Alentejo-300x200.jpg 300w, https:\/\/blog.olimar.de\/wp-content\/uploads\/2016\/09\/Korkeichen-Alentejo-768x512.jpg 768w, https:\/\/blog.olimar.de\/wp-content\/uploads\/2016\/09\/Korkeichen-Alentejo-840x560.jpg 840w, https:\/\/blog.olimar.de\/wp-content\/uploads\/2016\/09\/Korkeichen-Alentejo-1200x800.jpg 1200w\" sizes=\"auto, (max-width: 840px) 100vw, 840px\" \/><\/p>\n<h2 style=\"text-align: justify;\">Ein Wald mit Nummern<\/h2>\n<p style=\"text-align: justify;\">So erhellt wandern wir durch den \u201enummerierten\u201c Wald, begleitet nur vom Gezwitscher der V\u00f6gel. In sanften Serpentinen schl\u00e4ngelt sich der Wanderweg Richtung Gipfel, Eukalyptus- und Erdbeerb\u00e4ume wechseln sich jetzt mit den Korkeichen ab. Der Erdbeerbaum liefert mit seinen roten, stacheligen Fr\u00fcchten die Grundlage f\u00fcr den Medronho, einen in Portugal beliebten Obstschnapps (s. auch dazu diesen <a href=\"https:\/\/blog.olimar.de\/medronho-algarve\/\" rel=\"noopener noreferrer\">Sonnenseiten-Artikel<\/a>).<\/p>\n<p style=\"text-align: justify;\">Vor einem einsamen Geh\u00f6ft be\u00e4ugt uns ein Anwohner leicht skeptisch. Portugiesen \u2013 vor allem der \u00e4lteren Generation \u2212 erschlie\u00dft sich nicht unbedingt, warum Touristen die Berge hinauf schnaufen. Besonders in den abgelegenen Bergregionen verbinden die Menschen damit allt\u00e4gliche M\u00fchsal, den Supermarkt \u201eum die Ecke\u201c gibt es hier eben nicht.<\/p>\n<p style=\"text-align: justify;\"><img loading=\"lazy\" decoding=\"async\" class=\"size-large wp-image-6011 aligncenter\" src=\"https:\/\/blog.olimar.de\/wp-content\/uploads\/2016\/09\/Algarve-Wandergruppe-683x1024.jpg\" alt=\"Algarve-Wandergruppe\" width=\"683\" height=\"1024\" srcset=\"https:\/\/blog.olimar.de\/wp-content\/uploads\/2016\/09\/Algarve-Wandergruppe-683x1024.jpg 683w, https:\/\/blog.olimar.de\/wp-content\/uploads\/2016\/09\/Algarve-Wandergruppe-200x300.jpg 200w, https:\/\/blog.olimar.de\/wp-content\/uploads\/2016\/09\/Algarve-Wandergruppe-768x1152.jpg 768w\" sizes=\"auto, (max-width: 683px) 100vw, 683px\" \/><\/p>\n<p style=\"text-align: justify;\">Daf\u00fcr Natur pur. Als wir nach ca. einer Stunde ein Hochplateau erreichen, weht uns ein rauer Wind entgegen, also schnell wieder rein in die Jacken. Auch die Vegetation ist jetzt robuster mit niedrigen Kiefernb\u00fcschen, Steineichen und Baumheide. Diese geben einen atemberaubenden Blick auf die umliegenden gr\u00fcnen H\u00fcgel bis hin zur K\u00fcste und dem blau schimmernden Atlantik frei \u2013 Algarve von oben. Das letzte St\u00fcck zum Gipfel mit einem Aussichtsturm f\u00fchrt \u00fcber schroffe Granitfelsen. Wir begn\u00fcgen uns mit dem Blick dorthin und machen uns an den Abstieg. Auf dem steil abfallenden Schotterweg machen sich jetzt auch die Wanderschuhe bezahlt. Nach rund 20 Minuten gelangen wir auf eine geteerte Stra\u00dfe und wandern in breiten Serpentinen entlang bl\u00fchender Wiesen und Obstb\u00e4ume zur\u00fcck zu unserem Ausgangspunkt.<\/p>\n<h2 style=\"text-align: justify;\">Spektakul\u00e4re K\u00fcstenwanderungen<\/h2>\n<p style=\"text-align: justify;\">Neben dem Hinterland der Algarve l\u00e4dt auch die K\u00fcste zu ausgedehnten Wanderungen mit herrlichen Aussichten ein. Die Rota Vicentina verl\u00e4uft vom Cabo de S\u00e3o Vicente im \u00e4u\u00dfersten S\u00fcden bis nach Santiago do Cac\u00e9m im Alentejo immer entlang der Westk\u00fcste. Der Fernwanderweg ist in die 230 Kilometer lange \u201ehistorische Route\u201c und den anspruchsvolleren, ca. 120 Kilometer langen \u201eFischerpfad\u201c unterteilt.<\/p>\n<p style=\"text-align: justify;\">W\u00e4hrend die historische Route \u00fcber Berge und T\u00e4ler, durch urige D\u00f6rfer und Korkeichenhaine im Hinterland f\u00fchrt, verl\u00e4uft der Fischerpfad durch D\u00fcnenlandschaften, \u00fcber kilometerlange Str\u00e4nde und schroffe Felsen immer am Atlantik entlang. Ein einmaliges Naturerlebnis, bei dem der Wanderer die wilde, manchmal schroffe Seite dieser einmaligen K\u00fcstenlandschaft erlebt. <a href=\"https:\/\/blog.olimar.de\/rota-vicentina\/\" rel=\"noopener\">Hier geht&#8217;s zu einem ausf\u00fchrlichen, mehrteiligen Artikel \u00fcber die einzelnen Etappen der Rota Vicentina.<\/a><\/p>\n<p style=\"text-align: justify;\">Die sanftere S\u00fcdk\u00fcste l\u00e4sst sich ebenfalls abseits ausgetretener Pfade erkunden: zum Beispiel \u00fcber die spektakul\u00e4ren Klippen bei Lagos und Carvoeiro und in der einmaligen D\u00fcnenlandschaft der Ria Formosa.<\/p>\n<h2 style=\"text-align: justify;\">OLIMAR Tipps<\/h2>\n<p style=\"text-align: justify;\"><strong>Hotels:<\/strong><\/p>\n<p style=\"text-align: justify;\"><a href=\"https:\/\/rms.olimar.de\/code\/FAO103\" rel=\"noopener noreferrer\">Memmo Baleira Hotel<\/a>, Sagres: In herrlicher Panoramalage an der Bucht Sagres erwartet Sie dieses moderne Hotel, das vor einigen Jahren grundlegend renoviert wurde. Ab 37 \u20ac p. P.\/Nacht inkl. Fr\u00fchst\u00fcck.<\/p>\n<p style=\"text-align: justify;\"><a href=\"https:\/\/rms.olimar.de\/code\/FAO207\" rel=\"noopener noreferrer\">Vila Palmeira<\/a>, Lagos: Wenige Kilometer au\u00dferhalb von Lagos, erwartet Sie eine der besten Appartement-Anlagen der Region. Sie steht unter deutsch-schweizerischer Leitung und wird mit viel Sorgfalt und Liebe gef\u00fchrt. Ab 44 \u20ac p. P.\/Nacht im Appartement inkl. Fr\u00fchst\u00fcck.<\/p>\n<p style=\"text-align: justify;\"><a href=\"https:\/\/rms.olimar.de\/code\/FAO443\" rel=\"noopener noreferrer\">Pestana Palm Gardens<\/a>, Carvoeiro: Viel Platz und Ruhe sind die Kennzeichen dieser Ferienanlage mit anspruchsvollen Reihenh\u00e4usern. Das Resort liegt in Panoramalage auf einem<br \/>Felsplateau oberhalb der Badebucht \u201eVale de Centianes\u201c. Drei N\u00e4chte im Studio ohne Verpflegung ab 55 \u20ac p. P.<\/p>\n<p><strong>Rundreisen:<\/strong><\/p>\n<p style=\"text-align: justify;\">Bade- und Wanderparadies Rota Vicentina: 10-t\u00e4gige Mietwagen-Rundreise entlang der unber\u00fchrten K\u00fcste Portugals, ausgehend von Lissabon bis an die Algarve. Ab 460 \u20ac p. P. inkl. Hotel\u00fcbernachtungen, Fr\u00fchst\u00fcck, 4-st\u00fcndige gef\u00fchrte Wanderung, Mietwagen und ausf\u00fchrliche Reiseunterlagen.<\/p>\n<p style=\"text-align: justify;\"><a href=\"https:\/\/rms.olimar.de\/code\/LISX49\" rel=\"noopener noreferrer\">Panoramawandern entlang der Rota Vicentina:<\/a> 8-t\u00e4gige individuelle Wander-Reise, auf der die reizvollsten Teilabschnitte des Fernwanderwegs Rota Vicentina erwandert werden. Ab 486 \u20ac p. P. inkl. Hotel\u00fcbernachtungen, Fr\u00fchst\u00fcck, Hoteltransfers und Gep\u00e4cktransfers sowie ausf\u00fchrlichen Reiseunterlagen mit Routenvorschl\u00e4gen und Landkarte. <a href=\"https:\/\/blog.olimar.de\/rota-vicentina\/\" rel=\"noopener\">Hier geht&#8217;s zu einem ausf\u00fchrlichen Erlebnisbericht \u00fcber die Rota Vicentina Wanderung<\/a>.<\/p>\n<p style=\"text-align: justify;\">K\u00fcsten- und Bergwandern an der Algarve: Auf dieser gef\u00fchrten Wanderreise entdecken Sie in 8 Tagen die atemberaubenden Landschaften und eine eindrucksvolle Vielfalt nat\u00fcrlicher Ressourcen. Ab 1.022 \u20ac p. P. inkl. Hotel\u00fcbernachtungen mit Fr\u00fchst\u00fcck, Flug nach\/ab Faro, gef\u00fchrten Wanderungen inkl. Transfers und mehr.<\/p>\n\n\n<div class=\"wp-block-buttons is-layout-flex wp-block-buttons-is-layout-flex\">\n<div class=\"wp-block-button\"><a class=\"wp-block-button__link wp-element-button\" href=\"https:\/\/www.olimar.de\/hotellistung\/\">Jetzt Urlaubsangebote finden und buchen<\/a><\/div>\n<\/div>\n","protected":false},"excerpt":{"rendered":"<p>Kommen Sie mit ins Hinterland der Algarve: Hier finden Sie die l\u00e4ndliche, urspr\u00fcngliche Seite der beliebten Urlaubsregion in Portugal.<\/p>\n","protected":false},"author":44,"featured_media":6014,"comment_status":"open","ping_status":"open","sticky":false,"template":"","format":"standard","meta":{"_crdt_document":"","_lmt_disableupdate":"","_lmt_disable":"","footnotes":""},"categories":[29],"tags":[24,34,20],"class_list":["post-5896","post","type-post","status-publish","format-standard","has-post-thumbnail","hentry","category-aktiv-natur","tag-algarve","tag-portugal","tag-slider"],"yoast_head":"<!-- This site is optimized with the Yoast SEO plugin v26.9 - https:\/\/yoast.com\/product\/yoast-seo-wordpress\/ -->\n<title>Hinterland der Algarve: Entdecken Sie diese tolle Region mit uns!<\/title>\n<meta name=\"description\" content=\"Kommen Sie mit ins Hinterland der Algarve: Hier finden Sie die l\u00e4ndliche, urspr\u00fcngliche Seite der beliebten Urlaubsregion in Portugal!\" \/>\n<meta name=\"robots\" content=\"index, follow, max-snippet:-1, max-image-preview:large, max-video-preview:-1\" \/>\n<link rel=\"canonical\" href=\"https:\/\/blog.olimar.de\/hinterland-der-algarve\/\" \/>\n<meta property=\"og:locale\" content=\"de_DE\" \/>\n<meta property=\"og:type\" content=\"article\" \/>\n<meta property=\"og:title\" content=\"Hinterland der Algarve: Entdecken Sie diese tolle Region mit uns!\" \/>\n<meta property=\"og:description\" content=\"Kommen Sie mit ins Hinterland der Algarve: Hier finden Sie die l\u00e4ndliche, urspr\u00fcngliche Seite der beliebten Urlaubsregion in Portugal!\" \/>\n<meta property=\"og:url\" content=\"https:\/\/blog.olimar.de\/hinterland-der-algarve\/\" \/>\n<meta property=\"article:publisher\" content=\"https:\/\/www.facebook.com\/OlimarReisen\" \/>\n<meta property=\"article:published_time\" content=\"2016-09-02T15:15:23+00:00\" \/>\n<meta property=\"article:modified_time\" content=\"2022-12-11T20:18:32+00:00\" \/>\n<meta property=\"og:image\" content=\"https:\/\/blog.olimar.de\/wp-content\/uploads\/2016\/09\/Monchique_Ausblick-e1518802013423.jpg\" \/>\n\t<meta property=\"og:image:width\" content=\"547\" \/>\n\t<meta property=\"og:image:height\" content=\"365\" \/>\n\t<meta property=\"og:image:type\" content=\"image\/jpeg\" \/>\n<meta name=\"author\" content=\"Andrea Bellok\" \/>\n<meta name=\"twitter:label1\" content=\"Verfasst von\" \/>\n\t<meta name=\"twitter:data1\" content=\"Andrea Bellok\" \/>\n\t<meta name=\"twitter:label2\" content=\"Gesch\u00e4tzte Lesezeit\" \/>\n\t<meta name=\"twitter:data2\" content=\"6\u00a0Minuten\" \/>\n<script type=\"application\/ld+json\" class=\"yoast-schema-graph\">{\"@context\":\"https:\/\/schema.org\",\"@graph\":[{\"@type\":\"WebPage\",\"@id\":\"https:\/\/blog.olimar.de\/hinterland-der-algarve\/\",\"url\":\"https:\/\/blog.olimar.de\/hinterland-der-algarve\/\",\"name\":\"Hinterland der Algarve: Entdecken Sie diese tolle Region mit uns!\",\"isPartOf\":{\"@id\":\"https:\/\/blog.olimar.de\/#website\"},\"primaryImageOfPage\":{\"@id\":\"https:\/\/blog.olimar.de\/hinterland-der-algarve\/#primaryimage\"},\"image\":{\"@id\":\"https:\/\/blog.olimar.de\/hinterland-der-algarve\/#primaryimage\"},\"thumbnailUrl\":\"https:\/\/blog.olimar.de\/wp-content\/uploads\/2016\/09\/Monchique_Ausblick-e1518802013423.jpg\",\"datePublished\":\"2016-09-02T15:15:23+00:00\",\"dateModified\":\"2022-12-11T20:18:32+00:00\",\"description\":\"Kommen Sie mit ins Hinterland der Algarve: Hier finden Sie die l\u00e4ndliche, urspr\u00fcngliche Seite der beliebten Urlaubsregion in Portugal!\",\"breadcrumb\":{\"@id\":\"https:\/\/blog.olimar.de\/hinterland-der-algarve\/#breadcrumb\"},\"inLanguage\":\"de\",\"potentialAction\":[{\"@type\":\"ReadAction\",\"target\":[\"https:\/\/blog.olimar.de\/hinterland-der-algarve\/\"]}]},{\"@type\":\"ImageObject\",\"inLanguage\":\"de\",\"@id\":\"https:\/\/blog.olimar.de\/hinterland-der-algarve\/#primaryimage\",\"url\":\"https:\/\/blog.olimar.de\/wp-content\/uploads\/2016\/09\/Monchique_Ausblick-e1518802013423.jpg\",\"contentUrl\":\"https:\/\/blog.olimar.de\/wp-content\/uploads\/2016\/09\/Monchique_Ausblick-e1518802013423.jpg\",\"width\":547,\"height\":365,\"caption\":\"Monchique Ausblick\"},{\"@type\":\"BreadcrumbList\",\"@id\":\"https:\/\/blog.olimar.de\/hinterland-der-algarve\/#breadcrumb\",\"itemListElement\":[{\"@type\":\"ListItem\",\"position\":1,\"name\":\"Home\",\"item\":\"https:\/\/blog.olimar.de\/\"},{\"@type\":\"ListItem\",\"position\":2,\"name\":\"Algarve\",\"item\":\"https:\/\/blog.olimar.de\/tag\/algarve\/\"},{\"@type\":\"ListItem\",\"position\":3,\"name\":\"Das Hinterland der Algarve entdecken\"}]},{\"@type\":\"WebSite\",\"@id\":\"https:\/\/blog.olimar.de\/#website\",\"url\":\"https:\/\/blog.olimar.de\/\",\"name\":\"OLIMAR.com\",\"description\":\"\",\"publisher\":{\"@id\":\"https:\/\/blog.olimar.de\/#organization\"},\"potentialAction\":[{\"@type\":\"SearchAction\",\"target\":{\"@type\":\"EntryPoint\",\"urlTemplate\":\"https:\/\/blog.olimar.de\/?s={search_term_string}\"},\"query-input\":{\"@type\":\"PropertyValueSpecification\",\"valueRequired\":true,\"valueName\":\"search_term_string\"}}],\"inLanguage\":\"de\"},{\"@type\":\"Organization\",\"@id\":\"https:\/\/blog.olimar.de\/#organization\",\"name\":\"OLIMAR Reisen\",\"url\":\"https:\/\/blog.olimar.de\/\",\"logo\":{\"@type\":\"ImageObject\",\"inLanguage\":\"de\",\"@id\":\"https:\/\/blog.olimar.de\/#\/schema\/logo\/image\/\",\"url\":\"https:\/\/blog.olimar.de\/wp-content\/uploads\/2021\/01\/OLIMAR_Logo_COLOR.png\",\"contentUrl\":\"https:\/\/blog.olimar.de\/wp-content\/uploads\/2021\/01\/OLIMAR_Logo_COLOR.png\",\"width\":2000,\"height\":986,\"caption\":\"OLIMAR Reisen\"},\"image\":{\"@id\":\"https:\/\/blog.olimar.de\/#\/schema\/logo\/image\/\"},\"sameAs\":[\"https:\/\/www.facebook.com\/OlimarReisen\",\"https:\/\/x.com\/olimarrreisen\",\"https:\/\/www.instagram.com\/olimarreisen\",\"https:\/\/www.youtube.com\/user\/olimarreisen\"]}]}<\/script>\n<!-- \/ Yoast SEO plugin. -->","yoast_head_json":{"title":"Hinterland der Algarve: Entdecken Sie diese tolle Region mit uns!","description":"Kommen Sie mit ins Hinterland der Algarve: Hier finden Sie die l\u00e4ndliche, urspr\u00fcngliche Seite der beliebten Urlaubsregion in Portugal!","robots":{"index":"index","follow":"follow","max-snippet":"max-snippet:-1","max-image-preview":"max-image-preview:large","max-video-preview":"max-video-preview:-1"},"canonical":"https:\/\/blog.olimar.de\/hinterland-der-algarve\/","og_locale":"de_DE","og_type":"article","og_title":"Hinterland der Algarve: Entdecken Sie diese tolle Region mit uns!","og_description":"Kommen Sie mit ins Hinterland der Algarve: Hier finden Sie die l\u00e4ndliche, urspr\u00fcngliche Seite der beliebten Urlaubsregion in Portugal!","og_url":"https:\/\/blog.olimar.de\/hinterland-der-algarve\/","article_publisher":"https:\/\/www.facebook.com\/OlimarReisen","article_published_time":"2016-09-02T15:15:23+00:00","article_modified_time":"2022-12-11T20:18:32+00:00","og_image":[{"width":547,"height":365,"url":"https:\/\/blog.olimar.de\/wp-content\/uploads\/2016\/09\/Monchique_Ausblick-e1518802013423.jpg","type":"image\/jpeg"}],"author":"Andrea Bellok","twitter_misc":{"Verfasst von":"Andrea Bellok","Gesch\u00e4tzte Lesezeit":"6\u00a0Minuten"},"schema":{"@context":"https:\/\/schema.org","@graph":[{"@type":"WebPage","@id":"https:\/\/blog.olimar.de\/hinterland-der-algarve\/","url":"https:\/\/blog.olimar.de\/hinterland-der-algarve\/","name":"Hinterland der Algarve: Entdecken Sie diese tolle Region mit uns!","isPartOf":{"@id":"https:\/\/blog.olimar.de\/#website"},"primaryImageOfPage":{"@id":"https:\/\/blog.olimar.de\/hinterland-der-algarve\/#primaryimage"},"image":{"@id":"https:\/\/blog.olimar.de\/hinterland-der-algarve\/#primaryimage"},"thumbnailUrl":"https:\/\/blog.olimar.de\/wp-content\/uploads\/2016\/09\/Monchique_Ausblick-e1518802013423.jpg","datePublished":"2016-09-02T15:15:23+00:00","dateModified":"2022-12-11T20:18:32+00:00","description":"Kommen Sie mit ins Hinterland der Algarve: Hier finden Sie die l\u00e4ndliche, urspr\u00fcngliche Seite der beliebten Urlaubsregion in Portugal!","breadcrumb":{"@id":"https:\/\/blog.olimar.de\/hinterland-der-algarve\/#breadcrumb"},"inLanguage":"de","potentialAction":[{"@type":"ReadAction","target":["https:\/\/blog.olimar.de\/hinterland-der-algarve\/"]}]},{"@type":"ImageObject","inLanguage":"de","@id":"https:\/\/blog.olimar.de\/hinterland-der-algarve\/#primaryimage","url":"https:\/\/blog.olimar.de\/wp-content\/uploads\/2016\/09\/Monchique_Ausblick-e1518802013423.jpg","contentUrl":"https:\/\/blog.olimar.de\/wp-content\/uploads\/2016\/09\/Monchique_Ausblick-e1518802013423.jpg","width":547,"height":365,"caption":"Monchique Ausblick"},{"@type":"BreadcrumbList","@id":"https:\/\/blog.olimar.de\/hinterland-der-algarve\/#breadcrumb","itemListElement":[{"@type":"ListItem","position":1,"name":"Home","item":"https:\/\/blog.olimar.de\/"},{"@type":"ListItem","position":2,"name":"Algarve","item":"https:\/\/blog.olimar.de\/tag\/algarve\/"},{"@type":"ListItem","position":3,"name":"Das Hinterland der Algarve entdecken"}]},{"@type":"WebSite","@id":"https:\/\/blog.olimar.de\/#website","url":"https:\/\/blog.olimar.de\/","name":"OLIMAR.com","description":"","publisher":{"@id":"https:\/\/blog.olimar.de\/#organization"},"potentialAction":[{"@type":"SearchAction","target":{"@type":"EntryPoint","urlTemplate":"https:\/\/blog.olimar.de\/?s={search_term_string}"},"query-input":{"@type":"PropertyValueSpecification","valueRequired":true,"valueName":"search_term_string"}}],"inLanguage":"de"},{"@type":"Organization","@id":"https:\/\/blog.olimar.de\/#organization","name":"OLIMAR Reisen","url":"https:\/\/blog.olimar.de\/","logo":{"@type":"ImageObject","inLanguage":"de","@id":"https:\/\/blog.olimar.de\/#\/schema\/logo\/image\/","url":"https:\/\/blog.olimar.de\/wp-content\/uploads\/2021\/01\/OLIMAR_Logo_COLOR.png","contentUrl":"https:\/\/blog.olimar.de\/wp-content\/uploads\/2021\/01\/OLIMAR_Logo_COLOR.png","width":2000,"height":986,"caption":"OLIMAR Reisen"},"image":{"@id":"https:\/\/blog.olimar.de\/#\/schema\/logo\/image\/"},"sameAs":["https:\/\/www.facebook.com\/OlimarReisen","https:\/\/x.com\/olimarrreisen","https:\/\/www.instagram.com\/olimarreisen","https:\/\/www.youtube.com\/user\/olimarreisen"]}]}},"modified_by":"Lena Radermacher","jetpack_featured_media_url":"https:\/\/blog.olimar.de\/wp-content\/uploads\/2016\/09\/Monchique_Ausblick-e1518802013423.jpg","_links":{"self":[{"href":"https:\/\/blog.olimar.de\/wp-json\/wp\/v2\/posts\/5896","targetHints":{"allow":["GET"]}}],"collection":[{"href":"https:\/\/blog.olimar.de\/wp-json\/wp\/v2\/posts"}],"about":[{"href":"https:\/\/blog.olimar.de\/wp-json\/wp\/v2\/types\/post"}],"author":[{"embeddable":true,"href":"https:\/\/blog.olimar.de\/wp-json\/wp\/v2\/users\/44"}],"replies":[{"embeddable":true,"href":"https:\/\/blog.olimar.de\/wp-json\/wp\/v2\/comments?post=5896"}],"version-history":[{"count":18,"href":"https:\/\/blog.olimar.de\/wp-json\/wp\/v2\/posts\/5896\/revisions"}],"predecessor-version":[{"id":21771,"href":"https:\/\/blog.olimar.de\/wp-json\/wp\/v2\/posts\/5896\/revisions\/21771"}],"wp:featuredmedia":[{"embeddable":true,"href":"https:\/\/blog.olimar.de\/wp-json\/wp\/v2\/media\/6014"}],"wp:attachment":[{"href":"https:\/\/blog.olimar.de\/wp-json\/wp\/v2\/media?parent=5896"}],"wp:term":[{"taxonomy":"category","embeddable":true,"href":"https:\/\/blog.olimar.de\/wp-json\/wp\/v2\/categories?post=5896"},{"taxonomy":"post_tag","embeddable":true,"href":"https:\/\/blog.olimar.de\/wp-json\/wp\/v2\/tags?post=5896"}],"curies":[{"name":"wp","href":"https:\/\/api.w.org\/{rel}","templated":true}]}}