{"id":5903,"date":"2016-08-31T17:10:38","date_gmt":"2016-08-31T15:10:38","guid":{"rendered":"https:\/\/blog.olimar.de\/?p=5903"},"modified":"2022-12-22T11:11:38","modified_gmt":"2022-12-22T10:11:38","slug":"fotoreise-portugal","status":"publish","type":"post","link":"https:\/\/blog.olimar.de\/fotoreise-portugal\/","title":{"rendered":"F\u00fcr OLIMAR unterwegs: Fotoreise durch Portugal"},"content":{"rendered":"\n<p><strong>Nachdem sie im April bereits f\u00fcr OLIMAR Reisen auf Madeira und auf der Azoren-Insel S\u00e3o Miguel unterwegs waren (nachzulesen <a href=\"https:\/\/blog.olimar.de\/fotoreise-madeira-und-azoren\/\" rel=\"noopener noreferrer\">hier<\/a>), freuen wir uns nun auf die Fortsetzung ihrer Reise: Im September werden Monika und Achim Meurer, genannt &#8220;Waltzing Meurers&#8221;, auf gro\u00dfe 4-w\u00f6chige <a href=\"https:\/\/www.olimar.de\/portugal\/\" rel=\"noopener noreferrer\">Portugal<\/a>-Tour gehen.<\/strong><\/p>\n\n\n\n<div class=\"wp-block-buttons is-layout-flex wp-block-buttons-is-layout-flex\">\n<div class=\"wp-block-button\"><a class=\"wp-block-button__link wp-element-button\" href=\"https:\/\/www.olimar.de\/portugal\/\">Portugal Reiseangebote und Hoteltipps entdecken<\/a><\/div>\n<\/div>\n\n\n\n<div style=\"height:25px\" aria-hidden=\"true\" class=\"wp-block-spacer\"><\/div>\n\n\n<p style=\"text-align: justify;\">Von unterwegs werden sie uns wieder mit vielen tollen Fotos (Achim ist Fotograf) und Erlebnisberichten (Monika ist passionierte Texterin) an ihrer Reise teilhaben lassen.<\/p>\n<p style=\"text-align: justify;\">Die Tour startet mit einem 10-t\u00e4gigen Algarve-Aufenthalt. Neben einigen sch\u00f6nen Str\u00e4nden werden sich die Meurers die sehenswertesten St\u00e4dtchen ansehen und auch die ein oder andere Tour ins bergige Hinterland der Algarve unternehmen. Auch eine Jeep-Safari und eine Katamaran-Fahrt sind geplant.<\/p>\n<p style=\"text-align: justify;\">Weiter geht&#8217;s am 11. September mit einer Fahrt durch den Alentejo bis in die Hauptstadt Lissabon. Auch dort gibt es so viel zu sehen &#8211; nicht nur in der Stadt selber sondern auch an den K\u00fcsten der Umgebung -, dass sie dort fast zwei Wochen bleiben werden.<\/p>\n<p style=\"text-align: justify;\">In den restlichen 12 Tage haben Monika und Achim ausreichend Zeit, um den weiten Norden Portugals &#8211; nat\u00fcrlich mitsamt des herrlichen Douro-Tals &#8211; zu entdecken. Sicherlich wird es auch einen interessanten Einblick in die Welt des Portweins geben&#8230;<\/p>\n<p style=\"text-align: justify;\">Klingt nach einer tollen Reise? \u00dcber folgende Online-Kan\u00e4le kann sie mitverfolgt werden:<\/p>\n<p style=\"text-align: justify;\">Online Magazin Sonnenseiten: <a href=\"https:\/\/blog.olimar.de\/\">https:\/\/blog.olimar.de<\/a><\/p>\n<p style=\"text-align: justify;\">Twitter: <a href=\"https:\/\/twitter.com\/olimarreisen\">https:\/\/twitter.com\/olimarreisen<\/a><\/p>\n<p style=\"text-align: justify;\">Facebook: <a href=\"https:\/\/www.facebook.com\/OLIMARreisen\/\">https:\/\/www.facebook.com\/OLIMARreisen\/<\/a><\/p>\n<p style=\"text-align: justify;\">Hashtags: #olimarreisen und #meurers<\/p>\n<p style=\"text-align: justify;\">Unser Service-Team steht auch Ihnen selbstverst\u00e4ndlich gern mit Rat und Tat zur Seite, um eine solche (oder \u00e4hnliche) Tour, gespickt mit viel Insider-Know-How des Reisespezialisten, zu organisieren! Ein kurzer Anruf oder eine <a href=\"mailto:service.center@olimar.com\">E-Mail<\/a> gen\u00fcgen.<\/p>\n\n\n<div style=\"height:25px\" aria-hidden=\"true\" class=\"wp-block-spacer\"><\/div>\n\n\n\n<div class=\"wp-block-buttons is-layout-flex wp-block-buttons-is-layout-flex\">\n<div class=\"wp-block-button\"><a class=\"wp-block-button__link wp-element-button\" href=\"https:\/\/www.olimar.de\/hotellistung\/\">Jetzt Urlaubsangebote finden und buchen<\/a><\/div>\n<\/div>\n\n\n\n<div style=\"height:100px\" aria-hidden=\"true\" class=\"wp-block-spacer\"><\/div>\n","protected":false},"excerpt":{"rendered":"<p>Nachdem sie im April bereits f\u00fcr OLIMAR Reisen auf Madeira und auf der Azoren-Insel S\u00e3o Miguel unterwegs waren (nachzulesen hier), freuen wir uns nun auf die Fortsetzung ihrer Reise: Im September werden Monika und Achim Meurer, genannt &#8220;Waltzing Meurers&#8221;, auf gro\u00dfe 4-w\u00f6chige Portugal-Tour gehen. Von unterwegs werden sie uns wieder mit vielen tollen Fotos (Achim ist Fotograf) und Erlebnisberichten (Monika ist passionierte Texterin) an ihrer Reise teilhaben lassen. Die Tour startet mit einem 10-t\u00e4gigen Algarve-Aufenthalt. Neben einigen sch\u00f6nen Str\u00e4nden werden sich die Meurers die sehenswertesten St\u00e4dtchen ansehen und auch die ein oder andere Tour ins bergige Hinterland der Algarve unternehmen. Auch &hellip;<\/p>\n","protected":false},"author":9,"featured_media":5904,"comment_status":"open","ping_status":"open","sticky":false,"template":"","format":"standard","meta":{"_crdt_document":"","_lmt_disableupdate":"","_lmt_disable":"","footnotes":""},"categories":[19],"tags":[34],"class_list":["post-5903","post","type-post","status-publish","format-standard","has-post-thumbnail","hentry","category-on-tour","tag-portugal"],"yoast_head":"<!-- This site is optimized with the Yoast SEO plugin v26.9 - https:\/\/yoast.com\/product\/yoast-seo-wordpress\/ -->\n<title>Fotoreise durch Portugal - Vier Wochen unterwegs<\/title>\n<meta name=\"description\" content=\"Nachdem die Waltzing Meurers bereits auf Madeira und den Azoren unterwegs waren, freuen wir uns auf die Fortsetzung der Reise durch Portugal.\" \/>\n<meta name=\"robots\" content=\"index, follow, max-snippet:-1, max-image-preview:large, max-video-preview:-1\" \/>\n<link rel=\"canonical\" href=\"https:\/\/blog.olimar.de\/fotoreise-portugal\/\" \/>\n<meta property=\"og:locale\" content=\"de_DE\" \/>\n<meta property=\"og:type\" content=\"article\" \/>\n<meta property=\"og:title\" content=\"Fotoreise durch Portugal - Vier Wochen unterwegs\" \/>\n<meta property=\"og:description\" content=\"Nachdem die Waltzing Meurers bereits auf Madeira und den Azoren unterwegs waren, freuen wir uns auf die Fortsetzung der Reise durch Portugal.\" \/>\n<meta property=\"og:url\" content=\"https:\/\/blog.olimar.de\/fotoreise-portugal\/\" \/>\n<meta property=\"article:publisher\" content=\"https:\/\/www.facebook.com\/OlimarReisen\" \/>\n<meta property=\"article:published_time\" content=\"2016-08-31T15:10:38+00:00\" \/>\n<meta property=\"article:modified_time\" content=\"2022-12-22T10:11:38+00:00\" \/>\n<meta property=\"og:image\" content=\"https:\/\/blog.olimar.de\/wp-content\/uploads\/2016\/08\/Portugal-Meurers.jpg\" \/>\n\t<meta property=\"og:image:width\" content=\"777\" \/>\n\t<meta property=\"og:image:height\" content=\"666\" \/>\n\t<meta property=\"og:image:type\" content=\"image\/jpeg\" \/>\n<meta name=\"author\" content=\"OLIMAR Redaktionsteam\" \/>\n<meta name=\"twitter:label1\" content=\"Verfasst von\" \/>\n\t<meta name=\"twitter:data1\" content=\"OLIMAR Redaktionsteam\" \/>\n\t<meta name=\"twitter:label2\" content=\"Gesch\u00e4tzte Lesezeit\" \/>\n\t<meta name=\"twitter:data2\" content=\"2\u00a0Minuten\" \/>\n<script type=\"application\/ld+json\" class=\"yoast-schema-graph\">{\"@context\":\"https:\/\/schema.org\",\"@graph\":[{\"@type\":\"WebPage\",\"@id\":\"https:\/\/blog.olimar.de\/fotoreise-portugal\/\",\"url\":\"https:\/\/blog.olimar.de\/fotoreise-portugal\/\",\"name\":\"Fotoreise durch Portugal - Vier Wochen unterwegs\",\"isPartOf\":{\"@id\":\"https:\/\/blog.olimar.de\/#website\"},\"primaryImageOfPage\":{\"@id\":\"https:\/\/blog.olimar.de\/fotoreise-portugal\/#primaryimage\"},\"image\":{\"@id\":\"https:\/\/blog.olimar.de\/fotoreise-portugal\/#primaryimage\"},\"thumbnailUrl\":\"https:\/\/blog.olimar.de\/wp-content\/uploads\/2016\/08\/Portugal-Meurers.jpg\",\"datePublished\":\"2016-08-31T15:10:38+00:00\",\"dateModified\":\"2022-12-22T10:11:38+00:00\",\"description\":\"Nachdem die Waltzing Meurers bereits auf Madeira und den Azoren unterwegs waren, freuen wir uns auf die Fortsetzung der Reise durch Portugal.\",\"breadcrumb\":{\"@id\":\"https:\/\/blog.olimar.de\/fotoreise-portugal\/#breadcrumb\"},\"inLanguage\":\"de\",\"potentialAction\":[{\"@type\":\"ReadAction\",\"target\":[\"https:\/\/blog.olimar.de\/fotoreise-portugal\/\"]}]},{\"@type\":\"ImageObject\",\"inLanguage\":\"de\",\"@id\":\"https:\/\/blog.olimar.de\/fotoreise-portugal\/#primaryimage\",\"url\":\"https:\/\/blog.olimar.de\/wp-content\/uploads\/2016\/08\/Portugal-Meurers.jpg\",\"contentUrl\":\"https:\/\/blog.olimar.de\/wp-content\/uploads\/2016\/08\/Portugal-Meurers.jpg\",\"width\":777,\"height\":666,\"caption\":\"Portugal Tour Karte\"},{\"@type\":\"BreadcrumbList\",\"@id\":\"https:\/\/blog.olimar.de\/fotoreise-portugal\/#breadcrumb\",\"itemListElement\":[{\"@type\":\"ListItem\",\"position\":1,\"name\":\"Home\",\"item\":\"https:\/\/blog.olimar.de\/\"},{\"@type\":\"ListItem\",\"position\":2,\"name\":\"Portugal\",\"item\":\"https:\/\/blog.olimar.de\/tag\/portugal\/\"},{\"@type\":\"ListItem\",\"position\":3,\"name\":\"F\u00fcr OLIMAR unterwegs: Fotoreise durch Portugal\"}]},{\"@type\":\"WebSite\",\"@id\":\"https:\/\/blog.olimar.de\/#website\",\"url\":\"https:\/\/blog.olimar.de\/\",\"name\":\"OLIMAR.com\",\"description\":\"\",\"publisher\":{\"@id\":\"https:\/\/blog.olimar.de\/#organization\"},\"potentialAction\":[{\"@type\":\"SearchAction\",\"target\":{\"@type\":\"EntryPoint\",\"urlTemplate\":\"https:\/\/blog.olimar.de\/?s={search_term_string}\"},\"query-input\":{\"@type\":\"PropertyValueSpecification\",\"valueRequired\":true,\"valueName\":\"search_term_string\"}}],\"inLanguage\":\"de\"},{\"@type\":\"Organization\",\"@id\":\"https:\/\/blog.olimar.de\/#organization\",\"name\":\"OLIMAR Reisen\",\"url\":\"https:\/\/blog.olimar.de\/\",\"logo\":{\"@type\":\"ImageObject\",\"inLanguage\":\"de\",\"@id\":\"https:\/\/blog.olimar.de\/#\/schema\/logo\/image\/\",\"url\":\"https:\/\/blog.olimar.de\/wp-content\/uploads\/2021\/01\/OLIMAR_Logo_COLOR.png\",\"contentUrl\":\"https:\/\/blog.olimar.de\/wp-content\/uploads\/2021\/01\/OLIMAR_Logo_COLOR.png\",\"width\":2000,\"height\":986,\"caption\":\"OLIMAR Reisen\"},\"image\":{\"@id\":\"https:\/\/blog.olimar.de\/#\/schema\/logo\/image\/\"},\"sameAs\":[\"https:\/\/www.facebook.com\/OlimarReisen\",\"https:\/\/x.com\/olimarrreisen\",\"https:\/\/www.instagram.com\/olimarreisen\",\"https:\/\/www.youtube.com\/user\/olimarreisen\"]}]}<\/script>\n<!-- \/ Yoast SEO plugin. -->","yoast_head_json":{"title":"Fotoreise durch Portugal - Vier Wochen unterwegs","description":"Nachdem die Waltzing Meurers bereits auf Madeira und den Azoren unterwegs waren, freuen wir uns auf die Fortsetzung der Reise durch Portugal.","robots":{"index":"index","follow":"follow","max-snippet":"max-snippet:-1","max-image-preview":"max-image-preview:large","max-video-preview":"max-video-preview:-1"},"canonical":"https:\/\/blog.olimar.de\/fotoreise-portugal\/","og_locale":"de_DE","og_type":"article","og_title":"Fotoreise durch Portugal - Vier Wochen unterwegs","og_description":"Nachdem die Waltzing Meurers bereits auf Madeira und den Azoren unterwegs waren, freuen wir uns auf die Fortsetzung der Reise durch Portugal.","og_url":"https:\/\/blog.olimar.de\/fotoreise-portugal\/","article_publisher":"https:\/\/www.facebook.com\/OlimarReisen","article_published_time":"2016-08-31T15:10:38+00:00","article_modified_time":"2022-12-22T10:11:38+00:00","og_image":[{"width":777,"height":666,"url":"https:\/\/blog.olimar.de\/wp-content\/uploads\/2016\/08\/Portugal-Meurers.jpg","type":"image\/jpeg"}],"author":"OLIMAR Redaktionsteam","twitter_misc":{"Verfasst von":"OLIMAR Redaktionsteam","Gesch\u00e4tzte Lesezeit":"2\u00a0Minuten"},"schema":{"@context":"https:\/\/schema.org","@graph":[{"@type":"WebPage","@id":"https:\/\/blog.olimar.de\/fotoreise-portugal\/","url":"https:\/\/blog.olimar.de\/fotoreise-portugal\/","name":"Fotoreise durch Portugal - Vier Wochen unterwegs","isPartOf":{"@id":"https:\/\/blog.olimar.de\/#website"},"primaryImageOfPage":{"@id":"https:\/\/blog.olimar.de\/fotoreise-portugal\/#primaryimage"},"image":{"@id":"https:\/\/blog.olimar.de\/fotoreise-portugal\/#primaryimage"},"thumbnailUrl":"https:\/\/blog.olimar.de\/wp-content\/uploads\/2016\/08\/Portugal-Meurers.jpg","datePublished":"2016-08-31T15:10:38+00:00","dateModified":"2022-12-22T10:11:38+00:00","description":"Nachdem die Waltzing Meurers bereits auf Madeira und den Azoren unterwegs waren, freuen wir uns auf die Fortsetzung der Reise durch Portugal.","breadcrumb":{"@id":"https:\/\/blog.olimar.de\/fotoreise-portugal\/#breadcrumb"},"inLanguage":"de","potentialAction":[{"@type":"ReadAction","target":["https:\/\/blog.olimar.de\/fotoreise-portugal\/"]}]},{"@type":"ImageObject","inLanguage":"de","@id":"https:\/\/blog.olimar.de\/fotoreise-portugal\/#primaryimage","url":"https:\/\/blog.olimar.de\/wp-content\/uploads\/2016\/08\/Portugal-Meurers.jpg","contentUrl":"https:\/\/blog.olimar.de\/wp-content\/uploads\/2016\/08\/Portugal-Meurers.jpg","width":777,"height":666,"caption":"Portugal Tour Karte"},{"@type":"BreadcrumbList","@id":"https:\/\/blog.olimar.de\/fotoreise-portugal\/#breadcrumb","itemListElement":[{"@type":"ListItem","position":1,"name":"Home","item":"https:\/\/blog.olimar.de\/"},{"@type":"ListItem","position":2,"name":"Portugal","item":"https:\/\/blog.olimar.de\/tag\/portugal\/"},{"@type":"ListItem","position":3,"name":"F\u00fcr OLIMAR unterwegs: Fotoreise durch Portugal"}]},{"@type":"WebSite","@id":"https:\/\/blog.olimar.de\/#website","url":"https:\/\/blog.olimar.de\/","name":"OLIMAR.com","description":"","publisher":{"@id":"https:\/\/blog.olimar.de\/#organization"},"potentialAction":[{"@type":"SearchAction","target":{"@type":"EntryPoint","urlTemplate":"https:\/\/blog.olimar.de\/?s={search_term_string}"},"query-input":{"@type":"PropertyValueSpecification","valueRequired":true,"valueName":"search_term_string"}}],"inLanguage":"de"},{"@type":"Organization","@id":"https:\/\/blog.olimar.de\/#organization","name":"OLIMAR Reisen","url":"https:\/\/blog.olimar.de\/","logo":{"@type":"ImageObject","inLanguage":"de","@id":"https:\/\/blog.olimar.de\/#\/schema\/logo\/image\/","url":"https:\/\/blog.olimar.de\/wp-content\/uploads\/2021\/01\/OLIMAR_Logo_COLOR.png","contentUrl":"https:\/\/blog.olimar.de\/wp-content\/uploads\/2021\/01\/OLIMAR_Logo_COLOR.png","width":2000,"height":986,"caption":"OLIMAR Reisen"},"image":{"@id":"https:\/\/blog.olimar.de\/#\/schema\/logo\/image\/"},"sameAs":["https:\/\/www.facebook.com\/OlimarReisen","https:\/\/x.com\/olimarrreisen","https:\/\/www.instagram.com\/olimarreisen","https:\/\/www.youtube.com\/user\/olimarreisen"]}]}},"modified_by":"Lena Radermacher","jetpack_featured_media_url":"https:\/\/blog.olimar.de\/wp-content\/uploads\/2016\/08\/Portugal-Meurers.jpg","_links":{"self":[{"href":"https:\/\/blog.olimar.de\/wp-json\/wp\/v2\/posts\/5903","targetHints":{"allow":["GET"]}}],"collection":[{"href":"https:\/\/blog.olimar.de\/wp-json\/wp\/v2\/posts"}],"about":[{"href":"https:\/\/blog.olimar.de\/wp-json\/wp\/v2\/types\/post"}],"author":[{"embeddable":true,"href":"https:\/\/blog.olimar.de\/wp-json\/wp\/v2\/users\/9"}],"replies":[{"embeddable":true,"href":"https:\/\/blog.olimar.de\/wp-json\/wp\/v2\/comments?post=5903"}],"version-history":[{"count":21,"href":"https:\/\/blog.olimar.de\/wp-json\/wp\/v2\/posts\/5903\/revisions"}],"predecessor-version":[{"id":22938,"href":"https:\/\/blog.olimar.de\/wp-json\/wp\/v2\/posts\/5903\/revisions\/22938"}],"wp:featuredmedia":[{"embeddable":true,"href":"https:\/\/blog.olimar.de\/wp-json\/wp\/v2\/media\/5904"}],"wp:attachment":[{"href":"https:\/\/blog.olimar.de\/wp-json\/wp\/v2\/media?parent=5903"}],"wp:term":[{"taxonomy":"category","embeddable":true,"href":"https:\/\/blog.olimar.de\/wp-json\/wp\/v2\/categories?post=5903"},{"taxonomy":"post_tag","embeddable":true,"href":"https:\/\/blog.olimar.de\/wp-json\/wp\/v2\/tags?post=5903"}],"curies":[{"name":"wp","href":"https:\/\/api.w.org\/{rel}","templated":true}]}}