{"id":5935,"date":"2016-09-02T17:15:48","date_gmt":"2016-09-02T15:15:48","guid":{"rendered":"https:\/\/blog.olimar.de\/?p=5935"},"modified":"2024-10-14T13:38:30","modified_gmt":"2024-10-14T12:38:30","slug":"inselrundfahrt-auf-madeira","status":"publish","type":"post","link":"https:\/\/blog.olimar.de\/inselrundfahrt-auf-madeira\/","title":{"rendered":"Wandern, Baden und viele Museen: Eine Inselrundfahrt auf Madeira"},"content":{"rendered":"\n<p><strong>Wer seinen Wanderurlaub auf Madeira plant, wei\u00df nat\u00fcrlich, dass im Levada-Ranking die 25 Quellen von Raba\u00e7al oder der Lorbeerwald von Queimdas ganz oben auf der Liste stehen. Madeira-Urlauber, ob Neulinge oder Wiederholungst\u00e4ter, haben fast immer ganz genaue Vorstellungen, wie sie sich die Zeit vertreiben wollen. Und doch ist Madeira immer wieder f\u00fcr eine \u00dcberraschung gut.<\/strong><\/p>\n\n\n\n<div class=\"wp-block-buttons is-layout-flex wp-block-buttons-is-layout-flex\">\n<div class=\"wp-block-button\"><a class=\"wp-block-button__link wp-element-button\" href=\"https:\/\/www.olimar.de\/portugal\/madeira\/\" target=\"_blank\" rel=\"noreferrer noopener\">Urlaubsangebote f\u00fcr Madeira<\/a><\/div>\n<\/div>\n\n\n<p style=\"text-align: justify;\">Kommen Sie einfach mit auf eine nicht ganz allt\u00e4gliche Inselrundfahrt auf Madeira!<\/p>\n<p style=\"text-align: justify;\">Wir lassen die Hauptstadt Funchal hinter uns, mit ihren Pl\u00e4tzen, Pal\u00e4sten und Gassen, den G\u00e4rten und Museen, zu denen sich 2015 ein weiteres gesellt hat, das Museu CR7. Fu\u00dfballfans wissen es: Das sind die Initialen sowie die R\u00fcckennummer des ber\u00fchmtesten Inselsohns. Cristiano Ronaldo wurde hier geboren und betrat in den Reihen von Nacional Funchal die Fu\u00dfballb\u00fchne. Als Fu\u00dfball begeisterter Fan kommt man am Museu CR7 nicht vorbei. \u00dcbrigens betreibt er seit Kurzem auch sein erstes Hotel auf Madeira, das Pestana CR7 Hotel. Eine OLIMAR Kollegin berichtet in einem <a href=\"https:\/\/blog.olimar.de\/cr7-hotel\/\" rel=\"noopener noreferrer\">Sonnenseiten Artikel<\/a> \u00fcber ihren Hotel-Rundgang.<\/p>\n<p style=\"text-align: justify;\"><img loading=\"lazy\" decoding=\"async\" class=\"alignleft size-full wp-image-6130\" src=\"https:\/\/blog.olimar.de\/wp-content\/uploads\/2016\/09\/FNC137-a-Exterior2016A.jpg\" alt=\"FNC137-a-Exterior2016A\" width=\"1000\" height=\"667\" srcset=\"https:\/\/blog.olimar.de\/wp-content\/uploads\/2016\/09\/FNC137-a-Exterior2016A.jpg 1000w, https:\/\/blog.olimar.de\/wp-content\/uploads\/2016\/09\/FNC137-a-Exterior2016A-300x200.jpg 300w, https:\/\/blog.olimar.de\/wp-content\/uploads\/2016\/09\/FNC137-a-Exterior2016A-768x512.jpg 768w, https:\/\/blog.olimar.de\/wp-content\/uploads\/2016\/09\/FNC137-a-Exterior2016A-840x560.jpg 840w\" sizes=\"auto, (max-width: 1000px) 100vw, 1000px\" \/><\/p>\n<p style=\"text-align: justify;\">Die Insel im Mietwagen umrunden, das war bis vor etwa zehn Jahren Schwerstarbeit. Enge Stra\u00dfen, Kurven und Serpentinen am Flie\u00dfband, unbeleuchtete Tunnel, Sturzb\u00e4che von oben, h\u00e4ufig am Abgrund entlang. Das ist Vergangenheit. Hier und dort entgeht einem jetzt ein spektakul\u00e4rer Blick auf Steilk\u00fcsten und Atlantik, daf\u00fcr ist man auf der neuen Schnellstra\u00dfe gut und sicher unterwegs. Auch entlegene Ecken sind in relativ kurzer Zeit erreichbar.<\/p>\n<h3 style=\"text-align: justify;\"><strong>Tipp: Baden an der Bucht des Cabo Gir\u00e3o<\/strong><\/h3>\n<p style=\"text-align: justify;\">Abbiegen tut man sp\u00e4testens dann, wenn das Schild zum Cabo Gir\u00e3o in Sicht kommt, ohne Zweifel der spektakul\u00e4rste Aussichtspunkt an der S\u00fcdk\u00fcste. Weniger bekannt ist, dass sich der Ausflug mit einem Bad im Atlantik kombinieren l\u00e4sst. Unterhalb des Cabo Gir\u00e3o befindet sich direkt an der Stra\u00dfe der \u201eTelef\u00e9rico do Rancho\u201c. Die Seilbahn f\u00fchrt hinab zu einer kleinen Badebucht, die nur auf diesem Weg erreichbar ist.<\/p>\n<p style=\"text-align: justify;\"><img loading=\"lazy\" decoding=\"async\" class=\"alignleft size-full wp-image-6131\" src=\"https:\/\/blog.olimar.de\/wp-content\/uploads\/2016\/09\/PT-Madeira-CaboGiraoB-WalzingMeurers.jpg\" alt=\"PT-Madeira-CaboGiraoB-WalzingMeurers\" width=\"1000\" height=\"667\" srcset=\"https:\/\/blog.olimar.de\/wp-content\/uploads\/2016\/09\/PT-Madeira-CaboGiraoB-WalzingMeurers.jpg 1000w, https:\/\/blog.olimar.de\/wp-content\/uploads\/2016\/09\/PT-Madeira-CaboGiraoB-WalzingMeurers-300x200.jpg 300w, https:\/\/blog.olimar.de\/wp-content\/uploads\/2016\/09\/PT-Madeira-CaboGiraoB-WalzingMeurers-768x512.jpg 768w, https:\/\/blog.olimar.de\/wp-content\/uploads\/2016\/09\/PT-Madeira-CaboGiraoB-WalzingMeurers-840x560.jpg 840w\" sizes=\"auto, (max-width: 1000px) 100vw, 1000px\" \/><\/p>\n<p style=\"text-align: justify;\">Soeben noch unten, geht es schon wieder hinauf. Aber das ist auf Madeira nun einmal so. Hoch \u00fcber Calheta steht ein schwarzer Block am Rand der Steilk\u00fcste, das Museum f\u00fcr zeitgen\u00f6ssische Kunst Madeira, kurz Mudas. Auch wer der zeitgen\u00f6ssischen Kunst wenig abgewinnen kann, dem avantgardistischen Bau des Architekten Paulo David sollte man einen Besuch abstatten.<\/p>\n<h3 style=\"text-align: justify;\"><strong>Sonnenuntergang in Ponta do Pargo, Seilbahnfahren in Achadas da Cruz<\/strong><\/h3>\n<p style=\"text-align: justify;\">Die s\u00fcdwestlichste Ecke der Insel hat die Schnellstra\u00dfe noch nicht erreicht. Trotzdem fahren viele Inselurlauber hin, um in Ponta do Pargo den Sonnenuntergang zu erleben. Ein Erlebnis der ganz anderen Art hat man hingegen im Nordwesten. Die Faj\u00e3 Quebrada Nova ist ein schmaler K\u00fcstenstreifen, der von einigen wenigen Bauern noch bewirtschaftet wird. Die fast senkrechte Fahrt \u00fcber 400 H\u00f6henmeter mit der Seilbahn von dem Ort Achadas da Cruz zum Strand dauert f\u00fcnf Minuten. Wer nicht Seilbahn tauglich ist und die einsame Welt am Meer erkunden m\u00f6chte, muss einen einst\u00fcndigen Fu\u00dfmarsch in Kauf nehmen.<\/p>\n<h3 style=\"text-align: justify;\"><strong>Naturschwimmbecken in Porto Moniz und Seixal<\/strong><\/h3>\n<p style=\"text-align: justify;\">Das Zentrum des Nordwestens ist Porto Moniz, ber\u00fchmt wegen seiner Meeresschwimmb\u00e4der zwischen Lavafelsen. Die eigentliche Sehensw\u00fcrdigkeit des Ortes sticht weniger ins Auge, n\u00e4mlich das in der alten Festung eingerichtete Aqu\u00e1rio da Madeira. Die Naturschwimmbecken in Porto Moniz sind an hei\u00dfen Sommertagen ziemlich \u00fcberf\u00fcllt.<\/p>\n<p style=\"text-align: justify;\">Die Alternative hei\u00dft Seixal. Nur wenige Kilometer entfernt und mindestens genauso sch\u00f6n. Wer Seixal aus der anderen Richtung anf\u00e4hrt, der sollte die Schnellstra\u00dfe verlassen und die alte K\u00fcstenstra\u00dfe entlangfahren. Diese wird seit geraumer Zeit als Einbahnstra\u00dfe gef\u00fchrt und eignet sich seither f\u00fcr eine vergn\u00fcgliche Spazierfahrt.<\/p>\n<h3 style=\"text-align: justify;\"><strong>Levada-Wanderungen<\/strong><\/h3>\n<p style=\"text-align: justify;\">Innerhalb kurzer Zeit l\u00e4sst man das Meer erneut zur\u00fcck und ist wieder auf der Hochebene Pa\u00fal da Serra. Von Nebelb\u00e4nken sollte man sich nicht aus der Ruhe bringen lassen. Urpl\u00f6tzlich kehrt die Sonne zur\u00fcck. Nicht immer, aber fast. Die Parkpl\u00e4tze am Stra\u00dfenrand verraten die Startpl\u00e4tze der Levada-Wanderungen. Die meisten Wanderungen entlang der alten Wasserkan\u00e4le sind zwischen zwei und vier Stunden lang und viele Wege sehr schmal. Wer am Nachmittag unterwegs ist, entgeht dem Ansturm der Massen. Egal, ob oben oder unten, K\u00fcstenwege oder Gebirge: Wer auf Madeira wandert, sollte gutes Schuhwerk und etwas Kondition mitbringen.<\/p>\n<div id='gallery-1' class='gallery galleryid-5935 gallery-columns-3 gallery-size-medium'><dl class='gallery-item'>\n\t\t\t<dt class='gallery-icon landscape'>\n\t\t\t\t<img loading=\"lazy\" decoding=\"async\" width=\"300\" height=\"200\" src=\"https:\/\/blog.olimar.de\/wp-content\/uploads\/2016\/09\/PT-Madeira-RibeiroFrioBalocesC-WalzingMeurers-300x200.jpg\" class=\"attachment-medium size-medium\" alt=\"Levada Wanderweg Ribeiro Frio Balcoes\" srcset=\"https:\/\/blog.olimar.de\/wp-content\/uploads\/2016\/09\/PT-Madeira-RibeiroFrioBalocesC-WalzingMeurers-300x200.jpg 300w, https:\/\/blog.olimar.de\/wp-content\/uploads\/2016\/09\/PT-Madeira-RibeiroFrioBalocesC-WalzingMeurers-768x512.jpg 768w, https:\/\/blog.olimar.de\/wp-content\/uploads\/2016\/09\/PT-Madeira-RibeiroFrioBalocesC-WalzingMeurers-840x560.jpg 840w, https:\/\/blog.olimar.de\/wp-content\/uploads\/2016\/09\/PT-Madeira-RibeiroFrioBalocesC-WalzingMeurers.jpg 1000w\" sizes=\"auto, (max-width: 300px) 100vw, 300px\" \/>\n\t\t\t<\/dt><\/dl><dl class='gallery-item'>\n\t\t\t<dt class='gallery-icon landscape'>\n\t\t\t\t<img loading=\"lazy\" decoding=\"async\" width=\"300\" height=\"200\" src=\"https:\/\/blog.olimar.de\/wp-content\/uploads\/2016\/09\/PT-Madeira-RibeiroFrioBalocesA-WalzingMeurers-300x200.jpg\" class=\"attachment-medium size-medium\" alt=\"Wanderin auf Levada Weg Madeira\" srcset=\"https:\/\/blog.olimar.de\/wp-content\/uploads\/2016\/09\/PT-Madeira-RibeiroFrioBalocesA-WalzingMeurers-300x200.jpg 300w, https:\/\/blog.olimar.de\/wp-content\/uploads\/2016\/09\/PT-Madeira-RibeiroFrioBalocesA-WalzingMeurers-768x512.jpg 768w, https:\/\/blog.olimar.de\/wp-content\/uploads\/2016\/09\/PT-Madeira-RibeiroFrioBalocesA-WalzingMeurers-840x560.jpg 840w, https:\/\/blog.olimar.de\/wp-content\/uploads\/2016\/09\/PT-Madeira-RibeiroFrioBalocesA-WalzingMeurers.jpg 1000w\" sizes=\"auto, (max-width: 300px) 100vw, 300px\" \/>\n\t\t\t<\/dt><\/dl>\n\t\t\t<br style='clear: both' \/>\n\t\t<\/div>\n\n<h3 style=\"text-align: justify;\"><strong> Absolut sehenswert: S\u00e3o Vicente und Santana<\/strong><\/h3>\n<p style=\"text-align: justify;\">Um die bedeutendsten Zentren im Norden \u2013 S\u00e3o Vicente und Santana \u2013 kommt man nicht herum. In den Lavah\u00f6hlen und im Vulkanzentrum von S\u00e3o Vicente kann man die Geburtsstunde und die Entstehungsgeschichte der Insel miterleben, ein f\u00fcr Kinder und Erwachsene gleicherma\u00dfen spannendes Erlebnis. Wer zwischen beiden Orten zu schnell unterwegs ist, riskiert, an Portugals gr\u00f6\u00dftem Rosengarten vorbeizufahren. Das Roseiral Quinta do Arco versammelt 17.000 Str\u00e4ucher und 1.550 verschiedene Rosensorten in einem Garten.<\/p>\n<h3 style=\"text-align: justify;\"><strong>Poncha \u2013 das Nationalgetr\u00e4nk auf Madeira<\/strong><\/h3>\n<p style=\"text-align: justify;\">Madeirawein ist bekannt. Aber trotzdem ist das Nationalgetr\u00e4nk der Poncha, ein mit Zuckerrohrschnaps (Aguardente), Zitronensaft und Honig angesetztes Mixgetr\u00e4nk, das \u201egef\u00e4hrlicher\u201c ist als es schmeckt. Lesen Sie dazu auch unseren <a href=\"https:\/\/blog.olimar.de\/ausgehen-in-funchal\/\" rel=\"noopener noreferrer\">Sonnenseiten-Artikel mit Ausgeh- und Nightlife-Tipps f\u00fcr Funchal<\/a>.<\/p>\n<p style=\"text-align: justify;\"><img loading=\"lazy\" decoding=\"async\" class=\"alignleft size-full wp-image-6135\" src=\"https:\/\/blog.olimar.de\/wp-content\/uploads\/2016\/09\/PT-Madeira-Poncha-WalzingMeurers.jpg\" alt=\"PT-Madeira-Poncha-WalzingMeurers\" width=\"1000\" height=\"668\" srcset=\"https:\/\/blog.olimar.de\/wp-content\/uploads\/2016\/09\/PT-Madeira-Poncha-WalzingMeurers.jpg 1000w, https:\/\/blog.olimar.de\/wp-content\/uploads\/2016\/09\/PT-Madeira-Poncha-WalzingMeurers-300x200.jpg 300w, https:\/\/blog.olimar.de\/wp-content\/uploads\/2016\/09\/PT-Madeira-Poncha-WalzingMeurers-768x513.jpg 768w, https:\/\/blog.olimar.de\/wp-content\/uploads\/2016\/09\/PT-Madeira-Poncha-WalzingMeurers-840x560.jpg 840w\" sizes=\"auto, (max-width: 1000px) 100vw, 1000px\" \/><\/p>\n<p style=\"text-align: justify;\"><img loading=\"lazy\" decoding=\"async\" class=\"alignleft size-large wp-image-4593\" src=\"https:\/\/blog.olimar.de\/wp-content\/uploads\/2016\/04\/DSC_6822-1024x684.jpg\" alt=\"DSC_6822\" width=\"840\" height=\"561\" srcset=\"https:\/\/blog.olimar.de\/wp-content\/uploads\/2016\/04\/DSC_6822-1024x684.jpg 1024w, https:\/\/blog.olimar.de\/wp-content\/uploads\/2016\/04\/DSC_6822-300x200.jpg 300w, https:\/\/blog.olimar.de\/wp-content\/uploads\/2016\/04\/DSC_6822-768x513.jpg 768w, https:\/\/blog.olimar.de\/wp-content\/uploads\/2016\/04\/DSC_6822-840x560.jpg 840w, https:\/\/blog.olimar.de\/wp-content\/uploads\/2016\/04\/DSC_6822-1200x800.jpg 1200w, https:\/\/blog.olimar.de\/wp-content\/uploads\/2016\/04\/DSC_6822.jpg 2000w\" sizes=\"auto, (max-width: 840px) 100vw, 840px\" \/><\/p>\n<p style=\"text-align: justify;\">Wein und Bananen haben dem Zuckerrohr l\u00e4ngst den Rang abgelaufen. Deshalb gibt es auch nur wenige Zuckerrohrm\u00fchlen. In Porto da Cruz darf man der \u00e4ltesten europ\u00e4ischen M\u00fchle dieser Art beim Arbeiten zusehen, wenn sie nicht gerade repariert wird. Die Zuckerrohrernte beschr\u00e4nkt sich allerdings auf April und Mai. Im <a href=\"https:\/\/blog.olimar.de\/zuckerrohr-auf-madeira\/\" rel=\"noopener noreferrer\">Sonnenseiten-Artikel<\/a> bekommen Sie einen detaillierten Einblick in die Arbeiten in einer Zuckerrohr-Fabrik auf Madeira.<\/p>\n<h3 style=\"text-align: justify;\"><strong>Nicht verpassen: Wanderung auf der Halbinsel S\u00e3o Louren\u00e7o<\/strong><\/h3>\n<p style=\"text-align: justify;\">Unsere Inselrunde neigt sich dem Ende entgegen. Aber es w\u00e4re eine S\u00fcnde, die Wanderung auf der Halbinsel S\u00e3o Louren\u00e7o auszulassen. Diese Tour vereint alles: ein kleines Gipfelerlebnis, Baden im Atlantik, Fernsicht bis zur Nachbarinsel Porto Santo und auf die weit ins Meer hinaus ragende, auf ihre Art einzigartige Landebahn des Flughafens. Auf dem Weg zur\u00fcck nach Funchal lockt mit der Prainha do Garajau eine h\u00fcbsche Badebucht. Doch vor allem lockt die Reserva Natural Parcial do Garajau, ein Unterwasserschutzgebiet, das bei Tauchern, Zackenb\u00e4rschen, Rochen und Papageienfischen gleicherma\u00dfen beliebt ist.<\/p>\n<p style=\"text-align: justify;\">Fotos und weitere Informationen zu einer Tour Richtung Madeiras Ostk\u00fcste finden Sie im Sonnenseiten-Artikel Unterwegs an Madeiras Ostk\u00fcste.<\/p>\n<p style=\"text-align: justify;\"><img loading=\"lazy\" decoding=\"async\" class=\"alignleft size-large wp-image-4679\" src=\"https:\/\/blog.olimar.de\/wp-content\/uploads\/2016\/04\/DSC_6685-1024x684.jpg\" alt=\"DSC_6685\" width=\"840\" height=\"561\" srcset=\"https:\/\/blog.olimar.de\/wp-content\/uploads\/2016\/04\/DSC_6685-1024x684.jpg 1024w, https:\/\/blog.olimar.de\/wp-content\/uploads\/2016\/04\/DSC_6685-300x200.jpg 300w, https:\/\/blog.olimar.de\/wp-content\/uploads\/2016\/04\/DSC_6685-768x513.jpg 768w, https:\/\/blog.olimar.de\/wp-content\/uploads\/2016\/04\/DSC_6685-840x560.jpg 840w, https:\/\/blog.olimar.de\/wp-content\/uploads\/2016\/04\/DSC_6685-1200x800.jpg 1200w, https:\/\/blog.olimar.de\/wp-content\/uploads\/2016\/04\/DSC_6685.jpg 2000w\" sizes=\"auto, (max-width: 840px) 100vw, 840px\" \/> <img loading=\"lazy\" decoding=\"async\" class=\"alignleft size-large wp-image-4689\" src=\"https:\/\/blog.olimar.de\/wp-content\/uploads\/2016\/04\/DSC_6700-1024x684.jpg\" alt=\"DSC_6700\" width=\"840\" height=\"561\" srcset=\"https:\/\/blog.olimar.de\/wp-content\/uploads\/2016\/04\/DSC_6700-1024x684.jpg 1024w, https:\/\/blog.olimar.de\/wp-content\/uploads\/2016\/04\/DSC_6700-300x200.jpg 300w, https:\/\/blog.olimar.de\/wp-content\/uploads\/2016\/04\/DSC_6700-768x513.jpg 768w, https:\/\/blog.olimar.de\/wp-content\/uploads\/2016\/04\/DSC_6700-840x560.jpg 840w, https:\/\/blog.olimar.de\/wp-content\/uploads\/2016\/04\/DSC_6700-1200x800.jpg 1200w, https:\/\/blog.olimar.de\/wp-content\/uploads\/2016\/04\/DSC_6700.jpg 2000w\" sizes=\"auto, (max-width: 840px) 100vw, 840px\" \/><\/p>\n<p style=\"text-align: justify;\"><img loading=\"lazy\" decoding=\"async\" class=\"alignleft size-full wp-image-6136\" src=\"https:\/\/blog.olimar.de\/wp-content\/uploads\/2016\/09\/PT-Madeira-AirportFunchal-WalzingMeurers.jpg\" alt=\"PT-Madeira-AirportFunchal-WalzingMeurers\" width=\"1000\" height=\"504\" srcset=\"https:\/\/blog.olimar.de\/wp-content\/uploads\/2016\/09\/PT-Madeira-AirportFunchal-WalzingMeurers.jpg 1000w, https:\/\/blog.olimar.de\/wp-content\/uploads\/2016\/09\/PT-Madeira-AirportFunchal-WalzingMeurers-300x151.jpg 300w, https:\/\/blog.olimar.de\/wp-content\/uploads\/2016\/09\/PT-Madeira-AirportFunchal-WalzingMeurers-768x387.jpg 768w\" sizes=\"auto, (max-width: 1000px) 100vw, 1000px\" \/><\/p>\n<div class=\"green-box\">\n<h3 style=\"text-align: justify;\"><strong>OLIMAR Rundreisen-Tipps<\/strong><\/h3>\n<p style=\"text-align: justify;\"><a href=\"https:\/\/rms.olimar.de\/code\/fncx46\" rel=\"noopener noreferrer\">Perle im Atlantischen Ozean<\/a>: 1-w\u00f6chige Standort-Reise zu den H\u00f6hepunkten der Insel mit Levada-Wanderungen und einigen Ausfl\u00fcgen im Reisebus. \u00dcbernachtung in guten 3- und 4-Sterne-Hotels in Funchal bzw. Cani\u00e7o de Baixo mit Halbpension inkl. Flug.<br \/>Ab 1.097 \u20ac p. P. im Doppelzimmer.<\/p>\n<p style=\"text-align: justify;\">Panorama-Wandern und Sightseeing: 1-w\u00f6chige, gef\u00fchrte Gruppenreise mit drei Levada-Wanderungen und zwei Ausflugstagen. \u00dcbernachtung mit Fr\u00fchst\u00fcck im Hotel Duas Torres inkl. Flug. Ab 864 \u20ac p. P. im Doppelzimmer.<\/p>\n<p style=\"text-align: justify;\"><a href=\"https:\/\/rms.olimar.de\/code\/fncr13\" rel=\"noopener noreferrer\">Madeira Hideaways<\/a>: 1-w\u00f6chige individuelle Entdeckungsreise mit dem Mietwagen, \u00dcbernachtung u. a. in gem\u00fctlichen Landhotels mit Fr\u00fchst\u00fcck inkl. Flug und Routenplanung ab 593 \u20ac p. P. im Doppelzimmer.<\/p>\n<\/div>\n\n\n<div class=\"wp-block-buttons is-layout-flex wp-block-buttons-is-layout-flex\">\n<div class=\"wp-block-button\"><a class=\"wp-block-button__link wp-element-button\" href=\"https:\/\/www.olimar.de\/hotellistung\/\">Jetzt Urlaubsangebote finden und buchen<\/a><\/div>\n<\/div>\n","protected":false},"excerpt":{"rendered":"<p>Wer seinen Wanderurlaub auf Madeira plant, wei\u00df nat\u00fcrlich, dass im Levada-Ranking die 25 Quellen von Raba\u00e7al oder der Lorbeerwald von Queimdas ganz oben auf der Liste stehen. Madeira-Urlauber, ob Neulinge oder Wiederholungst\u00e4ter, haben fast immer ganz genaue Vorstellungen, wie sie sich die Zeit vertreiben wollen. Und doch ist Madeira immer wieder f\u00fcr eine \u00dcberraschung gut. Kommen Sie einfach mit auf eine nicht ganz allt\u00e4gliche Inselrundfahrt auf Madeira! Wir lassen die Hauptstadt Funchal hinter uns, mit ihren Pl\u00e4tzen, Pal\u00e4sten und Gassen, den G\u00e4rten und Museen, zu denen sich 2015 ein weiteres gesellt hat, das Museu CR7. Fu\u00dfballfans wissen es: Das sind die &hellip;<\/p>\n","protected":false},"author":48,"featured_media":6129,"comment_status":"open","ping_status":"open","sticky":false,"template":"","format":"standard","meta":{"_crdt_document":"","_lmt_disableupdate":"","_lmt_disable":"","footnotes":""},"categories":[29,31],"tags":[21,34],"class_list":["post-5935","post","type-post","status-publish","format-standard","has-post-thumbnail","hentry","category-aktiv-natur","category-land-leute","tag-madeira","tag-portugal"],"yoast_head":"<!-- This site is optimized with the Yoast SEO plugin v26.9 - https:\/\/yoast.com\/product\/yoast-seo-wordpress\/ -->\n<title>Eine Inselrundfahrt auf Madeira<\/title>\n<meta name=\"description\" content=\"Die Blumeninsel Madeira ist immer wieder f\u00fcr eine \u00dcberraschung gut. Kommen Sie einfach mit auf eine nicht ganz allt\u00e4gliche Inselrundfahrt auf Madeira!\" \/>\n<meta name=\"robots\" content=\"index, follow, max-snippet:-1, max-image-preview:large, max-video-preview:-1\" \/>\n<link rel=\"canonical\" href=\"https:\/\/blog.olimar.de\/inselrundfahrt-auf-madeira\/\" \/>\n<meta property=\"og:locale\" content=\"de_DE\" \/>\n<meta property=\"og:type\" content=\"article\" \/>\n<meta property=\"og:title\" content=\"Eine Inselrundfahrt auf Madeira\" \/>\n<meta property=\"og:description\" content=\"Die Blumeninsel Madeira ist immer wieder f\u00fcr eine \u00dcberraschung gut. Kommen Sie einfach mit auf eine nicht ganz allt\u00e4gliche Inselrundfahrt auf Madeira!\" \/>\n<meta property=\"og:url\" content=\"https:\/\/blog.olimar.de\/inselrundfahrt-auf-madeira\/\" \/>\n<meta property=\"article:publisher\" content=\"https:\/\/www.facebook.com\/OlimarReisen\" \/>\n<meta property=\"article:published_time\" content=\"2016-09-02T15:15:48+00:00\" \/>\n<meta property=\"article:modified_time\" content=\"2024-10-14T12:38:30+00:00\" \/>\n<meta property=\"og:image\" content=\"https:\/\/blog.olimar.de\/wp-content\/uploads\/2016\/09\/PT-Madeira-CaboGiraoA-WalzingMeurers.jpg\" \/>\n\t<meta property=\"og:image:width\" content=\"1000\" \/>\n\t<meta property=\"og:image:height\" content=\"668\" \/>\n\t<meta property=\"og:image:type\" content=\"image\/jpeg\" \/>\n<meta name=\"author\" content=\"Robert Asam\" \/>\n<meta name=\"twitter:label1\" content=\"Verfasst von\" \/>\n\t<meta name=\"twitter:data1\" content=\"Robert Asam\" \/>\n\t<meta name=\"twitter:label2\" content=\"Gesch\u00e4tzte Lesezeit\" \/>\n\t<meta name=\"twitter:data2\" content=\"8\u00a0Minuten\" \/>\n<script type=\"application\/ld+json\" class=\"yoast-schema-graph\">{\"@context\":\"https:\/\/schema.org\",\"@graph\":[{\"@type\":\"WebPage\",\"@id\":\"https:\/\/blog.olimar.de\/inselrundfahrt-auf-madeira\/\",\"url\":\"https:\/\/blog.olimar.de\/inselrundfahrt-auf-madeira\/\",\"name\":\"Eine Inselrundfahrt auf Madeira\",\"isPartOf\":{\"@id\":\"https:\/\/blog.olimar.de\/#website\"},\"primaryImageOfPage\":{\"@id\":\"https:\/\/blog.olimar.de\/inselrundfahrt-auf-madeira\/#primaryimage\"},\"image\":{\"@id\":\"https:\/\/blog.olimar.de\/inselrundfahrt-auf-madeira\/#primaryimage\"},\"thumbnailUrl\":\"https:\/\/blog.olimar.de\/wp-content\/uploads\/2016\/09\/PT-Madeira-CaboGiraoA-WalzingMeurers.jpg\",\"datePublished\":\"2016-09-02T15:15:48+00:00\",\"dateModified\":\"2024-10-14T12:38:30+00:00\",\"description\":\"Die Blumeninsel Madeira ist immer wieder f\u00fcr eine \u00dcberraschung gut. Kommen Sie einfach mit auf eine nicht ganz allt\u00e4gliche Inselrundfahrt auf Madeira!\",\"breadcrumb\":{\"@id\":\"https:\/\/blog.olimar.de\/inselrundfahrt-auf-madeira\/#breadcrumb\"},\"inLanguage\":\"de\",\"potentialAction\":[{\"@type\":\"ReadAction\",\"target\":[\"https:\/\/blog.olimar.de\/inselrundfahrt-auf-madeira\/\"]}]},{\"@type\":\"ImageObject\",\"inLanguage\":\"de\",\"@id\":\"https:\/\/blog.olimar.de\/inselrundfahrt-auf-madeira\/#primaryimage\",\"url\":\"https:\/\/blog.olimar.de\/wp-content\/uploads\/2016\/09\/PT-Madeira-CaboGiraoA-WalzingMeurers.jpg\",\"contentUrl\":\"https:\/\/blog.olimar.de\/wp-content\/uploads\/2016\/09\/PT-Madeira-CaboGiraoA-WalzingMeurers.jpg\",\"width\":1000,\"height\":668,\"caption\":\"Ausblick vom Berg\"},{\"@type\":\"BreadcrumbList\",\"@id\":\"https:\/\/blog.olimar.de\/inselrundfahrt-auf-madeira\/#breadcrumb\",\"itemListElement\":[{\"@type\":\"ListItem\",\"position\":1,\"name\":\"Home\",\"item\":\"https:\/\/blog.olimar.de\/\"},{\"@type\":\"ListItem\",\"position\":2,\"name\":\"Madeira\",\"item\":\"https:\/\/blog.olimar.de\/tag\/madeira\/\"},{\"@type\":\"ListItem\",\"position\":3,\"name\":\"Wandern, Baden und viele Museen: Eine Inselrundfahrt auf Madeira\"}]},{\"@type\":\"WebSite\",\"@id\":\"https:\/\/blog.olimar.de\/#website\",\"url\":\"https:\/\/blog.olimar.de\/\",\"name\":\"OLIMAR.com\",\"description\":\"\",\"publisher\":{\"@id\":\"https:\/\/blog.olimar.de\/#organization\"},\"potentialAction\":[{\"@type\":\"SearchAction\",\"target\":{\"@type\":\"EntryPoint\",\"urlTemplate\":\"https:\/\/blog.olimar.de\/?s={search_term_string}\"},\"query-input\":{\"@type\":\"PropertyValueSpecification\",\"valueRequired\":true,\"valueName\":\"search_term_string\"}}],\"inLanguage\":\"de\"},{\"@type\":\"Organization\",\"@id\":\"https:\/\/blog.olimar.de\/#organization\",\"name\":\"OLIMAR Reisen\",\"url\":\"https:\/\/blog.olimar.de\/\",\"logo\":{\"@type\":\"ImageObject\",\"inLanguage\":\"de\",\"@id\":\"https:\/\/blog.olimar.de\/#\/schema\/logo\/image\/\",\"url\":\"https:\/\/blog.olimar.de\/wp-content\/uploads\/2021\/01\/OLIMAR_Logo_COLOR.png\",\"contentUrl\":\"https:\/\/blog.olimar.de\/wp-content\/uploads\/2021\/01\/OLIMAR_Logo_COLOR.png\",\"width\":2000,\"height\":986,\"caption\":\"OLIMAR Reisen\"},\"image\":{\"@id\":\"https:\/\/blog.olimar.de\/#\/schema\/logo\/image\/\"},\"sameAs\":[\"https:\/\/www.facebook.com\/OlimarReisen\",\"https:\/\/x.com\/olimarrreisen\",\"https:\/\/www.instagram.com\/olimarreisen\",\"https:\/\/www.youtube.com\/user\/olimarreisen\"]}]}<\/script>\n<!-- \/ Yoast SEO plugin. -->","yoast_head_json":{"title":"Eine Inselrundfahrt auf Madeira","description":"Die Blumeninsel Madeira ist immer wieder f\u00fcr eine \u00dcberraschung gut. Kommen Sie einfach mit auf eine nicht ganz allt\u00e4gliche Inselrundfahrt auf Madeira!","robots":{"index":"index","follow":"follow","max-snippet":"max-snippet:-1","max-image-preview":"max-image-preview:large","max-video-preview":"max-video-preview:-1"},"canonical":"https:\/\/blog.olimar.de\/inselrundfahrt-auf-madeira\/","og_locale":"de_DE","og_type":"article","og_title":"Eine Inselrundfahrt auf Madeira","og_description":"Die Blumeninsel Madeira ist immer wieder f\u00fcr eine \u00dcberraschung gut. Kommen Sie einfach mit auf eine nicht ganz allt\u00e4gliche Inselrundfahrt auf Madeira!","og_url":"https:\/\/blog.olimar.de\/inselrundfahrt-auf-madeira\/","article_publisher":"https:\/\/www.facebook.com\/OlimarReisen","article_published_time":"2016-09-02T15:15:48+00:00","article_modified_time":"2024-10-14T12:38:30+00:00","og_image":[{"width":1000,"height":668,"url":"https:\/\/blog.olimar.de\/wp-content\/uploads\/2016\/09\/PT-Madeira-CaboGiraoA-WalzingMeurers.jpg","type":"image\/jpeg"}],"author":"Robert Asam","twitter_misc":{"Verfasst von":"Robert Asam","Gesch\u00e4tzte Lesezeit":"8\u00a0Minuten"},"schema":{"@context":"https:\/\/schema.org","@graph":[{"@type":"WebPage","@id":"https:\/\/blog.olimar.de\/inselrundfahrt-auf-madeira\/","url":"https:\/\/blog.olimar.de\/inselrundfahrt-auf-madeira\/","name":"Eine Inselrundfahrt auf Madeira","isPartOf":{"@id":"https:\/\/blog.olimar.de\/#website"},"primaryImageOfPage":{"@id":"https:\/\/blog.olimar.de\/inselrundfahrt-auf-madeira\/#primaryimage"},"image":{"@id":"https:\/\/blog.olimar.de\/inselrundfahrt-auf-madeira\/#primaryimage"},"thumbnailUrl":"https:\/\/blog.olimar.de\/wp-content\/uploads\/2016\/09\/PT-Madeira-CaboGiraoA-WalzingMeurers.jpg","datePublished":"2016-09-02T15:15:48+00:00","dateModified":"2024-10-14T12:38:30+00:00","description":"Die Blumeninsel Madeira ist immer wieder f\u00fcr eine \u00dcberraschung gut. Kommen Sie einfach mit auf eine nicht ganz allt\u00e4gliche Inselrundfahrt auf Madeira!","breadcrumb":{"@id":"https:\/\/blog.olimar.de\/inselrundfahrt-auf-madeira\/#breadcrumb"},"inLanguage":"de","potentialAction":[{"@type":"ReadAction","target":["https:\/\/blog.olimar.de\/inselrundfahrt-auf-madeira\/"]}]},{"@type":"ImageObject","inLanguage":"de","@id":"https:\/\/blog.olimar.de\/inselrundfahrt-auf-madeira\/#primaryimage","url":"https:\/\/blog.olimar.de\/wp-content\/uploads\/2016\/09\/PT-Madeira-CaboGiraoA-WalzingMeurers.jpg","contentUrl":"https:\/\/blog.olimar.de\/wp-content\/uploads\/2016\/09\/PT-Madeira-CaboGiraoA-WalzingMeurers.jpg","width":1000,"height":668,"caption":"Ausblick vom Berg"},{"@type":"BreadcrumbList","@id":"https:\/\/blog.olimar.de\/inselrundfahrt-auf-madeira\/#breadcrumb","itemListElement":[{"@type":"ListItem","position":1,"name":"Home","item":"https:\/\/blog.olimar.de\/"},{"@type":"ListItem","position":2,"name":"Madeira","item":"https:\/\/blog.olimar.de\/tag\/madeira\/"},{"@type":"ListItem","position":3,"name":"Wandern, Baden und viele Museen: Eine Inselrundfahrt auf Madeira"}]},{"@type":"WebSite","@id":"https:\/\/blog.olimar.de\/#website","url":"https:\/\/blog.olimar.de\/","name":"OLIMAR.com","description":"","publisher":{"@id":"https:\/\/blog.olimar.de\/#organization"},"potentialAction":[{"@type":"SearchAction","target":{"@type":"EntryPoint","urlTemplate":"https:\/\/blog.olimar.de\/?s={search_term_string}"},"query-input":{"@type":"PropertyValueSpecification","valueRequired":true,"valueName":"search_term_string"}}],"inLanguage":"de"},{"@type":"Organization","@id":"https:\/\/blog.olimar.de\/#organization","name":"OLIMAR Reisen","url":"https:\/\/blog.olimar.de\/","logo":{"@type":"ImageObject","inLanguage":"de","@id":"https:\/\/blog.olimar.de\/#\/schema\/logo\/image\/","url":"https:\/\/blog.olimar.de\/wp-content\/uploads\/2021\/01\/OLIMAR_Logo_COLOR.png","contentUrl":"https:\/\/blog.olimar.de\/wp-content\/uploads\/2021\/01\/OLIMAR_Logo_COLOR.png","width":2000,"height":986,"caption":"OLIMAR Reisen"},"image":{"@id":"https:\/\/blog.olimar.de\/#\/schema\/logo\/image\/"},"sameAs":["https:\/\/www.facebook.com\/OlimarReisen","https:\/\/x.com\/olimarrreisen","https:\/\/www.instagram.com\/olimarreisen","https:\/\/www.youtube.com\/user\/olimarreisen"]}]}},"modified_by":"Julia Windh\u00f6vel","jetpack_featured_media_url":"https:\/\/blog.olimar.de\/wp-content\/uploads\/2016\/09\/PT-Madeira-CaboGiraoA-WalzingMeurers.jpg","_links":{"self":[{"href":"https:\/\/blog.olimar.de\/wp-json\/wp\/v2\/posts\/5935","targetHints":{"allow":["GET"]}}],"collection":[{"href":"https:\/\/blog.olimar.de\/wp-json\/wp\/v2\/posts"}],"about":[{"href":"https:\/\/blog.olimar.de\/wp-json\/wp\/v2\/types\/post"}],"author":[{"embeddable":true,"href":"https:\/\/blog.olimar.de\/wp-json\/wp\/v2\/users\/48"}],"replies":[{"embeddable":true,"href":"https:\/\/blog.olimar.de\/wp-json\/wp\/v2\/comments?post=5935"}],"version-history":[{"count":16,"href":"https:\/\/blog.olimar.de\/wp-json\/wp\/v2\/posts\/5935\/revisions"}],"predecessor-version":[{"id":27962,"href":"https:\/\/blog.olimar.de\/wp-json\/wp\/v2\/posts\/5935\/revisions\/27962"}],"wp:featuredmedia":[{"embeddable":true,"href":"https:\/\/blog.olimar.de\/wp-json\/wp\/v2\/media\/6129"}],"wp:attachment":[{"href":"https:\/\/blog.olimar.de\/wp-json\/wp\/v2\/media?parent=5935"}],"wp:term":[{"taxonomy":"category","embeddable":true,"href":"https:\/\/blog.olimar.de\/wp-json\/wp\/v2\/categories?post=5935"},{"taxonomy":"post_tag","embeddable":true,"href":"https:\/\/blog.olimar.de\/wp-json\/wp\/v2\/tags?post=5935"}],"curies":[{"name":"wp","href":"https:\/\/api.w.org\/{rel}","templated":true}]}}