{"id":5959,"date":"2016-09-02T17:15:45","date_gmt":"2016-09-02T15:15:45","guid":{"rendered":"https:\/\/blog.olimar.de\/?p=5959"},"modified":"2022-12-22T14:22:00","modified_gmt":"2022-12-22T13:22:00","slug":"lissabons-kuesten","status":"publish","type":"post","link":"https:\/\/blog.olimar.de\/lissabons-kuesten\/","title":{"rendered":"Lissabons K\u00fcsten: Seefahrerromantik und Kultursch\u00e4tze in exklusivem Flair"},"content":{"rendered":"\n<p><strong>Lissabons K\u00fcste wartet mit sch\u00f6nen Str\u00e4nden, palmenges\u00e4umten Promenaden und eleganten Villen auf. Bereits Ende des 19. Jahrhunderts zog es Adelige und Prominente in die mond\u00e4nen Seeb\u00e4der Estoril und Cascais, die mit ihren Forts und Festungen entlang der K\u00fcste noch heute an die Epoche der Seefahrer erinnern.<\/strong><\/p>\n\n\n\n<div class=\"wp-block-buttons is-layout-flex wp-block-buttons-is-layout-flex\">\n<div class=\"wp-block-button\"><a class=\"wp-block-button__link wp-element-button\" href=\"https:\/\/www.olimar.de\/portugal\/metropolen\/lissabon\/\">Lissabon Reiseangebote und Hoteltipps entdecken<\/a><\/div>\n<\/div>\n\n\n\n<div style=\"height:25px\" aria-hidden=\"true\" class=\"wp-block-spacer\"><\/div>\n\n\n<p style=\"text-align: justify;\">Vor den Toren Lissabons pr\u00e4sentiert sich das vornehme und beschauliche Estoril als Oase f\u00fcr Ruhesuchende. Ob vom Casino-Park, von den Balkonen und Terrassen der noblen Hotels oder von der Strandpromenade, von \u00fcberall er\u00f6ffnet sich der Blick auf das tiefblaue Meer. Sonnenanbeter finden an der kleinen aber feinen Praia do Tamariz ihr Fleckchen unterm Sonnenschirm, dazu laden Caf\u00e9s und Restaurants zum \u201eSehen und Gesehen werden\u201c ein.<\/p>\n<div id=\"attachment_6104\" style=\"width: 850px\" class=\"wp-caption alignleft\"><img loading=\"lazy\" decoding=\"async\" aria-describedby=\"caption-attachment-6104\" class=\"wp-image-6104 size-large\" src=\"https:\/\/blog.olimar.de\/wp-content\/uploads\/2016\/09\/Estoril-Strand-1024x682.jpg\" alt=\"Estoril-Strand\" width=\"840\" height=\"559\" srcset=\"https:\/\/blog.olimar.de\/wp-content\/uploads\/2016\/09\/Estoril-Strand-1024x682.jpg 1024w, https:\/\/blog.olimar.de\/wp-content\/uploads\/2016\/09\/Estoril-Strand-300x200.jpg 300w, https:\/\/blog.olimar.de\/wp-content\/uploads\/2016\/09\/Estoril-Strand-768x512.jpg 768w, https:\/\/blog.olimar.de\/wp-content\/uploads\/2016\/09\/Estoril-Strand-840x560.jpg 840w, https:\/\/blog.olimar.de\/wp-content\/uploads\/2016\/09\/Estoril-Strand-1200x800.jpg 1200w\" sizes=\"auto, (max-width: 840px) 100vw, 840px\" \/><p id=\"caption-attachment-6104\" class=\"wp-caption-text\">Strand von Estoril<\/p><\/div>\n<p style=\"text-align: justify;\">Durch die Uferpromenade ist Estoril mit dem Nachbarort Cascais verbunden, der durch ein pittoreskes Stadtbild mit sch\u00f6nen Pl\u00e4tzen wie dem Rathausplatz und dem zentralen Largo de Cam\u00f5es mit Pubs, Bars und Restaurants besticht. Ein Bummel durch die Stra\u00dfen f\u00fchrt vorbei an stilvollen Villen wie der Casa Pergola und dem Palacete Seixas w\u00e4hrend die Rua Direita mit Gesch\u00e4ften und Boutiquen zum St\u00f6bern einl\u00e4dt.<br \/>Vom Rathausplatz, der mit seinem wellenartig gemusterten Pflaster bereits die N\u00e4he zum Meer ahnen l\u00e4sst, gelangt man zum Strand und zu dem kleinen Fischerhafen \u2013 eine Reminiszenz an das einstige Fischerdorf Cascais. (Lesen Sie dazu auch: <a href=\"https:\/\/blog.olimar.de\/cascais-wo-das-licht-zuhause-ist\/\" rel=\"noopener noreferrer\">Cascais &#8211; wo das Licht zuhause ist<\/a>)<\/p>\n<div id='gallery-1' class='gallery galleryid-5959 gallery-columns-3 gallery-size-medium'><dl class='gallery-item'>\n\t\t\t<dt class='gallery-icon landscape'>\n\t\t\t\t<img loading=\"lazy\" decoding=\"async\" width=\"300\" height=\"200\" src=\"https:\/\/blog.olimar.de\/wp-content\/uploads\/2016\/09\/PT-LissabonsKuesten-Cascais-BaiaDeCascaisMeerseite-300x200.jpg\" class=\"attachment-medium size-medium\" alt=\"Blick auf die Bucht von Cascais mit ankernden Segelbooten\" srcset=\"https:\/\/blog.olimar.de\/wp-content\/uploads\/2016\/09\/PT-LissabonsKuesten-Cascais-BaiaDeCascaisMeerseite-300x200.jpg 300w, https:\/\/blog.olimar.de\/wp-content\/uploads\/2016\/09\/PT-LissabonsKuesten-Cascais-BaiaDeCascaisMeerseite-768x512.jpg 768w, https:\/\/blog.olimar.de\/wp-content\/uploads\/2016\/09\/PT-LissabonsKuesten-Cascais-BaiaDeCascaisMeerseite-1024x683.jpg 1024w, https:\/\/blog.olimar.de\/wp-content\/uploads\/2016\/09\/PT-LissabonsKuesten-Cascais-BaiaDeCascaisMeerseite-840x560.jpg 840w, https:\/\/blog.olimar.de\/wp-content\/uploads\/2016\/09\/PT-LissabonsKuesten-Cascais-BaiaDeCascaisMeerseite.jpg 1200w\" sizes=\"auto, (max-width: 300px) 100vw, 300px\" \/>\n\t\t\t<\/dt><\/dl><dl class='gallery-item'>\n\t\t\t<dt class='gallery-icon landscape'>\n\t\t\t\t<img loading=\"lazy\" decoding=\"async\" width=\"300\" height=\"243\" src=\"https:\/\/blog.olimar.de\/wp-content\/uploads\/2016\/09\/PT-LissabonsKuesten-Cascais-300x243.jpg\" class=\"attachment-medium size-medium\" alt=\"Strand und K\u00fcste von Cascais\" srcset=\"https:\/\/blog.olimar.de\/wp-content\/uploads\/2016\/09\/PT-LissabonsKuesten-Cascais-300x243.jpg 300w, https:\/\/blog.olimar.de\/wp-content\/uploads\/2016\/09\/PT-LissabonsKuesten-Cascais-768x622.jpg 768w, https:\/\/blog.olimar.de\/wp-content\/uploads\/2016\/09\/PT-LissabonsKuesten-Cascais-1024x829.jpg 1024w, https:\/\/blog.olimar.de\/wp-content\/uploads\/2016\/09\/PT-LissabonsKuesten-Cascais.jpg 1200w\" sizes=\"auto, (max-width: 300px) 100vw, 300px\" \/>\n\t\t\t<\/dt><\/dl>\n\t\t\t<br style='clear: both' \/>\n\t\t<\/div>\n\n<h3 style=\"text-align: justify;\"><strong>Alte und neue maritime Sehensw\u00fcrdigkeiten<\/strong><\/h3>\n<p style=\"text-align: justify;\">Weiter westlich kommt beim Anblick der Festung Nossa Senhora da Luz und der Zitadelle Seefahrerromantik auf. Die Befestigungen dienten bis ins 19. Jahrhundert der Abwehr feindlicher Angriffe vom Meer, ebenso wie die Festung Santo Ant\u00f3nio da Cruz in Estoril. Bis nach Lissabon ziehen sich diese Verteidigungsanlagen die K\u00fcste entlang &#8211; mit dem Torre de Bel\u00e9m als kr\u00f6nendes Beispiel. Topmodern ist dagegen der Yachthafen mit seinen schmucken Booten, Bars und Gesch\u00e4ften. Von hier aus ist es nicht mehr weit bis zum Leuchtturm Santa Marta. Mit seinen blau-wei\u00dfen Streifen und der eher ungew\u00f6hnlichen viereckigen Form ist er ein beliebtes Fotomotiv. In den R\u00e4umen der angrenzenden Festung befindet sich das Leuchtturm-Museum mit einer anschaulichen Ausstellung \u00fcber Technik und Geschichte der Leuchtfeuer Portugals.<\/p>\n<div id=\"attachment_6101\" style=\"width: 1010px\" class=\"wp-caption alignleft\"><img loading=\"lazy\" decoding=\"async\" aria-describedby=\"caption-attachment-6101\" class=\"wp-image-6101 size-full\" src=\"https:\/\/blog.olimar.de\/wp-content\/uploads\/2016\/09\/PT-LissabonsKuesten-Cascais-LeuchtturmSantaMaria.jpg\" alt=\"PT-LissabonsKuesten-Cascais-LeuchtturmSantaMaria\" width=\"1000\" height=\"770\" srcset=\"https:\/\/blog.olimar.de\/wp-content\/uploads\/2016\/09\/PT-LissabonsKuesten-Cascais-LeuchtturmSantaMaria.jpg 1000w, https:\/\/blog.olimar.de\/wp-content\/uploads\/2016\/09\/PT-LissabonsKuesten-Cascais-LeuchtturmSantaMaria-300x231.jpg 300w, https:\/\/blog.olimar.de\/wp-content\/uploads\/2016\/09\/PT-LissabonsKuesten-Cascais-LeuchtturmSantaMaria-768x591.jpg 768w\" sizes=\"auto, (max-width: 1000px) 100vw, 1000px\" \/><p id=\"caption-attachment-6101\" class=\"wp-caption-text\">H\u00fcbsches Fotomotiv: der Leuchtturm von Cascais<\/p><\/div>\n<h3 style=\"text-align: justify;\"><strong>Lissabon \u2013 die weltoffene Sch\u00f6ne am Tejo<\/strong><\/h3>\n<p style=\"text-align: justify;\">Zum Urlaub geh\u00f6rt nat\u00fcrlich ein Ausflug nach <a href=\"https:\/\/www.olimar.de\/portugal\/metropolen\/lissabon\/\" rel=\"noopener noreferrer\">Lissabon<\/a>. Mit den Vorortbahnen der Linha de Cascais gelangt man nach 30 bis 40 Minuten in die Metropole. So l\u00e4sst sich die Fahrt entlang der herrlichen K\u00fcste am besten genie\u00dfen. Wer an der Haltestelle Bel\u00e9m aussteigt, atmet mit der frischen Brise auch einen Hauch von Abenteuer ein. Hier, wo der Tejo in den Atlantik m\u00fcndet, starteten einst die portugiesischen Seefahrer zu ihren Entdeckungsfahrten. Die opulente Ornamentik an den strahlend wei\u00dfen Fassaden des Torre de Bel\u00e9m und des Mosteiro dos Jer\u00f3nimos erinnert mit Motiven aus Schifffahrt und Meereswelt an diese glorreiche Epoche. Nicht ganz so alt, aber ebenfalls beeindruckend: das Denkmal der Entdeckungen zu Ehren Heinrich des Seefahrers mit einer Aussichtsplattform in luftiger H\u00f6he.<\/p>\n<div id=\"attachment_6105\" style=\"width: 850px\" class=\"wp-caption alignleft\"><img loading=\"lazy\" decoding=\"async\" aria-describedby=\"caption-attachment-6105\" class=\"wp-image-6105 size-large\" src=\"https:\/\/blog.olimar.de\/wp-content\/uploads\/2016\/09\/PT-LissabonStadt-SeefahrerdenkmalDetail-1024x768.jpg\" alt=\"PT-LissabonStadt-SeefahrerdenkmalDetail\" width=\"840\" height=\"630\" srcset=\"https:\/\/blog.olimar.de\/wp-content\/uploads\/2016\/09\/PT-LissabonStadt-SeefahrerdenkmalDetail-1024x768.jpg 1024w, https:\/\/blog.olimar.de\/wp-content\/uploads\/2016\/09\/PT-LissabonStadt-SeefahrerdenkmalDetail-300x225.jpg 300w, https:\/\/blog.olimar.de\/wp-content\/uploads\/2016\/09\/PT-LissabonStadt-SeefahrerdenkmalDetail-768x576.jpg 768w, https:\/\/blog.olimar.de\/wp-content\/uploads\/2016\/09\/PT-LissabonStadt-SeefahrerdenkmalDetail.jpg 1200w\" sizes=\"auto, (max-width: 840px) 100vw, 840px\" \/><p id=\"caption-attachment-6105\" class=\"wp-caption-text\">Das Seefahrerdenkmal in Bel\u00e9m, vor den Toren Lissabons<\/p><\/div>\n<p style=\"text-align: justify;\">F\u00fcr die Innenstadt Lissabons sollte man sich gen\u00fcgend Zeit nehmen \u2013 Viertel wie die Alfama, die Baixa oder das Bairro Alto haben alle ihren eigenen Charme. Ein sch\u00f6ner Blick \u00fcber die D\u00e4cher der Stadt tut sich vom Castelo S\u00e3o Jorge auf \u2013 ideal f\u00fcr einen ersten Eindruck. Auf dem Weg dorthin lohnen ein Stopp am Aussichtspunkt Santa Luzia und ein Blick in die monumentale Kirche S\u00e9 Patriarchal. Von der Burg f\u00fchren schmale Gassen mit sch\u00f6n gekachelten H\u00e4usern zum Rossio, auf dem das Leben in zahllosen Caf\u00e9s und Restaurants pulsiert.<\/p>\n<p style=\"text-align: justify;\">Viele Lissabon-Insider-Tipps finden Sie \u00fcbrigens in weiteren <a href=\"https:\/\/blog.olimar.de\/tag\/lissabon\/\">Sonnenseiten-Artikeln<\/a>.<\/p>\n<div id=\"attachment_6106\" style=\"width: 693px\" class=\"wp-caption alignleft\"><img loading=\"lazy\" decoding=\"async\" aria-describedby=\"caption-attachment-6106\" class=\"wp-image-6106 size-large\" src=\"https:\/\/blog.olimar.de\/wp-content\/uploads\/2016\/09\/PT-LissabonStadt-ElectricoLinie28Kirche-683x1024.jpg\" alt=\"PT-LissabonStadt-ElectricoLinie28Kirche\" width=\"683\" height=\"1024\" srcset=\"https:\/\/blog.olimar.de\/wp-content\/uploads\/2016\/09\/PT-LissabonStadt-ElectricoLinie28Kirche-683x1024.jpg 683w, https:\/\/blog.olimar.de\/wp-content\/uploads\/2016\/09\/PT-LissabonStadt-ElectricoLinie28Kirche-200x300.jpg 200w, https:\/\/blog.olimar.de\/wp-content\/uploads\/2016\/09\/PT-LissabonStadt-ElectricoLinie28Kirche-768x1152.jpg 768w, https:\/\/blog.olimar.de\/wp-content\/uploads\/2016\/09\/PT-LissabonStadt-ElectricoLinie28Kirche.jpg 1200w\" sizes=\"auto, (max-width: 683px) 100vw, 683px\" \/><p id=\"caption-attachment-6106\" class=\"wp-caption-text\">Nicht aus dem Stadtbild Lissabons wegzudenken: die gelben Stra\u00dfenbahnen<\/p><\/div>\n<h3 style=\"text-align: justify;\"><strong>Sintra \u2013 M\u00e4rchenschl\u00f6sser im bergigen Hinterland von Lissabons K\u00fcste<\/strong><\/h3>\n<p style=\"text-align: justify;\">Mit seinen Schl\u00f6ssern und Pal\u00e4sten inmitten subtropischer Parks sowie dem h\u00fcbschen Stadtkern bildet Sintra eine Art Gesamtkunstwerk im Hinterland der Costa do Estoril. Von Estoril und Cascais fahren regelm\u00e4\u00dfig Linienbusse in das 20 Kilometer entfernt gelegene St\u00e4dtchen. Im historischen Zentrum locken bunte Gassen zum Souvenirkauf und von der Terrasse des Caf\u00e9 Paris schaut man bei einem portugiesischen Espresso und Queijadas, den leckeren K\u00e4sek\u00fcchlein, direkt auf den Pal\u00e1cio Nacional. Der elegante wei\u00dfe Palast mit den beiden kegelf\u00f6rmigen Schornsteinen vereint arabische und manuelinische Elemente und bezaubert im Inneren mit wundersch\u00f6nen Azulejos.<\/p>\n<p style=\"text-align: justify;\">Sintras gr\u00f6\u00dfte Attraktion ist jedoch der Pal\u00e1cio da Pena, den man \u00fcber schmale Serpentinen entweder zu Fu\u00df oder mit einem der Minibusse erreicht. Majest\u00e4tisch thront dieses Fantasieschloss auf dem Gipfel des Monte da Pena, ein kurioser Stilmix aus maurischen Portalen, mittelalterlichen T\u00fcrmchen, Zinnen und Zwiebelt\u00fcrmen. Von den Aussichtsterrassen schweift der Blick in alle Richtungen \u00fcber das Sintra-Gebirge \u2013 bis hin zur K\u00fcste, von der die Entdecker einst in eine neue Welt aufbrachen.<\/p>\n<div id=\"attachment_6107\" style=\"width: 850px\" class=\"wp-caption alignleft\"><img loading=\"lazy\" decoding=\"async\" aria-describedby=\"caption-attachment-6107\" class=\"wp-image-6107 size-large\" src=\"https:\/\/blog.olimar.de\/wp-content\/uploads\/2016\/09\/PT-LissabonsKuesten-Sintra-PalacioDaPena-Overview-1024x829.jpg\" alt=\"PT-LissabonsKuesten-Sintra-PalacioDaPena-Overview\" width=\"840\" height=\"680\" srcset=\"https:\/\/blog.olimar.de\/wp-content\/uploads\/2016\/09\/PT-LissabonsKuesten-Sintra-PalacioDaPena-Overview-1024x829.jpg 1024w, https:\/\/blog.olimar.de\/wp-content\/uploads\/2016\/09\/PT-LissabonsKuesten-Sintra-PalacioDaPena-Overview-300x243.jpg 300w, https:\/\/blog.olimar.de\/wp-content\/uploads\/2016\/09\/PT-LissabonsKuesten-Sintra-PalacioDaPena-Overview-768x622.jpg 768w, https:\/\/blog.olimar.de\/wp-content\/uploads\/2016\/09\/PT-LissabonsKuesten-Sintra-PalacioDaPena-Overview.jpg 1200w\" sizes=\"auto, (max-width: 840px) 100vw, 840px\" \/><p id=\"caption-attachment-6107\" class=\"wp-caption-text\">Sintras Pal\u00e1cio Nacional da Pena<\/p><\/div>\n<div class=\"green-box\">\n<h3 style=\"text-align: justify;\"><strong>OLIMAR Tipps<\/strong><\/h3>\n<p>\u00a0<\/p>\n<p style=\"text-align: justify;\">\u00dcbernachten:<br \/>Hotel SANA Estoril ***: Gepflegtes Mittelklassehotel mit guter K\u00fcche in n\u00e4chster N\u00e4he zum Tamariz-Strand und zum Ortszentrum. Vom Restaurant mit Dachterrasse bietet sich ein sch\u00f6ner Panoramablick auf das Meer und die K\u00fcste bis nach Cascais. Ab 22 \u20ac p. P.\/Nacht im Doppelzimmer inkl. Fr\u00fchst\u00fcck.<\/p>\n<p><a href=\"https:\/\/rms.olimar.de\/code\/lis630\" rel=\"noopener noreferrer\">Farol Design Hotel<\/a> *****, Cascais: Das schicke Design-Hotel in einem ehemaligen Herrenhaus verbindet modernes Design mit dem historischen Flair des benachbarten Leuchtturms und der Festung Santa Maria. In grandioser Lage direkt am Meer und mit fantastischem Ausblick.<br \/>Ab 82 \u20ac p. P.\/Nacht im Doppelzimmer mit Meerblick inkl. Fr\u00fchst\u00fcck.<\/p>\n<p style=\"text-align: justify;\">Kulinarischer Tipp:<br \/>Den cremigen Kompositionen der Eisdiele Santini (Av. Valbom 28F) in Cascais kann niemand widerstehen. Sie gilt als die beste in ganz Portugal und wurde 1949 von Antonio Santini gegr\u00fcndet. Zu den ausgefalleneren Geschmackssorten geh\u00f6ren Ingwer, Kiwi, Feige und Ananas aus Fr\u00fcchten von der Azoren-Insel S\u00e3o Miguel.<\/p>\n<p style=\"text-align: justify;\">Rundreisen:<br \/>Juwele des S\u00fcdens: 7-t\u00e4gige Mietwagen-Rundreise zu den kulturellen H\u00f6hepunkten S\u00fcdportugals, inklusive Abstecher nach Lissabon sowie Stationen an der Estoriler K\u00fcste und Sintra. Ab 263 \u20ac p. P. im Doppelzimmer mit Fr\u00fchst\u00fcck.<\/div>\n\n\n<div style=\"height:25px\" aria-hidden=\"true\" class=\"wp-block-spacer\"><\/div>\n\n\n\n<div class=\"wp-block-buttons is-layout-flex wp-block-buttons-is-layout-flex\">\n<div class=\"wp-block-button\"><a class=\"wp-block-button__link wp-element-button\" href=\"https:\/\/www.olimar.de\/hotellistung\/\">Jetzt Urlaubsangebote finden und buchen<\/a><\/div>\n<\/div>\n\n\n\n<div style=\"height:100px\" aria-hidden=\"true\" class=\"wp-block-spacer\"><\/div>\n","protected":false},"excerpt":{"rendered":"<p>Lissabons K\u00fcste wartet mit sch\u00f6nen Str\u00e4nden, palmenges\u00e4umten Promenaden und eleganten Villen auf. Bereits Ende des 19. Jahrhunderts zog es Adelige und Prominente in die mond\u00e4nen Seeb\u00e4der Estoril und Cascais, die mit ihren Forts und Festungen entlang der K\u00fcste noch heute an die Epoche der Seefahrer erinnern. Vor den Toren Lissabons pr\u00e4sentiert sich das vornehme und beschauliche Estoril als Oase f\u00fcr Ruhesuchende. Ob vom Casino-Park, von den Balkonen und Terrassen der noblen Hotels oder von der Strandpromenade, von \u00fcberall er\u00f6ffnet sich der Blick auf das tiefblaue Meer. Sonnenanbeter finden an der kleinen aber feinen Praia do Tamariz ihr Fleckchen unterm Sonnenschirm, dazu &hellip;<\/p>\n","protected":false},"author":44,"featured_media":6102,"comment_status":"open","ping_status":"open","sticky":false,"template":"","format":"standard","meta":{"_crdt_document":"","_lmt_disableupdate":"","_lmt_disable":"","footnotes":""},"categories":[28],"tags":[25,56,34],"class_list":["post-5959","post","type-post","status-publish","format-standard","has-post-thumbnail","hentry","category-kunst-kultur","tag-lissabon","tag-lissabons-kuesten","tag-portugal"],"yoast_head":"<!-- This site is optimized with the Yoast SEO plugin v26.9 - https:\/\/yoast.com\/product\/yoast-seo-wordpress\/ -->\n<title>Lissabons K\u00fcsten - Seefahrerromantik und Kultursch\u00e4tze<\/title>\n<meta name=\"description\" content=\"Lissabons K\u00fcsten warten mit sch\u00f6nen Str\u00e4nden, palmenges\u00e4umten Promenaden und eleganten Villen auf. Und das in der N\u00e4he zu Portugals Kapitale.\" \/>\n<meta name=\"robots\" content=\"index, follow, max-snippet:-1, max-image-preview:large, max-video-preview:-1\" \/>\n<link rel=\"canonical\" href=\"https:\/\/blog.olimar.de\/lissabons-kuesten\/\" \/>\n<meta property=\"og:locale\" content=\"de_DE\" \/>\n<meta property=\"og:type\" content=\"article\" \/>\n<meta property=\"og:title\" content=\"Lissabons K\u00fcsten - Seefahrerromantik und Kultursch\u00e4tze\" \/>\n<meta property=\"og:description\" content=\"Lissabons K\u00fcsten warten mit sch\u00f6nen Str\u00e4nden, palmenges\u00e4umten Promenaden und eleganten Villen auf. Und das in der N\u00e4he zu Portugals Kapitale.\" \/>\n<meta property=\"og:url\" content=\"https:\/\/blog.olimar.de\/lissabons-kuesten\/\" \/>\n<meta property=\"article:publisher\" content=\"https:\/\/www.facebook.com\/OlimarReisen\" \/>\n<meta property=\"article:published_time\" content=\"2016-09-02T15:15:45+00:00\" \/>\n<meta property=\"article:modified_time\" content=\"2022-12-22T13:22:00+00:00\" \/>\n<meta property=\"og:image\" content=\"https:\/\/blog.olimar.de\/wp-content\/uploads\/2016\/09\/PT-LissabonsKuesten-Cascais-Marina.jpg\" \/>\n\t<meta property=\"og:image:width\" content=\"1000\" \/>\n\t<meta property=\"og:image:height\" content=\"678\" \/>\n\t<meta property=\"og:image:type\" content=\"image\/jpeg\" \/>\n<meta name=\"author\" content=\"Andrea Bellok\" \/>\n<meta name=\"twitter:label1\" content=\"Verfasst von\" \/>\n\t<meta name=\"twitter:data1\" content=\"Andrea Bellok\" \/>\n\t<meta name=\"twitter:label2\" content=\"Gesch\u00e4tzte Lesezeit\" \/>\n\t<meta name=\"twitter:data2\" content=\"7\u00a0Minuten\" \/>\n<script type=\"application\/ld+json\" class=\"yoast-schema-graph\">{\"@context\":\"https:\/\/schema.org\",\"@graph\":[{\"@type\":\"WebPage\",\"@id\":\"https:\/\/blog.olimar.de\/lissabons-kuesten\/\",\"url\":\"https:\/\/blog.olimar.de\/lissabons-kuesten\/\",\"name\":\"Lissabons K\u00fcsten - Seefahrerromantik und Kultursch\u00e4tze\",\"isPartOf\":{\"@id\":\"https:\/\/blog.olimar.de\/#website\"},\"primaryImageOfPage\":{\"@id\":\"https:\/\/blog.olimar.de\/lissabons-kuesten\/#primaryimage\"},\"image\":{\"@id\":\"https:\/\/blog.olimar.de\/lissabons-kuesten\/#primaryimage\"},\"thumbnailUrl\":\"https:\/\/blog.olimar.de\/wp-content\/uploads\/2016\/09\/PT-LissabonsKuesten-Cascais-Marina.jpg\",\"datePublished\":\"2016-09-02T15:15:45+00:00\",\"dateModified\":\"2022-12-22T13:22:00+00:00\",\"description\":\"Lissabons K\u00fcsten warten mit sch\u00f6nen Str\u00e4nden, palmenges\u00e4umten Promenaden und eleganten Villen auf. Und das in der N\u00e4he zu Portugals Kapitale.\",\"breadcrumb\":{\"@id\":\"https:\/\/blog.olimar.de\/lissabons-kuesten\/#breadcrumb\"},\"inLanguage\":\"de\",\"potentialAction\":[{\"@type\":\"ReadAction\",\"target\":[\"https:\/\/blog.olimar.de\/lissabons-kuesten\/\"]}]},{\"@type\":\"ImageObject\",\"inLanguage\":\"de\",\"@id\":\"https:\/\/blog.olimar.de\/lissabons-kuesten\/#primaryimage\",\"url\":\"https:\/\/blog.olimar.de\/wp-content\/uploads\/2016\/09\/PT-LissabonsKuesten-Cascais-Marina.jpg\",\"contentUrl\":\"https:\/\/blog.olimar.de\/wp-content\/uploads\/2016\/09\/PT-LissabonsKuesten-Cascais-Marina.jpg\",\"width\":1000,\"height\":678,\"caption\":\"Lissabons Kuesten Cascais Hafen\"},{\"@type\":\"BreadcrumbList\",\"@id\":\"https:\/\/blog.olimar.de\/lissabons-kuesten\/#breadcrumb\",\"itemListElement\":[{\"@type\":\"ListItem\",\"position\":1,\"name\":\"Home\",\"item\":\"https:\/\/blog.olimar.de\/\"},{\"@type\":\"ListItem\",\"position\":2,\"name\":\"Lissabon\",\"item\":\"https:\/\/blog.olimar.de\/tag\/lissabon\/\"},{\"@type\":\"ListItem\",\"position\":3,\"name\":\"Lissabons K\u00fcsten: Seefahrerromantik und Kultursch\u00e4tze in exklusivem Flair\"}]},{\"@type\":\"WebSite\",\"@id\":\"https:\/\/blog.olimar.de\/#website\",\"url\":\"https:\/\/blog.olimar.de\/\",\"name\":\"OLIMAR.com\",\"description\":\"\",\"publisher\":{\"@id\":\"https:\/\/blog.olimar.de\/#organization\"},\"potentialAction\":[{\"@type\":\"SearchAction\",\"target\":{\"@type\":\"EntryPoint\",\"urlTemplate\":\"https:\/\/blog.olimar.de\/?s={search_term_string}\"},\"query-input\":{\"@type\":\"PropertyValueSpecification\",\"valueRequired\":true,\"valueName\":\"search_term_string\"}}],\"inLanguage\":\"de\"},{\"@type\":\"Organization\",\"@id\":\"https:\/\/blog.olimar.de\/#organization\",\"name\":\"OLIMAR Reisen\",\"url\":\"https:\/\/blog.olimar.de\/\",\"logo\":{\"@type\":\"ImageObject\",\"inLanguage\":\"de\",\"@id\":\"https:\/\/blog.olimar.de\/#\/schema\/logo\/image\/\",\"url\":\"https:\/\/blog.olimar.de\/wp-content\/uploads\/2021\/01\/OLIMAR_Logo_COLOR.png\",\"contentUrl\":\"https:\/\/blog.olimar.de\/wp-content\/uploads\/2021\/01\/OLIMAR_Logo_COLOR.png\",\"width\":2000,\"height\":986,\"caption\":\"OLIMAR Reisen\"},\"image\":{\"@id\":\"https:\/\/blog.olimar.de\/#\/schema\/logo\/image\/\"},\"sameAs\":[\"https:\/\/www.facebook.com\/OlimarReisen\",\"https:\/\/x.com\/olimarrreisen\",\"https:\/\/www.instagram.com\/olimarreisen\",\"https:\/\/www.youtube.com\/user\/olimarreisen\"]}]}<\/script>\n<!-- \/ Yoast SEO plugin. -->","yoast_head_json":{"title":"Lissabons K\u00fcsten - Seefahrerromantik und Kultursch\u00e4tze","description":"Lissabons K\u00fcsten warten mit sch\u00f6nen Str\u00e4nden, palmenges\u00e4umten Promenaden und eleganten Villen auf. Und das in der N\u00e4he zu Portugals Kapitale.","robots":{"index":"index","follow":"follow","max-snippet":"max-snippet:-1","max-image-preview":"max-image-preview:large","max-video-preview":"max-video-preview:-1"},"canonical":"https:\/\/blog.olimar.de\/lissabons-kuesten\/","og_locale":"de_DE","og_type":"article","og_title":"Lissabons K\u00fcsten - Seefahrerromantik und Kultursch\u00e4tze","og_description":"Lissabons K\u00fcsten warten mit sch\u00f6nen Str\u00e4nden, palmenges\u00e4umten Promenaden und eleganten Villen auf. Und das in der N\u00e4he zu Portugals Kapitale.","og_url":"https:\/\/blog.olimar.de\/lissabons-kuesten\/","article_publisher":"https:\/\/www.facebook.com\/OlimarReisen","article_published_time":"2016-09-02T15:15:45+00:00","article_modified_time":"2022-12-22T13:22:00+00:00","og_image":[{"width":1000,"height":678,"url":"https:\/\/blog.olimar.de\/wp-content\/uploads\/2016\/09\/PT-LissabonsKuesten-Cascais-Marina.jpg","type":"image\/jpeg"}],"author":"Andrea Bellok","twitter_misc":{"Verfasst von":"Andrea Bellok","Gesch\u00e4tzte Lesezeit":"7\u00a0Minuten"},"schema":{"@context":"https:\/\/schema.org","@graph":[{"@type":"WebPage","@id":"https:\/\/blog.olimar.de\/lissabons-kuesten\/","url":"https:\/\/blog.olimar.de\/lissabons-kuesten\/","name":"Lissabons K\u00fcsten - Seefahrerromantik und Kultursch\u00e4tze","isPartOf":{"@id":"https:\/\/blog.olimar.de\/#website"},"primaryImageOfPage":{"@id":"https:\/\/blog.olimar.de\/lissabons-kuesten\/#primaryimage"},"image":{"@id":"https:\/\/blog.olimar.de\/lissabons-kuesten\/#primaryimage"},"thumbnailUrl":"https:\/\/blog.olimar.de\/wp-content\/uploads\/2016\/09\/PT-LissabonsKuesten-Cascais-Marina.jpg","datePublished":"2016-09-02T15:15:45+00:00","dateModified":"2022-12-22T13:22:00+00:00","description":"Lissabons K\u00fcsten warten mit sch\u00f6nen Str\u00e4nden, palmenges\u00e4umten Promenaden und eleganten Villen auf. Und das in der N\u00e4he zu Portugals Kapitale.","breadcrumb":{"@id":"https:\/\/blog.olimar.de\/lissabons-kuesten\/#breadcrumb"},"inLanguage":"de","potentialAction":[{"@type":"ReadAction","target":["https:\/\/blog.olimar.de\/lissabons-kuesten\/"]}]},{"@type":"ImageObject","inLanguage":"de","@id":"https:\/\/blog.olimar.de\/lissabons-kuesten\/#primaryimage","url":"https:\/\/blog.olimar.de\/wp-content\/uploads\/2016\/09\/PT-LissabonsKuesten-Cascais-Marina.jpg","contentUrl":"https:\/\/blog.olimar.de\/wp-content\/uploads\/2016\/09\/PT-LissabonsKuesten-Cascais-Marina.jpg","width":1000,"height":678,"caption":"Lissabons Kuesten Cascais Hafen"},{"@type":"BreadcrumbList","@id":"https:\/\/blog.olimar.de\/lissabons-kuesten\/#breadcrumb","itemListElement":[{"@type":"ListItem","position":1,"name":"Home","item":"https:\/\/blog.olimar.de\/"},{"@type":"ListItem","position":2,"name":"Lissabon","item":"https:\/\/blog.olimar.de\/tag\/lissabon\/"},{"@type":"ListItem","position":3,"name":"Lissabons K\u00fcsten: Seefahrerromantik und Kultursch\u00e4tze in exklusivem Flair"}]},{"@type":"WebSite","@id":"https:\/\/blog.olimar.de\/#website","url":"https:\/\/blog.olimar.de\/","name":"OLIMAR.com","description":"","publisher":{"@id":"https:\/\/blog.olimar.de\/#organization"},"potentialAction":[{"@type":"SearchAction","target":{"@type":"EntryPoint","urlTemplate":"https:\/\/blog.olimar.de\/?s={search_term_string}"},"query-input":{"@type":"PropertyValueSpecification","valueRequired":true,"valueName":"search_term_string"}}],"inLanguage":"de"},{"@type":"Organization","@id":"https:\/\/blog.olimar.de\/#organization","name":"OLIMAR Reisen","url":"https:\/\/blog.olimar.de\/","logo":{"@type":"ImageObject","inLanguage":"de","@id":"https:\/\/blog.olimar.de\/#\/schema\/logo\/image\/","url":"https:\/\/blog.olimar.de\/wp-content\/uploads\/2021\/01\/OLIMAR_Logo_COLOR.png","contentUrl":"https:\/\/blog.olimar.de\/wp-content\/uploads\/2021\/01\/OLIMAR_Logo_COLOR.png","width":2000,"height":986,"caption":"OLIMAR Reisen"},"image":{"@id":"https:\/\/blog.olimar.de\/#\/schema\/logo\/image\/"},"sameAs":["https:\/\/www.facebook.com\/OlimarReisen","https:\/\/x.com\/olimarrreisen","https:\/\/www.instagram.com\/olimarreisen","https:\/\/www.youtube.com\/user\/olimarreisen"]}]}},"modified_by":"Lena Radermacher","jetpack_featured_media_url":"https:\/\/blog.olimar.de\/wp-content\/uploads\/2016\/09\/PT-LissabonsKuesten-Cascais-Marina.jpg","_links":{"self":[{"href":"https:\/\/blog.olimar.de\/wp-json\/wp\/v2\/posts\/5959","targetHints":{"allow":["GET"]}}],"collection":[{"href":"https:\/\/blog.olimar.de\/wp-json\/wp\/v2\/posts"}],"about":[{"href":"https:\/\/blog.olimar.de\/wp-json\/wp\/v2\/types\/post"}],"author":[{"embeddable":true,"href":"https:\/\/blog.olimar.de\/wp-json\/wp\/v2\/users\/44"}],"replies":[{"embeddable":true,"href":"https:\/\/blog.olimar.de\/wp-json\/wp\/v2\/comments?post=5959"}],"version-history":[{"count":17,"href":"https:\/\/blog.olimar.de\/wp-json\/wp\/v2\/posts\/5959\/revisions"}],"predecessor-version":[{"id":23043,"href":"https:\/\/blog.olimar.de\/wp-json\/wp\/v2\/posts\/5959\/revisions\/23043"}],"wp:featuredmedia":[{"embeddable":true,"href":"https:\/\/blog.olimar.de\/wp-json\/wp\/v2\/media\/6102"}],"wp:attachment":[{"href":"https:\/\/blog.olimar.de\/wp-json\/wp\/v2\/media?parent=5959"}],"wp:term":[{"taxonomy":"category","embeddable":true,"href":"https:\/\/blog.olimar.de\/wp-json\/wp\/v2\/categories?post=5959"},{"taxonomy":"post_tag","embeddable":true,"href":"https:\/\/blog.olimar.de\/wp-json\/wp\/v2\/tags?post=5959"}],"curies":[{"name":"wp","href":"https:\/\/api.w.org\/{rel}","templated":true}]}}