{"id":5991,"date":"2016-09-02T17:14:51","date_gmt":"2016-09-02T15:14:51","guid":{"rendered":"https:\/\/blog.olimar.de\/?p=5991"},"modified":"2017-05-18T16:32:47","modified_gmt":"2017-05-18T14:32:47","slug":"stauseen-auf-gran-canaria","status":"publish","type":"post","link":"https:\/\/blog.olimar.de\/stauseen-auf-gran-canaria\/","title":{"rendered":"Stauseen auf Gran Canaria &#8211; Unser Tagesausflug-Tipp"},"content":{"rendered":"<p class=\"intro\" style=\"text-align: justify;\">Die D\u00fcnen von Maspalomas sind als Ausflugsziel an der K\u00fcste nahezu jedem Kanaren-Urlauber bekannt. Was man von den vielen Stauseen und Talsperren auf Gran Canaria nicht behaupten kann. Unsere Kanaren-Expertin Julia Theis war einen Tag lang von Arguinegu\u00edn im S\u00fcden \u00fcber die GC-505 bis in den Norden unterwegs. Hier erz\u00e4hlt sie von ihren Erlebnissen.<\/p>\n<p style=\"text-align: justify;\"><span class=\"dropcap\">S<\/span>chon zu Beginn der Route erhalten wir einen ersten Eindruck von der typischen Vegetation des Insels\u00fcdens. Die Umgebung ist trocken und kahl, die ersten Kilometer zudem flach, so dass die Strecke auch beliebt bei Radfahrern ist. Nach einigen Kilometern steigt die Stra\u00dfe langsam an. Wir fahren vorbei an kleinen Fincas und Weilern und genie\u00dfen einen sch\u00f6nen Ausblick auf die Bergh\u00e4nge des Tals.<\/p>\n<p style=\"text-align: justify;\">Nach circa 20 Kilometern gelangen wir in den Ort Barranquillo Andr\u00e9s, wo wir rechts in Richtung Soria abbiegen. Kurze Zeit sp\u00e4ter liegt das erste Ziel unserer Tour auf der rechten Seite, der Stausee Presa de Soria. Die Stauseen auf Gran Canaria wurden k\u00fcnstlich angelegt, um das wertvolle Regenwasser f\u00fcr die Bew\u00e4sserung von Obst- und Gem\u00fcseplantagen zu nutzen. Mittlerweile sind es rund 60 Seen, die meisten liegen im schwer zug\u00e4nglichen Hinterland.<br \/>\nDie Stra\u00dfe f\u00fchrt ein kleines St\u00fcck entlang des Stausees und endet an einem Wendeplatz. Der Schotterweg in Verl\u00e4ngerung der Stra\u00dfe eignet sich gut f\u00fcr einen kleinen Fu\u00dfmarsch.<\/p>\n<p style=\"text-align: justify;\">Anschlie\u00dfend empfiehlt sich eine Pause im Restaurant Casa Fernando, das direkt an der Hauptstra\u00dfe in Soria liegt. Zu empfehlen sind hier der Ziegenk\u00e4se oder auch die f\u00fcr die Kanaren typischen kleinen Salzkartoffeln mit Mojoso\u00dfe. Von der Terrasse aus haben wir einen sehr sch\u00f6nen Blick auf das Tal und genie\u00dfen die Sonne. Es lohnt sich, hier die Stra\u00dfe hinunter zu laufen, nach kurzer Zeit erreicht man die Staumauer mit Blick auf den Stausee.<\/p>\n<p style=\"text-align: justify;\">Unsere Fahrt geht nun wieder ein kleines St\u00fcck zur\u00fcck nach Barranquillo Andr\u00e9s, hier biegen wir rechts ab und folgen weiter der GC-505. Das n\u00e4chste St\u00fcck ist eine sehr enge und steile Serpentinenstra\u00dfe, die unseren Pulsschlag etwas ansteigen l\u00e4sst. Oben angekommen werden wir mit einem atemberaubenden Blick \u00fcber das Tal und den Ort Barranquillo Andr\u00e9s mit seinen kleinen wei\u00dfen H\u00e4usern belohnt.<\/p>\n<p style=\"text-align: justify;\"><span class=\"dropcap\">W<\/span>eiter geht es rechts \u00fcber die GC-605. Die Vegetation hat sich mittlerweile ge\u00e4ndert, es ist zwar nach wie vor trocken, doch die Natur ist nun von Kiefern ges\u00e4umt, typisch f\u00fcr die Kanarischen Inseln. Nach einigen Kilometern sieht man zur Linken den Stausee Presa Del Mulato. Kleine Parkbuchten bieten immer wieder die M\u00f6glichkeit, f\u00fcr ein paar sch\u00f6ne Bilder anzuhalten.<br \/>\nUnser n\u00e4chstes Ziel l\u00e4sst nicht lange auf sich warten. Nach einer kurzweiligen Fahrt sind wir am Stausee Presa de las Ninas angekommen. In der N\u00e4he des Ufers befindet sich ein Rastplatz mit Campingm\u00f6glichkeiten. F\u00fcr Verpflegung m\u00fcssen wir aber selbst sorgen. Gerade an den Wochenenden ist der Ort ein beliebtes Ausflugsziel der Einheimischen.<\/p>\n<p style=\"text-align: justify;\">Die Tour geht weiter entlang der GC-605. In Ayacata biegen wir rechts auf die GC-60 ab. Wer m\u00f6chte, kann von Ayacata aus noch einen kleinen Abstecher zum Roque Nublo einlegen, dem Wahrzeichen der Insel. Wir fahren weiter nach San Bartolom\u00e9 de Tirajana, den Verwaltungsort des S\u00fcdens. Hier lohnt ein Besuch der gleichnamigen Kirche in der Ortsmitte. Sie wurde im 18. Jahrhundert erbaut und Santiago, dem Nationalheiligen Spaniens, gewidmet. Besonders auff\u00e4llig sind die geschnitzten Holzdecken der dreischiffigen Kirche.<\/p>\n<div id=\"attachment_6049\" style=\"width: 778px\" class=\"wp-caption alignleft\"><img loading=\"lazy\" decoding=\"async\" aria-describedby=\"caption-attachment-6049\" class=\"wp-image-6049 size-large\" src=\"https:\/\/blog.olimar.de\/wp-content\/uploads\/2016\/09\/IMG_4821-768x1024.jpg\" alt=\"IMG_4821\" width=\"768\" height=\"1024\" srcset=\"https:\/\/blog.olimar.de\/wp-content\/uploads\/2016\/09\/IMG_4821-768x1024.jpg 768w, https:\/\/blog.olimar.de\/wp-content\/uploads\/2016\/09\/IMG_4821-225x300.jpg 225w, https:\/\/blog.olimar.de\/wp-content\/uploads\/2016\/09\/IMG_4821-420x560.jpg 420w\" sizes=\"auto, (max-width: 768px) 100vw, 768px\" \/><p id=\"caption-attachment-6049\" class=\"wp-caption-text\">Die Kirche in San Bartolome de Tirajana<\/p><\/div>\n<p style=\"text-align: justify;\">Kurz hinter dem Ort biegen wir rechts ab und fahren Richtung Fataga. Auf der linken Seite befindet sich das kleine Restaurant Mirador de Tunte, von dessen Terrasse aus sich ein sehr sch\u00f6ner Ausblick auf das Fatagatal zeigt. Bei klarer Sicht kann man sogar die D\u00fcnen von Maspalomas erkennen.<\/p>\n<div id=\"attachment_6048\" style=\"width: 850px\" class=\"wp-caption alignleft\"><img loading=\"lazy\" decoding=\"async\" aria-describedby=\"caption-attachment-6048\" class=\"wp-image-6048 size-large\" src=\"https:\/\/blog.olimar.de\/wp-content\/uploads\/2016\/09\/Fatagatal-1024x768.jpg\" alt=\"Fatagatal\" width=\"840\" height=\"630\" srcset=\"https:\/\/blog.olimar.de\/wp-content\/uploads\/2016\/09\/Fatagatal-1024x768.jpg 1024w, https:\/\/blog.olimar.de\/wp-content\/uploads\/2016\/09\/Fatagatal-300x225.jpg 300w, https:\/\/blog.olimar.de\/wp-content\/uploads\/2016\/09\/Fatagatal-768x576.jpg 768w\" sizes=\"auto, (max-width: 840px) 100vw, 840px\" \/><p id=\"caption-attachment-6048\" class=\"wp-caption-text\">Fatagatal<\/p><\/div>\n<div id=\"attachment_6050\" style=\"width: 778px\" class=\"wp-caption alignleft\"><img loading=\"lazy\" decoding=\"async\" aria-describedby=\"caption-attachment-6050\" class=\"wp-image-6050 size-large\" src=\"https:\/\/blog.olimar.de\/wp-content\/uploads\/2016\/09\/Restaurant-Mirador-de-Tunte-768x1024.jpg\" alt=\"Restaurant Mirador de Tunte\" width=\"768\" height=\"1024\" srcset=\"https:\/\/blog.olimar.de\/wp-content\/uploads\/2016\/09\/Restaurant-Mirador-de-Tunte-768x1024.jpg 768w, https:\/\/blog.olimar.de\/wp-content\/uploads\/2016\/09\/Restaurant-Mirador-de-Tunte-225x300.jpg 225w, https:\/\/blog.olimar.de\/wp-content\/uploads\/2016\/09\/Restaurant-Mirador-de-Tunte-420x560.jpg 420w\" sizes=\"auto, (max-width: 768px) 100vw, 768px\" \/><p id=\"caption-attachment-6050\" class=\"wp-caption-text\">Eingang zum Restaurant Mirador de Tunte<\/p><\/div>\n<p style=\"text-align: justify;\"><span class=\"dropcap\">N<\/span>ach einer kleinen St\u00e4rkung, besonders zu empfehlen sind hier die Fischgerichte wie Seezunge, geht es auf unsere letzte Etappe. Wir fahren durch das Fatagatal, das auch das \u201eTal der tausend Palmen\u201c genannt wird.<\/p>\n<p style=\"text-align: justify;\">Unser letzter Stop ist nun Fataga. Der Ort ist tief im Tal gelegen, der kleine Dorfplatz Plaza de San Jos\u00e9 an der Hauptstra\u00dfe sowie die vielen verwinkelten G\u00e4sschen laden zum Spazieren ein. Empfehlenswert ist ein Besuch der \u00f6rtlichen Bodegas wie beispielsweise die Bodega El Rincon, welche sich am Ende der Stra\u00dfe Calle Pilar befindet und verschiedene lokale Weine bietet. Auch die traditionelle B\u00e4ckerei Marquitos in der Calle los Reyes ist einen Besuch wert. Neben traditionell hergestelltem Brot lockt die B\u00e4ckerei auch mit zahlreichen s\u00fc\u00dfen Backwaren. Da Fataga aus engen, verschlungen Gassen besteht, ist es ratsam, den Wagen an der Hauptstra\u00dfe zu parken und den Ort zu Fu\u00df zu erkunden.<\/p>\n","protected":false},"excerpt":{"rendered":"<p>Die D\u00fcnen von Maspalomas sind als Ausflugsziel an der K\u00fcste nahezu jedem Kanaren-Urlauber bekannt. Was man von den vielen Stauseen und Talsperren auf Gran Canaria nicht behaupten kann. Unsere Kanaren-Expertin Julia Theis war einen Tag lang von Arguinegu\u00edn im S\u00fcden \u00fcber die GC-505 bis in den Norden unterwegs. Hier erz\u00e4hlt sie von ihren Erlebnissen. Schon zu Beginn der Route erhalten wir einen ersten Eindruck von der typischen Vegetation des Insels\u00fcdens. Die Umgebung ist trocken und kahl, die ersten Kilometer zudem flach, so dass die Strecke auch beliebt bei Radfahrern ist. Nach einigen Kilometern steigt die Stra\u00dfe langsam an. Wir fahren vorbei &hellip;<\/p>\n","protected":false},"author":45,"featured_media":6173,"comment_status":"open","ping_status":"open","sticky":false,"template":"","format":"standard","meta":{"_crdt_document":"","_lmt_disableupdate":"","_lmt_disable":"","footnotes":""},"categories":[29,31],"tags":[133,115,62],"class_list":["post-5991","post","type-post","status-publish","format-standard","has-post-thumbnail","hentry","category-aktiv-natur","category-land-leute","tag-gran-canaria","tag-kanaren","tag-spanien"],"yoast_head":"<!-- This site is optimized with the Yoast SEO plugin v26.9 - https:\/\/yoast.com\/product\/yoast-seo-wordpress\/ -->\n<title>Stauseen auf Gran Canaria - ein Tagesausflug-Tipp<\/title>\n<meta name=\"description\" content=\"Unsere Kanaren-Expertin Julia Theis war einen Tag lang von Arguinegu\u00edn im S\u00fcden \u00fcber bis in den Norden unterwegs. Hier erz\u00e4hlt sie von ihren Erlebnissen.\" \/>\n<meta name=\"robots\" content=\"index, follow, max-snippet:-1, max-image-preview:large, max-video-preview:-1\" \/>\n<link rel=\"canonical\" href=\"https:\/\/blog.olimar.de\/stauseen-auf-gran-canaria\/\" \/>\n<meta property=\"og:locale\" content=\"de_DE\" \/>\n<meta property=\"og:type\" content=\"article\" \/>\n<meta property=\"og:title\" content=\"Stauseen auf Gran Canaria - ein Tagesausflug-Tipp\" \/>\n<meta property=\"og:description\" content=\"Unsere Kanaren-Expertin Julia Theis war einen Tag lang von Arguinegu\u00edn im S\u00fcden \u00fcber bis in den Norden unterwegs. Hier erz\u00e4hlt sie von ihren Erlebnissen.\" \/>\n<meta property=\"og:url\" content=\"https:\/\/blog.olimar.de\/stauseen-auf-gran-canaria\/\" \/>\n<meta property=\"article:publisher\" content=\"https:\/\/www.facebook.com\/OlimarReisen\" \/>\n<meta property=\"article:published_time\" content=\"2016-09-02T15:14:51+00:00\" \/>\n<meta property=\"article:modified_time\" content=\"2017-05-18T14:32:47+00:00\" \/>\n<meta property=\"og:image\" content=\"https:\/\/i2.wp.com\/blog.olimar.de\/wp-content\/uploads\/2016\/09\/Stausee-Presa-Del-Mulato-1.jpg?fit=3264%2C2448&ssl=1\" \/>\n\t<meta property=\"og:image:width\" content=\"3264\" \/>\n\t<meta property=\"og:image:height\" content=\"2448\" \/>\n\t<meta property=\"og:image:type\" content=\"image\/jpeg\" \/>\n<meta name=\"author\" content=\"Julia Theis\" \/>\n<meta name=\"twitter:label1\" content=\"Verfasst von\" \/>\n\t<meta name=\"twitter:data1\" content=\"Julia Theis\" \/>\n\t<meta name=\"twitter:label2\" content=\"Gesch\u00e4tzte Lesezeit\" \/>\n\t<meta name=\"twitter:data2\" content=\"4\u00a0Minuten\" \/>\n<script type=\"application\/ld+json\" class=\"yoast-schema-graph\">{\"@context\":\"https:\/\/schema.org\",\"@graph\":[{\"@type\":\"WebPage\",\"@id\":\"https:\/\/blog.olimar.de\/stauseen-auf-gran-canaria\/\",\"url\":\"https:\/\/blog.olimar.de\/stauseen-auf-gran-canaria\/\",\"name\":\"Stauseen auf Gran Canaria - ein Tagesausflug-Tipp\",\"isPartOf\":{\"@id\":\"https:\/\/blog.olimar.de\/#website\"},\"primaryImageOfPage\":{\"@id\":\"https:\/\/blog.olimar.de\/stauseen-auf-gran-canaria\/#primaryimage\"},\"image\":{\"@id\":\"https:\/\/blog.olimar.de\/stauseen-auf-gran-canaria\/#primaryimage\"},\"thumbnailUrl\":\"https:\/\/blog.olimar.de\/wp-content\/uploads\/2016\/09\/Stausee-Presa-Del-Mulato-1.jpg\",\"datePublished\":\"2016-09-02T15:14:51+00:00\",\"dateModified\":\"2017-05-18T14:32:47+00:00\",\"description\":\"Unsere Kanaren-Expertin Julia Theis war einen Tag lang von Arguinegu\u00edn im S\u00fcden \u00fcber bis in den Norden unterwegs. Hier erz\u00e4hlt sie von ihren Erlebnissen.\",\"breadcrumb\":{\"@id\":\"https:\/\/blog.olimar.de\/stauseen-auf-gran-canaria\/#breadcrumb\"},\"inLanguage\":\"de\",\"potentialAction\":[{\"@type\":\"ReadAction\",\"target\":[\"https:\/\/blog.olimar.de\/stauseen-auf-gran-canaria\/\"]}]},{\"@type\":\"ImageObject\",\"inLanguage\":\"de\",\"@id\":\"https:\/\/blog.olimar.de\/stauseen-auf-gran-canaria\/#primaryimage\",\"url\":\"https:\/\/blog.olimar.de\/wp-content\/uploads\/2016\/09\/Stausee-Presa-Del-Mulato-1.jpg\",\"contentUrl\":\"https:\/\/blog.olimar.de\/wp-content\/uploads\/2016\/09\/Stausee-Presa-Del-Mulato-1.jpg\",\"width\":3264,\"height\":2448,\"caption\":\"Stausee-Presa-Del-Mulato\"},{\"@type\":\"BreadcrumbList\",\"@id\":\"https:\/\/blog.olimar.de\/stauseen-auf-gran-canaria\/#breadcrumb\",\"itemListElement\":[{\"@type\":\"ListItem\",\"position\":1,\"name\":\"Home\",\"item\":\"https:\/\/blog.olimar.de\/\"},{\"@type\":\"ListItem\",\"position\":2,\"name\":\"Gran Canaria\",\"item\":\"https:\/\/blog.olimar.de\/tag\/gran-canaria\/\"},{\"@type\":\"ListItem\",\"position\":3,\"name\":\"Stauseen auf Gran Canaria &#8211; Unser Tagesausflug-Tipp\"}]},{\"@type\":\"WebSite\",\"@id\":\"https:\/\/blog.olimar.de\/#website\",\"url\":\"https:\/\/blog.olimar.de\/\",\"name\":\"OLIMAR.com\",\"description\":\"\",\"publisher\":{\"@id\":\"https:\/\/blog.olimar.de\/#organization\"},\"potentialAction\":[{\"@type\":\"SearchAction\",\"target\":{\"@type\":\"EntryPoint\",\"urlTemplate\":\"https:\/\/blog.olimar.de\/?s={search_term_string}\"},\"query-input\":{\"@type\":\"PropertyValueSpecification\",\"valueRequired\":true,\"valueName\":\"search_term_string\"}}],\"inLanguage\":\"de\"},{\"@type\":\"Organization\",\"@id\":\"https:\/\/blog.olimar.de\/#organization\",\"name\":\"OLIMAR Reisen\",\"url\":\"https:\/\/blog.olimar.de\/\",\"logo\":{\"@type\":\"ImageObject\",\"inLanguage\":\"de\",\"@id\":\"https:\/\/blog.olimar.de\/#\/schema\/logo\/image\/\",\"url\":\"https:\/\/blog.olimar.de\/wp-content\/uploads\/2021\/01\/OLIMAR_Logo_COLOR.png\",\"contentUrl\":\"https:\/\/blog.olimar.de\/wp-content\/uploads\/2021\/01\/OLIMAR_Logo_COLOR.png\",\"width\":2000,\"height\":986,\"caption\":\"OLIMAR Reisen\"},\"image\":{\"@id\":\"https:\/\/blog.olimar.de\/#\/schema\/logo\/image\/\"},\"sameAs\":[\"https:\/\/www.facebook.com\/OlimarReisen\",\"https:\/\/x.com\/olimarrreisen\",\"https:\/\/www.instagram.com\/olimarreisen\",\"https:\/\/www.youtube.com\/user\/olimarreisen\"]}]}<\/script>\n<!-- \/ Yoast SEO plugin. -->","yoast_head_json":{"title":"Stauseen auf Gran Canaria - ein Tagesausflug-Tipp","description":"Unsere Kanaren-Expertin Julia Theis war einen Tag lang von Arguinegu\u00edn im S\u00fcden \u00fcber bis in den Norden unterwegs. Hier erz\u00e4hlt sie von ihren Erlebnissen.","robots":{"index":"index","follow":"follow","max-snippet":"max-snippet:-1","max-image-preview":"max-image-preview:large","max-video-preview":"max-video-preview:-1"},"canonical":"https:\/\/blog.olimar.de\/stauseen-auf-gran-canaria\/","og_locale":"de_DE","og_type":"article","og_title":"Stauseen auf Gran Canaria - ein Tagesausflug-Tipp","og_description":"Unsere Kanaren-Expertin Julia Theis war einen Tag lang von Arguinegu\u00edn im S\u00fcden \u00fcber bis in den Norden unterwegs. Hier erz\u00e4hlt sie von ihren Erlebnissen.","og_url":"https:\/\/blog.olimar.de\/stauseen-auf-gran-canaria\/","article_publisher":"https:\/\/www.facebook.com\/OlimarReisen","article_published_time":"2016-09-02T15:14:51+00:00","article_modified_time":"2017-05-18T14:32:47+00:00","og_image":[{"width":3264,"height":2448,"url":"https:\/\/i2.wp.com\/blog.olimar.de\/wp-content\/uploads\/2016\/09\/Stausee-Presa-Del-Mulato-1.jpg?fit=3264%2C2448&ssl=1","type":"image\/jpeg"}],"author":"Julia Theis","twitter_misc":{"Verfasst von":"Julia Theis","Gesch\u00e4tzte Lesezeit":"4\u00a0Minuten"},"schema":{"@context":"https:\/\/schema.org","@graph":[{"@type":"WebPage","@id":"https:\/\/blog.olimar.de\/stauseen-auf-gran-canaria\/","url":"https:\/\/blog.olimar.de\/stauseen-auf-gran-canaria\/","name":"Stauseen auf Gran Canaria - ein Tagesausflug-Tipp","isPartOf":{"@id":"https:\/\/blog.olimar.de\/#website"},"primaryImageOfPage":{"@id":"https:\/\/blog.olimar.de\/stauseen-auf-gran-canaria\/#primaryimage"},"image":{"@id":"https:\/\/blog.olimar.de\/stauseen-auf-gran-canaria\/#primaryimage"},"thumbnailUrl":"https:\/\/blog.olimar.de\/wp-content\/uploads\/2016\/09\/Stausee-Presa-Del-Mulato-1.jpg","datePublished":"2016-09-02T15:14:51+00:00","dateModified":"2017-05-18T14:32:47+00:00","description":"Unsere Kanaren-Expertin Julia Theis war einen Tag lang von Arguinegu\u00edn im S\u00fcden \u00fcber bis in den Norden unterwegs. Hier erz\u00e4hlt sie von ihren Erlebnissen.","breadcrumb":{"@id":"https:\/\/blog.olimar.de\/stauseen-auf-gran-canaria\/#breadcrumb"},"inLanguage":"de","potentialAction":[{"@type":"ReadAction","target":["https:\/\/blog.olimar.de\/stauseen-auf-gran-canaria\/"]}]},{"@type":"ImageObject","inLanguage":"de","@id":"https:\/\/blog.olimar.de\/stauseen-auf-gran-canaria\/#primaryimage","url":"https:\/\/blog.olimar.de\/wp-content\/uploads\/2016\/09\/Stausee-Presa-Del-Mulato-1.jpg","contentUrl":"https:\/\/blog.olimar.de\/wp-content\/uploads\/2016\/09\/Stausee-Presa-Del-Mulato-1.jpg","width":3264,"height":2448,"caption":"Stausee-Presa-Del-Mulato"},{"@type":"BreadcrumbList","@id":"https:\/\/blog.olimar.de\/stauseen-auf-gran-canaria\/#breadcrumb","itemListElement":[{"@type":"ListItem","position":1,"name":"Home","item":"https:\/\/blog.olimar.de\/"},{"@type":"ListItem","position":2,"name":"Gran Canaria","item":"https:\/\/blog.olimar.de\/tag\/gran-canaria\/"},{"@type":"ListItem","position":3,"name":"Stauseen auf Gran Canaria &#8211; Unser Tagesausflug-Tipp"}]},{"@type":"WebSite","@id":"https:\/\/blog.olimar.de\/#website","url":"https:\/\/blog.olimar.de\/","name":"OLIMAR.com","description":"","publisher":{"@id":"https:\/\/blog.olimar.de\/#organization"},"potentialAction":[{"@type":"SearchAction","target":{"@type":"EntryPoint","urlTemplate":"https:\/\/blog.olimar.de\/?s={search_term_string}"},"query-input":{"@type":"PropertyValueSpecification","valueRequired":true,"valueName":"search_term_string"}}],"inLanguage":"de"},{"@type":"Organization","@id":"https:\/\/blog.olimar.de\/#organization","name":"OLIMAR Reisen","url":"https:\/\/blog.olimar.de\/","logo":{"@type":"ImageObject","inLanguage":"de","@id":"https:\/\/blog.olimar.de\/#\/schema\/logo\/image\/","url":"https:\/\/blog.olimar.de\/wp-content\/uploads\/2021\/01\/OLIMAR_Logo_COLOR.png","contentUrl":"https:\/\/blog.olimar.de\/wp-content\/uploads\/2021\/01\/OLIMAR_Logo_COLOR.png","width":2000,"height":986,"caption":"OLIMAR Reisen"},"image":{"@id":"https:\/\/blog.olimar.de\/#\/schema\/logo\/image\/"},"sameAs":["https:\/\/www.facebook.com\/OlimarReisen","https:\/\/x.com\/olimarrreisen","https:\/\/www.instagram.com\/olimarreisen","https:\/\/www.youtube.com\/user\/olimarreisen"]}]}},"modified_by":"Katharina","jetpack_featured_media_url":"https:\/\/blog.olimar.de\/wp-content\/uploads\/2016\/09\/Stausee-Presa-Del-Mulato-1.jpg","_links":{"self":[{"href":"https:\/\/blog.olimar.de\/wp-json\/wp\/v2\/posts\/5991","targetHints":{"allow":["GET"]}}],"collection":[{"href":"https:\/\/blog.olimar.de\/wp-json\/wp\/v2\/posts"}],"about":[{"href":"https:\/\/blog.olimar.de\/wp-json\/wp\/v2\/types\/post"}],"author":[{"embeddable":true,"href":"https:\/\/blog.olimar.de\/wp-json\/wp\/v2\/users\/45"}],"replies":[{"embeddable":true,"href":"https:\/\/blog.olimar.de\/wp-json\/wp\/v2\/comments?post=5991"}],"version-history":[{"count":6,"href":"https:\/\/blog.olimar.de\/wp-json\/wp\/v2\/posts\/5991\/revisions"}],"predecessor-version":[{"id":5994,"href":"https:\/\/blog.olimar.de\/wp-json\/wp\/v2\/posts\/5991\/revisions\/5994"}],"wp:featuredmedia":[{"embeddable":true,"href":"https:\/\/blog.olimar.de\/wp-json\/wp\/v2\/media\/6173"}],"wp:attachment":[{"href":"https:\/\/blog.olimar.de\/wp-json\/wp\/v2\/media?parent=5991"}],"wp:term":[{"taxonomy":"category","embeddable":true,"href":"https:\/\/blog.olimar.de\/wp-json\/wp\/v2\/categories?post=5991"},{"taxonomy":"post_tag","embeddable":true,"href":"https:\/\/blog.olimar.de\/wp-json\/wp\/v2\/tags?post=5991"}],"curies":[{"name":"wp","href":"https:\/\/api.w.org\/{rel}","templated":true}]}}