{"id":6976,"date":"2016-09-26T17:49:36","date_gmt":"2016-09-26T15:49:36","guid":{"rendered":"https:\/\/blog.olimar.de\/?p=6976"},"modified":"2023-06-15T11:50:40","modified_gmt":"2023-06-15T10:50:40","slug":"neue-themenwelten","status":"publish","type":"post","link":"https:\/\/blog.olimar.de\/neue-themenwelten\/","title":{"rendered":"Neue OLIMAR Themenwelten und -kataloge"},"content":{"rendered":"<p class=\"intro\" style=\"text-align: justify;\">Ab sofort ist es bei OLIMAR noch leichter, den genau passenden Urlaub zu finden. Denn mit unseren zwei Themenwelten, Exklusiv genie\u00dfen und Inspiration erleben, liefern wir eine praktische Hotel- und Reise-Vorauswahl f\u00fcr unsere Kunden.<\/p>\n<p style=\"text-align: justify;\">Alles begann mit einer ganz detaillierten Analyse unserer Kunden in Kombination mit ihren Reisevorlieben. Beispielsweise: Welcher Reisetyp bucht bei OLIMAR vorwiegend welche Unterkunftsart? Auf welche Einrichtungsdetails legen \u00e4ltere Reiseg\u00e4ste wert? Wie wichtig ist f\u00fcr die etwas j\u00fcngeren Urlauber ein modernes Design? Aus diesen gesammelten Ergebnissen haben wir f\u00fcr unsere Kernzielgruppen zwei Themenwelten entwickelt:<\/p>\n<h3><strong>Inspiration erleben<\/strong><\/h3>\n<p style=\"text-align: justify;\">Mit dieser Themenwelt sprechen wir die weltoffenen Individualisten und die Lifestyle-orientierte Generation 30 plus an. Das auf sie zugeschnittene Programm beinhaltet stylische Unterk\u00fcnfte mit Loungebar, Dachterrasse und Infinity-Pools sowie einem gro\u00dfen Wellness- und Freizeitangebot.<\/p>\n<p>Impressionen aus der Inspiration erleben Themenwelt:<\/p>\n<div id='gallery-1' class='gallery galleryid-6976 gallery-columns-3 gallery-size-medium'><dl class='gallery-item'>\n\t\t\t<dt class='gallery-icon landscape'>\n\t\t\t\t<img loading=\"lazy\" decoding=\"async\" width=\"300\" height=\"200\" src=\"https:\/\/blog.olimar.de\/wp-content\/uploads\/2016\/09\/PMI254-p-PoolC-300x200.jpg\" class=\"attachment-medium size-medium\" alt=\"Freunde am Hotelpool im Urlaub\" srcset=\"https:\/\/blog.olimar.de\/wp-content\/uploads\/2016\/09\/PMI254-p-PoolC-300x200.jpg 300w, https:\/\/blog.olimar.de\/wp-content\/uploads\/2016\/09\/PMI254-p-PoolC-768x512.jpg 768w, https:\/\/blog.olimar.de\/wp-content\/uploads\/2016\/09\/PMI254-p-PoolC-1024x682.jpg 1024w, https:\/\/blog.olimar.de\/wp-content\/uploads\/2016\/09\/PMI254-p-PoolC-840x560.jpg 840w, https:\/\/blog.olimar.de\/wp-content\/uploads\/2016\/09\/PMI254-p-PoolC-1200x800.jpg 1200w, https:\/\/blog.olimar.de\/wp-content\/uploads\/2016\/09\/PMI254-p-PoolC.jpg 2000w\" sizes=\"auto, (max-width: 300px) 100vw, 300px\" \/>\n\t\t\t<\/dt><\/dl><dl class='gallery-item'>\n\t\t\t<dt class='gallery-icon landscape'>\n\t\t\t\t<img loading=\"lazy\" decoding=\"async\" width=\"300\" height=\"200\" src=\"https:\/\/blog.olimar.de\/wp-content\/uploads\/2016\/09\/FNC102-p-OceanBarA-300x200.jpg\" class=\"attachment-medium size-medium\" alt=\"Pool VIDAMAR Resorts Madeira\" srcset=\"https:\/\/blog.olimar.de\/wp-content\/uploads\/2016\/09\/FNC102-p-OceanBarA-300x200.jpg 300w, https:\/\/blog.olimar.de\/wp-content\/uploads\/2016\/09\/FNC102-p-OceanBarA-768x512.jpg 768w, https:\/\/blog.olimar.de\/wp-content\/uploads\/2016\/09\/FNC102-p-OceanBarA-1024x683.jpg 1024w, https:\/\/blog.olimar.de\/wp-content\/uploads\/2016\/09\/FNC102-p-OceanBarA-840x560.jpg 840w, https:\/\/blog.olimar.de\/wp-content\/uploads\/2016\/09\/FNC102-p-OceanBarA-1200x800.jpg 1200w, https:\/\/blog.olimar.de\/wp-content\/uploads\/2016\/09\/FNC102-p-OceanBarA.jpg 2000w\" sizes=\"auto, (max-width: 300px) 100vw, 300px\" \/>\n\t\t\t<\/dt><\/dl><dl class='gallery-item'>\n\t\t\t<dt class='gallery-icon landscape'>\n\t\t\t\t<img loading=\"lazy\" decoding=\"async\" width=\"300\" height=\"188\" src=\"https:\/\/blog.olimar.de\/wp-content\/uploads\/2016\/09\/FAO760-w-01-300x188.jpg\" class=\"attachment-medium size-medium\" alt=\"Frau im Pool mit Bl\u00fcten Spa\" srcset=\"https:\/\/blog.olimar.de\/wp-content\/uploads\/2016\/09\/FAO760-w-01-300x188.jpg 300w, https:\/\/blog.olimar.de\/wp-content\/uploads\/2016\/09\/FAO760-w-01-768x481.jpg 768w, https:\/\/blog.olimar.de\/wp-content\/uploads\/2016\/09\/FAO760-w-01-1024x641.jpg 1024w, https:\/\/blog.olimar.de\/wp-content\/uploads\/2016\/09\/FAO760-w-01.jpg 1930w\" sizes=\"auto, (max-width: 300px) 100vw, 300px\" \/>\n\t\t\t<\/dt><\/dl><br style=\"clear: both\" \/><dl class='gallery-item'>\n\t\t\t<dt class='gallery-icon landscape'>\n\t\t\t\t<img loading=\"lazy\" decoding=\"async\" width=\"300\" height=\"223\" src=\"https:\/\/blog.olimar.de\/wp-content\/uploads\/2016\/09\/FNC126-x-PoolDachterrasseC-300x223.jpg\" class=\"attachment-medium size-medium\" alt=\"Hotel The Vine Madeira\" srcset=\"https:\/\/blog.olimar.de\/wp-content\/uploads\/2016\/09\/FNC126-x-PoolDachterrasseC-300x223.jpg 300w, https:\/\/blog.olimar.de\/wp-content\/uploads\/2016\/09\/FNC126-x-PoolDachterrasseC-768x571.jpg 768w, https:\/\/blog.olimar.de\/wp-content\/uploads\/2016\/09\/FNC126-x-PoolDachterrasseC-1024x761.jpg 1024w, https:\/\/blog.olimar.de\/wp-content\/uploads\/2016\/09\/FNC126-x-PoolDachterrasseC.jpg 2000w\" sizes=\"auto, (max-width: 300px) 100vw, 300px\" \/>\n\t\t\t<\/dt><\/dl><dl class='gallery-item'>\n\t\t\t<dt class='gallery-icon landscape'>\n\t\t\t\t<img loading=\"lazy\" decoding=\"async\" width=\"300\" height=\"225\" src=\"https:\/\/blog.olimar.de\/wp-content\/uploads\/2016\/09\/IE-Kampagnenbild-300x225.jpg\" class=\"attachment-medium size-medium\" alt=\"P\u00e4rchen Daybeds Urlaub S\u00fcdeuropa\" srcset=\"https:\/\/blog.olimar.de\/wp-content\/uploads\/2016\/09\/IE-Kampagnenbild-300x225.jpg 300w, https:\/\/blog.olimar.de\/wp-content\/uploads\/2016\/09\/IE-Kampagnenbild-768x577.jpg 768w, https:\/\/blog.olimar.de\/wp-content\/uploads\/2016\/09\/IE-Kampagnenbild-1024x769.jpg 1024w\" sizes=\"auto, (max-width: 300px) 100vw, 300px\" \/>\n\t\t\t<\/dt><\/dl><dl class='gallery-item'>\n\t\t\t<dt class='gallery-icon landscape'>\n\t\t\t\t<img loading=\"lazy\" decoding=\"async\" width=\"300\" height=\"228\" src=\"https:\/\/blog.olimar.de\/wp-content\/uploads\/2016\/09\/IBZ106-z-StudioSuiteGoldA-300x228.jpg\" class=\"attachment-medium size-medium\" alt=\"Zimmerbeispiel Hard Rock Hotel Ibiza\" srcset=\"https:\/\/blog.olimar.de\/wp-content\/uploads\/2016\/09\/IBZ106-z-StudioSuiteGoldA-300x228.jpg 300w, https:\/\/blog.olimar.de\/wp-content\/uploads\/2016\/09\/IBZ106-z-StudioSuiteGoldA-768x583.jpg 768w, https:\/\/blog.olimar.de\/wp-content\/uploads\/2016\/09\/IBZ106-z-StudioSuiteGoldA-1024x778.jpg 1024w\" sizes=\"auto, (max-width: 300px) 100vw, 300px\" \/>\n\t\t\t<\/dt><\/dl><br style=\"clear: both\" \/><dl class='gallery-item'>\n\t\t\t<dt class='gallery-icon landscape'>\n\t\t\t\t<img loading=\"lazy\" decoding=\"async\" width=\"300\" height=\"203\" src=\"https:\/\/blog.olimar.de\/wp-content\/uploads\/2016\/09\/SPU145-z-WohnbeispielA-300x203.jpg\" class=\"attachment-medium size-medium\" alt=\"Wohnbeispiel D-Resort Sibenik\" srcset=\"https:\/\/blog.olimar.de\/wp-content\/uploads\/2016\/09\/SPU145-z-WohnbeispielA-300x203.jpg 300w, https:\/\/blog.olimar.de\/wp-content\/uploads\/2016\/09\/SPU145-z-WohnbeispielA-768x520.jpg 768w, https:\/\/blog.olimar.de\/wp-content\/uploads\/2016\/09\/SPU145-z-WohnbeispielA-1024x693.jpg 1024w\" sizes=\"auto, (max-width: 300px) 100vw, 300px\" \/>\n\t\t\t<\/dt><\/dl>\n\t\t\t<br style='clear: both' \/>\n\t\t<\/div>\n\n<h3><\/h3>\n<h3><\/h3>\n<h3><strong>Exklusiv genie\u00dfen<\/strong><\/h3>\n<p style=\"text-align: justify;\">Urlauber, f\u00fcr die wir diese Themenwelt entwickelt haben, sind meist 50 Jahre und \u00e4lter, verreisen gern zu zweit und f\u00fchlen sich im Urlaub in traditionell-eleganten Unterk\u00fcnften besonders wohl. Auch eine exquisite K\u00fcche und viele luxuri\u00f6se Details sind Eigenschaften, \u00fcber die unsere Exklusiv genie\u00dfen Unterk\u00fcnfte und -Reisen verf\u00fcgen.<\/p>\n<p>Impressionen aus der Exklusiv genie\u00dfen Themenwelt:<\/p>\n<div id='gallery-2' class='gallery galleryid-6976 gallery-columns-3 gallery-size-medium'><dl class='gallery-item'>\n\t\t\t<dt class='gallery-icon landscape'>\n\t\t\t\t<img loading=\"lazy\" decoding=\"async\" width=\"300\" height=\"272\" src=\"https:\/\/blog.olimar.de\/wp-content\/uploads\/2016\/09\/Exklusiv-Genie\u00dfen-300x272.jpg\" class=\"attachment-medium size-medium\" alt=\"Paar Senioren am Meer\" srcset=\"https:\/\/blog.olimar.de\/wp-content\/uploads\/2016\/09\/Exklusiv-Genie\u00dfen-300x272.jpg 300w, https:\/\/blog.olimar.de\/wp-content\/uploads\/2016\/09\/Exklusiv-Genie\u00dfen-768x697.jpg 768w, https:\/\/blog.olimar.de\/wp-content\/uploads\/2016\/09\/Exklusiv-Genie\u00dfen-1024x929.jpg 1024w\" sizes=\"auto, (max-width: 300px) 100vw, 300px\" \/>\n\t\t\t<\/dt><\/dl><dl class='gallery-item'>\n\t\t\t<dt class='gallery-icon landscape'>\n\t\t\t\t<img loading=\"lazy\" decoding=\"async\" width=\"300\" height=\"200\" src=\"https:\/\/blog.olimar.de\/wp-content\/uploads\/2016\/09\/15287025992_4cea0b9cfe_o-300x200.jpg\" class=\"attachment-medium size-medium\" alt=\"Kellner Hotelterrasse\" srcset=\"https:\/\/blog.olimar.de\/wp-content\/uploads\/2016\/09\/15287025992_4cea0b9cfe_o-300x200.jpg 300w, https:\/\/blog.olimar.de\/wp-content\/uploads\/2016\/09\/15287025992_4cea0b9cfe_o-768x512.jpg 768w, https:\/\/blog.olimar.de\/wp-content\/uploads\/2016\/09\/15287025992_4cea0b9cfe_o-1024x683.jpg 1024w, https:\/\/blog.olimar.de\/wp-content\/uploads\/2016\/09\/15287025992_4cea0b9cfe_o-840x560.jpg 840w, https:\/\/blog.olimar.de\/wp-content\/uploads\/2016\/09\/15287025992_4cea0b9cfe_o-1200x800.jpg 1200w\" sizes=\"auto, (max-width: 300px) 100vw, 300px\" \/>\n\t\t\t<\/dt><\/dl><dl class='gallery-item'>\n\t\t\t<dt class='gallery-icon landscape'>\n\t\t\t\t<img loading=\"lazy\" decoding=\"async\" width=\"300\" height=\"200\" src=\"https:\/\/blog.olimar.de\/wp-content\/uploads\/2016\/09\/FNC138-a-TeaTerrace2015-300x200.jpg\" class=\"attachment-medium size-medium\" alt=\"Terrasse Belmond Reid&#039;s Palace Madeira\" srcset=\"https:\/\/blog.olimar.de\/wp-content\/uploads\/2016\/09\/FNC138-a-TeaTerrace2015-300x200.jpg 300w, https:\/\/blog.olimar.de\/wp-content\/uploads\/2016\/09\/FNC138-a-TeaTerrace2015-768x513.jpg 768w, https:\/\/blog.olimar.de\/wp-content\/uploads\/2016\/09\/FNC138-a-TeaTerrace2015-1024x684.jpg 1024w, https:\/\/blog.olimar.de\/wp-content\/uploads\/2016\/09\/FNC138-a-TeaTerrace2015-840x560.jpg 840w, https:\/\/blog.olimar.de\/wp-content\/uploads\/2016\/09\/FNC138-a-TeaTerrace2015-1200x800.jpg 1200w\" sizes=\"auto, (max-width: 300px) 100vw, 300px\" \/>\n\t\t\t<\/dt><\/dl><br style=\"clear: both\" \/><dl class='gallery-item'>\n\t\t\t<dt class='gallery-icon landscape'>\n\t\t\t\t<img loading=\"lazy\" decoding=\"async\" width=\"300\" height=\"223\" src=\"https:\/\/blog.olimar.de\/wp-content\/uploads\/2016\/09\/EG-Kampagnenbild-300x223.jpg\" class=\"attachment-medium size-medium\" alt=\"Paar auf Liegen am Meer\" srcset=\"https:\/\/blog.olimar.de\/wp-content\/uploads\/2016\/09\/EG-Kampagnenbild-300x223.jpg 300w, https:\/\/blog.olimar.de\/wp-content\/uploads\/2016\/09\/EG-Kampagnenbild-768x571.jpg 768w, https:\/\/blog.olimar.de\/wp-content\/uploads\/2016\/09\/EG-Kampagnenbild-1024x762.jpg 1024w\" sizes=\"auto, (max-width: 300px) 100vw, 300px\" \/>\n\t\t\t<\/dt><\/dl><dl class='gallery-item'>\n\t\t\t<dt class='gallery-icon landscape'>\n\t\t\t\t<img loading=\"lazy\" decoding=\"async\" width=\"300\" height=\"235\" src=\"https:\/\/blog.olimar.de\/wp-content\/uploads\/2016\/09\/FNC138-r-The-Dining-Room-300x235.jpg\" class=\"attachment-medium size-medium\" alt=\"Belmond Reid&#039;s Palace Madeira\" srcset=\"https:\/\/blog.olimar.de\/wp-content\/uploads\/2016\/09\/FNC138-r-The-Dining-Room-300x235.jpg 300w, https:\/\/blog.olimar.de\/wp-content\/uploads\/2016\/09\/FNC138-r-The-Dining-Room-768x601.jpg 768w, https:\/\/blog.olimar.de\/wp-content\/uploads\/2016\/09\/FNC138-r-The-Dining-Room.jpg 1000w\" sizes=\"auto, (max-width: 300px) 100vw, 300px\" \/>\n\t\t\t<\/dt><\/dl><dl class='gallery-item'>\n\t\t\t<dt class='gallery-icon landscape'>\n\t\t\t\t<img loading=\"lazy\" decoding=\"async\" width=\"300\" height=\"187\" src=\"https:\/\/blog.olimar.de\/wp-content\/uploads\/2016\/09\/FLR625-a-BorgoByNight-300x187.jpg\" class=\"attachment-medium size-medium\" alt=\"Borgo\" srcset=\"https:\/\/blog.olimar.de\/wp-content\/uploads\/2016\/09\/FLR625-a-BorgoByNight-300x187.jpg 300w, https:\/\/blog.olimar.de\/wp-content\/uploads\/2016\/09\/FLR625-a-BorgoByNight-768x478.jpg 768w, https:\/\/blog.olimar.de\/wp-content\/uploads\/2016\/09\/FLR625-a-BorgoByNight.jpg 1000w\" sizes=\"auto, (max-width: 300px) 100vw, 300px\" \/>\n\t\t\t<\/dt><\/dl><br style=\"clear: both\" \/><dl class='gallery-item'>\n\t\t\t<dt class='gallery-icon landscape'>\n\t\t\t\t<img loading=\"lazy\" decoding=\"async\" width=\"300\" height=\"199\" src=\"https:\/\/blog.olimar.de\/wp-content\/uploads\/2016\/09\/FLR027-z-BadDomeViewDe-Luxe-300x199.jpg\" class=\"attachment-medium size-medium\" alt=\"Badezimmer Il Salviatino\" srcset=\"https:\/\/blog.olimar.de\/wp-content\/uploads\/2016\/09\/FLR027-z-BadDomeViewDe-Luxe-300x199.jpg 300w, https:\/\/blog.olimar.de\/wp-content\/uploads\/2016\/09\/FLR027-z-BadDomeViewDe-Luxe-768x510.jpg 768w, https:\/\/blog.olimar.de\/wp-content\/uploads\/2016\/09\/FLR027-z-BadDomeViewDe-Luxe-840x560.jpg 840w, https:\/\/blog.olimar.de\/wp-content\/uploads\/2016\/09\/FLR027-z-BadDomeViewDe-Luxe.jpg 1000w\" sizes=\"auto, (max-width: 300px) 100vw, 300px\" \/>\n\t\t\t<\/dt><\/dl>\n\t\t\t<br style='clear: both' \/>\n\t\t<\/div>\n\n<p style=\"text-align: justify;\">F\u00fcr beide Themenwelten gibt es ab sofort je einen Katalog mit den passendsten Reiseempfehlungen f\u00fcr Portugal, Spanien, Italien und Kroatien. Der Exklusiv genie\u00dfen Katalog 2017 ist in ausgew\u00e4hlten Partner-Reiseb\u00fcros und in digitaler Form erh\u00e4ltlich. Der Inspiration erleben 2017\u00a0 Katalog ist ausschlie\u00dflich online durchbl\u00e4tterbar, denn die angesprochene Zielgruppe ist \u00fcberaus Internet-affin.<\/p>\n<p><a href=\"https:\/\/www.olimar.de\/kataloge\/\"><img loading=\"lazy\" decoding=\"async\" class=\"alignleft size-full wp-image-7211\" src=\"https:\/\/blog.olimar.de\/wp-content\/uploads\/2016\/09\/Katalog_ExklusivGeniessen_306x200.jpg\" alt=\"katalog_exklusivgeniessen_306x200\" width=\"306\" height=\"200\" srcset=\"https:\/\/blog.olimar.de\/wp-content\/uploads\/2016\/09\/Katalog_ExklusivGeniessen_306x200.jpg 306w, https:\/\/blog.olimar.de\/wp-content\/uploads\/2016\/09\/Katalog_ExklusivGeniessen_306x200-300x196.jpg 300w\" sizes=\"auto, (max-width: 306px) 100vw, 306px\" \/><\/a><\/p>\n<p><a href=\"https:\/\/www.olimar.de\/kataloge\/\"><img loading=\"lazy\" decoding=\"async\" class=\"alignright size-full wp-image-7218\" src=\"https:\/\/blog.olimar.de\/wp-content\/uploads\/2016\/09\/Katalog_InspirationErleben_306x200.jpg\" alt=\"katalog_inspirationerleben_306x200\" width=\"306\" height=\"200\" srcset=\"https:\/\/blog.olimar.de\/wp-content\/uploads\/2016\/09\/Katalog_InspirationErleben_306x200.jpg 306w, https:\/\/blog.olimar.de\/wp-content\/uploads\/2016\/09\/Katalog_InspirationErleben_306x200-300x196.jpg 300w\" sizes=\"auto, (max-width: 306px) 100vw, 306px\" \/><\/a><\/p>\n<p style=\"text-align: justify;\">Dar\u00fcber hinaus gibt es auch in den Jahreskatalogen eine Kennzeichnung sowie auf der OLIMAR Website eine Filterm\u00f6glichkeit der entsprechenden Themenwelten.<\/p>\n<p>Wie gefallen Ihnen unsere neuen Themenwelten? Finden Sie sich in einer der beiden angesprochenen Zielgruppen wieder? Sagt Ihnen unsere Reise-Auswahl in den beiden Katalogen zu? Wir freuen uns \u00fcber Ihr Feedback im Kommentar-Feld.<\/p>\n","protected":false},"excerpt":{"rendered":"<p>Ab sofort ist es bei OLIMAR noch leichter, den genau passenden Urlaub zu finden. Denn mit unseren zwei Themenwelten, Exklusiv genie\u00dfen und Inspiration erleben, liefern wir eine praktische Hotel- und Reise-Vorauswahl f\u00fcr unsere Kunden. Alles begann mit einer ganz detaillierten Analyse unserer Kunden in Kombination mit ihren Reisevorlieben. Beispielsweise: Welcher Reisetyp bucht bei OLIMAR vorwiegend welche Unterkunftsart? Auf welche Einrichtungsdetails legen \u00e4ltere Reiseg\u00e4ste wert? Wie wichtig ist f\u00fcr die etwas j\u00fcngeren Urlauber ein modernes Design? Aus diesen gesammelten Ergebnissen haben wir f\u00fcr unsere Kernzielgruppen zwei Themenwelten entwickelt: Inspiration erleben Mit dieser Themenwelt sprechen wir die weltoffenen Individualisten und die Lifestyle-orientierte Generation &hellip;<\/p>\n","protected":false},"author":9,"featured_media":6986,"comment_status":"open","ping_status":"open","sticky":false,"template":"","format":"standard","meta":{"_crdt_document":"","_lmt_disableupdate":"","_lmt_disable":"","footnotes":""},"categories":[49],"tags":[],"class_list":["post-6976","post","type-post","status-publish","format-standard","has-post-thumbnail","hentry","category-olimar-inside"],"yoast_head":"<!-- This site is optimized with the Yoast SEO plugin v26.9 - https:\/\/yoast.com\/product\/yoast-seo-wordpress\/ -->\n<title>Neue OLIMAR Themenwelten und Reisekataloge<\/title>\n<meta name=\"description\" content=\"Schauen Sie sich hier die neuen Reiskataloge zu den OLIMAR Themenwelten an und buchen Sie Ihren \u2600 Traumurlaub \u2600 noch heute.\" \/>\n<meta name=\"robots\" content=\"index, follow, max-snippet:-1, max-image-preview:large, max-video-preview:-1\" \/>\n<link rel=\"canonical\" href=\"https:\/\/blog.olimar.de\/neue-themenwelten\/\" \/>\n<meta property=\"og:locale\" content=\"de_DE\" \/>\n<meta property=\"og:type\" content=\"article\" \/>\n<meta property=\"og:title\" content=\"Neue OLIMAR Themenwelten und Reisekataloge\" \/>\n<meta property=\"og:description\" content=\"Schauen Sie sich hier die neuen Reiskataloge zu den OLIMAR Themenwelten an und buchen Sie Ihren \u2600 Traumurlaub \u2600 noch heute.\" \/>\n<meta property=\"og:url\" content=\"https:\/\/blog.olimar.de\/neue-themenwelten\/\" \/>\n<meta property=\"article:publisher\" content=\"https:\/\/www.facebook.com\/OlimarReisen\" \/>\n<meta property=\"article:published_time\" content=\"2016-09-26T15:49:36+00:00\" \/>\n<meta property=\"article:modified_time\" content=\"2023-06-15T10:50:40+00:00\" \/>\n<meta property=\"og:image\" content=\"https:\/\/blog.olimar.de\/wp-content\/uploads\/2016\/09\/Themenwelten-Kataloge.jpg\" \/>\n\t<meta property=\"og:image:width\" content=\"1500\" \/>\n\t<meta property=\"og:image:height\" content=\"1020\" \/>\n\t<meta property=\"og:image:type\" content=\"image\/jpeg\" \/>\n<meta name=\"author\" content=\"OLIMAR Redaktionsteam\" \/>\n<meta name=\"twitter:label1\" content=\"Verfasst von\" \/>\n\t<meta name=\"twitter:data1\" content=\"OLIMAR Redaktionsteam\" \/>\n\t<meta name=\"twitter:label2\" content=\"Gesch\u00e4tzte Lesezeit\" \/>\n\t<meta name=\"twitter:data2\" content=\"3\u00a0Minuten\" \/>\n<script type=\"application\/ld+json\" class=\"yoast-schema-graph\">{\"@context\":\"https:\/\/schema.org\",\"@graph\":[{\"@type\":\"WebPage\",\"@id\":\"https:\/\/blog.olimar.de\/neue-themenwelten\/\",\"url\":\"https:\/\/blog.olimar.de\/neue-themenwelten\/\",\"name\":\"Neue OLIMAR Themenwelten und Reisekataloge\",\"isPartOf\":{\"@id\":\"https:\/\/blog.olimar.de\/#website\"},\"primaryImageOfPage\":{\"@id\":\"https:\/\/blog.olimar.de\/neue-themenwelten\/#primaryimage\"},\"image\":{\"@id\":\"https:\/\/blog.olimar.de\/neue-themenwelten\/#primaryimage\"},\"thumbnailUrl\":\"https:\/\/blog.olimar.de\/wp-content\/uploads\/2016\/09\/Themenwelten-Kataloge.jpg\",\"datePublished\":\"2016-09-26T15:49:36+00:00\",\"dateModified\":\"2023-06-15T10:50:40+00:00\",\"description\":\"Schauen Sie sich hier die neuen Reiskataloge zu den OLIMAR Themenwelten an und buchen Sie Ihren \u2600 Traumurlaub \u2600 noch heute.\",\"breadcrumb\":{\"@id\":\"https:\/\/blog.olimar.de\/neue-themenwelten\/#breadcrumb\"},\"inLanguage\":\"de\",\"potentialAction\":[{\"@type\":\"ReadAction\",\"target\":[\"https:\/\/blog.olimar.de\/neue-themenwelten\/\"]}]},{\"@type\":\"ImageObject\",\"inLanguage\":\"de\",\"@id\":\"https:\/\/blog.olimar.de\/neue-themenwelten\/#primaryimage\",\"url\":\"https:\/\/blog.olimar.de\/wp-content\/uploads\/2016\/09\/Themenwelten-Kataloge.jpg\",\"contentUrl\":\"https:\/\/blog.olimar.de\/wp-content\/uploads\/2016\/09\/Themenwelten-Kataloge.jpg\",\"width\":1500,\"height\":1020,\"caption\":\"OLIMAR Themenwelten Kataloge 2017\"},{\"@type\":\"BreadcrumbList\",\"@id\":\"https:\/\/blog.olimar.de\/neue-themenwelten\/#breadcrumb\",\"itemListElement\":[{\"@type\":\"ListItem\",\"position\":1,\"name\":\"Home\",\"item\":\"https:\/\/blog.olimar.de\/\"},{\"@type\":\"ListItem\",\"position\":2,\"name\":\"Neue OLIMAR Themenwelten und -kataloge\"}]},{\"@type\":\"WebSite\",\"@id\":\"https:\/\/blog.olimar.de\/#website\",\"url\":\"https:\/\/blog.olimar.de\/\",\"name\":\"OLIMAR.com\",\"description\":\"\",\"publisher\":{\"@id\":\"https:\/\/blog.olimar.de\/#organization\"},\"potentialAction\":[{\"@type\":\"SearchAction\",\"target\":{\"@type\":\"EntryPoint\",\"urlTemplate\":\"https:\/\/blog.olimar.de\/?s={search_term_string}\"},\"query-input\":{\"@type\":\"PropertyValueSpecification\",\"valueRequired\":true,\"valueName\":\"search_term_string\"}}],\"inLanguage\":\"de\"},{\"@type\":\"Organization\",\"@id\":\"https:\/\/blog.olimar.de\/#organization\",\"name\":\"OLIMAR Reisen\",\"url\":\"https:\/\/blog.olimar.de\/\",\"logo\":{\"@type\":\"ImageObject\",\"inLanguage\":\"de\",\"@id\":\"https:\/\/blog.olimar.de\/#\/schema\/logo\/image\/\",\"url\":\"https:\/\/blog.olimar.de\/wp-content\/uploads\/2021\/01\/OLIMAR_Logo_COLOR.png\",\"contentUrl\":\"https:\/\/blog.olimar.de\/wp-content\/uploads\/2021\/01\/OLIMAR_Logo_COLOR.png\",\"width\":2000,\"height\":986,\"caption\":\"OLIMAR Reisen\"},\"image\":{\"@id\":\"https:\/\/blog.olimar.de\/#\/schema\/logo\/image\/\"},\"sameAs\":[\"https:\/\/www.facebook.com\/OlimarReisen\",\"https:\/\/x.com\/olimarrreisen\",\"https:\/\/www.instagram.com\/olimarreisen\",\"https:\/\/www.youtube.com\/user\/olimarreisen\"]}]}<\/script>\n<!-- \/ Yoast SEO plugin. -->","yoast_head_json":{"title":"Neue OLIMAR Themenwelten und Reisekataloge","description":"Schauen Sie sich hier die neuen Reiskataloge zu den OLIMAR Themenwelten an und buchen Sie Ihren \u2600 Traumurlaub \u2600 noch heute.","robots":{"index":"index","follow":"follow","max-snippet":"max-snippet:-1","max-image-preview":"max-image-preview:large","max-video-preview":"max-video-preview:-1"},"canonical":"https:\/\/blog.olimar.de\/neue-themenwelten\/","og_locale":"de_DE","og_type":"article","og_title":"Neue OLIMAR Themenwelten und Reisekataloge","og_description":"Schauen Sie sich hier die neuen Reiskataloge zu den OLIMAR Themenwelten an und buchen Sie Ihren \u2600 Traumurlaub \u2600 noch heute.","og_url":"https:\/\/blog.olimar.de\/neue-themenwelten\/","article_publisher":"https:\/\/www.facebook.com\/OlimarReisen","article_published_time":"2016-09-26T15:49:36+00:00","article_modified_time":"2023-06-15T10:50:40+00:00","og_image":[{"width":1500,"height":1020,"url":"https:\/\/blog.olimar.de\/wp-content\/uploads\/2016\/09\/Themenwelten-Kataloge.jpg","type":"image\/jpeg"}],"author":"OLIMAR Redaktionsteam","twitter_misc":{"Verfasst von":"OLIMAR Redaktionsteam","Gesch\u00e4tzte Lesezeit":"3\u00a0Minuten"},"schema":{"@context":"https:\/\/schema.org","@graph":[{"@type":"WebPage","@id":"https:\/\/blog.olimar.de\/neue-themenwelten\/","url":"https:\/\/blog.olimar.de\/neue-themenwelten\/","name":"Neue OLIMAR Themenwelten und Reisekataloge","isPartOf":{"@id":"https:\/\/blog.olimar.de\/#website"},"primaryImageOfPage":{"@id":"https:\/\/blog.olimar.de\/neue-themenwelten\/#primaryimage"},"image":{"@id":"https:\/\/blog.olimar.de\/neue-themenwelten\/#primaryimage"},"thumbnailUrl":"https:\/\/blog.olimar.de\/wp-content\/uploads\/2016\/09\/Themenwelten-Kataloge.jpg","datePublished":"2016-09-26T15:49:36+00:00","dateModified":"2023-06-15T10:50:40+00:00","description":"Schauen Sie sich hier die neuen Reiskataloge zu den OLIMAR Themenwelten an und buchen Sie Ihren \u2600 Traumurlaub \u2600 noch heute.","breadcrumb":{"@id":"https:\/\/blog.olimar.de\/neue-themenwelten\/#breadcrumb"},"inLanguage":"de","potentialAction":[{"@type":"ReadAction","target":["https:\/\/blog.olimar.de\/neue-themenwelten\/"]}]},{"@type":"ImageObject","inLanguage":"de","@id":"https:\/\/blog.olimar.de\/neue-themenwelten\/#primaryimage","url":"https:\/\/blog.olimar.de\/wp-content\/uploads\/2016\/09\/Themenwelten-Kataloge.jpg","contentUrl":"https:\/\/blog.olimar.de\/wp-content\/uploads\/2016\/09\/Themenwelten-Kataloge.jpg","width":1500,"height":1020,"caption":"OLIMAR Themenwelten Kataloge 2017"},{"@type":"BreadcrumbList","@id":"https:\/\/blog.olimar.de\/neue-themenwelten\/#breadcrumb","itemListElement":[{"@type":"ListItem","position":1,"name":"Home","item":"https:\/\/blog.olimar.de\/"},{"@type":"ListItem","position":2,"name":"Neue OLIMAR Themenwelten und -kataloge"}]},{"@type":"WebSite","@id":"https:\/\/blog.olimar.de\/#website","url":"https:\/\/blog.olimar.de\/","name":"OLIMAR.com","description":"","publisher":{"@id":"https:\/\/blog.olimar.de\/#organization"},"potentialAction":[{"@type":"SearchAction","target":{"@type":"EntryPoint","urlTemplate":"https:\/\/blog.olimar.de\/?s={search_term_string}"},"query-input":{"@type":"PropertyValueSpecification","valueRequired":true,"valueName":"search_term_string"}}],"inLanguage":"de"},{"@type":"Organization","@id":"https:\/\/blog.olimar.de\/#organization","name":"OLIMAR Reisen","url":"https:\/\/blog.olimar.de\/","logo":{"@type":"ImageObject","inLanguage":"de","@id":"https:\/\/blog.olimar.de\/#\/schema\/logo\/image\/","url":"https:\/\/blog.olimar.de\/wp-content\/uploads\/2021\/01\/OLIMAR_Logo_COLOR.png","contentUrl":"https:\/\/blog.olimar.de\/wp-content\/uploads\/2021\/01\/OLIMAR_Logo_COLOR.png","width":2000,"height":986,"caption":"OLIMAR Reisen"},"image":{"@id":"https:\/\/blog.olimar.de\/#\/schema\/logo\/image\/"},"sameAs":["https:\/\/www.facebook.com\/OlimarReisen","https:\/\/x.com\/olimarrreisen","https:\/\/www.instagram.com\/olimarreisen","https:\/\/www.youtube.com\/user\/olimarreisen"]}]}},"modified_by":"Julia Windh\u00f6vel","jetpack_featured_media_url":"https:\/\/blog.olimar.de\/wp-content\/uploads\/2016\/09\/Themenwelten-Kataloge.jpg","_links":{"self":[{"href":"https:\/\/blog.olimar.de\/wp-json\/wp\/v2\/posts\/6976","targetHints":{"allow":["GET"]}}],"collection":[{"href":"https:\/\/blog.olimar.de\/wp-json\/wp\/v2\/posts"}],"about":[{"href":"https:\/\/blog.olimar.de\/wp-json\/wp\/v2\/types\/post"}],"author":[{"embeddable":true,"href":"https:\/\/blog.olimar.de\/wp-json\/wp\/v2\/users\/9"}],"replies":[{"embeddable":true,"href":"https:\/\/blog.olimar.de\/wp-json\/wp\/v2\/comments?post=6976"}],"version-history":[{"count":17,"href":"https:\/\/blog.olimar.de\/wp-json\/wp\/v2\/posts\/6976\/revisions"}],"predecessor-version":[{"id":16047,"href":"https:\/\/blog.olimar.de\/wp-json\/wp\/v2\/posts\/6976\/revisions\/16047"}],"wp:featuredmedia":[{"embeddable":true,"href":"https:\/\/blog.olimar.de\/wp-json\/wp\/v2\/media\/6986"}],"wp:attachment":[{"href":"https:\/\/blog.olimar.de\/wp-json\/wp\/v2\/media?parent=6976"}],"wp:term":[{"taxonomy":"category","embeddable":true,"href":"https:\/\/blog.olimar.de\/wp-json\/wp\/v2\/categories?post=6976"},{"taxonomy":"post_tag","embeddable":true,"href":"https:\/\/blog.olimar.de\/wp-json\/wp\/v2\/tags?post=6976"}],"curies":[{"name":"wp","href":"https:\/\/api.w.org\/{rel}","templated":true}]}}