{"id":723,"date":"2015-01-16T13:40:09","date_gmt":"2015-01-16T11:40:09","guid":{"rendered":"https:\/\/blog.olimar.de\/?p=723"},"modified":"2021-04-06T15:24:21","modified_gmt":"2021-04-06T14:24:21","slug":"portugal-und-sein-alentejo","status":"publish","type":"post","link":"https:\/\/blog.olimar.de\/portugal-und-sein-alentejo\/","title":{"rendered":"Portugal und sein Alentejo"},"content":{"rendered":"<p class=\"intro\">Wenn man von seinem \u201eUrlaub in <a href=\"https:\/\/www.olimar.de\/portugal\/\" target=\"_blank\" rel=\"noopener\">Portugal<\/a>\u201c erz\u00e4hlt, gehen 2\/3 aller Zuh\u00f6rer davon aus, dass man entweder von Urlaub an der <a href=\"https:\/\/www.olimar.de\/portugal\/algarve\/\" target=\"_blank\" rel=\"noopener\">Algarve<\/a> oder in <a href=\"https:\/\/www.olimar.de\/portugal\/metropolen\/lissabon\/\" target=\"_blank\" rel=\"noopener\">Lissabon<\/a> spricht \u2013 eben das, was die meisten mit Portugal in Verbindung bringen. Aber Portugal hat noch so viel mehr zu bieten. Der gr\u00fcne <a href=\"https:\/\/www.olimar.de\/portugal\/der-norden\/\" target=\"_blank\" rel=\"noopener\">Norden<\/a>, die zerkl\u00fcftete K\u00fcste der Algarve, die urigen St\u00e4dtchen und imposanten Landschaften des <a href=\"https:\/\/www.olimar.de\/portugal\/alentejo\/\" target=\"_blank\" rel=\"noopener\">Alentejo<\/a>, die Blumeninsel <a href=\"https:\/\/www.olimar.de\/portugal\/madeira\/\" target=\"_blank\" rel=\"noopener\">Madeira<\/a> und die neun kleinen <a href=\"https:\/\/www.olimar.de\/portugal\/azoren\/\" target=\"_blank\" rel=\"noopener\">Azoreninseln<\/a> \u2013 all das macht Portugal zu einem ganz besonderen Reiseziel. Und auch zu dem, was es eben ist: Einzigartig!<\/p>\n<p>Ich war bisher dreimal in Portugal \u2013 und eins wei\u00df ich genau: das vierte, f\u00fcnfte und sechste Mal wird nicht allzu lange auf sich warten lassen \ud83d\ude42 Zweimal f\u00fchrte mich meine Reise bereits in den Alentejo und genau \u00fcber diesen m\u00f6chte ich hier auch schreiben:<\/p>\n<p>Im Alentejo findet man unter anderem die UNESCO Weltkulturerbestadt \u00c9vora mit einem wirklich s\u00fc\u00dfen, kleinen Marktplatz auf dem sich Alt und Jung trifft und nicht selten erlebt man dort Studenten, die gemeinsam musizieren. Diesem Schauspiel kann man gem\u00fctlich in einem der kleinen Caf\u00e9s beiwohnen oder man g\u00f6nnt sich bei guter Musik ein paar frische Maronen, die dort direkt am Stra\u00dfenrand frisch ger\u00f6stet werden und wirklich fabelhaft schmecken.<\/p>\n<div id=\"attachment_1053\" style=\"width: 850px\" class=\"wp-caption alignleft\"><img loading=\"lazy\" decoding=\"async\" aria-describedby=\"caption-attachment-1053\" class=\"wp-image-1053 size-large\" src=\"https:\/\/blog.olimar.de\/wp-content\/uploads\/2015\/02\/Evora_Marktplatz-1024x683.jpg\" alt=\"Marktplatz von Evora im Alentejo\" width=\"840\" height=\"560\" srcset=\"https:\/\/blog.olimar.de\/wp-content\/uploads\/2015\/02\/Evora_Marktplatz-1024x683.jpg 1024w, https:\/\/blog.olimar.de\/wp-content\/uploads\/2015\/02\/Evora_Marktplatz-300x200.jpg 300w, https:\/\/blog.olimar.de\/wp-content\/uploads\/2015\/02\/Evora_Marktplatz-840x560.jpg 840w, https:\/\/blog.olimar.de\/wp-content\/uploads\/2015\/02\/Evora_Marktplatz-1200x800.jpg 1200w, https:\/\/blog.olimar.de\/wp-content\/uploads\/2015\/02\/Evora_Marktplatz.jpg 1502w\" sizes=\"auto, (max-width: 840px) 100vw, 840px\" \/><p id=\"caption-attachment-1053\" class=\"wp-caption-text\">Marktplatz von \u00c9vora im Alentejo<\/p><\/div>\n<div id=\"attachment_729\" style=\"width: 850px\" class=\"wp-caption alignleft\"><img loading=\"lazy\" decoding=\"async\" aria-describedby=\"caption-attachment-729\" class=\"size-large wp-image-729\" src=\"https:\/\/blog.olimar.de\/wp-content\/uploads\/2015\/02\/Korkeiche_Alentejo-1024x768.jpg\" alt=\"Korkeiche im Alentejo\" width=\"840\" height=\"630\" srcset=\"https:\/\/blog.olimar.de\/wp-content\/uploads\/2015\/02\/Korkeiche_Alentejo.jpg 1024w, https:\/\/blog.olimar.de\/wp-content\/uploads\/2015\/02\/Korkeiche_Alentejo-300x225.jpg 300w\" sizes=\"auto, (max-width: 840px) 100vw, 840px\" \/><p id=\"caption-attachment-729\" class=\"wp-caption-text\">Korkeiche im Alentejo<\/p><\/div>\n<p>Wirklich begeistert war ich auch von dem vorz\u00fcglichen, landestypischen Essen, bei denen ich unter anderem auch das \u201ePorco Alentejo\u201c (schwarzes Schwein) und die \u201ePast\u00e9is de Amendoa\u201c (Mandelpasteten) kennenlernte. Nat\u00fcrlich bekommt man dort aber auch ganz \u201enormales\u201c Essen wie bspw. Gem\u00fcsesuppen, Lamm und Spargel. Aber wenn man schon einmal im Alentejo ist, sollte man eben auch diese einheimischen Gerichte kosten und wird positiv \u00fcberrascht sein \ud83d\ude42<\/p>\n<p>Auch die Weinanbaugebiete im Alentejo sollte man sich nicht entgehen lassen und erst recht nicht die ein oder andere Weinprobe, die man dort alle naselang machen kann und bei denen man sich am Ende, bei der ganzen Vielfalt, kaum noch f\u00fcr einen Wein entscheiden kann \ud83d\ude09<\/p>\n<div class=\"green-box\">\n<p><strong>Weinanbaugebiete in Portugal \u2013 kurzer Exkurs <\/strong><\/p>\n<ul>\n<li>Ganz klar: Der Alentejo<\/li>\n<li>Douro &#8211; historisch gesehen sogar die erste Weinregion weltweit!<\/li>\n<li>Vinho Verde \u2013 hier werden ca. 25 Prozent des portugiesischen Weines erzeugt<\/li>\n<\/ul>\n<\/div>\n<p>Ich k\u00f6nnte noch stundenlang weiter schreiben, aber bekanntlich soll man ja aufh\u00f6ren, wenn\u00b4s am sch\u00f6nsten ist\u2026 Und am sch\u00f6nsten ist es definitiv vor Ort, wo man seine ganz eigenen Eindr\u00fccke gewinnen und diese dann mit anderen teilen kann.<\/p>\n<div id=\"attachment_728\" style=\"width: 778px\" class=\"wp-caption alignleft\"><img loading=\"lazy\" decoding=\"async\" aria-describedby=\"caption-attachment-728\" class=\"wp-image-728 size-large\" src=\"https:\/\/blog.olimar.de\/wp-content\/uploads\/2015\/02\/G\u00e4sschen_Alentejo-768x1024.jpg\" alt=\"G\u00e4sschen im Alentejo\" width=\"768\" height=\"1024\" srcset=\"https:\/\/blog.olimar.de\/wp-content\/uploads\/2015\/02\/G\u00e4sschen_Alentejo.jpg 768w, https:\/\/blog.olimar.de\/wp-content\/uploads\/2015\/02\/G\u00e4sschen_Alentejo-225x300.jpg 225w, https:\/\/blog.olimar.de\/wp-content\/uploads\/2015\/02\/G\u00e4sschen_Alentejo-420x560.jpg 420w\" sizes=\"auto, (max-width: 768px) 100vw, 768px\" \/><p id=\"caption-attachment-728\" class=\"wp-caption-text\">G\u00e4sschen im Alentejo<\/p><\/div>\n<div id=\"attachment_727\" style=\"width: 850px\" class=\"wp-caption alignleft\"><img loading=\"lazy\" decoding=\"async\" aria-describedby=\"caption-attachment-727\" class=\"wp-image-727 size-large\" src=\"https:\/\/blog.olimar.de\/wp-content\/uploads\/2015\/02\/Diana_Tempel_\u00c9vora_Alentejo-1024x768.jpg\" alt=\"Diana Tempel in \u00c9vora im Alentejo\" width=\"840\" height=\"630\" srcset=\"https:\/\/blog.olimar.de\/wp-content\/uploads\/2015\/02\/Diana_Tempel_\u00c9vora_Alentejo.jpg 1024w, https:\/\/blog.olimar.de\/wp-content\/uploads\/2015\/02\/Diana_Tempel_\u00c9vora_Alentejo-300x225.jpg 300w\" sizes=\"auto, (max-width: 840px) 100vw, 840px\" \/><p id=\"caption-attachment-727\" class=\"wp-caption-text\">Diana Tempel in \u00c9vora im Alentejo<\/p><\/div>\n<div id=\"attachment_726\" style=\"width: 850px\" class=\"wp-caption alignleft\"><img loading=\"lazy\" decoding=\"async\" aria-describedby=\"caption-attachment-726\" class=\"wp-image-726 size-large\" src=\"https:\/\/blog.olimar.de\/wp-content\/uploads\/2015\/02\/Beja_Alentejo-1024x768.jpg\" alt=\"Beja_Alentejo\" width=\"840\" height=\"630\" srcset=\"https:\/\/blog.olimar.de\/wp-content\/uploads\/2015\/02\/Beja_Alentejo.jpg 1024w, https:\/\/blog.olimar.de\/wp-content\/uploads\/2015\/02\/Beja_Alentejo-300x225.jpg 300w\" sizes=\"auto, (max-width: 840px) 100vw, 840px\" \/><p id=\"caption-attachment-726\" class=\"wp-caption-text\">Beja im Alentejo<\/p><\/div>\n<div id=\"attachment_731\" style=\"width: 778px\" class=\"wp-caption alignleft\"><img loading=\"lazy\" decoding=\"async\" aria-describedby=\"caption-attachment-731\" class=\"wp-image-731 size-large\" src=\"https:\/\/blog.olimar.de\/wp-content\/uploads\/2015\/02\/Turm_Beja_Alentejo-768x1024.jpg\" alt=\"Turm von Beja\" width=\"768\" height=\"1024\" srcset=\"https:\/\/blog.olimar.de\/wp-content\/uploads\/2015\/02\/Turm_Beja_Alentejo.jpg 768w, https:\/\/blog.olimar.de\/wp-content\/uploads\/2015\/02\/Turm_Beja_Alentejo-225x300.jpg 225w, https:\/\/blog.olimar.de\/wp-content\/uploads\/2015\/02\/Turm_Beja_Alentejo-420x560.jpg 420w\" sizes=\"auto, (max-width: 768px) 100vw, 768px\" \/><p id=\"caption-attachment-731\" class=\"wp-caption-text\">Turm von Beja<\/p><\/div>\n<h2>Karte vom Alentejo<\/h2>\n\n","protected":false},"excerpt":{"rendered":"<p>Wenn man von seinem \u201eUrlaub in Portugal\u201c erz\u00e4hlt, gehen 2\/3 aller Zuh\u00f6rer davon aus, dass man entweder von Urlaub an der Algarve oder in Lissabon spricht \u2013 eben das, was die meisten mit Portugal in Verbindung bringen. Aber Portugal hat noch so viel mehr zu bieten. Der gr\u00fcne Norden, die zerkl\u00fcftete K\u00fcste der Algarve, die urigen St\u00e4dtchen und imposanten Landschaften des Alentejo, die Blumeninsel Madeira und die neun kleinen Azoreninseln \u2013 all das macht Portugal zu einem ganz besonderen Reiseziel. Und auch zu dem, was es eben ist: Einzigartig! Ich war bisher dreimal in Portugal \u2013 und eins wei\u00df ich genau: &hellip;<\/p>\n","protected":false},"author":17,"featured_media":726,"comment_status":"open","ping_status":"open","sticky":false,"template":"","format":"standard","meta":{"_crdt_document":"","_lmt_disableupdate":"","_lmt_disable":"","footnotes":""},"categories":[31],"tags":[22,34],"class_list":["post-723","post","type-post","status-publish","format-standard","has-post-thumbnail","hentry","category-land-leute","tag-alentejo","tag-portugal"],"yoast_head":"<!-- This site is optimized with the Yoast SEO plugin v26.9 - https:\/\/yoast.com\/product\/yoast-seo-wordpress\/ -->\n<title>Portugal und sein Alentejo -<\/title>\n<meta name=\"description\" content=\"Alentejo im S\u00fcden Portugals zeichnet sich durch uralte St\u00e4dte, eine unber\u00fchrte Natur und viel Kultur aus. Entdecken Sie Alentejo mit OLIMAR.\" \/>\n<meta name=\"robots\" content=\"index, follow, max-snippet:-1, max-image-preview:large, max-video-preview:-1\" \/>\n<link rel=\"canonical\" href=\"https:\/\/blog.olimar.de\/portugal-und-sein-alentejo\/\" \/>\n<meta property=\"og:locale\" content=\"de_DE\" \/>\n<meta property=\"og:type\" content=\"article\" \/>\n<meta property=\"og:title\" content=\"Portugal und sein Alentejo -\" \/>\n<meta property=\"og:description\" content=\"Alentejo im S\u00fcden Portugals zeichnet sich durch uralte St\u00e4dte, eine unber\u00fchrte Natur und viel Kultur aus. Entdecken Sie Alentejo mit OLIMAR.\" \/>\n<meta property=\"og:url\" content=\"https:\/\/blog.olimar.de\/portugal-und-sein-alentejo\/\" \/>\n<meta property=\"article:publisher\" content=\"https:\/\/www.facebook.com\/OlimarReisen\" \/>\n<meta property=\"article:published_time\" content=\"2015-01-16T11:40:09+00:00\" \/>\n<meta property=\"article:modified_time\" content=\"2021-04-06T14:24:21+00:00\" \/>\n<meta property=\"og:image\" content=\"https:\/\/i0.wp.com\/blog.olimar.de\/wp-content\/uploads\/2015\/02\/Beja_Alentejo.jpg?fit=1024%2C768&ssl=1\" \/>\n\t<meta property=\"og:image:width\" content=\"1024\" \/>\n\t<meta property=\"og:image:height\" content=\"768\" \/>\n\t<meta property=\"og:image:type\" content=\"image\/jpeg\" \/>\n<meta name=\"author\" content=\"Dana\" \/>\n<meta name=\"twitter:label1\" content=\"Verfasst von\" \/>\n\t<meta name=\"twitter:data1\" content=\"Dana\" \/>\n\t<meta name=\"twitter:label2\" content=\"Gesch\u00e4tzte Lesezeit\" \/>\n\t<meta name=\"twitter:data2\" content=\"2\u00a0Minuten\" \/>\n<script type=\"application\/ld+json\" class=\"yoast-schema-graph\">{\"@context\":\"https:\/\/schema.org\",\"@graph\":[{\"@type\":\"WebPage\",\"@id\":\"https:\/\/blog.olimar.de\/portugal-und-sein-alentejo\/\",\"url\":\"https:\/\/blog.olimar.de\/portugal-und-sein-alentejo\/\",\"name\":\"Portugal und sein Alentejo -\",\"isPartOf\":{\"@id\":\"https:\/\/blog.olimar.de\/#website\"},\"primaryImageOfPage\":{\"@id\":\"https:\/\/blog.olimar.de\/portugal-und-sein-alentejo\/#primaryimage\"},\"image\":{\"@id\":\"https:\/\/blog.olimar.de\/portugal-und-sein-alentejo\/#primaryimage\"},\"thumbnailUrl\":\"https:\/\/blog.olimar.de\/wp-content\/uploads\/2015\/02\/Beja_Alentejo.jpg\",\"datePublished\":\"2015-01-16T11:40:09+00:00\",\"dateModified\":\"2021-04-06T14:24:21+00:00\",\"description\":\"Alentejo im S\u00fcden Portugals zeichnet sich durch uralte St\u00e4dte, eine unber\u00fchrte Natur und viel Kultur aus. Entdecken Sie Alentejo mit OLIMAR.\",\"breadcrumb\":{\"@id\":\"https:\/\/blog.olimar.de\/portugal-und-sein-alentejo\/#breadcrumb\"},\"inLanguage\":\"de\",\"potentialAction\":[{\"@type\":\"ReadAction\",\"target\":[\"https:\/\/blog.olimar.de\/portugal-und-sein-alentejo\/\"]}]},{\"@type\":\"ImageObject\",\"inLanguage\":\"de\",\"@id\":\"https:\/\/blog.olimar.de\/portugal-und-sein-alentejo\/#primaryimage\",\"url\":\"https:\/\/blog.olimar.de\/wp-content\/uploads\/2015\/02\/Beja_Alentejo.jpg\",\"contentUrl\":\"https:\/\/blog.olimar.de\/wp-content\/uploads\/2015\/02\/Beja_Alentejo.jpg\",\"width\":1024,\"height\":768,\"caption\":\"Beja in Alentejo\"},{\"@type\":\"BreadcrumbList\",\"@id\":\"https:\/\/blog.olimar.de\/portugal-und-sein-alentejo\/#breadcrumb\",\"itemListElement\":[{\"@type\":\"ListItem\",\"position\":1,\"name\":\"Home\",\"item\":\"https:\/\/blog.olimar.de\/\"},{\"@type\":\"ListItem\",\"position\":2,\"name\":\"Alentejo\",\"item\":\"https:\/\/blog.olimar.de\/tag\/alentejo\/\"},{\"@type\":\"ListItem\",\"position\":3,\"name\":\"Portugal und sein Alentejo\"}]},{\"@type\":\"WebSite\",\"@id\":\"https:\/\/blog.olimar.de\/#website\",\"url\":\"https:\/\/blog.olimar.de\/\",\"name\":\"OLIMAR.com\",\"description\":\"\",\"publisher\":{\"@id\":\"https:\/\/blog.olimar.de\/#organization\"},\"potentialAction\":[{\"@type\":\"SearchAction\",\"target\":{\"@type\":\"EntryPoint\",\"urlTemplate\":\"https:\/\/blog.olimar.de\/?s={search_term_string}\"},\"query-input\":{\"@type\":\"PropertyValueSpecification\",\"valueRequired\":true,\"valueName\":\"search_term_string\"}}],\"inLanguage\":\"de\"},{\"@type\":\"Organization\",\"@id\":\"https:\/\/blog.olimar.de\/#organization\",\"name\":\"OLIMAR Reisen\",\"url\":\"https:\/\/blog.olimar.de\/\",\"logo\":{\"@type\":\"ImageObject\",\"inLanguage\":\"de\",\"@id\":\"https:\/\/blog.olimar.de\/#\/schema\/logo\/image\/\",\"url\":\"https:\/\/blog.olimar.de\/wp-content\/uploads\/2021\/01\/OLIMAR_Logo_COLOR.png\",\"contentUrl\":\"https:\/\/blog.olimar.de\/wp-content\/uploads\/2021\/01\/OLIMAR_Logo_COLOR.png\",\"width\":2000,\"height\":986,\"caption\":\"OLIMAR Reisen\"},\"image\":{\"@id\":\"https:\/\/blog.olimar.de\/#\/schema\/logo\/image\/\"},\"sameAs\":[\"https:\/\/www.facebook.com\/OlimarReisen\",\"https:\/\/x.com\/olimarrreisen\",\"https:\/\/www.instagram.com\/olimarreisen\",\"https:\/\/www.youtube.com\/user\/olimarreisen\"]}]}<\/script>\n<!-- \/ Yoast SEO plugin. -->","yoast_head_json":{"title":"Portugal und sein Alentejo -","description":"Alentejo im S\u00fcden Portugals zeichnet sich durch uralte St\u00e4dte, eine unber\u00fchrte Natur und viel Kultur aus. Entdecken Sie Alentejo mit OLIMAR.","robots":{"index":"index","follow":"follow","max-snippet":"max-snippet:-1","max-image-preview":"max-image-preview:large","max-video-preview":"max-video-preview:-1"},"canonical":"https:\/\/blog.olimar.de\/portugal-und-sein-alentejo\/","og_locale":"de_DE","og_type":"article","og_title":"Portugal und sein Alentejo -","og_description":"Alentejo im S\u00fcden Portugals zeichnet sich durch uralte St\u00e4dte, eine unber\u00fchrte Natur und viel Kultur aus. Entdecken Sie Alentejo mit OLIMAR.","og_url":"https:\/\/blog.olimar.de\/portugal-und-sein-alentejo\/","article_publisher":"https:\/\/www.facebook.com\/OlimarReisen","article_published_time":"2015-01-16T11:40:09+00:00","article_modified_time":"2021-04-06T14:24:21+00:00","og_image":[{"width":1024,"height":768,"url":"https:\/\/i0.wp.com\/blog.olimar.de\/wp-content\/uploads\/2015\/02\/Beja_Alentejo.jpg?fit=1024%2C768&ssl=1","type":"image\/jpeg"}],"author":"Dana","twitter_misc":{"Verfasst von":"Dana","Gesch\u00e4tzte Lesezeit":"2\u00a0Minuten"},"schema":{"@context":"https:\/\/schema.org","@graph":[{"@type":"WebPage","@id":"https:\/\/blog.olimar.de\/portugal-und-sein-alentejo\/","url":"https:\/\/blog.olimar.de\/portugal-und-sein-alentejo\/","name":"Portugal und sein Alentejo -","isPartOf":{"@id":"https:\/\/blog.olimar.de\/#website"},"primaryImageOfPage":{"@id":"https:\/\/blog.olimar.de\/portugal-und-sein-alentejo\/#primaryimage"},"image":{"@id":"https:\/\/blog.olimar.de\/portugal-und-sein-alentejo\/#primaryimage"},"thumbnailUrl":"https:\/\/blog.olimar.de\/wp-content\/uploads\/2015\/02\/Beja_Alentejo.jpg","datePublished":"2015-01-16T11:40:09+00:00","dateModified":"2021-04-06T14:24:21+00:00","description":"Alentejo im S\u00fcden Portugals zeichnet sich durch uralte St\u00e4dte, eine unber\u00fchrte Natur und viel Kultur aus. Entdecken Sie Alentejo mit OLIMAR.","breadcrumb":{"@id":"https:\/\/blog.olimar.de\/portugal-und-sein-alentejo\/#breadcrumb"},"inLanguage":"de","potentialAction":[{"@type":"ReadAction","target":["https:\/\/blog.olimar.de\/portugal-und-sein-alentejo\/"]}]},{"@type":"ImageObject","inLanguage":"de","@id":"https:\/\/blog.olimar.de\/portugal-und-sein-alentejo\/#primaryimage","url":"https:\/\/blog.olimar.de\/wp-content\/uploads\/2015\/02\/Beja_Alentejo.jpg","contentUrl":"https:\/\/blog.olimar.de\/wp-content\/uploads\/2015\/02\/Beja_Alentejo.jpg","width":1024,"height":768,"caption":"Beja in Alentejo"},{"@type":"BreadcrumbList","@id":"https:\/\/blog.olimar.de\/portugal-und-sein-alentejo\/#breadcrumb","itemListElement":[{"@type":"ListItem","position":1,"name":"Home","item":"https:\/\/blog.olimar.de\/"},{"@type":"ListItem","position":2,"name":"Alentejo","item":"https:\/\/blog.olimar.de\/tag\/alentejo\/"},{"@type":"ListItem","position":3,"name":"Portugal und sein Alentejo"}]},{"@type":"WebSite","@id":"https:\/\/blog.olimar.de\/#website","url":"https:\/\/blog.olimar.de\/","name":"OLIMAR.com","description":"","publisher":{"@id":"https:\/\/blog.olimar.de\/#organization"},"potentialAction":[{"@type":"SearchAction","target":{"@type":"EntryPoint","urlTemplate":"https:\/\/blog.olimar.de\/?s={search_term_string}"},"query-input":{"@type":"PropertyValueSpecification","valueRequired":true,"valueName":"search_term_string"}}],"inLanguage":"de"},{"@type":"Organization","@id":"https:\/\/blog.olimar.de\/#organization","name":"OLIMAR Reisen","url":"https:\/\/blog.olimar.de\/","logo":{"@type":"ImageObject","inLanguage":"de","@id":"https:\/\/blog.olimar.de\/#\/schema\/logo\/image\/","url":"https:\/\/blog.olimar.de\/wp-content\/uploads\/2021\/01\/OLIMAR_Logo_COLOR.png","contentUrl":"https:\/\/blog.olimar.de\/wp-content\/uploads\/2021\/01\/OLIMAR_Logo_COLOR.png","width":2000,"height":986,"caption":"OLIMAR Reisen"},"image":{"@id":"https:\/\/blog.olimar.de\/#\/schema\/logo\/image\/"},"sameAs":["https:\/\/www.facebook.com\/OlimarReisen","https:\/\/x.com\/olimarrreisen","https:\/\/www.instagram.com\/olimarreisen","https:\/\/www.youtube.com\/user\/olimarreisen"]}]}},"modified_by":"Sabine Wonner","jetpack_featured_media_url":"https:\/\/blog.olimar.de\/wp-content\/uploads\/2015\/02\/Beja_Alentejo.jpg","_links":{"self":[{"href":"https:\/\/blog.olimar.de\/wp-json\/wp\/v2\/posts\/723","targetHints":{"allow":["GET"]}}],"collection":[{"href":"https:\/\/blog.olimar.de\/wp-json\/wp\/v2\/posts"}],"about":[{"href":"https:\/\/blog.olimar.de\/wp-json\/wp\/v2\/types\/post"}],"author":[{"embeddable":true,"href":"https:\/\/blog.olimar.de\/wp-json\/wp\/v2\/users\/17"}],"replies":[{"embeddable":true,"href":"https:\/\/blog.olimar.de\/wp-json\/wp\/v2\/comments?post=723"}],"version-history":[{"count":15,"href":"https:\/\/blog.olimar.de\/wp-json\/wp\/v2\/posts\/723\/revisions"}],"predecessor-version":[{"id":19313,"href":"https:\/\/blog.olimar.de\/wp-json\/wp\/v2\/posts\/723\/revisions\/19313"}],"wp:featuredmedia":[{"embeddable":true,"href":"https:\/\/blog.olimar.de\/wp-json\/wp\/v2\/media\/726"}],"wp:attachment":[{"href":"https:\/\/blog.olimar.de\/wp-json\/wp\/v2\/media?parent=723"}],"wp:term":[{"taxonomy":"category","embeddable":true,"href":"https:\/\/blog.olimar.de\/wp-json\/wp\/v2\/categories?post=723"},{"taxonomy":"post_tag","embeddable":true,"href":"https:\/\/blog.olimar.de\/wp-json\/wp\/v2\/tags?post=723"}],"curies":[{"name":"wp","href":"https:\/\/api.w.org\/{rel}","templated":true}]}}