{"id":7419,"date":"2016-09-29T16:06:34","date_gmt":"2016-09-29T14:06:34","guid":{"rendered":"https:\/\/blog.olimar.de\/?p=7419"},"modified":"2017-05-18T16:32:20","modified_gmt":"2017-05-18T14:32:20","slug":"el-torcal","status":"publish","type":"post","link":"https:\/\/blog.olimar.de\/el-torcal\/","title":{"rendered":"Die bizarre Felslandschaft von El Torcal in Andalusien"},"content":{"rendered":"<p class=\"intro\" style=\"text-align: justify;\">\u201eEinfach unglaublich, was die Natur zustande bringt\u201c. Diesen Ausruf muss ich unweigerlich t\u00e4tigen, als ich vor einem der skurrilen Felsen stehe. Wie k\u00fcnstlich aufeinander geschichtet sehen die Steint\u00fcrme aus. Sie sind Grund, weshalb der Naturpark von El Torcal in <a href=\"https:\/\/www.olimar.de\/spanien\/andalusien\/\" target=\"_blank\">Andalusien<\/a> zu Spaniens besonderen H\u00f6hepunkten z\u00e4hlt. Zahlreiche Besucher aus dem In- und Ausland kommen hierher, um sich dieses einzigartige Naturmonument anzusehen.<\/p>\n<h3 style=\"text-align: justify;\"><strong>Ein Meisterwerk der Natur<\/strong><\/h3>\n<p style=\"text-align: justify;\">El Torcal z\u00e4hlt zu Spaniens beeindruckendsten Naturparks. Obwohl es davon in Andalusien einige gibt, ist dieser etwas Besonderes. Nirgendwo sonst sieht man so viele faszinierende Steingebilde auf einmal, wie hier.<\/p>\n<p style=\"text-align: justify;\"><img loading=\"lazy\" decoding=\"async\" class=\"alignright size-full wp-image-7433\" src=\"https:\/\/blog.olimar.de\/wp-content\/uploads\/2016\/09\/Steinplatten.jpg\" alt=\"steinplatten\" width=\"1000\" height=\"750\" srcset=\"https:\/\/blog.olimar.de\/wp-content\/uploads\/2016\/09\/Steinplatten.jpg 1000w, https:\/\/blog.olimar.de\/wp-content\/uploads\/2016\/09\/Steinplatten-300x225.jpg 300w, https:\/\/blog.olimar.de\/wp-content\/uploads\/2016\/09\/Steinplatten-768x576.jpg 768w\" sizes=\"auto, (max-width: 1000px) 100vw, 1000px\" \/> <img loading=\"lazy\" decoding=\"async\" class=\"alignright size-full wp-image-7432\" src=\"https:\/\/blog.olimar.de\/wp-content\/uploads\/2016\/09\/Steingebilde.jpg\" alt=\"steingebilde\" width=\"1000\" height=\"750\" srcset=\"https:\/\/blog.olimar.de\/wp-content\/uploads\/2016\/09\/Steingebilde.jpg 1000w, https:\/\/blog.olimar.de\/wp-content\/uploads\/2016\/09\/Steingebilde-300x225.jpg 300w, https:\/\/blog.olimar.de\/wp-content\/uploads\/2016\/09\/Steingebilde-768x576.jpg 768w\" sizes=\"auto, (max-width: 1000px) 100vw, 1000px\" \/>\u00a0 <img loading=\"lazy\" decoding=\"async\" class=\"alignright size-full wp-image-7430\" src=\"https:\/\/blog.olimar.de\/wp-content\/uploads\/2016\/09\/Steinburg.jpg\" alt=\"steinburg\" width=\"750\" height=\"1000\" srcset=\"https:\/\/blog.olimar.de\/wp-content\/uploads\/2016\/09\/Steinburg.jpg 750w, https:\/\/blog.olimar.de\/wp-content\/uploads\/2016\/09\/Steinburg-225x300.jpg 225w, https:\/\/blog.olimar.de\/wp-content\/uploads\/2016\/09\/Steinburg-420x560.jpg 420w\" sizes=\"auto, (max-width: 750px) 100vw, 750px\" \/> <img loading=\"lazy\" decoding=\"async\" class=\"alignright size-full wp-image-7428\" src=\"https:\/\/blog.olimar.de\/wp-content\/uploads\/2016\/09\/El-Torcal.jpg\" alt=\"el-torcal\" width=\"1000\" height=\"750\" srcset=\"https:\/\/blog.olimar.de\/wp-content\/uploads\/2016\/09\/El-Torcal.jpg 1000w, https:\/\/blog.olimar.de\/wp-content\/uploads\/2016\/09\/El-Torcal-300x225.jpg 300w, https:\/\/blog.olimar.de\/wp-content\/uploads\/2016\/09\/El-Torcal-768x576.jpg 768w\" sizes=\"auto, (max-width: 1000px) 100vw, 1000px\" \/><\/p>\n<p style=\"text-align: justify;\">Der Naturpark liegt 20 Kilometer entfernt von Antequera, einer h\u00fcbschen, alten Kleinstadt n\u00f6rdlich von M\u00e1laga. Die kurvige Stra\u00dfe nach El Torcal f\u00fchrt in die Berge und l\u00e4sst sich sehr gut fahren.<br \/>\nAm Ziel angekommen, gibt es zwei kostenfreie Parkpl\u00e4tze. Der erste liegt direkt an der Stra\u00dfe. Von dort f\u00fchrt ein gut ausgeschildeter Wanderweg in den oberen Teil El Torcals, in dem die eigentlichen Rundwanderwege beginnen.<\/p>\n<p style=\"text-align: justify;\">Wer sich die drei Kilometer Fu\u00dfweg sparen m\u00f6chte, kann sich von einem Shuttlebus nach oben bringen lassen oder direkt auf dem zweiten, oben liegenden Parkplatz parken. Ich entscheide mich f\u00fcr den Fu\u00dfmarsch und bin dar\u00fcber im\u00a0 Nachhinein sehr froh.<\/p>\n<p style=\"text-align: justify;\">Der an diesem Tag starke Wind l\u00e4sst die Wolken am Himmel rasen. Die Landschaft ver\u00e4ndert sich dadurch im Sekundentak. Mal ist es grau und winterlich, kurz darauf bunt und fr\u00fchlingshaft. Der Boden ist vom Regen der letzten Tage noch nass. Ich bin froh \u00fcber meine festen Wanderschuhe, sonst w\u00fcrde ich auf den Steinen ins Rutschen kommen.<\/p>\n<h3><strong>Wanderung durch El Torcal<\/strong><\/h3>\n<p style=\"text-align: justify;\">Um El Torcal zu erkunden, gibt es verschiedene M\u00f6glichkeiten. Es f\u00fchren zwei unterschiedlich lange Rundwege durch den Naturpark. Der leichte dauert ungef\u00e4hr 45 Minuten, der\u00a0 mittelschwere ca. 2,5 Stunden. Beide Wege sind jedoch richtige Wanderwege, die \u00fcber Stock und\u00a0 Stein f\u00fchren.<\/p>\n<p style=\"text-align: justify;\"><img loading=\"lazy\" decoding=\"async\" class=\"alignright size-large wp-image-7436\" src=\"https:\/\/blog.olimar.de\/wp-content\/uploads\/2016\/09\/Weg-768x1024.jpg\" alt=\"weg\" width=\"768\" height=\"1024\" srcset=\"https:\/\/blog.olimar.de\/wp-content\/uploads\/2016\/09\/Weg-768x1024.jpg 768w, https:\/\/blog.olimar.de\/wp-content\/uploads\/2016\/09\/Weg-225x300.jpg 225w, https:\/\/blog.olimar.de\/wp-content\/uploads\/2016\/09\/Weg-420x560.jpg 420w, https:\/\/blog.olimar.de\/wp-content\/uploads\/2016\/09\/Weg.jpg 800w\" sizes=\"auto, (max-width: 768px) 100vw, 768px\" \/> <img loading=\"lazy\" decoding=\"async\" class=\"alignright size-full wp-image-7435\" src=\"https:\/\/blog.olimar.de\/wp-content\/uploads\/2016\/09\/Wanderweg-mit-Markierung.jpg\" alt=\"wanderweg-mit-markierung\" width=\"1000\" height=\"750\" srcset=\"https:\/\/blog.olimar.de\/wp-content\/uploads\/2016\/09\/Wanderweg-mit-Markierung.jpg 1000w, https:\/\/blog.olimar.de\/wp-content\/uploads\/2016\/09\/Wanderweg-mit-Markierung-300x225.jpg 300w, https:\/\/blog.olimar.de\/wp-content\/uploads\/2016\/09\/Wanderweg-mit-Markierung-768x576.jpg 768w\" sizes=\"auto, (max-width: 1000px) 100vw, 1000px\" \/> <img loading=\"lazy\" decoding=\"async\" class=\"alignright size-full wp-image-7426\" src=\"https:\/\/blog.olimar.de\/wp-content\/uploads\/2016\/09\/Aussichtspunkt.jpg\" alt=\"aussichtspunkt\" width=\"1000\" height=\"750\" srcset=\"https:\/\/blog.olimar.de\/wp-content\/uploads\/2016\/09\/Aussichtspunkt.jpg 1000w, https:\/\/blog.olimar.de\/wp-content\/uploads\/2016\/09\/Aussichtspunkt-300x225.jpg 300w, https:\/\/blog.olimar.de\/wp-content\/uploads\/2016\/09\/Aussichtspunkt-768x576.jpg 768w\" sizes=\"auto, (max-width: 1000px) 100vw, 1000px\" \/><\/p>\n<p style=\"text-align: justify;\">\n<p style=\"text-align: justify;\">Die andere M\u00f6glichkeit ist, sich einer F\u00fchrung anzuschlie\u00dfen und sich El Torcal von einem Guide erkl\u00e4ren zu lassen. Dies ist unbedingt notwendig, um sich das Gebiet abseits der markierten Wanderwege anzusehen. Durch seine Gr\u00f6\u00dfe ist El Torcal daf\u00fcr bekannt, dass man sich leicht verlaufen kann und den Weg nicht mehr zur\u00fcckfindet. Deshalb werden die unmarkierten Wege gelegentlich von der Polizei kontrolliert, um Gefahren vorzubeugen.<\/p>\n<h3><strong>Ein H\u00f6hepunkt Andalusiens<\/strong><\/h3>\n<p style=\"text-align: justify;\">Am Ende der Wanderung genie\u00dfe ich vom Aussichtspunkt \u201eLas Ventanillas\u201c noch<br \/>\neinmal die Sicht auf die bizarren Felsen. Bei klarem Wetter sind von hier aus sogar das Meer und M\u00e1laga zu sehen.<\/p>\n<p style=\"text-align: justify;\"><img loading=\"lazy\" decoding=\"async\" class=\"alignright size-full wp-image-7424\" src=\"https:\/\/blog.olimar.de\/wp-content\/uploads\/2016\/09\/Aussicht-bis-M\u00e1laga.jpg\" alt=\"aussicht-bis-malaga\" width=\"1000\" height=\"786\" srcset=\"https:\/\/blog.olimar.de\/wp-content\/uploads\/2016\/09\/Aussicht-bis-M\u00e1laga.jpg 1000w, https:\/\/blog.olimar.de\/wp-content\/uploads\/2016\/09\/Aussicht-bis-M\u00e1laga-300x236.jpg 300w, https:\/\/blog.olimar.de\/wp-content\/uploads\/2016\/09\/Aussicht-bis-M\u00e1laga-768x604.jpg 768w\" sizes=\"auto, (max-width: 1000px) 100vw, 1000px\" \/><\/p>\n<p style=\"text-align: justify;\">Den R\u00fcckweg zum Parkplatz mache ich entlang der asphaltierten Stra\u00dfe. Obwohl ich inzwischen m\u00fcde vom Laufen und den vielen Eindr\u00fccken bin, ziehen mich die Felsskulpturen immer wieder in ihren Bann. Kaum habe ich den Fotoapparat weggepackt, hole ich ihn f\u00fcr ein weiteres Bild schon wieder aus der Tasche. Ich habe auf meiner Reise durch Andalusien schon einige Naturparks gesehen, die mich begeistert haben. El Torcal ist jedoch eine Klasse f\u00fcr sich!<\/p>\n<h3><strong>Mein Tipp f\u00fcr einen Besuch von El Torcal:<\/strong><\/h3>\n<p style=\"text-align: justify;\">Planen Sie Ihren Besuch wenn m\u00f6glich innerhalb der Woche ein. Am Wochenende ist El Torcal ein beliebtes Ausflugsziel f\u00fcr die Einheimischen, sodass es deutlich belebter zugeht. Ein weiteres Ausflugziel ist der nur 30 Kilometer entfernte <a href=\"https:\/\/blog.olimar.de\/caminito-del-rey\/\">Caminito del Rey<\/a>.<\/p>\n","protected":false},"excerpt":{"rendered":"<p>\u201eEinfach unglaublich, was die Natur zustande bringt\u201c. Diesen Ausruf muss ich unweigerlich t\u00e4tigen, als ich vor einem der skurrilen Felsen stehe. Wie k\u00fcnstlich aufeinander geschichtet sehen die Steint\u00fcrme aus. Sie sind Grund, weshalb der Naturpark von El Torcal in Andalusien zu Spaniens besonderen H\u00f6hepunkten z\u00e4hlt. Zahlreiche Besucher aus dem In- und Ausland kommen hierher, um sich dieses einzigartige Naturmonument anzusehen. Ein Meisterwerk der Natur El Torcal z\u00e4hlt zu Spaniens beeindruckendsten Naturparks. Obwohl es davon in Andalusien einige gibt, ist dieser etwas Besonderes. Nirgendwo sonst sieht man so viele faszinierende Steingebilde auf einmal, wie hier. \u00a0 Der Naturpark liegt 20 Kilometer entfernt &hellip;<\/p>\n","protected":false},"author":15,"featured_media":7425,"comment_status":"open","ping_status":"open","sticky":false,"template":"","format":"standard","meta":{"_crdt_document":"","_lmt_disableupdate":"","_lmt_disable":"","footnotes":""},"categories":[29],"tags":[63,62],"class_list":["post-7419","post","type-post","status-publish","format-standard","has-post-thumbnail","hentry","category-aktiv-natur","tag-andalusien","tag-spanien"],"yoast_head":"<!-- This site is optimized with the Yoast SEO plugin v26.9 - https:\/\/yoast.com\/product\/yoast-seo-wordpress\/ -->\n<title>Ein Besuch im Naturpark El Torcal in Andalusien<\/title>\n<meta name=\"description\" content=\"\u201eEinfach unglaublich, was die Natur zustande bringt\u201c. Diesen Gedanken habe ich unweigerlich, als ich vor einem der skurrilen Felsen von El Torcal stehe.\" \/>\n<meta name=\"robots\" content=\"index, follow, max-snippet:-1, max-image-preview:large, max-video-preview:-1\" \/>\n<link rel=\"canonical\" href=\"https:\/\/blog.olimar.de\/el-torcal\/\" \/>\n<meta property=\"og:locale\" content=\"de_DE\" \/>\n<meta property=\"og:type\" content=\"article\" \/>\n<meta property=\"og:title\" content=\"Ein Besuch im Naturpark El Torcal in Andalusien\" \/>\n<meta property=\"og:description\" content=\"\u201eEinfach unglaublich, was die Natur zustande bringt\u201c. Diesen Gedanken habe ich unweigerlich, als ich vor einem der skurrilen Felsen von El Torcal stehe.\" \/>\n<meta property=\"og:url\" content=\"https:\/\/blog.olimar.de\/el-torcal\/\" \/>\n<meta property=\"article:publisher\" content=\"https:\/\/www.facebook.com\/OlimarReisen\" \/>\n<meta property=\"article:published_time\" content=\"2016-09-29T14:06:34+00:00\" \/>\n<meta property=\"article:modified_time\" content=\"2017-05-18T14:32:20+00:00\" \/>\n<meta property=\"og:image\" content=\"https:\/\/i1.wp.com\/blog.olimar.de\/wp-content\/uploads\/2016\/09\/Aussicht-von-oben.jpg?fit=1000%2C750&ssl=1\" \/>\n\t<meta property=\"og:image:width\" content=\"1000\" \/>\n\t<meta property=\"og:image:height\" content=\"750\" \/>\n\t<meta property=\"og:image:type\" content=\"image\/jpeg\" \/>\n<meta name=\"author\" content=\"Nima\" \/>\n<meta name=\"twitter:label1\" content=\"Verfasst von\" \/>\n\t<meta name=\"twitter:data1\" content=\"Nima\" \/>\n\t<meta name=\"twitter:label2\" content=\"Gesch\u00e4tzte Lesezeit\" \/>\n\t<meta name=\"twitter:data2\" content=\"3\u00a0Minuten\" \/>\n<script type=\"application\/ld+json\" class=\"yoast-schema-graph\">{\"@context\":\"https:\/\/schema.org\",\"@graph\":[{\"@type\":\"WebPage\",\"@id\":\"https:\/\/blog.olimar.de\/el-torcal\/\",\"url\":\"https:\/\/blog.olimar.de\/el-torcal\/\",\"name\":\"Ein Besuch im Naturpark El Torcal in Andalusien\",\"isPartOf\":{\"@id\":\"https:\/\/blog.olimar.de\/#website\"},\"primaryImageOfPage\":{\"@id\":\"https:\/\/blog.olimar.de\/el-torcal\/#primaryimage\"},\"image\":{\"@id\":\"https:\/\/blog.olimar.de\/el-torcal\/#primaryimage\"},\"thumbnailUrl\":\"https:\/\/blog.olimar.de\/wp-content\/uploads\/2016\/09\/Aussicht-von-oben.jpg\",\"datePublished\":\"2016-09-29T14:06:34+00:00\",\"dateModified\":\"2017-05-18T14:32:20+00:00\",\"description\":\"\u201eEinfach unglaublich, was die Natur zustande bringt\u201c. Diesen Gedanken habe ich unweigerlich, als ich vor einem der skurrilen Felsen von El Torcal stehe.\",\"breadcrumb\":{\"@id\":\"https:\/\/blog.olimar.de\/el-torcal\/#breadcrumb\"},\"inLanguage\":\"de\",\"potentialAction\":[{\"@type\":\"ReadAction\",\"target\":[\"https:\/\/blog.olimar.de\/el-torcal\/\"]}]},{\"@type\":\"ImageObject\",\"inLanguage\":\"de\",\"@id\":\"https:\/\/blog.olimar.de\/el-torcal\/#primaryimage\",\"url\":\"https:\/\/blog.olimar.de\/wp-content\/uploads\/2016\/09\/Aussicht-von-oben.jpg\",\"contentUrl\":\"https:\/\/blog.olimar.de\/wp-content\/uploads\/2016\/09\/Aussicht-von-oben.jpg\",\"width\":1000,\"height\":750,\"caption\":\"El Torcal Aussicht\"},{\"@type\":\"BreadcrumbList\",\"@id\":\"https:\/\/blog.olimar.de\/el-torcal\/#breadcrumb\",\"itemListElement\":[{\"@type\":\"ListItem\",\"position\":1,\"name\":\"Home\",\"item\":\"https:\/\/blog.olimar.de\/\"},{\"@type\":\"ListItem\",\"position\":2,\"name\":\"Andalusien\",\"item\":\"https:\/\/blog.olimar.de\/tag\/andalusien\/\"},{\"@type\":\"ListItem\",\"position\":3,\"name\":\"Die bizarre Felslandschaft von El Torcal in Andalusien\"}]},{\"@type\":\"WebSite\",\"@id\":\"https:\/\/blog.olimar.de\/#website\",\"url\":\"https:\/\/blog.olimar.de\/\",\"name\":\"OLIMAR.com\",\"description\":\"\",\"publisher\":{\"@id\":\"https:\/\/blog.olimar.de\/#organization\"},\"potentialAction\":[{\"@type\":\"SearchAction\",\"target\":{\"@type\":\"EntryPoint\",\"urlTemplate\":\"https:\/\/blog.olimar.de\/?s={search_term_string}\"},\"query-input\":{\"@type\":\"PropertyValueSpecification\",\"valueRequired\":true,\"valueName\":\"search_term_string\"}}],\"inLanguage\":\"de\"},{\"@type\":\"Organization\",\"@id\":\"https:\/\/blog.olimar.de\/#organization\",\"name\":\"OLIMAR Reisen\",\"url\":\"https:\/\/blog.olimar.de\/\",\"logo\":{\"@type\":\"ImageObject\",\"inLanguage\":\"de\",\"@id\":\"https:\/\/blog.olimar.de\/#\/schema\/logo\/image\/\",\"url\":\"https:\/\/blog.olimar.de\/wp-content\/uploads\/2021\/01\/OLIMAR_Logo_COLOR.png\",\"contentUrl\":\"https:\/\/blog.olimar.de\/wp-content\/uploads\/2021\/01\/OLIMAR_Logo_COLOR.png\",\"width\":2000,\"height\":986,\"caption\":\"OLIMAR Reisen\"},\"image\":{\"@id\":\"https:\/\/blog.olimar.de\/#\/schema\/logo\/image\/\"},\"sameAs\":[\"https:\/\/www.facebook.com\/OlimarReisen\",\"https:\/\/x.com\/olimarrreisen\",\"https:\/\/www.instagram.com\/olimarreisen\",\"https:\/\/www.youtube.com\/user\/olimarreisen\"]}]}<\/script>\n<!-- \/ Yoast SEO plugin. -->","yoast_head_json":{"title":"Ein Besuch im Naturpark El Torcal in Andalusien","description":"\u201eEinfach unglaublich, was die Natur zustande bringt\u201c. Diesen Gedanken habe ich unweigerlich, als ich vor einem der skurrilen Felsen von El Torcal stehe.","robots":{"index":"index","follow":"follow","max-snippet":"max-snippet:-1","max-image-preview":"max-image-preview:large","max-video-preview":"max-video-preview:-1"},"canonical":"https:\/\/blog.olimar.de\/el-torcal\/","og_locale":"de_DE","og_type":"article","og_title":"Ein Besuch im Naturpark El Torcal in Andalusien","og_description":"\u201eEinfach unglaublich, was die Natur zustande bringt\u201c. Diesen Gedanken habe ich unweigerlich, als ich vor einem der skurrilen Felsen von El Torcal stehe.","og_url":"https:\/\/blog.olimar.de\/el-torcal\/","article_publisher":"https:\/\/www.facebook.com\/OlimarReisen","article_published_time":"2016-09-29T14:06:34+00:00","article_modified_time":"2017-05-18T14:32:20+00:00","og_image":[{"width":1000,"height":750,"url":"https:\/\/i1.wp.com\/blog.olimar.de\/wp-content\/uploads\/2016\/09\/Aussicht-von-oben.jpg?fit=1000%2C750&ssl=1","type":"image\/jpeg"}],"author":"Nima","twitter_misc":{"Verfasst von":"Nima","Gesch\u00e4tzte Lesezeit":"3\u00a0Minuten"},"schema":{"@context":"https:\/\/schema.org","@graph":[{"@type":"WebPage","@id":"https:\/\/blog.olimar.de\/el-torcal\/","url":"https:\/\/blog.olimar.de\/el-torcal\/","name":"Ein Besuch im Naturpark El Torcal in Andalusien","isPartOf":{"@id":"https:\/\/blog.olimar.de\/#website"},"primaryImageOfPage":{"@id":"https:\/\/blog.olimar.de\/el-torcal\/#primaryimage"},"image":{"@id":"https:\/\/blog.olimar.de\/el-torcal\/#primaryimage"},"thumbnailUrl":"https:\/\/blog.olimar.de\/wp-content\/uploads\/2016\/09\/Aussicht-von-oben.jpg","datePublished":"2016-09-29T14:06:34+00:00","dateModified":"2017-05-18T14:32:20+00:00","description":"\u201eEinfach unglaublich, was die Natur zustande bringt\u201c. Diesen Gedanken habe ich unweigerlich, als ich vor einem der skurrilen Felsen von El Torcal stehe.","breadcrumb":{"@id":"https:\/\/blog.olimar.de\/el-torcal\/#breadcrumb"},"inLanguage":"de","potentialAction":[{"@type":"ReadAction","target":["https:\/\/blog.olimar.de\/el-torcal\/"]}]},{"@type":"ImageObject","inLanguage":"de","@id":"https:\/\/blog.olimar.de\/el-torcal\/#primaryimage","url":"https:\/\/blog.olimar.de\/wp-content\/uploads\/2016\/09\/Aussicht-von-oben.jpg","contentUrl":"https:\/\/blog.olimar.de\/wp-content\/uploads\/2016\/09\/Aussicht-von-oben.jpg","width":1000,"height":750,"caption":"El Torcal Aussicht"},{"@type":"BreadcrumbList","@id":"https:\/\/blog.olimar.de\/el-torcal\/#breadcrumb","itemListElement":[{"@type":"ListItem","position":1,"name":"Home","item":"https:\/\/blog.olimar.de\/"},{"@type":"ListItem","position":2,"name":"Andalusien","item":"https:\/\/blog.olimar.de\/tag\/andalusien\/"},{"@type":"ListItem","position":3,"name":"Die bizarre Felslandschaft von El Torcal in Andalusien"}]},{"@type":"WebSite","@id":"https:\/\/blog.olimar.de\/#website","url":"https:\/\/blog.olimar.de\/","name":"OLIMAR.com","description":"","publisher":{"@id":"https:\/\/blog.olimar.de\/#organization"},"potentialAction":[{"@type":"SearchAction","target":{"@type":"EntryPoint","urlTemplate":"https:\/\/blog.olimar.de\/?s={search_term_string}"},"query-input":{"@type":"PropertyValueSpecification","valueRequired":true,"valueName":"search_term_string"}}],"inLanguage":"de"},{"@type":"Organization","@id":"https:\/\/blog.olimar.de\/#organization","name":"OLIMAR Reisen","url":"https:\/\/blog.olimar.de\/","logo":{"@type":"ImageObject","inLanguage":"de","@id":"https:\/\/blog.olimar.de\/#\/schema\/logo\/image\/","url":"https:\/\/blog.olimar.de\/wp-content\/uploads\/2021\/01\/OLIMAR_Logo_COLOR.png","contentUrl":"https:\/\/blog.olimar.de\/wp-content\/uploads\/2021\/01\/OLIMAR_Logo_COLOR.png","width":2000,"height":986,"caption":"OLIMAR Reisen"},"image":{"@id":"https:\/\/blog.olimar.de\/#\/schema\/logo\/image\/"},"sameAs":["https:\/\/www.facebook.com\/OlimarReisen","https:\/\/x.com\/olimarrreisen","https:\/\/www.instagram.com\/olimarreisen","https:\/\/www.youtube.com\/user\/olimarreisen"]}]}},"modified_by":"Katharina","jetpack_featured_media_url":"https:\/\/blog.olimar.de\/wp-content\/uploads\/2016\/09\/Aussicht-von-oben.jpg","_links":{"self":[{"href":"https:\/\/blog.olimar.de\/wp-json\/wp\/v2\/posts\/7419","targetHints":{"allow":["GET"]}}],"collection":[{"href":"https:\/\/blog.olimar.de\/wp-json\/wp\/v2\/posts"}],"about":[{"href":"https:\/\/blog.olimar.de\/wp-json\/wp\/v2\/types\/post"}],"author":[{"embeddable":true,"href":"https:\/\/blog.olimar.de\/wp-json\/wp\/v2\/users\/15"}],"replies":[{"embeddable":true,"href":"https:\/\/blog.olimar.de\/wp-json\/wp\/v2\/comments?post=7419"}],"version-history":[{"count":4,"href":"https:\/\/blog.olimar.de\/wp-json\/wp\/v2\/posts\/7419\/revisions"}],"predecessor-version":[{"id":7438,"href":"https:\/\/blog.olimar.de\/wp-json\/wp\/v2\/posts\/7419\/revisions\/7438"}],"wp:featuredmedia":[{"embeddable":true,"href":"https:\/\/blog.olimar.de\/wp-json\/wp\/v2\/media\/7425"}],"wp:attachment":[{"href":"https:\/\/blog.olimar.de\/wp-json\/wp\/v2\/media?parent=7419"}],"wp:term":[{"taxonomy":"category","embeddable":true,"href":"https:\/\/blog.olimar.de\/wp-json\/wp\/v2\/categories?post=7419"},{"taxonomy":"post_tag","embeddable":true,"href":"https:\/\/blog.olimar.de\/wp-json\/wp\/v2\/tags?post=7419"}],"curies":[{"name":"wp","href":"https:\/\/api.w.org\/{rel}","templated":true}]}}