{"id":7505,"date":"2016-10-09T16:36:17","date_gmt":"2016-10-09T14:36:17","guid":{"rendered":"https:\/\/blog.olimar.de\/?p=7505"},"modified":"2017-02-05T23:02:35","modified_gmt":"2017-02-05T21:02:35","slug":"rota-vicentina-almograve-zambujeira","status":"publish","type":"post","link":"https:\/\/blog.olimar.de\/rota-vicentina-almograve-zambujeira\/","title":{"rendered":"Wandern auf der Rota Vicentina &#8211; Almograve bis Zambujeira do Mar"},"content":{"rendered":"<p style=\"text-align: justify;\">Anfang Oktober unternahm ich die erste Wanderreise meines Lebens: &#8220;Panoramawandern entlang der Rota Vicentina&#8221; aus dem OLIMAR Reisen Programm. Informationen zu dem Weitwanderweg Rota Vicentina und meine gesammelten Eindr\u00fccke und das abschlie\u00dfende Fazit befinden sich <a href=\"https:\/\/blog.olimar.de\/rota-vicentina\/\">hier<\/a>.<\/p>\n<p style=\"text-align: justify;\">Nachfolgend die Beschreibung der ersten Etappe von Almograve bis Zambujeira do Mar entlang des Fischerpfades.<\/p>\n<h3 style=\"text-align: justify;\"><strong>Ankunft an der Rota Vicentina<\/strong><\/h3>\n<p style=\"text-align: justify;\">Schon die Ankunft in der ersten Unterkunft (rund 200 km s\u00fcdlich von Lissabon bzw. 130 km westlich von Faro) l\u00e4sst mich sp\u00fcren: Ich bin in der Natur angekommen. Der n\u00e4chtliche Sternenhimmel ist aufgrund der sp\u00e4rlichen Besiedlung in dieser Region traumhaft sch\u00f6n, am Morgen werde ich von einem kr\u00e4henden Hahn geweckt. Idylle pur im Turismo Rural Monte da Longueira.<\/p>\n<p style=\"text-align: justify;\"><img loading=\"lazy\" decoding=\"async\" class=\"alignleft wp-image-7506 size-large\" src=\"https:\/\/blog.olimar.de\/wp-content\/uploads\/2016\/10\/Monte-da-Longueira-1-1024x768.jpg\" alt=\"Rota Vicentina Unterkunft Monte da Longueira\" width=\"840\" height=\"630\" srcset=\"https:\/\/blog.olimar.de\/wp-content\/uploads\/2016\/10\/Monte-da-Longueira-1-1024x768.jpg 1024w, https:\/\/blog.olimar.de\/wp-content\/uploads\/2016\/10\/Monte-da-Longueira-1-300x225.jpg 300w, https:\/\/blog.olimar.de\/wp-content\/uploads\/2016\/10\/Monte-da-Longueira-1-768x576.jpg 768w\" sizes=\"auto, (max-width: 840px) 100vw, 840px\" \/> <img loading=\"lazy\" decoding=\"async\" class=\"alignleft wp-image-7507 size-large\" src=\"https:\/\/blog.olimar.de\/wp-content\/uploads\/2016\/10\/Morgenstimmung-Monte-da-Longueira-1024x768.jpg\" alt=\"Rota Vicentina Morgenstimmung in Almograve\" width=\"840\" height=\"630\" srcset=\"https:\/\/blog.olimar.de\/wp-content\/uploads\/2016\/10\/Morgenstimmung-Monte-da-Longueira-1024x768.jpg 1024w, https:\/\/blog.olimar.de\/wp-content\/uploads\/2016\/10\/Morgenstimmung-Monte-da-Longueira-300x225.jpg 300w, https:\/\/blog.olimar.de\/wp-content\/uploads\/2016\/10\/Morgenstimmung-Monte-da-Longueira-768x576.jpg 768w\" sizes=\"auto, (max-width: 840px) 100vw, 840px\" \/><\/p>\n<h3 style=\"text-align: justify;\"><\/h3>\n<h3 style=\"text-align: justify;\"><strong>Etappe 1: Almograve &#8211; Zambujeira do Mar<\/strong><\/h3>\n<p style=\"text-align: justify;\">Zu Beginn der mit 25 Kilometern l\u00e4ngsten Etappe habe ich noch Bedenken: Eine solch lange Distanz\u00a0 bin ich noch niemals zuvor gewandert, w\u00fcrde ich das \u00fcberhaupt schaffen? Doch sobald der Fischerpfad, die K\u00fcsten-Variante der Rota Vicentina, erreicht ist, sind diese Gedanken wie weggeblasen. Die wundersch\u00f6ne, wilde D\u00fcnenlandschaft, die bizarren Klippen und die phantastischen Ausblicke auf tolle Sandstr\u00e4nde sind einfach zu faszinierend und abwechslungsreich. Der schmale Pfad f\u00fchrt \u00fcber einen kraxeligen Aufstieg direkt tief hinein in D\u00fcnen. Jedoch immer unmittelbar (und teilweise schwindelerregend nah) am wiederum felsigen Klippenrand entlang. Auf den ersten Kilometern kann ich kaum 10 Schritte tun, ohne ein weiteres Foto zu knipsen. Hinter jeder Kurve bieten sich neue spektakul\u00e4re Aussichten.<\/p>\n<p style=\"text-align: justify;\"><img loading=\"lazy\" decoding=\"async\" class=\"alignleft wp-image-7480 size-large\" src=\"https:\/\/blog.olimar.de\/wp-content\/uploads\/2016\/10\/Praia-da-Foz-dos-Ouricos-1024x315.jpg\" alt=\"Rota Vicentina Praia da Foz dos Ouricos\" width=\"840\" height=\"258\" srcset=\"https:\/\/blog.olimar.de\/wp-content\/uploads\/2016\/10\/Praia-da-Foz-dos-Ouricos-1024x315.jpg 1024w, https:\/\/blog.olimar.de\/wp-content\/uploads\/2016\/10\/Praia-da-Foz-dos-Ouricos-300x92.jpg 300w, https:\/\/blog.olimar.de\/wp-content\/uploads\/2016\/10\/Praia-da-Foz-dos-Ouricos-768x236.jpg 768w\" sizes=\"auto, (max-width: 840px) 100vw, 840px\" \/> <img loading=\"lazy\" decoding=\"async\" class=\"alignleft wp-image-7478 size-large\" src=\"https:\/\/blog.olimar.de\/wp-content\/uploads\/2016\/10\/Fischerweg-zwischen-Almograve-und-Cabo-Sard\u00e3o-1024x287.jpg\" alt=\"Rota Vicentina Fischerpfad zwischen Almograve und Cabo Sard\u00e3o\" width=\"840\" height=\"235\" srcset=\"https:\/\/blog.olimar.de\/wp-content\/uploads\/2016\/10\/Fischerweg-zwischen-Almograve-und-Cabo-Sard\u00e3o-1024x287.jpg 1024w, https:\/\/blog.olimar.de\/wp-content\/uploads\/2016\/10\/Fischerweg-zwischen-Almograve-und-Cabo-Sard\u00e3o-300x84.jpg 300w, https:\/\/blog.olimar.de\/wp-content\/uploads\/2016\/10\/Fischerweg-zwischen-Almograve-und-Cabo-Sard\u00e3o-768x215.jpg 768w\" sizes=\"auto, (max-width: 840px) 100vw, 840px\" \/> <img loading=\"lazy\" decoding=\"async\" class=\"alignleft wp-image-7479 size-large\" src=\"https:\/\/blog.olimar.de\/wp-content\/uploads\/2016\/10\/IMG_1096-1024x768.jpg\" alt=\"Rota Vicentina Fischerpfad\" width=\"840\" height=\"630\" srcset=\"https:\/\/blog.olimar.de\/wp-content\/uploads\/2016\/10\/IMG_1096-1024x768.jpg 1024w, https:\/\/blog.olimar.de\/wp-content\/uploads\/2016\/10\/IMG_1096-300x225.jpg 300w, https:\/\/blog.olimar.de\/wp-content\/uploads\/2016\/10\/IMG_1096-768x576.jpg 768w\" sizes=\"auto, (max-width: 840px) 100vw, 840px\" \/><\/p>\n<p><img loading=\"lazy\" decoding=\"async\" class=\"alignleft wp-image-7508 size-large\" src=\"https:\/\/blog.olimar.de\/wp-content\/uploads\/2016\/10\/IMG_1068-768x1024.jpg\" alt=\"Rota Vicentina K\u00fcstenweg\" width=\"768\" height=\"1024\" srcset=\"https:\/\/blog.olimar.de\/wp-content\/uploads\/2016\/10\/IMG_1068-768x1024.jpg 768w, https:\/\/blog.olimar.de\/wp-content\/uploads\/2016\/10\/IMG_1068-225x300.jpg 225w, https:\/\/blog.olimar.de\/wp-content\/uploads\/2016\/10\/IMG_1068-420x560.jpg 420w\" sizes=\"auto, (max-width: 768px) 100vw, 768px\" \/>Dem korrekten Weg zu folgen ist hier und auch auf allen weiteren Etappen ein Leichtes: Die Markierungen auf der Rota Vicentina sind immer schon von Weitem sichtbar und sehr eindeutig und unmissverst\u00e4ndlich platziert. Gr\u00fcn-blau f\u00fcr den Fischerpfad, wei\u00df-rot f\u00fcr den historischen Weg.<\/p>\n<p style=\"text-align: justify;\"><img loading=\"lazy\" decoding=\"async\" class=\"alignleft wp-image-7495 size-large\" src=\"https:\/\/blog.olimar.de\/wp-content\/uploads\/2016\/10\/Rota-Vicentina-Markierung-bei-Almograve-768x1024.jpg\" alt=\"Rota Vicentina Beschilderung bei Almograve\" width=\"768\" height=\"1024\" srcset=\"https:\/\/blog.olimar.de\/wp-content\/uploads\/2016\/10\/Rota-Vicentina-Markierung-bei-Almograve-768x1024.jpg 768w, https:\/\/blog.olimar.de\/wp-content\/uploads\/2016\/10\/Rota-Vicentina-Markierung-bei-Almograve-225x300.jpg 225w, https:\/\/blog.olimar.de\/wp-content\/uploads\/2016\/10\/Rota-Vicentina-Markierung-bei-Almograve-420x560.jpg 420w\" sizes=\"auto, (max-width: 768px) 100vw, 768px\" \/><\/p>\n<p>Ich merke schnell: Das Mitnehmen der hohen Wanderschuhe war trotz der sommerlichen Temperaturen genau richtig. Denn der Weg besteht haupts\u00e4chlich aus unbefestigten, tiefen Sandpfaden, die das Gehen relativ m\u00fchsam machen. Daran muss ich mich tats\u00e4chlich ersteinmal gew\u00f6hnen.<\/p>\n<p style=\"text-align: justify;\"><img loading=\"lazy\" decoding=\"async\" class=\"alignleft wp-image-7470 size-large\" src=\"https:\/\/blog.olimar.de\/wp-content\/uploads\/2016\/10\/Sandwege-Rota-Vicentina-1024x768.jpg\" alt=\"Sandwege Rota Vicentina\" width=\"840\" height=\"630\" srcset=\"https:\/\/blog.olimar.de\/wp-content\/uploads\/2016\/10\/Sandwege-Rota-Vicentina-1024x768.jpg 1024w, https:\/\/blog.olimar.de\/wp-content\/uploads\/2016\/10\/Sandwege-Rota-Vicentina-300x225.jpg 300w, https:\/\/blog.olimar.de\/wp-content\/uploads\/2016\/10\/Sandwege-Rota-Vicentina-768x576.jpg 768w\" sizes=\"auto, (max-width: 840px) 100vw, 840px\" \/><\/p>\n<p>Herrlich erfrischend f\u00fcr die beanspruchten F\u00fc\u00dfe ist zwischendurch ein Bad im k\u00fchlen Atlantik, zum Beispiel am wundersch\u00f6nen Praia de Cavaleiro, zu dem eine Holztreppe hinunterf\u00fchrt.<\/p>\n<p style=\"text-align: justify;\"><img loading=\"lazy\" decoding=\"async\" class=\"alignleft wp-image-7481 size-large\" src=\"https:\/\/blog.olimar.de\/wp-content\/uploads\/2016\/10\/Praia-de-Cavaleiro-1024x768.jpg\" alt=\"Praia de Cavaleiro an der Rota Vicentina\" width=\"840\" height=\"630\" srcset=\"https:\/\/blog.olimar.de\/wp-content\/uploads\/2016\/10\/Praia-de-Cavaleiro-1024x768.jpg 1024w, https:\/\/blog.olimar.de\/wp-content\/uploads\/2016\/10\/Praia-de-Cavaleiro-300x225.jpg 300w, https:\/\/blog.olimar.de\/wp-content\/uploads\/2016\/10\/Praia-de-Cavaleiro-768x576.jpg 768w\" sizes=\"auto, (max-width: 840px) 100vw, 840px\" \/><br \/>\n<img loading=\"lazy\" decoding=\"async\" class=\"alignleft wp-image-7510 size-large\" src=\"https:\/\/blog.olimar.de\/wp-content\/uploads\/2016\/10\/Praia-do-C\u00e3o-1024x768.jpg\" alt=\"Praia do Cao an der Rota Vicentina\" width=\"840\" height=\"630\" srcset=\"https:\/\/blog.olimar.de\/wp-content\/uploads\/2016\/10\/Praia-do-C\u00e3o-1024x768.jpg 1024w, https:\/\/blog.olimar.de\/wp-content\/uploads\/2016\/10\/Praia-do-C\u00e3o-300x225.jpg 300w, https:\/\/blog.olimar.de\/wp-content\/uploads\/2016\/10\/Praia-do-C\u00e3o-768x576.jpg 768w\" sizes=\"auto, (max-width: 840px) 100vw, 840px\" \/><\/p>\n<p style=\"text-align: justify;\">Nach 12 Kilometern soll laut Tourenbeschreibung am Cabo Sard\u00e3o ein Highlight der Rota Vicentina auf mich warten: in den Klippen nistende St\u00f6rche &#8211; ein weltweit einzigartiges Ph\u00e4nomen. Doch offensichtlich ist Anfang Oktober der falsche Zeitpunkt, um Meister Adebar und Nachwuchs zu Gesicht zu bekommen. Nur durch die neu ausgebauten Aussichtsplattformen und die vielen vorbereiteten Hinweistafeln kann ich glauben, dass es im Fr\u00fchjahr und Sommer tats\u00e4chlich klappernde St\u00f6rche zu sehen gibt.<\/p>\n<p style=\"text-align: justify;\"><img loading=\"lazy\" decoding=\"async\" class=\"alignleft wp-image-7513 size-large\" src=\"https:\/\/blog.olimar.de\/wp-content\/uploads\/2016\/10\/Infotafeln-Cabo-Sard\u00e3o-1024x768.jpg\" alt=\"Rota Vicentina leere Infotafeln Cabo Sardao\" width=\"840\" height=\"630\" srcset=\"https:\/\/blog.olimar.de\/wp-content\/uploads\/2016\/10\/Infotafeln-Cabo-Sard\u00e3o-1024x768.jpg 1024w, https:\/\/blog.olimar.de\/wp-content\/uploads\/2016\/10\/Infotafeln-Cabo-Sard\u00e3o-300x225.jpg 300w, https:\/\/blog.olimar.de\/wp-content\/uploads\/2016\/10\/Infotafeln-Cabo-Sard\u00e3o-768x576.jpg 768w\" sizes=\"auto, (max-width: 840px) 100vw, 840px\" \/> <img loading=\"lazy\" decoding=\"async\" class=\"alignleft wp-image-7514 size-large\" src=\"https:\/\/blog.olimar.de\/wp-content\/uploads\/2016\/10\/Leuchtturm-Cabo-Sard\u00e3o-1024x768.jpg\" alt=\"Wegweiser Leuchtturm Cabo Sardao Rota Vicentina\" width=\"840\" height=\"630\" srcset=\"https:\/\/blog.olimar.de\/wp-content\/uploads\/2016\/10\/Leuchtturm-Cabo-Sard\u00e3o-1024x768.jpg 1024w, https:\/\/blog.olimar.de\/wp-content\/uploads\/2016\/10\/Leuchtturm-Cabo-Sard\u00e3o-300x225.jpg 300w, https:\/\/blog.olimar.de\/wp-content\/uploads\/2016\/10\/Leuchtturm-Cabo-Sard\u00e3o-768x576.jpg 768w\" sizes=\"auto, (max-width: 840px) 100vw, 840px\" \/><\/p>\n<p style=\"text-align: justify;\">Der weitere Weg f\u00fchrt auf Schotterwegen immer entlang des Atlantiks. An einer Stelle muss ein steiler und kraxeliger Abstieg zu einer kleinen, urigen Fischer-Bucht Entrada da Barca bew\u00e4ltigt werden.<\/p>\n<p style=\"text-align: justify;\"><img loading=\"lazy\" decoding=\"async\" class=\"alignleft wp-image-7515 size-large\" src=\"https:\/\/blog.olimar.de\/wp-content\/uploads\/2016\/10\/Steiler-Abstieg-Entrada-da-Barca-768x1024.jpg\" alt=\"Steiler Abstieg Entrada da Barca Rota Vicentina\" width=\"768\" height=\"1024\" srcset=\"https:\/\/blog.olimar.de\/wp-content\/uploads\/2016\/10\/Steiler-Abstieg-Entrada-da-Barca-768x1024.jpg 768w, https:\/\/blog.olimar.de\/wp-content\/uploads\/2016\/10\/Steiler-Abstieg-Entrada-da-Barca-225x300.jpg 225w, https:\/\/blog.olimar.de\/wp-content\/uploads\/2016\/10\/Steiler-Abstieg-Entrada-da-Barca-420x560.jpg 420w\" sizes=\"auto, (max-width: 768px) 100vw, 768px\" \/> <img loading=\"lazy\" decoding=\"async\" class=\"alignleft wp-image-7516 size-large\" src=\"https:\/\/blog.olimar.de\/wp-content\/uploads\/2016\/10\/Fischerhafen-Entrada-da-Barca-1024x768.jpg\" alt=\"Fischerhafen Entrada da Barca Rota Vicentina\" width=\"840\" height=\"630\" srcset=\"https:\/\/blog.olimar.de\/wp-content\/uploads\/2016\/10\/Fischerhafen-Entrada-da-Barca-1024x768.jpg 1024w, https:\/\/blog.olimar.de\/wp-content\/uploads\/2016\/10\/Fischerhafen-Entrada-da-Barca-300x225.jpg 300w, https:\/\/blog.olimar.de\/wp-content\/uploads\/2016\/10\/Fischerhafen-Entrada-da-Barca-768x576.jpg 768w\" sizes=\"auto, (max-width: 840px) 100vw, 840px\" \/><\/p>\n<p style=\"text-align: justify;\">Zwei Kilometer f\u00fchren erstmals entlang einer Landstra\u00dfe. Die ziehen sich! Und aufgrund der bereits rund 20 absolvierten Tageskilometern und der vielen Sonne bin ich so ersch\u00f6pft, dass ich mir das erste und einzige Mal w\u00e4hrend der einw\u00f6chigen Tour ein Taxi herbeiw\u00fcnsche (zum Gl\u00fcck kam keines).<\/p>\n<p style=\"text-align: justify;\">Kurz vor dem Tagesziel, dem \u00d6rtchen Zambujeira do Mar, f\u00fchrt der Fischerpfad wieder in die D\u00fcnen hinein und bietet dadurch einen wundersch\u00f6nen Etappen-Abschluss.<\/p>\n<p style=\"text-align: justify;\"><img loading=\"lazy\" decoding=\"async\" class=\"alignleft wp-image-7517 size-large\" src=\"https:\/\/blog.olimar.de\/wp-content\/uploads\/2016\/10\/Steg-bei-Zambujeira-do-Mar-1024x768.jpg\" alt=\"Rota Vicentina Steg bei Zambujeira do Mar\" width=\"840\" height=\"630\" srcset=\"https:\/\/blog.olimar.de\/wp-content\/uploads\/2016\/10\/Steg-bei-Zambujeira-do-Mar-1024x768.jpg 1024w, https:\/\/blog.olimar.de\/wp-content\/uploads\/2016\/10\/Steg-bei-Zambujeira-do-Mar-300x225.jpg 300w, https:\/\/blog.olimar.de\/wp-content\/uploads\/2016\/10\/Steg-bei-Zambujeira-do-Mar-768x576.jpg 768w\" sizes=\"auto, (max-width: 840px) 100vw, 840px\" \/><\/p>\n<p style=\"text-align: justify;\">V\u00f6llig ersch\u00f6pft in der nur wenige Schritte vom Meer entfernten Unterkunft angekommen, wartet bereits mein Koffer im Zimmer auf mich. Was habe ich mich jeden Abend aufs Neue \u00fcber diesen Gep\u00e4cktransport-Service gefreut!<\/p>\n<p style=\"text-align: justify;\"><img loading=\"lazy\" decoding=\"async\" class=\"alignleft wp-image-7466 size-large\" src=\"https:\/\/blog.olimar.de\/wp-content\/uploads\/2016\/10\/Unterkunft-Rosa-dos-Ventos-in-Zambujeira-do-Mar-1024x768.jpg\" alt=\"Unterkunft Rosa dos Ventos in Zambujeira do Mar\" width=\"840\" height=\"630\" srcset=\"https:\/\/blog.olimar.de\/wp-content\/uploads\/2016\/10\/Unterkunft-Rosa-dos-Ventos-in-Zambujeira-do-Mar-1024x768.jpg 1024w, https:\/\/blog.olimar.de\/wp-content\/uploads\/2016\/10\/Unterkunft-Rosa-dos-Ventos-in-Zambujeira-do-Mar-300x225.jpg 300w, https:\/\/blog.olimar.de\/wp-content\/uploads\/2016\/10\/Unterkunft-Rosa-dos-Ventos-in-Zambujeira-do-Mar-768x576.jpg 768w\" sizes=\"auto, (max-width: 840px) 100vw, 840px\" \/><\/p>\n<p style=\"text-align: justify;\"><img loading=\"lazy\" decoding=\"async\" class=\"alignleft wp-image-7518 size-large\" src=\"https:\/\/blog.olimar.de\/wp-content\/uploads\/2016\/10\/Sonnenuntergang-Zambujeira-do-Mar-1024x768.jpg\" alt=\"Sonnenuntergang Zambujeira do Mar\" width=\"840\" height=\"630\" srcset=\"https:\/\/blog.olimar.de\/wp-content\/uploads\/2016\/10\/Sonnenuntergang-Zambujeira-do-Mar-1024x768.jpg 1024w, https:\/\/blog.olimar.de\/wp-content\/uploads\/2016\/10\/Sonnenuntergang-Zambujeira-do-Mar-300x225.jpg 300w, https:\/\/blog.olimar.de\/wp-content\/uploads\/2016\/10\/Sonnenuntergang-Zambujeira-do-Mar-768x576.jpg 768w\" sizes=\"auto, (max-width: 840px) 100vw, 840px\" \/><\/p>\n<p>&nbsp;<\/p>\n<p>&nbsp;<\/p>\n<p><strong>Weiterlesen:<a href=\"https:\/\/blog.olimar.de\/rota-vicentina-zambujeira-odeceixe\/\"> Etappe 2: Zambujeira do Mar bis Odeceixe<\/a><\/strong><\/p>\n<p>&nbsp;<\/p>\n","protected":false},"excerpt":{"rendered":"<p>Anfang Oktober unternahm ich die erste Wanderreise meines Lebens: &#8220;Panoramawandern entlang der Rota Vicentina&#8221; aus dem OLIMAR Reisen Programm. Informationen zu dem Weitwanderweg Rota Vicentina und meine gesammelten Eindr\u00fccke und das abschlie\u00dfende Fazit befinden sich hier. Nachfolgend die Beschreibung der ersten Etappe von Almograve bis Zambujeira do Mar entlang des Fischerpfades. Ankunft an der Rota Vicentina Schon die Ankunft in der ersten Unterkunft (rund 200 km s\u00fcdlich von Lissabon bzw. 130 km westlich von Faro) l\u00e4sst mich sp\u00fcren: Ich bin in der Natur angekommen. Der n\u00e4chtliche Sternenhimmel ist aufgrund der sp\u00e4rlichen Besiedlung in dieser Region traumhaft sch\u00f6n, am Morgen werde ich &hellip;<\/p>\n","protected":false},"author":1,"featured_media":7592,"comment_status":"open","ping_status":"open","sticky":false,"template":"","format":"standard","meta":{"_crdt_document":"","_lmt_disableupdate":"","_lmt_disable":"","footnotes":""},"categories":[29],"tags":[22,24,34],"class_list":["post-7505","post","type-post","status-publish","format-standard","has-post-thumbnail","hentry","category-aktiv-natur","tag-alentejo","tag-algarve","tag-portugal"],"yoast_head":"<!-- This site is optimized with the Yoast SEO plugin v26.9 - https:\/\/yoast.com\/product\/yoast-seo-wordpress\/ -->\n<title>Wandern Rota Vicentina - Almograve &gt;&gt; Zambujeira do Mar<\/title>\n<meta name=\"description\" content=\"Unsere Kollegin ist auf dem Fischerpfad der Rota Vicentina von Almograve bis Zambujeira do Mar gewandert und schildert ihre Eindr\u00fccke.\" \/>\n<meta name=\"robots\" content=\"index, follow, max-snippet:-1, max-image-preview:large, max-video-preview:-1\" \/>\n<link rel=\"canonical\" href=\"https:\/\/blog.olimar.de\/rota-vicentina-almograve-zambujeira\/\" \/>\n<meta property=\"og:locale\" content=\"de_DE\" \/>\n<meta property=\"og:type\" content=\"article\" \/>\n<meta property=\"og:title\" content=\"Wandern Rota Vicentina - Almograve &gt;&gt; Zambujeira do Mar\" \/>\n<meta property=\"og:description\" content=\"Unsere Kollegin ist auf dem Fischerpfad der Rota Vicentina von Almograve bis Zambujeira do Mar gewandert und schildert ihre Eindr\u00fccke.\" \/>\n<meta property=\"og:url\" content=\"https:\/\/blog.olimar.de\/rota-vicentina-almograve-zambujeira\/\" \/>\n<meta property=\"article:publisher\" content=\"https:\/\/www.facebook.com\/OlimarReisen\" \/>\n<meta property=\"article:published_time\" content=\"2016-10-09T14:36:17+00:00\" \/>\n<meta property=\"article:modified_time\" content=\"2017-02-05T21:02:35+00:00\" \/>\n<meta property=\"og:image\" content=\"https:\/\/i2.wp.com\/blog.olimar.de\/wp-content\/uploads\/2016\/10\/IMG_1087-e1518802289526.jpg?fit=1000%2C750&ssl=1\" \/>\n\t<meta property=\"og:image:width\" content=\"1000\" \/>\n\t<meta property=\"og:image:height\" content=\"750\" \/>\n\t<meta property=\"og:image:type\" content=\"image\/jpeg\" \/>\n<meta name=\"author\" content=\"Katharina\" \/>\n<meta name=\"twitter:label1\" content=\"Verfasst von\" \/>\n\t<meta name=\"twitter:data1\" content=\"Katharina\" \/>\n\t<meta name=\"twitter:label2\" content=\"Gesch\u00e4tzte Lesezeit\" \/>\n\t<meta name=\"twitter:data2\" content=\"3\u00a0Minuten\" \/>\n<script type=\"application\/ld+json\" class=\"yoast-schema-graph\">{\"@context\":\"https:\/\/schema.org\",\"@graph\":[{\"@type\":\"WebPage\",\"@id\":\"https:\/\/blog.olimar.de\/rota-vicentina-almograve-zambujeira\/\",\"url\":\"https:\/\/blog.olimar.de\/rota-vicentina-almograve-zambujeira\/\",\"name\":\"Wandern Rota Vicentina - Almograve >> Zambujeira do Mar\",\"isPartOf\":{\"@id\":\"https:\/\/blog.olimar.de\/#website\"},\"primaryImageOfPage\":{\"@id\":\"https:\/\/blog.olimar.de\/rota-vicentina-almograve-zambujeira\/#primaryimage\"},\"image\":{\"@id\":\"https:\/\/blog.olimar.de\/rota-vicentina-almograve-zambujeira\/#primaryimage\"},\"thumbnailUrl\":\"https:\/\/blog.olimar.de\/wp-content\/uploads\/2016\/10\/IMG_1087-e1518802289526.jpg\",\"datePublished\":\"2016-10-09T14:36:17+00:00\",\"dateModified\":\"2017-02-05T21:02:35+00:00\",\"description\":\"Unsere Kollegin ist auf dem Fischerpfad der Rota Vicentina von Almograve bis Zambujeira do Mar gewandert und schildert ihre Eindr\u00fccke.\",\"breadcrumb\":{\"@id\":\"https:\/\/blog.olimar.de\/rota-vicentina-almograve-zambujeira\/#breadcrumb\"},\"inLanguage\":\"de\",\"potentialAction\":[{\"@type\":\"ReadAction\",\"target\":[\"https:\/\/blog.olimar.de\/rota-vicentina-almograve-zambujeira\/\"]}]},{\"@type\":\"ImageObject\",\"inLanguage\":\"de\",\"@id\":\"https:\/\/blog.olimar.de\/rota-vicentina-almograve-zambujeira\/#primaryimage\",\"url\":\"https:\/\/blog.olimar.de\/wp-content\/uploads\/2016\/10\/IMG_1087-e1518802289526.jpg\",\"contentUrl\":\"https:\/\/blog.olimar.de\/wp-content\/uploads\/2016\/10\/IMG_1087-e1518802289526.jpg\",\"width\":1000,\"height\":750,\"caption\":\"Rota Vincente Wanderweg K\u00fcste\"},{\"@type\":\"BreadcrumbList\",\"@id\":\"https:\/\/blog.olimar.de\/rota-vicentina-almograve-zambujeira\/#breadcrumb\",\"itemListElement\":[{\"@type\":\"ListItem\",\"position\":1,\"name\":\"Home\",\"item\":\"https:\/\/blog.olimar.de\/\"},{\"@type\":\"ListItem\",\"position\":2,\"name\":\"Alentejo\",\"item\":\"https:\/\/blog.olimar.de\/tag\/alentejo\/\"},{\"@type\":\"ListItem\",\"position\":3,\"name\":\"Wandern auf der Rota Vicentina &#8211; Almograve bis Zambujeira do Mar\"}]},{\"@type\":\"WebSite\",\"@id\":\"https:\/\/blog.olimar.de\/#website\",\"url\":\"https:\/\/blog.olimar.de\/\",\"name\":\"OLIMAR.com\",\"description\":\"\",\"publisher\":{\"@id\":\"https:\/\/blog.olimar.de\/#organization\"},\"potentialAction\":[{\"@type\":\"SearchAction\",\"target\":{\"@type\":\"EntryPoint\",\"urlTemplate\":\"https:\/\/blog.olimar.de\/?s={search_term_string}\"},\"query-input\":{\"@type\":\"PropertyValueSpecification\",\"valueRequired\":true,\"valueName\":\"search_term_string\"}}],\"inLanguage\":\"de\"},{\"@type\":\"Organization\",\"@id\":\"https:\/\/blog.olimar.de\/#organization\",\"name\":\"OLIMAR Reisen\",\"url\":\"https:\/\/blog.olimar.de\/\",\"logo\":{\"@type\":\"ImageObject\",\"inLanguage\":\"de\",\"@id\":\"https:\/\/blog.olimar.de\/#\/schema\/logo\/image\/\",\"url\":\"https:\/\/blog.olimar.de\/wp-content\/uploads\/2021\/01\/OLIMAR_Logo_COLOR.png\",\"contentUrl\":\"https:\/\/blog.olimar.de\/wp-content\/uploads\/2021\/01\/OLIMAR_Logo_COLOR.png\",\"width\":2000,\"height\":986,\"caption\":\"OLIMAR Reisen\"},\"image\":{\"@id\":\"https:\/\/blog.olimar.de\/#\/schema\/logo\/image\/\"},\"sameAs\":[\"https:\/\/www.facebook.com\/OlimarReisen\",\"https:\/\/x.com\/olimarrreisen\",\"https:\/\/www.instagram.com\/olimarreisen\",\"https:\/\/www.youtube.com\/user\/olimarreisen\"]}]}<\/script>\n<!-- \/ Yoast SEO plugin. -->","yoast_head_json":{"title":"Wandern Rota Vicentina - Almograve >> Zambujeira do Mar","description":"Unsere Kollegin ist auf dem Fischerpfad der Rota Vicentina von Almograve bis Zambujeira do Mar gewandert und schildert ihre Eindr\u00fccke.","robots":{"index":"index","follow":"follow","max-snippet":"max-snippet:-1","max-image-preview":"max-image-preview:large","max-video-preview":"max-video-preview:-1"},"canonical":"https:\/\/blog.olimar.de\/rota-vicentina-almograve-zambujeira\/","og_locale":"de_DE","og_type":"article","og_title":"Wandern Rota Vicentina - Almograve >> Zambujeira do Mar","og_description":"Unsere Kollegin ist auf dem Fischerpfad der Rota Vicentina von Almograve bis Zambujeira do Mar gewandert und schildert ihre Eindr\u00fccke.","og_url":"https:\/\/blog.olimar.de\/rota-vicentina-almograve-zambujeira\/","article_publisher":"https:\/\/www.facebook.com\/OlimarReisen","article_published_time":"2016-10-09T14:36:17+00:00","article_modified_time":"2017-02-05T21:02:35+00:00","og_image":[{"width":1000,"height":750,"url":"https:\/\/i2.wp.com\/blog.olimar.de\/wp-content\/uploads\/2016\/10\/IMG_1087-e1518802289526.jpg?fit=1000%2C750&ssl=1","type":"image\/jpeg"}],"author":"Katharina","twitter_misc":{"Verfasst von":"Katharina","Gesch\u00e4tzte Lesezeit":"3\u00a0Minuten"},"schema":{"@context":"https:\/\/schema.org","@graph":[{"@type":"WebPage","@id":"https:\/\/blog.olimar.de\/rota-vicentina-almograve-zambujeira\/","url":"https:\/\/blog.olimar.de\/rota-vicentina-almograve-zambujeira\/","name":"Wandern Rota Vicentina - Almograve >> Zambujeira do Mar","isPartOf":{"@id":"https:\/\/blog.olimar.de\/#website"},"primaryImageOfPage":{"@id":"https:\/\/blog.olimar.de\/rota-vicentina-almograve-zambujeira\/#primaryimage"},"image":{"@id":"https:\/\/blog.olimar.de\/rota-vicentina-almograve-zambujeira\/#primaryimage"},"thumbnailUrl":"https:\/\/blog.olimar.de\/wp-content\/uploads\/2016\/10\/IMG_1087-e1518802289526.jpg","datePublished":"2016-10-09T14:36:17+00:00","dateModified":"2017-02-05T21:02:35+00:00","description":"Unsere Kollegin ist auf dem Fischerpfad der Rota Vicentina von Almograve bis Zambujeira do Mar gewandert und schildert ihre Eindr\u00fccke.","breadcrumb":{"@id":"https:\/\/blog.olimar.de\/rota-vicentina-almograve-zambujeira\/#breadcrumb"},"inLanguage":"de","potentialAction":[{"@type":"ReadAction","target":["https:\/\/blog.olimar.de\/rota-vicentina-almograve-zambujeira\/"]}]},{"@type":"ImageObject","inLanguage":"de","@id":"https:\/\/blog.olimar.de\/rota-vicentina-almograve-zambujeira\/#primaryimage","url":"https:\/\/blog.olimar.de\/wp-content\/uploads\/2016\/10\/IMG_1087-e1518802289526.jpg","contentUrl":"https:\/\/blog.olimar.de\/wp-content\/uploads\/2016\/10\/IMG_1087-e1518802289526.jpg","width":1000,"height":750,"caption":"Rota Vincente Wanderweg K\u00fcste"},{"@type":"BreadcrumbList","@id":"https:\/\/blog.olimar.de\/rota-vicentina-almograve-zambujeira\/#breadcrumb","itemListElement":[{"@type":"ListItem","position":1,"name":"Home","item":"https:\/\/blog.olimar.de\/"},{"@type":"ListItem","position":2,"name":"Alentejo","item":"https:\/\/blog.olimar.de\/tag\/alentejo\/"},{"@type":"ListItem","position":3,"name":"Wandern auf der Rota Vicentina &#8211; Almograve bis Zambujeira do Mar"}]},{"@type":"WebSite","@id":"https:\/\/blog.olimar.de\/#website","url":"https:\/\/blog.olimar.de\/","name":"OLIMAR.com","description":"","publisher":{"@id":"https:\/\/blog.olimar.de\/#organization"},"potentialAction":[{"@type":"SearchAction","target":{"@type":"EntryPoint","urlTemplate":"https:\/\/blog.olimar.de\/?s={search_term_string}"},"query-input":{"@type":"PropertyValueSpecification","valueRequired":true,"valueName":"search_term_string"}}],"inLanguage":"de"},{"@type":"Organization","@id":"https:\/\/blog.olimar.de\/#organization","name":"OLIMAR Reisen","url":"https:\/\/blog.olimar.de\/","logo":{"@type":"ImageObject","inLanguage":"de","@id":"https:\/\/blog.olimar.de\/#\/schema\/logo\/image\/","url":"https:\/\/blog.olimar.de\/wp-content\/uploads\/2021\/01\/OLIMAR_Logo_COLOR.png","contentUrl":"https:\/\/blog.olimar.de\/wp-content\/uploads\/2021\/01\/OLIMAR_Logo_COLOR.png","width":2000,"height":986,"caption":"OLIMAR Reisen"},"image":{"@id":"https:\/\/blog.olimar.de\/#\/schema\/logo\/image\/"},"sameAs":["https:\/\/www.facebook.com\/OlimarReisen","https:\/\/x.com\/olimarrreisen","https:\/\/www.instagram.com\/olimarreisen","https:\/\/www.youtube.com\/user\/olimarreisen"]}]}},"modified_by":"Katharina","jetpack_featured_media_url":"https:\/\/blog.olimar.de\/wp-content\/uploads\/2016\/10\/IMG_1087-e1518802289526.jpg","_links":{"self":[{"href":"https:\/\/blog.olimar.de\/wp-json\/wp\/v2\/posts\/7505","targetHints":{"allow":["GET"]}}],"collection":[{"href":"https:\/\/blog.olimar.de\/wp-json\/wp\/v2\/posts"}],"about":[{"href":"https:\/\/blog.olimar.de\/wp-json\/wp\/v2\/types\/post"}],"author":[{"embeddable":true,"href":"https:\/\/blog.olimar.de\/wp-json\/wp\/v2\/users\/1"}],"replies":[{"embeddable":true,"href":"https:\/\/blog.olimar.de\/wp-json\/wp\/v2\/comments?post=7505"}],"version-history":[{"count":20,"href":"https:\/\/blog.olimar.de\/wp-json\/wp\/v2\/posts\/7505\/revisions"}],"predecessor-version":[{"id":7978,"href":"https:\/\/blog.olimar.de\/wp-json\/wp\/v2\/posts\/7505\/revisions\/7978"}],"wp:featuredmedia":[{"embeddable":true,"href":"https:\/\/blog.olimar.de\/wp-json\/wp\/v2\/media\/7592"}],"wp:attachment":[{"href":"https:\/\/blog.olimar.de\/wp-json\/wp\/v2\/media?parent=7505"}],"wp:term":[{"taxonomy":"category","embeddable":true,"href":"https:\/\/blog.olimar.de\/wp-json\/wp\/v2\/categories?post=7505"},{"taxonomy":"post_tag","embeddable":true,"href":"https:\/\/blog.olimar.de\/wp-json\/wp\/v2\/tags?post=7505"}],"curies":[{"name":"wp","href":"https:\/\/api.w.org\/{rel}","templated":true}]}}