{"id":7524,"date":"2016-10-09T12:47:24","date_gmt":"2016-10-09T10:47:24","guid":{"rendered":"https:\/\/blog.olimar.de\/?p=7524"},"modified":"2023-02-05T11:06:48","modified_gmt":"2023-02-05T10:06:48","slug":"rota-vicentina-zambujeira-odeceixe","status":"publish","type":"post","link":"https:\/\/blog.olimar.de\/rota-vicentina-zambujeira-odeceixe\/","title":{"rendered":"Wandern auf der Rota Vicentina &#8211; Zambujeira do Mar bis Odeceixe"},"content":{"rendered":"\n<p>Anfang Oktober unternahm ich die erste Wanderreise meines Lebens: \u201ePanoramawandern entlang der Rota Vicentina\u201c aus dem OLIMAR Reisen Programm. Informationen zu dem Weitwanderweg Rota Vicentina und meine gesammelten Eindr\u00fccke und das abschlie\u00dfende Fazit befinden sich <a href=\"https:\/\/blog.olimar.de\/rota-vicentina\/\">hier<\/a>.<\/p>\n<p><strong>Fortsetzung<\/strong><\/p>\n\n\n\n<h2>Etappe 2: Zambujeira do Mar &#8211; Odeceixe<\/h2>\n<p>Diese 20 Kilometer lange Etappe habe ich als besonders abwechslungsreich empfunden. Der Fischerpfad passiert hier <strong>zahlreiche herrliche Sandbuchten<\/strong>, beispielsweise den besonders gro\u00dfen Praia dos Machados.<\/p>\n\n\n<div class=\"wp-block-image\">\n<figure class=\"alignleft\"><img loading=\"lazy\" decoding=\"async\" width=\"1024\" height=\"768\" src=\"https:\/\/blog.olimar.de\/wp-content\/uploads\/2016\/10\/Praia-da-Zambujeira-do-Mar-1024x768.jpg\" alt=\"Praia da Zambujeira do Mar an der Rota Vicentina\" class=\"wp-image-7531\" srcset=\"https:\/\/blog.olimar.de\/wp-content\/uploads\/2016\/10\/Praia-da-Zambujeira-do-Mar-1024x768.jpg 1024w, https:\/\/blog.olimar.de\/wp-content\/uploads\/2016\/10\/Praia-da-Zambujeira-do-Mar-300x225.jpg 300w, https:\/\/blog.olimar.de\/wp-content\/uploads\/2016\/10\/Praia-da-Zambujeira-do-Mar-768x576.jpg 768w\" sizes=\"auto, (max-width: 1024px) 100vw, 1024px\" \/><figcaption class=\"wp-element-caption\">Praia da Zambujeira do Mar<\/figcaption><\/figure>\n<\/div>\n\n\n<p class=\"wp-block-paragraph\"><\/p>\n\n\n<div class=\"wp-block-image\">\n<figure class=\"alignleft\"><img loading=\"lazy\" decoding=\"async\" width=\"1024\" height=\"414\" src=\"https:\/\/blog.olimar.de\/wp-content\/uploads\/2016\/10\/Blick-auf-Praia-dos-Machados-1024x414.jpg\" alt=\"Blick auf Praia dos Machados an der Rota Vicentina\" class=\"wp-image-7535\" srcset=\"https:\/\/blog.olimar.de\/wp-content\/uploads\/2016\/10\/Blick-auf-Praia-dos-Machados-1024x414.jpg 1024w, https:\/\/blog.olimar.de\/wp-content\/uploads\/2016\/10\/Blick-auf-Praia-dos-Machados-300x121.jpg 300w, https:\/\/blog.olimar.de\/wp-content\/uploads\/2016\/10\/Blick-auf-Praia-dos-Machados-768x311.jpg 768w\" sizes=\"auto, (max-width: 1024px) 100vw, 1024px\" \/><figcaption class=\"wp-element-caption\">Menschenleerer Praia dos Machados<\/figcaption><\/figure>\n<\/div>\n\n<div class=\"wp-block-image\">\n<figure class=\"alignleft\"><img loading=\"lazy\" decoding=\"async\" width=\"1024\" height=\"768\" src=\"https:\/\/blog.olimar.de\/wp-content\/uploads\/2016\/10\/Beim-Praia-dos-Machados-2-1024x768.jpg\" alt=\"Beim Praia dos Machados an der Rota Vicentina\" class=\"wp-image-7534\"\/><figcaption class=\"wp-element-caption\">Wanderweg am Praia dos Machados<\/figcaption><\/figure>\n<\/div>\n\n<div class=\"wp-block-image\">\n<figure class=\"alignleft\"><img loading=\"lazy\" decoding=\"async\" width=\"1024\" height=\"768\" src=\"https:\/\/blog.olimar.de\/wp-content\/uploads\/2016\/10\/Praia-da-Am\u00e1lia-2-1024x768.jpg\" alt=\"Praia da Amalia K\u00fcste Strand an der Rota Vicentina\" class=\"wp-image-7533\" srcset=\"https:\/\/blog.olimar.de\/wp-content\/uploads\/2016\/10\/Praia-da-Am\u00e1lia-2-1024x768.jpg 1024w, https:\/\/blog.olimar.de\/wp-content\/uploads\/2016\/10\/Praia-da-Am\u00e1lia-2-300x225.jpg 300w, https:\/\/blog.olimar.de\/wp-content\/uploads\/2016\/10\/Praia-da-Am\u00e1lia-2-768x576.jpg 768w\" sizes=\"auto, (max-width: 1024px) 100vw, 1024px\" \/><figcaption class=\"wp-element-caption\">Blick auf Praia da Amalia<\/figcaption><\/figure>\n<\/div>\n\n<div class=\"wp-block-image\">\n<figure class=\"alignleft\"><img loading=\"lazy\" decoding=\"async\" width=\"1024\" height=\"304\" src=\"https:\/\/blog.olimar.de\/wp-content\/uploads\/2016\/10\/Zwischen-den-Str\u00e4nden-Machados-und-Am\u00e1lia-1024x304.jpg\" alt=\"Zwischen den Str\u00e4nden Machados Amalia an der Rota Vicentina\" class=\"wp-image-7532\" srcset=\"https:\/\/blog.olimar.de\/wp-content\/uploads\/2016\/10\/Zwischen-den-Str\u00e4nden-Machados-und-Am\u00e1lia-1024x304.jpg 1024w, https:\/\/blog.olimar.de\/wp-content\/uploads\/2016\/10\/Zwischen-den-Str\u00e4nden-Machados-und-Am\u00e1lia-300x89.jpg 300w, https:\/\/blog.olimar.de\/wp-content\/uploads\/2016\/10\/Zwischen-den-Str\u00e4nden-Machados-und-Am\u00e1lia-768x228.jpg 768w\" sizes=\"auto, (max-width: 1024px) 100vw, 1024px\" \/><figcaption class=\"wp-element-caption\">Wanderweg zwischen Zweier Str\u00e4nden <\/figcaption><\/figure>\n<\/div>\n\n\n<p>Badesachen sollten bei gutem Wetter auf alle F\u00e4lle griffbereit sein. Am Praia da Am\u00e1lia m\u00fcndet sogar ein rauschender Wasserfall am Strand &#8211; ein toller Anblick!<\/p>\n\n\n<div class=\"wp-block-image\">\n<figure class=\"alignleft\"><img loading=\"lazy\" decoding=\"async\" width=\"1024\" height=\"428\" src=\"https:\/\/blog.olimar.de\/wp-content\/uploads\/2016\/10\/Praia-da-Am\u00e1lia-1024x428.jpg\" alt=\"Meer und Strand Praia da Amalia an der Rota Vicentina\" class=\"wp-image-7540\" srcset=\"https:\/\/blog.olimar.de\/wp-content\/uploads\/2016\/10\/Praia-da-Am\u00e1lia-1024x428.jpg 1024w, https:\/\/blog.olimar.de\/wp-content\/uploads\/2016\/10\/Praia-da-Am\u00e1lia-300x125.jpg 300w, https:\/\/blog.olimar.de\/wp-content\/uploads\/2016\/10\/Praia-da-Am\u00e1lia-768x321.jpg 768w\" sizes=\"auto, (max-width: 1024px) 100vw, 1024px\" \/><figcaption class=\"wp-element-caption\">Strand Praia da Amalia<\/figcaption><\/figure>\n<\/div>\n\n\n<p>Auf der H\u00e4lfte der Etappe l\u00e4sst sich im <strong>Restaurante Azenha do Mar sehr gut und typisch portugiesisch<\/strong> (Bestellungen sind hier an der Theke aufzugeben) einkehren. Gest\u00e4rkt kann so auch der folgende etwas anstrengendere Aufstieg gut bew\u00e4ltigt werden.<\/p>\n\n\n<div class=\"wp-block-image\">\n<figure class=\"alignleft\"><img loading=\"lazy\" decoding=\"async\" width=\"1024\" height=\"768\" src=\"https:\/\/blog.olimar.de\/wp-content\/uploads\/2016\/10\/Restaurante-Azenha-do-Mar-1024x768.jpg\" alt=\"Restaurante Azenha do Mar an der Rota Vicentina\" class=\"wp-image-7541\" srcset=\"https:\/\/blog.olimar.de\/wp-content\/uploads\/2016\/10\/Restaurante-Azenha-do-Mar-1024x768.jpg 1024w, https:\/\/blog.olimar.de\/wp-content\/uploads\/2016\/10\/Restaurante-Azenha-do-Mar-300x225.jpg 300w, https:\/\/blog.olimar.de\/wp-content\/uploads\/2016\/10\/Restaurante-Azenha-do-Mar-768x576.jpg 768w\" sizes=\"auto, (max-width: 1024px) 100vw, 1024px\" \/><figcaption class=\"wp-element-caption\">Restaurante Azenha do Mar an der Rota Vicentina<\/figcaption><\/figure>\n<\/div>\n\n<div class=\"wp-block-image\">\n<figure class=\"alignleft\"><img loading=\"lazy\" decoding=\"async\" width=\"768\" height=\"1024\" src=\"https:\/\/blog.olimar.de\/wp-content\/uploads\/2016\/10\/Aufstieg-hinter-Azenha-do-Mar-768x1024.jpg\" alt=\"Aufstieg hinter Azenha do Mar auf der Rota Vicentina\" class=\"wp-image-7536\" srcset=\"https:\/\/blog.olimar.de\/wp-content\/uploads\/2016\/10\/Aufstieg-hinter-Azenha-do-Mar-768x1024.jpg 768w, https:\/\/blog.olimar.de\/wp-content\/uploads\/2016\/10\/Aufstieg-hinter-Azenha-do-Mar-225x300.jpg 225w, https:\/\/blog.olimar.de\/wp-content\/uploads\/2016\/10\/Aufstieg-hinter-Azenha-do-Mar-420x560.jpg 420w\" sizes=\"auto, (max-width: 768px) 100vw, 768px\" \/><figcaption class=\"wp-element-caption\">Aufstieg hinter Azenha do Mar<\/figcaption><\/figure>\n<\/div>\n\n\n<p class=\"wp-block-paragraph\"> <\/p>\n\n\n\n<p>Eines meiner Tageshighlights: Vor mir auf dem Sandpfad entdecke ich pl\u00f6tzlich eine kleine Schlange. Sie l\u00e4sst mich noch schnell ein Foto knipsen, bevor sie im n\u00e4chsten Busch verschwindet.<\/p>\n\n\n<div class=\"wp-block-image\">\n<figure class=\"alignleft\"><img loading=\"lazy\" decoding=\"async\" width=\"1024\" height=\"641\" src=\"https:\/\/blog.olimar.de\/wp-content\/uploads\/2016\/10\/Schlange-Rota-Vicentina-1024x641.jpg\" alt=\"Schlange Wanderweg Rota Vicentina\" class=\"wp-image-7527\" srcset=\"https:\/\/blog.olimar.de\/wp-content\/uploads\/2016\/10\/Schlange-Rota-Vicentina-1024x641.jpg 1024w, https:\/\/blog.olimar.de\/wp-content\/uploads\/2016\/10\/Schlange-Rota-Vicentina-300x188.jpg 300w, https:\/\/blog.olimar.de\/wp-content\/uploads\/2016\/10\/Schlange-Rota-Vicentina-768x481.jpg 768w\" sizes=\"auto, (max-width: 1024px) 100vw, 1024px\" \/><figcaption class=\"wp-element-caption\">Schlange auf dem Wanderweg<\/figcaption><\/figure>\n<\/div>\n\n\n<p>Rund vier Kilometer vor dem Tagesziel, dem \u00d6rtchen Odeceixe, trifft der Fischerpfad auf einen wunderbaren Aussichtspunkt: Der Fluss Seixe, der als Grenze zwischen Alentejo im Norden und Algarve im S\u00fcden gilt, m\u00fcndet hier in einer eleganten Schleife im Atlantik. Der herrliche Sandstrand wird dadurch von beiden Seiten von Wasser umsp\u00fclt. Er gilt er als einer der sch\u00f6nsten und beliebtesten Str\u00e4nde der Westalgarve.<\/p>\n\n\n<div class=\"wp-block-image\">\n<figure class=\"alignleft\"><img loading=\"lazy\" decoding=\"async\" width=\"1024\" height=\"332\" src=\"https:\/\/blog.olimar.de\/wp-content\/uploads\/2016\/10\/Panorama-Praia-Odeceixe-1-1024x332.jpg\" alt=\"Panorama Praia Odeceixe an der Rota Vicentina\" class=\"wp-image-7530\" srcset=\"https:\/\/blog.olimar.de\/wp-content\/uploads\/2016\/10\/Panorama-Praia-Odeceixe-1-1024x332.jpg 1024w, https:\/\/blog.olimar.de\/wp-content\/uploads\/2016\/10\/Panorama-Praia-Odeceixe-1-300x97.jpg 300w, https:\/\/blog.olimar.de\/wp-content\/uploads\/2016\/10\/Panorama-Praia-Odeceixe-1-768x249.jpg 768w\" sizes=\"auto, (max-width: 1024px) 100vw, 1024px\" \/><figcaption class=\"wp-element-caption\">Panorama Praia Odeceixe <\/figcaption><\/figure>\n<\/div>\n\n\n<p>Weiter geht&#8217;s am m\u00e4andernden Fluss entlang bis in das am Hang gelegene<strong> Kleinst\u00e4dtchen Odeceixe<\/strong>. Hier laufe ich durch die kleinen Gassen und Pl\u00e4tze immer bergauf Richtung Windm\u00fchle. Denn dort befindet sich die Unterkunft f\u00fcr die n\u00e4chsten zwei N\u00e4chte: die <a href=\"https:\/\/rms.olimar.de\/code\/FAO051\" rel=\"noopener\">Casas do Moinho<\/a> (&#8220;M\u00fchlenh\u00e4user&#8221;). Sie besteht aus vielen verschiedenen, am Hang verteilten kleinen (Reihen-)H\u00e4usern. Diese sind gar nicht als Touristen-Unterkunft auszumachen, denn sie f\u00fcgen sich unauff\u00e4llig-harmonisch in die Nachbarschaft ein.<\/p>\n<p>Am Abend werde ich von den betagten einheimischen Nachbarn begr\u00fc\u00dft, die vor ihrer Haust\u00fcr sitzen und ein Pl\u00e4uschchen halten. Hinter dem <strong>Haupt-Geb\u00e4ude des Casas do Moinho<\/strong> gibt es einen herrliche Poolbereich mit Windm\u00fchlen-Blick. Dort wird morgens auch ein phantastisches Fr\u00fchst\u00fccksbuffet serviert.<\/p>\n\n\n<div class=\"wp-block-image\">\n<figure class=\"alignleft\"><img loading=\"lazy\" decoding=\"async\" width=\"1024\" height=\"768\" src=\"https:\/\/blog.olimar.de\/wp-content\/uploads\/2016\/10\/H\u00e4user-in-Odeceixe-1-1024x768.jpg\" alt=\"H\u00e4user in Odeceixe an der Rota Vicentina\" class=\"wp-image-7526\" srcset=\"https:\/\/blog.olimar.de\/wp-content\/uploads\/2016\/10\/H\u00e4user-in-Odeceixe-1-1024x768.jpg 1024w, https:\/\/blog.olimar.de\/wp-content\/uploads\/2016\/10\/H\u00e4user-in-Odeceixe-1-300x225.jpg 300w, https:\/\/blog.olimar.de\/wp-content\/uploads\/2016\/10\/H\u00e4user-in-Odeceixe-1-768x576.jpg 768w\" sizes=\"auto, (max-width: 1024px) 100vw, 1024px\" \/><figcaption class=\"wp-element-caption\">H\u00e4user in Odeceixe<\/figcaption><\/figure>\n<\/div>\n\n<div class=\"wp-block-image\">\n<figure class=\"alignleft\"><img loading=\"lazy\" decoding=\"async\" width=\"768\" height=\"1024\" src=\"https:\/\/blog.olimar.de\/wp-content\/uploads\/2016\/10\/IMG_1372-768x1024.jpg\" alt=\"Pool im Hotel Wanderung Rota Vincentina\" class=\"wp-image-7464\" srcset=\"https:\/\/blog.olimar.de\/wp-content\/uploads\/2016\/10\/IMG_1372-768x1024.jpg 768w, https:\/\/blog.olimar.de\/wp-content\/uploads\/2016\/10\/IMG_1372-225x300.jpg 225w, https:\/\/blog.olimar.de\/wp-content\/uploads\/2016\/10\/IMG_1372-420x560.jpg 420w\" sizes=\"auto, (max-width: 768px) 100vw, 768px\" \/><figcaption class=\"wp-element-caption\">Pool im Hotel <\/figcaption><\/figure>\n<\/div>\n\n\n<p class=\"wp-block-paragraph\"> <\/p>\n\n\n\n<p>Am Abend hat man in Odeceixe die Wahl zwischen vielen ausgezeichneten kleinen Restaurants. Allerdings bedarf es daf\u00fcr einem letzten inneren Motivationsschub, denn der Weg f\u00fchrt wieder ungef\u00e4hr 10 Minuten steil den Berg hinab &#8211; nach dem Essen also wieder steil hinauf zur Unterkunft.<\/p>\n\n\n\n<p>Am n\u00e4chsten Tag habe ich laut Tourenbeschreibung die Wahl: Entweder eine kurze, 9 km lange Rundwanderung, oder: ein sonniger, entspannter Strandtag am Praia de Odeceixe. Ich entscheide mich f\u00fcr Letzteres, denn nach 45 gewanderten Kilometern schreit mein K\u00f6rper nach Erholung.<\/p>\n\n\n\n<p><\/p>\n<p class=\"wp-block-paragraph\"><strong>Weiterlesen: <a href=\"https:\/\/blog.olimar.de\/rota-vicentina-odeceixe-aljezur\/\">Etappe 3: Odeceixe bis Aljezur<\/a><\/strong><\/p>\n<p> <\/p>\n<p class=\"wp-block-paragraph\"><strong>Vorherige Tour: <a href=\"https:\/\/blog.olimar.de\/rota-vicentina-almograve-zambujeira\/\">Etappe 1: Almograve bis Zambujeira do Mar<\/a><\/strong><\/p>\n<p><\/p>\n\n\n\n<div style=\"height:50px\" aria-hidden=\"true\" class=\"wp-block-spacer\"><\/div>\n\n\n\n<div class=\"wp-block-buttons is-layout-flex wp-block-buttons-is-layout-flex\">\n<div class=\"wp-block-button\"><a class=\"wp-block-button__link wp-element-button\" href=\"https:\/\/www.olimar.de\/hotellistung\/\">Jetzt Urlaubsangebote finden und buchen<\/a><\/div>\n<\/div>\n\n\n\n<div style=\"height:100px\" aria-hidden=\"true\" class=\"wp-block-spacer\"><\/div>\n","protected":false},"excerpt":{"rendered":"<p>Anfang Oktober unternahm ich die erste Wanderreise meines Lebens: \u201ePanoramawandern entlang der Rota Vicentina\u201c aus dem OLIMAR Reisen Programm. Informationen zu dem Weitwanderweg Rota Vicentina und meine gesammelten Eindr\u00fccke und das abschlie\u00dfende Fazit befinden sich hier. Fortsetzung Etappe 2: Zambujeira do Mar &#8211; Odeceixe Diese 20 Kilometer lange Etappe habe ich als besonders abwechslungsreich empfunden. Der Fischerpfad passiert hier zahlreiche herrliche Sandbuchten, beispielsweise den besonders gro\u00dfen Praia dos Machados. Badesachen sollten bei gutem Wetter auf alle F\u00e4lle griffbereit sein. Am Praia da Am\u00e1lia m\u00fcndet sogar ein rauschender Wasserfall am Strand &#8211; ein toller Anblick! Auf der H\u00e4lfte der Etappe l\u00e4sst sich &hellip;<\/p>\n","protected":false},"author":1,"featured_media":7599,"comment_status":"open","ping_status":"open","sticky":false,"template":"","format":"standard","meta":{"_crdt_document":"","_lmt_disableupdate":"","_lmt_disable":"","footnotes":""},"categories":[29],"tags":[22,24,34],"class_list":["post-7524","post","type-post","status-publish","format-standard","has-post-thumbnail","hentry","category-aktiv-natur","tag-alentejo","tag-algarve","tag-portugal"],"yoast_head":"<!-- This site is optimized with the Yoast SEO plugin v26.9 - https:\/\/yoast.com\/product\/yoast-seo-wordpress\/ -->\n<title>Rota Vicentina: Von Zambujeira do Mar bis Aljezur<\/title>\n<meta name=\"description\" content=\"Unsere Autorin folgte dem Fischerpfad der Rota Vicentina von Zambujeira do Mar bis ins Grenzst\u00e4dtchen zwischen Alentejo und Algarve namens Aljezur.\" \/>\n<meta name=\"robots\" content=\"index, follow, max-snippet:-1, max-image-preview:large, max-video-preview:-1\" \/>\n<link rel=\"canonical\" href=\"https:\/\/blog.olimar.de\/rota-vicentina-zambujeira-odeceixe\/\" \/>\n<meta property=\"og:locale\" content=\"de_DE\" \/>\n<meta property=\"og:type\" content=\"article\" \/>\n<meta property=\"og:title\" content=\"Rota Vicentina: Von Zambujeira do Mar bis Aljezur\" \/>\n<meta property=\"og:description\" content=\"Unsere Autorin folgte dem Fischerpfad der Rota Vicentina von Zambujeira do Mar bis ins Grenzst\u00e4dtchen zwischen Alentejo und Algarve namens Aljezur.\" \/>\n<meta property=\"og:url\" content=\"https:\/\/blog.olimar.de\/rota-vicentina-zambujeira-odeceixe\/\" \/>\n<meta property=\"article:publisher\" content=\"https:\/\/www.facebook.com\/OlimarReisen\" \/>\n<meta property=\"article:published_time\" content=\"2016-10-09T10:47:24+00:00\" \/>\n<meta property=\"article:modified_time\" content=\"2023-02-05T10:06:48+00:00\" \/>\n<meta property=\"og:image\" content=\"https:\/\/blog.olimar.de\/wp-content\/uploads\/2016\/10\/Praia-dos-Alteirinhos-e1518802172567.jpg\" \/>\n\t<meta property=\"og:image:width\" content=\"1000\" \/>\n\t<meta property=\"og:image:height\" content=\"750\" \/>\n\t<meta property=\"og:image:type\" content=\"image\/jpeg\" \/>\n<meta name=\"author\" content=\"Katharina\" \/>\n<meta name=\"twitter:label1\" content=\"Verfasst von\" \/>\n\t<meta name=\"twitter:data1\" content=\"Katharina\" \/>\n\t<meta name=\"twitter:label2\" content=\"Gesch\u00e4tzte Lesezeit\" \/>\n\t<meta name=\"twitter:data2\" content=\"6\u00a0Minuten\" \/>\n<script type=\"application\/ld+json\" class=\"yoast-schema-graph\">{\"@context\":\"https:\/\/schema.org\",\"@graph\":[{\"@type\":\"WebPage\",\"@id\":\"https:\/\/blog.olimar.de\/rota-vicentina-zambujeira-odeceixe\/\",\"url\":\"https:\/\/blog.olimar.de\/rota-vicentina-zambujeira-odeceixe\/\",\"name\":\"Rota Vicentina: Von Zambujeira do Mar bis Aljezur\",\"isPartOf\":{\"@id\":\"https:\/\/blog.olimar.de\/#website\"},\"primaryImageOfPage\":{\"@id\":\"https:\/\/blog.olimar.de\/rota-vicentina-zambujeira-odeceixe\/#primaryimage\"},\"image\":{\"@id\":\"https:\/\/blog.olimar.de\/rota-vicentina-zambujeira-odeceixe\/#primaryimage\"},\"thumbnailUrl\":\"https:\/\/blog.olimar.de\/wp-content\/uploads\/2016\/10\/Praia-dos-Alteirinhos-e1518802172567.jpg\",\"datePublished\":\"2016-10-09T10:47:24+00:00\",\"dateModified\":\"2023-02-05T10:06:48+00:00\",\"description\":\"Unsere Autorin folgte dem Fischerpfad der Rota Vicentina von Zambujeira do Mar bis ins Grenzst\u00e4dtchen zwischen Alentejo und Algarve namens Aljezur.\",\"breadcrumb\":{\"@id\":\"https:\/\/blog.olimar.de\/rota-vicentina-zambujeira-odeceixe\/#breadcrumb\"},\"inLanguage\":\"de\",\"potentialAction\":[{\"@type\":\"ReadAction\",\"target\":[\"https:\/\/blog.olimar.de\/rota-vicentina-zambujeira-odeceixe\/\"]}]},{\"@type\":\"ImageObject\",\"inLanguage\":\"de\",\"@id\":\"https:\/\/blog.olimar.de\/rota-vicentina-zambujeira-odeceixe\/#primaryimage\",\"url\":\"https:\/\/blog.olimar.de\/wp-content\/uploads\/2016\/10\/Praia-dos-Alteirinhos-e1518802172567.jpg\",\"contentUrl\":\"https:\/\/blog.olimar.de\/wp-content\/uploads\/2016\/10\/Praia-dos-Alteirinhos-e1518802172567.jpg\",\"width\":1000,\"height\":750,\"caption\":\"Praia dos Alteirinhos Wanderweg\"},{\"@type\":\"BreadcrumbList\",\"@id\":\"https:\/\/blog.olimar.de\/rota-vicentina-zambujeira-odeceixe\/#breadcrumb\",\"itemListElement\":[{\"@type\":\"ListItem\",\"position\":1,\"name\":\"Home\",\"item\":\"https:\/\/blog.olimar.de\/\"},{\"@type\":\"ListItem\",\"position\":2,\"name\":\"Alentejo\",\"item\":\"https:\/\/blog.olimar.de\/tag\/alentejo\/\"},{\"@type\":\"ListItem\",\"position\":3,\"name\":\"Wandern auf der Rota Vicentina &#8211; Zambujeira do Mar bis Odeceixe\"}]},{\"@type\":\"WebSite\",\"@id\":\"https:\/\/blog.olimar.de\/#website\",\"url\":\"https:\/\/blog.olimar.de\/\",\"name\":\"OLIMAR.com\",\"description\":\"\",\"publisher\":{\"@id\":\"https:\/\/blog.olimar.de\/#organization\"},\"potentialAction\":[{\"@type\":\"SearchAction\",\"target\":{\"@type\":\"EntryPoint\",\"urlTemplate\":\"https:\/\/blog.olimar.de\/?s={search_term_string}\"},\"query-input\":{\"@type\":\"PropertyValueSpecification\",\"valueRequired\":true,\"valueName\":\"search_term_string\"}}],\"inLanguage\":\"de\"},{\"@type\":\"Organization\",\"@id\":\"https:\/\/blog.olimar.de\/#organization\",\"name\":\"OLIMAR Reisen\",\"url\":\"https:\/\/blog.olimar.de\/\",\"logo\":{\"@type\":\"ImageObject\",\"inLanguage\":\"de\",\"@id\":\"https:\/\/blog.olimar.de\/#\/schema\/logo\/image\/\",\"url\":\"https:\/\/blog.olimar.de\/wp-content\/uploads\/2021\/01\/OLIMAR_Logo_COLOR.png\",\"contentUrl\":\"https:\/\/blog.olimar.de\/wp-content\/uploads\/2021\/01\/OLIMAR_Logo_COLOR.png\",\"width\":2000,\"height\":986,\"caption\":\"OLIMAR Reisen\"},\"image\":{\"@id\":\"https:\/\/blog.olimar.de\/#\/schema\/logo\/image\/\"},\"sameAs\":[\"https:\/\/www.facebook.com\/OlimarReisen\",\"https:\/\/x.com\/olimarrreisen\",\"https:\/\/www.instagram.com\/olimarreisen\",\"https:\/\/www.youtube.com\/user\/olimarreisen\"]}]}<\/script>\n<!-- \/ Yoast SEO plugin. -->","yoast_head_json":{"title":"Rota Vicentina: Von Zambujeira do Mar bis Aljezur","description":"Unsere Autorin folgte dem Fischerpfad der Rota Vicentina von Zambujeira do Mar bis ins Grenzst\u00e4dtchen zwischen Alentejo und Algarve namens Aljezur.","robots":{"index":"index","follow":"follow","max-snippet":"max-snippet:-1","max-image-preview":"max-image-preview:large","max-video-preview":"max-video-preview:-1"},"canonical":"https:\/\/blog.olimar.de\/rota-vicentina-zambujeira-odeceixe\/","og_locale":"de_DE","og_type":"article","og_title":"Rota Vicentina: Von Zambujeira do Mar bis Aljezur","og_description":"Unsere Autorin folgte dem Fischerpfad der Rota Vicentina von Zambujeira do Mar bis ins Grenzst\u00e4dtchen zwischen Alentejo und Algarve namens Aljezur.","og_url":"https:\/\/blog.olimar.de\/rota-vicentina-zambujeira-odeceixe\/","article_publisher":"https:\/\/www.facebook.com\/OlimarReisen","article_published_time":"2016-10-09T10:47:24+00:00","article_modified_time":"2023-02-05T10:06:48+00:00","og_image":[{"width":1000,"height":750,"url":"https:\/\/blog.olimar.de\/wp-content\/uploads\/2016\/10\/Praia-dos-Alteirinhos-e1518802172567.jpg","type":"image\/jpeg"}],"author":"Katharina","twitter_misc":{"Verfasst von":"Katharina","Gesch\u00e4tzte Lesezeit":"6\u00a0Minuten"},"schema":{"@context":"https:\/\/schema.org","@graph":[{"@type":"WebPage","@id":"https:\/\/blog.olimar.de\/rota-vicentina-zambujeira-odeceixe\/","url":"https:\/\/blog.olimar.de\/rota-vicentina-zambujeira-odeceixe\/","name":"Rota Vicentina: Von Zambujeira do Mar bis Aljezur","isPartOf":{"@id":"https:\/\/blog.olimar.de\/#website"},"primaryImageOfPage":{"@id":"https:\/\/blog.olimar.de\/rota-vicentina-zambujeira-odeceixe\/#primaryimage"},"image":{"@id":"https:\/\/blog.olimar.de\/rota-vicentina-zambujeira-odeceixe\/#primaryimage"},"thumbnailUrl":"https:\/\/blog.olimar.de\/wp-content\/uploads\/2016\/10\/Praia-dos-Alteirinhos-e1518802172567.jpg","datePublished":"2016-10-09T10:47:24+00:00","dateModified":"2023-02-05T10:06:48+00:00","description":"Unsere Autorin folgte dem Fischerpfad der Rota Vicentina von Zambujeira do Mar bis ins Grenzst\u00e4dtchen zwischen Alentejo und Algarve namens Aljezur.","breadcrumb":{"@id":"https:\/\/blog.olimar.de\/rota-vicentina-zambujeira-odeceixe\/#breadcrumb"},"inLanguage":"de","potentialAction":[{"@type":"ReadAction","target":["https:\/\/blog.olimar.de\/rota-vicentina-zambujeira-odeceixe\/"]}]},{"@type":"ImageObject","inLanguage":"de","@id":"https:\/\/blog.olimar.de\/rota-vicentina-zambujeira-odeceixe\/#primaryimage","url":"https:\/\/blog.olimar.de\/wp-content\/uploads\/2016\/10\/Praia-dos-Alteirinhos-e1518802172567.jpg","contentUrl":"https:\/\/blog.olimar.de\/wp-content\/uploads\/2016\/10\/Praia-dos-Alteirinhos-e1518802172567.jpg","width":1000,"height":750,"caption":"Praia dos Alteirinhos Wanderweg"},{"@type":"BreadcrumbList","@id":"https:\/\/blog.olimar.de\/rota-vicentina-zambujeira-odeceixe\/#breadcrumb","itemListElement":[{"@type":"ListItem","position":1,"name":"Home","item":"https:\/\/blog.olimar.de\/"},{"@type":"ListItem","position":2,"name":"Alentejo","item":"https:\/\/blog.olimar.de\/tag\/alentejo\/"},{"@type":"ListItem","position":3,"name":"Wandern auf der Rota Vicentina &#8211; Zambujeira do Mar bis Odeceixe"}]},{"@type":"WebSite","@id":"https:\/\/blog.olimar.de\/#website","url":"https:\/\/blog.olimar.de\/","name":"OLIMAR.com","description":"","publisher":{"@id":"https:\/\/blog.olimar.de\/#organization"},"potentialAction":[{"@type":"SearchAction","target":{"@type":"EntryPoint","urlTemplate":"https:\/\/blog.olimar.de\/?s={search_term_string}"},"query-input":{"@type":"PropertyValueSpecification","valueRequired":true,"valueName":"search_term_string"}}],"inLanguage":"de"},{"@type":"Organization","@id":"https:\/\/blog.olimar.de\/#organization","name":"OLIMAR Reisen","url":"https:\/\/blog.olimar.de\/","logo":{"@type":"ImageObject","inLanguage":"de","@id":"https:\/\/blog.olimar.de\/#\/schema\/logo\/image\/","url":"https:\/\/blog.olimar.de\/wp-content\/uploads\/2021\/01\/OLIMAR_Logo_COLOR.png","contentUrl":"https:\/\/blog.olimar.de\/wp-content\/uploads\/2021\/01\/OLIMAR_Logo_COLOR.png","width":2000,"height":986,"caption":"OLIMAR Reisen"},"image":{"@id":"https:\/\/blog.olimar.de\/#\/schema\/logo\/image\/"},"sameAs":["https:\/\/www.facebook.com\/OlimarReisen","https:\/\/x.com\/olimarrreisen","https:\/\/www.instagram.com\/olimarreisen","https:\/\/www.youtube.com\/user\/olimarreisen"]}]}},"modified_by":"Lena Radermacher","jetpack_featured_media_url":"https:\/\/blog.olimar.de\/wp-content\/uploads\/2016\/10\/Praia-dos-Alteirinhos-e1518802172567.jpg","_links":{"self":[{"href":"https:\/\/blog.olimar.de\/wp-json\/wp\/v2\/posts\/7524","targetHints":{"allow":["GET"]}}],"collection":[{"href":"https:\/\/blog.olimar.de\/wp-json\/wp\/v2\/posts"}],"about":[{"href":"https:\/\/blog.olimar.de\/wp-json\/wp\/v2\/types\/post"}],"author":[{"embeddable":true,"href":"https:\/\/blog.olimar.de\/wp-json\/wp\/v2\/users\/1"}],"replies":[{"embeddable":true,"href":"https:\/\/blog.olimar.de\/wp-json\/wp\/v2\/comments?post=7524"}],"version-history":[{"count":24,"href":"https:\/\/blog.olimar.de\/wp-json\/wp\/v2\/posts\/7524\/revisions"}],"predecessor-version":[{"id":24469,"href":"https:\/\/blog.olimar.de\/wp-json\/wp\/v2\/posts\/7524\/revisions\/24469"}],"wp:featuredmedia":[{"embeddable":true,"href":"https:\/\/blog.olimar.de\/wp-json\/wp\/v2\/media\/7599"}],"wp:attachment":[{"href":"https:\/\/blog.olimar.de\/wp-json\/wp\/v2\/media?parent=7524"}],"wp:term":[{"taxonomy":"category","embeddable":true,"href":"https:\/\/blog.olimar.de\/wp-json\/wp\/v2\/categories?post=7524"},{"taxonomy":"post_tag","embeddable":true,"href":"https:\/\/blog.olimar.de\/wp-json\/wp\/v2\/tags?post=7524"}],"curies":[{"name":"wp","href":"https:\/\/api.w.org\/{rel}","templated":true}]}}