{"id":7548,"date":"2016-10-09T12:42:20","date_gmt":"2016-10-09T10:42:20","guid":{"rendered":"https:\/\/blog.olimar.de\/?p=7548"},"modified":"2016-11-11T09:34:34","modified_gmt":"2016-11-11T07:34:34","slug":"rota-vicentina-odeceixe-aljezur","status":"publish","type":"post","link":"https:\/\/blog.olimar.de\/rota-vicentina-odeceixe-aljezur\/","title":{"rendered":"Wandern auf der Rota Vicentina &#8211; Odeceixe bis Aljezur (plus Praia da Amoreira)"},"content":{"rendered":"<p style=\"text-align: justify;\">Anfang Oktober unternahm ich die erste Wanderreise meines Lebens: \u201ePanoramawandern entlang der Rota Vicentina\u201c aus dem OLIMAR Reisen Programm. Informationen zu dem Weitwanderweg Rota Vicentina und meine gesammelten Eindr\u00fccke und das abschlie\u00dfende Fazit befinden sich <a href=\"https:\/\/blog.olimar.de\/rota-vicentina\/\">hier<\/a>.<\/p>\n<p style=\"text-align: justify;\"><strong>Fortsetzung<\/strong><\/p>\n<h3 style=\"text-align: justify;\"><strong>Etappe 3: Odeceixe &#8211; Aljezur (plus Abstecher Praia da Amoreira)<\/strong><\/h3>\n<p style=\"text-align: justify;\">Diese insgesamt 24 Kilometer lange Etappe f\u00fchrt die ersten rund 12 Kilometer ausschlie\u00dflich fernab des Atlantiks an einem rund zwei Meter breiten Bew\u00e4sserungskanal entlang. Ich folge hier den wei\u00df-roten Markierungen, denn es handelt sich um eine Etappe des historischen Weges. Das Wasser ist glasklar und man kann gelegentlich kleine Fische darin entdecken. Au\u00dferdem h\u00fcpfen alle paar Meter vor mir kleine Fr\u00f6sche vom Rand ins Wasser hinein.<\/p>\n<p style=\"text-align: justify;\"><img loading=\"lazy\" decoding=\"async\" class=\"alignleft wp-image-7549 size-large\" src=\"https:\/\/blog.olimar.de\/wp-content\/uploads\/2016\/10\/Kanal-1024x768.jpg\" alt=\"kanal Wanderweg Rota Vincentina\" width=\"840\" height=\"630\" srcset=\"https:\/\/blog.olimar.de\/wp-content\/uploads\/2016\/10\/Kanal-1024x768.jpg 1024w, https:\/\/blog.olimar.de\/wp-content\/uploads\/2016\/10\/Kanal-300x225.jpg 300w, https:\/\/blog.olimar.de\/wp-content\/uploads\/2016\/10\/Kanal-768x576.jpg 768w\" sizes=\"auto, (max-width: 840px) 100vw, 840px\" \/> <img loading=\"lazy\" decoding=\"async\" class=\"alignleft wp-image-7550 size-large\" src=\"https:\/\/blog.olimar.de\/wp-content\/uploads\/2016\/10\/Pferde-Historischer-Weg-Rota-Vicentina-1024x768.jpg\" alt=\"Pferde historischer Wander Weg Rota Vicentina\" width=\"840\" height=\"630\" srcset=\"https:\/\/blog.olimar.de\/wp-content\/uploads\/2016\/10\/Pferde-Historischer-Weg-Rota-Vicentina-1024x768.jpg 1024w, https:\/\/blog.olimar.de\/wp-content\/uploads\/2016\/10\/Pferde-Historischer-Weg-Rota-Vicentina-300x225.jpg 300w, https:\/\/blog.olimar.de\/wp-content\/uploads\/2016\/10\/Pferde-Historischer-Weg-Rota-Vicentina-768x576.jpg 768w\" sizes=\"auto, (max-width: 840px) 100vw, 840px\" \/><\/p>\n<p style=\"text-align: justify;\">Nach rund zehn Kilometern passiert der Weg den Ort Rogil. Hier treffe ich auf so viele ge\u00f6ffnete und gut besuchte Caf\u00e9s, wie in der Woche an allen Tagen zusammen nicht. Perfekt also f\u00fcr ein zweites Fr\u00fchst\u00fcck in einem schattigen Garten-Caf\u00e9 (&#8220;Museu da Batata Doce&#8221;), als Belohnung f\u00fcr die heute vergleichsweise etwas langweilig startende Etappe.<\/p>\n<p style=\"text-align: justify;\">Circa zwei Kilometer hinter Rogil an einer Gabelung entscheide ich mich f\u00fcr einen Abstecher auf den Fischerpfad. Denn dadurch habe ich die M\u00f6glichkeit, einen weiteren wundersch\u00f6nen Strand kennen zu lernen: den Praia da Amoreira. Ebenfalls an einer Flussm\u00fcndung gelegen und mit zwei empfehlenswerten Strand-Restaurants ausgestattet. Der Weg dorthin f\u00fchrt wieder durch eine wunderbare D\u00fcnenlandschaft entlang des Atlantiks, begleitet vom immer lauter werdenden Rauschen der Wellen.<\/p>\n<p style=\"text-align: justify;\"><img loading=\"lazy\" decoding=\"async\" class=\"alignleft wp-image-7551 size-large\" src=\"https:\/\/blog.olimar.de\/wp-content\/uploads\/2016\/10\/IMG_1462-1024x768.jpg\" alt=\"K\u00fcste Brandung Felsen Rota Vincentina\" width=\"840\" height=\"630\" srcset=\"https:\/\/blog.olimar.de\/wp-content\/uploads\/2016\/10\/IMG_1462-1024x768.jpg 1024w, https:\/\/blog.olimar.de\/wp-content\/uploads\/2016\/10\/IMG_1462-300x225.jpg 300w, https:\/\/blog.olimar.de\/wp-content\/uploads\/2016\/10\/IMG_1462-768x576.jpg 768w\" sizes=\"auto, (max-width: 840px) 100vw, 840px\" \/> <img loading=\"lazy\" decoding=\"async\" class=\"alignleft wp-image-7552 size-large\" src=\"https:\/\/blog.olimar.de\/wp-content\/uploads\/2016\/10\/IMG_1473-1024x358.jpg\" alt=\"Panorama Bild K\u00fcste Portugal\" width=\"840\" height=\"294\" srcset=\"https:\/\/blog.olimar.de\/wp-content\/uploads\/2016\/10\/IMG_1473-1024x358.jpg 1024w, https:\/\/blog.olimar.de\/wp-content\/uploads\/2016\/10\/IMG_1473-300x105.jpg 300w, https:\/\/blog.olimar.de\/wp-content\/uploads\/2016\/10\/IMG_1473-768x269.jpg 768w\" sizes=\"auto, (max-width: 840px) 100vw, 840px\" \/><\/p>\n<p style=\"text-align: justify;\"><img loading=\"lazy\" decoding=\"async\" class=\"alignleft wp-image-7553 size-large\" src=\"https:\/\/blog.olimar.de\/wp-content\/uploads\/2016\/10\/IMG_1476-1024x768.jpg\" alt=\"Caf\u00e9 entlang Rota Vincentina Ausblick Meer \" width=\"840\" height=\"630\" srcset=\"https:\/\/blog.olimar.de\/wp-content\/uploads\/2016\/10\/IMG_1476-1024x768.jpg 1024w, https:\/\/blog.olimar.de\/wp-content\/uploads\/2016\/10\/IMG_1476-300x225.jpg 300w, https:\/\/blog.olimar.de\/wp-content\/uploads\/2016\/10\/IMG_1476-768x576.jpg 768w\" sizes=\"auto, (max-width: 840px) 100vw, 840px\" \/><\/p>\n<p style=\"text-align: justify;\">Ich verbringe eine mehrst\u00fcndige Mittagspause am Strand\u00a0 und auf der Terrasse des Restaurants Paraiso do Mar und trete dann den Weg landeinw\u00e4rts Richtung Tagesziel Aljezur an. Es geht haupts\u00e4chlich \u00fcber Schotterwege durch eine sehr abwechslungsreiche, gr\u00fcne Landschaft. Auch treffe ich auf die erste langgezogene Steigung, die mich m\u00e4chtig ins Schwitzen bringt. Denn auch von Schatten ist weit und breit keine Spur.<\/p>\n<p style=\"text-align: justify;\">Von der Bergkuppe aus kann ich dann erstmals einen Blick auf das wei\u00dfe Burg-St\u00e4dtchen Aljezur werfen. Ringsum saftig gr\u00fcne H\u00fcgel, landwirtschaftlich genutzte T\u00e4ler und au\u00dferdem in der Ferne die Berge der Serra de Monchique.<\/p>\n<p style=\"text-align: justify;\"><img loading=\"lazy\" decoding=\"async\" class=\"alignleft wp-image-7554 size-large\" src=\"https:\/\/blog.olimar.de\/wp-content\/uploads\/2016\/10\/IMG_1487-1024x768.jpg\" alt=\"Rota Vincentina Wanderung\" width=\"840\" height=\"630\" srcset=\"https:\/\/blog.olimar.de\/wp-content\/uploads\/2016\/10\/IMG_1487-1024x768.jpg 1024w, https:\/\/blog.olimar.de\/wp-content\/uploads\/2016\/10\/IMG_1487-300x225.jpg 300w, https:\/\/blog.olimar.de\/wp-content\/uploads\/2016\/10\/IMG_1487-768x576.jpg 768w\" sizes=\"auto, (max-width: 840px) 100vw, 840px\" \/><\/p>\n<p style=\"text-align: justify;\">Das Aparthotel Vicentina in der &#8220;Neustadt&#8221; Aljezurs ist meine Unterkunft f\u00fcr die n\u00e4chsten zwei N\u00e4chte. Von hier aus hat man einen sch\u00f6nen Ausblick auf die maurische Burgruine auf dem gegen\u00fcberliegenden Festungsberg.<\/p>\n<p style=\"text-align: justify;\"><strong>Weiterlesen: <a href=\"https:\/\/blog.olimar.de\/rota-vicentina-aljezur-arrifana\/\">Etappe 4: Aljezur bis Arrifana<\/a><\/strong><\/p>\n<p style=\"text-align: justify;\"><strong>Vorherige Tour: <a href=\"https:\/\/blog.olimar.de\/rota-vicentina-zambujeira-odeceixe\/\">Etappe 2: Zambujeira do Mar bis Odeceixe<\/a><\/strong><\/p>\n","protected":false},"excerpt":{"rendered":"<p>Anfang Oktober unternahm ich die erste Wanderreise meines Lebens: \u201ePanoramawandern entlang der Rota Vicentina\u201c aus dem OLIMAR Reisen Programm. Informationen zu dem Weitwanderweg Rota Vicentina und meine gesammelten Eindr\u00fccke und das abschlie\u00dfende Fazit befinden sich hier. Fortsetzung Etappe 3: Odeceixe &#8211; Aljezur (plus Abstecher Praia da Amoreira) Diese insgesamt 24 Kilometer lange Etappe f\u00fchrt die ersten rund 12 Kilometer ausschlie\u00dflich fernab des Atlantiks an einem rund zwei Meter breiten Bew\u00e4sserungskanal entlang. Ich folge hier den wei\u00df-roten Markierungen, denn es handelt sich um eine Etappe des historischen Weges. Das Wasser ist glasklar und man kann gelegentlich kleine Fische darin entdecken. Au\u00dferdem h\u00fcpfen &hellip;<\/p>\n","protected":false},"author":1,"featured_media":7589,"comment_status":"open","ping_status":"open","sticky":false,"template":"","format":"standard","meta":{"_crdt_document":"","_lmt_disableupdate":"","_lmt_disable":"","footnotes":""},"categories":[29],"tags":[22,24,34],"class_list":["post-7548","post","type-post","status-publish","format-standard","has-post-thumbnail","hentry","category-aktiv-natur","tag-alentejo","tag-algarve","tag-portugal"],"yoast_head":"<!-- This site is optimized with the Yoast SEO plugin v26.9 - https:\/\/yoast.com\/product\/yoast-seo-wordpress\/ -->\n<title>Wandern auf der Rota Vicentina - von Odeceixe bis Aljezur<\/title>\n<meta name=\"description\" content=\"Unsere Autorin wanderte auf der Rota Vicentina von Odeceixe bis nach Aljezur mit einem Abstecher zum sch\u00f6nen Strand Praia da Amoreira.\" \/>\n<meta name=\"robots\" content=\"index, follow, max-snippet:-1, max-image-preview:large, max-video-preview:-1\" \/>\n<link rel=\"canonical\" href=\"https:\/\/blog.olimar.de\/rota-vicentina-odeceixe-aljezur\/\" \/>\n<meta property=\"og:locale\" content=\"de_DE\" \/>\n<meta property=\"og:type\" content=\"article\" \/>\n<meta property=\"og:title\" content=\"Wandern auf der Rota Vicentina - von Odeceixe bis Aljezur\" \/>\n<meta property=\"og:description\" content=\"Unsere Autorin wanderte auf der Rota Vicentina von Odeceixe bis nach Aljezur mit einem Abstecher zum sch\u00f6nen Strand Praia da Amoreira.\" \/>\n<meta property=\"og:url\" content=\"https:\/\/blog.olimar.de\/rota-vicentina-odeceixe-aljezur\/\" \/>\n<meta property=\"article:publisher\" content=\"https:\/\/www.facebook.com\/OlimarReisen\" \/>\n<meta property=\"article:published_time\" content=\"2016-10-09T10:42:20+00:00\" \/>\n<meta property=\"article:modified_time\" content=\"2016-11-11T07:34:34+00:00\" \/>\n<meta property=\"og:image\" content=\"https:\/\/i0.wp.com\/blog.olimar.de\/wp-content\/uploads\/2016\/10\/Abstecher-Fischerpfad-Rota-Vicentina-e1518802352609.jpg?fit=1000%2C750&ssl=1\" \/>\n\t<meta property=\"og:image:width\" content=\"1000\" \/>\n\t<meta property=\"og:image:height\" content=\"750\" \/>\n\t<meta property=\"og:image:type\" content=\"image\/jpeg\" \/>\n<meta name=\"author\" content=\"Katharina\" \/>\n<meta name=\"twitter:label1\" content=\"Verfasst von\" \/>\n\t<meta name=\"twitter:data1\" content=\"Katharina\" \/>\n\t<meta name=\"twitter:label2\" content=\"Gesch\u00e4tzte Lesezeit\" \/>\n\t<meta name=\"twitter:data2\" content=\"2\u00a0Minuten\" \/>\n<script type=\"application\/ld+json\" class=\"yoast-schema-graph\">{\"@context\":\"https:\/\/schema.org\",\"@graph\":[{\"@type\":\"WebPage\",\"@id\":\"https:\/\/blog.olimar.de\/rota-vicentina-odeceixe-aljezur\/\",\"url\":\"https:\/\/blog.olimar.de\/rota-vicentina-odeceixe-aljezur\/\",\"name\":\"Wandern auf der Rota Vicentina - von Odeceixe bis Aljezur\",\"isPartOf\":{\"@id\":\"https:\/\/blog.olimar.de\/#website\"},\"primaryImageOfPage\":{\"@id\":\"https:\/\/blog.olimar.de\/rota-vicentina-odeceixe-aljezur\/#primaryimage\"},\"image\":{\"@id\":\"https:\/\/blog.olimar.de\/rota-vicentina-odeceixe-aljezur\/#primaryimage\"},\"thumbnailUrl\":\"https:\/\/blog.olimar.de\/wp-content\/uploads\/2016\/10\/Abstecher-Fischerpfad-Rota-Vicentina-e1518802352609.jpg\",\"datePublished\":\"2016-10-09T10:42:20+00:00\",\"dateModified\":\"2016-11-11T07:34:34+00:00\",\"description\":\"Unsere Autorin wanderte auf der Rota Vicentina von Odeceixe bis nach Aljezur mit einem Abstecher zum sch\u00f6nen Strand Praia da Amoreira.\",\"breadcrumb\":{\"@id\":\"https:\/\/blog.olimar.de\/rota-vicentina-odeceixe-aljezur\/#breadcrumb\"},\"inLanguage\":\"de\",\"potentialAction\":[{\"@type\":\"ReadAction\",\"target\":[\"https:\/\/blog.olimar.de\/rota-vicentina-odeceixe-aljezur\/\"]}]},{\"@type\":\"ImageObject\",\"inLanguage\":\"de\",\"@id\":\"https:\/\/blog.olimar.de\/rota-vicentina-odeceixe-aljezur\/#primaryimage\",\"url\":\"https:\/\/blog.olimar.de\/wp-content\/uploads\/2016\/10\/Abstecher-Fischerpfad-Rota-Vicentina-e1518802352609.jpg\",\"contentUrl\":\"https:\/\/blog.olimar.de\/wp-content\/uploads\/2016\/10\/Abstecher-Fischerpfad-Rota-Vicentina-e1518802352609.jpg\",\"width\":1000,\"height\":750,\"caption\":\"Abstecher auf den Fischerpfad Rota Vicentina\"},{\"@type\":\"BreadcrumbList\",\"@id\":\"https:\/\/blog.olimar.de\/rota-vicentina-odeceixe-aljezur\/#breadcrumb\",\"itemListElement\":[{\"@type\":\"ListItem\",\"position\":1,\"name\":\"Home\",\"item\":\"https:\/\/blog.olimar.de\/\"},{\"@type\":\"ListItem\",\"position\":2,\"name\":\"Alentejo\",\"item\":\"https:\/\/blog.olimar.de\/tag\/alentejo\/\"},{\"@type\":\"ListItem\",\"position\":3,\"name\":\"Wandern auf der Rota Vicentina &#8211; Odeceixe bis Aljezur (plus Praia da Amoreira)\"}]},{\"@type\":\"WebSite\",\"@id\":\"https:\/\/blog.olimar.de\/#website\",\"url\":\"https:\/\/blog.olimar.de\/\",\"name\":\"OLIMAR.com\",\"description\":\"\",\"publisher\":{\"@id\":\"https:\/\/blog.olimar.de\/#organization\"},\"potentialAction\":[{\"@type\":\"SearchAction\",\"target\":{\"@type\":\"EntryPoint\",\"urlTemplate\":\"https:\/\/blog.olimar.de\/?s={search_term_string}\"},\"query-input\":{\"@type\":\"PropertyValueSpecification\",\"valueRequired\":true,\"valueName\":\"search_term_string\"}}],\"inLanguage\":\"de\"},{\"@type\":\"Organization\",\"@id\":\"https:\/\/blog.olimar.de\/#organization\",\"name\":\"OLIMAR Reisen\",\"url\":\"https:\/\/blog.olimar.de\/\",\"logo\":{\"@type\":\"ImageObject\",\"inLanguage\":\"de\",\"@id\":\"https:\/\/blog.olimar.de\/#\/schema\/logo\/image\/\",\"url\":\"https:\/\/blog.olimar.de\/wp-content\/uploads\/2021\/01\/OLIMAR_Logo_COLOR.png\",\"contentUrl\":\"https:\/\/blog.olimar.de\/wp-content\/uploads\/2021\/01\/OLIMAR_Logo_COLOR.png\",\"width\":2000,\"height\":986,\"caption\":\"OLIMAR Reisen\"},\"image\":{\"@id\":\"https:\/\/blog.olimar.de\/#\/schema\/logo\/image\/\"},\"sameAs\":[\"https:\/\/www.facebook.com\/OlimarReisen\",\"https:\/\/x.com\/olimarrreisen\",\"https:\/\/www.instagram.com\/olimarreisen\",\"https:\/\/www.youtube.com\/user\/olimarreisen\"]}]}<\/script>\n<!-- \/ Yoast SEO plugin. -->","yoast_head_json":{"title":"Wandern auf der Rota Vicentina - von Odeceixe bis Aljezur","description":"Unsere Autorin wanderte auf der Rota Vicentina von Odeceixe bis nach Aljezur mit einem Abstecher zum sch\u00f6nen Strand Praia da Amoreira.","robots":{"index":"index","follow":"follow","max-snippet":"max-snippet:-1","max-image-preview":"max-image-preview:large","max-video-preview":"max-video-preview:-1"},"canonical":"https:\/\/blog.olimar.de\/rota-vicentina-odeceixe-aljezur\/","og_locale":"de_DE","og_type":"article","og_title":"Wandern auf der Rota Vicentina - von Odeceixe bis Aljezur","og_description":"Unsere Autorin wanderte auf der Rota Vicentina von Odeceixe bis nach Aljezur mit einem Abstecher zum sch\u00f6nen Strand Praia da Amoreira.","og_url":"https:\/\/blog.olimar.de\/rota-vicentina-odeceixe-aljezur\/","article_publisher":"https:\/\/www.facebook.com\/OlimarReisen","article_published_time":"2016-10-09T10:42:20+00:00","article_modified_time":"2016-11-11T07:34:34+00:00","og_image":[{"width":1000,"height":750,"url":"https:\/\/i0.wp.com\/blog.olimar.de\/wp-content\/uploads\/2016\/10\/Abstecher-Fischerpfad-Rota-Vicentina-e1518802352609.jpg?fit=1000%2C750&ssl=1","type":"image\/jpeg"}],"author":"Katharina","twitter_misc":{"Verfasst von":"Katharina","Gesch\u00e4tzte Lesezeit":"2\u00a0Minuten"},"schema":{"@context":"https:\/\/schema.org","@graph":[{"@type":"WebPage","@id":"https:\/\/blog.olimar.de\/rota-vicentina-odeceixe-aljezur\/","url":"https:\/\/blog.olimar.de\/rota-vicentina-odeceixe-aljezur\/","name":"Wandern auf der Rota Vicentina - von Odeceixe bis Aljezur","isPartOf":{"@id":"https:\/\/blog.olimar.de\/#website"},"primaryImageOfPage":{"@id":"https:\/\/blog.olimar.de\/rota-vicentina-odeceixe-aljezur\/#primaryimage"},"image":{"@id":"https:\/\/blog.olimar.de\/rota-vicentina-odeceixe-aljezur\/#primaryimage"},"thumbnailUrl":"https:\/\/blog.olimar.de\/wp-content\/uploads\/2016\/10\/Abstecher-Fischerpfad-Rota-Vicentina-e1518802352609.jpg","datePublished":"2016-10-09T10:42:20+00:00","dateModified":"2016-11-11T07:34:34+00:00","description":"Unsere Autorin wanderte auf der Rota Vicentina von Odeceixe bis nach Aljezur mit einem Abstecher zum sch\u00f6nen Strand Praia da Amoreira.","breadcrumb":{"@id":"https:\/\/blog.olimar.de\/rota-vicentina-odeceixe-aljezur\/#breadcrumb"},"inLanguage":"de","potentialAction":[{"@type":"ReadAction","target":["https:\/\/blog.olimar.de\/rota-vicentina-odeceixe-aljezur\/"]}]},{"@type":"ImageObject","inLanguage":"de","@id":"https:\/\/blog.olimar.de\/rota-vicentina-odeceixe-aljezur\/#primaryimage","url":"https:\/\/blog.olimar.de\/wp-content\/uploads\/2016\/10\/Abstecher-Fischerpfad-Rota-Vicentina-e1518802352609.jpg","contentUrl":"https:\/\/blog.olimar.de\/wp-content\/uploads\/2016\/10\/Abstecher-Fischerpfad-Rota-Vicentina-e1518802352609.jpg","width":1000,"height":750,"caption":"Abstecher auf den Fischerpfad Rota Vicentina"},{"@type":"BreadcrumbList","@id":"https:\/\/blog.olimar.de\/rota-vicentina-odeceixe-aljezur\/#breadcrumb","itemListElement":[{"@type":"ListItem","position":1,"name":"Home","item":"https:\/\/blog.olimar.de\/"},{"@type":"ListItem","position":2,"name":"Alentejo","item":"https:\/\/blog.olimar.de\/tag\/alentejo\/"},{"@type":"ListItem","position":3,"name":"Wandern auf der Rota Vicentina &#8211; Odeceixe bis Aljezur (plus Praia da Amoreira)"}]},{"@type":"WebSite","@id":"https:\/\/blog.olimar.de\/#website","url":"https:\/\/blog.olimar.de\/","name":"OLIMAR.com","description":"","publisher":{"@id":"https:\/\/blog.olimar.de\/#organization"},"potentialAction":[{"@type":"SearchAction","target":{"@type":"EntryPoint","urlTemplate":"https:\/\/blog.olimar.de\/?s={search_term_string}"},"query-input":{"@type":"PropertyValueSpecification","valueRequired":true,"valueName":"search_term_string"}}],"inLanguage":"de"},{"@type":"Organization","@id":"https:\/\/blog.olimar.de\/#organization","name":"OLIMAR Reisen","url":"https:\/\/blog.olimar.de\/","logo":{"@type":"ImageObject","inLanguage":"de","@id":"https:\/\/blog.olimar.de\/#\/schema\/logo\/image\/","url":"https:\/\/blog.olimar.de\/wp-content\/uploads\/2021\/01\/OLIMAR_Logo_COLOR.png","contentUrl":"https:\/\/blog.olimar.de\/wp-content\/uploads\/2021\/01\/OLIMAR_Logo_COLOR.png","width":2000,"height":986,"caption":"OLIMAR Reisen"},"image":{"@id":"https:\/\/blog.olimar.de\/#\/schema\/logo\/image\/"},"sameAs":["https:\/\/www.facebook.com\/OlimarReisen","https:\/\/x.com\/olimarrreisen","https:\/\/www.instagram.com\/olimarreisen","https:\/\/www.youtube.com\/user\/olimarreisen"]}]}},"modified_by":"Barbara Berger","jetpack_featured_media_url":"https:\/\/blog.olimar.de\/wp-content\/uploads\/2016\/10\/Abstecher-Fischerpfad-Rota-Vicentina-e1518802352609.jpg","_links":{"self":[{"href":"https:\/\/blog.olimar.de\/wp-json\/wp\/v2\/posts\/7548","targetHints":{"allow":["GET"]}}],"collection":[{"href":"https:\/\/blog.olimar.de\/wp-json\/wp\/v2\/posts"}],"about":[{"href":"https:\/\/blog.olimar.de\/wp-json\/wp\/v2\/types\/post"}],"author":[{"embeddable":true,"href":"https:\/\/blog.olimar.de\/wp-json\/wp\/v2\/users\/1"}],"replies":[{"embeddable":true,"href":"https:\/\/blog.olimar.de\/wp-json\/wp\/v2\/comments?post=7548"}],"version-history":[{"count":13,"href":"https:\/\/blog.olimar.de\/wp-json\/wp\/v2\/posts\/7548\/revisions"}],"predecessor-version":[{"id":7735,"href":"https:\/\/blog.olimar.de\/wp-json\/wp\/v2\/posts\/7548\/revisions\/7735"}],"wp:featuredmedia":[{"embeddable":true,"href":"https:\/\/blog.olimar.de\/wp-json\/wp\/v2\/media\/7589"}],"wp:attachment":[{"href":"https:\/\/blog.olimar.de\/wp-json\/wp\/v2\/media?parent=7548"}],"wp:term":[{"taxonomy":"category","embeddable":true,"href":"https:\/\/blog.olimar.de\/wp-json\/wp\/v2\/categories?post=7548"},{"taxonomy":"post_tag","embeddable":true,"href":"https:\/\/blog.olimar.de\/wp-json\/wp\/v2\/tags?post=7548"}],"curies":[{"name":"wp","href":"https:\/\/api.w.org\/{rel}","templated":true}]}}