{"id":7558,"date":"2016-10-09T12:37:40","date_gmt":"2016-10-09T10:37:40","guid":{"rendered":"https:\/\/blog.olimar.de\/?p=7558"},"modified":"2023-02-05T11:07:48","modified_gmt":"2023-02-05T10:07:48","slug":"rota-vicentina-aljezur-arrifana","status":"publish","type":"post","link":"https:\/\/blog.olimar.de\/rota-vicentina-aljezur-arrifana\/","title":{"rendered":"Wandern auf der Rota Vicentina &#8211; Aljezur bis Arrifana"},"content":{"rendered":"\n<p>Anfang Oktober unternahm ich die erste Wanderreise meines Lebens: \u201ePanoramawandern entlang der Rota Vicentina\u201c aus dem OLIMAR Reisen Programm. Informationen zu dem Weitwanderweg Rota Vicentina und meine gesammelten Eindr\u00fccke und das abschlie\u00dfende Fazit befinden sich <a href=\"https:\/\/blog.olimar.de\/rota-vicentina\/\">hier<\/a>.<\/p>\n\n\n\n<p class=\"wp-block-paragraph\"><strong>Fortsetzung<\/strong><\/p>\n\n\n\n<h3>Etappe 4: Aljezur &#8211; Arrifana<\/h3>\n<p>Auch diese 20 Kilometer entlang des Fischerpfades bzw. der Rota Vicentina, sind wieder sehr abwechslungsreich. Neu ist, dass der Himmel heute komplett diesig bis wolkenverhangen ist. Dadurch ergibt sich am Meer im Strandort Monte Cl\u00e9rigo eine regelrecht mystische Stimmung.<\/p>\n\n\n<div class=\"wp-block-image\">\n<figure class=\"alignleft\"><img loading=\"lazy\" decoding=\"async\" width=\"1024\" height=\"381\" src=\"https:\/\/blog.olimar.de\/wp-content\/uploads\/2016\/10\/Praia-de-Monte-Clerigo-1024x381.jpg\" alt=\"Praia de Monte Clerigo\" class=\"wp-image-7559\" srcset=\"https:\/\/blog.olimar.de\/wp-content\/uploads\/2016\/10\/Praia-de-Monte-Clerigo-1024x381.jpg 1024w, https:\/\/blog.olimar.de\/wp-content\/uploads\/2016\/10\/Praia-de-Monte-Clerigo-300x112.jpg 300w, https:\/\/blog.olimar.de\/wp-content\/uploads\/2016\/10\/Praia-de-Monte-Clerigo-768x286.jpg 768w\" sizes=\"auto, (max-width: 1024px) 100vw, 1024px\" \/><figcaption class=\"wp-element-caption\">Praia de Monte Clerigo<\/figcaption><\/figure>\n<\/div>\n\n<div class=\"wp-block-image\">\n<figure class=\"alignleft\"><img loading=\"lazy\" decoding=\"async\" width=\"1024\" height=\"768\" src=\"https:\/\/blog.olimar.de\/wp-content\/uploads\/2016\/10\/Strand-im-Dunst-Rota-Vicentina-1024x768.jpg\" alt=\"Strand im Dunst Rota Vicentina\" class=\"wp-image-7560\" srcset=\"https:\/\/blog.olimar.de\/wp-content\/uploads\/2016\/10\/Strand-im-Dunst-Rota-Vicentina-1024x768.jpg 1024w, https:\/\/blog.olimar.de\/wp-content\/uploads\/2016\/10\/Strand-im-Dunst-Rota-Vicentina-300x225.jpg 300w, https:\/\/blog.olimar.de\/wp-content\/uploads\/2016\/10\/Strand-im-Dunst-Rota-Vicentina-768x576.jpg 768w\" sizes=\"auto, (max-width: 1024px) 100vw, 1024px\" \/><figcaption class=\"wp-element-caption\">Strand im Dunst<\/figcaption><\/figure>\n<\/div>\n\n\n<p class=\"wp-block-paragraph\"> <\/p>\n\n\n\n<p class=\"wp-block-paragraph\"><\/p>\n\n\n\n<p>Rund zwei Kilometer f\u00fchrt der Weg von dort entlang der Steilk\u00fcste, bis ich die Landspitze Ponta da Atalaia erreiche. Normalerweise bietet sich hier ein toller Panoramablick auf die K\u00fcste. Doch aufgrund des Nebels spare ich mir den Weg bis zum Aussichtspunkt und schaue mir stattdessen lediglich die Ausgrabungen der maurischen Festungsanlage aus dem 12. Jahrhundert an. Sie galt fr\u00fcher als eine der gr\u00f6\u00dften Anlagen der Iberischen Halbinsel. Leider ist davon nicht mehr allzu viel zu sehen. Das mit Bauz\u00e4unen provisorisch gesicherte Ausgrabungsgel\u00e4nde kommt mir ein Wenig verwahrlost vor.<\/p>\n\n\n\n<p>Auf den folgenden drei Kilometern f\u00fchrt der immer enger werdende Weg unter anderem durch dichte, gr\u00fcne Strauch- und Macchia-Landschaft hindurch.<\/p>\n\n\n<div class=\"wp-block-image\">\n<figure class=\"alignleft\"><img loading=\"lazy\" decoding=\"async\" width=\"1024\" height=\"768\" src=\"https:\/\/blog.olimar.de\/wp-content\/uploads\/2016\/10\/IMG_1566-1024x768.jpg\" alt=\"Wanderweg Rota Vincentina Weitblick\" class=\"wp-image-7565\" srcset=\"https:\/\/blog.olimar.de\/wp-content\/uploads\/2016\/10\/IMG_1566-1024x768.jpg 1024w, https:\/\/blog.olimar.de\/wp-content\/uploads\/2016\/10\/IMG_1566-300x225.jpg 300w, https:\/\/blog.olimar.de\/wp-content\/uploads\/2016\/10\/IMG_1566-768x576.jpg 768w\" sizes=\"auto, (max-width: 1024px) 100vw, 1024px\" \/><figcaption class=\"wp-element-caption\">Wanderweg der Rota Vincentina<\/figcaption><\/figure>\n<\/div>\n\n<div class=\"wp-block-image\">\n<figure class=\"alignleft\"><img loading=\"lazy\" decoding=\"async\" width=\"1024\" height=\"768\" src=\"https:\/\/blog.olimar.de\/wp-content\/uploads\/2016\/10\/IMG_1567-1024x768.jpg\" alt=\"Gr\u00fcner Wald Wanderung Rota Vincentina\" class=\"wp-image-7566\" srcset=\"https:\/\/blog.olimar.de\/wp-content\/uploads\/2016\/10\/IMG_1567-1024x768.jpg 1024w, https:\/\/blog.olimar.de\/wp-content\/uploads\/2016\/10\/IMG_1567-300x225.jpg 300w, https:\/\/blog.olimar.de\/wp-content\/uploads\/2016\/10\/IMG_1567-768x576.jpg 768w\" sizes=\"auto, (max-width: 1024px) 100vw, 1024px\" \/><figcaption class=\"wp-element-caption\">Wanderung auf der Rota Vincentina<\/figcaption><\/figure>\n<\/div>\n\n\n<p class=\"wp-block-paragraph\"> <\/p>\n\n\n\n<p>Es folgt ein letzter Aufstieg, schon erblicke ich den bei Surfern und Bodyboardern beliebten Strand Praia da Arrifana. Das Tagesziel der heutigen Wanderung.<\/p>\n\n\n<div class=\"wp-block-image\">\n<figure class=\"alignleft\"><img loading=\"lazy\" decoding=\"async\" width=\"1024\" height=\"768\" src=\"https:\/\/blog.olimar.de\/wp-content\/uploads\/2016\/10\/IMG_1570-1024x768.jpg\" alt=\"Praia Arrifana K\u00fcste Strand Baden\" class=\"wp-image-7567\" srcset=\"https:\/\/blog.olimar.de\/wp-content\/uploads\/2016\/10\/IMG_1570-1024x768.jpg 1024w, https:\/\/blog.olimar.de\/wp-content\/uploads\/2016\/10\/IMG_1570-300x225.jpg 300w, https:\/\/blog.olimar.de\/wp-content\/uploads\/2016\/10\/IMG_1570-768x576.jpg 768w\" sizes=\"auto, (max-width: 1024px) 100vw, 1024px\" \/><figcaption class=\"wp-element-caption\">Praia Arrifana<\/figcaption><\/figure>\n<\/div>\n\n\n<p>In einer der Strandbars genie\u00dfe ich bei nun endlich aufgetauchter Sonne den Blick auf die Bucht, bestelle ein fr\u00fches Abendessen und dann &#8211; so sieht es der Routenplan vor &#8211; ein Taxi, das mich zur\u00fcck nach Aljezur bringt.<\/p>\n<p><strong>Weiterlesen: <a href=\"https:\/\/blog.olimar.de\/rota-vicentina-pontal-da-carrapateira\/\">Etappe 5: Rundwanderung Pontal da Carrapateira<\/a><\/strong><\/p>\n<p><strong>Vorherige Tour:<a href=\"https:\/\/blog.olimar.de\/rota-vicentina-odeceixe-aljezur\/\"> Etappe 3: Odeceixe bis Aljezur<\/a><\/strong><\/p>\n\n\n\n<div style=\"height:50px\" aria-hidden=\"true\" class=\"wp-block-spacer\"><\/div>\n\n\n\n<div class=\"wp-block-buttons is-layout-flex wp-block-buttons-is-layout-flex\">\n<div class=\"wp-block-button\"><a class=\"wp-block-button__link wp-element-button\" href=\"https:\/\/www.olimar.de\/hotellistung\/\">Jetzt Urlaubsangebote finden und buchen<\/a><\/div>\n<\/div>\n\n\n\n<div style=\"height:100px\" aria-hidden=\"true\" class=\"wp-block-spacer\"><\/div>\n","protected":false},"excerpt":{"rendered":"<p>Anfang Oktober unternahm ich die erste Wanderreise meines Lebens: \u201ePanoramawandern entlang der Rota Vicentina\u201c aus dem OLIMAR Reisen Programm. Informationen zu dem Weitwanderweg Rota Vicentina und meine gesammelten Eindr\u00fccke und das abschlie\u00dfende Fazit befinden sich hier. Fortsetzung Etappe 4: Aljezur &#8211; Arrifana Auch diese 20 Kilometer entlang des Fischerpfades bzw. der Rota Vicentina, sind wieder sehr abwechslungsreich. Neu ist, dass der Himmel heute komplett diesig bis wolkenverhangen ist. Dadurch ergibt sich am Meer im Strandort Monte Cl\u00e9rigo eine regelrecht mystische Stimmung. Rund zwei Kilometer f\u00fchrt der Weg von dort entlang der Steilk\u00fcste, bis ich die Landspitze Ponta da Atalaia erreiche. Normalerweise &hellip;<\/p>\n","protected":false},"author":1,"featured_media":7602,"comment_status":"open","ping_status":"open","sticky":false,"template":"","format":"standard","meta":{"_crdt_document":"","_lmt_disableupdate":"","_lmt_disable":"","footnotes":""},"categories":[29],"tags":[22,24,34],"class_list":["post-7558","post","type-post","status-publish","format-standard","has-post-thumbnail","hentry","category-aktiv-natur","tag-alentejo","tag-algarve","tag-portugal"],"yoast_head":"<!-- This site is optimized with the Yoast SEO plugin v26.9 - https:\/\/yoast.com\/product\/yoast-seo-wordpress\/ -->\n<title>Wandern auf der Rota Vicentina - von Aljezur bis Arrifana<\/title>\n<meta name=\"description\" content=\"Unsere Autorin ist auf dem Fischerpfad der Rota Vicentina von Aljezur \u00fcber die Ponta da Atalaia bis zum Strand Praia Arrifana gewandert.\" \/>\n<meta name=\"robots\" content=\"index, follow, max-snippet:-1, max-image-preview:large, max-video-preview:-1\" \/>\n<link rel=\"canonical\" href=\"https:\/\/blog.olimar.de\/rota-vicentina-aljezur-arrifana\/\" \/>\n<meta property=\"og:locale\" content=\"de_DE\" \/>\n<meta property=\"og:type\" content=\"article\" \/>\n<meta property=\"og:title\" content=\"Wandern auf der Rota Vicentina - von Aljezur bis Arrifana\" \/>\n<meta property=\"og:description\" content=\"Unsere Autorin ist auf dem Fischerpfad der Rota Vicentina von Aljezur \u00fcber die Ponta da Atalaia bis zum Strand Praia Arrifana gewandert.\" \/>\n<meta property=\"og:url\" content=\"https:\/\/blog.olimar.de\/rota-vicentina-aljezur-arrifana\/\" \/>\n<meta property=\"article:publisher\" content=\"https:\/\/www.facebook.com\/OlimarReisen\" \/>\n<meta property=\"article:published_time\" content=\"2016-10-09T10:37:40+00:00\" \/>\n<meta property=\"article:modified_time\" content=\"2023-02-05T10:07:48+00:00\" \/>\n<meta property=\"og:image\" content=\"https:\/\/blog.olimar.de\/wp-content\/uploads\/2016\/10\/IMG_1558-e1518802233657.jpg\" \/>\n\t<meta property=\"og:image:width\" content=\"1000\" \/>\n\t<meta property=\"og:image:height\" content=\"750\" \/>\n\t<meta property=\"og:image:type\" content=\"image\/jpeg\" \/>\n<meta name=\"author\" content=\"Katharina\" \/>\n<meta name=\"twitter:label1\" content=\"Verfasst von\" \/>\n\t<meta name=\"twitter:data1\" content=\"Katharina\" \/>\n\t<meta name=\"twitter:label2\" content=\"Gesch\u00e4tzte Lesezeit\" \/>\n\t<meta name=\"twitter:data2\" content=\"3\u00a0Minuten\" \/>\n<script type=\"application\/ld+json\" class=\"yoast-schema-graph\">{\"@context\":\"https:\/\/schema.org\",\"@graph\":[{\"@type\":\"WebPage\",\"@id\":\"https:\/\/blog.olimar.de\/rota-vicentina-aljezur-arrifana\/\",\"url\":\"https:\/\/blog.olimar.de\/rota-vicentina-aljezur-arrifana\/\",\"name\":\"Wandern auf der Rota Vicentina - von Aljezur bis Arrifana\",\"isPartOf\":{\"@id\":\"https:\/\/blog.olimar.de\/#website\"},\"primaryImageOfPage\":{\"@id\":\"https:\/\/blog.olimar.de\/rota-vicentina-aljezur-arrifana\/#primaryimage\"},\"image\":{\"@id\":\"https:\/\/blog.olimar.de\/rota-vicentina-aljezur-arrifana\/#primaryimage\"},\"thumbnailUrl\":\"https:\/\/blog.olimar.de\/wp-content\/uploads\/2016\/10\/IMG_1558-e1518802233657.jpg\",\"datePublished\":\"2016-10-09T10:37:40+00:00\",\"dateModified\":\"2023-02-05T10:07:48+00:00\",\"description\":\"Unsere Autorin ist auf dem Fischerpfad der Rota Vicentina von Aljezur \u00fcber die Ponta da Atalaia bis zum Strand Praia Arrifana gewandert.\",\"breadcrumb\":{\"@id\":\"https:\/\/blog.olimar.de\/rota-vicentina-aljezur-arrifana\/#breadcrumb\"},\"inLanguage\":\"de\",\"potentialAction\":[{\"@type\":\"ReadAction\",\"target\":[\"https:\/\/blog.olimar.de\/rota-vicentina-aljezur-arrifana\/\"]}]},{\"@type\":\"ImageObject\",\"inLanguage\":\"de\",\"@id\":\"https:\/\/blog.olimar.de\/rota-vicentina-aljezur-arrifana\/#primaryimage\",\"url\":\"https:\/\/blog.olimar.de\/wp-content\/uploads\/2016\/10\/IMG_1558-e1518802233657.jpg\",\"contentUrl\":\"https:\/\/blog.olimar.de\/wp-content\/uploads\/2016\/10\/IMG_1558-e1518802233657.jpg\",\"width\":1000,\"height\":750,\"caption\":\"Bank Wanderweg K\u00fcste Meer Ausblick\"},{\"@type\":\"BreadcrumbList\",\"@id\":\"https:\/\/blog.olimar.de\/rota-vicentina-aljezur-arrifana\/#breadcrumb\",\"itemListElement\":[{\"@type\":\"ListItem\",\"position\":1,\"name\":\"Home\",\"item\":\"https:\/\/blog.olimar.de\/\"},{\"@type\":\"ListItem\",\"position\":2,\"name\":\"Alentejo\",\"item\":\"https:\/\/blog.olimar.de\/tag\/alentejo\/\"},{\"@type\":\"ListItem\",\"position\":3,\"name\":\"Wandern auf der Rota Vicentina &#8211; Aljezur bis Arrifana\"}]},{\"@type\":\"WebSite\",\"@id\":\"https:\/\/blog.olimar.de\/#website\",\"url\":\"https:\/\/blog.olimar.de\/\",\"name\":\"OLIMAR.com\",\"description\":\"\",\"publisher\":{\"@id\":\"https:\/\/blog.olimar.de\/#organization\"},\"potentialAction\":[{\"@type\":\"SearchAction\",\"target\":{\"@type\":\"EntryPoint\",\"urlTemplate\":\"https:\/\/blog.olimar.de\/?s={search_term_string}\"},\"query-input\":{\"@type\":\"PropertyValueSpecification\",\"valueRequired\":true,\"valueName\":\"search_term_string\"}}],\"inLanguage\":\"de\"},{\"@type\":\"Organization\",\"@id\":\"https:\/\/blog.olimar.de\/#organization\",\"name\":\"OLIMAR Reisen\",\"url\":\"https:\/\/blog.olimar.de\/\",\"logo\":{\"@type\":\"ImageObject\",\"inLanguage\":\"de\",\"@id\":\"https:\/\/blog.olimar.de\/#\/schema\/logo\/image\/\",\"url\":\"https:\/\/blog.olimar.de\/wp-content\/uploads\/2021\/01\/OLIMAR_Logo_COLOR.png\",\"contentUrl\":\"https:\/\/blog.olimar.de\/wp-content\/uploads\/2021\/01\/OLIMAR_Logo_COLOR.png\",\"width\":2000,\"height\":986,\"caption\":\"OLIMAR Reisen\"},\"image\":{\"@id\":\"https:\/\/blog.olimar.de\/#\/schema\/logo\/image\/\"},\"sameAs\":[\"https:\/\/www.facebook.com\/OlimarReisen\",\"https:\/\/x.com\/olimarrreisen\",\"https:\/\/www.instagram.com\/olimarreisen\",\"https:\/\/www.youtube.com\/user\/olimarreisen\"]}]}<\/script>\n<!-- \/ Yoast SEO plugin. -->","yoast_head_json":{"title":"Wandern auf der Rota Vicentina - von Aljezur bis Arrifana","description":"Unsere Autorin ist auf dem Fischerpfad der Rota Vicentina von Aljezur \u00fcber die Ponta da Atalaia bis zum Strand Praia Arrifana gewandert.","robots":{"index":"index","follow":"follow","max-snippet":"max-snippet:-1","max-image-preview":"max-image-preview:large","max-video-preview":"max-video-preview:-1"},"canonical":"https:\/\/blog.olimar.de\/rota-vicentina-aljezur-arrifana\/","og_locale":"de_DE","og_type":"article","og_title":"Wandern auf der Rota Vicentina - von Aljezur bis Arrifana","og_description":"Unsere Autorin ist auf dem Fischerpfad der Rota Vicentina von Aljezur \u00fcber die Ponta da Atalaia bis zum Strand Praia Arrifana gewandert.","og_url":"https:\/\/blog.olimar.de\/rota-vicentina-aljezur-arrifana\/","article_publisher":"https:\/\/www.facebook.com\/OlimarReisen","article_published_time":"2016-10-09T10:37:40+00:00","article_modified_time":"2023-02-05T10:07:48+00:00","og_image":[{"width":1000,"height":750,"url":"https:\/\/blog.olimar.de\/wp-content\/uploads\/2016\/10\/IMG_1558-e1518802233657.jpg","type":"image\/jpeg"}],"author":"Katharina","twitter_misc":{"Verfasst von":"Katharina","Gesch\u00e4tzte Lesezeit":"3\u00a0Minuten"},"schema":{"@context":"https:\/\/schema.org","@graph":[{"@type":"WebPage","@id":"https:\/\/blog.olimar.de\/rota-vicentina-aljezur-arrifana\/","url":"https:\/\/blog.olimar.de\/rota-vicentina-aljezur-arrifana\/","name":"Wandern auf der Rota Vicentina - von Aljezur bis Arrifana","isPartOf":{"@id":"https:\/\/blog.olimar.de\/#website"},"primaryImageOfPage":{"@id":"https:\/\/blog.olimar.de\/rota-vicentina-aljezur-arrifana\/#primaryimage"},"image":{"@id":"https:\/\/blog.olimar.de\/rota-vicentina-aljezur-arrifana\/#primaryimage"},"thumbnailUrl":"https:\/\/blog.olimar.de\/wp-content\/uploads\/2016\/10\/IMG_1558-e1518802233657.jpg","datePublished":"2016-10-09T10:37:40+00:00","dateModified":"2023-02-05T10:07:48+00:00","description":"Unsere Autorin ist auf dem Fischerpfad der Rota Vicentina von Aljezur \u00fcber die Ponta da Atalaia bis zum Strand Praia Arrifana gewandert.","breadcrumb":{"@id":"https:\/\/blog.olimar.de\/rota-vicentina-aljezur-arrifana\/#breadcrumb"},"inLanguage":"de","potentialAction":[{"@type":"ReadAction","target":["https:\/\/blog.olimar.de\/rota-vicentina-aljezur-arrifana\/"]}]},{"@type":"ImageObject","inLanguage":"de","@id":"https:\/\/blog.olimar.de\/rota-vicentina-aljezur-arrifana\/#primaryimage","url":"https:\/\/blog.olimar.de\/wp-content\/uploads\/2016\/10\/IMG_1558-e1518802233657.jpg","contentUrl":"https:\/\/blog.olimar.de\/wp-content\/uploads\/2016\/10\/IMG_1558-e1518802233657.jpg","width":1000,"height":750,"caption":"Bank Wanderweg K\u00fcste Meer Ausblick"},{"@type":"BreadcrumbList","@id":"https:\/\/blog.olimar.de\/rota-vicentina-aljezur-arrifana\/#breadcrumb","itemListElement":[{"@type":"ListItem","position":1,"name":"Home","item":"https:\/\/blog.olimar.de\/"},{"@type":"ListItem","position":2,"name":"Alentejo","item":"https:\/\/blog.olimar.de\/tag\/alentejo\/"},{"@type":"ListItem","position":3,"name":"Wandern auf der Rota Vicentina &#8211; Aljezur bis Arrifana"}]},{"@type":"WebSite","@id":"https:\/\/blog.olimar.de\/#website","url":"https:\/\/blog.olimar.de\/","name":"OLIMAR.com","description":"","publisher":{"@id":"https:\/\/blog.olimar.de\/#organization"},"potentialAction":[{"@type":"SearchAction","target":{"@type":"EntryPoint","urlTemplate":"https:\/\/blog.olimar.de\/?s={search_term_string}"},"query-input":{"@type":"PropertyValueSpecification","valueRequired":true,"valueName":"search_term_string"}}],"inLanguage":"de"},{"@type":"Organization","@id":"https:\/\/blog.olimar.de\/#organization","name":"OLIMAR Reisen","url":"https:\/\/blog.olimar.de\/","logo":{"@type":"ImageObject","inLanguage":"de","@id":"https:\/\/blog.olimar.de\/#\/schema\/logo\/image\/","url":"https:\/\/blog.olimar.de\/wp-content\/uploads\/2021\/01\/OLIMAR_Logo_COLOR.png","contentUrl":"https:\/\/blog.olimar.de\/wp-content\/uploads\/2021\/01\/OLIMAR_Logo_COLOR.png","width":2000,"height":986,"caption":"OLIMAR Reisen"},"image":{"@id":"https:\/\/blog.olimar.de\/#\/schema\/logo\/image\/"},"sameAs":["https:\/\/www.facebook.com\/OlimarReisen","https:\/\/x.com\/olimarrreisen","https:\/\/www.instagram.com\/olimarreisen","https:\/\/www.youtube.com\/user\/olimarreisen"]}]}},"modified_by":"Lena Radermacher","jetpack_featured_media_url":"https:\/\/blog.olimar.de\/wp-content\/uploads\/2016\/10\/IMG_1558-e1518802233657.jpg","_links":{"self":[{"href":"https:\/\/blog.olimar.de\/wp-json\/wp\/v2\/posts\/7558","targetHints":{"allow":["GET"]}}],"collection":[{"href":"https:\/\/blog.olimar.de\/wp-json\/wp\/v2\/posts"}],"about":[{"href":"https:\/\/blog.olimar.de\/wp-json\/wp\/v2\/types\/post"}],"author":[{"embeddable":true,"href":"https:\/\/blog.olimar.de\/wp-json\/wp\/v2\/users\/1"}],"replies":[{"embeddable":true,"href":"https:\/\/blog.olimar.de\/wp-json\/wp\/v2\/comments?post=7558"}],"version-history":[{"count":17,"href":"https:\/\/blog.olimar.de\/wp-json\/wp\/v2\/posts\/7558\/revisions"}],"predecessor-version":[{"id":24470,"href":"https:\/\/blog.olimar.de\/wp-json\/wp\/v2\/posts\/7558\/revisions\/24470"}],"wp:featuredmedia":[{"embeddable":true,"href":"https:\/\/blog.olimar.de\/wp-json\/wp\/v2\/media\/7602"}],"wp:attachment":[{"href":"https:\/\/blog.olimar.de\/wp-json\/wp\/v2\/media?parent=7558"}],"wp:term":[{"taxonomy":"category","embeddable":true,"href":"https:\/\/blog.olimar.de\/wp-json\/wp\/v2\/categories?post=7558"},{"taxonomy":"post_tag","embeddable":true,"href":"https:\/\/blog.olimar.de\/wp-json\/wp\/v2\/tags?post=7558"}],"curies":[{"name":"wp","href":"https:\/\/api.w.org\/{rel}","templated":true}]}}