{"id":7570,"date":"2016-10-09T14:24:30","date_gmt":"2016-10-09T12:24:30","guid":{"rendered":"https:\/\/blog.olimar.de\/?p=7570"},"modified":"2023-01-16T21:27:52","modified_gmt":"2023-01-16T20:27:52","slug":"rota-vicentina-pontal-da-carrapateira","status":"publish","type":"post","link":"https:\/\/blog.olimar.de\/rota-vicentina-pontal-da-carrapateira\/","title":{"rendered":"Wandern auf der Rota Vicentina &#8211; Rundwanderung Pontal da Carrapateira"},"content":{"rendered":"\n<p>Anfang Oktober unternahm ich die erste Wanderreise meines Lebens: \u201ePanoramawandern entlang der Rota Vicentina\u201c aus dem OLIMAR Reisen Programm. Informationen zu dem Weitwanderweg Rota Vicentina und meine gesammelten Eindr\u00fccke und das abschlie\u00dfende Fazit befinden sich <a href=\"https:\/\/blog.olimar.de\/rota-vicentina\/\">hier<\/a>.<\/p>\n<p><strong>Fortsetzung<\/strong><\/p>\n\n\n\n<h2>Etappe 5: Rundwanderung Carrapateira<\/h2>\n<p>Die letzte Etappe, der nur knapp 12 Kilometer lange Rundwanderweg namens Pontal da Carrapateira, kann als kr\u00f6nender Abschluss dieser Wanderwoche bezeichnet werden. Erstmals starte ich nicht von der Unterkunft aus. Stattdessen lerne ich Carlos, den bislang &#8220;unsichtbaren&#8221; Gep\u00e4ck-Chauffeur kennen. Heute bringt er nicht nur meinen Koffer, sondern auch mich im Minivan ins kleine St\u00e4dtchen Carrapateira. Von dort f\u00fchrt der Fischerpfad entlang eines sch\u00f6nen D\u00fcnenpfades in rund 30 Minuten bis zum ber\u00fchmten, vielfotografierten Strand Praia da Bordeira.<\/p>\n\n\n<div class=\"wp-block-image\">\n<figure class=\"alignleft\"><img loading=\"lazy\" decoding=\"async\" width=\"1024\" height=\"768\" src=\"https:\/\/blog.olimar.de\/wp-content\/uploads\/2016\/10\/Sandiger-Fischerpfad-Praia-Bordeira-1024x768.jpg\" alt=\"Rota Vicentina sandiger Fischerpfad bei Praia da Bordeira\" class=\"wp-image-7472\" srcset=\"https:\/\/blog.olimar.de\/wp-content\/uploads\/2016\/10\/Sandiger-Fischerpfad-Praia-Bordeira-1024x768.jpg 1024w, https:\/\/blog.olimar.de\/wp-content\/uploads\/2016\/10\/Sandiger-Fischerpfad-Praia-Bordeira-300x225.jpg 300w, https:\/\/blog.olimar.de\/wp-content\/uploads\/2016\/10\/Sandiger-Fischerpfad-Praia-Bordeira-768x576.jpg 768w\" sizes=\"auto, (max-width: 1024px) 100vw, 1024px\" \/><figcaption class=\"wp-element-caption\">Sandiger Fischerpfad bei Praia da Bordeira<\/figcaption><\/figure>\n<\/div>\n\n<div class=\"wp-block-image\">\n<figure class=\"alignleft\"><img loading=\"lazy\" decoding=\"async\" width=\"1024\" height=\"768\" src=\"https:\/\/blog.olimar.de\/wp-content\/uploads\/2016\/10\/Steg-Markierung-Rota-Vicentina-1-1024x768.jpg\" alt=\"Steg Markierung Rota Vicentina\" class=\"wp-image-7500\" srcset=\"https:\/\/blog.olimar.de\/wp-content\/uploads\/2016\/10\/Steg-Markierung-Rota-Vicentina-1-1024x768.jpg 1024w, https:\/\/blog.olimar.de\/wp-content\/uploads\/2016\/10\/Steg-Markierung-Rota-Vicentina-1-300x225.jpg 300w, https:\/\/blog.olimar.de\/wp-content\/uploads\/2016\/10\/Steg-Markierung-Rota-Vicentina-1-768x576.jpg 768w\" sizes=\"auto, (max-width: 1024px) 100vw, 1024px\" \/><figcaption class=\"wp-element-caption\">Steg mit den Markierungen der Rota Vicentina<\/figcaption><\/figure>\n<\/div>\n\n<div class=\"wp-block-image\">\n<figure class=\"alignleft\"><img loading=\"lazy\" decoding=\"async\" width=\"1024\" height=\"364\" src=\"https:\/\/blog.olimar.de\/wp-content\/uploads\/2016\/10\/Panorama-Weg-zum-Praia-Bordeira-1024x364.jpg\" alt=\"Panorama Weg Rota Vicentina zum Praia Bordeira\" class=\"wp-image-7572\" srcset=\"https:\/\/blog.olimar.de\/wp-content\/uploads\/2016\/10\/Panorama-Weg-zum-Praia-Bordeira-1024x364.jpg 1024w, https:\/\/blog.olimar.de\/wp-content\/uploads\/2016\/10\/Panorama-Weg-zum-Praia-Bordeira-300x107.jpg 300w, https:\/\/blog.olimar.de\/wp-content\/uploads\/2016\/10\/Panorama-Weg-zum-Praia-Bordeira-768x273.jpg 768w\" sizes=\"auto, (max-width: 1024px) 100vw, 1024px\" \/><figcaption class=\"wp-element-caption\">Panoramablick <\/figcaption><\/figure>\n<\/div>\n\n<div class=\"wp-block-image\">\n<figure class=\"alignleft\"><img loading=\"lazy\" decoding=\"async\" width=\"1024\" height=\"768\" src=\"https:\/\/blog.olimar.de\/wp-content\/uploads\/2016\/10\/Wanderer-Praia-Bordeira-1024x768.jpg\" alt=\"Wanderer Praia Bordeira an der Rota Vicentina\" class=\"wp-image-7573\" srcset=\"https:\/\/blog.olimar.de\/wp-content\/uploads\/2016\/10\/Wanderer-Praia-Bordeira-1024x768.jpg 1024w, https:\/\/blog.olimar.de\/wp-content\/uploads\/2016\/10\/Wanderer-Praia-Bordeira-300x225.jpg 300w, https:\/\/blog.olimar.de\/wp-content\/uploads\/2016\/10\/Wanderer-Praia-Bordeira-768x576.jpg 768w\" sizes=\"auto, (max-width: 1024px) 100vw, 1024px\" \/><figcaption class=\"wp-element-caption\">Wandernde an der Rota Vicentina<\/figcaption><\/figure>\n<\/div>\n\n\n<p class=\"wp-block-paragraph\"> <br> <\/p>\n\n\n\n<p class=\"wp-block-paragraph\">Hier genie\u00dfe ich den wie \u00fcberall aufgrund der Gezeiten flach abfallenden, kilometerbreiten Strand, den ich mir am fr\u00fchen Vormittag nur mit sehr wenigen Menschen teilen muss. Aufgrund seiner Gr\u00f6\u00dfe, Abgeschiedenheit und eher windgesch\u00fctzten Lage, ist der Praia da Bordeira ein tolles Ausflugsziel f\u00fcr einen Strandtag &#8211; auch von der Felsalgarve, beispielsweise Lagos aus &#8211; ist man in rund 40 Autominuten dort.<\/p>\n\n\n<div class=\"wp-block-image\">\n<figure class=\"alignleft\"><img loading=\"lazy\" decoding=\"async\" width=\"1024\" height=\"231\" src=\"https:\/\/blog.olimar.de\/wp-content\/uploads\/2016\/10\/Panorama-Praia-Bordeira-1024x231.jpg\" alt=\"Panorama Praia Bordeira an der Rota Vicentina\" class=\"wp-image-7477\" srcset=\"https:\/\/blog.olimar.de\/wp-content\/uploads\/2016\/10\/Panorama-Praia-Bordeira-1024x231.jpg 1024w, https:\/\/blog.olimar.de\/wp-content\/uploads\/2016\/10\/Panorama-Praia-Bordeira-300x68.jpg 300w, https:\/\/blog.olimar.de\/wp-content\/uploads\/2016\/10\/Panorama-Praia-Bordeira-768x173.jpg 768w\" sizes=\"auto, (max-width: 1024px) 100vw, 1024px\" \/><figcaption class=\"wp-element-caption\">Panorama Praia Bordeira<\/figcaption><\/figure>\n<\/div>\n\n<div class=\"wp-block-image\">\n<figure class=\"alignleft\"><img loading=\"lazy\" decoding=\"async\" width=\"1024\" height=\"768\" src=\"https:\/\/blog.olimar.de\/wp-content\/uploads\/2016\/10\/Wasser-Praia-Bordeira-1024x768.jpg\" alt=\"Wasser Praia Bordeira an der Rot Vicentina\" class=\"wp-image-7574\" srcset=\"https:\/\/blog.olimar.de\/wp-content\/uploads\/2016\/10\/Wasser-Praia-Bordeira-1024x768.jpg 1024w, https:\/\/blog.olimar.de\/wp-content\/uploads\/2016\/10\/Wasser-Praia-Bordeira-300x225.jpg 300w, https:\/\/blog.olimar.de\/wp-content\/uploads\/2016\/10\/Wasser-Praia-Bordeira-768x576.jpg 768w\" sizes=\"auto, (max-width: 1024px) 100vw, 1024px\" \/><figcaption class=\"wp-element-caption\">Klares Wasser<\/figcaption><\/figure>\n<\/div>\n\n<div class=\"wp-block-image\">\n<figure class=\"alignleft\"><img loading=\"lazy\" decoding=\"async\" width=\"1024\" height=\"768\" src=\"https:\/\/blog.olimar.de\/wp-content\/uploads\/2016\/10\/IMG_1630-1024x768.jpg\" alt=\"Reitende am Meer an der Rota Vicentina\" class=\"wp-image-7575\" srcset=\"https:\/\/blog.olimar.de\/wp-content\/uploads\/2016\/10\/IMG_1630-1024x768.jpg 1024w, https:\/\/blog.olimar.de\/wp-content\/uploads\/2016\/10\/IMG_1630-300x225.jpg 300w, https:\/\/blog.olimar.de\/wp-content\/uploads\/2016\/10\/IMG_1630-768x576.jpg 768w\" sizes=\"auto, (max-width: 1024px) 100vw, 1024px\" \/><figcaption class=\"wp-element-caption\">Reitende am Strand<\/figcaption><\/figure>\n<\/div>\n\n\n<p class=\"wp-block-paragraph\"> <br>Vom Strand f\u00fchrt der Weg entlang eines Holzsteges und vielen Treppen zu einem tollen Aussichtspunkt mit Panoramablick \u00fcber die Bucht.<\/p>\n\n\n<div class=\"wp-block-image\">\n<figure class=\"alignleft\"><img loading=\"lazy\" decoding=\"async\" width=\"1024\" height=\"768\" src=\"https:\/\/blog.olimar.de\/wp-content\/uploads\/2016\/10\/IMG_1669-1024x768.jpg\" alt=\"K\u00fcste &amp; Meer im Portugal Wanderurlaub - Rota Vicentina\" class=\"wp-image-7585\" srcset=\"https:\/\/blog.olimar.de\/wp-content\/uploads\/2016\/10\/IMG_1669-1024x768.jpg 1024w, https:\/\/blog.olimar.de\/wp-content\/uploads\/2016\/10\/IMG_1669-300x225.jpg 300w, https:\/\/blog.olimar.de\/wp-content\/uploads\/2016\/10\/IMG_1669-768x576.jpg 768w\" sizes=\"auto, (max-width: 1024px) 100vw, 1024px\" \/><figcaption class=\"wp-element-caption\">Panoramablick \u00fcber die K\u00fcste<\/figcaption><\/figure>\n<\/div>\n\n\n<p class=\"wp-block-paragraph\"><\/p>\n\n\n<div class=\"wp-block-image\">\n<figure class=\"alignleft\"><img loading=\"lazy\" decoding=\"async\" width=\"1024\" height=\"273\" src=\"https:\/\/blog.olimar.de\/wp-content\/uploads\/2016\/10\/Panorama-Praia-Bordeira-Aussichtspunkt-1024x273.jpg\" alt=\"Panorama Praia Bordeira Aussichtspunkt Rota Vicentina\" class=\"wp-image-7576\" srcset=\"https:\/\/blog.olimar.de\/wp-content\/uploads\/2016\/10\/Panorama-Praia-Bordeira-Aussichtspunkt-1024x273.jpg 1024w, https:\/\/blog.olimar.de\/wp-content\/uploads\/2016\/10\/Panorama-Praia-Bordeira-Aussichtspunkt-300x80.jpg 300w, https:\/\/blog.olimar.de\/wp-content\/uploads\/2016\/10\/Panorama-Praia-Bordeira-Aussichtspunkt-768x205.jpg 768w\" sizes=\"auto, (max-width: 1024px) 100vw, 1024px\" \/><figcaption class=\"wp-element-caption\">Panoramablick von einem Aussichtspunkt &#8211; Praia Bordeira<\/figcaption><\/figure>\n<\/div>\n\n\n<p class=\"wp-block-paragraph\"><br>Der sich anschlie\u00dfende Schotterweg ist erstmals auch mit dem Auto befahrbar. Es handelt sich um eine sch\u00f6ne, ca. drei Kilometer lange Route entlang der K\u00fcste. Aussichtsplattformen laden immer wieder zum Bestaunen und Fotografieren der K\u00fcsten-Felsformationen ein. Die r\u00f6tlichen, zerkl\u00fcfteten Felsen \u00e4hneln hier bereits denen der Felsalgarve.<\/p>\n\n\n<div class=\"wp-block-image\">\n<figure class=\"alignleft\"><img loading=\"lazy\" decoding=\"async\" width=\"1024\" height=\"768\" src=\"https:\/\/blog.olimar.de\/wp-content\/uploads\/2016\/10\/IMG_1678-1024x768.jpg\" alt=\"Panoramablick -  K\u00fcste und Klippen in Portugal - Wanderung Rota Vicentina\" class=\"wp-image-7577\" srcset=\"https:\/\/blog.olimar.de\/wp-content\/uploads\/2016\/10\/IMG_1678-1024x768.jpg 1024w, https:\/\/blog.olimar.de\/wp-content\/uploads\/2016\/10\/IMG_1678-300x225.jpg 300w, https:\/\/blog.olimar.de\/wp-content\/uploads\/2016\/10\/IMG_1678-768x576.jpg 768w\" sizes=\"auto, (max-width: 1024px) 100vw, 1024px\" \/><figcaption class=\"wp-element-caption\">Blick auf das offene Meer<\/figcaption><\/figure>\n<\/div>\n\n<div class=\"wp-block-image\">\n<figure class=\"alignleft\"><img loading=\"lazy\" decoding=\"async\" width=\"1024\" height=\"768\" src=\"https:\/\/blog.olimar.de\/wp-content\/uploads\/2016\/10\/IMG_1679-1024x768.jpg\" alt=\"Panorama K\u00fcste Felsen Portugal Wandern Rota Vicentina\" class=\"wp-image-7578\" srcset=\"https:\/\/blog.olimar.de\/wp-content\/uploads\/2016\/10\/IMG_1679-1024x768.jpg 1024w, https:\/\/blog.olimar.de\/wp-content\/uploads\/2016\/10\/IMG_1679-300x225.jpg 300w, https:\/\/blog.olimar.de\/wp-content\/uploads\/2016\/10\/IMG_1679-768x576.jpg 768w\" sizes=\"auto, (max-width: 1024px) 100vw, 1024px\" \/><figcaption class=\"wp-element-caption\">Panoramablick auf die K\u00fcste mit Felsen<\/figcaption><\/figure>\n<\/div>\n\n\n<p class=\"wp-block-paragraph\"> <br>Auf der Terrasse des Restaurante S\u00edtio do Forno st\u00e4rke ich mich mit einem Mittagessen und genie\u00dfe die letzten Blicke auf den Atlantik.<\/p>\n\n\n<div class=\"wp-block-image\">\n<figure class=\"alignleft\"><img loading=\"lazy\" decoding=\"async\" width=\"1024\" height=\"768\" src=\"https:\/\/blog.olimar.de\/wp-content\/uploads\/2016\/10\/IMG_1692-1024x768.jpg\" alt=\"Restaurant mit Meerblick - Rota Vicentina Fischerpfad\" class=\"wp-image-7579\" srcset=\"https:\/\/blog.olimar.de\/wp-content\/uploads\/2016\/10\/IMG_1692-1024x768.jpg 1024w, https:\/\/blog.olimar.de\/wp-content\/uploads\/2016\/10\/IMG_1692-300x225.jpg 300w, https:\/\/blog.olimar.de\/wp-content\/uploads\/2016\/10\/IMG_1692-768x576.jpg 768w\" sizes=\"auto, (max-width: 1024px) 100vw, 1024px\" \/><figcaption class=\"wp-element-caption\">Restaurant mit Meeresblick<\/figcaption><\/figure>\n<\/div>\n\n\n<p class=\"wp-block-paragraph\"><br>Nach einem weiteren Wander-Kilometer kommt der bei Surfern beliebte Strand Praia do Amado in Sicht. Von den Felsen oberhalb der Bucht l\u00e4sst sich das Spiel der Surfer gut beobachten. Der Parkplatz am Strandende ist \u00fcberv\u00f6lkert mit Bullis und Camping-Vans. Auch daran erkennt man, dass es sich beim Praia do Amado&nbsp; um einen absoluten Surfer Hot-Spot an der Algarve handelt.<\/p>\n\n\n<div class=\"wp-block-image\">\n<figure class=\"alignleft\"><img loading=\"lazy\" decoding=\"async\" width=\"1024\" height=\"768\" src=\"https:\/\/blog.olimar.de\/wp-content\/uploads\/2016\/10\/Praia-do-Amado-1024x768.jpg\" alt=\"Praia do Amado Meer Rota Vicentina\" class=\"wp-image-7580\" srcset=\"https:\/\/blog.olimar.de\/wp-content\/uploads\/2016\/10\/Praia-do-Amado-1024x768.jpg 1024w, https:\/\/blog.olimar.de\/wp-content\/uploads\/2016\/10\/Praia-do-Amado-300x225.jpg 300w, https:\/\/blog.olimar.de\/wp-content\/uploads\/2016\/10\/Praia-do-Amado-768x576.jpg 768w\" sizes=\"auto, (max-width: 1024px) 100vw, 1024px\" \/><figcaption class=\"wp-element-caption\">Praia do Amado<\/figcaption><\/figure>\n<\/div>\n\n\n<p class=\"wp-block-paragraph\"><br>Ein bisschen wehm\u00fctig ziehe ich weiter landeinw\u00e4rts. Der Rundwanderweg f\u00fchrt drei letzte Kilometer \u00fcber Schotterwege zur\u00fcck in das \u00d6rtchen Pontal da Carrapateira.<\/p>\n\n\n<div class=\"wp-block-image\">\n<figure class=\"alignleft is-resized\"><img loading=\"lazy\" decoding=\"async\" src=\"https:\/\/blog.olimar.de\/wp-content\/uploads\/2016\/10\/Fischerpfad-nach-Carrapateira-1024x768.jpg\" alt=\"Wanderweg: Fischerpfad Rota Vicentina nach Carrapateira\" class=\"wp-image-7581\" width=\"822\" height=\"616\" srcset=\"https:\/\/blog.olimar.de\/wp-content\/uploads\/2016\/10\/Fischerpfad-nach-Carrapateira-1024x768.jpg 1024w, https:\/\/blog.olimar.de\/wp-content\/uploads\/2016\/10\/Fischerpfad-nach-Carrapateira-300x225.jpg 300w, https:\/\/blog.olimar.de\/wp-content\/uploads\/2016\/10\/Fischerpfad-nach-Carrapateira-768x576.jpg 768w\" sizes=\"auto, (max-width: 822px) 100vw, 822px\" \/><figcaption class=\"wp-element-caption\">Wanderweg bis nach Pontal da Carrapateira<\/figcaption><\/figure>\n<\/div>\n\n\n<p class=\"wp-block-paragraph\"><br>Dort wartet Carlos auf mich f\u00fcr den allerletzten Transfer: Er bringt mich ins rund 40 Minuten entfernte Lagos an die Felsalgarve. Dort endet die Wanderwoche &#8220;<a href=\"https:\/\/rms.olimar.de\/code\/LISX49\" rel=\"noopener\">Panoramawandern entlang der Rota Vicentina<\/a>&#8221; mit einer letzten \u00dcbernachtung.<\/p>\n\n\n\n<p class=\"wp-block-paragraph\"><strong>Vorherige Tour: <a href=\"https:\/\/blog.olimar.de\/rota-vicentina-aljezur-arrifana\/\">Etappe 4: Aljezur bis Arrifana<\/a><\/strong><\/p>\n\n\n\n<div style=\"height:50px\" aria-hidden=\"true\" class=\"wp-block-spacer\"><\/div>\n\n\n\n<div class=\"wp-block-buttons is-layout-flex wp-block-buttons-is-layout-flex\">\n<div class=\"wp-block-button\"><a class=\"wp-block-button__link wp-element-button\" href=\"https:\/\/www.olimar.de\/hotellistung\/\">Jetzt Urlaubsangebote finden und buchen<\/a><\/div>\n<\/div>\n\n\n\n<div style=\"height:100px\" aria-hidden=\"true\" class=\"wp-block-spacer\"><\/div>\n","protected":false},"excerpt":{"rendered":"<p>Anfang Oktober unternahm ich die erste Wanderreise meines Lebens: \u201ePanoramawandern entlang der Rota Vicentina\u201c aus dem OLIMAR Reisen Programm. Informationen zu dem Weitwanderweg Rota Vicentina und meine gesammelten Eindr\u00fccke und das abschlie\u00dfende Fazit befinden sich hier. Fortsetzung Etappe 5: Rundwanderung Carrapateira Die letzte Etappe, der nur knapp 12 Kilometer lange Rundwanderweg namens Pontal da Carrapateira, kann als kr\u00f6nender Abschluss dieser Wanderwoche bezeichnet werden. Erstmals starte ich nicht von der Unterkunft aus. Stattdessen lerne ich Carlos, den bislang &#8220;unsichtbaren&#8221; Gep\u00e4ck-Chauffeur kennen. Heute bringt er nicht nur meinen Koffer, sondern auch mich im Minivan ins kleine St\u00e4dtchen Carrapateira. Von dort f\u00fchrt der Fischerpfad &hellip;<\/p>\n","protected":false},"author":1,"featured_media":7583,"comment_status":"open","ping_status":"open","sticky":false,"template":"","format":"standard","meta":{"_crdt_document":"","_lmt_disableupdate":"","_lmt_disable":"","footnotes":""},"categories":[29],"tags":[22,24,34],"class_list":["post-7570","post","type-post","status-publish","format-standard","has-post-thumbnail","hentry","category-aktiv-natur","tag-alentejo","tag-algarve","tag-portugal"],"yoast_head":"<!-- This site is optimized with the Yoast SEO plugin v26.9 - https:\/\/yoast.com\/product\/yoast-seo-wordpress\/ -->\n<title>Wandern auf der Rota Vicentina - Pontal da Carrapateira<\/title>\n<meta name=\"description\" content=\"Unsere Autorin hat die Rundwanderung Pontal da Carrapateira unternommen, die zum Wegenetz des Weitwanderweges Rota Vicentina geh\u00f6rt.\" \/>\n<meta name=\"robots\" content=\"index, follow, max-snippet:-1, max-image-preview:large, max-video-preview:-1\" \/>\n<link rel=\"canonical\" href=\"https:\/\/blog.olimar.de\/rota-vicentina-pontal-da-carrapateira\/\" \/>\n<meta property=\"og:locale\" content=\"de_DE\" \/>\n<meta property=\"og:type\" content=\"article\" \/>\n<meta property=\"og:title\" content=\"Wandern auf der Rota Vicentina - Pontal da Carrapateira\" \/>\n<meta property=\"og:description\" content=\"Unsere Autorin hat die Rundwanderung Pontal da Carrapateira unternommen, die zum Wegenetz des Weitwanderweges Rota Vicentina geh\u00f6rt.\" \/>\n<meta property=\"og:url\" content=\"https:\/\/blog.olimar.de\/rota-vicentina-pontal-da-carrapateira\/\" \/>\n<meta property=\"article:publisher\" content=\"https:\/\/www.facebook.com\/OlimarReisen\" \/>\n<meta property=\"article:published_time\" content=\"2016-10-09T12:24:30+00:00\" \/>\n<meta property=\"article:modified_time\" content=\"2023-01-16T20:27:52+00:00\" \/>\n<meta property=\"og:image\" content=\"https:\/\/blog.olimar.de\/wp-content\/uploads\/2016\/10\/Ausblick-Praia-Bordeira-1-e1518802309834.jpg\" \/>\n\t<meta property=\"og:image:width\" content=\"1000\" \/>\n\t<meta property=\"og:image:height\" content=\"750\" \/>\n\t<meta property=\"og:image:type\" content=\"image\/jpeg\" \/>\n<meta name=\"author\" content=\"Katharina\" \/>\n<meta name=\"twitter:label1\" content=\"Verfasst von\" \/>\n\t<meta name=\"twitter:data1\" content=\"Katharina\" \/>\n\t<meta name=\"twitter:label2\" content=\"Gesch\u00e4tzte Lesezeit\" \/>\n\t<meta name=\"twitter:data2\" content=\"6\u00a0Minuten\" \/>\n<script type=\"application\/ld+json\" class=\"yoast-schema-graph\">{\"@context\":\"https:\/\/schema.org\",\"@graph\":[{\"@type\":\"WebPage\",\"@id\":\"https:\/\/blog.olimar.de\/rota-vicentina-pontal-da-carrapateira\/\",\"url\":\"https:\/\/blog.olimar.de\/rota-vicentina-pontal-da-carrapateira\/\",\"name\":\"Wandern auf der Rota Vicentina - Pontal da Carrapateira\",\"isPartOf\":{\"@id\":\"https:\/\/blog.olimar.de\/#website\"},\"primaryImageOfPage\":{\"@id\":\"https:\/\/blog.olimar.de\/rota-vicentina-pontal-da-carrapateira\/#primaryimage\"},\"image\":{\"@id\":\"https:\/\/blog.olimar.de\/rota-vicentina-pontal-da-carrapateira\/#primaryimage\"},\"thumbnailUrl\":\"https:\/\/blog.olimar.de\/wp-content\/uploads\/2016\/10\/Ausblick-Praia-Bordeira-1-e1518802309834.jpg\",\"datePublished\":\"2016-10-09T12:24:30+00:00\",\"dateModified\":\"2023-01-16T20:27:52+00:00\",\"description\":\"Unsere Autorin hat die Rundwanderung Pontal da Carrapateira unternommen, die zum Wegenetz des Weitwanderweges Rota Vicentina geh\u00f6rt.\",\"breadcrumb\":{\"@id\":\"https:\/\/blog.olimar.de\/rota-vicentina-pontal-da-carrapateira\/#breadcrumb\"},\"inLanguage\":\"de\",\"potentialAction\":[{\"@type\":\"ReadAction\",\"target\":[\"https:\/\/blog.olimar.de\/rota-vicentina-pontal-da-carrapateira\/\"]}]},{\"@type\":\"ImageObject\",\"inLanguage\":\"de\",\"@id\":\"https:\/\/blog.olimar.de\/rota-vicentina-pontal-da-carrapateira\/#primaryimage\",\"url\":\"https:\/\/blog.olimar.de\/wp-content\/uploads\/2016\/10\/Ausblick-Praia-Bordeira-1-e1518802309834.jpg\",\"contentUrl\":\"https:\/\/blog.olimar.de\/wp-content\/uploads\/2016\/10\/Ausblick-Praia-Bordeira-1-e1518802309834.jpg\",\"width\":1000,\"height\":750,\"caption\":\"Ausblick Praia Bordeira\"},{\"@type\":\"BreadcrumbList\",\"@id\":\"https:\/\/blog.olimar.de\/rota-vicentina-pontal-da-carrapateira\/#breadcrumb\",\"itemListElement\":[{\"@type\":\"ListItem\",\"position\":1,\"name\":\"Home\",\"item\":\"https:\/\/blog.olimar.de\/\"},{\"@type\":\"ListItem\",\"position\":2,\"name\":\"Alentejo\",\"item\":\"https:\/\/blog.olimar.de\/tag\/alentejo\/\"},{\"@type\":\"ListItem\",\"position\":3,\"name\":\"Wandern auf der Rota Vicentina &#8211; Rundwanderung Pontal da Carrapateira\"}]},{\"@type\":\"WebSite\",\"@id\":\"https:\/\/blog.olimar.de\/#website\",\"url\":\"https:\/\/blog.olimar.de\/\",\"name\":\"OLIMAR.com\",\"description\":\"\",\"publisher\":{\"@id\":\"https:\/\/blog.olimar.de\/#organization\"},\"potentialAction\":[{\"@type\":\"SearchAction\",\"target\":{\"@type\":\"EntryPoint\",\"urlTemplate\":\"https:\/\/blog.olimar.de\/?s={search_term_string}\"},\"query-input\":{\"@type\":\"PropertyValueSpecification\",\"valueRequired\":true,\"valueName\":\"search_term_string\"}}],\"inLanguage\":\"de\"},{\"@type\":\"Organization\",\"@id\":\"https:\/\/blog.olimar.de\/#organization\",\"name\":\"OLIMAR Reisen\",\"url\":\"https:\/\/blog.olimar.de\/\",\"logo\":{\"@type\":\"ImageObject\",\"inLanguage\":\"de\",\"@id\":\"https:\/\/blog.olimar.de\/#\/schema\/logo\/image\/\",\"url\":\"https:\/\/blog.olimar.de\/wp-content\/uploads\/2021\/01\/OLIMAR_Logo_COLOR.png\",\"contentUrl\":\"https:\/\/blog.olimar.de\/wp-content\/uploads\/2021\/01\/OLIMAR_Logo_COLOR.png\",\"width\":2000,\"height\":986,\"caption\":\"OLIMAR Reisen\"},\"image\":{\"@id\":\"https:\/\/blog.olimar.de\/#\/schema\/logo\/image\/\"},\"sameAs\":[\"https:\/\/www.facebook.com\/OlimarReisen\",\"https:\/\/x.com\/olimarrreisen\",\"https:\/\/www.instagram.com\/olimarreisen\",\"https:\/\/www.youtube.com\/user\/olimarreisen\"]}]}<\/script>\n<!-- \/ Yoast SEO plugin. -->","yoast_head_json":{"title":"Wandern auf der Rota Vicentina - Pontal da Carrapateira","description":"Unsere Autorin hat die Rundwanderung Pontal da Carrapateira unternommen, die zum Wegenetz des Weitwanderweges Rota Vicentina geh\u00f6rt.","robots":{"index":"index","follow":"follow","max-snippet":"max-snippet:-1","max-image-preview":"max-image-preview:large","max-video-preview":"max-video-preview:-1"},"canonical":"https:\/\/blog.olimar.de\/rota-vicentina-pontal-da-carrapateira\/","og_locale":"de_DE","og_type":"article","og_title":"Wandern auf der Rota Vicentina - Pontal da Carrapateira","og_description":"Unsere Autorin hat die Rundwanderung Pontal da Carrapateira unternommen, die zum Wegenetz des Weitwanderweges Rota Vicentina geh\u00f6rt.","og_url":"https:\/\/blog.olimar.de\/rota-vicentina-pontal-da-carrapateira\/","article_publisher":"https:\/\/www.facebook.com\/OlimarReisen","article_published_time":"2016-10-09T12:24:30+00:00","article_modified_time":"2023-01-16T20:27:52+00:00","og_image":[{"width":1000,"height":750,"url":"https:\/\/blog.olimar.de\/wp-content\/uploads\/2016\/10\/Ausblick-Praia-Bordeira-1-e1518802309834.jpg","type":"image\/jpeg"}],"author":"Katharina","twitter_misc":{"Verfasst von":"Katharina","Gesch\u00e4tzte Lesezeit":"6\u00a0Minuten"},"schema":{"@context":"https:\/\/schema.org","@graph":[{"@type":"WebPage","@id":"https:\/\/blog.olimar.de\/rota-vicentina-pontal-da-carrapateira\/","url":"https:\/\/blog.olimar.de\/rota-vicentina-pontal-da-carrapateira\/","name":"Wandern auf der Rota Vicentina - Pontal da Carrapateira","isPartOf":{"@id":"https:\/\/blog.olimar.de\/#website"},"primaryImageOfPage":{"@id":"https:\/\/blog.olimar.de\/rota-vicentina-pontal-da-carrapateira\/#primaryimage"},"image":{"@id":"https:\/\/blog.olimar.de\/rota-vicentina-pontal-da-carrapateira\/#primaryimage"},"thumbnailUrl":"https:\/\/blog.olimar.de\/wp-content\/uploads\/2016\/10\/Ausblick-Praia-Bordeira-1-e1518802309834.jpg","datePublished":"2016-10-09T12:24:30+00:00","dateModified":"2023-01-16T20:27:52+00:00","description":"Unsere Autorin hat die Rundwanderung Pontal da Carrapateira unternommen, die zum Wegenetz des Weitwanderweges Rota Vicentina geh\u00f6rt.","breadcrumb":{"@id":"https:\/\/blog.olimar.de\/rota-vicentina-pontal-da-carrapateira\/#breadcrumb"},"inLanguage":"de","potentialAction":[{"@type":"ReadAction","target":["https:\/\/blog.olimar.de\/rota-vicentina-pontal-da-carrapateira\/"]}]},{"@type":"ImageObject","inLanguage":"de","@id":"https:\/\/blog.olimar.de\/rota-vicentina-pontal-da-carrapateira\/#primaryimage","url":"https:\/\/blog.olimar.de\/wp-content\/uploads\/2016\/10\/Ausblick-Praia-Bordeira-1-e1518802309834.jpg","contentUrl":"https:\/\/blog.olimar.de\/wp-content\/uploads\/2016\/10\/Ausblick-Praia-Bordeira-1-e1518802309834.jpg","width":1000,"height":750,"caption":"Ausblick Praia Bordeira"},{"@type":"BreadcrumbList","@id":"https:\/\/blog.olimar.de\/rota-vicentina-pontal-da-carrapateira\/#breadcrumb","itemListElement":[{"@type":"ListItem","position":1,"name":"Home","item":"https:\/\/blog.olimar.de\/"},{"@type":"ListItem","position":2,"name":"Alentejo","item":"https:\/\/blog.olimar.de\/tag\/alentejo\/"},{"@type":"ListItem","position":3,"name":"Wandern auf der Rota Vicentina &#8211; Rundwanderung Pontal da Carrapateira"}]},{"@type":"WebSite","@id":"https:\/\/blog.olimar.de\/#website","url":"https:\/\/blog.olimar.de\/","name":"OLIMAR.com","description":"","publisher":{"@id":"https:\/\/blog.olimar.de\/#organization"},"potentialAction":[{"@type":"SearchAction","target":{"@type":"EntryPoint","urlTemplate":"https:\/\/blog.olimar.de\/?s={search_term_string}"},"query-input":{"@type":"PropertyValueSpecification","valueRequired":true,"valueName":"search_term_string"}}],"inLanguage":"de"},{"@type":"Organization","@id":"https:\/\/blog.olimar.de\/#organization","name":"OLIMAR Reisen","url":"https:\/\/blog.olimar.de\/","logo":{"@type":"ImageObject","inLanguage":"de","@id":"https:\/\/blog.olimar.de\/#\/schema\/logo\/image\/","url":"https:\/\/blog.olimar.de\/wp-content\/uploads\/2021\/01\/OLIMAR_Logo_COLOR.png","contentUrl":"https:\/\/blog.olimar.de\/wp-content\/uploads\/2021\/01\/OLIMAR_Logo_COLOR.png","width":2000,"height":986,"caption":"OLIMAR Reisen"},"image":{"@id":"https:\/\/blog.olimar.de\/#\/schema\/logo\/image\/"},"sameAs":["https:\/\/www.facebook.com\/OlimarReisen","https:\/\/x.com\/olimarrreisen","https:\/\/www.instagram.com\/olimarreisen","https:\/\/www.youtube.com\/user\/olimarreisen"]}]}},"modified_by":"Lena Radermacher","jetpack_featured_media_url":"https:\/\/blog.olimar.de\/wp-content\/uploads\/2016\/10\/Ausblick-Praia-Bordeira-1-e1518802309834.jpg","_links":{"self":[{"href":"https:\/\/blog.olimar.de\/wp-json\/wp\/v2\/posts\/7570","targetHints":{"allow":["GET"]}}],"collection":[{"href":"https:\/\/blog.olimar.de\/wp-json\/wp\/v2\/posts"}],"about":[{"href":"https:\/\/blog.olimar.de\/wp-json\/wp\/v2\/types\/post"}],"author":[{"embeddable":true,"href":"https:\/\/blog.olimar.de\/wp-json\/wp\/v2\/users\/1"}],"replies":[{"embeddable":true,"href":"https:\/\/blog.olimar.de\/wp-json\/wp\/v2\/comments?post=7570"}],"version-history":[{"count":13,"href":"https:\/\/blog.olimar.de\/wp-json\/wp\/v2\/posts\/7570\/revisions"}],"predecessor-version":[{"id":23707,"href":"https:\/\/blog.olimar.de\/wp-json\/wp\/v2\/posts\/7570\/revisions\/23707"}],"wp:featuredmedia":[{"embeddable":true,"href":"https:\/\/blog.olimar.de\/wp-json\/wp\/v2\/media\/7583"}],"wp:attachment":[{"href":"https:\/\/blog.olimar.de\/wp-json\/wp\/v2\/media?parent=7570"}],"wp:term":[{"taxonomy":"category","embeddable":true,"href":"https:\/\/blog.olimar.de\/wp-json\/wp\/v2\/categories?post=7570"},{"taxonomy":"post_tag","embeddable":true,"href":"https:\/\/blog.olimar.de\/wp-json\/wp\/v2\/tags?post=7570"}],"curies":[{"name":"wp","href":"https:\/\/api.w.org\/{rel}","templated":true}]}}