{"id":7641,"date":"2016-10-27T18:24:49","date_gmt":"2016-10-27T16:24:49","guid":{"rendered":"https:\/\/blog.olimar.de\/?p=7641"},"modified":"2023-06-15T11:50:20","modified_gmt":"2023-06-15T10:50:20","slug":"reisekataloge-2017","status":"publish","type":"post","link":"https:\/\/blog.olimar.de\/reisekataloge-2017\/","title":{"rendered":"Die OLIMAR Reisekataloge 2017 sind da"},"content":{"rendered":"\n<figure class=\"wp-block-pullquote\"><blockquote><p><strong>Liebe LeserInnen, die Informationen auf dieser Seite k\u00f6nnen veraltet und nicht aktualisiert sein. Aktuelles finden Sie <a href=\"https:\/\/www.olimar.de\/aktuelles\/\" target=\"_blank\" rel=\"noreferrer noopener\">hier<\/a><\/strong>.<\/p><cite>Ihr OLIMAR Team<\/cite><\/blockquote><\/figure>\n\n\n<p class=\"intro\">Seit heute halten wir sie in den H\u00e4nden: die druckfrischen OLIMAR Reisektaloge 2017.\u00a0 Sie sind ab sofort gratis bestellbar. Noch schneller durchbl\u00e4ttern lassen sich die drei Kataloge online &#8211; entweder \u00fcber unsere bl\u00e4tterbare Online-Version oder \u00fcber unsere kostenlose Katalog-App.<\/p>\n<p>So geht&#8217;s zu den neuen OLIMAR Reisekatalogen:<\/p>\n<p style=\"padding-left: 30px;\"><a href=\"https:\/\/www.olimar.de\/kataloge\/\" target=\"_blank\" rel=\"noopener\">OLIMAR Kataloge per Post bestellen<\/a><\/p>\n<h3 class=\"intro\">\u00a0<\/h3>\n<hr \/>\n<h3 class=\"intro\"><strong>OLIMAR Reisekatalog &#8220;Das ist Portugal 2017&#8221; mit Madeira, Porto Santo, Azoren und Kapverden<\/strong><\/h3>\n<p><strong>Einige Neuheiten:<\/strong><\/p>\n<p><img loading=\"lazy\" decoding=\"async\" class=\"alignleft size-medium wp-image-7659\" src=\"https:\/\/blog.olimar.de\/wp-content\/uploads\/2016\/10\/OLIMAR_Katalogtitel2017-Portugal_210x280_RGB-S-225x300.jpg\" alt=\"olimar_katalogtitel2017-portugal_210x280_rgb-s\" width=\"225\" height=\"300\" srcset=\"https:\/\/blog.olimar.de\/wp-content\/uploads\/2016\/10\/OLIMAR_Katalogtitel2017-Portugal_210x280_RGB-S-225x300.jpg 225w, https:\/\/blog.olimar.de\/wp-content\/uploads\/2016\/10\/OLIMAR_Katalogtitel2017-Portugal_210x280_RGB-S-420x560.jpg 420w, https:\/\/blog.olimar.de\/wp-content\/uploads\/2016\/10\/OLIMAR_Katalogtitel2017-Portugal_210x280_RGB-S.jpg 595w\" sizes=\"auto, (max-width: 225px) 100vw, 225px\" \/><\/p>\n<ul>\n<li>Nonstop-Fl\u00fcge mit Condor ab Frankfurt und D\u00fcsseldorf auf Madeiras Nachbarinsel <a href=\"https:\/\/www.olimar.de\/portugal\/porto-santo\/\" target=\"_blank\" rel=\"noopener\">Porto Santo<\/a><\/li>\n<li>Zahlreiche neue Flugverbindungen mit Eurowings und Germania an die <a href=\"https:\/\/www.olimar.de\/portugal\/algarve\/\" target=\"_blank\" rel=\"noopener\">Algarve<\/a><\/li>\n<li>Nonstop-Flug mit Lufthansa samstags ab Frankfurt nach <a href=\"https:\/\/www.olimar.de\/portugal\/madeira\/\" target=\"_blank\" rel=\"noopener\">Madeira<\/a><\/li>\n<li>Bew\u00e4hrte Gruppenreise zum Blumenfest auf Madeira jetzt neu mit inkludierter Trib\u00fcnenkarte f\u00fcr die gro\u00dfe Parade am 7. Mai<\/li>\n<li>\u00dcber 60 neue Hotels<\/li>\n<li>Neue Reise &#8220;Deluxe-Kurztrip nach Porto und ins Dourotal&#8221;<\/li>\n<\/ul>\n<hr \/>\n<h3 class=\"intro\"><strong>OLIMAR Reisekatalog &#8220;Grandioses Spanien 2017&#8221; mit Mallorca, Ibiza und Kanaren<\/strong><\/h3>\n<p><strong>Einige Neuheiten:<\/strong><\/p>\n<p><img loading=\"lazy\" decoding=\"async\" class=\"alignleft size-medium wp-image-7660\" src=\"https:\/\/blog.olimar.de\/wp-content\/uploads\/2016\/10\/OLIMAR_Katalogtitel2017-Spanien_210x280_RGB-S-225x300.jpg\" alt=\"olimar_katalogtitel2017-spanien_210x280_rgb-s\" width=\"225\" height=\"300\" srcset=\"https:\/\/blog.olimar.de\/wp-content\/uploads\/2016\/10\/OLIMAR_Katalogtitel2017-Spanien_210x280_RGB-S-225x300.jpg 225w, https:\/\/blog.olimar.de\/wp-content\/uploads\/2016\/10\/OLIMAR_Katalogtitel2017-Spanien_210x280_RGB-S-420x560.jpg 420w, https:\/\/blog.olimar.de\/wp-content\/uploads\/2016\/10\/OLIMAR_Katalogtitel2017-Spanien_210x280_RGB-S.jpg 595w\" sizes=\"auto, (max-width: 225px) 100vw, 225px\" \/><\/p>\n<ul>\n<li>S\u00e4mtliche spanischen <a href=\"https:\/\/www.olimar.de\/paradores\/\" target=\"_blank\" rel=\"noopener\">Paradores<\/a> buchbar<\/li>\n<li>Ausbau der attraktiven City- und Ausflugspakete, u. a. in Madrid, Barcelona, M\u00e1laga, Sevilla und Granada<\/li>\n<li>Zahlreiche neue Rund- und Erlebnisprogramme, z. B. &#8220;Wandern auf dem Jakobsweg (Portugiesischer Weg) mit Gep\u00e4cktransport&#8221; oder 5-t\u00e4gige Genussreise &#8220;Mallorca, Trauminsel f\u00fcr Genie\u00dfer&#8221;<\/li>\n<li>Rund 40 neue Kataloghotels<\/li>\n<li>Deutlicher Ausbau des <a href=\"https:\/\/www.olimar.de\/spanien\/balearen\/mallorca\/\" target=\"_blank\" rel=\"noopener\">Mallorca<\/a>-Programms, mit Schwerpunkt auf Palma de Mallorca, Nordk\u00fcste und Finca-Hotels<\/li>\n<\/ul>\n<hr \/>\n<h3 class=\"intro\"><strong>OLIMAR Reisekatalog &#8220;Malerisches Italien 2017&#8221; mit Kroatien, S\u00fcdfrankreich, Korsika<\/strong><\/h3>\n<p><strong>Einige Neuheiten:<\/strong><\/p>\n<p><img loading=\"lazy\" decoding=\"async\" class=\"alignleft size-medium wp-image-7661\" src=\"https:\/\/blog.olimar.de\/wp-content\/uploads\/2016\/10\/OLIMAR_Katalogtitel2017-Italien_210x280_RGB-S-225x300.jpg\" alt=\"olimar_katalogtitel2017-italien_210x280_rgb-s\" width=\"225\" height=\"300\" srcset=\"https:\/\/blog.olimar.de\/wp-content\/uploads\/2016\/10\/OLIMAR_Katalogtitel2017-Italien_210x280_RGB-S-225x300.jpg 225w, https:\/\/blog.olimar.de\/wp-content\/uploads\/2016\/10\/OLIMAR_Katalogtitel2017-Italien_210x280_RGB-S-420x560.jpg 420w, https:\/\/blog.olimar.de\/wp-content\/uploads\/2016\/10\/OLIMAR_Katalogtitel2017-Italien_210x280_RGB-S.jpg 595w\" sizes=\"auto, (max-width: 225px) 100vw, 225px\" \/><\/p>\n<ul>\n<li>Ausbau des Italien-Programms in den Regionen Kampanien\/Apulien<\/li>\n<li>108 neue Hotels (davon 53 im Katalog, 55 ausschlie\u00dflich online)<\/li>\n<li>Attraktive neue Rund- und Erlebnisreisen, darunter die Mietwagen-Rundreise &#8220;Siziliens Westen und seine Weine&#8221; oder &#8220;H\u00f6hepunkte des Golfs von Neapel&#8221;<\/li>\n<li>Ausbau des Kreuzfahrten-Programms in <a href=\"https:\/\/www.olimar.de\/kroatien\/\" target=\"_blank\" rel=\"noopener\">Kroatien<\/a><\/li>\n<li>30 neue Hotels in Kroatien<\/li>\n<li>15 neue Hotels in S\u00fcdfrankreich, darunter einige sehr besondere Charme Hotels in der Provence<\/li>\n<\/ul>","protected":false},"excerpt":{"rendered":"<p>Liebe LeserInnen, die Informationen auf dieser Seite k\u00f6nnen veraltet und nicht aktualisiert sein. Aktuelles finden Sie hier. Ihr OLIMAR Team Seit heute halten wir sie in den H\u00e4nden: die druckfrischen OLIMAR Reisektaloge 2017.\u00a0 Sie sind ab sofort gratis bestellbar. Noch schneller durchbl\u00e4ttern lassen sich die drei Kataloge online &#8211; entweder \u00fcber unsere bl\u00e4tterbare Online-Version oder \u00fcber unsere kostenlose Katalog-App. So geht&#8217;s zu den neuen OLIMAR Reisekatalogen: OLIMAR Kataloge per Post bestellen \u00a0 OLIMAR Reisekatalog &#8220;Das ist Portugal 2017&#8221; mit Madeira, Porto Santo, Azoren und Kapverden Einige Neuheiten: Nonstop-Fl\u00fcge mit Condor ab Frankfurt und D\u00fcsseldorf auf Madeiras Nachbarinsel Porto Santo Zahlreiche neue &hellip;<\/p>\n","protected":false},"author":9,"featured_media":7642,"comment_status":"open","ping_status":"open","sticky":false,"template":"","format":"standard","meta":{"_crdt_document":"","_lmt_disableupdate":"","_lmt_disable":"","footnotes":""},"categories":[49],"tags":[],"class_list":["post-7641","post","type-post","status-publish","format-standard","has-post-thumbnail","hentry","category-olimar-inside"],"yoast_head":"<!-- This site is optimized with the Yoast SEO plugin v26.9 - https:\/\/yoast.com\/product\/yoast-seo-wordpress\/ -->\n<title>Reisekataloge 2017 - Ihr Traumurlaub mit OLIMAR<\/title>\n<meta name=\"description\" content=\"Die OLIMAR Reisekataloge 2017 sind da. St\u00f6bern Sie durch unsere Reiseangebote, Rundreisen, Golfreisen und viele weitere Angebote.\" \/>\n<meta name=\"robots\" content=\"index, follow, max-snippet:-1, max-image-preview:large, max-video-preview:-1\" \/>\n<link rel=\"canonical\" href=\"https:\/\/blog.olimar.de\/reisekataloge-2017\/\" \/>\n<meta property=\"og:locale\" content=\"de_DE\" \/>\n<meta property=\"og:type\" content=\"article\" \/>\n<meta property=\"og:title\" content=\"Reisekataloge 2017 - Ihr Traumurlaub mit OLIMAR\" \/>\n<meta property=\"og:description\" content=\"Die OLIMAR Reisekataloge 2017 sind da. St\u00f6bern Sie durch unsere Reiseangebote, Rundreisen, Golfreisen und viele weitere Angebote.\" \/>\n<meta property=\"og:url\" content=\"https:\/\/blog.olimar.de\/reisekataloge-2017\/\" \/>\n<meta property=\"article:publisher\" content=\"https:\/\/www.facebook.com\/OlimarReisen\" \/>\n<meta property=\"article:published_time\" content=\"2016-10-27T16:24:49+00:00\" \/>\n<meta property=\"article:modified_time\" content=\"2023-06-15T10:50:20+00:00\" \/>\n<meta property=\"og:image\" content=\"https:\/\/blog.olimar.de\/wp-content\/uploads\/2016\/10\/Kataloge-im-Umfeld-2017-RGB-small.jpg\" \/>\n\t<meta property=\"og:image:width\" content=\"842\" \/>\n\t<meta property=\"og:image:height\" content=\"595\" \/>\n\t<meta property=\"og:image:type\" content=\"image\/jpeg\" \/>\n<meta name=\"author\" content=\"OLIMAR Redaktionsteam\" \/>\n<meta name=\"twitter:label1\" content=\"Verfasst von\" \/>\n\t<meta name=\"twitter:data1\" content=\"OLIMAR Redaktionsteam\" \/>\n\t<meta name=\"twitter:label2\" content=\"Gesch\u00e4tzte Lesezeit\" \/>\n\t<meta name=\"twitter:data2\" content=\"3\u00a0Minuten\" \/>\n<script type=\"application\/ld+json\" class=\"yoast-schema-graph\">{\"@context\":\"https:\/\/schema.org\",\"@graph\":[{\"@type\":\"WebPage\",\"@id\":\"https:\/\/blog.olimar.de\/reisekataloge-2017\/\",\"url\":\"https:\/\/blog.olimar.de\/reisekataloge-2017\/\",\"name\":\"Reisekataloge 2017 - Ihr Traumurlaub mit OLIMAR\",\"isPartOf\":{\"@id\":\"https:\/\/blog.olimar.de\/#website\"},\"primaryImageOfPage\":{\"@id\":\"https:\/\/blog.olimar.de\/reisekataloge-2017\/#primaryimage\"},\"image\":{\"@id\":\"https:\/\/blog.olimar.de\/reisekataloge-2017\/#primaryimage\"},\"thumbnailUrl\":\"https:\/\/blog.olimar.de\/wp-content\/uploads\/2016\/10\/Kataloge-im-Umfeld-2017-RGB-small.jpg\",\"datePublished\":\"2016-10-27T16:24:49+00:00\",\"dateModified\":\"2023-06-15T10:50:20+00:00\",\"description\":\"Die OLIMAR Reisekataloge 2017 sind da. St\u00f6bern Sie durch unsere Reiseangebote, Rundreisen, Golfreisen und viele weitere Angebote.\",\"breadcrumb\":{\"@id\":\"https:\/\/blog.olimar.de\/reisekataloge-2017\/#breadcrumb\"},\"inLanguage\":\"de\",\"potentialAction\":[{\"@type\":\"ReadAction\",\"target\":[\"https:\/\/blog.olimar.de\/reisekataloge-2017\/\"]}]},{\"@type\":\"ImageObject\",\"inLanguage\":\"de\",\"@id\":\"https:\/\/blog.olimar.de\/reisekataloge-2017\/#primaryimage\",\"url\":\"https:\/\/blog.olimar.de\/wp-content\/uploads\/2016\/10\/Kataloge-im-Umfeld-2017-RGB-small.jpg\",\"contentUrl\":\"https:\/\/blog.olimar.de\/wp-content\/uploads\/2016\/10\/Kataloge-im-Umfeld-2017-RGB-small.jpg\",\"width\":842,\"height\":595,\"caption\":\"OLIMAR Reisekataloge 2017\"},{\"@type\":\"BreadcrumbList\",\"@id\":\"https:\/\/blog.olimar.de\/reisekataloge-2017\/#breadcrumb\",\"itemListElement\":[{\"@type\":\"ListItem\",\"position\":1,\"name\":\"Home\",\"item\":\"https:\/\/blog.olimar.de\/\"},{\"@type\":\"ListItem\",\"position\":2,\"name\":\"Die OLIMAR Reisekataloge 2017 sind da\"}]},{\"@type\":\"WebSite\",\"@id\":\"https:\/\/blog.olimar.de\/#website\",\"url\":\"https:\/\/blog.olimar.de\/\",\"name\":\"OLIMAR.com\",\"description\":\"\",\"publisher\":{\"@id\":\"https:\/\/blog.olimar.de\/#organization\"},\"potentialAction\":[{\"@type\":\"SearchAction\",\"target\":{\"@type\":\"EntryPoint\",\"urlTemplate\":\"https:\/\/blog.olimar.de\/?s={search_term_string}\"},\"query-input\":{\"@type\":\"PropertyValueSpecification\",\"valueRequired\":true,\"valueName\":\"search_term_string\"}}],\"inLanguage\":\"de\"},{\"@type\":\"Organization\",\"@id\":\"https:\/\/blog.olimar.de\/#organization\",\"name\":\"OLIMAR Reisen\",\"url\":\"https:\/\/blog.olimar.de\/\",\"logo\":{\"@type\":\"ImageObject\",\"inLanguage\":\"de\",\"@id\":\"https:\/\/blog.olimar.de\/#\/schema\/logo\/image\/\",\"url\":\"https:\/\/blog.olimar.de\/wp-content\/uploads\/2021\/01\/OLIMAR_Logo_COLOR.png\",\"contentUrl\":\"https:\/\/blog.olimar.de\/wp-content\/uploads\/2021\/01\/OLIMAR_Logo_COLOR.png\",\"width\":2000,\"height\":986,\"caption\":\"OLIMAR Reisen\"},\"image\":{\"@id\":\"https:\/\/blog.olimar.de\/#\/schema\/logo\/image\/\"},\"sameAs\":[\"https:\/\/www.facebook.com\/OlimarReisen\",\"https:\/\/x.com\/olimarrreisen\",\"https:\/\/www.instagram.com\/olimarreisen\",\"https:\/\/www.youtube.com\/user\/olimarreisen\"]}]}<\/script>\n<!-- \/ Yoast SEO plugin. -->","yoast_head_json":{"title":"Reisekataloge 2017 - Ihr Traumurlaub mit OLIMAR","description":"Die OLIMAR Reisekataloge 2017 sind da. St\u00f6bern Sie durch unsere Reiseangebote, Rundreisen, Golfreisen und viele weitere Angebote.","robots":{"index":"index","follow":"follow","max-snippet":"max-snippet:-1","max-image-preview":"max-image-preview:large","max-video-preview":"max-video-preview:-1"},"canonical":"https:\/\/blog.olimar.de\/reisekataloge-2017\/","og_locale":"de_DE","og_type":"article","og_title":"Reisekataloge 2017 - Ihr Traumurlaub mit OLIMAR","og_description":"Die OLIMAR Reisekataloge 2017 sind da. St\u00f6bern Sie durch unsere Reiseangebote, Rundreisen, Golfreisen und viele weitere Angebote.","og_url":"https:\/\/blog.olimar.de\/reisekataloge-2017\/","article_publisher":"https:\/\/www.facebook.com\/OlimarReisen","article_published_time":"2016-10-27T16:24:49+00:00","article_modified_time":"2023-06-15T10:50:20+00:00","og_image":[{"width":842,"height":595,"url":"https:\/\/blog.olimar.de\/wp-content\/uploads\/2016\/10\/Kataloge-im-Umfeld-2017-RGB-small.jpg","type":"image\/jpeg"}],"author":"OLIMAR Redaktionsteam","twitter_misc":{"Verfasst von":"OLIMAR Redaktionsteam","Gesch\u00e4tzte Lesezeit":"3\u00a0Minuten"},"schema":{"@context":"https:\/\/schema.org","@graph":[{"@type":"WebPage","@id":"https:\/\/blog.olimar.de\/reisekataloge-2017\/","url":"https:\/\/blog.olimar.de\/reisekataloge-2017\/","name":"Reisekataloge 2017 - Ihr Traumurlaub mit OLIMAR","isPartOf":{"@id":"https:\/\/blog.olimar.de\/#website"},"primaryImageOfPage":{"@id":"https:\/\/blog.olimar.de\/reisekataloge-2017\/#primaryimage"},"image":{"@id":"https:\/\/blog.olimar.de\/reisekataloge-2017\/#primaryimage"},"thumbnailUrl":"https:\/\/blog.olimar.de\/wp-content\/uploads\/2016\/10\/Kataloge-im-Umfeld-2017-RGB-small.jpg","datePublished":"2016-10-27T16:24:49+00:00","dateModified":"2023-06-15T10:50:20+00:00","description":"Die OLIMAR Reisekataloge 2017 sind da. St\u00f6bern Sie durch unsere Reiseangebote, Rundreisen, Golfreisen und viele weitere Angebote.","breadcrumb":{"@id":"https:\/\/blog.olimar.de\/reisekataloge-2017\/#breadcrumb"},"inLanguage":"de","potentialAction":[{"@type":"ReadAction","target":["https:\/\/blog.olimar.de\/reisekataloge-2017\/"]}]},{"@type":"ImageObject","inLanguage":"de","@id":"https:\/\/blog.olimar.de\/reisekataloge-2017\/#primaryimage","url":"https:\/\/blog.olimar.de\/wp-content\/uploads\/2016\/10\/Kataloge-im-Umfeld-2017-RGB-small.jpg","contentUrl":"https:\/\/blog.olimar.de\/wp-content\/uploads\/2016\/10\/Kataloge-im-Umfeld-2017-RGB-small.jpg","width":842,"height":595,"caption":"OLIMAR Reisekataloge 2017"},{"@type":"BreadcrumbList","@id":"https:\/\/blog.olimar.de\/reisekataloge-2017\/#breadcrumb","itemListElement":[{"@type":"ListItem","position":1,"name":"Home","item":"https:\/\/blog.olimar.de\/"},{"@type":"ListItem","position":2,"name":"Die OLIMAR Reisekataloge 2017 sind da"}]},{"@type":"WebSite","@id":"https:\/\/blog.olimar.de\/#website","url":"https:\/\/blog.olimar.de\/","name":"OLIMAR.com","description":"","publisher":{"@id":"https:\/\/blog.olimar.de\/#organization"},"potentialAction":[{"@type":"SearchAction","target":{"@type":"EntryPoint","urlTemplate":"https:\/\/blog.olimar.de\/?s={search_term_string}"},"query-input":{"@type":"PropertyValueSpecification","valueRequired":true,"valueName":"search_term_string"}}],"inLanguage":"de"},{"@type":"Organization","@id":"https:\/\/blog.olimar.de\/#organization","name":"OLIMAR Reisen","url":"https:\/\/blog.olimar.de\/","logo":{"@type":"ImageObject","inLanguage":"de","@id":"https:\/\/blog.olimar.de\/#\/schema\/logo\/image\/","url":"https:\/\/blog.olimar.de\/wp-content\/uploads\/2021\/01\/OLIMAR_Logo_COLOR.png","contentUrl":"https:\/\/blog.olimar.de\/wp-content\/uploads\/2021\/01\/OLIMAR_Logo_COLOR.png","width":2000,"height":986,"caption":"OLIMAR Reisen"},"image":{"@id":"https:\/\/blog.olimar.de\/#\/schema\/logo\/image\/"},"sameAs":["https:\/\/www.facebook.com\/OlimarReisen","https:\/\/x.com\/olimarrreisen","https:\/\/www.instagram.com\/olimarreisen","https:\/\/www.youtube.com\/user\/olimarreisen"]}]}},"modified_by":"Julia Windh\u00f6vel","jetpack_featured_media_url":"https:\/\/blog.olimar.de\/wp-content\/uploads\/2016\/10\/Kataloge-im-Umfeld-2017-RGB-small.jpg","_links":{"self":[{"href":"https:\/\/blog.olimar.de\/wp-json\/wp\/v2\/posts\/7641","targetHints":{"allow":["GET"]}}],"collection":[{"href":"https:\/\/blog.olimar.de\/wp-json\/wp\/v2\/posts"}],"about":[{"href":"https:\/\/blog.olimar.de\/wp-json\/wp\/v2\/types\/post"}],"author":[{"embeddable":true,"href":"https:\/\/blog.olimar.de\/wp-json\/wp\/v2\/users\/9"}],"replies":[{"embeddable":true,"href":"https:\/\/blog.olimar.de\/wp-json\/wp\/v2\/comments?post=7641"}],"version-history":[{"count":24,"href":"https:\/\/blog.olimar.de\/wp-json\/wp\/v2\/posts\/7641\/revisions"}],"predecessor-version":[{"id":19195,"href":"https:\/\/blog.olimar.de\/wp-json\/wp\/v2\/posts\/7641\/revisions\/19195"}],"wp:featuredmedia":[{"embeddable":true,"href":"https:\/\/blog.olimar.de\/wp-json\/wp\/v2\/media\/7642"}],"wp:attachment":[{"href":"https:\/\/blog.olimar.de\/wp-json\/wp\/v2\/media?parent=7641"}],"wp:term":[{"taxonomy":"category","embeddable":true,"href":"https:\/\/blog.olimar.de\/wp-json\/wp\/v2\/categories?post=7641"},{"taxonomy":"post_tag","embeddable":true,"href":"https:\/\/blog.olimar.de\/wp-json\/wp\/v2\/tags?post=7641"}],"curies":[{"name":"wp","href":"https:\/\/api.w.org\/{rel}","templated":true}]}}