{"id":765,"date":"2015-01-09T14:28:08","date_gmt":"2015-01-09T12:28:08","guid":{"rendered":"https:\/\/blog.olimar.de\/?p=765"},"modified":"2024-11-12T11:16:07","modified_gmt":"2024-11-12T10:16:07","slug":"junge-und-moderne-szene-in-funchal","status":"publish","type":"post","link":"https:\/\/blog.olimar.de\/junge-und-moderne-szene-in-funchal\/","title":{"rendered":"Junge und moderne Szene in Funchal"},"content":{"rendered":"\n<p><strong>Bei meiner dritten <a href=\"https:\/\/www.olimar.de\/portugal\/madeira\/\" target=\"_blank\" rel=\"noopener\">Madeira Reise<\/a> habe ich mir endlich einmal einen ganzen Tag Zeit genommen, um die Inselhauptstadt <a href=\"https:\/\/www.olimar.de\/portugal\/madeira\/funchal\/\" rel=\"noopener\">Funchal<\/a> ausgiebig und in Ruhe zu erkunden. Und wie ich schon vermutet hatte: Es hat sich gelohnt und war im R\u00fcckblick sogar einer der sch\u00f6nsten Urlaubstage! Besonders beeindruckend ist die Streetart in Funchal, der man st\u00e4ndig \u00fcber den Weg l\u00e4uft.&nbsp;<\/strong><\/p>\n\n\n\n<div class=\"wp-block-buttons is-layout-flex wp-block-buttons-is-layout-flex\">\n<div class=\"wp-block-button\"><a class=\"wp-block-button__link wp-element-button\" href=\"https:\/\/www.olimar.de\/portugal\/madeira\/funchal\/\">Funchal Urlaub Angebote<\/a><\/div>\n<\/div>\n\n\n\n<div style=\"height:25px\" aria-hidden=\"true\" class=\"wp-block-spacer\"><\/div>\n\n\n\n<div class=\"wide-content\">\n<p>Ausgehend vom zentralen Busbahnhof in Funchals Altstadt habe ich mich relativ plan- und ziellos durch die gem\u00fctlichen, schwarz-wei\u00df gepflasterten G\u00e4sschen, Fu\u00dfg\u00e4nger-Zonen, Parks und Pl\u00e4tze treiben lassen. Mit vielen Stopps in <strong>h\u00fcbschen Model\u00e4dchen<\/strong> (wie sch\u00f6n, endlich mal nicht die \u00fcblichen Fu\u00dfg\u00e4ngerzonen-Einheits-Mode-Ketten aus Schweden\/spanien\/ etc. \u00fcberall zu sehen), in <strong>Stra\u00dfencaf\u00e9s<\/strong> zum leckeren Gal\u00e3o, und auf Parkb\u00e4nken zum Verschnaufen und Meerblick-Genie\u00dfen.<\/p>\n<\/div>\n\n\n\n<figure class=\"wp-block-gallery has-nested-images columns-3 is-cropped wp-block-gallery-1 is-layout-flex wp-block-gallery-is-layout-flex\">\n<figure class=\"wp-block-image size-large\"><img loading=\"lazy\" decoding=\"async\" width=\"1024\" height=\"1024\" data-id=\"768\" src=\"https:\/\/blog.olimar.de\/wp-content\/uploads\/2015\/02\/Altstadtpl\u00e4tzchen_Funchal-1024x1024.jpg\" alt=\"Platz in der Altstadt von Funchal\" class=\"wp-image-768\" srcset=\"https:\/\/blog.olimar.de\/wp-content\/uploads\/2015\/02\/Altstadtpl\u00e4tzchen_Funchal.jpg 1024w, https:\/\/blog.olimar.de\/wp-content\/uploads\/2015\/02\/Altstadtpl\u00e4tzchen_Funchal-150x150.jpg 150w, https:\/\/blog.olimar.de\/wp-content\/uploads\/2015\/02\/Altstadtpl\u00e4tzchen_Funchal-300x300.jpg 300w, https:\/\/blog.olimar.de\/wp-content\/uploads\/2015\/02\/Altstadtpl\u00e4tzchen_Funchal-120x120.jpg 120w\" sizes=\"auto, (max-width: 1024px) 100vw, 1024px\" \/><figcaption class=\"wp-element-caption\">Platz in der Altstadt<\/figcaption><\/figure>\n\n\n\n<figure class=\"wp-block-image size-large\"><img loading=\"lazy\" decoding=\"async\" width=\"1024\" height=\"1024\" data-id=\"769\" src=\"https:\/\/blog.olimar.de\/wp-content\/uploads\/2015\/02\/Fu\u00dfg\u00e4ngerzone_Funchal-1024x1024.jpg\" alt=\"Fu\u00dfg\u00e4ngerzone in Funchal\" class=\"wp-image-769\" srcset=\"https:\/\/blog.olimar.de\/wp-content\/uploads\/2015\/02\/Fu\u00dfg\u00e4ngerzone_Funchal.jpg 1024w, https:\/\/blog.olimar.de\/wp-content\/uploads\/2015\/02\/Fu\u00dfg\u00e4ngerzone_Funchal-150x150.jpg 150w, https:\/\/blog.olimar.de\/wp-content\/uploads\/2015\/02\/Fu\u00dfg\u00e4ngerzone_Funchal-300x300.jpg 300w, https:\/\/blog.olimar.de\/wp-content\/uploads\/2015\/02\/Fu\u00dfg\u00e4ngerzone_Funchal-120x120.jpg 120w\" sizes=\"auto, (max-width: 1024px) 100vw, 1024px\" \/><figcaption class=\"wp-element-caption\">Fu\u00dfg\u00e4ngerzone<\/figcaption><\/figure>\n\n\n\n<figure class=\"wp-block-image size-large\"><img loading=\"lazy\" decoding=\"async\" width=\"1024\" height=\"1024\" data-id=\"770\" src=\"https:\/\/blog.olimar.de\/wp-content\/uploads\/2015\/02\/G\u00e4sschen_Funchal-1024x1024.jpg\" alt=\"Kleine Gassen mit Restaurants in Funchal\" class=\"wp-image-770\" srcset=\"https:\/\/blog.olimar.de\/wp-content\/uploads\/2015\/02\/G\u00e4sschen_Funchal.jpg 1024w, https:\/\/blog.olimar.de\/wp-content\/uploads\/2015\/02\/G\u00e4sschen_Funchal-150x150.jpg 150w, https:\/\/blog.olimar.de\/wp-content\/uploads\/2015\/02\/G\u00e4sschen_Funchal-300x300.jpg 300w, https:\/\/blog.olimar.de\/wp-content\/uploads\/2015\/02\/G\u00e4sschen_Funchal-120x120.jpg 120w\" sizes=\"auto, (max-width: 1024px) 100vw, 1024px\" \/><figcaption class=\"wp-element-caption\">Gasse mit Restaurants<\/figcaption><\/figure>\n\n\n\n<figure class=\"wp-block-image size-large\"><img loading=\"lazy\" decoding=\"async\" width=\"1024\" height=\"1024\" data-id=\"771\" src=\"https:\/\/blog.olimar.de\/wp-content\/uploads\/2015\/02\/Restaurant_O_Jango_Funchal-1024x1024.jpg\" alt=\"Restaurant O Jango in Funchal\" class=\"wp-image-771\" srcset=\"https:\/\/blog.olimar.de\/wp-content\/uploads\/2015\/02\/Restaurant_O_Jango_Funchal.jpg 1024w, https:\/\/blog.olimar.de\/wp-content\/uploads\/2015\/02\/Restaurant_O_Jango_Funchal-150x150.jpg 150w, https:\/\/blog.olimar.de\/wp-content\/uploads\/2015\/02\/Restaurant_O_Jango_Funchal-300x300.jpg 300w, https:\/\/blog.olimar.de\/wp-content\/uploads\/2015\/02\/Restaurant_O_Jango_Funchal-120x120.jpg 120w\" sizes=\"auto, (max-width: 1024px) 100vw, 1024px\" \/><figcaption class=\"wp-element-caption\">Restaurtant O Jango<\/figcaption><\/figure>\n\n\n\n<figure class=\"wp-block-image size-large\"><img loading=\"lazy\" decoding=\"async\" width=\"1024\" height=\"1024\" data-id=\"772\" src=\"https:\/\/blog.olimar.de\/wp-content\/uploads\/2015\/02\/Tea_House_Funchal-1024x1024.jpg\" alt=\"Tea House in Funchal Madeira\" class=\"wp-image-772\" srcset=\"https:\/\/blog.olimar.de\/wp-content\/uploads\/2015\/02\/Tea_House_Funchal.jpg 1024w, https:\/\/blog.olimar.de\/wp-content\/uploads\/2015\/02\/Tea_House_Funchal-150x150.jpg 150w, https:\/\/blog.olimar.de\/wp-content\/uploads\/2015\/02\/Tea_House_Funchal-300x300.jpg 300w, https:\/\/blog.olimar.de\/wp-content\/uploads\/2015\/02\/Tea_House_Funchal-120x120.jpg 120w\" sizes=\"auto, (max-width: 1024px) 100vw, 1024px\" \/><figcaption class=\"wp-element-caption\">Tea House in Funchal<\/figcaption><\/figure>\n<\/figure>\n\n\n\n<div style=\"height:25px\" aria-hidden=\"true\" class=\"wp-block-spacer\"><\/div>\n\n\n\n<p>Mein absolutes Highlight in Funchal war jedoch das Viertel rund um die<strong> Rua de Santa Maria<\/strong>, im westlichen Teil der Altstadt. Mir wurde erz\u00e4hlt, dass dieses Viertel bis vor einigen Jahren ein eher heruntergekommenes Rand-Viertel mit gro\u00dfer Armut, Kriminalit\u00e4t und Drogen-Problemen war. Ab 2010 hat jedoch unter anderem das Projekt <strong>\u201eartE pORtas abErtas\u201c<\/strong>, was ungef\u00e4hr <strong>Projekt der offenen T\u00fcren<\/strong> bedeutet, dazu beigetragen, dass aus dem Viertel eine sehr hippe, sehenswerte Gegend entstanden ist.<\/p>\n<p>Denn an unz\u00e4hligen T\u00fcren haben sich Streetart K\u00fcnstler*innen verewigt. Und so kann man tats\u00e4chlich einen ganzen Vormittag damit verbringen, von T\u00fcr zu T\u00fcr zu bummeln, Gem\u00e4lde und aufwendige Urban-Art-Installationen anzusehen und zu fotografieren. Streetart in Funchal ist wirklich sehr sehenswert und einen Besuch wert.&nbsp;<\/p>\n\n\n\n<figure class=\"wp-block-gallery has-nested-images columns-3 is-cropped wp-block-gallery-2 is-layout-flex wp-block-gallery-is-layout-flex\">\n<figure class=\"wp-block-image size-large\"><img loading=\"lazy\" decoding=\"async\" width=\"1024\" height=\"1024\" data-id=\"774\" src=\"https:\/\/blog.olimar.de\/wp-content\/uploads\/2015\/02\/Streetart_Funchal-1024x1024.jpg\" alt=\"Bemalte T\u00fcren in Funchal Streetart\" class=\"wp-image-774\" srcset=\"https:\/\/blog.olimar.de\/wp-content\/uploads\/2015\/02\/Streetart_Funchal.jpg 1024w, https:\/\/blog.olimar.de\/wp-content\/uploads\/2015\/02\/Streetart_Funchal-150x150.jpg 150w, https:\/\/blog.olimar.de\/wp-content\/uploads\/2015\/02\/Streetart_Funchal-300x300.jpg 300w, https:\/\/blog.olimar.de\/wp-content\/uploads\/2015\/02\/Streetart_Funchal-120x120.jpg 120w\" sizes=\"auto, (max-width: 1024px) 100vw, 1024px\" \/><figcaption class=\"wp-element-caption\">Streetart<\/figcaption><\/figure>\n\n\n\n<figure class=\"wp-block-image size-large\"><img loading=\"lazy\" decoding=\"async\" width=\"1024\" height=\"1024\" data-id=\"775\" src=\"https:\/\/blog.olimar.de\/wp-content\/uploads\/2015\/02\/Streetart_Hauswand_Funchal-1024x1024.jpg\" alt=\"Streetart Hauswand Funchal\" class=\"wp-image-775\" srcset=\"https:\/\/blog.olimar.de\/wp-content\/uploads\/2015\/02\/Streetart_Hauswand_Funchal.jpg 1024w, https:\/\/blog.olimar.de\/wp-content\/uploads\/2015\/02\/Streetart_Hauswand_Funchal-150x150.jpg 150w, https:\/\/blog.olimar.de\/wp-content\/uploads\/2015\/02\/Streetart_Hauswand_Funchal-300x300.jpg 300w, https:\/\/blog.olimar.de\/wp-content\/uploads\/2015\/02\/Streetart_Hauswand_Funchal-120x120.jpg 120w\" sizes=\"auto, (max-width: 1024px) 100vw, 1024px\" \/><figcaption class=\"wp-element-caption\">Hauswand mit Streetart<\/figcaption><\/figure>\n\n\n\n<figure class=\"wp-block-image size-large\"><img loading=\"lazy\" decoding=\"async\" width=\"1024\" height=\"1024\" data-id=\"776\" src=\"https:\/\/blog.olimar.de\/wp-content\/uploads\/2015\/02\/Streetart_Kleiner_Prinz_Funchal-1024x1024.jpg\" alt=\"Gem\u00e4lde Kleiner Prinz auf einer Haust\u00fcr Streetart Funchal\" class=\"wp-image-776\" srcset=\"https:\/\/blog.olimar.de\/wp-content\/uploads\/2015\/02\/Streetart_Kleiner_Prinz_Funchal.jpg 1024w, https:\/\/blog.olimar.de\/wp-content\/uploads\/2015\/02\/Streetart_Kleiner_Prinz_Funchal-150x150.jpg 150w, https:\/\/blog.olimar.de\/wp-content\/uploads\/2015\/02\/Streetart_Kleiner_Prinz_Funchal-300x300.jpg 300w, https:\/\/blog.olimar.de\/wp-content\/uploads\/2015\/02\/Streetart_Kleiner_Prinz_Funchal-120x120.jpg 120w\" sizes=\"auto, (max-width: 1024px) 100vw, 1024px\" \/><figcaption class=\"wp-element-caption\">Kleiner Prinz auf einer Haust\u00fcr<\/figcaption><\/figure>\n\n\n\n<figure class=\"wp-block-image size-large\"><img loading=\"lazy\" decoding=\"async\" width=\"1024\" height=\"1024\" data-id=\"777\" src=\"https:\/\/blog.olimar.de\/wp-content\/uploads\/2015\/02\/Streetart_Portraits_Funchal-1024x1024.jpg\" alt=\"Streetart Funchal, Madeira\" class=\"wp-image-777\" srcset=\"https:\/\/blog.olimar.de\/wp-content\/uploads\/2015\/02\/Streetart_Portraits_Funchal.jpg 1024w, https:\/\/blog.olimar.de\/wp-content\/uploads\/2015\/02\/Streetart_Portraits_Funchal-150x150.jpg 150w, https:\/\/blog.olimar.de\/wp-content\/uploads\/2015\/02\/Streetart_Portraits_Funchal-300x300.jpg 300w, https:\/\/blog.olimar.de\/wp-content\/uploads\/2015\/02\/Streetart_Portraits_Funchal-120x120.jpg 120w\" sizes=\"auto, (max-width: 1024px) 100vw, 1024px\" \/><figcaption class=\"wp-element-caption\">Gesichter als Streetart Vorlage<\/figcaption><\/figure>\n\n\n\n<figure class=\"wp-block-image size-large\"><img loading=\"lazy\" decoding=\"async\" width=\"1024\" height=\"1024\" data-id=\"778\" src=\"https:\/\/blog.olimar.de\/wp-content\/uploads\/2015\/02\/Streetart_T\u00fcr_Funchal-1024x1024.jpg\" alt=\"Streetart in Funchal\" class=\"wp-image-778\" srcset=\"https:\/\/blog.olimar.de\/wp-content\/uploads\/2015\/02\/Streetart_T\u00fcr_Funchal.jpg 1024w, https:\/\/blog.olimar.de\/wp-content\/uploads\/2015\/02\/Streetart_T\u00fcr_Funchal-150x150.jpg 150w, https:\/\/blog.olimar.de\/wp-content\/uploads\/2015\/02\/Streetart_T\u00fcr_Funchal-300x300.jpg 300w, https:\/\/blog.olimar.de\/wp-content\/uploads\/2015\/02\/Streetart_T\u00fcr_Funchal-120x120.jpg 120w\" sizes=\"auto, (max-width: 1024px) 100vw, 1024px\" \/><figcaption class=\"wp-element-caption\">Streetart<\/figcaption><\/figure>\n<\/figure>\n\n\n\n<p>Es gibt einen Artikel von der S\u00fcddeutschen Zeitung mit Infos und Fotos dazu. Dieser hei\u00dft<strong> <span class=\"css-1tm5due\" data-manual=\"overline\">Street-Art in Funchal auf Madeira<\/span><span class=\"css-1gql5uu\">: <\/span><span class=\"css-1bhnxuf\" data-manual=\"title\">T\u00fcr\u00f6ffner f\u00fcr die Phantasie, <\/span><\/strong><span class=\"css-1bhnxuf\" data-manual=\"title\">und ist von 2012. <\/span>Ein wirklich tolles Projekt &#8211; ich h\u00e4tte so ein tolles Kunstprojekt \u00fcberall, aber nicht auf dem beschaulichen Madeira erwartet&#8230; Was f\u00fcr ein Gewinn f\u00fcr Funchal!<\/p>\n<p>Mit den Kunstschaffenden, kamen in den vergangenen Jahren auch die <strong>Bar- und Restaurant-Betreibende<\/strong> in das Viertel zur\u00fcck. Und so findet man hinter den kunstvoll gestalteten T\u00fcren und teilweise vor sich hin br\u00f6ckelnde Mauern sowohl ganz urige, \u00fcber Generationen gef\u00fchrte Handwerksbetriebe, als auch sehr moderne und trendige Bars, Galerien und Restaurants.<\/p>\n<h2>Restaurant Tipp<\/h2>\n<p>Ein Restaurant, am westlichen Ende der Streetart Zone, kann ich ganz besonders empfehlen. Das Restaurante <strong>\u201eRiso &#8211; Risotteria del Mundo\u201c<\/strong>. Wie der Name schon sagt, drehen sich hier alle Gerichte rund um den Reis. Die Speisekarte liest sich auch extrem lecker. Zum Essen kann ich jedoch gar nichts sagen, daf\u00fcr hat mir der Wein umso besser geschmeckt. Und den habe ich auf der phantastischen Terrasse direkt \u00fcberm tosenden Meer genossen.<\/p>\n<h3>Fazit: Streetart in Funchal<\/h3>\n<p>Fest steht, dass ich hier bei meinem n\u00e4chsten Madeira-Urlaub (der kommt bestimmt!) unbedingt abends essen gehen werde. Und danach dann einen Poncha-Absacker in einer der hippen Bars der<strong> Rua de Santa Maria<\/strong>\u2026 Denn das Nachtleben von Funchal hat einiges zu bieten, s. Sonnenseiten-Artikel <a href=\"https:\/\/blog.olimar.de\/ausgehen-in-funchal\/\">&#8220;Nighlife-Tipps f\u00fcr Funchal&#8221;<\/a>.<\/p>\n\n\n\n<figure class=\"wp-block-gallery has-nested-images columns-3 is-cropped wp-block-gallery-3 is-layout-flex wp-block-gallery-is-layout-flex\">\n<figure class=\"wp-block-image size-large\"><img loading=\"lazy\" decoding=\"async\" width=\"1024\" height=\"1024\" data-id=\"779\" src=\"https:\/\/blog.olimar.de\/wp-content\/uploads\/2015\/02\/Blick_auf_Riso_Funchal-1024x1024.jpg\" alt=\"Terrasse Restaurant Riso Funchal\" class=\"wp-image-779\" srcset=\"https:\/\/blog.olimar.de\/wp-content\/uploads\/2015\/02\/Blick_auf_Riso_Funchal.jpg 1024w, https:\/\/blog.olimar.de\/wp-content\/uploads\/2015\/02\/Blick_auf_Riso_Funchal-150x150.jpg 150w, https:\/\/blog.olimar.de\/wp-content\/uploads\/2015\/02\/Blick_auf_Riso_Funchal-300x300.jpg 300w, https:\/\/blog.olimar.de\/wp-content\/uploads\/2015\/02\/Blick_auf_Riso_Funchal-120x120.jpg 120w\" sizes=\"auto, (max-width: 1024px) 100vw, 1024px\" \/><figcaption class=\"wp-element-caption\">Terrasse vom Restaurant<\/figcaption><\/figure>\n\n\n\n<figure class=\"wp-block-image size-large\"><img loading=\"lazy\" decoding=\"async\" width=\"1024\" height=\"1024\" data-id=\"780\" src=\"https:\/\/blog.olimar.de\/wp-content\/uploads\/2015\/02\/Terrasse_Riso_Funchal-1024x1024.jpg\" alt=\"Terrasse mit Weinglas Restaurant Riso Funchal Madeira\" class=\"wp-image-780\" srcset=\"https:\/\/blog.olimar.de\/wp-content\/uploads\/2015\/02\/Terrasse_Riso_Funchal.jpg 1024w, https:\/\/blog.olimar.de\/wp-content\/uploads\/2015\/02\/Terrasse_Riso_Funchal-150x150.jpg 150w, https:\/\/blog.olimar.de\/wp-content\/uploads\/2015\/02\/Terrasse_Riso_Funchal-300x300.jpg 300w, https:\/\/blog.olimar.de\/wp-content\/uploads\/2015\/02\/Terrasse_Riso_Funchal-120x120.jpg 120w\" sizes=\"auto, (max-width: 1024px) 100vw, 1024px\" \/><figcaption class=\"wp-element-caption\">Ausblick auf das Meer von der Terrasse des Restaurant\u00b4s<\/figcaption><\/figure>\n<\/figure>\n\n\n\n<div style=\"height:14px\" aria-hidden=\"true\" class=\"wp-block-spacer\"><\/div>\n\n\n\n<div class=\"wp-block-buttons is-layout-flex wp-block-buttons-is-layout-flex\">\n<div class=\"wp-block-button\"><a class=\"wp-block-button__link wp-element-button\" href=\"https:\/\/www.olimar.de\/hotellistung\/\">Jetzt Urlaubsangebote finden und buchen<\/a><\/div>\n<\/div>\n\n\n\n<div style=\"height:100px\" aria-hidden=\"true\" class=\"wp-block-spacer\"><\/div>\n","protected":false},"excerpt":{"rendered":"<p>Bei meiner dritten Madeira Reise habe ich mir endlich einmal einen ganzen Tag Zeit genommen, um die Inselhauptstadt Funchal ausgiebig und in Ruhe zu erkunden. Und wie ich schon vermutet hatte: Es hat sich gelohnt und war im R\u00fcckblick sogar einer der sch\u00f6nsten Urlaubstage! Besonders beeindruckend ist die Streetart in Funchal, der man st\u00e4ndig \u00fcber den Weg l\u00e4uft.&nbsp; Ausgehend vom zentralen Busbahnhof in Funchals Altstadt habe ich mich relativ plan- und ziellos durch die gem\u00fctlichen, schwarz-wei\u00df gepflasterten G\u00e4sschen, Fu\u00dfg\u00e4nger-Zonen, Parks und Pl\u00e4tze treiben lassen. Mit vielen Stopps in h\u00fcbschen Model\u00e4dchen (wie sch\u00f6n, endlich mal nicht die \u00fcblichen Fu\u00dfg\u00e4ngerzonen-Einheits-Mode-Ketten aus Schweden\/spanien\/ etc. &hellip;<\/p>\n","protected":false},"author":1,"featured_media":777,"comment_status":"open","ping_status":"open","sticky":false,"template":"","format":"standard","meta":{"_crdt_document":"","_lmt_disableupdate":"","_lmt_disable":"","footnotes":""},"categories":[28],"tags":[21,34],"class_list":["post-765","post","type-post","status-publish","format-standard","has-post-thumbnail","hentry","category-kunst-kultur","tag-madeira","tag-portugal"],"yoast_head":"<!-- This site is optimized with the Yoast SEO plugin v26.9 - https:\/\/yoast.com\/product\/yoast-seo-wordpress\/ -->\n<title>Junge &quot;Szene&quot; in Funchal - Olimar Sonnenseiten<\/title>\n<meta name=\"description\" content=\"Unsere Autorin Katharina berichtet von Ihrer Entdeckungstour mit der faszinierenden Streetart in Funchal. Lies hier den ausf\u00fchrlichen Bericht.\" \/>\n<meta name=\"robots\" content=\"index, follow, max-snippet:-1, max-image-preview:large, max-video-preview:-1\" \/>\n<link rel=\"canonical\" href=\"https:\/\/blog.olimar.de\/junge-und-moderne-szene-in-funchal\/\" \/>\n<meta property=\"og:locale\" content=\"de_DE\" \/>\n<meta property=\"og:type\" content=\"article\" \/>\n<meta property=\"og:title\" content=\"Junge &quot;Szene&quot; in Funchal - Olimar Sonnenseiten\" \/>\n<meta property=\"og:description\" content=\"Unsere Autorin Katharina berichtet von Ihrer Entdeckungstour mit der faszinierenden Streetart in Funchal. Lies hier den ausf\u00fchrlichen Bericht.\" \/>\n<meta property=\"og:url\" content=\"https:\/\/blog.olimar.de\/junge-und-moderne-szene-in-funchal\/\" \/>\n<meta property=\"article:publisher\" content=\"https:\/\/www.facebook.com\/OlimarReisen\" \/>\n<meta property=\"article:published_time\" content=\"2015-01-09T12:28:08+00:00\" \/>\n<meta property=\"article:modified_time\" content=\"2024-11-12T10:16:07+00:00\" \/>\n<meta property=\"og:image\" content=\"https:\/\/blog.olimar.de\/wp-content\/uploads\/2015\/02\/Streetart_Portraits_Funchal.jpg\" \/>\n\t<meta property=\"og:image:width\" content=\"1024\" \/>\n\t<meta property=\"og:image:height\" content=\"1024\" \/>\n\t<meta property=\"og:image:type\" content=\"image\/jpeg\" \/>\n<meta name=\"author\" content=\"Katharina\" \/>\n<meta name=\"twitter:label1\" content=\"Verfasst von\" \/>\n\t<meta name=\"twitter:data1\" content=\"Katharina\" \/>\n\t<meta name=\"twitter:label2\" content=\"Gesch\u00e4tzte Lesezeit\" \/>\n\t<meta name=\"twitter:data2\" content=\"6\u00a0Minuten\" \/>\n<script type=\"application\/ld+json\" class=\"yoast-schema-graph\">{\"@context\":\"https:\/\/schema.org\",\"@graph\":[{\"@type\":\"WebPage\",\"@id\":\"https:\/\/blog.olimar.de\/junge-und-moderne-szene-in-funchal\/\",\"url\":\"https:\/\/blog.olimar.de\/junge-und-moderne-szene-in-funchal\/\",\"name\":\"Junge \\\"Szene\\\" in Funchal - Olimar Sonnenseiten\",\"isPartOf\":{\"@id\":\"https:\/\/blog.olimar.de\/#website\"},\"primaryImageOfPage\":{\"@id\":\"https:\/\/blog.olimar.de\/junge-und-moderne-szene-in-funchal\/#primaryimage\"},\"image\":{\"@id\":\"https:\/\/blog.olimar.de\/junge-und-moderne-szene-in-funchal\/#primaryimage\"},\"thumbnailUrl\":\"https:\/\/blog.olimar.de\/wp-content\/uploads\/2015\/02\/Streetart_Portraits_Funchal.jpg\",\"datePublished\":\"2015-01-09T12:28:08+00:00\",\"dateModified\":\"2024-11-12T10:16:07+00:00\",\"description\":\"Unsere Autorin Katharina berichtet von Ihrer Entdeckungstour mit der faszinierenden Streetart in Funchal. Lies hier den ausf\u00fchrlichen Bericht.\",\"breadcrumb\":{\"@id\":\"https:\/\/blog.olimar.de\/junge-und-moderne-szene-in-funchal\/#breadcrumb\"},\"inLanguage\":\"de\",\"potentialAction\":[{\"@type\":\"ReadAction\",\"target\":[\"https:\/\/blog.olimar.de\/junge-und-moderne-szene-in-funchal\/\"]}]},{\"@type\":\"ImageObject\",\"inLanguage\":\"de\",\"@id\":\"https:\/\/blog.olimar.de\/junge-und-moderne-szene-in-funchal\/#primaryimage\",\"url\":\"https:\/\/blog.olimar.de\/wp-content\/uploads\/2015\/02\/Streetart_Portraits_Funchal.jpg\",\"contentUrl\":\"https:\/\/blog.olimar.de\/wp-content\/uploads\/2015\/02\/Streetart_Portraits_Funchal.jpg\",\"width\":1024,\"height\":1024,\"caption\":\"Streetart Funchal, Madeira\"},{\"@type\":\"BreadcrumbList\",\"@id\":\"https:\/\/blog.olimar.de\/junge-und-moderne-szene-in-funchal\/#breadcrumb\",\"itemListElement\":[{\"@type\":\"ListItem\",\"position\":1,\"name\":\"Home\",\"item\":\"https:\/\/blog.olimar.de\/\"},{\"@type\":\"ListItem\",\"position\":2,\"name\":\"Madeira\",\"item\":\"https:\/\/blog.olimar.de\/tag\/madeira\/\"},{\"@type\":\"ListItem\",\"position\":3,\"name\":\"Junge und moderne Szene in Funchal\"}]},{\"@type\":\"WebSite\",\"@id\":\"https:\/\/blog.olimar.de\/#website\",\"url\":\"https:\/\/blog.olimar.de\/\",\"name\":\"OLIMAR.com\",\"description\":\"\",\"publisher\":{\"@id\":\"https:\/\/blog.olimar.de\/#organization\"},\"potentialAction\":[{\"@type\":\"SearchAction\",\"target\":{\"@type\":\"EntryPoint\",\"urlTemplate\":\"https:\/\/blog.olimar.de\/?s={search_term_string}\"},\"query-input\":{\"@type\":\"PropertyValueSpecification\",\"valueRequired\":true,\"valueName\":\"search_term_string\"}}],\"inLanguage\":\"de\"},{\"@type\":\"Organization\",\"@id\":\"https:\/\/blog.olimar.de\/#organization\",\"name\":\"OLIMAR Reisen\",\"url\":\"https:\/\/blog.olimar.de\/\",\"logo\":{\"@type\":\"ImageObject\",\"inLanguage\":\"de\",\"@id\":\"https:\/\/blog.olimar.de\/#\/schema\/logo\/image\/\",\"url\":\"https:\/\/blog.olimar.de\/wp-content\/uploads\/2021\/01\/OLIMAR_Logo_COLOR.png\",\"contentUrl\":\"https:\/\/blog.olimar.de\/wp-content\/uploads\/2021\/01\/OLIMAR_Logo_COLOR.png\",\"width\":2000,\"height\":986,\"caption\":\"OLIMAR Reisen\"},\"image\":{\"@id\":\"https:\/\/blog.olimar.de\/#\/schema\/logo\/image\/\"},\"sameAs\":[\"https:\/\/www.facebook.com\/OlimarReisen\",\"https:\/\/x.com\/olimarrreisen\",\"https:\/\/www.instagram.com\/olimarreisen\",\"https:\/\/www.youtube.com\/user\/olimarreisen\"]}]}<\/script>\n<!-- \/ Yoast SEO plugin. -->","yoast_head_json":{"title":"Junge \"Szene\" in Funchal - Olimar Sonnenseiten","description":"Unsere Autorin Katharina berichtet von Ihrer Entdeckungstour mit der faszinierenden Streetart in Funchal. Lies hier den ausf\u00fchrlichen Bericht.","robots":{"index":"index","follow":"follow","max-snippet":"max-snippet:-1","max-image-preview":"max-image-preview:large","max-video-preview":"max-video-preview:-1"},"canonical":"https:\/\/blog.olimar.de\/junge-und-moderne-szene-in-funchal\/","og_locale":"de_DE","og_type":"article","og_title":"Junge \"Szene\" in Funchal - Olimar Sonnenseiten","og_description":"Unsere Autorin Katharina berichtet von Ihrer Entdeckungstour mit der faszinierenden Streetart in Funchal. Lies hier den ausf\u00fchrlichen Bericht.","og_url":"https:\/\/blog.olimar.de\/junge-und-moderne-szene-in-funchal\/","article_publisher":"https:\/\/www.facebook.com\/OlimarReisen","article_published_time":"2015-01-09T12:28:08+00:00","article_modified_time":"2024-11-12T10:16:07+00:00","og_image":[{"width":1024,"height":1024,"url":"https:\/\/blog.olimar.de\/wp-content\/uploads\/2015\/02\/Streetart_Portraits_Funchal.jpg","type":"image\/jpeg"}],"author":"Katharina","twitter_misc":{"Verfasst von":"Katharina","Gesch\u00e4tzte Lesezeit":"6\u00a0Minuten"},"schema":{"@context":"https:\/\/schema.org","@graph":[{"@type":"WebPage","@id":"https:\/\/blog.olimar.de\/junge-und-moderne-szene-in-funchal\/","url":"https:\/\/blog.olimar.de\/junge-und-moderne-szene-in-funchal\/","name":"Junge \"Szene\" in Funchal - Olimar Sonnenseiten","isPartOf":{"@id":"https:\/\/blog.olimar.de\/#website"},"primaryImageOfPage":{"@id":"https:\/\/blog.olimar.de\/junge-und-moderne-szene-in-funchal\/#primaryimage"},"image":{"@id":"https:\/\/blog.olimar.de\/junge-und-moderne-szene-in-funchal\/#primaryimage"},"thumbnailUrl":"https:\/\/blog.olimar.de\/wp-content\/uploads\/2015\/02\/Streetart_Portraits_Funchal.jpg","datePublished":"2015-01-09T12:28:08+00:00","dateModified":"2024-11-12T10:16:07+00:00","description":"Unsere Autorin Katharina berichtet von Ihrer Entdeckungstour mit der faszinierenden Streetart in Funchal. Lies hier den ausf\u00fchrlichen Bericht.","breadcrumb":{"@id":"https:\/\/blog.olimar.de\/junge-und-moderne-szene-in-funchal\/#breadcrumb"},"inLanguage":"de","potentialAction":[{"@type":"ReadAction","target":["https:\/\/blog.olimar.de\/junge-und-moderne-szene-in-funchal\/"]}]},{"@type":"ImageObject","inLanguage":"de","@id":"https:\/\/blog.olimar.de\/junge-und-moderne-szene-in-funchal\/#primaryimage","url":"https:\/\/blog.olimar.de\/wp-content\/uploads\/2015\/02\/Streetart_Portraits_Funchal.jpg","contentUrl":"https:\/\/blog.olimar.de\/wp-content\/uploads\/2015\/02\/Streetart_Portraits_Funchal.jpg","width":1024,"height":1024,"caption":"Streetart Funchal, Madeira"},{"@type":"BreadcrumbList","@id":"https:\/\/blog.olimar.de\/junge-und-moderne-szene-in-funchal\/#breadcrumb","itemListElement":[{"@type":"ListItem","position":1,"name":"Home","item":"https:\/\/blog.olimar.de\/"},{"@type":"ListItem","position":2,"name":"Madeira","item":"https:\/\/blog.olimar.de\/tag\/madeira\/"},{"@type":"ListItem","position":3,"name":"Junge und moderne Szene in Funchal"}]},{"@type":"WebSite","@id":"https:\/\/blog.olimar.de\/#website","url":"https:\/\/blog.olimar.de\/","name":"OLIMAR.com","description":"","publisher":{"@id":"https:\/\/blog.olimar.de\/#organization"},"potentialAction":[{"@type":"SearchAction","target":{"@type":"EntryPoint","urlTemplate":"https:\/\/blog.olimar.de\/?s={search_term_string}"},"query-input":{"@type":"PropertyValueSpecification","valueRequired":true,"valueName":"search_term_string"}}],"inLanguage":"de"},{"@type":"Organization","@id":"https:\/\/blog.olimar.de\/#organization","name":"OLIMAR Reisen","url":"https:\/\/blog.olimar.de\/","logo":{"@type":"ImageObject","inLanguage":"de","@id":"https:\/\/blog.olimar.de\/#\/schema\/logo\/image\/","url":"https:\/\/blog.olimar.de\/wp-content\/uploads\/2021\/01\/OLIMAR_Logo_COLOR.png","contentUrl":"https:\/\/blog.olimar.de\/wp-content\/uploads\/2021\/01\/OLIMAR_Logo_COLOR.png","width":2000,"height":986,"caption":"OLIMAR Reisen"},"image":{"@id":"https:\/\/blog.olimar.de\/#\/schema\/logo\/image\/"},"sameAs":["https:\/\/www.facebook.com\/OlimarReisen","https:\/\/x.com\/olimarrreisen","https:\/\/www.instagram.com\/olimarreisen","https:\/\/www.youtube.com\/user\/olimarreisen"]}]}},"modified_by":"Julia Windh\u00f6vel","jetpack_featured_media_url":"https:\/\/blog.olimar.de\/wp-content\/uploads\/2015\/02\/Streetart_Portraits_Funchal.jpg","_links":{"self":[{"href":"https:\/\/blog.olimar.de\/wp-json\/wp\/v2\/posts\/765","targetHints":{"allow":["GET"]}}],"collection":[{"href":"https:\/\/blog.olimar.de\/wp-json\/wp\/v2\/posts"}],"about":[{"href":"https:\/\/blog.olimar.de\/wp-json\/wp\/v2\/types\/post"}],"author":[{"embeddable":true,"href":"https:\/\/blog.olimar.de\/wp-json\/wp\/v2\/users\/1"}],"replies":[{"embeddable":true,"href":"https:\/\/blog.olimar.de\/wp-json\/wp\/v2\/comments?post=765"}],"version-history":[{"count":22,"href":"https:\/\/blog.olimar.de\/wp-json\/wp\/v2\/posts\/765\/revisions"}],"predecessor-version":[{"id":28175,"href":"https:\/\/blog.olimar.de\/wp-json\/wp\/v2\/posts\/765\/revisions\/28175"}],"wp:featuredmedia":[{"embeddable":true,"href":"https:\/\/blog.olimar.de\/wp-json\/wp\/v2\/media\/777"}],"wp:attachment":[{"href":"https:\/\/blog.olimar.de\/wp-json\/wp\/v2\/media?parent=765"}],"wp:term":[{"taxonomy":"category","embeddable":true,"href":"https:\/\/blog.olimar.de\/wp-json\/wp\/v2\/categories?post=765"},{"taxonomy":"post_tag","embeddable":true,"href":"https:\/\/blog.olimar.de\/wp-json\/wp\/v2\/tags?post=765"}],"curies":[{"name":"wp","href":"https:\/\/api.w.org\/{rel}","templated":true}]}}