{"id":7691,"date":"2016-11-07T15:42:40","date_gmt":"2016-11-07T13:42:40","guid":{"rendered":"https:\/\/blog.olimar.de\/?p=7691"},"modified":"2021-04-06T17:24:31","modified_gmt":"2021-04-06T16:24:31","slug":"kameramann-interview","status":"publish","type":"post","link":"https:\/\/blog.olimar.de\/kameramann-interview\/","title":{"rendered":"Wo kommen eigentlich die neuen OLIMAR Videos her? Ein Interview mit dem Kameramann."},"content":{"rendered":"<p class=\"intro\" style=\"text-align: justify;\">Wir freuen uns, derzeit <a href=\"https:\/\/blog.olimar.de\/videos\/\">ein wunderbares Reisevideo nach dem anderen ver\u00f6ffentlichen zu k\u00f6nnen<\/a>. Denn wie lie\u00dfen sich unsere Kunden, Interessenten und auch Reiseb\u00fcropartner besser von der Sch\u00f6nheit unserer Reiseziele \u00fcberzeugen als mit ansprechenden, authentischen Filmen? Verantwortlich f\u00fcr die Videos ist der neue OLIMAR Kollege Matthias. Zwischen seinen ersten zwei Reiseeins\u00e4tzen auf <a href=\"https:\/\/www.olimar.de\/portugal\/madeira\/\" target=\"_blank\" rel=\"noopener\">Madeira<\/a> und an der <a href=\"https:\/\/www.olimar.de\/portugal\/algarve\/\" target=\"_blank\" rel=\"noopener\">Algarve<\/a> haben wir ihn zu seinem neuen Job bei OLIMAR, den Aufgaben, Herausforderungen und ersten pers\u00f6nlichen Reisehighlights interviewt.<\/p>\n<p style=\"text-align: justify;\"><strong>OLIMAR: Gratulation zum Traumjob: In die sch\u00f6nsten Regionen fliegen und tolle Filme produzieren \u2013 besser geht\u2019s ja kaum\u2026<\/strong><\/p>\n<p style=\"text-align: justify;\"><strong>Matthias:<\/strong> \u2026 wenn man danach nicht wieder zur\u00fcck ins verregnete K\u00f6ln m\u00fcsste. Aber Spa\u00df beiseite, vielen lieben Dank! Es ist f\u00fcr mich schon ein Traum in Erf\u00fcllung gegangen, da ich mein Hobby und meine gr\u00f6\u00dfte Leidenschaft zum Beruf machen konnte und zudem mit meiner anderen Leidenschaft \u2013 dem Reisen \u2013 verkn\u00fcpfen kann. Da ich f\u00fcr OLIMAR in verschiedene L\u00e4nder reisen darf, unterschiedliche Videoformate entwickeln kann und einfach mich der Sache widme, f\u00fcr die ich brenne, kann ich mir derzeit keinen besseren Beruf vorstellen.<\/p>\n<p style=\"text-align: justify;\"><img loading=\"lazy\" decoding=\"async\" class=\"alignleft wp-image-7700 size-medium\" src=\"https:\/\/blog.olimar.de\/wp-content\/uploads\/2016\/11\/MHE-Kamera-225x300.jpg\" alt=\"mhe-kamera\" width=\"225\" height=\"300\" srcset=\"https:\/\/blog.olimar.de\/wp-content\/uploads\/2016\/11\/MHE-Kamera-225x300.jpg 225w, https:\/\/blog.olimar.de\/wp-content\/uploads\/2016\/11\/MHE-Kamera-768x1024.jpg 768w, https:\/\/blog.olimar.de\/wp-content\/uploads\/2016\/11\/MHE-Kamera-420x560.jpg 420w, https:\/\/blog.olimar.de\/wp-content\/uploads\/2016\/11\/MHE-Kamera.jpg 900w\" sizes=\"auto, (max-width: 225px) 100vw, 225px\" \/><img loading=\"lazy\" decoding=\"async\" class=\"alignleft size-medium wp-image-7709\" src=\"https:\/\/blog.olimar.de\/wp-content\/uploads\/2016\/11\/MHE-Kamera-Berg-300x300.jpg\" alt=\"mhe-kamera-berg\" width=\"300\" height=\"300\" srcset=\"https:\/\/blog.olimar.de\/wp-content\/uploads\/2016\/11\/MHE-Kamera-Berg-300x300.jpg 300w, https:\/\/blog.olimar.de\/wp-content\/uploads\/2016\/11\/MHE-Kamera-Berg-150x150.jpg 150w, https:\/\/blog.olimar.de\/wp-content\/uploads\/2016\/11\/MHE-Kamera-Berg-768x768.jpg 768w, https:\/\/blog.olimar.de\/wp-content\/uploads\/2016\/11\/MHE-Kamera-Berg-1024x1024.jpg 1024w, https:\/\/blog.olimar.de\/wp-content\/uploads\/2016\/11\/MHE-Kamera-Berg-120x120.jpg 120w, https:\/\/blog.olimar.de\/wp-content\/uploads\/2016\/11\/MHE-Kamera-Berg.jpg 1200w\" sizes=\"auto, (max-width: 300px) 100vw, 300px\" \/><\/p>\n<p style=\"text-align: justify;\"><strong>OLIMAR: Du warst im Oktober f\u00fcr erste Aufnahmen bereits auf den Atlantikinseln Porto Santo und Madeira. Die tollen Videos davon sind bereits online (s. unten). Was waren f\u00fcr dich pers\u00f6nlich die Highlights auf Porto Santo?<\/strong><\/p>\n<p style=\"text-align: justify;\"><strong>Matthias:<\/strong> Ganz klar die Delfine! Ich war an dem Morgen etwas m\u00fcde und habe eine Bootstour gemacht, bei der ich nat\u00fcrlich auch gefilmt habe. Ein langes St\u00fcck ging es \u00fcbers offene Meer und nichts Spektakul\u00e4res passierte. Pl\u00f6tzlich rief jemand &#8220;Dolphins, there are Dolphins!&#8221;. Im Bruchteil einer Sekunde war ich hellwach, stand mit der Kamera am Rand des Bootes und konnte in unmittelbarer N\u00e4he ganz viele Delfine sehen. Erstaunlich war, dass ich automatisch anfangen musste zu l\u00e4cheln. Ein Sprichwort sagt: &#8220;Wer einmal Delfine gesehen hat, ist immer gl\u00fccklich.&#8221; Ob das wirklich stimmt, sei mal dahingestellt, aber unvergesslich ist es allemal. Die Delfin-Szene ist daher im Porto Santo Film auch meine Lieblingsszene. Nicht zu vergessen ist nat\u00fcrlich auch dieser unglaublich lange und vor allem fast leere Strand Porto Santos, an den ich mich immer gerne zur\u00fcckerinnere. Einfach ein traumhaft sch\u00f6ner Drehort.<\/p>\n<p style=\"text-align: justify;\"><img loading=\"lazy\" decoding=\"async\" class=\"alignleft size-large wp-image-7698\" src=\"https:\/\/blog.olimar.de\/wp-content\/uploads\/2016\/11\/Kamera-Strand-PortoSanto-1024x1024.jpg\" alt=\"kamera-strand-portosanto\" width=\"840\" height=\"840\" srcset=\"https:\/\/blog.olimar.de\/wp-content\/uploads\/2016\/11\/Kamera-Strand-PortoSanto-1024x1024.jpg 1024w, https:\/\/blog.olimar.de\/wp-content\/uploads\/2016\/11\/Kamera-Strand-PortoSanto-150x150.jpg 150w, https:\/\/blog.olimar.de\/wp-content\/uploads\/2016\/11\/Kamera-Strand-PortoSanto-300x300.jpg 300w, https:\/\/blog.olimar.de\/wp-content\/uploads\/2016\/11\/Kamera-Strand-PortoSanto-768x768.jpg 768w, https:\/\/blog.olimar.de\/wp-content\/uploads\/2016\/11\/Kamera-Strand-PortoSanto-120x120.jpg 120w, https:\/\/blog.olimar.de\/wp-content\/uploads\/2016\/11\/Kamera-Strand-PortoSanto.jpg 1200w\" sizes=\"auto, (max-width: 840px) 100vw, 840px\" \/><\/p>\n<p style=\"text-align: justify;\"><strong>OLIMAR: Und was hast du auf Madeira Besonderes erlebt?<\/strong><\/p>\n<p style=\"text-align: justify;\"><strong>Matthias:<\/strong> Madeira war zun\u00e4chst einmal v\u00f6llig anders als Porto Santo. Das fand ich schon bemerkenswert, schlie\u00dflich trennen die beiden Inseln keine 50 Kilometer. Da ist nat\u00fcrlich zum einen die Gr\u00f6\u00dfe, aber zum anderen vor allem die landschaftliche Abwechslung. F\u00e4hrt man \u00fcber die Insel, kommt es einem manchmal so vor als sei man im Schwarzwald, um dann kurze Zeit sp\u00e4ter im tropischen Dschungel zu sein. Dann gibt es karge Regionen und dann wieder komplett bewachsene. Die gr\u00fcnen H\u00fcgel Madeiras erinnern einen wiederum an Peru. Insbesondere beeindruckten mich aber die Wolken, die an den Berggipfeln festhingen. Hier war es einmal so, dass ich mit der Kamera auf einem kleinen Berg stand, um die Aussicht zu filmen, pl\u00f6tzlich aber f\u00f6rmlich von einer Wolke verschluckt wurde und keine f\u00fcnf Meter weit sehen konnte. So verwandelte sich die Blumeninsel in eine mystische Landschaft, die mich direkt an Herr der Ringe erinnert hat. Die kleinen traditionellen H\u00e4uschen in Santana allerdings auch. Beides ist im Madeira-Film nat\u00fcrlich zu sehen.<\/p>\n<p style=\"text-align: justify;\"><img loading=\"lazy\" decoding=\"async\" class=\"alignleft size-large wp-image-7697\" src=\"https:\/\/blog.olimar.de\/wp-content\/uploads\/2016\/11\/Kamera-Strand-Madeira-768x1024.jpg\" alt=\"kamera-strand-madeira\" width=\"768\" height=\"1024\" srcset=\"https:\/\/blog.olimar.de\/wp-content\/uploads\/2016\/11\/Kamera-Strand-Madeira-768x1024.jpg 768w, https:\/\/blog.olimar.de\/wp-content\/uploads\/2016\/11\/Kamera-Strand-Madeira-225x300.jpg 225w, https:\/\/blog.olimar.de\/wp-content\/uploads\/2016\/11\/Kamera-Strand-Madeira-420x560.jpg 420w, https:\/\/blog.olimar.de\/wp-content\/uploads\/2016\/11\/Kamera-Strand-Madeira.jpg 900w\" sizes=\"auto, (max-width: 768px) 100vw, 768px\" \/> <img loading=\"lazy\" decoding=\"async\" class=\"alignleft size-large wp-image-7696\" src=\"https:\/\/blog.olimar.de\/wp-content\/uploads\/2016\/11\/Kamera-Sonnenuntergang-Madeira-1024x1024.jpg\" alt=\"kamera-sonnenuntergang-madeira\" width=\"840\" height=\"840\" srcset=\"https:\/\/blog.olimar.de\/wp-content\/uploads\/2016\/11\/Kamera-Sonnenuntergang-Madeira-1024x1024.jpg 1024w, https:\/\/blog.olimar.de\/wp-content\/uploads\/2016\/11\/Kamera-Sonnenuntergang-Madeira-150x150.jpg 150w, https:\/\/blog.olimar.de\/wp-content\/uploads\/2016\/11\/Kamera-Sonnenuntergang-Madeira-300x300.jpg 300w, https:\/\/blog.olimar.de\/wp-content\/uploads\/2016\/11\/Kamera-Sonnenuntergang-Madeira-768x768.jpg 768w, https:\/\/blog.olimar.de\/wp-content\/uploads\/2016\/11\/Kamera-Sonnenuntergang-Madeira-120x120.jpg 120w, https:\/\/blog.olimar.de\/wp-content\/uploads\/2016\/11\/Kamera-Sonnenuntergang-Madeira.jpg 1200w\" sizes=\"auto, (max-width: 840px) 100vw, 840px\" \/><\/p>\n<p style=\"text-align: justify;\"><strong>OLIMAR: So sch\u00f6n dein Job ist \u2013 sicherlich gibt es auch Herausforderungen?<\/strong><\/p>\n<p style=\"text-align: justify;\"><strong>Matthias:<\/strong> Die gr\u00f6\u00dfte Herausforderung stellt in meinem Fall wohl das Arbeiten alleine ohne Team dar. Das ist f\u00fcr mich schon auch eine neue Situation, da ich zuvor in der Regel immer in einem kleinen Team gearbeitet habe. Ganz banale Dinge k\u00f6nnen pl\u00f6tzlich zu einem Problem werden, wenn man zum Beispiel auf die Toilette muss und niemand da ist, der solange auf die Kamera aufpassen kann. Ein gewisses logistisches Geschick ist also sehr vonn\u00f6ten. Aber auch das Erkunden und Filmen der Regionen dauert alleine einfach l\u00e4nger als mit einem Team. Umso wichtiger ist es, dass die OLIMAR Kollegen vor Ort mich mit ihren Tipps so gut unterst\u00fctzen.<\/p>\n<p style=\"text-align: justify;\"><strong>OLIMAR: Was ist dir bei deinen Videoproduktionen besonders wichtig?<\/strong><\/p>\n<p style=\"text-align: justify;\"><strong>Matthias:<\/strong> Bei Reisevideos finde ich es \u00e4u\u00dferst f\u00f6rderlich, wenn man Zeit hat, ein Gef\u00fchl f\u00fcr die Landschaft zu entwickeln. Dann ben\u00f6tigt es immer auch ein gutes Auge, die richtige Einstellung zu finden, um die Landschaften in Szene zu setzen. Ich m\u00f6chte nicht einfach nur dahin reisen, die Kamera aufs Stativ stellen und einen Knopf dr\u00fccken und dann wieder nach Hause fliegen. Ich m\u00f6chte vielmehr ein Gef\u00fchl transportieren, ein Video schaffen, das der Landschaft w\u00fcrdig ist.<\/p>\n<p style=\"text-align: justify;\"><strong>OLIMAR: Derzeit packst du wieder dein Equipment, denn du fliegst in deinen n\u00e4chsten \u201eEinsatz\u201c: Auf welches OLIMAR Video k\u00f6nnen wir uns demn\u00e4chst freuen?<\/strong><\/p>\n<p style=\"text-align: justify;\"><strong>Matthias:<\/strong> Ich werde in wenigen Tagen an die Algarve fliegen. Zwar ist es jetzt dort nicht mehr ganz so sommerlich, daf\u00fcr werden mich aber wunderbar leere Str\u00e4nde erwarten, was auch eine ganz besondere Atmosph\u00e4re verspricht.<\/p>\n<p style=\"text-align: justify;\"><strong>OLIMAR: Und auf den Einsatz in welcher Region freust du dich am meisten?<\/strong><\/p>\n<p style=\"text-align: justify;\"><strong>Matthias:<\/strong> Ganz klar auf eine Reise auf die Azoren. Landschaftlich scheint es mir ein sehr spannendes Zielgebiet zu sein, das sehr tolle Bilder verspricht. Aber ich freue mich auch sehr auf die Algarve, die ich zuletzt vor 26 Jahren besucht habe und mit der ich Kindheitserinnerungen inklusive der gewonnenen Fu\u00dfballweltmeisterschaft 1990 verbinde. Auch wenn OLIMAR der Portugalspezialist ist, hoffe ich aber auch bald Kroatien besuchen zu d\u00fcrfen und hier&nbsp; insbesondere nach Dubrovnik zu kommen. Dort wurden schlie\u00dflich viele Szenen f\u00fcr &#8220;Game of Thrones&#8221; oder auch f\u00fcr den im n\u00e4chsten Jahr erscheinenden neuen Star-Wars-Film gedreht. Filmtechnisch sollte da also nichts schiefgehen.<\/p>\n<p style=\"text-align: justify;\"><strong>OLIMAR: Wo kommen deine Filme zum Einsatz?<\/strong><\/p>\n<p style=\"text-align: justify;\"><strong>Matthias:<\/strong> Die Videos werden auf allen m\u00f6glichen Kan\u00e4len des Internets zu sehen sein. Nat\u00fcrlich auf <a href=\"https:\/\/www.youtube.com\/user\/olimarreisen\" target=\"_blank\" rel=\"noopener\">YouTube<\/a>, auf der <a href=\"https:\/\/www.olimar.de\" target=\"_blank\" rel=\"noopener\">OLIMAR Website<\/a>, <a href=\"https:\/\/www.facebook.com\/olimarreisen\" target=\"_blank\" rel=\"noopener\">Facebook<\/a> sowie <a href=\"https:\/\/www.instagram.com\/olimarreisen\/\" target=\"_blank\" rel=\"noopener\">Instagram<\/a>. Dar\u00fcber hinaus erhalten Reiseb\u00fcros die Videos gratis zur Werbung, aber auch auf diversen (Schulungs-)Veranstaltungen und Webinaren werden die Videos zu sehen sein.<\/p>\n<p style=\"text-align: justify;\"><strong>OLIMAR: Hier sind noch mal deine ersten beiden OLIMAR Videos zu Porto Santo und Madeira in der Langversion. Wir w\u00fcnschen dir eine gute Algarve-Reise und freuen uns auf die n\u00e4chsten Videos!<br \/>\n<\/strong><\/p>\n<p style=\"text-align: justify;\"><iframe loading=\"lazy\" src=\"\/\/www.youtube.com\/embed\/a1j96FyxH54\" allowfullscreen=\"allowfullscreen\" width=\"560\" height=\"314\"><\/iframe><\/p>\n<p style=\"text-align: justify;\"><iframe loading=\"lazy\" src=\"\/\/www.youtube.com\/embed\/IrdP905wXu4\" allowfullscreen=\"allowfullscreen\" width=\"560\" height=\"314\"><\/iframe><\/p>\n","protected":false},"excerpt":{"rendered":"<p>Wir freuen uns, derzeit ein wunderbares Reisevideo nach dem anderen ver\u00f6ffentlichen zu k\u00f6nnen. Denn wie lie\u00dfen sich unsere Kunden, Interessenten und auch Reiseb\u00fcropartner besser von der Sch\u00f6nheit unserer Reiseziele \u00fcberzeugen als mit ansprechenden, authentischen Filmen? Verantwortlich f\u00fcr die Videos ist der neue OLIMAR Kollege Matthias. Zwischen seinen ersten zwei Reiseeins\u00e4tzen auf Madeira und an der Algarve haben wir ihn zu seinem neuen Job bei OLIMAR, den Aufgaben, Herausforderungen und ersten pers\u00f6nlichen Reisehighlights interviewt. OLIMAR: Gratulation zum Traumjob: In die sch\u00f6nsten Regionen fliegen und tolle Filme produzieren \u2013 besser geht\u2019s ja kaum\u2026 Matthias: \u2026 wenn man danach nicht wieder zur\u00fcck ins verregnete &hellip;<\/p>\n","protected":false},"author":9,"featured_media":7701,"comment_status":"open","ping_status":"open","sticky":false,"template":"","format":"standard","meta":{"_crdt_document":"","_lmt_disableupdate":"","_lmt_disable":"","footnotes":""},"categories":[33],"tags":[],"class_list":["post-7691","post","type-post","status-publish","format-standard","has-post-thumbnail","hentry","category-hinter-den-kulissen"],"yoast_head":"<!-- This site is optimized with the Yoast SEO plugin v26.9 - https:\/\/yoast.com\/product\/yoast-seo-wordpress\/ -->\n<title>Interview mit dem Kameramann der neuen OLIMAR Videos<\/title>\n<meta name=\"description\" content=\"Dank unseres OLIMAR Kollegen k\u00f6nnen wir selbst produzierte Reisevideos pr\u00e4sentieren. Im Interview erz\u00e4hlt der Kameramann vom ersten Einsatz.\" \/>\n<meta name=\"robots\" content=\"index, follow, max-snippet:-1, max-image-preview:large, max-video-preview:-1\" \/>\n<link rel=\"canonical\" href=\"https:\/\/blog.olimar.de\/kameramann-interview\/\" \/>\n<meta property=\"og:locale\" content=\"de_DE\" \/>\n<meta property=\"og:type\" content=\"article\" \/>\n<meta property=\"og:title\" content=\"Interview mit dem Kameramann der neuen OLIMAR Videos\" \/>\n<meta property=\"og:description\" content=\"Dank unseres OLIMAR Kollegen k\u00f6nnen wir selbst produzierte Reisevideos pr\u00e4sentieren. Im Interview erz\u00e4hlt der Kameramann vom ersten Einsatz.\" \/>\n<meta property=\"og:url\" content=\"https:\/\/blog.olimar.de\/kameramann-interview\/\" \/>\n<meta property=\"article:publisher\" content=\"https:\/\/www.facebook.com\/OlimarReisen\" \/>\n<meta property=\"article:published_time\" content=\"2016-11-07T13:42:40+00:00\" \/>\n<meta property=\"article:modified_time\" content=\"2021-04-06T16:24:31+00:00\" \/>\n<meta property=\"og:image\" content=\"https:\/\/i2.wp.com\/blog.olimar.de\/wp-content\/uploads\/2016\/11\/Kamera-Timelapse-Wolken-Madeira-1.jpg?fit=1014%2C679&ssl=1\" \/>\n\t<meta property=\"og:image:width\" content=\"1014\" \/>\n\t<meta property=\"og:image:height\" content=\"679\" \/>\n\t<meta property=\"og:image:type\" content=\"image\/jpeg\" \/>\n<meta name=\"author\" content=\"OLIMAR Redaktionsteam\" \/>\n<meta name=\"twitter:label1\" content=\"Verfasst von\" \/>\n\t<meta name=\"twitter:data1\" content=\"OLIMAR Redaktionsteam\" \/>\n\t<meta name=\"twitter:label2\" content=\"Gesch\u00e4tzte Lesezeit\" \/>\n\t<meta name=\"twitter:data2\" content=\"5\u00a0Minuten\" \/>\n<script type=\"application\/ld+json\" class=\"yoast-schema-graph\">{\"@context\":\"https:\/\/schema.org\",\"@graph\":[{\"@type\":\"WebPage\",\"@id\":\"https:\/\/blog.olimar.de\/kameramann-interview\/\",\"url\":\"https:\/\/blog.olimar.de\/kameramann-interview\/\",\"name\":\"Interview mit dem Kameramann der neuen OLIMAR Videos\",\"isPartOf\":{\"@id\":\"https:\/\/blog.olimar.de\/#website\"},\"primaryImageOfPage\":{\"@id\":\"https:\/\/blog.olimar.de\/kameramann-interview\/#primaryimage\"},\"image\":{\"@id\":\"https:\/\/blog.olimar.de\/kameramann-interview\/#primaryimage\"},\"thumbnailUrl\":\"https:\/\/blog.olimar.de\/wp-content\/uploads\/2016\/11\/Kamera-Timelapse-Wolken-Madeira-1.jpg\",\"datePublished\":\"2016-11-07T13:42:40+00:00\",\"dateModified\":\"2021-04-06T16:24:31+00:00\",\"description\":\"Dank unseres OLIMAR Kollegen k\u00f6nnen wir selbst produzierte Reisevideos pr\u00e4sentieren. Im Interview erz\u00e4hlt der Kameramann vom ersten Einsatz.\",\"breadcrumb\":{\"@id\":\"https:\/\/blog.olimar.de\/kameramann-interview\/#breadcrumb\"},\"inLanguage\":\"de\",\"potentialAction\":[{\"@type\":\"ReadAction\",\"target\":[\"https:\/\/blog.olimar.de\/kameramann-interview\/\"]}]},{\"@type\":\"ImageObject\",\"inLanguage\":\"de\",\"@id\":\"https:\/\/blog.olimar.de\/kameramann-interview\/#primaryimage\",\"url\":\"https:\/\/blog.olimar.de\/wp-content\/uploads\/2016\/11\/Kamera-Timelapse-Wolken-Madeira-1.jpg\",\"contentUrl\":\"https:\/\/blog.olimar.de\/wp-content\/uploads\/2016\/11\/Kamera-Timelapse-Wolken-Madeira-1.jpg\",\"width\":1014,\"height\":679,\"caption\":\"Kamera Timelapse Wolken Madeira reisevideo\"},{\"@type\":\"BreadcrumbList\",\"@id\":\"https:\/\/blog.olimar.de\/kameramann-interview\/#breadcrumb\",\"itemListElement\":[{\"@type\":\"ListItem\",\"position\":1,\"name\":\"Home\",\"item\":\"https:\/\/blog.olimar.de\/\"},{\"@type\":\"ListItem\",\"position\":2,\"name\":\"Wo kommen eigentlich die neuen OLIMAR Videos her? Ein Interview mit dem Kameramann.\"}]},{\"@type\":\"WebSite\",\"@id\":\"https:\/\/blog.olimar.de\/#website\",\"url\":\"https:\/\/blog.olimar.de\/\",\"name\":\"OLIMAR.com\",\"description\":\"\",\"publisher\":{\"@id\":\"https:\/\/blog.olimar.de\/#organization\"},\"potentialAction\":[{\"@type\":\"SearchAction\",\"target\":{\"@type\":\"EntryPoint\",\"urlTemplate\":\"https:\/\/blog.olimar.de\/?s={search_term_string}\"},\"query-input\":{\"@type\":\"PropertyValueSpecification\",\"valueRequired\":true,\"valueName\":\"search_term_string\"}}],\"inLanguage\":\"de\"},{\"@type\":\"Organization\",\"@id\":\"https:\/\/blog.olimar.de\/#organization\",\"name\":\"OLIMAR Reisen\",\"url\":\"https:\/\/blog.olimar.de\/\",\"logo\":{\"@type\":\"ImageObject\",\"inLanguage\":\"de\",\"@id\":\"https:\/\/blog.olimar.de\/#\/schema\/logo\/image\/\",\"url\":\"https:\/\/blog.olimar.de\/wp-content\/uploads\/2021\/01\/OLIMAR_Logo_COLOR.png\",\"contentUrl\":\"https:\/\/blog.olimar.de\/wp-content\/uploads\/2021\/01\/OLIMAR_Logo_COLOR.png\",\"width\":2000,\"height\":986,\"caption\":\"OLIMAR Reisen\"},\"image\":{\"@id\":\"https:\/\/blog.olimar.de\/#\/schema\/logo\/image\/\"},\"sameAs\":[\"https:\/\/www.facebook.com\/OlimarReisen\",\"https:\/\/x.com\/olimarrreisen\",\"https:\/\/www.instagram.com\/olimarreisen\",\"https:\/\/www.youtube.com\/user\/olimarreisen\"]}]}<\/script>\n<!-- \/ Yoast SEO plugin. -->","yoast_head_json":{"title":"Interview mit dem Kameramann der neuen OLIMAR Videos","description":"Dank unseres OLIMAR Kollegen k\u00f6nnen wir selbst produzierte Reisevideos pr\u00e4sentieren. Im Interview erz\u00e4hlt der Kameramann vom ersten Einsatz.","robots":{"index":"index","follow":"follow","max-snippet":"max-snippet:-1","max-image-preview":"max-image-preview:large","max-video-preview":"max-video-preview:-1"},"canonical":"https:\/\/blog.olimar.de\/kameramann-interview\/","og_locale":"de_DE","og_type":"article","og_title":"Interview mit dem Kameramann der neuen OLIMAR Videos","og_description":"Dank unseres OLIMAR Kollegen k\u00f6nnen wir selbst produzierte Reisevideos pr\u00e4sentieren. Im Interview erz\u00e4hlt der Kameramann vom ersten Einsatz.","og_url":"https:\/\/blog.olimar.de\/kameramann-interview\/","article_publisher":"https:\/\/www.facebook.com\/OlimarReisen","article_published_time":"2016-11-07T13:42:40+00:00","article_modified_time":"2021-04-06T16:24:31+00:00","og_image":[{"width":1014,"height":679,"url":"https:\/\/i2.wp.com\/blog.olimar.de\/wp-content\/uploads\/2016\/11\/Kamera-Timelapse-Wolken-Madeira-1.jpg?fit=1014%2C679&ssl=1","type":"image\/jpeg"}],"author":"OLIMAR Redaktionsteam","twitter_misc":{"Verfasst von":"OLIMAR Redaktionsteam","Gesch\u00e4tzte Lesezeit":"5\u00a0Minuten"},"schema":{"@context":"https:\/\/schema.org","@graph":[{"@type":"WebPage","@id":"https:\/\/blog.olimar.de\/kameramann-interview\/","url":"https:\/\/blog.olimar.de\/kameramann-interview\/","name":"Interview mit dem Kameramann der neuen OLIMAR Videos","isPartOf":{"@id":"https:\/\/blog.olimar.de\/#website"},"primaryImageOfPage":{"@id":"https:\/\/blog.olimar.de\/kameramann-interview\/#primaryimage"},"image":{"@id":"https:\/\/blog.olimar.de\/kameramann-interview\/#primaryimage"},"thumbnailUrl":"https:\/\/blog.olimar.de\/wp-content\/uploads\/2016\/11\/Kamera-Timelapse-Wolken-Madeira-1.jpg","datePublished":"2016-11-07T13:42:40+00:00","dateModified":"2021-04-06T16:24:31+00:00","description":"Dank unseres OLIMAR Kollegen k\u00f6nnen wir selbst produzierte Reisevideos pr\u00e4sentieren. Im Interview erz\u00e4hlt der Kameramann vom ersten Einsatz.","breadcrumb":{"@id":"https:\/\/blog.olimar.de\/kameramann-interview\/#breadcrumb"},"inLanguage":"de","potentialAction":[{"@type":"ReadAction","target":["https:\/\/blog.olimar.de\/kameramann-interview\/"]}]},{"@type":"ImageObject","inLanguage":"de","@id":"https:\/\/blog.olimar.de\/kameramann-interview\/#primaryimage","url":"https:\/\/blog.olimar.de\/wp-content\/uploads\/2016\/11\/Kamera-Timelapse-Wolken-Madeira-1.jpg","contentUrl":"https:\/\/blog.olimar.de\/wp-content\/uploads\/2016\/11\/Kamera-Timelapse-Wolken-Madeira-1.jpg","width":1014,"height":679,"caption":"Kamera Timelapse Wolken Madeira reisevideo"},{"@type":"BreadcrumbList","@id":"https:\/\/blog.olimar.de\/kameramann-interview\/#breadcrumb","itemListElement":[{"@type":"ListItem","position":1,"name":"Home","item":"https:\/\/blog.olimar.de\/"},{"@type":"ListItem","position":2,"name":"Wo kommen eigentlich die neuen OLIMAR Videos her? Ein Interview mit dem Kameramann."}]},{"@type":"WebSite","@id":"https:\/\/blog.olimar.de\/#website","url":"https:\/\/blog.olimar.de\/","name":"OLIMAR.com","description":"","publisher":{"@id":"https:\/\/blog.olimar.de\/#organization"},"potentialAction":[{"@type":"SearchAction","target":{"@type":"EntryPoint","urlTemplate":"https:\/\/blog.olimar.de\/?s={search_term_string}"},"query-input":{"@type":"PropertyValueSpecification","valueRequired":true,"valueName":"search_term_string"}}],"inLanguage":"de"},{"@type":"Organization","@id":"https:\/\/blog.olimar.de\/#organization","name":"OLIMAR Reisen","url":"https:\/\/blog.olimar.de\/","logo":{"@type":"ImageObject","inLanguage":"de","@id":"https:\/\/blog.olimar.de\/#\/schema\/logo\/image\/","url":"https:\/\/blog.olimar.de\/wp-content\/uploads\/2021\/01\/OLIMAR_Logo_COLOR.png","contentUrl":"https:\/\/blog.olimar.de\/wp-content\/uploads\/2021\/01\/OLIMAR_Logo_COLOR.png","width":2000,"height":986,"caption":"OLIMAR Reisen"},"image":{"@id":"https:\/\/blog.olimar.de\/#\/schema\/logo\/image\/"},"sameAs":["https:\/\/www.facebook.com\/OlimarReisen","https:\/\/x.com\/olimarrreisen","https:\/\/www.instagram.com\/olimarreisen","https:\/\/www.youtube.com\/user\/olimarreisen"]}]}},"modified_by":"Sabine Wonner","jetpack_featured_media_url":"https:\/\/blog.olimar.de\/wp-content\/uploads\/2016\/11\/Kamera-Timelapse-Wolken-Madeira-1.jpg","_links":{"self":[{"href":"https:\/\/blog.olimar.de\/wp-json\/wp\/v2\/posts\/7691","targetHints":{"allow":["GET"]}}],"collection":[{"href":"https:\/\/blog.olimar.de\/wp-json\/wp\/v2\/posts"}],"about":[{"href":"https:\/\/blog.olimar.de\/wp-json\/wp\/v2\/types\/post"}],"author":[{"embeddable":true,"href":"https:\/\/blog.olimar.de\/wp-json\/wp\/v2\/users\/9"}],"replies":[{"embeddable":true,"href":"https:\/\/blog.olimar.de\/wp-json\/wp\/v2\/comments?post=7691"}],"version-history":[{"count":17,"href":"https:\/\/blog.olimar.de\/wp-json\/wp\/v2\/posts\/7691\/revisions"}],"predecessor-version":[{"id":16322,"href":"https:\/\/blog.olimar.de\/wp-json\/wp\/v2\/posts\/7691\/revisions\/16322"}],"wp:featuredmedia":[{"embeddable":true,"href":"https:\/\/blog.olimar.de\/wp-json\/wp\/v2\/media\/7701"}],"wp:attachment":[{"href":"https:\/\/blog.olimar.de\/wp-json\/wp\/v2\/media?parent=7691"}],"wp:term":[{"taxonomy":"category","embeddable":true,"href":"https:\/\/blog.olimar.de\/wp-json\/wp\/v2\/categories?post=7691"},{"taxonomy":"post_tag","embeddable":true,"href":"https:\/\/blog.olimar.de\/wp-json\/wp\/v2\/tags?post=7691"}],"curies":[{"name":"wp","href":"https:\/\/api.w.org\/{rel}","templated":true}]}}