{"id":784,"date":"2015-01-07T14:49:43","date_gmt":"2015-01-07T12:49:43","guid":{"rendered":"https:\/\/blog.olimar.de\/?p=784"},"modified":"2024-03-05T12:36:39","modified_gmt":"2024-03-05T11:36:39","slug":"asturien-ein-besonders-intensives-stueck-spanien","status":"publish","type":"post","link":"https:\/\/blog.olimar.de\/asturien-ein-besonders-intensives-stueck-spanien\/","title":{"rendered":"Asturien &#8211; ein besonders intensives St\u00fcck Spanien"},"content":{"rendered":"<div class=\"wide-content\">\n<p class=\"intro\">Wo warst du? In Asturien? Wo liegt das denn?\u201c wurde ich nach meiner R\u00fcckkehr oft gefragt. Mit der Antwort <a href=\"https:\/\/www.olimar.de\/spanien\/nordspanien\/\" target=\"_blank\" rel=\"noopener\">\u201cNordspanien\u201d<\/a> war aber den meisten noch gar nicht wirklich weitergeholfen. Wenn ich dann erkl\u00e4rt habe \u201eauf der K\u00fcstenvariante des Jakobsweges\u201c\u00a0 stie\u00df ich schon auf mehr Verst\u00e4ndnis, hat der Jakobsweg doch seit Hape Kerkelings \u201eIch bin dann mal weg\u201c in Deutschland stark an Popularit\u00e4t gewonnen. Ich hatte mir das H\u00f6rbuch angeh\u00f6rt und war auf eine besondere Art und Weise infiziert, so dass ich froh war, die Gelegenheit zu bekommen, selbst ein St\u00fcck davon zu erfahren.<\/p>\n<p>Vorweg genommen, ich war nicht zum richtigen Wandern (was ohne Wanderschuhe, die mit dem Koffer verschwunden blieben auch schwer gewesen w\u00e4re) da, sondern vornehmlich um viel zu sehen und einen ersten Eindruck zu erhalten und ja , dieser war und ist immer noch unbeschreiblich.<br \/>\nHier oben im Norden wird man von einem ganz anderen Spanien begr\u00fc\u00dft. Es ist gr\u00fcn, mit W\u00e4ldern, Bergen und einer zerkl\u00fcfteten strandreichen K\u00fcste, die mich an viele Gegenden in Gro\u00dfbritannien erinnert hat.\u00a0 Verglichen mit so manchen Mittelmeerzielen ist es einsam \u2013 angenehm einsam \u2013 und hier und da f\u00fchlt man sich in ein St\u00fcck heile Welt zur\u00fcck versetzt.\u00a0 Aufgrund der wesentlich geringeren Touristenstr\u00f6me (ich war im Mai \u00fcber Pfingsten dort) ger\u00e4t man schnell in Kontakt mit der einheimischen Bev\u00f6lkerung, wobei ein wenig Spanischkenntnisse oder zumindest Englisch nicht schaden.<br \/>\nIm Sommer, wenn die Sonne scheint und die Temperaturen etwas nach oben gehen, empfehle ich \u2013 mit Picknickkorb bewaffnet \u2013 an eine der unz\u00e4hligen Strandbuchten zu gehen und die Brandung des Atlantiks zu genie\u00dfen. Der Herbst scheint mir besonders sch\u00f6n zum Wandern zu sein, da es wohl etwas trockener ist als im Fr\u00fchjahr und sich die Landschaft sch\u00f6n verf\u00e4rbt, vor allen Dingen wenn man vom K\u00fcstenweg auf den urspr\u00fcnglichen\u00a0 Weg abbiegt, der ins Landesinnere f\u00fchrt.<br \/>\nWir waren auf jeden Fall begeistert von der Landschaft, der Geschichte, der Kultur, der Gastfreundschaft und nicht zu vergessen vom Essen, das so abwechslungsreich wie interessant und vorz\u00fcglich war. Besonders hervorzuheben ist an der K\u00fcste nat\u00fcrlich jegliche Art von Fisch und Meeresfr\u00fcchten, wie aber auch eine deftige Hausmannskost. Getrunken wird gerne \u201eSidra\u201c, ein Art Apfelwein, die auf ganz besondere Art und Weise eingeschenkt werden muss (siehe Foto), geschmacklich aber eher an Weizenbier erinnert, und auch hervorragende Rot- und Wei\u00dfweine.<br \/>\nMeine pers\u00f6nlichen Highlights waren die Orte Cudillero (einmal den Ort von unten nach oben und oben herum durchwandern), Ribadesella mit der H\u00f6hle \u201eTito Bustillo\u201c und der Aussichtspunkt \u201cLa Regalina\u201c in der N\u00e4he von Cadavedo mit der kleinen Kapelle und atemberaubenden Ausblicken auf die K\u00fcste \u2013 perfekt\u00a0 f\u00fcr alle Heiratswilligen!<br \/>\nEin Satz von einem Mitreisenden beschreibt das Gef\u00fchl mit dem ich abgereist bin sehr gut:<br \/>\n\u201eWe came as guests and left as friends!\u201c<br \/>\nIch werde jedenfalls bald wieder dort sein und dann zum richtigen Wandern!<\/p>\n<div id='gallery-1' class='gallery galleryid-784 gallery-columns-3 gallery-size-thumbnail'><dl class='gallery-item'>\n\t\t\t<dt class='gallery-icon landscape'>\n\t\t\t\t<img loading=\"lazy\" decoding=\"async\" width=\"150\" height=\"150\" src=\"https:\/\/blog.olimar.de\/wp-content\/uploads\/2015\/02\/Camino-del-Norte-3-150x150.jpg\" class=\"attachment-thumbnail size-thumbnail\" alt=\"Camino del Norte Asturien\" srcset=\"https:\/\/blog.olimar.de\/wp-content\/uploads\/2015\/02\/Camino-del-Norte-3-150x150.jpg 150w, https:\/\/blog.olimar.de\/wp-content\/uploads\/2015\/02\/Camino-del-Norte-3-120x120.jpg 120w\" sizes=\"auto, (max-width: 150px) 100vw, 150px\" \/>\n\t\t\t<\/dt><\/dl><dl class='gallery-item'>\n\t\t\t<dt class='gallery-icon landscape'>\n\t\t\t\t<img loading=\"lazy\" decoding=\"async\" width=\"150\" height=\"150\" src=\"https:\/\/blog.olimar.de\/wp-content\/uploads\/2015\/02\/Cudillero1-150x150.jpg\" class=\"attachment-thumbnail size-thumbnail\" alt=\"Cudillero Panoram Urlaub Asturien\" srcset=\"https:\/\/blog.olimar.de\/wp-content\/uploads\/2015\/02\/Cudillero1-150x150.jpg 150w, https:\/\/blog.olimar.de\/wp-content\/uploads\/2015\/02\/Cudillero1-120x120.jpg 120w\" sizes=\"auto, (max-width: 150px) 100vw, 150px\" \/>\n\t\t\t<\/dt><\/dl><dl class='gallery-item'>\n\t\t\t<dt class='gallery-icon landscape'>\n\t\t\t\t<img loading=\"lazy\" decoding=\"async\" width=\"150\" height=\"150\" src=\"https:\/\/blog.olimar.de\/wp-content\/uploads\/2015\/02\/Cudillero_2-150x150.jpg\" class=\"attachment-thumbnail size-thumbnail\" alt=\"Panorama Cudillero Asturien\" srcset=\"https:\/\/blog.olimar.de\/wp-content\/uploads\/2015\/02\/Cudillero_2-150x150.jpg 150w, https:\/\/blog.olimar.de\/wp-content\/uploads\/2015\/02\/Cudillero_2-120x120.jpg 120w\" sizes=\"auto, (max-width: 150px) 100vw, 150px\" \/>\n\t\t\t<\/dt><\/dl><br style=\"clear: both\" \/><dl class='gallery-item'>\n\t\t\t<dt class='gallery-icon portrait'>\n\t\t\t\t<img loading=\"lazy\" decoding=\"async\" width=\"150\" height=\"150\" src=\"https:\/\/blog.olimar.de\/wp-content\/uploads\/2015\/02\/Einschenken-Sidra-150x150.jpg\" class=\"attachment-thumbnail size-thumbnail\" alt=\"Mann Sidra einschenken\" srcset=\"https:\/\/blog.olimar.de\/wp-content\/uploads\/2015\/02\/Einschenken-Sidra-150x150.jpg 150w, https:\/\/blog.olimar.de\/wp-content\/uploads\/2015\/02\/Einschenken-Sidra-120x120.jpg 120w\" sizes=\"auto, (max-width: 150px) 100vw, 150px\" \/>\n\t\t\t<\/dt><\/dl><dl class='gallery-item'>\n\t\t\t<dt class='gallery-icon landscape'>\n\t\t\t\t<img loading=\"lazy\" decoding=\"async\" width=\"150\" height=\"150\" src=\"https:\/\/blog.olimar.de\/wp-content\/uploads\/2015\/02\/Kapelle-am-Aussichtspunkt-1024x768-150x150.jpg\" class=\"attachment-thumbnail size-thumbnail\" alt=\"Kapelle Aussichtspunkt Ausflug Asturien\" srcset=\"https:\/\/blog.olimar.de\/wp-content\/uploads\/2015\/02\/Kapelle-am-Aussichtspunkt-1024x768-150x150.jpg 150w, https:\/\/blog.olimar.de\/wp-content\/uploads\/2015\/02\/Kapelle-am-Aussichtspunkt-1024x768-120x120.jpg 120w\" sizes=\"auto, (max-width: 150px) 100vw, 150px\" \/>\n\t\t\t<\/dt><\/dl><dl class='gallery-item'>\n\t\t\t<dt class='gallery-icon landscape'>\n\t\t\t\t<img loading=\"lazy\" decoding=\"async\" width=\"150\" height=\"150\" src=\"https:\/\/blog.olimar.de\/wp-content\/uploads\/2015\/02\/K\u00fcste-1024x768-150x150.jpg\" class=\"attachment-thumbnail size-thumbnail\" alt=\"K\u00fcste Asturien\" srcset=\"https:\/\/blog.olimar.de\/wp-content\/uploads\/2015\/02\/K\u00fcste-1024x768-150x150.jpg 150w, https:\/\/blog.olimar.de\/wp-content\/uploads\/2015\/02\/K\u00fcste-1024x768-120x120.jpg 120w\" sizes=\"auto, (max-width: 150px) 100vw, 150px\" \/>\n\t\t\t<\/dt><\/dl><br style=\"clear: both\" \/><dl class='gallery-item'>\n\t\t\t<dt class='gallery-icon landscape'>\n\t\t\t\t<img loading=\"lazy\" decoding=\"async\" width=\"150\" height=\"150\" src=\"https:\/\/blog.olimar.de\/wp-content\/uploads\/2015\/02\/Leuchtturm-1024x768-150x150.jpg\" class=\"attachment-thumbnail size-thumbnail\" alt=\"Leuchtturm Spanien Ausflug K\u00fcste\" srcset=\"https:\/\/blog.olimar.de\/wp-content\/uploads\/2015\/02\/Leuchtturm-1024x768-150x150.jpg 150w, https:\/\/blog.olimar.de\/wp-content\/uploads\/2015\/02\/Leuchtturm-1024x768-120x120.jpg 120w\" sizes=\"auto, (max-width: 150px) 100vw, 150px\" \/>\n\t\t\t<\/dt><\/dl><dl class='gallery-item'>\n\t\t\t<dt class='gallery-icon landscape'>\n\t\t\t\t<img loading=\"lazy\" decoding=\"async\" width=\"150\" height=\"150\" src=\"https:\/\/blog.olimar.de\/wp-content\/uploads\/2015\/02\/Wegweiser-1024x768-150x150.jpg\" class=\"attachment-thumbnail size-thumbnail\" alt=\"Symbol Muschel Jakobsweg\" srcset=\"https:\/\/blog.olimar.de\/wp-content\/uploads\/2015\/02\/Wegweiser-1024x768-150x150.jpg 150w, https:\/\/blog.olimar.de\/wp-content\/uploads\/2015\/02\/Wegweiser-1024x768-120x120.jpg 120w\" sizes=\"auto, (max-width: 150px) 100vw, 150px\" \/>\n\t\t\t<\/dt><\/dl>\n\t\t\t<br style='clear: both' \/>\n\t\t<\/div>\n\n<h2>Karte von Asturien<\/h2>\n\n<\/div>\n","protected":false},"excerpt":{"rendered":"<p>Wo warst du? In Asturien? Wo liegt das denn?\u201c Mit der Antwort \u201cNordspanien\u201d war aber den meisten noch gar nicht wirklich weitergeholfen. Wenn ich dann erkl\u00e4rte: \u201eauf der K\u00fcstenvariante des Jakobsweges\u201c\u00a0stie\u00df ich schon auf mehr Verst\u00e4ndnis.<\/p>\n","protected":false},"author":9,"featured_media":786,"comment_status":"open","ping_status":"open","sticky":false,"template":"","format":"standard","meta":{"_crdt_document":"","_lmt_disableupdate":"","_lmt_disable":"","footnotes":""},"categories":[31],"tags":[65,62],"class_list":["post-784","post","type-post","status-publish","format-standard","has-post-thumbnail","hentry","category-land-leute","tag-asturien","tag-spanien"],"yoast_head":"<!-- This site is optimized with the Yoast SEO plugin v26.9 - https:\/\/yoast.com\/product\/yoast-seo-wordpress\/ -->\n<title>Asturien - ein intensives St\u00fcck Spanien | Olimar Sonnenseiten<\/title>\n<meta name=\"description\" content=\"Asturien gilt als Geheimtipp und ist h\u00f6chstens aus Hape Kerkelings Jakobsweg-Buch ein Begriff. Mehr \u00fcber diese faszinierende Region.\" \/>\n<meta name=\"robots\" content=\"index, follow, max-snippet:-1, max-image-preview:large, max-video-preview:-1\" \/>\n<link rel=\"canonical\" href=\"https:\/\/blog.olimar.de\/asturien-ein-besonders-intensives-stueck-spanien\/\" \/>\n<meta property=\"og:locale\" content=\"de_DE\" \/>\n<meta property=\"og:type\" content=\"article\" \/>\n<meta property=\"og:title\" content=\"Asturien - ein intensives St\u00fcck Spanien | Olimar Sonnenseiten\" \/>\n<meta property=\"og:description\" content=\"Asturien gilt als Geheimtipp und ist h\u00f6chstens aus Hape Kerkelings Jakobsweg-Buch ein Begriff. Mehr \u00fcber diese faszinierende Region.\" \/>\n<meta property=\"og:url\" content=\"https:\/\/blog.olimar.de\/asturien-ein-besonders-intensives-stueck-spanien\/\" \/>\n<meta property=\"article:publisher\" content=\"https:\/\/www.facebook.com\/OlimarReisen\" \/>\n<meta property=\"article:published_time\" content=\"2015-01-07T12:49:43+00:00\" \/>\n<meta property=\"article:modified_time\" content=\"2024-03-05T11:36:39+00:00\" \/>\n<meta property=\"og:image\" content=\"https:\/\/blog.olimar.de\/wp-content\/uploads\/2015\/02\/Cudillero.jpg\" \/>\n\t<meta property=\"og:image:width\" content=\"923\" \/>\n\t<meta property=\"og:image:height\" content=\"692\" \/>\n\t<meta property=\"og:image:type\" content=\"image\/jpeg\" \/>\n<meta name=\"author\" content=\"OLIMAR Redaktionsteam\" \/>\n<meta name=\"twitter:label1\" content=\"Verfasst von\" \/>\n\t<meta name=\"twitter:data1\" content=\"OLIMAR Redaktionsteam\" \/>\n\t<meta name=\"twitter:label2\" content=\"Gesch\u00e4tzte Lesezeit\" \/>\n\t<meta name=\"twitter:data2\" content=\"3\u00a0Minuten\" \/>\n<script type=\"application\/ld+json\" class=\"yoast-schema-graph\">{\"@context\":\"https:\/\/schema.org\",\"@graph\":[{\"@type\":\"WebPage\",\"@id\":\"https:\/\/blog.olimar.de\/asturien-ein-besonders-intensives-stueck-spanien\/\",\"url\":\"https:\/\/blog.olimar.de\/asturien-ein-besonders-intensives-stueck-spanien\/\",\"name\":\"Asturien - ein intensives St\u00fcck Spanien | Olimar Sonnenseiten\",\"isPartOf\":{\"@id\":\"https:\/\/blog.olimar.de\/#website\"},\"primaryImageOfPage\":{\"@id\":\"https:\/\/blog.olimar.de\/asturien-ein-besonders-intensives-stueck-spanien\/#primaryimage\"},\"image\":{\"@id\":\"https:\/\/blog.olimar.de\/asturien-ein-besonders-intensives-stueck-spanien\/#primaryimage\"},\"thumbnailUrl\":\"https:\/\/blog.olimar.de\/wp-content\/uploads\/2015\/02\/Cudillero.jpg\",\"datePublished\":\"2015-01-07T12:49:43+00:00\",\"dateModified\":\"2024-03-05T11:36:39+00:00\",\"description\":\"Asturien gilt als Geheimtipp und ist h\u00f6chstens aus Hape Kerkelings Jakobsweg-Buch ein Begriff. Mehr \u00fcber diese faszinierende Region.\",\"breadcrumb\":{\"@id\":\"https:\/\/blog.olimar.de\/asturien-ein-besonders-intensives-stueck-spanien\/#breadcrumb\"},\"inLanguage\":\"de\",\"potentialAction\":[{\"@type\":\"ReadAction\",\"target\":[\"https:\/\/blog.olimar.de\/asturien-ein-besonders-intensives-stueck-spanien\/\"]}]},{\"@type\":\"ImageObject\",\"inLanguage\":\"de\",\"@id\":\"https:\/\/blog.olimar.de\/asturien-ein-besonders-intensives-stueck-spanien\/#primaryimage\",\"url\":\"https:\/\/blog.olimar.de\/wp-content\/uploads\/2015\/02\/Cudillero.jpg\",\"contentUrl\":\"https:\/\/blog.olimar.de\/wp-content\/uploads\/2015\/02\/Cudillero.jpg\",\"width\":923,\"height\":692,\"caption\":\"Cudillero Asturien Spanien Urlaub\"},{\"@type\":\"BreadcrumbList\",\"@id\":\"https:\/\/blog.olimar.de\/asturien-ein-besonders-intensives-stueck-spanien\/#breadcrumb\",\"itemListElement\":[{\"@type\":\"ListItem\",\"position\":1,\"name\":\"Home\",\"item\":\"https:\/\/blog.olimar.de\/\"},{\"@type\":\"ListItem\",\"position\":2,\"name\":\"Asturien\",\"item\":\"https:\/\/blog.olimar.de\/tag\/asturien\/\"},{\"@type\":\"ListItem\",\"position\":3,\"name\":\"Asturien &#8211; ein besonders intensives St\u00fcck Spanien\"}]},{\"@type\":\"WebSite\",\"@id\":\"https:\/\/blog.olimar.de\/#website\",\"url\":\"https:\/\/blog.olimar.de\/\",\"name\":\"OLIMAR.com\",\"description\":\"\",\"publisher\":{\"@id\":\"https:\/\/blog.olimar.de\/#organization\"},\"potentialAction\":[{\"@type\":\"SearchAction\",\"target\":{\"@type\":\"EntryPoint\",\"urlTemplate\":\"https:\/\/blog.olimar.de\/?s={search_term_string}\"},\"query-input\":{\"@type\":\"PropertyValueSpecification\",\"valueRequired\":true,\"valueName\":\"search_term_string\"}}],\"inLanguage\":\"de\"},{\"@type\":\"Organization\",\"@id\":\"https:\/\/blog.olimar.de\/#organization\",\"name\":\"OLIMAR Reisen\",\"url\":\"https:\/\/blog.olimar.de\/\",\"logo\":{\"@type\":\"ImageObject\",\"inLanguage\":\"de\",\"@id\":\"https:\/\/blog.olimar.de\/#\/schema\/logo\/image\/\",\"url\":\"https:\/\/blog.olimar.de\/wp-content\/uploads\/2021\/01\/OLIMAR_Logo_COLOR.png\",\"contentUrl\":\"https:\/\/blog.olimar.de\/wp-content\/uploads\/2021\/01\/OLIMAR_Logo_COLOR.png\",\"width\":2000,\"height\":986,\"caption\":\"OLIMAR Reisen\"},\"image\":{\"@id\":\"https:\/\/blog.olimar.de\/#\/schema\/logo\/image\/\"},\"sameAs\":[\"https:\/\/www.facebook.com\/OlimarReisen\",\"https:\/\/x.com\/olimarrreisen\",\"https:\/\/www.instagram.com\/olimarreisen\",\"https:\/\/www.youtube.com\/user\/olimarreisen\"]}]}<\/script>\n<!-- \/ Yoast SEO plugin. -->","yoast_head_json":{"title":"Asturien - ein intensives St\u00fcck Spanien | Olimar Sonnenseiten","description":"Asturien gilt als Geheimtipp und ist h\u00f6chstens aus Hape Kerkelings Jakobsweg-Buch ein Begriff. Mehr \u00fcber diese faszinierende Region.","robots":{"index":"index","follow":"follow","max-snippet":"max-snippet:-1","max-image-preview":"max-image-preview:large","max-video-preview":"max-video-preview:-1"},"canonical":"https:\/\/blog.olimar.de\/asturien-ein-besonders-intensives-stueck-spanien\/","og_locale":"de_DE","og_type":"article","og_title":"Asturien - ein intensives St\u00fcck Spanien | Olimar Sonnenseiten","og_description":"Asturien gilt als Geheimtipp und ist h\u00f6chstens aus Hape Kerkelings Jakobsweg-Buch ein Begriff. Mehr \u00fcber diese faszinierende Region.","og_url":"https:\/\/blog.olimar.de\/asturien-ein-besonders-intensives-stueck-spanien\/","article_publisher":"https:\/\/www.facebook.com\/OlimarReisen","article_published_time":"2015-01-07T12:49:43+00:00","article_modified_time":"2024-03-05T11:36:39+00:00","og_image":[{"width":923,"height":692,"url":"https:\/\/blog.olimar.de\/wp-content\/uploads\/2015\/02\/Cudillero.jpg","type":"image\/jpeg"}],"author":"OLIMAR Redaktionsteam","twitter_misc":{"Verfasst von":"OLIMAR Redaktionsteam","Gesch\u00e4tzte Lesezeit":"3\u00a0Minuten"},"schema":{"@context":"https:\/\/schema.org","@graph":[{"@type":"WebPage","@id":"https:\/\/blog.olimar.de\/asturien-ein-besonders-intensives-stueck-spanien\/","url":"https:\/\/blog.olimar.de\/asturien-ein-besonders-intensives-stueck-spanien\/","name":"Asturien - ein intensives St\u00fcck Spanien | Olimar Sonnenseiten","isPartOf":{"@id":"https:\/\/blog.olimar.de\/#website"},"primaryImageOfPage":{"@id":"https:\/\/blog.olimar.de\/asturien-ein-besonders-intensives-stueck-spanien\/#primaryimage"},"image":{"@id":"https:\/\/blog.olimar.de\/asturien-ein-besonders-intensives-stueck-spanien\/#primaryimage"},"thumbnailUrl":"https:\/\/blog.olimar.de\/wp-content\/uploads\/2015\/02\/Cudillero.jpg","datePublished":"2015-01-07T12:49:43+00:00","dateModified":"2024-03-05T11:36:39+00:00","description":"Asturien gilt als Geheimtipp und ist h\u00f6chstens aus Hape Kerkelings Jakobsweg-Buch ein Begriff. Mehr \u00fcber diese faszinierende Region.","breadcrumb":{"@id":"https:\/\/blog.olimar.de\/asturien-ein-besonders-intensives-stueck-spanien\/#breadcrumb"},"inLanguage":"de","potentialAction":[{"@type":"ReadAction","target":["https:\/\/blog.olimar.de\/asturien-ein-besonders-intensives-stueck-spanien\/"]}]},{"@type":"ImageObject","inLanguage":"de","@id":"https:\/\/blog.olimar.de\/asturien-ein-besonders-intensives-stueck-spanien\/#primaryimage","url":"https:\/\/blog.olimar.de\/wp-content\/uploads\/2015\/02\/Cudillero.jpg","contentUrl":"https:\/\/blog.olimar.de\/wp-content\/uploads\/2015\/02\/Cudillero.jpg","width":923,"height":692,"caption":"Cudillero Asturien Spanien Urlaub"},{"@type":"BreadcrumbList","@id":"https:\/\/blog.olimar.de\/asturien-ein-besonders-intensives-stueck-spanien\/#breadcrumb","itemListElement":[{"@type":"ListItem","position":1,"name":"Home","item":"https:\/\/blog.olimar.de\/"},{"@type":"ListItem","position":2,"name":"Asturien","item":"https:\/\/blog.olimar.de\/tag\/asturien\/"},{"@type":"ListItem","position":3,"name":"Asturien &#8211; ein besonders intensives St\u00fcck Spanien"}]},{"@type":"WebSite","@id":"https:\/\/blog.olimar.de\/#website","url":"https:\/\/blog.olimar.de\/","name":"OLIMAR.com","description":"","publisher":{"@id":"https:\/\/blog.olimar.de\/#organization"},"potentialAction":[{"@type":"SearchAction","target":{"@type":"EntryPoint","urlTemplate":"https:\/\/blog.olimar.de\/?s={search_term_string}"},"query-input":{"@type":"PropertyValueSpecification","valueRequired":true,"valueName":"search_term_string"}}],"inLanguage":"de"},{"@type":"Organization","@id":"https:\/\/blog.olimar.de\/#organization","name":"OLIMAR Reisen","url":"https:\/\/blog.olimar.de\/","logo":{"@type":"ImageObject","inLanguage":"de","@id":"https:\/\/blog.olimar.de\/#\/schema\/logo\/image\/","url":"https:\/\/blog.olimar.de\/wp-content\/uploads\/2021\/01\/OLIMAR_Logo_COLOR.png","contentUrl":"https:\/\/blog.olimar.de\/wp-content\/uploads\/2021\/01\/OLIMAR_Logo_COLOR.png","width":2000,"height":986,"caption":"OLIMAR Reisen"},"image":{"@id":"https:\/\/blog.olimar.de\/#\/schema\/logo\/image\/"},"sameAs":["https:\/\/www.facebook.com\/OlimarReisen","https:\/\/x.com\/olimarrreisen","https:\/\/www.instagram.com\/olimarreisen","https:\/\/www.youtube.com\/user\/olimarreisen"]}]}},"modified_by":"Wiebke Fix","jetpack_featured_media_url":"https:\/\/blog.olimar.de\/wp-content\/uploads\/2015\/02\/Cudillero.jpg","_links":{"self":[{"href":"https:\/\/blog.olimar.de\/wp-json\/wp\/v2\/posts\/784","targetHints":{"allow":["GET"]}}],"collection":[{"href":"https:\/\/blog.olimar.de\/wp-json\/wp\/v2\/posts"}],"about":[{"href":"https:\/\/blog.olimar.de\/wp-json\/wp\/v2\/types\/post"}],"author":[{"embeddable":true,"href":"https:\/\/blog.olimar.de\/wp-json\/wp\/v2\/users\/9"}],"replies":[{"embeddable":true,"href":"https:\/\/blog.olimar.de\/wp-json\/wp\/v2\/comments?post=784"}],"version-history":[{"count":8,"href":"https:\/\/blog.olimar.de\/wp-json\/wp\/v2\/posts\/784\/revisions"}],"predecessor-version":[{"id":27487,"href":"https:\/\/blog.olimar.de\/wp-json\/wp\/v2\/posts\/784\/revisions\/27487"}],"wp:featuredmedia":[{"embeddable":true,"href":"https:\/\/blog.olimar.de\/wp-json\/wp\/v2\/media\/786"}],"wp:attachment":[{"href":"https:\/\/blog.olimar.de\/wp-json\/wp\/v2\/media?parent=784"}],"wp:term":[{"taxonomy":"category","embeddable":true,"href":"https:\/\/blog.olimar.de\/wp-json\/wp\/v2\/categories?post=784"},{"taxonomy":"post_tag","embeddable":true,"href":"https:\/\/blog.olimar.de\/wp-json\/wp\/v2\/tags?post=784"}],"curies":[{"name":"wp","href":"https:\/\/api.w.org\/{rel}","templated":true}]}}