{"id":7907,"date":"2016-12-28T09:49:47","date_gmt":"2016-12-28T07:49:47","guid":{"rendered":"https:\/\/blog.olimar.de\/?p=7907"},"modified":"2023-01-17T22:12:35","modified_gmt":"2023-01-17T21:12:35","slug":"aveiro","status":"publish","type":"post","link":"https:\/\/blog.olimar.de\/aveiro\/","title":{"rendered":"Aveiro &#8211; das Venedig Portugals mit gestreiften H\u00e4usern"},"content":{"rendered":"\n<p><strong>Ein weitere Ausflug, w\u00e4hrend unseres Aufenthaltes in <a href=\"https:\/\/blog.olimar.de\/sightseeing-tipps-fuer-porto\/\">Porto<\/a>, f\u00fchrte uns nach Aveiro. Knapp vierzig Autominuten bzw. 75 Kilometer s\u00fcdlich von Porto entfernt, befindet sich dieses nette, kleine St\u00e4dchen.<\/strong><\/p>\n\n\n\n<div class=\"wp-block-buttons is-layout-flex wp-block-buttons-is-layout-flex\">\n<div class=\"wp-block-button\"><a class=\"wp-block-button__link wp-element-button\" href=\"https:\/\/www.olimar.de\/portugal\/metropolen\/porto\/\">Porto Reiseangebote und Hoteltipps entdecken<\/a><\/div>\n<\/div>\n\n\n\n<div style=\"height:25px\" aria-hidden=\"true\" class=\"wp-block-spacer\"><\/div>\n\n\n\n<p>Das<strong> &#8220;Venedig Portugals&#8221;<\/strong> wird Aveiro genannt. Und tats\u00e4chlich hat der Kanal mitten in der Stadt mit seinen<strong> bunten Booten<\/strong> vor den alten, reich verzierten H\u00e4usern etwas \u00c4hnlichkeit mit der italienischen Touristenhochburg. Und auch sonst scheint Aveiro<strong> mitten ins Wasser gebaut<\/strong> zu sein. Man sieht bereits direkt neben der Autobahn Flamingos im Wasser nach Futter suchen.<\/p>\n<p><span class=\"dropcap\">I<\/span>m Ort gibt es ein <strong>historisches Viertel<\/strong> mit vielen alten und verfliesten H\u00e4usern, aber auch <strong>moderne Pl\u00e4tze und Promenaden<\/strong> am Wasser entlang. Ein wundersch\u00f6nes Einkaufszentrum mit internationalen Markengesch\u00e4ften und viele Caf\u00e9s, Tavernen und Restaurants.<\/p>\n\n\n\n<figure class=\"wp-block-gallery has-nested-images columns-3 is-cropped wp-block-gallery-1 is-layout-flex wp-block-gallery-is-layout-flex\">\n<figure class=\"wp-block-image size-large\"><img loading=\"lazy\" decoding=\"async\" width=\"1024\" height=\"684\" data-id=\"6991\" src=\"https:\/\/blog.olimar.de\/wp-content\/uploads\/2016\/09\/Portugal-Aveiro-Stadt-Meurers_4059-1024x684.jpg\" alt=\"Aveiro Portugal Sehensw\u00fcrdigkeit Fluss\" class=\"wp-image-6991\" srcset=\"https:\/\/blog.olimar.de\/wp-content\/uploads\/2016\/09\/Portugal-Aveiro-Stadt-Meurers_4059-1024x684.jpg 1024w, https:\/\/blog.olimar.de\/wp-content\/uploads\/2016\/09\/Portugal-Aveiro-Stadt-Meurers_4059-300x200.jpg 300w, https:\/\/blog.olimar.de\/wp-content\/uploads\/2016\/09\/Portugal-Aveiro-Stadt-Meurers_4059-768x513.jpg 768w, https:\/\/blog.olimar.de\/wp-content\/uploads\/2016\/09\/Portugal-Aveiro-Stadt-Meurers_4059-840x560.jpg 840w, https:\/\/blog.olimar.de\/wp-content\/uploads\/2016\/09\/Portugal-Aveiro-Stadt-Meurers_4059-1200x800.jpg 1200w, https:\/\/blog.olimar.de\/wp-content\/uploads\/2016\/09\/Portugal-Aveiro-Stadt-Meurers_4059.jpg 2000w\" sizes=\"auto, (max-width: 1024px) 100vw, 1024px\" \/><figcaption class=\"wp-element-caption\">Fluss durch Aveiro<\/figcaption><\/figure>\n\n\n\n<figure class=\"wp-block-image size-large\"><img loading=\"lazy\" decoding=\"async\" width=\"1024\" height=\"684\" data-id=\"6998\" src=\"https:\/\/blog.olimar.de\/wp-content\/uploads\/2016\/09\/Portugal-Aveiro-Stadt-Meurers_4069-1024x684.jpg\" alt=\"Panorama Fluss Aveiro Portugal\" class=\"wp-image-6998\" srcset=\"https:\/\/blog.olimar.de\/wp-content\/uploads\/2016\/09\/Portugal-Aveiro-Stadt-Meurers_4069-1024x684.jpg 1024w, https:\/\/blog.olimar.de\/wp-content\/uploads\/2016\/09\/Portugal-Aveiro-Stadt-Meurers_4069-300x200.jpg 300w, https:\/\/blog.olimar.de\/wp-content\/uploads\/2016\/09\/Portugal-Aveiro-Stadt-Meurers_4069-768x513.jpg 768w, https:\/\/blog.olimar.de\/wp-content\/uploads\/2016\/09\/Portugal-Aveiro-Stadt-Meurers_4069-840x560.jpg 840w, https:\/\/blog.olimar.de\/wp-content\/uploads\/2016\/09\/Portugal-Aveiro-Stadt-Meurers_4069-1200x800.jpg 1200w, https:\/\/blog.olimar.de\/wp-content\/uploads\/2016\/09\/Portugal-Aveiro-Stadt-Meurers_4069.jpg 2000w\" sizes=\"auto, (max-width: 1024px) 100vw, 1024px\" \/><\/figure>\n\n\n\n<figure class=\"wp-block-image size-large\"><img loading=\"lazy\" decoding=\"async\" width=\"1024\" height=\"684\" data-id=\"6987\" src=\"https:\/\/blog.olimar.de\/wp-content\/uploads\/2016\/09\/Portugal-Aveiro-Stadt-Meurers_4054-1024x684.jpg\" alt=\"Br\u00fccke Stadt \" class=\"wp-image-6987\" srcset=\"https:\/\/blog.olimar.de\/wp-content\/uploads\/2016\/09\/Portugal-Aveiro-Stadt-Meurers_4054-1024x684.jpg 1024w, https:\/\/blog.olimar.de\/wp-content\/uploads\/2016\/09\/Portugal-Aveiro-Stadt-Meurers_4054-300x200.jpg 300w, https:\/\/blog.olimar.de\/wp-content\/uploads\/2016\/09\/Portugal-Aveiro-Stadt-Meurers_4054-768x513.jpg 768w, https:\/\/blog.olimar.de\/wp-content\/uploads\/2016\/09\/Portugal-Aveiro-Stadt-Meurers_4054-840x560.jpg 840w, https:\/\/blog.olimar.de\/wp-content\/uploads\/2016\/09\/Portugal-Aveiro-Stadt-Meurers_4054-1200x800.jpg 1200w, https:\/\/blog.olimar.de\/wp-content\/uploads\/2016\/09\/Portugal-Aveiro-Stadt-Meurers_4054.jpg 2000w\" sizes=\"auto, (max-width: 1024px) 100vw, 1024px\" \/><\/figure>\n\n\n\n<figure class=\"wp-block-image size-large\"><img loading=\"lazy\" decoding=\"async\" width=\"1024\" height=\"684\" data-id=\"6993\" src=\"https:\/\/blog.olimar.de\/wp-content\/uploads\/2016\/09\/Portugal-Aveiro-Stadt-Meurers_4064-1024x684.jpg\" alt=\"Bunte H\u00e4user Boote Aveiro\" class=\"wp-image-6993\" srcset=\"https:\/\/blog.olimar.de\/wp-content\/uploads\/2016\/09\/Portugal-Aveiro-Stadt-Meurers_4064-1024x684.jpg 1024w, https:\/\/blog.olimar.de\/wp-content\/uploads\/2016\/09\/Portugal-Aveiro-Stadt-Meurers_4064-300x200.jpg 300w, https:\/\/blog.olimar.de\/wp-content\/uploads\/2016\/09\/Portugal-Aveiro-Stadt-Meurers_4064-768x513.jpg 768w, https:\/\/blog.olimar.de\/wp-content\/uploads\/2016\/09\/Portugal-Aveiro-Stadt-Meurers_4064-840x560.jpg 840w, https:\/\/blog.olimar.de\/wp-content\/uploads\/2016\/09\/Portugal-Aveiro-Stadt-Meurers_4064-1200x800.jpg 1200w, https:\/\/blog.olimar.de\/wp-content\/uploads\/2016\/09\/Portugal-Aveiro-Stadt-Meurers_4064.jpg 2000w\" sizes=\"auto, (max-width: 1024px) 100vw, 1024px\" \/><\/figure>\n\n\n\n<figure class=\"wp-block-image size-large\"><img loading=\"lazy\" decoding=\"async\" width=\"1024\" height=\"684\" data-id=\"7007\" src=\"https:\/\/blog.olimar.de\/wp-content\/uploads\/2016\/09\/Portugal-Aveiro-Stadt-Meurers_4083-1024x684.jpg\" alt=\"Buntes Boot Sehensw\u00fcrdigkeit Aveiro Portugal\" class=\"wp-image-7007\" srcset=\"https:\/\/blog.olimar.de\/wp-content\/uploads\/2016\/09\/Portugal-Aveiro-Stadt-Meurers_4083-1024x684.jpg 1024w, https:\/\/blog.olimar.de\/wp-content\/uploads\/2016\/09\/Portugal-Aveiro-Stadt-Meurers_4083-300x200.jpg 300w, https:\/\/blog.olimar.de\/wp-content\/uploads\/2016\/09\/Portugal-Aveiro-Stadt-Meurers_4083-768x513.jpg 768w, https:\/\/blog.olimar.de\/wp-content\/uploads\/2016\/09\/Portugal-Aveiro-Stadt-Meurers_4083-840x560.jpg 840w, https:\/\/blog.olimar.de\/wp-content\/uploads\/2016\/09\/Portugal-Aveiro-Stadt-Meurers_4083-1200x800.jpg 1200w, https:\/\/blog.olimar.de\/wp-content\/uploads\/2016\/09\/Portugal-Aveiro-Stadt-Meurers_4083.jpg 2000w\" sizes=\"auto, (max-width: 1024px) 100vw, 1024px\" \/><\/figure>\n\n\n\n<figure class=\"wp-block-image size-large\"><img loading=\"lazy\" decoding=\"async\" width=\"1024\" height=\"684\" data-id=\"7008\" src=\"https:\/\/blog.olimar.de\/wp-content\/uploads\/2016\/09\/Portugal-Aveiro-Stadt-Meurers_4085-1024x684.jpg\" alt=\"Panorama Boot Aveiro Portugal\" class=\"wp-image-7008\" srcset=\"https:\/\/blog.olimar.de\/wp-content\/uploads\/2016\/09\/Portugal-Aveiro-Stadt-Meurers_4085-1024x684.jpg 1024w, https:\/\/blog.olimar.de\/wp-content\/uploads\/2016\/09\/Portugal-Aveiro-Stadt-Meurers_4085-300x200.jpg 300w, https:\/\/blog.olimar.de\/wp-content\/uploads\/2016\/09\/Portugal-Aveiro-Stadt-Meurers_4085-768x513.jpg 768w, https:\/\/blog.olimar.de\/wp-content\/uploads\/2016\/09\/Portugal-Aveiro-Stadt-Meurers_4085-840x560.jpg 840w, https:\/\/blog.olimar.de\/wp-content\/uploads\/2016\/09\/Portugal-Aveiro-Stadt-Meurers_4085-1200x800.jpg 1200w, https:\/\/blog.olimar.de\/wp-content\/uploads\/2016\/09\/Portugal-Aveiro-Stadt-Meurers_4085.jpg 2000w\" sizes=\"auto, (max-width: 1024px) 100vw, 1024px\" \/><\/figure>\n\n\n\n<figure class=\"wp-block-image size-large\"><img loading=\"lazy\" decoding=\"async\" width=\"1024\" height=\"684\" data-id=\"7013\" src=\"https:\/\/blog.olimar.de\/wp-content\/uploads\/2016\/09\/Portugal-Aveiro-Stadt-Meurers_4090-1024x684.jpg\" alt=\"Promenade \" class=\"wp-image-7013\" srcset=\"https:\/\/blog.olimar.de\/wp-content\/uploads\/2016\/09\/Portugal-Aveiro-Stadt-Meurers_4090-1024x684.jpg 1024w, https:\/\/blog.olimar.de\/wp-content\/uploads\/2016\/09\/Portugal-Aveiro-Stadt-Meurers_4090-300x200.jpg 300w, https:\/\/blog.olimar.de\/wp-content\/uploads\/2016\/09\/Portugal-Aveiro-Stadt-Meurers_4090-768x513.jpg 768w, https:\/\/blog.olimar.de\/wp-content\/uploads\/2016\/09\/Portugal-Aveiro-Stadt-Meurers_4090-840x560.jpg 840w, https:\/\/blog.olimar.de\/wp-content\/uploads\/2016\/09\/Portugal-Aveiro-Stadt-Meurers_4090-1200x800.jpg 1200w, https:\/\/blog.olimar.de\/wp-content\/uploads\/2016\/09\/Portugal-Aveiro-Stadt-Meurers_4090.jpg 2000w\" sizes=\"auto, (max-width: 1024px) 100vw, 1024px\" \/><\/figure>\n\n\n\n<figure class=\"wp-block-image size-large\"><img loading=\"lazy\" decoding=\"async\" width=\"1024\" height=\"684\" data-id=\"7004\" src=\"https:\/\/blog.olimar.de\/wp-content\/uploads\/2016\/09\/Portugal-Aveiro-Stadt-Meurers_4079-1024x684.jpg\" alt=\"Fluss Aveiro Portugal\" class=\"wp-image-7004\" srcset=\"https:\/\/blog.olimar.de\/wp-content\/uploads\/2016\/09\/Portugal-Aveiro-Stadt-Meurers_4079-1024x684.jpg 1024w, https:\/\/blog.olimar.de\/wp-content\/uploads\/2016\/09\/Portugal-Aveiro-Stadt-Meurers_4079-300x200.jpg 300w, https:\/\/blog.olimar.de\/wp-content\/uploads\/2016\/09\/Portugal-Aveiro-Stadt-Meurers_4079-768x513.jpg 768w, https:\/\/blog.olimar.de\/wp-content\/uploads\/2016\/09\/Portugal-Aveiro-Stadt-Meurers_4079-840x560.jpg 840w, https:\/\/blog.olimar.de\/wp-content\/uploads\/2016\/09\/Portugal-Aveiro-Stadt-Meurers_4079-1200x800.jpg 1200w, https:\/\/blog.olimar.de\/wp-content\/uploads\/2016\/09\/Portugal-Aveiro-Stadt-Meurers_4079.jpg 2000w\" sizes=\"auto, (max-width: 1024px) 100vw, 1024px\" \/><\/figure>\n\n\n\n<figure class=\"wp-block-image size-large\"><img loading=\"lazy\" decoding=\"async\" width=\"1024\" height=\"684\" data-id=\"7015\" src=\"https:\/\/blog.olimar.de\/wp-content\/uploads\/2016\/09\/Portugal-Aveiro-Stadt-Meurers_4092-1024x684.jpg\" alt=\"Promenade Aveiro Portugal\" class=\"wp-image-7015\" srcset=\"https:\/\/blog.olimar.de\/wp-content\/uploads\/2016\/09\/Portugal-Aveiro-Stadt-Meurers_4092-1024x684.jpg 1024w, https:\/\/blog.olimar.de\/wp-content\/uploads\/2016\/09\/Portugal-Aveiro-Stadt-Meurers_4092-300x200.jpg 300w, https:\/\/blog.olimar.de\/wp-content\/uploads\/2016\/09\/Portugal-Aveiro-Stadt-Meurers_4092-768x513.jpg 768w, https:\/\/blog.olimar.de\/wp-content\/uploads\/2016\/09\/Portugal-Aveiro-Stadt-Meurers_4092-840x560.jpg 840w, https:\/\/blog.olimar.de\/wp-content\/uploads\/2016\/09\/Portugal-Aveiro-Stadt-Meurers_4092-1200x800.jpg 1200w, https:\/\/blog.olimar.de\/wp-content\/uploads\/2016\/09\/Portugal-Aveiro-Stadt-Meurers_4092.jpg 2000w\" sizes=\"auto, (max-width: 1024px) 100vw, 1024px\" \/><\/figure>\n<\/figure>\n\n\n\n<h3>Aveiros kulinarische Spezialit\u00e4ten: Ovos Moles und Bolaca Americana<\/h3>\n<p>Die kulinarische Spezialit\u00e4t von Aveiro\u00a0 sind Ovos Moles. Figuren aus einer Art Esspapier, gef\u00fcllt mit einer Masse aus Ei und Zucker. Uns pers\u00f6nlich haben sie nicht so gut geschmeckt, aber man muss alles mal probiert haben. Die Portugiesen lieben Ovos Moles es und lassen sich die Ei-Zucker-Masse sogar auf Crepes servieren oder in einer anderen Eiswaffel-artigen Spezialit\u00e4t namens Bolacha Americana. Dieser knusprige Snack wird mit allem m\u00f6glichen gef\u00fcllt. K\u00e4se und Schinken, aber auch Schokoriegeln oder Schokocreme.<\/p>\n\n\n\n<figure class=\"wp-block-gallery has-nested-images columns-3 is-cropped wp-block-gallery-2 is-layout-flex wp-block-gallery-is-layout-flex\">\n<figure class=\"wp-block-image size-large\"><img loading=\"lazy\" decoding=\"async\" width=\"1024\" height=\"684\" data-id=\"7371\" src=\"https:\/\/blog.olimar.de\/wp-content\/uploads\/2016\/09\/Portugal-Aveiro-Stadt-Meurers_4076-1-1024x684.jpg\" alt=\"Portugiesische Spezialit\u00e4t in Aveiro\" class=\"wp-image-7371\" srcset=\"https:\/\/blog.olimar.de\/wp-content\/uploads\/2016\/09\/Portugal-Aveiro-Stadt-Meurers_4076-1-1024x684.jpg 1024w, https:\/\/blog.olimar.de\/wp-content\/uploads\/2016\/09\/Portugal-Aveiro-Stadt-Meurers_4076-1-300x200.jpg 300w, https:\/\/blog.olimar.de\/wp-content\/uploads\/2016\/09\/Portugal-Aveiro-Stadt-Meurers_4076-1-768x513.jpg 768w, https:\/\/blog.olimar.de\/wp-content\/uploads\/2016\/09\/Portugal-Aveiro-Stadt-Meurers_4076-1-840x560.jpg 840w, https:\/\/blog.olimar.de\/wp-content\/uploads\/2016\/09\/Portugal-Aveiro-Stadt-Meurers_4076-1-1200x800.jpg 1200w, https:\/\/blog.olimar.de\/wp-content\/uploads\/2016\/09\/Portugal-Aveiro-Stadt-Meurers_4076-1.jpg 2000w\" sizes=\"auto, (max-width: 1024px) 100vw, 1024px\" \/><figcaption class=\"wp-element-caption\">Portugiesische Spezialit\u00e4t<\/figcaption><\/figure>\n\n\n\n<figure class=\"wp-block-image size-large\"><img loading=\"lazy\" decoding=\"async\" width=\"1024\" height=\"673\" data-id=\"7044\" src=\"https:\/\/blog.olimar.de\/wp-content\/uploads\/2016\/09\/Portugal-Aveiro-Stadt-Meurers_4135-1024x673.jpg\" alt=\"Waffelteig Waffeleisen \" class=\"wp-image-7044\" srcset=\"https:\/\/blog.olimar.de\/wp-content\/uploads\/2016\/09\/Portugal-Aveiro-Stadt-Meurers_4135-1024x673.jpg 1024w, https:\/\/blog.olimar.de\/wp-content\/uploads\/2016\/09\/Portugal-Aveiro-Stadt-Meurers_4135-300x197.jpg 300w, https:\/\/blog.olimar.de\/wp-content\/uploads\/2016\/09\/Portugal-Aveiro-Stadt-Meurers_4135-768x505.jpg 768w, https:\/\/blog.olimar.de\/wp-content\/uploads\/2016\/09\/Portugal-Aveiro-Stadt-Meurers_4135.jpg 2000w\" sizes=\"auto, (max-width: 1024px) 100vw, 1024px\" \/><\/figure>\n\n\n\n<figure class=\"wp-block-image size-large\"><img loading=\"lazy\" decoding=\"async\" width=\"1024\" height=\"684\" data-id=\"7327\" src=\"https:\/\/blog.olimar.de\/wp-content\/uploads\/2016\/09\/Portugal-Aveiro-Stadt-Meurers_4138-1-1024x684.jpg\" alt=\"Schokolade und Waffel \" class=\"wp-image-7327\" srcset=\"https:\/\/blog.olimar.de\/wp-content\/uploads\/2016\/09\/Portugal-Aveiro-Stadt-Meurers_4138-1-1024x684.jpg 1024w, https:\/\/blog.olimar.de\/wp-content\/uploads\/2016\/09\/Portugal-Aveiro-Stadt-Meurers_4138-1-300x200.jpg 300w, https:\/\/blog.olimar.de\/wp-content\/uploads\/2016\/09\/Portugal-Aveiro-Stadt-Meurers_4138-1-768x513.jpg 768w, https:\/\/blog.olimar.de\/wp-content\/uploads\/2016\/09\/Portugal-Aveiro-Stadt-Meurers_4138-1-840x560.jpg 840w, https:\/\/blog.olimar.de\/wp-content\/uploads\/2016\/09\/Portugal-Aveiro-Stadt-Meurers_4138-1-1200x800.jpg 1200w, https:\/\/blog.olimar.de\/wp-content\/uploads\/2016\/09\/Portugal-Aveiro-Stadt-Meurers_4138-1.jpg 2000w\" sizes=\"auto, (max-width: 1024px) 100vw, 1024px\" \/><\/figure>\n\n\n\n<figure class=\"wp-block-image size-large\"><img loading=\"lazy\" decoding=\"async\" width=\"1024\" height=\"684\" data-id=\"7050\" src=\"https:\/\/blog.olimar.de\/wp-content\/uploads\/2016\/09\/Portugal-Aveiro-Stadt-Meurers_4141-1024x684.jpg\" alt=\"Waffel wird zubereitet \" class=\"wp-image-7050\" srcset=\"https:\/\/blog.olimar.de\/wp-content\/uploads\/2016\/09\/Portugal-Aveiro-Stadt-Meurers_4141-1024x684.jpg 1024w, https:\/\/blog.olimar.de\/wp-content\/uploads\/2016\/09\/Portugal-Aveiro-Stadt-Meurers_4141-300x200.jpg 300w, https:\/\/blog.olimar.de\/wp-content\/uploads\/2016\/09\/Portugal-Aveiro-Stadt-Meurers_4141-768x513.jpg 768w, https:\/\/blog.olimar.de\/wp-content\/uploads\/2016\/09\/Portugal-Aveiro-Stadt-Meurers_4141-840x560.jpg 840w, https:\/\/blog.olimar.de\/wp-content\/uploads\/2016\/09\/Portugal-Aveiro-Stadt-Meurers_4141-1200x800.jpg 1200w, https:\/\/blog.olimar.de\/wp-content\/uploads\/2016\/09\/Portugal-Aveiro-Stadt-Meurers_4141.jpg 2000w\" sizes=\"auto, (max-width: 1024px) 100vw, 1024px\" \/><\/figure>\n<\/figure>\n\n\n\n<p>Probiert haben wir die Bolacha an der Strandpromenade von Costa Nova in Aveiro, einem Viertel, das zum Gro\u00dfteil aus gestreiften H\u00e4usern besteht. Sehr frisch und einladend und farbenfroh und definitiv &#8211; so wie die ganze Stadt &#8211; einen Besuch wert!<\/p>\n\n\n\n<figure class=\"wp-block-gallery has-nested-images columns-3 is-cropped wp-block-gallery-3 is-layout-flex wp-block-gallery-is-layout-flex\">\n<figure class=\"wp-block-image size-large\"><img loading=\"lazy\" decoding=\"async\" width=\"1024\" height=\"684\" data-id=\"7338\" src=\"https:\/\/blog.olimar.de\/wp-content\/uploads\/2016\/09\/Portugal-Aveiro-Stadt-Meurers_4124-1-1024x684.jpg\" alt=\"Bunte H\u00e4user in Aveiro\" class=\"wp-image-7338\" srcset=\"https:\/\/blog.olimar.de\/wp-content\/uploads\/2016\/09\/Portugal-Aveiro-Stadt-Meurers_4124-1-1024x684.jpg 1024w, https:\/\/blog.olimar.de\/wp-content\/uploads\/2016\/09\/Portugal-Aveiro-Stadt-Meurers_4124-1-300x200.jpg 300w, https:\/\/blog.olimar.de\/wp-content\/uploads\/2016\/09\/Portugal-Aveiro-Stadt-Meurers_4124-1-768x513.jpg 768w, https:\/\/blog.olimar.de\/wp-content\/uploads\/2016\/09\/Portugal-Aveiro-Stadt-Meurers_4124-1-840x560.jpg 840w, https:\/\/blog.olimar.de\/wp-content\/uploads\/2016\/09\/Portugal-Aveiro-Stadt-Meurers_4124-1-1200x800.jpg 1200w, https:\/\/blog.olimar.de\/wp-content\/uploads\/2016\/09\/Portugal-Aveiro-Stadt-Meurers_4124-1.jpg 2000w\" sizes=\"auto, (max-width: 1024px) 100vw, 1024px\" \/><figcaption class=\"wp-element-caption\">Bunte H\u00e4user<\/figcaption><\/figure>\n\n\n\n<figure class=\"wp-block-image size-large\"><img loading=\"lazy\" decoding=\"async\" width=\"1024\" height=\"684\" data-id=\"7339\" src=\"https:\/\/blog.olimar.de\/wp-content\/uploads\/2016\/09\/Portugal-Aveiro-Stadt-Meurers_4123-1-1024x684.jpg\" alt=\"Gestreifte H\u00e4user in Aveiro\" class=\"wp-image-7339\" srcset=\"https:\/\/blog.olimar.de\/wp-content\/uploads\/2016\/09\/Portugal-Aveiro-Stadt-Meurers_4123-1-1024x684.jpg 1024w, https:\/\/blog.olimar.de\/wp-content\/uploads\/2016\/09\/Portugal-Aveiro-Stadt-Meurers_4123-1-300x200.jpg 300w, https:\/\/blog.olimar.de\/wp-content\/uploads\/2016\/09\/Portugal-Aveiro-Stadt-Meurers_4123-1-768x513.jpg 768w, https:\/\/blog.olimar.de\/wp-content\/uploads\/2016\/09\/Portugal-Aveiro-Stadt-Meurers_4123-1-840x560.jpg 840w, https:\/\/blog.olimar.de\/wp-content\/uploads\/2016\/09\/Portugal-Aveiro-Stadt-Meurers_4123-1-1200x800.jpg 1200w, https:\/\/blog.olimar.de\/wp-content\/uploads\/2016\/09\/Portugal-Aveiro-Stadt-Meurers_4123-1.jpg 2000w\" sizes=\"auto, (max-width: 1024px) 100vw, 1024px\" \/><\/figure>\n\n\n\n<figure class=\"wp-block-image size-large\"><img loading=\"lazy\" decoding=\"async\" width=\"1024\" height=\"684\" data-id=\"7337\" src=\"https:\/\/blog.olimar.de\/wp-content\/uploads\/2016\/09\/Portugal-Aveiro-Stadt-Meurers_4125-1-1024x684.jpg\" alt=\"Gestreifte H\u00e4uschen Aveiro\" class=\"wp-image-7337\" srcset=\"https:\/\/blog.olimar.de\/wp-content\/uploads\/2016\/09\/Portugal-Aveiro-Stadt-Meurers_4125-1-1024x684.jpg 1024w, https:\/\/blog.olimar.de\/wp-content\/uploads\/2016\/09\/Portugal-Aveiro-Stadt-Meurers_4125-1-300x200.jpg 300w, https:\/\/blog.olimar.de\/wp-content\/uploads\/2016\/09\/Portugal-Aveiro-Stadt-Meurers_4125-1-768x513.jpg 768w, https:\/\/blog.olimar.de\/wp-content\/uploads\/2016\/09\/Portugal-Aveiro-Stadt-Meurers_4125-1-840x560.jpg 840w, https:\/\/blog.olimar.de\/wp-content\/uploads\/2016\/09\/Portugal-Aveiro-Stadt-Meurers_4125-1-1200x800.jpg 1200w, https:\/\/blog.olimar.de\/wp-content\/uploads\/2016\/09\/Portugal-Aveiro-Stadt-Meurers_4125-1.jpg 2000w\" sizes=\"auto, (max-width: 1024px) 100vw, 1024px\" \/><\/figure>\n\n\n\n<figure class=\"wp-block-image size-large\"><img loading=\"lazy\" decoding=\"async\" width=\"1024\" height=\"684\" data-id=\"7336\" src=\"https:\/\/blog.olimar.de\/wp-content\/uploads\/2016\/09\/Portugal-Aveiro-Stadt-Meurers_4126-1-1024x684.jpg\" alt=\"Bunte H\u00e4user Aveiro\" class=\"wp-image-7336\" srcset=\"https:\/\/blog.olimar.de\/wp-content\/uploads\/2016\/09\/Portugal-Aveiro-Stadt-Meurers_4126-1-1024x684.jpg 1024w, https:\/\/blog.olimar.de\/wp-content\/uploads\/2016\/09\/Portugal-Aveiro-Stadt-Meurers_4126-1-300x200.jpg 300w, https:\/\/blog.olimar.de\/wp-content\/uploads\/2016\/09\/Portugal-Aveiro-Stadt-Meurers_4126-1-768x513.jpg 768w, https:\/\/blog.olimar.de\/wp-content\/uploads\/2016\/09\/Portugal-Aveiro-Stadt-Meurers_4126-1-840x560.jpg 840w, https:\/\/blog.olimar.de\/wp-content\/uploads\/2016\/09\/Portugal-Aveiro-Stadt-Meurers_4126-1-1200x800.jpg 1200w, https:\/\/blog.olimar.de\/wp-content\/uploads\/2016\/09\/Portugal-Aveiro-Stadt-Meurers_4126-1.jpg 2000w\" sizes=\"auto, (max-width: 1024px) 100vw, 1024px\" \/><\/figure>\n\n\n\n<figure class=\"wp-block-image size-large\"><img loading=\"lazy\" decoding=\"async\" width=\"1024\" height=\"684\" data-id=\"7335\" src=\"https:\/\/blog.olimar.de\/wp-content\/uploads\/2016\/09\/Portugal-Aveiro-Stadt-Meurers_4127-1-1024x684.jpg\" alt=\"Stra\u00dfe mit bunten H\u00e4usern Portugal\" class=\"wp-image-7335\" srcset=\"https:\/\/blog.olimar.de\/wp-content\/uploads\/2016\/09\/Portugal-Aveiro-Stadt-Meurers_4127-1-1024x684.jpg 1024w, https:\/\/blog.olimar.de\/wp-content\/uploads\/2016\/09\/Portugal-Aveiro-Stadt-Meurers_4127-1-300x200.jpg 300w, https:\/\/blog.olimar.de\/wp-content\/uploads\/2016\/09\/Portugal-Aveiro-Stadt-Meurers_4127-1-768x513.jpg 768w, https:\/\/blog.olimar.de\/wp-content\/uploads\/2016\/09\/Portugal-Aveiro-Stadt-Meurers_4127-1-840x560.jpg 840w, https:\/\/blog.olimar.de\/wp-content\/uploads\/2016\/09\/Portugal-Aveiro-Stadt-Meurers_4127-1-1200x800.jpg 1200w, https:\/\/blog.olimar.de\/wp-content\/uploads\/2016\/09\/Portugal-Aveiro-Stadt-Meurers_4127-1.jpg 2000w\" sizes=\"auto, (max-width: 1024px) 100vw, 1024px\" \/><\/figure>\n\n\n\n<figure class=\"wp-block-image size-large\"><img loading=\"lazy\" decoding=\"async\" width=\"1024\" height=\"684\" data-id=\"7333\" src=\"https:\/\/blog.olimar.de\/wp-content\/uploads\/2016\/09\/Portugal-Aveiro-Stadt-Meurers_4129-1-1024x684.jpg\" alt=\"Bunt bemalte H\u00e4user in Aveiro\" class=\"wp-image-7333\" srcset=\"https:\/\/blog.olimar.de\/wp-content\/uploads\/2016\/09\/Portugal-Aveiro-Stadt-Meurers_4129-1-1024x684.jpg 1024w, https:\/\/blog.olimar.de\/wp-content\/uploads\/2016\/09\/Portugal-Aveiro-Stadt-Meurers_4129-1-300x200.jpg 300w, https:\/\/blog.olimar.de\/wp-content\/uploads\/2016\/09\/Portugal-Aveiro-Stadt-Meurers_4129-1-768x513.jpg 768w, https:\/\/blog.olimar.de\/wp-content\/uploads\/2016\/09\/Portugal-Aveiro-Stadt-Meurers_4129-1-840x560.jpg 840w, https:\/\/blog.olimar.de\/wp-content\/uploads\/2016\/09\/Portugal-Aveiro-Stadt-Meurers_4129-1-1200x800.jpg 1200w, https:\/\/blog.olimar.de\/wp-content\/uploads\/2016\/09\/Portugal-Aveiro-Stadt-Meurers_4129-1.jpg 2000w\" sizes=\"auto, (max-width: 1024px) 100vw, 1024px\" \/><\/figure>\n\n\n\n<figure class=\"wp-block-image size-large\"><img loading=\"lazy\" decoding=\"async\" width=\"1024\" height=\"684\" data-id=\"7331\" src=\"https:\/\/blog.olimar.de\/wp-content\/uploads\/2016\/09\/Portugal-Aveiro-Stadt-Meurers_4134-1-1024x684.jpg\" alt=\"Gestreifte H\u00e4user in Aveiro\" class=\"wp-image-7331\" srcset=\"https:\/\/blog.olimar.de\/wp-content\/uploads\/2016\/09\/Portugal-Aveiro-Stadt-Meurers_4134-1-1024x684.jpg 1024w, https:\/\/blog.olimar.de\/wp-content\/uploads\/2016\/09\/Portugal-Aveiro-Stadt-Meurers_4134-1-300x200.jpg 300w, https:\/\/blog.olimar.de\/wp-content\/uploads\/2016\/09\/Portugal-Aveiro-Stadt-Meurers_4134-1-768x513.jpg 768w, https:\/\/blog.olimar.de\/wp-content\/uploads\/2016\/09\/Portugal-Aveiro-Stadt-Meurers_4134-1-840x560.jpg 840w, https:\/\/blog.olimar.de\/wp-content\/uploads\/2016\/09\/Portugal-Aveiro-Stadt-Meurers_4134-1-1200x800.jpg 1200w, https:\/\/blog.olimar.de\/wp-content\/uploads\/2016\/09\/Portugal-Aveiro-Stadt-Meurers_4134-1.jpg 2000w\" sizes=\"auto, (max-width: 1024px) 100vw, 1024px\" \/><figcaption class=\"wp-element-caption\">Gestreifte H\u00e4user<\/figcaption><\/figure>\n<\/figure>\n\n\n\n<h3>Hotelempfehlung f\u00fcr Aveiro<\/h3>\n<p>Mitten im Zentrum von Aveiro, nur eine Seitenstra\u00dfe vom Wasserkanal entfernt, ist das sehr empfehlenswerte <a href=\"https:\/\/rms.olimar.de\/code\/OPO524\" rel=\"noopener\">Hotel Moliceiro<\/a> **** zu finden. Die insgesamt 49 Zimmer sind geschmackvoll und gem\u00fctlich eingerichtet, die Atmosph\u00e4re im Haus ist angenehm famili\u00e4r. Bei OLIMAR buchbar ab 54 \u20ac p. P.<\/p>\n\n\n\n<figure class=\"wp-block-gallery has-nested-images columns-3 is-cropped wp-block-gallery-4 is-layout-flex wp-block-gallery-is-layout-flex\">\n<figure class=\"wp-block-image size-large\"><img loading=\"lazy\" decoding=\"async\" width=\"1000\" height=\"666\" data-id=\"7935\" src=\"https:\/\/blog.olimar.de\/wp-content\/uploads\/2016\/12\/OPO524-a-Aussenansicht.jpg\" alt=\" Urlaub Portugal\" class=\"wp-image-7935\" srcset=\"https:\/\/blog.olimar.de\/wp-content\/uploads\/2016\/12\/OPO524-a-Aussenansicht.jpg 1000w, https:\/\/blog.olimar.de\/wp-content\/uploads\/2016\/12\/OPO524-a-Aussenansicht-300x200.jpg 300w, https:\/\/blog.olimar.de\/wp-content\/uploads\/2016\/12\/OPO524-a-Aussenansicht-768x511.jpg 768w, https:\/\/blog.olimar.de\/wp-content\/uploads\/2016\/12\/OPO524-a-Aussenansicht-840x560.jpg 840w\" sizes=\"auto, (max-width: 1000px) 100vw, 1000px\" \/><figcaption class=\"wp-element-caption\">Ausblick<\/figcaption><\/figure>\n\n\n\n<figure class=\"wp-block-image size-large\"><img loading=\"lazy\" decoding=\"async\" width=\"1000\" height=\"645\" data-id=\"7933\" src=\"https:\/\/blog.olimar.de\/wp-content\/uploads\/2016\/12\/OPO524-z-StandardZimmer.jpg\" alt=\"Hotelzimmer Aveiro Reisebericht\" class=\"wp-image-7933\" srcset=\"https:\/\/blog.olimar.de\/wp-content\/uploads\/2016\/12\/OPO524-z-StandardZimmer.jpg 1000w, https:\/\/blog.olimar.de\/wp-content\/uploads\/2016\/12\/OPO524-z-StandardZimmer-300x194.jpg 300w, https:\/\/blog.olimar.de\/wp-content\/uploads\/2016\/12\/OPO524-z-StandardZimmer-768x495.jpg 768w\" sizes=\"auto, (max-width: 1000px) 100vw, 1000px\" \/><figcaption class=\"wp-element-caption\">Hotelzimmer<\/figcaption><\/figure>\n\n\n\n<figure class=\"wp-block-image size-large\"><img loading=\"lazy\" decoding=\"async\" width=\"1000\" height=\"661\" data-id=\"7934\" src=\"https:\/\/blog.olimar.de\/wp-content\/uploads\/2016\/12\/OPO524-i-LobbyA.jpg\" alt=\"Hotel Lobby Aveiro\" class=\"wp-image-7934\" srcset=\"https:\/\/blog.olimar.de\/wp-content\/uploads\/2016\/12\/OPO524-i-LobbyA.jpg 1000w, https:\/\/blog.olimar.de\/wp-content\/uploads\/2016\/12\/OPO524-i-LobbyA-300x198.jpg 300w, https:\/\/blog.olimar.de\/wp-content\/uploads\/2016\/12\/OPO524-i-LobbyA-768x508.jpg 768w\" sizes=\"auto, (max-width: 1000px) 100vw, 1000px\" \/><figcaption class=\"wp-element-caption\">Lobby<\/figcaption><\/figure>\n<\/figure>\n\n\n\n<div style=\"height:25px\" aria-hidden=\"true\" class=\"wp-block-spacer\"><\/div>\n\n\n\n<div class=\"wp-block-buttons is-layout-flex wp-block-buttons-is-layout-flex\">\n<div class=\"wp-block-button\"><a class=\"wp-block-button__link wp-element-button\" href=\"https:\/\/www.olimar.de\/hotellistung\/\">Jetzt Urlaubsangebote finden und buchen<\/a><\/div>\n<\/div>\n\n\n\n<div style=\"height:100px\" aria-hidden=\"true\" class=\"wp-block-spacer\"><\/div>\n","protected":false},"excerpt":{"rendered":"<p>Ein weitere Ausflug, w\u00e4hrend unseres Aufenthaltes in Porto, f\u00fchrte uns nach Aveiro. Knapp vierzig Autominuten bzw. 75 Kilometer s\u00fcdlich von Porto entfernt, befindet sich dieses nette, kleine St\u00e4dchen. Das &#8220;Venedig Portugals&#8221; wird Aveiro genannt. Und tats\u00e4chlich hat der Kanal mitten in der Stadt mit seinen bunten Booten vor den alten, reich verzierten H\u00e4usern etwas \u00c4hnlichkeit mit der italienischen Touristenhochburg. Und auch sonst scheint Aveiro mitten ins Wasser gebaut zu sein. Man sieht bereits direkt neben der Autobahn Flamingos im Wasser nach Futter suchen. Im Ort gibt es ein historisches Viertel mit vielen alten und verfliesten H\u00e4usern, aber auch moderne Pl\u00e4tze und &hellip;<\/p>\n","protected":false},"author":39,"featured_media":7004,"comment_status":"open","ping_status":"open","sticky":false,"template":"","format":"standard","meta":{"_crdt_document":"","_lmt_disableupdate":"","_lmt_disable":"","footnotes":""},"categories":[19],"tags":[145,34],"class_list":["post-7907","post","type-post","status-publish","format-standard","has-post-thumbnail","hentry","category-on-tour","tag-nordportugal","tag-portugal"],"yoast_head":"<!-- This site is optimized with the Yoast SEO plugin v26.9 - https:\/\/yoast.com\/product\/yoast-seo-wordpress\/ -->\n<title>Aveiro - das Venedig Portugals mit gestreiften H\u00e4usern<\/title>\n<meta name=\"description\" content=\"Aveiro, dem Venedig Portugals, ist sehr lohnenswert. Wir haben uns dort umgesehen und interessante kulinarische K\u00f6stlichkeiten entdeckt.\" \/>\n<meta name=\"robots\" content=\"index, follow, max-snippet:-1, max-image-preview:large, max-video-preview:-1\" \/>\n<link rel=\"canonical\" href=\"https:\/\/blog.olimar.de\/aveiro\/\" \/>\n<meta property=\"og:locale\" content=\"de_DE\" \/>\n<meta property=\"og:type\" content=\"article\" \/>\n<meta property=\"og:title\" content=\"Aveiro - das Venedig Portugals mit gestreiften H\u00e4usern\" \/>\n<meta property=\"og:description\" content=\"Aveiro, dem Venedig Portugals, ist sehr lohnenswert. Wir haben uns dort umgesehen und interessante kulinarische K\u00f6stlichkeiten entdeckt.\" \/>\n<meta property=\"og:url\" content=\"https:\/\/blog.olimar.de\/aveiro\/\" \/>\n<meta property=\"article:publisher\" content=\"https:\/\/www.facebook.com\/OlimarReisen\" \/>\n<meta property=\"article:author\" content=\"http:\/\/facebook.com\/waltzingmeurers\" \/>\n<meta property=\"article:published_time\" content=\"2016-12-28T07:49:47+00:00\" \/>\n<meta property=\"article:modified_time\" content=\"2023-01-17T21:12:35+00:00\" \/>\n<meta property=\"og:image\" content=\"https:\/\/blog.olimar.de\/wp-content\/uploads\/2016\/09\/Portugal-Aveiro-Stadt-Meurers_4079.jpg\" \/>\n\t<meta property=\"og:image:width\" content=\"2000\" \/>\n\t<meta property=\"og:image:height\" content=\"1335\" \/>\n\t<meta property=\"og:image:type\" content=\"image\/jpeg\" \/>\n<meta name=\"author\" content=\"Monika Meurer\" \/>\n<meta name=\"twitter:label1\" content=\"Verfasst von\" \/>\n\t<meta name=\"twitter:data1\" content=\"Monika Meurer\" \/>\n\t<meta name=\"twitter:label2\" content=\"Gesch\u00e4tzte Lesezeit\" \/>\n\t<meta name=\"twitter:data2\" content=\"7\u00a0Minuten\" \/>\n<script type=\"application\/ld+json\" class=\"yoast-schema-graph\">{\"@context\":\"https:\/\/schema.org\",\"@graph\":[{\"@type\":\"WebPage\",\"@id\":\"https:\/\/blog.olimar.de\/aveiro\/\",\"url\":\"https:\/\/blog.olimar.de\/aveiro\/\",\"name\":\"Aveiro - das Venedig Portugals mit gestreiften H\u00e4usern\",\"isPartOf\":{\"@id\":\"https:\/\/blog.olimar.de\/#website\"},\"primaryImageOfPage\":{\"@id\":\"https:\/\/blog.olimar.de\/aveiro\/#primaryimage\"},\"image\":{\"@id\":\"https:\/\/blog.olimar.de\/aveiro\/#primaryimage\"},\"thumbnailUrl\":\"https:\/\/blog.olimar.de\/wp-content\/uploads\/2016\/09\/Portugal-Aveiro-Stadt-Meurers_4079.jpg\",\"datePublished\":\"2016-12-28T07:49:47+00:00\",\"dateModified\":\"2023-01-17T21:12:35+00:00\",\"description\":\"Aveiro, dem Venedig Portugals, ist sehr lohnenswert. Wir haben uns dort umgesehen und interessante kulinarische K\u00f6stlichkeiten entdeckt.\",\"breadcrumb\":{\"@id\":\"https:\/\/blog.olimar.de\/aveiro\/#breadcrumb\"},\"inLanguage\":\"de\",\"potentialAction\":[{\"@type\":\"ReadAction\",\"target\":[\"https:\/\/blog.olimar.de\/aveiro\/\"]}]},{\"@type\":\"ImageObject\",\"inLanguage\":\"de\",\"@id\":\"https:\/\/blog.olimar.de\/aveiro\/#primaryimage\",\"url\":\"https:\/\/blog.olimar.de\/wp-content\/uploads\/2016\/09\/Portugal-Aveiro-Stadt-Meurers_4079.jpg\",\"contentUrl\":\"https:\/\/blog.olimar.de\/wp-content\/uploads\/2016\/09\/Portugal-Aveiro-Stadt-Meurers_4079.jpg\",\"width\":2000,\"height\":1335,\"caption\":\"Fluss Aveiro Portugal\"},{\"@type\":\"BreadcrumbList\",\"@id\":\"https:\/\/blog.olimar.de\/aveiro\/#breadcrumb\",\"itemListElement\":[{\"@type\":\"ListItem\",\"position\":1,\"name\":\"Home\",\"item\":\"https:\/\/blog.olimar.de\/\"},{\"@type\":\"ListItem\",\"position\":2,\"name\":\"Nordportugal\",\"item\":\"https:\/\/blog.olimar.de\/tag\/nordportugal\/\"},{\"@type\":\"ListItem\",\"position\":3,\"name\":\"Aveiro &#8211; das Venedig Portugals mit gestreiften H\u00e4usern\"}]},{\"@type\":\"WebSite\",\"@id\":\"https:\/\/blog.olimar.de\/#website\",\"url\":\"https:\/\/blog.olimar.de\/\",\"name\":\"OLIMAR.com\",\"description\":\"\",\"publisher\":{\"@id\":\"https:\/\/blog.olimar.de\/#organization\"},\"potentialAction\":[{\"@type\":\"SearchAction\",\"target\":{\"@type\":\"EntryPoint\",\"urlTemplate\":\"https:\/\/blog.olimar.de\/?s={search_term_string}\"},\"query-input\":{\"@type\":\"PropertyValueSpecification\",\"valueRequired\":true,\"valueName\":\"search_term_string\"}}],\"inLanguage\":\"de\"},{\"@type\":\"Organization\",\"@id\":\"https:\/\/blog.olimar.de\/#organization\",\"name\":\"OLIMAR Reisen\",\"url\":\"https:\/\/blog.olimar.de\/\",\"logo\":{\"@type\":\"ImageObject\",\"inLanguage\":\"de\",\"@id\":\"https:\/\/blog.olimar.de\/#\/schema\/logo\/image\/\",\"url\":\"https:\/\/blog.olimar.de\/wp-content\/uploads\/2021\/01\/OLIMAR_Logo_COLOR.png\",\"contentUrl\":\"https:\/\/blog.olimar.de\/wp-content\/uploads\/2021\/01\/OLIMAR_Logo_COLOR.png\",\"width\":2000,\"height\":986,\"caption\":\"OLIMAR Reisen\"},\"image\":{\"@id\":\"https:\/\/blog.olimar.de\/#\/schema\/logo\/image\/\"},\"sameAs\":[\"https:\/\/www.facebook.com\/OlimarReisen\",\"https:\/\/x.com\/olimarrreisen\",\"https:\/\/www.instagram.com\/olimarreisen\",\"https:\/\/www.youtube.com\/user\/olimarreisen\"]}]}<\/script>\n<!-- \/ Yoast SEO plugin. -->","yoast_head_json":{"title":"Aveiro - das Venedig Portugals mit gestreiften H\u00e4usern","description":"Aveiro, dem Venedig Portugals, ist sehr lohnenswert. Wir haben uns dort umgesehen und interessante kulinarische K\u00f6stlichkeiten entdeckt.","robots":{"index":"index","follow":"follow","max-snippet":"max-snippet:-1","max-image-preview":"max-image-preview:large","max-video-preview":"max-video-preview:-1"},"canonical":"https:\/\/blog.olimar.de\/aveiro\/","og_locale":"de_DE","og_type":"article","og_title":"Aveiro - das Venedig Portugals mit gestreiften H\u00e4usern","og_description":"Aveiro, dem Venedig Portugals, ist sehr lohnenswert. Wir haben uns dort umgesehen und interessante kulinarische K\u00f6stlichkeiten entdeckt.","og_url":"https:\/\/blog.olimar.de\/aveiro\/","article_publisher":"https:\/\/www.facebook.com\/OlimarReisen","article_author":"http:\/\/facebook.com\/waltzingmeurers","article_published_time":"2016-12-28T07:49:47+00:00","article_modified_time":"2023-01-17T21:12:35+00:00","og_image":[{"width":2000,"height":1335,"url":"https:\/\/blog.olimar.de\/wp-content\/uploads\/2016\/09\/Portugal-Aveiro-Stadt-Meurers_4079.jpg","type":"image\/jpeg"}],"author":"Monika Meurer","twitter_misc":{"Verfasst von":"Monika Meurer","Gesch\u00e4tzte Lesezeit":"7\u00a0Minuten"},"schema":{"@context":"https:\/\/schema.org","@graph":[{"@type":"WebPage","@id":"https:\/\/blog.olimar.de\/aveiro\/","url":"https:\/\/blog.olimar.de\/aveiro\/","name":"Aveiro - das Venedig Portugals mit gestreiften H\u00e4usern","isPartOf":{"@id":"https:\/\/blog.olimar.de\/#website"},"primaryImageOfPage":{"@id":"https:\/\/blog.olimar.de\/aveiro\/#primaryimage"},"image":{"@id":"https:\/\/blog.olimar.de\/aveiro\/#primaryimage"},"thumbnailUrl":"https:\/\/blog.olimar.de\/wp-content\/uploads\/2016\/09\/Portugal-Aveiro-Stadt-Meurers_4079.jpg","datePublished":"2016-12-28T07:49:47+00:00","dateModified":"2023-01-17T21:12:35+00:00","description":"Aveiro, dem Venedig Portugals, ist sehr lohnenswert. Wir haben uns dort umgesehen und interessante kulinarische K\u00f6stlichkeiten entdeckt.","breadcrumb":{"@id":"https:\/\/blog.olimar.de\/aveiro\/#breadcrumb"},"inLanguage":"de","potentialAction":[{"@type":"ReadAction","target":["https:\/\/blog.olimar.de\/aveiro\/"]}]},{"@type":"ImageObject","inLanguage":"de","@id":"https:\/\/blog.olimar.de\/aveiro\/#primaryimage","url":"https:\/\/blog.olimar.de\/wp-content\/uploads\/2016\/09\/Portugal-Aveiro-Stadt-Meurers_4079.jpg","contentUrl":"https:\/\/blog.olimar.de\/wp-content\/uploads\/2016\/09\/Portugal-Aveiro-Stadt-Meurers_4079.jpg","width":2000,"height":1335,"caption":"Fluss Aveiro Portugal"},{"@type":"BreadcrumbList","@id":"https:\/\/blog.olimar.de\/aveiro\/#breadcrumb","itemListElement":[{"@type":"ListItem","position":1,"name":"Home","item":"https:\/\/blog.olimar.de\/"},{"@type":"ListItem","position":2,"name":"Nordportugal","item":"https:\/\/blog.olimar.de\/tag\/nordportugal\/"},{"@type":"ListItem","position":3,"name":"Aveiro &#8211; das Venedig Portugals mit gestreiften H\u00e4usern"}]},{"@type":"WebSite","@id":"https:\/\/blog.olimar.de\/#website","url":"https:\/\/blog.olimar.de\/","name":"OLIMAR.com","description":"","publisher":{"@id":"https:\/\/blog.olimar.de\/#organization"},"potentialAction":[{"@type":"SearchAction","target":{"@type":"EntryPoint","urlTemplate":"https:\/\/blog.olimar.de\/?s={search_term_string}"},"query-input":{"@type":"PropertyValueSpecification","valueRequired":true,"valueName":"search_term_string"}}],"inLanguage":"de"},{"@type":"Organization","@id":"https:\/\/blog.olimar.de\/#organization","name":"OLIMAR Reisen","url":"https:\/\/blog.olimar.de\/","logo":{"@type":"ImageObject","inLanguage":"de","@id":"https:\/\/blog.olimar.de\/#\/schema\/logo\/image\/","url":"https:\/\/blog.olimar.de\/wp-content\/uploads\/2021\/01\/OLIMAR_Logo_COLOR.png","contentUrl":"https:\/\/blog.olimar.de\/wp-content\/uploads\/2021\/01\/OLIMAR_Logo_COLOR.png","width":2000,"height":986,"caption":"OLIMAR Reisen"},"image":{"@id":"https:\/\/blog.olimar.de\/#\/schema\/logo\/image\/"},"sameAs":["https:\/\/www.facebook.com\/OlimarReisen","https:\/\/x.com\/olimarrreisen","https:\/\/www.instagram.com\/olimarreisen","https:\/\/www.youtube.com\/user\/olimarreisen"]}]}},"modified_by":"Lena Radermacher","jetpack_featured_media_url":"https:\/\/blog.olimar.de\/wp-content\/uploads\/2016\/09\/Portugal-Aveiro-Stadt-Meurers_4079.jpg","_links":{"self":[{"href":"https:\/\/blog.olimar.de\/wp-json\/wp\/v2\/posts\/7907","targetHints":{"allow":["GET"]}}],"collection":[{"href":"https:\/\/blog.olimar.de\/wp-json\/wp\/v2\/posts"}],"about":[{"href":"https:\/\/blog.olimar.de\/wp-json\/wp\/v2\/types\/post"}],"author":[{"embeddable":true,"href":"https:\/\/blog.olimar.de\/wp-json\/wp\/v2\/users\/39"}],"replies":[{"embeddable":true,"href":"https:\/\/blog.olimar.de\/wp-json\/wp\/v2\/comments?post=7907"}],"version-history":[{"count":21,"href":"https:\/\/blog.olimar.de\/wp-json\/wp\/v2\/posts\/7907\/revisions"}],"predecessor-version":[{"id":23866,"href":"https:\/\/blog.olimar.de\/wp-json\/wp\/v2\/posts\/7907\/revisions\/23866"}],"wp:featuredmedia":[{"embeddable":true,"href":"https:\/\/blog.olimar.de\/wp-json\/wp\/v2\/media\/7004"}],"wp:attachment":[{"href":"https:\/\/blog.olimar.de\/wp-json\/wp\/v2\/media?parent=7907"}],"wp:term":[{"taxonomy":"category","embeddable":true,"href":"https:\/\/blog.olimar.de\/wp-json\/wp\/v2\/categories?post=7907"},{"taxonomy":"post_tag","embeddable":true,"href":"https:\/\/blog.olimar.de\/wp-json\/wp\/v2\/tags?post=7907"}],"curies":[{"name":"wp","href":"https:\/\/api.w.org\/{rel}","templated":true}]}}