{"id":7963,"date":"2017-01-27T17:21:46","date_gmt":"2017-01-27T15:21:46","guid":{"rendered":"https:\/\/blog.olimar.de\/?p=7963"},"modified":"2017-02-24T12:04:50","modified_gmt":"2017-02-24T10:04:50","slug":"prince-alec-portugal-roadtrip","status":"publish","type":"post","link":"https:\/\/blog.olimar.de\/prince-alec-portugal-roadtrip\/","title":{"rendered":"Prince Alec: Portugal-Roadtrip mit Saxofon und Surfboard"},"content":{"rendered":"<p class=\"intro\" style=\"text-align: justify;\">In den kommenden Wochen werden wir hier in den Sonnenseiten und auf unserer <a href=\"http:\/\/www.facebook.com\/olimarreisen\" target=\"_blank\">Facebook-Seite<\/a> gelegentlich live aus Portugal berichten. Denn wir begleiten den norddeutschen Musiker und Surfer Alexander Wilken auf einem 4-w\u00f6chigen Roadtrip. Was es damit auf sich hat, lesen Sie im folgenden Interview.<\/p>\n<p style=\"text-align: justify;\"><strong>OLIMAR: Alexander, du bist in Norddeutschland Vielen als \u201ePrince Alec\u201c bekannt. Erz\u00e4hl doch mal, was es mit diesem K\u00fcnstlernamen auf sich hat und welch spannendes Projekt du in den kommenden Tagen startest.<\/strong><\/p>\n<p style=\"text-align: justify;\"><strong>AW:<\/strong> Der K\u00fcnstlername \u201ePrince Alec\u201c wurde mir mal aus Spa\u00df bei einem Fotoshooting gegeben. Als ich mit der Belichtung nicht zufrieden war fragte der Fotograf ,,W\u00fcrde der Prince denn einen goldfarbenen Filter m\u00f6gen?\u201c Seitdem trage ich diesen Spitz- bzw. K\u00fcnstlernamen. Als Prince Alec werde ich vom 1. bis 28. Februar das Projekt \u201eRoadtrip to Lissabon &#8211; Ein Saxofonist auf Achse!\u201c durchf\u00fchren. Ich reise mit kompletter Tonstudioausr\u00fcstung, Saxofon und kleiner Anlage f\u00fcr spontane Auftritte nach Portugal. Vor Ort f\u00fchren wir Musiksessions durch, neue Songs werden komponiert, ich treffe andere Musiker und drehe kleine Videos.<\/p>\n<p style=\"text-align: justify;\"><strong>OLIMAR: Erz\u00e4hl uns doch mal, was Du genau in Lissabon vorhast?<\/strong><\/p>\n<p style=\"text-align: justify;\"><strong>AW:<\/strong> Wie auch bei meinen Reisen nach Afrika, Hawaii und Bali m\u00f6chte ich die urspr\u00fcngliche Musikkultur aufgreifen und mit meiner pers\u00f6nlichen Musik verbinden! Liveauftritte mit portugiesischen Musikern erleben, Musikvideos drehen und neue Inspiration auftanken.<\/p>\n<p style=\"text-align: justify;\"><strong>OLIMAR: Warum hast du gerade Lissabon f\u00fcr den Roadtrip ausgew\u00e4hlt?<\/strong><\/p>\n<p style=\"text-align: justify;\"><strong>AW:<\/strong> Lissabon ist eine Weltstadt mit einer extrem lebendigen Musikkultur. Hinzu kommt, dass gute Surfspots unmittelbar vor der Stadt liegen! F\u00fcr mich eine reizvolle Kombination!<\/p>\n<p style=\"text-align: justify;\"><strong>OLIMAR: Die typische Musik Portugals ist ja der Fado. Welche Verbindung hast du als Musiker zum Fado? Und passt das Saxofon zur Fado-Musik?<\/strong><\/p>\n<p style=\"text-align: justify;\"><strong>AW:<\/strong> Ich habe bereits mit mehreren portugiesischen S\u00e4ngerinnen in Hamburg zusammengearbeitet und mich daraufhin ausgiebig mit Fadomusik besch\u00e4ftigt. Fado hat viele Jazzelemente, die mir vertraut sind. Ich habe mir vorgenommen, auf meiner Tour Fado mit Deep House zu verbinden. Das Saxofon passt ganz hervorragend dazu!<\/p>\n<div id=\"attachment_7970\" style=\"width: 850px\" class=\"wp-caption alignnone\"><img loading=\"lazy\" decoding=\"async\" aria-describedby=\"caption-attachment-7970\" class=\"wp-image-7970 size-large\" src=\"https:\/\/blog.olimar.de\/wp-content\/uploads\/2017\/01\/Prince-Alec-1024x683.jpg\" alt=\"Musiker Prince Alec am Saxofon\" width=\"840\" height=\"560\" srcset=\"https:\/\/blog.olimar.de\/wp-content\/uploads\/2017\/01\/Prince-Alec-1024x683.jpg 1024w, https:\/\/blog.olimar.de\/wp-content\/uploads\/2017\/01\/Prince-Alec-300x200.jpg 300w, https:\/\/blog.olimar.de\/wp-content\/uploads\/2017\/01\/Prince-Alec-768x512.jpg 768w, https:\/\/blog.olimar.de\/wp-content\/uploads\/2017\/01\/Prince-Alec-840x560.jpg 840w, https:\/\/blog.olimar.de\/wp-content\/uploads\/2017\/01\/Prince-Alec.jpg 1200w\" sizes=\"auto, (max-width: 840px) 100vw, 840px\" \/><p id=\"caption-attachment-7970\" class=\"wp-caption-text\">Prince Alec am Saxofon<\/p><\/div>\n<p style=\"text-align: justify;\"><strong>OLIMAR: Wie wir geh\u00f6rt haben, bist Du ja nicht nur Musiker und K\u00fcnstler sondern auch Profi-Surfer?<\/strong><\/p>\n<p style=\"text-align: justify;\"><strong>AW:<\/strong> Ich war als junger Kerl viele Jahre im Windsurfcup als Fahrer dabei und habe f\u00fcnf Jahre bei der ARD Serie ,,Gegen den Wind\u201c als Surfdouble gedreht . Jetzt liegt mein Schwerpunkt im Stand Up Paddling in Wellen! Mein Sponsor BIC hat mir f\u00fcr den Portugaltrip ein tolles SUP Board gestellt!<\/p>\n<p style=\"text-align: justify;\"><strong>OLIMAR: An welche portugiesischen Str\u00e4nde zieht es Dich nach Deinem Aufenthalt in Lissabon?<\/strong><\/p>\n<p style=\"text-align: justify;\"><strong>AW:<\/strong> An die Str\u00e4nde von Parede, Nazar\u00e9, Cascais und einige andere, das werde ich vor Ort weiter entscheiden.<\/p>\n<p style=\"text-align: justify;\"><strong>OLIMAR: Wo gibt\u00b4s die besten Wellen?<\/strong><\/p>\n<p style=\"text-align: justify;\"><strong>AW:<\/strong> Die Frage kann man so schwer beantworten, denn je nach Vorliebe sieht das jeder Surfer anders. F\u00fcr mich pers\u00f6nlich sind z. B. 2-3 Meter-Wellen ideal, die von links nach rechts laufen.<\/p>\n<p style=\"text-align: justify;\"><strong>OLIMAR: Und Golf spielst Du ja auch noch: Auf welchem Platz trifft man Dich in Portugal denn an?<\/strong><\/p>\n<p style=\"text-align: justify;\"><strong>AW:<\/strong> Ich werde mir bestimmt mehrere Pl\u00e4tze rund um Lissabon herum anschauen und Euch dann von meinen Golf-Erlebnissen berichten.<\/p>\n<p style=\"text-align: justify;\"><strong>OLIMAR: Und wie geht es dann f\u00fcr dich nach dem Roadtrip nach Portugal weiter?<\/strong><\/p>\n<p style=\"text-align: justify;\"><strong>AW:<\/strong> Nach meiner R\u00fcckkehr werde ich diverses Foto- und Filmmaterial aufarbeiten, die neuen Songs in Hamburg fertigmischen und mit einigen Musikern nacharbeiten. Im April gibt es dann ein CD Releasekonzert zum Trip. Den Titel der CD kann ich schon verraten: ,,Deep Fado\u201c. Die Titel werde ich live mit meiner Band Monobeach pr\u00e4sentieren !<\/p>\n<p style=\"text-align: justify;\"><strong>OLIMAR: Wenn unsere Leser mehr von dir und deinen Erlebnissen lesen m\u00f6chten: wie lautet deine Webseite?<\/strong><\/p>\n<p style=\"text-align: justify;\"><strong>AW: <\/strong>Mehr Infos von unterwegs gibts auf meiner Webseite<strong>\u00a0<\/strong> <a href=\"http:\/\/www.musicwaveplanetblog.wordpress.de\" target=\"_blank\">www.musicwaveplanetblog.wordpress.de<\/a><\/p>\n<p style=\"text-align: justify;\"><strong>OLIMAR: Danke f\u00fcr das Interview! Wir w\u00fcnschen dir eine erfolgreiche, inspirierende Reise nach Portugal und freuen uns auf die Berichte und die Musik, die du zur\u00fcck nach Deutschland bringst!<\/strong><\/p>\n<p style=\"text-align: justify;\">\n","protected":false},"excerpt":{"rendered":"<p>In den kommenden Wochen werden wir hier in den Sonnenseiten und auf unserer Facebook-Seite gelegentlich live aus Portugal berichten. Denn wir begleiten den norddeutschen Musiker und Surfer Alexander Wilken auf einem 4-w\u00f6chigen Roadtrip. Was es damit auf sich hat, lesen Sie im folgenden Interview. OLIMAR: Alexander, du bist in Norddeutschland Vielen als \u201ePrince Alec\u201c bekannt. Erz\u00e4hl doch mal, was es mit diesem K\u00fcnstlernamen auf sich hat und welch spannendes Projekt du in den kommenden Tagen startest. AW: Der K\u00fcnstlername \u201ePrince Alec\u201c wurde mir mal aus Spa\u00df bei einem Fotoshooting gegeben. Als ich mit der Belichtung nicht zufrieden war fragte der Fotograf &hellip;<\/p>\n","protected":false},"author":9,"featured_media":7974,"comment_status":"open","ping_status":"open","sticky":false,"template":"","format":"standard","meta":{"_crdt_document":"","_lmt_disableupdate":"","_lmt_disable":"","footnotes":""},"categories":[28,19],"tags":[25,34],"class_list":["post-7963","post","type-post","status-publish","format-standard","has-post-thumbnail","hentry","category-kunst-kultur","category-on-tour","tag-lissabon","tag-portugal"],"yoast_head":"<!-- This site is optimized with the Yoast SEO plugin v26.9 - https:\/\/yoast.com\/product\/yoast-seo-wordpress\/ -->\n<title>Musiker und Surfer Prince Alec auf Portugal-Roadtrip<\/title>\n<meta name=\"description\" content=\"Musiker und Surfer Prince Alec aus Norddeutschland startet im Februar auf einen Portugal-Roadtrip, um Musiker vor Ort zu treffen und Songs zu schreiben.\" \/>\n<meta name=\"robots\" content=\"index, follow, max-snippet:-1, max-image-preview:large, max-video-preview:-1\" \/>\n<link rel=\"canonical\" href=\"https:\/\/blog.olimar.de\/prince-alec-portugal-roadtrip\/\" \/>\n<meta property=\"og:locale\" content=\"de_DE\" \/>\n<meta property=\"og:type\" content=\"article\" \/>\n<meta property=\"og:title\" content=\"Musiker und Surfer Prince Alec auf Portugal-Roadtrip\" \/>\n<meta property=\"og:description\" content=\"Musiker und Surfer Prince Alec aus Norddeutschland startet im Februar auf einen Portugal-Roadtrip, um Musiker vor Ort zu treffen und Songs zu schreiben.\" \/>\n<meta property=\"og:url\" content=\"https:\/\/blog.olimar.de\/prince-alec-portugal-roadtrip\/\" \/>\n<meta property=\"article:publisher\" content=\"https:\/\/www.facebook.com\/OlimarReisen\" \/>\n<meta property=\"article:published_time\" content=\"2017-01-27T15:21:46+00:00\" \/>\n<meta property=\"article:modified_time\" content=\"2017-02-24T10:04:50+00:00\" \/>\n<meta property=\"og:image\" content=\"https:\/\/i0.wp.com\/blog.olimar.de\/wp-content\/uploads\/2017\/01\/Prince-Alec-II-1.jpg?fit=685%2C455&ssl=1\" \/>\n\t<meta property=\"og:image:width\" content=\"685\" \/>\n\t<meta property=\"og:image:height\" content=\"455\" \/>\n\t<meta property=\"og:image:type\" content=\"image\/jpeg\" \/>\n<meta name=\"author\" content=\"OLIMAR Redaktionsteam\" \/>\n<meta name=\"twitter:label1\" content=\"Verfasst von\" \/>\n\t<meta name=\"twitter:data1\" content=\"OLIMAR Redaktionsteam\" \/>\n\t<meta name=\"twitter:label2\" content=\"Gesch\u00e4tzte Lesezeit\" \/>\n\t<meta name=\"twitter:data2\" content=\"3\u00a0Minuten\" \/>\n<script type=\"application\/ld+json\" class=\"yoast-schema-graph\">{\"@context\":\"https:\/\/schema.org\",\"@graph\":[{\"@type\":\"WebPage\",\"@id\":\"https:\/\/blog.olimar.de\/prince-alec-portugal-roadtrip\/\",\"url\":\"https:\/\/blog.olimar.de\/prince-alec-portugal-roadtrip\/\",\"name\":\"Musiker und Surfer Prince Alec auf Portugal-Roadtrip\",\"isPartOf\":{\"@id\":\"https:\/\/blog.olimar.de\/#website\"},\"primaryImageOfPage\":{\"@id\":\"https:\/\/blog.olimar.de\/prince-alec-portugal-roadtrip\/#primaryimage\"},\"image\":{\"@id\":\"https:\/\/blog.olimar.de\/prince-alec-portugal-roadtrip\/#primaryimage\"},\"thumbnailUrl\":\"https:\/\/blog.olimar.de\/wp-content\/uploads\/2017\/01\/Prince-Alec-II-1.jpg\",\"datePublished\":\"2017-01-27T15:21:46+00:00\",\"dateModified\":\"2017-02-24T10:04:50+00:00\",\"description\":\"Musiker und Surfer Prince Alec aus Norddeutschland startet im Februar auf einen Portugal-Roadtrip, um Musiker vor Ort zu treffen und Songs zu schreiben.\",\"breadcrumb\":{\"@id\":\"https:\/\/blog.olimar.de\/prince-alec-portugal-roadtrip\/#breadcrumb\"},\"inLanguage\":\"de\",\"potentialAction\":[{\"@type\":\"ReadAction\",\"target\":[\"https:\/\/blog.olimar.de\/prince-alec-portugal-roadtrip\/\"]}]},{\"@type\":\"ImageObject\",\"inLanguage\":\"de\",\"@id\":\"https:\/\/blog.olimar.de\/prince-alec-portugal-roadtrip\/#primaryimage\",\"url\":\"https:\/\/blog.olimar.de\/wp-content\/uploads\/2017\/01\/Prince-Alec-II-1.jpg\",\"contentUrl\":\"https:\/\/blog.olimar.de\/wp-content\/uploads\/2017\/01\/Prince-Alec-II-1.jpg\",\"width\":685,\"height\":455,\"caption\":\"Musiker Prince Alec Strand Portugal\"},{\"@type\":\"BreadcrumbList\",\"@id\":\"https:\/\/blog.olimar.de\/prince-alec-portugal-roadtrip\/#breadcrumb\",\"itemListElement\":[{\"@type\":\"ListItem\",\"position\":1,\"name\":\"Home\",\"item\":\"https:\/\/blog.olimar.de\/\"},{\"@type\":\"ListItem\",\"position\":2,\"name\":\"Lissabon\",\"item\":\"https:\/\/blog.olimar.de\/tag\/lissabon\/\"},{\"@type\":\"ListItem\",\"position\":3,\"name\":\"Prince Alec: Portugal-Roadtrip mit Saxofon und Surfboard\"}]},{\"@type\":\"WebSite\",\"@id\":\"https:\/\/blog.olimar.de\/#website\",\"url\":\"https:\/\/blog.olimar.de\/\",\"name\":\"OLIMAR.com\",\"description\":\"\",\"publisher\":{\"@id\":\"https:\/\/blog.olimar.de\/#organization\"},\"potentialAction\":[{\"@type\":\"SearchAction\",\"target\":{\"@type\":\"EntryPoint\",\"urlTemplate\":\"https:\/\/blog.olimar.de\/?s={search_term_string}\"},\"query-input\":{\"@type\":\"PropertyValueSpecification\",\"valueRequired\":true,\"valueName\":\"search_term_string\"}}],\"inLanguage\":\"de\"},{\"@type\":\"Organization\",\"@id\":\"https:\/\/blog.olimar.de\/#organization\",\"name\":\"OLIMAR Reisen\",\"url\":\"https:\/\/blog.olimar.de\/\",\"logo\":{\"@type\":\"ImageObject\",\"inLanguage\":\"de\",\"@id\":\"https:\/\/blog.olimar.de\/#\/schema\/logo\/image\/\",\"url\":\"https:\/\/blog.olimar.de\/wp-content\/uploads\/2021\/01\/OLIMAR_Logo_COLOR.png\",\"contentUrl\":\"https:\/\/blog.olimar.de\/wp-content\/uploads\/2021\/01\/OLIMAR_Logo_COLOR.png\",\"width\":2000,\"height\":986,\"caption\":\"OLIMAR Reisen\"},\"image\":{\"@id\":\"https:\/\/blog.olimar.de\/#\/schema\/logo\/image\/\"},\"sameAs\":[\"https:\/\/www.facebook.com\/OlimarReisen\",\"https:\/\/x.com\/olimarrreisen\",\"https:\/\/www.instagram.com\/olimarreisen\",\"https:\/\/www.youtube.com\/user\/olimarreisen\"]}]}<\/script>\n<!-- \/ Yoast SEO plugin. -->","yoast_head_json":{"title":"Musiker und Surfer Prince Alec auf Portugal-Roadtrip","description":"Musiker und Surfer Prince Alec aus Norddeutschland startet im Februar auf einen Portugal-Roadtrip, um Musiker vor Ort zu treffen und Songs zu schreiben.","robots":{"index":"index","follow":"follow","max-snippet":"max-snippet:-1","max-image-preview":"max-image-preview:large","max-video-preview":"max-video-preview:-1"},"canonical":"https:\/\/blog.olimar.de\/prince-alec-portugal-roadtrip\/","og_locale":"de_DE","og_type":"article","og_title":"Musiker und Surfer Prince Alec auf Portugal-Roadtrip","og_description":"Musiker und Surfer Prince Alec aus Norddeutschland startet im Februar auf einen Portugal-Roadtrip, um Musiker vor Ort zu treffen und Songs zu schreiben.","og_url":"https:\/\/blog.olimar.de\/prince-alec-portugal-roadtrip\/","article_publisher":"https:\/\/www.facebook.com\/OlimarReisen","article_published_time":"2017-01-27T15:21:46+00:00","article_modified_time":"2017-02-24T10:04:50+00:00","og_image":[{"width":685,"height":455,"url":"https:\/\/i0.wp.com\/blog.olimar.de\/wp-content\/uploads\/2017\/01\/Prince-Alec-II-1.jpg?fit=685%2C455&ssl=1","type":"image\/jpeg"}],"author":"OLIMAR Redaktionsteam","twitter_misc":{"Verfasst von":"OLIMAR Redaktionsteam","Gesch\u00e4tzte Lesezeit":"3\u00a0Minuten"},"schema":{"@context":"https:\/\/schema.org","@graph":[{"@type":"WebPage","@id":"https:\/\/blog.olimar.de\/prince-alec-portugal-roadtrip\/","url":"https:\/\/blog.olimar.de\/prince-alec-portugal-roadtrip\/","name":"Musiker und Surfer Prince Alec auf Portugal-Roadtrip","isPartOf":{"@id":"https:\/\/blog.olimar.de\/#website"},"primaryImageOfPage":{"@id":"https:\/\/blog.olimar.de\/prince-alec-portugal-roadtrip\/#primaryimage"},"image":{"@id":"https:\/\/blog.olimar.de\/prince-alec-portugal-roadtrip\/#primaryimage"},"thumbnailUrl":"https:\/\/blog.olimar.de\/wp-content\/uploads\/2017\/01\/Prince-Alec-II-1.jpg","datePublished":"2017-01-27T15:21:46+00:00","dateModified":"2017-02-24T10:04:50+00:00","description":"Musiker und Surfer Prince Alec aus Norddeutschland startet im Februar auf einen Portugal-Roadtrip, um Musiker vor Ort zu treffen und Songs zu schreiben.","breadcrumb":{"@id":"https:\/\/blog.olimar.de\/prince-alec-portugal-roadtrip\/#breadcrumb"},"inLanguage":"de","potentialAction":[{"@type":"ReadAction","target":["https:\/\/blog.olimar.de\/prince-alec-portugal-roadtrip\/"]}]},{"@type":"ImageObject","inLanguage":"de","@id":"https:\/\/blog.olimar.de\/prince-alec-portugal-roadtrip\/#primaryimage","url":"https:\/\/blog.olimar.de\/wp-content\/uploads\/2017\/01\/Prince-Alec-II-1.jpg","contentUrl":"https:\/\/blog.olimar.de\/wp-content\/uploads\/2017\/01\/Prince-Alec-II-1.jpg","width":685,"height":455,"caption":"Musiker Prince Alec Strand Portugal"},{"@type":"BreadcrumbList","@id":"https:\/\/blog.olimar.de\/prince-alec-portugal-roadtrip\/#breadcrumb","itemListElement":[{"@type":"ListItem","position":1,"name":"Home","item":"https:\/\/blog.olimar.de\/"},{"@type":"ListItem","position":2,"name":"Lissabon","item":"https:\/\/blog.olimar.de\/tag\/lissabon\/"},{"@type":"ListItem","position":3,"name":"Prince Alec: Portugal-Roadtrip mit Saxofon und Surfboard"}]},{"@type":"WebSite","@id":"https:\/\/blog.olimar.de\/#website","url":"https:\/\/blog.olimar.de\/","name":"OLIMAR.com","description":"","publisher":{"@id":"https:\/\/blog.olimar.de\/#organization"},"potentialAction":[{"@type":"SearchAction","target":{"@type":"EntryPoint","urlTemplate":"https:\/\/blog.olimar.de\/?s={search_term_string}"},"query-input":{"@type":"PropertyValueSpecification","valueRequired":true,"valueName":"search_term_string"}}],"inLanguage":"de"},{"@type":"Organization","@id":"https:\/\/blog.olimar.de\/#organization","name":"OLIMAR Reisen","url":"https:\/\/blog.olimar.de\/","logo":{"@type":"ImageObject","inLanguage":"de","@id":"https:\/\/blog.olimar.de\/#\/schema\/logo\/image\/","url":"https:\/\/blog.olimar.de\/wp-content\/uploads\/2021\/01\/OLIMAR_Logo_COLOR.png","contentUrl":"https:\/\/blog.olimar.de\/wp-content\/uploads\/2021\/01\/OLIMAR_Logo_COLOR.png","width":2000,"height":986,"caption":"OLIMAR Reisen"},"image":{"@id":"https:\/\/blog.olimar.de\/#\/schema\/logo\/image\/"},"sameAs":["https:\/\/www.facebook.com\/OlimarReisen","https:\/\/x.com\/olimarrreisen","https:\/\/www.instagram.com\/olimarreisen","https:\/\/www.youtube.com\/user\/olimarreisen"]}]}},"modified_by":"Barbara Berger","jetpack_featured_media_url":"https:\/\/blog.olimar.de\/wp-content\/uploads\/2017\/01\/Prince-Alec-II-1.jpg","_links":{"self":[{"href":"https:\/\/blog.olimar.de\/wp-json\/wp\/v2\/posts\/7963","targetHints":{"allow":["GET"]}}],"collection":[{"href":"https:\/\/blog.olimar.de\/wp-json\/wp\/v2\/posts"}],"about":[{"href":"https:\/\/blog.olimar.de\/wp-json\/wp\/v2\/types\/post"}],"author":[{"embeddable":true,"href":"https:\/\/blog.olimar.de\/wp-json\/wp\/v2\/users\/9"}],"replies":[{"embeddable":true,"href":"https:\/\/blog.olimar.de\/wp-json\/wp\/v2\/comments?post=7963"}],"version-history":[{"count":11,"href":"https:\/\/blog.olimar.de\/wp-json\/wp\/v2\/posts\/7963\/revisions"}],"predecessor-version":[{"id":8046,"href":"https:\/\/blog.olimar.de\/wp-json\/wp\/v2\/posts\/7963\/revisions\/8046"}],"wp:featuredmedia":[{"embeddable":true,"href":"https:\/\/blog.olimar.de\/wp-json\/wp\/v2\/media\/7974"}],"wp:attachment":[{"href":"https:\/\/blog.olimar.de\/wp-json\/wp\/v2\/media?parent=7963"}],"wp:term":[{"taxonomy":"category","embeddable":true,"href":"https:\/\/blog.olimar.de\/wp-json\/wp\/v2\/categories?post=7963"},{"taxonomy":"post_tag","embeddable":true,"href":"https:\/\/blog.olimar.de\/wp-json\/wp\/v2\/tags?post=7963"}],"curies":[{"name":"wp","href":"https:\/\/api.w.org\/{rel}","templated":true}]}}