{"id":797,"date":"2015-01-05T15:13:19","date_gmt":"2015-01-05T13:13:19","guid":{"rendered":"https:\/\/blog.olimar.de\/?p=797"},"modified":"2023-01-02T19:28:48","modified_gmt":"2023-01-02T18:28:48","slug":"urlaub-in-nord-teneriffa","status":"publish","type":"post","link":"https:\/\/blog.olimar.de\/urlaub-in-nord-teneriffa\/","title":{"rendered":"Urlaub im gr\u00fcnen Norden Teneriffas"},"content":{"rendered":"\n<p><strong>Wenn mir Freunde oder Bekannte gelegentlich erz\u00e4hlen, dass sie in den Urlaub nach <a href=\"https:\/\/www.olimar.de\/spanien\/kanaren\/teneriffa\/\" rel=\"noopener\">Teneriffa<\/a> fliegen, ist meine erste Frage immer \u201cWohnt ihr in Nord-Teneriffa oder im S\u00fcden der Insel?\u201d Denn das ist meiner Meinung nach ganz entscheidend f\u00fcr den Charakter der Urlaubsreise, da Nord- und S\u00fcdh\u00e4lfte der Insel sich so extrem stark voneinander unterscheiden.<\/strong><\/p>\n\n\n\n<div class=\"wp-block-buttons is-layout-flex wp-block-buttons-is-layout-flex\">\n<div class=\"wp-block-button\"><a class=\"wp-block-button__link wp-element-button\" href=\"https:\/\/www.olimar.de\/spanien\/kanaren\/\">Kanaren Reiseangebot und Hoteltipps entdecken<\/a><\/div>\n<\/div>\n\n\n\n<div style=\"height:25px\" aria-hidden=\"true\" class=\"wp-block-spacer\"><\/div>\n\n\n<div class=\"wide-content\">\n<p>Ich war bislang ein einziges Mal auf Teneriffa, und zwar im gr\u00fcnen Norden der Insel. Wir hatten f\u00fcr die gesamten 10 Urlaubstage einen Mietwagen hinzugebucht, so dass wir relativ viel von der Insel \u2013 auch den S\u00fcden \u2013 sehen konnten. Die meiste Zeit hielten wir uns jedoch im Norden der Insel auf, denn wir wollten viel im Teno-Gebirge wandern und uns die kleinen und auch etwas gr\u00f6\u00dferen K\u00fcsten\u00f6rtchen ansehen sowie den h\u00f6chsten Gipfel Spaniens, den Vulkan Pico del Teide, erklimmen. F\u00fcr dieses Urlaubsprogramm war unser kleines Hotel im Norden Teneriffas, das <a title=\"Hotel Luz del Mar bei OLIMAR Reisen\" href=\"https:\/\/rms.olimar.de\/code\/TFS350\" rel=\"noopener\">Hotel Luz del Mar in Los Silos<\/a>, perfekt geeignet.<\/p>\n<div id=\"attachment_1043\" style=\"width: 1010px\" class=\"wp-caption alignleft\"><img loading=\"lazy\" decoding=\"async\" aria-describedby=\"caption-attachment-1043\" class=\"wp-image-1043 size-full\" src=\"https:\/\/blog.olimar.de\/wp-content\/uploads\/2015\/01\/TFS350-p-02-Abendstimmung.jpg\" alt=\"Hotel Luz del Mar\" width=\"1000\" height=\"732\" srcset=\"https:\/\/blog.olimar.de\/wp-content\/uploads\/2015\/01\/TFS350-p-02-Abendstimmung.jpg 1000w, https:\/\/blog.olimar.de\/wp-content\/uploads\/2015\/01\/TFS350-p-02-Abendstimmung-300x220.jpg 300w\" sizes=\"auto, (max-width: 1000px) 100vw, 1000px\" \/><p id=\"caption-attachment-1043\" class=\"wp-caption-text\">Hotel Luz del Mar, bei Los Silos, im Norden Teneriffas<\/p><\/div>\n<p>Wir hatten kurze Wege zu den Ausgangspunkten der Wanderungen, haben die herrliche Vegetation und die super Ausblicke genossen. Und von den gelegentlichen tief h\u00e4ngenden Wolken und Regenschauern, die in Nord-Teneriffa einfach dazu geh\u00f6ren, haben wir uns die Laune nicht verderben lassen. Schlie\u00dflich sind sie f\u00fcr die sch\u00f6ne, gr\u00fcne Natur verantwortlich und haben sich meistens auch sehr schnell wieder verzogen.<\/p>\n<p>Unsere Highlights: Wanderung durch die Schlucht von Masca, das s\u00fc\u00dfe \u00d6rtchen Garachico, das Uni-St\u00e4dtchen La Laguna und die Wanderung durch die w\u00fcsten\u00e4hnliche Landschaft am Teide.<\/p>\n<div id=\"attachment_806\" style=\"width: 850px\" class=\"wp-caption alignleft\"><img loading=\"lazy\" decoding=\"async\" aria-describedby=\"caption-attachment-806\" class=\"wp-image-806 size-large\" src=\"https:\/\/blog.olimar.de\/wp-content\/uploads\/2015\/02\/Wanderung_Pico_Teide_Teneriffa-1024x768.jpg\" alt=\"Wanderung_Pico_Teide_Teneriffa\" width=\"840\" height=\"630\" srcset=\"https:\/\/blog.olimar.de\/wp-content\/uploads\/2015\/02\/Wanderung_Pico_Teide_Teneriffa.jpg 1024w, https:\/\/blog.olimar.de\/wp-content\/uploads\/2015\/02\/Wanderung_Pico_Teide_Teneriffa-300x225.jpg 300w\" sizes=\"auto, (max-width: 840px) 100vw, 840px\" \/><p id=\"caption-attachment-806\" class=\"wp-caption-text\">Wanderung mit Blick auf den in Wolken geh\u00fcllten Vulkangipfel Teide<\/p><\/div>\n<div id=\"attachment_805\" style=\"width: 850px\" class=\"wp-caption alignleft\"><img loading=\"lazy\" decoding=\"async\" aria-describedby=\"caption-attachment-805\" class=\"wp-image-805 size-large\" src=\"https:\/\/blog.olimar.de\/wp-content\/uploads\/2015\/02\/Nordwesten_Teneriffa-1024x768.jpg\" alt=\"Nordwesten_Teneriffa\" width=\"840\" height=\"630\" srcset=\"https:\/\/blog.olimar.de\/wp-content\/uploads\/2015\/02\/Nordwesten_Teneriffa.jpg 1024w, https:\/\/blog.olimar.de\/wp-content\/uploads\/2015\/02\/Nordwesten_Teneriffa-300x225.jpg 300w\" sizes=\"auto, (max-width: 840px) 100vw, 840px\" \/><p id=\"caption-attachment-805\" class=\"wp-caption-text\">Nordwest-Zipfel von Teneriffa mit Blick auf die Klippen von Los Gigantes<\/p><\/div>\n<div id=\"attachment_804\" style=\"width: 850px\" class=\"wp-caption alignleft\"><img loading=\"lazy\" decoding=\"async\" aria-describedby=\"caption-attachment-804\" class=\"wp-image-804 size-large\" src=\"https:\/\/blog.olimar.de\/wp-content\/uploads\/2015\/02\/Masca_Schlucht_Teneriffa-1024x768.jpg\" alt=\"Masca_Schlucht_Teneriffa\" width=\"840\" height=\"630\" srcset=\"https:\/\/blog.olimar.de\/wp-content\/uploads\/2015\/02\/Masca_Schlucht_Teneriffa.jpg 1024w, https:\/\/blog.olimar.de\/wp-content\/uploads\/2015\/02\/Masca_Schlucht_Teneriffa-300x225.jpg 300w\" sizes=\"auto, (max-width: 840px) 100vw, 840px\" \/><p id=\"caption-attachment-804\" class=\"wp-caption-text\">Wanderung entlang der Schlucht zum D\u00f6rfchen von Masca<\/p><\/div>\n<div id=\"attachment_803\" style=\"width: 850px\" class=\"wp-caption alignleft\"><img loading=\"lazy\" decoding=\"async\" aria-describedby=\"caption-attachment-803\" class=\"wp-image-803 size-large\" src=\"https:\/\/blog.olimar.de\/wp-content\/uploads\/2015\/02\/Masca_Meerblick_Teneriffa-1024x768.jpg\" alt=\"Masca_Meerblick_Teneriffa\" width=\"840\" height=\"630\" srcset=\"https:\/\/blog.olimar.de\/wp-content\/uploads\/2015\/02\/Masca_Meerblick_Teneriffa.jpg 1024w, https:\/\/blog.olimar.de\/wp-content\/uploads\/2015\/02\/Masca_Meerblick_Teneriffa-300x225.jpg 300w\" sizes=\"auto, (max-width: 840px) 100vw, 840px\" \/><p id=\"caption-attachment-803\" class=\"wp-caption-text\">Die Wanderung entlang der Masca-Schlucht hinauf zum Dorf belohnt mit diesem sch\u00f6nen Blick<\/p><\/div>\n<p>Die Fahrt von Nord-Teneriffa in den S\u00fcden ist zwar wegen der vielen Serpentinen und tollen Ausblicke sehr sehenswert, allerdings auch relativ m\u00fchsam, denn man muss einmal quer durch das Zentralgebirge fahren. Deshalb empfehle ich auch jedem, der Teneriffa aktiv erleben m\u00f6chte, direkt eine Unterkunft in Nord-Teneriffa zu buchen! Wir hatten dort (\u00fcbrigens Anfang November) einen unglaublich tollen Urlaub!<\/p>\n<p>Urlauber, die gr\u00f6\u00dfere Hotelanlagen, Sandstr\u00e4nde, Sonnengarantie und lebhafte Touristenzentren und insgesamt eine ausgebautere touristische Infrastruktur bevorzugen, sind dagegen in S\u00fcd-Teneriffa definitiv besser aufgehoben.<\/p>\n<div class=\"green-box\"><strong>Urlaub auf Teneriffa &#8211; einige Tipps<\/strong><\/p>\n<ul>\n<li>Teide Nationalpark (und die Sternwarte)<\/li>\n<li>Die l\u00e4ngste Lavah\u00f6hle Europas &#8211; Cueva del Viento<\/li>\n<li>Puerto de la Cruz mit dem botanischen Garten<\/li>\n<li>\u201ePapas arrugadas\u201c \u2013 die kanarische Spezialit\u00e4t<\/li>\n<li>Universit\u00e4tsstadt La Laguna<\/li>\n<li>Der Playa Jardin mit schwarzem Sand<\/li>\n<\/ul>\n<\/div>\n<div id=\"attachment_802\" style=\"width: 850px\" class=\"wp-caption alignleft\"><img loading=\"lazy\" decoding=\"async\" aria-describedby=\"caption-attachment-802\" class=\"wp-image-802 size-large\" src=\"https:\/\/blog.olimar.de\/wp-content\/uploads\/2015\/02\/K\u00fcstenort_Nord_Teneriffa-1024x768.jpg\" alt=\"K\u00fcstenort_Nord_Teneriffa\" width=\"840\" height=\"630\" srcset=\"https:\/\/blog.olimar.de\/wp-content\/uploads\/2015\/02\/K\u00fcstenort_Nord_Teneriffa.jpg 1024w, https:\/\/blog.olimar.de\/wp-content\/uploads\/2015\/02\/K\u00fcstenort_Nord_Teneriffa-300x225.jpg 300w\" sizes=\"auto, (max-width: 840px) 100vw, 840px\" \/><p id=\"caption-attachment-802\" class=\"wp-caption-text\">Sch\u00f6nes K\u00fcsten-\u00d6rtchen im Norden Teneriffas in der Abendstimmung<\/p><\/div>\n<div id=\"attachment_801\" style=\"width: 850px\" class=\"wp-caption alignleft\"><img loading=\"lazy\" decoding=\"async\" aria-describedby=\"caption-attachment-801\" class=\"wp-image-801 size-large\" src=\"https:\/\/blog.olimar.de\/wp-content\/uploads\/2015\/02\/Berge_und_Atlantik_Teneriffa-1024x768.jpg\" alt=\"Berge_und_Atlantik_Teneriffa\" width=\"840\" height=\"630\" srcset=\"https:\/\/blog.olimar.de\/wp-content\/uploads\/2015\/02\/Berge_und_Atlantik_Teneriffa.jpg 1024w, https:\/\/blog.olimar.de\/wp-content\/uploads\/2015\/02\/Berge_und_Atlantik_Teneriffa-300x225.jpg 300w\" sizes=\"auto, (max-width: 840px) 100vw, 840px\" \/><p id=\"caption-attachment-801\" class=\"wp-caption-text\">Wundersch\u00f6ne Berg- und Atlantik-Blicke im Norden Teneriffas<\/p><\/div>\n<div id=\"attachment_799\" style=\"width: 850px\" class=\"wp-caption alignleft\"><img loading=\"lazy\" decoding=\"async\" aria-describedby=\"caption-attachment-799\" class=\"wp-image-799 size-large\" src=\"https:\/\/blog.olimar.de\/wp-content\/uploads\/2015\/02\/Gr\u00fcnes_Nord_Teneriffa-1024x768.jpg\" alt=\"Gr\u00fcnes_Nord_Teneriffa\" width=\"840\" height=\"630\" srcset=\"https:\/\/blog.olimar.de\/wp-content\/uploads\/2015\/02\/Gr\u00fcnes_Nord_Teneriffa.jpg 1024w, https:\/\/blog.olimar.de\/wp-content\/uploads\/2015\/02\/Gr\u00fcnes_Nord_Teneriffa-300x225.jpg 300w\" sizes=\"auto, (max-width: 840px) 100vw, 840px\" \/><p id=\"caption-attachment-799\" class=\"wp-caption-text\">Im gr\u00fcnen Norden Teneriffas gibt es viele wunderbar ausgeschilderte Wanderwege<\/p><\/div>\n<\/div>\n\n\n<div style=\"height:50px\" aria-hidden=\"true\" class=\"wp-block-spacer\"><\/div>\n\n\n\n<div class=\"wp-block-buttons is-layout-flex wp-block-buttons-is-layout-flex\">\n<div class=\"wp-block-button\"><a class=\"wp-block-button__link wp-element-button\" href=\"https:\/\/www.olimar.de\/hotellistung\/\">Jetzt Urlaubsangebote finden und buchen<\/a><\/div>\n<\/div>\n\n\n\n<div style=\"height:100px\" aria-hidden=\"true\" class=\"wp-block-spacer\"><\/div>\n","protected":false},"excerpt":{"rendered":"<p>Wenn mir Freunde oder Bekannte gelegentlich erz\u00e4hlen, dass sie in den Urlaub nach Teneriffa fliegen, ist meine erste Frage immer \u201cWohnt ihr in Nord-Teneriffa oder im S\u00fcden der Insel?\u201d Denn das ist meiner Meinung nach ganz entscheidend f\u00fcr den Charakter der Urlaubsreise, da Nord- und S\u00fcdh\u00e4lfte der Insel sich so extrem stark voneinander unterscheiden. Ich war bislang ein einziges Mal auf Teneriffa, und zwar im gr\u00fcnen Norden der Insel. Wir hatten f\u00fcr die gesamten 10 Urlaubstage einen Mietwagen hinzugebucht, so dass wir relativ viel von der Insel \u2013 auch den S\u00fcden \u2013 sehen konnten. Die meiste Zeit hielten wir uns jedoch &hellip;<\/p>\n","protected":false},"author":1,"featured_media":799,"comment_status":"open","ping_status":"open","sticky":false,"template":"","format":"standard","meta":{"_crdt_document":"","_lmt_disableupdate":"","_lmt_disable":"","footnotes":""},"categories":[31],"tags":[62,66],"class_list":["post-797","post","type-post","status-publish","format-standard","has-post-thumbnail","hentry","category-land-leute","tag-spanien","tag-teneriffa"],"yoast_head":"<!-- This site is optimized with the Yoast SEO plugin v26.9 - https:\/\/yoast.com\/product\/yoast-seo-wordpress\/ -->\n<title>Urlaub im gr\u00fcnen Nord-Teneriffa<\/title>\n<meta name=\"description\" content=\"Nord- und S\u00fcdteneriffa unterscheiden sich sehr wesentlich. Der Norden besticht mit satt gr\u00fcner Natur und ist im Allgemeinen weniger touristisch gepr\u00e4gt.\" \/>\n<meta name=\"robots\" content=\"index, follow, max-snippet:-1, max-image-preview:large, max-video-preview:-1\" \/>\n<link rel=\"canonical\" href=\"https:\/\/blog.olimar.de\/urlaub-in-nord-teneriffa\/\" \/>\n<meta property=\"og:locale\" content=\"de_DE\" \/>\n<meta property=\"og:type\" content=\"article\" \/>\n<meta property=\"og:title\" content=\"Urlaub im gr\u00fcnen Nord-Teneriffa\" \/>\n<meta property=\"og:description\" content=\"Nord- und S\u00fcdteneriffa unterscheiden sich sehr wesentlich. Der Norden besticht mit satt gr\u00fcner Natur und ist im Allgemeinen weniger touristisch gepr\u00e4gt.\" \/>\n<meta property=\"og:url\" content=\"https:\/\/blog.olimar.de\/urlaub-in-nord-teneriffa\/\" \/>\n<meta property=\"article:publisher\" content=\"https:\/\/www.facebook.com\/OlimarReisen\" \/>\n<meta property=\"article:published_time\" content=\"2015-01-05T13:13:19+00:00\" \/>\n<meta property=\"article:modified_time\" content=\"2023-01-02T18:28:48+00:00\" \/>\n<meta property=\"og:image\" content=\"https:\/\/blog.olimar.de\/wp-content\/uploads\/2015\/02\/Gr\u00fcnes_Nord_Teneriffa.jpg\" \/>\n\t<meta property=\"og:image:width\" content=\"1024\" \/>\n\t<meta property=\"og:image:height\" content=\"768\" \/>\n\t<meta property=\"og:image:type\" content=\"image\/jpeg\" \/>\n<meta name=\"author\" content=\"Katharina\" \/>\n<meta name=\"twitter:label1\" content=\"Verfasst von\" \/>\n\t<meta name=\"twitter:data1\" content=\"Katharina\" \/>\n\t<meta name=\"twitter:label2\" content=\"Gesch\u00e4tzte Lesezeit\" \/>\n\t<meta name=\"twitter:data2\" content=\"5\u00a0Minuten\" \/>\n<script type=\"application\/ld+json\" class=\"yoast-schema-graph\">{\"@context\":\"https:\/\/schema.org\",\"@graph\":[{\"@type\":\"WebPage\",\"@id\":\"https:\/\/blog.olimar.de\/urlaub-in-nord-teneriffa\/\",\"url\":\"https:\/\/blog.olimar.de\/urlaub-in-nord-teneriffa\/\",\"name\":\"Urlaub im gr\u00fcnen Nord-Teneriffa\",\"isPartOf\":{\"@id\":\"https:\/\/blog.olimar.de\/#website\"},\"primaryImageOfPage\":{\"@id\":\"https:\/\/blog.olimar.de\/urlaub-in-nord-teneriffa\/#primaryimage\"},\"image\":{\"@id\":\"https:\/\/blog.olimar.de\/urlaub-in-nord-teneriffa\/#primaryimage\"},\"thumbnailUrl\":\"https:\/\/blog.olimar.de\/wp-content\/uploads\/2015\/02\/Gr\u00fcnes_Nord_Teneriffa.jpg\",\"datePublished\":\"2015-01-05T13:13:19+00:00\",\"dateModified\":\"2023-01-02T18:28:48+00:00\",\"description\":\"Nord- und S\u00fcdteneriffa unterscheiden sich sehr wesentlich. Der Norden besticht mit satt gr\u00fcner Natur und ist im Allgemeinen weniger touristisch gepr\u00e4gt.\",\"breadcrumb\":{\"@id\":\"https:\/\/blog.olimar.de\/urlaub-in-nord-teneriffa\/#breadcrumb\"},\"inLanguage\":\"de\",\"potentialAction\":[{\"@type\":\"ReadAction\",\"target\":[\"https:\/\/blog.olimar.de\/urlaub-in-nord-teneriffa\/\"]}]},{\"@type\":\"ImageObject\",\"inLanguage\":\"de\",\"@id\":\"https:\/\/blog.olimar.de\/urlaub-in-nord-teneriffa\/#primaryimage\",\"url\":\"https:\/\/blog.olimar.de\/wp-content\/uploads\/2015\/02\/Gr\u00fcnes_Nord_Teneriffa.jpg\",\"contentUrl\":\"https:\/\/blog.olimar.de\/wp-content\/uploads\/2015\/02\/Gr\u00fcnes_Nord_Teneriffa.jpg\",\"width\":1024,\"height\":768,\"caption\":\"Norden Teneriffa Aussicht Urlaub\"},{\"@type\":\"BreadcrumbList\",\"@id\":\"https:\/\/blog.olimar.de\/urlaub-in-nord-teneriffa\/#breadcrumb\",\"itemListElement\":[{\"@type\":\"ListItem\",\"position\":1,\"name\":\"Home\",\"item\":\"https:\/\/blog.olimar.de\/\"},{\"@type\":\"ListItem\",\"position\":2,\"name\":\"Spanien\",\"item\":\"https:\/\/blog.olimar.de\/tag\/spanien\/\"},{\"@type\":\"ListItem\",\"position\":3,\"name\":\"Urlaub im gr\u00fcnen Norden Teneriffas\"}]},{\"@type\":\"WebSite\",\"@id\":\"https:\/\/blog.olimar.de\/#website\",\"url\":\"https:\/\/blog.olimar.de\/\",\"name\":\"OLIMAR.com\",\"description\":\"\",\"publisher\":{\"@id\":\"https:\/\/blog.olimar.de\/#organization\"},\"potentialAction\":[{\"@type\":\"SearchAction\",\"target\":{\"@type\":\"EntryPoint\",\"urlTemplate\":\"https:\/\/blog.olimar.de\/?s={search_term_string}\"},\"query-input\":{\"@type\":\"PropertyValueSpecification\",\"valueRequired\":true,\"valueName\":\"search_term_string\"}}],\"inLanguage\":\"de\"},{\"@type\":\"Organization\",\"@id\":\"https:\/\/blog.olimar.de\/#organization\",\"name\":\"OLIMAR Reisen\",\"url\":\"https:\/\/blog.olimar.de\/\",\"logo\":{\"@type\":\"ImageObject\",\"inLanguage\":\"de\",\"@id\":\"https:\/\/blog.olimar.de\/#\/schema\/logo\/image\/\",\"url\":\"https:\/\/blog.olimar.de\/wp-content\/uploads\/2021\/01\/OLIMAR_Logo_COLOR.png\",\"contentUrl\":\"https:\/\/blog.olimar.de\/wp-content\/uploads\/2021\/01\/OLIMAR_Logo_COLOR.png\",\"width\":2000,\"height\":986,\"caption\":\"OLIMAR Reisen\"},\"image\":{\"@id\":\"https:\/\/blog.olimar.de\/#\/schema\/logo\/image\/\"},\"sameAs\":[\"https:\/\/www.facebook.com\/OlimarReisen\",\"https:\/\/x.com\/olimarrreisen\",\"https:\/\/www.instagram.com\/olimarreisen\",\"https:\/\/www.youtube.com\/user\/olimarreisen\"]}]}<\/script>\n<!-- \/ Yoast SEO plugin. -->","yoast_head_json":{"title":"Urlaub im gr\u00fcnen Nord-Teneriffa","description":"Nord- und S\u00fcdteneriffa unterscheiden sich sehr wesentlich. Der Norden besticht mit satt gr\u00fcner Natur und ist im Allgemeinen weniger touristisch gepr\u00e4gt.","robots":{"index":"index","follow":"follow","max-snippet":"max-snippet:-1","max-image-preview":"max-image-preview:large","max-video-preview":"max-video-preview:-1"},"canonical":"https:\/\/blog.olimar.de\/urlaub-in-nord-teneriffa\/","og_locale":"de_DE","og_type":"article","og_title":"Urlaub im gr\u00fcnen Nord-Teneriffa","og_description":"Nord- und S\u00fcdteneriffa unterscheiden sich sehr wesentlich. Der Norden besticht mit satt gr\u00fcner Natur und ist im Allgemeinen weniger touristisch gepr\u00e4gt.","og_url":"https:\/\/blog.olimar.de\/urlaub-in-nord-teneriffa\/","article_publisher":"https:\/\/www.facebook.com\/OlimarReisen","article_published_time":"2015-01-05T13:13:19+00:00","article_modified_time":"2023-01-02T18:28:48+00:00","og_image":[{"width":1024,"height":768,"url":"https:\/\/blog.olimar.de\/wp-content\/uploads\/2015\/02\/Gr\u00fcnes_Nord_Teneriffa.jpg","type":"image\/jpeg"}],"author":"Katharina","twitter_misc":{"Verfasst von":"Katharina","Gesch\u00e4tzte Lesezeit":"5\u00a0Minuten"},"schema":{"@context":"https:\/\/schema.org","@graph":[{"@type":"WebPage","@id":"https:\/\/blog.olimar.de\/urlaub-in-nord-teneriffa\/","url":"https:\/\/blog.olimar.de\/urlaub-in-nord-teneriffa\/","name":"Urlaub im gr\u00fcnen Nord-Teneriffa","isPartOf":{"@id":"https:\/\/blog.olimar.de\/#website"},"primaryImageOfPage":{"@id":"https:\/\/blog.olimar.de\/urlaub-in-nord-teneriffa\/#primaryimage"},"image":{"@id":"https:\/\/blog.olimar.de\/urlaub-in-nord-teneriffa\/#primaryimage"},"thumbnailUrl":"https:\/\/blog.olimar.de\/wp-content\/uploads\/2015\/02\/Gr\u00fcnes_Nord_Teneriffa.jpg","datePublished":"2015-01-05T13:13:19+00:00","dateModified":"2023-01-02T18:28:48+00:00","description":"Nord- und S\u00fcdteneriffa unterscheiden sich sehr wesentlich. Der Norden besticht mit satt gr\u00fcner Natur und ist im Allgemeinen weniger touristisch gepr\u00e4gt.","breadcrumb":{"@id":"https:\/\/blog.olimar.de\/urlaub-in-nord-teneriffa\/#breadcrumb"},"inLanguage":"de","potentialAction":[{"@type":"ReadAction","target":["https:\/\/blog.olimar.de\/urlaub-in-nord-teneriffa\/"]}]},{"@type":"ImageObject","inLanguage":"de","@id":"https:\/\/blog.olimar.de\/urlaub-in-nord-teneriffa\/#primaryimage","url":"https:\/\/blog.olimar.de\/wp-content\/uploads\/2015\/02\/Gr\u00fcnes_Nord_Teneriffa.jpg","contentUrl":"https:\/\/blog.olimar.de\/wp-content\/uploads\/2015\/02\/Gr\u00fcnes_Nord_Teneriffa.jpg","width":1024,"height":768,"caption":"Norden Teneriffa Aussicht Urlaub"},{"@type":"BreadcrumbList","@id":"https:\/\/blog.olimar.de\/urlaub-in-nord-teneriffa\/#breadcrumb","itemListElement":[{"@type":"ListItem","position":1,"name":"Home","item":"https:\/\/blog.olimar.de\/"},{"@type":"ListItem","position":2,"name":"Spanien","item":"https:\/\/blog.olimar.de\/tag\/spanien\/"},{"@type":"ListItem","position":3,"name":"Urlaub im gr\u00fcnen Norden Teneriffas"}]},{"@type":"WebSite","@id":"https:\/\/blog.olimar.de\/#website","url":"https:\/\/blog.olimar.de\/","name":"OLIMAR.com","description":"","publisher":{"@id":"https:\/\/blog.olimar.de\/#organization"},"potentialAction":[{"@type":"SearchAction","target":{"@type":"EntryPoint","urlTemplate":"https:\/\/blog.olimar.de\/?s={search_term_string}"},"query-input":{"@type":"PropertyValueSpecification","valueRequired":true,"valueName":"search_term_string"}}],"inLanguage":"de"},{"@type":"Organization","@id":"https:\/\/blog.olimar.de\/#organization","name":"OLIMAR Reisen","url":"https:\/\/blog.olimar.de\/","logo":{"@type":"ImageObject","inLanguage":"de","@id":"https:\/\/blog.olimar.de\/#\/schema\/logo\/image\/","url":"https:\/\/blog.olimar.de\/wp-content\/uploads\/2021\/01\/OLIMAR_Logo_COLOR.png","contentUrl":"https:\/\/blog.olimar.de\/wp-content\/uploads\/2021\/01\/OLIMAR_Logo_COLOR.png","width":2000,"height":986,"caption":"OLIMAR Reisen"},"image":{"@id":"https:\/\/blog.olimar.de\/#\/schema\/logo\/image\/"},"sameAs":["https:\/\/www.facebook.com\/OlimarReisen","https:\/\/x.com\/olimarrreisen","https:\/\/www.instagram.com\/olimarreisen","https:\/\/www.youtube.com\/user\/olimarreisen"]}]}},"modified_by":"Lena Radermacher","jetpack_featured_media_url":"https:\/\/blog.olimar.de\/wp-content\/uploads\/2015\/02\/Gr\u00fcnes_Nord_Teneriffa.jpg","_links":{"self":[{"href":"https:\/\/blog.olimar.de\/wp-json\/wp\/v2\/posts\/797","targetHints":{"allow":["GET"]}}],"collection":[{"href":"https:\/\/blog.olimar.de\/wp-json\/wp\/v2\/posts"}],"about":[{"href":"https:\/\/blog.olimar.de\/wp-json\/wp\/v2\/types\/post"}],"author":[{"embeddable":true,"href":"https:\/\/blog.olimar.de\/wp-json\/wp\/v2\/users\/1"}],"replies":[{"embeddable":true,"href":"https:\/\/blog.olimar.de\/wp-json\/wp\/v2\/comments?post=797"}],"version-history":[{"count":14,"href":"https:\/\/blog.olimar.de\/wp-json\/wp\/v2\/posts\/797\/revisions"}],"predecessor-version":[{"id":23332,"href":"https:\/\/blog.olimar.de\/wp-json\/wp\/v2\/posts\/797\/revisions\/23332"}],"wp:featuredmedia":[{"embeddable":true,"href":"https:\/\/blog.olimar.de\/wp-json\/wp\/v2\/media\/799"}],"wp:attachment":[{"href":"https:\/\/blog.olimar.de\/wp-json\/wp\/v2\/media?parent=797"}],"wp:term":[{"taxonomy":"category","embeddable":true,"href":"https:\/\/blog.olimar.de\/wp-json\/wp\/v2\/categories?post=797"},{"taxonomy":"post_tag","embeddable":true,"href":"https:\/\/blog.olimar.de\/wp-json\/wp\/v2\/tags?post=797"}],"curies":[{"name":"wp","href":"https:\/\/api.w.org\/{rel}","templated":true}]}}