{"id":8009,"date":"2017-02-23T14:16:13","date_gmt":"2017-02-23T12:16:13","guid":{"rendered":"https:\/\/blog.olimar.de\/?p=8009"},"modified":"2024-03-04T12:49:09","modified_gmt":"2024-03-04T11:49:09","slug":"wellness-auf-mallorca","status":"publish","type":"post","link":"https:\/\/blog.olimar.de\/wellness-auf-mallorca\/","title":{"rendered":"Ein bisschen SPA\u00df muss sein \u2013 Wellness auf Mallorca"},"content":{"rendered":"\n<p><strong>Es ist Montagmorgen. Leise fluchend versuche ich mein Fahrrad aufzuschlie\u00dfen. Bei den eisigen Wintertemperaturen jetzt im Februar ist mal wieder das Schloss eingefroren. Nach einigen Minuten aussichtlosem Kampf mit dem st\u00f6rrischen Metall gebe ich auf und laufe zu Fu\u00df ins B\u00fcro. Dort \u2013 nat\u00fcrlich versp\u00e4tet \u2013 angekommen, steht mein Entschluss fest: Ich brauche eine Auszeit.<\/strong><\/p>\n\n\n\n<div class=\"wp-block-buttons is-layout-flex wp-block-buttons-is-layout-flex\">\n<div class=\"wp-block-button\"><a class=\"wp-block-button__link wp-element-button\" href=\"https:\/\/www.olimar.de\/spanien\/balearen\/mallorca\/\">Mallorca Reiseangebote und Hoteltipps entdecken<\/a><\/div>\n<\/div>\n\n\n\n<div style=\"height:25px\" aria-hidden=\"true\" class=\"wp-block-spacer\"><\/div>\n\n\n<p style=\"text-align: justify;\">Einfach mal ein paar Tage nichts tun und bitte kein frostiges Wetter mehr. Aber wo kann man hin, wenn die To-Do-Liste auf der Arbeit nur ein verl\u00e4ngertes Wochenende zul\u00e4sst? In Gedanken gehe ich m\u00f6gliche Reiseziele durch und lande schnell bei der Universall\u00f6sung: Mallorca. Genauer: Wellness auf <a href=\"https:\/\/www.olimar.de\/spanien\/balearen\/mallorca\/\" rel=\"noopener\">Mallorca<\/a>. Viele Flugverbindungen, kurze Anreise und eine riesige Hotel-Auswahl.<\/p>\n<p style=\"text-align: justify;\">Bei der Recherche nach einer Unterkunft sto\u00dfe ich auf das <a href=\"https:\/\/rms.olimar.de\/code\/PMI123\" rel=\"noopener\">Hotel GPRO Valparaiso Palace &amp; Spa<\/a> in Palma. Das 5-Sterne-Haus verf\u00fcgt mit immerhin 3.000 Quadratmetern Fl\u00e4che \u00fcber eines der gr\u00f6\u00dften Hotel-Spas Mallorcas und ist zudem mit dem Bus gut an die Innenstadt angebunden \u2013 neben Wellness kann man von dort aus also prima shoppen gehen oder die <a href=\"https:\/\/blog.olimar.de\/ein-tag-in-palma\/\" rel=\"noopener\">Stadt erkunden<\/a>. \u201eKlingt gut\u201c, findet auch ein Freund, der sich spontan dem Kurztrip auf die Baleareninsel anschlie\u00dft.<\/p>\n<div class=\"green-box\">\n<p style=\"text-align: center;\"><strong>Hotel GPRO Valparaiso Palace &amp; Spa<\/strong> *****, Palma (Mallorca)<\/p>\n<p style=\"text-align: center;\">Das luxuri\u00f6se Urlaubsresort der OLIMAR Themenwelt &#8220;Exklusiv genie\u00dfen&#8221; ist in eine gepflegte, \u00fcber 20.000 m\u00b2 gro\u00dfe Parkanlage mit Palmen, Wasserfall und und 2 Swimmingpools eingebettet. Von vielen Zimmern und Suiten hat man einen einmaligen Blick \u00fcber die Bucht von Palma. Highlight ist der riesige SPA Bereich, der als einer der gr\u00f6\u00dften Mallorcas gilt.<\/p>\n<p style=\"text-align: center;\">1 \u00dcbernachtung\/Fr\u00fchst\u00fcck pro Person im Doppelzimmer Deluxe mit Meerblick bereits ab 100 \u20ac.\u00a0 <a href=\"https:\/\/rms.olimar.de\/code\/PMI123\" rel=\"noopener\">Hier <\/a>geht&#8217;s zu weiteren Details und aktuellen Angeboten.<\/p>\n<\/div>\n<h3 style=\"text-align: justify;\"><strong>Baden mit Stadtpanorama im GPRO Valpara\u00edso Palace<\/strong><\/h3>\n<p style=\"text-align: justify;\">Kr\u00e4uterdampfbad, Hamam oder finnische Sauna? In einen flauschigen Bademantel geh\u00fcllt geht es f\u00fcr uns direkt nach der Ankunft ins HSPA, dem Spa des Hotel Valparaiso Palace. Die Nutzung des gesamten Wellness-Bereichs ist f\u00fcr Hotelg\u00e4ste inklusive \u2013 f\u00fcr externe Besucher gibt es aber auch Tagesp\u00e4sse. Vier unterschiedlichen Saunen, ein Kneipp-Pfad und ein gro\u00dfer Meerwasserpool warten ganzj\u00e4hrig auf Erholungsbed\u00fcrftige wie uns. Im Sommer gibt es drau\u00dfen noch eine gro\u00dfe Poollandschaft. Wir st\u00fcrzen uns erstmal in die angenehm warm temperierten Fluten des Whirlpools, testen ausf\u00fchrlich die verschiedenen Hydrojets im Meerwasserpool und schwimmen dann in das beheizte Au\u00dfenbecken. Baden mit Blick auf die Kathedrale von Palma hat was! Vor allem das abendlich beleuchtete Panorama ist toll.<\/p>\n<div id='gallery-1' class='gallery galleryid-8009 gallery-columns-3 gallery-size-thumbnail'><dl class='gallery-item'>\n\t\t\t<dt class='gallery-icon landscape'>\n\t\t\t\t<img loading=\"lazy\" decoding=\"async\" width=\"150\" height=\"150\" src=\"https:\/\/blog.olimar.de\/wp-content\/uploads\/2017\/02\/PMI123-a-Poolview-150x150.jpg\" class=\"attachment-thumbnail size-thumbnail\" alt=\"Pool Wellnessurlaub auf Mallorca\" srcset=\"https:\/\/blog.olimar.de\/wp-content\/uploads\/2017\/02\/PMI123-a-Poolview-150x150.jpg 150w, https:\/\/blog.olimar.de\/wp-content\/uploads\/2017\/02\/PMI123-a-Poolview-120x120.jpg 120w\" sizes=\"auto, (max-width: 150px) 100vw, 150px\" \/>\n\t\t\t<\/dt><\/dl><dl class='gallery-item'>\n\t\t\t<dt class='gallery-icon landscape'>\n\t\t\t\t<img loading=\"lazy\" decoding=\"async\" width=\"150\" height=\"150\" src=\"https:\/\/blog.olimar.de\/wp-content\/uploads\/2017\/02\/Aussicht-Hafen-Valparaiso-Mallorca-150x150.jpg\" class=\"attachment-thumbnail size-thumbnail\" alt=\"Aussicht Hafen Valparaiso Mallorca Urlaub\" srcset=\"https:\/\/blog.olimar.de\/wp-content\/uploads\/2017\/02\/Aussicht-Hafen-Valparaiso-Mallorca-150x150.jpg 150w, https:\/\/blog.olimar.de\/wp-content\/uploads\/2017\/02\/Aussicht-Hafen-Valparaiso-Mallorca-120x120.jpg 120w\" sizes=\"auto, (max-width: 150px) 100vw, 150px\" \/>\n\t\t\t<\/dt><\/dl><dl class='gallery-item'>\n\t\t\t<dt class='gallery-icon landscape'>\n\t\t\t\t<img loading=\"lazy\" decoding=\"async\" width=\"150\" height=\"150\" src=\"https:\/\/blog.olimar.de\/wp-content\/uploads\/2017\/02\/Aussicht-Bucht-Palma-Valparaiso-150x150.jpg\" class=\"attachment-thumbnail size-thumbnail\" alt=\"Aussicht Valparaiso Mallorca Urlaub\" srcset=\"https:\/\/blog.olimar.de\/wp-content\/uploads\/2017\/02\/Aussicht-Bucht-Palma-Valparaiso-150x150.jpg 150w, https:\/\/blog.olimar.de\/wp-content\/uploads\/2017\/02\/Aussicht-Bucht-Palma-Valparaiso-120x120.jpg 120w\" sizes=\"auto, (max-width: 150px) 100vw, 150px\" \/>\n\t\t\t<\/dt><\/dl><br style=\"clear: both\" \/><dl class='gallery-item'>\n\t\t\t<dt class='gallery-icon landscape'>\n\t\t\t\t<img loading=\"lazy\" decoding=\"async\" width=\"150\" height=\"150\" src=\"https:\/\/blog.olimar.de\/wp-content\/uploads\/2017\/02\/PMI123-p-IndoorPoolA-150x150.jpg\" class=\"attachment-thumbnail size-thumbnail\" alt=\"IndoorPool Wellnessurlaub auf Mallorca\" srcset=\"https:\/\/blog.olimar.de\/wp-content\/uploads\/2017\/02\/PMI123-p-IndoorPoolA-150x150.jpg 150w, https:\/\/blog.olimar.de\/wp-content\/uploads\/2017\/02\/PMI123-p-IndoorPoolA-120x120.jpg 120w\" sizes=\"auto, (max-width: 150px) 100vw, 150px\" \/>\n\t\t\t<\/dt><\/dl>\n\t\t\t<br style='clear: both' \/>\n\t\t<\/div>\n\n<p style=\"text-align: justify;\">Bestens durchgew\u00e4rmt und entspannt schlendern wir anschlie\u00dfend nach Porto Pi. Wir kehren in einer der zahlreichen Kneipen ein und lassen den Abend bei einem Mojito ausklingen. Satt und zufrieden beenden wir den ersten Urlaubstag.<\/p>\n<h3 style=\"text-align: justify;\"><strong>Hotel mit ganzheitlichem Wellness Ansatz<\/strong><\/h3>\n<p style=\"text-align: justify;\">Der zweite Tag startet f\u00fcr uns wieder im Spa. Genauer gesagt im Fitnessbereich des Hotels. Der ist gut ausgestattet und dank gro\u00dfer Fensterfront mit Blick auf den Garten sehr einladend. Wer mag, kann sogar einen Personal Trainer buchen oder beim Yoga-, Pilates- oder Zumbakurs mitmachen. \u201eDas umfassende Fitnessangebot ist Teil unserer Spa-Philosophie\u201c, erkl\u00e4rt mir Spa Managerin Catherine Callan. Das \u201eH\u201c im HSPA steht f\u00fcr \u201ehollistic health\u201c, also einem ganzheitlichen Gesundheitsansatz, der neben Entspannung auch Bewegung beinhaltet. Deshalb bietet das Hotel auch mehrt\u00e4gige Wellness-Packages an, um nicht nur den K\u00f6rper, sondern auch den Geist langfristig zur Ruhe kommen zu lassen. Callan: \u201eUnsere Angebote sind dabei saisonal angepasst. Jetzt im Winter liegt der Fokus auf Detox, im Fr\u00fchling widmen wir uns einem sommerfrischen Gesichts-Teint.\u201c Wir entscheiden uns, vom Sport ausgepowert, f\u00fcr ein Detox-Treatment und sind nach einem reinigenden Bad mit Algen-Zus\u00e4tzen reif f\u00fcr eine Siesta. Schlie\u00dflich warten nachmittags noch vier Saunen auf uns &#8230;<\/p>\n<div id='gallery-2' class='gallery galleryid-8009 gallery-columns-3 gallery-size-medium'><dl class='gallery-item'>\n\t\t\t<dt class='gallery-icon landscape'>\n\t\t\t\t<img loading=\"lazy\" decoding=\"async\" width=\"300\" height=\"225\" src=\"https:\/\/blog.olimar.de\/wp-content\/uploads\/2017\/02\/HSPA-Spa-Valparaiso-Mallorca-300x225.jpg\" class=\"attachment-medium size-medium\" alt=\"HSPA SPA Mallorca Wellnessurlaub\" srcset=\"https:\/\/blog.olimar.de\/wp-content\/uploads\/2017\/02\/HSPA-Spa-Valparaiso-Mallorca-300x225.jpg 300w, https:\/\/blog.olimar.de\/wp-content\/uploads\/2017\/02\/HSPA-Spa-Valparaiso-Mallorca-768x576.jpg 768w, https:\/\/blog.olimar.de\/wp-content\/uploads\/2017\/02\/HSPA-Spa-Valparaiso-Mallorca-1024x768.jpg 1024w\" sizes=\"auto, (max-width: 300px) 100vw, 300px\" \/>\n\t\t\t<\/dt><\/dl><dl class='gallery-item'>\n\t\t\t<dt class='gallery-icon portrait'>\n\t\t\t\t<img loading=\"lazy\" decoding=\"async\" width=\"225\" height=\"300\" src=\"https:\/\/blog.olimar.de\/wp-content\/uploads\/2017\/02\/Details-Spa-Valparaiso-Mallorca-225x300.jpg\" class=\"attachment-medium size-medium\" alt=\"Details Wellness Spa Valparaiso Mallorca\" srcset=\"https:\/\/blog.olimar.de\/wp-content\/uploads\/2017\/02\/Details-Spa-Valparaiso-Mallorca-225x300.jpg 225w, https:\/\/blog.olimar.de\/wp-content\/uploads\/2017\/02\/Details-Spa-Valparaiso-Mallorca-768x1024.jpg 768w, https:\/\/blog.olimar.de\/wp-content\/uploads\/2017\/02\/Details-Spa-Valparaiso-Mallorca-420x560.jpg 420w\" sizes=\"auto, (max-width: 225px) 100vw, 225px\" \/>\n\t\t\t<\/dt><\/dl>\n\t\t\t<br style='clear: both' \/>\n\t\t<\/div>\n\n<h3 style=\"text-align: justify;\"><strong>Raus aufs Land &#8211; Mallorcas Westen<\/strong><\/h3>\n<p style=\"text-align: justify;\">Nach zwei Tagen Sport, schwimmen und Sauna zieht es uns am letzten Urlaubstag raus. Die Sonne scheint und mit knapp 20 Grad ist es sogar warm genug, endlich wieder ohne Jacke rumzulaufen. Mit dem Mietwagen fahren wir \u00fcber die Ma1110 nach Valdemossa und von dem urigen Bergdorf \u00fcber die kurvenreiche Ma10 weiter nach De\u00eda, Soll\u00e9r und Port de Soll\u00e9r. Dort genie\u00dfen wir einen Vorgeschmack auf den Sommer, so herrlich w\u00e4rmen die Sonnenstrahlen in der gesch\u00fctzten Bucht. Bei einem kleinen Abstecher auf der Ma10 Richtung Banyalbufar entdecken wir rechter Hand einen Aussichtsturm. Vom Puig de Sa Moneda hat man einen tollen Blick \u00fcber die K\u00fcste. Aber Vorsicht: Es gibt beim Hochklettern kein Gel\u00e4nder und der Wind pfeift ganz sch\u00f6n. Wer nicht schwindelfrei ist, bleibt lieber am Boden.<\/p>\n<div id='gallery-3' class='gallery galleryid-8009 gallery-columns-3 gallery-size-medium'><dl class='gallery-item'>\n\t\t\t<dt class='gallery-icon landscape'>\n\t\t\t\t<img loading=\"lazy\" decoding=\"async\" width=\"300\" height=\"225\" src=\"https:\/\/blog.olimar.de\/wp-content\/uploads\/2017\/02\/Bergdorf-Mallorca-300x225.jpg\" class=\"attachment-medium size-medium\" alt=\"Bergdorf Mallorca\" srcset=\"https:\/\/blog.olimar.de\/wp-content\/uploads\/2017\/02\/Bergdorf-Mallorca-300x225.jpg 300w, https:\/\/blog.olimar.de\/wp-content\/uploads\/2017\/02\/Bergdorf-Mallorca-768x576.jpg 768w, https:\/\/blog.olimar.de\/wp-content\/uploads\/2017\/02\/Bergdorf-Mallorca-1024x768.jpg 1024w\" sizes=\"auto, (max-width: 300px) 100vw, 300px\" \/>\n\t\t\t<\/dt><\/dl><dl class='gallery-item'>\n\t\t\t<dt class='gallery-icon portrait'>\n\t\t\t\t<img loading=\"lazy\" decoding=\"async\" width=\"225\" height=\"300\" src=\"https:\/\/blog.olimar.de\/wp-content\/uploads\/2017\/02\/G\u00e4sschen-Bergdorf-Mallorca-225x300.jpg\" class=\"attachment-medium size-medium\" alt=\"G\u00e4sschen Bergdorf Mallorca\" srcset=\"https:\/\/blog.olimar.de\/wp-content\/uploads\/2017\/02\/G\u00e4sschen-Bergdorf-Mallorca-225x300.jpg 225w, https:\/\/blog.olimar.de\/wp-content\/uploads\/2017\/02\/G\u00e4sschen-Bergdorf-Mallorca-768x1024.jpg 768w, https:\/\/blog.olimar.de\/wp-content\/uploads\/2017\/02\/G\u00e4sschen-Bergdorf-Mallorca-420x560.jpg 420w\" sizes=\"auto, (max-width: 225px) 100vw, 225px\" \/>\n\t\t\t<\/dt><\/dl><dl class='gallery-item'>\n\t\t\t<dt class='gallery-icon portrait'>\n\t\t\t\t<img loading=\"lazy\" decoding=\"async\" width=\"225\" height=\"300\" src=\"https:\/\/blog.olimar.de\/wp-content\/uploads\/2017\/02\/Aussichtsturm-Mallorca-225x300.jpg\" class=\"attachment-medium size-medium\" alt=\"Aussichtsturm Mallorca\" srcset=\"https:\/\/blog.olimar.de\/wp-content\/uploads\/2017\/02\/Aussichtsturm-Mallorca-225x300.jpg 225w, https:\/\/blog.olimar.de\/wp-content\/uploads\/2017\/02\/Aussichtsturm-Mallorca-768x1024.jpg 768w, https:\/\/blog.olimar.de\/wp-content\/uploads\/2017\/02\/Aussichtsturm-Mallorca-420x560.jpg 420w\" sizes=\"auto, (max-width: 225px) 100vw, 225px\" \/>\n\t\t\t<\/dt><\/dl><br style=\"clear: both\" \/><dl class='gallery-item'>\n\t\t\t<dt class='gallery-icon portrait'>\n\t\t\t\t<img loading=\"lazy\" decoding=\"async\" width=\"225\" height=\"300\" src=\"https:\/\/blog.olimar.de\/wp-content\/uploads\/2017\/02\/Port-de-Soller-Mallorca-225x300.jpg\" class=\"attachment-medium size-medium\" alt=\"Port de Soller Mallorca\" srcset=\"https:\/\/blog.olimar.de\/wp-content\/uploads\/2017\/02\/Port-de-Soller-Mallorca-225x300.jpg 225w, https:\/\/blog.olimar.de\/wp-content\/uploads\/2017\/02\/Port-de-Soller-Mallorca-768x1024.jpg 768w, https:\/\/blog.olimar.de\/wp-content\/uploads\/2017\/02\/Port-de-Soller-Mallorca-420x560.jpg 420w\" sizes=\"auto, (max-width: 225px) 100vw, 225px\" \/>\n\t\t\t<\/dt><\/dl>\n\t\t\t<br style='clear: both' \/>\n\t\t<\/div>\n\n<p style=\"text-align: justify;\">Den Abend lassen wir wehm\u00fctig im Pool ausklingen, genie\u00dfen ein letztes Mal den Blick aufs n\u00e4chtliche Palma und stellen zufrieden fest: Mission Erholung ist gegl\u00fcckt!<\/p>\n\n\n<div style=\"height:25px\" aria-hidden=\"true\" class=\"wp-block-spacer\"><\/div>\n\n\n\n<div class=\"wp-block-buttons is-layout-flex wp-block-buttons-is-layout-flex\">\n<div class=\"wp-block-button\"><a class=\"wp-block-button__link wp-element-button\" href=\"https:\/\/www.olimar.de\/hotellistung\/\">Jetzt Urlaubsangebote finden und buchen<\/a><\/div>\n<\/div>\n\n\n\n<div style=\"height:100px\" aria-hidden=\"true\" class=\"wp-block-spacer\"><\/div>\n","protected":false},"excerpt":{"rendered":"<p>Einfach mal ein paar Tage nichts tun und bitte kein frostiges Wetter mehr. Aber wo kann man hin, wenn die To-Do-Liste auf der Arbeit nur ein verl\u00e4ngertes Wochenende zul\u00e4sst? In Gedanken gehe ich m\u00f6gliche Reiseziele durch und lande schnell bei der Universall\u00f6sung: Mallorca. Genauer: Wellness auf Mallorca.<\/p>\n","protected":false},"author":19,"featured_media":8020,"comment_status":"open","ping_status":"open","sticky":false,"template":"","format":"standard","meta":{"_crdt_document":"","_lmt_disableupdate":"","_lmt_disable":"","footnotes":""},"categories":[32],"tags":[26,62],"class_list":["post-8009","post","type-post","status-publish","format-standard","has-post-thumbnail","hentry","category-hoteltipps","tag-mallorca","tag-spanien"],"yoast_head":"<!-- This site is optimized with the Yoast SEO plugin v26.9 - https:\/\/yoast.com\/product\/yoast-seo-wordpress\/ -->\n<title>Ein bisschen SPA\u00df muss sein \u2013 Wellness auf Mallorca -<\/title>\n<meta name=\"description\" content=\"F\u00fcr eine Winterauszeit im Februar empfiehlt sich Wellness auf Mallorca. Unsere Autorin hat es in einem der gr\u00f6\u00dften Hotel-Spas Mallorcas getestet.\" \/>\n<meta name=\"robots\" content=\"index, follow, max-snippet:-1, max-image-preview:large, max-video-preview:-1\" \/>\n<link rel=\"canonical\" href=\"https:\/\/blog.olimar.de\/wellness-auf-mallorca\/\" \/>\n<meta property=\"og:locale\" content=\"de_DE\" \/>\n<meta property=\"og:type\" content=\"article\" \/>\n<meta property=\"og:title\" content=\"Ein bisschen SPA\u00df muss sein \u2013 Wellness auf Mallorca -\" \/>\n<meta property=\"og:description\" content=\"F\u00fcr eine Winterauszeit im Februar empfiehlt sich Wellness auf Mallorca. Unsere Autorin hat es in einem der gr\u00f6\u00dften Hotel-Spas Mallorcas getestet.\" \/>\n<meta property=\"og:url\" content=\"https:\/\/blog.olimar.de\/wellness-auf-mallorca\/\" \/>\n<meta property=\"article:publisher\" content=\"https:\/\/www.facebook.com\/OlimarReisen\" \/>\n<meta property=\"article:published_time\" content=\"2017-02-23T12:16:13+00:00\" \/>\n<meta property=\"article:modified_time\" content=\"2024-03-04T11:49:09+00:00\" \/>\n<meta property=\"og:image\" content=\"https:\/\/blog.olimar.de\/wp-content\/uploads\/2017\/02\/Valparaiso-Wellness-Detail.jpg\" \/>\n\t<meta property=\"og:image:width\" content=\"1070\" \/>\n\t<meta property=\"og:image:height\" content=\"613\" \/>\n\t<meta property=\"og:image:type\" content=\"image\/jpeg\" \/>\n<meta name=\"author\" content=\"Roya Piontek\" \/>\n<meta name=\"twitter:label1\" content=\"Verfasst von\" \/>\n\t<meta name=\"twitter:data1\" content=\"Roya Piontek\" \/>\n\t<meta name=\"twitter:label2\" content=\"Gesch\u00e4tzte Lesezeit\" \/>\n\t<meta name=\"twitter:data2\" content=\"5\u00a0Minuten\" \/>\n<script type=\"application\/ld+json\" class=\"yoast-schema-graph\">{\"@context\":\"https:\/\/schema.org\",\"@graph\":[{\"@type\":\"WebPage\",\"@id\":\"https:\/\/blog.olimar.de\/wellness-auf-mallorca\/\",\"url\":\"https:\/\/blog.olimar.de\/wellness-auf-mallorca\/\",\"name\":\"Ein bisschen SPA\u00df muss sein \u2013 Wellness auf Mallorca -\",\"isPartOf\":{\"@id\":\"https:\/\/blog.olimar.de\/#website\"},\"primaryImageOfPage\":{\"@id\":\"https:\/\/blog.olimar.de\/wellness-auf-mallorca\/#primaryimage\"},\"image\":{\"@id\":\"https:\/\/blog.olimar.de\/wellness-auf-mallorca\/#primaryimage\"},\"thumbnailUrl\":\"https:\/\/blog.olimar.de\/wp-content\/uploads\/2017\/02\/Valparaiso-Wellness-Detail.jpg\",\"datePublished\":\"2017-02-23T12:16:13+00:00\",\"dateModified\":\"2024-03-04T11:49:09+00:00\",\"description\":\"F\u00fcr eine Winterauszeit im Februar empfiehlt sich Wellness auf Mallorca. Unsere Autorin hat es in einem der gr\u00f6\u00dften Hotel-Spas Mallorcas getestet.\",\"breadcrumb\":{\"@id\":\"https:\/\/blog.olimar.de\/wellness-auf-mallorca\/#breadcrumb\"},\"inLanguage\":\"de\",\"potentialAction\":[{\"@type\":\"ReadAction\",\"target\":[\"https:\/\/blog.olimar.de\/wellness-auf-mallorca\/\"]}]},{\"@type\":\"ImageObject\",\"inLanguage\":\"de\",\"@id\":\"https:\/\/blog.olimar.de\/wellness-auf-mallorca\/#primaryimage\",\"url\":\"https:\/\/blog.olimar.de\/wp-content\/uploads\/2017\/02\/Valparaiso-Wellness-Detail.jpg\",\"contentUrl\":\"https:\/\/blog.olimar.de\/wp-content\/uploads\/2017\/02\/Valparaiso-Wellness-Detail.jpg\",\"width\":1070,\"height\":613,\"caption\":\"Wellness Hotel Mallorca buchen\"},{\"@type\":\"BreadcrumbList\",\"@id\":\"https:\/\/blog.olimar.de\/wellness-auf-mallorca\/#breadcrumb\",\"itemListElement\":[{\"@type\":\"ListItem\",\"position\":1,\"name\":\"Home\",\"item\":\"https:\/\/blog.olimar.de\/\"},{\"@type\":\"ListItem\",\"position\":2,\"name\":\"Mallorca\",\"item\":\"https:\/\/blog.olimar.de\/tag\/mallorca\/\"},{\"@type\":\"ListItem\",\"position\":3,\"name\":\"Ein bisschen SPA\u00df muss sein \u2013 Wellness auf Mallorca\"}]},{\"@type\":\"WebSite\",\"@id\":\"https:\/\/blog.olimar.de\/#website\",\"url\":\"https:\/\/blog.olimar.de\/\",\"name\":\"OLIMAR.com\",\"description\":\"\",\"publisher\":{\"@id\":\"https:\/\/blog.olimar.de\/#organization\"},\"potentialAction\":[{\"@type\":\"SearchAction\",\"target\":{\"@type\":\"EntryPoint\",\"urlTemplate\":\"https:\/\/blog.olimar.de\/?s={search_term_string}\"},\"query-input\":{\"@type\":\"PropertyValueSpecification\",\"valueRequired\":true,\"valueName\":\"search_term_string\"}}],\"inLanguage\":\"de\"},{\"@type\":\"Organization\",\"@id\":\"https:\/\/blog.olimar.de\/#organization\",\"name\":\"OLIMAR Reisen\",\"url\":\"https:\/\/blog.olimar.de\/\",\"logo\":{\"@type\":\"ImageObject\",\"inLanguage\":\"de\",\"@id\":\"https:\/\/blog.olimar.de\/#\/schema\/logo\/image\/\",\"url\":\"https:\/\/blog.olimar.de\/wp-content\/uploads\/2021\/01\/OLIMAR_Logo_COLOR.png\",\"contentUrl\":\"https:\/\/blog.olimar.de\/wp-content\/uploads\/2021\/01\/OLIMAR_Logo_COLOR.png\",\"width\":2000,\"height\":986,\"caption\":\"OLIMAR Reisen\"},\"image\":{\"@id\":\"https:\/\/blog.olimar.de\/#\/schema\/logo\/image\/\"},\"sameAs\":[\"https:\/\/www.facebook.com\/OlimarReisen\",\"https:\/\/x.com\/olimarrreisen\",\"https:\/\/www.instagram.com\/olimarreisen\",\"https:\/\/www.youtube.com\/user\/olimarreisen\"]}]}<\/script>\n<!-- \/ Yoast SEO plugin. -->","yoast_head_json":{"title":"Ein bisschen SPA\u00df muss sein \u2013 Wellness auf Mallorca -","description":"F\u00fcr eine Winterauszeit im Februar empfiehlt sich Wellness auf Mallorca. Unsere Autorin hat es in einem der gr\u00f6\u00dften Hotel-Spas Mallorcas getestet.","robots":{"index":"index","follow":"follow","max-snippet":"max-snippet:-1","max-image-preview":"max-image-preview:large","max-video-preview":"max-video-preview:-1"},"canonical":"https:\/\/blog.olimar.de\/wellness-auf-mallorca\/","og_locale":"de_DE","og_type":"article","og_title":"Ein bisschen SPA\u00df muss sein \u2013 Wellness auf Mallorca -","og_description":"F\u00fcr eine Winterauszeit im Februar empfiehlt sich Wellness auf Mallorca. Unsere Autorin hat es in einem der gr\u00f6\u00dften Hotel-Spas Mallorcas getestet.","og_url":"https:\/\/blog.olimar.de\/wellness-auf-mallorca\/","article_publisher":"https:\/\/www.facebook.com\/OlimarReisen","article_published_time":"2017-02-23T12:16:13+00:00","article_modified_time":"2024-03-04T11:49:09+00:00","og_image":[{"width":1070,"height":613,"url":"https:\/\/blog.olimar.de\/wp-content\/uploads\/2017\/02\/Valparaiso-Wellness-Detail.jpg","type":"image\/jpeg"}],"author":"Roya Piontek","twitter_misc":{"Verfasst von":"Roya Piontek","Gesch\u00e4tzte Lesezeit":"5\u00a0Minuten"},"schema":{"@context":"https:\/\/schema.org","@graph":[{"@type":"WebPage","@id":"https:\/\/blog.olimar.de\/wellness-auf-mallorca\/","url":"https:\/\/blog.olimar.de\/wellness-auf-mallorca\/","name":"Ein bisschen SPA\u00df muss sein \u2013 Wellness auf Mallorca -","isPartOf":{"@id":"https:\/\/blog.olimar.de\/#website"},"primaryImageOfPage":{"@id":"https:\/\/blog.olimar.de\/wellness-auf-mallorca\/#primaryimage"},"image":{"@id":"https:\/\/blog.olimar.de\/wellness-auf-mallorca\/#primaryimage"},"thumbnailUrl":"https:\/\/blog.olimar.de\/wp-content\/uploads\/2017\/02\/Valparaiso-Wellness-Detail.jpg","datePublished":"2017-02-23T12:16:13+00:00","dateModified":"2024-03-04T11:49:09+00:00","description":"F\u00fcr eine Winterauszeit im Februar empfiehlt sich Wellness auf Mallorca. Unsere Autorin hat es in einem der gr\u00f6\u00dften Hotel-Spas Mallorcas getestet.","breadcrumb":{"@id":"https:\/\/blog.olimar.de\/wellness-auf-mallorca\/#breadcrumb"},"inLanguage":"de","potentialAction":[{"@type":"ReadAction","target":["https:\/\/blog.olimar.de\/wellness-auf-mallorca\/"]}]},{"@type":"ImageObject","inLanguage":"de","@id":"https:\/\/blog.olimar.de\/wellness-auf-mallorca\/#primaryimage","url":"https:\/\/blog.olimar.de\/wp-content\/uploads\/2017\/02\/Valparaiso-Wellness-Detail.jpg","contentUrl":"https:\/\/blog.olimar.de\/wp-content\/uploads\/2017\/02\/Valparaiso-Wellness-Detail.jpg","width":1070,"height":613,"caption":"Wellness Hotel Mallorca buchen"},{"@type":"BreadcrumbList","@id":"https:\/\/blog.olimar.de\/wellness-auf-mallorca\/#breadcrumb","itemListElement":[{"@type":"ListItem","position":1,"name":"Home","item":"https:\/\/blog.olimar.de\/"},{"@type":"ListItem","position":2,"name":"Mallorca","item":"https:\/\/blog.olimar.de\/tag\/mallorca\/"},{"@type":"ListItem","position":3,"name":"Ein bisschen SPA\u00df muss sein \u2013 Wellness auf Mallorca"}]},{"@type":"WebSite","@id":"https:\/\/blog.olimar.de\/#website","url":"https:\/\/blog.olimar.de\/","name":"OLIMAR.com","description":"","publisher":{"@id":"https:\/\/blog.olimar.de\/#organization"},"potentialAction":[{"@type":"SearchAction","target":{"@type":"EntryPoint","urlTemplate":"https:\/\/blog.olimar.de\/?s={search_term_string}"},"query-input":{"@type":"PropertyValueSpecification","valueRequired":true,"valueName":"search_term_string"}}],"inLanguage":"de"},{"@type":"Organization","@id":"https:\/\/blog.olimar.de\/#organization","name":"OLIMAR Reisen","url":"https:\/\/blog.olimar.de\/","logo":{"@type":"ImageObject","inLanguage":"de","@id":"https:\/\/blog.olimar.de\/#\/schema\/logo\/image\/","url":"https:\/\/blog.olimar.de\/wp-content\/uploads\/2021\/01\/OLIMAR_Logo_COLOR.png","contentUrl":"https:\/\/blog.olimar.de\/wp-content\/uploads\/2021\/01\/OLIMAR_Logo_COLOR.png","width":2000,"height":986,"caption":"OLIMAR Reisen"},"image":{"@id":"https:\/\/blog.olimar.de\/#\/schema\/logo\/image\/"},"sameAs":["https:\/\/www.facebook.com\/OlimarReisen","https:\/\/x.com\/olimarrreisen","https:\/\/www.instagram.com\/olimarreisen","https:\/\/www.youtube.com\/user\/olimarreisen"]}]}},"modified_by":"Wiebke Fix","jetpack_featured_media_url":"https:\/\/blog.olimar.de\/wp-content\/uploads\/2017\/02\/Valparaiso-Wellness-Detail.jpg","_links":{"self":[{"href":"https:\/\/blog.olimar.de\/wp-json\/wp\/v2\/posts\/8009","targetHints":{"allow":["GET"]}}],"collection":[{"href":"https:\/\/blog.olimar.de\/wp-json\/wp\/v2\/posts"}],"about":[{"href":"https:\/\/blog.olimar.de\/wp-json\/wp\/v2\/types\/post"}],"author":[{"embeddable":true,"href":"https:\/\/blog.olimar.de\/wp-json\/wp\/v2\/users\/19"}],"replies":[{"embeddable":true,"href":"https:\/\/blog.olimar.de\/wp-json\/wp\/v2\/comments?post=8009"}],"version-history":[{"count":22,"href":"https:\/\/blog.olimar.de\/wp-json\/wp\/v2\/posts\/8009\/revisions"}],"predecessor-version":[{"id":27465,"href":"https:\/\/blog.olimar.de\/wp-json\/wp\/v2\/posts\/8009\/revisions\/27465"}],"wp:featuredmedia":[{"embeddable":true,"href":"https:\/\/blog.olimar.de\/wp-json\/wp\/v2\/media\/8020"}],"wp:attachment":[{"href":"https:\/\/blog.olimar.de\/wp-json\/wp\/v2\/media?parent=8009"}],"wp:term":[{"taxonomy":"category","embeddable":true,"href":"https:\/\/blog.olimar.de\/wp-json\/wp\/v2\/categories?post=8009"},{"taxonomy":"post_tag","embeddable":true,"href":"https:\/\/blog.olimar.de\/wp-json\/wp\/v2\/tags?post=8009"}],"curies":[{"name":"wp","href":"https:\/\/api.w.org\/{rel}","templated":true}]}}