{"id":808,"date":"2015-01-02T15:31:01","date_gmt":"2015-01-02T13:31:01","guid":{"rendered":"https:\/\/blog.olimar.de\/?p=808"},"modified":"2022-12-09T16:22:11","modified_gmt":"2022-12-09T15:22:11","slug":"eindruecke-von-extremadura-spanien-pur","status":"publish","type":"post","link":"https:\/\/blog.olimar.de\/eindruecke-von-extremadura-spanien-pur\/","title":{"rendered":"Eindr\u00fccke von Extremadura &#8211; Spanien pur!"},"content":{"rendered":"\n<p><strong>Spanien ist das Lieblingsreiseziel der Deutschen, vor allem nat\u00fcrlich die Balearen aber auch die so unterschiedlichen K\u00fcsten des Festlands. In den letzten Jahren haben sich nun auch die spanischen St\u00e4dte zu Touristenmagneten entwickelt und man fliegt gerne mal f\u00fcr ein verl\u00e4ngertes Wochenende nach <a href=\"https:\/\/www.olimar.de\/spanien\/zentralspanien\/madrid\/\" rel=\"noopener\">Madrid<\/a> oder <a href=\"https:\/\/www.olimar.de\/spanien\/barcelona\/\" rel=\"noopener\">Barcelona<\/a>. Was gibt es also in Spanien noch Neues zu entdecken?<\/strong><\/p>\n\n\n\n<div class=\"wp-block-buttons is-layout-flex wp-block-buttons-is-layout-flex\">\n<div class=\"wp-block-button\"><a class=\"wp-block-button__link wp-element-button\" href=\"https:\/\/www.olimar.de\/spanien\/\">Spanien Reiseangebote und Hoteltipps entdecken<\/a><\/div>\n<\/div>\n\n\n\n<div style=\"height:50px\" aria-hidden=\"true\" class=\"wp-block-spacer\"><\/div>\n\n\n\n<p>Zum Beispiel im Inland, dort wo beim ersten Blick auf die Landkarte gar nichts zu sehen ist, keine K\u00fcste und auch keine Gro\u00dfstadt. <a href=\"https:\/\/www.olimar.de\/spanien\/nordspanien\/\" rel=\"noopener\">Extremadura<\/a>! Vor meiner Reise dorthin wusste ich lediglich, dass die Region d\u00fcnn besiedelt, ziemlich arm und im Sommer sehr hei\u00df ist. Hier liegen allerdings auch 2 bedeutende Weltkulturerbest\u00e4dte \u2013 M\u00e9rida und C\u00e1ceres \u2013 die in der R\u00f6merzeit und w\u00e4hrend der Maurenherrschaft Hauptst\u00e4dte waren und voll von beeindruckenden Baudenkm\u00e4lern sind.<br \/>Kaum war ich nach 3 Stunden Fahrt von Madrid angekommen, war ich begeistert von der warmen Fr\u00fchlingssonne, dem strahlendblauen Himmel und den endlosen gr\u00fcnen Landschaften. Von hier kommen also die guten spanischen Produkte wie Oliven\u00f6l, Wein, Feigen, K\u00e4se und vor allem der bekannte und hochwertige Jam\u00f3n Iberico, in Deutschland auch oft Serranoschinken genannt.<\/p>\n\n\n\n<p>Schon bei der ersten Kostprobe stellte sich Urlaubsfeeling ein. Eine Tapa vom Schinken, dazu ein gutes Glas Rotwein, so genie\u00dft man in Extremadura. Wer sich f\u00fcr Geschichte, Kultur, Natur und Gastronomie des Landes wirklich interessiert, ist hier genau richtig. Die Menschen auf dem Land lieben ihre eichenbestandenen Weidelandschaften, die \u201eDehesas\u201c, auf denen die Iberico-Schweine bis zu Ihrer Schlachtung nur Eicheln fressen und gl\u00fccklich leben d\u00fcrfen. Bei einem Besuch auf so einer Dehesa habe ich viel gelernt, z. B. dass die verschiedenen Nutztiere hier zusammen auf einer Wiese ohne St\u00e4lle, K\u00e4fige und Z\u00e4une gehalten werden. In dieser Landschaft kommt sicher so manchem der Gedanke \u2013 \u201eHier ist die Welt noch in Ordnung\u201c.<br \/>Nach einigen Tagen zwischen Landleben, Kultur und gutem Essen merkt man hier ganz von alleine, was die Einheimischen meinen, wenn sie sagen \u201eExtremadura es un sentimiento\u201c -Extremadura ist ein Gef\u00fchl!<\/p>\n<p>\u00a0<\/p>\n\n\n\n<div class=\"wp-block-buttons is-layout-flex wp-block-buttons-is-layout-flex\"><\/div>\n\n\n\n<figure class=\"wp-block-gallery has-nested-images columns-3 is-cropped wp-block-gallery-1 is-layout-flex wp-block-gallery-is-layout-flex\">\n<figure class=\"wp-block-image size-large\"><img loading=\"lazy\" decoding=\"async\" width=\"1024\" height=\"768\" data-id=\"812\" src=\"https:\/\/blog.olimar.de\/wp-content\/uploads\/2015\/02\/Ausblick_Extremadura-1024x768.jpg\" alt=\"Ausblick Extremadura Urlaub\" class=\"wp-image-812\" srcset=\"https:\/\/blog.olimar.de\/wp-content\/uploads\/2015\/02\/Ausblick_Extremadura.jpg 1024w, https:\/\/blog.olimar.de\/wp-content\/uploads\/2015\/02\/Ausblick_Extremadura-300x225.jpg 300w\" sizes=\"auto, (max-width: 1024px) 100vw, 1024px\" \/><\/figure>\n\n\n\n<figure class=\"wp-block-image size-large\"><img loading=\"lazy\" decoding=\"async\" width=\"768\" height=\"1024\" data-id=\"813\" src=\"https:\/\/blog.olimar.de\/wp-content\/uploads\/2015\/02\/DSCF4486-768x1024-768x1024.jpg\" alt=\"Sehensw\u00fcrdigkeit\" class=\"wp-image-813\" srcset=\"https:\/\/blog.olimar.de\/wp-content\/uploads\/2015\/02\/DSCF4486-768x1024.jpg 768w, https:\/\/blog.olimar.de\/wp-content\/uploads\/2015\/02\/DSCF4486-768x1024-225x300.jpg 225w, https:\/\/blog.olimar.de\/wp-content\/uploads\/2015\/02\/DSCF4486-768x1024-420x560.jpg 420w\" sizes=\"auto, (max-width: 768px) 100vw, 768px\" \/><\/figure>\n\n\n\n<figure class=\"wp-block-image size-large\"><img loading=\"lazy\" decoding=\"async\" width=\"1024\" height=\"768\" data-id=\"814\" src=\"https:\/\/blog.olimar.de\/wp-content\/uploads\/2015\/02\/DSCF4506-1024x768-1024x768.jpg\" alt=\"Sehensw\u00fcrdigkeit\" class=\"wp-image-814\" srcset=\"https:\/\/blog.olimar.de\/wp-content\/uploads\/2015\/02\/DSCF4506-1024x768.jpg 1024w, https:\/\/blog.olimar.de\/wp-content\/uploads\/2015\/02\/DSCF4506-1024x768-300x225.jpg 300w\" sizes=\"auto, (max-width: 1024px) 100vw, 1024px\" \/><\/figure>\n\n\n\n<figure class=\"wp-block-image size-large\"><img loading=\"lazy\" decoding=\"async\" width=\"1024\" height=\"768\" data-id=\"815\" src=\"https:\/\/blog.olimar.de\/wp-content\/uploads\/2015\/02\/Iberico_Schweine_Extremadura1-1024x768.jpg\" alt=\"Iberico Schweine\" class=\"wp-image-815\" srcset=\"https:\/\/blog.olimar.de\/wp-content\/uploads\/2015\/02\/Iberico_Schweine_Extremadura1.jpg 1024w, https:\/\/blog.olimar.de\/wp-content\/uploads\/2015\/02\/Iberico_Schweine_Extremadura1-300x225.jpg 300w\" sizes=\"auto, (max-width: 1024px) 100vw, 1024px\" \/><\/figure>\n\n\n\n<figure class=\"wp-block-image size-large\"><img loading=\"lazy\" decoding=\"async\" width=\"768\" height=\"1024\" data-id=\"816\" src=\"https:\/\/blog.olimar.de\/wp-content\/uploads\/2015\/02\/Serranoschinken_Extremadura-768x1024.jpg\" alt=\"Serrano Schinken Kulinarik Reise\" class=\"wp-image-816\" srcset=\"https:\/\/blog.olimar.de\/wp-content\/uploads\/2015\/02\/Serranoschinken_Extremadura.jpg 768w, https:\/\/blog.olimar.de\/wp-content\/uploads\/2015\/02\/Serranoschinken_Extremadura-225x300.jpg 225w, https:\/\/blog.olimar.de\/wp-content\/uploads\/2015\/02\/Serranoschinken_Extremadura-420x560.jpg 420w\" sizes=\"auto, (max-width: 768px) 100vw, 768px\" \/><\/figure>\n<\/figure>\n\n\n\n<div style=\"height:50px\" aria-hidden=\"true\" class=\"wp-block-spacer\"><\/div>\n\n\n\n<div class=\"wp-block-buttons is-layout-flex wp-block-buttons-is-layout-flex\">\n<div class=\"wp-block-button\"><a class=\"wp-block-button__link wp-element-button\" href=\"https:\/\/www.olimar.de\/hotellistung\/\">Jetzt Urlaubsangebote finden und buchen<\/a><\/div>\n<\/div>\n\n\n\n<div style=\"height:100px\" aria-hidden=\"true\" class=\"wp-block-spacer\"><\/div>\n","protected":false},"excerpt":{"rendered":"<p>Spanien ist das Lieblingsreiseziel der Deutschen, vor allem nat\u00fcrlich die Balearen aber auch die so unterschiedlichen K\u00fcsten des Festlands. In den letzten Jahren haben sich nun auch die spanischen St\u00e4dte zu Touristenmagneten entwickelt und man fliegt gerne mal f\u00fcr ein verl\u00e4ngertes Wochenende nach Madrid oder Barcelona. Was gibt es also in Spanien noch Neues zu entdecken? Zum Beispiel im Inland, dort wo beim ersten Blick auf die Landkarte gar nichts zu sehen ist, keine K\u00fcste und auch keine Gro\u00dfstadt. Extremadura! Vor meiner Reise dorthin wusste ich lediglich, dass die Region d\u00fcnn besiedelt, ziemlich arm und im Sommer sehr hei\u00df ist. Hier &hellip;<\/p>\n","protected":false},"author":9,"featured_media":810,"comment_status":"open","ping_status":"open","sticky":false,"template":"","format":"standard","meta":{"_crdt_document":"","_lmt_disableupdate":"","_lmt_disable":"","footnotes":""},"categories":[31],"tags":[67,62],"class_list":["post-808","post","type-post","status-publish","format-standard","has-post-thumbnail","hentry","category-land-leute","tag-extremadura","tag-spanien"],"yoast_head":"<!-- This site is optimized with the Yoast SEO plugin v26.9 - https:\/\/yoast.com\/product\/yoast-seo-wordpress\/ -->\n<title>Eindr\u00fccke von Extremadura - Spanien pur! | Sonnenseiten<\/title>\n<meta name=\"description\" content=\"Fernab der bekanntesten Reiseziele in Spanien liegt Extremadure im Zentrum des Landes \u2600 Lesen Sie hier, warum diese Region eine Reise wert ist \u2708\" \/>\n<meta name=\"robots\" content=\"index, follow, max-snippet:-1, max-image-preview:large, max-video-preview:-1\" \/>\n<link rel=\"canonical\" href=\"https:\/\/blog.olimar.de\/eindruecke-von-extremadura-spanien-pur\/\" \/>\n<meta property=\"og:locale\" content=\"de_DE\" \/>\n<meta property=\"og:type\" content=\"article\" \/>\n<meta property=\"og:title\" content=\"Eindr\u00fccke von Extremadura - Spanien pur! | Sonnenseiten\" \/>\n<meta property=\"og:description\" content=\"Fernab der bekanntesten Reiseziele in Spanien liegt Extremadure im Zentrum des Landes \u2600 Lesen Sie hier, warum diese Region eine Reise wert ist \u2708\" \/>\n<meta property=\"og:url\" content=\"https:\/\/blog.olimar.de\/eindruecke-von-extremadura-spanien-pur\/\" \/>\n<meta property=\"article:publisher\" content=\"https:\/\/www.facebook.com\/OlimarReisen\" \/>\n<meta property=\"article:published_time\" content=\"2015-01-02T13:31:01+00:00\" \/>\n<meta property=\"article:modified_time\" content=\"2022-12-09T15:22:11+00:00\" \/>\n<meta property=\"og:image\" content=\"https:\/\/blog.olimar.de\/wp-content\/uploads\/2015\/02\/Iberico_Schweine_Extremadura.jpg\" \/>\n\t<meta property=\"og:image:width\" content=\"1024\" \/>\n\t<meta property=\"og:image:height\" content=\"768\" \/>\n\t<meta property=\"og:image:type\" content=\"image\/jpeg\" \/>\n<meta name=\"author\" content=\"OLIMAR Redaktionsteam\" \/>\n<meta name=\"twitter:label1\" content=\"Verfasst von\" \/>\n\t<meta name=\"twitter:data1\" content=\"OLIMAR Redaktionsteam\" \/>\n\t<meta name=\"twitter:label2\" content=\"Gesch\u00e4tzte Lesezeit\" \/>\n\t<meta name=\"twitter:data2\" content=\"3\u00a0Minuten\" \/>\n<script type=\"application\/ld+json\" class=\"yoast-schema-graph\">{\"@context\":\"https:\/\/schema.org\",\"@graph\":[{\"@type\":\"WebPage\",\"@id\":\"https:\/\/blog.olimar.de\/eindruecke-von-extremadura-spanien-pur\/\",\"url\":\"https:\/\/blog.olimar.de\/eindruecke-von-extremadura-spanien-pur\/\",\"name\":\"Eindr\u00fccke von Extremadura - Spanien pur! | Sonnenseiten\",\"isPartOf\":{\"@id\":\"https:\/\/blog.olimar.de\/#website\"},\"primaryImageOfPage\":{\"@id\":\"https:\/\/blog.olimar.de\/eindruecke-von-extremadura-spanien-pur\/#primaryimage\"},\"image\":{\"@id\":\"https:\/\/blog.olimar.de\/eindruecke-von-extremadura-spanien-pur\/#primaryimage\"},\"thumbnailUrl\":\"https:\/\/blog.olimar.de\/wp-content\/uploads\/2015\/02\/Iberico_Schweine_Extremadura.jpg\",\"datePublished\":\"2015-01-02T13:31:01+00:00\",\"dateModified\":\"2022-12-09T15:22:11+00:00\",\"description\":\"Fernab der bekanntesten Reiseziele in Spanien liegt Extremadure im Zentrum des Landes \u2600 Lesen Sie hier, warum diese Region eine Reise wert ist \u2708\",\"breadcrumb\":{\"@id\":\"https:\/\/blog.olimar.de\/eindruecke-von-extremadura-spanien-pur\/#breadcrumb\"},\"inLanguage\":\"de\",\"potentialAction\":[{\"@type\":\"ReadAction\",\"target\":[\"https:\/\/blog.olimar.de\/eindruecke-von-extremadura-spanien-pur\/\"]}]},{\"@type\":\"ImageObject\",\"inLanguage\":\"de\",\"@id\":\"https:\/\/blog.olimar.de\/eindruecke-von-extremadura-spanien-pur\/#primaryimage\",\"url\":\"https:\/\/blog.olimar.de\/wp-content\/uploads\/2015\/02\/Iberico_Schweine_Extremadura.jpg\",\"contentUrl\":\"https:\/\/blog.olimar.de\/wp-content\/uploads\/2015\/02\/Iberico_Schweine_Extremadura.jpg\",\"width\":1024,\"height\":768,\"caption\":\"Iberico Schweine\"},{\"@type\":\"BreadcrumbList\",\"@id\":\"https:\/\/blog.olimar.de\/eindruecke-von-extremadura-spanien-pur\/#breadcrumb\",\"itemListElement\":[{\"@type\":\"ListItem\",\"position\":1,\"name\":\"Home\",\"item\":\"https:\/\/blog.olimar.de\/\"},{\"@type\":\"ListItem\",\"position\":2,\"name\":\"Extremadura\",\"item\":\"https:\/\/blog.olimar.de\/tag\/extremadura\/\"},{\"@type\":\"ListItem\",\"position\":3,\"name\":\"Eindr\u00fccke von Extremadura &#8211; Spanien pur!\"}]},{\"@type\":\"WebSite\",\"@id\":\"https:\/\/blog.olimar.de\/#website\",\"url\":\"https:\/\/blog.olimar.de\/\",\"name\":\"OLIMAR.com\",\"description\":\"\",\"publisher\":{\"@id\":\"https:\/\/blog.olimar.de\/#organization\"},\"potentialAction\":[{\"@type\":\"SearchAction\",\"target\":{\"@type\":\"EntryPoint\",\"urlTemplate\":\"https:\/\/blog.olimar.de\/?s={search_term_string}\"},\"query-input\":{\"@type\":\"PropertyValueSpecification\",\"valueRequired\":true,\"valueName\":\"search_term_string\"}}],\"inLanguage\":\"de\"},{\"@type\":\"Organization\",\"@id\":\"https:\/\/blog.olimar.de\/#organization\",\"name\":\"OLIMAR Reisen\",\"url\":\"https:\/\/blog.olimar.de\/\",\"logo\":{\"@type\":\"ImageObject\",\"inLanguage\":\"de\",\"@id\":\"https:\/\/blog.olimar.de\/#\/schema\/logo\/image\/\",\"url\":\"https:\/\/blog.olimar.de\/wp-content\/uploads\/2021\/01\/OLIMAR_Logo_COLOR.png\",\"contentUrl\":\"https:\/\/blog.olimar.de\/wp-content\/uploads\/2021\/01\/OLIMAR_Logo_COLOR.png\",\"width\":2000,\"height\":986,\"caption\":\"OLIMAR Reisen\"},\"image\":{\"@id\":\"https:\/\/blog.olimar.de\/#\/schema\/logo\/image\/\"},\"sameAs\":[\"https:\/\/www.facebook.com\/OlimarReisen\",\"https:\/\/x.com\/olimarrreisen\",\"https:\/\/www.instagram.com\/olimarreisen\",\"https:\/\/www.youtube.com\/user\/olimarreisen\"]}]}<\/script>\n<!-- \/ Yoast SEO plugin. -->","yoast_head_json":{"title":"Eindr\u00fccke von Extremadura - Spanien pur! | Sonnenseiten","description":"Fernab der bekanntesten Reiseziele in Spanien liegt Extremadure im Zentrum des Landes \u2600 Lesen Sie hier, warum diese Region eine Reise wert ist \u2708","robots":{"index":"index","follow":"follow","max-snippet":"max-snippet:-1","max-image-preview":"max-image-preview:large","max-video-preview":"max-video-preview:-1"},"canonical":"https:\/\/blog.olimar.de\/eindruecke-von-extremadura-spanien-pur\/","og_locale":"de_DE","og_type":"article","og_title":"Eindr\u00fccke von Extremadura - Spanien pur! | Sonnenseiten","og_description":"Fernab der bekanntesten Reiseziele in Spanien liegt Extremadure im Zentrum des Landes \u2600 Lesen Sie hier, warum diese Region eine Reise wert ist \u2708","og_url":"https:\/\/blog.olimar.de\/eindruecke-von-extremadura-spanien-pur\/","article_publisher":"https:\/\/www.facebook.com\/OlimarReisen","article_published_time":"2015-01-02T13:31:01+00:00","article_modified_time":"2022-12-09T15:22:11+00:00","og_image":[{"width":1024,"height":768,"url":"https:\/\/blog.olimar.de\/wp-content\/uploads\/2015\/02\/Iberico_Schweine_Extremadura.jpg","type":"image\/jpeg"}],"author":"OLIMAR Redaktionsteam","twitter_misc":{"Verfasst von":"OLIMAR Redaktionsteam","Gesch\u00e4tzte Lesezeit":"3\u00a0Minuten"},"schema":{"@context":"https:\/\/schema.org","@graph":[{"@type":"WebPage","@id":"https:\/\/blog.olimar.de\/eindruecke-von-extremadura-spanien-pur\/","url":"https:\/\/blog.olimar.de\/eindruecke-von-extremadura-spanien-pur\/","name":"Eindr\u00fccke von Extremadura - Spanien pur! | Sonnenseiten","isPartOf":{"@id":"https:\/\/blog.olimar.de\/#website"},"primaryImageOfPage":{"@id":"https:\/\/blog.olimar.de\/eindruecke-von-extremadura-spanien-pur\/#primaryimage"},"image":{"@id":"https:\/\/blog.olimar.de\/eindruecke-von-extremadura-spanien-pur\/#primaryimage"},"thumbnailUrl":"https:\/\/blog.olimar.de\/wp-content\/uploads\/2015\/02\/Iberico_Schweine_Extremadura.jpg","datePublished":"2015-01-02T13:31:01+00:00","dateModified":"2022-12-09T15:22:11+00:00","description":"Fernab der bekanntesten Reiseziele in Spanien liegt Extremadure im Zentrum des Landes \u2600 Lesen Sie hier, warum diese Region eine Reise wert ist \u2708","breadcrumb":{"@id":"https:\/\/blog.olimar.de\/eindruecke-von-extremadura-spanien-pur\/#breadcrumb"},"inLanguage":"de","potentialAction":[{"@type":"ReadAction","target":["https:\/\/blog.olimar.de\/eindruecke-von-extremadura-spanien-pur\/"]}]},{"@type":"ImageObject","inLanguage":"de","@id":"https:\/\/blog.olimar.de\/eindruecke-von-extremadura-spanien-pur\/#primaryimage","url":"https:\/\/blog.olimar.de\/wp-content\/uploads\/2015\/02\/Iberico_Schweine_Extremadura.jpg","contentUrl":"https:\/\/blog.olimar.de\/wp-content\/uploads\/2015\/02\/Iberico_Schweine_Extremadura.jpg","width":1024,"height":768,"caption":"Iberico Schweine"},{"@type":"BreadcrumbList","@id":"https:\/\/blog.olimar.de\/eindruecke-von-extremadura-spanien-pur\/#breadcrumb","itemListElement":[{"@type":"ListItem","position":1,"name":"Home","item":"https:\/\/blog.olimar.de\/"},{"@type":"ListItem","position":2,"name":"Extremadura","item":"https:\/\/blog.olimar.de\/tag\/extremadura\/"},{"@type":"ListItem","position":3,"name":"Eindr\u00fccke von Extremadura &#8211; Spanien pur!"}]},{"@type":"WebSite","@id":"https:\/\/blog.olimar.de\/#website","url":"https:\/\/blog.olimar.de\/","name":"OLIMAR.com","description":"","publisher":{"@id":"https:\/\/blog.olimar.de\/#organization"},"potentialAction":[{"@type":"SearchAction","target":{"@type":"EntryPoint","urlTemplate":"https:\/\/blog.olimar.de\/?s={search_term_string}"},"query-input":{"@type":"PropertyValueSpecification","valueRequired":true,"valueName":"search_term_string"}}],"inLanguage":"de"},{"@type":"Organization","@id":"https:\/\/blog.olimar.de\/#organization","name":"OLIMAR Reisen","url":"https:\/\/blog.olimar.de\/","logo":{"@type":"ImageObject","inLanguage":"de","@id":"https:\/\/blog.olimar.de\/#\/schema\/logo\/image\/","url":"https:\/\/blog.olimar.de\/wp-content\/uploads\/2021\/01\/OLIMAR_Logo_COLOR.png","contentUrl":"https:\/\/blog.olimar.de\/wp-content\/uploads\/2021\/01\/OLIMAR_Logo_COLOR.png","width":2000,"height":986,"caption":"OLIMAR Reisen"},"image":{"@id":"https:\/\/blog.olimar.de\/#\/schema\/logo\/image\/"},"sameAs":["https:\/\/www.facebook.com\/OlimarReisen","https:\/\/x.com\/olimarrreisen","https:\/\/www.instagram.com\/olimarreisen","https:\/\/www.youtube.com\/user\/olimarreisen"]}]}},"modified_by":"Lena Radermacher","jetpack_featured_media_url":"https:\/\/blog.olimar.de\/wp-content\/uploads\/2015\/02\/Iberico_Schweine_Extremadura.jpg","_links":{"self":[{"href":"https:\/\/blog.olimar.de\/wp-json\/wp\/v2\/posts\/808","targetHints":{"allow":["GET"]}}],"collection":[{"href":"https:\/\/blog.olimar.de\/wp-json\/wp\/v2\/posts"}],"about":[{"href":"https:\/\/blog.olimar.de\/wp-json\/wp\/v2\/types\/post"}],"author":[{"embeddable":true,"href":"https:\/\/blog.olimar.de\/wp-json\/wp\/v2\/users\/9"}],"replies":[{"embeddable":true,"href":"https:\/\/blog.olimar.de\/wp-json\/wp\/v2\/comments?post=808"}],"version-history":[{"count":10,"href":"https:\/\/blog.olimar.de\/wp-json\/wp\/v2\/posts\/808\/revisions"}],"predecessor-version":[{"id":21738,"href":"https:\/\/blog.olimar.de\/wp-json\/wp\/v2\/posts\/808\/revisions\/21738"}],"wp:featuredmedia":[{"embeddable":true,"href":"https:\/\/blog.olimar.de\/wp-json\/wp\/v2\/media\/810"}],"wp:attachment":[{"href":"https:\/\/blog.olimar.de\/wp-json\/wp\/v2\/media?parent=808"}],"wp:term":[{"taxonomy":"category","embeddable":true,"href":"https:\/\/blog.olimar.de\/wp-json\/wp\/v2\/categories?post=808"},{"taxonomy":"post_tag","embeddable":true,"href":"https:\/\/blog.olimar.de\/wp-json\/wp\/v2\/tags?post=808"}],"curies":[{"name":"wp","href":"https:\/\/api.w.org\/{rel}","templated":true}]}}